{"id":964,"date":"2025-02-07T12:00:00","date_gmt":"2025-02-07T11:00:00","guid":{"rendered":"https:\/\/www.infodictat.fr\/blog\/infos-francaises-richard-ferrand-au-conseil-constitutionnel-lhistoire-secrete-dune-nomination-france\/"},"modified":"2025-02-07T12:00:00","modified_gmt":"2025-02-07T11:00:00","slug":"infos-francaises-richard-ferrand-au-conseil-constitutionnel-lhistoire-secrete-dune-nomination-france","status":"publish","type":"post","link":"https:\/\/www.infodictat.fr\/blog\/infos-francaises-richard-ferrand-au-conseil-constitutionnel-lhistoire-secrete-dune-nomination-france\/","title":{"rendered":"Infos fran\u00e7aises: Richard Ferrand au Conseil constitutionnel\u00a0: l\u2019histoire secr\u00e8te d\u2019une nomination #France"},"content":{"rendered":"<div><img width=\"580\" height=\"387\" src=\"https:\/\/www.infodictat.fr\/blog\/wp-content\/uploads\/2025\/02\/Infos-francaises-Richard-Ferrand-au-Conseil-constitutionnel-lhistoire-secrete-dune-1024x683-1.jpg\" class=\"attachment-large size-large wp-post-image\" alt=\"Infos-francaises-Richard-Ferrand-au-Conseil-constitutionnel-lhistoire-secrete-dune\" style=\"float:left; margin:0 15px 15px 0;\" decoding=\"async\" srcset=\"https:\/\/www.infodictat.fr\/blog\/wp-content\/uploads\/2025\/02\/Infos-francaises-Richard-Ferrand-au-Conseil-constitutionnel-lhistoire-secrete-dune-1024x683-1.jpg 1024w, https:\/\/www.site.cdcl.xyz\/wp-content\/uploads\/2025\/02\/Infos-francaises-Richard-Ferrand-au-Conseil-constitutionnel-lhistoire-secrete-dune-300x200.jpg 300w, https:\/\/www.site.cdcl.xyz\/wp-content\/uploads\/2025\/02\/Infos-francaises-Richard-Ferrand-au-Conseil-constitutionnel-lhistoire-secrete-dune-768x512.jpg 768w, https:\/\/www.site.cdcl.xyz\/wp-content\/uploads\/2025\/02\/Infos-francaises-Richard-Ferrand-au-Conseil-constitutionnel-lhistoire-secrete-dune-1200x800.jpg 1200w, https:\/\/www.site.cdcl.xyz\/wp-content\/uploads\/2025\/02\/Infos-francaises-Richard-Ferrand-au-Conseil-constitutionnel-lhistoire-secrete-dune.jpg 1440w\" sizes=\"(max-width: 580px) 100vw, 580px\"><\/p>\n<h1>Richard Ferrand au Conseil constitutionnel\u00a0: l\u2019histoire secr\u00e8te d\u2019une nomination diffus\u00e9 par Le Point \u2013 Politique le <span id=\"datecrea\"><\/span> <\/h1>\n<p>Dans le cadre de notre objectif de vous informer, nous publions ci-dessous un post vu sur le web il y a peu. Le th\u00e8me est \u00abActualit\u00e9 fran\u00e7aise\u00bb.<\/p>\n<h2>\nPubli\u00e9 sur Le Point \u2013 Politique, l\u2019article ci-dessous<\/h2>\n<p><u>Signature  . <\/u><\/p>\n<p><u>Date et heure de la r\u00e9ception de la d\u00e9p\u00e9che sur notre fil d\u2019info:<\/u><strong><span id=\"date\"><\/span><\/strong><\/p>\n<p><u>Date et heure de publication sur internet:<\/u> <strong><span id=\"datecrea\"><\/span><\/strong><\/p>\n<p><u>Titre exacte donn\u00e9 par le journal \u00e9tait:<\/u> <strong>Richard Ferrand au Conseil constitutionnel\u00a0: l\u2019histoire secr\u00e8te d\u2019une nomination<\/strong><\/p>\n<p><u>Information et contenu publi\u00e9s :<\/u><\/p>\n<p><img decoding=\"async\" src=\"https:\/\/www.infodictat.fr\/blog\/wp-content\/uploads\/2025\/02\/Informations-nationales-Richard-Ferrand-au-Conseil-constitutionnel-lhistoire-secrete-dune.jpg\"><\/p>\n<div id=\"contenu\">\n        <!-- include t_www_2023\/pages\/article\/blocs\/tag_pub.tpl --><br \/>\n        <!-- include \/t_www_2023\/pages\/article\/blocs\/tag_pub.tpl --><\/p>\n<p><span class=\"dflt-txt__lettrine\">E<\/span>n bon Breton, Richard Ferrand voit arriver les orages. Dans l\u2019univers macroniste dont il fut l\u2019un des cr\u00e9ateurs, sa r\u00e9putation de personnage contrari\u00e9\u00a0le pr\u00e9c\u00e8de. Il arrive qu\u2019autour du pr\u00e9sident, le \u00ab\u00a0grognard grognon\u00a0\u00bb, tel qu\u2019on le d\u00e9signe, casse l\u2019optimisme un peu b\u00e9at de la jeune garde. Inutile de s\u2019appesantir donc sur la fa\u00e7on dont il a (mal) v\u00e9cu la dissolution. Mis au parfum une poign\u00e9e d\u2019heures avant la fracassante annonce, ce fid\u00e8le parmi les fid\u00e8les a rumin\u00e9 des heures et des heures cette d\u00e9cision. \u00ab\u00a0\u00c0 chaque fois que tu fais une connerie, tu ne m\u2019en parles pas avant\u00a0!\u00a0\u00bb\u00a0s\u2019est-il f\u00e2ch\u00e9. Emmanuel Macron s\u2019en souvient\u00a0sans doute encore. Mais Richard Ferrand n\u2019en a rien dit\u00a0publiquement, ne manquant jamais \u00e0 sa loyaut\u00e9 vis-\u00e0-vis du chef de l\u2019\u00c9tat.<\/p>\n<section class=\"mbl txtcenter\"><\/section>\n<p>L\u2019ancien parlementaire du Finis\u2026<\/p>\n<p><!-- include t_www_2023\/pages\/article\/blocs\/bloc-encadre.tpl --><br \/>\n<!-- include \/t_www_2023\/pages\/article\/blocs\/bloc-encadre.tpl --><\/p>\n<aside id=\"article-reserve-aux-abonnes\" class=\"paywall\">\n<div class=\"paywall-content\">\n<p>Toute l\u2019actualit\u00e9 \u00e0 1\u20ac le premier mois<\/p>\n<p>S\u2019abonner<\/p>\n<p><span>ou<\/span><\/p>\n<p><button class=\"swg-standard-button\" id=\"swg-btn-maison\" role=\"button\" title=\"S'abonner avec Google\" data-gtm=\"click:abo\" data-campaign=\"paywall_maison_swig\"><\/button>\n<\/p>\n<\/div>\n<\/aside>\n<div id=\"newsletter\" class=\"bloc-1 title-top\">\n<span class=\"h2\">La newsletter politique<\/span><\/p>\n<div class=\"step-1\">\n<p class=\"period\">Tous les lundis \u00e0 11h30<\/p>\n<p>Recevez en avant-premi\u00e8re les informations et analyses politiques de la r\u00e9daction du Point.<\/p>\n<\/div>\n<div class=\"step-2\">\n<p>Merci !<br \/>Votre inscription a bien \u00e9t\u00e9 prise en compte avec l\u2019adresse email :<br \/><span class=\"email-sended\"><\/span><\/p>\n<p>Pour d\u00e9couvrir toutes nos autres newsletters, rendez-vous ici : MonCompte<\/p>\n<\/div>\n<p>En vous inscrivant, vous acceptez les conditions g\u00e9n\u00e9rales d\u2019utilisations et notre politique de confidentialit\u00e9.<\/p>\n<\/div>\n<\/div>\n<p> <img decoding=\"async\" src=\"https:\/\/www.infodictat.fr\/blog\/wp-content\/uploads\/2025\/02\/Informations-nationales-Richard-Ferrand-au-Conseil-constitutionnel-lhistoire-secrete-dune.jpg\" alt=\"Richard Ferrand au Conseil constitutionnel\u00a0: l\u2019histoire secr\u00e8te d\u2019une nomination\"><\/p>\n<p>#Richard #Ferrand #Conseil #constitutionnel #lhistoire #secr\u00e8te #dune #nomination<\/p>\n<p>Reprise de l\u2019information dans un style journalistique professionnel descriptif en organisant les id\u00e9es dans un ordre coh\u00e9rent avec titres html <\/p>\n<p>Bibliographie :<\/p>\n<p>Droit fiscal\/Le paiement de l\u2019IS.,<a href=\"https:\/\/fr.wikibooks.org\/wiki\/Droit_fiscal\/Le_paiement_de_l%E2%80%99IS\" target=\"_blank\" rel=\"noopener noreferrer nofollow\">Pr\u00e9sentation du livre<\/a><span><\/span>. Disponible dans toutes les bonnes de l\u2019\u00e9diteurs.<\/p>\n<p>La France tranquille.,<a href=\"https:\/\/www.kobo.com\/fr\/fr\/ebook\/la-france-tranquille\" target=\"_blank\" rel=\"noopener noreferrer nofollow\">Infos sur l\u2019ouvrage<\/a><span><\/span>.<\/p>\n<p>Pr\u00e9paration au certificat d\u2019op\u00e9rateur du service amateur\/\u00c0 propos de ce livre.,<a href=\"https:\/\/fr.wikibooks.org\/wiki\/Pr%C3%A9paration_au_certificat_d%27op%C3%A9rateur_du_service_amateur\/%C3%80_propos_de_ce_livre\" target=\"_blank\" rel=\"noopener noreferrer nofollow\">Fiche de l\u2019\u00e9diteur<\/a><span><\/span>. Disponible \u00e0 CULTURA.<\/p>\n<p><script>\nvar date = \"Non r\u00e9cup\u00e9r\u00e9es\";\n        \/\/ Valeur de timestamp\n        var timestampString = 1738935051; \/\/ Assurez-vous que le timestamp est une cha\u00eene de texte\n        \/\/ Convertir la cha\u00eene de texte en nombre entier (timestamp)\n        var timestamp = parseInt(timestampString);\n        \/\/ Cr\u00e9er un objet Date \u00e0 partir du timestamp\n        var dateObject = new Date(timestamp * 1000); \/\/ Le timestamp est en secondes, donc on le multiplie par 1000 pour obtenir les millisecondes\n        \/\/ Format de date personnalis\u00e9\n        var options = { weekday: 'long', year: 'numeric', month: 'long', day: 'numeric', hour: 'numeric', minute: 'numeric', second: 'numeric', timeZone: 'Europe\/Paris' };\n        var formattedDate = dateObject.toLocaleDateString('fr-FR', options);\n formattedDate = formattedDate.replace(\/^.\/, formattedDate[0].toUpperCase());\n        \/\/ Afficher la date dans le HTML\n        document.getElementById('date').textContent = formattedDate;\n    <\/script><\/p>\n<p><script>\nvar datecrea = \"Non r\u00e9cup\u00e9r\u00e9e\";\n        \/\/ Date et heure au format \"2008-06-15 18:02:58\"\n        var dateString = \"2025-02-07 12:00:00\";\n        \/\/ Convertir la cha\u00eene de texte en objet Date\n        var now = new Date(dateString);\n        \/\/ Format de date personnalis\u00e9\n        var options = { weekday: 'long', year: 'numeric', month: 'long', day: 'numeric', hour: 'numeric', minute: 'numeric', second: 'numeric', timeZone: 'Europe\/Paris' };\n        var formattedDate = now.toLocaleDateString('fr-FR', options);\n formattedDate = formattedDate.replace(\/^.\/, formattedDate[0].toUpperCase());\n        \/\/ Afficher la date dans le HTML\n        document.getElementById('datecrea').textContent = formattedDate;\n    <\/script><\/p>\n<\/div>\n<p><img decoding=\"async\" class=\"wpe_imgrss\" src=\"https:\/\/www.infodictat.fr\/blog\/wp-content\/uploads\/2025\/02\/Infos-francaises-Richard-Ferrand-au-Conseil-constitutionnel-lhistoire-secrete-dune-1024x683-1.jpg\">Vous pouvez lire ce post traitant le sujet \u00ab\u00a0La dictature num\u00e9rique\u00a0\u00bb. Il est produit par la r\u00e9daction de infodictat.fr. Le site infodictat.fr a pour objectif de publier plusieurs articles autour du sujet La dictature num\u00e9rique d\u00e9velopp\u00e9es sur le web. Cette chronique se veut g\u00e9n\u00e9r\u00e9e de la fa\u00e7on la plus juste qui soit. Pour \u00e9mettre des remarques sur ce dossier autour du sujet \u00ab\u00a0La dictature num\u00e9rique\u00a0\u00bb prenez les contacts indiqu\u00e9s sur notre site internet. En consultant r\u00e9guli\u00e8rement nos contenus de blog vous serez au courant des futures parutions.<\/p>\n","protected":false},"excerpt":{"rendered":"<p>Richard Ferrand au Conseil constitutionnel\u00a0: l\u2019histoire secr\u00e8te d\u2019une nomination diffus\u00e9 par Le Point \u2013 Politique le Dans le cadre de notre objectif de vous informer, nous publions ci-dessous un post vu sur le web il y a peu. Le th\u00e8me est \u00abActualit\u00e9 fran\u00e7aise\u00bb. Publi\u00e9 sur Le Point \u2013 Politique, l\u2019article ci-dessous Signature . Date et &#8230; <a title=\"Infos fran\u00e7aises: Richard Ferrand au Conseil constitutionnel\u00a0: l\u2019histoire secr\u00e8te d\u2019une nomination #France\" class=\"read-more\" href=\"https:\/\/www.infodictat.fr\/blog\/infos-francaises-richard-ferrand-au-conseil-constitutionnel-lhistoire-secrete-dune-nomination-france\/\" aria-label=\"En savoir plus sur Infos fran\u00e7aises: Richard Ferrand au Conseil constitutionnel\u00a0: l\u2019histoire secr\u00e8te d\u2019une nomination #France\">Lire la suite<\/a><\/p>\n","protected":false},"author":2,"featured_media":965,"comment_status":"closed","ping_status":"closed","sticky":false,"template":"","format":"standard","meta":{"footnotes":""},"categories":[2],"tags":[],"class_list":["post-964","post","type-post","status-publish","format-standard","has-post-thumbnail","hentry","category-la-dictature-numerique"],"yoast_head":"<!-- This site is optimized with the Yoast SEO plugin v27.5 - https:\/\/yoast.com\/product\/yoast-seo-wordpress\/ -->\n<title>Infos fran\u00e7aises: Richard Ferrand au Conseil constitutionnel\u00a0: l\u2019histoire secr\u00e8te d\u2019une nomination #France - INFODICTAT<\/title>\n<meta name=\"robots\" content=\"index, follow, max-snippet:-1, max-image-preview:large, max-video-preview:-1\" \/>\n<link rel=\"canonical\" href=\"https:\/\/www.infodictat.fr\/blog\/infos-francaises-richard-ferrand-au-conseil-constitutionnel-lhistoire-secrete-dune-nomination-france\/\" \/>\n<meta property=\"og:locale\" content=\"fr_FR\" \/>\n<meta property=\"og:type\" content=\"article\" \/>\n<meta property=\"og:title\" content=\"Infos fran\u00e7aises: Richard Ferrand au Conseil constitutionnel\u00a0: l\u2019histoire secr\u00e8te d\u2019une nomination #France - INFODICTAT\" \/>\n<meta property=\"og:description\" content=\"Richard Ferrand au Conseil constitutionnel\u00a0: l\u2019histoire secr\u00e8te d\u2019une nomination diffus\u00e9 par Le Point \u2013 Politique le Dans le cadre de notre objectif de vous informer, nous publions ci-dessous un post vu sur le web il y a peu. Le th\u00e8me est \u00abActualit\u00e9 fran\u00e7aise\u00bb. Publi\u00e9 sur Le Point \u2013 Politique, l\u2019article ci-dessous Signature . Date et ... Lire la suite\" \/>\n<meta property=\"og:url\" content=\"https:\/\/www.infodictat.fr\/blog\/infos-francaises-richard-ferrand-au-conseil-constitutionnel-lhistoire-secrete-dune-nomination-france\/\" \/>\n<meta property=\"og:site_name\" content=\"INFODICTAT\" \/>\n<meta property=\"article:published_time\" content=\"2025-02-07T11:00:00+00:00\" \/>\n<meta property=\"og:image\" content=\"https:\/\/www.infodictat.fr\/blog\/wp-content\/uploads\/2025\/02\/Infos-francaises-Richard-Ferrand-au-Conseil-constitutionnel-lhistoire-secrete-dune-1024x683-1.jpg\" \/>\n<meta name=\"author\" content=\"Oscar BETHMONT\" \/>\n<meta name=\"twitter:card\" content=\"summary_large_image\" \/>\n<meta name=\"twitter:label1\" content=\"\u00c9crit par\" \/>\n\t<meta name=\"twitter:data1\" content=\"Oscar BETHMONT\" \/>\n\t<meta name=\"twitter:label2\" content=\"Dur\u00e9e de lecture estim\u00e9e\" \/>\n\t<meta name=\"twitter:data2\" content=\"3 minutes\" \/>\n<script type=\"application\/ld+json\" class=\"yoast-schema-graph\">{\"@context\":\"https:\\\/\\\/schema.org\",\"@graph\":[{\"@type\":\"Article\",\"@id\":\"https:\\\/\\\/www.infodictat.fr\\\/blog\\\/infos-francaises-richard-ferrand-au-conseil-constitutionnel-lhistoire-secrete-dune-nomination-france\\\/#article\",\"isPartOf\":{\"@id\":\"https:\\\/\\\/www.infodictat.fr\\\/blog\\\/infos-francaises-richard-ferrand-au-conseil-constitutionnel-lhistoire-secrete-dune-nomination-france\\\/\"},\"author\":{\"name\":\"Oscar BETHMONT\",\"@id\":\"https:\\\/\\\/www.infodictat.fr\\\/blog\\\/#\\\/schema\\\/person\\\/6c2c8af0941702348e8eca9144cc1267\"},\"headline\":\"Infos fran\u00e7aises: Richard Ferrand au Conseil constitutionnel\u00a0: l\u2019histoire secr\u00e8te d\u2019une nomination #France\",\"datePublished\":\"2025-02-07T11:00:00+00:00\",\"mainEntityOfPage\":{\"@id\":\"https:\\\/\\\/www.infodictat.fr\\\/blog\\\/infos-francaises-richard-ferrand-au-conseil-constitutionnel-lhistoire-secrete-dune-nomination-france\\\/\"},\"wordCount\":528,\"publisher\":{\"@id\":\"https:\\\/\\\/www.infodictat.fr\\\/blog\\\/#organization\"},\"image\":{\"@id\":\"https:\\\/\\\/www.infodictat.fr\\\/blog\\\/infos-francaises-richard-ferrand-au-conseil-constitutionnel-lhistoire-secrete-dune-nomination-france\\\/#primaryimage\"},\"thumbnailUrl\":\"https:\\\/\\\/www.infodictat.fr\\\/blog\\\/wp-content\\\/uploads\\\/2025\\\/02\\\/Infos-francaises-Richard-Ferrand-au-Conseil-constitutionnel-lhistoire-secrete-dune-1024x683-1.jpg\",\"articleSection\":[\"La Dictature Num\u00e9rique:\"],\"inLanguage\":\"fr-FR\"},{\"@type\":\"WebPage\",\"@id\":\"https:\\\/\\\/www.infodictat.fr\\\/blog\\\/infos-francaises-richard-ferrand-au-conseil-constitutionnel-lhistoire-secrete-dune-nomination-france\\\/\",\"url\":\"https:\\\/\\\/www.infodictat.fr\\\/blog\\\/infos-francaises-richard-ferrand-au-conseil-constitutionnel-lhistoire-secrete-dune-nomination-france\\\/\",\"name\":\"Infos fran\u00e7aises: Richard Ferrand au Conseil constitutionnel\u00a0: l\u2019histoire secr\u00e8te d\u2019une nomination #France - INFODICTAT\",\"isPartOf\":{\"@id\":\"https:\\\/\\\/www.infodictat.fr\\\/blog\\\/#website\"},\"primaryImageOfPage\":{\"@id\":\"https:\\\/\\\/www.infodictat.fr\\\/blog\\\/infos-francaises-richard-ferrand-au-conseil-constitutionnel-lhistoire-secrete-dune-nomination-france\\\/#primaryimage\"},\"image\":{\"@id\":\"https:\\\/\\\/www.infodictat.fr\\\/blog\\\/infos-francaises-richard-ferrand-au-conseil-constitutionnel-lhistoire-secrete-dune-nomination-france\\\/#primaryimage\"},\"thumbnailUrl\":\"https:\\\/\\\/www.infodictat.fr\\\/blog\\\/wp-content\\\/uploads\\\/2025\\\/02\\\/Infos-francaises-Richard-Ferrand-au-Conseil-constitutionnel-lhistoire-secrete-dune-1024x683-1.jpg\",\"datePublished\":\"2025-02-07T11:00:00+00:00\",\"breadcrumb\":{\"@id\":\"https:\\\/\\\/www.infodictat.fr\\\/blog\\\/infos-francaises-richard-ferrand-au-conseil-constitutionnel-lhistoire-secrete-dune-nomination-france\\\/#breadcrumb\"},\"inLanguage\":\"fr-FR\",\"potentialAction\":[{\"@type\":\"ReadAction\",\"target\":[\"https:\\\/\\\/www.infodictat.fr\\\/blog\\\/infos-francaises-richard-ferrand-au-conseil-constitutionnel-lhistoire-secrete-dune-nomination-france\\\/\"]}]},{\"@type\":\"ImageObject\",\"inLanguage\":\"fr-FR\",\"@id\":\"https:\\\/\\\/www.infodictat.fr\\\/blog\\\/infos-francaises-richard-ferrand-au-conseil-constitutionnel-lhistoire-secrete-dune-nomination-france\\\/#primaryimage\",\"url\":\"https:\\\/\\\/www.infodictat.fr\\\/blog\\\/wp-content\\\/uploads\\\/2025\\\/02\\\/Infos-francaises-Richard-Ferrand-au-Conseil-constitutionnel-lhistoire-secrete-dune-1024x683-1.jpg\",\"contentUrl\":\"https:\\\/\\\/www.infodictat.fr\\\/blog\\\/wp-content\\\/uploads\\\/2025\\\/02\\\/Infos-francaises-Richard-Ferrand-au-Conseil-constitutionnel-lhistoire-secrete-dune-1024x683-1.jpg\",\"width\":1024,\"height\":683},{\"@type\":\"BreadcrumbList\",\"@id\":\"https:\\\/\\\/www.infodictat.fr\\\/blog\\\/infos-francaises-richard-ferrand-au-conseil-constitutionnel-lhistoire-secrete-dune-nomination-france\\\/#breadcrumb\",\"itemListElement\":[{\"@type\":\"ListItem\",\"position\":1,\"name\":\"Accueil\",\"item\":\"https:\\\/\\\/www.infodictat.fr\\\/blog\\\/\"},{\"@type\":\"ListItem\",\"position\":2,\"name\":\"Infos fran\u00e7aises: Richard Ferrand au Conseil constitutionnel\u00a0: l\u2019histoire secr\u00e8te d\u2019une nomination #France\"}]},{\"@type\":\"WebSite\",\"@id\":\"https:\\\/\\\/www.infodictat.fr\\\/blog\\\/#website\",\"url\":\"https:\\\/\\\/www.infodictat.fr\\\/blog\\\/\",\"name\":\"INFODICTAT\",\"description\":\"La dictature num\u00e9rique.\",\"publisher\":{\"@id\":\"https:\\\/\\\/www.infodictat.fr\\\/blog\\\/#organization\"},\"potentialAction\":[{\"@type\":\"SearchAction\",\"target\":{\"@type\":\"EntryPoint\",\"urlTemplate\":\"https:\\\/\\\/www.infodictat.fr\\\/blog\\\/?s={search_term_string}\"},\"query-input\":{\"@type\":\"PropertyValueSpecification\",\"valueRequired\":true,\"valueName\":\"search_term_string\"}}],\"inLanguage\":\"fr-FR\"},{\"@type\":\"Organization\",\"@id\":\"https:\\\/\\\/www.infodictat.fr\\\/blog\\\/#organization\",\"name\":\"infodictat\",\"url\":\"https:\\\/\\\/www.infodictat.fr\\\/blog\\\/\",\"logo\":{\"@type\":\"ImageObject\",\"inLanguage\":\"fr-FR\",\"@id\":\"https:\\\/\\\/www.infodictat.fr\\\/blog\\\/#\\\/schema\\\/logo\\\/image\\\/\",\"url\":\"https:\\\/\\\/www.infodictat.fr\\\/blog\\\/wp-content\\\/uploads\\\/2023\\\/05\\\/logo-2.png\",\"contentUrl\":\"https:\\\/\\\/www.infodictat.fr\\\/blog\\\/wp-content\\\/uploads\\\/2023\\\/05\\\/logo-2.png\",\"width\":480,\"height\":596,\"caption\":\"infodictat\"},\"image\":{\"@id\":\"https:\\\/\\\/www.infodictat.fr\\\/blog\\\/#\\\/schema\\\/logo\\\/image\\\/\"}},{\"@type\":\"Person\",\"@id\":\"https:\\\/\\\/www.infodictat.fr\\\/blog\\\/#\\\/schema\\\/person\\\/6c2c8af0941702348e8eca9144cc1267\",\"name\":\"Oscar BETHMONT\",\"image\":{\"@type\":\"ImageObject\",\"inLanguage\":\"fr-FR\",\"@id\":\"https:\\\/\\\/secure.gravatar.com\\\/avatar\\\/f80ff32d67d40b919e8be190b7325be3c6cb33ce305ac1d45cadad29128e831e?s=96&d=mm&r=g\",\"url\":\"https:\\\/\\\/secure.gravatar.com\\\/avatar\\\/f80ff32d67d40b919e8be190b7325be3c6cb33ce305ac1d45cadad29128e831e?s=96&d=mm&r=g\",\"contentUrl\":\"https:\\\/\\\/secure.gravatar.com\\\/avatar\\\/f80ff32d67d40b919e8be190b7325be3c6cb33ce305ac1d45cadad29128e831e?s=96&d=mm&r=g\",\"caption\":\"Oscar BETHMONT\"},\"url\":\"https:\\\/\\\/www.infodictat.fr\\\/blog\\\/author\\\/tatoscar\\\/\"}]}<\/script>\n<!-- \/ Yoast SEO plugin. -->","yoast_head_json":{"title":"Infos fran\u00e7aises: Richard Ferrand au Conseil constitutionnel\u00a0: l\u2019histoire secr\u00e8te d\u2019une nomination #France - INFODICTAT","robots":{"index":"index","follow":"follow","max-snippet":"max-snippet:-1","max-image-preview":"max-image-preview:large","max-video-preview":"max-video-preview:-1"},"canonical":"https:\/\/www.infodictat.fr\/blog\/infos-francaises-richard-ferrand-au-conseil-constitutionnel-lhistoire-secrete-dune-nomination-france\/","og_locale":"fr_FR","og_type":"article","og_title":"Infos fran\u00e7aises: Richard Ferrand au Conseil constitutionnel\u00a0: l\u2019histoire secr\u00e8te d\u2019une nomination #France - INFODICTAT","og_description":"Richard Ferrand au Conseil constitutionnel\u00a0: l\u2019histoire secr\u00e8te d\u2019une nomination diffus\u00e9 par Le Point \u2013 Politique le Dans le cadre de notre objectif de vous informer, nous publions ci-dessous un post vu sur le web il y a peu. Le th\u00e8me est \u00abActualit\u00e9 fran\u00e7aise\u00bb. Publi\u00e9 sur Le Point \u2013 Politique, l\u2019article ci-dessous Signature . Date et ... Lire la suite","og_url":"https:\/\/www.infodictat.fr\/blog\/infos-francaises-richard-ferrand-au-conseil-constitutionnel-lhistoire-secrete-dune-nomination-france\/","og_site_name":"INFODICTAT","article_published_time":"2025-02-07T11:00:00+00:00","og_image":[{"url":"https:\/\/www.infodictat.fr\/blog\/wp-content\/uploads\/2025\/02\/Infos-francaises-Richard-Ferrand-au-Conseil-constitutionnel-lhistoire-secrete-dune-1024x683-1.jpg","type":"","width":"","height":""}],"author":"Oscar BETHMONT","twitter_card":"summary_large_image","twitter_misc":{"\u00c9crit par":"Oscar BETHMONT","Dur\u00e9e de lecture estim\u00e9e":"3 minutes"},"schema":{"@context":"https:\/\/schema.org","@graph":[{"@type":"Article","@id":"https:\/\/www.infodictat.fr\/blog\/infos-francaises-richard-ferrand-au-conseil-constitutionnel-lhistoire-secrete-dune-nomination-france\/#article","isPartOf":{"@id":"https:\/\/www.infodictat.fr\/blog\/infos-francaises-richard-ferrand-au-conseil-constitutionnel-lhistoire-secrete-dune-nomination-france\/"},"author":{"name":"Oscar BETHMONT","@id":"https:\/\/www.infodictat.fr\/blog\/#\/schema\/person\/6c2c8af0941702348e8eca9144cc1267"},"headline":"Infos fran\u00e7aises: Richard Ferrand au Conseil constitutionnel\u00a0: l\u2019histoire secr\u00e8te d\u2019une nomination #France","datePublished":"2025-02-07T11:00:00+00:00","mainEntityOfPage":{"@id":"https:\/\/www.infodictat.fr\/blog\/infos-francaises-richard-ferrand-au-conseil-constitutionnel-lhistoire-secrete-dune-nomination-france\/"},"wordCount":528,"publisher":{"@id":"https:\/\/www.infodictat.fr\/blog\/#organization"},"image":{"@id":"https:\/\/www.infodictat.fr\/blog\/infos-francaises-richard-ferrand-au-conseil-constitutionnel-lhistoire-secrete-dune-nomination-france\/#primaryimage"},"thumbnailUrl":"https:\/\/www.infodictat.fr\/blog\/wp-content\/uploads\/2025\/02\/Infos-francaises-Richard-Ferrand-au-Conseil-constitutionnel-lhistoire-secrete-dune-1024x683-1.jpg","articleSection":["La Dictature Num\u00e9rique:"],"inLanguage":"fr-FR"},{"@type":"WebPage","@id":"https:\/\/www.infodictat.fr\/blog\/infos-francaises-richard-ferrand-au-conseil-constitutionnel-lhistoire-secrete-dune-nomination-france\/","url":"https:\/\/www.infodictat.fr\/blog\/infos-francaises-richard-ferrand-au-conseil-constitutionnel-lhistoire-secrete-dune-nomination-france\/","name":"Infos fran\u00e7aises: Richard Ferrand au Conseil constitutionnel\u00a0: l\u2019histoire secr\u00e8te d\u2019une nomination #France - INFODICTAT","isPartOf":{"@id":"https:\/\/www.infodictat.fr\/blog\/#website"},"primaryImageOfPage":{"@id":"https:\/\/www.infodictat.fr\/blog\/infos-francaises-richard-ferrand-au-conseil-constitutionnel-lhistoire-secrete-dune-nomination-france\/#primaryimage"},"image":{"@id":"https:\/\/www.infodictat.fr\/blog\/infos-francaises-richard-ferrand-au-conseil-constitutionnel-lhistoire-secrete-dune-nomination-france\/#primaryimage"},"thumbnailUrl":"https:\/\/www.infodictat.fr\/blog\/wp-content\/uploads\/2025\/02\/Infos-francaises-Richard-Ferrand-au-Conseil-constitutionnel-lhistoire-secrete-dune-1024x683-1.jpg","datePublished":"2025-02-07T11:00:00+00:00","breadcrumb":{"@id":"https:\/\/www.infodictat.fr\/blog\/infos-francaises-richard-ferrand-au-conseil-constitutionnel-lhistoire-secrete-dune-nomination-france\/#breadcrumb"},"inLanguage":"fr-FR","potentialAction":[{"@type":"ReadAction","target":["https:\/\/www.infodictat.fr\/blog\/infos-francaises-richard-ferrand-au-conseil-constitutionnel-lhistoire-secrete-dune-nomination-france\/"]}]},{"@type":"ImageObject","inLanguage":"fr-FR","@id":"https:\/\/www.infodictat.fr\/blog\/infos-francaises-richard-ferrand-au-conseil-constitutionnel-lhistoire-secrete-dune-nomination-france\/#primaryimage","url":"https:\/\/www.infodictat.fr\/blog\/wp-content\/uploads\/2025\/02\/Infos-francaises-Richard-Ferrand-au-Conseil-constitutionnel-lhistoire-secrete-dune-1024x683-1.jpg","contentUrl":"https:\/\/www.infodictat.fr\/blog\/wp-content\/uploads\/2025\/02\/Infos-francaises-Richard-Ferrand-au-Conseil-constitutionnel-lhistoire-secrete-dune-1024x683-1.jpg","width":1024,"height":683},{"@type":"BreadcrumbList","@id":"https:\/\/www.infodictat.fr\/blog\/infos-francaises-richard-ferrand-au-conseil-constitutionnel-lhistoire-secrete-dune-nomination-france\/#breadcrumb","itemListElement":[{"@type":"ListItem","position":1,"name":"Accueil","item":"https:\/\/www.infodictat.fr\/blog\/"},{"@type":"ListItem","position":2,"name":"Infos fran\u00e7aises: Richard Ferrand au Conseil constitutionnel\u00a0: l\u2019histoire secr\u00e8te d\u2019une nomination #France"}]},{"@type":"WebSite","@id":"https:\/\/www.infodictat.fr\/blog\/#website","url":"https:\/\/www.infodictat.fr\/blog\/","name":"INFODICTAT","description":"La dictature num\u00e9rique.","publisher":{"@id":"https:\/\/www.infodictat.fr\/blog\/#organization"},"potentialAction":[{"@type":"SearchAction","target":{"@type":"EntryPoint","urlTemplate":"https:\/\/www.infodictat.fr\/blog\/?s={search_term_string}"},"query-input":{"@type":"PropertyValueSpecification","valueRequired":true,"valueName":"search_term_string"}}],"inLanguage":"fr-FR"},{"@type":"Organization","@id":"https:\/\/www.infodictat.fr\/blog\/#organization","name":"infodictat","url":"https:\/\/www.infodictat.fr\/blog\/","logo":{"@type":"ImageObject","inLanguage":"fr-FR","@id":"https:\/\/www.infodictat.fr\/blog\/#\/schema\/logo\/image\/","url":"https:\/\/www.infodictat.fr\/blog\/wp-content\/uploads\/2023\/05\/logo-2.png","contentUrl":"https:\/\/www.infodictat.fr\/blog\/wp-content\/uploads\/2023\/05\/logo-2.png","width":480,"height":596,"caption":"infodictat"},"image":{"@id":"https:\/\/www.infodictat.fr\/blog\/#\/schema\/logo\/image\/"}},{"@type":"Person","@id":"https:\/\/www.infodictat.fr\/blog\/#\/schema\/person\/6c2c8af0941702348e8eca9144cc1267","name":"Oscar BETHMONT","image":{"@type":"ImageObject","inLanguage":"fr-FR","@id":"https:\/\/secure.gravatar.com\/avatar\/f80ff32d67d40b919e8be190b7325be3c6cb33ce305ac1d45cadad29128e831e?s=96&d=mm&r=g","url":"https:\/\/secure.gravatar.com\/avatar\/f80ff32d67d40b919e8be190b7325be3c6cb33ce305ac1d45cadad29128e831e?s=96&d=mm&r=g","contentUrl":"https:\/\/secure.gravatar.com\/avatar\/f80ff32d67d40b919e8be190b7325be3c6cb33ce305ac1d45cadad29128e831e?s=96&d=mm&r=g","caption":"Oscar BETHMONT"},"url":"https:\/\/www.infodictat.fr\/blog\/author\/tatoscar\/"}]}},"_links":{"self":[{"href":"https:\/\/www.infodictat.fr\/blog\/wp-json\/wp\/v2\/posts\/964","targetHints":{"allow":["GET"]}}],"collection":[{"href":"https:\/\/www.infodictat.fr\/blog\/wp-json\/wp\/v2\/posts"}],"about":[{"href":"https:\/\/www.infodictat.fr\/blog\/wp-json\/wp\/v2\/types\/post"}],"author":[{"embeddable":true,"href":"https:\/\/www.infodictat.fr\/blog\/wp-json\/wp\/v2\/users\/2"}],"replies":[{"embeddable":true,"href":"https:\/\/www.infodictat.fr\/blog\/wp-json\/wp\/v2\/comments?post=964"}],"version-history":[{"count":0,"href":"https:\/\/www.infodictat.fr\/blog\/wp-json\/wp\/v2\/posts\/964\/revisions"}],"wp:featuredmedia":[{"embeddable":true,"href":"https:\/\/www.infodictat.fr\/blog\/wp-json\/wp\/v2\/media\/965"}],"wp:attachment":[{"href":"https:\/\/www.infodictat.fr\/blog\/wp-json\/wp\/v2\/media?parent=964"}],"wp:term":[{"taxonomy":"category","embeddable":true,"href":"https:\/\/www.infodictat.fr\/blog\/wp-json\/wp\/v2\/categories?post=964"},{"taxonomy":"post_tag","embeddable":true,"href":"https:\/\/www.infodictat.fr\/blog\/wp-json\/wp\/v2\/tags?post=964"}],"curies":[{"name":"wp","href":"https:\/\/api.w.org\/{rel}","templated":true}]}}