{"id":962,"date":"2025-02-01T19:16:55","date_gmt":"2025-02-01T18:16:55","guid":{"rendered":"https:\/\/www.infodictat.fr\/blog\/infos-francaises-comment-le-point-a-ete-expulse-dun-meeting-de-jean-luc-melenchon-a-toulouse-france\/"},"modified":"2025-02-01T19:16:55","modified_gmt":"2025-02-01T18:16:55","slug":"infos-francaises-comment-le-point-a-ete-expulse-dun-meeting-de-jean-luc-melenchon-a-toulouse-france","status":"publish","type":"post","link":"https:\/\/www.infodictat.fr\/blog\/infos-francaises-comment-le-point-a-ete-expulse-dun-meeting-de-jean-luc-melenchon-a-toulouse-france\/","title":{"rendered":"Infos fran\u00e7aises: Comment \u00ab\u00a0Le Point\u00a0\u00bb a \u00e9t\u00e9 expuls\u00e9 d\u2019un meeting de Jean-Luc M\u00e9lenchon \u00e0 Toulouse #France"},"content":{"rendered":"<div>\n<h1>Comment \u00ab\u00a0Le Point\u00a0\u00bb a \u00e9t\u00e9 expuls\u00e9 d\u2019un meeting de Jean-Luc M\u00e9lenchon \u00e0 Toulouse diffus\u00e9 par Le Point \u2013 Politique le <span id=\"datecrea\"><\/span> <\/h1>\n<p>Cet article, dont la th\u00e9matique est \u00ab\u00a0Actualit\u00e9 fran\u00e7aise\u00a0\u00bb, vient d\u2019\u00eatre vu sur le web, notre r\u00e9daction est heureuse de vous en proposer l\u2019essentiel dans cette publication.<\/p>\n<h2>Ceci a \u00e9t\u00e9 diffus\u00e9 par Le Point \u2013 Politique<\/h2>\n<p><u>Signature  . <\/u><\/p>\n<p><u>Date et heure de la r\u00e9ception de la d\u00e9p\u00e9che sur notre fil d\u2019info:<\/u><strong><span id=\"date\"><\/span><\/strong><\/p>\n<p><u>Date et heure de publication sur internet:<\/u> <strong><span id=\"datecrea\"><\/span><\/strong><\/p>\n<p><u>Titre exacte donn\u00e9 par le journal \u00e9tait:<\/u> <strong>Comment \u00ab\u00a0Le Point\u00a0\u00bb a \u00e9t\u00e9 expuls\u00e9 d\u2019un meeting de Jean-Luc M\u00e9lenchon \u00e0 Toulouse<\/strong><\/p>\n<p><u>Information et contenu publi\u00e9s :<\/u><\/p>\n<div id=\"contenu\">\n        <!-- include t_www_2023\/pages\/article\/blocs\/tag_pub.tpl --><br \/>\n        <!-- include \/t_www_2023\/pages\/article\/blocs\/tag_pub.tpl --><\/p>\n<p><span class=\"dflt-txt__lettrine\">\u00ab\u00a0V<\/span>ous ne pouvez pas rester ici\u00a0\u00bb, vient-on me dire. La jeune femme a directement fondu dans ma direction, traversant d\u2019un pas d\u00e9cid\u00e9 le bas de l\u2019amphith\u00e9\u00e2tre d\u00e9j\u00e0 bond\u00e9. Il est 19\u00a0h\u00a020, Jean-Luc M\u00e9lenchon est attendu avec impatience par environ\u00a0600 supporteurs enthousiastes. Ambiance potache dans les gradins, o\u00f9 on reprend \u00e0 plein poumon le refrain des Gilets jaunes en agitant des foulards \u00e0 la mani\u00e8re des serviettes qui tournaient dans les \u00e9missions t\u00e9l\u00e9 de Patrick S\u00e9bastien\u00a0: \u00ab\u00a0On est l\u00e0, m\u00eame si Macron ne le veut pas.\u00a0\u00bb\u00a0Aux murs, des affiches \u00ab\u00a0Macron d\u00e9gage\u00a0\u00bb en rouge et noir.<\/p>\n<section class=\"mbl txtcenter\"><\/section>\n<div id=\"newsletter\" class=\"bloc-1 title-top\">\n<span class=\"h2\">La newsletter politique<\/span><\/p>\n<div class=\"step-1\">\n<p class=\"period\">Tous les lundis \u00e0 11h30<\/p>\n<p>Recevez en avant-premi\u00e8re les informations et analyses politiques de la r\u00e9daction du Point.<\/p>\n<\/div>\n<div class=\"step-2\">\n<p>Merci !<br \/>Votre inscription a bien \u00e9t\u00e9 prise en compte avec l\u2019adresse email :<br \/><span class=\"email-sended\"><\/span><\/p>\n<p>Pour d\u00e9couvrir toutes nos autres newsletters, rendez-vous ici : MonCompte<\/p>\n<\/div>\n<p>En vous inscrivant, vous acceptez les conditions g\u00e9n\u00e9rales d\u2019utilisations et notre politique de confidentialit\u00e9.<\/p>\n<\/div>\n<p>Derri\u00e8re les portes, une foule encore plus nombreuse patiente devant un double cordon de vigiles priv\u00e9s et du service d\u2019ordre de La France insoumise. \u00c0 mon arriv\u00e9e, vingt minutes plus t\u00f4t, la queue s\u2019allongeait encore sur plusieurs centaines de m\u00e8tres depuis l\u2019entr\u00e9e du campus de l\u2019universit\u00e9 du Mirail jusqu\u2019au b\u00e2timent de la Maison des initiatives \u00e9tudiantes (MIE) qui abrite la conf\u00e9rence. Les responsables toulousains de LFI\u00a0ont donn\u00e9 rendez-vous \u00e0 la presse \u00e0 19\u00a0heures\u2026 tout en laissant entendre que les journalistes ne seraient pas les bienvenus dans l\u2019amphith\u00e9\u00e2tre. \u00ab\u00a0La conf\u00e9rence \u00e9tudiante est uniquement r\u00e9serv\u00e9e au public\u00a0\u00bb, avait pr\u00e9cis\u00e9 Agathe Roby, conseill\u00e8re municipale qui se pr\u00e9vaut aussi d\u2019un titre de docteure en histoire (m\u00e9di\u00e9vale) de l\u2019universit\u00e9.<\/p>\n<p>Par pr\u00e9caution, j\u2019avais donc rempli le formulaire en ligne disponible sur le site des Jeunes Insoumis, organisateurs officiels de la soir\u00e9e. Comme pr\u00e9vu, micros et cam\u00e9ras sont contenus vainement dans le hall d\u2019accueil de la MIE, o\u00f9 un \u00e9cran permettra au public qui se masse jusque dans les coursives en mezzanine de suivre ce qui se passe de l\u2019autre c\u00f4t\u00e9 de la porte. Jean-Luc M\u00e9lenchon n\u2019\u00e9tait manifestement pas d\u2019humeur \u00e0 l\u00e2cher quelques formules chocs sur l\u2019actualit\u00e9 du jour \u00e0 la \u00ab\u00a0meute\u00a0\u00bb journalistique avant d\u2019entrer sur sc\u00e8ne.<\/p>\n<section class=\"mbl txtcenter\"><\/section>\n<h2>\u00ab\u00a0Vous devez sortir\u2026\u00a0\u00bb<\/h2>\n<p><span class=\"Capsule discover-kangourou\"><br \/>\n<span class=\"Phylactery\">\u00c0 D\u00e9couvrir<\/span><br \/>\n<strong class=\"discover-kangourou__line\"><\/p>\n<p><strong class=\"discover-kangourou__txt\"><br \/>\n<strong>Le Kangourou du jour<\/strong><\/strong><\/strong><\/span><\/p>\n<p>R\u00e9pondre<\/p>\n<p>J\u2019arrive n\u00e9anmoins \u00e0 me faufiler dans le saint des saints, arm\u00e9 de mon seul sourire et d\u2019un innocent calepin. \u00ab\u00a0Vous devez sortir, vos coll\u00e8gues de BFM et de Mediapart sont rest\u00e9s \u00e0 l\u2019ext\u00e9rieur\u00a0\u00bb, vient alors plaider la garde-chiourme de LFI. Soucieux de ne pas provoquer un esclandre, j\u2019obtemp\u00e8re b\u00eatement plut\u00f4t que d\u2019\u00eatre vir\u00e9 <em>manu militari<\/em> par les gros bras du parti. Je sors sous les applaudissements de l\u2019amphi\u2026 qui salue l\u2019arriv\u00e9e d\u2019\u00c9ric Coquerel, signe de l\u2019arriv\u00e9e imminente de la vedette de la soir\u00e9e.<\/p>\n<p>L\u2019argument de la solidarit\u00e9 professionnelle utilis\u00e9e par l\u2019ancienne attach\u00e9e parlementaire de Jean-Luc M\u00e9lenchon \u00e0 Marseille s\u2019av\u00e9rera fallacieux. BFM a retransmis de larges extraits de la soir\u00e9e en direct et la coll\u00e8gue de Mediapart a pu se faufiler \u00e0 son tour dans l\u2019amphi, sans \u00eatre expuls\u00e9e. En quarante ans de carri\u00e8re, personne ne m\u2019avait jamais pri\u00e9 de sortir d\u2019une r\u00e9union politique publique. Pas m\u00eame Jean-Marie Le Pen ou sa fille, en d\u00e9pit de leur f\u00e2cheuse habitude de placer une foule de militants dans le dos des journalistes lors des conf\u00e9rences de presse exp\u00e9di\u00e9es avant leurs meetings. \u00ab\u00a0The Times They Are a-Changin\u2019\u00a0\u00bb, chantait Bob Dylan. Les petits soldats du leader Maximo ne tol\u00e8rent plus qu\u2019une seule presse\u00a0: aux ordres ou \u00e0 distance. Sans ces maudits journalistes un peu trop curieux, de pr\u00e9f\u00e9rence.<\/p>\n<p><!-- include t_www_2023\/pages\/article\/blocs\/bloc-encadre.tpl --><br \/>\n<!-- include \/t_www_2023\/pages\/article\/blocs\/bloc-encadre.tpl -->\n<\/p>\n<\/div>\n<p> <img decoding=\"async\" src=\"https:\/\/www.infodictat.fr\/blog\/wp-content\/uploads\/2025\/02\/Actualites-francaises-Comment-Le-Point-a-ete-expulse-dun-meeting.jpg\" alt=\"Comment \u00ab\u00a0Le Point\u00a0\u00bb a \u00e9t\u00e9 expuls\u00e9 d\u2019un meeting de Jean-Luc M\u00e9lenchon \u00e0 Toulouse\"><\/p>\n<p>#Comment #Point #\u00e9t\u00e9 #expuls\u00e9 #dun #meeting #JeanLuc #M\u00e9lenchon #Toulouse<\/p>\n<p>Reprise de l\u2019information dans un style journalistique professionnel descriptif en organisant les id\u00e9es dans un ordre coh\u00e9rent avec titres html <\/p>\n<p>Livres sur le m\u00eame propos:<\/p>\n<p>Code de la route\/Glossaire.,<a href=\"https:\/\/fr.wikibooks.org\/wiki\/Code_de_la_route\/Glossaire\" target=\"_blank\" rel=\"noopener noreferrer nofollow\">Redirection vers la fiche de pr\u00e9sentation de cet ouvrage<\/a><span><\/span>.<\/p>\n<p>Photographie\/Mises \u00e0 jour, archives 2015.,<a href=\"https:\/\/fr.wikibooks.org\/wiki\/Photographie\/Mises_%C3%A0_jour,_archives_2015\" target=\"_blank\" rel=\"noopener noreferrer nofollow\">Informations sur cet ouvrage<\/a><span><\/span>. Disponible \u00e0 l\u2019achat sur les plateformes Amazon, Fnac, Cultura \u2026.<\/p>\n<p>Technologie\/Lignes et services de m\u00e9tros\/Prolongements et cr\u00e9ations de lignes de m\u00e9tros en \u00cele-de-France\/Le prolongement de la ligne 13.,<a href=\"https:\/\/fr.wikibooks.org\/wiki\/Technologie\/Lignes_et_services_de_m%C3%A9tros\/Prolongements_et_cr%C3%A9ations_de_lignes_de_m%C3%A9tros_en_%C3%8Ele-de-France\/Le_prolongement_de_la_ligne_13\" target=\"_blank\" rel=\"noopener noreferrer nofollow\">Pr\u00e9sentation de l\u2019ouvrage<\/a><span><\/span>.<\/p>\n<p><script>\nvar date = \"Non r\u00e9cup\u00e9r\u00e9es\";\n        \/\/ Valeur de timestamp\n        var timestampString = 1738429391; \/\/ Assurez-vous que le timestamp est une cha\u00eene de texte\n        \/\/ Convertir la cha\u00eene de texte en nombre entier (timestamp)\n        var timestamp = parseInt(timestampString);\n        \/\/ Cr\u00e9er un objet Date \u00e0 partir du timestamp\n        var dateObject = new Date(timestamp * 1000); \/\/ Le timestamp est en secondes, donc on le multiplie par 1000 pour obtenir les millisecondes\n        \/\/ Format de date personnalis\u00e9\n        var options = { weekday: 'long', year: 'numeric', month: 'long', day: 'numeric', hour: 'numeric', minute: 'numeric', second: 'numeric', timeZone: 'Europe\/Paris' };\n        var formattedDate = dateObject.toLocaleDateString('fr-FR', options);\n formattedDate = formattedDate.replace(\/^.\/, formattedDate[0].toUpperCase());\n        \/\/ Afficher la date dans le HTML\n        document.getElementById('date').textContent = formattedDate;\n    <\/script><\/p>\n<p><script>\nvar datecrea = \"Non r\u00e9cup\u00e9r\u00e9e\";\n        \/\/ Date et heure au format \"2008-06-15 18:02:58\"\n        var dateString = \"2025-02-01 14:55:00\";\n        \/\/ Convertir la cha\u00eene de texte en objet Date\n        var now = new Date(dateString);\n        \/\/ Format de date personnalis\u00e9\n        var options = { weekday: 'long', year: 'numeric', month: 'long', day: 'numeric', hour: 'numeric', minute: 'numeric', second: 'numeric', timeZone: 'Europe\/Paris' };\n        var formattedDate = now.toLocaleDateString('fr-FR', options);\n formattedDate = formattedDate.replace(\/^.\/, formattedDate[0].toUpperCase());\n        \/\/ Afficher la date dans le HTML\n        document.getElementById('datecrea').textContent = formattedDate;\n    <\/script><\/p>\n<\/div>\n<p><img decoding=\"async\" class=\"wpe_imgrss\" src=\"https:\/\/www.infodictat.fr\/blog\/wp-content\/uploads\/2025\/02\/Actualites-francaises-Comment-Le-Point-a-ete-expulse-dun-meeting.jpg\">Vous pouvez lire ce post traitant le sujet \u00ab\u00a0La dictature num\u00e9rique\u00a0\u00bb. Il est produit par la r\u00e9daction de infodictat.fr. Le site infodictat.fr a pour objectif de publier plusieurs articles autour du sujet La dictature num\u00e9rique d\u00e9velopp\u00e9es sur le web. Cette chronique se veut g\u00e9n\u00e9r\u00e9e de la fa\u00e7on la plus juste qui soit. Pour \u00e9mettre des remarques sur ce dossier autour du sujet \u00ab\u00a0La dictature num\u00e9rique\u00a0\u00bb prenez les contacts indiqu\u00e9s sur notre site internet. En consultant r\u00e9guli\u00e8rement nos contenus de blog vous serez au courant des futures parutions.<\/p>\n","protected":false},"excerpt":{"rendered":"<p>Comment \u00ab\u00a0Le Point\u00a0\u00bb a \u00e9t\u00e9 expuls\u00e9 d\u2019un meeting de Jean-Luc M\u00e9lenchon \u00e0 Toulouse diffus\u00e9 par Le Point \u2013 Politique le Cet article, dont la th\u00e9matique est \u00ab\u00a0Actualit\u00e9 fran\u00e7aise\u00a0\u00bb, vient d\u2019\u00eatre vu sur le web, notre r\u00e9daction est heureuse de vous en proposer l\u2019essentiel dans cette publication. Ceci a \u00e9t\u00e9 diffus\u00e9 par Le Point \u2013 Politique &#8230; <a title=\"Infos fran\u00e7aises: Comment \u00ab\u00a0Le Point\u00a0\u00bb a \u00e9t\u00e9 expuls\u00e9 d\u2019un meeting de Jean-Luc M\u00e9lenchon \u00e0 Toulouse #France\" class=\"read-more\" href=\"https:\/\/www.infodictat.fr\/blog\/infos-francaises-comment-le-point-a-ete-expulse-dun-meeting-de-jean-luc-melenchon-a-toulouse-france\/\" aria-label=\"En savoir plus sur Infos fran\u00e7aises: Comment \u00ab\u00a0Le Point\u00a0\u00bb a \u00e9t\u00e9 expuls\u00e9 d\u2019un meeting de Jean-Luc M\u00e9lenchon \u00e0 Toulouse #France\">Lire la suite<\/a><\/p>\n","protected":false},"author":2,"featured_media":963,"comment_status":"closed","ping_status":"closed","sticky":false,"template":"","format":"standard","meta":{"footnotes":""},"categories":[2],"tags":[],"class_list":["post-962","post","type-post","status-publish","format-standard","has-post-thumbnail","hentry","category-la-dictature-numerique"],"yoast_head":"<!-- This site is optimized with the Yoast SEO plugin v27.5 - https:\/\/yoast.com\/product\/yoast-seo-wordpress\/ -->\n<title>Infos fran\u00e7aises: Comment \u00ab\u00a0Le Point\u00a0\u00bb a \u00e9t\u00e9 expuls\u00e9 d\u2019un meeting de Jean-Luc M\u00e9lenchon \u00e0 Toulouse #France - INFODICTAT<\/title>\n<meta name=\"robots\" content=\"index, follow, max-snippet:-1, max-image-preview:large, max-video-preview:-1\" \/>\n<link rel=\"canonical\" href=\"https:\/\/www.infodictat.fr\/blog\/infos-francaises-comment-le-point-a-ete-expulse-dun-meeting-de-jean-luc-melenchon-a-toulouse-france\/\" \/>\n<meta property=\"og:locale\" content=\"fr_FR\" \/>\n<meta property=\"og:type\" content=\"article\" \/>\n<meta property=\"og:title\" content=\"Infos fran\u00e7aises: Comment \u00ab\u00a0Le Point\u00a0\u00bb a \u00e9t\u00e9 expuls\u00e9 d\u2019un meeting de Jean-Luc M\u00e9lenchon \u00e0 Toulouse #France - INFODICTAT\" \/>\n<meta property=\"og:description\" content=\"Comment \u00ab\u00a0Le Point\u00a0\u00bb a \u00e9t\u00e9 expuls\u00e9 d\u2019un meeting de Jean-Luc M\u00e9lenchon \u00e0 Toulouse diffus\u00e9 par Le Point \u2013 Politique le Cet article, dont la th\u00e9matique est \u00ab\u00a0Actualit\u00e9 fran\u00e7aise\u00a0\u00bb, vient d\u2019\u00eatre vu sur le web, notre r\u00e9daction est heureuse de vous en proposer l\u2019essentiel dans cette publication. Ceci a \u00e9t\u00e9 diffus\u00e9 par Le Point \u2013 Politique ... Lire la suite\" \/>\n<meta property=\"og:url\" content=\"https:\/\/www.infodictat.fr\/blog\/infos-francaises-comment-le-point-a-ete-expulse-dun-meeting-de-jean-luc-melenchon-a-toulouse-france\/\" \/>\n<meta property=\"og:site_name\" content=\"INFODICTAT\" \/>\n<meta property=\"article:published_time\" content=\"2025-02-01T18:16:55+00:00\" \/>\n<meta property=\"og:image\" content=\"https:\/\/www.infodictat.fr\/blog\/wp-content\/uploads\/2025\/02\/Actualites-francaises-Comment-Le-Point-a-ete-expulse-dun-meeting.jpg\" \/>\n<meta name=\"author\" content=\"Oscar BETHMONT\" \/>\n<meta name=\"twitter:card\" content=\"summary_large_image\" \/>\n<meta name=\"twitter:label1\" content=\"\u00c9crit par\" \/>\n\t<meta name=\"twitter:data1\" content=\"Oscar BETHMONT\" \/>\n\t<meta name=\"twitter:label2\" content=\"Dur\u00e9e de lecture estim\u00e9e\" \/>\n\t<meta name=\"twitter:data2\" content=\"5 minutes\" \/>\n<script type=\"application\/ld+json\" class=\"yoast-schema-graph\">{\"@context\":\"https:\\\/\\\/schema.org\",\"@graph\":[{\"@type\":\"Article\",\"@id\":\"https:\\\/\\\/www.infodictat.fr\\\/blog\\\/infos-francaises-comment-le-point-a-ete-expulse-dun-meeting-de-jean-luc-melenchon-a-toulouse-france\\\/#article\",\"isPartOf\":{\"@id\":\"https:\\\/\\\/www.infodictat.fr\\\/blog\\\/infos-francaises-comment-le-point-a-ete-expulse-dun-meeting-de-jean-luc-melenchon-a-toulouse-france\\\/\"},\"author\":{\"name\":\"Oscar BETHMONT\",\"@id\":\"https:\\\/\\\/www.infodictat.fr\\\/blog\\\/#\\\/schema\\\/person\\\/6c2c8af0941702348e8eca9144cc1267\"},\"headline\":\"Infos fran\u00e7aises: Comment \u00ab\u00a0Le Point\u00a0\u00bb a \u00e9t\u00e9 expuls\u00e9 d\u2019un meeting de Jean-Luc M\u00e9lenchon \u00e0 Toulouse #France\",\"datePublished\":\"2025-02-01T18:16:55+00:00\",\"mainEntityOfPage\":{\"@id\":\"https:\\\/\\\/www.infodictat.fr\\\/blog\\\/infos-francaises-comment-le-point-a-ete-expulse-dun-meeting-de-jean-luc-melenchon-a-toulouse-france\\\/\"},\"wordCount\":994,\"publisher\":{\"@id\":\"https:\\\/\\\/www.infodictat.fr\\\/blog\\\/#organization\"},\"image\":{\"@id\":\"https:\\\/\\\/www.infodictat.fr\\\/blog\\\/infos-francaises-comment-le-point-a-ete-expulse-dun-meeting-de-jean-luc-melenchon-a-toulouse-france\\\/#primaryimage\"},\"thumbnailUrl\":\"https:\\\/\\\/www.infodictat.fr\\\/blog\\\/wp-content\\\/uploads\\\/2025\\\/02\\\/Actualites-francaises-Comment-Le-Point-a-ete-expulse-dun-meeting.jpg\",\"articleSection\":[\"La Dictature Num\u00e9rique:\"],\"inLanguage\":\"fr-FR\"},{\"@type\":\"WebPage\",\"@id\":\"https:\\\/\\\/www.infodictat.fr\\\/blog\\\/infos-francaises-comment-le-point-a-ete-expulse-dun-meeting-de-jean-luc-melenchon-a-toulouse-france\\\/\",\"url\":\"https:\\\/\\\/www.infodictat.fr\\\/blog\\\/infos-francaises-comment-le-point-a-ete-expulse-dun-meeting-de-jean-luc-melenchon-a-toulouse-france\\\/\",\"name\":\"Infos fran\u00e7aises: Comment \u00ab\u00a0Le Point\u00a0\u00bb a \u00e9t\u00e9 expuls\u00e9 d\u2019un meeting de Jean-Luc M\u00e9lenchon \u00e0 Toulouse #France - INFODICTAT\",\"isPartOf\":{\"@id\":\"https:\\\/\\\/www.infodictat.fr\\\/blog\\\/#website\"},\"primaryImageOfPage\":{\"@id\":\"https:\\\/\\\/www.infodictat.fr\\\/blog\\\/infos-francaises-comment-le-point-a-ete-expulse-dun-meeting-de-jean-luc-melenchon-a-toulouse-france\\\/#primaryimage\"},\"image\":{\"@id\":\"https:\\\/\\\/www.infodictat.fr\\\/blog\\\/infos-francaises-comment-le-point-a-ete-expulse-dun-meeting-de-jean-luc-melenchon-a-toulouse-france\\\/#primaryimage\"},\"thumbnailUrl\":\"https:\\\/\\\/www.infodictat.fr\\\/blog\\\/wp-content\\\/uploads\\\/2025\\\/02\\\/Actualites-francaises-Comment-Le-Point-a-ete-expulse-dun-meeting.jpg\",\"datePublished\":\"2025-02-01T18:16:55+00:00\",\"breadcrumb\":{\"@id\":\"https:\\\/\\\/www.infodictat.fr\\\/blog\\\/infos-francaises-comment-le-point-a-ete-expulse-dun-meeting-de-jean-luc-melenchon-a-toulouse-france\\\/#breadcrumb\"},\"inLanguage\":\"fr-FR\",\"potentialAction\":[{\"@type\":\"ReadAction\",\"target\":[\"https:\\\/\\\/www.infodictat.fr\\\/blog\\\/infos-francaises-comment-le-point-a-ete-expulse-dun-meeting-de-jean-luc-melenchon-a-toulouse-france\\\/\"]}]},{\"@type\":\"ImageObject\",\"inLanguage\":\"fr-FR\",\"@id\":\"https:\\\/\\\/www.infodictat.fr\\\/blog\\\/infos-francaises-comment-le-point-a-ete-expulse-dun-meeting-de-jean-luc-melenchon-a-toulouse-france\\\/#primaryimage\",\"url\":\"https:\\\/\\\/www.infodictat.fr\\\/blog\\\/wp-content\\\/uploads\\\/2025\\\/02\\\/Actualites-francaises-Comment-Le-Point-a-ete-expulse-dun-meeting.jpg\",\"contentUrl\":\"https:\\\/\\\/www.infodictat.fr\\\/blog\\\/wp-content\\\/uploads\\\/2025\\\/02\\\/Actualites-francaises-Comment-Le-Point-a-ete-expulse-dun-meeting.jpg\",\"width\":1440,\"height\":960},{\"@type\":\"BreadcrumbList\",\"@id\":\"https:\\\/\\\/www.infodictat.fr\\\/blog\\\/infos-francaises-comment-le-point-a-ete-expulse-dun-meeting-de-jean-luc-melenchon-a-toulouse-france\\\/#breadcrumb\",\"itemListElement\":[{\"@type\":\"ListItem\",\"position\":1,\"name\":\"Accueil\",\"item\":\"https:\\\/\\\/www.infodictat.fr\\\/blog\\\/\"},{\"@type\":\"ListItem\",\"position\":2,\"name\":\"Infos fran\u00e7aises: Comment \u00ab\u00a0Le Point\u00a0\u00bb a \u00e9t\u00e9 expuls\u00e9 d\u2019un meeting de Jean-Luc M\u00e9lenchon \u00e0 Toulouse #France\"}]},{\"@type\":\"WebSite\",\"@id\":\"https:\\\/\\\/www.infodictat.fr\\\/blog\\\/#website\",\"url\":\"https:\\\/\\\/www.infodictat.fr\\\/blog\\\/\",\"name\":\"INFODICTAT\",\"description\":\"La dictature num\u00e9rique.\",\"publisher\":{\"@id\":\"https:\\\/\\\/www.infodictat.fr\\\/blog\\\/#organization\"},\"potentialAction\":[{\"@type\":\"SearchAction\",\"target\":{\"@type\":\"EntryPoint\",\"urlTemplate\":\"https:\\\/\\\/www.infodictat.fr\\\/blog\\\/?s={search_term_string}\"},\"query-input\":{\"@type\":\"PropertyValueSpecification\",\"valueRequired\":true,\"valueName\":\"search_term_string\"}}],\"inLanguage\":\"fr-FR\"},{\"@type\":\"Organization\",\"@id\":\"https:\\\/\\\/www.infodictat.fr\\\/blog\\\/#organization\",\"name\":\"infodictat\",\"url\":\"https:\\\/\\\/www.infodictat.fr\\\/blog\\\/\",\"logo\":{\"@type\":\"ImageObject\",\"inLanguage\":\"fr-FR\",\"@id\":\"https:\\\/\\\/www.infodictat.fr\\\/blog\\\/#\\\/schema\\\/logo\\\/image\\\/\",\"url\":\"https:\\\/\\\/www.infodictat.fr\\\/blog\\\/wp-content\\\/uploads\\\/2023\\\/05\\\/logo-2.png\",\"contentUrl\":\"https:\\\/\\\/www.infodictat.fr\\\/blog\\\/wp-content\\\/uploads\\\/2023\\\/05\\\/logo-2.png\",\"width\":480,\"height\":596,\"caption\":\"infodictat\"},\"image\":{\"@id\":\"https:\\\/\\\/www.infodictat.fr\\\/blog\\\/#\\\/schema\\\/logo\\\/image\\\/\"}},{\"@type\":\"Person\",\"@id\":\"https:\\\/\\\/www.infodictat.fr\\\/blog\\\/#\\\/schema\\\/person\\\/6c2c8af0941702348e8eca9144cc1267\",\"name\":\"Oscar BETHMONT\",\"image\":{\"@type\":\"ImageObject\",\"inLanguage\":\"fr-FR\",\"@id\":\"https:\\\/\\\/secure.gravatar.com\\\/avatar\\\/f80ff32d67d40b919e8be190b7325be3c6cb33ce305ac1d45cadad29128e831e?s=96&d=mm&r=g\",\"url\":\"https:\\\/\\\/secure.gravatar.com\\\/avatar\\\/f80ff32d67d40b919e8be190b7325be3c6cb33ce305ac1d45cadad29128e831e?s=96&d=mm&r=g\",\"contentUrl\":\"https:\\\/\\\/secure.gravatar.com\\\/avatar\\\/f80ff32d67d40b919e8be190b7325be3c6cb33ce305ac1d45cadad29128e831e?s=96&d=mm&r=g\",\"caption\":\"Oscar BETHMONT\"},\"url\":\"https:\\\/\\\/www.infodictat.fr\\\/blog\\\/author\\\/tatoscar\\\/\"}]}<\/script>\n<!-- \/ Yoast SEO plugin. -->","yoast_head_json":{"title":"Infos fran\u00e7aises: Comment \u00ab\u00a0Le Point\u00a0\u00bb a \u00e9t\u00e9 expuls\u00e9 d\u2019un meeting de Jean-Luc M\u00e9lenchon \u00e0 Toulouse #France - INFODICTAT","robots":{"index":"index","follow":"follow","max-snippet":"max-snippet:-1","max-image-preview":"max-image-preview:large","max-video-preview":"max-video-preview:-1"},"canonical":"https:\/\/www.infodictat.fr\/blog\/infos-francaises-comment-le-point-a-ete-expulse-dun-meeting-de-jean-luc-melenchon-a-toulouse-france\/","og_locale":"fr_FR","og_type":"article","og_title":"Infos fran\u00e7aises: Comment \u00ab\u00a0Le Point\u00a0\u00bb a \u00e9t\u00e9 expuls\u00e9 d\u2019un meeting de Jean-Luc M\u00e9lenchon \u00e0 Toulouse #France - INFODICTAT","og_description":"Comment \u00ab\u00a0Le Point\u00a0\u00bb a \u00e9t\u00e9 expuls\u00e9 d\u2019un meeting de Jean-Luc M\u00e9lenchon \u00e0 Toulouse diffus\u00e9 par Le Point \u2013 Politique le Cet article, dont la th\u00e9matique est \u00ab\u00a0Actualit\u00e9 fran\u00e7aise\u00a0\u00bb, vient d\u2019\u00eatre vu sur le web, notre r\u00e9daction est heureuse de vous en proposer l\u2019essentiel dans cette publication. Ceci a \u00e9t\u00e9 diffus\u00e9 par Le Point \u2013 Politique ... Lire la suite","og_url":"https:\/\/www.infodictat.fr\/blog\/infos-francaises-comment-le-point-a-ete-expulse-dun-meeting-de-jean-luc-melenchon-a-toulouse-france\/","og_site_name":"INFODICTAT","article_published_time":"2025-02-01T18:16:55+00:00","og_image":[{"url":"https:\/\/www.infodictat.fr\/blog\/wp-content\/uploads\/2025\/02\/Actualites-francaises-Comment-Le-Point-a-ete-expulse-dun-meeting.jpg","type":"","width":"","height":""}],"author":"Oscar BETHMONT","twitter_card":"summary_large_image","twitter_misc":{"\u00c9crit par":"Oscar BETHMONT","Dur\u00e9e de lecture estim\u00e9e":"5 minutes"},"schema":{"@context":"https:\/\/schema.org","@graph":[{"@type":"Article","@id":"https:\/\/www.infodictat.fr\/blog\/infos-francaises-comment-le-point-a-ete-expulse-dun-meeting-de-jean-luc-melenchon-a-toulouse-france\/#article","isPartOf":{"@id":"https:\/\/www.infodictat.fr\/blog\/infos-francaises-comment-le-point-a-ete-expulse-dun-meeting-de-jean-luc-melenchon-a-toulouse-france\/"},"author":{"name":"Oscar BETHMONT","@id":"https:\/\/www.infodictat.fr\/blog\/#\/schema\/person\/6c2c8af0941702348e8eca9144cc1267"},"headline":"Infos fran\u00e7aises: Comment \u00ab\u00a0Le Point\u00a0\u00bb a \u00e9t\u00e9 expuls\u00e9 d\u2019un meeting de Jean-Luc M\u00e9lenchon \u00e0 Toulouse #France","datePublished":"2025-02-01T18:16:55+00:00","mainEntityOfPage":{"@id":"https:\/\/www.infodictat.fr\/blog\/infos-francaises-comment-le-point-a-ete-expulse-dun-meeting-de-jean-luc-melenchon-a-toulouse-france\/"},"wordCount":994,"publisher":{"@id":"https:\/\/www.infodictat.fr\/blog\/#organization"},"image":{"@id":"https:\/\/www.infodictat.fr\/blog\/infos-francaises-comment-le-point-a-ete-expulse-dun-meeting-de-jean-luc-melenchon-a-toulouse-france\/#primaryimage"},"thumbnailUrl":"https:\/\/www.infodictat.fr\/blog\/wp-content\/uploads\/2025\/02\/Actualites-francaises-Comment-Le-Point-a-ete-expulse-dun-meeting.jpg","articleSection":["La Dictature Num\u00e9rique:"],"inLanguage":"fr-FR"},{"@type":"WebPage","@id":"https:\/\/www.infodictat.fr\/blog\/infos-francaises-comment-le-point-a-ete-expulse-dun-meeting-de-jean-luc-melenchon-a-toulouse-france\/","url":"https:\/\/www.infodictat.fr\/blog\/infos-francaises-comment-le-point-a-ete-expulse-dun-meeting-de-jean-luc-melenchon-a-toulouse-france\/","name":"Infos fran\u00e7aises: Comment \u00ab\u00a0Le Point\u00a0\u00bb a \u00e9t\u00e9 expuls\u00e9 d\u2019un meeting de Jean-Luc M\u00e9lenchon \u00e0 Toulouse #France - INFODICTAT","isPartOf":{"@id":"https:\/\/www.infodictat.fr\/blog\/#website"},"primaryImageOfPage":{"@id":"https:\/\/www.infodictat.fr\/blog\/infos-francaises-comment-le-point-a-ete-expulse-dun-meeting-de-jean-luc-melenchon-a-toulouse-france\/#primaryimage"},"image":{"@id":"https:\/\/www.infodictat.fr\/blog\/infos-francaises-comment-le-point-a-ete-expulse-dun-meeting-de-jean-luc-melenchon-a-toulouse-france\/#primaryimage"},"thumbnailUrl":"https:\/\/www.infodictat.fr\/blog\/wp-content\/uploads\/2025\/02\/Actualites-francaises-Comment-Le-Point-a-ete-expulse-dun-meeting.jpg","datePublished":"2025-02-01T18:16:55+00:00","breadcrumb":{"@id":"https:\/\/www.infodictat.fr\/blog\/infos-francaises-comment-le-point-a-ete-expulse-dun-meeting-de-jean-luc-melenchon-a-toulouse-france\/#breadcrumb"},"inLanguage":"fr-FR","potentialAction":[{"@type":"ReadAction","target":["https:\/\/www.infodictat.fr\/blog\/infos-francaises-comment-le-point-a-ete-expulse-dun-meeting-de-jean-luc-melenchon-a-toulouse-france\/"]}]},{"@type":"ImageObject","inLanguage":"fr-FR","@id":"https:\/\/www.infodictat.fr\/blog\/infos-francaises-comment-le-point-a-ete-expulse-dun-meeting-de-jean-luc-melenchon-a-toulouse-france\/#primaryimage","url":"https:\/\/www.infodictat.fr\/blog\/wp-content\/uploads\/2025\/02\/Actualites-francaises-Comment-Le-Point-a-ete-expulse-dun-meeting.jpg","contentUrl":"https:\/\/www.infodictat.fr\/blog\/wp-content\/uploads\/2025\/02\/Actualites-francaises-Comment-Le-Point-a-ete-expulse-dun-meeting.jpg","width":1440,"height":960},{"@type":"BreadcrumbList","@id":"https:\/\/www.infodictat.fr\/blog\/infos-francaises-comment-le-point-a-ete-expulse-dun-meeting-de-jean-luc-melenchon-a-toulouse-france\/#breadcrumb","itemListElement":[{"@type":"ListItem","position":1,"name":"Accueil","item":"https:\/\/www.infodictat.fr\/blog\/"},{"@type":"ListItem","position":2,"name":"Infos fran\u00e7aises: Comment \u00ab\u00a0Le Point\u00a0\u00bb a \u00e9t\u00e9 expuls\u00e9 d\u2019un meeting de Jean-Luc M\u00e9lenchon \u00e0 Toulouse #France"}]},{"@type":"WebSite","@id":"https:\/\/www.infodictat.fr\/blog\/#website","url":"https:\/\/www.infodictat.fr\/blog\/","name":"INFODICTAT","description":"La dictature num\u00e9rique.","publisher":{"@id":"https:\/\/www.infodictat.fr\/blog\/#organization"},"potentialAction":[{"@type":"SearchAction","target":{"@type":"EntryPoint","urlTemplate":"https:\/\/www.infodictat.fr\/blog\/?s={search_term_string}"},"query-input":{"@type":"PropertyValueSpecification","valueRequired":true,"valueName":"search_term_string"}}],"inLanguage":"fr-FR"},{"@type":"Organization","@id":"https:\/\/www.infodictat.fr\/blog\/#organization","name":"infodictat","url":"https:\/\/www.infodictat.fr\/blog\/","logo":{"@type":"ImageObject","inLanguage":"fr-FR","@id":"https:\/\/www.infodictat.fr\/blog\/#\/schema\/logo\/image\/","url":"https:\/\/www.infodictat.fr\/blog\/wp-content\/uploads\/2023\/05\/logo-2.png","contentUrl":"https:\/\/www.infodictat.fr\/blog\/wp-content\/uploads\/2023\/05\/logo-2.png","width":480,"height":596,"caption":"infodictat"},"image":{"@id":"https:\/\/www.infodictat.fr\/blog\/#\/schema\/logo\/image\/"}},{"@type":"Person","@id":"https:\/\/www.infodictat.fr\/blog\/#\/schema\/person\/6c2c8af0941702348e8eca9144cc1267","name":"Oscar BETHMONT","image":{"@type":"ImageObject","inLanguage":"fr-FR","@id":"https:\/\/secure.gravatar.com\/avatar\/f80ff32d67d40b919e8be190b7325be3c6cb33ce305ac1d45cadad29128e831e?s=96&d=mm&r=g","url":"https:\/\/secure.gravatar.com\/avatar\/f80ff32d67d40b919e8be190b7325be3c6cb33ce305ac1d45cadad29128e831e?s=96&d=mm&r=g","contentUrl":"https:\/\/secure.gravatar.com\/avatar\/f80ff32d67d40b919e8be190b7325be3c6cb33ce305ac1d45cadad29128e831e?s=96&d=mm&r=g","caption":"Oscar BETHMONT"},"url":"https:\/\/www.infodictat.fr\/blog\/author\/tatoscar\/"}]}},"_links":{"self":[{"href":"https:\/\/www.infodictat.fr\/blog\/wp-json\/wp\/v2\/posts\/962","targetHints":{"allow":["GET"]}}],"collection":[{"href":"https:\/\/www.infodictat.fr\/blog\/wp-json\/wp\/v2\/posts"}],"about":[{"href":"https:\/\/www.infodictat.fr\/blog\/wp-json\/wp\/v2\/types\/post"}],"author":[{"embeddable":true,"href":"https:\/\/www.infodictat.fr\/blog\/wp-json\/wp\/v2\/users\/2"}],"replies":[{"embeddable":true,"href":"https:\/\/www.infodictat.fr\/blog\/wp-json\/wp\/v2\/comments?post=962"}],"version-history":[{"count":0,"href":"https:\/\/www.infodictat.fr\/blog\/wp-json\/wp\/v2\/posts\/962\/revisions"}],"wp:featuredmedia":[{"embeddable":true,"href":"https:\/\/www.infodictat.fr\/blog\/wp-json\/wp\/v2\/media\/963"}],"wp:attachment":[{"href":"https:\/\/www.infodictat.fr\/blog\/wp-json\/wp\/v2\/media?parent=962"}],"wp:term":[{"taxonomy":"category","embeddable":true,"href":"https:\/\/www.infodictat.fr\/blog\/wp-json\/wp\/v2\/categories?post=962"},{"taxonomy":"post_tag","embeddable":true,"href":"https:\/\/www.infodictat.fr\/blog\/wp-json\/wp\/v2\/tags?post=962"}],"curies":[{"name":"wp","href":"https:\/\/api.w.org\/{rel}","templated":true}]}}