{"id":958,"date":"2025-01-27T18:32:16","date_gmt":"2025-01-27T17:32:16","guid":{"rendered":"https:\/\/www.infodictat.fr\/blog\/actualites-francaises-bruno-retailleau-le-protege-de-macron-france\/"},"modified":"2025-01-27T18:32:16","modified_gmt":"2025-01-27T17:32:16","slug":"actualites-francaises-bruno-retailleau-le-protege-de-macron-france","status":"publish","type":"post","link":"https:\/\/www.infodictat.fr\/blog\/actualites-francaises-bruno-retailleau-le-protege-de-macron-france\/","title":{"rendered":"Actualit\u00e9s fran\u00e7aises: Bruno Retailleau, le prot\u00e9g\u00e9 de Macron\u00a0? #France"},"content":{"rendered":"<div>\n<h1>Bruno Retailleau, le prot\u00e9g\u00e9 de Macron\u00a0? diffus\u00e9 par Le Point \u2013 Politique le <span id=\"datecrea\"><\/span> <\/h1>\n<p>Cet article, dont le propos est \u00ab\u00a0Actualit\u00e9 fran\u00e7aise\u00a0\u00bb, a \u00e9t\u00e9 identifi\u00e9 sur internet, notre \u00e9quipe est heureuse de vous en produire le contenu principal plus bas.<\/p>\n<h2>Ceci a \u00e9t\u00e9 diffus\u00e9 par Le Point \u2013 Politique<\/h2>\n<p><u>Signature  . <\/u><\/p>\n<p><u>Date et heure de la r\u00e9ception de la d\u00e9p\u00e9che sur notre fil d\u2019info:<\/u><strong><span id=\"date\"><\/span><\/strong><\/p>\n<p><u>Date et heure de publication sur internet:<\/u> <strong><span id=\"datecrea\"><\/span><\/strong><\/p>\n<p><u>Titre exacte donn\u00e9 par le journal \u00e9tait:<\/u> <strong>Bruno Retailleau, le prot\u00e9g\u00e9 de Macron\u00a0?<\/strong><\/p>\n<p><u>Information et contenu publi\u00e9s :<\/u><\/p>\n<div id=\"contenu\">\n        <!-- include t_www_2023\/pages\/article\/blocs\/tag_pub.tpl --><br \/>\n            <!-- include \/t_www_2023\/pages\/article\/blocs\/tag_pub.tpl --><\/p>\n<p><span class=\"dflt-txt__lettrine\">M<\/span>\u00eame le pr\u00e9sident le cajole. Il l\u2019invite \u00e0 d\u00eener \u00e0 l\u2019\u00c9lys\u00e9e, en petit comit\u00e9, en pr\u00e9sence du seul S\u00e9bastien Lecornu, le ministre de la D\u00e9fense, son \u0153il de Moscou au sein du gouvernement Bayrou, histoire de tester le personnage et de mieux le conna\u00eetre.<\/p>\n<section class=\"mbl txtcenter\"><\/section>\n<div id=\"newsletter\" class=\"bloc-1 title-top\">\n<span class=\"h2\">La newsletter politique<\/span><\/p>\n<div class=\"step-1\">\n<p class=\"period\">Tous les lundis \u00e0 11h30<\/p>\n<p>Recevez en avant-premi\u00e8re les informations et analyses politiques de la r\u00e9daction du Point.<\/p>\n<\/div>\n<div class=\"step-2\">\n<p>Merci !<br \/>Votre inscription a bien \u00e9t\u00e9 prise en compte avec l\u2019adresse email :<br \/><span class=\"email-sended\"><\/span><\/p>\n<p>Pour d\u00e9couvrir toutes nos autres newsletters, rendez-vous ici : MonCompte<\/p>\n<\/div>\n<p>En vous inscrivant, vous acceptez les conditions g\u00e9n\u00e9rales d\u2019utilisations et notre politique de confidentialit\u00e9.<\/p>\n<\/div>\n<p>Emmanuel Macron est un homme de th\u00e9\u00e2tre. Il s\u2019int\u00e9resse au style Retailleau \u00e0 son c\u00f4t\u00e9 cur\u00e9 d\u00e9froqu\u00e9 qui rassure une grande partie de l\u2019\u00e9lectorat. Il veut savoir ce qui, chez\u00a0Bruno Retailleau, pla\u00eet tant aux Fran\u00e7ais. Homme de conviction clairement \u00e0 droite, bosseur, s\u00e9rieux, \u00e9rudit, catholique pratiquant, logiquement, il ne devrait pas faire r\u00eaver. Et pourtant\u2026<\/p>\n<p>Certes, il y a le c\u00f4t\u00e9 dur \u00e0 cuire du premier flic de France, tr\u00e8s fort sur ses appuis sur les sujets de s\u00e9curit\u00e9 et d\u2019immigration, ce qui, chez un ministre de l\u2019Int\u00e9rieur, est somme toute classique. Il ferraille tous azimuts sur ces th\u00e8mes porteurs depuis qu\u2019il s\u2019est install\u00e9 place Beauvau avec une constance et une d\u00e9termination de bulldozer.<\/p>\n<section id=\"meme-chronique\" class=\"title-top\">\n<h2>Dans la m\u00eame chronique<\/h2>\n<\/section>\n<section class=\"mbl txtcenter\"><\/section>\n<p>Le voil\u00e0 propuls\u00e9 au sommet des sondages et devient donc un peu le renard dans le poulailler \u00e0 droite. Son nom circule de plus en plus ouvertement pour devenir le candidat de LR \u00e0 l\u2019\u00e9lection pr\u00e9sidentielle de 2027.<\/p>\n<p><span class=\"Capsule free\"><span class=\"Phylactery\">\u00c0 LIRE AUSSI<\/span> <strong class=\"strong\">\u00ab\u00a0Bruno Retailleau est totalement en phase avec les attentes de l\u2019opinion publique\u00a0\u00bb<\/strong><\/span> Les pr\u00e9tendants vont forc\u00e9ment commencer \u00e0 ne plus le regarder avec des yeux de Chim\u00e8ne. Celui qui apparaissait comme une lointaine doublure, voire un petit lieutenant de Laurent Wauquiez, \u00c9douard Philippe, David Lisnard ou G\u00e9rald Darmanin est en train de changer de statut.<\/p>\n<h2>Gestuelle tr\u00e8s vieille France<\/h2>\n<p>Au plus grand plaisir d\u2019Emmanuel Macron, lequel ne cache plus son int\u00e9r\u00eat pour lui, pour son \u00e9rudition, d\u00e9couverte lors du d\u00eener \u00e9lys\u00e9en. Est-ce ce visage anguleux d\u2019asc\u00e8te du bocage vend\u00e9en, ce c\u00f4t\u00e9 m\u00e9ticuleux de moine b\u00e9n\u00e9dictin dans sa gestuelle tr\u00e8s vieille France, son petit penchant identitaire mezza voce, sa technique de communication singuli\u00e8re, souple sur la forme, brutale sur le fond\u00a0?<\/p>\n<p>Le locataire de l\u2019\u00c9lys\u00e9e a voulu jauger celui qui pourrait bien faire d\u00e9railler les destin\u00e9es de Marine Le Pen. Qui, en effet, aujourd\u2019hui, mieux que l\u2019ancien sc\u00e9nariste des premi\u00e8res sc\u00e8nes du festival du Puy du Fou, ex-lieutenant de Philippe de Villiers, peut aller siphonner une partie des onze millions de voix qui ont vot\u00e9 pour le RN aux derni\u00e8res l\u00e9gislatives\u00a0?<\/p>\n<section class=\"mbl txtcenter\"><\/section>\n<p>Une des obsessions du pr\u00e9sident, tous ses proches le rappellent r\u00e9guli\u00e8rement, est de ne pas \u00eatre celui qui passera le flambeau \u00e0 l\u2019\u00c9lys\u00e9e \u00e0 la d\u00e9put\u00e9e du Pas-de-Calais, dans un peu plus de deux ans. Alors, il valorise, il flatte l\u2019ancien s\u00e9nateur R\u00e9publicains. Il lui accorde un nouveau statut.<\/p>\n<p><span class=\"Capsule discover-kangourou\"><br \/>\n<span class=\"Phylactery\">\u00c0 D\u00e9couvrir<\/span><br \/>\n<strong class=\"discover-kangourou__line\"><\/p>\n<p><strong class=\"discover-kangourou__txt\"><br \/>\n<strong>Le Kangourou du jour<\/strong><\/strong><\/strong><\/span><\/p>\n<p>R\u00e9pondre<\/p>\n<p>Le camp lep\u00e9niste a, bien s\u00fbr, senti le danger. D\u00e9sormais, Bruno Retailleau, fils d\u2019un marchand en grains vend\u00e9en, est la cible des snipers du Rassemblement national. On le crible d\u2019\u00e9pith\u00e8tes peu flatteuses. Faux dur, vrai mou, adepte du coup de menton, mais rien dans le p\u2026<\/p>\n<p>En interne, la direction RN est partag\u00e9e sur l\u2019attitude \u00e0 adopter \u00e0 l\u2019\u00e9gard de la menace Retailleau. Il y a les faucons, partisans d\u2019une campagne au bazooka contre lui. Du c\u00f4t\u00e9 des colombes, on opterait davantage pour le d\u00e9dain, l\u2019indiff\u00e9rence. Car, le nouveau prot\u00e9g\u00e9 d\u2019Emmanuel Macron pourrait conna\u00eetre une gloire en feu de paille. Et se retrouver hors-jeu \u00e0 la prochaine motion de censure. Supr\u00eame paradoxe\u00a0: son destin d\u00e9pend donc de la dur\u00e9e de vie du gouvernement Bayrou, et donc de la mansu\u00e9tude des socialistes dans les prochains jours. La politique est souvent du billard \u00e0 trois bandes.<\/p>\n<p><!-- include t_www_2023\/pages\/article\/blocs\/bloc-encadre.tpl --><br \/>\n<!-- include \/t_www_2023\/pages\/article\/blocs\/bloc-encadre.tpl -->\n<\/p>\n<\/div>\n<p> <img decoding=\"async\" src=\"https:\/\/www.infodictat.fr\/blog\/wp-content\/uploads\/2025\/01\/Informations-francaises-Bruno-Retailleau-le-protege-de-Macron-France.jpg\" alt=\"Bruno Retailleau, le prot\u00e9g\u00e9 de Macron\u00a0?\"><\/p>\n<p>#Bruno #Retailleau #prot\u00e9g\u00e9 #Macron<\/p>\n<p>Reprise de l\u2019information dans un style journalistique professionnel descriptif en organisant les id\u00e9es dans un ordre coh\u00e9rent avec titres html <\/p>\n<p>Vous aimerez aussi:<\/p>\n<p>Histoire de la France coloniale (2).,<a href=\"https:\/\/www.kobo.com\/fr\/fr\/ebook\/histoire-de-la-france-coloniale-2\" target=\"_blank\" rel=\"noopener noreferrer nofollow\">Pour en savoir plus<\/a><span><\/span>.<\/p>\n<p>La France des solutions. Ces citoyens qui b\u00e2tissent l\u2019avenir.,<a href=\"https:\/\/www.kobo.com\/fr\/fr\/ebook\/la-france-des-solutions-ces-citoyens-qui-batissent-l-avenir-1\" target=\"_blank\" rel=\"noopener noreferrer nofollow\">R\u00e9f\u00e9rence lit\u00e9raire<\/a><span><\/span>.<\/p>\n<p>Ville30\/Aper\u00e7u de la situation.,<a href=\"https:\/\/fr.wikibooks.org\/wiki\/Ville30\/Aper%C3%A7u_de_la_situation\" target=\"_blank\" rel=\"noopener noreferrer nofollow\">(la couverture) <\/a><span><\/span>.<\/p>\n<p><script>\nvar date = \"Non r\u00e9cup\u00e9r\u00e9es\";\n        \/\/ Valeur de timestamp\n        var timestampString = 1737977467; \/\/ Assurez-vous que le timestamp est une cha\u00eene de texte\n        \/\/ Convertir la cha\u00eene de texte en nombre entier (timestamp)\n        var timestamp = parseInt(timestampString);\n        \/\/ Cr\u00e9er un objet Date \u00e0 partir du timestamp\n        var dateObject = new Date(timestamp * 1000); \/\/ Le timestamp est en secondes, donc on le multiplie par 1000 pour obtenir les millisecondes\n        \/\/ Format de date personnalis\u00e9\n        var options = { weekday: 'long', year: 'numeric', month: 'long', day: 'numeric', hour: 'numeric', minute: 'numeric', second: 'numeric', timeZone: 'Europe\/Paris' };\n        var formattedDate = dateObject.toLocaleDateString('fr-FR', options);\n formattedDate = formattedDate.replace(\/^.\/, formattedDate[0].toUpperCase());\n        \/\/ Afficher la date dans le HTML\n        document.getElementById('date').textContent = formattedDate;\n    <\/script><\/p>\n<p><script>\nvar datecrea = \"Non r\u00e9cup\u00e9r\u00e9e\";\n        \/\/ Date et heure au format \"2008-06-15 18:02:58\"\n        var dateString = \"2025-01-27 10:00:00\";\n        \/\/ Convertir la cha\u00eene de texte en objet Date\n        var now = new Date(dateString);\n        \/\/ Format de date personnalis\u00e9\n        var options = { weekday: 'long', year: 'numeric', month: 'long', day: 'numeric', hour: 'numeric', minute: 'numeric', second: 'numeric', timeZone: 'Europe\/Paris' };\n        var formattedDate = now.toLocaleDateString('fr-FR', options);\n formattedDate = formattedDate.replace(\/^.\/, formattedDate[0].toUpperCase());\n        \/\/ Afficher la date dans le HTML\n        document.getElementById('datecrea').textContent = formattedDate;\n    <\/script><\/p>\n<\/div>\n<p><img decoding=\"async\" class=\"wpe_imgrss\" src=\"https:\/\/www.infodictat.fr\/blog\/wp-content\/uploads\/2025\/01\/Informations-francaises-Bruno-Retailleau-le-protege-de-Macron-France.jpg\">Vous pouvez lire ce post traitant le sujet \u00ab\u00a0La dictature num\u00e9rique\u00a0\u00bb. Il est produit par la r\u00e9daction de infodictat.fr. Le site infodictat.fr a pour objectif de publier plusieurs articles autour du sujet La dictature num\u00e9rique d\u00e9velopp\u00e9es sur le web. Cette chronique se veut g\u00e9n\u00e9r\u00e9e de la fa\u00e7on la plus juste qui soit. Pour \u00e9mettre des remarques sur ce dossier autour du sujet \u00ab\u00a0La dictature num\u00e9rique\u00a0\u00bb prenez les contacts indiqu\u00e9s sur notre site internet. En consultant r\u00e9guli\u00e8rement nos contenus de blog vous serez au courant des futures parutions.<\/p>\n","protected":false},"excerpt":{"rendered":"<p>Bruno Retailleau, le prot\u00e9g\u00e9 de Macron\u00a0? diffus\u00e9 par Le Point \u2013 Politique le Cet article, dont le propos est \u00ab\u00a0Actualit\u00e9 fran\u00e7aise\u00a0\u00bb, a \u00e9t\u00e9 identifi\u00e9 sur internet, notre \u00e9quipe est heureuse de vous en produire le contenu principal plus bas. Ceci a \u00e9t\u00e9 diffus\u00e9 par Le Point \u2013 Politique Signature . Date et heure de la &#8230; <a title=\"Actualit\u00e9s fran\u00e7aises: Bruno Retailleau, le prot\u00e9g\u00e9 de Macron\u00a0? #France\" class=\"read-more\" href=\"https:\/\/www.infodictat.fr\/blog\/actualites-francaises-bruno-retailleau-le-protege-de-macron-france\/\" aria-label=\"En savoir plus sur Actualit\u00e9s fran\u00e7aises: Bruno Retailleau, le prot\u00e9g\u00e9 de Macron\u00a0? #France\">Lire la suite<\/a><\/p>\n","protected":false},"author":2,"featured_media":959,"comment_status":"closed","ping_status":"closed","sticky":false,"template":"","format":"standard","meta":{"footnotes":""},"categories":[2],"tags":[],"class_list":["post-958","post","type-post","status-publish","format-standard","has-post-thumbnail","hentry","category-la-dictature-numerique"],"yoast_head":"<!-- This site is optimized with the Yoast SEO plugin v27.5 - https:\/\/yoast.com\/product\/yoast-seo-wordpress\/ -->\n<title>Actualit\u00e9s fran\u00e7aises: Bruno Retailleau, le prot\u00e9g\u00e9 de Macron\u00a0? #France - INFODICTAT<\/title>\n<meta name=\"robots\" content=\"index, follow, max-snippet:-1, max-image-preview:large, max-video-preview:-1\" \/>\n<link rel=\"canonical\" href=\"https:\/\/www.infodictat.fr\/blog\/actualites-francaises-bruno-retailleau-le-protege-de-macron-france\/\" \/>\n<meta property=\"og:locale\" content=\"fr_FR\" \/>\n<meta property=\"og:type\" content=\"article\" \/>\n<meta property=\"og:title\" content=\"Actualit\u00e9s fran\u00e7aises: Bruno Retailleau, le prot\u00e9g\u00e9 de Macron\u00a0? #France - INFODICTAT\" \/>\n<meta property=\"og:description\" content=\"Bruno Retailleau, le prot\u00e9g\u00e9 de Macron\u00a0? diffus\u00e9 par Le Point \u2013 Politique le Cet article, dont le propos est \u00ab\u00a0Actualit\u00e9 fran\u00e7aise\u00a0\u00bb, a \u00e9t\u00e9 identifi\u00e9 sur internet, notre \u00e9quipe est heureuse de vous en produire le contenu principal plus bas. Ceci a \u00e9t\u00e9 diffus\u00e9 par Le Point \u2013 Politique Signature . Date et heure de la ... Lire la suite\" \/>\n<meta property=\"og:url\" content=\"https:\/\/www.infodictat.fr\/blog\/actualites-francaises-bruno-retailleau-le-protege-de-macron-france\/\" \/>\n<meta property=\"og:site_name\" content=\"INFODICTAT\" \/>\n<meta property=\"article:published_time\" content=\"2025-01-27T17:32:16+00:00\" \/>\n<meta property=\"og:image\" content=\"https:\/\/www.infodictat.fr\/blog\/wp-content\/uploads\/2025\/01\/Informations-francaises-Bruno-Retailleau-le-protege-de-Macron-France.jpg\" \/>\n<meta name=\"author\" content=\"Oscar BETHMONT\" \/>\n<meta name=\"twitter:card\" content=\"summary_large_image\" \/>\n<meta name=\"twitter:label1\" content=\"\u00c9crit par\" \/>\n\t<meta name=\"twitter:data1\" content=\"Oscar BETHMONT\" \/>\n\t<meta name=\"twitter:label2\" content=\"Dur\u00e9e de lecture estim\u00e9e\" \/>\n\t<meta name=\"twitter:data2\" content=\"5 minutes\" \/>\n<script type=\"application\/ld+json\" class=\"yoast-schema-graph\">{\"@context\":\"https:\\\/\\\/schema.org\",\"@graph\":[{\"@type\":\"Article\",\"@id\":\"https:\\\/\\\/www.infodictat.fr\\\/blog\\\/actualites-francaises-bruno-retailleau-le-protege-de-macron-france\\\/#article\",\"isPartOf\":{\"@id\":\"https:\\\/\\\/www.infodictat.fr\\\/blog\\\/actualites-francaises-bruno-retailleau-le-protege-de-macron-france\\\/\"},\"author\":{\"name\":\"Oscar BETHMONT\",\"@id\":\"https:\\\/\\\/www.infodictat.fr\\\/blog\\\/#\\\/schema\\\/person\\\/6c2c8af0941702348e8eca9144cc1267\"},\"headline\":\"Actualit\u00e9s fran\u00e7aises: Bruno Retailleau, le prot\u00e9g\u00e9 de Macron\u00a0? #France\",\"datePublished\":\"2025-01-27T17:32:16+00:00\",\"mainEntityOfPage\":{\"@id\":\"https:\\\/\\\/www.infodictat.fr\\\/blog\\\/actualites-francaises-bruno-retailleau-le-protege-de-macron-france\\\/\"},\"wordCount\":998,\"publisher\":{\"@id\":\"https:\\\/\\\/www.infodictat.fr\\\/blog\\\/#organization\"},\"image\":{\"@id\":\"https:\\\/\\\/www.infodictat.fr\\\/blog\\\/actualites-francaises-bruno-retailleau-le-protege-de-macron-france\\\/#primaryimage\"},\"thumbnailUrl\":\"https:\\\/\\\/www.infodictat.fr\\\/blog\\\/wp-content\\\/uploads\\\/2025\\\/01\\\/Informations-francaises-Bruno-Retailleau-le-protege-de-Macron-France.jpg\",\"articleSection\":[\"La Dictature Num\u00e9rique:\"],\"inLanguage\":\"fr-FR\"},{\"@type\":\"WebPage\",\"@id\":\"https:\\\/\\\/www.infodictat.fr\\\/blog\\\/actualites-francaises-bruno-retailleau-le-protege-de-macron-france\\\/\",\"url\":\"https:\\\/\\\/www.infodictat.fr\\\/blog\\\/actualites-francaises-bruno-retailleau-le-protege-de-macron-france\\\/\",\"name\":\"Actualit\u00e9s fran\u00e7aises: Bruno Retailleau, le prot\u00e9g\u00e9 de Macron\u00a0? #France - INFODICTAT\",\"isPartOf\":{\"@id\":\"https:\\\/\\\/www.infodictat.fr\\\/blog\\\/#website\"},\"primaryImageOfPage\":{\"@id\":\"https:\\\/\\\/www.infodictat.fr\\\/blog\\\/actualites-francaises-bruno-retailleau-le-protege-de-macron-france\\\/#primaryimage\"},\"image\":{\"@id\":\"https:\\\/\\\/www.infodictat.fr\\\/blog\\\/actualites-francaises-bruno-retailleau-le-protege-de-macron-france\\\/#primaryimage\"},\"thumbnailUrl\":\"https:\\\/\\\/www.infodictat.fr\\\/blog\\\/wp-content\\\/uploads\\\/2025\\\/01\\\/Informations-francaises-Bruno-Retailleau-le-protege-de-Macron-France.jpg\",\"datePublished\":\"2025-01-27T17:32:16+00:00\",\"breadcrumb\":{\"@id\":\"https:\\\/\\\/www.infodictat.fr\\\/blog\\\/actualites-francaises-bruno-retailleau-le-protege-de-macron-france\\\/#breadcrumb\"},\"inLanguage\":\"fr-FR\",\"potentialAction\":[{\"@type\":\"ReadAction\",\"target\":[\"https:\\\/\\\/www.infodictat.fr\\\/blog\\\/actualites-francaises-bruno-retailleau-le-protege-de-macron-france\\\/\"]}]},{\"@type\":\"ImageObject\",\"inLanguage\":\"fr-FR\",\"@id\":\"https:\\\/\\\/www.infodictat.fr\\\/blog\\\/actualites-francaises-bruno-retailleau-le-protege-de-macron-france\\\/#primaryimage\",\"url\":\"https:\\\/\\\/www.infodictat.fr\\\/blog\\\/wp-content\\\/uploads\\\/2025\\\/01\\\/Informations-francaises-Bruno-Retailleau-le-protege-de-Macron-France.jpg\",\"contentUrl\":\"https:\\\/\\\/www.infodictat.fr\\\/blog\\\/wp-content\\\/uploads\\\/2025\\\/01\\\/Informations-francaises-Bruno-Retailleau-le-protege-de-Macron-France.jpg\",\"width\":1440,\"height\":960},{\"@type\":\"BreadcrumbList\",\"@id\":\"https:\\\/\\\/www.infodictat.fr\\\/blog\\\/actualites-francaises-bruno-retailleau-le-protege-de-macron-france\\\/#breadcrumb\",\"itemListElement\":[{\"@type\":\"ListItem\",\"position\":1,\"name\":\"Accueil\",\"item\":\"https:\\\/\\\/www.infodictat.fr\\\/blog\\\/\"},{\"@type\":\"ListItem\",\"position\":2,\"name\":\"Actualit\u00e9s fran\u00e7aises: Bruno Retailleau, le prot\u00e9g\u00e9 de Macron\u00a0? #France\"}]},{\"@type\":\"WebSite\",\"@id\":\"https:\\\/\\\/www.infodictat.fr\\\/blog\\\/#website\",\"url\":\"https:\\\/\\\/www.infodictat.fr\\\/blog\\\/\",\"name\":\"INFODICTAT\",\"description\":\"La dictature num\u00e9rique.\",\"publisher\":{\"@id\":\"https:\\\/\\\/www.infodictat.fr\\\/blog\\\/#organization\"},\"potentialAction\":[{\"@type\":\"SearchAction\",\"target\":{\"@type\":\"EntryPoint\",\"urlTemplate\":\"https:\\\/\\\/www.infodictat.fr\\\/blog\\\/?s={search_term_string}\"},\"query-input\":{\"@type\":\"PropertyValueSpecification\",\"valueRequired\":true,\"valueName\":\"search_term_string\"}}],\"inLanguage\":\"fr-FR\"},{\"@type\":\"Organization\",\"@id\":\"https:\\\/\\\/www.infodictat.fr\\\/blog\\\/#organization\",\"name\":\"infodictat\",\"url\":\"https:\\\/\\\/www.infodictat.fr\\\/blog\\\/\",\"logo\":{\"@type\":\"ImageObject\",\"inLanguage\":\"fr-FR\",\"@id\":\"https:\\\/\\\/www.infodictat.fr\\\/blog\\\/#\\\/schema\\\/logo\\\/image\\\/\",\"url\":\"https:\\\/\\\/www.infodictat.fr\\\/blog\\\/wp-content\\\/uploads\\\/2023\\\/05\\\/logo-2.png\",\"contentUrl\":\"https:\\\/\\\/www.infodictat.fr\\\/blog\\\/wp-content\\\/uploads\\\/2023\\\/05\\\/logo-2.png\",\"width\":480,\"height\":596,\"caption\":\"infodictat\"},\"image\":{\"@id\":\"https:\\\/\\\/www.infodictat.fr\\\/blog\\\/#\\\/schema\\\/logo\\\/image\\\/\"}},{\"@type\":\"Person\",\"@id\":\"https:\\\/\\\/www.infodictat.fr\\\/blog\\\/#\\\/schema\\\/person\\\/6c2c8af0941702348e8eca9144cc1267\",\"name\":\"Oscar BETHMONT\",\"image\":{\"@type\":\"ImageObject\",\"inLanguage\":\"fr-FR\",\"@id\":\"https:\\\/\\\/secure.gravatar.com\\\/avatar\\\/f80ff32d67d40b919e8be190b7325be3c6cb33ce305ac1d45cadad29128e831e?s=96&d=mm&r=g\",\"url\":\"https:\\\/\\\/secure.gravatar.com\\\/avatar\\\/f80ff32d67d40b919e8be190b7325be3c6cb33ce305ac1d45cadad29128e831e?s=96&d=mm&r=g\",\"contentUrl\":\"https:\\\/\\\/secure.gravatar.com\\\/avatar\\\/f80ff32d67d40b919e8be190b7325be3c6cb33ce305ac1d45cadad29128e831e?s=96&d=mm&r=g\",\"caption\":\"Oscar BETHMONT\"},\"url\":\"https:\\\/\\\/www.infodictat.fr\\\/blog\\\/author\\\/tatoscar\\\/\"}]}<\/script>\n<!-- \/ Yoast SEO plugin. -->","yoast_head_json":{"title":"Actualit\u00e9s fran\u00e7aises: Bruno Retailleau, le prot\u00e9g\u00e9 de Macron\u00a0? #France - INFODICTAT","robots":{"index":"index","follow":"follow","max-snippet":"max-snippet:-1","max-image-preview":"max-image-preview:large","max-video-preview":"max-video-preview:-1"},"canonical":"https:\/\/www.infodictat.fr\/blog\/actualites-francaises-bruno-retailleau-le-protege-de-macron-france\/","og_locale":"fr_FR","og_type":"article","og_title":"Actualit\u00e9s fran\u00e7aises: Bruno Retailleau, le prot\u00e9g\u00e9 de Macron\u00a0? #France - INFODICTAT","og_description":"Bruno Retailleau, le prot\u00e9g\u00e9 de Macron\u00a0? diffus\u00e9 par Le Point \u2013 Politique le Cet article, dont le propos est \u00ab\u00a0Actualit\u00e9 fran\u00e7aise\u00a0\u00bb, a \u00e9t\u00e9 identifi\u00e9 sur internet, notre \u00e9quipe est heureuse de vous en produire le contenu principal plus bas. Ceci a \u00e9t\u00e9 diffus\u00e9 par Le Point \u2013 Politique Signature . Date et heure de la ... Lire la suite","og_url":"https:\/\/www.infodictat.fr\/blog\/actualites-francaises-bruno-retailleau-le-protege-de-macron-france\/","og_site_name":"INFODICTAT","article_published_time":"2025-01-27T17:32:16+00:00","og_image":[{"url":"https:\/\/www.infodictat.fr\/blog\/wp-content\/uploads\/2025\/01\/Informations-francaises-Bruno-Retailleau-le-protege-de-Macron-France.jpg","type":"","width":"","height":""}],"author":"Oscar BETHMONT","twitter_card":"summary_large_image","twitter_misc":{"\u00c9crit par":"Oscar BETHMONT","Dur\u00e9e de lecture estim\u00e9e":"5 minutes"},"schema":{"@context":"https:\/\/schema.org","@graph":[{"@type":"Article","@id":"https:\/\/www.infodictat.fr\/blog\/actualites-francaises-bruno-retailleau-le-protege-de-macron-france\/#article","isPartOf":{"@id":"https:\/\/www.infodictat.fr\/blog\/actualites-francaises-bruno-retailleau-le-protege-de-macron-france\/"},"author":{"name":"Oscar BETHMONT","@id":"https:\/\/www.infodictat.fr\/blog\/#\/schema\/person\/6c2c8af0941702348e8eca9144cc1267"},"headline":"Actualit\u00e9s fran\u00e7aises: Bruno Retailleau, le prot\u00e9g\u00e9 de Macron\u00a0? #France","datePublished":"2025-01-27T17:32:16+00:00","mainEntityOfPage":{"@id":"https:\/\/www.infodictat.fr\/blog\/actualites-francaises-bruno-retailleau-le-protege-de-macron-france\/"},"wordCount":998,"publisher":{"@id":"https:\/\/www.infodictat.fr\/blog\/#organization"},"image":{"@id":"https:\/\/www.infodictat.fr\/blog\/actualites-francaises-bruno-retailleau-le-protege-de-macron-france\/#primaryimage"},"thumbnailUrl":"https:\/\/www.infodictat.fr\/blog\/wp-content\/uploads\/2025\/01\/Informations-francaises-Bruno-Retailleau-le-protege-de-Macron-France.jpg","articleSection":["La Dictature Num\u00e9rique:"],"inLanguage":"fr-FR"},{"@type":"WebPage","@id":"https:\/\/www.infodictat.fr\/blog\/actualites-francaises-bruno-retailleau-le-protege-de-macron-france\/","url":"https:\/\/www.infodictat.fr\/blog\/actualites-francaises-bruno-retailleau-le-protege-de-macron-france\/","name":"Actualit\u00e9s fran\u00e7aises: Bruno Retailleau, le prot\u00e9g\u00e9 de Macron\u00a0? #France - INFODICTAT","isPartOf":{"@id":"https:\/\/www.infodictat.fr\/blog\/#website"},"primaryImageOfPage":{"@id":"https:\/\/www.infodictat.fr\/blog\/actualites-francaises-bruno-retailleau-le-protege-de-macron-france\/#primaryimage"},"image":{"@id":"https:\/\/www.infodictat.fr\/blog\/actualites-francaises-bruno-retailleau-le-protege-de-macron-france\/#primaryimage"},"thumbnailUrl":"https:\/\/www.infodictat.fr\/blog\/wp-content\/uploads\/2025\/01\/Informations-francaises-Bruno-Retailleau-le-protege-de-Macron-France.jpg","datePublished":"2025-01-27T17:32:16+00:00","breadcrumb":{"@id":"https:\/\/www.infodictat.fr\/blog\/actualites-francaises-bruno-retailleau-le-protege-de-macron-france\/#breadcrumb"},"inLanguage":"fr-FR","potentialAction":[{"@type":"ReadAction","target":["https:\/\/www.infodictat.fr\/blog\/actualites-francaises-bruno-retailleau-le-protege-de-macron-france\/"]}]},{"@type":"ImageObject","inLanguage":"fr-FR","@id":"https:\/\/www.infodictat.fr\/blog\/actualites-francaises-bruno-retailleau-le-protege-de-macron-france\/#primaryimage","url":"https:\/\/www.infodictat.fr\/blog\/wp-content\/uploads\/2025\/01\/Informations-francaises-Bruno-Retailleau-le-protege-de-Macron-France.jpg","contentUrl":"https:\/\/www.infodictat.fr\/blog\/wp-content\/uploads\/2025\/01\/Informations-francaises-Bruno-Retailleau-le-protege-de-Macron-France.jpg","width":1440,"height":960},{"@type":"BreadcrumbList","@id":"https:\/\/www.infodictat.fr\/blog\/actualites-francaises-bruno-retailleau-le-protege-de-macron-france\/#breadcrumb","itemListElement":[{"@type":"ListItem","position":1,"name":"Accueil","item":"https:\/\/www.infodictat.fr\/blog\/"},{"@type":"ListItem","position":2,"name":"Actualit\u00e9s fran\u00e7aises: Bruno Retailleau, le prot\u00e9g\u00e9 de Macron\u00a0? #France"}]},{"@type":"WebSite","@id":"https:\/\/www.infodictat.fr\/blog\/#website","url":"https:\/\/www.infodictat.fr\/blog\/","name":"INFODICTAT","description":"La dictature num\u00e9rique.","publisher":{"@id":"https:\/\/www.infodictat.fr\/blog\/#organization"},"potentialAction":[{"@type":"SearchAction","target":{"@type":"EntryPoint","urlTemplate":"https:\/\/www.infodictat.fr\/blog\/?s={search_term_string}"},"query-input":{"@type":"PropertyValueSpecification","valueRequired":true,"valueName":"search_term_string"}}],"inLanguage":"fr-FR"},{"@type":"Organization","@id":"https:\/\/www.infodictat.fr\/blog\/#organization","name":"infodictat","url":"https:\/\/www.infodictat.fr\/blog\/","logo":{"@type":"ImageObject","inLanguage":"fr-FR","@id":"https:\/\/www.infodictat.fr\/blog\/#\/schema\/logo\/image\/","url":"https:\/\/www.infodictat.fr\/blog\/wp-content\/uploads\/2023\/05\/logo-2.png","contentUrl":"https:\/\/www.infodictat.fr\/blog\/wp-content\/uploads\/2023\/05\/logo-2.png","width":480,"height":596,"caption":"infodictat"},"image":{"@id":"https:\/\/www.infodictat.fr\/blog\/#\/schema\/logo\/image\/"}},{"@type":"Person","@id":"https:\/\/www.infodictat.fr\/blog\/#\/schema\/person\/6c2c8af0941702348e8eca9144cc1267","name":"Oscar BETHMONT","image":{"@type":"ImageObject","inLanguage":"fr-FR","@id":"https:\/\/secure.gravatar.com\/avatar\/f80ff32d67d40b919e8be190b7325be3c6cb33ce305ac1d45cadad29128e831e?s=96&d=mm&r=g","url":"https:\/\/secure.gravatar.com\/avatar\/f80ff32d67d40b919e8be190b7325be3c6cb33ce305ac1d45cadad29128e831e?s=96&d=mm&r=g","contentUrl":"https:\/\/secure.gravatar.com\/avatar\/f80ff32d67d40b919e8be190b7325be3c6cb33ce305ac1d45cadad29128e831e?s=96&d=mm&r=g","caption":"Oscar BETHMONT"},"url":"https:\/\/www.infodictat.fr\/blog\/author\/tatoscar\/"}]}},"_links":{"self":[{"href":"https:\/\/www.infodictat.fr\/blog\/wp-json\/wp\/v2\/posts\/958","targetHints":{"allow":["GET"]}}],"collection":[{"href":"https:\/\/www.infodictat.fr\/blog\/wp-json\/wp\/v2\/posts"}],"about":[{"href":"https:\/\/www.infodictat.fr\/blog\/wp-json\/wp\/v2\/types\/post"}],"author":[{"embeddable":true,"href":"https:\/\/www.infodictat.fr\/blog\/wp-json\/wp\/v2\/users\/2"}],"replies":[{"embeddable":true,"href":"https:\/\/www.infodictat.fr\/blog\/wp-json\/wp\/v2\/comments?post=958"}],"version-history":[{"count":0,"href":"https:\/\/www.infodictat.fr\/blog\/wp-json\/wp\/v2\/posts\/958\/revisions"}],"wp:featuredmedia":[{"embeddable":true,"href":"https:\/\/www.infodictat.fr\/blog\/wp-json\/wp\/v2\/media\/959"}],"wp:attachment":[{"href":"https:\/\/www.infodictat.fr\/blog\/wp-json\/wp\/v2\/media?parent=958"}],"wp:term":[{"taxonomy":"category","embeddable":true,"href":"https:\/\/www.infodictat.fr\/blog\/wp-json\/wp\/v2\/categories?post=958"},{"taxonomy":"post_tag","embeddable":true,"href":"https:\/\/www.infodictat.fr\/blog\/wp-json\/wp\/v2\/tags?post=958"}],"curies":[{"name":"wp","href":"https:\/\/api.w.org\/{rel}","templated":true}]}}