{"id":932,"date":"2025-01-08T21:29:48","date_gmt":"2025-01-08T20:29:48","guid":{"rendered":"https:\/\/www.infodictat.fr\/blog\/actualites-nationales-brigitte-macron-monte-au-creneau-pour-defendre-son-mari-france\/"},"modified":"2025-01-08T21:29:48","modified_gmt":"2025-01-08T20:29:48","slug":"actualites-nationales-brigitte-macron-monte-au-creneau-pour-defendre-son-mari-france","status":"publish","type":"post","link":"https:\/\/www.infodictat.fr\/blog\/actualites-nationales-brigitte-macron-monte-au-creneau-pour-defendre-son-mari-france\/","title":{"rendered":"Actualit\u00e9s nationales: Brigitte Macron monte au cr\u00e9neau pour d\u00e9fendre son mari #France"},"content":{"rendered":"<div>\n<h1>Brigitte Macron monte au cr\u00e9neau pour d\u00e9fendre son mari diffus\u00e9 par Le Point \u2013 Politique le <span id=\"datecrea\"><\/span> <\/h1>\n<p>Voil\u00e0 un papier que je suis heureux de divulguer ici sur notre blog.  La th\u00e9matique est \u00ab\u00a0Actualit\u00e9 fran\u00e7aise\u00a0\u00bb.<\/p>\n<h2>Ceci a \u00e9t\u00e9 publi\u00e9 par Le Point \u2013 Politique<\/h2>\n<p><u>Signature  . <\/u><\/p>\n<p><u>Date et heure de la r\u00e9ception de la d\u00e9p\u00e9che sur notre fil d\u2019info:<\/u><strong><span id=\"date\"><\/span><\/strong><\/p>\n<p><u>Date et heure de publication sur internet:<\/u> <strong><span id=\"datecrea\"><\/span><\/strong><\/p>\n<p><u>Titre exacte donn\u00e9 par le journal \u00e9tait:<\/u> <strong>Brigitte Macron monte au cr\u00e9neau pour d\u00e9fendre son mari<\/strong><\/p>\n<p><u>Information et contenu publi\u00e9s :<\/u><\/p>\n<div id=\"contenu\">\n        <!-- include t_www_2023\/pages\/article\/blocs\/tag_pub.tpl --><br \/>\n        <!-- include \/t_www_2023\/pages\/article\/blocs\/tag_pub.tpl --><\/p>\n<p><span class=\"dflt-txt__lettrine\">E<\/span>mmanuel Macron peut compter sur le soutien de son \u00e9pouse. Brigitte Macron a d\u00e9fendu l\u2019action du pr\u00e9sident sur le plateau de TF1 ce mercredi 8\u00a0janvier. Si la premi\u00e8re dame \u00e9tait invit\u00e9e \u00e0 l\u2019occasion\u00a0de l\u2019op\u00e9ration\u00a0Pi\u00e8ces jaunes, aux c\u00f4t\u00e9s de Didier Deschamps, elle a rapidement \u00e9t\u00e9 interrog\u00e9e sur la situation\u00a0politique fran\u00e7aise, emp\u00eatr\u00e9e dans une crise depuis la dissolution surprise de l\u2019Assembl\u00e9e nationale par\u00a0Emmanuel Macron.<\/p>\n<section class=\"mbl txtcenter\"><\/section>\n<div id=\"newsletter\" class=\"bloc-1 title-top\">\n<span class=\"h2\">La newsletter politique<\/span><\/p>\n<div class=\"step-1\">\n<p class=\"period\">Tous les lundis \u00e0 11h30<\/p>\n<p>Recevez en avant-premi\u00e8re les informations et analyses politiques de la r\u00e9daction du Point.<\/p>\n<\/div>\n<div class=\"step-2\">\n<p>Merci !<br \/>Votre inscription a bien \u00e9t\u00e9 prise en compte avec l\u2019adresse email :<br \/><span class=\"email-sended\"><\/span><\/p>\n<p>Pour d\u00e9couvrir toutes nos autres newsletters, rendez-vous ici : MonCompte<\/p>\n<\/div>\n<p>En vous inscrivant, vous acceptez les conditions g\u00e9n\u00e9rales d\u2019utilisations et notre politique de confidentialit\u00e9.<\/p>\n<\/div>\n<p>\u00ab\u00a0Je sens [les Fran\u00e7ais]\u00a0angoiss\u00e9s, un petit peu perdus. Ils ont besoin de sens. Ils ne comprennent pas bien ce qu\u2019il se passe\u00a0\u00bb, a-t-elle reconnu face \u00e0 la journaliste Marie-Sophie Lacarrau. Et d\u2019insister\u00a0: \u00ab\u00a0Ils sont tr\u00e8s anxieux de l\u2019avenir, parce qu\u2019ils ne comprennent pas le pr\u00e9sent.\u00a0\u00bb Mais pour la locataire de l\u2019\u00c9lys\u00e9e, c\u2019est \u00ab\u00a0l\u2019Histoire qui dira, en fin de compte, s\u2019il fallait la faire [la dissolution, NDLR] ou non\u00a0\u00bb.<\/p>\n<div>\n<div class=\"mts\">\n<div class=\"reset-text mtm mbm\">\n<div class=\"art-twitter\">\n<blockquote class=\"twitter-tweet-unloaded\">\n<p dir=\"ltr\" lang=\"fr\">\ufffd\ufffd Brigitte Macron revient sur la dissolution d\u2019Emmanuel Macron : \u00ab\u00a0Je pense que c\u2019est l\u2019Histoire qui donnera en fin de compte le sens de cette dissolution, s\u2019il fallait la faire ou ne pas la faire. (\u2026) Moi, j\u2019ai suivi son raisonnement. Il me l\u2019a expliqu\u00e9.\u00a0\u00bb<a rel=\"nofollow\" target=\"_blank\" href=\"https:\/\/twitter.com\/hashtag\/LE13H?src=hash&amp;ref_src=twsrc%5Etfw\">#LE13H<\/a> <a rel=\"nofollow\" target=\"_blank\" href=\"https:\/\/t.co\/89BZZgB2Xz\">pic.twitter.com\/89BZZgB2Xz<\/a><\/p>\n<section class=\"mbl txtcenter\"><\/section>\n<p> \u2014 TF1Info (@TF1Info) <a rel=\"nofollow\" target=\"_blank\" href=\"https:\/\/twitter.com\/TF1Info\/status\/1876976190650450287?ref_src=twsrc%5Etfw\">January 8, 2025<\/a> <\/p><\/blockquote>\n<\/div>\n<\/div>\n<\/div>\n<p>L\u2019\u00e9pouse d\u2019Emmanuel Macron, qui indique avoir \u00ab\u00a0suivi\u00a0\u00bb le raisonnement du chef de l\u2019\u00c9tat qui lui a \u00ab\u00a0expliqu\u00e9\u00a0\u00bb, consid\u00e8re qu\u2019elle n\u2019a pas \u00e0 donner son avis sur ses d\u00e9cisions. \u00ab\u00a0Certains journaux me pr\u00eatent des phrases, mais je n\u2019ai jamais dit ce que je pensais et je ne le dirai jamais\u00a0\u00bb, a\u00a0rappel\u00e9 celle qui s\u2019exprime\u00a0tr\u00e8s rarement sur la situation politique.<\/p>\n<\/div>\n<h2>Emmanuel Macron \u00ab\u00a0meurtri\u00a0\u00bb<\/h2>\n<p><span class=\"Capsule discover-kangourou\"><br \/>\n<span class=\"Phylactery\">\u00c0 D\u00e9couvrir<\/span><br \/>\n<strong class=\"discover-kangourou__line\"><\/p>\n<p><strong class=\"discover-kangourou__txt\"><br \/>\n<strong>Le Kangourou du jour<\/strong><\/strong><\/strong><\/span><\/p>\n<p>R\u00e9pondre<\/p>\n<p>S\u2019il y a bien une certitude, c\u2019est que son mari est d\u00e9termin\u00e9 \u00e0 aller\u00a0jusqu\u2019au bout de son mandat. \u00ab\u00a0Il l\u2019a dit parce que c\u2019est la mission que lui avaient donn\u00e9e les Fran\u00e7ais\u00a0\u00bb, a-t-elle balay\u00e9. \u00ab\u00a0Il a tellement \u00e0 c\u0153ur les Fran\u00e7ais [\u2026]\u00a0Je ne l\u2019ai jamais vu d\u00e9brancher compl\u00e8tement, m\u00eame une journ\u00e9e.\u00a0\u00bb Et de marteler\u00a0: \u00ab\u00a0Je ne peux pas dire s\u2019il a raison ou tort, ce n\u2019est pas mon sujet, mais je peux dire son quotidien. Et je peux dire que son quotidien, ce sont les Fran\u00e7ais.\u00a0\u00bb<\/p>\n<p><span class=\"Capsule premium\"><span class=\"Phylactery\">\u00c0 LIRE AUSSI<\/span> <strong class=\"strong\">Brigitte Macron, enqu\u00eate sur la conseill\u00e8re du pr\u00e9sident<\/strong><\/span>Selon Brigitte Macron, si le pr\u00e9sident n\u2019a pas \u00ab\u00a0chang\u00e9\u00a0\u00bb depuis cet \u00e9pisode politique, il est parfois \u00ab\u00a0meurtri\u00a0\u00bb par les remarques qu\u2019il entend. \u00ab\u00a0C\u2019est tr\u00e8s difficile, mais il le garde pour lui\u00a0\u00bb, estime celle qui partage sa vie, pr\u00e9cisant qu\u2019\u00ab\u00a0il parlait plus facilement avant\u00a0\u00bb. Et d\u2019insister\u00a0: \u00ab\u00a0Maintenant, il ne dit pas ce qu\u2019il ressent. \u00c7a, je le comprends parce que s\u2019il y a une chose qu\u2019Emmanuel m\u00e9rite, c\u2019est le respect.\u00a0\u00bb<\/p>\n<p><app_only><jeu id=\"8\" type=\"BON_NOMBRE\"><\/jeu><\/app_only><!-- include t_www_2023\/pages\/article\/blocs\/bloc-encadre.tpl --><br \/>\n<!-- include \/t_www_2023\/pages\/article\/blocs\/bloc-encadre.tpl -->\n<\/p>\n<\/div>\n<p><script async src=\"\/\/platform.twitter.com\/widgets.js\" charset=\"utf-8\"><\/script><\/p>\n<p> <img decoding=\"async\" src=\"https:\/\/www.infodictat.fr\/blog\/wp-content\/uploads\/2025\/01\/Actus-francaises-Brigitte-Macron-monte-au-creneau-pour-defendre-son.jpg\" alt=\"Brigitte Macron monte au cr\u00e9neau pour d\u00e9fendre son mari\"><\/p>\n<p>#Brigitte #Macron #monte #cr\u00e9neau #pour #d\u00e9fendre #son #mari<\/p>\n<p>Reprise de l\u2019information dans un style journalistique professionnel descriptif en organisant les id\u00e9es dans un ordre coh\u00e9rent avec titres html <\/p>\n<p>Parutions sur le m\u00eame objet:<\/p>\n<p>Code de la route\/Signalisation dynamique.,<a href=\"https:\/\/fr.wikibooks.org\/wiki\/Code_de_la_route\/Signalisation_dynamique\" target=\"_blank\" rel=\"noopener noreferrer nofollow\">sur ce lien la fiche descriptive<\/a><span><\/span>.<\/p>\n<p>La France des ann\u00e9es 1930.,<a href=\"https:\/\/www.kobo.com\/fr\/fr\/ebook\/la-france-des-annees-1930\" target=\"_blank\" rel=\"noopener noreferrer nofollow\">Description de l\u2019\u00e9diteur<\/a><span><\/span>. Disponible dans toutes les bonnes librairies.<\/p>\n<p><script>\nvar date = \"Non r\u00e9cup\u00e9r\u00e9es\";\n        \/\/ Valeur de timestamp\n        var timestampString = 1736360709; \/\/ Assurez-vous que le timestamp est une cha\u00eene de texte\n        \/\/ Convertir la cha\u00eene de texte en nombre entier (timestamp)\n        var timestamp = parseInt(timestampString);\n        \/\/ Cr\u00e9er un objet Date \u00e0 partir du timestamp\n        var dateObject = new Date(timestamp * 1000); \/\/ Le timestamp est en secondes, donc on le multiplie par 1000 pour obtenir les millisecondes\n        \/\/ Format de date personnalis\u00e9\n        var options = { weekday: 'long', year: 'numeric', month: 'long', day: 'numeric', hour: 'numeric', minute: 'numeric', second: 'numeric', timeZone: 'Europe\/Paris' };\n        var formattedDate = dateObject.toLocaleDateString('fr-FR', options);\n formattedDate = formattedDate.replace(\/^.\/, formattedDate[0].toUpperCase());\n        \/\/ Afficher la date dans le HTML\n        document.getElementById('date').textContent = formattedDate;\n    <\/script><\/p>\n<p><script>\nvar datecrea = \"Non r\u00e9cup\u00e9r\u00e9e\";\n        \/\/ Date et heure au format \"2008-06-15 18:02:58\"\n        var dateString = \"2025-01-08 17:36:00\";\n        \/\/ Convertir la cha\u00eene de texte en objet Date\n        var now = new Date(dateString);\n        \/\/ Format de date personnalis\u00e9\n        var options = { weekday: 'long', year: 'numeric', month: 'long', day: 'numeric', hour: 'numeric', minute: 'numeric', second: 'numeric', timeZone: 'Europe\/Paris' };\n        var formattedDate = now.toLocaleDateString('fr-FR', options);\n formattedDate = formattedDate.replace(\/^.\/, formattedDate[0].toUpperCase());\n        \/\/ Afficher la date dans le HTML\n        document.getElementById('datecrea').textContent = formattedDate;\n    <\/script><\/p>\n<\/div>\n<p><img decoding=\"async\" class=\"wpe_imgrss\" src=\"https:\/\/www.infodictat.fr\/blog\/wp-content\/uploads\/2025\/01\/Actus-francaises-Brigitte-Macron-monte-au-creneau-pour-defendre-son.jpg\">Vous pouvez lire ce post traitant le sujet \u00ab\u00a0La dictature num\u00e9rique\u00a0\u00bb. Il est produit par la r\u00e9daction de infodictat.fr. Le site infodictat.fr a pour objectif de publier plusieurs articles autour du sujet La dictature num\u00e9rique d\u00e9velopp\u00e9es sur le web. Cette chronique se veut g\u00e9n\u00e9r\u00e9e de la fa\u00e7on la plus juste qui soit. Pour \u00e9mettre des remarques sur ce dossier autour du sujet \u00ab\u00a0La dictature num\u00e9rique\u00a0\u00bb prenez les contacts indiqu\u00e9s sur notre site internet. En consultant r\u00e9guli\u00e8rement nos contenus de blog vous serez au courant des futures parutions.<\/p>\n","protected":false},"excerpt":{"rendered":"<p>Brigitte Macron monte au cr\u00e9neau pour d\u00e9fendre son mari diffus\u00e9 par Le Point \u2013 Politique le Voil\u00e0 un papier que je suis heureux de divulguer ici sur notre blog. La th\u00e9matique est \u00ab\u00a0Actualit\u00e9 fran\u00e7aise\u00a0\u00bb. Ceci a \u00e9t\u00e9 publi\u00e9 par Le Point \u2013 Politique Signature . Date et heure de la r\u00e9ception de la d\u00e9p\u00e9che sur &#8230; <a title=\"Actualit\u00e9s nationales: Brigitte Macron monte au cr\u00e9neau pour d\u00e9fendre son mari #France\" class=\"read-more\" href=\"https:\/\/www.infodictat.fr\/blog\/actualites-nationales-brigitte-macron-monte-au-creneau-pour-defendre-son-mari-france\/\" aria-label=\"En savoir plus sur Actualit\u00e9s nationales: Brigitte Macron monte au cr\u00e9neau pour d\u00e9fendre son mari #France\">Lire la suite<\/a><\/p>\n","protected":false},"author":2,"featured_media":933,"comment_status":"closed","ping_status":"closed","sticky":false,"template":"","format":"standard","meta":{"footnotes":""},"categories":[2],"tags":[],"class_list":["post-932","post","type-post","status-publish","format-standard","has-post-thumbnail","hentry","category-la-dictature-numerique"],"yoast_head":"<!-- This site is optimized with the Yoast SEO plugin v27.5 - https:\/\/yoast.com\/product\/yoast-seo-wordpress\/ -->\n<title>Actualit\u00e9s nationales: Brigitte Macron monte au cr\u00e9neau pour d\u00e9fendre son mari #France - INFODICTAT<\/title>\n<meta name=\"robots\" content=\"index, follow, max-snippet:-1, max-image-preview:large, max-video-preview:-1\" \/>\n<link rel=\"canonical\" href=\"https:\/\/www.infodictat.fr\/blog\/actualites-nationales-brigitte-macron-monte-au-creneau-pour-defendre-son-mari-france\/\" \/>\n<meta property=\"og:locale\" content=\"fr_FR\" \/>\n<meta property=\"og:type\" content=\"article\" \/>\n<meta property=\"og:title\" content=\"Actualit\u00e9s nationales: Brigitte Macron monte au cr\u00e9neau pour d\u00e9fendre son mari #France - INFODICTAT\" \/>\n<meta property=\"og:description\" content=\"Brigitte Macron monte au cr\u00e9neau pour d\u00e9fendre son mari diffus\u00e9 par Le Point \u2013 Politique le Voil\u00e0 un papier que je suis heureux de divulguer ici sur notre blog. La th\u00e9matique est \u00ab\u00a0Actualit\u00e9 fran\u00e7aise\u00a0\u00bb. Ceci a \u00e9t\u00e9 publi\u00e9 par Le Point \u2013 Politique Signature . Date et heure de la r\u00e9ception de la d\u00e9p\u00e9che sur ... Lire la suite\" \/>\n<meta property=\"og:url\" content=\"https:\/\/www.infodictat.fr\/blog\/actualites-nationales-brigitte-macron-monte-au-creneau-pour-defendre-son-mari-france\/\" \/>\n<meta property=\"og:site_name\" content=\"INFODICTAT\" \/>\n<meta property=\"article:published_time\" content=\"2025-01-08T20:29:48+00:00\" \/>\n<meta property=\"og:image\" content=\"https:\/\/www.infodictat.fr\/blog\/wp-content\/uploads\/2025\/01\/Actus-francaises-Brigitte-Macron-monte-au-creneau-pour-defendre-son.jpg\" \/>\n<meta name=\"author\" content=\"Oscar BETHMONT\" \/>\n<meta name=\"twitter:card\" content=\"summary_large_image\" \/>\n<meta name=\"twitter:label1\" content=\"\u00c9crit par\" \/>\n\t<meta name=\"twitter:data1\" content=\"Oscar BETHMONT\" \/>\n\t<meta name=\"twitter:label2\" content=\"Dur\u00e9e de lecture estim\u00e9e\" \/>\n\t<meta name=\"twitter:data2\" content=\"4 minutes\" \/>\n<script type=\"application\/ld+json\" class=\"yoast-schema-graph\">{\"@context\":\"https:\\\/\\\/schema.org\",\"@graph\":[{\"@type\":\"Article\",\"@id\":\"https:\\\/\\\/www.infodictat.fr\\\/blog\\\/actualites-nationales-brigitte-macron-monte-au-creneau-pour-defendre-son-mari-france\\\/#article\",\"isPartOf\":{\"@id\":\"https:\\\/\\\/www.infodictat.fr\\\/blog\\\/actualites-nationales-brigitte-macron-monte-au-creneau-pour-defendre-son-mari-france\\\/\"},\"author\":{\"name\":\"Oscar BETHMONT\",\"@id\":\"https:\\\/\\\/www.infodictat.fr\\\/blog\\\/#\\\/schema\\\/person\\\/6c2c8af0941702348e8eca9144cc1267\"},\"headline\":\"Actualit\u00e9s nationales: Brigitte Macron monte au cr\u00e9neau pour d\u00e9fendre son mari #France\",\"datePublished\":\"2025-01-08T20:29:48+00:00\",\"mainEntityOfPage\":{\"@id\":\"https:\\\/\\\/www.infodictat.fr\\\/blog\\\/actualites-nationales-brigitte-macron-monte-au-creneau-pour-defendre-son-mari-france\\\/\"},\"wordCount\":840,\"publisher\":{\"@id\":\"https:\\\/\\\/www.infodictat.fr\\\/blog\\\/#organization\"},\"image\":{\"@id\":\"https:\\\/\\\/www.infodictat.fr\\\/blog\\\/actualites-nationales-brigitte-macron-monte-au-creneau-pour-defendre-son-mari-france\\\/#primaryimage\"},\"thumbnailUrl\":\"https:\\\/\\\/www.infodictat.fr\\\/blog\\\/wp-content\\\/uploads\\\/2025\\\/01\\\/Actus-francaises-Brigitte-Macron-monte-au-creneau-pour-defendre-son.jpg\",\"articleSection\":[\"La Dictature Num\u00e9rique:\"],\"inLanguage\":\"fr-FR\"},{\"@type\":\"WebPage\",\"@id\":\"https:\\\/\\\/www.infodictat.fr\\\/blog\\\/actualites-nationales-brigitte-macron-monte-au-creneau-pour-defendre-son-mari-france\\\/\",\"url\":\"https:\\\/\\\/www.infodictat.fr\\\/blog\\\/actualites-nationales-brigitte-macron-monte-au-creneau-pour-defendre-son-mari-france\\\/\",\"name\":\"Actualit\u00e9s nationales: Brigitte Macron monte au cr\u00e9neau pour d\u00e9fendre son mari #France - INFODICTAT\",\"isPartOf\":{\"@id\":\"https:\\\/\\\/www.infodictat.fr\\\/blog\\\/#website\"},\"primaryImageOfPage\":{\"@id\":\"https:\\\/\\\/www.infodictat.fr\\\/blog\\\/actualites-nationales-brigitte-macron-monte-au-creneau-pour-defendre-son-mari-france\\\/#primaryimage\"},\"image\":{\"@id\":\"https:\\\/\\\/www.infodictat.fr\\\/blog\\\/actualites-nationales-brigitte-macron-monte-au-creneau-pour-defendre-son-mari-france\\\/#primaryimage\"},\"thumbnailUrl\":\"https:\\\/\\\/www.infodictat.fr\\\/blog\\\/wp-content\\\/uploads\\\/2025\\\/01\\\/Actus-francaises-Brigitte-Macron-monte-au-creneau-pour-defendre-son.jpg\",\"datePublished\":\"2025-01-08T20:29:48+00:00\",\"breadcrumb\":{\"@id\":\"https:\\\/\\\/www.infodictat.fr\\\/blog\\\/actualites-nationales-brigitte-macron-monte-au-creneau-pour-defendre-son-mari-france\\\/#breadcrumb\"},\"inLanguage\":\"fr-FR\",\"potentialAction\":[{\"@type\":\"ReadAction\",\"target\":[\"https:\\\/\\\/www.infodictat.fr\\\/blog\\\/actualites-nationales-brigitte-macron-monte-au-creneau-pour-defendre-son-mari-france\\\/\"]}]},{\"@type\":\"ImageObject\",\"inLanguage\":\"fr-FR\",\"@id\":\"https:\\\/\\\/www.infodictat.fr\\\/blog\\\/actualites-nationales-brigitte-macron-monte-au-creneau-pour-defendre-son-mari-france\\\/#primaryimage\",\"url\":\"https:\\\/\\\/www.infodictat.fr\\\/blog\\\/wp-content\\\/uploads\\\/2025\\\/01\\\/Actus-francaises-Brigitte-Macron-monte-au-creneau-pour-defendre-son.jpg\",\"contentUrl\":\"https:\\\/\\\/www.infodictat.fr\\\/blog\\\/wp-content\\\/uploads\\\/2025\\\/01\\\/Actus-francaises-Brigitte-Macron-monte-au-creneau-pour-defendre-son.jpg\",\"width\":1440,\"height\":960},{\"@type\":\"BreadcrumbList\",\"@id\":\"https:\\\/\\\/www.infodictat.fr\\\/blog\\\/actualites-nationales-brigitte-macron-monte-au-creneau-pour-defendre-son-mari-france\\\/#breadcrumb\",\"itemListElement\":[{\"@type\":\"ListItem\",\"position\":1,\"name\":\"Accueil\",\"item\":\"https:\\\/\\\/www.infodictat.fr\\\/blog\\\/\"},{\"@type\":\"ListItem\",\"position\":2,\"name\":\"Actualit\u00e9s nationales: Brigitte Macron monte au cr\u00e9neau pour d\u00e9fendre son mari #France\"}]},{\"@type\":\"WebSite\",\"@id\":\"https:\\\/\\\/www.infodictat.fr\\\/blog\\\/#website\",\"url\":\"https:\\\/\\\/www.infodictat.fr\\\/blog\\\/\",\"name\":\"INFODICTAT\",\"description\":\"La dictature num\u00e9rique.\",\"publisher\":{\"@id\":\"https:\\\/\\\/www.infodictat.fr\\\/blog\\\/#organization\"},\"potentialAction\":[{\"@type\":\"SearchAction\",\"target\":{\"@type\":\"EntryPoint\",\"urlTemplate\":\"https:\\\/\\\/www.infodictat.fr\\\/blog\\\/?s={search_term_string}\"},\"query-input\":{\"@type\":\"PropertyValueSpecification\",\"valueRequired\":true,\"valueName\":\"search_term_string\"}}],\"inLanguage\":\"fr-FR\"},{\"@type\":\"Organization\",\"@id\":\"https:\\\/\\\/www.infodictat.fr\\\/blog\\\/#organization\",\"name\":\"infodictat\",\"url\":\"https:\\\/\\\/www.infodictat.fr\\\/blog\\\/\",\"logo\":{\"@type\":\"ImageObject\",\"inLanguage\":\"fr-FR\",\"@id\":\"https:\\\/\\\/www.infodictat.fr\\\/blog\\\/#\\\/schema\\\/logo\\\/image\\\/\",\"url\":\"https:\\\/\\\/www.infodictat.fr\\\/blog\\\/wp-content\\\/uploads\\\/2023\\\/05\\\/logo-2.png\",\"contentUrl\":\"https:\\\/\\\/www.infodictat.fr\\\/blog\\\/wp-content\\\/uploads\\\/2023\\\/05\\\/logo-2.png\",\"width\":480,\"height\":596,\"caption\":\"infodictat\"},\"image\":{\"@id\":\"https:\\\/\\\/www.infodictat.fr\\\/blog\\\/#\\\/schema\\\/logo\\\/image\\\/\"}},{\"@type\":\"Person\",\"@id\":\"https:\\\/\\\/www.infodictat.fr\\\/blog\\\/#\\\/schema\\\/person\\\/6c2c8af0941702348e8eca9144cc1267\",\"name\":\"Oscar BETHMONT\",\"image\":{\"@type\":\"ImageObject\",\"inLanguage\":\"fr-FR\",\"@id\":\"https:\\\/\\\/secure.gravatar.com\\\/avatar\\\/f80ff32d67d40b919e8be190b7325be3c6cb33ce305ac1d45cadad29128e831e?s=96&d=mm&r=g\",\"url\":\"https:\\\/\\\/secure.gravatar.com\\\/avatar\\\/f80ff32d67d40b919e8be190b7325be3c6cb33ce305ac1d45cadad29128e831e?s=96&d=mm&r=g\",\"contentUrl\":\"https:\\\/\\\/secure.gravatar.com\\\/avatar\\\/f80ff32d67d40b919e8be190b7325be3c6cb33ce305ac1d45cadad29128e831e?s=96&d=mm&r=g\",\"caption\":\"Oscar BETHMONT\"},\"url\":\"https:\\\/\\\/www.infodictat.fr\\\/blog\\\/author\\\/tatoscar\\\/\"}]}<\/script>\n<!-- \/ Yoast SEO plugin. -->","yoast_head_json":{"title":"Actualit\u00e9s nationales: Brigitte Macron monte au cr\u00e9neau pour d\u00e9fendre son mari #France - INFODICTAT","robots":{"index":"index","follow":"follow","max-snippet":"max-snippet:-1","max-image-preview":"max-image-preview:large","max-video-preview":"max-video-preview:-1"},"canonical":"https:\/\/www.infodictat.fr\/blog\/actualites-nationales-brigitte-macron-monte-au-creneau-pour-defendre-son-mari-france\/","og_locale":"fr_FR","og_type":"article","og_title":"Actualit\u00e9s nationales: Brigitte Macron monte au cr\u00e9neau pour d\u00e9fendre son mari #France - INFODICTAT","og_description":"Brigitte Macron monte au cr\u00e9neau pour d\u00e9fendre son mari diffus\u00e9 par Le Point \u2013 Politique le Voil\u00e0 un papier que je suis heureux de divulguer ici sur notre blog. La th\u00e9matique est \u00ab\u00a0Actualit\u00e9 fran\u00e7aise\u00a0\u00bb. Ceci a \u00e9t\u00e9 publi\u00e9 par Le Point \u2013 Politique Signature . Date et heure de la r\u00e9ception de la d\u00e9p\u00e9che sur ... Lire la suite","og_url":"https:\/\/www.infodictat.fr\/blog\/actualites-nationales-brigitte-macron-monte-au-creneau-pour-defendre-son-mari-france\/","og_site_name":"INFODICTAT","article_published_time":"2025-01-08T20:29:48+00:00","og_image":[{"url":"https:\/\/www.infodictat.fr\/blog\/wp-content\/uploads\/2025\/01\/Actus-francaises-Brigitte-Macron-monte-au-creneau-pour-defendre-son.jpg","type":"","width":"","height":""}],"author":"Oscar BETHMONT","twitter_card":"summary_large_image","twitter_misc":{"\u00c9crit par":"Oscar BETHMONT","Dur\u00e9e de lecture estim\u00e9e":"4 minutes"},"schema":{"@context":"https:\/\/schema.org","@graph":[{"@type":"Article","@id":"https:\/\/www.infodictat.fr\/blog\/actualites-nationales-brigitte-macron-monte-au-creneau-pour-defendre-son-mari-france\/#article","isPartOf":{"@id":"https:\/\/www.infodictat.fr\/blog\/actualites-nationales-brigitte-macron-monte-au-creneau-pour-defendre-son-mari-france\/"},"author":{"name":"Oscar BETHMONT","@id":"https:\/\/www.infodictat.fr\/blog\/#\/schema\/person\/6c2c8af0941702348e8eca9144cc1267"},"headline":"Actualit\u00e9s nationales: Brigitte Macron monte au cr\u00e9neau pour d\u00e9fendre son mari #France","datePublished":"2025-01-08T20:29:48+00:00","mainEntityOfPage":{"@id":"https:\/\/www.infodictat.fr\/blog\/actualites-nationales-brigitte-macron-monte-au-creneau-pour-defendre-son-mari-france\/"},"wordCount":840,"publisher":{"@id":"https:\/\/www.infodictat.fr\/blog\/#organization"},"image":{"@id":"https:\/\/www.infodictat.fr\/blog\/actualites-nationales-brigitte-macron-monte-au-creneau-pour-defendre-son-mari-france\/#primaryimage"},"thumbnailUrl":"https:\/\/www.infodictat.fr\/blog\/wp-content\/uploads\/2025\/01\/Actus-francaises-Brigitte-Macron-monte-au-creneau-pour-defendre-son.jpg","articleSection":["La Dictature Num\u00e9rique:"],"inLanguage":"fr-FR"},{"@type":"WebPage","@id":"https:\/\/www.infodictat.fr\/blog\/actualites-nationales-brigitte-macron-monte-au-creneau-pour-defendre-son-mari-france\/","url":"https:\/\/www.infodictat.fr\/blog\/actualites-nationales-brigitte-macron-monte-au-creneau-pour-defendre-son-mari-france\/","name":"Actualit\u00e9s nationales: Brigitte Macron monte au cr\u00e9neau pour d\u00e9fendre son mari #France - INFODICTAT","isPartOf":{"@id":"https:\/\/www.infodictat.fr\/blog\/#website"},"primaryImageOfPage":{"@id":"https:\/\/www.infodictat.fr\/blog\/actualites-nationales-brigitte-macron-monte-au-creneau-pour-defendre-son-mari-france\/#primaryimage"},"image":{"@id":"https:\/\/www.infodictat.fr\/blog\/actualites-nationales-brigitte-macron-monte-au-creneau-pour-defendre-son-mari-france\/#primaryimage"},"thumbnailUrl":"https:\/\/www.infodictat.fr\/blog\/wp-content\/uploads\/2025\/01\/Actus-francaises-Brigitte-Macron-monte-au-creneau-pour-defendre-son.jpg","datePublished":"2025-01-08T20:29:48+00:00","breadcrumb":{"@id":"https:\/\/www.infodictat.fr\/blog\/actualites-nationales-brigitte-macron-monte-au-creneau-pour-defendre-son-mari-france\/#breadcrumb"},"inLanguage":"fr-FR","potentialAction":[{"@type":"ReadAction","target":["https:\/\/www.infodictat.fr\/blog\/actualites-nationales-brigitte-macron-monte-au-creneau-pour-defendre-son-mari-france\/"]}]},{"@type":"ImageObject","inLanguage":"fr-FR","@id":"https:\/\/www.infodictat.fr\/blog\/actualites-nationales-brigitte-macron-monte-au-creneau-pour-defendre-son-mari-france\/#primaryimage","url":"https:\/\/www.infodictat.fr\/blog\/wp-content\/uploads\/2025\/01\/Actus-francaises-Brigitte-Macron-monte-au-creneau-pour-defendre-son.jpg","contentUrl":"https:\/\/www.infodictat.fr\/blog\/wp-content\/uploads\/2025\/01\/Actus-francaises-Brigitte-Macron-monte-au-creneau-pour-defendre-son.jpg","width":1440,"height":960},{"@type":"BreadcrumbList","@id":"https:\/\/www.infodictat.fr\/blog\/actualites-nationales-brigitte-macron-monte-au-creneau-pour-defendre-son-mari-france\/#breadcrumb","itemListElement":[{"@type":"ListItem","position":1,"name":"Accueil","item":"https:\/\/www.infodictat.fr\/blog\/"},{"@type":"ListItem","position":2,"name":"Actualit\u00e9s nationales: Brigitte Macron monte au cr\u00e9neau pour d\u00e9fendre son mari #France"}]},{"@type":"WebSite","@id":"https:\/\/www.infodictat.fr\/blog\/#website","url":"https:\/\/www.infodictat.fr\/blog\/","name":"INFODICTAT","description":"La dictature num\u00e9rique.","publisher":{"@id":"https:\/\/www.infodictat.fr\/blog\/#organization"},"potentialAction":[{"@type":"SearchAction","target":{"@type":"EntryPoint","urlTemplate":"https:\/\/www.infodictat.fr\/blog\/?s={search_term_string}"},"query-input":{"@type":"PropertyValueSpecification","valueRequired":true,"valueName":"search_term_string"}}],"inLanguage":"fr-FR"},{"@type":"Organization","@id":"https:\/\/www.infodictat.fr\/blog\/#organization","name":"infodictat","url":"https:\/\/www.infodictat.fr\/blog\/","logo":{"@type":"ImageObject","inLanguage":"fr-FR","@id":"https:\/\/www.infodictat.fr\/blog\/#\/schema\/logo\/image\/","url":"https:\/\/www.infodictat.fr\/blog\/wp-content\/uploads\/2023\/05\/logo-2.png","contentUrl":"https:\/\/www.infodictat.fr\/blog\/wp-content\/uploads\/2023\/05\/logo-2.png","width":480,"height":596,"caption":"infodictat"},"image":{"@id":"https:\/\/www.infodictat.fr\/blog\/#\/schema\/logo\/image\/"}},{"@type":"Person","@id":"https:\/\/www.infodictat.fr\/blog\/#\/schema\/person\/6c2c8af0941702348e8eca9144cc1267","name":"Oscar BETHMONT","image":{"@type":"ImageObject","inLanguage":"fr-FR","@id":"https:\/\/secure.gravatar.com\/avatar\/f80ff32d67d40b919e8be190b7325be3c6cb33ce305ac1d45cadad29128e831e?s=96&d=mm&r=g","url":"https:\/\/secure.gravatar.com\/avatar\/f80ff32d67d40b919e8be190b7325be3c6cb33ce305ac1d45cadad29128e831e?s=96&d=mm&r=g","contentUrl":"https:\/\/secure.gravatar.com\/avatar\/f80ff32d67d40b919e8be190b7325be3c6cb33ce305ac1d45cadad29128e831e?s=96&d=mm&r=g","caption":"Oscar BETHMONT"},"url":"https:\/\/www.infodictat.fr\/blog\/author\/tatoscar\/"}]}},"_links":{"self":[{"href":"https:\/\/www.infodictat.fr\/blog\/wp-json\/wp\/v2\/posts\/932","targetHints":{"allow":["GET"]}}],"collection":[{"href":"https:\/\/www.infodictat.fr\/blog\/wp-json\/wp\/v2\/posts"}],"about":[{"href":"https:\/\/www.infodictat.fr\/blog\/wp-json\/wp\/v2\/types\/post"}],"author":[{"embeddable":true,"href":"https:\/\/www.infodictat.fr\/blog\/wp-json\/wp\/v2\/users\/2"}],"replies":[{"embeddable":true,"href":"https:\/\/www.infodictat.fr\/blog\/wp-json\/wp\/v2\/comments?post=932"}],"version-history":[{"count":0,"href":"https:\/\/www.infodictat.fr\/blog\/wp-json\/wp\/v2\/posts\/932\/revisions"}],"wp:featuredmedia":[{"embeddable":true,"href":"https:\/\/www.infodictat.fr\/blog\/wp-json\/wp\/v2\/media\/933"}],"wp:attachment":[{"href":"https:\/\/www.infodictat.fr\/blog\/wp-json\/wp\/v2\/media?parent=932"}],"wp:term":[{"taxonomy":"category","embeddable":true,"href":"https:\/\/www.infodictat.fr\/blog\/wp-json\/wp\/v2\/categories?post=932"},{"taxonomy":"post_tag","embeddable":true,"href":"https:\/\/www.infodictat.fr\/blog\/wp-json\/wp\/v2\/tags?post=932"}],"curies":[{"name":"wp","href":"https:\/\/api.w.org\/{rel}","templated":true}]}}