{"id":908,"date":"2024-12-14T12:18:35","date_gmt":"2024-12-14T11:18:35","guid":{"rendered":"https:\/\/www.infodictat.fr\/blog\/actus-francaises-pourquoi-veut-on-en-finir-avec-les-miss-france\/"},"modified":"2024-12-14T12:18:35","modified_gmt":"2024-12-14T11:18:35","slug":"actus-francaises-pourquoi-veut-on-en-finir-avec-les-miss-france","status":"publish","type":"post","link":"https:\/\/www.infodictat.fr\/blog\/actus-francaises-pourquoi-veut-on-en-finir-avec-les-miss-france\/","title":{"rendered":"Actus fran\u00e7aises: Pourquoi veut-on en finir avec les Miss\u00a0? #France"},"content":{"rendered":"<div>\n<h1>Pourquoi veut-on en finir avec les Miss\u00a0? annonc\u00e9 par Le Point \u2013 Toute l&rsquo;info en continu le <span id=\"datecrea\"><\/span> <\/h1>\n<p>Voil\u00e0 un tout nouvel encart qui va parachever notre revue de presse sur \u00ab\u00a0Actualit\u00e9 fran\u00e7aise\u00a0\u00bb.<\/p>\n<h2>Ceci a \u00e9t\u00e9 publi\u00e9 par Le Point \u2013 Toute l&rsquo;info en continu<\/h2>\n<p><u>Signature  . <\/u><\/p>\n<p><u>Date et heure de la r\u00e9ception de la d\u00e9p\u00e9che sur notre fil d\u2019info:<\/u><strong><span id=\"date\"><\/span><\/strong><\/p>\n<p><u>Date et heure de publication sur internet:<\/u> <strong><span id=\"datecrea\"><\/span><\/strong><\/p>\n<p><u>Titre exacte donn\u00e9 par le journal \u00e9tait:<\/u> <strong>Pourquoi veut-on en finir avec les Miss\u00a0?<\/strong><\/p>\n<p><u>Information et contenu publi\u00e9s :<\/u><\/p>\n<div id=\"contenu\">\n        <!-- include t_www_2023\/pages\/article\/blocs\/tag_pub.tpl --><br \/>\n        <!-- include \/t_www_2023\/pages\/article\/blocs\/tag_pub.tpl --><\/p>\n<p><span class=\"dflt-txt__lettrine\">\u00ab\u00a0C<\/span>e n\u2019est plus de ce temps\u00a0\u00bb, ont estim\u00e9, ce jeudi 12\u00a0d\u00e9cembre, les organisateurs de Miss Pays-Bas. Apr\u00e8s trente-cinq ans d\u2019existence, le c\u00e9l\u00e8bre concours national de beaut\u00e9\u00a0baisse le rideau. Le budget autrefois allou\u00e9 \u00e0 l\u2019\u00e9v\u00e9nement servira d\u00e9sormais une plateforme visant \u00e0 alerter sur les \u00ab\u00a0normes de beaut\u00e9 irr\u00e9alistes\u00a0\u00bb, et mettre en lumi\u00e8re des histoires de \u00ab\u00a0femmes ayant r\u00e9ussi\u00a0\u00bb. \u00ab\u00a0Les temps ont chang\u00e9, a fait valoir la directrice du concours, Monica Van Ee. Et nous \u00e9voluons avec le temps.\u00a0\u00bb<\/p>\n<section class=\"mbl txtcenter\"><\/section>\n<div id=\"newsletter\" class=\"bloc-1 title-top\">\n<span class=\"h2\">Le point du soir<\/span><\/p>\n<div class=\"step-1\">\n<p class=\"period\">Tous les soirs \u00e0 partir de 18h<\/p>\n<p>Recevez l\u2019information analys\u00e9e et d\u00e9crypt\u00e9e par la r\u00e9daction du Point.<\/p>\n<\/div>\n<div class=\"step-2\">\n<p>Merci !<br \/>Votre inscription a bien \u00e9t\u00e9 prise en compte avec l\u2019adresse email :<br \/><span class=\"email-sended\"><\/span><\/p>\n<p>Pour d\u00e9couvrir toutes nos autres newsletters, rendez-vous ici : MonCompte<\/p>\n<\/div>\n<p>En vous inscrivant, vous acceptez les conditions g\u00e9n\u00e9rales d\u2019utilisations et notre politique de confidentialit\u00e9.<\/p>\n<\/div>\n<p>Est-il temps, justement, de se passer des concours de Miss\u00a0? La question s\u2019invite aussi dans le d\u00e9bat public fran\u00e7ais, chaque fin d\u2019ann\u00e9e. V\u00e9hicule d\u2019une image r\u00e9trograde et sexiste de la femme pour certains, pur divertissement c\u00e9l\u00e9brant la beaut\u00e9 pour d\u2019autres\u00a0: alors que la 95<sup>e<\/sup> \u00e9dition de Miss France \u2013 grand-messe r\u00e9unissant en moyenne 8\u00a0millions de t\u00e9l\u00e9spectateurs \u2013 doit se tenir ce samedi 14\u00a0d\u00e9cembre \u00e0 Poitiers (Vienne), cette ann\u00e9e devra composer, comme de coutume, avec pro et anti.<\/p>\n<p>\u00ab\u00a0Samedi, il y a la r\u00e9union annuelle [\u2026] on se r\u00e9unit tous sur ce r\u00e9seau devant Miss France\u00a0\u00bb\u00a0; \u00ab\u00a0Si path\u00e9tique, encore en 2024, les Miss France\u00a0\u00bb\u00a0; \u00ab\u00a0Samedi soir, c\u2019est Miss France. Mon c\u00f4t\u00e9 woke prend sa pause\u00a0\u00bb, pouvait-on ainsi lire ces derniers jours sur le r\u00e9seau social X, sous le hashtag #MissFrance, lieu de pr\u00e9dilection de ce d\u00e9saccord\u00a0annuel.<\/p>\n<section class=\"mbl txtcenter\"><\/section>\n<h2>\u00ab\u00a0Le f\u00e9minisme, c\u2019est d\u00e9cider de faire ce que je veux\u00a0\u00bb<\/h2>\n<p>Chez les anti, l\u2019argument est clair\u00a0: le concours Miss France, en plus de promouvoir des standards de beaut\u00e9 irr\u00e9alistes (sinon excluants), contribuerait \u00e0 objectifier les femmes. L\u2019ann\u00e9e derni\u00e8re, la tenue de l\u2019\u00e9v\u00e9nement \u00e0 Dijon (Bourgogne) avait men\u00e9 au boycott de quatorze organisations syndicales locales. Ce climat, dont a bien connaissance le comit\u00e9, n\u2019\u00e9pargne pas les aspirantes \u00e0 la couronne qui, nombreuses, se justifient d\u00e9sormais \u00e0 coups de contre-arguments sur leur d\u00e9marche.<\/p>\n<p>\u00ab\u00a0En tant que femme, j\u2019ai envie de montrer qu\u2019on peut \u00eatre Miss France et f\u00e9ministe [\u2026] Pour moi, le f\u00e9minisme, c\u2019est d\u00e9cider de faire ce que je veux\u00a0\u00bb, insistait ainsi Diane Leyre, au lendemain de son sacre en 2022. \u00ab\u00a0C\u2019\u00e9tait une opportunit\u00e9 d\u2019acc\u00e9der \u00e0 des r\u00eaves qui me paraissaient inaccessibles [\u2026] vu le milieu ouvrier d\u2019o\u00f9 je venais, vu ma couleur de peau\u2026\u00a0\u00bb, confiait quant \u00e0 elle\u00a0Sonia Rolland, Miss France 2000, dans un discours plus \u00e9mancipateur encore.<\/p>\n<p>Des propos sinc\u00e8res, aux effets de coups d\u2019\u00e9p\u00e9e\u00a0dans l\u2019eau. \u00ab\u00a0C\u2019est un concours sexiste qui renvoie les femmes \u00e0 leur seul aspect physique [\u2026] un anachronisme promouvant l\u2019arch\u00e9type de la jeune fille bonne \u00e0 marier\u00a0\u00bb, leur opposait l\u2019association Osez le f\u00e9minisme\u00a0!, en 2021. Quand la ministre d\u00e9l\u00e9gu\u00e9e \u00e0 l\u2019\u00e9galit\u00e9 femmes-hommes\u00a0\u00c9lisabeth Moreno taxait les r\u00e8gles du concours de \u00ab\u00a0has been\u00a0\u00bb et enjoignait aux organisateurs d\u2019en \u00ab\u00a0changer\u00a0\u00bb.<\/p>\n<p>Avec succ\u00e8s. Ces derniers supprimaient, d\u00e8s l\u2019ann\u00e9e suivante, la plupart des conditions impos\u00e9es au casting\u00a0: fin de la limite d\u2019\u00e2ge, ouverture aux femmes mari\u00e9es et\/ou m\u00e8res de famille, et tatouages accept\u00e9s \u2013 seul crit\u00e8re maintenu, une\u00a0taille minimale de 1,70 m.<\/p>\n<section class=\"mbl txtcenter\"><\/section>\n<h2>\u00ab\u00a0Sur Instagram, des concours de Miss\u00a0tous les jours\u00a0\u00bb<\/h2>\n<p>On pouvait alors imaginer le d\u00e9bat s\u2019apaiser.\u00a0Or \u00ab\u00a0il demeure cette image d\u2019un corps standardis\u00e9, mais aussi et surtout cette exhibition de la femme, la mani\u00e8re dont on va l\u2019instrumentaliser m\u00e9diatiquement parce qu\u2019elle est belle \u201cen soi\u201d. Et c\u2019est le n\u0153ud du probl\u00e8me\u2026\u00a0\u00bb, souligne Bernard Andrieu, philosophe du corps, professeur \u00e0 l\u2019Universit\u00e9 Paris-Cit\u00e9 et auteur de <em>Rester beau<\/em> (\u00e9ditions du Murmure, 2017).<\/p>\n<p><span class=\"Capsule discover-kangourou\"><br \/>\n<span class=\"Phylactery\">\u00c0 D\u00e9couvrir<\/span><br \/>\n<strong class=\"discover-kangourou__line\"><\/p>\n<p><strong class=\"discover-kangourou__txt\"><br \/>\n<strong>Le Kangourou du jour<\/strong><\/strong><\/strong><\/span><\/p>\n<p>R\u00e9pondre<\/p>\n<p>Des faits (et essence m\u00eame du concours de beaut\u00e9)\u00a0contre lesquels\u00a0les discours \u00e9mancipateurs des Miss, l\u2019\u00e9largissement relatif des conditions d\u2019inscription, ou la mise en avant de la personnalit\u00e9 et du bagage intellectuel des participantes (ces derni\u00e8res ont davantage la parole que dans le pass\u00e9 et leurs portraits repr\u00e9sentent d\u00e9sormais pr\u00e8s d\u2019une heure d\u2019antenne) ne peuvent pas grand-chose.<\/p>\n<p>Et quand bien m\u00eame ils le pourraient, \u00ab\u00a0la critique est aussi celle d\u2019un m\u00e9dia de masse, d\u2019une institutionnalisation de cette exhibition\u00a0\u00bb, poursuit Bernard Andrieu. \u00ab\u00a0Sur Instagram des concours de Miss, il y a en a tous les jours\u00a0!, en veut-il pour preuve. On s\u2019y prend en photos, se compare, commente, se \u201clike\u201d (ou non). Au fond, Miss France\u00a0n\u2019est que la partie \u00e9merg\u00e9e de l\u2019iceberg\u2026\u00a0\u00bb Ou la partie la moins vaste, et la plus accessible \u00e0 ses d\u00e9tracteurs.<\/p>\n<p><!-- include t_www_2023\/pages\/article\/blocs\/bloc-encadre.tpl --><br \/>\n<!-- include \/t_www_2023\/pages\/article\/blocs\/bloc-encadre.tpl -->\n<\/p>\n<\/div>\n<p> <img decoding=\"async\" src=\"https:\/\/www.infodictat.fr\/blog\/wp-content\/uploads\/2024\/12\/Informations-nationales-Pourquoi-veut-on-en-finir-avec-les-Miss-France.jpg\" alt=\"Pourquoi veut-on en finir avec les Miss\u00a0?\"><\/p>\n<p>#Pourquoi #veuton #finir #avec #les<\/p>\n<p>Reprise de l\u2019information dans un style journalistique professionnel descriptif en organisant les id\u00e9es dans un ordre coh\u00e9rent avec titres html <\/p>\n<p>A lire sur le m\u00eame objet:<\/p>\n<p>Histoire de France\/Guerre de Cent ans.,<a href=\"https:\/\/fr.wikibooks.org\/wiki\/Histoire_de_France\/Guerre_de_Cent_ans\" target=\"_blank\" rel=\"noopener noreferrer nofollow\">Description de l\u2019\u00e9diteur<\/a><span><\/span>. Disponible dans toutes les bonnes librairies.<\/p>\n<p>La France myst\u00e9rieuse.,<a href=\"https:\/\/www.kobo.com\/fr\/fr\/ebook\/la-france-mysterieuse-1\" target=\"_blank\" rel=\"noopener noreferrer nofollow\">Infos sur ce livre<\/a><span><\/span>. Disponible \u00e0 la FNAC.<\/p>\n<p><script>\nvar date = \"Non r\u00e9cup\u00e9r\u00e9es\";\n        \/\/ Valeur de timestamp\n        var timestampString = 1734167267; \/\/ Assurez-vous que le timestamp est une cha\u00eene de texte\n        \/\/ Convertir la cha\u00eene de texte en nombre entier (timestamp)\n        var timestamp = parseInt(timestampString);\n        \/\/ Cr\u00e9er un objet Date \u00e0 partir du timestamp\n        var dateObject = new Date(timestamp * 1000); \/\/ Le timestamp est en secondes, donc on le multiplie par 1000 pour obtenir les millisecondes\n        \/\/ Format de date personnalis\u00e9\n        var options = { weekday: 'long', year: 'numeric', month: 'long', day: 'numeric', hour: 'numeric', minute: 'numeric', second: 'numeric', timeZone: 'Europe\/Paris' };\n        var formattedDate = dateObject.toLocaleDateString('fr-FR', options);\n formattedDate = formattedDate.replace(\/^.\/, formattedDate[0].toUpperCase());\n        \/\/ Afficher la date dans le HTML\n        document.getElementById('date').textContent = formattedDate;\n    <\/script><\/p>\n<p><script>\nvar datecrea = \"Non r\u00e9cup\u00e9r\u00e9e\";\n        \/\/ Date et heure au format \"2008-06-15 18:02:58\"\n        var dateString = \"2024-12-14 10:00:00\";\n        \/\/ Convertir la cha\u00eene de texte en objet Date\n        var now = new Date(dateString);\n        \/\/ Format de date personnalis\u00e9\n        var options = { weekday: 'long', year: 'numeric', month: 'long', day: 'numeric', hour: 'numeric', minute: 'numeric', second: 'numeric', timeZone: 'Europe\/Paris' };\n        var formattedDate = now.toLocaleDateString('fr-FR', options);\n formattedDate = formattedDate.replace(\/^.\/, formattedDate[0].toUpperCase());\n        \/\/ Afficher la date dans le HTML\n        document.getElementById('datecrea').textContent = formattedDate;\n    <\/script><\/p>\n<\/div>\n<p><img decoding=\"async\" class=\"wpe_imgrss\" src=\"https:\/\/www.infodictat.fr\/blog\/wp-content\/uploads\/2024\/12\/Informations-nationales-Pourquoi-veut-on-en-finir-avec-les-Miss-France.jpg\">Vous pouvez lire ce post traitant le sujet \u00ab\u00a0La dictature num\u00e9rique\u00a0\u00bb. Il est produit par la r\u00e9daction de infodictat.fr. Le site infodictat.fr a pour objectif de publier plusieurs articles autour du sujet La dictature num\u00e9rique d\u00e9velopp\u00e9es sur le web. Cette chronique se veut g\u00e9n\u00e9r\u00e9e de la fa\u00e7on la plus juste qui soit. Pour \u00e9mettre des remarques sur ce dossier autour du sujet \u00ab\u00a0La dictature num\u00e9rique\u00a0\u00bb prenez les contacts indiqu\u00e9s sur notre site internet. En consultant r\u00e9guli\u00e8rement nos contenus de blog vous serez au courant des futures parutions.<\/p>\n","protected":false},"excerpt":{"rendered":"<p>Pourquoi veut-on en finir avec les Miss\u00a0? annonc\u00e9 par Le Point \u2013 Toute l&rsquo;info en continu le Voil\u00e0 un tout nouvel encart qui va parachever notre revue de presse sur \u00ab\u00a0Actualit\u00e9 fran\u00e7aise\u00a0\u00bb. Ceci a \u00e9t\u00e9 publi\u00e9 par Le Point \u2013 Toute l&rsquo;info en continu Signature . Date et heure de la r\u00e9ception de la d\u00e9p\u00e9che &#8230; <a title=\"Actus fran\u00e7aises: Pourquoi veut-on en finir avec les Miss\u00a0? #France\" class=\"read-more\" href=\"https:\/\/www.infodictat.fr\/blog\/actus-francaises-pourquoi-veut-on-en-finir-avec-les-miss-france\/\" aria-label=\"En savoir plus sur Actus fran\u00e7aises: Pourquoi veut-on en finir avec les Miss\u00a0? #France\">Lire la suite<\/a><\/p>\n","protected":false},"author":2,"featured_media":909,"comment_status":"closed","ping_status":"closed","sticky":false,"template":"","format":"standard","meta":{"footnotes":""},"categories":[2],"tags":[],"class_list":["post-908","post","type-post","status-publish","format-standard","has-post-thumbnail","hentry","category-la-dictature-numerique"],"yoast_head":"<!-- This site is optimized with the Yoast SEO plugin v27.5 - https:\/\/yoast.com\/product\/yoast-seo-wordpress\/ -->\n<title>Actus fran\u00e7aises: Pourquoi veut-on en finir avec les Miss\u00a0? #France - INFODICTAT<\/title>\n<meta name=\"robots\" content=\"index, follow, max-snippet:-1, max-image-preview:large, max-video-preview:-1\" \/>\n<link rel=\"canonical\" href=\"https:\/\/www.infodictat.fr\/blog\/actus-francaises-pourquoi-veut-on-en-finir-avec-les-miss-france\/\" \/>\n<meta property=\"og:locale\" content=\"fr_FR\" \/>\n<meta property=\"og:type\" content=\"article\" \/>\n<meta property=\"og:title\" content=\"Actus fran\u00e7aises: Pourquoi veut-on en finir avec les Miss\u00a0? #France - INFODICTAT\" \/>\n<meta property=\"og:description\" content=\"Pourquoi veut-on en finir avec les Miss\u00a0? annonc\u00e9 par Le Point \u2013 Toute l&rsquo;info en continu le Voil\u00e0 un tout nouvel encart qui va parachever notre revue de presse sur \u00ab\u00a0Actualit\u00e9 fran\u00e7aise\u00a0\u00bb. Ceci a \u00e9t\u00e9 publi\u00e9 par Le Point \u2013 Toute l&rsquo;info en continu Signature . Date et heure de la r\u00e9ception de la d\u00e9p\u00e9che ... Lire la suite\" \/>\n<meta property=\"og:url\" content=\"https:\/\/www.infodictat.fr\/blog\/actus-francaises-pourquoi-veut-on-en-finir-avec-les-miss-france\/\" \/>\n<meta property=\"og:site_name\" content=\"INFODICTAT\" \/>\n<meta property=\"article:published_time\" content=\"2024-12-14T11:18:35+00:00\" \/>\n<meta property=\"og:image\" content=\"https:\/\/www.infodictat.fr\/blog\/wp-content\/uploads\/2024\/12\/Informations-nationales-Pourquoi-veut-on-en-finir-avec-les-Miss-France.jpg\" \/>\n<meta name=\"author\" content=\"Oscar BETHMONT\" \/>\n<meta name=\"twitter:card\" content=\"summary_large_image\" \/>\n<meta name=\"twitter:label1\" content=\"\u00c9crit par\" \/>\n\t<meta name=\"twitter:data1\" content=\"Oscar BETHMONT\" \/>\n\t<meta name=\"twitter:label2\" content=\"Dur\u00e9e de lecture estim\u00e9e\" \/>\n\t<meta name=\"twitter:data2\" content=\"6 minutes\" \/>\n<script type=\"application\/ld+json\" class=\"yoast-schema-graph\">{\"@context\":\"https:\\\/\\\/schema.org\",\"@graph\":[{\"@type\":\"Article\",\"@id\":\"https:\\\/\\\/www.infodictat.fr\\\/blog\\\/actus-francaises-pourquoi-veut-on-en-finir-avec-les-miss-france\\\/#article\",\"isPartOf\":{\"@id\":\"https:\\\/\\\/www.infodictat.fr\\\/blog\\\/actus-francaises-pourquoi-veut-on-en-finir-avec-les-miss-france\\\/\"},\"author\":{\"name\":\"Oscar BETHMONT\",\"@id\":\"https:\\\/\\\/www.infodictat.fr\\\/blog\\\/#\\\/schema\\\/person\\\/6c2c8af0941702348e8eca9144cc1267\"},\"headline\":\"Actus fran\u00e7aises: Pourquoi veut-on en finir avec les Miss\u00a0? #France\",\"datePublished\":\"2024-12-14T11:18:35+00:00\",\"mainEntityOfPage\":{\"@id\":\"https:\\\/\\\/www.infodictat.fr\\\/blog\\\/actus-francaises-pourquoi-veut-on-en-finir-avec-les-miss-france\\\/\"},\"wordCount\":1112,\"publisher\":{\"@id\":\"https:\\\/\\\/www.infodictat.fr\\\/blog\\\/#organization\"},\"image\":{\"@id\":\"https:\\\/\\\/www.infodictat.fr\\\/blog\\\/actus-francaises-pourquoi-veut-on-en-finir-avec-les-miss-france\\\/#primaryimage\"},\"thumbnailUrl\":\"https:\\\/\\\/www.infodictat.fr\\\/blog\\\/wp-content\\\/uploads\\\/2024\\\/12\\\/Informations-nationales-Pourquoi-veut-on-en-finir-avec-les-Miss-France.jpg\",\"articleSection\":[\"La Dictature Num\u00e9rique:\"],\"inLanguage\":\"fr-FR\"},{\"@type\":\"WebPage\",\"@id\":\"https:\\\/\\\/www.infodictat.fr\\\/blog\\\/actus-francaises-pourquoi-veut-on-en-finir-avec-les-miss-france\\\/\",\"url\":\"https:\\\/\\\/www.infodictat.fr\\\/blog\\\/actus-francaises-pourquoi-veut-on-en-finir-avec-les-miss-france\\\/\",\"name\":\"Actus fran\u00e7aises: Pourquoi veut-on en finir avec les Miss\u00a0? #France - INFODICTAT\",\"isPartOf\":{\"@id\":\"https:\\\/\\\/www.infodictat.fr\\\/blog\\\/#website\"},\"primaryImageOfPage\":{\"@id\":\"https:\\\/\\\/www.infodictat.fr\\\/blog\\\/actus-francaises-pourquoi-veut-on-en-finir-avec-les-miss-france\\\/#primaryimage\"},\"image\":{\"@id\":\"https:\\\/\\\/www.infodictat.fr\\\/blog\\\/actus-francaises-pourquoi-veut-on-en-finir-avec-les-miss-france\\\/#primaryimage\"},\"thumbnailUrl\":\"https:\\\/\\\/www.infodictat.fr\\\/blog\\\/wp-content\\\/uploads\\\/2024\\\/12\\\/Informations-nationales-Pourquoi-veut-on-en-finir-avec-les-Miss-France.jpg\",\"datePublished\":\"2024-12-14T11:18:35+00:00\",\"breadcrumb\":{\"@id\":\"https:\\\/\\\/www.infodictat.fr\\\/blog\\\/actus-francaises-pourquoi-veut-on-en-finir-avec-les-miss-france\\\/#breadcrumb\"},\"inLanguage\":\"fr-FR\",\"potentialAction\":[{\"@type\":\"ReadAction\",\"target\":[\"https:\\\/\\\/www.infodictat.fr\\\/blog\\\/actus-francaises-pourquoi-veut-on-en-finir-avec-les-miss-france\\\/\"]}]},{\"@type\":\"ImageObject\",\"inLanguage\":\"fr-FR\",\"@id\":\"https:\\\/\\\/www.infodictat.fr\\\/blog\\\/actus-francaises-pourquoi-veut-on-en-finir-avec-les-miss-france\\\/#primaryimage\",\"url\":\"https:\\\/\\\/www.infodictat.fr\\\/blog\\\/wp-content\\\/uploads\\\/2024\\\/12\\\/Informations-nationales-Pourquoi-veut-on-en-finir-avec-les-Miss-France.jpg\",\"contentUrl\":\"https:\\\/\\\/www.infodictat.fr\\\/blog\\\/wp-content\\\/uploads\\\/2024\\\/12\\\/Informations-nationales-Pourquoi-veut-on-en-finir-avec-les-Miss-France.jpg\",\"width\":1440,\"height\":960},{\"@type\":\"BreadcrumbList\",\"@id\":\"https:\\\/\\\/www.infodictat.fr\\\/blog\\\/actus-francaises-pourquoi-veut-on-en-finir-avec-les-miss-france\\\/#breadcrumb\",\"itemListElement\":[{\"@type\":\"ListItem\",\"position\":1,\"name\":\"Accueil\",\"item\":\"https:\\\/\\\/www.infodictat.fr\\\/blog\\\/\"},{\"@type\":\"ListItem\",\"position\":2,\"name\":\"Actus fran\u00e7aises: Pourquoi veut-on en finir avec les Miss\u00a0? #France\"}]},{\"@type\":\"WebSite\",\"@id\":\"https:\\\/\\\/www.infodictat.fr\\\/blog\\\/#website\",\"url\":\"https:\\\/\\\/www.infodictat.fr\\\/blog\\\/\",\"name\":\"INFODICTAT\",\"description\":\"La dictature num\u00e9rique.\",\"publisher\":{\"@id\":\"https:\\\/\\\/www.infodictat.fr\\\/blog\\\/#organization\"},\"potentialAction\":[{\"@type\":\"SearchAction\",\"target\":{\"@type\":\"EntryPoint\",\"urlTemplate\":\"https:\\\/\\\/www.infodictat.fr\\\/blog\\\/?s={search_term_string}\"},\"query-input\":{\"@type\":\"PropertyValueSpecification\",\"valueRequired\":true,\"valueName\":\"search_term_string\"}}],\"inLanguage\":\"fr-FR\"},{\"@type\":\"Organization\",\"@id\":\"https:\\\/\\\/www.infodictat.fr\\\/blog\\\/#organization\",\"name\":\"infodictat\",\"url\":\"https:\\\/\\\/www.infodictat.fr\\\/blog\\\/\",\"logo\":{\"@type\":\"ImageObject\",\"inLanguage\":\"fr-FR\",\"@id\":\"https:\\\/\\\/www.infodictat.fr\\\/blog\\\/#\\\/schema\\\/logo\\\/image\\\/\",\"url\":\"https:\\\/\\\/www.infodictat.fr\\\/blog\\\/wp-content\\\/uploads\\\/2023\\\/05\\\/logo-2.png\",\"contentUrl\":\"https:\\\/\\\/www.infodictat.fr\\\/blog\\\/wp-content\\\/uploads\\\/2023\\\/05\\\/logo-2.png\",\"width\":480,\"height\":596,\"caption\":\"infodictat\"},\"image\":{\"@id\":\"https:\\\/\\\/www.infodictat.fr\\\/blog\\\/#\\\/schema\\\/logo\\\/image\\\/\"}},{\"@type\":\"Person\",\"@id\":\"https:\\\/\\\/www.infodictat.fr\\\/blog\\\/#\\\/schema\\\/person\\\/6c2c8af0941702348e8eca9144cc1267\",\"name\":\"Oscar BETHMONT\",\"image\":{\"@type\":\"ImageObject\",\"inLanguage\":\"fr-FR\",\"@id\":\"https:\\\/\\\/secure.gravatar.com\\\/avatar\\\/f80ff32d67d40b919e8be190b7325be3c6cb33ce305ac1d45cadad29128e831e?s=96&d=mm&r=g\",\"url\":\"https:\\\/\\\/secure.gravatar.com\\\/avatar\\\/f80ff32d67d40b919e8be190b7325be3c6cb33ce305ac1d45cadad29128e831e?s=96&d=mm&r=g\",\"contentUrl\":\"https:\\\/\\\/secure.gravatar.com\\\/avatar\\\/f80ff32d67d40b919e8be190b7325be3c6cb33ce305ac1d45cadad29128e831e?s=96&d=mm&r=g\",\"caption\":\"Oscar BETHMONT\"},\"url\":\"https:\\\/\\\/www.infodictat.fr\\\/blog\\\/author\\\/tatoscar\\\/\"}]}<\/script>\n<!-- \/ Yoast SEO plugin. -->","yoast_head_json":{"title":"Actus fran\u00e7aises: Pourquoi veut-on en finir avec les Miss\u00a0? #France - INFODICTAT","robots":{"index":"index","follow":"follow","max-snippet":"max-snippet:-1","max-image-preview":"max-image-preview:large","max-video-preview":"max-video-preview:-1"},"canonical":"https:\/\/www.infodictat.fr\/blog\/actus-francaises-pourquoi-veut-on-en-finir-avec-les-miss-france\/","og_locale":"fr_FR","og_type":"article","og_title":"Actus fran\u00e7aises: Pourquoi veut-on en finir avec les Miss\u00a0? #France - INFODICTAT","og_description":"Pourquoi veut-on en finir avec les Miss\u00a0? annonc\u00e9 par Le Point \u2013 Toute l&rsquo;info en continu le Voil\u00e0 un tout nouvel encart qui va parachever notre revue de presse sur \u00ab\u00a0Actualit\u00e9 fran\u00e7aise\u00a0\u00bb. Ceci a \u00e9t\u00e9 publi\u00e9 par Le Point \u2013 Toute l&rsquo;info en continu Signature . Date et heure de la r\u00e9ception de la d\u00e9p\u00e9che ... Lire la suite","og_url":"https:\/\/www.infodictat.fr\/blog\/actus-francaises-pourquoi-veut-on-en-finir-avec-les-miss-france\/","og_site_name":"INFODICTAT","article_published_time":"2024-12-14T11:18:35+00:00","og_image":[{"url":"https:\/\/www.infodictat.fr\/blog\/wp-content\/uploads\/2024\/12\/Informations-nationales-Pourquoi-veut-on-en-finir-avec-les-Miss-France.jpg","type":"","width":"","height":""}],"author":"Oscar BETHMONT","twitter_card":"summary_large_image","twitter_misc":{"\u00c9crit par":"Oscar BETHMONT","Dur\u00e9e de lecture estim\u00e9e":"6 minutes"},"schema":{"@context":"https:\/\/schema.org","@graph":[{"@type":"Article","@id":"https:\/\/www.infodictat.fr\/blog\/actus-francaises-pourquoi-veut-on-en-finir-avec-les-miss-france\/#article","isPartOf":{"@id":"https:\/\/www.infodictat.fr\/blog\/actus-francaises-pourquoi-veut-on-en-finir-avec-les-miss-france\/"},"author":{"name":"Oscar BETHMONT","@id":"https:\/\/www.infodictat.fr\/blog\/#\/schema\/person\/6c2c8af0941702348e8eca9144cc1267"},"headline":"Actus fran\u00e7aises: Pourquoi veut-on en finir avec les Miss\u00a0? #France","datePublished":"2024-12-14T11:18:35+00:00","mainEntityOfPage":{"@id":"https:\/\/www.infodictat.fr\/blog\/actus-francaises-pourquoi-veut-on-en-finir-avec-les-miss-france\/"},"wordCount":1112,"publisher":{"@id":"https:\/\/www.infodictat.fr\/blog\/#organization"},"image":{"@id":"https:\/\/www.infodictat.fr\/blog\/actus-francaises-pourquoi-veut-on-en-finir-avec-les-miss-france\/#primaryimage"},"thumbnailUrl":"https:\/\/www.infodictat.fr\/blog\/wp-content\/uploads\/2024\/12\/Informations-nationales-Pourquoi-veut-on-en-finir-avec-les-Miss-France.jpg","articleSection":["La Dictature Num\u00e9rique:"],"inLanguage":"fr-FR"},{"@type":"WebPage","@id":"https:\/\/www.infodictat.fr\/blog\/actus-francaises-pourquoi-veut-on-en-finir-avec-les-miss-france\/","url":"https:\/\/www.infodictat.fr\/blog\/actus-francaises-pourquoi-veut-on-en-finir-avec-les-miss-france\/","name":"Actus fran\u00e7aises: Pourquoi veut-on en finir avec les Miss\u00a0? #France - INFODICTAT","isPartOf":{"@id":"https:\/\/www.infodictat.fr\/blog\/#website"},"primaryImageOfPage":{"@id":"https:\/\/www.infodictat.fr\/blog\/actus-francaises-pourquoi-veut-on-en-finir-avec-les-miss-france\/#primaryimage"},"image":{"@id":"https:\/\/www.infodictat.fr\/blog\/actus-francaises-pourquoi-veut-on-en-finir-avec-les-miss-france\/#primaryimage"},"thumbnailUrl":"https:\/\/www.infodictat.fr\/blog\/wp-content\/uploads\/2024\/12\/Informations-nationales-Pourquoi-veut-on-en-finir-avec-les-Miss-France.jpg","datePublished":"2024-12-14T11:18:35+00:00","breadcrumb":{"@id":"https:\/\/www.infodictat.fr\/blog\/actus-francaises-pourquoi-veut-on-en-finir-avec-les-miss-france\/#breadcrumb"},"inLanguage":"fr-FR","potentialAction":[{"@type":"ReadAction","target":["https:\/\/www.infodictat.fr\/blog\/actus-francaises-pourquoi-veut-on-en-finir-avec-les-miss-france\/"]}]},{"@type":"ImageObject","inLanguage":"fr-FR","@id":"https:\/\/www.infodictat.fr\/blog\/actus-francaises-pourquoi-veut-on-en-finir-avec-les-miss-france\/#primaryimage","url":"https:\/\/www.infodictat.fr\/blog\/wp-content\/uploads\/2024\/12\/Informations-nationales-Pourquoi-veut-on-en-finir-avec-les-Miss-France.jpg","contentUrl":"https:\/\/www.infodictat.fr\/blog\/wp-content\/uploads\/2024\/12\/Informations-nationales-Pourquoi-veut-on-en-finir-avec-les-Miss-France.jpg","width":1440,"height":960},{"@type":"BreadcrumbList","@id":"https:\/\/www.infodictat.fr\/blog\/actus-francaises-pourquoi-veut-on-en-finir-avec-les-miss-france\/#breadcrumb","itemListElement":[{"@type":"ListItem","position":1,"name":"Accueil","item":"https:\/\/www.infodictat.fr\/blog\/"},{"@type":"ListItem","position":2,"name":"Actus fran\u00e7aises: Pourquoi veut-on en finir avec les Miss\u00a0? #France"}]},{"@type":"WebSite","@id":"https:\/\/www.infodictat.fr\/blog\/#website","url":"https:\/\/www.infodictat.fr\/blog\/","name":"INFODICTAT","description":"La dictature num\u00e9rique.","publisher":{"@id":"https:\/\/www.infodictat.fr\/blog\/#organization"},"potentialAction":[{"@type":"SearchAction","target":{"@type":"EntryPoint","urlTemplate":"https:\/\/www.infodictat.fr\/blog\/?s={search_term_string}"},"query-input":{"@type":"PropertyValueSpecification","valueRequired":true,"valueName":"search_term_string"}}],"inLanguage":"fr-FR"},{"@type":"Organization","@id":"https:\/\/www.infodictat.fr\/blog\/#organization","name":"infodictat","url":"https:\/\/www.infodictat.fr\/blog\/","logo":{"@type":"ImageObject","inLanguage":"fr-FR","@id":"https:\/\/www.infodictat.fr\/blog\/#\/schema\/logo\/image\/","url":"https:\/\/www.infodictat.fr\/blog\/wp-content\/uploads\/2023\/05\/logo-2.png","contentUrl":"https:\/\/www.infodictat.fr\/blog\/wp-content\/uploads\/2023\/05\/logo-2.png","width":480,"height":596,"caption":"infodictat"},"image":{"@id":"https:\/\/www.infodictat.fr\/blog\/#\/schema\/logo\/image\/"}},{"@type":"Person","@id":"https:\/\/www.infodictat.fr\/blog\/#\/schema\/person\/6c2c8af0941702348e8eca9144cc1267","name":"Oscar BETHMONT","image":{"@type":"ImageObject","inLanguage":"fr-FR","@id":"https:\/\/secure.gravatar.com\/avatar\/f80ff32d67d40b919e8be190b7325be3c6cb33ce305ac1d45cadad29128e831e?s=96&d=mm&r=g","url":"https:\/\/secure.gravatar.com\/avatar\/f80ff32d67d40b919e8be190b7325be3c6cb33ce305ac1d45cadad29128e831e?s=96&d=mm&r=g","contentUrl":"https:\/\/secure.gravatar.com\/avatar\/f80ff32d67d40b919e8be190b7325be3c6cb33ce305ac1d45cadad29128e831e?s=96&d=mm&r=g","caption":"Oscar BETHMONT"},"url":"https:\/\/www.infodictat.fr\/blog\/author\/tatoscar\/"}]}},"_links":{"self":[{"href":"https:\/\/www.infodictat.fr\/blog\/wp-json\/wp\/v2\/posts\/908","targetHints":{"allow":["GET"]}}],"collection":[{"href":"https:\/\/www.infodictat.fr\/blog\/wp-json\/wp\/v2\/posts"}],"about":[{"href":"https:\/\/www.infodictat.fr\/blog\/wp-json\/wp\/v2\/types\/post"}],"author":[{"embeddable":true,"href":"https:\/\/www.infodictat.fr\/blog\/wp-json\/wp\/v2\/users\/2"}],"replies":[{"embeddable":true,"href":"https:\/\/www.infodictat.fr\/blog\/wp-json\/wp\/v2\/comments?post=908"}],"version-history":[{"count":0,"href":"https:\/\/www.infodictat.fr\/blog\/wp-json\/wp\/v2\/posts\/908\/revisions"}],"wp:featuredmedia":[{"embeddable":true,"href":"https:\/\/www.infodictat.fr\/blog\/wp-json\/wp\/v2\/media\/909"}],"wp:attachment":[{"href":"https:\/\/www.infodictat.fr\/blog\/wp-json\/wp\/v2\/media?parent=908"}],"wp:term":[{"taxonomy":"category","embeddable":true,"href":"https:\/\/www.infodictat.fr\/blog\/wp-json\/wp\/v2\/categories?post=908"},{"taxonomy":"post_tag","embeddable":true,"href":"https:\/\/www.infodictat.fr\/blog\/wp-json\/wp\/v2\/tags?post=908"}],"curies":[{"name":"wp","href":"https:\/\/api.w.org\/{rel}","templated":true}]}}