{"id":898,"date":"2024-12-02T15:03:05","date_gmt":"2024-12-02T14:03:05","guid":{"rendered":"https:\/\/www.infodictat.fr\/blog\/infos-france-et-si-macron-rejouait-sur-sa-jambe-gauche-france\/"},"modified":"2024-12-02T15:03:05","modified_gmt":"2024-12-02T14:03:05","slug":"infos-france-et-si-macron-rejouait-sur-sa-jambe-gauche-france","status":"publish","type":"post","link":"https:\/\/www.infodictat.fr\/blog\/infos-france-et-si-macron-rejouait-sur-sa-jambe-gauche-france\/","title":{"rendered":"Infos France: Et si Macron rejouait sur sa jambe gauche\u00a0? #France"},"content":{"rendered":"<div>\n<h1>Et si Macron rejouait sur sa jambe gauche\u00a0? annonc\u00e9 par Le Point \u2013 Politique le <span id=\"datecrea\"><\/span> <\/h1>\n<p>Voil\u00e0 qui va vous int\u00e9resser : Un  nouveau papier que nous venons de relever sur le web et que nous vous produisons ci-dessous. La th\u00e9matique est \u00ab\u00a0Actualit\u00e9 fran\u00e7aise\u00a0\u00bb.<\/p>\n<h2>Ceci a \u00e9t\u00e9 diffus\u00e9 par Le Point \u2013 Politique<\/h2>\n<p><u>Signature  . <\/u><\/p>\n<p><u>Date et heure de la r\u00e9ception de la d\u00e9p\u00e9che sur notre fil d\u2019info:<\/u><strong><span id=\"date\"><\/span><\/strong><\/p>\n<p><u>Date et heure de publication sur internet:<\/u> <strong><span id=\"datecrea\"><\/span><\/strong><\/p>\n<p><u>Titre exacte donn\u00e9 par le journal \u00e9tait:<\/u> <strong>Et si Macron rejouait sur sa jambe gauche\u00a0?<\/strong><\/p>\n<p><u>Information et contenu publi\u00e9s :<\/u><\/p>\n<div id=\"contenu\">\n        <!-- include t_www_2023\/pages\/article\/blocs\/tag_pub.tpl --><br \/>\n            <!-- include \/t_www_2023\/pages\/article\/blocs\/tag_pub.tpl --><\/p>\n<p><span class=\"dflt-txt__lettrine\">E<\/span>t si Emmanuel Macron nous faisait une Zidane\u00a0? Un passement de jambes politique dont il a le secret\u00a0? Si, quelque part dans son agenda, l\u2019arriv\u00e9e \u00e0 Matignon d\u2019une personnalit\u00e9 politique de gauche\u00a0n\u2019\u00e9tait plus tout \u00e0 fait saugrenue\u00a0? Une chim\u00e8re\u00a0? Depuis quelques jours, une rumeur commence \u00e0 circuler, selon laquelle le \u00ab\u00a0socle commun\u00a0\u00bb qu\u2019il a concoct\u00e9 \u00e0 la h\u00e2te\u00a0vivait ses derni\u00e8res heures, emport\u00e9 par la motion de censure conjointe du Nouveau Front populaire (NFP)\u00a0et du Rassemblement national.<\/p>\n<section class=\"mbl txtcenter\"><\/section>\n<div id=\"newsletter\" class=\"bloc-1 title-top\">\n<span class=\"h2\">La newsletter politique<\/span><\/p>\n<div class=\"step-1\">\n<p class=\"period\">Tous les lundis \u00e0 11h30<\/p>\n<p>Recevez en avant-premi\u00e8re les informations et analyses politiques de la r\u00e9daction du Point.<\/p>\n<\/div>\n<div class=\"step-2\">\n<p>Merci !<br \/>Votre inscription a bien \u00e9t\u00e9 prise en compte avec l\u2019adresse email :<br \/><span class=\"email-sended\"><\/span><\/p>\n<p>Pour d\u00e9couvrir toutes nos autres newsletters, rendez-vous ici : MonCompte<\/p>\n<\/div>\n<p>En vous inscrivant, vous acceptez les conditions g\u00e9n\u00e9rales d\u2019utilisations et notre politique de confidentialit\u00e9.<\/p>\n<\/div>\n<p>Car, effectivement, ce n\u2019est pas Michel Barnier qui est en cause dans cette affaire, mais bel et bien cette construction baroque et brinquebalante imagin\u00e9e en catastrophe par l\u2019inventeur du \u00ab\u00a0en m\u00eame temps\u00a0\u00bb. Ce \u00ab\u00a0socle commun\u00a0\u00bb, plus fragile qu\u2019un ch\u00e2teau de cartes, est une incongruit\u00e9 politique.<\/p>\n<h2>Auberge espagnole id\u00e9ologique<\/h2>\n<p>Imaginez une famille qui d\u00e9cide de faire r\u00e9parer sa maison par les m\u00eames ouvriers qui l\u2019ont compl\u00e8tement d\u00e9glingu\u00e9e. C\u2019est un peu la mission impossible que vit l\u2019ancien commissaire europ\u00e9en. Michel Barnier cohabite au quotidien avec des gens, Ensemble pour la R\u00e9publique, qui ont \u00e9t\u00e9 battus aux \u00e9lections l\u00e9gislatives, qui ne l\u2019ont toujours pas compris et qui le soutiennent comme la corde \u00e0 un pendu.<\/p>\n<section id=\"meme-chronique\" class=\"title-top\">\n<h2>Dans la m\u00eame chronique<\/h2>\n<\/section>\n<section class=\"mbl txtcenter\"><\/section>\n<p>Comment faire tenir bien longtemps pareil attelage\u00a0? Si ce gouvernement en sursis saute, demain ou apr\u00e8s-demain, il faudra bien que le chef de l\u2019\u00c9tat sorte de son chapeau un nouveau sc\u00e9nario qui lui permette de durer encore un peu et de ne pas subir l\u2019humiliation d\u2019une d\u00e9mission contrainte. Exit, donc, le socle commun\u00a0?<\/p>\n<p><span class=\"Capsule premium\"><span class=\"Phylactery\">\u00c0 LIRE AUSSI<\/span> <strong class=\"strong\">Un gouvernement de technocrates, l\u2019incroyable aveu\u00a0!<\/strong><\/span> Retour \u00e0 la fameuse \u00ab\u00a0jambe gauche\u00a0\u00bb du macronisme\u00a0? On pourrait presque en rire. Ce concept fourre-tout de l\u2019auberge espagnole id\u00e9ologique, qui a permis \u00e0 l\u2019ancien banquier d\u2019acc\u00e9der au sommet de l\u2019\u00c9tat, pourrait ainsi refaire surface. Ce coup \u00e0 la Zidane d\u2019un retour d\u2019appui sur le pied gauche est encore \u00e0 l\u2019\u00e9tat d\u2019\u00e9bauche.<\/p>\n<p>Les dirigeants socialistes, eux, l\u2019envisagent de plus en plus s\u00e9rieusement, surtout si le RN vote la motion de censure sur le projet de loi de finances de la S\u00e9curit\u00e9 sociale. Ils ont quand m\u00eame un gros obstacle pour parvenir \u00e0 leurs fins. Il s\u2019appelle Jean-Luc M\u00e9lenchon.<\/p>\n<p>Le Lider Maximo de LFI ne cache plus son plan de bataille\u00a0: poursuivre bon an mal an la strat\u00e9gie du chaos, contraindre Emmanuel Macron \u00e0 la d\u00e9mission, provoquer une \u00e9lection pr\u00e9sidentielle anticip\u00e9e dans laquelle on retrouverait le trio Le Pen-Macron-M\u00e9lenchon.<\/p>\n<section class=\"mbl txtcenter\"><\/section>\n<h2>Probl\u00e8me\u00a0: le casting<\/h2>\n<p>C\u2019est le r\u00eave \u00e0 peine voil\u00e9 du chef des Insoumis. Comment le pr\u00e9sident peut-il le contrarier\u00a0? En revenant sur les r\u00e9sultats des l\u00e9gislatives de juillet, en reconnaissant que le front r\u00e9publicain a \u00e9t\u00e9\u00a0math\u00e9matiquement le vainqueur de ce scrutin historique, le pr\u00e9sident proposerait Matignon \u00e0 une nouvelle personnalit\u00e9 de gauche, ferait voler en \u00e9clats le NFP, redonnerait de la visibilit\u00e9 politique au PS, que les troupes de Gabriel Attal pourraient soutenir en tra\u00eenant moins des pieds qu\u2019avec les \u00e9quipes de Michel Barnier.<\/p>\n<p><span class=\"Capsule premium\"><span class=\"Phylactery\">\u00c0 LIRE AUSSI<\/span> <strong class=\"strong\">\u00ab\u00a0\u00c7a tangue tr\u00e8s fort\u00a0\u00bb\u00a0: Macron, l\u2019\u00e9trange fin de r\u00e8gne<\/strong><\/span><span class=\"Capsule discover-kangourou\"><br \/>\n<span class=\"Phylactery\">\u00c0 D\u00e9couvrir<\/span><br \/>\n<strong class=\"discover-kangourou__line\"><\/p>\n<p><strong class=\"discover-kangourou__txt\"><br \/>\n<strong>Le Kangourou du jour<\/strong><\/strong><\/strong><\/span><\/p>\n<p>R\u00e9pondre<\/p>\n<p>L\u2019hypoth\u00e8se \u00e9tait encore farfelue\u00a0il y a quelques semaines, mais les efforts fournis par la direction du PS, en mati\u00e8re de concessions sur les projets de loi\u00a0en discussion \u00e0 l\u2019Assembl\u00e9e nationale, ont convaincu certains proches du pr\u00e9sident qu\u2019il ne fallait pas rejeter d\u2019un revers de main ce sc\u00e9nario qui renverrait les extr\u00eames dans les cordes, Marine Le Pen dans son r\u00f4le d\u2019\u00e9ternelle opposante, et Jean-Luc M\u00e9lenchon dans celui de petit p\u00e8re des peuples en voie de radicalisation d\u00e9finitive.<\/p>\n<p>Ce sc\u00e9nario fiction est sur le bureau du pr\u00e9sident. Probl\u00e8me\u00a0: le casting. Qui pour occuper les premiers r\u00f4les. Les barons de l\u2019\u00e8re Hollande, ou une nouvelle g\u00e9n\u00e9ration encore en formation\u00a0? Rapha\u00ebl Glucksmann, Olivier Faure, J\u00e9r\u00f4me Guedj, Carole Delga\u00a0? Autre souci, de taille\u00a0: aucun d\u2019entre eux ne pourra changer la composition de l\u2019Assembl\u00e9e nationale\u00a0avant d\u00e9but juillet\u00a02025. Il y aurait donc un nouveau pilote dans le bateau France, mais toujours pas de gouvernail. Avec ou sans jambe gauche.<\/p>\n<p><!-- include t_www_2023\/pages\/article\/blocs\/bloc-encadre.tpl --><br \/>\n<!-- include \/t_www_2023\/pages\/article\/blocs\/bloc-encadre.tpl -->\n<\/p>\n<\/div>\n<p> <img decoding=\"async\" src=\"https:\/\/www.infodictat.fr\/blog\/wp-content\/uploads\/2024\/12\/Informations-francaises-Et-si-Macron-rejouait-sur-sa-jambe-gauche.jpg\" alt=\"Et si Macron rejouait sur sa jambe gauche\u00a0?\"><\/p>\n<p>#Macron #rejouait #sur #jambe #gauche<\/p>\n<p>Reprise de l\u2019information dans un style journalistique professionnel descriptif en organisant les id\u00e9es dans un ordre coh\u00e9rent avec titres html <\/p>\n<p>A lire sur le m\u00eame propos:<\/p>\n<p>La documentation\/Performances d\u2019un syst\u00e8me documentaire.,<a href=\"https:\/\/fr.wikibooks.org\/wiki\/La_documentation\/Performances_d%27un_syst%C3%A8me_documentaire\" target=\"_blank\" rel=\"noopener noreferrer nofollow\">Description<\/a><span><\/span>.<\/p>\n<p>Mon\u00e9tique\/Les solutions de paiement en ligne.,<a href=\"https:\/\/fr.wikibooks.org\/wiki\/Mon%C3%A9tique\/Les_solutions_de_paiement_en_ligne\" target=\"_blank\" rel=\"noopener noreferrer nofollow\">Infos sur l\u2019ouvrage<\/a><span><\/span>.<\/p>\n<p>Photographie\/Soci\u00e9t\u00e9s et Organisations\/Reporters sans Fronti\u00e8res.,<a href=\"https:\/\/fr.wikibooks.org\/wiki\/Photographie\/Soci%C3%A9t%C3%A9s_et_Organisations\/Reporters_sans_Fronti%C3%A8res\" target=\"_blank\" rel=\"noopener noreferrer nofollow\">Le livre <\/a><span><\/span>.<\/p>\n<p><script>\nvar date = \"Non r\u00e9cup\u00e9r\u00e9es\";\n        \/\/ Valeur de timestamp\n        var timestampString = 1733145270; \/\/ Assurez-vous que le timestamp est une cha\u00eene de texte\n        \/\/ Convertir la cha\u00eene de texte en nombre entier (timestamp)\n        var timestamp = parseInt(timestampString);\n        \/\/ Cr\u00e9er un objet Date \u00e0 partir du timestamp\n        var dateObject = new Date(timestamp * 1000); \/\/ Le timestamp est en secondes, donc on le multiplie par 1000 pour obtenir les millisecondes\n        \/\/ Format de date personnalis\u00e9\n        var options = { weekday: 'long', year: 'numeric', month: 'long', day: 'numeric', hour: 'numeric', minute: 'numeric', second: 'numeric', timeZone: 'Europe\/Paris' };\n        var formattedDate = dateObject.toLocaleDateString('fr-FR', options);\n formattedDate = formattedDate.replace(\/^.\/, formattedDate[0].toUpperCase());\n        \/\/ Afficher la date dans le HTML\n        document.getElementById('date').textContent = formattedDate;\n    <\/script><\/p>\n<p><script>\nvar datecrea = \"Non r\u00e9cup\u00e9r\u00e9e\";\n        \/\/ Date et heure au format \"2008-06-15 18:02:58\"\n        var dateString = \"2024-12-02 10:30:00\";\n        \/\/ Convertir la cha\u00eene de texte en objet Date\n        var now = new Date(dateString);\n        \/\/ Format de date personnalis\u00e9\n        var options = { weekday: 'long', year: 'numeric', month: 'long', day: 'numeric', hour: 'numeric', minute: 'numeric', second: 'numeric', timeZone: 'Europe\/Paris' };\n        var formattedDate = now.toLocaleDateString('fr-FR', options);\n formattedDate = formattedDate.replace(\/^.\/, formattedDate[0].toUpperCase());\n        \/\/ Afficher la date dans le HTML\n        document.getElementById('datecrea').textContent = formattedDate;\n    <\/script><\/p>\n<\/div>\n<p><img decoding=\"async\" class=\"wpe_imgrss\" src=\"https:\/\/www.infodictat.fr\/blog\/wp-content\/uploads\/2024\/12\/Informations-francaises-Et-si-Macron-rejouait-sur-sa-jambe-gauche.jpg\">Vous pouvez lire ce post traitant le sujet \u00ab\u00a0La dictature num\u00e9rique\u00a0\u00bb. Il est produit par la r\u00e9daction de infodictat.fr. Le site infodictat.fr a pour objectif de publier plusieurs articles autour du sujet La dictature num\u00e9rique d\u00e9velopp\u00e9es sur le web. Cette chronique se veut g\u00e9n\u00e9r\u00e9e de la fa\u00e7on la plus juste qui soit. Pour \u00e9mettre des remarques sur ce dossier autour du sujet \u00ab\u00a0La dictature num\u00e9rique\u00a0\u00bb prenez les contacts indiqu\u00e9s sur notre site internet. En consultant r\u00e9guli\u00e8rement nos contenus de blog vous serez au courant des futures parutions.<\/p>\n","protected":false},"excerpt":{"rendered":"<p>Et si Macron rejouait sur sa jambe gauche\u00a0? annonc\u00e9 par Le Point \u2013 Politique le Voil\u00e0 qui va vous int\u00e9resser : Un nouveau papier que nous venons de relever sur le web et que nous vous produisons ci-dessous. La th\u00e9matique est \u00ab\u00a0Actualit\u00e9 fran\u00e7aise\u00a0\u00bb. Ceci a \u00e9t\u00e9 diffus\u00e9 par Le Point \u2013 Politique Signature . Date &#8230; <a title=\"Infos France: Et si Macron rejouait sur sa jambe gauche\u00a0? #France\" class=\"read-more\" href=\"https:\/\/www.infodictat.fr\/blog\/infos-france-et-si-macron-rejouait-sur-sa-jambe-gauche-france\/\" aria-label=\"En savoir plus sur Infos France: Et si Macron rejouait sur sa jambe gauche\u00a0? #France\">Lire la suite<\/a><\/p>\n","protected":false},"author":2,"featured_media":899,"comment_status":"closed","ping_status":"closed","sticky":false,"template":"","format":"standard","meta":{"footnotes":""},"categories":[2],"tags":[],"class_list":["post-898","post","type-post","status-publish","format-standard","has-post-thumbnail","hentry","category-la-dictature-numerique"],"yoast_head":"<!-- This site is optimized with the Yoast SEO plugin v27.5 - https:\/\/yoast.com\/product\/yoast-seo-wordpress\/ -->\n<title>Infos France: Et si Macron rejouait sur sa jambe gauche\u00a0? #France - INFODICTAT<\/title>\n<meta name=\"robots\" content=\"index, follow, max-snippet:-1, max-image-preview:large, max-video-preview:-1\" \/>\n<link rel=\"canonical\" href=\"https:\/\/www.infodictat.fr\/blog\/infos-france-et-si-macron-rejouait-sur-sa-jambe-gauche-france\/\" \/>\n<meta property=\"og:locale\" content=\"fr_FR\" \/>\n<meta property=\"og:type\" content=\"article\" \/>\n<meta property=\"og:title\" content=\"Infos France: Et si Macron rejouait sur sa jambe gauche\u00a0? #France - INFODICTAT\" \/>\n<meta property=\"og:description\" content=\"Et si Macron rejouait sur sa jambe gauche\u00a0? annonc\u00e9 par Le Point \u2013 Politique le Voil\u00e0 qui va vous int\u00e9resser : Un nouveau papier que nous venons de relever sur le web et que nous vous produisons ci-dessous. La th\u00e9matique est \u00ab\u00a0Actualit\u00e9 fran\u00e7aise\u00a0\u00bb. Ceci a \u00e9t\u00e9 diffus\u00e9 par Le Point \u2013 Politique Signature . Date ... Lire la suite\" \/>\n<meta property=\"og:url\" content=\"https:\/\/www.infodictat.fr\/blog\/infos-france-et-si-macron-rejouait-sur-sa-jambe-gauche-france\/\" \/>\n<meta property=\"og:site_name\" content=\"INFODICTAT\" \/>\n<meta property=\"article:published_time\" content=\"2024-12-02T14:03:05+00:00\" \/>\n<meta property=\"og:image\" content=\"https:\/\/www.infodictat.fr\/blog\/wp-content\/uploads\/2024\/12\/Informations-francaises-Et-si-Macron-rejouait-sur-sa-jambe-gauche.jpg\" \/>\n<meta name=\"author\" content=\"Oscar BETHMONT\" \/>\n<meta name=\"twitter:card\" content=\"summary_large_image\" \/>\n<meta name=\"twitter:label1\" content=\"\u00c9crit par\" \/>\n\t<meta name=\"twitter:data1\" content=\"Oscar BETHMONT\" \/>\n\t<meta name=\"twitter:label2\" content=\"Dur\u00e9e de lecture estim\u00e9e\" \/>\n\t<meta name=\"twitter:data2\" content=\"5 minutes\" \/>\n<script type=\"application\/ld+json\" class=\"yoast-schema-graph\">{\"@context\":\"https:\\\/\\\/schema.org\",\"@graph\":[{\"@type\":\"Article\",\"@id\":\"https:\\\/\\\/www.infodictat.fr\\\/blog\\\/infos-france-et-si-macron-rejouait-sur-sa-jambe-gauche-france\\\/#article\",\"isPartOf\":{\"@id\":\"https:\\\/\\\/www.infodictat.fr\\\/blog\\\/infos-france-et-si-macron-rejouait-sur-sa-jambe-gauche-france\\\/\"},\"author\":{\"name\":\"Oscar BETHMONT\",\"@id\":\"https:\\\/\\\/www.infodictat.fr\\\/blog\\\/#\\\/schema\\\/person\\\/6c2c8af0941702348e8eca9144cc1267\"},\"headline\":\"Infos France: Et si Macron rejouait sur sa jambe gauche\u00a0? #France\",\"datePublished\":\"2024-12-02T14:03:05+00:00\",\"mainEntityOfPage\":{\"@id\":\"https:\\\/\\\/www.infodictat.fr\\\/blog\\\/infos-france-et-si-macron-rejouait-sur-sa-jambe-gauche-france\\\/\"},\"wordCount\":1080,\"publisher\":{\"@id\":\"https:\\\/\\\/www.infodictat.fr\\\/blog\\\/#organization\"},\"image\":{\"@id\":\"https:\\\/\\\/www.infodictat.fr\\\/blog\\\/infos-france-et-si-macron-rejouait-sur-sa-jambe-gauche-france\\\/#primaryimage\"},\"thumbnailUrl\":\"https:\\\/\\\/www.infodictat.fr\\\/blog\\\/wp-content\\\/uploads\\\/2024\\\/12\\\/Informations-francaises-Et-si-Macron-rejouait-sur-sa-jambe-gauche.jpg\",\"articleSection\":[\"La Dictature Num\u00e9rique:\"],\"inLanguage\":\"fr-FR\"},{\"@type\":\"WebPage\",\"@id\":\"https:\\\/\\\/www.infodictat.fr\\\/blog\\\/infos-france-et-si-macron-rejouait-sur-sa-jambe-gauche-france\\\/\",\"url\":\"https:\\\/\\\/www.infodictat.fr\\\/blog\\\/infos-france-et-si-macron-rejouait-sur-sa-jambe-gauche-france\\\/\",\"name\":\"Infos France: Et si Macron rejouait sur sa jambe gauche\u00a0? #France - INFODICTAT\",\"isPartOf\":{\"@id\":\"https:\\\/\\\/www.infodictat.fr\\\/blog\\\/#website\"},\"primaryImageOfPage\":{\"@id\":\"https:\\\/\\\/www.infodictat.fr\\\/blog\\\/infos-france-et-si-macron-rejouait-sur-sa-jambe-gauche-france\\\/#primaryimage\"},\"image\":{\"@id\":\"https:\\\/\\\/www.infodictat.fr\\\/blog\\\/infos-france-et-si-macron-rejouait-sur-sa-jambe-gauche-france\\\/#primaryimage\"},\"thumbnailUrl\":\"https:\\\/\\\/www.infodictat.fr\\\/blog\\\/wp-content\\\/uploads\\\/2024\\\/12\\\/Informations-francaises-Et-si-Macron-rejouait-sur-sa-jambe-gauche.jpg\",\"datePublished\":\"2024-12-02T14:03:05+00:00\",\"breadcrumb\":{\"@id\":\"https:\\\/\\\/www.infodictat.fr\\\/blog\\\/infos-france-et-si-macron-rejouait-sur-sa-jambe-gauche-france\\\/#breadcrumb\"},\"inLanguage\":\"fr-FR\",\"potentialAction\":[{\"@type\":\"ReadAction\",\"target\":[\"https:\\\/\\\/www.infodictat.fr\\\/blog\\\/infos-france-et-si-macron-rejouait-sur-sa-jambe-gauche-france\\\/\"]}]},{\"@type\":\"ImageObject\",\"inLanguage\":\"fr-FR\",\"@id\":\"https:\\\/\\\/www.infodictat.fr\\\/blog\\\/infos-france-et-si-macron-rejouait-sur-sa-jambe-gauche-france\\\/#primaryimage\",\"url\":\"https:\\\/\\\/www.infodictat.fr\\\/blog\\\/wp-content\\\/uploads\\\/2024\\\/12\\\/Informations-francaises-Et-si-Macron-rejouait-sur-sa-jambe-gauche.jpg\",\"contentUrl\":\"https:\\\/\\\/www.infodictat.fr\\\/blog\\\/wp-content\\\/uploads\\\/2024\\\/12\\\/Informations-francaises-Et-si-Macron-rejouait-sur-sa-jambe-gauche.jpg\",\"width\":1440,\"height\":960},{\"@type\":\"BreadcrumbList\",\"@id\":\"https:\\\/\\\/www.infodictat.fr\\\/blog\\\/infos-france-et-si-macron-rejouait-sur-sa-jambe-gauche-france\\\/#breadcrumb\",\"itemListElement\":[{\"@type\":\"ListItem\",\"position\":1,\"name\":\"Accueil\",\"item\":\"https:\\\/\\\/www.infodictat.fr\\\/blog\\\/\"},{\"@type\":\"ListItem\",\"position\":2,\"name\":\"Infos France: Et si Macron rejouait sur sa jambe gauche\u00a0? #France\"}]},{\"@type\":\"WebSite\",\"@id\":\"https:\\\/\\\/www.infodictat.fr\\\/blog\\\/#website\",\"url\":\"https:\\\/\\\/www.infodictat.fr\\\/blog\\\/\",\"name\":\"INFODICTAT\",\"description\":\"La dictature num\u00e9rique.\",\"publisher\":{\"@id\":\"https:\\\/\\\/www.infodictat.fr\\\/blog\\\/#organization\"},\"potentialAction\":[{\"@type\":\"SearchAction\",\"target\":{\"@type\":\"EntryPoint\",\"urlTemplate\":\"https:\\\/\\\/www.infodictat.fr\\\/blog\\\/?s={search_term_string}\"},\"query-input\":{\"@type\":\"PropertyValueSpecification\",\"valueRequired\":true,\"valueName\":\"search_term_string\"}}],\"inLanguage\":\"fr-FR\"},{\"@type\":\"Organization\",\"@id\":\"https:\\\/\\\/www.infodictat.fr\\\/blog\\\/#organization\",\"name\":\"infodictat\",\"url\":\"https:\\\/\\\/www.infodictat.fr\\\/blog\\\/\",\"logo\":{\"@type\":\"ImageObject\",\"inLanguage\":\"fr-FR\",\"@id\":\"https:\\\/\\\/www.infodictat.fr\\\/blog\\\/#\\\/schema\\\/logo\\\/image\\\/\",\"url\":\"https:\\\/\\\/www.infodictat.fr\\\/blog\\\/wp-content\\\/uploads\\\/2023\\\/05\\\/logo-2.png\",\"contentUrl\":\"https:\\\/\\\/www.infodictat.fr\\\/blog\\\/wp-content\\\/uploads\\\/2023\\\/05\\\/logo-2.png\",\"width\":480,\"height\":596,\"caption\":\"infodictat\"},\"image\":{\"@id\":\"https:\\\/\\\/www.infodictat.fr\\\/blog\\\/#\\\/schema\\\/logo\\\/image\\\/\"}},{\"@type\":\"Person\",\"@id\":\"https:\\\/\\\/www.infodictat.fr\\\/blog\\\/#\\\/schema\\\/person\\\/6c2c8af0941702348e8eca9144cc1267\",\"name\":\"Oscar BETHMONT\",\"image\":{\"@type\":\"ImageObject\",\"inLanguage\":\"fr-FR\",\"@id\":\"https:\\\/\\\/secure.gravatar.com\\\/avatar\\\/f80ff32d67d40b919e8be190b7325be3c6cb33ce305ac1d45cadad29128e831e?s=96&d=mm&r=g\",\"url\":\"https:\\\/\\\/secure.gravatar.com\\\/avatar\\\/f80ff32d67d40b919e8be190b7325be3c6cb33ce305ac1d45cadad29128e831e?s=96&d=mm&r=g\",\"contentUrl\":\"https:\\\/\\\/secure.gravatar.com\\\/avatar\\\/f80ff32d67d40b919e8be190b7325be3c6cb33ce305ac1d45cadad29128e831e?s=96&d=mm&r=g\",\"caption\":\"Oscar BETHMONT\"},\"url\":\"https:\\\/\\\/www.infodictat.fr\\\/blog\\\/author\\\/tatoscar\\\/\"}]}<\/script>\n<!-- \/ Yoast SEO plugin. -->","yoast_head_json":{"title":"Infos France: Et si Macron rejouait sur sa jambe gauche\u00a0? #France - INFODICTAT","robots":{"index":"index","follow":"follow","max-snippet":"max-snippet:-1","max-image-preview":"max-image-preview:large","max-video-preview":"max-video-preview:-1"},"canonical":"https:\/\/www.infodictat.fr\/blog\/infos-france-et-si-macron-rejouait-sur-sa-jambe-gauche-france\/","og_locale":"fr_FR","og_type":"article","og_title":"Infos France: Et si Macron rejouait sur sa jambe gauche\u00a0? #France - INFODICTAT","og_description":"Et si Macron rejouait sur sa jambe gauche\u00a0? annonc\u00e9 par Le Point \u2013 Politique le Voil\u00e0 qui va vous int\u00e9resser : Un nouveau papier que nous venons de relever sur le web et que nous vous produisons ci-dessous. La th\u00e9matique est \u00ab\u00a0Actualit\u00e9 fran\u00e7aise\u00a0\u00bb. Ceci a \u00e9t\u00e9 diffus\u00e9 par Le Point \u2013 Politique Signature . Date ... Lire la suite","og_url":"https:\/\/www.infodictat.fr\/blog\/infos-france-et-si-macron-rejouait-sur-sa-jambe-gauche-france\/","og_site_name":"INFODICTAT","article_published_time":"2024-12-02T14:03:05+00:00","og_image":[{"url":"https:\/\/www.infodictat.fr\/blog\/wp-content\/uploads\/2024\/12\/Informations-francaises-Et-si-Macron-rejouait-sur-sa-jambe-gauche.jpg","type":"","width":"","height":""}],"author":"Oscar BETHMONT","twitter_card":"summary_large_image","twitter_misc":{"\u00c9crit par":"Oscar BETHMONT","Dur\u00e9e de lecture estim\u00e9e":"5 minutes"},"schema":{"@context":"https:\/\/schema.org","@graph":[{"@type":"Article","@id":"https:\/\/www.infodictat.fr\/blog\/infos-france-et-si-macron-rejouait-sur-sa-jambe-gauche-france\/#article","isPartOf":{"@id":"https:\/\/www.infodictat.fr\/blog\/infos-france-et-si-macron-rejouait-sur-sa-jambe-gauche-france\/"},"author":{"name":"Oscar BETHMONT","@id":"https:\/\/www.infodictat.fr\/blog\/#\/schema\/person\/6c2c8af0941702348e8eca9144cc1267"},"headline":"Infos France: Et si Macron rejouait sur sa jambe gauche\u00a0? #France","datePublished":"2024-12-02T14:03:05+00:00","mainEntityOfPage":{"@id":"https:\/\/www.infodictat.fr\/blog\/infos-france-et-si-macron-rejouait-sur-sa-jambe-gauche-france\/"},"wordCount":1080,"publisher":{"@id":"https:\/\/www.infodictat.fr\/blog\/#organization"},"image":{"@id":"https:\/\/www.infodictat.fr\/blog\/infos-france-et-si-macron-rejouait-sur-sa-jambe-gauche-france\/#primaryimage"},"thumbnailUrl":"https:\/\/www.infodictat.fr\/blog\/wp-content\/uploads\/2024\/12\/Informations-francaises-Et-si-Macron-rejouait-sur-sa-jambe-gauche.jpg","articleSection":["La Dictature Num\u00e9rique:"],"inLanguage":"fr-FR"},{"@type":"WebPage","@id":"https:\/\/www.infodictat.fr\/blog\/infos-france-et-si-macron-rejouait-sur-sa-jambe-gauche-france\/","url":"https:\/\/www.infodictat.fr\/blog\/infos-france-et-si-macron-rejouait-sur-sa-jambe-gauche-france\/","name":"Infos France: Et si Macron rejouait sur sa jambe gauche\u00a0? #France - INFODICTAT","isPartOf":{"@id":"https:\/\/www.infodictat.fr\/blog\/#website"},"primaryImageOfPage":{"@id":"https:\/\/www.infodictat.fr\/blog\/infos-france-et-si-macron-rejouait-sur-sa-jambe-gauche-france\/#primaryimage"},"image":{"@id":"https:\/\/www.infodictat.fr\/blog\/infos-france-et-si-macron-rejouait-sur-sa-jambe-gauche-france\/#primaryimage"},"thumbnailUrl":"https:\/\/www.infodictat.fr\/blog\/wp-content\/uploads\/2024\/12\/Informations-francaises-Et-si-Macron-rejouait-sur-sa-jambe-gauche.jpg","datePublished":"2024-12-02T14:03:05+00:00","breadcrumb":{"@id":"https:\/\/www.infodictat.fr\/blog\/infos-france-et-si-macron-rejouait-sur-sa-jambe-gauche-france\/#breadcrumb"},"inLanguage":"fr-FR","potentialAction":[{"@type":"ReadAction","target":["https:\/\/www.infodictat.fr\/blog\/infos-france-et-si-macron-rejouait-sur-sa-jambe-gauche-france\/"]}]},{"@type":"ImageObject","inLanguage":"fr-FR","@id":"https:\/\/www.infodictat.fr\/blog\/infos-france-et-si-macron-rejouait-sur-sa-jambe-gauche-france\/#primaryimage","url":"https:\/\/www.infodictat.fr\/blog\/wp-content\/uploads\/2024\/12\/Informations-francaises-Et-si-Macron-rejouait-sur-sa-jambe-gauche.jpg","contentUrl":"https:\/\/www.infodictat.fr\/blog\/wp-content\/uploads\/2024\/12\/Informations-francaises-Et-si-Macron-rejouait-sur-sa-jambe-gauche.jpg","width":1440,"height":960},{"@type":"BreadcrumbList","@id":"https:\/\/www.infodictat.fr\/blog\/infos-france-et-si-macron-rejouait-sur-sa-jambe-gauche-france\/#breadcrumb","itemListElement":[{"@type":"ListItem","position":1,"name":"Accueil","item":"https:\/\/www.infodictat.fr\/blog\/"},{"@type":"ListItem","position":2,"name":"Infos France: Et si Macron rejouait sur sa jambe gauche\u00a0? #France"}]},{"@type":"WebSite","@id":"https:\/\/www.infodictat.fr\/blog\/#website","url":"https:\/\/www.infodictat.fr\/blog\/","name":"INFODICTAT","description":"La dictature num\u00e9rique.","publisher":{"@id":"https:\/\/www.infodictat.fr\/blog\/#organization"},"potentialAction":[{"@type":"SearchAction","target":{"@type":"EntryPoint","urlTemplate":"https:\/\/www.infodictat.fr\/blog\/?s={search_term_string}"},"query-input":{"@type":"PropertyValueSpecification","valueRequired":true,"valueName":"search_term_string"}}],"inLanguage":"fr-FR"},{"@type":"Organization","@id":"https:\/\/www.infodictat.fr\/blog\/#organization","name":"infodictat","url":"https:\/\/www.infodictat.fr\/blog\/","logo":{"@type":"ImageObject","inLanguage":"fr-FR","@id":"https:\/\/www.infodictat.fr\/blog\/#\/schema\/logo\/image\/","url":"https:\/\/www.infodictat.fr\/blog\/wp-content\/uploads\/2023\/05\/logo-2.png","contentUrl":"https:\/\/www.infodictat.fr\/blog\/wp-content\/uploads\/2023\/05\/logo-2.png","width":480,"height":596,"caption":"infodictat"},"image":{"@id":"https:\/\/www.infodictat.fr\/blog\/#\/schema\/logo\/image\/"}},{"@type":"Person","@id":"https:\/\/www.infodictat.fr\/blog\/#\/schema\/person\/6c2c8af0941702348e8eca9144cc1267","name":"Oscar BETHMONT","image":{"@type":"ImageObject","inLanguage":"fr-FR","@id":"https:\/\/secure.gravatar.com\/avatar\/f80ff32d67d40b919e8be190b7325be3c6cb33ce305ac1d45cadad29128e831e?s=96&d=mm&r=g","url":"https:\/\/secure.gravatar.com\/avatar\/f80ff32d67d40b919e8be190b7325be3c6cb33ce305ac1d45cadad29128e831e?s=96&d=mm&r=g","contentUrl":"https:\/\/secure.gravatar.com\/avatar\/f80ff32d67d40b919e8be190b7325be3c6cb33ce305ac1d45cadad29128e831e?s=96&d=mm&r=g","caption":"Oscar BETHMONT"},"url":"https:\/\/www.infodictat.fr\/blog\/author\/tatoscar\/"}]}},"_links":{"self":[{"href":"https:\/\/www.infodictat.fr\/blog\/wp-json\/wp\/v2\/posts\/898","targetHints":{"allow":["GET"]}}],"collection":[{"href":"https:\/\/www.infodictat.fr\/blog\/wp-json\/wp\/v2\/posts"}],"about":[{"href":"https:\/\/www.infodictat.fr\/blog\/wp-json\/wp\/v2\/types\/post"}],"author":[{"embeddable":true,"href":"https:\/\/www.infodictat.fr\/blog\/wp-json\/wp\/v2\/users\/2"}],"replies":[{"embeddable":true,"href":"https:\/\/www.infodictat.fr\/blog\/wp-json\/wp\/v2\/comments?post=898"}],"version-history":[{"count":0,"href":"https:\/\/www.infodictat.fr\/blog\/wp-json\/wp\/v2\/posts\/898\/revisions"}],"wp:featuredmedia":[{"embeddable":true,"href":"https:\/\/www.infodictat.fr\/blog\/wp-json\/wp\/v2\/media\/899"}],"wp:attachment":[{"href":"https:\/\/www.infodictat.fr\/blog\/wp-json\/wp\/v2\/media?parent=898"}],"wp:term":[{"taxonomy":"category","embeddable":true,"href":"https:\/\/www.infodictat.fr\/blog\/wp-json\/wp\/v2\/categories?post=898"},{"taxonomy":"post_tag","embeddable":true,"href":"https:\/\/www.infodictat.fr\/blog\/wp-json\/wp\/v2\/tags?post=898"}],"curies":[{"name":"wp","href":"https:\/\/api.w.org\/{rel}","templated":true}]}}