{"id":888,"date":"2024-11-21T15:23:00","date_gmt":"2024-11-21T14:23:00","guid":{"rendered":"https:\/\/www.infodictat.fr\/blog\/actus-france-des-mandats-darrets-de-la-cpi-contre-benyamin-netanyahou-et-yoav-gallant-et-le-chef-de-la-branche-armee-du-hamas-france\/"},"modified":"2024-11-21T15:23:00","modified_gmt":"2024-11-21T14:23:00","slug":"actus-france-des-mandats-darrets-de-la-cpi-contre-benyamin-netanyahou-et-yoav-gallant-et-le-chef-de-la-branche-armee-du-hamas-france","status":"publish","type":"post","link":"https:\/\/www.infodictat.fr\/blog\/actus-france-des-mandats-darrets-de-la-cpi-contre-benyamin-netanyahou-et-yoav-gallant-et-le-chef-de-la-branche-armee-du-hamas-france\/","title":{"rendered":"Actus France: Des mandats d\u2019arr\u00eats de la CPI contre Benyamin Netanyahou et Yoav Gallant et le chef de la branche arm\u00e9e du Hamas #France"},"content":{"rendered":"<div>\n<h1>Des mandats d\u2019arr\u00eats de la CPI contre Benyamin Netanyahou et Yoav Gallant et le chef de la branche arm\u00e9e du Hamas publi\u00e9 par Le Point \u2013 Toute l&rsquo;info en continu le <span id=\"datecrea\"><\/span> <\/h1>\n<p>Voil\u00e0 qui va vous r\u00e9jouir : Un  nouvel encart que notre \u00e9quipe vient de voir sur internet et que nous vous proposons ci-dessous. La th\u00e9matique est \u00ab\u00a0Actualit\u00e9 fran\u00e7aise\u00a0\u00bb.<\/p>\n<h2>L\u2019article ci-dessous a \u00e9t\u00e9 diffus\u00e9 par Le Point \u2013 Toute l&rsquo;info en continu<\/h2>\n<p><u>Signature  . <\/u><\/p>\n<p><u>Date et heure de la r\u00e9ception de la d\u00e9p\u00e9che sur notre fil d\u2019info:<\/u><strong><span id=\"date\"><\/span><\/strong><\/p>\n<p><u>Date et heure de publication sur internet:<\/u> <strong><span id=\"datecrea\"><\/span><\/strong><\/p>\n<p><u>Titre exacte donn\u00e9 par le journal \u00e9tait:<\/u> <strong>Des mandats d\u2019arr\u00eats de la CPI contre Benyamin Netanyahou et Yoav Gallant et le chef de la branche arm\u00e9e du Hamas<\/strong><\/p>\n<p><u>Information et contenu publi\u00e9s :<\/u><\/p>\n<div id=\"contenu\">\n        <!-- include t_www_2023\/pages\/article\/blocs\/tag_pub.tpl --><br \/>\n        <!-- include \/t_www_2023\/pages\/article\/blocs\/tag_pub.tpl --><\/p>\n<p><span class=\"dflt-txt__lettrine\">I<\/span>ls sont accus\u00e9s de crimes de guerre et de crimes contre l\u2019humanit\u00e9. La Cour p\u00e9nale internationale (CPI) a \u00e9mis, ce jeudi 21\u00a0novembre, des mandats d\u2019arr\u00eat contre le Premier ministre isra\u00e9lien Benyamin Netanyahou, son ex-ministre isra\u00e9lien de la D\u00e9fense Yoav Gallant, et le chef de la branche arm\u00e9e du Hamas Mohammed De\u00eff.<\/p>\n<section class=\"mbl txtcenter\"><\/section>\n<p>\u00ab\u00a0La Chambre a \u00e9mis des mandats d\u2019arr\u00eat contre deux individus, M.\u00a0Benyamin Netanyahou et M. Yoav Gallant, pour crimes contre l\u2019humanit\u00e9 et crimes de guerre commis au moins \u00e0 partir du 8\u00a0octobre\u00a02023\u00a0jusqu\u2019au 20\u00a0mai\u00a02024\u00a0au moins, jour o\u00f9 l\u2019accusation a d\u00e9pos\u00e9 les demandes de mandats d\u2019arr\u00eat\u00a0\u00bb, a d\u00e9clar\u00e9 dans un communiqu\u00e9 la CPI, qui si\u00e8ge \u00e0 La\u00a0Haye, aux Pays-Bas. Ces mandats d\u2019arr\u00eat\u00a0ont \u00e9t\u00e9 class\u00e9s \u00ab\u00a0secrets\u00a0\u00bb, afin de prot\u00e9ger les t\u00e9moins et de garantir la conduite des enqu\u00eates, a d\u00e9clar\u00e9 la juridiction.<\/p>\n<p>La chambre pr\u00e9liminaire a aussi \u00e9mis un mandat d\u2019arr\u00eat contre le dirigeant du Hamas palestinien Mohammed De\u00eff pour des crimes de guerre et crimes contre l\u2019humanit\u00e9 qui auraient \u00e9t\u00e9 commis en Isra\u00ebl et dans la bande de Gaza. Elle a \u00e9galement rejet\u00e9 les recours d\u00e9pos\u00e9s par Isra\u00ebl le 26\u00a0septembre\u00a0rejetant la comp\u00e9tence de la CPI.<\/p>\n<section class=\"mbl txtcenter\"><\/section>\n<h2>Des mandats d\u2019arr\u00eat\u00a0\u00ab\u00a0absurdes\u00a0\u00bb pour Isra\u00ebl<\/h2>\n<p>Cette d\u00e9cision intervient apr\u00e8s que le procureur de la CPI, Karim Khan, a annonc\u00e9 le 20\u00a0mai qu\u2019il demandait des mandats d\u2019arr\u00eat pour des crimes pr\u00e9sum\u00e9s li\u00e9s aux\u00a0attaques du Hamas contre Isra\u00ebl le 7\u00a0octobre 2023, contre\u00a0Benyamin Netanyahou et Yoav Gallant, qui a \u00e9t\u00e9 limog\u00e9 d\u00e9but novembre.<\/p>\n<p>Selon le communiqu\u00e9 de la CPI, la chambre consid\u00e8re qu\u2019il y a des \u00ab\u00a0motifs raisonnables\u00a0\u00bb de croire que\u00a0les dirigeants isra\u00e9liens ont \u00ab\u00a0intentionnellement et sciemment priv\u00e9 la population civile de Gaza d\u2019objets indispensables \u00e0 sa survie, notamment de nourriture, d\u2019eau, de m\u00e9dicaments et de fournitures m\u00e9dicales, ainsi que de carburant et d\u2019\u00e9lectricit\u00e9\u00a0\u00bb depuis le 8\u00a0octobre.<\/p>\n<p>Elle d\u00e9plore par ailleurs le manque d\u2019aide humanitaire \u00e0 Gaza, ne r\u00e9pondant pas aux obligations du droit international. \u00ab\u00a0La Chambre a donc trouv\u00e9 des motifs raisonnables de croire que MM.\u00a0Netanyahou et Gallant portent une responsabilit\u00e9 p\u00e9nale pour le crime de guerre consistant \u00e0 utiliser la famine comme m\u00e9thode de guerre\u00a0\u00bb, pr\u00e9cise le communiqu\u00e9.\u00a0Ils seraient aussi responsables d\u2019attaques dirig\u00e9es intentionnellement contre des civils \u00e0 Gaza.<\/p>\n<p>L\u2019\u00e9mission de ces mandats d\u2019arr\u00eat a \u00e9t\u00e9 imm\u00e9diatement critiqu\u00e9e en Isra\u00ebl. Le pr\u00e9sident Isaac Herzog l\u2019a qualifi\u00e9e de \u00ab\u00a0d\u00e9cision absurde\u00a0\u00bb. L\u2019ancien Premier ministre Naftali Bennett y a, lui, vu le \u00ab\u00a0sceau de la honte\u00a0\u00bb pour la\u00a0CPI, rapporte Reuters.<span class=\"Capsule premium\"><span class=\"Phylactery\">\u00c0 LIRE AUSSI<\/span> <strong class=\"strong\"> La justice \u00e0 la peine face aux crimes de guerre<\/strong><\/span><span class=\"Capsule discover-kangourou\"><br \/>\n<span class=\"Phylactery\">\u00c0 D\u00e9couvrir<\/span><br \/>\n<strong class=\"discover-kangourou__line\"><\/p>\n<p><strong class=\"discover-kangourou__txt\"><br \/>\n<strong>Le Kangourou du jour<\/strong><\/strong><\/strong><\/span><\/p>\n<p>R\u00e9pondre<\/p>\n<\/p>\n<p>Karim Khan\u00a0a \u00e9galement demand\u00e9 des mandats d\u2019arr\u00eat contre de hauts dirigeants du Hamas, dont Mohammed De\u00eff, soup\u00e7onn\u00e9s de crimes de guerre et de crimes contre l\u2019humanit\u00e9. Le chef de la branche arm\u00e9e du Hamas est notamment accus\u00e9 de meurtres, extermination, torture, viols et agressions sexuelles, enl\u00e8vements ou encore outrages \u00e0 la dignit\u00e9 humaine.\u00a0Selon Isra\u00ebl, Mohammed De\u00eff a \u00e9t\u00e9 tu\u00e9 par une frappe le 13\u00a0juillet dans le sud de Gaza. Une affirmation ni\u00e9e par le Hamas.<\/p>\n<p><!-- include t_www_2023\/pages\/article\/blocs\/bloc-encadre.tpl --><br \/>\n<!-- include \/t_www_2023\/pages\/article\/blocs\/bloc-encadre.tpl -->\n<\/p>\n<\/div>\n<p> <img decoding=\"async\" src=\"https:\/\/www.infodictat.fr\/blog\/wp-content\/uploads\/2024\/11\/Informations-nationales-Des-mandats-darrets-de-la-CPI-contre-Benyamin.jpg\" alt=\"Des mandats d\u2019arr\u00eats de la CPI contre Benyamin Netanyahou et Yoav Gallant et le chef de la branche arm\u00e9e du Hamas\"><\/p>\n<p>#Des #mandats #darr\u00eats #CPI #contre #Benyamin #Netanyahou #Yoav #Gallant #chef #branche #arm\u00e9e #Hamas<\/p>\n<p>Reprise de l\u2019information dans un style journalistique professionnel descriptif en organisant les id\u00e9es dans un ordre coh\u00e9rent avec titres html <\/p>\n<p>Publications sur le m\u00eame th\u00e8me:<\/p>\n<p>De Gaulle \u2013 La passion de la France.,<a href=\"https:\/\/www.kobo.com\/fr\/fr\/ebook\/de-gaulle-la-passion-de-la-france-2\" target=\"_blank\" rel=\"noopener noreferrer nofollow\">Fiche de l\u2019ouvrage<\/a><span><\/span>.<\/p>\n<p>La Mabili\u00e8re\/Les propri\u00e9taires de La Mabili\u00e8re\/Famille Poret.,<a href=\"https:\/\/fr.wikibooks.org\/wiki\/La_Mabili%C3%A8re\/Les_propri%C3%A9taires_de_La_Mabili%C3%A8re\/Famille_Poret\" target=\"_blank\" rel=\"noopener noreferrer nofollow\">Pour en savoir plus<\/a><span><\/span>.<\/p>\n<p>Qu\u2019est-ce que la France.,<a href=\"https:\/\/www.kobo.com\/fr\/fr\/ebook\/qu-est-ce-que-la-france\" target=\"_blank\" rel=\"noopener noreferrer nofollow\">R\u00e9f\u00e9rence de ce livre<\/a><span><\/span>. Disponible sur internet.<\/p>\n<p><script>\nvar date = \"Non r\u00e9cup\u00e9r\u00e9es\";\n        \/\/ Valeur de timestamp\n        var timestampString = 1732199942; \/\/ Assurez-vous que le timestamp est une cha\u00eene de texte\n        \/\/ Convertir la cha\u00eene de texte en nombre entier (timestamp)\n        var timestamp = parseInt(timestampString);\n        \/\/ Cr\u00e9er un objet Date \u00e0 partir du timestamp\n        var dateObject = new Date(timestamp * 1000); \/\/ Le timestamp est en secondes, donc on le multiplie par 1000 pour obtenir les millisecondes\n        \/\/ Format de date personnalis\u00e9\n        var options = { weekday: 'long', year: 'numeric', month: 'long', day: 'numeric', hour: 'numeric', minute: 'numeric', second: 'numeric', timeZone: 'Europe\/Paris' };\n        var formattedDate = dateObject.toLocaleDateString('fr-FR', options);\n formattedDate = formattedDate.replace(\/^.\/, formattedDate[0].toUpperCase());\n        \/\/ Afficher la date dans le HTML\n        document.getElementById('date').textContent = formattedDate;\n    <\/script><\/p>\n<p><script>\nvar datecrea = \"Non r\u00e9cup\u00e9r\u00e9e\";\n        \/\/ Date et heure au format \"2008-06-15 18:02:58\"\n        var dateString = \"2024-11-21 15:23:00\";\n        \/\/ Convertir la cha\u00eene de texte en objet Date\n        var now = new Date(dateString);\n        \/\/ Format de date personnalis\u00e9\n        var options = { weekday: 'long', year: 'numeric', month: 'long', day: 'numeric', hour: 'numeric', minute: 'numeric', second: 'numeric', timeZone: 'Europe\/Paris' };\n        var formattedDate = now.toLocaleDateString('fr-FR', options);\n formattedDate = formattedDate.replace(\/^.\/, formattedDate[0].toUpperCase());\n        \/\/ Afficher la date dans le HTML\n        document.getElementById('datecrea').textContent = formattedDate;\n    <\/script><\/p>\n<\/div>\n<p><img decoding=\"async\" class=\"wpe_imgrss\" src=\"https:\/\/www.infodictat.fr\/blog\/wp-content\/uploads\/2024\/11\/Informations-nationales-Des-mandats-darrets-de-la-CPI-contre-Benyamin.jpg\">Vous pouvez lire ce post traitant le sujet \u00ab\u00a0La dictature num\u00e9rique\u00a0\u00bb. Il est produit par la r\u00e9daction de infodictat.fr. Le site infodictat.fr a pour objectif de publier plusieurs articles autour du sujet La dictature num\u00e9rique d\u00e9velopp\u00e9es sur le web. Cette chronique se veut g\u00e9n\u00e9r\u00e9e de la fa\u00e7on la plus juste qui soit. Pour \u00e9mettre des remarques sur ce dossier autour du sujet \u00ab\u00a0La dictature num\u00e9rique\u00a0\u00bb prenez les contacts indiqu\u00e9s sur notre site internet. En consultant r\u00e9guli\u00e8rement nos contenus de blog vous serez au courant des futures parutions.<\/p>\n","protected":false},"excerpt":{"rendered":"<p>Des mandats d\u2019arr\u00eats de la CPI contre Benyamin Netanyahou et Yoav Gallant et le chef de la branche arm\u00e9e du Hamas publi\u00e9 par Le Point \u2013 Toute l&rsquo;info en continu le Voil\u00e0 qui va vous r\u00e9jouir : Un nouvel encart que notre \u00e9quipe vient de voir sur internet et que nous vous proposons ci-dessous. La &#8230; <a title=\"Actus France: Des mandats d\u2019arr\u00eats de la CPI contre Benyamin Netanyahou et Yoav Gallant et le chef de la branche arm\u00e9e du Hamas #France\" class=\"read-more\" href=\"https:\/\/www.infodictat.fr\/blog\/actus-france-des-mandats-darrets-de-la-cpi-contre-benyamin-netanyahou-et-yoav-gallant-et-le-chef-de-la-branche-armee-du-hamas-france\/\" aria-label=\"En savoir plus sur Actus France: Des mandats d\u2019arr\u00eats de la CPI contre Benyamin Netanyahou et Yoav Gallant et le chef de la branche arm\u00e9e du Hamas #France\">Lire la suite<\/a><\/p>\n","protected":false},"author":2,"featured_media":889,"comment_status":"closed","ping_status":"closed","sticky":false,"template":"","format":"standard","meta":{"footnotes":""},"categories":[2],"tags":[],"class_list":["post-888","post","type-post","status-publish","format-standard","has-post-thumbnail","hentry","category-la-dictature-numerique"],"yoast_head":"<!-- This site is optimized with the Yoast SEO plugin v27.5 - https:\/\/yoast.com\/product\/yoast-seo-wordpress\/ -->\n<title>Actus France: Des mandats d\u2019arr\u00eats de la CPI contre Benyamin Netanyahou et Yoav Gallant et le chef de la branche arm\u00e9e du Hamas #France - INFODICTAT<\/title>\n<meta name=\"robots\" content=\"index, follow, max-snippet:-1, max-image-preview:large, max-video-preview:-1\" \/>\n<link rel=\"canonical\" href=\"https:\/\/www.infodictat.fr\/blog\/actus-france-des-mandats-darrets-de-la-cpi-contre-benyamin-netanyahou-et-yoav-gallant-et-le-chef-de-la-branche-armee-du-hamas-france\/\" \/>\n<meta property=\"og:locale\" content=\"fr_FR\" \/>\n<meta property=\"og:type\" content=\"article\" \/>\n<meta property=\"og:title\" content=\"Actus France: Des mandats d\u2019arr\u00eats de la CPI contre Benyamin Netanyahou et Yoav Gallant et le chef de la branche arm\u00e9e du Hamas #France - INFODICTAT\" \/>\n<meta property=\"og:description\" content=\"Des mandats d\u2019arr\u00eats de la CPI contre Benyamin Netanyahou et Yoav Gallant et le chef de la branche arm\u00e9e du Hamas publi\u00e9 par Le Point \u2013 Toute l&rsquo;info en continu le Voil\u00e0 qui va vous r\u00e9jouir : Un nouvel encart que notre \u00e9quipe vient de voir sur internet et que nous vous proposons ci-dessous. La ... Lire la suite\" \/>\n<meta property=\"og:url\" content=\"https:\/\/www.infodictat.fr\/blog\/actus-france-des-mandats-darrets-de-la-cpi-contre-benyamin-netanyahou-et-yoav-gallant-et-le-chef-de-la-branche-armee-du-hamas-france\/\" \/>\n<meta property=\"og:site_name\" content=\"INFODICTAT\" \/>\n<meta property=\"article:published_time\" content=\"2024-11-21T14:23:00+00:00\" \/>\n<meta property=\"og:image\" content=\"https:\/\/www.infodictat.fr\/blog\/wp-content\/uploads\/2024\/11\/Informations-nationales-Des-mandats-darrets-de-la-CPI-contre-Benyamin.jpg\" \/>\n<meta name=\"author\" content=\"Oscar BETHMONT\" \/>\n<meta name=\"twitter:card\" content=\"summary_large_image\" \/>\n<meta name=\"twitter:label1\" content=\"\u00c9crit par\" \/>\n\t<meta name=\"twitter:data1\" content=\"Oscar BETHMONT\" \/>\n\t<meta name=\"twitter:label2\" content=\"Dur\u00e9e de lecture estim\u00e9e\" \/>\n\t<meta name=\"twitter:data2\" content=\"5 minutes\" \/>\n<script type=\"application\/ld+json\" class=\"yoast-schema-graph\">{\"@context\":\"https:\\\/\\\/schema.org\",\"@graph\":[{\"@type\":\"Article\",\"@id\":\"https:\\\/\\\/www.infodictat.fr\\\/blog\\\/actus-france-des-mandats-darrets-de-la-cpi-contre-benyamin-netanyahou-et-yoav-gallant-et-le-chef-de-la-branche-armee-du-hamas-france\\\/#article\",\"isPartOf\":{\"@id\":\"https:\\\/\\\/www.infodictat.fr\\\/blog\\\/actus-france-des-mandats-darrets-de-la-cpi-contre-benyamin-netanyahou-et-yoav-gallant-et-le-chef-de-la-branche-armee-du-hamas-france\\\/\"},\"author\":{\"name\":\"Oscar BETHMONT\",\"@id\":\"https:\\\/\\\/www.infodictat.fr\\\/blog\\\/#\\\/schema\\\/person\\\/6c2c8af0941702348e8eca9144cc1267\"},\"headline\":\"Actus France: Des mandats d\u2019arr\u00eats de la CPI contre Benyamin Netanyahou et Yoav Gallant et le chef de la branche arm\u00e9e du Hamas #France\",\"datePublished\":\"2024-11-21T14:23:00+00:00\",\"mainEntityOfPage\":{\"@id\":\"https:\\\/\\\/www.infodictat.fr\\\/blog\\\/actus-france-des-mandats-darrets-de-la-cpi-contre-benyamin-netanyahou-et-yoav-gallant-et-le-chef-de-la-branche-armee-du-hamas-france\\\/\"},\"wordCount\":930,\"publisher\":{\"@id\":\"https:\\\/\\\/www.infodictat.fr\\\/blog\\\/#organization\"},\"image\":{\"@id\":\"https:\\\/\\\/www.infodictat.fr\\\/blog\\\/actus-france-des-mandats-darrets-de-la-cpi-contre-benyamin-netanyahou-et-yoav-gallant-et-le-chef-de-la-branche-armee-du-hamas-france\\\/#primaryimage\"},\"thumbnailUrl\":\"https:\\\/\\\/www.infodictat.fr\\\/blog\\\/wp-content\\\/uploads\\\/2024\\\/11\\\/Informations-nationales-Des-mandats-darrets-de-la-CPI-contre-Benyamin.jpg\",\"articleSection\":[\"La Dictature Num\u00e9rique:\"],\"inLanguage\":\"fr-FR\"},{\"@type\":\"WebPage\",\"@id\":\"https:\\\/\\\/www.infodictat.fr\\\/blog\\\/actus-france-des-mandats-darrets-de-la-cpi-contre-benyamin-netanyahou-et-yoav-gallant-et-le-chef-de-la-branche-armee-du-hamas-france\\\/\",\"url\":\"https:\\\/\\\/www.infodictat.fr\\\/blog\\\/actus-france-des-mandats-darrets-de-la-cpi-contre-benyamin-netanyahou-et-yoav-gallant-et-le-chef-de-la-branche-armee-du-hamas-france\\\/\",\"name\":\"Actus France: Des mandats d\u2019arr\u00eats de la CPI contre Benyamin Netanyahou et Yoav Gallant et le chef de la branche arm\u00e9e du Hamas #France - INFODICTAT\",\"isPartOf\":{\"@id\":\"https:\\\/\\\/www.infodictat.fr\\\/blog\\\/#website\"},\"primaryImageOfPage\":{\"@id\":\"https:\\\/\\\/www.infodictat.fr\\\/blog\\\/actus-france-des-mandats-darrets-de-la-cpi-contre-benyamin-netanyahou-et-yoav-gallant-et-le-chef-de-la-branche-armee-du-hamas-france\\\/#primaryimage\"},\"image\":{\"@id\":\"https:\\\/\\\/www.infodictat.fr\\\/blog\\\/actus-france-des-mandats-darrets-de-la-cpi-contre-benyamin-netanyahou-et-yoav-gallant-et-le-chef-de-la-branche-armee-du-hamas-france\\\/#primaryimage\"},\"thumbnailUrl\":\"https:\\\/\\\/www.infodictat.fr\\\/blog\\\/wp-content\\\/uploads\\\/2024\\\/11\\\/Informations-nationales-Des-mandats-darrets-de-la-CPI-contre-Benyamin.jpg\",\"datePublished\":\"2024-11-21T14:23:00+00:00\",\"breadcrumb\":{\"@id\":\"https:\\\/\\\/www.infodictat.fr\\\/blog\\\/actus-france-des-mandats-darrets-de-la-cpi-contre-benyamin-netanyahou-et-yoav-gallant-et-le-chef-de-la-branche-armee-du-hamas-france\\\/#breadcrumb\"},\"inLanguage\":\"fr-FR\",\"potentialAction\":[{\"@type\":\"ReadAction\",\"target\":[\"https:\\\/\\\/www.infodictat.fr\\\/blog\\\/actus-france-des-mandats-darrets-de-la-cpi-contre-benyamin-netanyahou-et-yoav-gallant-et-le-chef-de-la-branche-armee-du-hamas-france\\\/\"]}]},{\"@type\":\"ImageObject\",\"inLanguage\":\"fr-FR\",\"@id\":\"https:\\\/\\\/www.infodictat.fr\\\/blog\\\/actus-france-des-mandats-darrets-de-la-cpi-contre-benyamin-netanyahou-et-yoav-gallant-et-le-chef-de-la-branche-armee-du-hamas-france\\\/#primaryimage\",\"url\":\"https:\\\/\\\/www.infodictat.fr\\\/blog\\\/wp-content\\\/uploads\\\/2024\\\/11\\\/Informations-nationales-Des-mandats-darrets-de-la-CPI-contre-Benyamin.jpg\",\"contentUrl\":\"https:\\\/\\\/www.infodictat.fr\\\/blog\\\/wp-content\\\/uploads\\\/2024\\\/11\\\/Informations-nationales-Des-mandats-darrets-de-la-CPI-contre-Benyamin.jpg\",\"width\":1440,\"height\":960},{\"@type\":\"BreadcrumbList\",\"@id\":\"https:\\\/\\\/www.infodictat.fr\\\/blog\\\/actus-france-des-mandats-darrets-de-la-cpi-contre-benyamin-netanyahou-et-yoav-gallant-et-le-chef-de-la-branche-armee-du-hamas-france\\\/#breadcrumb\",\"itemListElement\":[{\"@type\":\"ListItem\",\"position\":1,\"name\":\"Accueil\",\"item\":\"https:\\\/\\\/www.infodictat.fr\\\/blog\\\/\"},{\"@type\":\"ListItem\",\"position\":2,\"name\":\"Actus France: Des mandats d\u2019arr\u00eats de la CPI contre Benyamin Netanyahou et Yoav Gallant et le chef de la branche arm\u00e9e du Hamas #France\"}]},{\"@type\":\"WebSite\",\"@id\":\"https:\\\/\\\/www.infodictat.fr\\\/blog\\\/#website\",\"url\":\"https:\\\/\\\/www.infodictat.fr\\\/blog\\\/\",\"name\":\"INFODICTAT\",\"description\":\"La dictature num\u00e9rique.\",\"publisher\":{\"@id\":\"https:\\\/\\\/www.infodictat.fr\\\/blog\\\/#organization\"},\"potentialAction\":[{\"@type\":\"SearchAction\",\"target\":{\"@type\":\"EntryPoint\",\"urlTemplate\":\"https:\\\/\\\/www.infodictat.fr\\\/blog\\\/?s={search_term_string}\"},\"query-input\":{\"@type\":\"PropertyValueSpecification\",\"valueRequired\":true,\"valueName\":\"search_term_string\"}}],\"inLanguage\":\"fr-FR\"},{\"@type\":\"Organization\",\"@id\":\"https:\\\/\\\/www.infodictat.fr\\\/blog\\\/#organization\",\"name\":\"infodictat\",\"url\":\"https:\\\/\\\/www.infodictat.fr\\\/blog\\\/\",\"logo\":{\"@type\":\"ImageObject\",\"inLanguage\":\"fr-FR\",\"@id\":\"https:\\\/\\\/www.infodictat.fr\\\/blog\\\/#\\\/schema\\\/logo\\\/image\\\/\",\"url\":\"https:\\\/\\\/www.infodictat.fr\\\/blog\\\/wp-content\\\/uploads\\\/2023\\\/05\\\/logo-2.png\",\"contentUrl\":\"https:\\\/\\\/www.infodictat.fr\\\/blog\\\/wp-content\\\/uploads\\\/2023\\\/05\\\/logo-2.png\",\"width\":480,\"height\":596,\"caption\":\"infodictat\"},\"image\":{\"@id\":\"https:\\\/\\\/www.infodictat.fr\\\/blog\\\/#\\\/schema\\\/logo\\\/image\\\/\"}},{\"@type\":\"Person\",\"@id\":\"https:\\\/\\\/www.infodictat.fr\\\/blog\\\/#\\\/schema\\\/person\\\/6c2c8af0941702348e8eca9144cc1267\",\"name\":\"Oscar BETHMONT\",\"image\":{\"@type\":\"ImageObject\",\"inLanguage\":\"fr-FR\",\"@id\":\"https:\\\/\\\/secure.gravatar.com\\\/avatar\\\/f80ff32d67d40b919e8be190b7325be3c6cb33ce305ac1d45cadad29128e831e?s=96&d=mm&r=g\",\"url\":\"https:\\\/\\\/secure.gravatar.com\\\/avatar\\\/f80ff32d67d40b919e8be190b7325be3c6cb33ce305ac1d45cadad29128e831e?s=96&d=mm&r=g\",\"contentUrl\":\"https:\\\/\\\/secure.gravatar.com\\\/avatar\\\/f80ff32d67d40b919e8be190b7325be3c6cb33ce305ac1d45cadad29128e831e?s=96&d=mm&r=g\",\"caption\":\"Oscar BETHMONT\"},\"url\":\"https:\\\/\\\/www.infodictat.fr\\\/blog\\\/author\\\/tatoscar\\\/\"}]}<\/script>\n<!-- \/ Yoast SEO plugin. -->","yoast_head_json":{"title":"Actus France: Des mandats d\u2019arr\u00eats de la CPI contre Benyamin Netanyahou et Yoav Gallant et le chef de la branche arm\u00e9e du Hamas #France - INFODICTAT","robots":{"index":"index","follow":"follow","max-snippet":"max-snippet:-1","max-image-preview":"max-image-preview:large","max-video-preview":"max-video-preview:-1"},"canonical":"https:\/\/www.infodictat.fr\/blog\/actus-france-des-mandats-darrets-de-la-cpi-contre-benyamin-netanyahou-et-yoav-gallant-et-le-chef-de-la-branche-armee-du-hamas-france\/","og_locale":"fr_FR","og_type":"article","og_title":"Actus France: Des mandats d\u2019arr\u00eats de la CPI contre Benyamin Netanyahou et Yoav Gallant et le chef de la branche arm\u00e9e du Hamas #France - INFODICTAT","og_description":"Des mandats d\u2019arr\u00eats de la CPI contre Benyamin Netanyahou et Yoav Gallant et le chef de la branche arm\u00e9e du Hamas publi\u00e9 par Le Point \u2013 Toute l&rsquo;info en continu le Voil\u00e0 qui va vous r\u00e9jouir : Un nouvel encart que notre \u00e9quipe vient de voir sur internet et que nous vous proposons ci-dessous. La ... Lire la suite","og_url":"https:\/\/www.infodictat.fr\/blog\/actus-france-des-mandats-darrets-de-la-cpi-contre-benyamin-netanyahou-et-yoav-gallant-et-le-chef-de-la-branche-armee-du-hamas-france\/","og_site_name":"INFODICTAT","article_published_time":"2024-11-21T14:23:00+00:00","og_image":[{"url":"https:\/\/www.infodictat.fr\/blog\/wp-content\/uploads\/2024\/11\/Informations-nationales-Des-mandats-darrets-de-la-CPI-contre-Benyamin.jpg","type":"","width":"","height":""}],"author":"Oscar BETHMONT","twitter_card":"summary_large_image","twitter_misc":{"\u00c9crit par":"Oscar BETHMONT","Dur\u00e9e de lecture estim\u00e9e":"5 minutes"},"schema":{"@context":"https:\/\/schema.org","@graph":[{"@type":"Article","@id":"https:\/\/www.infodictat.fr\/blog\/actus-france-des-mandats-darrets-de-la-cpi-contre-benyamin-netanyahou-et-yoav-gallant-et-le-chef-de-la-branche-armee-du-hamas-france\/#article","isPartOf":{"@id":"https:\/\/www.infodictat.fr\/blog\/actus-france-des-mandats-darrets-de-la-cpi-contre-benyamin-netanyahou-et-yoav-gallant-et-le-chef-de-la-branche-armee-du-hamas-france\/"},"author":{"name":"Oscar BETHMONT","@id":"https:\/\/www.infodictat.fr\/blog\/#\/schema\/person\/6c2c8af0941702348e8eca9144cc1267"},"headline":"Actus France: Des mandats d\u2019arr\u00eats de la CPI contre Benyamin Netanyahou et Yoav Gallant et le chef de la branche arm\u00e9e du Hamas #France","datePublished":"2024-11-21T14:23:00+00:00","mainEntityOfPage":{"@id":"https:\/\/www.infodictat.fr\/blog\/actus-france-des-mandats-darrets-de-la-cpi-contre-benyamin-netanyahou-et-yoav-gallant-et-le-chef-de-la-branche-armee-du-hamas-france\/"},"wordCount":930,"publisher":{"@id":"https:\/\/www.infodictat.fr\/blog\/#organization"},"image":{"@id":"https:\/\/www.infodictat.fr\/blog\/actus-france-des-mandats-darrets-de-la-cpi-contre-benyamin-netanyahou-et-yoav-gallant-et-le-chef-de-la-branche-armee-du-hamas-france\/#primaryimage"},"thumbnailUrl":"https:\/\/www.infodictat.fr\/blog\/wp-content\/uploads\/2024\/11\/Informations-nationales-Des-mandats-darrets-de-la-CPI-contre-Benyamin.jpg","articleSection":["La Dictature Num\u00e9rique:"],"inLanguage":"fr-FR"},{"@type":"WebPage","@id":"https:\/\/www.infodictat.fr\/blog\/actus-france-des-mandats-darrets-de-la-cpi-contre-benyamin-netanyahou-et-yoav-gallant-et-le-chef-de-la-branche-armee-du-hamas-france\/","url":"https:\/\/www.infodictat.fr\/blog\/actus-france-des-mandats-darrets-de-la-cpi-contre-benyamin-netanyahou-et-yoav-gallant-et-le-chef-de-la-branche-armee-du-hamas-france\/","name":"Actus France: Des mandats d\u2019arr\u00eats de la CPI contre Benyamin Netanyahou et Yoav Gallant et le chef de la branche arm\u00e9e du Hamas #France - INFODICTAT","isPartOf":{"@id":"https:\/\/www.infodictat.fr\/blog\/#website"},"primaryImageOfPage":{"@id":"https:\/\/www.infodictat.fr\/blog\/actus-france-des-mandats-darrets-de-la-cpi-contre-benyamin-netanyahou-et-yoav-gallant-et-le-chef-de-la-branche-armee-du-hamas-france\/#primaryimage"},"image":{"@id":"https:\/\/www.infodictat.fr\/blog\/actus-france-des-mandats-darrets-de-la-cpi-contre-benyamin-netanyahou-et-yoav-gallant-et-le-chef-de-la-branche-armee-du-hamas-france\/#primaryimage"},"thumbnailUrl":"https:\/\/www.infodictat.fr\/blog\/wp-content\/uploads\/2024\/11\/Informations-nationales-Des-mandats-darrets-de-la-CPI-contre-Benyamin.jpg","datePublished":"2024-11-21T14:23:00+00:00","breadcrumb":{"@id":"https:\/\/www.infodictat.fr\/blog\/actus-france-des-mandats-darrets-de-la-cpi-contre-benyamin-netanyahou-et-yoav-gallant-et-le-chef-de-la-branche-armee-du-hamas-france\/#breadcrumb"},"inLanguage":"fr-FR","potentialAction":[{"@type":"ReadAction","target":["https:\/\/www.infodictat.fr\/blog\/actus-france-des-mandats-darrets-de-la-cpi-contre-benyamin-netanyahou-et-yoav-gallant-et-le-chef-de-la-branche-armee-du-hamas-france\/"]}]},{"@type":"ImageObject","inLanguage":"fr-FR","@id":"https:\/\/www.infodictat.fr\/blog\/actus-france-des-mandats-darrets-de-la-cpi-contre-benyamin-netanyahou-et-yoav-gallant-et-le-chef-de-la-branche-armee-du-hamas-france\/#primaryimage","url":"https:\/\/www.infodictat.fr\/blog\/wp-content\/uploads\/2024\/11\/Informations-nationales-Des-mandats-darrets-de-la-CPI-contre-Benyamin.jpg","contentUrl":"https:\/\/www.infodictat.fr\/blog\/wp-content\/uploads\/2024\/11\/Informations-nationales-Des-mandats-darrets-de-la-CPI-contre-Benyamin.jpg","width":1440,"height":960},{"@type":"BreadcrumbList","@id":"https:\/\/www.infodictat.fr\/blog\/actus-france-des-mandats-darrets-de-la-cpi-contre-benyamin-netanyahou-et-yoav-gallant-et-le-chef-de-la-branche-armee-du-hamas-france\/#breadcrumb","itemListElement":[{"@type":"ListItem","position":1,"name":"Accueil","item":"https:\/\/www.infodictat.fr\/blog\/"},{"@type":"ListItem","position":2,"name":"Actus France: Des mandats d\u2019arr\u00eats de la CPI contre Benyamin Netanyahou et Yoav Gallant et le chef de la branche arm\u00e9e du Hamas #France"}]},{"@type":"WebSite","@id":"https:\/\/www.infodictat.fr\/blog\/#website","url":"https:\/\/www.infodictat.fr\/blog\/","name":"INFODICTAT","description":"La dictature num\u00e9rique.","publisher":{"@id":"https:\/\/www.infodictat.fr\/blog\/#organization"},"potentialAction":[{"@type":"SearchAction","target":{"@type":"EntryPoint","urlTemplate":"https:\/\/www.infodictat.fr\/blog\/?s={search_term_string}"},"query-input":{"@type":"PropertyValueSpecification","valueRequired":true,"valueName":"search_term_string"}}],"inLanguage":"fr-FR"},{"@type":"Organization","@id":"https:\/\/www.infodictat.fr\/blog\/#organization","name":"infodictat","url":"https:\/\/www.infodictat.fr\/blog\/","logo":{"@type":"ImageObject","inLanguage":"fr-FR","@id":"https:\/\/www.infodictat.fr\/blog\/#\/schema\/logo\/image\/","url":"https:\/\/www.infodictat.fr\/blog\/wp-content\/uploads\/2023\/05\/logo-2.png","contentUrl":"https:\/\/www.infodictat.fr\/blog\/wp-content\/uploads\/2023\/05\/logo-2.png","width":480,"height":596,"caption":"infodictat"},"image":{"@id":"https:\/\/www.infodictat.fr\/blog\/#\/schema\/logo\/image\/"}},{"@type":"Person","@id":"https:\/\/www.infodictat.fr\/blog\/#\/schema\/person\/6c2c8af0941702348e8eca9144cc1267","name":"Oscar BETHMONT","image":{"@type":"ImageObject","inLanguage":"fr-FR","@id":"https:\/\/secure.gravatar.com\/avatar\/f80ff32d67d40b919e8be190b7325be3c6cb33ce305ac1d45cadad29128e831e?s=96&d=mm&r=g","url":"https:\/\/secure.gravatar.com\/avatar\/f80ff32d67d40b919e8be190b7325be3c6cb33ce305ac1d45cadad29128e831e?s=96&d=mm&r=g","contentUrl":"https:\/\/secure.gravatar.com\/avatar\/f80ff32d67d40b919e8be190b7325be3c6cb33ce305ac1d45cadad29128e831e?s=96&d=mm&r=g","caption":"Oscar BETHMONT"},"url":"https:\/\/www.infodictat.fr\/blog\/author\/tatoscar\/"}]}},"_links":{"self":[{"href":"https:\/\/www.infodictat.fr\/blog\/wp-json\/wp\/v2\/posts\/888","targetHints":{"allow":["GET"]}}],"collection":[{"href":"https:\/\/www.infodictat.fr\/blog\/wp-json\/wp\/v2\/posts"}],"about":[{"href":"https:\/\/www.infodictat.fr\/blog\/wp-json\/wp\/v2\/types\/post"}],"author":[{"embeddable":true,"href":"https:\/\/www.infodictat.fr\/blog\/wp-json\/wp\/v2\/users\/2"}],"replies":[{"embeddable":true,"href":"https:\/\/www.infodictat.fr\/blog\/wp-json\/wp\/v2\/comments?post=888"}],"version-history":[{"count":0,"href":"https:\/\/www.infodictat.fr\/blog\/wp-json\/wp\/v2\/posts\/888\/revisions"}],"wp:featuredmedia":[{"embeddable":true,"href":"https:\/\/www.infodictat.fr\/blog\/wp-json\/wp\/v2\/media\/889"}],"wp:attachment":[{"href":"https:\/\/www.infodictat.fr\/blog\/wp-json\/wp\/v2\/media?parent=888"}],"wp:term":[{"taxonomy":"category","embeddable":true,"href":"https:\/\/www.infodictat.fr\/blog\/wp-json\/wp\/v2\/categories?post=888"},{"taxonomy":"post_tag","embeddable":true,"href":"https:\/\/www.infodictat.fr\/blog\/wp-json\/wp\/v2\/tags?post=888"}],"curies":[{"name":"wp","href":"https:\/\/api.w.org\/{rel}","templated":true}]}}