{"id":886,"date":"2024-11-18T18:13:00","date_gmt":"2024-11-18T17:13:00","guid":{"rendered":"https:\/\/www.infodictat.fr\/blog\/actualites-francaises-indira-ampiot-reagit-a-sa-20e-place-au-concours-miss-univers-france\/"},"modified":"2024-11-18T18:13:00","modified_gmt":"2024-11-18T17:13:00","slug":"actualites-francaises-indira-ampiot-reagit-a-sa-20e-place-au-concours-miss-univers-france","status":"publish","type":"post","link":"https:\/\/www.infodictat.fr\/blog\/actualites-francaises-indira-ampiot-reagit-a-sa-20e-place-au-concours-miss-univers-france\/","title":{"rendered":"Actualit\u00e9s fran\u00e7aises: Indira Ampiot r\u00e9agit \u00e0 sa 20e place au concours Miss Univers #France"},"content":{"rendered":"<div>\n<h1>Indira Ampiot r\u00e9agit \u00e0 sa 20e place au concours Miss Univers publi\u00e9 par Le Point \u2013 Toute l&rsquo;info en continu le <span id=\"datecrea\"><\/span> <\/h1>\n<p>Ce post ayant pour sujet \u00ab\u00a0Actualit\u00e9 fran\u00e7aise\u00a0\u00bb a \u00e9t\u00e9 trouv\u00e9 sur le web, nous avons projet\u00e9 de vous le r\u00e9v\u00e9ler sans attendre.<\/p>\n<h2>\nPubli\u00e9 sur Le Point \u2013 Toute l&rsquo;info en continu, l\u2019article suivant<\/h2>\n<p><u>Signature  . <\/u><\/p>\n<p><u>Date et heure de la r\u00e9ception de la d\u00e9p\u00e9che sur notre fil d\u2019info:<\/u><strong><span id=\"date\"><\/span><\/strong><\/p>\n<p><u>Date et heure de publication sur internet:<\/u> <strong><span id=\"datecrea\"><\/span><\/strong><\/p>\n<p><u>Titre exacte donn\u00e9 par le journal \u00e9tait:<\/u> <strong>Indira Ampiot r\u00e9agit \u00e0 sa 20e place au concours Miss Univers<\/strong><\/p>\n<p><u>Information et contenu publi\u00e9s :<\/u><\/p>\n<div id=\"contenu\">\n        <!-- include t_www_2023\/pages\/article\/blocs\/tag_pub.tpl --><br \/>\n        <!-- include \/t_www_2023\/pages\/article\/blocs\/tag_pub.tpl --><\/p>\n<p><span class=\"dflt-txt__lettrine\">I<\/span>ndira Ampiot reste positive apr\u00e8s sa d\u00e9faite ce week-end au concours Miss Univers\u00a02024\u00a0qui s\u2019est d\u00e9roul\u00e9 au Mexique. La Guadeloup\u00e9enne de 20\u00a0ans, Miss France 2023, qui a termin\u00e9 \u00e0 la 20<sup>e<\/sup> place de cette comp\u00e9tition remport\u00e9e par Miss Danemark, Victoria Kjaer Theilvig, a affirm\u00e9 dans une <em>story<\/em> publi\u00e9e sur\u00a0Instagram qu\u2019elle gardait la t\u00eate haute et le sourire.<\/p>\n<section class=\"mbl txtcenter\"><\/section>\n<div id=\"newsletter\" class=\"bloc-1 title-top\">\n<span class=\"h2\">La newsletter culture<\/span><\/p>\n<div class=\"step-1\">\n<p class=\"period\">Tous les mercredis \u00e0 16h<\/p>\n<p>Recevez l\u2019actualit\u00e9 culturelle de la semaine \u00e0 ne pas manquer ainsi que les Enqu\u00eates, d\u00e9cryptages, portraits, tendances\u2026<\/p>\n<\/div>\n<div class=\"step-2\">\n<p>Merci !<br \/>Votre inscription a bien \u00e9t\u00e9 prise en compte avec l\u2019adresse email :<br \/><span class=\"email-sended\"><\/span><\/p>\n<p>Pour d\u00e9couvrir toutes nos autres newsletters, rendez-vous ici : MonCompte<\/p>\n<\/div>\n<p>En vous inscrivant, vous acceptez les conditions g\u00e9n\u00e9rales d\u2019utilisations et notre politique de confidentialit\u00e9.<\/p>\n<\/div>\n<p>\u00ab\u00a0Tout va bien. Un peu d\u00e9\u00e7ue, c\u2019est vrai, de ne pas avoir \u00e9t\u00e9 plus loin que le top 30, mais je me dis que j\u2019ai quand m\u00eame \u00e9t\u00e9 class\u00e9e\u00a0\u00bb, a-t-elle conc\u00e9d\u00e9 sur le r\u00e9seau social. \u00ab\u00a0C\u2019est super, et dans tous les cas je suis quand m\u00eame contente de ma prestation, de tout ce que j\u2019ai fait. Je me suis amus\u00e9e, c\u2019est le principal.\u00a0\u00bb<span class=\"Capsule free\"><span class=\"Phylactery\">\u00c0 LIRE AUSSI<\/span> <strong class=\"strong\"> Miss France\u00a0: une intelligence artificielle pr\u00e9dit la gagnante du concours<\/strong><\/span><\/p>\n<h2>Le \u00ab\u00a0meilleur\u00a0reste \u00e0 venir\u00a0\u00bb<\/h2>\n<p>La laur\u00e9ate du titre de Miss Guadeloupe\u00a02022\u00a0s\u2019est aussi montr\u00e9e confiante pour la suite, affirmant que le \u00ab\u00a0meilleur reste \u00e0 venir\u00a0\u00bb, avant de remercier sa communaut\u00e9 pour son soutien. \u00ab\u00a0Je suis tr\u00e8s, tr\u00e8s fi\u00e8re d\u2019avoir repr\u00e9sent\u00e9 la France \u00e0 l\u2019\u00e9lection de Miss Univers \u00e0 20\u00a0ans\u00a0\u00bb, a-t-elle d\u00e9clar\u00e9. Elle a ensuite partag\u00e9 quelques images de son vol de retour et \u00e9voqu\u00e9 son projet de \u00ab\u00a0voyage\u00a0\u00bb avec sa m\u00e8re, qu\u2019elle a eu h\u00e2te de retrouver apr\u00e8s une escale \u00e0 Paris, ce lundi 18\u00a0novembre.<\/p>\n<section class=\"mbl txtcenter\"><\/section>\n<p>Indira Ampiot avait annonc\u00e9, en collaboration avec\u00a0le comit\u00e9 Miss France, en juillet dernier, sur les r\u00e9seaux sociaux, qu\u2019elle repr\u00e9senterait l\u2019Hexagone lors du prochain concours Miss Univers. Plus r\u00e9cemment, la jeune femme a \u00e9voqu\u00e9 son entra\u00eenement \u00ab\u00a0intense\u00a0\u00bb depuis le d\u00e9but de l\u2019ann\u00e9e pour la comp\u00e9tition.<\/p>\n<h2>Une grande motivation<\/h2>\n<p><span class=\"Capsule discover-kangourou\"><br \/>\n<span class=\"Phylactery\">\u00c0 D\u00e9couvrir<\/span><br \/>\n<strong class=\"discover-kangourou__line\"><\/p>\n<p><strong class=\"discover-kangourou__txt\"><br \/>\n<strong>Le Kangourou du jour<\/strong><\/strong><\/strong><\/span><\/p>\n<p>R\u00e9pondre<\/p>\n<p>\u00ab\u00a0Ma pr\u00e9paration a commenc\u00e9 depuis janvier\u00a0\u00bb, avait-elle r\u00e9v\u00e9l\u00e9 dans un entretien avec TF1 le mois dernier. Au programme\u00a0: cours de \u00ab\u00a0catwalk\u00a0\u00bb (d\u00e9fil\u00e9), de style, de maquillage, de coiffure et l\u2019incontournable pour une silhouette affin\u00e9e\u00a0: le sport\u00a0! \u00ab\u00a0J\u2019ai mon objectif \u00e0 la fin de l\u2019ann\u00e9e, il faut que je l\u2019atteigne et je suis oblig\u00e9e d\u2019\u00eatre \u00e0 fond\u00a0\u00bb, avait-elle assur\u00e9.<\/p>\n<p>L\u2019an dernier, Miss France 2022, Diane Leyre, avait aussi\u00a0\u00e9t\u00e9 d\u00e9\u00e7ue\u00a0apr\u00e8s avoir fini dans le top\u00a020\u00a0de Miss Univers, remport\u00e9 \u00e0 l\u2019\u00e9poque par la Nicaraguayenne Sheynnis Palacios.\u00a0Deux Miss France ont pour l\u2019instant remport\u00e9 la tr\u00e8s convoit\u00e9e couronne internationale, Christiane Martel en\u00a01953\u00a0et Iris Mittenaere en 2016.<\/p>\n<p><!-- include t_www_2023\/pages\/article\/blocs\/bloc-encadre.tpl --><br \/>\n<!-- include \/t_www_2023\/pages\/article\/blocs\/bloc-encadre.tpl -->\n<\/p>\n<\/div>\n<p><script async src=\"\/\/www.instagram.com\/embed.js\"><\/script><\/p>\n<p> <img decoding=\"async\" src=\"https:\/\/www.infodictat.fr\/blog\/wp-content\/uploads\/2024\/11\/Informations-nationales-Indira-Ampiot-reagit-a-sa-20e-place-au.jpg\" alt=\"Indira Ampiot r\u00e9agit \u00e0 sa 20e place au concours Miss Univers\"><\/p>\n<p>#Indira #Ampiot #r\u00e9agit #20e #place #concours #Univers<\/p>\n<p>Reprise de l\u2019information dans un style journalistique professionnel descriptif en organisant les id\u00e9es dans un ordre coh\u00e9rent avec titres html <\/p>\n<p>Livres sur le m\u00eame th\u00e8me:<\/p>\n<p>La France \u00e0 l\u2019heure allemande (1940-1944).,<a href=\"https:\/\/www.kobo.com\/fr\/fr\/ebook\/la-france-a-l-heure-allemande-1940-1944-2\" target=\"_blank\" rel=\"noopener noreferrer nofollow\">Lien sur la fiche de pr\u00e9sentation de ce livre<\/a><span><\/span>.<\/p>\n<p>La France du XVIIe si\u00e8cle.,<a href=\"https:\/\/www.kobo.com\/fr\/fr\/ebook\/la-france-du-xviie-siecle\" target=\"_blank\" rel=\"noopener noreferrer nofollow\">Description<\/a><span><\/span>.<\/p>\n<p>Reines et m\u00e8res : famille et politique dans la France d\u2019Ancien R\u00e9gime.,<a href=\"https:\/\/images.epagine.fr\/836\/9782213711836_1_m.jpg\" target=\"_blank\" rel=\"noopener noreferrer nofollow\">A lire. <\/a><span><\/span>.<\/p>\n<p><script>\nvar date = \"Non r\u00e9cup\u00e9r\u00e9es\";\n        \/\/ Valeur de timestamp\n        var timestampString = 1731950745; \/\/ Assurez-vous que le timestamp est une cha\u00eene de texte\n        \/\/ Convertir la cha\u00eene de texte en nombre entier (timestamp)\n        var timestamp = parseInt(timestampString);\n        \/\/ Cr\u00e9er un objet Date \u00e0 partir du timestamp\n        var dateObject = new Date(timestamp * 1000); \/\/ Le timestamp est en secondes, donc on le multiplie par 1000 pour obtenir les millisecondes\n        \/\/ Format de date personnalis\u00e9\n        var options = { weekday: 'long', year: 'numeric', month: 'long', day: 'numeric', hour: 'numeric', minute: 'numeric', second: 'numeric', timeZone: 'Europe\/Paris' };\n        var formattedDate = dateObject.toLocaleDateString('fr-FR', options);\n formattedDate = formattedDate.replace(\/^.\/, formattedDate[0].toUpperCase());\n        \/\/ Afficher la date dans le HTML\n        document.getElementById('date').textContent = formattedDate;\n    <\/script><\/p>\n<p><script>\nvar datecrea = \"Non r\u00e9cup\u00e9r\u00e9e\";\n        \/\/ Date et heure au format \"2008-06-15 18:02:58\"\n        var dateString = \"2024-11-18 18:13:00\";\n        \/\/ Convertir la cha\u00eene de texte en objet Date\n        var now = new Date(dateString);\n        \/\/ Format de date personnalis\u00e9\n        var options = { weekday: 'long', year: 'numeric', month: 'long', day: 'numeric', hour: 'numeric', minute: 'numeric', second: 'numeric', timeZone: 'Europe\/Paris' };\n        var formattedDate = now.toLocaleDateString('fr-FR', options);\n formattedDate = formattedDate.replace(\/^.\/, formattedDate[0].toUpperCase());\n        \/\/ Afficher la date dans le HTML\n        document.getElementById('datecrea').textContent = formattedDate;\n    <\/script><\/p>\n<\/div>\n<p><img decoding=\"async\" class=\"wpe_imgrss\" src=\"https:\/\/www.infodictat.fr\/blog\/wp-content\/uploads\/2024\/11\/Informations-nationales-Indira-Ampiot-reagit-a-sa-20e-place-au.jpg\">Vous pouvez lire ce post traitant le sujet \u00ab\u00a0La dictature num\u00e9rique\u00a0\u00bb. Il est produit par la r\u00e9daction de infodictat.fr. Le site infodictat.fr a pour objectif de publier plusieurs articles autour du sujet La dictature num\u00e9rique d\u00e9velopp\u00e9es sur le web. Cette chronique se veut g\u00e9n\u00e9r\u00e9e de la fa\u00e7on la plus juste qui soit. Pour \u00e9mettre des remarques sur ce dossier autour du sujet \u00ab\u00a0La dictature num\u00e9rique\u00a0\u00bb prenez les contacts indiqu\u00e9s sur notre site internet. En consultant r\u00e9guli\u00e8rement nos contenus de blog vous serez au courant des futures parutions.<\/p>\n","protected":false},"excerpt":{"rendered":"<p>Indira Ampiot r\u00e9agit \u00e0 sa 20e place au concours Miss Univers publi\u00e9 par Le Point \u2013 Toute l&rsquo;info en continu le Ce post ayant pour sujet \u00ab\u00a0Actualit\u00e9 fran\u00e7aise\u00a0\u00bb a \u00e9t\u00e9 trouv\u00e9 sur le web, nous avons projet\u00e9 de vous le r\u00e9v\u00e9ler sans attendre. Publi\u00e9 sur Le Point \u2013 Toute l&rsquo;info en continu, l\u2019article suivant Signature &#8230; <a title=\"Actualit\u00e9s fran\u00e7aises: Indira Ampiot r\u00e9agit \u00e0 sa 20e place au concours Miss Univers #France\" class=\"read-more\" href=\"https:\/\/www.infodictat.fr\/blog\/actualites-francaises-indira-ampiot-reagit-a-sa-20e-place-au-concours-miss-univers-france\/\" aria-label=\"En savoir plus sur Actualit\u00e9s fran\u00e7aises: Indira Ampiot r\u00e9agit \u00e0 sa 20e place au concours Miss Univers #France\">Lire la suite<\/a><\/p>\n","protected":false},"author":2,"featured_media":887,"comment_status":"closed","ping_status":"closed","sticky":false,"template":"","format":"standard","meta":{"footnotes":""},"categories":[2],"tags":[],"class_list":["post-886","post","type-post","status-publish","format-standard","has-post-thumbnail","hentry","category-la-dictature-numerique"],"yoast_head":"<!-- This site is optimized with the Yoast SEO plugin v27.5 - https:\/\/yoast.com\/product\/yoast-seo-wordpress\/ -->\n<title>Actualit\u00e9s fran\u00e7aises: Indira Ampiot r\u00e9agit \u00e0 sa 20e place au concours Miss Univers #France - INFODICTAT<\/title>\n<meta name=\"robots\" content=\"index, follow, max-snippet:-1, max-image-preview:large, max-video-preview:-1\" \/>\n<link rel=\"canonical\" href=\"https:\/\/www.infodictat.fr\/blog\/actualites-francaises-indira-ampiot-reagit-a-sa-20e-place-au-concours-miss-univers-france\/\" \/>\n<meta property=\"og:locale\" content=\"fr_FR\" \/>\n<meta property=\"og:type\" content=\"article\" \/>\n<meta property=\"og:title\" content=\"Actualit\u00e9s fran\u00e7aises: Indira Ampiot r\u00e9agit \u00e0 sa 20e place au concours Miss Univers #France - INFODICTAT\" \/>\n<meta property=\"og:description\" content=\"Indira Ampiot r\u00e9agit \u00e0 sa 20e place au concours Miss Univers publi\u00e9 par Le Point \u2013 Toute l&rsquo;info en continu le Ce post ayant pour sujet \u00ab\u00a0Actualit\u00e9 fran\u00e7aise\u00a0\u00bb a \u00e9t\u00e9 trouv\u00e9 sur le web, nous avons projet\u00e9 de vous le r\u00e9v\u00e9ler sans attendre. Publi\u00e9 sur Le Point \u2013 Toute l&rsquo;info en continu, l\u2019article suivant Signature ... Lire la suite\" \/>\n<meta property=\"og:url\" content=\"https:\/\/www.infodictat.fr\/blog\/actualites-francaises-indira-ampiot-reagit-a-sa-20e-place-au-concours-miss-univers-france\/\" \/>\n<meta property=\"og:site_name\" content=\"INFODICTAT\" \/>\n<meta property=\"article:published_time\" content=\"2024-11-18T17:13:00+00:00\" \/>\n<meta property=\"og:image\" content=\"https:\/\/www.infodictat.fr\/blog\/wp-content\/uploads\/2024\/11\/Informations-nationales-Indira-Ampiot-reagit-a-sa-20e-place-au.jpg\" \/>\n<meta name=\"author\" content=\"Oscar BETHMONT\" \/>\n<meta name=\"twitter:card\" content=\"summary_large_image\" \/>\n<meta name=\"twitter:label1\" content=\"\u00c9crit par\" \/>\n\t<meta name=\"twitter:data1\" content=\"Oscar BETHMONT\" \/>\n\t<meta name=\"twitter:label2\" content=\"Dur\u00e9e de lecture estim\u00e9e\" \/>\n\t<meta name=\"twitter:data2\" content=\"4 minutes\" \/>\n<script type=\"application\/ld+json\" class=\"yoast-schema-graph\">{\"@context\":\"https:\\\/\\\/schema.org\",\"@graph\":[{\"@type\":\"Article\",\"@id\":\"https:\\\/\\\/www.infodictat.fr\\\/blog\\\/actualites-francaises-indira-ampiot-reagit-a-sa-20e-place-au-concours-miss-univers-france\\\/#article\",\"isPartOf\":{\"@id\":\"https:\\\/\\\/www.infodictat.fr\\\/blog\\\/actualites-francaises-indira-ampiot-reagit-a-sa-20e-place-au-concours-miss-univers-france\\\/\"},\"author\":{\"name\":\"Oscar BETHMONT\",\"@id\":\"https:\\\/\\\/www.infodictat.fr\\\/blog\\\/#\\\/schema\\\/person\\\/6c2c8af0941702348e8eca9144cc1267\"},\"headline\":\"Actualit\u00e9s fran\u00e7aises: Indira Ampiot r\u00e9agit \u00e0 sa 20e place au concours Miss Univers #France\",\"datePublished\":\"2024-11-18T17:13:00+00:00\",\"mainEntityOfPage\":{\"@id\":\"https:\\\/\\\/www.infodictat.fr\\\/blog\\\/actualites-francaises-indira-ampiot-reagit-a-sa-20e-place-au-concours-miss-univers-france\\\/\"},\"wordCount\":799,\"publisher\":{\"@id\":\"https:\\\/\\\/www.infodictat.fr\\\/blog\\\/#organization\"},\"image\":{\"@id\":\"https:\\\/\\\/www.infodictat.fr\\\/blog\\\/actualites-francaises-indira-ampiot-reagit-a-sa-20e-place-au-concours-miss-univers-france\\\/#primaryimage\"},\"thumbnailUrl\":\"https:\\\/\\\/www.infodictat.fr\\\/blog\\\/wp-content\\\/uploads\\\/2024\\\/11\\\/Informations-nationales-Indira-Ampiot-reagit-a-sa-20e-place-au.jpg\",\"articleSection\":[\"La Dictature Num\u00e9rique:\"],\"inLanguage\":\"fr-FR\"},{\"@type\":\"WebPage\",\"@id\":\"https:\\\/\\\/www.infodictat.fr\\\/blog\\\/actualites-francaises-indira-ampiot-reagit-a-sa-20e-place-au-concours-miss-univers-france\\\/\",\"url\":\"https:\\\/\\\/www.infodictat.fr\\\/blog\\\/actualites-francaises-indira-ampiot-reagit-a-sa-20e-place-au-concours-miss-univers-france\\\/\",\"name\":\"Actualit\u00e9s fran\u00e7aises: Indira Ampiot r\u00e9agit \u00e0 sa 20e place au concours Miss Univers #France - INFODICTAT\",\"isPartOf\":{\"@id\":\"https:\\\/\\\/www.infodictat.fr\\\/blog\\\/#website\"},\"primaryImageOfPage\":{\"@id\":\"https:\\\/\\\/www.infodictat.fr\\\/blog\\\/actualites-francaises-indira-ampiot-reagit-a-sa-20e-place-au-concours-miss-univers-france\\\/#primaryimage\"},\"image\":{\"@id\":\"https:\\\/\\\/www.infodictat.fr\\\/blog\\\/actualites-francaises-indira-ampiot-reagit-a-sa-20e-place-au-concours-miss-univers-france\\\/#primaryimage\"},\"thumbnailUrl\":\"https:\\\/\\\/www.infodictat.fr\\\/blog\\\/wp-content\\\/uploads\\\/2024\\\/11\\\/Informations-nationales-Indira-Ampiot-reagit-a-sa-20e-place-au.jpg\",\"datePublished\":\"2024-11-18T17:13:00+00:00\",\"breadcrumb\":{\"@id\":\"https:\\\/\\\/www.infodictat.fr\\\/blog\\\/actualites-francaises-indira-ampiot-reagit-a-sa-20e-place-au-concours-miss-univers-france\\\/#breadcrumb\"},\"inLanguage\":\"fr-FR\",\"potentialAction\":[{\"@type\":\"ReadAction\",\"target\":[\"https:\\\/\\\/www.infodictat.fr\\\/blog\\\/actualites-francaises-indira-ampiot-reagit-a-sa-20e-place-au-concours-miss-univers-france\\\/\"]}]},{\"@type\":\"ImageObject\",\"inLanguage\":\"fr-FR\",\"@id\":\"https:\\\/\\\/www.infodictat.fr\\\/blog\\\/actualites-francaises-indira-ampiot-reagit-a-sa-20e-place-au-concours-miss-univers-france\\\/#primaryimage\",\"url\":\"https:\\\/\\\/www.infodictat.fr\\\/blog\\\/wp-content\\\/uploads\\\/2024\\\/11\\\/Informations-nationales-Indira-Ampiot-reagit-a-sa-20e-place-au.jpg\",\"contentUrl\":\"https:\\\/\\\/www.infodictat.fr\\\/blog\\\/wp-content\\\/uploads\\\/2024\\\/11\\\/Informations-nationales-Indira-Ampiot-reagit-a-sa-20e-place-au.jpg\",\"width\":1440,\"height\":960},{\"@type\":\"BreadcrumbList\",\"@id\":\"https:\\\/\\\/www.infodictat.fr\\\/blog\\\/actualites-francaises-indira-ampiot-reagit-a-sa-20e-place-au-concours-miss-univers-france\\\/#breadcrumb\",\"itemListElement\":[{\"@type\":\"ListItem\",\"position\":1,\"name\":\"Accueil\",\"item\":\"https:\\\/\\\/www.infodictat.fr\\\/blog\\\/\"},{\"@type\":\"ListItem\",\"position\":2,\"name\":\"Actualit\u00e9s fran\u00e7aises: Indira Ampiot r\u00e9agit \u00e0 sa 20e place au concours Miss Univers #France\"}]},{\"@type\":\"WebSite\",\"@id\":\"https:\\\/\\\/www.infodictat.fr\\\/blog\\\/#website\",\"url\":\"https:\\\/\\\/www.infodictat.fr\\\/blog\\\/\",\"name\":\"INFODICTAT\",\"description\":\"La dictature num\u00e9rique.\",\"publisher\":{\"@id\":\"https:\\\/\\\/www.infodictat.fr\\\/blog\\\/#organization\"},\"potentialAction\":[{\"@type\":\"SearchAction\",\"target\":{\"@type\":\"EntryPoint\",\"urlTemplate\":\"https:\\\/\\\/www.infodictat.fr\\\/blog\\\/?s={search_term_string}\"},\"query-input\":{\"@type\":\"PropertyValueSpecification\",\"valueRequired\":true,\"valueName\":\"search_term_string\"}}],\"inLanguage\":\"fr-FR\"},{\"@type\":\"Organization\",\"@id\":\"https:\\\/\\\/www.infodictat.fr\\\/blog\\\/#organization\",\"name\":\"infodictat\",\"url\":\"https:\\\/\\\/www.infodictat.fr\\\/blog\\\/\",\"logo\":{\"@type\":\"ImageObject\",\"inLanguage\":\"fr-FR\",\"@id\":\"https:\\\/\\\/www.infodictat.fr\\\/blog\\\/#\\\/schema\\\/logo\\\/image\\\/\",\"url\":\"https:\\\/\\\/www.infodictat.fr\\\/blog\\\/wp-content\\\/uploads\\\/2023\\\/05\\\/logo-2.png\",\"contentUrl\":\"https:\\\/\\\/www.infodictat.fr\\\/blog\\\/wp-content\\\/uploads\\\/2023\\\/05\\\/logo-2.png\",\"width\":480,\"height\":596,\"caption\":\"infodictat\"},\"image\":{\"@id\":\"https:\\\/\\\/www.infodictat.fr\\\/blog\\\/#\\\/schema\\\/logo\\\/image\\\/\"}},{\"@type\":\"Person\",\"@id\":\"https:\\\/\\\/www.infodictat.fr\\\/blog\\\/#\\\/schema\\\/person\\\/6c2c8af0941702348e8eca9144cc1267\",\"name\":\"Oscar BETHMONT\",\"image\":{\"@type\":\"ImageObject\",\"inLanguage\":\"fr-FR\",\"@id\":\"https:\\\/\\\/secure.gravatar.com\\\/avatar\\\/f80ff32d67d40b919e8be190b7325be3c6cb33ce305ac1d45cadad29128e831e?s=96&d=mm&r=g\",\"url\":\"https:\\\/\\\/secure.gravatar.com\\\/avatar\\\/f80ff32d67d40b919e8be190b7325be3c6cb33ce305ac1d45cadad29128e831e?s=96&d=mm&r=g\",\"contentUrl\":\"https:\\\/\\\/secure.gravatar.com\\\/avatar\\\/f80ff32d67d40b919e8be190b7325be3c6cb33ce305ac1d45cadad29128e831e?s=96&d=mm&r=g\",\"caption\":\"Oscar BETHMONT\"},\"url\":\"https:\\\/\\\/www.infodictat.fr\\\/blog\\\/author\\\/tatoscar\\\/\"}]}<\/script>\n<!-- \/ Yoast SEO plugin. -->","yoast_head_json":{"title":"Actualit\u00e9s fran\u00e7aises: Indira Ampiot r\u00e9agit \u00e0 sa 20e place au concours Miss Univers #France - INFODICTAT","robots":{"index":"index","follow":"follow","max-snippet":"max-snippet:-1","max-image-preview":"max-image-preview:large","max-video-preview":"max-video-preview:-1"},"canonical":"https:\/\/www.infodictat.fr\/blog\/actualites-francaises-indira-ampiot-reagit-a-sa-20e-place-au-concours-miss-univers-france\/","og_locale":"fr_FR","og_type":"article","og_title":"Actualit\u00e9s fran\u00e7aises: Indira Ampiot r\u00e9agit \u00e0 sa 20e place au concours Miss Univers #France - INFODICTAT","og_description":"Indira Ampiot r\u00e9agit \u00e0 sa 20e place au concours Miss Univers publi\u00e9 par Le Point \u2013 Toute l&rsquo;info en continu le Ce post ayant pour sujet \u00ab\u00a0Actualit\u00e9 fran\u00e7aise\u00a0\u00bb a \u00e9t\u00e9 trouv\u00e9 sur le web, nous avons projet\u00e9 de vous le r\u00e9v\u00e9ler sans attendre. Publi\u00e9 sur Le Point \u2013 Toute l&rsquo;info en continu, l\u2019article suivant Signature ... Lire la suite","og_url":"https:\/\/www.infodictat.fr\/blog\/actualites-francaises-indira-ampiot-reagit-a-sa-20e-place-au-concours-miss-univers-france\/","og_site_name":"INFODICTAT","article_published_time":"2024-11-18T17:13:00+00:00","og_image":[{"url":"https:\/\/www.infodictat.fr\/blog\/wp-content\/uploads\/2024\/11\/Informations-nationales-Indira-Ampiot-reagit-a-sa-20e-place-au.jpg","type":"","width":"","height":""}],"author":"Oscar BETHMONT","twitter_card":"summary_large_image","twitter_misc":{"\u00c9crit par":"Oscar BETHMONT","Dur\u00e9e de lecture estim\u00e9e":"4 minutes"},"schema":{"@context":"https:\/\/schema.org","@graph":[{"@type":"Article","@id":"https:\/\/www.infodictat.fr\/blog\/actualites-francaises-indira-ampiot-reagit-a-sa-20e-place-au-concours-miss-univers-france\/#article","isPartOf":{"@id":"https:\/\/www.infodictat.fr\/blog\/actualites-francaises-indira-ampiot-reagit-a-sa-20e-place-au-concours-miss-univers-france\/"},"author":{"name":"Oscar BETHMONT","@id":"https:\/\/www.infodictat.fr\/blog\/#\/schema\/person\/6c2c8af0941702348e8eca9144cc1267"},"headline":"Actualit\u00e9s fran\u00e7aises: Indira Ampiot r\u00e9agit \u00e0 sa 20e place au concours Miss Univers #France","datePublished":"2024-11-18T17:13:00+00:00","mainEntityOfPage":{"@id":"https:\/\/www.infodictat.fr\/blog\/actualites-francaises-indira-ampiot-reagit-a-sa-20e-place-au-concours-miss-univers-france\/"},"wordCount":799,"publisher":{"@id":"https:\/\/www.infodictat.fr\/blog\/#organization"},"image":{"@id":"https:\/\/www.infodictat.fr\/blog\/actualites-francaises-indira-ampiot-reagit-a-sa-20e-place-au-concours-miss-univers-france\/#primaryimage"},"thumbnailUrl":"https:\/\/www.infodictat.fr\/blog\/wp-content\/uploads\/2024\/11\/Informations-nationales-Indira-Ampiot-reagit-a-sa-20e-place-au.jpg","articleSection":["La Dictature Num\u00e9rique:"],"inLanguage":"fr-FR"},{"@type":"WebPage","@id":"https:\/\/www.infodictat.fr\/blog\/actualites-francaises-indira-ampiot-reagit-a-sa-20e-place-au-concours-miss-univers-france\/","url":"https:\/\/www.infodictat.fr\/blog\/actualites-francaises-indira-ampiot-reagit-a-sa-20e-place-au-concours-miss-univers-france\/","name":"Actualit\u00e9s fran\u00e7aises: Indira Ampiot r\u00e9agit \u00e0 sa 20e place au concours Miss Univers #France - INFODICTAT","isPartOf":{"@id":"https:\/\/www.infodictat.fr\/blog\/#website"},"primaryImageOfPage":{"@id":"https:\/\/www.infodictat.fr\/blog\/actualites-francaises-indira-ampiot-reagit-a-sa-20e-place-au-concours-miss-univers-france\/#primaryimage"},"image":{"@id":"https:\/\/www.infodictat.fr\/blog\/actualites-francaises-indira-ampiot-reagit-a-sa-20e-place-au-concours-miss-univers-france\/#primaryimage"},"thumbnailUrl":"https:\/\/www.infodictat.fr\/blog\/wp-content\/uploads\/2024\/11\/Informations-nationales-Indira-Ampiot-reagit-a-sa-20e-place-au.jpg","datePublished":"2024-11-18T17:13:00+00:00","breadcrumb":{"@id":"https:\/\/www.infodictat.fr\/blog\/actualites-francaises-indira-ampiot-reagit-a-sa-20e-place-au-concours-miss-univers-france\/#breadcrumb"},"inLanguage":"fr-FR","potentialAction":[{"@type":"ReadAction","target":["https:\/\/www.infodictat.fr\/blog\/actualites-francaises-indira-ampiot-reagit-a-sa-20e-place-au-concours-miss-univers-france\/"]}]},{"@type":"ImageObject","inLanguage":"fr-FR","@id":"https:\/\/www.infodictat.fr\/blog\/actualites-francaises-indira-ampiot-reagit-a-sa-20e-place-au-concours-miss-univers-france\/#primaryimage","url":"https:\/\/www.infodictat.fr\/blog\/wp-content\/uploads\/2024\/11\/Informations-nationales-Indira-Ampiot-reagit-a-sa-20e-place-au.jpg","contentUrl":"https:\/\/www.infodictat.fr\/blog\/wp-content\/uploads\/2024\/11\/Informations-nationales-Indira-Ampiot-reagit-a-sa-20e-place-au.jpg","width":1440,"height":960},{"@type":"BreadcrumbList","@id":"https:\/\/www.infodictat.fr\/blog\/actualites-francaises-indira-ampiot-reagit-a-sa-20e-place-au-concours-miss-univers-france\/#breadcrumb","itemListElement":[{"@type":"ListItem","position":1,"name":"Accueil","item":"https:\/\/www.infodictat.fr\/blog\/"},{"@type":"ListItem","position":2,"name":"Actualit\u00e9s fran\u00e7aises: Indira Ampiot r\u00e9agit \u00e0 sa 20e place au concours Miss Univers #France"}]},{"@type":"WebSite","@id":"https:\/\/www.infodictat.fr\/blog\/#website","url":"https:\/\/www.infodictat.fr\/blog\/","name":"INFODICTAT","description":"La dictature num\u00e9rique.","publisher":{"@id":"https:\/\/www.infodictat.fr\/blog\/#organization"},"potentialAction":[{"@type":"SearchAction","target":{"@type":"EntryPoint","urlTemplate":"https:\/\/www.infodictat.fr\/blog\/?s={search_term_string}"},"query-input":{"@type":"PropertyValueSpecification","valueRequired":true,"valueName":"search_term_string"}}],"inLanguage":"fr-FR"},{"@type":"Organization","@id":"https:\/\/www.infodictat.fr\/blog\/#organization","name":"infodictat","url":"https:\/\/www.infodictat.fr\/blog\/","logo":{"@type":"ImageObject","inLanguage":"fr-FR","@id":"https:\/\/www.infodictat.fr\/blog\/#\/schema\/logo\/image\/","url":"https:\/\/www.infodictat.fr\/blog\/wp-content\/uploads\/2023\/05\/logo-2.png","contentUrl":"https:\/\/www.infodictat.fr\/blog\/wp-content\/uploads\/2023\/05\/logo-2.png","width":480,"height":596,"caption":"infodictat"},"image":{"@id":"https:\/\/www.infodictat.fr\/blog\/#\/schema\/logo\/image\/"}},{"@type":"Person","@id":"https:\/\/www.infodictat.fr\/blog\/#\/schema\/person\/6c2c8af0941702348e8eca9144cc1267","name":"Oscar BETHMONT","image":{"@type":"ImageObject","inLanguage":"fr-FR","@id":"https:\/\/secure.gravatar.com\/avatar\/f80ff32d67d40b919e8be190b7325be3c6cb33ce305ac1d45cadad29128e831e?s=96&d=mm&r=g","url":"https:\/\/secure.gravatar.com\/avatar\/f80ff32d67d40b919e8be190b7325be3c6cb33ce305ac1d45cadad29128e831e?s=96&d=mm&r=g","contentUrl":"https:\/\/secure.gravatar.com\/avatar\/f80ff32d67d40b919e8be190b7325be3c6cb33ce305ac1d45cadad29128e831e?s=96&d=mm&r=g","caption":"Oscar BETHMONT"},"url":"https:\/\/www.infodictat.fr\/blog\/author\/tatoscar\/"}]}},"_links":{"self":[{"href":"https:\/\/www.infodictat.fr\/blog\/wp-json\/wp\/v2\/posts\/886","targetHints":{"allow":["GET"]}}],"collection":[{"href":"https:\/\/www.infodictat.fr\/blog\/wp-json\/wp\/v2\/posts"}],"about":[{"href":"https:\/\/www.infodictat.fr\/blog\/wp-json\/wp\/v2\/types\/post"}],"author":[{"embeddable":true,"href":"https:\/\/www.infodictat.fr\/blog\/wp-json\/wp\/v2\/users\/2"}],"replies":[{"embeddable":true,"href":"https:\/\/www.infodictat.fr\/blog\/wp-json\/wp\/v2\/comments?post=886"}],"version-history":[{"count":0,"href":"https:\/\/www.infodictat.fr\/blog\/wp-json\/wp\/v2\/posts\/886\/revisions"}],"wp:featuredmedia":[{"embeddable":true,"href":"https:\/\/www.infodictat.fr\/blog\/wp-json\/wp\/v2\/media\/887"}],"wp:attachment":[{"href":"https:\/\/www.infodictat.fr\/blog\/wp-json\/wp\/v2\/media?parent=886"}],"wp:term":[{"taxonomy":"category","embeddable":true,"href":"https:\/\/www.infodictat.fr\/blog\/wp-json\/wp\/v2\/categories?post=886"},{"taxonomy":"post_tag","embeddable":true,"href":"https:\/\/www.infodictat.fr\/blog\/wp-json\/wp\/v2\/tags?post=886"}],"curies":[{"name":"wp","href":"https:\/\/api.w.org\/{rel}","templated":true}]}}