{"id":882,"date":"2024-11-16T11:17:00","date_gmt":"2024-11-16T10:17:00","guid":{"rendered":"https:\/\/www.infodictat.fr\/blog\/infos-francaises-le-deontologue-de-lassemblee-nationale-est-saisi-france\/"},"modified":"2024-11-16T11:17:00","modified_gmt":"2024-11-16T10:17:00","slug":"infos-francaises-le-deontologue-de-lassemblee-nationale-est-saisi-france","status":"publish","type":"post","link":"https:\/\/www.infodictat.fr\/blog\/infos-francaises-le-deontologue-de-lassemblee-nationale-est-saisi-france\/","title":{"rendered":"Infos fran\u00e7aises: le d\u00e9ontologue de l\u2019Assembl\u00e9e nationale est saisi #France"},"content":{"rendered":"<div>\n<h1>le d\u00e9ontologue de l\u2019Assembl\u00e9e nationale est saisi diffus\u00e9 par Le Point \u2013 Politique le <span id=\"datecrea\"><\/span> <\/h1>\n<p>Voici le plus m\u00e9morable d\u2019un dossier que je viens de d\u00e9couvrir sur le web. Le th\u00e8me va carr\u00e9ment vous int\u00e9resser. Car la th\u00e9matique est \u00ab\u00a0Actualit\u00e9 fran\u00e7aise\u00a0\u00bb.<\/p>\n<h2>\nDiffus\u00e9 sur Le Point \u2013 Politique, l\u2019article suivant<\/h2>\n<p><u>Signature  . <\/u><\/p>\n<p><u>Date et heure de la r\u00e9ception de la d\u00e9p\u00e9che sur notre fil d\u2019info:<\/u><strong><span id=\"date\"><\/span><\/strong><\/p>\n<p><u>Date et heure de publication sur internet:<\/u> <strong><span id=\"datecrea\"><\/span><\/strong><\/p>\n<p><u>Titre exacte donn\u00e9 par le journal \u00e9tait:<\/u> <strong>le d\u00e9ontologue de l\u2019Assembl\u00e9e nationale est saisi<\/strong><\/p>\n<p><u>Information et contenu publi\u00e9s :<\/u><\/p>\n<div id=\"contenu\">\n        <!-- include t_www_2023\/pages\/article\/blocs\/tag_pub.tpl --><br \/>\n        <!-- include \/t_www_2023\/pages\/article\/blocs\/tag_pub.tpl --><\/p>\n<p><span class=\"dflt-txt__lettrine\">L<\/span>e d\u00e9put\u00e9 de La France insoumise (LFI) Andy Kerbrat est de nouveau dans l\u2019\u0153il du cyclone. Selon\u00a0Mediapart, l\u2019\u00e9lu aurait financ\u00e9 sa consommation de drogue avec ses frais de d\u00e9put\u00e9. Arr\u00eat\u00e9 le 17\u00a0octobre en train d\u2019acheter de la 3-MMC, une drogue de synth\u00e8se, \u00e0 Paris, Andy Kerbrat aurait \u00ab\u00a0utilis\u00e9 son compte AFM <em>[avance de frais de mandat, NDLR]<\/em>, abond\u00e9 chaque mois par l\u2019Assembl\u00e9e nationale, pour financer sa consommation\u00a0\u00bb.<\/p>\n<section class=\"mbl txtcenter\"><\/section>\n<div id=\"newsletter\" class=\"bloc-1 title-top\">\n<span class=\"h2\">La newsletter politique<\/span><\/p>\n<div class=\"step-1\">\n<p class=\"period\">Tous les lundis \u00e0 11h30<\/p>\n<p>Recevez en avant-premi\u00e8re les informations et analyses politiques de la r\u00e9daction du Point.<\/p>\n<\/div>\n<div class=\"step-2\">\n<p>Merci !<br \/>Votre inscription a bien \u00e9t\u00e9 prise en compte avec l\u2019adresse email :<br \/><span class=\"email-sended\"><\/span><\/p>\n<p>Pour d\u00e9couvrir toutes nos autres newsletters, rendez-vous ici : MonCompte<\/p>\n<\/div>\n<p>En vous inscrivant, vous acceptez les conditions g\u00e9n\u00e9rales d\u2019utilisations et notre politique de confidentialit\u00e9.<\/p>\n<\/div>\n<p>Quelques heures seulement apr\u00e8s la publication, la pr\u00e9sidente de l\u2019Assembl\u00e9e nationale, Ya\u00ebl Braun-Pivet, a d\u00e9clar\u00e9 avoir saisi le d\u00e9ontologue de l\u2019institution du cas du d\u00e9put\u00e9 LFI de 34\u00a0ans. \u00ab\u00a0\u00catre d\u00e9put\u00e9, c\u2019est avoir un devoir d\u2019exemplarit\u00e9\u00a0\u00bb, \u00e9crit-elle sur son compte X, qualifiant les faits d\u2019extr\u00eamement graves. \u00ab\u00a0Si les faits sont av\u00e9r\u00e9s, je saisirai la justice\u00a0\u00bb, a pr\u00e9cis\u00e9 Ya\u00ebl Braun-Pivet.<\/p>\n<div>\n<div class=\"mts\">\n<div class=\"reset-text mtm mbm\">\n<div class=\"art-twitter\">\n<blockquote class=\"twitter-tweet-unloaded\">\n<p dir=\"ltr\" lang=\"fr\">\u00catre d\u00e9put\u00e9, c\u2019est avoir un devoir d\u2019exemplarit\u00e9. Les faits relat\u00e9s par M\u00e9diapart concernant le d\u00e9put\u00e9 Andy Kerbrat sont d\u2019une extr\u00eame gravit\u00e9. J\u2019ai saisi le d\u00e9ontologue pour qu\u2019il proc\u00e8de sans d\u00e9lai \u00e0 un contr\u00f4le de ses d\u00e9penses. Si les faits sont av\u00e9r\u00e9s, je saisirai la justice. <a rel=\"nofollow\" target=\"_blank\" href=\"https:\/\/t.co\/Vxo45KDWtb\">pic.twitter.com\/Vxo45KDWtb<\/a><\/p>\n<section class=\"mbl txtcenter\"><\/section>\n<p> \u2014 Ya\u00ebl Braun-Pivet (@YaelBRAUNPIVET) <a rel=\"nofollow\" target=\"_blank\" href=\"https:\/\/twitter.com\/YaelBRAUNPIVET\/status\/1857472159792140622?ref_src=twsrc%5Etfw\">November 15, 2024<\/a> <\/p><\/blockquote>\n<\/div>\n<\/div>\n<\/div>\n<\/div>\n<h2>Remboursement de 25\u00a0000\u00a0euros<\/h2>\n<p>De son c\u00f4t\u00e9, Andy Kerbrat a reconnu avoir \u00ab\u00a0fait n\u2019importe quoi\u00a0\u00bb avec ses frais de mandat, admettant avoir pioch\u00e9 dans son compte AFM, abond\u00e9 chaque mois de 4\u00a0700\u00a0euros environ par l\u2019Assembl\u00e9e nationale, pour son train de vie personnel. Reconnaissant avoir des probl\u00e8mes, le d\u00e9put\u00e9 d\u00e9cide, fin 2023, de laisser un collaborateur g\u00e9rer son compte AFM. Il affirme \u00e9galement avoir rembours\u00e9 25\u00a0000\u00a0euros sur son compte AFM, rapporte Mediapart.<\/p>\n<p>L\u2019\u00e9lu de Loire-Atlantique, actuellement vis\u00e9 par une proc\u00e9dure judiciaire, avait dit \u00ab\u00a0assume<em>[r] <\/em>enti\u00e8rement <em>[sa] <\/em>responsabilit\u00e9\u00a0\u00bb et se mettre \u00ab\u00a0\u00e0 la disposition de la justice\u00a0\u00bb. Fin octobre, il avait \u00e9galement annonc\u00e9, apr\u00e8s avis m\u00e9dical, entamer un \u00ab\u00a0protocole de soins\u00a0\u00bb qui lui permettra de \u00ab\u00a0reprendre\u00a0\u00bb son activit\u00e9 parlementaire.<\/p>\n<h2>Un tiers des d\u00e9put\u00e9s contr\u00f4l\u00e9s\u00a0chaque ann\u00e9e<\/h2>\n<p><span class=\"Capsule discover-kangourou\"><br \/>\n<span class=\"Phylactery\">\u00c0 D\u00e9couvrir<\/span><br \/>\n<strong class=\"discover-kangourou__line\"><\/p>\n<p><strong class=\"discover-kangourou__txt\"><br \/>\n<strong>Le Kangourou du jour<\/strong><\/strong><\/strong><\/span><\/p>\n<p>R\u00e9pondre<\/p>\n<p>Dans son communiqu\u00e9, Ya\u00ebl Braun-Pivet rappelle que \u00ab\u00a0l\u2019utilisation des frais de mandat est strictement encadr\u00e9e et doit faire l\u2019objet de justifications pour toute d\u00e9pense engag\u00e9e\u00a0\u00bb depuis la loi pour la confiance dans la vie politique du 15\u00a0septembre 2017.<\/p>\n<p><span class=\"Capsule free\"><span class=\"Phylactery\">\u00c0 LIRE AUSSI<\/span> <strong class=\"strong\">\u00ab\u00a0On ne peut pas r\u00e9duire toutes les critiques \u00e0 l\u2019\u00e9gard d\u2019Andy Kerbrat\u00a0\u00e0 des questions d\u2019homophobie\u00a0\u00bb<\/strong><\/span> \u00ab\u00a0Chaque ann\u00e9e, un tiers des d\u00e9put\u00e9s sont tir\u00e9s\u00a0au sort pour \u00eatre contr\u00f4l\u00e9s\u00a0\u00bb, poursuit-elle, pr\u00e9cisant qu\u2019Andy Kerbrat n\u2019a pas \u00e9t\u00e9 examin\u00e9 en 2023\u00a0ni en 2024, mais qu\u2019un contr\u00f4le \u00e9tait \u00ab\u00a0pr\u00e9vu dans les jours qui viennent au titre des contr\u00f4les de fonds de mandat, qui sont en cours\u00a0\u00bb.<\/p>\n<p><!-- include t_www_2023\/pages\/article\/blocs\/bloc-encadre.tpl --><br \/>\n<!-- include \/t_www_2023\/pages\/article\/blocs\/bloc-encadre.tpl -->\n<\/p>\n<\/div>\n<p><script async src=\"\/\/platform.twitter.com\/widgets.js\" charset=\"utf-8\"><\/script><\/p>\n<p> <img decoding=\"async\" src=\"https:\/\/www.infodictat.fr\/blog\/wp-content\/uploads\/2024\/11\/Actualites-France-le-deontologue-de-lAssemblee-nationale-est-saisi-France.jpg\" alt=\"le d\u00e9ontologue de l\u2019Assembl\u00e9e nationale est saisi\"><\/p>\n<p>#d\u00e9ontologue #lAssembl\u00e9e #nationale #est #saisi<\/p>\n<p>Reprise de l\u2019information dans un style journalistique professionnel descriptif en organisant les id\u00e9es dans un ordre coh\u00e9rent avec titres html <\/p>\n<p>Bibliographie :<\/p>\n<p>Ils ont fait la France.,<a href=\"https:\/\/www.kobo.com\/fr\/fr\/ebook\/ils-ont-fait-la-france\" target=\"_blank\" rel=\"noopener noreferrer nofollow\">Lien sur la fiche descriptive<\/a><span><\/span>.<\/p>\n<p>La france des ca\u00efds.,<a href=\"https:\/\/www.kobo.com\/fr\/fr\/ebook\/la-france-des-caids\" target=\"_blank\" rel=\"noopener noreferrer nofollow\">Lien sur la fiche de pr\u00e9sentation<\/a><span><\/span>.<\/p>\n<p>Protestation \u2013 Confessions sur l\u2019\u00e9tat de la France.,<a href=\"https:\/\/www.kobo.com\/fr\/fr\/ebook\/protestation-confessions-sur-l-etat-de-la-france\" target=\"_blank\" rel=\"noopener noreferrer nofollow\">Informations sur ce livre<\/a><span><\/span>.<\/p>\n<p><script>\nvar date = \"Non r\u00e9cup\u00e9r\u00e9es\";\n        \/\/ Valeur de timestamp\n        var timestampString = 1731753846; \/\/ Assurez-vous que le timestamp est une cha\u00eene de texte\n        \/\/ Convertir la cha\u00eene de texte en nombre entier (timestamp)\n        var timestamp = parseInt(timestampString);\n        \/\/ Cr\u00e9er un objet Date \u00e0 partir du timestamp\n        var dateObject = new Date(timestamp * 1000); \/\/ Le timestamp est en secondes, donc on le multiplie par 1000 pour obtenir les millisecondes\n        \/\/ Format de date personnalis\u00e9\n        var options = { weekday: 'long', year: 'numeric', month: 'long', day: 'numeric', hour: 'numeric', minute: 'numeric', second: 'numeric', timeZone: 'Europe\/Paris' };\n        var formattedDate = dateObject.toLocaleDateString('fr-FR', options);\n formattedDate = formattedDate.replace(\/^.\/, formattedDate[0].toUpperCase());\n        \/\/ Afficher la date dans le HTML\n        document.getElementById('date').textContent = formattedDate;\n    <\/script><\/p>\n<p><script>\nvar datecrea = \"Non r\u00e9cup\u00e9r\u00e9e\";\n        \/\/ Date et heure au format \"2008-06-15 18:02:58\"\n        var dateString = \"2024-11-16 11:17:00\";\n        \/\/ Convertir la cha\u00eene de texte en objet Date\n        var now = new Date(dateString);\n        \/\/ Format de date personnalis\u00e9\n        var options = { weekday: 'long', year: 'numeric', month: 'long', day: 'numeric', hour: 'numeric', minute: 'numeric', second: 'numeric', timeZone: 'Europe\/Paris' };\n        var formattedDate = now.toLocaleDateString('fr-FR', options);\n formattedDate = formattedDate.replace(\/^.\/, formattedDate[0].toUpperCase());\n        \/\/ Afficher la date dans le HTML\n        document.getElementById('datecrea').textContent = formattedDate;\n    <\/script><\/p>\n<\/div>\n<p><img decoding=\"async\" class=\"wpe_imgrss\" src=\"https:\/\/www.infodictat.fr\/blog\/wp-content\/uploads\/2024\/11\/Actualites-France-le-deontologue-de-lAssemblee-nationale-est-saisi-France.jpg\">Vous pouvez lire ce post traitant le sujet \u00ab\u00a0La dictature num\u00e9rique\u00a0\u00bb. Il est produit par la r\u00e9daction de infodictat.fr. Le site infodictat.fr a pour objectif de publier plusieurs articles autour du sujet La dictature num\u00e9rique d\u00e9velopp\u00e9es sur le web. Cette chronique se veut g\u00e9n\u00e9r\u00e9e de la fa\u00e7on la plus juste qui soit. Pour \u00e9mettre des remarques sur ce dossier autour du sujet \u00ab\u00a0La dictature num\u00e9rique\u00a0\u00bb prenez les contacts indiqu\u00e9s sur notre site internet. En consultant r\u00e9guli\u00e8rement nos contenus de blog vous serez au courant des futures parutions.<\/p>\n","protected":false},"excerpt":{"rendered":"<p>le d\u00e9ontologue de l\u2019Assembl\u00e9e nationale est saisi diffus\u00e9 par Le Point \u2013 Politique le Voici le plus m\u00e9morable d\u2019un dossier que je viens de d\u00e9couvrir sur le web. Le th\u00e8me va carr\u00e9ment vous int\u00e9resser. Car la th\u00e9matique est \u00ab\u00a0Actualit\u00e9 fran\u00e7aise\u00a0\u00bb. Diffus\u00e9 sur Le Point \u2013 Politique, l\u2019article suivant Signature . Date et heure de la &#8230; <a title=\"Infos fran\u00e7aises: le d\u00e9ontologue de l\u2019Assembl\u00e9e nationale est saisi #France\" class=\"read-more\" href=\"https:\/\/www.infodictat.fr\/blog\/infos-francaises-le-deontologue-de-lassemblee-nationale-est-saisi-france\/\" aria-label=\"En savoir plus sur Infos fran\u00e7aises: le d\u00e9ontologue de l\u2019Assembl\u00e9e nationale est saisi #France\">Lire la suite<\/a><\/p>\n","protected":false},"author":2,"featured_media":883,"comment_status":"closed","ping_status":"closed","sticky":false,"template":"","format":"standard","meta":{"footnotes":""},"categories":[2],"tags":[],"class_list":["post-882","post","type-post","status-publish","format-standard","has-post-thumbnail","hentry","category-la-dictature-numerique"],"yoast_head":"<!-- This site is optimized with the Yoast SEO plugin v27.5 - https:\/\/yoast.com\/product\/yoast-seo-wordpress\/ -->\n<title>Infos fran\u00e7aises: le d\u00e9ontologue de l\u2019Assembl\u00e9e nationale est saisi #France - INFODICTAT<\/title>\n<meta name=\"robots\" content=\"index, follow, max-snippet:-1, max-image-preview:large, max-video-preview:-1\" \/>\n<link rel=\"canonical\" href=\"https:\/\/www.infodictat.fr\/blog\/infos-francaises-le-deontologue-de-lassemblee-nationale-est-saisi-france\/\" \/>\n<meta property=\"og:locale\" content=\"fr_FR\" \/>\n<meta property=\"og:type\" content=\"article\" \/>\n<meta property=\"og:title\" content=\"Infos fran\u00e7aises: le d\u00e9ontologue de l\u2019Assembl\u00e9e nationale est saisi #France - INFODICTAT\" \/>\n<meta property=\"og:description\" content=\"le d\u00e9ontologue de l\u2019Assembl\u00e9e nationale est saisi diffus\u00e9 par Le Point \u2013 Politique le Voici le plus m\u00e9morable d\u2019un dossier que je viens de d\u00e9couvrir sur le web. Le th\u00e8me va carr\u00e9ment vous int\u00e9resser. Car la th\u00e9matique est \u00ab\u00a0Actualit\u00e9 fran\u00e7aise\u00a0\u00bb. Diffus\u00e9 sur Le Point \u2013 Politique, l\u2019article suivant Signature . Date et heure de la ... Lire la suite\" \/>\n<meta property=\"og:url\" content=\"https:\/\/www.infodictat.fr\/blog\/infos-francaises-le-deontologue-de-lassemblee-nationale-est-saisi-france\/\" \/>\n<meta property=\"og:site_name\" content=\"INFODICTAT\" \/>\n<meta property=\"article:published_time\" content=\"2024-11-16T10:17:00+00:00\" \/>\n<meta property=\"og:image\" content=\"https:\/\/www.infodictat.fr\/blog\/wp-content\/uploads\/2024\/11\/Actualites-France-le-deontologue-de-lAssemblee-nationale-est-saisi-France.jpg\" \/>\n<meta name=\"author\" content=\"Oscar BETHMONT\" \/>\n<meta name=\"twitter:card\" content=\"summary_large_image\" \/>\n<meta name=\"twitter:label1\" content=\"\u00c9crit par\" \/>\n\t<meta name=\"twitter:data1\" content=\"Oscar BETHMONT\" \/>\n\t<meta name=\"twitter:label2\" content=\"Dur\u00e9e de lecture estim\u00e9e\" \/>\n\t<meta name=\"twitter:data2\" content=\"4 minutes\" \/>\n<script type=\"application\/ld+json\" class=\"yoast-schema-graph\">{\"@context\":\"https:\\\/\\\/schema.org\",\"@graph\":[{\"@type\":\"Article\",\"@id\":\"https:\\\/\\\/www.infodictat.fr\\\/blog\\\/infos-francaises-le-deontologue-de-lassemblee-nationale-est-saisi-france\\\/#article\",\"isPartOf\":{\"@id\":\"https:\\\/\\\/www.infodictat.fr\\\/blog\\\/infos-francaises-le-deontologue-de-lassemblee-nationale-est-saisi-france\\\/\"},\"author\":{\"name\":\"Oscar BETHMONT\",\"@id\":\"https:\\\/\\\/www.infodictat.fr\\\/blog\\\/#\\\/schema\\\/person\\\/6c2c8af0941702348e8eca9144cc1267\"},\"headline\":\"Infos fran\u00e7aises: le d\u00e9ontologue de l\u2019Assembl\u00e9e nationale est saisi #France\",\"datePublished\":\"2024-11-16T10:17:00+00:00\",\"mainEntityOfPage\":{\"@id\":\"https:\\\/\\\/www.infodictat.fr\\\/blog\\\/infos-francaises-le-deontologue-de-lassemblee-nationale-est-saisi-france\\\/\"},\"wordCount\":841,\"publisher\":{\"@id\":\"https:\\\/\\\/www.infodictat.fr\\\/blog\\\/#organization\"},\"image\":{\"@id\":\"https:\\\/\\\/www.infodictat.fr\\\/blog\\\/infos-francaises-le-deontologue-de-lassemblee-nationale-est-saisi-france\\\/#primaryimage\"},\"thumbnailUrl\":\"https:\\\/\\\/www.infodictat.fr\\\/blog\\\/wp-content\\\/uploads\\\/2024\\\/11\\\/Actualites-France-le-deontologue-de-lAssemblee-nationale-est-saisi-France.jpg\",\"articleSection\":[\"La Dictature Num\u00e9rique:\"],\"inLanguage\":\"fr-FR\"},{\"@type\":\"WebPage\",\"@id\":\"https:\\\/\\\/www.infodictat.fr\\\/blog\\\/infos-francaises-le-deontologue-de-lassemblee-nationale-est-saisi-france\\\/\",\"url\":\"https:\\\/\\\/www.infodictat.fr\\\/blog\\\/infos-francaises-le-deontologue-de-lassemblee-nationale-est-saisi-france\\\/\",\"name\":\"Infos fran\u00e7aises: le d\u00e9ontologue de l\u2019Assembl\u00e9e nationale est saisi #France - INFODICTAT\",\"isPartOf\":{\"@id\":\"https:\\\/\\\/www.infodictat.fr\\\/blog\\\/#website\"},\"primaryImageOfPage\":{\"@id\":\"https:\\\/\\\/www.infodictat.fr\\\/blog\\\/infos-francaises-le-deontologue-de-lassemblee-nationale-est-saisi-france\\\/#primaryimage\"},\"image\":{\"@id\":\"https:\\\/\\\/www.infodictat.fr\\\/blog\\\/infos-francaises-le-deontologue-de-lassemblee-nationale-est-saisi-france\\\/#primaryimage\"},\"thumbnailUrl\":\"https:\\\/\\\/www.infodictat.fr\\\/blog\\\/wp-content\\\/uploads\\\/2024\\\/11\\\/Actualites-France-le-deontologue-de-lAssemblee-nationale-est-saisi-France.jpg\",\"datePublished\":\"2024-11-16T10:17:00+00:00\",\"breadcrumb\":{\"@id\":\"https:\\\/\\\/www.infodictat.fr\\\/blog\\\/infos-francaises-le-deontologue-de-lassemblee-nationale-est-saisi-france\\\/#breadcrumb\"},\"inLanguage\":\"fr-FR\",\"potentialAction\":[{\"@type\":\"ReadAction\",\"target\":[\"https:\\\/\\\/www.infodictat.fr\\\/blog\\\/infos-francaises-le-deontologue-de-lassemblee-nationale-est-saisi-france\\\/\"]}]},{\"@type\":\"ImageObject\",\"inLanguage\":\"fr-FR\",\"@id\":\"https:\\\/\\\/www.infodictat.fr\\\/blog\\\/infos-francaises-le-deontologue-de-lassemblee-nationale-est-saisi-france\\\/#primaryimage\",\"url\":\"https:\\\/\\\/www.infodictat.fr\\\/blog\\\/wp-content\\\/uploads\\\/2024\\\/11\\\/Actualites-France-le-deontologue-de-lAssemblee-nationale-est-saisi-France.jpg\",\"contentUrl\":\"https:\\\/\\\/www.infodictat.fr\\\/blog\\\/wp-content\\\/uploads\\\/2024\\\/11\\\/Actualites-France-le-deontologue-de-lAssemblee-nationale-est-saisi-France.jpg\",\"width\":1440,\"height\":960},{\"@type\":\"BreadcrumbList\",\"@id\":\"https:\\\/\\\/www.infodictat.fr\\\/blog\\\/infos-francaises-le-deontologue-de-lassemblee-nationale-est-saisi-france\\\/#breadcrumb\",\"itemListElement\":[{\"@type\":\"ListItem\",\"position\":1,\"name\":\"Accueil\",\"item\":\"https:\\\/\\\/www.infodictat.fr\\\/blog\\\/\"},{\"@type\":\"ListItem\",\"position\":2,\"name\":\"Infos fran\u00e7aises: le d\u00e9ontologue de l\u2019Assembl\u00e9e nationale est saisi #France\"}]},{\"@type\":\"WebSite\",\"@id\":\"https:\\\/\\\/www.infodictat.fr\\\/blog\\\/#website\",\"url\":\"https:\\\/\\\/www.infodictat.fr\\\/blog\\\/\",\"name\":\"INFODICTAT\",\"description\":\"La dictature num\u00e9rique.\",\"publisher\":{\"@id\":\"https:\\\/\\\/www.infodictat.fr\\\/blog\\\/#organization\"},\"potentialAction\":[{\"@type\":\"SearchAction\",\"target\":{\"@type\":\"EntryPoint\",\"urlTemplate\":\"https:\\\/\\\/www.infodictat.fr\\\/blog\\\/?s={search_term_string}\"},\"query-input\":{\"@type\":\"PropertyValueSpecification\",\"valueRequired\":true,\"valueName\":\"search_term_string\"}}],\"inLanguage\":\"fr-FR\"},{\"@type\":\"Organization\",\"@id\":\"https:\\\/\\\/www.infodictat.fr\\\/blog\\\/#organization\",\"name\":\"infodictat\",\"url\":\"https:\\\/\\\/www.infodictat.fr\\\/blog\\\/\",\"logo\":{\"@type\":\"ImageObject\",\"inLanguage\":\"fr-FR\",\"@id\":\"https:\\\/\\\/www.infodictat.fr\\\/blog\\\/#\\\/schema\\\/logo\\\/image\\\/\",\"url\":\"https:\\\/\\\/www.infodictat.fr\\\/blog\\\/wp-content\\\/uploads\\\/2023\\\/05\\\/logo-2.png\",\"contentUrl\":\"https:\\\/\\\/www.infodictat.fr\\\/blog\\\/wp-content\\\/uploads\\\/2023\\\/05\\\/logo-2.png\",\"width\":480,\"height\":596,\"caption\":\"infodictat\"},\"image\":{\"@id\":\"https:\\\/\\\/www.infodictat.fr\\\/blog\\\/#\\\/schema\\\/logo\\\/image\\\/\"}},{\"@type\":\"Person\",\"@id\":\"https:\\\/\\\/www.infodictat.fr\\\/blog\\\/#\\\/schema\\\/person\\\/6c2c8af0941702348e8eca9144cc1267\",\"name\":\"Oscar BETHMONT\",\"image\":{\"@type\":\"ImageObject\",\"inLanguage\":\"fr-FR\",\"@id\":\"https:\\\/\\\/secure.gravatar.com\\\/avatar\\\/f80ff32d67d40b919e8be190b7325be3c6cb33ce305ac1d45cadad29128e831e?s=96&d=mm&r=g\",\"url\":\"https:\\\/\\\/secure.gravatar.com\\\/avatar\\\/f80ff32d67d40b919e8be190b7325be3c6cb33ce305ac1d45cadad29128e831e?s=96&d=mm&r=g\",\"contentUrl\":\"https:\\\/\\\/secure.gravatar.com\\\/avatar\\\/f80ff32d67d40b919e8be190b7325be3c6cb33ce305ac1d45cadad29128e831e?s=96&d=mm&r=g\",\"caption\":\"Oscar BETHMONT\"},\"url\":\"https:\\\/\\\/www.infodictat.fr\\\/blog\\\/author\\\/tatoscar\\\/\"}]}<\/script>\n<!-- \/ Yoast SEO plugin. -->","yoast_head_json":{"title":"Infos fran\u00e7aises: le d\u00e9ontologue de l\u2019Assembl\u00e9e nationale est saisi #France - INFODICTAT","robots":{"index":"index","follow":"follow","max-snippet":"max-snippet:-1","max-image-preview":"max-image-preview:large","max-video-preview":"max-video-preview:-1"},"canonical":"https:\/\/www.infodictat.fr\/blog\/infos-francaises-le-deontologue-de-lassemblee-nationale-est-saisi-france\/","og_locale":"fr_FR","og_type":"article","og_title":"Infos fran\u00e7aises: le d\u00e9ontologue de l\u2019Assembl\u00e9e nationale est saisi #France - INFODICTAT","og_description":"le d\u00e9ontologue de l\u2019Assembl\u00e9e nationale est saisi diffus\u00e9 par Le Point \u2013 Politique le Voici le plus m\u00e9morable d\u2019un dossier que je viens de d\u00e9couvrir sur le web. Le th\u00e8me va carr\u00e9ment vous int\u00e9resser. Car la th\u00e9matique est \u00ab\u00a0Actualit\u00e9 fran\u00e7aise\u00a0\u00bb. Diffus\u00e9 sur Le Point \u2013 Politique, l\u2019article suivant Signature . Date et heure de la ... Lire la suite","og_url":"https:\/\/www.infodictat.fr\/blog\/infos-francaises-le-deontologue-de-lassemblee-nationale-est-saisi-france\/","og_site_name":"INFODICTAT","article_published_time":"2024-11-16T10:17:00+00:00","og_image":[{"url":"https:\/\/www.infodictat.fr\/blog\/wp-content\/uploads\/2024\/11\/Actualites-France-le-deontologue-de-lAssemblee-nationale-est-saisi-France.jpg","type":"","width":"","height":""}],"author":"Oscar BETHMONT","twitter_card":"summary_large_image","twitter_misc":{"\u00c9crit par":"Oscar BETHMONT","Dur\u00e9e de lecture estim\u00e9e":"4 minutes"},"schema":{"@context":"https:\/\/schema.org","@graph":[{"@type":"Article","@id":"https:\/\/www.infodictat.fr\/blog\/infos-francaises-le-deontologue-de-lassemblee-nationale-est-saisi-france\/#article","isPartOf":{"@id":"https:\/\/www.infodictat.fr\/blog\/infos-francaises-le-deontologue-de-lassemblee-nationale-est-saisi-france\/"},"author":{"name":"Oscar BETHMONT","@id":"https:\/\/www.infodictat.fr\/blog\/#\/schema\/person\/6c2c8af0941702348e8eca9144cc1267"},"headline":"Infos fran\u00e7aises: le d\u00e9ontologue de l\u2019Assembl\u00e9e nationale est saisi #France","datePublished":"2024-11-16T10:17:00+00:00","mainEntityOfPage":{"@id":"https:\/\/www.infodictat.fr\/blog\/infos-francaises-le-deontologue-de-lassemblee-nationale-est-saisi-france\/"},"wordCount":841,"publisher":{"@id":"https:\/\/www.infodictat.fr\/blog\/#organization"},"image":{"@id":"https:\/\/www.infodictat.fr\/blog\/infos-francaises-le-deontologue-de-lassemblee-nationale-est-saisi-france\/#primaryimage"},"thumbnailUrl":"https:\/\/www.infodictat.fr\/blog\/wp-content\/uploads\/2024\/11\/Actualites-France-le-deontologue-de-lAssemblee-nationale-est-saisi-France.jpg","articleSection":["La Dictature Num\u00e9rique:"],"inLanguage":"fr-FR"},{"@type":"WebPage","@id":"https:\/\/www.infodictat.fr\/blog\/infos-francaises-le-deontologue-de-lassemblee-nationale-est-saisi-france\/","url":"https:\/\/www.infodictat.fr\/blog\/infos-francaises-le-deontologue-de-lassemblee-nationale-est-saisi-france\/","name":"Infos fran\u00e7aises: le d\u00e9ontologue de l\u2019Assembl\u00e9e nationale est saisi #France - INFODICTAT","isPartOf":{"@id":"https:\/\/www.infodictat.fr\/blog\/#website"},"primaryImageOfPage":{"@id":"https:\/\/www.infodictat.fr\/blog\/infos-francaises-le-deontologue-de-lassemblee-nationale-est-saisi-france\/#primaryimage"},"image":{"@id":"https:\/\/www.infodictat.fr\/blog\/infos-francaises-le-deontologue-de-lassemblee-nationale-est-saisi-france\/#primaryimage"},"thumbnailUrl":"https:\/\/www.infodictat.fr\/blog\/wp-content\/uploads\/2024\/11\/Actualites-France-le-deontologue-de-lAssemblee-nationale-est-saisi-France.jpg","datePublished":"2024-11-16T10:17:00+00:00","breadcrumb":{"@id":"https:\/\/www.infodictat.fr\/blog\/infos-francaises-le-deontologue-de-lassemblee-nationale-est-saisi-france\/#breadcrumb"},"inLanguage":"fr-FR","potentialAction":[{"@type":"ReadAction","target":["https:\/\/www.infodictat.fr\/blog\/infos-francaises-le-deontologue-de-lassemblee-nationale-est-saisi-france\/"]}]},{"@type":"ImageObject","inLanguage":"fr-FR","@id":"https:\/\/www.infodictat.fr\/blog\/infos-francaises-le-deontologue-de-lassemblee-nationale-est-saisi-france\/#primaryimage","url":"https:\/\/www.infodictat.fr\/blog\/wp-content\/uploads\/2024\/11\/Actualites-France-le-deontologue-de-lAssemblee-nationale-est-saisi-France.jpg","contentUrl":"https:\/\/www.infodictat.fr\/blog\/wp-content\/uploads\/2024\/11\/Actualites-France-le-deontologue-de-lAssemblee-nationale-est-saisi-France.jpg","width":1440,"height":960},{"@type":"BreadcrumbList","@id":"https:\/\/www.infodictat.fr\/blog\/infos-francaises-le-deontologue-de-lassemblee-nationale-est-saisi-france\/#breadcrumb","itemListElement":[{"@type":"ListItem","position":1,"name":"Accueil","item":"https:\/\/www.infodictat.fr\/blog\/"},{"@type":"ListItem","position":2,"name":"Infos fran\u00e7aises: le d\u00e9ontologue de l\u2019Assembl\u00e9e nationale est saisi #France"}]},{"@type":"WebSite","@id":"https:\/\/www.infodictat.fr\/blog\/#website","url":"https:\/\/www.infodictat.fr\/blog\/","name":"INFODICTAT","description":"La dictature num\u00e9rique.","publisher":{"@id":"https:\/\/www.infodictat.fr\/blog\/#organization"},"potentialAction":[{"@type":"SearchAction","target":{"@type":"EntryPoint","urlTemplate":"https:\/\/www.infodictat.fr\/blog\/?s={search_term_string}"},"query-input":{"@type":"PropertyValueSpecification","valueRequired":true,"valueName":"search_term_string"}}],"inLanguage":"fr-FR"},{"@type":"Organization","@id":"https:\/\/www.infodictat.fr\/blog\/#organization","name":"infodictat","url":"https:\/\/www.infodictat.fr\/blog\/","logo":{"@type":"ImageObject","inLanguage":"fr-FR","@id":"https:\/\/www.infodictat.fr\/blog\/#\/schema\/logo\/image\/","url":"https:\/\/www.infodictat.fr\/blog\/wp-content\/uploads\/2023\/05\/logo-2.png","contentUrl":"https:\/\/www.infodictat.fr\/blog\/wp-content\/uploads\/2023\/05\/logo-2.png","width":480,"height":596,"caption":"infodictat"},"image":{"@id":"https:\/\/www.infodictat.fr\/blog\/#\/schema\/logo\/image\/"}},{"@type":"Person","@id":"https:\/\/www.infodictat.fr\/blog\/#\/schema\/person\/6c2c8af0941702348e8eca9144cc1267","name":"Oscar BETHMONT","image":{"@type":"ImageObject","inLanguage":"fr-FR","@id":"https:\/\/secure.gravatar.com\/avatar\/f80ff32d67d40b919e8be190b7325be3c6cb33ce305ac1d45cadad29128e831e?s=96&d=mm&r=g","url":"https:\/\/secure.gravatar.com\/avatar\/f80ff32d67d40b919e8be190b7325be3c6cb33ce305ac1d45cadad29128e831e?s=96&d=mm&r=g","contentUrl":"https:\/\/secure.gravatar.com\/avatar\/f80ff32d67d40b919e8be190b7325be3c6cb33ce305ac1d45cadad29128e831e?s=96&d=mm&r=g","caption":"Oscar BETHMONT"},"url":"https:\/\/www.infodictat.fr\/blog\/author\/tatoscar\/"}]}},"_links":{"self":[{"href":"https:\/\/www.infodictat.fr\/blog\/wp-json\/wp\/v2\/posts\/882","targetHints":{"allow":["GET"]}}],"collection":[{"href":"https:\/\/www.infodictat.fr\/blog\/wp-json\/wp\/v2\/posts"}],"about":[{"href":"https:\/\/www.infodictat.fr\/blog\/wp-json\/wp\/v2\/types\/post"}],"author":[{"embeddable":true,"href":"https:\/\/www.infodictat.fr\/blog\/wp-json\/wp\/v2\/users\/2"}],"replies":[{"embeddable":true,"href":"https:\/\/www.infodictat.fr\/blog\/wp-json\/wp\/v2\/comments?post=882"}],"version-history":[{"count":0,"href":"https:\/\/www.infodictat.fr\/blog\/wp-json\/wp\/v2\/posts\/882\/revisions"}],"wp:featuredmedia":[{"embeddable":true,"href":"https:\/\/www.infodictat.fr\/blog\/wp-json\/wp\/v2\/media\/883"}],"wp:attachment":[{"href":"https:\/\/www.infodictat.fr\/blog\/wp-json\/wp\/v2\/media?parent=882"}],"wp:term":[{"taxonomy":"category","embeddable":true,"href":"https:\/\/www.infodictat.fr\/blog\/wp-json\/wp\/v2\/categories?post=882"},{"taxonomy":"post_tag","embeddable":true,"href":"https:\/\/www.infodictat.fr\/blog\/wp-json\/wp\/v2\/tags?post=882"}],"curies":[{"name":"wp","href":"https:\/\/api.w.org\/{rel}","templated":true}]}}