{"id":88,"date":"2023-06-02T09:55:26","date_gmt":"2023-06-02T07:55:26","guid":{"rendered":"https:\/\/www.infodictat.fr\/blog\/actu-france-quand-le-rn-marque-contre-son-camp-france\/"},"modified":"2023-06-02T09:55:26","modified_gmt":"2023-06-02T07:55:26","slug":"actu-france-quand-le-rn-marque-contre-son-camp-france","status":"publish","type":"post","link":"https:\/\/www.infodictat.fr\/blog\/actu-france-quand-le-rn-marque-contre-son-camp-france\/","title":{"rendered":"Actu France: quand le RN marque contre son camp #France"},"content":{"rendered":"<div><img width=\"580\" height=\"387\" src=\"https:\/\/www.infodictat.fr\/blog\/wp-content\/uploads\/2023\/06\/Actualites-nationale-les-salaries-du-siege-parisien-appeles-a-la.jpg\" class=\"attachment-large size-large wp-post-image\" alt=\"Actualites-nationale-les-salaries-du-siege-parisien-appeles-a-la\" decoding=\"async\" loading=\"lazy\" style=\"float:left; margin:0 15px 15px 0;\" srcset=\"https:\/\/www.infodictat.fr\/blog\/wp-content\/uploads\/2023\/06\/Actualites-nationale-les-salaries-du-siege-parisien-appeles-a-la.jpg 780w, https:\/\/www.site.cdcl.xyz\/wp-content\/uploads\/2022\/09\/Actualites-nationale-les-salaries-du-siege-parisien-appeles-a-la-300x200.jpg 300w, https:\/\/www.site.cdcl.xyz\/wp-content\/uploads\/2022\/09\/Actualites-nationale-les-salaries-du-siege-parisien-appeles-a-la-768x512.jpg 768w\" sizes=\"auto, (max-width: 580px) 100vw, 580px\"><\/p>\n<p>Un fois de plus, ce blog va porter \u00e0 votre connaissance un encart assez complet qui se propage sur le web. La th\u00e9matique est \u00abActualit\u00e9 fran\u00e7aise\u00bb.<\/p>\n<p>Sachez que le journaliste (pr\u00e9sent\u00e9 sous le nom  ) est connu et fiable pour plusieurs autres posts qu\u2019il a publi\u00e9s sur le web.<\/p>\n<p>La date de publication est 2023-06-02 06:56:00.<\/p>\n<p>Voil\u00e0 ll\u2019article en question : <\/p>\n<p>A lire sur le m\u00eame objet:<\/p>\n<p>C\u00f4te d\u2019Ivoire : 11 avril 2011: La coup d\u2019Etat de trop de la France et Afrique.,<a href=\"https:\/\/www.kobo.com\/fr\/fr\/ebook\/cote-d-ivoire-11-avril-2011-la-coup-d-etat-de-trop-de-la-france-et-afrique\" target=\"_blank\" rel=\"noopener noreferrer nofollow\">Infos sur l\u2019ouvrage<\/a><span><\/span>.<\/p>\n<p>Photographie\/Personnalit\u00e9s\/B\/Laurent Baheux.,<a href=\"https:\/\/fr.wikibooks.org\/wiki\/Photographie\/Personnalit%C3%A9s\/B\/Laurent_Baheux\" target=\"_blank\" rel=\"noopener noreferrer nofollow\">Lien sur la fiche de librairie<\/a><span><\/span>.<\/p>\n<p>Wikijunior.,<a href=\"https:\/\/fr.wikibooks.org\/wiki\/Wikijunior\" target=\"_blank\" rel=\"noopener noreferrer nofollow\">Infos sur l\u2019ouvrage<\/a><span><\/span>.<\/p>\n<\/div>\n<p><img decoding=\"async\" class=\"wpe_imgrss\" src=\"https:\/\/www.infodictat.fr\/blog\/wp-content\/uploads\/2023\/06\/Actualites-nationale-les-salaries-du-siege-parisien-appeles-a-la.jpg\">Vous pouvez lire ce post traitant le sujet \u00ab\u00a0La dictature num\u00e9rique\u00a0\u00bb. Il est produit par la r\u00e9daction de infodictat.fr. Le site infodictat.fr a pour objectif de publier plusieurs articles autour du sujet La dictature num\u00e9rique d\u00e9velopp\u00e9es sur le web. Cette chronique se veut g\u00e9n\u00e9r\u00e9e de la fa\u00e7on la plus juste qui soit. Pour \u00e9mettre des remarques sur ce dossier autour du sujet \u00ab\u00a0La dictature num\u00e9rique\u00a0\u00bb prenez les contacts indiqu\u00e9s sur notre site internet. En consultant r\u00e9guli\u00e8rement nos contenus de blog vous serez au courant des futures parutions.<\/p>\n","protected":false},"excerpt":{"rendered":"<p>Un fois de plus, ce blog va porter \u00e0 votre connaissance un encart assez complet qui se propage sur le web. La th\u00e9matique est \u00abActualit\u00e9 fran\u00e7aise\u00bb. Sachez que le journaliste (pr\u00e9sent\u00e9 sous le nom ) est connu et fiable pour plusieurs autres posts qu\u2019il a publi\u00e9s sur le web. La date de publication est 2023-06-02 &#8230; <a title=\"Actu France: quand le RN marque contre son camp #France\" class=\"read-more\" href=\"https:\/\/www.infodictat.fr\/blog\/actu-france-quand-le-rn-marque-contre-son-camp-france\/\" aria-label=\"En savoir plus sur Actu France: quand le RN marque contre son camp #France\">Lire la suite<\/a><\/p>\n","protected":false},"author":2,"featured_media":89,"comment_status":"closed","ping_status":"closed","sticky":false,"template":"","format":"standard","meta":{"footnotes":""},"categories":[2],"tags":[],"class_list":["post-88","post","type-post","status-publish","format-standard","has-post-thumbnail","hentry","category-la-dictature-numerique"],"yoast_head":"<!-- This site is optimized with the Yoast SEO plugin v27.5 - https:\/\/yoast.com\/product\/yoast-seo-wordpress\/ -->\n<title>Actu France: quand le RN marque contre son camp #France - INFODICTAT<\/title>\n<meta name=\"robots\" content=\"index, follow, max-snippet:-1, max-image-preview:large, max-video-preview:-1\" \/>\n<link rel=\"canonical\" href=\"https:\/\/www.infodictat.fr\/blog\/actu-france-quand-le-rn-marque-contre-son-camp-france\/\" \/>\n<meta property=\"og:locale\" content=\"fr_FR\" \/>\n<meta property=\"og:type\" content=\"article\" \/>\n<meta property=\"og:title\" content=\"Actu France: quand le RN marque contre son camp #France - INFODICTAT\" \/>\n<meta property=\"og:description\" content=\"Un fois de plus, ce blog va porter \u00e0 votre connaissance un encart assez complet qui se propage sur le web. La th\u00e9matique est \u00abActualit\u00e9 fran\u00e7aise\u00bb. Sachez que le journaliste (pr\u00e9sent\u00e9 sous le nom ) est connu et fiable pour plusieurs autres posts qu\u2019il a publi\u00e9s sur le web. La date de publication est 2023-06-02 ... Lire la suite\" \/>\n<meta property=\"og:url\" content=\"https:\/\/www.infodictat.fr\/blog\/actu-france-quand-le-rn-marque-contre-son-camp-france\/\" \/>\n<meta property=\"og:site_name\" content=\"INFODICTAT\" \/>\n<meta property=\"article:published_time\" content=\"2023-06-02T07:55:26+00:00\" \/>\n<meta property=\"og:image\" content=\"https:\/\/www.infodictat.fr\/blog\/wp-content\/uploads\/2023\/06\/Actualites-nationale-les-salaries-du-siege-parisien-appeles-a-la.jpg\" \/>\n<meta name=\"author\" content=\"Oscar BETHMONT\" \/>\n<meta name=\"twitter:card\" content=\"summary_large_image\" \/>\n<meta name=\"twitter:label1\" content=\"\u00c9crit par\" \/>\n\t<meta name=\"twitter:data1\" content=\"Oscar BETHMONT\" \/>\n\t<meta name=\"twitter:label2\" content=\"Dur\u00e9e de lecture estim\u00e9e\" \/>\n\t<meta name=\"twitter:data2\" content=\"1 minute\" \/>\n<script type=\"application\/ld+json\" class=\"yoast-schema-graph\">{\"@context\":\"https:\\\/\\\/schema.org\",\"@graph\":[{\"@type\":\"Article\",\"@id\":\"https:\\\/\\\/www.infodictat.fr\\\/blog\\\/actu-france-quand-le-rn-marque-contre-son-camp-france\\\/#article\",\"isPartOf\":{\"@id\":\"https:\\\/\\\/www.infodictat.fr\\\/blog\\\/actu-france-quand-le-rn-marque-contre-son-camp-france\\\/\"},\"author\":{\"name\":\"Oscar BETHMONT\",\"@id\":\"https:\\\/\\\/www.infodictat.fr\\\/blog\\\/#\\\/schema\\\/person\\\/6c2c8af0941702348e8eca9144cc1267\"},\"headline\":\"Actu France: quand le RN marque contre son camp #France\",\"datePublished\":\"2023-06-02T07:55:26+00:00\",\"mainEntityOfPage\":{\"@id\":\"https:\\\/\\\/www.infodictat.fr\\\/blog\\\/actu-france-quand-le-rn-marque-contre-son-camp-france\\\/\"},\"wordCount\":220,\"publisher\":{\"@id\":\"https:\\\/\\\/www.infodictat.fr\\\/blog\\\/#organization\"},\"image\":{\"@id\":\"https:\\\/\\\/www.infodictat.fr\\\/blog\\\/actu-france-quand-le-rn-marque-contre-son-camp-france\\\/#primaryimage\"},\"thumbnailUrl\":\"https:\\\/\\\/www.infodictat.fr\\\/blog\\\/wp-content\\\/uploads\\\/2023\\\/06\\\/Actualites-nationale-les-salaries-du-siege-parisien-appeles-a-la.jpg\",\"articleSection\":[\"La Dictature Num\u00e9rique:\"],\"inLanguage\":\"fr-FR\"},{\"@type\":\"WebPage\",\"@id\":\"https:\\\/\\\/www.infodictat.fr\\\/blog\\\/actu-france-quand-le-rn-marque-contre-son-camp-france\\\/\",\"url\":\"https:\\\/\\\/www.infodictat.fr\\\/blog\\\/actu-france-quand-le-rn-marque-contre-son-camp-france\\\/\",\"name\":\"Actu France: quand le RN marque contre son camp #France - INFODICTAT\",\"isPartOf\":{\"@id\":\"https:\\\/\\\/www.infodictat.fr\\\/blog\\\/#website\"},\"primaryImageOfPage\":{\"@id\":\"https:\\\/\\\/www.infodictat.fr\\\/blog\\\/actu-france-quand-le-rn-marque-contre-son-camp-france\\\/#primaryimage\"},\"image\":{\"@id\":\"https:\\\/\\\/www.infodictat.fr\\\/blog\\\/actu-france-quand-le-rn-marque-contre-son-camp-france\\\/#primaryimage\"},\"thumbnailUrl\":\"https:\\\/\\\/www.infodictat.fr\\\/blog\\\/wp-content\\\/uploads\\\/2023\\\/06\\\/Actualites-nationale-les-salaries-du-siege-parisien-appeles-a-la.jpg\",\"datePublished\":\"2023-06-02T07:55:26+00:00\",\"breadcrumb\":{\"@id\":\"https:\\\/\\\/www.infodictat.fr\\\/blog\\\/actu-france-quand-le-rn-marque-contre-son-camp-france\\\/#breadcrumb\"},\"inLanguage\":\"fr-FR\",\"potentialAction\":[{\"@type\":\"ReadAction\",\"target\":[\"https:\\\/\\\/www.infodictat.fr\\\/blog\\\/actu-france-quand-le-rn-marque-contre-son-camp-france\\\/\"]}]},{\"@type\":\"ImageObject\",\"inLanguage\":\"fr-FR\",\"@id\":\"https:\\\/\\\/www.infodictat.fr\\\/blog\\\/actu-france-quand-le-rn-marque-contre-son-camp-france\\\/#primaryimage\",\"url\":\"https:\\\/\\\/www.infodictat.fr\\\/blog\\\/wp-content\\\/uploads\\\/2023\\\/06\\\/Actualites-nationale-les-salaries-du-siege-parisien-appeles-a-la.jpg\",\"contentUrl\":\"https:\\\/\\\/www.infodictat.fr\\\/blog\\\/wp-content\\\/uploads\\\/2023\\\/06\\\/Actualites-nationale-les-salaries-du-siege-parisien-appeles-a-la.jpg\",\"width\":780,\"height\":520},{\"@type\":\"BreadcrumbList\",\"@id\":\"https:\\\/\\\/www.infodictat.fr\\\/blog\\\/actu-france-quand-le-rn-marque-contre-son-camp-france\\\/#breadcrumb\",\"itemListElement\":[{\"@type\":\"ListItem\",\"position\":1,\"name\":\"Accueil\",\"item\":\"https:\\\/\\\/www.infodictat.fr\\\/blog\\\/\"},{\"@type\":\"ListItem\",\"position\":2,\"name\":\"Actu France: quand le RN marque contre son camp #France\"}]},{\"@type\":\"WebSite\",\"@id\":\"https:\\\/\\\/www.infodictat.fr\\\/blog\\\/#website\",\"url\":\"https:\\\/\\\/www.infodictat.fr\\\/blog\\\/\",\"name\":\"INFODICTAT\",\"description\":\"La dictature num\u00e9rique.\",\"publisher\":{\"@id\":\"https:\\\/\\\/www.infodictat.fr\\\/blog\\\/#organization\"},\"potentialAction\":[{\"@type\":\"SearchAction\",\"target\":{\"@type\":\"EntryPoint\",\"urlTemplate\":\"https:\\\/\\\/www.infodictat.fr\\\/blog\\\/?s={search_term_string}\"},\"query-input\":{\"@type\":\"PropertyValueSpecification\",\"valueRequired\":true,\"valueName\":\"search_term_string\"}}],\"inLanguage\":\"fr-FR\"},{\"@type\":\"Organization\",\"@id\":\"https:\\\/\\\/www.infodictat.fr\\\/blog\\\/#organization\",\"name\":\"infodictat\",\"url\":\"https:\\\/\\\/www.infodictat.fr\\\/blog\\\/\",\"logo\":{\"@type\":\"ImageObject\",\"inLanguage\":\"fr-FR\",\"@id\":\"https:\\\/\\\/www.infodictat.fr\\\/blog\\\/#\\\/schema\\\/logo\\\/image\\\/\",\"url\":\"https:\\\/\\\/www.infodictat.fr\\\/blog\\\/wp-content\\\/uploads\\\/2023\\\/05\\\/logo-2.png\",\"contentUrl\":\"https:\\\/\\\/www.infodictat.fr\\\/blog\\\/wp-content\\\/uploads\\\/2023\\\/05\\\/logo-2.png\",\"width\":480,\"height\":596,\"caption\":\"infodictat\"},\"image\":{\"@id\":\"https:\\\/\\\/www.infodictat.fr\\\/blog\\\/#\\\/schema\\\/logo\\\/image\\\/\"}},{\"@type\":\"Person\",\"@id\":\"https:\\\/\\\/www.infodictat.fr\\\/blog\\\/#\\\/schema\\\/person\\\/6c2c8af0941702348e8eca9144cc1267\",\"name\":\"Oscar BETHMONT\",\"image\":{\"@type\":\"ImageObject\",\"inLanguage\":\"fr-FR\",\"@id\":\"https:\\\/\\\/secure.gravatar.com\\\/avatar\\\/f80ff32d67d40b919e8be190b7325be3c6cb33ce305ac1d45cadad29128e831e?s=96&d=mm&r=g\",\"url\":\"https:\\\/\\\/secure.gravatar.com\\\/avatar\\\/f80ff32d67d40b919e8be190b7325be3c6cb33ce305ac1d45cadad29128e831e?s=96&d=mm&r=g\",\"contentUrl\":\"https:\\\/\\\/secure.gravatar.com\\\/avatar\\\/f80ff32d67d40b919e8be190b7325be3c6cb33ce305ac1d45cadad29128e831e?s=96&d=mm&r=g\",\"caption\":\"Oscar BETHMONT\"},\"url\":\"https:\\\/\\\/www.infodictat.fr\\\/blog\\\/author\\\/tatoscar\\\/\"}]}<\/script>\n<!-- \/ Yoast SEO plugin. -->","yoast_head_json":{"title":"Actu France: quand le RN marque contre son camp #France - INFODICTAT","robots":{"index":"index","follow":"follow","max-snippet":"max-snippet:-1","max-image-preview":"max-image-preview:large","max-video-preview":"max-video-preview:-1"},"canonical":"https:\/\/www.infodictat.fr\/blog\/actu-france-quand-le-rn-marque-contre-son-camp-france\/","og_locale":"fr_FR","og_type":"article","og_title":"Actu France: quand le RN marque contre son camp #France - INFODICTAT","og_description":"Un fois de plus, ce blog va porter \u00e0 votre connaissance un encart assez complet qui se propage sur le web. La th\u00e9matique est \u00abActualit\u00e9 fran\u00e7aise\u00bb. Sachez que le journaliste (pr\u00e9sent\u00e9 sous le nom ) est connu et fiable pour plusieurs autres posts qu\u2019il a publi\u00e9s sur le web. La date de publication est 2023-06-02 ... Lire la suite","og_url":"https:\/\/www.infodictat.fr\/blog\/actu-france-quand-le-rn-marque-contre-son-camp-france\/","og_site_name":"INFODICTAT","article_published_time":"2023-06-02T07:55:26+00:00","og_image":[{"url":"https:\/\/www.infodictat.fr\/blog\/wp-content\/uploads\/2023\/06\/Actualites-nationale-les-salaries-du-siege-parisien-appeles-a-la.jpg","type":"","width":"","height":""}],"author":"Oscar BETHMONT","twitter_card":"summary_large_image","twitter_misc":{"\u00c9crit par":"Oscar BETHMONT","Dur\u00e9e de lecture estim\u00e9e":"1 minute"},"schema":{"@context":"https:\/\/schema.org","@graph":[{"@type":"Article","@id":"https:\/\/www.infodictat.fr\/blog\/actu-france-quand-le-rn-marque-contre-son-camp-france\/#article","isPartOf":{"@id":"https:\/\/www.infodictat.fr\/blog\/actu-france-quand-le-rn-marque-contre-son-camp-france\/"},"author":{"name":"Oscar BETHMONT","@id":"https:\/\/www.infodictat.fr\/blog\/#\/schema\/person\/6c2c8af0941702348e8eca9144cc1267"},"headline":"Actu France: quand le RN marque contre son camp #France","datePublished":"2023-06-02T07:55:26+00:00","mainEntityOfPage":{"@id":"https:\/\/www.infodictat.fr\/blog\/actu-france-quand-le-rn-marque-contre-son-camp-france\/"},"wordCount":220,"publisher":{"@id":"https:\/\/www.infodictat.fr\/blog\/#organization"},"image":{"@id":"https:\/\/www.infodictat.fr\/blog\/actu-france-quand-le-rn-marque-contre-son-camp-france\/#primaryimage"},"thumbnailUrl":"https:\/\/www.infodictat.fr\/blog\/wp-content\/uploads\/2023\/06\/Actualites-nationale-les-salaries-du-siege-parisien-appeles-a-la.jpg","articleSection":["La Dictature Num\u00e9rique:"],"inLanguage":"fr-FR"},{"@type":"WebPage","@id":"https:\/\/www.infodictat.fr\/blog\/actu-france-quand-le-rn-marque-contre-son-camp-france\/","url":"https:\/\/www.infodictat.fr\/blog\/actu-france-quand-le-rn-marque-contre-son-camp-france\/","name":"Actu France: quand le RN marque contre son camp #France - INFODICTAT","isPartOf":{"@id":"https:\/\/www.infodictat.fr\/blog\/#website"},"primaryImageOfPage":{"@id":"https:\/\/www.infodictat.fr\/blog\/actu-france-quand-le-rn-marque-contre-son-camp-france\/#primaryimage"},"image":{"@id":"https:\/\/www.infodictat.fr\/blog\/actu-france-quand-le-rn-marque-contre-son-camp-france\/#primaryimage"},"thumbnailUrl":"https:\/\/www.infodictat.fr\/blog\/wp-content\/uploads\/2023\/06\/Actualites-nationale-les-salaries-du-siege-parisien-appeles-a-la.jpg","datePublished":"2023-06-02T07:55:26+00:00","breadcrumb":{"@id":"https:\/\/www.infodictat.fr\/blog\/actu-france-quand-le-rn-marque-contre-son-camp-france\/#breadcrumb"},"inLanguage":"fr-FR","potentialAction":[{"@type":"ReadAction","target":["https:\/\/www.infodictat.fr\/blog\/actu-france-quand-le-rn-marque-contre-son-camp-france\/"]}]},{"@type":"ImageObject","inLanguage":"fr-FR","@id":"https:\/\/www.infodictat.fr\/blog\/actu-france-quand-le-rn-marque-contre-son-camp-france\/#primaryimage","url":"https:\/\/www.infodictat.fr\/blog\/wp-content\/uploads\/2023\/06\/Actualites-nationale-les-salaries-du-siege-parisien-appeles-a-la.jpg","contentUrl":"https:\/\/www.infodictat.fr\/blog\/wp-content\/uploads\/2023\/06\/Actualites-nationale-les-salaries-du-siege-parisien-appeles-a-la.jpg","width":780,"height":520},{"@type":"BreadcrumbList","@id":"https:\/\/www.infodictat.fr\/blog\/actu-france-quand-le-rn-marque-contre-son-camp-france\/#breadcrumb","itemListElement":[{"@type":"ListItem","position":1,"name":"Accueil","item":"https:\/\/www.infodictat.fr\/blog\/"},{"@type":"ListItem","position":2,"name":"Actu France: quand le RN marque contre son camp #France"}]},{"@type":"WebSite","@id":"https:\/\/www.infodictat.fr\/blog\/#website","url":"https:\/\/www.infodictat.fr\/blog\/","name":"INFODICTAT","description":"La dictature num\u00e9rique.","publisher":{"@id":"https:\/\/www.infodictat.fr\/blog\/#organization"},"potentialAction":[{"@type":"SearchAction","target":{"@type":"EntryPoint","urlTemplate":"https:\/\/www.infodictat.fr\/blog\/?s={search_term_string}"},"query-input":{"@type":"PropertyValueSpecification","valueRequired":true,"valueName":"search_term_string"}}],"inLanguage":"fr-FR"},{"@type":"Organization","@id":"https:\/\/www.infodictat.fr\/blog\/#organization","name":"infodictat","url":"https:\/\/www.infodictat.fr\/blog\/","logo":{"@type":"ImageObject","inLanguage":"fr-FR","@id":"https:\/\/www.infodictat.fr\/blog\/#\/schema\/logo\/image\/","url":"https:\/\/www.infodictat.fr\/blog\/wp-content\/uploads\/2023\/05\/logo-2.png","contentUrl":"https:\/\/www.infodictat.fr\/blog\/wp-content\/uploads\/2023\/05\/logo-2.png","width":480,"height":596,"caption":"infodictat"},"image":{"@id":"https:\/\/www.infodictat.fr\/blog\/#\/schema\/logo\/image\/"}},{"@type":"Person","@id":"https:\/\/www.infodictat.fr\/blog\/#\/schema\/person\/6c2c8af0941702348e8eca9144cc1267","name":"Oscar BETHMONT","image":{"@type":"ImageObject","inLanguage":"fr-FR","@id":"https:\/\/secure.gravatar.com\/avatar\/f80ff32d67d40b919e8be190b7325be3c6cb33ce305ac1d45cadad29128e831e?s=96&d=mm&r=g","url":"https:\/\/secure.gravatar.com\/avatar\/f80ff32d67d40b919e8be190b7325be3c6cb33ce305ac1d45cadad29128e831e?s=96&d=mm&r=g","contentUrl":"https:\/\/secure.gravatar.com\/avatar\/f80ff32d67d40b919e8be190b7325be3c6cb33ce305ac1d45cadad29128e831e?s=96&d=mm&r=g","caption":"Oscar BETHMONT"},"url":"https:\/\/www.infodictat.fr\/blog\/author\/tatoscar\/"}]}},"_links":{"self":[{"href":"https:\/\/www.infodictat.fr\/blog\/wp-json\/wp\/v2\/posts\/88","targetHints":{"allow":["GET"]}}],"collection":[{"href":"https:\/\/www.infodictat.fr\/blog\/wp-json\/wp\/v2\/posts"}],"about":[{"href":"https:\/\/www.infodictat.fr\/blog\/wp-json\/wp\/v2\/types\/post"}],"author":[{"embeddable":true,"href":"https:\/\/www.infodictat.fr\/blog\/wp-json\/wp\/v2\/users\/2"}],"replies":[{"embeddable":true,"href":"https:\/\/www.infodictat.fr\/blog\/wp-json\/wp\/v2\/comments?post=88"}],"version-history":[{"count":0,"href":"https:\/\/www.infodictat.fr\/blog\/wp-json\/wp\/v2\/posts\/88\/revisions"}],"wp:featuredmedia":[{"embeddable":true,"href":"https:\/\/www.infodictat.fr\/blog\/wp-json\/wp\/v2\/media\/89"}],"wp:attachment":[{"href":"https:\/\/www.infodictat.fr\/blog\/wp-json\/wp\/v2\/media?parent=88"}],"wp:term":[{"taxonomy":"category","embeddable":true,"href":"https:\/\/www.infodictat.fr\/blog\/wp-json\/wp\/v2\/categories?post=88"},{"taxonomy":"post_tag","embeddable":true,"href":"https:\/\/www.infodictat.fr\/blog\/wp-json\/wp\/v2\/tags?post=88"}],"curies":[{"name":"wp","href":"https:\/\/api.w.org\/{rel}","templated":true}]}}