{"id":875,"date":"2024-11-12T15:40:25","date_gmt":"2024-11-12T14:40:25","guid":{"rendered":"https:\/\/www.infodictat.fr\/blog\/informations-francaises-burkina-faso-les-autorites-locales-annoncent-la-fin-du-couvre-feu-dans-la-region-de-lest\/"},"modified":"2024-11-12T15:40:25","modified_gmt":"2024-11-12T14:40:25","slug":"informations-francaises-burkina-faso-les-autorites-locales-annoncent-la-fin-du-couvre-feu-dans-la-region-de-lest","status":"publish","type":"post","link":"https:\/\/www.infodictat.fr\/blog\/informations-francaises-burkina-faso-les-autorites-locales-annoncent-la-fin-du-couvre-feu-dans-la-region-de-lest\/","title":{"rendered":"Informations fran\u00e7aises: Burkina Faso : les autorit\u00e9s locales annoncent la fin du couvre-feu dans la r\u00e9gion de l&rsquo;Est"},"content":{"rendered":"<div><img width=\"580\" height=\"326\" src=\"https:\/\/www.infodictat.fr\/blog\/wp-content\/uploads\/2024\/11\/Informations-francaises-Burkina-Faso-les-autorites-locales-annoncent-la.jpg\" class=\"attachment-large size-large wp-post-image\" alt=\"Informations-francaises-Burkina-Faso-les-autorites-locales-annoncent-la\" style=\"float:left; margin:0 15px 15px 0;\" decoding=\"async\" srcset=\"https:\/\/www.infodictat.fr\/blog\/wp-content\/uploads\/2024\/11\/Informations-francaises-Burkina-Faso-les-autorites-locales-annoncent-la.jpg 1024w, https:\/\/www.site.cdcl.xyz\/wp-content\/uploads\/2024\/11\/Informations-francaises-Burkina-Faso-les-autorites-locales-annoncent-la-300x169.jpg 300w, https:\/\/www.site.cdcl.xyz\/wp-content\/uploads\/2024\/11\/Informations-francaises-Burkina-Faso-les-autorites-locales-annoncent-la-768x432.jpg 768w\" sizes=\"(max-width: 580px) 100vw, 580px\"><\/p>\n<p><img decoding=\"async\" src=\"https:\/\/www.infodictat.fr\/blog\/wp-content\/uploads\/2024\/11\/Infos-france-Burkina-Faso-les-autorites-locales-annoncent-la.jpg\"><br \/>Au Burkina Faso, c&rsquo;est la fin du couvre-feu en vigueur dans l&rsquo;Est. Ce 11 novembre 2024, le gouverneur de cette r\u00e9gion a d\u00e9cid\u00e9 de maintenir cette mesure instaur\u00e9e pour des raisons s\u00e9curitaires. \u00c0 travers le pays et avec la mont\u00e9e des attaques arm\u00e9es et jihadistes, des couvre-feux ont \u00e9t\u00e9 d\u00e9cr\u00e9t\u00e9s dans plusieurs provinces du Faso. Dans la r\u00e9gion de l&rsquo;Est, cela faisait cinq ans que l&rsquo;interdiction de circuler \u00e9tait en vigueur.<\/p>\n<p>Ce sujet vous a fascin\u00e9 vous appr\u00e9cierez aussi ces parutions:<\/p>\n<p>A pied \u2013 D\u00e9couvrir la France le temps d\u2019un week-end.,<a href=\"https:\/\/images.epagine.fr\/670\/9782036024670_1_m.jpg\" target=\"_blank\" rel=\"noopener noreferrer nofollow\">R\u00e9f\u00e9rence de ce livre<\/a><span><\/span>. Disponible sur internet.<\/p>\n<p>La France doit dire non.,<a href=\"https:\/\/www.kobo.com\/fr\/fr\/ebook\/la-france-doit-dire-non\" target=\"_blank\" rel=\"noopener noreferrer nofollow\">L\u2019ouvrage <\/a><span><\/span>.<\/p>\n<p>Portrait de la France (Tome 1).,<a href=\"https:\/\/www.kobo.com\/fr\/fr\/ebook\/portrait-de-la-france-tome-1\" target=\"_blank\" rel=\"noopener noreferrer nofollow\">Redirection vers la fiche de pr\u00e9sentation de cet ouvrage<\/a><span><\/span>.<\/p>\n<\/div>\n<p><img decoding=\"async\" class=\"wpe_imgrss\" src=\"https:\/\/www.infodictat.fr\/blog\/wp-content\/uploads\/2024\/11\/Informations-francaises-Burkina-Faso-les-autorites-locales-annoncent-la.jpg\">Vous pouvez lire ce post traitant le sujet \u00ab\u00a0La dictature num\u00e9rique\u00a0\u00bb. Il est produit par la r\u00e9daction de infodictat.fr. Le site infodictat.fr a pour objectif de publier plusieurs articles autour du sujet La dictature num\u00e9rique d\u00e9velopp\u00e9es sur le web. Cette chronique se veut g\u00e9n\u00e9r\u00e9e de la fa\u00e7on la plus juste qui soit. Pour \u00e9mettre des remarques sur ce dossier autour du sujet \u00ab\u00a0La dictature num\u00e9rique\u00a0\u00bb prenez les contacts indiqu\u00e9s sur notre site internet. En consultant r\u00e9guli\u00e8rement nos contenus de blog vous serez au courant des futures parutions.<\/p>\n","protected":false},"excerpt":{"rendered":"<p>Au Burkina Faso, c&rsquo;est la fin du couvre-feu en vigueur dans l&rsquo;Est. Ce 11 novembre 2024, le gouverneur de cette r\u00e9gion a d\u00e9cid\u00e9 de maintenir cette mesure instaur\u00e9e pour des raisons s\u00e9curitaires. \u00c0 travers le pays et avec la mont\u00e9e des attaques arm\u00e9es et jihadistes, des couvre-feux ont \u00e9t\u00e9 d\u00e9cr\u00e9t\u00e9s dans plusieurs provinces du Faso. &#8230; <a title=\"Informations fran\u00e7aises: Burkina Faso : les autorit\u00e9s locales annoncent la fin du couvre-feu dans la r\u00e9gion de l&rsquo;Est\" class=\"read-more\" href=\"https:\/\/www.infodictat.fr\/blog\/informations-francaises-burkina-faso-les-autorites-locales-annoncent-la-fin-du-couvre-feu-dans-la-region-de-lest\/\" aria-label=\"En savoir plus sur Informations fran\u00e7aises: Burkina Faso : les autorit\u00e9s locales annoncent la fin du couvre-feu dans la r\u00e9gion de l&rsquo;Est\">Lire la suite<\/a><\/p>\n","protected":false},"author":2,"featured_media":876,"comment_status":"closed","ping_status":"closed","sticky":false,"template":"","format":"standard","meta":{"footnotes":""},"categories":[2],"tags":[],"class_list":["post-875","post","type-post","status-publish","format-standard","has-post-thumbnail","hentry","category-la-dictature-numerique"],"yoast_head":"<!-- This site is optimized with the Yoast SEO plugin v27.5 - https:\/\/yoast.com\/product\/yoast-seo-wordpress\/ -->\n<title>Informations fran\u00e7aises: Burkina Faso : les autorit\u00e9s locales annoncent la fin du couvre-feu dans la r\u00e9gion de l&#039;Est - INFODICTAT<\/title>\n<meta name=\"robots\" content=\"index, follow, max-snippet:-1, max-image-preview:large, max-video-preview:-1\" \/>\n<link rel=\"canonical\" href=\"https:\/\/www.infodictat.fr\/blog\/informations-francaises-burkina-faso-les-autorites-locales-annoncent-la-fin-du-couvre-feu-dans-la-region-de-lest\/\" \/>\n<meta property=\"og:locale\" content=\"fr_FR\" \/>\n<meta property=\"og:type\" content=\"article\" \/>\n<meta property=\"og:title\" content=\"Informations fran\u00e7aises: Burkina Faso : les autorit\u00e9s locales annoncent la fin du couvre-feu dans la r\u00e9gion de l&#039;Est - INFODICTAT\" \/>\n<meta property=\"og:description\" content=\"Au Burkina Faso, c&rsquo;est la fin du couvre-feu en vigueur dans l&rsquo;Est. Ce 11 novembre 2024, le gouverneur de cette r\u00e9gion a d\u00e9cid\u00e9 de maintenir cette mesure instaur\u00e9e pour des raisons s\u00e9curitaires. \u00c0 travers le pays et avec la mont\u00e9e des attaques arm\u00e9es et jihadistes, des couvre-feux ont \u00e9t\u00e9 d\u00e9cr\u00e9t\u00e9s dans plusieurs provinces du Faso. ... Lire la suite\" \/>\n<meta property=\"og:url\" content=\"https:\/\/www.infodictat.fr\/blog\/informations-francaises-burkina-faso-les-autorites-locales-annoncent-la-fin-du-couvre-feu-dans-la-region-de-lest\/\" \/>\n<meta property=\"og:site_name\" content=\"INFODICTAT\" \/>\n<meta property=\"article:published_time\" content=\"2024-11-12T14:40:25+00:00\" \/>\n<meta property=\"og:image\" content=\"https:\/\/www.infodictat.fr\/blog\/wp-content\/uploads\/2024\/11\/Informations-francaises-Burkina-Faso-les-autorites-locales-annoncent-la.jpg\" \/>\n<meta name=\"author\" content=\"Oscar BETHMONT\" \/>\n<meta name=\"twitter:card\" content=\"summary_large_image\" \/>\n<meta name=\"twitter:label1\" content=\"\u00c9crit par\" \/>\n\t<meta name=\"twitter:data1\" content=\"Oscar BETHMONT\" \/>\n\t<meta name=\"twitter:label2\" content=\"Dur\u00e9e de lecture estim\u00e9e\" \/>\n\t<meta name=\"twitter:data2\" content=\"1 minute\" \/>\n<script type=\"application\/ld+json\" class=\"yoast-schema-graph\">{\"@context\":\"https:\\\/\\\/schema.org\",\"@graph\":[{\"@type\":\"Article\",\"@id\":\"https:\\\/\\\/www.infodictat.fr\\\/blog\\\/informations-francaises-burkina-faso-les-autorites-locales-annoncent-la-fin-du-couvre-feu-dans-la-region-de-lest\\\/#article\",\"isPartOf\":{\"@id\":\"https:\\\/\\\/www.infodictat.fr\\\/blog\\\/informations-francaises-burkina-faso-les-autorites-locales-annoncent-la-fin-du-couvre-feu-dans-la-region-de-lest\\\/\"},\"author\":{\"name\":\"Oscar BETHMONT\",\"@id\":\"https:\\\/\\\/www.infodictat.fr\\\/blog\\\/#\\\/schema\\\/person\\\/6c2c8af0941702348e8eca9144cc1267\"},\"headline\":\"Informations fran\u00e7aises: Burkina Faso : les autorit\u00e9s locales annoncent la fin du couvre-feu dans la r\u00e9gion de l&rsquo;Est\",\"datePublished\":\"2024-11-12T14:40:25+00:00\",\"mainEntityOfPage\":{\"@id\":\"https:\\\/\\\/www.infodictat.fr\\\/blog\\\/informations-francaises-burkina-faso-les-autorites-locales-annoncent-la-fin-du-couvre-feu-dans-la-region-de-lest\\\/\"},\"wordCount\":253,\"publisher\":{\"@id\":\"https:\\\/\\\/www.infodictat.fr\\\/blog\\\/#organization\"},\"image\":{\"@id\":\"https:\\\/\\\/www.infodictat.fr\\\/blog\\\/informations-francaises-burkina-faso-les-autorites-locales-annoncent-la-fin-du-couvre-feu-dans-la-region-de-lest\\\/#primaryimage\"},\"thumbnailUrl\":\"https:\\\/\\\/www.infodictat.fr\\\/blog\\\/wp-content\\\/uploads\\\/2024\\\/11\\\/Informations-francaises-Burkina-Faso-les-autorites-locales-annoncent-la.jpg\",\"articleSection\":[\"La Dictature Num\u00e9rique:\"],\"inLanguage\":\"fr-FR\"},{\"@type\":\"WebPage\",\"@id\":\"https:\\\/\\\/www.infodictat.fr\\\/blog\\\/informations-francaises-burkina-faso-les-autorites-locales-annoncent-la-fin-du-couvre-feu-dans-la-region-de-lest\\\/\",\"url\":\"https:\\\/\\\/www.infodictat.fr\\\/blog\\\/informations-francaises-burkina-faso-les-autorites-locales-annoncent-la-fin-du-couvre-feu-dans-la-region-de-lest\\\/\",\"name\":\"Informations fran\u00e7aises: Burkina Faso : les autorit\u00e9s locales annoncent la fin du couvre-feu dans la r\u00e9gion de l'Est - INFODICTAT\",\"isPartOf\":{\"@id\":\"https:\\\/\\\/www.infodictat.fr\\\/blog\\\/#website\"},\"primaryImageOfPage\":{\"@id\":\"https:\\\/\\\/www.infodictat.fr\\\/blog\\\/informations-francaises-burkina-faso-les-autorites-locales-annoncent-la-fin-du-couvre-feu-dans-la-region-de-lest\\\/#primaryimage\"},\"image\":{\"@id\":\"https:\\\/\\\/www.infodictat.fr\\\/blog\\\/informations-francaises-burkina-faso-les-autorites-locales-annoncent-la-fin-du-couvre-feu-dans-la-region-de-lest\\\/#primaryimage\"},\"thumbnailUrl\":\"https:\\\/\\\/www.infodictat.fr\\\/blog\\\/wp-content\\\/uploads\\\/2024\\\/11\\\/Informations-francaises-Burkina-Faso-les-autorites-locales-annoncent-la.jpg\",\"datePublished\":\"2024-11-12T14:40:25+00:00\",\"breadcrumb\":{\"@id\":\"https:\\\/\\\/www.infodictat.fr\\\/blog\\\/informations-francaises-burkina-faso-les-autorites-locales-annoncent-la-fin-du-couvre-feu-dans-la-region-de-lest\\\/#breadcrumb\"},\"inLanguage\":\"fr-FR\",\"potentialAction\":[{\"@type\":\"ReadAction\",\"target\":[\"https:\\\/\\\/www.infodictat.fr\\\/blog\\\/informations-francaises-burkina-faso-les-autorites-locales-annoncent-la-fin-du-couvre-feu-dans-la-region-de-lest\\\/\"]}]},{\"@type\":\"ImageObject\",\"inLanguage\":\"fr-FR\",\"@id\":\"https:\\\/\\\/www.infodictat.fr\\\/blog\\\/informations-francaises-burkina-faso-les-autorites-locales-annoncent-la-fin-du-couvre-feu-dans-la-region-de-lest\\\/#primaryimage\",\"url\":\"https:\\\/\\\/www.infodictat.fr\\\/blog\\\/wp-content\\\/uploads\\\/2024\\\/11\\\/Informations-francaises-Burkina-Faso-les-autorites-locales-annoncent-la.jpg\",\"contentUrl\":\"https:\\\/\\\/www.infodictat.fr\\\/blog\\\/wp-content\\\/uploads\\\/2024\\\/11\\\/Informations-francaises-Burkina-Faso-les-autorites-locales-annoncent-la.jpg\",\"width\":1024,\"height\":576},{\"@type\":\"BreadcrumbList\",\"@id\":\"https:\\\/\\\/www.infodictat.fr\\\/blog\\\/informations-francaises-burkina-faso-les-autorites-locales-annoncent-la-fin-du-couvre-feu-dans-la-region-de-lest\\\/#breadcrumb\",\"itemListElement\":[{\"@type\":\"ListItem\",\"position\":1,\"name\":\"Accueil\",\"item\":\"https:\\\/\\\/www.infodictat.fr\\\/blog\\\/\"},{\"@type\":\"ListItem\",\"position\":2,\"name\":\"Informations fran\u00e7aises: Burkina Faso : les autorit\u00e9s locales annoncent la fin du couvre-feu dans la r\u00e9gion de l&rsquo;Est\"}]},{\"@type\":\"WebSite\",\"@id\":\"https:\\\/\\\/www.infodictat.fr\\\/blog\\\/#website\",\"url\":\"https:\\\/\\\/www.infodictat.fr\\\/blog\\\/\",\"name\":\"INFODICTAT\",\"description\":\"La dictature num\u00e9rique.\",\"publisher\":{\"@id\":\"https:\\\/\\\/www.infodictat.fr\\\/blog\\\/#organization\"},\"potentialAction\":[{\"@type\":\"SearchAction\",\"target\":{\"@type\":\"EntryPoint\",\"urlTemplate\":\"https:\\\/\\\/www.infodictat.fr\\\/blog\\\/?s={search_term_string}\"},\"query-input\":{\"@type\":\"PropertyValueSpecification\",\"valueRequired\":true,\"valueName\":\"search_term_string\"}}],\"inLanguage\":\"fr-FR\"},{\"@type\":\"Organization\",\"@id\":\"https:\\\/\\\/www.infodictat.fr\\\/blog\\\/#organization\",\"name\":\"infodictat\",\"url\":\"https:\\\/\\\/www.infodictat.fr\\\/blog\\\/\",\"logo\":{\"@type\":\"ImageObject\",\"inLanguage\":\"fr-FR\",\"@id\":\"https:\\\/\\\/www.infodictat.fr\\\/blog\\\/#\\\/schema\\\/logo\\\/image\\\/\",\"url\":\"https:\\\/\\\/www.infodictat.fr\\\/blog\\\/wp-content\\\/uploads\\\/2023\\\/05\\\/logo-2.png\",\"contentUrl\":\"https:\\\/\\\/www.infodictat.fr\\\/blog\\\/wp-content\\\/uploads\\\/2023\\\/05\\\/logo-2.png\",\"width\":480,\"height\":596,\"caption\":\"infodictat\"},\"image\":{\"@id\":\"https:\\\/\\\/www.infodictat.fr\\\/blog\\\/#\\\/schema\\\/logo\\\/image\\\/\"}},{\"@type\":\"Person\",\"@id\":\"https:\\\/\\\/www.infodictat.fr\\\/blog\\\/#\\\/schema\\\/person\\\/6c2c8af0941702348e8eca9144cc1267\",\"name\":\"Oscar BETHMONT\",\"image\":{\"@type\":\"ImageObject\",\"inLanguage\":\"fr-FR\",\"@id\":\"https:\\\/\\\/secure.gravatar.com\\\/avatar\\\/f80ff32d67d40b919e8be190b7325be3c6cb33ce305ac1d45cadad29128e831e?s=96&d=mm&r=g\",\"url\":\"https:\\\/\\\/secure.gravatar.com\\\/avatar\\\/f80ff32d67d40b919e8be190b7325be3c6cb33ce305ac1d45cadad29128e831e?s=96&d=mm&r=g\",\"contentUrl\":\"https:\\\/\\\/secure.gravatar.com\\\/avatar\\\/f80ff32d67d40b919e8be190b7325be3c6cb33ce305ac1d45cadad29128e831e?s=96&d=mm&r=g\",\"caption\":\"Oscar BETHMONT\"},\"url\":\"https:\\\/\\\/www.infodictat.fr\\\/blog\\\/author\\\/tatoscar\\\/\"}]}<\/script>\n<!-- \/ Yoast SEO plugin. -->","yoast_head_json":{"title":"Informations fran\u00e7aises: Burkina Faso : les autorit\u00e9s locales annoncent la fin du couvre-feu dans la r\u00e9gion de l'Est - INFODICTAT","robots":{"index":"index","follow":"follow","max-snippet":"max-snippet:-1","max-image-preview":"max-image-preview:large","max-video-preview":"max-video-preview:-1"},"canonical":"https:\/\/www.infodictat.fr\/blog\/informations-francaises-burkina-faso-les-autorites-locales-annoncent-la-fin-du-couvre-feu-dans-la-region-de-lest\/","og_locale":"fr_FR","og_type":"article","og_title":"Informations fran\u00e7aises: Burkina Faso : les autorit\u00e9s locales annoncent la fin du couvre-feu dans la r\u00e9gion de l'Est - INFODICTAT","og_description":"Au Burkina Faso, c&rsquo;est la fin du couvre-feu en vigueur dans l&rsquo;Est. Ce 11 novembre 2024, le gouverneur de cette r\u00e9gion a d\u00e9cid\u00e9 de maintenir cette mesure instaur\u00e9e pour des raisons s\u00e9curitaires. \u00c0 travers le pays et avec la mont\u00e9e des attaques arm\u00e9es et jihadistes, des couvre-feux ont \u00e9t\u00e9 d\u00e9cr\u00e9t\u00e9s dans plusieurs provinces du Faso. ... Lire la suite","og_url":"https:\/\/www.infodictat.fr\/blog\/informations-francaises-burkina-faso-les-autorites-locales-annoncent-la-fin-du-couvre-feu-dans-la-region-de-lest\/","og_site_name":"INFODICTAT","article_published_time":"2024-11-12T14:40:25+00:00","og_image":[{"url":"https:\/\/www.infodictat.fr\/blog\/wp-content\/uploads\/2024\/11\/Informations-francaises-Burkina-Faso-les-autorites-locales-annoncent-la.jpg","type":"","width":"","height":""}],"author":"Oscar BETHMONT","twitter_card":"summary_large_image","twitter_misc":{"\u00c9crit par":"Oscar BETHMONT","Dur\u00e9e de lecture estim\u00e9e":"1 minute"},"schema":{"@context":"https:\/\/schema.org","@graph":[{"@type":"Article","@id":"https:\/\/www.infodictat.fr\/blog\/informations-francaises-burkina-faso-les-autorites-locales-annoncent-la-fin-du-couvre-feu-dans-la-region-de-lest\/#article","isPartOf":{"@id":"https:\/\/www.infodictat.fr\/blog\/informations-francaises-burkina-faso-les-autorites-locales-annoncent-la-fin-du-couvre-feu-dans-la-region-de-lest\/"},"author":{"name":"Oscar BETHMONT","@id":"https:\/\/www.infodictat.fr\/blog\/#\/schema\/person\/6c2c8af0941702348e8eca9144cc1267"},"headline":"Informations fran\u00e7aises: Burkina Faso : les autorit\u00e9s locales annoncent la fin du couvre-feu dans la r\u00e9gion de l&rsquo;Est","datePublished":"2024-11-12T14:40:25+00:00","mainEntityOfPage":{"@id":"https:\/\/www.infodictat.fr\/blog\/informations-francaises-burkina-faso-les-autorites-locales-annoncent-la-fin-du-couvre-feu-dans-la-region-de-lest\/"},"wordCount":253,"publisher":{"@id":"https:\/\/www.infodictat.fr\/blog\/#organization"},"image":{"@id":"https:\/\/www.infodictat.fr\/blog\/informations-francaises-burkina-faso-les-autorites-locales-annoncent-la-fin-du-couvre-feu-dans-la-region-de-lest\/#primaryimage"},"thumbnailUrl":"https:\/\/www.infodictat.fr\/blog\/wp-content\/uploads\/2024\/11\/Informations-francaises-Burkina-Faso-les-autorites-locales-annoncent-la.jpg","articleSection":["La Dictature Num\u00e9rique:"],"inLanguage":"fr-FR"},{"@type":"WebPage","@id":"https:\/\/www.infodictat.fr\/blog\/informations-francaises-burkina-faso-les-autorites-locales-annoncent-la-fin-du-couvre-feu-dans-la-region-de-lest\/","url":"https:\/\/www.infodictat.fr\/blog\/informations-francaises-burkina-faso-les-autorites-locales-annoncent-la-fin-du-couvre-feu-dans-la-region-de-lest\/","name":"Informations fran\u00e7aises: Burkina Faso : les autorit\u00e9s locales annoncent la fin du couvre-feu dans la r\u00e9gion de l'Est - INFODICTAT","isPartOf":{"@id":"https:\/\/www.infodictat.fr\/blog\/#website"},"primaryImageOfPage":{"@id":"https:\/\/www.infodictat.fr\/blog\/informations-francaises-burkina-faso-les-autorites-locales-annoncent-la-fin-du-couvre-feu-dans-la-region-de-lest\/#primaryimage"},"image":{"@id":"https:\/\/www.infodictat.fr\/blog\/informations-francaises-burkina-faso-les-autorites-locales-annoncent-la-fin-du-couvre-feu-dans-la-region-de-lest\/#primaryimage"},"thumbnailUrl":"https:\/\/www.infodictat.fr\/blog\/wp-content\/uploads\/2024\/11\/Informations-francaises-Burkina-Faso-les-autorites-locales-annoncent-la.jpg","datePublished":"2024-11-12T14:40:25+00:00","breadcrumb":{"@id":"https:\/\/www.infodictat.fr\/blog\/informations-francaises-burkina-faso-les-autorites-locales-annoncent-la-fin-du-couvre-feu-dans-la-region-de-lest\/#breadcrumb"},"inLanguage":"fr-FR","potentialAction":[{"@type":"ReadAction","target":["https:\/\/www.infodictat.fr\/blog\/informations-francaises-burkina-faso-les-autorites-locales-annoncent-la-fin-du-couvre-feu-dans-la-region-de-lest\/"]}]},{"@type":"ImageObject","inLanguage":"fr-FR","@id":"https:\/\/www.infodictat.fr\/blog\/informations-francaises-burkina-faso-les-autorites-locales-annoncent-la-fin-du-couvre-feu-dans-la-region-de-lest\/#primaryimage","url":"https:\/\/www.infodictat.fr\/blog\/wp-content\/uploads\/2024\/11\/Informations-francaises-Burkina-Faso-les-autorites-locales-annoncent-la.jpg","contentUrl":"https:\/\/www.infodictat.fr\/blog\/wp-content\/uploads\/2024\/11\/Informations-francaises-Burkina-Faso-les-autorites-locales-annoncent-la.jpg","width":1024,"height":576},{"@type":"BreadcrumbList","@id":"https:\/\/www.infodictat.fr\/blog\/informations-francaises-burkina-faso-les-autorites-locales-annoncent-la-fin-du-couvre-feu-dans-la-region-de-lest\/#breadcrumb","itemListElement":[{"@type":"ListItem","position":1,"name":"Accueil","item":"https:\/\/www.infodictat.fr\/blog\/"},{"@type":"ListItem","position":2,"name":"Informations fran\u00e7aises: Burkina Faso : les autorit\u00e9s locales annoncent la fin du couvre-feu dans la r\u00e9gion de l&rsquo;Est"}]},{"@type":"WebSite","@id":"https:\/\/www.infodictat.fr\/blog\/#website","url":"https:\/\/www.infodictat.fr\/blog\/","name":"INFODICTAT","description":"La dictature num\u00e9rique.","publisher":{"@id":"https:\/\/www.infodictat.fr\/blog\/#organization"},"potentialAction":[{"@type":"SearchAction","target":{"@type":"EntryPoint","urlTemplate":"https:\/\/www.infodictat.fr\/blog\/?s={search_term_string}"},"query-input":{"@type":"PropertyValueSpecification","valueRequired":true,"valueName":"search_term_string"}}],"inLanguage":"fr-FR"},{"@type":"Organization","@id":"https:\/\/www.infodictat.fr\/blog\/#organization","name":"infodictat","url":"https:\/\/www.infodictat.fr\/blog\/","logo":{"@type":"ImageObject","inLanguage":"fr-FR","@id":"https:\/\/www.infodictat.fr\/blog\/#\/schema\/logo\/image\/","url":"https:\/\/www.infodictat.fr\/blog\/wp-content\/uploads\/2023\/05\/logo-2.png","contentUrl":"https:\/\/www.infodictat.fr\/blog\/wp-content\/uploads\/2023\/05\/logo-2.png","width":480,"height":596,"caption":"infodictat"},"image":{"@id":"https:\/\/www.infodictat.fr\/blog\/#\/schema\/logo\/image\/"}},{"@type":"Person","@id":"https:\/\/www.infodictat.fr\/blog\/#\/schema\/person\/6c2c8af0941702348e8eca9144cc1267","name":"Oscar BETHMONT","image":{"@type":"ImageObject","inLanguage":"fr-FR","@id":"https:\/\/secure.gravatar.com\/avatar\/f80ff32d67d40b919e8be190b7325be3c6cb33ce305ac1d45cadad29128e831e?s=96&d=mm&r=g","url":"https:\/\/secure.gravatar.com\/avatar\/f80ff32d67d40b919e8be190b7325be3c6cb33ce305ac1d45cadad29128e831e?s=96&d=mm&r=g","contentUrl":"https:\/\/secure.gravatar.com\/avatar\/f80ff32d67d40b919e8be190b7325be3c6cb33ce305ac1d45cadad29128e831e?s=96&d=mm&r=g","caption":"Oscar BETHMONT"},"url":"https:\/\/www.infodictat.fr\/blog\/author\/tatoscar\/"}]}},"_links":{"self":[{"href":"https:\/\/www.infodictat.fr\/blog\/wp-json\/wp\/v2\/posts\/875","targetHints":{"allow":["GET"]}}],"collection":[{"href":"https:\/\/www.infodictat.fr\/blog\/wp-json\/wp\/v2\/posts"}],"about":[{"href":"https:\/\/www.infodictat.fr\/blog\/wp-json\/wp\/v2\/types\/post"}],"author":[{"embeddable":true,"href":"https:\/\/www.infodictat.fr\/blog\/wp-json\/wp\/v2\/users\/2"}],"replies":[{"embeddable":true,"href":"https:\/\/www.infodictat.fr\/blog\/wp-json\/wp\/v2\/comments?post=875"}],"version-history":[{"count":0,"href":"https:\/\/www.infodictat.fr\/blog\/wp-json\/wp\/v2\/posts\/875\/revisions"}],"wp:featuredmedia":[{"embeddable":true,"href":"https:\/\/www.infodictat.fr\/blog\/wp-json\/wp\/v2\/media\/876"}],"wp:attachment":[{"href":"https:\/\/www.infodictat.fr\/blog\/wp-json\/wp\/v2\/media?parent=875"}],"wp:term":[{"taxonomy":"category","embeddable":true,"href":"https:\/\/www.infodictat.fr\/blog\/wp-json\/wp\/v2\/categories?post=875"},{"taxonomy":"post_tag","embeddable":true,"href":"https:\/\/www.infodictat.fr\/blog\/wp-json\/wp\/v2\/tags?post=875"}],"curies":[{"name":"wp","href":"https:\/\/api.w.org\/{rel}","templated":true}]}}