{"id":871,"date":"2024-11-09T14:00:00","date_gmt":"2024-11-09T13:00:00","guid":{"rendered":"https:\/\/www.infodictat.fr\/blog\/actus-nationales-4-balades-automnales-dans-des-parcs-deurope-france\/"},"modified":"2024-11-09T14:00:00","modified_gmt":"2024-11-09T13:00:00","slug":"actus-nationales-4-balades-automnales-dans-des-parcs-deurope-france","status":"publish","type":"post","link":"https:\/\/www.infodictat.fr\/blog\/actus-nationales-4-balades-automnales-dans-des-parcs-deurope-france\/","title":{"rendered":"Actus nationales: 4 balades automnales dans des parcs d\u2019Europe #France"},"content":{"rendered":"<div><img width=\"580\" height=\"386\" src=\"https:\/\/www.infodictat.fr\/blog\/wp-content\/uploads\/2024\/11\/Actus-nationales-4-balades-automnales-dans-des-parcs-dEurope-France-1024x682-1.jpg\" class=\"attachment-large size-large wp-post-image\" alt=\"Actus-nationales-4-balades-automnales-dans-des-parcs-dEurope-France\" style=\"float:left; margin:0 15px 15px 0;\" decoding=\"async\" srcset=\"https:\/\/www.infodictat.fr\/blog\/wp-content\/uploads\/2024\/11\/Actus-nationales-4-balades-automnales-dans-des-parcs-dEurope-France-1024x682-1.jpg 1024w, https:\/\/www.site.cdcl.xyz\/wp-content\/uploads\/2024\/11\/Actus-nationales-4-balades-automnales-dans-des-parcs-dEurope-France-300x200.jpg 300w, https:\/\/www.site.cdcl.xyz\/wp-content\/uploads\/2024\/11\/Actus-nationales-4-balades-automnales-dans-des-parcs-dEurope-France-768x512.jpg 768w, https:\/\/www.site.cdcl.xyz\/wp-content\/uploads\/2024\/11\/Actus-nationales-4-balades-automnales-dans-des-parcs-dEurope-France-1200x799.jpg 1200w, https:\/\/www.site.cdcl.xyz\/wp-content\/uploads\/2024\/11\/Actus-nationales-4-balades-automnales-dans-des-parcs-dEurope-France.jpg 1213w\" sizes=\"(max-width: 580px) 100vw, 580px\"><\/p>\n<h1>4 balades automnales dans des parcs d\u2019Europe annonc\u00e9 par Le Point \u2013 Toute l&rsquo;info en continu le <span id=\"datecrea\"><\/span> <\/h1>\n<p>En fouillant le web notre \u00e9quipe a remarqu\u00e9 un post qui va vous ravir. Sa th\u00e9matique est \u00ab\u00a0Actualit\u00e9 fran\u00e7aise\u00a0\u00bb.<\/p>\n<h2>Ceci a \u00e9t\u00e9 publi\u00e9 par Le Point \u2013 Toute l&rsquo;info en continu<\/h2>\n<p><u>Signature  . <\/u><\/p>\n<p><u>Date et heure de la r\u00e9ception de la d\u00e9p\u00e9che sur notre fil d\u2019info:<\/u><strong><span id=\"date\"><\/span><\/strong><\/p>\n<p><u>Date et heure de publication sur internet:<\/u> <strong><span id=\"datecrea\"><\/span><\/strong><\/p>\n<p><u>Titre exacte donn\u00e9 par le journal \u00e9tait:<\/u> <strong>4 balades automnales dans des parcs d\u2019Europe<\/strong><\/p>\n<p><u>Information et contenu publi\u00e9s :<\/u><\/p>\n<p><img decoding=\"async\" src=\"https:\/\/www.infodictat.fr\/blog\/wp-content\/uploads\/2024\/11\/Informations-nationales-4-balades-automnales-dans-des-parcs-dEurope-France.jpg\"><\/p>\n<div id=\"contenu\">\n        <!-- include t_www_2023\/pages\/article\/blocs\/tag_pub.tpl --><br \/>\n        <!-- include \/t_www_2023\/pages\/article\/blocs\/tag_pub.tpl --><\/p>\n<p><span class=\"dflt-txt__lettrine\">S<\/span>e glisser dans les r\u00eaves des autres. Go\u00fbter au charme des \u00ab\u00a0folies\u00a0\u00bb, ces petites constructions de l\u2019inutile o\u00f9 l\u2019on croise V\u00e9nus et Flore et bien d\u2019autres dieux qui ont trouv\u00e9 refuge en ces parcs champ\u00eatres. Regarder le temps qui passe, s\u2019ouvrir \u00e0 la m\u00e9ditation en se perdant dans ces lieux o\u00f9 l\u2019antique a rejoint la nature primitive\u2026 Des odeurs de sous-bois, des feuilles blondes, rousses et pourpres qui se m\u00e9langent en tombant en tapis sur le sol, les promenades, d\u00e9licieuses, sont sans fin en ces journ\u00e9es d\u2019automne dans ces lieux oniriques o\u00f9 le temps semble s\u2019\u00eatre assoupi.<\/p>\n<p><!-- include t_www_2023\/pages\/article\/blocs\/bloc-encadre.tpl --><\/p>\n<section class=\"bloc-1 encadre  no-surtitre \">\n<h3>Pictural\u00a0: Stourhead, au Royaume-Uni<\/h3>\n<p><span class=\"dflt-txt__lettrine\">P<\/span>romenade dans l\u2019imaginaire du banquier Henry Hoare\u00a0II (1705-1785), Stourhead (Wiltshire) est une image arcadienne inspir\u00e9e des paysages id\u00e9aux de Claude Lorrain. \u00c0 36\u00a0ans, le financier acquis aux tendances \u00ab\u00a0naturelles\u00a0\u00bb se retire d\u00e9finitivement dans la propri\u00e9t\u00e9 de son p\u00e8re pour en faire un po\u00e8me pastoral et antique o\u00f9 l\u2019eau sera le miroir de ses r\u00eaves. R\u00e9unissant plusieurs \u00e9tangs form\u00e9s par la Stour, Hoare am\u00e9nage un lac au centre du domaine qui ne compte alors pas moins de 4\u00a0500\u00a0hectares. Et le paysage rustique de devenir une d\u00e9licieuse mise en sc\u00e8ne.<\/p>\n<p>Un pont herbeux marque le d\u00e9but d\u2019une all\u00e9e qui encercle le lac hant\u00e9 par des nymphes et dont le parcours d\u00e9voile une suite de compositions de toute beaut\u00e9\u00a0: les temples de Flore et d\u2019Apollon, le panth\u00e9on, autant de petits \u00e9difices palladiens repr\u00e9sentant une phase de <em>L\u2019\u00c9n\u00e9ide<\/em> que le financier commande \u00e0 l\u2019architecte Henry Flitcroft.<\/p>\n<p>Seule une grotte myst\u00e9rieuse o\u00f9 repose la nymphe Ariane, berc\u00e9e par la chanson de l\u2019eau, est dissimul\u00e9e \u00e0 la vue. La promenade au bord de l\u2019eau est un ravissement. Le long des rives, le reflet d\u2019\u00e9blouissantes frondaisons ajoute \u00e0 la beaut\u00e9 de ce paysage fantasm\u00e9. Plant\u00e9 de h\u00eatres, de sapins, de rhododendrons, Stourhead compte parmi les plus beaux parcs paysagers du monde\u00a0: Stanley Kubrick ne s\u2019y trompa pas en y tournant quelques sc\u00e8nes de <em>Barry Lindon<\/em>.<\/p>\n<p><em>Stourton, Warminster BA12\u00a06\u00a0QF.<\/em><\/p>\n<\/section>\n<section class=\"bloc-1 encadre  no-surtitre \">\n<h3>\u00c9nigmatique\u00a0: le Sacro Bosco de Bomarzo, en Italie<\/h3>\n<p><span class=\"dflt-txt__lettrine\">I<\/span>l y a tout d\u2019abord ce bien \u00e9trange pavillon qui semble s\u2019effondrer, d\u00e9fiant les lois de la g\u00e9om\u00e9trie et de la pesanteur. Curieuse introduction \u00e0 ce jardin des songes, la petite construction \u00e0 l\u2019\u00e9quilibre faussement instable \u00e9branle l\u2019orientation du visiteur\u00a0: \u00ab\u00a0Toi qui parcours le monde \u00e0 la recherche de miracles sublimes et effrayants, viens en ces lieux et tu verras des visages terribles, des \u00e9l\u00e9phants, des lions, des ours, des cannibales et des dragons.\u00a0\u00bb Tout est dit. Grav\u00e9s dans la pierre, ces mots r\u00e9sument le dessein de Pier Francesco \u00ab\u00a0Vicino\u00a0\u00bb Orsini (1523-1583) de rivaliser avec la magnificence de son voisin Alexandre Farn\u00e8se en cr\u00e9ant un jardin incomparable aux portes de son lourd palais de Bomarzo (Latium).<\/p>\n<p>Pendant plus de trente ans, ce grand voyageur p\u00e9tri d\u2019Antiquit\u00e9 am\u00e9nage la for\u00eat attenante en la peuplant de monumentales et effrayantes sculptures pos\u00e9es l\u00e0 o\u00f9 la nature a elle-m\u00eame dispos\u00e9 des blocs de pierre dont l\u2019architecte Pirro Ligorio se sert pour cr\u00e9er ces monuments. Une nymphe endormie, le cri p\u00e9trifi\u00e9 d\u2019un monstre, Neptune, un masque hurlant, des sir\u00e8nes, des lions\u2026 Tapies dans les sous-bois, ces divinit\u00e9s \u00e9chapp\u00e9es de la mythologie \u00e9mergent telles des fant\u00f4mes du \u00ab\u00a0Sacro Bosco\u00a0\u00bb, ce bosquet sacr\u00e9 qui invite \u00e0 se perdre. Habit\u00e9 par les dieux, Bomarzo est une \u00e9nigme silencieuse que le temps et la mousse qui la recouvre apaisent.<\/p>\n<p><em>Localit\u00e0 Giardino, Bomarzo.<\/em><\/p>\n<\/section>\n<section class=\"bloc-1 encadre  no-surtitre \">\n<h3>Onirique\u00a0: le parc de Dessau-W\u00f6rlitz, en Allemagne<\/h3>\n<p><span class=\"dflt-txt__lettrine\">L<\/span>es rames plongent doucement dans la profondeur des eaux lisses et sombres de l\u2019immense lac, bras mort de l\u2019Elbe qui se perd en canaux. Ici et l\u00e0 \u00e9mergent de petits \u00e9difices, un temple de Diane, de Flore, un autre de V\u00e9nus, une maison gothique\u2026 et partout des arbres magnifiques. W\u00f6rlitz (Saxe-Anhalt) est une fl\u00e2nerie sur l\u2019eau, une incursion silencieuse dans les r\u00eaves du prince L\u00e9opold\u00a0III Fr\u00e9d\u00e9ric Fran\u00e7ois d\u2019Anhalt-Dessau (1740-1817), qui voulut faire un jardin de son royaume tout entier. Gigantesque parc \u00e0 l\u2019anglaise qu\u2019aucune cl\u00f4ture ne s\u00e9pare de la campagne, le lieu s\u2019\u00e9tend sur plus de 112\u00a0hectares.<\/p>\n<p>Vou\u00e9 \u00e0 la beaut\u00e9, il retrace le Grand Tour que le prince effectua en Europe avec son ami, le baron Friedrich Wilhelm von Erdmannsdorff, futur architecte du classicisme allemand\u2026 L\u2019omnipr\u00e9sence de l\u2019eau, les chapelets d\u2019\u00eeles que relient des ponts chinois, un extraordinaire V\u00e9suve miniature, cette \u0153uvre pittoresque se lit comme un tableau \u00e9voquant les souvenirs de voyage du prince, qui les mettra en place pendant plus de quarante ans pour les offrir \u00e0 ses sujets. Afin que chacun puisse go\u00fbter \u00e0 la beaut\u00e9 et acc\u00e9der \u00e0 la m\u00e9ditation.<\/p>\n<p><em>Les jardins de W\u00f6rlitz\u00a0sont ouverts gratuitement toute l\u2019ann\u00e9e. Schloss und Park W\u00f6rlitz, Kirchgasse, Oranienbaum-W\u00f6rlitz D-06785\/ OT W\u00f6rlitz.<\/em><\/p>\n<\/section>\n<section class=\"bloc-1 encadre  no-surtitre \">\n<h3>Romantique\u00a0: le\u00a0parc de Jeurre, en France<\/h3>\n<p><span class=\"dflt-txt__lettrine\">U<\/span>n \u00e9tang, des bancs de pierre, des all\u00e9es sombres qui ondulent sous les arbres\u2026 et, \u00e7\u00e0 et l\u00e0, de sublimes \u00ab\u00a0folies\u00a0\u00bb emprunt\u00e9es \u00e0 un autre jardin, Jeurre (Essonne) est le passeur d\u2019une curieuse histoire de pierres. En 1890, le comte Henri Dufresne de Saint-L\u00e9on (1858-1947), \u00e9mu par le d\u00e9mant\u00e8lement du parc de M\u00e9r\u00e9ville, dont l\u2019incomparable beaut\u00e9 a frapp\u00e9 les m\u00e9moires, se porte acqu\u00e9reur de ce qui reste de petits \u00e9difices, v\u00e9ritables chefs-d\u2019\u0153uvre con\u00e7us par Hubert Robert pour le banquier Jean-Joseph de Laborde (1724-1794). Num\u00e9rot\u00e9s pierre par pierre, un temple, un tombeau, une colonne prennent, en chars \u00e0 b\u0153ufs, le chemin de Jeurre. Pour s\u2019y enraciner \u00e0 petits pas. Une aventure qui durera plus de quinze ans.<\/p>\n<p>Sauv\u00e9 de la ruine, le fameux temple de la Pi\u00e9t\u00e9-Filiale trouve enfin sa place au centre d\u2019une immense prairie que borde un canal ombrag\u00e9. Sous son d\u00f4me, une copie de la <em>V\u00e9nus<\/em> de Canova a remplac\u00e9 la statue de Nathalie de Laborde, la fille du banquier. Plus loin, les berges de la grande pi\u00e8ce d\u2019eau qui fait face au ch\u00e2teau accueillent la fa\u00e7ade arcadienne de la \u00ab\u00a0laiterie de propret\u00e9\u00a0\u00bb de l\u2019ancien domaine. Plus loin encore, le c\u00e9notaphe de Cook et la colonne rostrale \u00e9voquant la m\u00e9moire des deux fils de Laborde disparus dans l\u2019exp\u00e9dition de La\u00a0P\u00e9rouse invitent \u00e0 la m\u00e9ditation. L\u2019harmonie de l\u2019ensemble est telle que tout semble \u00eatre l\u00e0 depuis toujours, au c\u0153ur de ce paysage champ\u00eatre ourl\u00e9 de for\u00eats et de mar\u00e9cages au spectacle d\u00e9licieux.<\/p>\n<p><em>Parc et ch\u00e2teau de Jeurre, 91150\u00a0Morigny-Champigny.<\/em><\/p>\n<\/section>\n<p><!-- include \/t_www_2023\/pages\/article\/blocs\/bloc-encadre.tpl -->\n<\/p>\n<\/div>\n<p> <img decoding=\"async\" src=\"https:\/\/www.infodictat.fr\/blog\/wp-content\/uploads\/2024\/11\/Informations-nationales-4-balades-automnales-dans-des-parcs-dEurope-France.jpg\" alt=\"4 balades automnales dans des parcs d\u2019Europe\"><\/p>\n<p>#balades #automnales #dans #des #parcs #dEurope<\/p>\n<p>Reprise de l\u2019information dans un style journalistique professionnel descriptif en organisant les id\u00e9es dans un ordre coh\u00e9rent avec titres html <\/p>\n<p>Publications sur le m\u00eame propos:<\/p>\n<p>Climat et \u00e9cocitoyens\/Solar Generation : mobilisation estudiantine contre les changements climatiques.,<a href=\"https:\/\/fr.wikibooks.org\/wiki\/Climat_et_%C3%A9cocitoyens\/Solar_Generation_:_mobilisation_estudiantine_contre_les_changements_climatiques\" target=\"_blank\" rel=\"noopener noreferrer nofollow\">R\u00e9f\u00e9rence de ce livre<\/a><span><\/span>.<\/p>\n<p>Les bienfaits de la France.,<a href=\"https:\/\/www.kobo.com\/fr\/fr\/ebook\/les-bienfaits-de-la-france\" target=\"_blank\" rel=\"noopener noreferrer nofollow\">Redirection vers l\u2019ouvrage<\/a><span><\/span>.<\/p>\n<p>Portrait de la France.,<a href=\"https:\/\/www.kobo.com\/fr\/fr\/ebook\/portrait-de-la-france\" target=\"_blank\" rel=\"noopener noreferrer nofollow\">Redirection vers la fiche de de l\u2019\u00e9diteur<\/a><span><\/span>. Disponible \u00e0 l\u2019achat sur les plateformes Amazon, Fnac, Cultura \u2026.<\/p>\n<p><script>\nvar date = \"Non r\u00e9cup\u00e9r\u00e9es\";\n        \/\/ Valeur de timestamp\n        var timestampString = 1731159261; \/\/ Assurez-vous que le timestamp est une cha\u00eene de texte\n        \/\/ Convertir la cha\u00eene de texte en nombre entier (timestamp)\n        var timestamp = parseInt(timestampString);\n        \/\/ Cr\u00e9er un objet Date \u00e0 partir du timestamp\n        var dateObject = new Date(timestamp * 1000); \/\/ Le timestamp est en secondes, donc on le multiplie par 1000 pour obtenir les millisecondes\n        \/\/ Format de date personnalis\u00e9\n        var options = { weekday: 'long', year: 'numeric', month: 'long', day: 'numeric', hour: 'numeric', minute: 'numeric', second: 'numeric', timeZone: 'Europe\/Paris' };\n        var formattedDate = dateObject.toLocaleDateString('fr-FR', options);\n formattedDate = formattedDate.replace(\/^.\/, formattedDate[0].toUpperCase());\n        \/\/ Afficher la date dans le HTML\n        document.getElementById('date').textContent = formattedDate;\n    <\/script><\/p>\n<p><script>\nvar datecrea = \"Non r\u00e9cup\u00e9r\u00e9e\";\n        \/\/ Date et heure au format \"2008-06-15 18:02:58\"\n        var dateString = \"2024-11-09 14:00:00\";\n        \/\/ Convertir la cha\u00eene de texte en objet Date\n        var now = new Date(dateString);\n        \/\/ Format de date personnalis\u00e9\n        var options = { weekday: 'long', year: 'numeric', month: 'long', day: 'numeric', hour: 'numeric', minute: 'numeric', second: 'numeric', timeZone: 'Europe\/Paris' };\n        var formattedDate = now.toLocaleDateString('fr-FR', options);\n formattedDate = formattedDate.replace(\/^.\/, formattedDate[0].toUpperCase());\n        \/\/ Afficher la date dans le HTML\n        document.getElementById('datecrea').textContent = formattedDate;\n    <\/script><\/p>\n<\/div>\n<p><img decoding=\"async\" class=\"wpe_imgrss\" src=\"https:\/\/www.infodictat.fr\/blog\/wp-content\/uploads\/2024\/11\/Actus-nationales-4-balades-automnales-dans-des-parcs-dEurope-France-1024x682-1.jpg\">Vous pouvez lire ce post traitant le sujet \u00ab\u00a0La dictature num\u00e9rique\u00a0\u00bb. Il est produit par la r\u00e9daction de infodictat.fr. Le site infodictat.fr a pour objectif de publier plusieurs articles autour du sujet La dictature num\u00e9rique d\u00e9velopp\u00e9es sur le web. Cette chronique se veut g\u00e9n\u00e9r\u00e9e de la fa\u00e7on la plus juste qui soit. Pour \u00e9mettre des remarques sur ce dossier autour du sujet \u00ab\u00a0La dictature num\u00e9rique\u00a0\u00bb prenez les contacts indiqu\u00e9s sur notre site internet. En consultant r\u00e9guli\u00e8rement nos contenus de blog vous serez au courant des futures parutions.<\/p>\n","protected":false},"excerpt":{"rendered":"<p>4 balades automnales dans des parcs d\u2019Europe annonc\u00e9 par Le Point \u2013 Toute l&rsquo;info en continu le En fouillant le web notre \u00e9quipe a remarqu\u00e9 un post qui va vous ravir. Sa th\u00e9matique est \u00ab\u00a0Actualit\u00e9 fran\u00e7aise\u00a0\u00bb. Ceci a \u00e9t\u00e9 publi\u00e9 par Le Point \u2013 Toute l&rsquo;info en continu Signature . Date et heure de la &#8230; <a title=\"Actus nationales: 4 balades automnales dans des parcs d\u2019Europe #France\" class=\"read-more\" href=\"https:\/\/www.infodictat.fr\/blog\/actus-nationales-4-balades-automnales-dans-des-parcs-deurope-france\/\" aria-label=\"En savoir plus sur Actus nationales: 4 balades automnales dans des parcs d\u2019Europe #France\">Lire la suite<\/a><\/p>\n","protected":false},"author":2,"featured_media":872,"comment_status":"closed","ping_status":"closed","sticky":false,"template":"","format":"standard","meta":{"footnotes":""},"categories":[2],"tags":[],"class_list":["post-871","post","type-post","status-publish","format-standard","has-post-thumbnail","hentry","category-la-dictature-numerique"],"yoast_head":"<!-- This site is optimized with the Yoast SEO plugin v27.5 - https:\/\/yoast.com\/product\/yoast-seo-wordpress\/ -->\n<title>Actus nationales: 4 balades automnales dans des parcs d\u2019Europe #France - INFODICTAT<\/title>\n<meta name=\"robots\" content=\"index, follow, max-snippet:-1, max-image-preview:large, max-video-preview:-1\" \/>\n<link rel=\"canonical\" href=\"https:\/\/www.infodictat.fr\/blog\/actus-nationales-4-balades-automnales-dans-des-parcs-deurope-france\/\" \/>\n<meta property=\"og:locale\" content=\"fr_FR\" \/>\n<meta property=\"og:type\" content=\"article\" \/>\n<meta property=\"og:title\" content=\"Actus nationales: 4 balades automnales dans des parcs d\u2019Europe #France - INFODICTAT\" \/>\n<meta property=\"og:description\" content=\"4 balades automnales dans des parcs d\u2019Europe annonc\u00e9 par Le Point \u2013 Toute l&rsquo;info en continu le En fouillant le web notre \u00e9quipe a remarqu\u00e9 un post qui va vous ravir. Sa th\u00e9matique est \u00ab\u00a0Actualit\u00e9 fran\u00e7aise\u00a0\u00bb. Ceci a \u00e9t\u00e9 publi\u00e9 par Le Point \u2013 Toute l&rsquo;info en continu Signature . Date et heure de la ... Lire la suite\" \/>\n<meta property=\"og:url\" content=\"https:\/\/www.infodictat.fr\/blog\/actus-nationales-4-balades-automnales-dans-des-parcs-deurope-france\/\" \/>\n<meta property=\"og:site_name\" content=\"INFODICTAT\" \/>\n<meta property=\"article:published_time\" content=\"2024-11-09T13:00:00+00:00\" \/>\n<meta property=\"og:image\" content=\"https:\/\/www.infodictat.fr\/blog\/wp-content\/uploads\/2024\/11\/Actus-nationales-4-balades-automnales-dans-des-parcs-dEurope-France-1024x682-1.jpg\" \/>\n<meta name=\"author\" content=\"Oscar BETHMONT\" \/>\n<meta name=\"twitter:card\" content=\"summary_large_image\" \/>\n<meta name=\"twitter:label1\" content=\"\u00c9crit par\" \/>\n\t<meta name=\"twitter:data1\" content=\"Oscar BETHMONT\" \/>\n\t<meta name=\"twitter:label2\" content=\"Dur\u00e9e de lecture estim\u00e9e\" \/>\n\t<meta name=\"twitter:data2\" content=\"7 minutes\" \/>\n<script type=\"application\/ld+json\" class=\"yoast-schema-graph\">{\"@context\":\"https:\\\/\\\/schema.org\",\"@graph\":[{\"@type\":\"Article\",\"@id\":\"https:\\\/\\\/www.infodictat.fr\\\/blog\\\/actus-nationales-4-balades-automnales-dans-des-parcs-deurope-france\\\/#article\",\"isPartOf\":{\"@id\":\"https:\\\/\\\/www.infodictat.fr\\\/blog\\\/actus-nationales-4-balades-automnales-dans-des-parcs-deurope-france\\\/\"},\"author\":{\"name\":\"Oscar BETHMONT\",\"@id\":\"https:\\\/\\\/www.infodictat.fr\\\/blog\\\/#\\\/schema\\\/person\\\/6c2c8af0941702348e8eca9144cc1267\"},\"headline\":\"Actus nationales: 4 balades automnales dans des parcs d\u2019Europe #France\",\"datePublished\":\"2024-11-09T13:00:00+00:00\",\"mainEntityOfPage\":{\"@id\":\"https:\\\/\\\/www.infodictat.fr\\\/blog\\\/actus-nationales-4-balades-automnales-dans-des-parcs-deurope-france\\\/\"},\"wordCount\":1437,\"publisher\":{\"@id\":\"https:\\\/\\\/www.infodictat.fr\\\/blog\\\/#organization\"},\"image\":{\"@id\":\"https:\\\/\\\/www.infodictat.fr\\\/blog\\\/actus-nationales-4-balades-automnales-dans-des-parcs-deurope-france\\\/#primaryimage\"},\"thumbnailUrl\":\"https:\\\/\\\/www.infodictat.fr\\\/blog\\\/wp-content\\\/uploads\\\/2024\\\/11\\\/Actus-nationales-4-balades-automnales-dans-des-parcs-dEurope-France-1024x682-1.jpg\",\"articleSection\":[\"La Dictature Num\u00e9rique:\"],\"inLanguage\":\"fr-FR\"},{\"@type\":\"WebPage\",\"@id\":\"https:\\\/\\\/www.infodictat.fr\\\/blog\\\/actus-nationales-4-balades-automnales-dans-des-parcs-deurope-france\\\/\",\"url\":\"https:\\\/\\\/www.infodictat.fr\\\/blog\\\/actus-nationales-4-balades-automnales-dans-des-parcs-deurope-france\\\/\",\"name\":\"Actus nationales: 4 balades automnales dans des parcs d\u2019Europe #France - INFODICTAT\",\"isPartOf\":{\"@id\":\"https:\\\/\\\/www.infodictat.fr\\\/blog\\\/#website\"},\"primaryImageOfPage\":{\"@id\":\"https:\\\/\\\/www.infodictat.fr\\\/blog\\\/actus-nationales-4-balades-automnales-dans-des-parcs-deurope-france\\\/#primaryimage\"},\"image\":{\"@id\":\"https:\\\/\\\/www.infodictat.fr\\\/blog\\\/actus-nationales-4-balades-automnales-dans-des-parcs-deurope-france\\\/#primaryimage\"},\"thumbnailUrl\":\"https:\\\/\\\/www.infodictat.fr\\\/blog\\\/wp-content\\\/uploads\\\/2024\\\/11\\\/Actus-nationales-4-balades-automnales-dans-des-parcs-dEurope-France-1024x682-1.jpg\",\"datePublished\":\"2024-11-09T13:00:00+00:00\",\"breadcrumb\":{\"@id\":\"https:\\\/\\\/www.infodictat.fr\\\/blog\\\/actus-nationales-4-balades-automnales-dans-des-parcs-deurope-france\\\/#breadcrumb\"},\"inLanguage\":\"fr-FR\",\"potentialAction\":[{\"@type\":\"ReadAction\",\"target\":[\"https:\\\/\\\/www.infodictat.fr\\\/blog\\\/actus-nationales-4-balades-automnales-dans-des-parcs-deurope-france\\\/\"]}]},{\"@type\":\"ImageObject\",\"inLanguage\":\"fr-FR\",\"@id\":\"https:\\\/\\\/www.infodictat.fr\\\/blog\\\/actus-nationales-4-balades-automnales-dans-des-parcs-deurope-france\\\/#primaryimage\",\"url\":\"https:\\\/\\\/www.infodictat.fr\\\/blog\\\/wp-content\\\/uploads\\\/2024\\\/11\\\/Actus-nationales-4-balades-automnales-dans-des-parcs-dEurope-France-1024x682-1.jpg\",\"contentUrl\":\"https:\\\/\\\/www.infodictat.fr\\\/blog\\\/wp-content\\\/uploads\\\/2024\\\/11\\\/Actus-nationales-4-balades-automnales-dans-des-parcs-dEurope-France-1024x682-1.jpg\",\"width\":1024,\"height\":682},{\"@type\":\"BreadcrumbList\",\"@id\":\"https:\\\/\\\/www.infodictat.fr\\\/blog\\\/actus-nationales-4-balades-automnales-dans-des-parcs-deurope-france\\\/#breadcrumb\",\"itemListElement\":[{\"@type\":\"ListItem\",\"position\":1,\"name\":\"Accueil\",\"item\":\"https:\\\/\\\/www.infodictat.fr\\\/blog\\\/\"},{\"@type\":\"ListItem\",\"position\":2,\"name\":\"Actus nationales: 4 balades automnales dans des parcs d\u2019Europe #France\"}]},{\"@type\":\"WebSite\",\"@id\":\"https:\\\/\\\/www.infodictat.fr\\\/blog\\\/#website\",\"url\":\"https:\\\/\\\/www.infodictat.fr\\\/blog\\\/\",\"name\":\"INFODICTAT\",\"description\":\"La dictature num\u00e9rique.\",\"publisher\":{\"@id\":\"https:\\\/\\\/www.infodictat.fr\\\/blog\\\/#organization\"},\"potentialAction\":[{\"@type\":\"SearchAction\",\"target\":{\"@type\":\"EntryPoint\",\"urlTemplate\":\"https:\\\/\\\/www.infodictat.fr\\\/blog\\\/?s={search_term_string}\"},\"query-input\":{\"@type\":\"PropertyValueSpecification\",\"valueRequired\":true,\"valueName\":\"search_term_string\"}}],\"inLanguage\":\"fr-FR\"},{\"@type\":\"Organization\",\"@id\":\"https:\\\/\\\/www.infodictat.fr\\\/blog\\\/#organization\",\"name\":\"infodictat\",\"url\":\"https:\\\/\\\/www.infodictat.fr\\\/blog\\\/\",\"logo\":{\"@type\":\"ImageObject\",\"inLanguage\":\"fr-FR\",\"@id\":\"https:\\\/\\\/www.infodictat.fr\\\/blog\\\/#\\\/schema\\\/logo\\\/image\\\/\",\"url\":\"https:\\\/\\\/www.infodictat.fr\\\/blog\\\/wp-content\\\/uploads\\\/2023\\\/05\\\/logo-2.png\",\"contentUrl\":\"https:\\\/\\\/www.infodictat.fr\\\/blog\\\/wp-content\\\/uploads\\\/2023\\\/05\\\/logo-2.png\",\"width\":480,\"height\":596,\"caption\":\"infodictat\"},\"image\":{\"@id\":\"https:\\\/\\\/www.infodictat.fr\\\/blog\\\/#\\\/schema\\\/logo\\\/image\\\/\"}},{\"@type\":\"Person\",\"@id\":\"https:\\\/\\\/www.infodictat.fr\\\/blog\\\/#\\\/schema\\\/person\\\/6c2c8af0941702348e8eca9144cc1267\",\"name\":\"Oscar BETHMONT\",\"image\":{\"@type\":\"ImageObject\",\"inLanguage\":\"fr-FR\",\"@id\":\"https:\\\/\\\/secure.gravatar.com\\\/avatar\\\/f80ff32d67d40b919e8be190b7325be3c6cb33ce305ac1d45cadad29128e831e?s=96&d=mm&r=g\",\"url\":\"https:\\\/\\\/secure.gravatar.com\\\/avatar\\\/f80ff32d67d40b919e8be190b7325be3c6cb33ce305ac1d45cadad29128e831e?s=96&d=mm&r=g\",\"contentUrl\":\"https:\\\/\\\/secure.gravatar.com\\\/avatar\\\/f80ff32d67d40b919e8be190b7325be3c6cb33ce305ac1d45cadad29128e831e?s=96&d=mm&r=g\",\"caption\":\"Oscar BETHMONT\"},\"url\":\"https:\\\/\\\/www.infodictat.fr\\\/blog\\\/author\\\/tatoscar\\\/\"}]}<\/script>\n<!-- \/ Yoast SEO plugin. -->","yoast_head_json":{"title":"Actus nationales: 4 balades automnales dans des parcs d\u2019Europe #France - INFODICTAT","robots":{"index":"index","follow":"follow","max-snippet":"max-snippet:-1","max-image-preview":"max-image-preview:large","max-video-preview":"max-video-preview:-1"},"canonical":"https:\/\/www.infodictat.fr\/blog\/actus-nationales-4-balades-automnales-dans-des-parcs-deurope-france\/","og_locale":"fr_FR","og_type":"article","og_title":"Actus nationales: 4 balades automnales dans des parcs d\u2019Europe #France - INFODICTAT","og_description":"4 balades automnales dans des parcs d\u2019Europe annonc\u00e9 par Le Point \u2013 Toute l&rsquo;info en continu le En fouillant le web notre \u00e9quipe a remarqu\u00e9 un post qui va vous ravir. Sa th\u00e9matique est \u00ab\u00a0Actualit\u00e9 fran\u00e7aise\u00a0\u00bb. Ceci a \u00e9t\u00e9 publi\u00e9 par Le Point \u2013 Toute l&rsquo;info en continu Signature . Date et heure de la ... Lire la suite","og_url":"https:\/\/www.infodictat.fr\/blog\/actus-nationales-4-balades-automnales-dans-des-parcs-deurope-france\/","og_site_name":"INFODICTAT","article_published_time":"2024-11-09T13:00:00+00:00","og_image":[{"url":"https:\/\/www.infodictat.fr\/blog\/wp-content\/uploads\/2024\/11\/Actus-nationales-4-balades-automnales-dans-des-parcs-dEurope-France-1024x682-1.jpg","type":"","width":"","height":""}],"author":"Oscar BETHMONT","twitter_card":"summary_large_image","twitter_misc":{"\u00c9crit par":"Oscar BETHMONT","Dur\u00e9e de lecture estim\u00e9e":"7 minutes"},"schema":{"@context":"https:\/\/schema.org","@graph":[{"@type":"Article","@id":"https:\/\/www.infodictat.fr\/blog\/actus-nationales-4-balades-automnales-dans-des-parcs-deurope-france\/#article","isPartOf":{"@id":"https:\/\/www.infodictat.fr\/blog\/actus-nationales-4-balades-automnales-dans-des-parcs-deurope-france\/"},"author":{"name":"Oscar BETHMONT","@id":"https:\/\/www.infodictat.fr\/blog\/#\/schema\/person\/6c2c8af0941702348e8eca9144cc1267"},"headline":"Actus nationales: 4 balades automnales dans des parcs d\u2019Europe #France","datePublished":"2024-11-09T13:00:00+00:00","mainEntityOfPage":{"@id":"https:\/\/www.infodictat.fr\/blog\/actus-nationales-4-balades-automnales-dans-des-parcs-deurope-france\/"},"wordCount":1437,"publisher":{"@id":"https:\/\/www.infodictat.fr\/blog\/#organization"},"image":{"@id":"https:\/\/www.infodictat.fr\/blog\/actus-nationales-4-balades-automnales-dans-des-parcs-deurope-france\/#primaryimage"},"thumbnailUrl":"https:\/\/www.infodictat.fr\/blog\/wp-content\/uploads\/2024\/11\/Actus-nationales-4-balades-automnales-dans-des-parcs-dEurope-France-1024x682-1.jpg","articleSection":["La Dictature Num\u00e9rique:"],"inLanguage":"fr-FR"},{"@type":"WebPage","@id":"https:\/\/www.infodictat.fr\/blog\/actus-nationales-4-balades-automnales-dans-des-parcs-deurope-france\/","url":"https:\/\/www.infodictat.fr\/blog\/actus-nationales-4-balades-automnales-dans-des-parcs-deurope-france\/","name":"Actus nationales: 4 balades automnales dans des parcs d\u2019Europe #France - INFODICTAT","isPartOf":{"@id":"https:\/\/www.infodictat.fr\/blog\/#website"},"primaryImageOfPage":{"@id":"https:\/\/www.infodictat.fr\/blog\/actus-nationales-4-balades-automnales-dans-des-parcs-deurope-france\/#primaryimage"},"image":{"@id":"https:\/\/www.infodictat.fr\/blog\/actus-nationales-4-balades-automnales-dans-des-parcs-deurope-france\/#primaryimage"},"thumbnailUrl":"https:\/\/www.infodictat.fr\/blog\/wp-content\/uploads\/2024\/11\/Actus-nationales-4-balades-automnales-dans-des-parcs-dEurope-France-1024x682-1.jpg","datePublished":"2024-11-09T13:00:00+00:00","breadcrumb":{"@id":"https:\/\/www.infodictat.fr\/blog\/actus-nationales-4-balades-automnales-dans-des-parcs-deurope-france\/#breadcrumb"},"inLanguage":"fr-FR","potentialAction":[{"@type":"ReadAction","target":["https:\/\/www.infodictat.fr\/blog\/actus-nationales-4-balades-automnales-dans-des-parcs-deurope-france\/"]}]},{"@type":"ImageObject","inLanguage":"fr-FR","@id":"https:\/\/www.infodictat.fr\/blog\/actus-nationales-4-balades-automnales-dans-des-parcs-deurope-france\/#primaryimage","url":"https:\/\/www.infodictat.fr\/blog\/wp-content\/uploads\/2024\/11\/Actus-nationales-4-balades-automnales-dans-des-parcs-dEurope-France-1024x682-1.jpg","contentUrl":"https:\/\/www.infodictat.fr\/blog\/wp-content\/uploads\/2024\/11\/Actus-nationales-4-balades-automnales-dans-des-parcs-dEurope-France-1024x682-1.jpg","width":1024,"height":682},{"@type":"BreadcrumbList","@id":"https:\/\/www.infodictat.fr\/blog\/actus-nationales-4-balades-automnales-dans-des-parcs-deurope-france\/#breadcrumb","itemListElement":[{"@type":"ListItem","position":1,"name":"Accueil","item":"https:\/\/www.infodictat.fr\/blog\/"},{"@type":"ListItem","position":2,"name":"Actus nationales: 4 balades automnales dans des parcs d\u2019Europe #France"}]},{"@type":"WebSite","@id":"https:\/\/www.infodictat.fr\/blog\/#website","url":"https:\/\/www.infodictat.fr\/blog\/","name":"INFODICTAT","description":"La dictature num\u00e9rique.","publisher":{"@id":"https:\/\/www.infodictat.fr\/blog\/#organization"},"potentialAction":[{"@type":"SearchAction","target":{"@type":"EntryPoint","urlTemplate":"https:\/\/www.infodictat.fr\/blog\/?s={search_term_string}"},"query-input":{"@type":"PropertyValueSpecification","valueRequired":true,"valueName":"search_term_string"}}],"inLanguage":"fr-FR"},{"@type":"Organization","@id":"https:\/\/www.infodictat.fr\/blog\/#organization","name":"infodictat","url":"https:\/\/www.infodictat.fr\/blog\/","logo":{"@type":"ImageObject","inLanguage":"fr-FR","@id":"https:\/\/www.infodictat.fr\/blog\/#\/schema\/logo\/image\/","url":"https:\/\/www.infodictat.fr\/blog\/wp-content\/uploads\/2023\/05\/logo-2.png","contentUrl":"https:\/\/www.infodictat.fr\/blog\/wp-content\/uploads\/2023\/05\/logo-2.png","width":480,"height":596,"caption":"infodictat"},"image":{"@id":"https:\/\/www.infodictat.fr\/blog\/#\/schema\/logo\/image\/"}},{"@type":"Person","@id":"https:\/\/www.infodictat.fr\/blog\/#\/schema\/person\/6c2c8af0941702348e8eca9144cc1267","name":"Oscar BETHMONT","image":{"@type":"ImageObject","inLanguage":"fr-FR","@id":"https:\/\/secure.gravatar.com\/avatar\/f80ff32d67d40b919e8be190b7325be3c6cb33ce305ac1d45cadad29128e831e?s=96&d=mm&r=g","url":"https:\/\/secure.gravatar.com\/avatar\/f80ff32d67d40b919e8be190b7325be3c6cb33ce305ac1d45cadad29128e831e?s=96&d=mm&r=g","contentUrl":"https:\/\/secure.gravatar.com\/avatar\/f80ff32d67d40b919e8be190b7325be3c6cb33ce305ac1d45cadad29128e831e?s=96&d=mm&r=g","caption":"Oscar BETHMONT"},"url":"https:\/\/www.infodictat.fr\/blog\/author\/tatoscar\/"}]}},"_links":{"self":[{"href":"https:\/\/www.infodictat.fr\/blog\/wp-json\/wp\/v2\/posts\/871","targetHints":{"allow":["GET"]}}],"collection":[{"href":"https:\/\/www.infodictat.fr\/blog\/wp-json\/wp\/v2\/posts"}],"about":[{"href":"https:\/\/www.infodictat.fr\/blog\/wp-json\/wp\/v2\/types\/post"}],"author":[{"embeddable":true,"href":"https:\/\/www.infodictat.fr\/blog\/wp-json\/wp\/v2\/users\/2"}],"replies":[{"embeddable":true,"href":"https:\/\/www.infodictat.fr\/blog\/wp-json\/wp\/v2\/comments?post=871"}],"version-history":[{"count":0,"href":"https:\/\/www.infodictat.fr\/blog\/wp-json\/wp\/v2\/posts\/871\/revisions"}],"wp:featuredmedia":[{"embeddable":true,"href":"https:\/\/www.infodictat.fr\/blog\/wp-json\/wp\/v2\/media\/872"}],"wp:attachment":[{"href":"https:\/\/www.infodictat.fr\/blog\/wp-json\/wp\/v2\/media?parent=871"}],"wp:term":[{"taxonomy":"category","embeddable":true,"href":"https:\/\/www.infodictat.fr\/blog\/wp-json\/wp\/v2\/categories?post=871"},{"taxonomy":"post_tag","embeddable":true,"href":"https:\/\/www.infodictat.fr\/blog\/wp-json\/wp\/v2\/tags?post=871"}],"curies":[{"name":"wp","href":"https:\/\/api.w.org\/{rel}","templated":true}]}}