{"id":845,"date":"2024-10-25T15:05:51","date_gmt":"2024-10-25T13:05:51","guid":{"rendered":"https:\/\/www.infodictat.fr\/blog\/actualites-france-arrestation-en-colombie-dun-italien-intermediaire-entre-les-cartels-de-la-drogue-et-la-mafia-napolitaine\/"},"modified":"2024-10-25T15:05:51","modified_gmt":"2024-10-25T13:05:51","slug":"actualites-france-arrestation-en-colombie-dun-italien-intermediaire-entre-les-cartels-de-la-drogue-et-la-mafia-napolitaine","status":"publish","type":"post","link":"https:\/\/www.infodictat.fr\/blog\/actualites-france-arrestation-en-colombie-dun-italien-intermediaire-entre-les-cartels-de-la-drogue-et-la-mafia-napolitaine\/","title":{"rendered":"Actualit\u00e9s france: Arrestation en Colombie d&rsquo;un Italien, interm\u00e9diaire entre les cartels de la drogue et la mafia napolitaine"},"content":{"rendered":"<div><img width=\"580\" height=\"326\" src=\"https:\/\/www.infodictat.fr\/blog\/wp-content\/uploads\/2024\/10\/Actualites-france-Arrestation-en-Colombie-d39un-Italien-intermediaire-entre-les.jpg\" class=\"attachment-large size-large wp-post-image\" alt=\"Actualites-france-Arrestation-en-Colombie-d39un-Italien-intermediaire-entre-les\" style=\"float:left; margin:0 15px 15px 0;\" decoding=\"async\" srcset=\"https:\/\/www.infodictat.fr\/blog\/wp-content\/uploads\/2024\/10\/Actualites-france-Arrestation-en-Colombie-d39un-Italien-intermediaire-entre-les.jpg 1024w, https:\/\/www.site.cdcl.xyz\/wp-content\/uploads\/2024\/10\/Actualites-france-Arrestation-en-Colombie-d39un-Italien-intermediaire-entre-les-300x169.jpg 300w, https:\/\/www.site.cdcl.xyz\/wp-content\/uploads\/2024\/10\/Actualites-france-Arrestation-en-Colombie-d39un-Italien-intermediaire-entre-les-768x432.jpg 768w\" sizes=\"(max-width: 580px) 100vw, 580px\"><\/p>\n<p><img decoding=\"async\" src=\"https:\/\/www.infodictat.fr\/blog\/wp-content\/uploads\/2024\/10\/Actus-france-Arrestation-en-Colombie-d39un-Italien-intermediaire-entre-les.jpg\"><br \/>La police italienne a annonc\u00e9 le 24 octobre 2024 l&rsquo;arrestation en Colombie de Luigi Belvedere, un fugitif dangereux accus\u00e9 d&rsquo;\u00eatre l&rsquo;interm\u00e9diaire entre les cartels de la drogue du pays latino-am\u00e9ricain et la mafia napolitaine. Condamn\u00e9 \u00e0 pr\u00e8s de 19 ans de prison pour trafic international de drogue, il \u00e9tait recherch\u00e9 depuis d\u00e9cembre 2020.<\/p>\n<p>Bibliographie :<\/p>\n<p>Histoire de France\/La R\u00e9publique et l\u2019Empire.,<a href=\"https:\/\/fr.wikibooks.org\/wiki\/Histoire_de_France\/La_R%C3%A9publique_et_l%27Empire\" target=\"_blank\" rel=\"noopener noreferrer nofollow\">Lien sur la description compl\u00e8te<\/a><span><\/span>.<\/p>\n<p>Le Roi tu\u00e9 par un cochon. Une mort inf\u00e2me aux origines des embl\u00e8mes de la France ?.,<a href=\"https:\/\/www.kobo.com\/fr\/fr\/ebook\/le-roi-tue-par-un-cochon-une-mort-infame-aux-origines-des-emblemes-de-la-france-2\" target=\"_blank\" rel=\"noopener noreferrer nofollow\">Le livre <\/a><span><\/span>. Disponible dans toutes les bonnes librairies.<\/p>\n<p>Ti amo Francia.,<a href=\"https:\/\/www.kobo.com\/fr\/fr\/ebook\/ti-amo-francia-2\" target=\"_blank\" rel=\"noopener noreferrer nofollow\">(la couverture) <\/a><span><\/span>. Disponible Sur AMAZON.<\/p>\n<\/div>\n<p><img decoding=\"async\" class=\"wpe_imgrss\" src=\"https:\/\/www.infodictat.fr\/blog\/wp-content\/uploads\/2024\/10\/Actualites-france-Arrestation-en-Colombie-d39un-Italien-intermediaire-entre-les.jpg\">Vous pouvez lire ce post traitant le sujet \u00ab\u00a0La dictature num\u00e9rique\u00a0\u00bb. Il est produit par la r\u00e9daction de infodictat.fr. Le site infodictat.fr a pour objectif de publier plusieurs articles autour du sujet La dictature num\u00e9rique d\u00e9velopp\u00e9es sur le web. Cette chronique se veut g\u00e9n\u00e9r\u00e9e de la fa\u00e7on la plus juste qui soit. Pour \u00e9mettre des remarques sur ce dossier autour du sujet \u00ab\u00a0La dictature num\u00e9rique\u00a0\u00bb prenez les contacts indiqu\u00e9s sur notre site internet. En consultant r\u00e9guli\u00e8rement nos contenus de blog vous serez au courant des futures parutions.<\/p>\n","protected":false},"excerpt":{"rendered":"<p>La police italienne a annonc\u00e9 le 24 octobre 2024 l&rsquo;arrestation en Colombie de Luigi Belvedere, un fugitif dangereux accus\u00e9 d&rsquo;\u00eatre l&rsquo;interm\u00e9diaire entre les cartels de la drogue du pays latino-am\u00e9ricain et la mafia napolitaine. Condamn\u00e9 \u00e0 pr\u00e8s de 19 ans de prison pour trafic international de drogue, il \u00e9tait recherch\u00e9 depuis d\u00e9cembre 2020. Bibliographie : &#8230; <a title=\"Actualit\u00e9s france: Arrestation en Colombie d&rsquo;un Italien, interm\u00e9diaire entre les cartels de la drogue et la mafia napolitaine\" class=\"read-more\" href=\"https:\/\/www.infodictat.fr\/blog\/actualites-france-arrestation-en-colombie-dun-italien-intermediaire-entre-les-cartels-de-la-drogue-et-la-mafia-napolitaine\/\" aria-label=\"En savoir plus sur Actualit\u00e9s france: Arrestation en Colombie d&rsquo;un Italien, interm\u00e9diaire entre les cartels de la drogue et la mafia napolitaine\">Lire la suite<\/a><\/p>\n","protected":false},"author":2,"featured_media":846,"comment_status":"closed","ping_status":"closed","sticky":false,"template":"","format":"standard","meta":{"footnotes":""},"categories":[2],"tags":[],"class_list":["post-845","post","type-post","status-publish","format-standard","has-post-thumbnail","hentry","category-la-dictature-numerique"],"yoast_head":"<!-- This site is optimized with the Yoast SEO plugin v27.5 - https:\/\/yoast.com\/product\/yoast-seo-wordpress\/ -->\n<title>Actualit\u00e9s france: Arrestation en Colombie d&#039;un Italien, interm\u00e9diaire entre les cartels de la drogue et la mafia napolitaine - INFODICTAT<\/title>\n<meta name=\"robots\" content=\"index, follow, max-snippet:-1, max-image-preview:large, max-video-preview:-1\" \/>\n<link rel=\"canonical\" href=\"https:\/\/www.infodictat.fr\/blog\/actualites-france-arrestation-en-colombie-dun-italien-intermediaire-entre-les-cartels-de-la-drogue-et-la-mafia-napolitaine\/\" \/>\n<meta property=\"og:locale\" content=\"fr_FR\" \/>\n<meta property=\"og:type\" content=\"article\" \/>\n<meta property=\"og:title\" content=\"Actualit\u00e9s france: Arrestation en Colombie d&#039;un Italien, interm\u00e9diaire entre les cartels de la drogue et la mafia napolitaine - INFODICTAT\" \/>\n<meta property=\"og:description\" content=\"La police italienne a annonc\u00e9 le 24 octobre 2024 l&rsquo;arrestation en Colombie de Luigi Belvedere, un fugitif dangereux accus\u00e9 d&rsquo;\u00eatre l&rsquo;interm\u00e9diaire entre les cartels de la drogue du pays latino-am\u00e9ricain et la mafia napolitaine. Condamn\u00e9 \u00e0 pr\u00e8s de 19 ans de prison pour trafic international de drogue, il \u00e9tait recherch\u00e9 depuis d\u00e9cembre 2020. Bibliographie : ... Lire la suite\" \/>\n<meta property=\"og:url\" content=\"https:\/\/www.infodictat.fr\/blog\/actualites-france-arrestation-en-colombie-dun-italien-intermediaire-entre-les-cartels-de-la-drogue-et-la-mafia-napolitaine\/\" \/>\n<meta property=\"og:site_name\" content=\"INFODICTAT\" \/>\n<meta property=\"article:published_time\" content=\"2024-10-25T13:05:51+00:00\" \/>\n<meta property=\"og:image\" content=\"https:\/\/www.infodictat.fr\/blog\/wp-content\/uploads\/2024\/10\/Actualites-france-Arrestation-en-Colombie-d39un-Italien-intermediaire-entre-les.jpg\" \/>\n<meta name=\"author\" content=\"Oscar BETHMONT\" \/>\n<meta name=\"twitter:card\" content=\"summary_large_image\" \/>\n<meta name=\"twitter:label1\" content=\"\u00c9crit par\" \/>\n\t<meta name=\"twitter:data1\" content=\"Oscar BETHMONT\" \/>\n\t<meta name=\"twitter:label2\" content=\"Dur\u00e9e de lecture estim\u00e9e\" \/>\n\t<meta name=\"twitter:data2\" content=\"1 minute\" \/>\n<script type=\"application\/ld+json\" class=\"yoast-schema-graph\">{\"@context\":\"https:\\\/\\\/schema.org\",\"@graph\":[{\"@type\":\"Article\",\"@id\":\"https:\\\/\\\/www.infodictat.fr\\\/blog\\\/actualites-france-arrestation-en-colombie-dun-italien-intermediaire-entre-les-cartels-de-la-drogue-et-la-mafia-napolitaine\\\/#article\",\"isPartOf\":{\"@id\":\"https:\\\/\\\/www.infodictat.fr\\\/blog\\\/actualites-france-arrestation-en-colombie-dun-italien-intermediaire-entre-les-cartels-de-la-drogue-et-la-mafia-napolitaine\\\/\"},\"author\":{\"name\":\"Oscar BETHMONT\",\"@id\":\"https:\\\/\\\/www.infodictat.fr\\\/blog\\\/#\\\/schema\\\/person\\\/6c2c8af0941702348e8eca9144cc1267\"},\"headline\":\"Actualit\u00e9s france: Arrestation en Colombie d&rsquo;un Italien, interm\u00e9diaire entre les cartels de la drogue et la mafia napolitaine\",\"datePublished\":\"2024-10-25T13:05:51+00:00\",\"mainEntityOfPage\":{\"@id\":\"https:\\\/\\\/www.infodictat.fr\\\/blog\\\/actualites-france-arrestation-en-colombie-dun-italien-intermediaire-entre-les-cartels-de-la-drogue-et-la-mafia-napolitaine\\\/\"},\"wordCount\":225,\"publisher\":{\"@id\":\"https:\\\/\\\/www.infodictat.fr\\\/blog\\\/#organization\"},\"image\":{\"@id\":\"https:\\\/\\\/www.infodictat.fr\\\/blog\\\/actualites-france-arrestation-en-colombie-dun-italien-intermediaire-entre-les-cartels-de-la-drogue-et-la-mafia-napolitaine\\\/#primaryimage\"},\"thumbnailUrl\":\"https:\\\/\\\/www.infodictat.fr\\\/blog\\\/wp-content\\\/uploads\\\/2024\\\/10\\\/Actualites-france-Arrestation-en-Colombie-d39un-Italien-intermediaire-entre-les.jpg\",\"articleSection\":[\"La Dictature Num\u00e9rique:\"],\"inLanguage\":\"fr-FR\"},{\"@type\":\"WebPage\",\"@id\":\"https:\\\/\\\/www.infodictat.fr\\\/blog\\\/actualites-france-arrestation-en-colombie-dun-italien-intermediaire-entre-les-cartels-de-la-drogue-et-la-mafia-napolitaine\\\/\",\"url\":\"https:\\\/\\\/www.infodictat.fr\\\/blog\\\/actualites-france-arrestation-en-colombie-dun-italien-intermediaire-entre-les-cartels-de-la-drogue-et-la-mafia-napolitaine\\\/\",\"name\":\"Actualit\u00e9s france: Arrestation en Colombie d'un Italien, interm\u00e9diaire entre les cartels de la drogue et la mafia napolitaine - INFODICTAT\",\"isPartOf\":{\"@id\":\"https:\\\/\\\/www.infodictat.fr\\\/blog\\\/#website\"},\"primaryImageOfPage\":{\"@id\":\"https:\\\/\\\/www.infodictat.fr\\\/blog\\\/actualites-france-arrestation-en-colombie-dun-italien-intermediaire-entre-les-cartels-de-la-drogue-et-la-mafia-napolitaine\\\/#primaryimage\"},\"image\":{\"@id\":\"https:\\\/\\\/www.infodictat.fr\\\/blog\\\/actualites-france-arrestation-en-colombie-dun-italien-intermediaire-entre-les-cartels-de-la-drogue-et-la-mafia-napolitaine\\\/#primaryimage\"},\"thumbnailUrl\":\"https:\\\/\\\/www.infodictat.fr\\\/blog\\\/wp-content\\\/uploads\\\/2024\\\/10\\\/Actualites-france-Arrestation-en-Colombie-d39un-Italien-intermediaire-entre-les.jpg\",\"datePublished\":\"2024-10-25T13:05:51+00:00\",\"breadcrumb\":{\"@id\":\"https:\\\/\\\/www.infodictat.fr\\\/blog\\\/actualites-france-arrestation-en-colombie-dun-italien-intermediaire-entre-les-cartels-de-la-drogue-et-la-mafia-napolitaine\\\/#breadcrumb\"},\"inLanguage\":\"fr-FR\",\"potentialAction\":[{\"@type\":\"ReadAction\",\"target\":[\"https:\\\/\\\/www.infodictat.fr\\\/blog\\\/actualites-france-arrestation-en-colombie-dun-italien-intermediaire-entre-les-cartels-de-la-drogue-et-la-mafia-napolitaine\\\/\"]}]},{\"@type\":\"ImageObject\",\"inLanguage\":\"fr-FR\",\"@id\":\"https:\\\/\\\/www.infodictat.fr\\\/blog\\\/actualites-france-arrestation-en-colombie-dun-italien-intermediaire-entre-les-cartels-de-la-drogue-et-la-mafia-napolitaine\\\/#primaryimage\",\"url\":\"https:\\\/\\\/www.infodictat.fr\\\/blog\\\/wp-content\\\/uploads\\\/2024\\\/10\\\/Actualites-france-Arrestation-en-Colombie-d39un-Italien-intermediaire-entre-les.jpg\",\"contentUrl\":\"https:\\\/\\\/www.infodictat.fr\\\/blog\\\/wp-content\\\/uploads\\\/2024\\\/10\\\/Actualites-france-Arrestation-en-Colombie-d39un-Italien-intermediaire-entre-les.jpg\",\"width\":1024,\"height\":576},{\"@type\":\"BreadcrumbList\",\"@id\":\"https:\\\/\\\/www.infodictat.fr\\\/blog\\\/actualites-france-arrestation-en-colombie-dun-italien-intermediaire-entre-les-cartels-de-la-drogue-et-la-mafia-napolitaine\\\/#breadcrumb\",\"itemListElement\":[{\"@type\":\"ListItem\",\"position\":1,\"name\":\"Accueil\",\"item\":\"https:\\\/\\\/www.infodictat.fr\\\/blog\\\/\"},{\"@type\":\"ListItem\",\"position\":2,\"name\":\"Actualit\u00e9s france: Arrestation en Colombie d&rsquo;un Italien, interm\u00e9diaire entre les cartels de la drogue et la mafia napolitaine\"}]},{\"@type\":\"WebSite\",\"@id\":\"https:\\\/\\\/www.infodictat.fr\\\/blog\\\/#website\",\"url\":\"https:\\\/\\\/www.infodictat.fr\\\/blog\\\/\",\"name\":\"INFODICTAT\",\"description\":\"La dictature num\u00e9rique.\",\"publisher\":{\"@id\":\"https:\\\/\\\/www.infodictat.fr\\\/blog\\\/#organization\"},\"potentialAction\":[{\"@type\":\"SearchAction\",\"target\":{\"@type\":\"EntryPoint\",\"urlTemplate\":\"https:\\\/\\\/www.infodictat.fr\\\/blog\\\/?s={search_term_string}\"},\"query-input\":{\"@type\":\"PropertyValueSpecification\",\"valueRequired\":true,\"valueName\":\"search_term_string\"}}],\"inLanguage\":\"fr-FR\"},{\"@type\":\"Organization\",\"@id\":\"https:\\\/\\\/www.infodictat.fr\\\/blog\\\/#organization\",\"name\":\"infodictat\",\"url\":\"https:\\\/\\\/www.infodictat.fr\\\/blog\\\/\",\"logo\":{\"@type\":\"ImageObject\",\"inLanguage\":\"fr-FR\",\"@id\":\"https:\\\/\\\/www.infodictat.fr\\\/blog\\\/#\\\/schema\\\/logo\\\/image\\\/\",\"url\":\"https:\\\/\\\/www.infodictat.fr\\\/blog\\\/wp-content\\\/uploads\\\/2023\\\/05\\\/logo-2.png\",\"contentUrl\":\"https:\\\/\\\/www.infodictat.fr\\\/blog\\\/wp-content\\\/uploads\\\/2023\\\/05\\\/logo-2.png\",\"width\":480,\"height\":596,\"caption\":\"infodictat\"},\"image\":{\"@id\":\"https:\\\/\\\/www.infodictat.fr\\\/blog\\\/#\\\/schema\\\/logo\\\/image\\\/\"}},{\"@type\":\"Person\",\"@id\":\"https:\\\/\\\/www.infodictat.fr\\\/blog\\\/#\\\/schema\\\/person\\\/6c2c8af0941702348e8eca9144cc1267\",\"name\":\"Oscar BETHMONT\",\"image\":{\"@type\":\"ImageObject\",\"inLanguage\":\"fr-FR\",\"@id\":\"https:\\\/\\\/secure.gravatar.com\\\/avatar\\\/f80ff32d67d40b919e8be190b7325be3c6cb33ce305ac1d45cadad29128e831e?s=96&d=mm&r=g\",\"url\":\"https:\\\/\\\/secure.gravatar.com\\\/avatar\\\/f80ff32d67d40b919e8be190b7325be3c6cb33ce305ac1d45cadad29128e831e?s=96&d=mm&r=g\",\"contentUrl\":\"https:\\\/\\\/secure.gravatar.com\\\/avatar\\\/f80ff32d67d40b919e8be190b7325be3c6cb33ce305ac1d45cadad29128e831e?s=96&d=mm&r=g\",\"caption\":\"Oscar BETHMONT\"},\"url\":\"https:\\\/\\\/www.infodictat.fr\\\/blog\\\/author\\\/tatoscar\\\/\"}]}<\/script>\n<!-- \/ Yoast SEO plugin. -->","yoast_head_json":{"title":"Actualit\u00e9s france: Arrestation en Colombie d'un Italien, interm\u00e9diaire entre les cartels de la drogue et la mafia napolitaine - INFODICTAT","robots":{"index":"index","follow":"follow","max-snippet":"max-snippet:-1","max-image-preview":"max-image-preview:large","max-video-preview":"max-video-preview:-1"},"canonical":"https:\/\/www.infodictat.fr\/blog\/actualites-france-arrestation-en-colombie-dun-italien-intermediaire-entre-les-cartels-de-la-drogue-et-la-mafia-napolitaine\/","og_locale":"fr_FR","og_type":"article","og_title":"Actualit\u00e9s france: Arrestation en Colombie d'un Italien, interm\u00e9diaire entre les cartels de la drogue et la mafia napolitaine - INFODICTAT","og_description":"La police italienne a annonc\u00e9 le 24 octobre 2024 l&rsquo;arrestation en Colombie de Luigi Belvedere, un fugitif dangereux accus\u00e9 d&rsquo;\u00eatre l&rsquo;interm\u00e9diaire entre les cartels de la drogue du pays latino-am\u00e9ricain et la mafia napolitaine. Condamn\u00e9 \u00e0 pr\u00e8s de 19 ans de prison pour trafic international de drogue, il \u00e9tait recherch\u00e9 depuis d\u00e9cembre 2020. Bibliographie : ... Lire la suite","og_url":"https:\/\/www.infodictat.fr\/blog\/actualites-france-arrestation-en-colombie-dun-italien-intermediaire-entre-les-cartels-de-la-drogue-et-la-mafia-napolitaine\/","og_site_name":"INFODICTAT","article_published_time":"2024-10-25T13:05:51+00:00","og_image":[{"url":"https:\/\/www.infodictat.fr\/blog\/wp-content\/uploads\/2024\/10\/Actualites-france-Arrestation-en-Colombie-d39un-Italien-intermediaire-entre-les.jpg","type":"","width":"","height":""}],"author":"Oscar BETHMONT","twitter_card":"summary_large_image","twitter_misc":{"\u00c9crit par":"Oscar BETHMONT","Dur\u00e9e de lecture estim\u00e9e":"1 minute"},"schema":{"@context":"https:\/\/schema.org","@graph":[{"@type":"Article","@id":"https:\/\/www.infodictat.fr\/blog\/actualites-france-arrestation-en-colombie-dun-italien-intermediaire-entre-les-cartels-de-la-drogue-et-la-mafia-napolitaine\/#article","isPartOf":{"@id":"https:\/\/www.infodictat.fr\/blog\/actualites-france-arrestation-en-colombie-dun-italien-intermediaire-entre-les-cartels-de-la-drogue-et-la-mafia-napolitaine\/"},"author":{"name":"Oscar BETHMONT","@id":"https:\/\/www.infodictat.fr\/blog\/#\/schema\/person\/6c2c8af0941702348e8eca9144cc1267"},"headline":"Actualit\u00e9s france: Arrestation en Colombie d&rsquo;un Italien, interm\u00e9diaire entre les cartels de la drogue et la mafia napolitaine","datePublished":"2024-10-25T13:05:51+00:00","mainEntityOfPage":{"@id":"https:\/\/www.infodictat.fr\/blog\/actualites-france-arrestation-en-colombie-dun-italien-intermediaire-entre-les-cartels-de-la-drogue-et-la-mafia-napolitaine\/"},"wordCount":225,"publisher":{"@id":"https:\/\/www.infodictat.fr\/blog\/#organization"},"image":{"@id":"https:\/\/www.infodictat.fr\/blog\/actualites-france-arrestation-en-colombie-dun-italien-intermediaire-entre-les-cartels-de-la-drogue-et-la-mafia-napolitaine\/#primaryimage"},"thumbnailUrl":"https:\/\/www.infodictat.fr\/blog\/wp-content\/uploads\/2024\/10\/Actualites-france-Arrestation-en-Colombie-d39un-Italien-intermediaire-entre-les.jpg","articleSection":["La Dictature Num\u00e9rique:"],"inLanguage":"fr-FR"},{"@type":"WebPage","@id":"https:\/\/www.infodictat.fr\/blog\/actualites-france-arrestation-en-colombie-dun-italien-intermediaire-entre-les-cartels-de-la-drogue-et-la-mafia-napolitaine\/","url":"https:\/\/www.infodictat.fr\/blog\/actualites-france-arrestation-en-colombie-dun-italien-intermediaire-entre-les-cartels-de-la-drogue-et-la-mafia-napolitaine\/","name":"Actualit\u00e9s france: Arrestation en Colombie d'un Italien, interm\u00e9diaire entre les cartels de la drogue et la mafia napolitaine - INFODICTAT","isPartOf":{"@id":"https:\/\/www.infodictat.fr\/blog\/#website"},"primaryImageOfPage":{"@id":"https:\/\/www.infodictat.fr\/blog\/actualites-france-arrestation-en-colombie-dun-italien-intermediaire-entre-les-cartels-de-la-drogue-et-la-mafia-napolitaine\/#primaryimage"},"image":{"@id":"https:\/\/www.infodictat.fr\/blog\/actualites-france-arrestation-en-colombie-dun-italien-intermediaire-entre-les-cartels-de-la-drogue-et-la-mafia-napolitaine\/#primaryimage"},"thumbnailUrl":"https:\/\/www.infodictat.fr\/blog\/wp-content\/uploads\/2024\/10\/Actualites-france-Arrestation-en-Colombie-d39un-Italien-intermediaire-entre-les.jpg","datePublished":"2024-10-25T13:05:51+00:00","breadcrumb":{"@id":"https:\/\/www.infodictat.fr\/blog\/actualites-france-arrestation-en-colombie-dun-italien-intermediaire-entre-les-cartels-de-la-drogue-et-la-mafia-napolitaine\/#breadcrumb"},"inLanguage":"fr-FR","potentialAction":[{"@type":"ReadAction","target":["https:\/\/www.infodictat.fr\/blog\/actualites-france-arrestation-en-colombie-dun-italien-intermediaire-entre-les-cartels-de-la-drogue-et-la-mafia-napolitaine\/"]}]},{"@type":"ImageObject","inLanguage":"fr-FR","@id":"https:\/\/www.infodictat.fr\/blog\/actualites-france-arrestation-en-colombie-dun-italien-intermediaire-entre-les-cartels-de-la-drogue-et-la-mafia-napolitaine\/#primaryimage","url":"https:\/\/www.infodictat.fr\/blog\/wp-content\/uploads\/2024\/10\/Actualites-france-Arrestation-en-Colombie-d39un-Italien-intermediaire-entre-les.jpg","contentUrl":"https:\/\/www.infodictat.fr\/blog\/wp-content\/uploads\/2024\/10\/Actualites-france-Arrestation-en-Colombie-d39un-Italien-intermediaire-entre-les.jpg","width":1024,"height":576},{"@type":"BreadcrumbList","@id":"https:\/\/www.infodictat.fr\/blog\/actualites-france-arrestation-en-colombie-dun-italien-intermediaire-entre-les-cartels-de-la-drogue-et-la-mafia-napolitaine\/#breadcrumb","itemListElement":[{"@type":"ListItem","position":1,"name":"Accueil","item":"https:\/\/www.infodictat.fr\/blog\/"},{"@type":"ListItem","position":2,"name":"Actualit\u00e9s france: Arrestation en Colombie d&rsquo;un Italien, interm\u00e9diaire entre les cartels de la drogue et la mafia napolitaine"}]},{"@type":"WebSite","@id":"https:\/\/www.infodictat.fr\/blog\/#website","url":"https:\/\/www.infodictat.fr\/blog\/","name":"INFODICTAT","description":"La dictature num\u00e9rique.","publisher":{"@id":"https:\/\/www.infodictat.fr\/blog\/#organization"},"potentialAction":[{"@type":"SearchAction","target":{"@type":"EntryPoint","urlTemplate":"https:\/\/www.infodictat.fr\/blog\/?s={search_term_string}"},"query-input":{"@type":"PropertyValueSpecification","valueRequired":true,"valueName":"search_term_string"}}],"inLanguage":"fr-FR"},{"@type":"Organization","@id":"https:\/\/www.infodictat.fr\/blog\/#organization","name":"infodictat","url":"https:\/\/www.infodictat.fr\/blog\/","logo":{"@type":"ImageObject","inLanguage":"fr-FR","@id":"https:\/\/www.infodictat.fr\/blog\/#\/schema\/logo\/image\/","url":"https:\/\/www.infodictat.fr\/blog\/wp-content\/uploads\/2023\/05\/logo-2.png","contentUrl":"https:\/\/www.infodictat.fr\/blog\/wp-content\/uploads\/2023\/05\/logo-2.png","width":480,"height":596,"caption":"infodictat"},"image":{"@id":"https:\/\/www.infodictat.fr\/blog\/#\/schema\/logo\/image\/"}},{"@type":"Person","@id":"https:\/\/www.infodictat.fr\/blog\/#\/schema\/person\/6c2c8af0941702348e8eca9144cc1267","name":"Oscar BETHMONT","image":{"@type":"ImageObject","inLanguage":"fr-FR","@id":"https:\/\/secure.gravatar.com\/avatar\/f80ff32d67d40b919e8be190b7325be3c6cb33ce305ac1d45cadad29128e831e?s=96&d=mm&r=g","url":"https:\/\/secure.gravatar.com\/avatar\/f80ff32d67d40b919e8be190b7325be3c6cb33ce305ac1d45cadad29128e831e?s=96&d=mm&r=g","contentUrl":"https:\/\/secure.gravatar.com\/avatar\/f80ff32d67d40b919e8be190b7325be3c6cb33ce305ac1d45cadad29128e831e?s=96&d=mm&r=g","caption":"Oscar BETHMONT"},"url":"https:\/\/www.infodictat.fr\/blog\/author\/tatoscar\/"}]}},"_links":{"self":[{"href":"https:\/\/www.infodictat.fr\/blog\/wp-json\/wp\/v2\/posts\/845","targetHints":{"allow":["GET"]}}],"collection":[{"href":"https:\/\/www.infodictat.fr\/blog\/wp-json\/wp\/v2\/posts"}],"about":[{"href":"https:\/\/www.infodictat.fr\/blog\/wp-json\/wp\/v2\/types\/post"}],"author":[{"embeddable":true,"href":"https:\/\/www.infodictat.fr\/blog\/wp-json\/wp\/v2\/users\/2"}],"replies":[{"embeddable":true,"href":"https:\/\/www.infodictat.fr\/blog\/wp-json\/wp\/v2\/comments?post=845"}],"version-history":[{"count":0,"href":"https:\/\/www.infodictat.fr\/blog\/wp-json\/wp\/v2\/posts\/845\/revisions"}],"wp:featuredmedia":[{"embeddable":true,"href":"https:\/\/www.infodictat.fr\/blog\/wp-json\/wp\/v2\/media\/846"}],"wp:attachment":[{"href":"https:\/\/www.infodictat.fr\/blog\/wp-json\/wp\/v2\/media?parent=845"}],"wp:term":[{"taxonomy":"category","embeddable":true,"href":"https:\/\/www.infodictat.fr\/blog\/wp-json\/wp\/v2\/categories?post=845"},{"taxonomy":"post_tag","embeddable":true,"href":"https:\/\/www.infodictat.fr\/blog\/wp-json\/wp\/v2\/tags?post=845"}],"curies":[{"name":"wp","href":"https:\/\/api.w.org\/{rel}","templated":true}]}}