{"id":832,"date":"2024-10-16T12:54:46","date_gmt":"2024-10-16T10:54:46","guid":{"rendered":"https:\/\/www.infodictat.fr\/blog\/actus-francaises-le-crif-et-des-macronistes-choques-par-les-propos-de-macron-sur-netanyahou-france\/"},"modified":"2024-10-16T12:54:46","modified_gmt":"2024-10-16T10:54:46","slug":"actus-francaises-le-crif-et-des-macronistes-choques-par-les-propos-de-macron-sur-netanyahou-france","status":"publish","type":"post","link":"https:\/\/www.infodictat.fr\/blog\/actus-francaises-le-crif-et-des-macronistes-choques-par-les-propos-de-macron-sur-netanyahou-france\/","title":{"rendered":"Actus fran\u00e7aises: le Crif et des macronistes choqu\u00e9s par les propos de Macron sur Netanyahou #France"},"content":{"rendered":"<div><img width=\"580\" height=\"387\" src=\"https:\/\/www.infodictat.fr\/blog\/wp-content\/uploads\/2024\/10\/Actus-francaises-le-Crif-et-des-macronistes-choques-par-les-1024x683-1.jpg\" class=\"attachment-large size-large wp-post-image\" alt=\"Actus-francaises-le-Crif-et-des-macronistes-choques-par-les\" style=\"float:left; margin:0 15px 15px 0;\" decoding=\"async\" srcset=\"https:\/\/www.infodictat.fr\/blog\/wp-content\/uploads\/2024\/10\/Actus-francaises-le-Crif-et-des-macronistes-choques-par-les-1024x683-1.jpg 1024w, https:\/\/www.site.cdcl.xyz\/wp-content\/uploads\/2024\/10\/Actus-francaises-le-Crif-et-des-macronistes-choques-par-les-300x200.jpg 300w, https:\/\/www.site.cdcl.xyz\/wp-content\/uploads\/2024\/10\/Actus-francaises-le-Crif-et-des-macronistes-choques-par-les-768x512.jpg 768w, https:\/\/www.site.cdcl.xyz\/wp-content\/uploads\/2024\/10\/Actus-francaises-le-Crif-et-des-macronistes-choques-par-les-1200x800.jpg 1200w, https:\/\/www.infodictat.fr\/blog\/wp-content\/uploads\/2024\/10\/Actus-francaises-le-Crif-et-des-macronistes-choques-par-les.jpg 1440w\" sizes=\"(max-width: 580px) 100vw, 580px\"><\/p>\n<h1>le Crif et des macronistes choqu\u00e9s par les propos de Macron sur Netanyahou diffus\u00e9 par Le Point \u2013 Politique le <span id=\"datecrea\"><\/span> <\/h1>\n<p>Ce papier ayant pour th\u00e9matique \u00ab\u00a0Actualit\u00e9 fran\u00e7aise\u00a0\u00bb circule sur le web, nous avons voulu vous le publier sans attendre.<\/p>\n<h2>\nPubli\u00e9 sur Le Point \u2013 Politique, l\u2019article ci-dessous<\/h2>\n<p><u>Signature  . <\/u><\/p>\n<p><u>Date et heure de la r\u00e9ception de la d\u00e9p\u00e9che sur notre fil d\u2019info:<\/u><strong><span id=\"date\"><\/span><\/strong><\/p>\n<p><u>Date et heure de publication sur internet:<\/u> <strong><span id=\"datecrea\"><\/span><\/strong><\/p>\n<p><u>Titre exacte donn\u00e9 par le journal \u00e9tait:<\/u> <strong>le Crif et des macronistes choqu\u00e9s par les propos de Macron sur Netanyahou<\/strong><\/p>\n<p><u>Information et contenu publi\u00e9s :<\/u><\/p>\n<p><img decoding=\"async\" src=\"https:\/\/www.infodictat.fr\/blog\/wp-content\/uploads\/2024\/10\/Actus-francaises-le-Crif-et-des-macronistes-choques-par-les.jpg\"><\/p>\n<div id=\"contenu\">\n        <!-- include t_www_2023\/pages\/article\/blocs\/tag_pub.tpl --><br \/>\n        <!-- include \/t_www_2023\/pages\/article\/blocs\/tag_pub.tpl --><\/p>\n<p><span class=\"dflt-txt__lettrine\">C\u2019<\/span>est une petite phrase qui a suscit\u00e9 l\u2019ire d\u2019une partie de\u00a0son camp, et bien au-del\u00e0. Selon plusieurs participants au dernier conseil des ministres qui s\u2019est tenu mardi 15\u00a0octobre, le chef de l\u2019\u00c9tat a d\u00e9clar\u00e9 lors de cette r\u00e9union qu\u2019Isra\u00ebl \u00ab\u00a0a \u00e9t\u00e9 cr\u00e9\u00e9 par une d\u00e9cision de l\u2019ONU\u00a0\u00bb et que Benyamin Netanyahou devrait ne pas \u00ab\u00a0l\u2019oublier\u00a0\u00bb, consid\u00e9rant que \u00ab\u00a0par cons\u00e9quent ce n\u2019est pas le moment de s\u2019affranchir des d\u00e9cisions de l\u2019ONU\u00a0\u00bb. Des mots qui ont fait vivement r\u00e9agir les \u00e9lus de l\u2019ancienne majorit\u00e9 pr\u00e9sidentielle, le Crif et le Premier ministre isra\u00e9lien lui-m\u00eame.<\/p>\n<section class=\"mbl txtcenter\"><\/section>\n<div id=\"newsletter\" class=\"bloc-1 title-top\">\n<span class=\"h2\">La newsletter politique<\/span><\/p>\n<div class=\"step-1\">\n<p class=\"period\">Tous les jeudis \u00e0 7h30<\/p>\n<p>Recevez en avant-premi\u00e8re les informations et analyses politiques de la r\u00e9daction du Point.<\/p>\n<\/div>\n<div class=\"step-2\">\n<p>Merci !<br \/>Votre inscription a bien \u00e9t\u00e9 prise en compte avec l\u2019adresse email :<br \/><span class=\"email-sended\"><\/span><\/p>\n<p>Pour d\u00e9couvrir toutes nos autres newsletters, rendez-vous ici : MonCompte<\/p>\n<\/div>\n<p>En vous inscrivant, vous acceptez les conditions g\u00e9n\u00e9rales d\u2019utilisations et notre politique de confidentialit\u00e9.<\/p>\n<\/div>\n<p>\u00ab\u00a0M.\u00a0Netanyahou ne doit pas oublier que son pays a \u00e9t\u00e9 cr\u00e9\u00e9 par une d\u00e9cision de l\u2019ONU\u00a0\u00bb, aurait d\u00e9clar\u00e9 Emmanuel Macron mardi, selon plusieurs participants \u00e0 la r\u00e9union. \u00ab\u00a0Et par cons\u00e9quent ce n\u2019est pas le moment de s\u2019affranchir des d\u00e9cisions de l\u2019ONU.\u00a0\u00bb Une d\u00e9claration qui survient alors que les attaques d\u2019Isra\u00ebl contre les Nations unies au Liban (Finul) se sont multipli\u00e9es ces derniers jours.<\/p>\n<h2>Le Crif d\u00e9nonce une double faute<\/h2>\n<p>Quelques heures apr\u00e8s que la phrase\u00a0d\u2019Emmanuel Macron a \u00e9t\u00e9 rapport\u00e9e\u00a0dans la presse, le pr\u00e9sident du Conseil repr\u00e9sentatif des institutions juives de France (Crif), Yonathan Arfi, a estim\u00e9 que \u00ab\u00a0les propos attribu\u00e9s au pr\u00e9sident de la R\u00e9publique, s\u2019ils sont confirm\u00e9s, sont une faute \u00e0 la fois historique et politique\u00a0\u00bb. \u00ab\u00a0Laisser penser que la cr\u00e9ation de l\u2019\u00c9tat d\u2019Isra\u00ebl est le fruit d\u2019une d\u00e9cision politique de l\u2019ONU, c\u2019est m\u00e9conna\u00eetre \u00e0 la fois l\u2019histoire centenaire du sionisme, l\u2019aspiration mill\u00e9naire des Juifs au retour \u00e0 Sion et le sacrifice de milliers d\u2019entre eux pour \u00e9tablir l\u2019\u00c9tat d\u2019Isra\u00ebl\u00a0\u00bb, d\u00e9veloppe le militant.<\/p>\n<section class=\"mbl txtcenter\"><\/section>\n<div>\n<div class=\"mts\">\n<div class=\"reset-text mtm mbm\">\n<div class=\"art-twitter\">\n<blockquote class=\"twitter-tweet-unloaded\" data-media-max-width=\"560\" data-twitter-extracted-i1729056264220800946=\"true\">\n<p dir=\"ltr\" lang=\"fr\">Les propos attribu\u00e9s au Pr\u00e9sident de la R\u00e9publique, s\u2019ils sont confirm\u00e9s, sont une faute \u00e0 la fois historique et politique.<\/p>\n<p>Laisser penser que la cr\u00e9ation de l\u2019Etat d\u2019Isra\u00ebl est le fruit d\u2019une d\u00e9cision politique de l\u2019ONU, c\u2019est m\u00e9conna\u00eetre \u00e0 la fois l\u2019histoire centenaire du\u2026<\/p>\n<p> \u2014 Yonathan Arfi (@Yonathan_Arfi) <a rel=\"nofollow noopener\" target=\"_blank\" href=\"https:\/\/twitter.com\/Yonathan_Arfi\/status\/1846293634972635594?ref_src=twsrc%5Etfw\">October 15, 2024<\/a> <\/p>\n<\/blockquote>\n<\/div>\n<\/div>\n<\/div>\n<\/div>\n<p>\u00ab\u00a0\u00c0 l\u2019heure o\u00f9 l\u2019antis\u00e9mitisme se nourrit de l\u2019antisionisme, ces propos renforcent dangereusement le camp de ceux qui contestent la l\u00e9gitimit\u00e9 du droit \u00e0 l\u2019existence d\u2019Isra\u00ebl.\u00a0Dans la longue histoire menant \u00e0 la cr\u00e9ation d\u2019Isra\u00ebl, je pr\u00e9f\u00e8re retenir le r\u00f4le jou\u00e9 par la France\u00a0\u00bb, dit-il avant de citer plusieurs gestes de la France en faveur de l\u2019\u00c9tat d\u2019Isra\u00ebl \u00e0 travers l\u2019Histoire. \u00ab\u00a0La France et Isra\u00ebl ont eu et ont des diff\u00e9rends diplomatiques entre alli\u00e9s. Mais au-del\u00e0 de ces propos regrettables, l\u2019amiti\u00e9 entre la France et Isra\u00ebl continuera, je l\u2019esp\u00e8re, \u00e0 l\u2019emporter\u00a0\u00bb, veut croire Yonathan Arfi.<\/p>\n<h2>\u00ab\u00a0Indigne\u00a0\u00bb<\/h2>\n<p>Plus t\u00f4t, la d\u00e9put\u00e9e de la 8<sup>e<\/sup> circonscription des Fran\u00e7ais \u00e9tablis \u00e0 l\u2019\u00e9tranger \u2013 qui comprend notamment Isra\u00ebl \u2013, Caroline Yadan, s\u2019\u00e9tait d\u00e9j\u00e0 indign\u00e9e sur les r\u00e9seaux sociaux. \u00ab\u00a0Je le dis ici tr\u00e8s nettement\u00a0: cette phrase, apparemment prononc\u00e9e en conseil des ministres, si elle est confirm\u00e9e, est indigne. Le lien du peuple juif \u00e0 la terre d\u2019Isra\u00ebl n\u2019a pas eu besoin de l\u2019ONU pour exister, le sionisme est un r\u00eave plusieurs fois mill\u00e9naires et r\u00e9duire Isra\u00ebl \u00e0 une seule d\u00e9cision de l\u2019ONU, c\u2019est nier l\u2019histoire du peuple juif et son lien l\u00e9gitime et historique \u00e0 cette terre\u00a0\u00bb, a \u00e9crit l\u2019\u00e9lue sur X dans un message fleuve publi\u00e9 en fin d\u2019apr\u00e8s-midi.<\/p>\n<div>\n<div class=\"mts\">\n<div class=\"reset-text mtm mbm\">\n<div class=\"art-twitter\">\n<blockquote class=\"twitter-tweet-unloaded\" data-media-max-width=\"560\" data-twitter-extracted-i1729056264220800946=\"true\">\n<p dir=\"ltr\" lang=\"fr\">Je le dis ici tr\u00e8s nettement : cette phrase, apparemment prononc\u00e9e en Conseil des Ministres, si elle est confirm\u00e9e, est indigne.<\/p>\n<p>Le lien du Peuple Juif \u00e0 la terre d\u2019Isra\u00ebl n\u2019a pas eu besoin de l\u2019ONU pour exister, le sionisme est un r\u00eave plusieurs fois mill\u00e9naires et r\u00e9duire\u2026 <a rel=\"nofollow noopener\" target=\"_blank\" href=\"https:\/\/t.co\/A31MDIfxLI\">pic.twitter.com\/A31MDIfxLI<\/a><\/p>\n<section class=\"mbl txtcenter\"><\/section>\n<p> \u2014 Caroline Yadan (@CarolineYADAN) <a rel=\"nofollow noopener\" target=\"_blank\" href=\"https:\/\/twitter.com\/CarolineYADAN\/status\/1846218225836589170?ref_src=twsrc%5Etfw\">October 15, 2024<\/a> <\/p><\/blockquote>\n<\/div>\n<\/div>\n<\/div>\n<\/div>\n<p>\u00ab\u00a0Que signifie en filigrane cette affirmation\u00a0? Que ce qu\u2019a fait l\u2019ONU, l\u2019ONU peut le d\u00e9faire\u00a0? S\u2019agit-il d\u2019un avertissement\u00a0? Au moment o\u00f9 l\u2019\u00c9tat d\u2019Isra\u00ebl est menac\u00e9 dans son existence m\u00eame par des barbares islamistes qui veulent sa destruction, cette phrase vient l\u00e9gitimer\u00a0le bain de sang du 7\u00a0Octobre. Elle vient aussi donner du cr\u00e9dit \u00e0 tous ceux, notamment chez LFI, qui remettent en cause la l\u00e9gitimit\u00e9 du seul pays d\u00e9mocratique du Proche-Orient\u00a0\u00bb, poursuit-elle encore.<\/p>\n<p>L\u2019ancienne d\u00e9put\u00e9e de Paris proph\u00e9tise\u00a0que \u00ab\u00a0ceux qui d\u00e9tiennent encore 101 civils innocents en otages dont deux de nos compatriotes vont se r\u00e9jouir, sans nul doute, de cette petite phrase\u00a0\u00bb. \u00ab\u00a0Alors que l\u2019Allemagne renforce son soutien \u00e0 Isra\u00ebl, en confirmant la n\u00e9cessit\u00e9 de combattre les arm\u00e9es terroristes, la France n\u2019est pas au niveau. Alors que les missiles et les roquettes tombent sans discontinuer sur Isra\u00ebl, la France semble ne pas comprendre les enjeux du moment. Je suis scandalis\u00e9e par tant d\u2019incons\u00e9quence, de capitulation et d\u2019absence de hauteur de vue\u00a0\u00bb, conclut celle qui est membre du groupe d\u2019amiti\u00e9 France-Isra\u00ebl.<\/p>\n<h2>Netanyahou r\u00e9pond \u00e0 Macron<\/h2>\n<p>Dans un communiqu\u00e9 cit\u00e9 par l\u2019Agence France-Presse (AFP), Benyamin Netanyahou, nomm\u00e9 personnellement par Emmanuel Macron dans sa d\u00e9claration, a vivement r\u00e9agi.<\/p>\n<p><app_only><jeu id=\"11\" type=\"BON_NOMBRE\"><\/jeu><\/app_only><\/p>\n<p>\u00ab\u00a0Un rappel au pr\u00e9sident de la France\u00a0: ce n\u2019est pas la r\u00e9solution de l\u2019ONU qui a \u00e9tabli l\u2019\u00c9tat d\u2019Isra\u00ebl, mais plut\u00f4t la victoire obtenue dans la guerre d\u2019ind\u00e9pendance avec le sang de combattants h\u00e9ro\u00efques, dont beaucoup \u00e9taient des survivants de l\u2019Holocauste \u2013 notamment du r\u00e9gime de Vichy en France\u00a0\u00bb, a r\u00e9pondu\u00a0le Premier ministre isra\u00e9lien.<\/p>\n<p><!-- include t_www_2023\/pages\/article\/blocs\/bloc-encadre.tpl --><br \/>\n<!-- include \/t_www_2023\/pages\/article\/blocs\/bloc-encadre.tpl -->\n<\/p>\n<\/div>\n<p><script async src=\"\/\/platform.twitter.com\/widgets.js\" charset=\"utf-8\"><\/script><\/p>\n<p> <img decoding=\"async\" src=\"https:\/\/www.infodictat.fr\/blog\/wp-content\/uploads\/2024\/10\/Actus-francaises-le-Crif-et-des-macronistes-choques-par-les.jpg\" alt=\"le Crif et des macronistes choqu\u00e9s par les propos de Macron sur Netanyahou\"><\/p>\n<p>#Crif #des #macronistes #choqu\u00e9s #par #les #propos #Macron #sur #Netanyahou<\/p>\n<p>Reprise de l\u2019information dans un style journalistique professionnel descriptif en organisant les id\u00e9es dans un ordre coh\u00e9rent avec titres html <\/p>\n<p>Ce th\u00e8me vous a passionn\u00e9 vous aimerez \u00e9galement ces livres:<\/p>\n<p>Comment la France se r\u00e9concilie avec l\u2019excellence.,<a href=\"https:\/\/www.kobo.com\/fr\/fr\/ebook\/comment-la-france-se-reconcilie-avec-l-excellence\" target=\"_blank\" rel=\"noopener noreferrer nofollow\">A lire. <\/a><span><\/span>.<\/p>\n<p>Napol\u00e9on. La fin et le commencement.,<a href=\"https:\/\/www.kobo.com\/fr\/fr\/ebook\/napoleon-la-fin-et-le-commencement-1\" target=\"_blank\" rel=\"noopener noreferrer nofollow\">Lien sur la fiche de librairie<\/a><span><\/span>. Disponible \u00e0 l\u2019achat sur les plateformes Amazon, Fnac, Cultura \u2026.<\/p>\n<p>Photographie\/Soci\u00e9t\u00e9s et Organisations\/\u00c9diteurs de cartes postales\/L\u00e9on et L\u00e9vy.,<a href=\"https:\/\/fr.wikibooks.org\/wiki\/Photographie\/Soci%C3%A9t%C3%A9s_et_Organisations\/%C3%89diteurs_de_cartes_postales\/L%C3%A9on_et_L%C3%A9vy\" target=\"_blank\" rel=\"noopener noreferrer nofollow\">Lien sur la fiche de pr\u00e9sentation<\/a><span><\/span>. A emprunter en biblioth\u00e8que.<\/p>\n<p><script>\nvar date = \"Non r\u00e9cup\u00e9r\u00e9es\";\n        \/\/ Valeur de timestamp\n        var timestampString = 1729065585; \/\/ Assurez-vous que le timestamp est une cha\u00eene de texte\n        \/\/ Convertir la cha\u00eene de texte en nombre entier (timestamp)\n        var timestamp = parseInt(timestampString);\n        \/\/ Cr\u00e9er un objet Date \u00e0 partir du timestamp\n        var dateObject = new Date(timestamp * 1000); \/\/ Le timestamp est en secondes, donc on le multiplie par 1000 pour obtenir les millisecondes\n        \/\/ Format de date personnalis\u00e9\n        var options = { weekday: 'long', year: 'numeric', month: 'long', day: 'numeric', hour: 'numeric', minute: 'numeric', second: 'numeric', timeZone: 'Europe\/Paris' };\n        var formattedDate = dateObject.toLocaleDateString('fr-FR', options);\n formattedDate = formattedDate.replace(\/^.\/, formattedDate[0].toUpperCase());\n        \/\/ Afficher la date dans le HTML\n        document.getElementById('date').textContent = formattedDate;\n    <\/script><\/p>\n<p><script>\nvar datecrea = \"Non r\u00e9cup\u00e9r\u00e9e\";\n        \/\/ Date et heure au format \"2008-06-15 18:02:58\"\n        var dateString = \"2024-10-16 08:50:00\";\n        \/\/ Convertir la cha\u00eene de texte en objet Date\n        var now = new Date(dateString);\n        \/\/ Format de date personnalis\u00e9\n        var options = { weekday: 'long', year: 'numeric', month: 'long', day: 'numeric', hour: 'numeric', minute: 'numeric', second: 'numeric', timeZone: 'Europe\/Paris' };\n        var formattedDate = now.toLocaleDateString('fr-FR', options);\n formattedDate = formattedDate.replace(\/^.\/, formattedDate[0].toUpperCase());\n        \/\/ Afficher la date dans le HTML\n        document.getElementById('datecrea').textContent = formattedDate;\n    <\/script><\/p>\n<\/div>\n<p><img decoding=\"async\" class=\"wpe_imgrss\" src=\"https:\/\/www.infodictat.fr\/blog\/wp-content\/uploads\/2024\/10\/Actus-francaises-le-Crif-et-des-macronistes-choques-par-les-1024x683-1.jpg\">Vous pouvez lire ce post traitant le sujet \u00ab\u00a0La dictature num\u00e9rique\u00a0\u00bb. Il est produit par la r\u00e9daction de infodictat.fr. Le site infodictat.fr a pour objectif de publier plusieurs articles autour du sujet La dictature num\u00e9rique d\u00e9velopp\u00e9es sur le web. Cette chronique se veut g\u00e9n\u00e9r\u00e9e de la fa\u00e7on la plus juste qui soit. Pour \u00e9mettre des remarques sur ce dossier autour du sujet \u00ab\u00a0La dictature num\u00e9rique\u00a0\u00bb prenez les contacts indiqu\u00e9s sur notre site internet. En consultant r\u00e9guli\u00e8rement nos contenus de blog vous serez au courant des futures parutions.<\/p>\n","protected":false},"excerpt":{"rendered":"<p>le Crif et des macronistes choqu\u00e9s par les propos de Macron sur Netanyahou diffus\u00e9 par Le Point \u2013 Politique le Ce papier ayant pour th\u00e9matique \u00ab\u00a0Actualit\u00e9 fran\u00e7aise\u00a0\u00bb circule sur le web, nous avons voulu vous le publier sans attendre. Publi\u00e9 sur Le Point \u2013 Politique, l\u2019article ci-dessous Signature . Date et heure de la r\u00e9ception &#8230; <a title=\"Actus fran\u00e7aises: le Crif et des macronistes choqu\u00e9s par les propos de Macron sur Netanyahou #France\" class=\"read-more\" href=\"https:\/\/www.infodictat.fr\/blog\/actus-francaises-le-crif-et-des-macronistes-choques-par-les-propos-de-macron-sur-netanyahou-france\/\" aria-label=\"En savoir plus sur Actus fran\u00e7aises: le Crif et des macronistes choqu\u00e9s par les propos de Macron sur Netanyahou #France\">Lire la suite<\/a><\/p>\n","protected":false},"author":2,"featured_media":833,"comment_status":"closed","ping_status":"closed","sticky":false,"template":"","format":"standard","meta":{"footnotes":""},"categories":[2],"tags":[],"class_list":["post-832","post","type-post","status-publish","format-standard","has-post-thumbnail","hentry","category-la-dictature-numerique"],"yoast_head":"<!-- This site is optimized with the Yoast SEO plugin v27.5 - https:\/\/yoast.com\/product\/yoast-seo-wordpress\/ -->\n<title>Actus fran\u00e7aises: le Crif et des macronistes choqu\u00e9s par les propos de Macron sur Netanyahou #France - INFODICTAT<\/title>\n<meta name=\"robots\" content=\"index, follow, max-snippet:-1, max-image-preview:large, max-video-preview:-1\" \/>\n<link rel=\"canonical\" href=\"https:\/\/www.infodictat.fr\/blog\/actus-francaises-le-crif-et-des-macronistes-choques-par-les-propos-de-macron-sur-netanyahou-france\/\" \/>\n<meta property=\"og:locale\" content=\"fr_FR\" \/>\n<meta property=\"og:type\" content=\"article\" \/>\n<meta property=\"og:title\" content=\"Actus fran\u00e7aises: le Crif et des macronistes choqu\u00e9s par les propos de Macron sur Netanyahou #France - INFODICTAT\" \/>\n<meta property=\"og:description\" content=\"le Crif et des macronistes choqu\u00e9s par les propos de Macron sur Netanyahou diffus\u00e9 par Le Point \u2013 Politique le Ce papier ayant pour th\u00e9matique \u00ab\u00a0Actualit\u00e9 fran\u00e7aise\u00a0\u00bb circule sur le web, nous avons voulu vous le publier sans attendre. Publi\u00e9 sur Le Point \u2013 Politique, l\u2019article ci-dessous Signature . Date et heure de la r\u00e9ception ... Lire la suite\" \/>\n<meta property=\"og:url\" content=\"https:\/\/www.infodictat.fr\/blog\/actus-francaises-le-crif-et-des-macronistes-choques-par-les-propos-de-macron-sur-netanyahou-france\/\" \/>\n<meta property=\"og:site_name\" content=\"INFODICTAT\" \/>\n<meta property=\"article:published_time\" content=\"2024-10-16T10:54:46+00:00\" \/>\n<meta property=\"og:image\" content=\"https:\/\/www.infodictat.fr\/blog\/wp-content\/uploads\/2024\/10\/Actus-francaises-le-Crif-et-des-macronistes-choques-par-les-1024x683-1.jpg\" \/>\n<meta name=\"author\" content=\"Oscar BETHMONT\" \/>\n<meta name=\"twitter:card\" content=\"summary_large_image\" \/>\n<meta name=\"twitter:label1\" content=\"\u00c9crit par\" \/>\n\t<meta name=\"twitter:data1\" content=\"Oscar BETHMONT\" \/>\n\t<meta name=\"twitter:label2\" content=\"Dur\u00e9e de lecture estim\u00e9e\" \/>\n\t<meta name=\"twitter:data2\" content=\"7 minutes\" \/>\n<script type=\"application\/ld+json\" class=\"yoast-schema-graph\">{\"@context\":\"https:\\\/\\\/schema.org\",\"@graph\":[{\"@type\":\"Article\",\"@id\":\"https:\\\/\\\/www.infodictat.fr\\\/blog\\\/actus-francaises-le-crif-et-des-macronistes-choques-par-les-propos-de-macron-sur-netanyahou-france\\\/#article\",\"isPartOf\":{\"@id\":\"https:\\\/\\\/www.infodictat.fr\\\/blog\\\/actus-francaises-le-crif-et-des-macronistes-choques-par-les-propos-de-macron-sur-netanyahou-france\\\/\"},\"author\":{\"name\":\"Oscar BETHMONT\",\"@id\":\"https:\\\/\\\/www.infodictat.fr\\\/blog\\\/#\\\/schema\\\/person\\\/6c2c8af0941702348e8eca9144cc1267\"},\"headline\":\"Actus fran\u00e7aises: le Crif et des macronistes choqu\u00e9s par les propos de Macron sur Netanyahou #France\",\"datePublished\":\"2024-10-16T10:54:46+00:00\",\"mainEntityOfPage\":{\"@id\":\"https:\\\/\\\/www.infodictat.fr\\\/blog\\\/actus-francaises-le-crif-et-des-macronistes-choques-par-les-propos-de-macron-sur-netanyahou-france\\\/\"},\"wordCount\":1382,\"publisher\":{\"@id\":\"https:\\\/\\\/www.infodictat.fr\\\/blog\\\/#organization\"},\"image\":{\"@id\":\"https:\\\/\\\/www.infodictat.fr\\\/blog\\\/actus-francaises-le-crif-et-des-macronistes-choques-par-les-propos-de-macron-sur-netanyahou-france\\\/#primaryimage\"},\"thumbnailUrl\":\"https:\\\/\\\/www.infodictat.fr\\\/blog\\\/wp-content\\\/uploads\\\/2024\\\/10\\\/Actus-francaises-le-Crif-et-des-macronistes-choques-par-les-1024x683-1.jpg\",\"articleSection\":[\"La Dictature Num\u00e9rique:\"],\"inLanguage\":\"fr-FR\"},{\"@type\":\"WebPage\",\"@id\":\"https:\\\/\\\/www.infodictat.fr\\\/blog\\\/actus-francaises-le-crif-et-des-macronistes-choques-par-les-propos-de-macron-sur-netanyahou-france\\\/\",\"url\":\"https:\\\/\\\/www.infodictat.fr\\\/blog\\\/actus-francaises-le-crif-et-des-macronistes-choques-par-les-propos-de-macron-sur-netanyahou-france\\\/\",\"name\":\"Actus fran\u00e7aises: le Crif et des macronistes choqu\u00e9s par les propos de Macron sur Netanyahou #France - INFODICTAT\",\"isPartOf\":{\"@id\":\"https:\\\/\\\/www.infodictat.fr\\\/blog\\\/#website\"},\"primaryImageOfPage\":{\"@id\":\"https:\\\/\\\/www.infodictat.fr\\\/blog\\\/actus-francaises-le-crif-et-des-macronistes-choques-par-les-propos-de-macron-sur-netanyahou-france\\\/#primaryimage\"},\"image\":{\"@id\":\"https:\\\/\\\/www.infodictat.fr\\\/blog\\\/actus-francaises-le-crif-et-des-macronistes-choques-par-les-propos-de-macron-sur-netanyahou-france\\\/#primaryimage\"},\"thumbnailUrl\":\"https:\\\/\\\/www.infodictat.fr\\\/blog\\\/wp-content\\\/uploads\\\/2024\\\/10\\\/Actus-francaises-le-Crif-et-des-macronistes-choques-par-les-1024x683-1.jpg\",\"datePublished\":\"2024-10-16T10:54:46+00:00\",\"breadcrumb\":{\"@id\":\"https:\\\/\\\/www.infodictat.fr\\\/blog\\\/actus-francaises-le-crif-et-des-macronistes-choques-par-les-propos-de-macron-sur-netanyahou-france\\\/#breadcrumb\"},\"inLanguage\":\"fr-FR\",\"potentialAction\":[{\"@type\":\"ReadAction\",\"target\":[\"https:\\\/\\\/www.infodictat.fr\\\/blog\\\/actus-francaises-le-crif-et-des-macronistes-choques-par-les-propos-de-macron-sur-netanyahou-france\\\/\"]}]},{\"@type\":\"ImageObject\",\"inLanguage\":\"fr-FR\",\"@id\":\"https:\\\/\\\/www.infodictat.fr\\\/blog\\\/actus-francaises-le-crif-et-des-macronistes-choques-par-les-propos-de-macron-sur-netanyahou-france\\\/#primaryimage\",\"url\":\"https:\\\/\\\/www.infodictat.fr\\\/blog\\\/wp-content\\\/uploads\\\/2024\\\/10\\\/Actus-francaises-le-Crif-et-des-macronistes-choques-par-les-1024x683-1.jpg\",\"contentUrl\":\"https:\\\/\\\/www.infodictat.fr\\\/blog\\\/wp-content\\\/uploads\\\/2024\\\/10\\\/Actus-francaises-le-Crif-et-des-macronistes-choques-par-les-1024x683-1.jpg\",\"width\":1024,\"height\":683},{\"@type\":\"BreadcrumbList\",\"@id\":\"https:\\\/\\\/www.infodictat.fr\\\/blog\\\/actus-francaises-le-crif-et-des-macronistes-choques-par-les-propos-de-macron-sur-netanyahou-france\\\/#breadcrumb\",\"itemListElement\":[{\"@type\":\"ListItem\",\"position\":1,\"name\":\"Accueil\",\"item\":\"https:\\\/\\\/www.infodictat.fr\\\/blog\\\/\"},{\"@type\":\"ListItem\",\"position\":2,\"name\":\"Actus fran\u00e7aises: le Crif et des macronistes choqu\u00e9s par les propos de Macron sur Netanyahou #France\"}]},{\"@type\":\"WebSite\",\"@id\":\"https:\\\/\\\/www.infodictat.fr\\\/blog\\\/#website\",\"url\":\"https:\\\/\\\/www.infodictat.fr\\\/blog\\\/\",\"name\":\"INFODICTAT\",\"description\":\"La dictature num\u00e9rique.\",\"publisher\":{\"@id\":\"https:\\\/\\\/www.infodictat.fr\\\/blog\\\/#organization\"},\"potentialAction\":[{\"@type\":\"SearchAction\",\"target\":{\"@type\":\"EntryPoint\",\"urlTemplate\":\"https:\\\/\\\/www.infodictat.fr\\\/blog\\\/?s={search_term_string}\"},\"query-input\":{\"@type\":\"PropertyValueSpecification\",\"valueRequired\":true,\"valueName\":\"search_term_string\"}}],\"inLanguage\":\"fr-FR\"},{\"@type\":\"Organization\",\"@id\":\"https:\\\/\\\/www.infodictat.fr\\\/blog\\\/#organization\",\"name\":\"infodictat\",\"url\":\"https:\\\/\\\/www.infodictat.fr\\\/blog\\\/\",\"logo\":{\"@type\":\"ImageObject\",\"inLanguage\":\"fr-FR\",\"@id\":\"https:\\\/\\\/www.infodictat.fr\\\/blog\\\/#\\\/schema\\\/logo\\\/image\\\/\",\"url\":\"https:\\\/\\\/www.infodictat.fr\\\/blog\\\/wp-content\\\/uploads\\\/2023\\\/05\\\/logo-2.png\",\"contentUrl\":\"https:\\\/\\\/www.infodictat.fr\\\/blog\\\/wp-content\\\/uploads\\\/2023\\\/05\\\/logo-2.png\",\"width\":480,\"height\":596,\"caption\":\"infodictat\"},\"image\":{\"@id\":\"https:\\\/\\\/www.infodictat.fr\\\/blog\\\/#\\\/schema\\\/logo\\\/image\\\/\"}},{\"@type\":\"Person\",\"@id\":\"https:\\\/\\\/www.infodictat.fr\\\/blog\\\/#\\\/schema\\\/person\\\/6c2c8af0941702348e8eca9144cc1267\",\"name\":\"Oscar BETHMONT\",\"image\":{\"@type\":\"ImageObject\",\"inLanguage\":\"fr-FR\",\"@id\":\"https:\\\/\\\/secure.gravatar.com\\\/avatar\\\/f80ff32d67d40b919e8be190b7325be3c6cb33ce305ac1d45cadad29128e831e?s=96&d=mm&r=g\",\"url\":\"https:\\\/\\\/secure.gravatar.com\\\/avatar\\\/f80ff32d67d40b919e8be190b7325be3c6cb33ce305ac1d45cadad29128e831e?s=96&d=mm&r=g\",\"contentUrl\":\"https:\\\/\\\/secure.gravatar.com\\\/avatar\\\/f80ff32d67d40b919e8be190b7325be3c6cb33ce305ac1d45cadad29128e831e?s=96&d=mm&r=g\",\"caption\":\"Oscar BETHMONT\"},\"url\":\"https:\\\/\\\/www.infodictat.fr\\\/blog\\\/author\\\/tatoscar\\\/\"}]}<\/script>\n<!-- \/ Yoast SEO plugin. -->","yoast_head_json":{"title":"Actus fran\u00e7aises: le Crif et des macronistes choqu\u00e9s par les propos de Macron sur Netanyahou #France - INFODICTAT","robots":{"index":"index","follow":"follow","max-snippet":"max-snippet:-1","max-image-preview":"max-image-preview:large","max-video-preview":"max-video-preview:-1"},"canonical":"https:\/\/www.infodictat.fr\/blog\/actus-francaises-le-crif-et-des-macronistes-choques-par-les-propos-de-macron-sur-netanyahou-france\/","og_locale":"fr_FR","og_type":"article","og_title":"Actus fran\u00e7aises: le Crif et des macronistes choqu\u00e9s par les propos de Macron sur Netanyahou #France - INFODICTAT","og_description":"le Crif et des macronistes choqu\u00e9s par les propos de Macron sur Netanyahou diffus\u00e9 par Le Point \u2013 Politique le Ce papier ayant pour th\u00e9matique \u00ab\u00a0Actualit\u00e9 fran\u00e7aise\u00a0\u00bb circule sur le web, nous avons voulu vous le publier sans attendre. Publi\u00e9 sur Le Point \u2013 Politique, l\u2019article ci-dessous Signature . Date et heure de la r\u00e9ception ... Lire la suite","og_url":"https:\/\/www.infodictat.fr\/blog\/actus-francaises-le-crif-et-des-macronistes-choques-par-les-propos-de-macron-sur-netanyahou-france\/","og_site_name":"INFODICTAT","article_published_time":"2024-10-16T10:54:46+00:00","og_image":[{"url":"https:\/\/www.infodictat.fr\/blog\/wp-content\/uploads\/2024\/10\/Actus-francaises-le-Crif-et-des-macronistes-choques-par-les-1024x683-1.jpg","type":"","width":"","height":""}],"author":"Oscar BETHMONT","twitter_card":"summary_large_image","twitter_misc":{"\u00c9crit par":"Oscar BETHMONT","Dur\u00e9e de lecture estim\u00e9e":"7 minutes"},"schema":{"@context":"https:\/\/schema.org","@graph":[{"@type":"Article","@id":"https:\/\/www.infodictat.fr\/blog\/actus-francaises-le-crif-et-des-macronistes-choques-par-les-propos-de-macron-sur-netanyahou-france\/#article","isPartOf":{"@id":"https:\/\/www.infodictat.fr\/blog\/actus-francaises-le-crif-et-des-macronistes-choques-par-les-propos-de-macron-sur-netanyahou-france\/"},"author":{"name":"Oscar BETHMONT","@id":"https:\/\/www.infodictat.fr\/blog\/#\/schema\/person\/6c2c8af0941702348e8eca9144cc1267"},"headline":"Actus fran\u00e7aises: le Crif et des macronistes choqu\u00e9s par les propos de Macron sur Netanyahou #France","datePublished":"2024-10-16T10:54:46+00:00","mainEntityOfPage":{"@id":"https:\/\/www.infodictat.fr\/blog\/actus-francaises-le-crif-et-des-macronistes-choques-par-les-propos-de-macron-sur-netanyahou-france\/"},"wordCount":1382,"publisher":{"@id":"https:\/\/www.infodictat.fr\/blog\/#organization"},"image":{"@id":"https:\/\/www.infodictat.fr\/blog\/actus-francaises-le-crif-et-des-macronistes-choques-par-les-propos-de-macron-sur-netanyahou-france\/#primaryimage"},"thumbnailUrl":"https:\/\/www.infodictat.fr\/blog\/wp-content\/uploads\/2024\/10\/Actus-francaises-le-Crif-et-des-macronistes-choques-par-les-1024x683-1.jpg","articleSection":["La Dictature Num\u00e9rique:"],"inLanguage":"fr-FR"},{"@type":"WebPage","@id":"https:\/\/www.infodictat.fr\/blog\/actus-francaises-le-crif-et-des-macronistes-choques-par-les-propos-de-macron-sur-netanyahou-france\/","url":"https:\/\/www.infodictat.fr\/blog\/actus-francaises-le-crif-et-des-macronistes-choques-par-les-propos-de-macron-sur-netanyahou-france\/","name":"Actus fran\u00e7aises: le Crif et des macronistes choqu\u00e9s par les propos de Macron sur Netanyahou #France - INFODICTAT","isPartOf":{"@id":"https:\/\/www.infodictat.fr\/blog\/#website"},"primaryImageOfPage":{"@id":"https:\/\/www.infodictat.fr\/blog\/actus-francaises-le-crif-et-des-macronistes-choques-par-les-propos-de-macron-sur-netanyahou-france\/#primaryimage"},"image":{"@id":"https:\/\/www.infodictat.fr\/blog\/actus-francaises-le-crif-et-des-macronistes-choques-par-les-propos-de-macron-sur-netanyahou-france\/#primaryimage"},"thumbnailUrl":"https:\/\/www.infodictat.fr\/blog\/wp-content\/uploads\/2024\/10\/Actus-francaises-le-Crif-et-des-macronistes-choques-par-les-1024x683-1.jpg","datePublished":"2024-10-16T10:54:46+00:00","breadcrumb":{"@id":"https:\/\/www.infodictat.fr\/blog\/actus-francaises-le-crif-et-des-macronistes-choques-par-les-propos-de-macron-sur-netanyahou-france\/#breadcrumb"},"inLanguage":"fr-FR","potentialAction":[{"@type":"ReadAction","target":["https:\/\/www.infodictat.fr\/blog\/actus-francaises-le-crif-et-des-macronistes-choques-par-les-propos-de-macron-sur-netanyahou-france\/"]}]},{"@type":"ImageObject","inLanguage":"fr-FR","@id":"https:\/\/www.infodictat.fr\/blog\/actus-francaises-le-crif-et-des-macronistes-choques-par-les-propos-de-macron-sur-netanyahou-france\/#primaryimage","url":"https:\/\/www.infodictat.fr\/blog\/wp-content\/uploads\/2024\/10\/Actus-francaises-le-Crif-et-des-macronistes-choques-par-les-1024x683-1.jpg","contentUrl":"https:\/\/www.infodictat.fr\/blog\/wp-content\/uploads\/2024\/10\/Actus-francaises-le-Crif-et-des-macronistes-choques-par-les-1024x683-1.jpg","width":1024,"height":683},{"@type":"BreadcrumbList","@id":"https:\/\/www.infodictat.fr\/blog\/actus-francaises-le-crif-et-des-macronistes-choques-par-les-propos-de-macron-sur-netanyahou-france\/#breadcrumb","itemListElement":[{"@type":"ListItem","position":1,"name":"Accueil","item":"https:\/\/www.infodictat.fr\/blog\/"},{"@type":"ListItem","position":2,"name":"Actus fran\u00e7aises: le Crif et des macronistes choqu\u00e9s par les propos de Macron sur Netanyahou #France"}]},{"@type":"WebSite","@id":"https:\/\/www.infodictat.fr\/blog\/#website","url":"https:\/\/www.infodictat.fr\/blog\/","name":"INFODICTAT","description":"La dictature num\u00e9rique.","publisher":{"@id":"https:\/\/www.infodictat.fr\/blog\/#organization"},"potentialAction":[{"@type":"SearchAction","target":{"@type":"EntryPoint","urlTemplate":"https:\/\/www.infodictat.fr\/blog\/?s={search_term_string}"},"query-input":{"@type":"PropertyValueSpecification","valueRequired":true,"valueName":"search_term_string"}}],"inLanguage":"fr-FR"},{"@type":"Organization","@id":"https:\/\/www.infodictat.fr\/blog\/#organization","name":"infodictat","url":"https:\/\/www.infodictat.fr\/blog\/","logo":{"@type":"ImageObject","inLanguage":"fr-FR","@id":"https:\/\/www.infodictat.fr\/blog\/#\/schema\/logo\/image\/","url":"https:\/\/www.infodictat.fr\/blog\/wp-content\/uploads\/2023\/05\/logo-2.png","contentUrl":"https:\/\/www.infodictat.fr\/blog\/wp-content\/uploads\/2023\/05\/logo-2.png","width":480,"height":596,"caption":"infodictat"},"image":{"@id":"https:\/\/www.infodictat.fr\/blog\/#\/schema\/logo\/image\/"}},{"@type":"Person","@id":"https:\/\/www.infodictat.fr\/blog\/#\/schema\/person\/6c2c8af0941702348e8eca9144cc1267","name":"Oscar BETHMONT","image":{"@type":"ImageObject","inLanguage":"fr-FR","@id":"https:\/\/secure.gravatar.com\/avatar\/f80ff32d67d40b919e8be190b7325be3c6cb33ce305ac1d45cadad29128e831e?s=96&d=mm&r=g","url":"https:\/\/secure.gravatar.com\/avatar\/f80ff32d67d40b919e8be190b7325be3c6cb33ce305ac1d45cadad29128e831e?s=96&d=mm&r=g","contentUrl":"https:\/\/secure.gravatar.com\/avatar\/f80ff32d67d40b919e8be190b7325be3c6cb33ce305ac1d45cadad29128e831e?s=96&d=mm&r=g","caption":"Oscar BETHMONT"},"url":"https:\/\/www.infodictat.fr\/blog\/author\/tatoscar\/"}]}},"_links":{"self":[{"href":"https:\/\/www.infodictat.fr\/blog\/wp-json\/wp\/v2\/posts\/832","targetHints":{"allow":["GET"]}}],"collection":[{"href":"https:\/\/www.infodictat.fr\/blog\/wp-json\/wp\/v2\/posts"}],"about":[{"href":"https:\/\/www.infodictat.fr\/blog\/wp-json\/wp\/v2\/types\/post"}],"author":[{"embeddable":true,"href":"https:\/\/www.infodictat.fr\/blog\/wp-json\/wp\/v2\/users\/2"}],"replies":[{"embeddable":true,"href":"https:\/\/www.infodictat.fr\/blog\/wp-json\/wp\/v2\/comments?post=832"}],"version-history":[{"count":0,"href":"https:\/\/www.infodictat.fr\/blog\/wp-json\/wp\/v2\/posts\/832\/revisions"}],"wp:featuredmedia":[{"embeddable":true,"href":"https:\/\/www.infodictat.fr\/blog\/wp-json\/wp\/v2\/media\/833"}],"wp:attachment":[{"href":"https:\/\/www.infodictat.fr\/blog\/wp-json\/wp\/v2\/media?parent=832"}],"wp:term":[{"taxonomy":"category","embeddable":true,"href":"https:\/\/www.infodictat.fr\/blog\/wp-json\/wp\/v2\/categories?post=832"},{"taxonomy":"post_tag","embeddable":true,"href":"https:\/\/www.infodictat.fr\/blog\/wp-json\/wp\/v2\/tags?post=832"}],"curies":[{"name":"wp","href":"https:\/\/api.w.org\/{rel}","templated":true}]}}