{"id":80,"date":"2023-05-26T21:08:22","date_gmt":"2023-05-26T19:08:22","guid":{"rendered":"https:\/\/www.infodictat.fr\/blog\/informations-francaise-la-bielorussie-na-plus-de-souverainete-strategique-france\/"},"modified":"2023-05-26T21:08:22","modified_gmt":"2023-05-26T19:08:22","slug":"informations-francaise-la-bielorussie-na-plus-de-souverainete-strategique-france","status":"publish","type":"post","link":"https:\/\/www.infodictat.fr\/blog\/informations-francaise-la-bielorussie-na-plus-de-souverainete-strategique-france\/","title":{"rendered":"Informations fran\u00e7aise: \u00ab\u00a0La Bi\u00e9lorussie n\u2019a plus de souverainet\u00e9 strat\u00e9gique\u00a0\u00bb #France"},"content":{"rendered":"<div><img width=\"580\" height=\"390\" src=\"https:\/\/www.infodictat.fr\/blog\/wp-content\/uploads\/2023\/05\/Informations-France-Sao-Paulo-rejoint-Independiente-del-Valle-en-finale.jpg\" class=\"attachment-large size-large wp-post-image\" alt=\"Informations-France-Sao-Paulo-rejoint-Independiente-del-Valle-en-finale\" decoding=\"async\" loading=\"lazy\" style=\"float:left; margin:0 15px 15px 0;\" srcset=\"https:\/\/www.infodictat.fr\/blog\/wp-content\/uploads\/2023\/05\/Informations-France-Sao-Paulo-rejoint-Independiente-del-Valle-en-finale.jpg 715w, https:\/\/www.site.cdcl.xyz\/wp-content\/uploads\/2022\/09\/Informations-France-Sao-Paulo-rejoint-Independiente-del-Valle-en-finale-300x202.jpg 300w\" sizes=\"auto, (max-width: 580px) 100vw, 580px\"><\/p>\n<p>Voil\u00e0 qui va vous int\u00e9resser : Un  nouvel encart que notre \u00e9quipe vient de d\u00e9couvrir sur internet et que nous vous reproduisons ci-dessous. La th\u00e9matique est \u00ab\u00a0Actualit\u00e9 fran\u00e7aise\u00a0\u00bb.<\/p>\n<p>Sachez que le journaliste (pr\u00e9sent\u00e9 sous la signature  ) est connu et fiable.<\/p>\n<p>Sachez que la date de parution est 2023-05-26 19:05:00.<\/p>\n<p>Ce sujet apporte des r\u00e9ponses \u00e0 vos recherches vous appr\u00e9cierez \u00e9galement ces ouvrages:<\/p>\n<p>La France d\u2019Ancien R\u00e9gime.,<a href=\"https:\/\/www.kobo.com\/fr\/fr\/ebook\/la-france-d-ancien-regime\" target=\"_blank\" rel=\"noopener noreferrer nofollow\">Redirection vers la fiche de pr\u00e9sentation de ce livre<\/a><span><\/span>. Disponible dans toutes les bonnes biblioth\u00e8ques de votre d\u00e9partement.<\/p>\n<p>La France juste.,<a href=\"https:\/\/www.kobo.com\/fr\/fr\/ebook\/la-france-juste\" target=\"_blank\" rel=\"noopener noreferrer nofollow\">L\u2019ouvrage <\/a><span><\/span>. A emprunter en biblioth\u00e8que.<\/p>\n<p>Projet:DGLFLF.,<a href=\"https:\/\/fr.wikibooks.org\/wiki\/Projet:DGLFLF\" target=\"_blank\" rel=\"noopener noreferrer nofollow\">Informations sur cet ouvrage<\/a><span><\/span>. Disponible \u00e0 l\u2019achat sur les plateformes Amazon, Fnac, Cultura \u2026.<\/p>\n<\/div>\n<p><img decoding=\"async\" class=\"wpe_imgrss\" src=\"https:\/\/www.infodictat.fr\/blog\/wp-content\/uploads\/2023\/05\/Informations-France-Sao-Paulo-rejoint-Independiente-del-Valle-en-finale.jpg\">Vous pouvez lire ce post traitant le sujet \u00ab\u00a0La dictature num\u00e9rique\u00a0\u00bb. Il est produit par la r\u00e9daction de infodictat.fr. Le site infodictat.fr a pour objectif de publier plusieurs articles autour du sujet La dictature num\u00e9rique d\u00e9velopp\u00e9es sur le web. Cette chronique se veut g\u00e9n\u00e9r\u00e9e de la fa\u00e7on la plus juste qui soit. Pour \u00e9mettre des remarques sur ce dossier autour du sujet \u00ab\u00a0La dictature num\u00e9rique\u00a0\u00bb prenez les contacts indiqu\u00e9s sur notre site internet. En consultant r\u00e9guli\u00e8rement nos contenus de blog vous serez au courant des futures parutions.<\/p>\n","protected":false},"excerpt":{"rendered":"<p>Voil\u00e0 qui va vous int\u00e9resser : Un nouvel encart que notre \u00e9quipe vient de d\u00e9couvrir sur internet et que nous vous reproduisons ci-dessous. La th\u00e9matique est \u00ab\u00a0Actualit\u00e9 fran\u00e7aise\u00a0\u00bb. Sachez que le journaliste (pr\u00e9sent\u00e9 sous la signature ) est connu et fiable. Sachez que la date de parution est 2023-05-26 19:05:00. Ce sujet apporte des r\u00e9ponses &#8230; <a title=\"Informations fran\u00e7aise: \u00ab\u00a0La Bi\u00e9lorussie n\u2019a plus de souverainet\u00e9 strat\u00e9gique\u00a0\u00bb #France\" class=\"read-more\" href=\"https:\/\/www.infodictat.fr\/blog\/informations-francaise-la-bielorussie-na-plus-de-souverainete-strategique-france\/\" aria-label=\"En savoir plus sur Informations fran\u00e7aise: \u00ab\u00a0La Bi\u00e9lorussie n\u2019a plus de souverainet\u00e9 strat\u00e9gique\u00a0\u00bb #France\">Lire la suite<\/a><\/p>\n","protected":false},"author":2,"featured_media":81,"comment_status":"closed","ping_status":"closed","sticky":false,"template":"","format":"standard","meta":{"footnotes":""},"categories":[2],"tags":[],"class_list":["post-80","post","type-post","status-publish","format-standard","has-post-thumbnail","hentry","category-la-dictature-numerique"],"yoast_head":"<!-- This site is optimized with the Yoast SEO plugin v27.5 - https:\/\/yoast.com\/product\/yoast-seo-wordpress\/ -->\n<title>Informations fran\u00e7aise: \u00ab\u00a0La Bi\u00e9lorussie n\u2019a plus de souverainet\u00e9 strat\u00e9gique\u00a0\u00bb #France - INFODICTAT<\/title>\n<meta name=\"robots\" content=\"index, follow, max-snippet:-1, max-image-preview:large, max-video-preview:-1\" \/>\n<link rel=\"canonical\" href=\"https:\/\/www.infodictat.fr\/blog\/informations-francaise-la-bielorussie-na-plus-de-souverainete-strategique-france\/\" \/>\n<meta property=\"og:locale\" content=\"fr_FR\" \/>\n<meta property=\"og:type\" content=\"article\" \/>\n<meta property=\"og:title\" content=\"Informations fran\u00e7aise: \u00ab\u00a0La Bi\u00e9lorussie n\u2019a plus de souverainet\u00e9 strat\u00e9gique\u00a0\u00bb #France - INFODICTAT\" \/>\n<meta property=\"og:description\" content=\"Voil\u00e0 qui va vous int\u00e9resser : Un nouvel encart que notre \u00e9quipe vient de d\u00e9couvrir sur internet et que nous vous reproduisons ci-dessous. La th\u00e9matique est \u00ab\u00a0Actualit\u00e9 fran\u00e7aise\u00a0\u00bb. Sachez que le journaliste (pr\u00e9sent\u00e9 sous la signature ) est connu et fiable. Sachez que la date de parution est 2023-05-26 19:05:00. Ce sujet apporte des r\u00e9ponses ... Lire la suite\" \/>\n<meta property=\"og:url\" content=\"https:\/\/www.infodictat.fr\/blog\/informations-francaise-la-bielorussie-na-plus-de-souverainete-strategique-france\/\" \/>\n<meta property=\"og:site_name\" content=\"INFODICTAT\" \/>\n<meta property=\"article:published_time\" content=\"2023-05-26T19:08:22+00:00\" \/>\n<meta property=\"og:image\" content=\"https:\/\/www.infodictat.fr\/blog\/wp-content\/uploads\/2023\/05\/Informations-France-Sao-Paulo-rejoint-Independiente-del-Valle-en-finale.jpg\" \/>\n<meta name=\"author\" content=\"Oscar BETHMONT\" \/>\n<meta name=\"twitter:card\" content=\"summary_large_image\" \/>\n<meta name=\"twitter:label1\" content=\"\u00c9crit par\" \/>\n\t<meta name=\"twitter:data1\" content=\"Oscar BETHMONT\" \/>\n\t<meta name=\"twitter:label2\" content=\"Dur\u00e9e de lecture estim\u00e9e\" \/>\n\t<meta name=\"twitter:data2\" content=\"1 minute\" \/>\n<script type=\"application\/ld+json\" class=\"yoast-schema-graph\">{\"@context\":\"https:\\\/\\\/schema.org\",\"@graph\":[{\"@type\":\"Article\",\"@id\":\"https:\\\/\\\/www.infodictat.fr\\\/blog\\\/informations-francaise-la-bielorussie-na-plus-de-souverainete-strategique-france\\\/#article\",\"isPartOf\":{\"@id\":\"https:\\\/\\\/www.infodictat.fr\\\/blog\\\/informations-francaise-la-bielorussie-na-plus-de-souverainete-strategique-france\\\/\"},\"author\":{\"name\":\"Oscar BETHMONT\",\"@id\":\"https:\\\/\\\/www.infodictat.fr\\\/blog\\\/#\\\/schema\\\/person\\\/6c2c8af0941702348e8eca9144cc1267\"},\"headline\":\"Informations fran\u00e7aise: \u00ab\u00a0La Bi\u00e9lorussie n\u2019a plus de souverainet\u00e9 strat\u00e9gique\u00a0\u00bb #France\",\"datePublished\":\"2023-05-26T19:08:22+00:00\",\"mainEntityOfPage\":{\"@id\":\"https:\\\/\\\/www.infodictat.fr\\\/blog\\\/informations-francaise-la-bielorussie-na-plus-de-souverainete-strategique-france\\\/\"},\"wordCount\":235,\"publisher\":{\"@id\":\"https:\\\/\\\/www.infodictat.fr\\\/blog\\\/#organization\"},\"image\":{\"@id\":\"https:\\\/\\\/www.infodictat.fr\\\/blog\\\/informations-francaise-la-bielorussie-na-plus-de-souverainete-strategique-france\\\/#primaryimage\"},\"thumbnailUrl\":\"https:\\\/\\\/www.infodictat.fr\\\/blog\\\/wp-content\\\/uploads\\\/2023\\\/05\\\/Informations-France-Sao-Paulo-rejoint-Independiente-del-Valle-en-finale.jpg\",\"articleSection\":[\"La Dictature Num\u00e9rique:\"],\"inLanguage\":\"fr-FR\"},{\"@type\":\"WebPage\",\"@id\":\"https:\\\/\\\/www.infodictat.fr\\\/blog\\\/informations-francaise-la-bielorussie-na-plus-de-souverainete-strategique-france\\\/\",\"url\":\"https:\\\/\\\/www.infodictat.fr\\\/blog\\\/informations-francaise-la-bielorussie-na-plus-de-souverainete-strategique-france\\\/\",\"name\":\"Informations fran\u00e7aise: \u00ab\u00a0La Bi\u00e9lorussie n\u2019a plus de souverainet\u00e9 strat\u00e9gique\u00a0\u00bb #France - INFODICTAT\",\"isPartOf\":{\"@id\":\"https:\\\/\\\/www.infodictat.fr\\\/blog\\\/#website\"},\"primaryImageOfPage\":{\"@id\":\"https:\\\/\\\/www.infodictat.fr\\\/blog\\\/informations-francaise-la-bielorussie-na-plus-de-souverainete-strategique-france\\\/#primaryimage\"},\"image\":{\"@id\":\"https:\\\/\\\/www.infodictat.fr\\\/blog\\\/informations-francaise-la-bielorussie-na-plus-de-souverainete-strategique-france\\\/#primaryimage\"},\"thumbnailUrl\":\"https:\\\/\\\/www.infodictat.fr\\\/blog\\\/wp-content\\\/uploads\\\/2023\\\/05\\\/Informations-France-Sao-Paulo-rejoint-Independiente-del-Valle-en-finale.jpg\",\"datePublished\":\"2023-05-26T19:08:22+00:00\",\"breadcrumb\":{\"@id\":\"https:\\\/\\\/www.infodictat.fr\\\/blog\\\/informations-francaise-la-bielorussie-na-plus-de-souverainete-strategique-france\\\/#breadcrumb\"},\"inLanguage\":\"fr-FR\",\"potentialAction\":[{\"@type\":\"ReadAction\",\"target\":[\"https:\\\/\\\/www.infodictat.fr\\\/blog\\\/informations-francaise-la-bielorussie-na-plus-de-souverainete-strategique-france\\\/\"]}]},{\"@type\":\"ImageObject\",\"inLanguage\":\"fr-FR\",\"@id\":\"https:\\\/\\\/www.infodictat.fr\\\/blog\\\/informations-francaise-la-bielorussie-na-plus-de-souverainete-strategique-france\\\/#primaryimage\",\"url\":\"https:\\\/\\\/www.infodictat.fr\\\/blog\\\/wp-content\\\/uploads\\\/2023\\\/05\\\/Informations-France-Sao-Paulo-rejoint-Independiente-del-Valle-en-finale.jpg\",\"contentUrl\":\"https:\\\/\\\/www.infodictat.fr\\\/blog\\\/wp-content\\\/uploads\\\/2023\\\/05\\\/Informations-France-Sao-Paulo-rejoint-Independiente-del-Valle-en-finale.jpg\",\"width\":715,\"height\":481},{\"@type\":\"BreadcrumbList\",\"@id\":\"https:\\\/\\\/www.infodictat.fr\\\/blog\\\/informations-francaise-la-bielorussie-na-plus-de-souverainete-strategique-france\\\/#breadcrumb\",\"itemListElement\":[{\"@type\":\"ListItem\",\"position\":1,\"name\":\"Accueil\",\"item\":\"https:\\\/\\\/www.infodictat.fr\\\/blog\\\/\"},{\"@type\":\"ListItem\",\"position\":2,\"name\":\"Informations fran\u00e7aise: \u00ab\u00a0La Bi\u00e9lorussie n\u2019a plus de souverainet\u00e9 strat\u00e9gique\u00a0\u00bb #France\"}]},{\"@type\":\"WebSite\",\"@id\":\"https:\\\/\\\/www.infodictat.fr\\\/blog\\\/#website\",\"url\":\"https:\\\/\\\/www.infodictat.fr\\\/blog\\\/\",\"name\":\"INFODICTAT\",\"description\":\"La dictature num\u00e9rique.\",\"publisher\":{\"@id\":\"https:\\\/\\\/www.infodictat.fr\\\/blog\\\/#organization\"},\"potentialAction\":[{\"@type\":\"SearchAction\",\"target\":{\"@type\":\"EntryPoint\",\"urlTemplate\":\"https:\\\/\\\/www.infodictat.fr\\\/blog\\\/?s={search_term_string}\"},\"query-input\":{\"@type\":\"PropertyValueSpecification\",\"valueRequired\":true,\"valueName\":\"search_term_string\"}}],\"inLanguage\":\"fr-FR\"},{\"@type\":\"Organization\",\"@id\":\"https:\\\/\\\/www.infodictat.fr\\\/blog\\\/#organization\",\"name\":\"infodictat\",\"url\":\"https:\\\/\\\/www.infodictat.fr\\\/blog\\\/\",\"logo\":{\"@type\":\"ImageObject\",\"inLanguage\":\"fr-FR\",\"@id\":\"https:\\\/\\\/www.infodictat.fr\\\/blog\\\/#\\\/schema\\\/logo\\\/image\\\/\",\"url\":\"https:\\\/\\\/www.infodictat.fr\\\/blog\\\/wp-content\\\/uploads\\\/2023\\\/05\\\/logo-2.png\",\"contentUrl\":\"https:\\\/\\\/www.infodictat.fr\\\/blog\\\/wp-content\\\/uploads\\\/2023\\\/05\\\/logo-2.png\",\"width\":480,\"height\":596,\"caption\":\"infodictat\"},\"image\":{\"@id\":\"https:\\\/\\\/www.infodictat.fr\\\/blog\\\/#\\\/schema\\\/logo\\\/image\\\/\"}},{\"@type\":\"Person\",\"@id\":\"https:\\\/\\\/www.infodictat.fr\\\/blog\\\/#\\\/schema\\\/person\\\/6c2c8af0941702348e8eca9144cc1267\",\"name\":\"Oscar BETHMONT\",\"image\":{\"@type\":\"ImageObject\",\"inLanguage\":\"fr-FR\",\"@id\":\"https:\\\/\\\/secure.gravatar.com\\\/avatar\\\/f80ff32d67d40b919e8be190b7325be3c6cb33ce305ac1d45cadad29128e831e?s=96&d=mm&r=g\",\"url\":\"https:\\\/\\\/secure.gravatar.com\\\/avatar\\\/f80ff32d67d40b919e8be190b7325be3c6cb33ce305ac1d45cadad29128e831e?s=96&d=mm&r=g\",\"contentUrl\":\"https:\\\/\\\/secure.gravatar.com\\\/avatar\\\/f80ff32d67d40b919e8be190b7325be3c6cb33ce305ac1d45cadad29128e831e?s=96&d=mm&r=g\",\"caption\":\"Oscar BETHMONT\"},\"url\":\"https:\\\/\\\/www.infodictat.fr\\\/blog\\\/author\\\/tatoscar\\\/\"}]}<\/script>\n<!-- \/ Yoast SEO plugin. -->","yoast_head_json":{"title":"Informations fran\u00e7aise: \u00ab\u00a0La Bi\u00e9lorussie n\u2019a plus de souverainet\u00e9 strat\u00e9gique\u00a0\u00bb #France - INFODICTAT","robots":{"index":"index","follow":"follow","max-snippet":"max-snippet:-1","max-image-preview":"max-image-preview:large","max-video-preview":"max-video-preview:-1"},"canonical":"https:\/\/www.infodictat.fr\/blog\/informations-francaise-la-bielorussie-na-plus-de-souverainete-strategique-france\/","og_locale":"fr_FR","og_type":"article","og_title":"Informations fran\u00e7aise: \u00ab\u00a0La Bi\u00e9lorussie n\u2019a plus de souverainet\u00e9 strat\u00e9gique\u00a0\u00bb #France - INFODICTAT","og_description":"Voil\u00e0 qui va vous int\u00e9resser : Un nouvel encart que notre \u00e9quipe vient de d\u00e9couvrir sur internet et que nous vous reproduisons ci-dessous. La th\u00e9matique est \u00ab\u00a0Actualit\u00e9 fran\u00e7aise\u00a0\u00bb. Sachez que le journaliste (pr\u00e9sent\u00e9 sous la signature ) est connu et fiable. Sachez que la date de parution est 2023-05-26 19:05:00. Ce sujet apporte des r\u00e9ponses ... Lire la suite","og_url":"https:\/\/www.infodictat.fr\/blog\/informations-francaise-la-bielorussie-na-plus-de-souverainete-strategique-france\/","og_site_name":"INFODICTAT","article_published_time":"2023-05-26T19:08:22+00:00","og_image":[{"url":"https:\/\/www.infodictat.fr\/blog\/wp-content\/uploads\/2023\/05\/Informations-France-Sao-Paulo-rejoint-Independiente-del-Valle-en-finale.jpg","type":"","width":"","height":""}],"author":"Oscar BETHMONT","twitter_card":"summary_large_image","twitter_misc":{"\u00c9crit par":"Oscar BETHMONT","Dur\u00e9e de lecture estim\u00e9e":"1 minute"},"schema":{"@context":"https:\/\/schema.org","@graph":[{"@type":"Article","@id":"https:\/\/www.infodictat.fr\/blog\/informations-francaise-la-bielorussie-na-plus-de-souverainete-strategique-france\/#article","isPartOf":{"@id":"https:\/\/www.infodictat.fr\/blog\/informations-francaise-la-bielorussie-na-plus-de-souverainete-strategique-france\/"},"author":{"name":"Oscar BETHMONT","@id":"https:\/\/www.infodictat.fr\/blog\/#\/schema\/person\/6c2c8af0941702348e8eca9144cc1267"},"headline":"Informations fran\u00e7aise: \u00ab\u00a0La Bi\u00e9lorussie n\u2019a plus de souverainet\u00e9 strat\u00e9gique\u00a0\u00bb #France","datePublished":"2023-05-26T19:08:22+00:00","mainEntityOfPage":{"@id":"https:\/\/www.infodictat.fr\/blog\/informations-francaise-la-bielorussie-na-plus-de-souverainete-strategique-france\/"},"wordCount":235,"publisher":{"@id":"https:\/\/www.infodictat.fr\/blog\/#organization"},"image":{"@id":"https:\/\/www.infodictat.fr\/blog\/informations-francaise-la-bielorussie-na-plus-de-souverainete-strategique-france\/#primaryimage"},"thumbnailUrl":"https:\/\/www.infodictat.fr\/blog\/wp-content\/uploads\/2023\/05\/Informations-France-Sao-Paulo-rejoint-Independiente-del-Valle-en-finale.jpg","articleSection":["La Dictature Num\u00e9rique:"],"inLanguage":"fr-FR"},{"@type":"WebPage","@id":"https:\/\/www.infodictat.fr\/blog\/informations-francaise-la-bielorussie-na-plus-de-souverainete-strategique-france\/","url":"https:\/\/www.infodictat.fr\/blog\/informations-francaise-la-bielorussie-na-plus-de-souverainete-strategique-france\/","name":"Informations fran\u00e7aise: \u00ab\u00a0La Bi\u00e9lorussie n\u2019a plus de souverainet\u00e9 strat\u00e9gique\u00a0\u00bb #France - INFODICTAT","isPartOf":{"@id":"https:\/\/www.infodictat.fr\/blog\/#website"},"primaryImageOfPage":{"@id":"https:\/\/www.infodictat.fr\/blog\/informations-francaise-la-bielorussie-na-plus-de-souverainete-strategique-france\/#primaryimage"},"image":{"@id":"https:\/\/www.infodictat.fr\/blog\/informations-francaise-la-bielorussie-na-plus-de-souverainete-strategique-france\/#primaryimage"},"thumbnailUrl":"https:\/\/www.infodictat.fr\/blog\/wp-content\/uploads\/2023\/05\/Informations-France-Sao-Paulo-rejoint-Independiente-del-Valle-en-finale.jpg","datePublished":"2023-05-26T19:08:22+00:00","breadcrumb":{"@id":"https:\/\/www.infodictat.fr\/blog\/informations-francaise-la-bielorussie-na-plus-de-souverainete-strategique-france\/#breadcrumb"},"inLanguage":"fr-FR","potentialAction":[{"@type":"ReadAction","target":["https:\/\/www.infodictat.fr\/blog\/informations-francaise-la-bielorussie-na-plus-de-souverainete-strategique-france\/"]}]},{"@type":"ImageObject","inLanguage":"fr-FR","@id":"https:\/\/www.infodictat.fr\/blog\/informations-francaise-la-bielorussie-na-plus-de-souverainete-strategique-france\/#primaryimage","url":"https:\/\/www.infodictat.fr\/blog\/wp-content\/uploads\/2023\/05\/Informations-France-Sao-Paulo-rejoint-Independiente-del-Valle-en-finale.jpg","contentUrl":"https:\/\/www.infodictat.fr\/blog\/wp-content\/uploads\/2023\/05\/Informations-France-Sao-Paulo-rejoint-Independiente-del-Valle-en-finale.jpg","width":715,"height":481},{"@type":"BreadcrumbList","@id":"https:\/\/www.infodictat.fr\/blog\/informations-francaise-la-bielorussie-na-plus-de-souverainete-strategique-france\/#breadcrumb","itemListElement":[{"@type":"ListItem","position":1,"name":"Accueil","item":"https:\/\/www.infodictat.fr\/blog\/"},{"@type":"ListItem","position":2,"name":"Informations fran\u00e7aise: \u00ab\u00a0La Bi\u00e9lorussie n\u2019a plus de souverainet\u00e9 strat\u00e9gique\u00a0\u00bb #France"}]},{"@type":"WebSite","@id":"https:\/\/www.infodictat.fr\/blog\/#website","url":"https:\/\/www.infodictat.fr\/blog\/","name":"INFODICTAT","description":"La dictature num\u00e9rique.","publisher":{"@id":"https:\/\/www.infodictat.fr\/blog\/#organization"},"potentialAction":[{"@type":"SearchAction","target":{"@type":"EntryPoint","urlTemplate":"https:\/\/www.infodictat.fr\/blog\/?s={search_term_string}"},"query-input":{"@type":"PropertyValueSpecification","valueRequired":true,"valueName":"search_term_string"}}],"inLanguage":"fr-FR"},{"@type":"Organization","@id":"https:\/\/www.infodictat.fr\/blog\/#organization","name":"infodictat","url":"https:\/\/www.infodictat.fr\/blog\/","logo":{"@type":"ImageObject","inLanguage":"fr-FR","@id":"https:\/\/www.infodictat.fr\/blog\/#\/schema\/logo\/image\/","url":"https:\/\/www.infodictat.fr\/blog\/wp-content\/uploads\/2023\/05\/logo-2.png","contentUrl":"https:\/\/www.infodictat.fr\/blog\/wp-content\/uploads\/2023\/05\/logo-2.png","width":480,"height":596,"caption":"infodictat"},"image":{"@id":"https:\/\/www.infodictat.fr\/blog\/#\/schema\/logo\/image\/"}},{"@type":"Person","@id":"https:\/\/www.infodictat.fr\/blog\/#\/schema\/person\/6c2c8af0941702348e8eca9144cc1267","name":"Oscar BETHMONT","image":{"@type":"ImageObject","inLanguage":"fr-FR","@id":"https:\/\/secure.gravatar.com\/avatar\/f80ff32d67d40b919e8be190b7325be3c6cb33ce305ac1d45cadad29128e831e?s=96&d=mm&r=g","url":"https:\/\/secure.gravatar.com\/avatar\/f80ff32d67d40b919e8be190b7325be3c6cb33ce305ac1d45cadad29128e831e?s=96&d=mm&r=g","contentUrl":"https:\/\/secure.gravatar.com\/avatar\/f80ff32d67d40b919e8be190b7325be3c6cb33ce305ac1d45cadad29128e831e?s=96&d=mm&r=g","caption":"Oscar BETHMONT"},"url":"https:\/\/www.infodictat.fr\/blog\/author\/tatoscar\/"}]}},"_links":{"self":[{"href":"https:\/\/www.infodictat.fr\/blog\/wp-json\/wp\/v2\/posts\/80","targetHints":{"allow":["GET"]}}],"collection":[{"href":"https:\/\/www.infodictat.fr\/blog\/wp-json\/wp\/v2\/posts"}],"about":[{"href":"https:\/\/www.infodictat.fr\/blog\/wp-json\/wp\/v2\/types\/post"}],"author":[{"embeddable":true,"href":"https:\/\/www.infodictat.fr\/blog\/wp-json\/wp\/v2\/users\/2"}],"replies":[{"embeddable":true,"href":"https:\/\/www.infodictat.fr\/blog\/wp-json\/wp\/v2\/comments?post=80"}],"version-history":[{"count":0,"href":"https:\/\/www.infodictat.fr\/blog\/wp-json\/wp\/v2\/posts\/80\/revisions"}],"wp:featuredmedia":[{"embeddable":true,"href":"https:\/\/www.infodictat.fr\/blog\/wp-json\/wp\/v2\/media\/81"}],"wp:attachment":[{"href":"https:\/\/www.infodictat.fr\/blog\/wp-json\/wp\/v2\/media?parent=80"}],"wp:term":[{"taxonomy":"category","embeddable":true,"href":"https:\/\/www.infodictat.fr\/blog\/wp-json\/wp\/v2\/categories?post=80"},{"taxonomy":"post_tag","embeddable":true,"href":"https:\/\/www.infodictat.fr\/blog\/wp-json\/wp\/v2\/tags?post=80"}],"curies":[{"name":"wp","href":"https:\/\/api.w.org\/{rel}","templated":true}]}}