{"id":763,"date":"2024-09-17T12:18:53","date_gmt":"2024-09-17T10:18:53","guid":{"rendered":"https:\/\/www.infodictat.fr\/blog\/informations-nationales-francois-ruffin-se-fache-enfin-pour-de-bonnes-raisons-france\/"},"modified":"2024-09-17T12:18:53","modified_gmt":"2024-09-17T10:18:53","slug":"informations-nationales-francois-ruffin-se-fache-enfin-pour-de-bonnes-raisons-france","status":"publish","type":"post","link":"https:\/\/www.infodictat.fr\/blog\/informations-nationales-francois-ruffin-se-fache-enfin-pour-de-bonnes-raisons-france\/","title":{"rendered":"Informations nationales: Fran\u00e7ois Ruffin se f\u00e2che (enfin) pour de bonnes raisons #France"},"content":{"rendered":"<div><img width=\"580\" height=\"387\" src=\"https:\/\/www.infodictat.fr\/blog\/wp-content\/uploads\/2024\/09\/Informations-nationales-Francois-Ruffin-se-fache-enfin-pour-de-bonnes-1024x683-1.jpg\" class=\"attachment-large size-large wp-post-image\" alt=\"Informations-nationales-Francois-Ruffin-se-fache-enfin-pour-de-bonnes\" style=\"float:left; margin:0 15px 15px 0;\" decoding=\"async\" srcset=\"https:\/\/www.infodictat.fr\/blog\/wp-content\/uploads\/2024\/09\/Informations-nationales-Francois-Ruffin-se-fache-enfin-pour-de-bonnes-1024x683-1.jpg 1024w, https:\/\/www.site.cdcl.xyz\/wp-content\/uploads\/2024\/09\/Informations-nationales-Francois-Ruffin-se-fache-enfin-pour-de-bonnes-300x200.jpg 300w, https:\/\/www.site.cdcl.xyz\/wp-content\/uploads\/2024\/09\/Informations-nationales-Francois-Ruffin-se-fache-enfin-pour-de-bonnes-768x512.jpg 768w, https:\/\/www.site.cdcl.xyz\/wp-content\/uploads\/2024\/09\/Informations-nationales-Francois-Ruffin-se-fache-enfin-pour-de-bonnes-1200x800.jpg 1200w, https:\/\/www.site.cdcl.xyz\/wp-content\/uploads\/2024\/09\/Informations-nationales-Francois-Ruffin-se-fache-enfin-pour-de-bonnes.jpg 1440w\" sizes=\"(max-width: 580px) 100vw, 580px\"><\/p>\n<h1>Fran\u00e7ois Ruffin se f\u00e2che (enfin) pour de bonnes raisons diffus\u00e9 par Le Point \u2013 Toute l&rsquo;info en continu le <span id=\"datecrea\"><\/span> <\/h1>\n<p>Notre \u00e9quipe vient de remarquer cet article sur le sujet \u00ab\u00a0Actualit\u00e9 fran\u00e7aise\u00a0\u00bb. Avec plaisir nous vous en transmettons l\u2019essentiel plus bas.<\/p>\n<h2>L\u2019article suivant a \u00e9t\u00e9 publi\u00e9 par Le Point \u2013 Toute l&rsquo;info en continu<\/h2>\n<p><u>Signature  . <\/u><\/p>\n<p><u>Date et heure de la r\u00e9ception de la d\u00e9p\u00e9che sur notre fil d\u2019info:<\/u><strong><span id=\"date\"><\/span><\/strong><\/p>\n<p><u>Date et heure de publication sur internet:<\/u> <strong><span id=\"datecrea\"><\/span><\/strong><\/p>\n<p><u>Titre exacte donn\u00e9 par le journal \u00e9tait:<\/u> <strong>Fran\u00e7ois Ruffin se f\u00e2che (enfin) pour de bonnes raisons<\/strong><\/p>\n<p><u>Information et contenu publi\u00e9s :<\/u><\/p>\n<p><img decoding=\"async\" src=\"https:\/\/www.infodictat.fr\/blog\/wp-content\/uploads\/2024\/09\/Infos-France-Francois-Ruffin-se-fache-enfin-pour-de-bonnes.jpg\"><\/p>\n<div id=\"contenu\">\n        <!-- include t_www_2023\/pages\/article\/blocs\/tag_pub.tpl --><br \/>\n        <!-- include \/t_www_2023\/pages\/article\/blocs\/tag_pub.tpl --><\/p>\n<p><span class=\"dflt-txt__lettrine\">F<\/span>ran\u00e7ois Ruffin a fini par assumer publiquement ce qui le s\u00e9pare de ceux qui, \u00e0 La France insoumise, ont fait le choix des int\u00e9r\u00eats particuliers contre l\u2019int\u00e9r\u00eat g\u00e9n\u00e9ral. Le d\u00e9put\u00e9 de la Somme a finalement act\u00e9 sa rupture avec Jean-Luc M\u00e9lenchon non plus sur la forme, notamment la conflictualit\u00e9, mais sur le fond, et on ne peut s\u2019emp\u00eacher de penser aux deux \u00ab\u00a0gauches irr\u00e9conciliables\u00a0\u00bb, de Manuel Valls, alors Premier ministre en 2016.<\/p>\n<section class=\"mbl txtcenter\"><\/section>\n<p>Le fond, c\u2019est bien s\u00fbr la critique du basculement de LFI et de son chef dans un discours flattant les particularismes, notamment religieux, \u00e0 des fins \u00e9lectoralistes, sous l\u2019influence de militants et d\u2019\u00e9lus proches des mouvances indig\u00e9nistes (on se souvient d\u2019Houria Bouteldja se f\u00e9licitant que Jean-Luc M\u00e9lenchon f\u00fbt \u00ab\u00a0un butin de guerre\u00a0\u00bb) mais aussi le d\u00e9\u2026<\/p>\n<p><!-- include t_www_2023\/pages\/article\/blocs\/bloc-encadre.tpl --><br \/>\n<!-- include \/t_www_2023\/pages\/article\/blocs\/bloc-encadre.tpl --><\/p>\n<aside id=\"article-reserve-aux-abonnes\" class=\"paywall\">\n<div class=\"paywall-content\">\n<p>Toute l\u2019actualit\u00e9 \u00e0 1\u20ac le premier mois<\/p>\n<p>S\u2019abonner<\/p>\n<p><span>ou<\/span><\/p>\n<p><button class=\"swg-standard-button\" id=\"swg-btn-maison\" role=\"button\" title=\"S'abonner avec Google\" data-gtm=\"click:abo\" data-campaign=\"paywall_maison_swig\"><\/button>\n<\/p>\n<\/div>\n<\/aside>\n<div id=\"newsletter\" class=\"bloc-1 title-top\">\n<span class=\"h2\">La newsletter politique<\/span><\/p>\n<div class=\"step-1\">\n<p class=\"period\">Tous les jeudis \u00e0 7h30<\/p>\n<p>Recevez en avant-premi\u00e8re les informations et analyses politiques de la r\u00e9daction du Point.<\/p>\n<\/div>\n<div class=\"step-2\">\n<p>Merci !<br \/>Votre inscription a bien \u00e9t\u00e9 prise en compte avec l\u2019adresse email :<br \/><span class=\"email-sended\"><\/span><\/p>\n<p>Pour d\u00e9couvrir toutes nos autres newsletters, rendez-vous ici : MonCompte<\/p>\n<\/div>\n<p>En vous inscrivant, vous acceptez les conditions g\u00e9n\u00e9rales d\u2019utilisations et notre politique de confidentialit\u00e9.<\/p>\n<\/div>\n<\/div>\n<p> <img decoding=\"async\" src=\"https:\/\/www.infodictat.fr\/blog\/wp-content\/uploads\/2024\/09\/Infos-France-Francois-Ruffin-se-fache-enfin-pour-de-bonnes.jpg\" alt=\"Fran\u00e7ois Ruffin se f\u00e2che (enfin) pour de bonnes raisons\"><\/p>\n<p>#Fran\u00e7ois #Ruffin #f\u00e2che #enfin #pour #bonnes #raisons<\/p>\n<p>Reprise de l\u2019information dans un style journalistique professionnel descriptif en organisant les id\u00e9es dans un ordre coh\u00e9rent avec titres html <\/p>\n<p>Publications:<\/p>\n<p>Japonais\/Le\u00e7on5\/Correction.,<a href=\"https:\/\/fr.wikibooks.org\/wiki\/Japonais\/Le%C3%A7on5\/Correction\" target=\"_blank\" rel=\"noopener noreferrer nofollow\">Description de l\u2019\u00e9diteur<\/a><span><\/span>. Disponible dans toutes les bonnes de l\u2019\u00e9diteurs.<\/p>\n<p>M\u00e9canique v\u00e9lo\/Assistance \u00e9lectrique.,<a href=\"https:\/\/fr.wikibooks.org\/wiki\/M%C3%A9canique_v%C3%A9lo\/Assistance_%C3%A9lectrique\" target=\"_blank\" rel=\"noopener noreferrer nofollow\">sur ce lien la fiche de pr\u00e9sentation<\/a><span><\/span>. A emprunter en biblioth\u00e8que.<\/p>\n<p>Renaissance et R\u00e9forme\/Avant la R\u00e9forme, les hommes, les id\u00e9es.,<a href=\"https:\/\/fr.wikibooks.org\/wiki\/Renaissance_et_R%C3%A9forme\/Avant_la_R%C3%A9forme,_les_hommes,_les_id%C3%A9es\" target=\"_blank\" rel=\"noopener noreferrer nofollow\">Redirection vers l\u2019ouvrage<\/a><span><\/span>.<\/p>\n<p><script>\nvar date = \"Non r\u00e9cup\u00e9r\u00e9es\";\n        \/\/ Valeur de timestamp\n        var timestampString = 1726557511; \/\/ Assurez-vous que le timestamp est une cha\u00eene de texte\n        \/\/ Convertir la cha\u00eene de texte en nombre entier (timestamp)\n        var timestamp = parseInt(timestampString);\n        \/\/ Cr\u00e9er un objet Date \u00e0 partir du timestamp\n        var dateObject = new Date(timestamp * 1000); \/\/ Le timestamp est en secondes, donc on le multiplie par 1000 pour obtenir les millisecondes\n        \/\/ Format de date personnalis\u00e9\n        var options = { weekday: 'long', year: 'numeric', month: 'long', day: 'numeric', hour: 'numeric', minute: 'numeric', second: 'numeric', timeZone: 'Europe\/Paris' };\n        var formattedDate = dateObject.toLocaleDateString('fr-FR', options);\n formattedDate = formattedDate.replace(\/^.\/, formattedDate[0].toUpperCase());\n        \/\/ Afficher la date dans le HTML\n        document.getElementById('date').textContent = formattedDate;\n    <\/script><\/p>\n<p><script>\nvar datecrea = \"Non r\u00e9cup\u00e9r\u00e9e\";\n        \/\/ Date et heure au format \"2008-06-15 18:02:58\"\n        var dateString = \"2024-09-17 08:00:00\";\n        \/\/ Convertir la cha\u00eene de texte en objet Date\n        var now = new Date(dateString);\n        \/\/ Format de date personnalis\u00e9\n        var options = { weekday: 'long', year: 'numeric', month: 'long', day: 'numeric', hour: 'numeric', minute: 'numeric', second: 'numeric', timeZone: 'Europe\/Paris' };\n        var formattedDate = now.toLocaleDateString('fr-FR', options);\n formattedDate = formattedDate.replace(\/^.\/, formattedDate[0].toUpperCase());\n        \/\/ Afficher la date dans le HTML\n        document.getElementById('datecrea').textContent = formattedDate;\n    <\/script><\/p>\n<\/div>\n<p><img decoding=\"async\" class=\"wpe_imgrss\" src=\"https:\/\/www.infodictat.fr\/blog\/wp-content\/uploads\/2024\/09\/Informations-nationales-Francois-Ruffin-se-fache-enfin-pour-de-bonnes-1024x683-1.jpg\">Vous pouvez lire ce post traitant le sujet \u00ab\u00a0La dictature num\u00e9rique\u00a0\u00bb. Il est produit par la r\u00e9daction de infodictat.fr. Le site infodictat.fr a pour objectif de publier plusieurs articles autour du sujet La dictature num\u00e9rique d\u00e9velopp\u00e9es sur le web. Cette chronique se veut g\u00e9n\u00e9r\u00e9e de la fa\u00e7on la plus juste qui soit. Pour \u00e9mettre des remarques sur ce dossier autour du sujet \u00ab\u00a0La dictature num\u00e9rique\u00a0\u00bb prenez les contacts indiqu\u00e9s sur notre site internet. En consultant r\u00e9guli\u00e8rement nos contenus de blog vous serez au courant des futures parutions.<\/p>\n","protected":false},"excerpt":{"rendered":"<p>Fran\u00e7ois Ruffin se f\u00e2che (enfin) pour de bonnes raisons diffus\u00e9 par Le Point \u2013 Toute l&rsquo;info en continu le Notre \u00e9quipe vient de remarquer cet article sur le sujet \u00ab\u00a0Actualit\u00e9 fran\u00e7aise\u00a0\u00bb. Avec plaisir nous vous en transmettons l\u2019essentiel plus bas. L\u2019article suivant a \u00e9t\u00e9 publi\u00e9 par Le Point \u2013 Toute l&rsquo;info en continu Signature . &#8230; <a title=\"Informations nationales: Fran\u00e7ois Ruffin se f\u00e2che (enfin) pour de bonnes raisons #France\" class=\"read-more\" href=\"https:\/\/www.infodictat.fr\/blog\/informations-nationales-francois-ruffin-se-fache-enfin-pour-de-bonnes-raisons-france\/\" aria-label=\"En savoir plus sur Informations nationales: Fran\u00e7ois Ruffin se f\u00e2che (enfin) pour de bonnes raisons #France\">Lire la suite<\/a><\/p>\n","protected":false},"author":2,"featured_media":764,"comment_status":"closed","ping_status":"closed","sticky":false,"template":"","format":"standard","meta":{"footnotes":""},"categories":[2],"tags":[],"class_list":["post-763","post","type-post","status-publish","format-standard","has-post-thumbnail","hentry","category-la-dictature-numerique"],"yoast_head":"<!-- This site is optimized with the Yoast SEO plugin v27.5 - https:\/\/yoast.com\/product\/yoast-seo-wordpress\/ -->\n<title>Informations nationales: Fran\u00e7ois Ruffin se f\u00e2che (enfin) pour de bonnes raisons #France - INFODICTAT<\/title>\n<meta name=\"robots\" content=\"index, follow, max-snippet:-1, max-image-preview:large, max-video-preview:-1\" \/>\n<link rel=\"canonical\" href=\"https:\/\/www.infodictat.fr\/blog\/informations-nationales-francois-ruffin-se-fache-enfin-pour-de-bonnes-raisons-france\/\" \/>\n<meta property=\"og:locale\" content=\"fr_FR\" \/>\n<meta property=\"og:type\" content=\"article\" \/>\n<meta property=\"og:title\" content=\"Informations nationales: Fran\u00e7ois Ruffin se f\u00e2che (enfin) pour de bonnes raisons #France - INFODICTAT\" \/>\n<meta property=\"og:description\" content=\"Fran\u00e7ois Ruffin se f\u00e2che (enfin) pour de bonnes raisons diffus\u00e9 par Le Point \u2013 Toute l&rsquo;info en continu le Notre \u00e9quipe vient de remarquer cet article sur le sujet \u00ab\u00a0Actualit\u00e9 fran\u00e7aise\u00a0\u00bb. Avec plaisir nous vous en transmettons l\u2019essentiel plus bas. L\u2019article suivant a \u00e9t\u00e9 publi\u00e9 par Le Point \u2013 Toute l&rsquo;info en continu Signature . ... Lire la suite\" \/>\n<meta property=\"og:url\" content=\"https:\/\/www.infodictat.fr\/blog\/informations-nationales-francois-ruffin-se-fache-enfin-pour-de-bonnes-raisons-france\/\" \/>\n<meta property=\"og:site_name\" content=\"INFODICTAT\" \/>\n<meta property=\"article:published_time\" content=\"2024-09-17T10:18:53+00:00\" \/>\n<meta property=\"og:image\" content=\"https:\/\/www.infodictat.fr\/blog\/wp-content\/uploads\/2024\/09\/Informations-nationales-Francois-Ruffin-se-fache-enfin-pour-de-bonnes-1024x683-1.jpg\" \/>\n<meta name=\"author\" content=\"Oscar BETHMONT\" \/>\n<meta name=\"twitter:card\" content=\"summary_large_image\" \/>\n<meta name=\"twitter:label1\" content=\"\u00c9crit par\" \/>\n\t<meta name=\"twitter:data1\" content=\"Oscar BETHMONT\" \/>\n\t<meta name=\"twitter:label2\" content=\"Dur\u00e9e de lecture estim\u00e9e\" \/>\n\t<meta name=\"twitter:data2\" content=\"3 minutes\" \/>\n<script type=\"application\/ld+json\" class=\"yoast-schema-graph\">{\"@context\":\"https:\\\/\\\/schema.org\",\"@graph\":[{\"@type\":\"Article\",\"@id\":\"https:\\\/\\\/www.infodictat.fr\\\/blog\\\/informations-nationales-francois-ruffin-se-fache-enfin-pour-de-bonnes-raisons-france\\\/#article\",\"isPartOf\":{\"@id\":\"https:\\\/\\\/www.infodictat.fr\\\/blog\\\/informations-nationales-francois-ruffin-se-fache-enfin-pour-de-bonnes-raisons-france\\\/\"},\"author\":{\"name\":\"Oscar BETHMONT\",\"@id\":\"https:\\\/\\\/www.infodictat.fr\\\/blog\\\/#\\\/schema\\\/person\\\/6c2c8af0941702348e8eca9144cc1267\"},\"headline\":\"Informations nationales: Fran\u00e7ois Ruffin se f\u00e2che (enfin) pour de bonnes raisons #France\",\"datePublished\":\"2024-09-17T10:18:53+00:00\",\"mainEntityOfPage\":{\"@id\":\"https:\\\/\\\/www.infodictat.fr\\\/blog\\\/informations-nationales-francois-ruffin-se-fache-enfin-pour-de-bonnes-raisons-france\\\/\"},\"wordCount\":524,\"publisher\":{\"@id\":\"https:\\\/\\\/www.infodictat.fr\\\/blog\\\/#organization\"},\"image\":{\"@id\":\"https:\\\/\\\/www.infodictat.fr\\\/blog\\\/informations-nationales-francois-ruffin-se-fache-enfin-pour-de-bonnes-raisons-france\\\/#primaryimage\"},\"thumbnailUrl\":\"https:\\\/\\\/www.infodictat.fr\\\/blog\\\/wp-content\\\/uploads\\\/2024\\\/09\\\/Informations-nationales-Francois-Ruffin-se-fache-enfin-pour-de-bonnes-1024x683-1.jpg\",\"articleSection\":[\"La Dictature Num\u00e9rique:\"],\"inLanguage\":\"fr-FR\"},{\"@type\":\"WebPage\",\"@id\":\"https:\\\/\\\/www.infodictat.fr\\\/blog\\\/informations-nationales-francois-ruffin-se-fache-enfin-pour-de-bonnes-raisons-france\\\/\",\"url\":\"https:\\\/\\\/www.infodictat.fr\\\/blog\\\/informations-nationales-francois-ruffin-se-fache-enfin-pour-de-bonnes-raisons-france\\\/\",\"name\":\"Informations nationales: Fran\u00e7ois Ruffin se f\u00e2che (enfin) pour de bonnes raisons #France - INFODICTAT\",\"isPartOf\":{\"@id\":\"https:\\\/\\\/www.infodictat.fr\\\/blog\\\/#website\"},\"primaryImageOfPage\":{\"@id\":\"https:\\\/\\\/www.infodictat.fr\\\/blog\\\/informations-nationales-francois-ruffin-se-fache-enfin-pour-de-bonnes-raisons-france\\\/#primaryimage\"},\"image\":{\"@id\":\"https:\\\/\\\/www.infodictat.fr\\\/blog\\\/informations-nationales-francois-ruffin-se-fache-enfin-pour-de-bonnes-raisons-france\\\/#primaryimage\"},\"thumbnailUrl\":\"https:\\\/\\\/www.infodictat.fr\\\/blog\\\/wp-content\\\/uploads\\\/2024\\\/09\\\/Informations-nationales-Francois-Ruffin-se-fache-enfin-pour-de-bonnes-1024x683-1.jpg\",\"datePublished\":\"2024-09-17T10:18:53+00:00\",\"breadcrumb\":{\"@id\":\"https:\\\/\\\/www.infodictat.fr\\\/blog\\\/informations-nationales-francois-ruffin-se-fache-enfin-pour-de-bonnes-raisons-france\\\/#breadcrumb\"},\"inLanguage\":\"fr-FR\",\"potentialAction\":[{\"@type\":\"ReadAction\",\"target\":[\"https:\\\/\\\/www.infodictat.fr\\\/blog\\\/informations-nationales-francois-ruffin-se-fache-enfin-pour-de-bonnes-raisons-france\\\/\"]}]},{\"@type\":\"ImageObject\",\"inLanguage\":\"fr-FR\",\"@id\":\"https:\\\/\\\/www.infodictat.fr\\\/blog\\\/informations-nationales-francois-ruffin-se-fache-enfin-pour-de-bonnes-raisons-france\\\/#primaryimage\",\"url\":\"https:\\\/\\\/www.infodictat.fr\\\/blog\\\/wp-content\\\/uploads\\\/2024\\\/09\\\/Informations-nationales-Francois-Ruffin-se-fache-enfin-pour-de-bonnes-1024x683-1.jpg\",\"contentUrl\":\"https:\\\/\\\/www.infodictat.fr\\\/blog\\\/wp-content\\\/uploads\\\/2024\\\/09\\\/Informations-nationales-Francois-Ruffin-se-fache-enfin-pour-de-bonnes-1024x683-1.jpg\",\"width\":1024,\"height\":683},{\"@type\":\"BreadcrumbList\",\"@id\":\"https:\\\/\\\/www.infodictat.fr\\\/blog\\\/informations-nationales-francois-ruffin-se-fache-enfin-pour-de-bonnes-raisons-france\\\/#breadcrumb\",\"itemListElement\":[{\"@type\":\"ListItem\",\"position\":1,\"name\":\"Accueil\",\"item\":\"https:\\\/\\\/www.infodictat.fr\\\/blog\\\/\"},{\"@type\":\"ListItem\",\"position\":2,\"name\":\"Informations nationales: Fran\u00e7ois Ruffin se f\u00e2che (enfin) pour de bonnes raisons #France\"}]},{\"@type\":\"WebSite\",\"@id\":\"https:\\\/\\\/www.infodictat.fr\\\/blog\\\/#website\",\"url\":\"https:\\\/\\\/www.infodictat.fr\\\/blog\\\/\",\"name\":\"INFODICTAT\",\"description\":\"La dictature num\u00e9rique.\",\"publisher\":{\"@id\":\"https:\\\/\\\/www.infodictat.fr\\\/blog\\\/#organization\"},\"potentialAction\":[{\"@type\":\"SearchAction\",\"target\":{\"@type\":\"EntryPoint\",\"urlTemplate\":\"https:\\\/\\\/www.infodictat.fr\\\/blog\\\/?s={search_term_string}\"},\"query-input\":{\"@type\":\"PropertyValueSpecification\",\"valueRequired\":true,\"valueName\":\"search_term_string\"}}],\"inLanguage\":\"fr-FR\"},{\"@type\":\"Organization\",\"@id\":\"https:\\\/\\\/www.infodictat.fr\\\/blog\\\/#organization\",\"name\":\"infodictat\",\"url\":\"https:\\\/\\\/www.infodictat.fr\\\/blog\\\/\",\"logo\":{\"@type\":\"ImageObject\",\"inLanguage\":\"fr-FR\",\"@id\":\"https:\\\/\\\/www.infodictat.fr\\\/blog\\\/#\\\/schema\\\/logo\\\/image\\\/\",\"url\":\"https:\\\/\\\/www.infodictat.fr\\\/blog\\\/wp-content\\\/uploads\\\/2023\\\/05\\\/logo-2.png\",\"contentUrl\":\"https:\\\/\\\/www.infodictat.fr\\\/blog\\\/wp-content\\\/uploads\\\/2023\\\/05\\\/logo-2.png\",\"width\":480,\"height\":596,\"caption\":\"infodictat\"},\"image\":{\"@id\":\"https:\\\/\\\/www.infodictat.fr\\\/blog\\\/#\\\/schema\\\/logo\\\/image\\\/\"}},{\"@type\":\"Person\",\"@id\":\"https:\\\/\\\/www.infodictat.fr\\\/blog\\\/#\\\/schema\\\/person\\\/6c2c8af0941702348e8eca9144cc1267\",\"name\":\"Oscar BETHMONT\",\"image\":{\"@type\":\"ImageObject\",\"inLanguage\":\"fr-FR\",\"@id\":\"https:\\\/\\\/secure.gravatar.com\\\/avatar\\\/f80ff32d67d40b919e8be190b7325be3c6cb33ce305ac1d45cadad29128e831e?s=96&d=mm&r=g\",\"url\":\"https:\\\/\\\/secure.gravatar.com\\\/avatar\\\/f80ff32d67d40b919e8be190b7325be3c6cb33ce305ac1d45cadad29128e831e?s=96&d=mm&r=g\",\"contentUrl\":\"https:\\\/\\\/secure.gravatar.com\\\/avatar\\\/f80ff32d67d40b919e8be190b7325be3c6cb33ce305ac1d45cadad29128e831e?s=96&d=mm&r=g\",\"caption\":\"Oscar BETHMONT\"},\"url\":\"https:\\\/\\\/www.infodictat.fr\\\/blog\\\/author\\\/tatoscar\\\/\"}]}<\/script>\n<!-- \/ Yoast SEO plugin. -->","yoast_head_json":{"title":"Informations nationales: Fran\u00e7ois Ruffin se f\u00e2che (enfin) pour de bonnes raisons #France - INFODICTAT","robots":{"index":"index","follow":"follow","max-snippet":"max-snippet:-1","max-image-preview":"max-image-preview:large","max-video-preview":"max-video-preview:-1"},"canonical":"https:\/\/www.infodictat.fr\/blog\/informations-nationales-francois-ruffin-se-fache-enfin-pour-de-bonnes-raisons-france\/","og_locale":"fr_FR","og_type":"article","og_title":"Informations nationales: Fran\u00e7ois Ruffin se f\u00e2che (enfin) pour de bonnes raisons #France - INFODICTAT","og_description":"Fran\u00e7ois Ruffin se f\u00e2che (enfin) pour de bonnes raisons diffus\u00e9 par Le Point \u2013 Toute l&rsquo;info en continu le Notre \u00e9quipe vient de remarquer cet article sur le sujet \u00ab\u00a0Actualit\u00e9 fran\u00e7aise\u00a0\u00bb. Avec plaisir nous vous en transmettons l\u2019essentiel plus bas. L\u2019article suivant a \u00e9t\u00e9 publi\u00e9 par Le Point \u2013 Toute l&rsquo;info en continu Signature . ... Lire la suite","og_url":"https:\/\/www.infodictat.fr\/blog\/informations-nationales-francois-ruffin-se-fache-enfin-pour-de-bonnes-raisons-france\/","og_site_name":"INFODICTAT","article_published_time":"2024-09-17T10:18:53+00:00","og_image":[{"url":"https:\/\/www.infodictat.fr\/blog\/wp-content\/uploads\/2024\/09\/Informations-nationales-Francois-Ruffin-se-fache-enfin-pour-de-bonnes-1024x683-1.jpg","type":"","width":"","height":""}],"author":"Oscar BETHMONT","twitter_card":"summary_large_image","twitter_misc":{"\u00c9crit par":"Oscar BETHMONT","Dur\u00e9e de lecture estim\u00e9e":"3 minutes"},"schema":{"@context":"https:\/\/schema.org","@graph":[{"@type":"Article","@id":"https:\/\/www.infodictat.fr\/blog\/informations-nationales-francois-ruffin-se-fache-enfin-pour-de-bonnes-raisons-france\/#article","isPartOf":{"@id":"https:\/\/www.infodictat.fr\/blog\/informations-nationales-francois-ruffin-se-fache-enfin-pour-de-bonnes-raisons-france\/"},"author":{"name":"Oscar BETHMONT","@id":"https:\/\/www.infodictat.fr\/blog\/#\/schema\/person\/6c2c8af0941702348e8eca9144cc1267"},"headline":"Informations nationales: Fran\u00e7ois Ruffin se f\u00e2che (enfin) pour de bonnes raisons #France","datePublished":"2024-09-17T10:18:53+00:00","mainEntityOfPage":{"@id":"https:\/\/www.infodictat.fr\/blog\/informations-nationales-francois-ruffin-se-fache-enfin-pour-de-bonnes-raisons-france\/"},"wordCount":524,"publisher":{"@id":"https:\/\/www.infodictat.fr\/blog\/#organization"},"image":{"@id":"https:\/\/www.infodictat.fr\/blog\/informations-nationales-francois-ruffin-se-fache-enfin-pour-de-bonnes-raisons-france\/#primaryimage"},"thumbnailUrl":"https:\/\/www.infodictat.fr\/blog\/wp-content\/uploads\/2024\/09\/Informations-nationales-Francois-Ruffin-se-fache-enfin-pour-de-bonnes-1024x683-1.jpg","articleSection":["La Dictature Num\u00e9rique:"],"inLanguage":"fr-FR"},{"@type":"WebPage","@id":"https:\/\/www.infodictat.fr\/blog\/informations-nationales-francois-ruffin-se-fache-enfin-pour-de-bonnes-raisons-france\/","url":"https:\/\/www.infodictat.fr\/blog\/informations-nationales-francois-ruffin-se-fache-enfin-pour-de-bonnes-raisons-france\/","name":"Informations nationales: Fran\u00e7ois Ruffin se f\u00e2che (enfin) pour de bonnes raisons #France - INFODICTAT","isPartOf":{"@id":"https:\/\/www.infodictat.fr\/blog\/#website"},"primaryImageOfPage":{"@id":"https:\/\/www.infodictat.fr\/blog\/informations-nationales-francois-ruffin-se-fache-enfin-pour-de-bonnes-raisons-france\/#primaryimage"},"image":{"@id":"https:\/\/www.infodictat.fr\/blog\/informations-nationales-francois-ruffin-se-fache-enfin-pour-de-bonnes-raisons-france\/#primaryimage"},"thumbnailUrl":"https:\/\/www.infodictat.fr\/blog\/wp-content\/uploads\/2024\/09\/Informations-nationales-Francois-Ruffin-se-fache-enfin-pour-de-bonnes-1024x683-1.jpg","datePublished":"2024-09-17T10:18:53+00:00","breadcrumb":{"@id":"https:\/\/www.infodictat.fr\/blog\/informations-nationales-francois-ruffin-se-fache-enfin-pour-de-bonnes-raisons-france\/#breadcrumb"},"inLanguage":"fr-FR","potentialAction":[{"@type":"ReadAction","target":["https:\/\/www.infodictat.fr\/blog\/informations-nationales-francois-ruffin-se-fache-enfin-pour-de-bonnes-raisons-france\/"]}]},{"@type":"ImageObject","inLanguage":"fr-FR","@id":"https:\/\/www.infodictat.fr\/blog\/informations-nationales-francois-ruffin-se-fache-enfin-pour-de-bonnes-raisons-france\/#primaryimage","url":"https:\/\/www.infodictat.fr\/blog\/wp-content\/uploads\/2024\/09\/Informations-nationales-Francois-Ruffin-se-fache-enfin-pour-de-bonnes-1024x683-1.jpg","contentUrl":"https:\/\/www.infodictat.fr\/blog\/wp-content\/uploads\/2024\/09\/Informations-nationales-Francois-Ruffin-se-fache-enfin-pour-de-bonnes-1024x683-1.jpg","width":1024,"height":683},{"@type":"BreadcrumbList","@id":"https:\/\/www.infodictat.fr\/blog\/informations-nationales-francois-ruffin-se-fache-enfin-pour-de-bonnes-raisons-france\/#breadcrumb","itemListElement":[{"@type":"ListItem","position":1,"name":"Accueil","item":"https:\/\/www.infodictat.fr\/blog\/"},{"@type":"ListItem","position":2,"name":"Informations nationales: Fran\u00e7ois Ruffin se f\u00e2che (enfin) pour de bonnes raisons #France"}]},{"@type":"WebSite","@id":"https:\/\/www.infodictat.fr\/blog\/#website","url":"https:\/\/www.infodictat.fr\/blog\/","name":"INFODICTAT","description":"La dictature num\u00e9rique.","publisher":{"@id":"https:\/\/www.infodictat.fr\/blog\/#organization"},"potentialAction":[{"@type":"SearchAction","target":{"@type":"EntryPoint","urlTemplate":"https:\/\/www.infodictat.fr\/blog\/?s={search_term_string}"},"query-input":{"@type":"PropertyValueSpecification","valueRequired":true,"valueName":"search_term_string"}}],"inLanguage":"fr-FR"},{"@type":"Organization","@id":"https:\/\/www.infodictat.fr\/blog\/#organization","name":"infodictat","url":"https:\/\/www.infodictat.fr\/blog\/","logo":{"@type":"ImageObject","inLanguage":"fr-FR","@id":"https:\/\/www.infodictat.fr\/blog\/#\/schema\/logo\/image\/","url":"https:\/\/www.infodictat.fr\/blog\/wp-content\/uploads\/2023\/05\/logo-2.png","contentUrl":"https:\/\/www.infodictat.fr\/blog\/wp-content\/uploads\/2023\/05\/logo-2.png","width":480,"height":596,"caption":"infodictat"},"image":{"@id":"https:\/\/www.infodictat.fr\/blog\/#\/schema\/logo\/image\/"}},{"@type":"Person","@id":"https:\/\/www.infodictat.fr\/blog\/#\/schema\/person\/6c2c8af0941702348e8eca9144cc1267","name":"Oscar BETHMONT","image":{"@type":"ImageObject","inLanguage":"fr-FR","@id":"https:\/\/secure.gravatar.com\/avatar\/f80ff32d67d40b919e8be190b7325be3c6cb33ce305ac1d45cadad29128e831e?s=96&d=mm&r=g","url":"https:\/\/secure.gravatar.com\/avatar\/f80ff32d67d40b919e8be190b7325be3c6cb33ce305ac1d45cadad29128e831e?s=96&d=mm&r=g","contentUrl":"https:\/\/secure.gravatar.com\/avatar\/f80ff32d67d40b919e8be190b7325be3c6cb33ce305ac1d45cadad29128e831e?s=96&d=mm&r=g","caption":"Oscar BETHMONT"},"url":"https:\/\/www.infodictat.fr\/blog\/author\/tatoscar\/"}]}},"_links":{"self":[{"href":"https:\/\/www.infodictat.fr\/blog\/wp-json\/wp\/v2\/posts\/763","targetHints":{"allow":["GET"]}}],"collection":[{"href":"https:\/\/www.infodictat.fr\/blog\/wp-json\/wp\/v2\/posts"}],"about":[{"href":"https:\/\/www.infodictat.fr\/blog\/wp-json\/wp\/v2\/types\/post"}],"author":[{"embeddable":true,"href":"https:\/\/www.infodictat.fr\/blog\/wp-json\/wp\/v2\/users\/2"}],"replies":[{"embeddable":true,"href":"https:\/\/www.infodictat.fr\/blog\/wp-json\/wp\/v2\/comments?post=763"}],"version-history":[{"count":0,"href":"https:\/\/www.infodictat.fr\/blog\/wp-json\/wp\/v2\/posts\/763\/revisions"}],"wp:featuredmedia":[{"embeddable":true,"href":"https:\/\/www.infodictat.fr\/blog\/wp-json\/wp\/v2\/media\/764"}],"wp:attachment":[{"href":"https:\/\/www.infodictat.fr\/blog\/wp-json\/wp\/v2\/media?parent=763"}],"wp:term":[{"taxonomy":"category","embeddable":true,"href":"https:\/\/www.infodictat.fr\/blog\/wp-json\/wp\/v2\/categories?post=763"},{"taxonomy":"post_tag","embeddable":true,"href":"https:\/\/www.infodictat.fr\/blog\/wp-json\/wp\/v2\/tags?post=763"}],"curies":[{"name":"wp","href":"https:\/\/api.w.org\/{rel}","templated":true}]}}