{"id":759,"date":"2024-09-15T12:05:00","date_gmt":"2024-09-15T10:05:00","guid":{"rendered":"https:\/\/www.infodictat.fr\/blog\/informations-francaises-cameroun-une-exposition-sur-ahmdaou-ahidjo-rappelle-lheritage-politique-complexe-du-premier-president\/"},"modified":"2024-09-15T12:05:00","modified_gmt":"2024-09-15T10:05:00","slug":"informations-francaises-cameroun-une-exposition-sur-ahmdaou-ahidjo-rappelle-lheritage-politique-complexe-du-premier-president","status":"publish","type":"post","link":"https:\/\/www.infodictat.fr\/blog\/informations-francaises-cameroun-une-exposition-sur-ahmdaou-ahidjo-rappelle-lheritage-politique-complexe-du-premier-president\/","title":{"rendered":"Informations fran\u00e7aises: Cameroun : une exposition sur Ahmdaou Ahidjo rappelle l&rsquo;h\u00e9ritage politique complexe du premier pr\u00e9sident"},"content":{"rendered":"<div><img width=\"580\" height=\"326\" src=\"https:\/\/www.infodictat.fr\/blog\/wp-content\/uploads\/2024\/09\/Informations-francaises-Cameroun-une-exposition-sur-Ahmdaou-Ahidjo-rappelle.jpg\" class=\"attachment-large size-large wp-post-image\" alt=\"Informations-francaises-Cameroun-une-exposition-sur-Ahmdaou-Ahidjo-rappelle\" style=\"float:left; margin:0 15px 15px 0;\" decoding=\"async\" srcset=\"https:\/\/www.infodictat.fr\/blog\/wp-content\/uploads\/2024\/09\/Informations-francaises-Cameroun-une-exposition-sur-Ahmdaou-Ahidjo-rappelle.jpg 1024w, https:\/\/www.site.cdcl.xyz\/wp-content\/uploads\/2024\/09\/Informations-francaises-Cameroun-une-exposition-sur-Ahmdaou-Ahidjo-rappelle-300x169.jpg 300w, https:\/\/www.site.cdcl.xyz\/wp-content\/uploads\/2024\/09\/Informations-francaises-Cameroun-une-exposition-sur-Ahmdaou-Ahidjo-rappelle-768x432.jpg 768w\" sizes=\"(max-width: 580px) 100vw, 580px\"><\/p>\n<p><img decoding=\"async\" src=\"https:\/\/www.infodictat.fr\/blog\/wp-content\/uploads\/2024\/09\/Actus-francaises-Cameroun-une-exposition-sur-Ahmdaou-Ahidjo-rappelle.jpg\"><br \/>Une exposition \u00e0 la m\u00e9moire du premier pr\u00e9sident du Cameroun (1960-1982), \u00e0 l&rsquo;occasion du centi\u00e8me anniversaire de sa naissance, est organis\u00e9e \u00e0 Yaound\u00e9. Et ce, alors m\u00eame que ses h\u00e9ritiers politiques brillent par leur discr\u00e9tion et leur silence autour de cette figure politique qui repose au cimeti\u00e8re musulman de Dakar depuis son d\u00e9c\u00e8s en 1989 au S\u00e9n\u00e9gal.<\/p>\n<p>Vous aimerez aussi:<\/p>\n<p>Grands zh\u00e9ros de l\u2019histoire de France ils firent parler d\u2019eux, non pour le meilleur mais pour le pire !.,<a href=\"https:\/\/booknode.com\/grands_zheros_de_lhistoire_de_france_ils_firent_parler_deux_non_pour_le_meilleur_mais_pour_le_pire_063718\" target=\"_blank\" rel=\"noopener noreferrer nofollow\">Redirection vers la fiche de pr\u00e9sentation<\/a><span><\/span>. A emprunter en biblioth\u00e8que.<\/p>\n<p>Photographie\/Institutions\/Mus\u00e9es et galeries.,<a href=\"https:\/\/fr.wikibooks.org\/wiki\/Photographie\/Institutions\/Mus%C3%A9es_et_galeries\" target=\"_blank\" rel=\"noopener noreferrer nofollow\">Lien sur la description <\/a><span><\/span>.<\/p>\n<p>Secret d\u2019Etat.,<a href=\"https:\/\/www.kobo.com\/fr\/fr\/ebook\/secret-d-etat\" target=\"_blank\" rel=\"noopener noreferrer nofollow\">Redirection vers la fiche de pr\u00e9sentation<\/a><span><\/span>. A emprunter en biblioth\u00e8que.<\/p>\n<\/div>\n<p><img decoding=\"async\" class=\"wpe_imgrss\" src=\"https:\/\/www.infodictat.fr\/blog\/wp-content\/uploads\/2024\/09\/Informations-francaises-Cameroun-une-exposition-sur-Ahmdaou-Ahidjo-rappelle.jpg\">Vous pouvez lire ce post traitant le sujet \u00ab\u00a0La dictature num\u00e9rique\u00a0\u00bb. Il est produit par la r\u00e9daction de infodictat.fr. Le site infodictat.fr a pour objectif de publier plusieurs articles autour du sujet La dictature num\u00e9rique d\u00e9velopp\u00e9es sur le web. Cette chronique se veut g\u00e9n\u00e9r\u00e9e de la fa\u00e7on la plus juste qui soit. Pour \u00e9mettre des remarques sur ce dossier autour du sujet \u00ab\u00a0La dictature num\u00e9rique\u00a0\u00bb prenez les contacts indiqu\u00e9s sur notre site internet. En consultant r\u00e9guli\u00e8rement nos contenus de blog vous serez au courant des futures parutions.<\/p>\n","protected":false},"excerpt":{"rendered":"<p>Une exposition \u00e0 la m\u00e9moire du premier pr\u00e9sident du Cameroun (1960-1982), \u00e0 l&rsquo;occasion du centi\u00e8me anniversaire de sa naissance, est organis\u00e9e \u00e0 Yaound\u00e9. Et ce, alors m\u00eame que ses h\u00e9ritiers politiques brillent par leur discr\u00e9tion et leur silence autour de cette figure politique qui repose au cimeti\u00e8re musulman de Dakar depuis son d\u00e9c\u00e8s en 1989 &#8230; <a title=\"Informations fran\u00e7aises: Cameroun : une exposition sur Ahmdaou Ahidjo rappelle l&rsquo;h\u00e9ritage politique complexe du premier pr\u00e9sident\" class=\"read-more\" href=\"https:\/\/www.infodictat.fr\/blog\/informations-francaises-cameroun-une-exposition-sur-ahmdaou-ahidjo-rappelle-lheritage-politique-complexe-du-premier-president\/\" aria-label=\"En savoir plus sur Informations fran\u00e7aises: Cameroun : une exposition sur Ahmdaou Ahidjo rappelle l&rsquo;h\u00e9ritage politique complexe du premier pr\u00e9sident\">Lire la suite<\/a><\/p>\n","protected":false},"author":2,"featured_media":760,"comment_status":"closed","ping_status":"closed","sticky":false,"template":"","format":"standard","meta":{"footnotes":""},"categories":[2],"tags":[],"class_list":["post-759","post","type-post","status-publish","format-standard","has-post-thumbnail","hentry","category-la-dictature-numerique"],"yoast_head":"<!-- This site is optimized with the Yoast SEO plugin v27.5 - https:\/\/yoast.com\/product\/yoast-seo-wordpress\/ -->\n<title>Informations fran\u00e7aises: Cameroun : une exposition sur Ahmdaou Ahidjo rappelle l&#039;h\u00e9ritage politique complexe du premier pr\u00e9sident - INFODICTAT<\/title>\n<meta name=\"robots\" content=\"index, follow, max-snippet:-1, max-image-preview:large, max-video-preview:-1\" \/>\n<link rel=\"canonical\" href=\"https:\/\/www.infodictat.fr\/blog\/informations-francaises-cameroun-une-exposition-sur-ahmdaou-ahidjo-rappelle-lheritage-politique-complexe-du-premier-president\/\" \/>\n<meta property=\"og:locale\" content=\"fr_FR\" \/>\n<meta property=\"og:type\" content=\"article\" \/>\n<meta property=\"og:title\" content=\"Informations fran\u00e7aises: Cameroun : une exposition sur Ahmdaou Ahidjo rappelle l&#039;h\u00e9ritage politique complexe du premier pr\u00e9sident - INFODICTAT\" \/>\n<meta property=\"og:description\" content=\"Une exposition \u00e0 la m\u00e9moire du premier pr\u00e9sident du Cameroun (1960-1982), \u00e0 l&rsquo;occasion du centi\u00e8me anniversaire de sa naissance, est organis\u00e9e \u00e0 Yaound\u00e9. Et ce, alors m\u00eame que ses h\u00e9ritiers politiques brillent par leur discr\u00e9tion et leur silence autour de cette figure politique qui repose au cimeti\u00e8re musulman de Dakar depuis son d\u00e9c\u00e8s en 1989 ... Lire la suite\" \/>\n<meta property=\"og:url\" content=\"https:\/\/www.infodictat.fr\/blog\/informations-francaises-cameroun-une-exposition-sur-ahmdaou-ahidjo-rappelle-lheritage-politique-complexe-du-premier-president\/\" \/>\n<meta property=\"og:site_name\" content=\"INFODICTAT\" \/>\n<meta property=\"article:published_time\" content=\"2024-09-15T10:05:00+00:00\" \/>\n<meta property=\"og:image\" content=\"https:\/\/www.infodictat.fr\/blog\/wp-content\/uploads\/2024\/09\/Informations-francaises-Cameroun-une-exposition-sur-Ahmdaou-Ahidjo-rappelle.jpg\" \/>\n<meta name=\"author\" content=\"Oscar BETHMONT\" \/>\n<meta name=\"twitter:card\" content=\"summary_large_image\" \/>\n<meta name=\"twitter:label1\" content=\"\u00c9crit par\" \/>\n\t<meta name=\"twitter:data1\" content=\"Oscar BETHMONT\" \/>\n\t<meta name=\"twitter:label2\" content=\"Dur\u00e9e de lecture estim\u00e9e\" \/>\n\t<meta name=\"twitter:data2\" content=\"1 minute\" \/>\n<script type=\"application\/ld+json\" class=\"yoast-schema-graph\">{\"@context\":\"https:\\\/\\\/schema.org\",\"@graph\":[{\"@type\":\"Article\",\"@id\":\"https:\\\/\\\/www.infodictat.fr\\\/blog\\\/informations-francaises-cameroun-une-exposition-sur-ahmdaou-ahidjo-rappelle-lheritage-politique-complexe-du-premier-president\\\/#article\",\"isPartOf\":{\"@id\":\"https:\\\/\\\/www.infodictat.fr\\\/blog\\\/informations-francaises-cameroun-une-exposition-sur-ahmdaou-ahidjo-rappelle-lheritage-politique-complexe-du-premier-president\\\/\"},\"author\":{\"name\":\"Oscar BETHMONT\",\"@id\":\"https:\\\/\\\/www.infodictat.fr\\\/blog\\\/#\\\/schema\\\/person\\\/6c2c8af0941702348e8eca9144cc1267\"},\"headline\":\"Informations fran\u00e7aises: Cameroun : une exposition sur Ahmdaou Ahidjo rappelle l&rsquo;h\u00e9ritage politique complexe du premier pr\u00e9sident\",\"datePublished\":\"2024-09-15T10:05:00+00:00\",\"mainEntityOfPage\":{\"@id\":\"https:\\\/\\\/www.infodictat.fr\\\/blog\\\/informations-francaises-cameroun-une-exposition-sur-ahmdaou-ahidjo-rappelle-lheritage-politique-complexe-du-premier-president\\\/\"},\"wordCount\":246,\"publisher\":{\"@id\":\"https:\\\/\\\/www.infodictat.fr\\\/blog\\\/#organization\"},\"image\":{\"@id\":\"https:\\\/\\\/www.infodictat.fr\\\/blog\\\/informations-francaises-cameroun-une-exposition-sur-ahmdaou-ahidjo-rappelle-lheritage-politique-complexe-du-premier-president\\\/#primaryimage\"},\"thumbnailUrl\":\"https:\\\/\\\/www.infodictat.fr\\\/blog\\\/wp-content\\\/uploads\\\/2024\\\/09\\\/Informations-francaises-Cameroun-une-exposition-sur-Ahmdaou-Ahidjo-rappelle.jpg\",\"articleSection\":[\"La Dictature Num\u00e9rique:\"],\"inLanguage\":\"fr-FR\"},{\"@type\":\"WebPage\",\"@id\":\"https:\\\/\\\/www.infodictat.fr\\\/blog\\\/informations-francaises-cameroun-une-exposition-sur-ahmdaou-ahidjo-rappelle-lheritage-politique-complexe-du-premier-president\\\/\",\"url\":\"https:\\\/\\\/www.infodictat.fr\\\/blog\\\/informations-francaises-cameroun-une-exposition-sur-ahmdaou-ahidjo-rappelle-lheritage-politique-complexe-du-premier-president\\\/\",\"name\":\"Informations fran\u00e7aises: Cameroun : une exposition sur Ahmdaou Ahidjo rappelle l'h\u00e9ritage politique complexe du premier pr\u00e9sident - INFODICTAT\",\"isPartOf\":{\"@id\":\"https:\\\/\\\/www.infodictat.fr\\\/blog\\\/#website\"},\"primaryImageOfPage\":{\"@id\":\"https:\\\/\\\/www.infodictat.fr\\\/blog\\\/informations-francaises-cameroun-une-exposition-sur-ahmdaou-ahidjo-rappelle-lheritage-politique-complexe-du-premier-president\\\/#primaryimage\"},\"image\":{\"@id\":\"https:\\\/\\\/www.infodictat.fr\\\/blog\\\/informations-francaises-cameroun-une-exposition-sur-ahmdaou-ahidjo-rappelle-lheritage-politique-complexe-du-premier-president\\\/#primaryimage\"},\"thumbnailUrl\":\"https:\\\/\\\/www.infodictat.fr\\\/blog\\\/wp-content\\\/uploads\\\/2024\\\/09\\\/Informations-francaises-Cameroun-une-exposition-sur-Ahmdaou-Ahidjo-rappelle.jpg\",\"datePublished\":\"2024-09-15T10:05:00+00:00\",\"breadcrumb\":{\"@id\":\"https:\\\/\\\/www.infodictat.fr\\\/blog\\\/informations-francaises-cameroun-une-exposition-sur-ahmdaou-ahidjo-rappelle-lheritage-politique-complexe-du-premier-president\\\/#breadcrumb\"},\"inLanguage\":\"fr-FR\",\"potentialAction\":[{\"@type\":\"ReadAction\",\"target\":[\"https:\\\/\\\/www.infodictat.fr\\\/blog\\\/informations-francaises-cameroun-une-exposition-sur-ahmdaou-ahidjo-rappelle-lheritage-politique-complexe-du-premier-president\\\/\"]}]},{\"@type\":\"ImageObject\",\"inLanguage\":\"fr-FR\",\"@id\":\"https:\\\/\\\/www.infodictat.fr\\\/blog\\\/informations-francaises-cameroun-une-exposition-sur-ahmdaou-ahidjo-rappelle-lheritage-politique-complexe-du-premier-president\\\/#primaryimage\",\"url\":\"https:\\\/\\\/www.infodictat.fr\\\/blog\\\/wp-content\\\/uploads\\\/2024\\\/09\\\/Informations-francaises-Cameroun-une-exposition-sur-Ahmdaou-Ahidjo-rappelle.jpg\",\"contentUrl\":\"https:\\\/\\\/www.infodictat.fr\\\/blog\\\/wp-content\\\/uploads\\\/2024\\\/09\\\/Informations-francaises-Cameroun-une-exposition-sur-Ahmdaou-Ahidjo-rappelle.jpg\",\"width\":1024,\"height\":576},{\"@type\":\"BreadcrumbList\",\"@id\":\"https:\\\/\\\/www.infodictat.fr\\\/blog\\\/informations-francaises-cameroun-une-exposition-sur-ahmdaou-ahidjo-rappelle-lheritage-politique-complexe-du-premier-president\\\/#breadcrumb\",\"itemListElement\":[{\"@type\":\"ListItem\",\"position\":1,\"name\":\"Accueil\",\"item\":\"https:\\\/\\\/www.infodictat.fr\\\/blog\\\/\"},{\"@type\":\"ListItem\",\"position\":2,\"name\":\"Informations fran\u00e7aises: Cameroun : une exposition sur Ahmdaou Ahidjo rappelle l&rsquo;h\u00e9ritage politique complexe du premier pr\u00e9sident\"}]},{\"@type\":\"WebSite\",\"@id\":\"https:\\\/\\\/www.infodictat.fr\\\/blog\\\/#website\",\"url\":\"https:\\\/\\\/www.infodictat.fr\\\/blog\\\/\",\"name\":\"INFODICTAT\",\"description\":\"La dictature num\u00e9rique.\",\"publisher\":{\"@id\":\"https:\\\/\\\/www.infodictat.fr\\\/blog\\\/#organization\"},\"potentialAction\":[{\"@type\":\"SearchAction\",\"target\":{\"@type\":\"EntryPoint\",\"urlTemplate\":\"https:\\\/\\\/www.infodictat.fr\\\/blog\\\/?s={search_term_string}\"},\"query-input\":{\"@type\":\"PropertyValueSpecification\",\"valueRequired\":true,\"valueName\":\"search_term_string\"}}],\"inLanguage\":\"fr-FR\"},{\"@type\":\"Organization\",\"@id\":\"https:\\\/\\\/www.infodictat.fr\\\/blog\\\/#organization\",\"name\":\"infodictat\",\"url\":\"https:\\\/\\\/www.infodictat.fr\\\/blog\\\/\",\"logo\":{\"@type\":\"ImageObject\",\"inLanguage\":\"fr-FR\",\"@id\":\"https:\\\/\\\/www.infodictat.fr\\\/blog\\\/#\\\/schema\\\/logo\\\/image\\\/\",\"url\":\"https:\\\/\\\/www.infodictat.fr\\\/blog\\\/wp-content\\\/uploads\\\/2023\\\/05\\\/logo-2.png\",\"contentUrl\":\"https:\\\/\\\/www.infodictat.fr\\\/blog\\\/wp-content\\\/uploads\\\/2023\\\/05\\\/logo-2.png\",\"width\":480,\"height\":596,\"caption\":\"infodictat\"},\"image\":{\"@id\":\"https:\\\/\\\/www.infodictat.fr\\\/blog\\\/#\\\/schema\\\/logo\\\/image\\\/\"}},{\"@type\":\"Person\",\"@id\":\"https:\\\/\\\/www.infodictat.fr\\\/blog\\\/#\\\/schema\\\/person\\\/6c2c8af0941702348e8eca9144cc1267\",\"name\":\"Oscar BETHMONT\",\"image\":{\"@type\":\"ImageObject\",\"inLanguage\":\"fr-FR\",\"@id\":\"https:\\\/\\\/secure.gravatar.com\\\/avatar\\\/f80ff32d67d40b919e8be190b7325be3c6cb33ce305ac1d45cadad29128e831e?s=96&d=mm&r=g\",\"url\":\"https:\\\/\\\/secure.gravatar.com\\\/avatar\\\/f80ff32d67d40b919e8be190b7325be3c6cb33ce305ac1d45cadad29128e831e?s=96&d=mm&r=g\",\"contentUrl\":\"https:\\\/\\\/secure.gravatar.com\\\/avatar\\\/f80ff32d67d40b919e8be190b7325be3c6cb33ce305ac1d45cadad29128e831e?s=96&d=mm&r=g\",\"caption\":\"Oscar BETHMONT\"},\"url\":\"https:\\\/\\\/www.infodictat.fr\\\/blog\\\/author\\\/tatoscar\\\/\"}]}<\/script>\n<!-- \/ Yoast SEO plugin. -->","yoast_head_json":{"title":"Informations fran\u00e7aises: Cameroun : une exposition sur Ahmdaou Ahidjo rappelle l'h\u00e9ritage politique complexe du premier pr\u00e9sident - INFODICTAT","robots":{"index":"index","follow":"follow","max-snippet":"max-snippet:-1","max-image-preview":"max-image-preview:large","max-video-preview":"max-video-preview:-1"},"canonical":"https:\/\/www.infodictat.fr\/blog\/informations-francaises-cameroun-une-exposition-sur-ahmdaou-ahidjo-rappelle-lheritage-politique-complexe-du-premier-president\/","og_locale":"fr_FR","og_type":"article","og_title":"Informations fran\u00e7aises: Cameroun : une exposition sur Ahmdaou Ahidjo rappelle l'h\u00e9ritage politique complexe du premier pr\u00e9sident - INFODICTAT","og_description":"Une exposition \u00e0 la m\u00e9moire du premier pr\u00e9sident du Cameroun (1960-1982), \u00e0 l&rsquo;occasion du centi\u00e8me anniversaire de sa naissance, est organis\u00e9e \u00e0 Yaound\u00e9. Et ce, alors m\u00eame que ses h\u00e9ritiers politiques brillent par leur discr\u00e9tion et leur silence autour de cette figure politique qui repose au cimeti\u00e8re musulman de Dakar depuis son d\u00e9c\u00e8s en 1989 ... Lire la suite","og_url":"https:\/\/www.infodictat.fr\/blog\/informations-francaises-cameroun-une-exposition-sur-ahmdaou-ahidjo-rappelle-lheritage-politique-complexe-du-premier-president\/","og_site_name":"INFODICTAT","article_published_time":"2024-09-15T10:05:00+00:00","og_image":[{"url":"https:\/\/www.infodictat.fr\/blog\/wp-content\/uploads\/2024\/09\/Informations-francaises-Cameroun-une-exposition-sur-Ahmdaou-Ahidjo-rappelle.jpg","type":"","width":"","height":""}],"author":"Oscar BETHMONT","twitter_card":"summary_large_image","twitter_misc":{"\u00c9crit par":"Oscar BETHMONT","Dur\u00e9e de lecture estim\u00e9e":"1 minute"},"schema":{"@context":"https:\/\/schema.org","@graph":[{"@type":"Article","@id":"https:\/\/www.infodictat.fr\/blog\/informations-francaises-cameroun-une-exposition-sur-ahmdaou-ahidjo-rappelle-lheritage-politique-complexe-du-premier-president\/#article","isPartOf":{"@id":"https:\/\/www.infodictat.fr\/blog\/informations-francaises-cameroun-une-exposition-sur-ahmdaou-ahidjo-rappelle-lheritage-politique-complexe-du-premier-president\/"},"author":{"name":"Oscar BETHMONT","@id":"https:\/\/www.infodictat.fr\/blog\/#\/schema\/person\/6c2c8af0941702348e8eca9144cc1267"},"headline":"Informations fran\u00e7aises: Cameroun : une exposition sur Ahmdaou Ahidjo rappelle l&rsquo;h\u00e9ritage politique complexe du premier pr\u00e9sident","datePublished":"2024-09-15T10:05:00+00:00","mainEntityOfPage":{"@id":"https:\/\/www.infodictat.fr\/blog\/informations-francaises-cameroun-une-exposition-sur-ahmdaou-ahidjo-rappelle-lheritage-politique-complexe-du-premier-president\/"},"wordCount":246,"publisher":{"@id":"https:\/\/www.infodictat.fr\/blog\/#organization"},"image":{"@id":"https:\/\/www.infodictat.fr\/blog\/informations-francaises-cameroun-une-exposition-sur-ahmdaou-ahidjo-rappelle-lheritage-politique-complexe-du-premier-president\/#primaryimage"},"thumbnailUrl":"https:\/\/www.infodictat.fr\/blog\/wp-content\/uploads\/2024\/09\/Informations-francaises-Cameroun-une-exposition-sur-Ahmdaou-Ahidjo-rappelle.jpg","articleSection":["La Dictature Num\u00e9rique:"],"inLanguage":"fr-FR"},{"@type":"WebPage","@id":"https:\/\/www.infodictat.fr\/blog\/informations-francaises-cameroun-une-exposition-sur-ahmdaou-ahidjo-rappelle-lheritage-politique-complexe-du-premier-president\/","url":"https:\/\/www.infodictat.fr\/blog\/informations-francaises-cameroun-une-exposition-sur-ahmdaou-ahidjo-rappelle-lheritage-politique-complexe-du-premier-president\/","name":"Informations fran\u00e7aises: Cameroun : une exposition sur Ahmdaou Ahidjo rappelle l'h\u00e9ritage politique complexe du premier pr\u00e9sident - INFODICTAT","isPartOf":{"@id":"https:\/\/www.infodictat.fr\/blog\/#website"},"primaryImageOfPage":{"@id":"https:\/\/www.infodictat.fr\/blog\/informations-francaises-cameroun-une-exposition-sur-ahmdaou-ahidjo-rappelle-lheritage-politique-complexe-du-premier-president\/#primaryimage"},"image":{"@id":"https:\/\/www.infodictat.fr\/blog\/informations-francaises-cameroun-une-exposition-sur-ahmdaou-ahidjo-rappelle-lheritage-politique-complexe-du-premier-president\/#primaryimage"},"thumbnailUrl":"https:\/\/www.infodictat.fr\/blog\/wp-content\/uploads\/2024\/09\/Informations-francaises-Cameroun-une-exposition-sur-Ahmdaou-Ahidjo-rappelle.jpg","datePublished":"2024-09-15T10:05:00+00:00","breadcrumb":{"@id":"https:\/\/www.infodictat.fr\/blog\/informations-francaises-cameroun-une-exposition-sur-ahmdaou-ahidjo-rappelle-lheritage-politique-complexe-du-premier-president\/#breadcrumb"},"inLanguage":"fr-FR","potentialAction":[{"@type":"ReadAction","target":["https:\/\/www.infodictat.fr\/blog\/informations-francaises-cameroun-une-exposition-sur-ahmdaou-ahidjo-rappelle-lheritage-politique-complexe-du-premier-president\/"]}]},{"@type":"ImageObject","inLanguage":"fr-FR","@id":"https:\/\/www.infodictat.fr\/blog\/informations-francaises-cameroun-une-exposition-sur-ahmdaou-ahidjo-rappelle-lheritage-politique-complexe-du-premier-president\/#primaryimage","url":"https:\/\/www.infodictat.fr\/blog\/wp-content\/uploads\/2024\/09\/Informations-francaises-Cameroun-une-exposition-sur-Ahmdaou-Ahidjo-rappelle.jpg","contentUrl":"https:\/\/www.infodictat.fr\/blog\/wp-content\/uploads\/2024\/09\/Informations-francaises-Cameroun-une-exposition-sur-Ahmdaou-Ahidjo-rappelle.jpg","width":1024,"height":576},{"@type":"BreadcrumbList","@id":"https:\/\/www.infodictat.fr\/blog\/informations-francaises-cameroun-une-exposition-sur-ahmdaou-ahidjo-rappelle-lheritage-politique-complexe-du-premier-president\/#breadcrumb","itemListElement":[{"@type":"ListItem","position":1,"name":"Accueil","item":"https:\/\/www.infodictat.fr\/blog\/"},{"@type":"ListItem","position":2,"name":"Informations fran\u00e7aises: Cameroun : une exposition sur Ahmdaou Ahidjo rappelle l&rsquo;h\u00e9ritage politique complexe du premier pr\u00e9sident"}]},{"@type":"WebSite","@id":"https:\/\/www.infodictat.fr\/blog\/#website","url":"https:\/\/www.infodictat.fr\/blog\/","name":"INFODICTAT","description":"La dictature num\u00e9rique.","publisher":{"@id":"https:\/\/www.infodictat.fr\/blog\/#organization"},"potentialAction":[{"@type":"SearchAction","target":{"@type":"EntryPoint","urlTemplate":"https:\/\/www.infodictat.fr\/blog\/?s={search_term_string}"},"query-input":{"@type":"PropertyValueSpecification","valueRequired":true,"valueName":"search_term_string"}}],"inLanguage":"fr-FR"},{"@type":"Organization","@id":"https:\/\/www.infodictat.fr\/blog\/#organization","name":"infodictat","url":"https:\/\/www.infodictat.fr\/blog\/","logo":{"@type":"ImageObject","inLanguage":"fr-FR","@id":"https:\/\/www.infodictat.fr\/blog\/#\/schema\/logo\/image\/","url":"https:\/\/www.infodictat.fr\/blog\/wp-content\/uploads\/2023\/05\/logo-2.png","contentUrl":"https:\/\/www.infodictat.fr\/blog\/wp-content\/uploads\/2023\/05\/logo-2.png","width":480,"height":596,"caption":"infodictat"},"image":{"@id":"https:\/\/www.infodictat.fr\/blog\/#\/schema\/logo\/image\/"}},{"@type":"Person","@id":"https:\/\/www.infodictat.fr\/blog\/#\/schema\/person\/6c2c8af0941702348e8eca9144cc1267","name":"Oscar BETHMONT","image":{"@type":"ImageObject","inLanguage":"fr-FR","@id":"https:\/\/secure.gravatar.com\/avatar\/f80ff32d67d40b919e8be190b7325be3c6cb33ce305ac1d45cadad29128e831e?s=96&d=mm&r=g","url":"https:\/\/secure.gravatar.com\/avatar\/f80ff32d67d40b919e8be190b7325be3c6cb33ce305ac1d45cadad29128e831e?s=96&d=mm&r=g","contentUrl":"https:\/\/secure.gravatar.com\/avatar\/f80ff32d67d40b919e8be190b7325be3c6cb33ce305ac1d45cadad29128e831e?s=96&d=mm&r=g","caption":"Oscar BETHMONT"},"url":"https:\/\/www.infodictat.fr\/blog\/author\/tatoscar\/"}]}},"_links":{"self":[{"href":"https:\/\/www.infodictat.fr\/blog\/wp-json\/wp\/v2\/posts\/759","targetHints":{"allow":["GET"]}}],"collection":[{"href":"https:\/\/www.infodictat.fr\/blog\/wp-json\/wp\/v2\/posts"}],"about":[{"href":"https:\/\/www.infodictat.fr\/blog\/wp-json\/wp\/v2\/types\/post"}],"author":[{"embeddable":true,"href":"https:\/\/www.infodictat.fr\/blog\/wp-json\/wp\/v2\/users\/2"}],"replies":[{"embeddable":true,"href":"https:\/\/www.infodictat.fr\/blog\/wp-json\/wp\/v2\/comments?post=759"}],"version-history":[{"count":0,"href":"https:\/\/www.infodictat.fr\/blog\/wp-json\/wp\/v2\/posts\/759\/revisions"}],"wp:featuredmedia":[{"embeddable":true,"href":"https:\/\/www.infodictat.fr\/blog\/wp-json\/wp\/v2\/media\/760"}],"wp:attachment":[{"href":"https:\/\/www.infodictat.fr\/blog\/wp-json\/wp\/v2\/media?parent=759"}],"wp:term":[{"taxonomy":"category","embeddable":true,"href":"https:\/\/www.infodictat.fr\/blog\/wp-json\/wp\/v2\/categories?post=759"},{"taxonomy":"post_tag","embeddable":true,"href":"https:\/\/www.infodictat.fr\/blog\/wp-json\/wp\/v2\/tags?post=759"}],"curies":[{"name":"wp","href":"https:\/\/api.w.org\/{rel}","templated":true}]}}