{"id":721,"date":"2024-08-17T16:01:32","date_gmt":"2024-08-17T14:01:32","guid":{"rendered":"https:\/\/www.infodictat.fr\/blog\/actualites-francaises-quest-ce-que-l-impot-participatif-voulu-par-gabriel-attal-france\/"},"modified":"2024-08-17T16:01:32","modified_gmt":"2024-08-17T14:01:32","slug":"actualites-francaises-quest-ce-que-l-impot-participatif-voulu-par-gabriel-attal-france","status":"publish","type":"post","link":"https:\/\/www.infodictat.fr\/blog\/actualites-francaises-quest-ce-que-l-impot-participatif-voulu-par-gabriel-attal-france\/","title":{"rendered":"Actualit\u00e9s fran\u00e7aises: Qu\u2019est-ce que l\u2019\u00ab\u00a0imp\u00f4t participatif\u00a0\u00bb voulu par Gabriel Attal\u00a0? #France"},"content":{"rendered":"<div><img width=\"580\" height=\"387\" src=\"https:\/\/www.infodictat.fr\/blog\/wp-content\/uploads\/2024\/08\/Actualites-francaises-Quest-ce-que-l-impot-participatif-voulu-par-Gabriel-Attal-1024x683-1.jpg\" class=\"attachment-large size-large wp-post-image\" alt=\"Actualites-francaises-Quest-ce-que-l-impot-participatif-voulu-par-Gabriel-Attal\" style=\"float:left; margin:0 15px 15px 0;\" decoding=\"async\" srcset=\"https:\/\/www.infodictat.fr\/blog\/wp-content\/uploads\/2024\/08\/Actualites-francaises-Quest-ce-que-l-impot-participatif-voulu-par-Gabriel-Attal-1024x683-1.jpg 1024w, https:\/\/www.site.cdcl.xyz\/wp-content\/uploads\/2024\/08\/Actualites-francaises-Quest-ce-que-l-impot-participatif-voulu-par-Gabriel-Attal-300x200.jpg 300w, https:\/\/www.site.cdcl.xyz\/wp-content\/uploads\/2024\/08\/Actualites-francaises-Quest-ce-que-l-impot-participatif-voulu-par-Gabriel-Attal-768x512.jpg 768w, https:\/\/www.site.cdcl.xyz\/wp-content\/uploads\/2024\/08\/Actualites-francaises-Quest-ce-que-l-impot-participatif-voulu-par-Gabriel-Attal-1200x800.jpg 1200w, https:\/\/www.site.cdcl.xyz\/wp-content\/uploads\/2024\/08\/Actualites-francaises-Quest-ce-que-l-impot-participatif-voulu-par-Gabriel-Attal.jpg 1440w\" sizes=\"(max-width: 580px) 100vw, 580px\"><\/p>\n<h1>Qu\u2019est-ce que l\u2019\u00ab\u00a0imp\u00f4t participatif\u00a0\u00bb voulu par Gabriel Attal\u00a0? annonc\u00e9 par Le Point \u2013 Politique le <span id=\"datecrea\"><\/span> <\/h1>\n<p>Voici un tout nouvel encart qui va grossir notre revue de presse sur \u00ab\u00a0Actualit\u00e9 fran\u00e7aise\u00a0\u00bb.<\/p>\n<h2>Ceci a \u00e9t\u00e9 publi\u00e9 par Le Point \u2013 Politique<\/h2>\n<p><u>Signature  . <\/u><\/p>\n<p><u>Date et heure de la r\u00e9ception de la d\u00e9p\u00e9che sur notre fil d\u2019info:<\/u><strong><span id=\"date\"><\/span><\/strong><\/p>\n<p><u>Date et heure de publication sur internet:<\/u> <strong><span id=\"datecrea\"><\/span><\/strong><\/p>\n<p><u>Titre exacte donn\u00e9 par le journal \u00e9tait:<\/u> <strong>Qu\u2019est-ce que l\u2019\u00ab\u00a0imp\u00f4t participatif\u00a0\u00bb voulu par Gabriel Attal\u00a0?<\/strong><\/p>\n<p><u>Information et contenu publi\u00e9s :<\/u><\/p>\n<p><img decoding=\"async\" src=\"https:\/\/www.infodictat.fr\/blog\/wp-content\/uploads\/2024\/08\/Infos-nationales-Quest-ce-que-l-impot-participatif-voulu-par-Gabriel-Attal.jpg\"><\/p>\n<div id=\"contenu\">\n        <!-- include t_www_2023\/pages\/article\/blocs\/tag_pub.tpl --><br \/>\n        <!-- include \/t_www_2023\/pages\/article\/blocs\/tag_pub.tpl --><\/p>\n<p><span class=\"dflt-txt__lettrine\">G<\/span>abriel Attal veut r\u00e9concilier les Fran\u00e7ais avec l\u2019imp\u00f4t. Dans une lettre adress\u00e9e aux pr\u00e9sidents de groupe de l\u2019Assembl\u00e9e nationale le 12\u00a0ao\u00fbt dernier, le Premier ministre d\u00e9missionnaire propose un \u00ab\u00a0pacte d\u2019action pour les Fran\u00e7ais\u00a0\u00bb, qui comprend l\u2019instauration\u00a0d\u2019un \u00ab\u00a0imp\u00f4t participatif\u00a0\u00bb. Chaque contribuable d\u00e9terminerait une partie de son usage par l\u2019\u00c9tat.<\/p>\n<section class=\"mbl txtcenter\"><\/section>\n<div id=\"newsletter\" class=\"bloc-1 title-top\">\n<span class=\"h2\">La newsletter politique<\/span><\/p>\n<div class=\"step-1\">\n<p class=\"period\">Tous les jeudis \u00e0 7h30<\/p>\n<p>Recevez en avant-premi\u00e8re les informations et analyses politiques de la r\u00e9daction du Point.<\/p>\n<\/div>\n<div class=\"step-2\">\n<p>Merci !<br \/>Votre inscription a bien \u00e9t\u00e9 prise en compte avec l\u2019adresse email :<br \/><span class=\"email-sended\"><\/span><\/p>\n<p>Pour d\u00e9couvrir toutes nos autres newsletters, rendez-vous ici : MonCompte<\/p>\n<\/div>\n<p>En vous inscrivant, vous acceptez les conditions g\u00e9n\u00e9rales d\u2019utilisations et notre politique de confidentialit\u00e9.<\/p>\n<\/div>\n<p>Avec cette proposition, le nouveau patron des d\u00e9put\u00e9s macronistes souhaite donner la possibilit\u00e9 \u00ab\u00a0de fl\u00e9cher une partie de son imp\u00f4t sur le revenu ou une contribution additionnelle sur une mission de budget de l\u2019\u00c9tat librement choisie\u00a0\u00bb, explique-t-il dans le courrier.\u00a0L\u2019id\u00e9e n\u2019est pas nouvelle mais a, jusqu\u2019\u00e0 pr\u00e9sent, toujours \u00e9t\u00e9 rejet\u00e9e par son parti\u00a0: un imp\u00f4t vers\u00e9 volontairement, sur le m\u00eame fonctionnement qu\u2019un don.<\/p>\n<h2><strong>Plusieurs \u00e9lus s\u00e9duits par l\u2019id\u00e9e<\/strong><\/h2>\n<p>\u00c0 droite, l\u2019id\u00e9e soutenue par Gabriel Attal trouve\u00a0ses adeptes. En 2019, \u00c9ric Woerth, ex-LR aujourd\u2019hui d\u00e9put\u00e9 Renaissance de l\u2019Oise, \u00e9voquait l\u2019id\u00e9e pour chaque contribuable de pouvoir orienter 5\u00a0% de son imp\u00f4t vers la politique publique de son choix. Candidat malheureux \u00e0 la primaire de la droite en 2021, le d\u00e9put\u00e9 Les R\u00e9publicains Philippe Juvin avait lui aussi d\u00e9fendu cette proposition. \u00ab\u00a0Les pr\u00e9l\u00e8vements obligatoires ont tant augment\u00e9 qu\u2019un jour les gens vont refuser de payer. Donc, soit on baisse les imp\u00f4ts, soit on trouve des innovations de ce type\u00a0\u00bb, explique le d\u00e9put\u00e9 des Hauts-de-Seine au <em>Monde<\/em>.<\/p>\n<section class=\"mbl txtcenter\"><\/section>\n<p>\u00c0 gauche, l\u2019id\u00e9e fait aussi son bout de chemin parmi certains \u00e9lus, \u00e0 commencer par l\u2019ancien membre du bureau national du Parti socialiste Andr\u00e9 Urban ou Christine Pir\u00e8s Beaune. L\u2019an pass\u00e9, la d\u00e9put\u00e9e socialiste du Puy-de-D\u00f4me avait elle-m\u00eame tent\u00e9 de faire voter un \u00ab\u00a0budget participatif\u00a0\u00bb, dont l\u2019objectif \u00e9tait de verser 5\u00a0% de ses imp\u00f4ts selon ses choix. Sans succ\u00e8s.<\/p>\n<p>En France, un tel fl\u00e9chage de l\u2019imp\u00f4t existe d\u00e9j\u00e0, mais de mani\u00e8re indirecte. Les contribuables peuvent en effet faire des dons pour des causes de leur choix d\u00e9ductibles de leur imp\u00f4t sur le revenu ou sur la fortune immobili\u00e8re. Le Loto du patrimoine, cr\u00e9\u00e9 en place par St\u00e9phane Bern, permet lui une forme d\u2019imp\u00f4t volontaire dans le but d\u2019entretenir le patrimoine national en p\u00e9ril.<\/p>\n<p><!-- include t_www_2023\/pages\/article\/blocs\/bloc-encadre.tpl --><br \/>\n<!-- include \/t_www_2023\/pages\/article\/blocs\/bloc-encadre.tpl -->\n<\/p>\n<\/div>\n<p> <img decoding=\"async\" src=\"https:\/\/www.infodictat.fr\/blog\/wp-content\/uploads\/2024\/08\/Infos-nationales-Quest-ce-que-l-impot-participatif-voulu-par-Gabriel-Attal.jpg\" alt=\"Qu\u2019est-ce que l'\u00ab\u00a0imp\u00f4t participatif\u00a0\u00bb voulu par Gabriel Attal\u00a0?\"><\/p>\n<p>#Questce #limp\u00f4t #participatif #voulu #par #Gabriel #Attal<\/p>\n<p>Reprise de l\u2019information dans un style journalistique professionnel descriptif en organisant les id\u00e9es dans un ordre coh\u00e9rent avec titres html <\/p>\n<p>Lecture:<\/p>\n<p>Apprendre \u00e0 cuisiner\/Techniques\/Produire son vinaigre de vin.,<a href=\"https:\/\/fr.wikibooks.org\/wiki\/Apprendre_%C3%A0_cuisiner\/Techniques\/Produire_son_vinaigre_de_vin\" target=\"_blank\" rel=\"noopener noreferrer nofollow\">(la couverture) <\/a><span><\/span>. Disponible Sur AMAZON.<\/p>\n<p>La France dans le monde qui vient.,<a href=\"https:\/\/www.kobo.com\/fr\/fr\/ebook\/la-france-dans-le-monde-qui-vient\" target=\"_blank\" rel=\"noopener noreferrer nofollow\">Clicker Ici <\/a><span><\/span>.<\/p>\n<p>Vauban.,<a href=\"https:\/\/www.kobo.com\/fr\/fr\/ebook\/vauban-5\" target=\"_blank\" rel=\"noopener noreferrer nofollow\">R\u00e9f\u00e9rence lit\u00e9raire de ce livre<\/a><span><\/span>.<\/p>\n<p><script>\nvar date = \"Non r\u00e9cup\u00e9r\u00e9es\";\n        \/\/ Valeur de timestamp\n        var timestampString = 1723901660; \/\/ Assurez-vous que le timestamp est une cha\u00eene de texte\n        \/\/ Convertir la cha\u00eene de texte en nombre entier (timestamp)\n        var timestamp = parseInt(timestampString);\n        \/\/ Cr\u00e9er un objet Date \u00e0 partir du timestamp\n        var dateObject = new Date(timestamp * 1000); \/\/ Le timestamp est en secondes, donc on le multiplie par 1000 pour obtenir les millisecondes\n        \/\/ Format de date personnalis\u00e9\n        var options = { weekday: 'long', year: 'numeric', month: 'long', day: 'numeric', hour: 'numeric', minute: 'numeric', second: 'numeric', timeZone: 'Europe\/Paris' };\n        var formattedDate = dateObject.toLocaleDateString('fr-FR', options);\n formattedDate = formattedDate.replace(\/^.\/, formattedDate[0].toUpperCase());\n        \/\/ Afficher la date dans le HTML\n        document.getElementById('date').textContent = formattedDate;\n    <\/script><\/p>\n<p><script>\nvar datecrea = \"Non r\u00e9cup\u00e9r\u00e9e\";\n        \/\/ Date et heure au format \"2008-06-15 18:02:58\"\n        var dateString = \"2024-08-17 14:43:00\";\n        \/\/ Convertir la cha\u00eene de texte en objet Date\n        var now = new Date(dateString);\n        \/\/ Format de date personnalis\u00e9\n        var options = { weekday: 'long', year: 'numeric', month: 'long', day: 'numeric', hour: 'numeric', minute: 'numeric', second: 'numeric', timeZone: 'Europe\/Paris' };\n        var formattedDate = now.toLocaleDateString('fr-FR', options);\n formattedDate = formattedDate.replace(\/^.\/, formattedDate[0].toUpperCase());\n        \/\/ Afficher la date dans le HTML\n        document.getElementById('datecrea').textContent = formattedDate;\n    <\/script><\/p>\n<\/div>\n<p><img decoding=\"async\" class=\"wpe_imgrss\" src=\"https:\/\/www.infodictat.fr\/blog\/wp-content\/uploads\/2024\/08\/Actualites-francaises-Quest-ce-que-l-impot-participatif-voulu-par-Gabriel-Attal-1024x683-1.jpg\">Vous pouvez lire ce post traitant le sujet \u00ab\u00a0La dictature num\u00e9rique\u00a0\u00bb. Il est produit par la r\u00e9daction de infodictat.fr. Le site infodictat.fr a pour objectif de publier plusieurs articles autour du sujet La dictature num\u00e9rique d\u00e9velopp\u00e9es sur le web. Cette chronique se veut g\u00e9n\u00e9r\u00e9e de la fa\u00e7on la plus juste qui soit. Pour \u00e9mettre des remarques sur ce dossier autour du sujet \u00ab\u00a0La dictature num\u00e9rique\u00a0\u00bb prenez les contacts indiqu\u00e9s sur notre site internet. En consultant r\u00e9guli\u00e8rement nos contenus de blog vous serez au courant des futures parutions.<\/p>\n","protected":false},"excerpt":{"rendered":"<p>Qu\u2019est-ce que l\u2019\u00ab\u00a0imp\u00f4t participatif\u00a0\u00bb voulu par Gabriel Attal\u00a0? annonc\u00e9 par Le Point \u2013 Politique le Voici un tout nouvel encart qui va grossir notre revue de presse sur \u00ab\u00a0Actualit\u00e9 fran\u00e7aise\u00a0\u00bb. Ceci a \u00e9t\u00e9 publi\u00e9 par Le Point \u2013 Politique Signature . Date et heure de la r\u00e9ception de la d\u00e9p\u00e9che sur notre fil d\u2019info: Date &#8230; <a title=\"Actualit\u00e9s fran\u00e7aises: Qu\u2019est-ce que l\u2019\u00ab\u00a0imp\u00f4t participatif\u00a0\u00bb voulu par Gabriel Attal\u00a0? #France\" class=\"read-more\" href=\"https:\/\/www.infodictat.fr\/blog\/actualites-francaises-quest-ce-que-l-impot-participatif-voulu-par-gabriel-attal-france\/\" aria-label=\"En savoir plus sur Actualit\u00e9s fran\u00e7aises: Qu\u2019est-ce que l\u2019\u00ab\u00a0imp\u00f4t participatif\u00a0\u00bb voulu par Gabriel Attal\u00a0? #France\">Lire la suite<\/a><\/p>\n","protected":false},"author":2,"featured_media":722,"comment_status":"closed","ping_status":"closed","sticky":false,"template":"","format":"standard","meta":{"footnotes":""},"categories":[2],"tags":[],"class_list":["post-721","post","type-post","status-publish","format-standard","has-post-thumbnail","hentry","category-la-dictature-numerique"],"yoast_head":"<!-- This site is optimized with the Yoast SEO plugin v27.5 - https:\/\/yoast.com\/product\/yoast-seo-wordpress\/ -->\n<title>Actualit\u00e9s fran\u00e7aises: Qu\u2019est-ce que l\u2019\u00ab\u00a0imp\u00f4t participatif\u00a0\u00bb voulu par Gabriel Attal\u00a0? #France - INFODICTAT<\/title>\n<meta name=\"robots\" content=\"index, follow, max-snippet:-1, max-image-preview:large, max-video-preview:-1\" \/>\n<link rel=\"canonical\" href=\"https:\/\/www.infodictat.fr\/blog\/actualites-francaises-quest-ce-que-l-impot-participatif-voulu-par-gabriel-attal-france\/\" \/>\n<meta property=\"og:locale\" content=\"fr_FR\" \/>\n<meta property=\"og:type\" content=\"article\" \/>\n<meta property=\"og:title\" content=\"Actualit\u00e9s fran\u00e7aises: Qu\u2019est-ce que l\u2019\u00ab\u00a0imp\u00f4t participatif\u00a0\u00bb voulu par Gabriel Attal\u00a0? #France - INFODICTAT\" \/>\n<meta property=\"og:description\" content=\"Qu\u2019est-ce que l\u2019\u00ab\u00a0imp\u00f4t participatif\u00a0\u00bb voulu par Gabriel Attal\u00a0? annonc\u00e9 par Le Point \u2013 Politique le Voici un tout nouvel encart qui va grossir notre revue de presse sur \u00ab\u00a0Actualit\u00e9 fran\u00e7aise\u00a0\u00bb. Ceci a \u00e9t\u00e9 publi\u00e9 par Le Point \u2013 Politique Signature . Date et heure de la r\u00e9ception de la d\u00e9p\u00e9che sur notre fil d\u2019info: Date ... Lire la suite\" \/>\n<meta property=\"og:url\" content=\"https:\/\/www.infodictat.fr\/blog\/actualites-francaises-quest-ce-que-l-impot-participatif-voulu-par-gabriel-attal-france\/\" \/>\n<meta property=\"og:site_name\" content=\"INFODICTAT\" \/>\n<meta property=\"article:published_time\" content=\"2024-08-17T14:01:32+00:00\" \/>\n<meta property=\"og:image\" content=\"https:\/\/www.infodictat.fr\/blog\/wp-content\/uploads\/2024\/08\/Actualites-francaises-Quest-ce-que-l-impot-participatif-voulu-par-Gabriel-Attal-1024x683-1.jpg\" \/>\n<meta name=\"author\" content=\"Oscar BETHMONT\" \/>\n<meta name=\"twitter:card\" content=\"summary_large_image\" \/>\n<meta name=\"twitter:label1\" content=\"\u00c9crit par\" \/>\n\t<meta name=\"twitter:data1\" content=\"Oscar BETHMONT\" \/>\n\t<meta name=\"twitter:label2\" content=\"Dur\u00e9e de lecture estim\u00e9e\" \/>\n\t<meta name=\"twitter:data2\" content=\"4 minutes\" \/>\n<script type=\"application\/ld+json\" class=\"yoast-schema-graph\">{\"@context\":\"https:\\\/\\\/schema.org\",\"@graph\":[{\"@type\":\"Article\",\"@id\":\"https:\\\/\\\/www.infodictat.fr\\\/blog\\\/actualites-francaises-quest-ce-que-l-impot-participatif-voulu-par-gabriel-attal-france\\\/#article\",\"isPartOf\":{\"@id\":\"https:\\\/\\\/www.infodictat.fr\\\/blog\\\/actualites-francaises-quest-ce-que-l-impot-participatif-voulu-par-gabriel-attal-france\\\/\"},\"author\":{\"name\":\"Oscar BETHMONT\",\"@id\":\"https:\\\/\\\/www.infodictat.fr\\\/blog\\\/#\\\/schema\\\/person\\\/6c2c8af0941702348e8eca9144cc1267\"},\"headline\":\"Actualit\u00e9s fran\u00e7aises: Qu\u2019est-ce que l\u2019\u00ab\u00a0imp\u00f4t participatif\u00a0\u00bb voulu par Gabriel Attal\u00a0? #France\",\"datePublished\":\"2024-08-17T14:01:32+00:00\",\"mainEntityOfPage\":{\"@id\":\"https:\\\/\\\/www.infodictat.fr\\\/blog\\\/actualites-francaises-quest-ce-que-l-impot-participatif-voulu-par-gabriel-attal-france\\\/\"},\"wordCount\":735,\"publisher\":{\"@id\":\"https:\\\/\\\/www.infodictat.fr\\\/blog\\\/#organization\"},\"image\":{\"@id\":\"https:\\\/\\\/www.infodictat.fr\\\/blog\\\/actualites-francaises-quest-ce-que-l-impot-participatif-voulu-par-gabriel-attal-france\\\/#primaryimage\"},\"thumbnailUrl\":\"https:\\\/\\\/www.infodictat.fr\\\/blog\\\/wp-content\\\/uploads\\\/2024\\\/08\\\/Actualites-francaises-Quest-ce-que-l-impot-participatif-voulu-par-Gabriel-Attal-1024x683-1.jpg\",\"articleSection\":[\"La Dictature Num\u00e9rique:\"],\"inLanguage\":\"fr-FR\"},{\"@type\":\"WebPage\",\"@id\":\"https:\\\/\\\/www.infodictat.fr\\\/blog\\\/actualites-francaises-quest-ce-que-l-impot-participatif-voulu-par-gabriel-attal-france\\\/\",\"url\":\"https:\\\/\\\/www.infodictat.fr\\\/blog\\\/actualites-francaises-quest-ce-que-l-impot-participatif-voulu-par-gabriel-attal-france\\\/\",\"name\":\"Actualit\u00e9s fran\u00e7aises: Qu\u2019est-ce que l\u2019\u00ab\u00a0imp\u00f4t participatif\u00a0\u00bb voulu par Gabriel Attal\u00a0? #France - INFODICTAT\",\"isPartOf\":{\"@id\":\"https:\\\/\\\/www.infodictat.fr\\\/blog\\\/#website\"},\"primaryImageOfPage\":{\"@id\":\"https:\\\/\\\/www.infodictat.fr\\\/blog\\\/actualites-francaises-quest-ce-que-l-impot-participatif-voulu-par-gabriel-attal-france\\\/#primaryimage\"},\"image\":{\"@id\":\"https:\\\/\\\/www.infodictat.fr\\\/blog\\\/actualites-francaises-quest-ce-que-l-impot-participatif-voulu-par-gabriel-attal-france\\\/#primaryimage\"},\"thumbnailUrl\":\"https:\\\/\\\/www.infodictat.fr\\\/blog\\\/wp-content\\\/uploads\\\/2024\\\/08\\\/Actualites-francaises-Quest-ce-que-l-impot-participatif-voulu-par-Gabriel-Attal-1024x683-1.jpg\",\"datePublished\":\"2024-08-17T14:01:32+00:00\",\"breadcrumb\":{\"@id\":\"https:\\\/\\\/www.infodictat.fr\\\/blog\\\/actualites-francaises-quest-ce-que-l-impot-participatif-voulu-par-gabriel-attal-france\\\/#breadcrumb\"},\"inLanguage\":\"fr-FR\",\"potentialAction\":[{\"@type\":\"ReadAction\",\"target\":[\"https:\\\/\\\/www.infodictat.fr\\\/blog\\\/actualites-francaises-quest-ce-que-l-impot-participatif-voulu-par-gabriel-attal-france\\\/\"]}]},{\"@type\":\"ImageObject\",\"inLanguage\":\"fr-FR\",\"@id\":\"https:\\\/\\\/www.infodictat.fr\\\/blog\\\/actualites-francaises-quest-ce-que-l-impot-participatif-voulu-par-gabriel-attal-france\\\/#primaryimage\",\"url\":\"https:\\\/\\\/www.infodictat.fr\\\/blog\\\/wp-content\\\/uploads\\\/2024\\\/08\\\/Actualites-francaises-Quest-ce-que-l-impot-participatif-voulu-par-Gabriel-Attal-1024x683-1.jpg\",\"contentUrl\":\"https:\\\/\\\/www.infodictat.fr\\\/blog\\\/wp-content\\\/uploads\\\/2024\\\/08\\\/Actualites-francaises-Quest-ce-que-l-impot-participatif-voulu-par-Gabriel-Attal-1024x683-1.jpg\",\"width\":1024,\"height\":683},{\"@type\":\"BreadcrumbList\",\"@id\":\"https:\\\/\\\/www.infodictat.fr\\\/blog\\\/actualites-francaises-quest-ce-que-l-impot-participatif-voulu-par-gabriel-attal-france\\\/#breadcrumb\",\"itemListElement\":[{\"@type\":\"ListItem\",\"position\":1,\"name\":\"Accueil\",\"item\":\"https:\\\/\\\/www.infodictat.fr\\\/blog\\\/\"},{\"@type\":\"ListItem\",\"position\":2,\"name\":\"Actualit\u00e9s fran\u00e7aises: Qu\u2019est-ce que l\u2019\u00ab\u00a0imp\u00f4t participatif\u00a0\u00bb voulu par Gabriel Attal\u00a0? #France\"}]},{\"@type\":\"WebSite\",\"@id\":\"https:\\\/\\\/www.infodictat.fr\\\/blog\\\/#website\",\"url\":\"https:\\\/\\\/www.infodictat.fr\\\/blog\\\/\",\"name\":\"INFODICTAT\",\"description\":\"La dictature num\u00e9rique.\",\"publisher\":{\"@id\":\"https:\\\/\\\/www.infodictat.fr\\\/blog\\\/#organization\"},\"potentialAction\":[{\"@type\":\"SearchAction\",\"target\":{\"@type\":\"EntryPoint\",\"urlTemplate\":\"https:\\\/\\\/www.infodictat.fr\\\/blog\\\/?s={search_term_string}\"},\"query-input\":{\"@type\":\"PropertyValueSpecification\",\"valueRequired\":true,\"valueName\":\"search_term_string\"}}],\"inLanguage\":\"fr-FR\"},{\"@type\":\"Organization\",\"@id\":\"https:\\\/\\\/www.infodictat.fr\\\/blog\\\/#organization\",\"name\":\"infodictat\",\"url\":\"https:\\\/\\\/www.infodictat.fr\\\/blog\\\/\",\"logo\":{\"@type\":\"ImageObject\",\"inLanguage\":\"fr-FR\",\"@id\":\"https:\\\/\\\/www.infodictat.fr\\\/blog\\\/#\\\/schema\\\/logo\\\/image\\\/\",\"url\":\"https:\\\/\\\/www.infodictat.fr\\\/blog\\\/wp-content\\\/uploads\\\/2023\\\/05\\\/logo-2.png\",\"contentUrl\":\"https:\\\/\\\/www.infodictat.fr\\\/blog\\\/wp-content\\\/uploads\\\/2023\\\/05\\\/logo-2.png\",\"width\":480,\"height\":596,\"caption\":\"infodictat\"},\"image\":{\"@id\":\"https:\\\/\\\/www.infodictat.fr\\\/blog\\\/#\\\/schema\\\/logo\\\/image\\\/\"}},{\"@type\":\"Person\",\"@id\":\"https:\\\/\\\/www.infodictat.fr\\\/blog\\\/#\\\/schema\\\/person\\\/6c2c8af0941702348e8eca9144cc1267\",\"name\":\"Oscar BETHMONT\",\"image\":{\"@type\":\"ImageObject\",\"inLanguage\":\"fr-FR\",\"@id\":\"https:\\\/\\\/secure.gravatar.com\\\/avatar\\\/f80ff32d67d40b919e8be190b7325be3c6cb33ce305ac1d45cadad29128e831e?s=96&d=mm&r=g\",\"url\":\"https:\\\/\\\/secure.gravatar.com\\\/avatar\\\/f80ff32d67d40b919e8be190b7325be3c6cb33ce305ac1d45cadad29128e831e?s=96&d=mm&r=g\",\"contentUrl\":\"https:\\\/\\\/secure.gravatar.com\\\/avatar\\\/f80ff32d67d40b919e8be190b7325be3c6cb33ce305ac1d45cadad29128e831e?s=96&d=mm&r=g\",\"caption\":\"Oscar BETHMONT\"},\"url\":\"https:\\\/\\\/www.infodictat.fr\\\/blog\\\/author\\\/tatoscar\\\/\"}]}<\/script>\n<!-- \/ Yoast SEO plugin. -->","yoast_head_json":{"title":"Actualit\u00e9s fran\u00e7aises: Qu\u2019est-ce que l\u2019\u00ab\u00a0imp\u00f4t participatif\u00a0\u00bb voulu par Gabriel Attal\u00a0? #France - INFODICTAT","robots":{"index":"index","follow":"follow","max-snippet":"max-snippet:-1","max-image-preview":"max-image-preview:large","max-video-preview":"max-video-preview:-1"},"canonical":"https:\/\/www.infodictat.fr\/blog\/actualites-francaises-quest-ce-que-l-impot-participatif-voulu-par-gabriel-attal-france\/","og_locale":"fr_FR","og_type":"article","og_title":"Actualit\u00e9s fran\u00e7aises: Qu\u2019est-ce que l\u2019\u00ab\u00a0imp\u00f4t participatif\u00a0\u00bb voulu par Gabriel Attal\u00a0? #France - INFODICTAT","og_description":"Qu\u2019est-ce que l\u2019\u00ab\u00a0imp\u00f4t participatif\u00a0\u00bb voulu par Gabriel Attal\u00a0? annonc\u00e9 par Le Point \u2013 Politique le Voici un tout nouvel encart qui va grossir notre revue de presse sur \u00ab\u00a0Actualit\u00e9 fran\u00e7aise\u00a0\u00bb. Ceci a \u00e9t\u00e9 publi\u00e9 par Le Point \u2013 Politique Signature . Date et heure de la r\u00e9ception de la d\u00e9p\u00e9che sur notre fil d\u2019info: Date ... Lire la suite","og_url":"https:\/\/www.infodictat.fr\/blog\/actualites-francaises-quest-ce-que-l-impot-participatif-voulu-par-gabriel-attal-france\/","og_site_name":"INFODICTAT","article_published_time":"2024-08-17T14:01:32+00:00","og_image":[{"url":"https:\/\/www.infodictat.fr\/blog\/wp-content\/uploads\/2024\/08\/Actualites-francaises-Quest-ce-que-l-impot-participatif-voulu-par-Gabriel-Attal-1024x683-1.jpg","type":"","width":"","height":""}],"author":"Oscar BETHMONT","twitter_card":"summary_large_image","twitter_misc":{"\u00c9crit par":"Oscar BETHMONT","Dur\u00e9e de lecture estim\u00e9e":"4 minutes"},"schema":{"@context":"https:\/\/schema.org","@graph":[{"@type":"Article","@id":"https:\/\/www.infodictat.fr\/blog\/actualites-francaises-quest-ce-que-l-impot-participatif-voulu-par-gabriel-attal-france\/#article","isPartOf":{"@id":"https:\/\/www.infodictat.fr\/blog\/actualites-francaises-quest-ce-que-l-impot-participatif-voulu-par-gabriel-attal-france\/"},"author":{"name":"Oscar BETHMONT","@id":"https:\/\/www.infodictat.fr\/blog\/#\/schema\/person\/6c2c8af0941702348e8eca9144cc1267"},"headline":"Actualit\u00e9s fran\u00e7aises: Qu\u2019est-ce que l\u2019\u00ab\u00a0imp\u00f4t participatif\u00a0\u00bb voulu par Gabriel Attal\u00a0? #France","datePublished":"2024-08-17T14:01:32+00:00","mainEntityOfPage":{"@id":"https:\/\/www.infodictat.fr\/blog\/actualites-francaises-quest-ce-que-l-impot-participatif-voulu-par-gabriel-attal-france\/"},"wordCount":735,"publisher":{"@id":"https:\/\/www.infodictat.fr\/blog\/#organization"},"image":{"@id":"https:\/\/www.infodictat.fr\/blog\/actualites-francaises-quest-ce-que-l-impot-participatif-voulu-par-gabriel-attal-france\/#primaryimage"},"thumbnailUrl":"https:\/\/www.infodictat.fr\/blog\/wp-content\/uploads\/2024\/08\/Actualites-francaises-Quest-ce-que-l-impot-participatif-voulu-par-Gabriel-Attal-1024x683-1.jpg","articleSection":["La Dictature Num\u00e9rique:"],"inLanguage":"fr-FR"},{"@type":"WebPage","@id":"https:\/\/www.infodictat.fr\/blog\/actualites-francaises-quest-ce-que-l-impot-participatif-voulu-par-gabriel-attal-france\/","url":"https:\/\/www.infodictat.fr\/blog\/actualites-francaises-quest-ce-que-l-impot-participatif-voulu-par-gabriel-attal-france\/","name":"Actualit\u00e9s fran\u00e7aises: Qu\u2019est-ce que l\u2019\u00ab\u00a0imp\u00f4t participatif\u00a0\u00bb voulu par Gabriel Attal\u00a0? #France - INFODICTAT","isPartOf":{"@id":"https:\/\/www.infodictat.fr\/blog\/#website"},"primaryImageOfPage":{"@id":"https:\/\/www.infodictat.fr\/blog\/actualites-francaises-quest-ce-que-l-impot-participatif-voulu-par-gabriel-attal-france\/#primaryimage"},"image":{"@id":"https:\/\/www.infodictat.fr\/blog\/actualites-francaises-quest-ce-que-l-impot-participatif-voulu-par-gabriel-attal-france\/#primaryimage"},"thumbnailUrl":"https:\/\/www.infodictat.fr\/blog\/wp-content\/uploads\/2024\/08\/Actualites-francaises-Quest-ce-que-l-impot-participatif-voulu-par-Gabriel-Attal-1024x683-1.jpg","datePublished":"2024-08-17T14:01:32+00:00","breadcrumb":{"@id":"https:\/\/www.infodictat.fr\/blog\/actualites-francaises-quest-ce-que-l-impot-participatif-voulu-par-gabriel-attal-france\/#breadcrumb"},"inLanguage":"fr-FR","potentialAction":[{"@type":"ReadAction","target":["https:\/\/www.infodictat.fr\/blog\/actualites-francaises-quest-ce-que-l-impot-participatif-voulu-par-gabriel-attal-france\/"]}]},{"@type":"ImageObject","inLanguage":"fr-FR","@id":"https:\/\/www.infodictat.fr\/blog\/actualites-francaises-quest-ce-que-l-impot-participatif-voulu-par-gabriel-attal-france\/#primaryimage","url":"https:\/\/www.infodictat.fr\/blog\/wp-content\/uploads\/2024\/08\/Actualites-francaises-Quest-ce-que-l-impot-participatif-voulu-par-Gabriel-Attal-1024x683-1.jpg","contentUrl":"https:\/\/www.infodictat.fr\/blog\/wp-content\/uploads\/2024\/08\/Actualites-francaises-Quest-ce-que-l-impot-participatif-voulu-par-Gabriel-Attal-1024x683-1.jpg","width":1024,"height":683},{"@type":"BreadcrumbList","@id":"https:\/\/www.infodictat.fr\/blog\/actualites-francaises-quest-ce-que-l-impot-participatif-voulu-par-gabriel-attal-france\/#breadcrumb","itemListElement":[{"@type":"ListItem","position":1,"name":"Accueil","item":"https:\/\/www.infodictat.fr\/blog\/"},{"@type":"ListItem","position":2,"name":"Actualit\u00e9s fran\u00e7aises: Qu\u2019est-ce que l\u2019\u00ab\u00a0imp\u00f4t participatif\u00a0\u00bb voulu par Gabriel Attal\u00a0? #France"}]},{"@type":"WebSite","@id":"https:\/\/www.infodictat.fr\/blog\/#website","url":"https:\/\/www.infodictat.fr\/blog\/","name":"INFODICTAT","description":"La dictature num\u00e9rique.","publisher":{"@id":"https:\/\/www.infodictat.fr\/blog\/#organization"},"potentialAction":[{"@type":"SearchAction","target":{"@type":"EntryPoint","urlTemplate":"https:\/\/www.infodictat.fr\/blog\/?s={search_term_string}"},"query-input":{"@type":"PropertyValueSpecification","valueRequired":true,"valueName":"search_term_string"}}],"inLanguage":"fr-FR"},{"@type":"Organization","@id":"https:\/\/www.infodictat.fr\/blog\/#organization","name":"infodictat","url":"https:\/\/www.infodictat.fr\/blog\/","logo":{"@type":"ImageObject","inLanguage":"fr-FR","@id":"https:\/\/www.infodictat.fr\/blog\/#\/schema\/logo\/image\/","url":"https:\/\/www.infodictat.fr\/blog\/wp-content\/uploads\/2023\/05\/logo-2.png","contentUrl":"https:\/\/www.infodictat.fr\/blog\/wp-content\/uploads\/2023\/05\/logo-2.png","width":480,"height":596,"caption":"infodictat"},"image":{"@id":"https:\/\/www.infodictat.fr\/blog\/#\/schema\/logo\/image\/"}},{"@type":"Person","@id":"https:\/\/www.infodictat.fr\/blog\/#\/schema\/person\/6c2c8af0941702348e8eca9144cc1267","name":"Oscar BETHMONT","image":{"@type":"ImageObject","inLanguage":"fr-FR","@id":"https:\/\/secure.gravatar.com\/avatar\/f80ff32d67d40b919e8be190b7325be3c6cb33ce305ac1d45cadad29128e831e?s=96&d=mm&r=g","url":"https:\/\/secure.gravatar.com\/avatar\/f80ff32d67d40b919e8be190b7325be3c6cb33ce305ac1d45cadad29128e831e?s=96&d=mm&r=g","contentUrl":"https:\/\/secure.gravatar.com\/avatar\/f80ff32d67d40b919e8be190b7325be3c6cb33ce305ac1d45cadad29128e831e?s=96&d=mm&r=g","caption":"Oscar BETHMONT"},"url":"https:\/\/www.infodictat.fr\/blog\/author\/tatoscar\/"}]}},"_links":{"self":[{"href":"https:\/\/www.infodictat.fr\/blog\/wp-json\/wp\/v2\/posts\/721","targetHints":{"allow":["GET"]}}],"collection":[{"href":"https:\/\/www.infodictat.fr\/blog\/wp-json\/wp\/v2\/posts"}],"about":[{"href":"https:\/\/www.infodictat.fr\/blog\/wp-json\/wp\/v2\/types\/post"}],"author":[{"embeddable":true,"href":"https:\/\/www.infodictat.fr\/blog\/wp-json\/wp\/v2\/users\/2"}],"replies":[{"embeddable":true,"href":"https:\/\/www.infodictat.fr\/blog\/wp-json\/wp\/v2\/comments?post=721"}],"version-history":[{"count":0,"href":"https:\/\/www.infodictat.fr\/blog\/wp-json\/wp\/v2\/posts\/721\/revisions"}],"wp:featuredmedia":[{"embeddable":true,"href":"https:\/\/www.infodictat.fr\/blog\/wp-json\/wp\/v2\/media\/722"}],"wp:attachment":[{"href":"https:\/\/www.infodictat.fr\/blog\/wp-json\/wp\/v2\/media?parent=721"}],"wp:term":[{"taxonomy":"category","embeddable":true,"href":"https:\/\/www.infodictat.fr\/blog\/wp-json\/wp\/v2\/categories?post=721"},{"taxonomy":"post_tag","embeddable":true,"href":"https:\/\/www.infodictat.fr\/blog\/wp-json\/wp\/v2\/tags?post=721"}],"curies":[{"name":"wp","href":"https:\/\/api.w.org\/{rel}","templated":true}]}}