{"id":598,"date":"2024-06-16T12:00:00","date_gmt":"2024-06-16T10:00:00","guid":{"rendered":"https:\/\/www.infodictat.fr\/blog\/actus-francaises-plus-dun-mois-apres-sa-fermeture-laeroport-de-noumea-va-rouvrir-ce-lundi-france\/"},"modified":"2024-06-16T12:00:00","modified_gmt":"2024-06-16T10:00:00","slug":"actus-francaises-plus-dun-mois-apres-sa-fermeture-laeroport-de-noumea-va-rouvrir-ce-lundi-france","status":"publish","type":"post","link":"https:\/\/www.infodictat.fr\/blog\/actus-francaises-plus-dun-mois-apres-sa-fermeture-laeroport-de-noumea-va-rouvrir-ce-lundi-france\/","title":{"rendered":"Actus fran\u00e7aises: plus d\u2019un mois apr\u00e8s sa fermeture, l\u2019a\u00e9roport de Noum\u00e9a va rouvrir ce lundi #France"},"content":{"rendered":"<div><img width=\"580\" height=\"387\" src=\"https:\/\/www.infodictat.fr\/blog\/wp-content\/uploads\/2024\/06\/Actus-francaises-plus-dun-mois-apres-sa-fermeture-laeroport-de-1024x683-1.jpg\" class=\"attachment-large size-large wp-post-image\" alt=\"Actus-francaises-plus-dun-mois-apres-sa-fermeture-laeroport-de\" style=\"float:left; margin:0 15px 15px 0;\" decoding=\"async\" srcset=\"https:\/\/www.infodictat.fr\/blog\/wp-content\/uploads\/2024\/06\/Actus-francaises-plus-dun-mois-apres-sa-fermeture-laeroport-de-1024x683-1.jpg 1024w, https:\/\/www.site.cdcl.xyz\/wp-content\/uploads\/2024\/06\/Actus-francaises-plus-dun-mois-apres-sa-fermeture-laeroport-de-300x200.jpg 300w, https:\/\/www.site.cdcl.xyz\/wp-content\/uploads\/2024\/06\/Actus-francaises-plus-dun-mois-apres-sa-fermeture-laeroport-de-768x512.jpg 768w, https:\/\/www.site.cdcl.xyz\/wp-content\/uploads\/2024\/06\/Actus-francaises-plus-dun-mois-apres-sa-fermeture-laeroport-de-1200x800.jpg 1200w, https:\/\/www.site.cdcl.xyz\/wp-content\/uploads\/2024\/06\/Actus-francaises-plus-dun-mois-apres-sa-fermeture-laeroport-de.jpg 1440w\" sizes=\"(max-width: 580px) 100vw, 580px\"><\/p>\n<h1>plus d\u2019un mois apr\u00e8s sa fermeture, l\u2019a\u00e9roport de Noum\u00e9a va rouvrir ce lundi annonc\u00e9 par Le Point \u2013 Politique le <span id=\"datecrea\"><\/span> <\/h1>\n<p>Voil\u00e0 un article que nous sommes heureux de pr\u00e9senter ici sur notre site.  La th\u00e9matique est \u00ab\u00a0Actualit\u00e9 fran\u00e7aise\u00a0\u00bb.<\/p>\n<h2>Ceci a \u00e9t\u00e9 publi\u00e9 par Le Point \u2013 Politique<\/h2>\n<p><u>Signature  . <\/u><\/p>\n<p><u>Date et heure de la r\u00e9ception de la d\u00e9p\u00e9che sur notre fil d\u2019info:<\/u><strong><span id=\"date\"><\/span><\/strong><\/p>\n<p><u>Date et heure de publication sur internet:<\/u> <strong><span id=\"datecrea\"><\/span><\/strong><\/p>\n<p><u>Titre exacte donn\u00e9 par le journal \u00e9tait:<\/u> <strong>plus d\u2019un mois apr\u00e8s sa fermeture, l\u2019a\u00e9roport de Noum\u00e9a va rouvrir ce lundi<\/strong><\/p>\n<p><u>Information et contenu publi\u00e9s :<\/u><\/p>\n<p><img decoding=\"async\" src=\"https:\/\/www.infodictat.fr\/blog\/wp-content\/uploads\/2024\/06\/Actus-France-plus-dun-mois-apres-sa-fermeture-laeroport-de.jpg\"><\/p>\n<div id=\"contenu\">\n        <!-- include t_www_2023\/pages\/article\/blocs\/tag_pub.tpl --><br \/>\n        <!-- include \/t_www_2023\/pages\/article\/blocs\/tag_pub.tpl --><\/p>\n<p><span class=\"dflt-txt__lettrine\">C\u2019<\/span>est un pas de plus vers le retour \u00e0 la normalit\u00e9 en Nouvelle-Cal\u00e9donie. Ferm\u00e9 depuis le 14\u00a0mai en raison de\u00a0fortes r\u00e9voltes, l\u2019a\u00e9roport international de Noum\u00e9a rouvrira en journ\u00e9e, lundi 17\u00a0juin, a annonc\u00e9 ce dimanche le haut-commissariat de la R\u00e9publique, indiquant que le couvre-feu d\u00e9butera d\u00e9sormais \u00e0 20\u00a0heures.<\/p>\n<section class=\"mbl txtcenter\"><\/section>\n<div id=\"newsletter\" class=\"bloc-1 title-top\">\n<span class=\"h2\">La newsletter politique<\/span><\/p>\n<div class=\"step-1\">\n<p class=\"period\">Tous les jeudis \u00e0 7h30<\/p>\n<p>Recevez en avant-premi\u00e8re les informations et analyses politiques de la r\u00e9daction du Point.<\/p>\n<\/div>\n<div class=\"step-2\">\n<p>Merci !<br \/>Votre inscription a bien \u00e9t\u00e9 prise en compte avec l\u2019adresse email :<br \/><span class=\"email-sended\"><\/span><\/p>\n<p>Pour d\u00e9couvrir toutes nos autres newsletters, rendez-vous ici : MonCompte<\/p>\n<\/div>\n<p>En vous inscrivant, vous acceptez les conditions g\u00e9n\u00e9rales d\u2019utilisations et notre politique de confidentialit\u00e9.<\/p>\n<\/div>\n<p>La d\u00e9cision de rouvrir l\u2019a\u00e9roport a \u00e9t\u00e9 prise en raison de \u00ab\u00a0la circulation en journ\u00e9e [\u2026]\u00a0rendue possible sur la RT1\u00a0\u00bb, une double voie express reliant le centre de\u00a0Noum\u00e9a\u00a0\u00e0 l\u2019a\u00e9roport international de La Tontouta, et longtemps inaccessible \u00e0 cause des nombreux barrages install\u00e9s par les manifestants ind\u00e9pendantistes.\u00a0Des gendarmes proc\u00e8dent r\u00e9guli\u00e8rement depuis une semaine au d\u00e9blaiement de la route, s\u2019assurant que les barrages ne sont pas reconstruits apr\u00e8s leur passage.<\/p>\n<p>Seuls quelques rares vols, sur d\u00e9rogation, avaient pu se faire derni\u00e8rement, avec des passagers plac\u00e9s sur liste d\u2019attente.<\/p>\n<section class=\"mbl txtcenter\"><\/section>\n<h2>Couvre-feu repouss\u00e9 et retour \u00e0 l\u2019\u00e9cole<\/h2>\n<p>Une seconde\u00a0mesure a \u00e9t\u00e9\u00a0annonc\u00e9e par le haut-commissariat, repr\u00e9sentant de l\u2019\u00c9tat fran\u00e7ais sur le territoire. Le d\u00e9but du couvre-feu a \u00e9t\u00e9 repouss\u00e9 de deux heures, passant ainsi de 18\u00a0heures \u00e0 20\u00a0heures. Il court toujours jusqu\u2019\u00e0 6\u00a0heures le lendemain. Une d\u00e9cision prise \u00ab\u00a0au regard de l\u2019am\u00e9lioration de la situation et afin de faciliter le retour progressif \u00e0 la vie normale\u00a0\u00bb.<\/p>\n<p>En revanche, \u00ab\u00a0l\u2019interdiction de la vente d\u2019alcool [exception pour les cavistes, NDLR], de vente et de transport d\u2019armes est prolong\u00e9e\u00a0\u00bb, a rappel\u00e9 le haut-commissariat. L\u2019\u00e9tat d\u2019urgence avait d\u00e9j\u00e0 \u00e9t\u00e9 lev\u00e9 le 27\u00a0mai.<\/p>\n<p><span class=\"Capsule premium\"><span class=\"Phylactery\">\u00c0 LIRE AUSSI<\/span> <strong class=\"strong\">Nouvelle-Cal\u00e9donie\u00a0: petit Caillou, grands atouts<\/strong><\/span>Enfin, les \u00e9l\u00e8ves de primaire, des coll\u00e8ges et des lyc\u00e9es reprendront progressivement le chemin de l\u2019\u00e9cole, d\u00e8s lundi, selon les zones et les \u00e9tablissements.<\/p>\n<h2>Projet de loi suspendu<\/h2>\n<p>Les r\u00e9voltes en Nouvelle-Cal\u00e9donie ont d\u00e9but\u00e9 le 13\u00a0mai et l\u2019annonce de\u00a0l\u2019adoption par l\u2019Assembl\u00e9e nationale d\u2019un projet de loi de r\u00e9forme constitutionnelle permettant un d\u00e9gel du corps \u00e9lectoral, qui, selon ses opposants, marginaliserait davantage le peuple autochtone kanak.<\/p>\n<section class=\"mbl txtcenter\"><\/section>\n<p>\u00c0 la suite de la dissolution de l\u2019Assembl\u00e9e nationale, Emmanuel Macron a annonc\u00e9\u00a0suspendre ce projet de loi \u00ab\u00a0parce qu\u2019on ne peut pas laisser l\u2019ambigu\u00eft\u00e9 dans la p\u00e9riode\u00a0\u00bb. Le chef de l\u2019\u00c9tat a annonc\u00e9 vouloir \u00ab\u00a0donner toute sa force au dialogue sur place et au retour \u00e0 l\u2019ordre\u00a0\u00bb.<\/p>\n<p>Selon le dernier bilan dimanche, les \u00e9meutes ont fait neuf\u00a0morts, dont deux\u00a0gendarmes, et \u00ab\u00a0aucun nouveau d\u00e9c\u00e8s n\u2019est \u00e0 d\u00e9plorer\u00a0\u00bb, a soulign\u00e9 le haut-commissariat, qui fait \u00e9tat de\u00a0248\u00a0policiers et gendarmes bless\u00e9s et 1\u00a0187 personnes interpell\u00e9es.\u00a0Au total, ce sont quelque 3\u00a0500 effectifs de forces de s\u00e9curit\u00e9 qui sont d\u00e9ploy\u00e9s en Nouvelle-Cal\u00e9donie, o\u00f9 vivent environ 270\u00a0000 personnes.<\/p>\n<p>De nombreux b\u00e2timents ont \u00e9t\u00e9 br\u00fbl\u00e9s, certains magasins ont \u00e9t\u00e9 pill\u00e9s. Le haut-commissaire de la R\u00e9publique a \u00e9valu\u00e9 les d\u00e9g\u00e2ts \u00e0 plus de 1,5\u00a0milliard d\u2019euros, pour\u00a0570\u00a0entreprises totalement ou en quasi-totalit\u00e9 d\u00e9truites, pour une perte directe estim\u00e9e \u00e0 environ 6\u00a0000 emplois.<\/p>\n<p><!-- include t_www_2023\/pages\/article\/blocs\/bloc-encadre.tpl --><br \/>\n<!-- include \/t_www_2023\/pages\/article\/blocs\/bloc-encadre.tpl -->\n<\/p>\n<\/div>\n<p> <img decoding=\"async\" src=\"https:\/\/www.infodictat.fr\/blog\/wp-content\/uploads\/2024\/06\/Actus-France-plus-dun-mois-apres-sa-fermeture-laeroport-de.jpg\" alt=\"plus d\u2019un mois apr\u00e8s sa fermeture, l\u2019a\u00e9roport de Noum\u00e9a va rouvrir ce lundi\"><\/p>\n<p>#dun #mois #apr\u00e8s #fermeture #la\u00e9roport #Noum\u00e9a #rouvrir #lundi<\/p>\n<p>Reprise de l\u2019information dans un style journalistique professionnel descriptif en organisant les id\u00e9es dans un ordre coh\u00e9rent avec titres html <\/p>\n<p>Livres sur le m\u00eame objet:<\/p>\n<p>Histoire de France (Volume 6) \u2013 La France du XIXe si\u00e8cle de 1814 \u00e0 1914.,<a href=\"https:\/\/www.kobo.com\/fr\/fr\/audiobook\/histoire-de-france-volume-6-la-france-du-xixe-siecle-de-1814-a-1914\" target=\"_blank\" rel=\"noopener noreferrer nofollow\">Description<\/a><span><\/span>.<\/p>\n<p>Langues et dialectes des r\u00e9gions de France\/Flamand occidental.,<a href=\"https:\/\/fr.wikibooks.org\/wiki\/Langues_et_dialectes_des_r%C3%A9gions_de_France\/Flamand_occidental\" target=\"_blank\" rel=\"noopener noreferrer nofollow\">R\u00e9f\u00e9rence lit\u00e9raire<\/a><span><\/span>.<\/p>\n<p>R\u00e9concilier la France.,<a href=\"https:\/\/www.kobo.com\/fr\/fr\/ebook\/reconcilier-la-france\" target=\"_blank\" rel=\"noopener noreferrer nofollow\">R\u00e9f\u00e9rence lit\u00e9raire de cet ouvrage<\/a><span><\/span>. Disponible \u00e0 l\u2019achat sur les plateformes Amazon, Fnac, Cultura \u2026.<\/p>\n<p><script>\nvar date = \"Non r\u00e9cup\u00e9r\u00e9es\";\n        \/\/ Valeur de timestamp\n        var timestampString = 1718532565; \/\/ Assurez-vous que le timestamp est une cha\u00eene de texte\n        \/\/ Convertir la cha\u00eene de texte en nombre entier (timestamp)\n        var timestamp = parseInt(timestampString);\n        \/\/ Cr\u00e9er un objet Date \u00e0 partir du timestamp\n        var dateObject = new Date(timestamp * 1000); \/\/ Le timestamp est en secondes, donc on le multiplie par 1000 pour obtenir les millisecondes\n        \/\/ Format de date personnalis\u00e9\n        var options = { weekday: 'long', year: 'numeric', month: 'long', day: 'numeric', hour: 'numeric', minute: 'numeric', second: 'numeric', timeZone: 'Europe\/Paris' };\n        var formattedDate = dateObject.toLocaleDateString('fr-FR', options);\n formattedDate = formattedDate.replace(\/^.\/, formattedDate[0].toUpperCase());\n        \/\/ Afficher la date dans le HTML\n        document.getElementById('date').textContent = formattedDate;\n    <\/script><\/p>\n<p><script>\nvar datecrea = \"Non r\u00e9cup\u00e9r\u00e9e\";\n        \/\/ Date et heure au format \"2008-06-15 18:02:58\"\n        var dateString = \"2024-06-16 12:00:00\";\n        \/\/ Convertir la cha\u00eene de texte en objet Date\n        var now = new Date(dateString);\n        \/\/ Format de date personnalis\u00e9\n        var options = { weekday: 'long', year: 'numeric', month: 'long', day: 'numeric', hour: 'numeric', minute: 'numeric', second: 'numeric', timeZone: 'Europe\/Paris' };\n        var formattedDate = now.toLocaleDateString('fr-FR', options);\n formattedDate = formattedDate.replace(\/^.\/, formattedDate[0].toUpperCase());\n        \/\/ Afficher la date dans le HTML\n        document.getElementById('datecrea').textContent = formattedDate;\n    <\/script><\/p>\n<\/div>\n<p><img decoding=\"async\" class=\"wpe_imgrss\" src=\"https:\/\/www.infodictat.fr\/blog\/wp-content\/uploads\/2024\/06\/Actus-francaises-plus-dun-mois-apres-sa-fermeture-laeroport-de-1024x683-1.jpg\">Vous pouvez lire ce post traitant le sujet \u00ab\u00a0La dictature num\u00e9rique\u00a0\u00bb. Il est produit par la r\u00e9daction de infodictat.fr. Le site infodictat.fr a pour objectif de publier plusieurs articles autour du sujet La dictature num\u00e9rique d\u00e9velopp\u00e9es sur le web. Cette chronique se veut g\u00e9n\u00e9r\u00e9e de la fa\u00e7on la plus juste qui soit. Pour \u00e9mettre des remarques sur ce dossier autour du sujet \u00ab\u00a0La dictature num\u00e9rique\u00a0\u00bb prenez les contacts indiqu\u00e9s sur notre site internet. En consultant r\u00e9guli\u00e8rement nos contenus de blog vous serez au courant des futures parutions.<\/p>\n","protected":false},"excerpt":{"rendered":"<p>plus d\u2019un mois apr\u00e8s sa fermeture, l\u2019a\u00e9roport de Noum\u00e9a va rouvrir ce lundi annonc\u00e9 par Le Point \u2013 Politique le Voil\u00e0 un article que nous sommes heureux de pr\u00e9senter ici sur notre site. La th\u00e9matique est \u00ab\u00a0Actualit\u00e9 fran\u00e7aise\u00a0\u00bb. Ceci a \u00e9t\u00e9 publi\u00e9 par Le Point \u2013 Politique Signature . Date et heure de la r\u00e9ception &#8230; <a title=\"Actus fran\u00e7aises: plus d\u2019un mois apr\u00e8s sa fermeture, l\u2019a\u00e9roport de Noum\u00e9a va rouvrir ce lundi #France\" class=\"read-more\" href=\"https:\/\/www.infodictat.fr\/blog\/actus-francaises-plus-dun-mois-apres-sa-fermeture-laeroport-de-noumea-va-rouvrir-ce-lundi-france\/\" aria-label=\"En savoir plus sur Actus fran\u00e7aises: plus d\u2019un mois apr\u00e8s sa fermeture, l\u2019a\u00e9roport de Noum\u00e9a va rouvrir ce lundi #France\">Lire la suite<\/a><\/p>\n","protected":false},"author":2,"featured_media":599,"comment_status":"closed","ping_status":"closed","sticky":false,"template":"","format":"standard","meta":{"footnotes":""},"categories":[2],"tags":[],"class_list":["post-598","post","type-post","status-publish","format-standard","has-post-thumbnail","hentry","category-la-dictature-numerique"],"yoast_head":"<!-- This site is optimized with the Yoast SEO plugin v27.5 - https:\/\/yoast.com\/product\/yoast-seo-wordpress\/ -->\n<title>Actus fran\u00e7aises: plus d\u2019un mois apr\u00e8s sa fermeture, l\u2019a\u00e9roport de Noum\u00e9a va rouvrir ce lundi #France - INFODICTAT<\/title>\n<meta name=\"robots\" content=\"index, follow, max-snippet:-1, max-image-preview:large, max-video-preview:-1\" \/>\n<link rel=\"canonical\" href=\"https:\/\/www.infodictat.fr\/blog\/actus-francaises-plus-dun-mois-apres-sa-fermeture-laeroport-de-noumea-va-rouvrir-ce-lundi-france\/\" \/>\n<meta property=\"og:locale\" content=\"fr_FR\" \/>\n<meta property=\"og:type\" content=\"article\" \/>\n<meta property=\"og:title\" content=\"Actus fran\u00e7aises: plus d\u2019un mois apr\u00e8s sa fermeture, l\u2019a\u00e9roport de Noum\u00e9a va rouvrir ce lundi #France - INFODICTAT\" \/>\n<meta property=\"og:description\" content=\"plus d\u2019un mois apr\u00e8s sa fermeture, l\u2019a\u00e9roport de Noum\u00e9a va rouvrir ce lundi annonc\u00e9 par Le Point \u2013 Politique le Voil\u00e0 un article que nous sommes heureux de pr\u00e9senter ici sur notre site. La th\u00e9matique est \u00ab\u00a0Actualit\u00e9 fran\u00e7aise\u00a0\u00bb. Ceci a \u00e9t\u00e9 publi\u00e9 par Le Point \u2013 Politique Signature . Date et heure de la r\u00e9ception ... Lire la suite\" \/>\n<meta property=\"og:url\" content=\"https:\/\/www.infodictat.fr\/blog\/actus-francaises-plus-dun-mois-apres-sa-fermeture-laeroport-de-noumea-va-rouvrir-ce-lundi-france\/\" \/>\n<meta property=\"og:site_name\" content=\"INFODICTAT\" \/>\n<meta property=\"article:published_time\" content=\"2024-06-16T10:00:00+00:00\" \/>\n<meta property=\"og:image\" content=\"https:\/\/www.infodictat.fr\/blog\/wp-content\/uploads\/2024\/06\/Actus-francaises-plus-dun-mois-apres-sa-fermeture-laeroport-de-1024x683-1.jpg\" \/>\n<meta name=\"author\" content=\"Oscar BETHMONT\" \/>\n<meta name=\"twitter:card\" content=\"summary_large_image\" \/>\n<meta name=\"twitter:label1\" content=\"\u00c9crit par\" \/>\n\t<meta name=\"twitter:data1\" content=\"Oscar BETHMONT\" \/>\n\t<meta name=\"twitter:label2\" content=\"Dur\u00e9e de lecture estim\u00e9e\" \/>\n\t<meta name=\"twitter:data2\" content=\"4 minutes\" \/>\n<script type=\"application\/ld+json\" class=\"yoast-schema-graph\">{\"@context\":\"https:\\\/\\\/schema.org\",\"@graph\":[{\"@type\":\"Article\",\"@id\":\"https:\\\/\\\/www.infodictat.fr\\\/blog\\\/actus-francaises-plus-dun-mois-apres-sa-fermeture-laeroport-de-noumea-va-rouvrir-ce-lundi-france\\\/#article\",\"isPartOf\":{\"@id\":\"https:\\\/\\\/www.infodictat.fr\\\/blog\\\/actus-francaises-plus-dun-mois-apres-sa-fermeture-laeroport-de-noumea-va-rouvrir-ce-lundi-france\\\/\"},\"author\":{\"name\":\"Oscar BETHMONT\",\"@id\":\"https:\\\/\\\/www.infodictat.fr\\\/blog\\\/#\\\/schema\\\/person\\\/6c2c8af0941702348e8eca9144cc1267\"},\"headline\":\"Actus fran\u00e7aises: plus d\u2019un mois apr\u00e8s sa fermeture, l\u2019a\u00e9roport de Noum\u00e9a va rouvrir ce lundi #France\",\"datePublished\":\"2024-06-16T10:00:00+00:00\",\"mainEntityOfPage\":{\"@id\":\"https:\\\/\\\/www.infodictat.fr\\\/blog\\\/actus-francaises-plus-dun-mois-apres-sa-fermeture-laeroport-de-noumea-va-rouvrir-ce-lundi-france\\\/\"},\"wordCount\":910,\"publisher\":{\"@id\":\"https:\\\/\\\/www.infodictat.fr\\\/blog\\\/#organization\"},\"image\":{\"@id\":\"https:\\\/\\\/www.infodictat.fr\\\/blog\\\/actus-francaises-plus-dun-mois-apres-sa-fermeture-laeroport-de-noumea-va-rouvrir-ce-lundi-france\\\/#primaryimage\"},\"thumbnailUrl\":\"https:\\\/\\\/www.infodictat.fr\\\/blog\\\/wp-content\\\/uploads\\\/2024\\\/06\\\/Actus-francaises-plus-dun-mois-apres-sa-fermeture-laeroport-de-1024x683-1.jpg\",\"articleSection\":[\"La Dictature Num\u00e9rique:\"],\"inLanguage\":\"fr-FR\"},{\"@type\":\"WebPage\",\"@id\":\"https:\\\/\\\/www.infodictat.fr\\\/blog\\\/actus-francaises-plus-dun-mois-apres-sa-fermeture-laeroport-de-noumea-va-rouvrir-ce-lundi-france\\\/\",\"url\":\"https:\\\/\\\/www.infodictat.fr\\\/blog\\\/actus-francaises-plus-dun-mois-apres-sa-fermeture-laeroport-de-noumea-va-rouvrir-ce-lundi-france\\\/\",\"name\":\"Actus fran\u00e7aises: plus d\u2019un mois apr\u00e8s sa fermeture, l\u2019a\u00e9roport de Noum\u00e9a va rouvrir ce lundi #France - INFODICTAT\",\"isPartOf\":{\"@id\":\"https:\\\/\\\/www.infodictat.fr\\\/blog\\\/#website\"},\"primaryImageOfPage\":{\"@id\":\"https:\\\/\\\/www.infodictat.fr\\\/blog\\\/actus-francaises-plus-dun-mois-apres-sa-fermeture-laeroport-de-noumea-va-rouvrir-ce-lundi-france\\\/#primaryimage\"},\"image\":{\"@id\":\"https:\\\/\\\/www.infodictat.fr\\\/blog\\\/actus-francaises-plus-dun-mois-apres-sa-fermeture-laeroport-de-noumea-va-rouvrir-ce-lundi-france\\\/#primaryimage\"},\"thumbnailUrl\":\"https:\\\/\\\/www.infodictat.fr\\\/blog\\\/wp-content\\\/uploads\\\/2024\\\/06\\\/Actus-francaises-plus-dun-mois-apres-sa-fermeture-laeroport-de-1024x683-1.jpg\",\"datePublished\":\"2024-06-16T10:00:00+00:00\",\"breadcrumb\":{\"@id\":\"https:\\\/\\\/www.infodictat.fr\\\/blog\\\/actus-francaises-plus-dun-mois-apres-sa-fermeture-laeroport-de-noumea-va-rouvrir-ce-lundi-france\\\/#breadcrumb\"},\"inLanguage\":\"fr-FR\",\"potentialAction\":[{\"@type\":\"ReadAction\",\"target\":[\"https:\\\/\\\/www.infodictat.fr\\\/blog\\\/actus-francaises-plus-dun-mois-apres-sa-fermeture-laeroport-de-noumea-va-rouvrir-ce-lundi-france\\\/\"]}]},{\"@type\":\"ImageObject\",\"inLanguage\":\"fr-FR\",\"@id\":\"https:\\\/\\\/www.infodictat.fr\\\/blog\\\/actus-francaises-plus-dun-mois-apres-sa-fermeture-laeroport-de-noumea-va-rouvrir-ce-lundi-france\\\/#primaryimage\",\"url\":\"https:\\\/\\\/www.infodictat.fr\\\/blog\\\/wp-content\\\/uploads\\\/2024\\\/06\\\/Actus-francaises-plus-dun-mois-apres-sa-fermeture-laeroport-de-1024x683-1.jpg\",\"contentUrl\":\"https:\\\/\\\/www.infodictat.fr\\\/blog\\\/wp-content\\\/uploads\\\/2024\\\/06\\\/Actus-francaises-plus-dun-mois-apres-sa-fermeture-laeroport-de-1024x683-1.jpg\",\"width\":1024,\"height\":683},{\"@type\":\"BreadcrumbList\",\"@id\":\"https:\\\/\\\/www.infodictat.fr\\\/blog\\\/actus-francaises-plus-dun-mois-apres-sa-fermeture-laeroport-de-noumea-va-rouvrir-ce-lundi-france\\\/#breadcrumb\",\"itemListElement\":[{\"@type\":\"ListItem\",\"position\":1,\"name\":\"Accueil\",\"item\":\"https:\\\/\\\/www.infodictat.fr\\\/blog\\\/\"},{\"@type\":\"ListItem\",\"position\":2,\"name\":\"Actus fran\u00e7aises: plus d\u2019un mois apr\u00e8s sa fermeture, l\u2019a\u00e9roport de Noum\u00e9a va rouvrir ce lundi #France\"}]},{\"@type\":\"WebSite\",\"@id\":\"https:\\\/\\\/www.infodictat.fr\\\/blog\\\/#website\",\"url\":\"https:\\\/\\\/www.infodictat.fr\\\/blog\\\/\",\"name\":\"INFODICTAT\",\"description\":\"La dictature num\u00e9rique.\",\"publisher\":{\"@id\":\"https:\\\/\\\/www.infodictat.fr\\\/blog\\\/#organization\"},\"potentialAction\":[{\"@type\":\"SearchAction\",\"target\":{\"@type\":\"EntryPoint\",\"urlTemplate\":\"https:\\\/\\\/www.infodictat.fr\\\/blog\\\/?s={search_term_string}\"},\"query-input\":{\"@type\":\"PropertyValueSpecification\",\"valueRequired\":true,\"valueName\":\"search_term_string\"}}],\"inLanguage\":\"fr-FR\"},{\"@type\":\"Organization\",\"@id\":\"https:\\\/\\\/www.infodictat.fr\\\/blog\\\/#organization\",\"name\":\"infodictat\",\"url\":\"https:\\\/\\\/www.infodictat.fr\\\/blog\\\/\",\"logo\":{\"@type\":\"ImageObject\",\"inLanguage\":\"fr-FR\",\"@id\":\"https:\\\/\\\/www.infodictat.fr\\\/blog\\\/#\\\/schema\\\/logo\\\/image\\\/\",\"url\":\"https:\\\/\\\/www.infodictat.fr\\\/blog\\\/wp-content\\\/uploads\\\/2023\\\/05\\\/logo-2.png\",\"contentUrl\":\"https:\\\/\\\/www.infodictat.fr\\\/blog\\\/wp-content\\\/uploads\\\/2023\\\/05\\\/logo-2.png\",\"width\":480,\"height\":596,\"caption\":\"infodictat\"},\"image\":{\"@id\":\"https:\\\/\\\/www.infodictat.fr\\\/blog\\\/#\\\/schema\\\/logo\\\/image\\\/\"}},{\"@type\":\"Person\",\"@id\":\"https:\\\/\\\/www.infodictat.fr\\\/blog\\\/#\\\/schema\\\/person\\\/6c2c8af0941702348e8eca9144cc1267\",\"name\":\"Oscar BETHMONT\",\"image\":{\"@type\":\"ImageObject\",\"inLanguage\":\"fr-FR\",\"@id\":\"https:\\\/\\\/secure.gravatar.com\\\/avatar\\\/f80ff32d67d40b919e8be190b7325be3c6cb33ce305ac1d45cadad29128e831e?s=96&d=mm&r=g\",\"url\":\"https:\\\/\\\/secure.gravatar.com\\\/avatar\\\/f80ff32d67d40b919e8be190b7325be3c6cb33ce305ac1d45cadad29128e831e?s=96&d=mm&r=g\",\"contentUrl\":\"https:\\\/\\\/secure.gravatar.com\\\/avatar\\\/f80ff32d67d40b919e8be190b7325be3c6cb33ce305ac1d45cadad29128e831e?s=96&d=mm&r=g\",\"caption\":\"Oscar BETHMONT\"},\"url\":\"https:\\\/\\\/www.infodictat.fr\\\/blog\\\/author\\\/tatoscar\\\/\"}]}<\/script>\n<!-- \/ Yoast SEO plugin. -->","yoast_head_json":{"title":"Actus fran\u00e7aises: plus d\u2019un mois apr\u00e8s sa fermeture, l\u2019a\u00e9roport de Noum\u00e9a va rouvrir ce lundi #France - INFODICTAT","robots":{"index":"index","follow":"follow","max-snippet":"max-snippet:-1","max-image-preview":"max-image-preview:large","max-video-preview":"max-video-preview:-1"},"canonical":"https:\/\/www.infodictat.fr\/blog\/actus-francaises-plus-dun-mois-apres-sa-fermeture-laeroport-de-noumea-va-rouvrir-ce-lundi-france\/","og_locale":"fr_FR","og_type":"article","og_title":"Actus fran\u00e7aises: plus d\u2019un mois apr\u00e8s sa fermeture, l\u2019a\u00e9roport de Noum\u00e9a va rouvrir ce lundi #France - INFODICTAT","og_description":"plus d\u2019un mois apr\u00e8s sa fermeture, l\u2019a\u00e9roport de Noum\u00e9a va rouvrir ce lundi annonc\u00e9 par Le Point \u2013 Politique le Voil\u00e0 un article que nous sommes heureux de pr\u00e9senter ici sur notre site. La th\u00e9matique est \u00ab\u00a0Actualit\u00e9 fran\u00e7aise\u00a0\u00bb. Ceci a \u00e9t\u00e9 publi\u00e9 par Le Point \u2013 Politique Signature . Date et heure de la r\u00e9ception ... Lire la suite","og_url":"https:\/\/www.infodictat.fr\/blog\/actus-francaises-plus-dun-mois-apres-sa-fermeture-laeroport-de-noumea-va-rouvrir-ce-lundi-france\/","og_site_name":"INFODICTAT","article_published_time":"2024-06-16T10:00:00+00:00","og_image":[{"url":"https:\/\/www.infodictat.fr\/blog\/wp-content\/uploads\/2024\/06\/Actus-francaises-plus-dun-mois-apres-sa-fermeture-laeroport-de-1024x683-1.jpg","type":"","width":"","height":""}],"author":"Oscar BETHMONT","twitter_card":"summary_large_image","twitter_misc":{"\u00c9crit par":"Oscar BETHMONT","Dur\u00e9e de lecture estim\u00e9e":"4 minutes"},"schema":{"@context":"https:\/\/schema.org","@graph":[{"@type":"Article","@id":"https:\/\/www.infodictat.fr\/blog\/actus-francaises-plus-dun-mois-apres-sa-fermeture-laeroport-de-noumea-va-rouvrir-ce-lundi-france\/#article","isPartOf":{"@id":"https:\/\/www.infodictat.fr\/blog\/actus-francaises-plus-dun-mois-apres-sa-fermeture-laeroport-de-noumea-va-rouvrir-ce-lundi-france\/"},"author":{"name":"Oscar BETHMONT","@id":"https:\/\/www.infodictat.fr\/blog\/#\/schema\/person\/6c2c8af0941702348e8eca9144cc1267"},"headline":"Actus fran\u00e7aises: plus d\u2019un mois apr\u00e8s sa fermeture, l\u2019a\u00e9roport de Noum\u00e9a va rouvrir ce lundi #France","datePublished":"2024-06-16T10:00:00+00:00","mainEntityOfPage":{"@id":"https:\/\/www.infodictat.fr\/blog\/actus-francaises-plus-dun-mois-apres-sa-fermeture-laeroport-de-noumea-va-rouvrir-ce-lundi-france\/"},"wordCount":910,"publisher":{"@id":"https:\/\/www.infodictat.fr\/blog\/#organization"},"image":{"@id":"https:\/\/www.infodictat.fr\/blog\/actus-francaises-plus-dun-mois-apres-sa-fermeture-laeroport-de-noumea-va-rouvrir-ce-lundi-france\/#primaryimage"},"thumbnailUrl":"https:\/\/www.infodictat.fr\/blog\/wp-content\/uploads\/2024\/06\/Actus-francaises-plus-dun-mois-apres-sa-fermeture-laeroport-de-1024x683-1.jpg","articleSection":["La Dictature Num\u00e9rique:"],"inLanguage":"fr-FR"},{"@type":"WebPage","@id":"https:\/\/www.infodictat.fr\/blog\/actus-francaises-plus-dun-mois-apres-sa-fermeture-laeroport-de-noumea-va-rouvrir-ce-lundi-france\/","url":"https:\/\/www.infodictat.fr\/blog\/actus-francaises-plus-dun-mois-apres-sa-fermeture-laeroport-de-noumea-va-rouvrir-ce-lundi-france\/","name":"Actus fran\u00e7aises: plus d\u2019un mois apr\u00e8s sa fermeture, l\u2019a\u00e9roport de Noum\u00e9a va rouvrir ce lundi #France - INFODICTAT","isPartOf":{"@id":"https:\/\/www.infodictat.fr\/blog\/#website"},"primaryImageOfPage":{"@id":"https:\/\/www.infodictat.fr\/blog\/actus-francaises-plus-dun-mois-apres-sa-fermeture-laeroport-de-noumea-va-rouvrir-ce-lundi-france\/#primaryimage"},"image":{"@id":"https:\/\/www.infodictat.fr\/blog\/actus-francaises-plus-dun-mois-apres-sa-fermeture-laeroport-de-noumea-va-rouvrir-ce-lundi-france\/#primaryimage"},"thumbnailUrl":"https:\/\/www.infodictat.fr\/blog\/wp-content\/uploads\/2024\/06\/Actus-francaises-plus-dun-mois-apres-sa-fermeture-laeroport-de-1024x683-1.jpg","datePublished":"2024-06-16T10:00:00+00:00","breadcrumb":{"@id":"https:\/\/www.infodictat.fr\/blog\/actus-francaises-plus-dun-mois-apres-sa-fermeture-laeroport-de-noumea-va-rouvrir-ce-lundi-france\/#breadcrumb"},"inLanguage":"fr-FR","potentialAction":[{"@type":"ReadAction","target":["https:\/\/www.infodictat.fr\/blog\/actus-francaises-plus-dun-mois-apres-sa-fermeture-laeroport-de-noumea-va-rouvrir-ce-lundi-france\/"]}]},{"@type":"ImageObject","inLanguage":"fr-FR","@id":"https:\/\/www.infodictat.fr\/blog\/actus-francaises-plus-dun-mois-apres-sa-fermeture-laeroport-de-noumea-va-rouvrir-ce-lundi-france\/#primaryimage","url":"https:\/\/www.infodictat.fr\/blog\/wp-content\/uploads\/2024\/06\/Actus-francaises-plus-dun-mois-apres-sa-fermeture-laeroport-de-1024x683-1.jpg","contentUrl":"https:\/\/www.infodictat.fr\/blog\/wp-content\/uploads\/2024\/06\/Actus-francaises-plus-dun-mois-apres-sa-fermeture-laeroport-de-1024x683-1.jpg","width":1024,"height":683},{"@type":"BreadcrumbList","@id":"https:\/\/www.infodictat.fr\/blog\/actus-francaises-plus-dun-mois-apres-sa-fermeture-laeroport-de-noumea-va-rouvrir-ce-lundi-france\/#breadcrumb","itemListElement":[{"@type":"ListItem","position":1,"name":"Accueil","item":"https:\/\/www.infodictat.fr\/blog\/"},{"@type":"ListItem","position":2,"name":"Actus fran\u00e7aises: plus d\u2019un mois apr\u00e8s sa fermeture, l\u2019a\u00e9roport de Noum\u00e9a va rouvrir ce lundi #France"}]},{"@type":"WebSite","@id":"https:\/\/www.infodictat.fr\/blog\/#website","url":"https:\/\/www.infodictat.fr\/blog\/","name":"INFODICTAT","description":"La dictature num\u00e9rique.","publisher":{"@id":"https:\/\/www.infodictat.fr\/blog\/#organization"},"potentialAction":[{"@type":"SearchAction","target":{"@type":"EntryPoint","urlTemplate":"https:\/\/www.infodictat.fr\/blog\/?s={search_term_string}"},"query-input":{"@type":"PropertyValueSpecification","valueRequired":true,"valueName":"search_term_string"}}],"inLanguage":"fr-FR"},{"@type":"Organization","@id":"https:\/\/www.infodictat.fr\/blog\/#organization","name":"infodictat","url":"https:\/\/www.infodictat.fr\/blog\/","logo":{"@type":"ImageObject","inLanguage":"fr-FR","@id":"https:\/\/www.infodictat.fr\/blog\/#\/schema\/logo\/image\/","url":"https:\/\/www.infodictat.fr\/blog\/wp-content\/uploads\/2023\/05\/logo-2.png","contentUrl":"https:\/\/www.infodictat.fr\/blog\/wp-content\/uploads\/2023\/05\/logo-2.png","width":480,"height":596,"caption":"infodictat"},"image":{"@id":"https:\/\/www.infodictat.fr\/blog\/#\/schema\/logo\/image\/"}},{"@type":"Person","@id":"https:\/\/www.infodictat.fr\/blog\/#\/schema\/person\/6c2c8af0941702348e8eca9144cc1267","name":"Oscar BETHMONT","image":{"@type":"ImageObject","inLanguage":"fr-FR","@id":"https:\/\/secure.gravatar.com\/avatar\/f80ff32d67d40b919e8be190b7325be3c6cb33ce305ac1d45cadad29128e831e?s=96&d=mm&r=g","url":"https:\/\/secure.gravatar.com\/avatar\/f80ff32d67d40b919e8be190b7325be3c6cb33ce305ac1d45cadad29128e831e?s=96&d=mm&r=g","contentUrl":"https:\/\/secure.gravatar.com\/avatar\/f80ff32d67d40b919e8be190b7325be3c6cb33ce305ac1d45cadad29128e831e?s=96&d=mm&r=g","caption":"Oscar BETHMONT"},"url":"https:\/\/www.infodictat.fr\/blog\/author\/tatoscar\/"}]}},"_links":{"self":[{"href":"https:\/\/www.infodictat.fr\/blog\/wp-json\/wp\/v2\/posts\/598","targetHints":{"allow":["GET"]}}],"collection":[{"href":"https:\/\/www.infodictat.fr\/blog\/wp-json\/wp\/v2\/posts"}],"about":[{"href":"https:\/\/www.infodictat.fr\/blog\/wp-json\/wp\/v2\/types\/post"}],"author":[{"embeddable":true,"href":"https:\/\/www.infodictat.fr\/blog\/wp-json\/wp\/v2\/users\/2"}],"replies":[{"embeddable":true,"href":"https:\/\/www.infodictat.fr\/blog\/wp-json\/wp\/v2\/comments?post=598"}],"version-history":[{"count":0,"href":"https:\/\/www.infodictat.fr\/blog\/wp-json\/wp\/v2\/posts\/598\/revisions"}],"wp:featuredmedia":[{"embeddable":true,"href":"https:\/\/www.infodictat.fr\/blog\/wp-json\/wp\/v2\/media\/599"}],"wp:attachment":[{"href":"https:\/\/www.infodictat.fr\/blog\/wp-json\/wp\/v2\/media?parent=598"}],"wp:term":[{"taxonomy":"category","embeddable":true,"href":"https:\/\/www.infodictat.fr\/blog\/wp-json\/wp\/v2\/categories?post=598"},{"taxonomy":"post_tag","embeddable":true,"href":"https:\/\/www.infodictat.fr\/blog\/wp-json\/wp\/v2\/tags?post=598"}],"curies":[{"name":"wp","href":"https:\/\/api.w.org\/{rel}","templated":true}]}}