{"id":591,"date":"2024-06-12T15:10:47","date_gmt":"2024-06-12T13:10:47","guid":{"rendered":"https:\/\/www.infodictat.fr\/blog\/actualites-francaises-le-tribunal-des-commissaires-du-comte-de-lamar-reconnait-la-commission-historique-du-comte\/"},"modified":"2024-06-12T15:10:47","modified_gmt":"2024-06-12T13:10:47","slug":"actualites-francaises-le-tribunal-des-commissaires-du-comte-de-lamar-reconnait-la-commission-historique-du-comte","status":"publish","type":"post","link":"https:\/\/www.infodictat.fr\/blog\/actualites-francaises-le-tribunal-des-commissaires-du-comte-de-lamar-reconnait-la-commission-historique-du-comte\/","title":{"rendered":"Actualit\u00e9s fran\u00e7aises: Le tribunal des commissaires du comt\u00e9 de Lamar reconna\u00eet la commission historique du comt\u00e9"},"content":{"rendered":"<div><img width=\"300\" height=\"152\" src=\"https:\/\/www.infodictat.fr\/blog\/wp-content\/uploads\/2024\/06\/Actualites-francaises-Le-tribunal-des-commissaires-du-comte-de-Lamar.jpg\" class=\"attachment-large size-large wp-post-image\" alt=\"Actualites-francaises-Le-tribunal-des-commissaires-du-comte-de-Lamar\" style=\"float:left; margin:0 15px 15px 0;\" decoding=\"async\"><\/p>\n<p><img decoding=\"async\" src=\"https:\/\/www.infodictat.fr\/blog\/wp-content\/uploads\/2024\/06\/Actualites-francaises-Le-tribunal-des-commissaires-du-comte-de-Lamar.jpg\"><br \/>Les commissaires du comt\u00e9 de Lamar ont remis un prix de service distingu\u00e9 de la Commission historique du Texas \u00e0 la Commission historique du comt\u00e9 de Lamar lors d&rsquo;une r\u00e9union de lundi et ont commenc\u00e9 une semaine remplie d&rsquo;audiences budg\u00e9taires en pr\u00e9paration pour l&rsquo;exercice 2024-2025 en octobre.<\/p>\n<p>Publications sur le m\u00eame sujet:<\/p>\n<p>Initiatives \u00e9co-citoyennes\/Bolivia Inti.,<a href=\"https:\/\/fr.wikibooks.org\/wiki\/Initiatives_%C3%A9co-citoyennes\/Bolivia_Inti\" target=\"_blank\" rel=\"noopener noreferrer nofollow\">Ici la fiche descriptive<\/a><span><\/span>. Ouvrage de r\u00e9f\u00e9rence.<\/p>\n<p>La France d\u2019hier.,<a href=\"https:\/\/www.kobo.com\/fr\/fr\/ebook\/la-france-d-hier\" target=\"_blank\" rel=\"noopener noreferrer nofollow\">A lire. <\/a><span><\/span>. Disponible sur internet.<\/p>\n<p>Photographie\/Soci\u00e9t\u00e9s et organisations\/Groupement national de la Photographie professionnelle.,<a href=\"https:\/\/fr.wikibooks.org\/wiki\/Photographie\/Soci%C3%A9t%C3%A9s_et_organisations\/Groupement_national_de_la_Photographie_professionnelle\" target=\"_blank\" rel=\"noopener noreferrer nofollow\">(la couverture) <\/a><span><\/span>.<\/p>\n<\/div>\n<p><img decoding=\"async\" class=\"wpe_imgrss\" src=\"https:\/\/www.infodictat.fr\/blog\/wp-content\/uploads\/2024\/06\/Actualites-francaises-Le-tribunal-des-commissaires-du-comte-de-Lamar.jpg\">Vous pouvez lire ce post traitant le sujet \u00ab\u00a0La dictature num\u00e9rique\u00a0\u00bb. Il est produit par la r\u00e9daction de infodictat.fr. Le site infodictat.fr a pour objectif de publier plusieurs articles autour du sujet La dictature num\u00e9rique d\u00e9velopp\u00e9es sur le web. Cette chronique se veut g\u00e9n\u00e9r\u00e9e de la fa\u00e7on la plus juste qui soit. Pour \u00e9mettre des remarques sur ce dossier autour du sujet \u00ab\u00a0La dictature num\u00e9rique\u00a0\u00bb prenez les contacts indiqu\u00e9s sur notre site internet. En consultant r\u00e9guli\u00e8rement nos contenus de blog vous serez au courant des futures parutions.<\/p>\n","protected":false},"excerpt":{"rendered":"<p>Les commissaires du comt\u00e9 de Lamar ont remis un prix de service distingu\u00e9 de la Commission historique du Texas \u00e0 la Commission historique du comt\u00e9 de Lamar lors d&rsquo;une r\u00e9union de lundi et ont commenc\u00e9 une semaine remplie d&rsquo;audiences budg\u00e9taires en pr\u00e9paration pour l&rsquo;exercice 2024-2025 en octobre. Publications sur le m\u00eame sujet: Initiatives \u00e9co-citoyennes\/Bolivia Inti.,Ici &#8230; <a title=\"Actualit\u00e9s fran\u00e7aises: Le tribunal des commissaires du comt\u00e9 de Lamar reconna\u00eet la commission historique du comt\u00e9\" class=\"read-more\" href=\"https:\/\/www.infodictat.fr\/blog\/actualites-francaises-le-tribunal-des-commissaires-du-comte-de-lamar-reconnait-la-commission-historique-du-comte\/\" aria-label=\"En savoir plus sur Actualit\u00e9s fran\u00e7aises: Le tribunal des commissaires du comt\u00e9 de Lamar reconna\u00eet la commission historique du comt\u00e9\">Lire la suite<\/a><\/p>\n","protected":false},"author":2,"featured_media":592,"comment_status":"closed","ping_status":"closed","sticky":false,"template":"","format":"standard","meta":{"footnotes":""},"categories":[2],"tags":[],"class_list":["post-591","post","type-post","status-publish","format-standard","has-post-thumbnail","hentry","category-la-dictature-numerique"],"yoast_head":"<!-- This site is optimized with the Yoast SEO plugin v27.5 - https:\/\/yoast.com\/product\/yoast-seo-wordpress\/ -->\n<title>Actualit\u00e9s fran\u00e7aises: Le tribunal des commissaires du comt\u00e9 de Lamar reconna\u00eet la commission historique du comt\u00e9 - INFODICTAT<\/title>\n<meta name=\"robots\" content=\"index, follow, max-snippet:-1, max-image-preview:large, max-video-preview:-1\" \/>\n<link rel=\"canonical\" href=\"https:\/\/www.infodictat.fr\/blog\/actualites-francaises-le-tribunal-des-commissaires-du-comte-de-lamar-reconnait-la-commission-historique-du-comte\/\" \/>\n<meta property=\"og:locale\" content=\"fr_FR\" \/>\n<meta property=\"og:type\" content=\"article\" \/>\n<meta property=\"og:title\" content=\"Actualit\u00e9s fran\u00e7aises: Le tribunal des commissaires du comt\u00e9 de Lamar reconna\u00eet la commission historique du comt\u00e9 - INFODICTAT\" \/>\n<meta property=\"og:description\" content=\"Les commissaires du comt\u00e9 de Lamar ont remis un prix de service distingu\u00e9 de la Commission historique du Texas \u00e0 la Commission historique du comt\u00e9 de Lamar lors d&rsquo;une r\u00e9union de lundi et ont commenc\u00e9 une semaine remplie d&rsquo;audiences budg\u00e9taires en pr\u00e9paration pour l&rsquo;exercice 2024-2025 en octobre. Publications sur le m\u00eame sujet: Initiatives \u00e9co-citoyennes\/Bolivia Inti.,Ici ... Lire la suite\" \/>\n<meta property=\"og:url\" content=\"https:\/\/www.infodictat.fr\/blog\/actualites-francaises-le-tribunal-des-commissaires-du-comte-de-lamar-reconnait-la-commission-historique-du-comte\/\" \/>\n<meta property=\"og:site_name\" content=\"INFODICTAT\" \/>\n<meta property=\"article:published_time\" content=\"2024-06-12T13:10:47+00:00\" \/>\n<meta property=\"og:image\" content=\"https:\/\/www.infodictat.fr\/blog\/wp-content\/uploads\/2024\/06\/Actualites-francaises-Le-tribunal-des-commissaires-du-comte-de-Lamar.jpg\" \/>\n<meta name=\"author\" content=\"Oscar BETHMONT\" \/>\n<meta name=\"twitter:card\" content=\"summary_large_image\" \/>\n<meta name=\"twitter:label1\" content=\"\u00c9crit par\" \/>\n\t<meta name=\"twitter:data1\" content=\"Oscar BETHMONT\" \/>\n\t<meta name=\"twitter:label2\" content=\"Dur\u00e9e de lecture estim\u00e9e\" \/>\n\t<meta name=\"twitter:data2\" content=\"1 minute\" \/>\n<script type=\"application\/ld+json\" class=\"yoast-schema-graph\">{\"@context\":\"https:\\\/\\\/schema.org\",\"@graph\":[{\"@type\":\"Article\",\"@id\":\"https:\\\/\\\/www.infodictat.fr\\\/blog\\\/actualites-francaises-le-tribunal-des-commissaires-du-comte-de-lamar-reconnait-la-commission-historique-du-comte\\\/#article\",\"isPartOf\":{\"@id\":\"https:\\\/\\\/www.infodictat.fr\\\/blog\\\/actualites-francaises-le-tribunal-des-commissaires-du-comte-de-lamar-reconnait-la-commission-historique-du-comte\\\/\"},\"author\":{\"name\":\"Oscar BETHMONT\",\"@id\":\"https:\\\/\\\/www.infodictat.fr\\\/blog\\\/#\\\/schema\\\/person\\\/6c2c8af0941702348e8eca9144cc1267\"},\"headline\":\"Actualit\u00e9s fran\u00e7aises: Le tribunal des commissaires du comt\u00e9 de Lamar reconna\u00eet la commission historique du comt\u00e9\",\"datePublished\":\"2024-06-12T13:10:47+00:00\",\"mainEntityOfPage\":{\"@id\":\"https:\\\/\\\/www.infodictat.fr\\\/blog\\\/actualites-francaises-le-tribunal-des-commissaires-du-comte-de-lamar-reconnait-la-commission-historique-du-comte\\\/\"},\"wordCount\":212,\"publisher\":{\"@id\":\"https:\\\/\\\/www.infodictat.fr\\\/blog\\\/#organization\"},\"image\":{\"@id\":\"https:\\\/\\\/www.infodictat.fr\\\/blog\\\/actualites-francaises-le-tribunal-des-commissaires-du-comte-de-lamar-reconnait-la-commission-historique-du-comte\\\/#primaryimage\"},\"thumbnailUrl\":\"https:\\\/\\\/www.infodictat.fr\\\/blog\\\/wp-content\\\/uploads\\\/2024\\\/06\\\/Actualites-francaises-Le-tribunal-des-commissaires-du-comte-de-Lamar.jpg\",\"articleSection\":[\"La Dictature Num\u00e9rique:\"],\"inLanguage\":\"fr-FR\"},{\"@type\":\"WebPage\",\"@id\":\"https:\\\/\\\/www.infodictat.fr\\\/blog\\\/actualites-francaises-le-tribunal-des-commissaires-du-comte-de-lamar-reconnait-la-commission-historique-du-comte\\\/\",\"url\":\"https:\\\/\\\/www.infodictat.fr\\\/blog\\\/actualites-francaises-le-tribunal-des-commissaires-du-comte-de-lamar-reconnait-la-commission-historique-du-comte\\\/\",\"name\":\"Actualit\u00e9s fran\u00e7aises: Le tribunal des commissaires du comt\u00e9 de Lamar reconna\u00eet la commission historique du comt\u00e9 - INFODICTAT\",\"isPartOf\":{\"@id\":\"https:\\\/\\\/www.infodictat.fr\\\/blog\\\/#website\"},\"primaryImageOfPage\":{\"@id\":\"https:\\\/\\\/www.infodictat.fr\\\/blog\\\/actualites-francaises-le-tribunal-des-commissaires-du-comte-de-lamar-reconnait-la-commission-historique-du-comte\\\/#primaryimage\"},\"image\":{\"@id\":\"https:\\\/\\\/www.infodictat.fr\\\/blog\\\/actualites-francaises-le-tribunal-des-commissaires-du-comte-de-lamar-reconnait-la-commission-historique-du-comte\\\/#primaryimage\"},\"thumbnailUrl\":\"https:\\\/\\\/www.infodictat.fr\\\/blog\\\/wp-content\\\/uploads\\\/2024\\\/06\\\/Actualites-francaises-Le-tribunal-des-commissaires-du-comte-de-Lamar.jpg\",\"datePublished\":\"2024-06-12T13:10:47+00:00\",\"breadcrumb\":{\"@id\":\"https:\\\/\\\/www.infodictat.fr\\\/blog\\\/actualites-francaises-le-tribunal-des-commissaires-du-comte-de-lamar-reconnait-la-commission-historique-du-comte\\\/#breadcrumb\"},\"inLanguage\":\"fr-FR\",\"potentialAction\":[{\"@type\":\"ReadAction\",\"target\":[\"https:\\\/\\\/www.infodictat.fr\\\/blog\\\/actualites-francaises-le-tribunal-des-commissaires-du-comte-de-lamar-reconnait-la-commission-historique-du-comte\\\/\"]}]},{\"@type\":\"ImageObject\",\"inLanguage\":\"fr-FR\",\"@id\":\"https:\\\/\\\/www.infodictat.fr\\\/blog\\\/actualites-francaises-le-tribunal-des-commissaires-du-comte-de-lamar-reconnait-la-commission-historique-du-comte\\\/#primaryimage\",\"url\":\"https:\\\/\\\/www.infodictat.fr\\\/blog\\\/wp-content\\\/uploads\\\/2024\\\/06\\\/Actualites-francaises-Le-tribunal-des-commissaires-du-comte-de-Lamar.jpg\",\"contentUrl\":\"https:\\\/\\\/www.infodictat.fr\\\/blog\\\/wp-content\\\/uploads\\\/2024\\\/06\\\/Actualites-francaises-Le-tribunal-des-commissaires-du-comte-de-Lamar.jpg\",\"width\":300,\"height\":152},{\"@type\":\"BreadcrumbList\",\"@id\":\"https:\\\/\\\/www.infodictat.fr\\\/blog\\\/actualites-francaises-le-tribunal-des-commissaires-du-comte-de-lamar-reconnait-la-commission-historique-du-comte\\\/#breadcrumb\",\"itemListElement\":[{\"@type\":\"ListItem\",\"position\":1,\"name\":\"Accueil\",\"item\":\"https:\\\/\\\/www.infodictat.fr\\\/blog\\\/\"},{\"@type\":\"ListItem\",\"position\":2,\"name\":\"Actualit\u00e9s fran\u00e7aises: Le tribunal des commissaires du comt\u00e9 de Lamar reconna\u00eet la commission historique du comt\u00e9\"}]},{\"@type\":\"WebSite\",\"@id\":\"https:\\\/\\\/www.infodictat.fr\\\/blog\\\/#website\",\"url\":\"https:\\\/\\\/www.infodictat.fr\\\/blog\\\/\",\"name\":\"INFODICTAT\",\"description\":\"La dictature num\u00e9rique.\",\"publisher\":{\"@id\":\"https:\\\/\\\/www.infodictat.fr\\\/blog\\\/#organization\"},\"potentialAction\":[{\"@type\":\"SearchAction\",\"target\":{\"@type\":\"EntryPoint\",\"urlTemplate\":\"https:\\\/\\\/www.infodictat.fr\\\/blog\\\/?s={search_term_string}\"},\"query-input\":{\"@type\":\"PropertyValueSpecification\",\"valueRequired\":true,\"valueName\":\"search_term_string\"}}],\"inLanguage\":\"fr-FR\"},{\"@type\":\"Organization\",\"@id\":\"https:\\\/\\\/www.infodictat.fr\\\/blog\\\/#organization\",\"name\":\"infodictat\",\"url\":\"https:\\\/\\\/www.infodictat.fr\\\/blog\\\/\",\"logo\":{\"@type\":\"ImageObject\",\"inLanguage\":\"fr-FR\",\"@id\":\"https:\\\/\\\/www.infodictat.fr\\\/blog\\\/#\\\/schema\\\/logo\\\/image\\\/\",\"url\":\"https:\\\/\\\/www.infodictat.fr\\\/blog\\\/wp-content\\\/uploads\\\/2023\\\/05\\\/logo-2.png\",\"contentUrl\":\"https:\\\/\\\/www.infodictat.fr\\\/blog\\\/wp-content\\\/uploads\\\/2023\\\/05\\\/logo-2.png\",\"width\":480,\"height\":596,\"caption\":\"infodictat\"},\"image\":{\"@id\":\"https:\\\/\\\/www.infodictat.fr\\\/blog\\\/#\\\/schema\\\/logo\\\/image\\\/\"}},{\"@type\":\"Person\",\"@id\":\"https:\\\/\\\/www.infodictat.fr\\\/blog\\\/#\\\/schema\\\/person\\\/6c2c8af0941702348e8eca9144cc1267\",\"name\":\"Oscar BETHMONT\",\"image\":{\"@type\":\"ImageObject\",\"inLanguage\":\"fr-FR\",\"@id\":\"https:\\\/\\\/secure.gravatar.com\\\/avatar\\\/f80ff32d67d40b919e8be190b7325be3c6cb33ce305ac1d45cadad29128e831e?s=96&d=mm&r=g\",\"url\":\"https:\\\/\\\/secure.gravatar.com\\\/avatar\\\/f80ff32d67d40b919e8be190b7325be3c6cb33ce305ac1d45cadad29128e831e?s=96&d=mm&r=g\",\"contentUrl\":\"https:\\\/\\\/secure.gravatar.com\\\/avatar\\\/f80ff32d67d40b919e8be190b7325be3c6cb33ce305ac1d45cadad29128e831e?s=96&d=mm&r=g\",\"caption\":\"Oscar BETHMONT\"},\"url\":\"https:\\\/\\\/www.infodictat.fr\\\/blog\\\/author\\\/tatoscar\\\/\"}]}<\/script>\n<!-- \/ Yoast SEO plugin. -->","yoast_head_json":{"title":"Actualit\u00e9s fran\u00e7aises: Le tribunal des commissaires du comt\u00e9 de Lamar reconna\u00eet la commission historique du comt\u00e9 - INFODICTAT","robots":{"index":"index","follow":"follow","max-snippet":"max-snippet:-1","max-image-preview":"max-image-preview:large","max-video-preview":"max-video-preview:-1"},"canonical":"https:\/\/www.infodictat.fr\/blog\/actualites-francaises-le-tribunal-des-commissaires-du-comte-de-lamar-reconnait-la-commission-historique-du-comte\/","og_locale":"fr_FR","og_type":"article","og_title":"Actualit\u00e9s fran\u00e7aises: Le tribunal des commissaires du comt\u00e9 de Lamar reconna\u00eet la commission historique du comt\u00e9 - INFODICTAT","og_description":"Les commissaires du comt\u00e9 de Lamar ont remis un prix de service distingu\u00e9 de la Commission historique du Texas \u00e0 la Commission historique du comt\u00e9 de Lamar lors d&rsquo;une r\u00e9union de lundi et ont commenc\u00e9 une semaine remplie d&rsquo;audiences budg\u00e9taires en pr\u00e9paration pour l&rsquo;exercice 2024-2025 en octobre. Publications sur le m\u00eame sujet: Initiatives \u00e9co-citoyennes\/Bolivia Inti.,Ici ... Lire la suite","og_url":"https:\/\/www.infodictat.fr\/blog\/actualites-francaises-le-tribunal-des-commissaires-du-comte-de-lamar-reconnait-la-commission-historique-du-comte\/","og_site_name":"INFODICTAT","article_published_time":"2024-06-12T13:10:47+00:00","og_image":[{"url":"https:\/\/www.infodictat.fr\/blog\/wp-content\/uploads\/2024\/06\/Actualites-francaises-Le-tribunal-des-commissaires-du-comte-de-Lamar.jpg","type":"","width":"","height":""}],"author":"Oscar BETHMONT","twitter_card":"summary_large_image","twitter_misc":{"\u00c9crit par":"Oscar BETHMONT","Dur\u00e9e de lecture estim\u00e9e":"1 minute"},"schema":{"@context":"https:\/\/schema.org","@graph":[{"@type":"Article","@id":"https:\/\/www.infodictat.fr\/blog\/actualites-francaises-le-tribunal-des-commissaires-du-comte-de-lamar-reconnait-la-commission-historique-du-comte\/#article","isPartOf":{"@id":"https:\/\/www.infodictat.fr\/blog\/actualites-francaises-le-tribunal-des-commissaires-du-comte-de-lamar-reconnait-la-commission-historique-du-comte\/"},"author":{"name":"Oscar BETHMONT","@id":"https:\/\/www.infodictat.fr\/blog\/#\/schema\/person\/6c2c8af0941702348e8eca9144cc1267"},"headline":"Actualit\u00e9s fran\u00e7aises: Le tribunal des commissaires du comt\u00e9 de Lamar reconna\u00eet la commission historique du comt\u00e9","datePublished":"2024-06-12T13:10:47+00:00","mainEntityOfPage":{"@id":"https:\/\/www.infodictat.fr\/blog\/actualites-francaises-le-tribunal-des-commissaires-du-comte-de-lamar-reconnait-la-commission-historique-du-comte\/"},"wordCount":212,"publisher":{"@id":"https:\/\/www.infodictat.fr\/blog\/#organization"},"image":{"@id":"https:\/\/www.infodictat.fr\/blog\/actualites-francaises-le-tribunal-des-commissaires-du-comte-de-lamar-reconnait-la-commission-historique-du-comte\/#primaryimage"},"thumbnailUrl":"https:\/\/www.infodictat.fr\/blog\/wp-content\/uploads\/2024\/06\/Actualites-francaises-Le-tribunal-des-commissaires-du-comte-de-Lamar.jpg","articleSection":["La Dictature Num\u00e9rique:"],"inLanguage":"fr-FR"},{"@type":"WebPage","@id":"https:\/\/www.infodictat.fr\/blog\/actualites-francaises-le-tribunal-des-commissaires-du-comte-de-lamar-reconnait-la-commission-historique-du-comte\/","url":"https:\/\/www.infodictat.fr\/blog\/actualites-francaises-le-tribunal-des-commissaires-du-comte-de-lamar-reconnait-la-commission-historique-du-comte\/","name":"Actualit\u00e9s fran\u00e7aises: Le tribunal des commissaires du comt\u00e9 de Lamar reconna\u00eet la commission historique du comt\u00e9 - INFODICTAT","isPartOf":{"@id":"https:\/\/www.infodictat.fr\/blog\/#website"},"primaryImageOfPage":{"@id":"https:\/\/www.infodictat.fr\/blog\/actualites-francaises-le-tribunal-des-commissaires-du-comte-de-lamar-reconnait-la-commission-historique-du-comte\/#primaryimage"},"image":{"@id":"https:\/\/www.infodictat.fr\/blog\/actualites-francaises-le-tribunal-des-commissaires-du-comte-de-lamar-reconnait-la-commission-historique-du-comte\/#primaryimage"},"thumbnailUrl":"https:\/\/www.infodictat.fr\/blog\/wp-content\/uploads\/2024\/06\/Actualites-francaises-Le-tribunal-des-commissaires-du-comte-de-Lamar.jpg","datePublished":"2024-06-12T13:10:47+00:00","breadcrumb":{"@id":"https:\/\/www.infodictat.fr\/blog\/actualites-francaises-le-tribunal-des-commissaires-du-comte-de-lamar-reconnait-la-commission-historique-du-comte\/#breadcrumb"},"inLanguage":"fr-FR","potentialAction":[{"@type":"ReadAction","target":["https:\/\/www.infodictat.fr\/blog\/actualites-francaises-le-tribunal-des-commissaires-du-comte-de-lamar-reconnait-la-commission-historique-du-comte\/"]}]},{"@type":"ImageObject","inLanguage":"fr-FR","@id":"https:\/\/www.infodictat.fr\/blog\/actualites-francaises-le-tribunal-des-commissaires-du-comte-de-lamar-reconnait-la-commission-historique-du-comte\/#primaryimage","url":"https:\/\/www.infodictat.fr\/blog\/wp-content\/uploads\/2024\/06\/Actualites-francaises-Le-tribunal-des-commissaires-du-comte-de-Lamar.jpg","contentUrl":"https:\/\/www.infodictat.fr\/blog\/wp-content\/uploads\/2024\/06\/Actualites-francaises-Le-tribunal-des-commissaires-du-comte-de-Lamar.jpg","width":300,"height":152},{"@type":"BreadcrumbList","@id":"https:\/\/www.infodictat.fr\/blog\/actualites-francaises-le-tribunal-des-commissaires-du-comte-de-lamar-reconnait-la-commission-historique-du-comte\/#breadcrumb","itemListElement":[{"@type":"ListItem","position":1,"name":"Accueil","item":"https:\/\/www.infodictat.fr\/blog\/"},{"@type":"ListItem","position":2,"name":"Actualit\u00e9s fran\u00e7aises: Le tribunal des commissaires du comt\u00e9 de Lamar reconna\u00eet la commission historique du comt\u00e9"}]},{"@type":"WebSite","@id":"https:\/\/www.infodictat.fr\/blog\/#website","url":"https:\/\/www.infodictat.fr\/blog\/","name":"INFODICTAT","description":"La dictature num\u00e9rique.","publisher":{"@id":"https:\/\/www.infodictat.fr\/blog\/#organization"},"potentialAction":[{"@type":"SearchAction","target":{"@type":"EntryPoint","urlTemplate":"https:\/\/www.infodictat.fr\/blog\/?s={search_term_string}"},"query-input":{"@type":"PropertyValueSpecification","valueRequired":true,"valueName":"search_term_string"}}],"inLanguage":"fr-FR"},{"@type":"Organization","@id":"https:\/\/www.infodictat.fr\/blog\/#organization","name":"infodictat","url":"https:\/\/www.infodictat.fr\/blog\/","logo":{"@type":"ImageObject","inLanguage":"fr-FR","@id":"https:\/\/www.infodictat.fr\/blog\/#\/schema\/logo\/image\/","url":"https:\/\/www.infodictat.fr\/blog\/wp-content\/uploads\/2023\/05\/logo-2.png","contentUrl":"https:\/\/www.infodictat.fr\/blog\/wp-content\/uploads\/2023\/05\/logo-2.png","width":480,"height":596,"caption":"infodictat"},"image":{"@id":"https:\/\/www.infodictat.fr\/blog\/#\/schema\/logo\/image\/"}},{"@type":"Person","@id":"https:\/\/www.infodictat.fr\/blog\/#\/schema\/person\/6c2c8af0941702348e8eca9144cc1267","name":"Oscar BETHMONT","image":{"@type":"ImageObject","inLanguage":"fr-FR","@id":"https:\/\/secure.gravatar.com\/avatar\/f80ff32d67d40b919e8be190b7325be3c6cb33ce305ac1d45cadad29128e831e?s=96&d=mm&r=g","url":"https:\/\/secure.gravatar.com\/avatar\/f80ff32d67d40b919e8be190b7325be3c6cb33ce305ac1d45cadad29128e831e?s=96&d=mm&r=g","contentUrl":"https:\/\/secure.gravatar.com\/avatar\/f80ff32d67d40b919e8be190b7325be3c6cb33ce305ac1d45cadad29128e831e?s=96&d=mm&r=g","caption":"Oscar BETHMONT"},"url":"https:\/\/www.infodictat.fr\/blog\/author\/tatoscar\/"}]}},"_links":{"self":[{"href":"https:\/\/www.infodictat.fr\/blog\/wp-json\/wp\/v2\/posts\/591","targetHints":{"allow":["GET"]}}],"collection":[{"href":"https:\/\/www.infodictat.fr\/blog\/wp-json\/wp\/v2\/posts"}],"about":[{"href":"https:\/\/www.infodictat.fr\/blog\/wp-json\/wp\/v2\/types\/post"}],"author":[{"embeddable":true,"href":"https:\/\/www.infodictat.fr\/blog\/wp-json\/wp\/v2\/users\/2"}],"replies":[{"embeddable":true,"href":"https:\/\/www.infodictat.fr\/blog\/wp-json\/wp\/v2\/comments?post=591"}],"version-history":[{"count":0,"href":"https:\/\/www.infodictat.fr\/blog\/wp-json\/wp\/v2\/posts\/591\/revisions"}],"wp:featuredmedia":[{"embeddable":true,"href":"https:\/\/www.infodictat.fr\/blog\/wp-json\/wp\/v2\/media\/592"}],"wp:attachment":[{"href":"https:\/\/www.infodictat.fr\/blog\/wp-json\/wp\/v2\/media?parent=591"}],"wp:term":[{"taxonomy":"category","embeddable":true,"href":"https:\/\/www.infodictat.fr\/blog\/wp-json\/wp\/v2\/categories?post=591"},{"taxonomy":"post_tag","embeddable":true,"href":"https:\/\/www.infodictat.fr\/blog\/wp-json\/wp\/v2\/tags?post=591"}],"curies":[{"name":"wp","href":"https:\/\/api.w.org\/{rel}","templated":true}]}}