{"id":458,"date":"2024-05-29T13:25:06","date_gmt":"2024-05-29T11:25:06","guid":{"rendered":"https:\/\/www.infodictat.fr\/blog\/nicolas-bouzou-pourquoi-en-tant-que-liberal-je-suis-oppose-a-la-loi-sur-laide-a-mourir\/"},"modified":"2024-05-29T13:25:06","modified_gmt":"2024-05-29T11:25:06","slug":"nicolas-bouzou-pourquoi-en-tant-que-liberal-je-suis-oppose-a-la-loi-sur-laide-a-mourir","status":"publish","type":"post","link":"https:\/\/www.infodictat.fr\/blog\/nicolas-bouzou-pourquoi-en-tant-que-liberal-je-suis-oppose-a-la-loi-sur-laide-a-mourir\/","title":{"rendered":"Nicolas Bouzou: \u00abPourquoi, en tant que lib\u00e9ral, je suis oppos\u00e9 \u00e0 la loi sur l\u2019\u201caide \u00e0 mourir\u201d"},"content":{"rendered":"<div>TRIBUNE &#8211; Le projet de loi amend\u00e9 par la commission sp\u00e9ciale n\u2019a rien de lib\u00e9ral, argue l\u2019essayiste, qui critique l\u2019\u00ababsolutisme utilitariste\u00bb de ceux qui veulent ouvrir le plus largement possible le &#8230;<\/div>\n<p><!-- no image --><a href=\"https:\/\/www.lefigaro.fr\/vox\/societe\/nicolas-bouzou-pourquoi-en-tant-que-liberal-je-suis-oppose-a-la-loi-sur-l-aide-a-mourir-20240529\" target=\"_blank\" rel=\"nofollow\">Aller \u00e0 la source<\/a><br \/>infodictat.fr est une plateforme d&rsquo;information qui compile de nombreuses infos publi\u00e9es sur internet dont le th\u00e8me principal est \u00ab\u00a0La dictature num\u00e9rique\u00a0\u00bb. La plateforme infodictat.fr vous conseille de lire cet article autour du sujet \u00ab\u00a0La dictature num\u00e9rique\u00a0\u00bb. La chronique est produite du mieux possible. Pour \u00e9mettre des observations sur ce sujet concernant le sujet \u00ab\u00a0La dictature num\u00e9rique\u00a0\u00bb veuillez utiliser les coordonn\u00e9es indiqu\u00e9es sur notre site internet. En visitant r\u00e9guli\u00e8rement nos contenus de blog vous serez inform\u00e9 des prochaines annonces.<\/p>\n","protected":false},"excerpt":{"rendered":"<p>TRIBUNE &#8211; Le projet de loi amend\u00e9 par la commission sp\u00e9ciale n\u2019a rien de lib\u00e9ral, argue l\u2019essayiste, qui critique l\u2019\u00ababsolutisme utilitariste\u00bb de ceux qui veulent ouvrir le plus largement possible le &#8230; Aller \u00e0 la sourceinfodictat.fr est une plateforme d&rsquo;information qui compile de nombreuses infos publi\u00e9es sur internet dont le th\u00e8me principal est \u00ab\u00a0La dictature &#8230; <a title=\"Nicolas Bouzou: \u00abPourquoi, en tant que lib\u00e9ral, je suis oppos\u00e9 \u00e0 la loi sur l\u2019\u201caide \u00e0 mourir\u201d\" class=\"read-more\" href=\"https:\/\/www.infodictat.fr\/blog\/nicolas-bouzou-pourquoi-en-tant-que-liberal-je-suis-oppose-a-la-loi-sur-laide-a-mourir\/\" aria-label=\"En savoir plus sur Nicolas Bouzou: \u00abPourquoi, en tant que lib\u00e9ral, je suis oppos\u00e9 \u00e0 la loi sur l\u2019\u201caide \u00e0 mourir\u201d\">Lire la suite<\/a><\/p>\n","protected":false},"author":2,"featured_media":474,"comment_status":"closed","ping_status":"closed","sticky":false,"template":"","format":"standard","meta":{"footnotes":""},"categories":[4],"tags":[],"class_list":["post-458","post","type-post","status-publish","format-standard","has-post-thumbnail","hentry","category-publication-la-dictature-numerique"],"yoast_head":"<!-- This site is optimized with the Yoast SEO plugin v27.5 - https:\/\/yoast.com\/product\/yoast-seo-wordpress\/ -->\n<title>Nicolas Bouzou: \u00abPourquoi, en tant que lib\u00e9ral, je suis oppos\u00e9 \u00e0 la loi sur l\u2019\u201caide \u00e0 mourir\u201d - INFODICTAT<\/title>\n<meta name=\"robots\" content=\"index, follow, max-snippet:-1, max-image-preview:large, max-video-preview:-1\" \/>\n<link rel=\"canonical\" href=\"https:\/\/www.infodictat.fr\/blog\/nicolas-bouzou-pourquoi-en-tant-que-liberal-je-suis-oppose-a-la-loi-sur-laide-a-mourir\/\" \/>\n<meta property=\"og:locale\" content=\"fr_FR\" \/>\n<meta property=\"og:type\" content=\"article\" \/>\n<meta property=\"og:title\" content=\"Nicolas Bouzou: \u00abPourquoi, en tant que lib\u00e9ral, je suis oppos\u00e9 \u00e0 la loi sur l\u2019\u201caide \u00e0 mourir\u201d - INFODICTAT\" \/>\n<meta property=\"og:description\" content=\"TRIBUNE &#8211; Le projet de loi amend\u00e9 par la commission sp\u00e9ciale n\u2019a rien de lib\u00e9ral, argue l\u2019essayiste, qui critique l\u2019\u00ababsolutisme utilitariste\u00bb de ceux qui veulent ouvrir le plus largement possible le &#8230; Aller \u00e0 la sourceinfodictat.fr est une plateforme d&rsquo;information qui compile de nombreuses infos publi\u00e9es sur internet dont le th\u00e8me principal est \u00ab\u00a0La dictature ... Lire la suite\" \/>\n<meta property=\"og:url\" content=\"https:\/\/www.infodictat.fr\/blog\/nicolas-bouzou-pourquoi-en-tant-que-liberal-je-suis-oppose-a-la-loi-sur-laide-a-mourir\/\" \/>\n<meta property=\"og:site_name\" content=\"INFODICTAT\" \/>\n<meta property=\"article:published_time\" content=\"2024-05-29T11:25:06+00:00\" \/>\n<meta name=\"author\" content=\"Oscar BETHMONT\" \/>\n<meta name=\"twitter:card\" content=\"summary_large_image\" \/>\n<meta name=\"twitter:label1\" content=\"\u00c9crit par\" \/>\n\t<meta name=\"twitter:data1\" content=\"Oscar BETHMONT\" \/>\n\t<meta name=\"twitter:label2\" content=\"Dur\u00e9e de lecture estim\u00e9e\" \/>\n\t<meta name=\"twitter:data2\" content=\"1 minute\" \/>\n<script type=\"application\/ld+json\" class=\"yoast-schema-graph\">{\"@context\":\"https:\\\/\\\/schema.org\",\"@graph\":[{\"@type\":\"Article\",\"@id\":\"https:\\\/\\\/www.infodictat.fr\\\/blog\\\/nicolas-bouzou-pourquoi-en-tant-que-liberal-je-suis-oppose-a-la-loi-sur-laide-a-mourir\\\/#article\",\"isPartOf\":{\"@id\":\"https:\\\/\\\/www.infodictat.fr\\\/blog\\\/nicolas-bouzou-pourquoi-en-tant-que-liberal-je-suis-oppose-a-la-loi-sur-laide-a-mourir\\\/\"},\"author\":{\"name\":\"Oscar BETHMONT\",\"@id\":\"https:\\\/\\\/www.infodictat.fr\\\/blog\\\/#\\\/schema\\\/person\\\/6c2c8af0941702348e8eca9144cc1267\"},\"headline\":\"Nicolas Bouzou: \u00abPourquoi, en tant que lib\u00e9ral, je suis oppos\u00e9 \u00e0 la loi sur l\u2019\u201caide \u00e0 mourir\u201d\",\"datePublished\":\"2024-05-29T11:25:06+00:00\",\"mainEntityOfPage\":{\"@id\":\"https:\\\/\\\/www.infodictat.fr\\\/blog\\\/nicolas-bouzou-pourquoi-en-tant-que-liberal-je-suis-oppose-a-la-loi-sur-laide-a-mourir\\\/\"},\"wordCount\":145,\"publisher\":{\"@id\":\"https:\\\/\\\/www.infodictat.fr\\\/blog\\\/#organization\"},\"image\":{\"@id\":\"https:\\\/\\\/www.infodictat.fr\\\/blog\\\/nicolas-bouzou-pourquoi-en-tant-que-liberal-je-suis-oppose-a-la-loi-sur-laide-a-mourir\\\/#primaryimage\"},\"thumbnailUrl\":\"https:\\\/\\\/www.infodictat.fr\\\/blog\\\/wp-content\\\/uploads\\\/2024\\\/06\\\/nicolas-bouzou-pourquoi-en-tant-que-liberal-je-suis-oppose-a-la-loi-sur-laide-a-mourir.jpg\",\"articleSection\":[\"Publication La Dictature Num\u00e9rique:\"],\"inLanguage\":\"fr-FR\"},{\"@type\":\"WebPage\",\"@id\":\"https:\\\/\\\/www.infodictat.fr\\\/blog\\\/nicolas-bouzou-pourquoi-en-tant-que-liberal-je-suis-oppose-a-la-loi-sur-laide-a-mourir\\\/\",\"url\":\"https:\\\/\\\/www.infodictat.fr\\\/blog\\\/nicolas-bouzou-pourquoi-en-tant-que-liberal-je-suis-oppose-a-la-loi-sur-laide-a-mourir\\\/\",\"name\":\"Nicolas Bouzou: \u00abPourquoi, en tant que lib\u00e9ral, je suis oppos\u00e9 \u00e0 la loi sur l\u2019\u201caide \u00e0 mourir\u201d - INFODICTAT\",\"isPartOf\":{\"@id\":\"https:\\\/\\\/www.infodictat.fr\\\/blog\\\/#website\"},\"primaryImageOfPage\":{\"@id\":\"https:\\\/\\\/www.infodictat.fr\\\/blog\\\/nicolas-bouzou-pourquoi-en-tant-que-liberal-je-suis-oppose-a-la-loi-sur-laide-a-mourir\\\/#primaryimage\"},\"image\":{\"@id\":\"https:\\\/\\\/www.infodictat.fr\\\/blog\\\/nicolas-bouzou-pourquoi-en-tant-que-liberal-je-suis-oppose-a-la-loi-sur-laide-a-mourir\\\/#primaryimage\"},\"thumbnailUrl\":\"https:\\\/\\\/www.infodictat.fr\\\/blog\\\/wp-content\\\/uploads\\\/2024\\\/06\\\/nicolas-bouzou-pourquoi-en-tant-que-liberal-je-suis-oppose-a-la-loi-sur-laide-a-mourir.jpg\",\"datePublished\":\"2024-05-29T11:25:06+00:00\",\"breadcrumb\":{\"@id\":\"https:\\\/\\\/www.infodictat.fr\\\/blog\\\/nicolas-bouzou-pourquoi-en-tant-que-liberal-je-suis-oppose-a-la-loi-sur-laide-a-mourir\\\/#breadcrumb\"},\"inLanguage\":\"fr-FR\",\"potentialAction\":[{\"@type\":\"ReadAction\",\"target\":[\"https:\\\/\\\/www.infodictat.fr\\\/blog\\\/nicolas-bouzou-pourquoi-en-tant-que-liberal-je-suis-oppose-a-la-loi-sur-laide-a-mourir\\\/\"]}]},{\"@type\":\"ImageObject\",\"inLanguage\":\"fr-FR\",\"@id\":\"https:\\\/\\\/www.infodictat.fr\\\/blog\\\/nicolas-bouzou-pourquoi-en-tant-que-liberal-je-suis-oppose-a-la-loi-sur-laide-a-mourir\\\/#primaryimage\",\"url\":\"https:\\\/\\\/www.infodictat.fr\\\/blog\\\/wp-content\\\/uploads\\\/2024\\\/06\\\/nicolas-bouzou-pourquoi-en-tant-que-liberal-je-suis-oppose-a-la-loi-sur-laide-a-mourir.jpg\",\"contentUrl\":\"https:\\\/\\\/www.infodictat.fr\\\/blog\\\/wp-content\\\/uploads\\\/2024\\\/06\\\/nicolas-bouzou-pourquoi-en-tant-que-liberal-je-suis-oppose-a-la-loi-sur-laide-a-mourir.jpg\",\"width\":1864,\"height\":1048},{\"@type\":\"BreadcrumbList\",\"@id\":\"https:\\\/\\\/www.infodictat.fr\\\/blog\\\/nicolas-bouzou-pourquoi-en-tant-que-liberal-je-suis-oppose-a-la-loi-sur-laide-a-mourir\\\/#breadcrumb\",\"itemListElement\":[{\"@type\":\"ListItem\",\"position\":1,\"name\":\"Accueil\",\"item\":\"https:\\\/\\\/www.infodictat.fr\\\/blog\\\/\"},{\"@type\":\"ListItem\",\"position\":2,\"name\":\"Nicolas Bouzou: \u00abPourquoi, en tant que lib\u00e9ral, je suis oppos\u00e9 \u00e0 la loi sur l\u2019\u201caide \u00e0 mourir\u201d\"}]},{\"@type\":\"WebSite\",\"@id\":\"https:\\\/\\\/www.infodictat.fr\\\/blog\\\/#website\",\"url\":\"https:\\\/\\\/www.infodictat.fr\\\/blog\\\/\",\"name\":\"INFODICTAT\",\"description\":\"La dictature num\u00e9rique.\",\"publisher\":{\"@id\":\"https:\\\/\\\/www.infodictat.fr\\\/blog\\\/#organization\"},\"potentialAction\":[{\"@type\":\"SearchAction\",\"target\":{\"@type\":\"EntryPoint\",\"urlTemplate\":\"https:\\\/\\\/www.infodictat.fr\\\/blog\\\/?s={search_term_string}\"},\"query-input\":{\"@type\":\"PropertyValueSpecification\",\"valueRequired\":true,\"valueName\":\"search_term_string\"}}],\"inLanguage\":\"fr-FR\"},{\"@type\":\"Organization\",\"@id\":\"https:\\\/\\\/www.infodictat.fr\\\/blog\\\/#organization\",\"name\":\"infodictat\",\"url\":\"https:\\\/\\\/www.infodictat.fr\\\/blog\\\/\",\"logo\":{\"@type\":\"ImageObject\",\"inLanguage\":\"fr-FR\",\"@id\":\"https:\\\/\\\/www.infodictat.fr\\\/blog\\\/#\\\/schema\\\/logo\\\/image\\\/\",\"url\":\"https:\\\/\\\/www.infodictat.fr\\\/blog\\\/wp-content\\\/uploads\\\/2023\\\/05\\\/logo-2.png\",\"contentUrl\":\"https:\\\/\\\/www.infodictat.fr\\\/blog\\\/wp-content\\\/uploads\\\/2023\\\/05\\\/logo-2.png\",\"width\":480,\"height\":596,\"caption\":\"infodictat\"},\"image\":{\"@id\":\"https:\\\/\\\/www.infodictat.fr\\\/blog\\\/#\\\/schema\\\/logo\\\/image\\\/\"}},{\"@type\":\"Person\",\"@id\":\"https:\\\/\\\/www.infodictat.fr\\\/blog\\\/#\\\/schema\\\/person\\\/6c2c8af0941702348e8eca9144cc1267\",\"name\":\"Oscar BETHMONT\",\"image\":{\"@type\":\"ImageObject\",\"inLanguage\":\"fr-FR\",\"@id\":\"https:\\\/\\\/secure.gravatar.com\\\/avatar\\\/f80ff32d67d40b919e8be190b7325be3c6cb33ce305ac1d45cadad29128e831e?s=96&d=mm&r=g\",\"url\":\"https:\\\/\\\/secure.gravatar.com\\\/avatar\\\/f80ff32d67d40b919e8be190b7325be3c6cb33ce305ac1d45cadad29128e831e?s=96&d=mm&r=g\",\"contentUrl\":\"https:\\\/\\\/secure.gravatar.com\\\/avatar\\\/f80ff32d67d40b919e8be190b7325be3c6cb33ce305ac1d45cadad29128e831e?s=96&d=mm&r=g\",\"caption\":\"Oscar BETHMONT\"},\"url\":\"https:\\\/\\\/www.infodictat.fr\\\/blog\\\/author\\\/tatoscar\\\/\"}]}<\/script>\n<!-- \/ Yoast SEO plugin. -->","yoast_head_json":{"title":"Nicolas Bouzou: \u00abPourquoi, en tant que lib\u00e9ral, je suis oppos\u00e9 \u00e0 la loi sur l\u2019\u201caide \u00e0 mourir\u201d - INFODICTAT","robots":{"index":"index","follow":"follow","max-snippet":"max-snippet:-1","max-image-preview":"max-image-preview:large","max-video-preview":"max-video-preview:-1"},"canonical":"https:\/\/www.infodictat.fr\/blog\/nicolas-bouzou-pourquoi-en-tant-que-liberal-je-suis-oppose-a-la-loi-sur-laide-a-mourir\/","og_locale":"fr_FR","og_type":"article","og_title":"Nicolas Bouzou: \u00abPourquoi, en tant que lib\u00e9ral, je suis oppos\u00e9 \u00e0 la loi sur l\u2019\u201caide \u00e0 mourir\u201d - INFODICTAT","og_description":"TRIBUNE &#8211; Le projet de loi amend\u00e9 par la commission sp\u00e9ciale n\u2019a rien de lib\u00e9ral, argue l\u2019essayiste, qui critique l\u2019\u00ababsolutisme utilitariste\u00bb de ceux qui veulent ouvrir le plus largement possible le &#8230; Aller \u00e0 la sourceinfodictat.fr est une plateforme d&rsquo;information qui compile de nombreuses infos publi\u00e9es sur internet dont le th\u00e8me principal est \u00ab\u00a0La dictature ... Lire la suite","og_url":"https:\/\/www.infodictat.fr\/blog\/nicolas-bouzou-pourquoi-en-tant-que-liberal-je-suis-oppose-a-la-loi-sur-laide-a-mourir\/","og_site_name":"INFODICTAT","article_published_time":"2024-05-29T11:25:06+00:00","author":"Oscar BETHMONT","twitter_card":"summary_large_image","twitter_misc":{"\u00c9crit par":"Oscar BETHMONT","Dur\u00e9e de lecture estim\u00e9e":"1 minute"},"schema":{"@context":"https:\/\/schema.org","@graph":[{"@type":"Article","@id":"https:\/\/www.infodictat.fr\/blog\/nicolas-bouzou-pourquoi-en-tant-que-liberal-je-suis-oppose-a-la-loi-sur-laide-a-mourir\/#article","isPartOf":{"@id":"https:\/\/www.infodictat.fr\/blog\/nicolas-bouzou-pourquoi-en-tant-que-liberal-je-suis-oppose-a-la-loi-sur-laide-a-mourir\/"},"author":{"name":"Oscar BETHMONT","@id":"https:\/\/www.infodictat.fr\/blog\/#\/schema\/person\/6c2c8af0941702348e8eca9144cc1267"},"headline":"Nicolas Bouzou: \u00abPourquoi, en tant que lib\u00e9ral, je suis oppos\u00e9 \u00e0 la loi sur l\u2019\u201caide \u00e0 mourir\u201d","datePublished":"2024-05-29T11:25:06+00:00","mainEntityOfPage":{"@id":"https:\/\/www.infodictat.fr\/blog\/nicolas-bouzou-pourquoi-en-tant-que-liberal-je-suis-oppose-a-la-loi-sur-laide-a-mourir\/"},"wordCount":145,"publisher":{"@id":"https:\/\/www.infodictat.fr\/blog\/#organization"},"image":{"@id":"https:\/\/www.infodictat.fr\/blog\/nicolas-bouzou-pourquoi-en-tant-que-liberal-je-suis-oppose-a-la-loi-sur-laide-a-mourir\/#primaryimage"},"thumbnailUrl":"https:\/\/www.infodictat.fr\/blog\/wp-content\/uploads\/2024\/06\/nicolas-bouzou-pourquoi-en-tant-que-liberal-je-suis-oppose-a-la-loi-sur-laide-a-mourir.jpg","articleSection":["Publication La Dictature Num\u00e9rique:"],"inLanguage":"fr-FR"},{"@type":"WebPage","@id":"https:\/\/www.infodictat.fr\/blog\/nicolas-bouzou-pourquoi-en-tant-que-liberal-je-suis-oppose-a-la-loi-sur-laide-a-mourir\/","url":"https:\/\/www.infodictat.fr\/blog\/nicolas-bouzou-pourquoi-en-tant-que-liberal-je-suis-oppose-a-la-loi-sur-laide-a-mourir\/","name":"Nicolas Bouzou: \u00abPourquoi, en tant que lib\u00e9ral, je suis oppos\u00e9 \u00e0 la loi sur l\u2019\u201caide \u00e0 mourir\u201d - INFODICTAT","isPartOf":{"@id":"https:\/\/www.infodictat.fr\/blog\/#website"},"primaryImageOfPage":{"@id":"https:\/\/www.infodictat.fr\/blog\/nicolas-bouzou-pourquoi-en-tant-que-liberal-je-suis-oppose-a-la-loi-sur-laide-a-mourir\/#primaryimage"},"image":{"@id":"https:\/\/www.infodictat.fr\/blog\/nicolas-bouzou-pourquoi-en-tant-que-liberal-je-suis-oppose-a-la-loi-sur-laide-a-mourir\/#primaryimage"},"thumbnailUrl":"https:\/\/www.infodictat.fr\/blog\/wp-content\/uploads\/2024\/06\/nicolas-bouzou-pourquoi-en-tant-que-liberal-je-suis-oppose-a-la-loi-sur-laide-a-mourir.jpg","datePublished":"2024-05-29T11:25:06+00:00","breadcrumb":{"@id":"https:\/\/www.infodictat.fr\/blog\/nicolas-bouzou-pourquoi-en-tant-que-liberal-je-suis-oppose-a-la-loi-sur-laide-a-mourir\/#breadcrumb"},"inLanguage":"fr-FR","potentialAction":[{"@type":"ReadAction","target":["https:\/\/www.infodictat.fr\/blog\/nicolas-bouzou-pourquoi-en-tant-que-liberal-je-suis-oppose-a-la-loi-sur-laide-a-mourir\/"]}]},{"@type":"ImageObject","inLanguage":"fr-FR","@id":"https:\/\/www.infodictat.fr\/blog\/nicolas-bouzou-pourquoi-en-tant-que-liberal-je-suis-oppose-a-la-loi-sur-laide-a-mourir\/#primaryimage","url":"https:\/\/www.infodictat.fr\/blog\/wp-content\/uploads\/2024\/06\/nicolas-bouzou-pourquoi-en-tant-que-liberal-je-suis-oppose-a-la-loi-sur-laide-a-mourir.jpg","contentUrl":"https:\/\/www.infodictat.fr\/blog\/wp-content\/uploads\/2024\/06\/nicolas-bouzou-pourquoi-en-tant-que-liberal-je-suis-oppose-a-la-loi-sur-laide-a-mourir.jpg","width":1864,"height":1048},{"@type":"BreadcrumbList","@id":"https:\/\/www.infodictat.fr\/blog\/nicolas-bouzou-pourquoi-en-tant-que-liberal-je-suis-oppose-a-la-loi-sur-laide-a-mourir\/#breadcrumb","itemListElement":[{"@type":"ListItem","position":1,"name":"Accueil","item":"https:\/\/www.infodictat.fr\/blog\/"},{"@type":"ListItem","position":2,"name":"Nicolas Bouzou: \u00abPourquoi, en tant que lib\u00e9ral, je suis oppos\u00e9 \u00e0 la loi sur l\u2019\u201caide \u00e0 mourir\u201d"}]},{"@type":"WebSite","@id":"https:\/\/www.infodictat.fr\/blog\/#website","url":"https:\/\/www.infodictat.fr\/blog\/","name":"INFODICTAT","description":"La dictature num\u00e9rique.","publisher":{"@id":"https:\/\/www.infodictat.fr\/blog\/#organization"},"potentialAction":[{"@type":"SearchAction","target":{"@type":"EntryPoint","urlTemplate":"https:\/\/www.infodictat.fr\/blog\/?s={search_term_string}"},"query-input":{"@type":"PropertyValueSpecification","valueRequired":true,"valueName":"search_term_string"}}],"inLanguage":"fr-FR"},{"@type":"Organization","@id":"https:\/\/www.infodictat.fr\/blog\/#organization","name":"infodictat","url":"https:\/\/www.infodictat.fr\/blog\/","logo":{"@type":"ImageObject","inLanguage":"fr-FR","@id":"https:\/\/www.infodictat.fr\/blog\/#\/schema\/logo\/image\/","url":"https:\/\/www.infodictat.fr\/blog\/wp-content\/uploads\/2023\/05\/logo-2.png","contentUrl":"https:\/\/www.infodictat.fr\/blog\/wp-content\/uploads\/2023\/05\/logo-2.png","width":480,"height":596,"caption":"infodictat"},"image":{"@id":"https:\/\/www.infodictat.fr\/blog\/#\/schema\/logo\/image\/"}},{"@type":"Person","@id":"https:\/\/www.infodictat.fr\/blog\/#\/schema\/person\/6c2c8af0941702348e8eca9144cc1267","name":"Oscar BETHMONT","image":{"@type":"ImageObject","inLanguage":"fr-FR","@id":"https:\/\/secure.gravatar.com\/avatar\/f80ff32d67d40b919e8be190b7325be3c6cb33ce305ac1d45cadad29128e831e?s=96&d=mm&r=g","url":"https:\/\/secure.gravatar.com\/avatar\/f80ff32d67d40b919e8be190b7325be3c6cb33ce305ac1d45cadad29128e831e?s=96&d=mm&r=g","contentUrl":"https:\/\/secure.gravatar.com\/avatar\/f80ff32d67d40b919e8be190b7325be3c6cb33ce305ac1d45cadad29128e831e?s=96&d=mm&r=g","caption":"Oscar BETHMONT"},"url":"https:\/\/www.infodictat.fr\/blog\/author\/tatoscar\/"}]}},"_links":{"self":[{"href":"https:\/\/www.infodictat.fr\/blog\/wp-json\/wp\/v2\/posts\/458","targetHints":{"allow":["GET"]}}],"collection":[{"href":"https:\/\/www.infodictat.fr\/blog\/wp-json\/wp\/v2\/posts"}],"about":[{"href":"https:\/\/www.infodictat.fr\/blog\/wp-json\/wp\/v2\/types\/post"}],"author":[{"embeddable":true,"href":"https:\/\/www.infodictat.fr\/blog\/wp-json\/wp\/v2\/users\/2"}],"replies":[{"embeddable":true,"href":"https:\/\/www.infodictat.fr\/blog\/wp-json\/wp\/v2\/comments?post=458"}],"version-history":[{"count":0,"href":"https:\/\/www.infodictat.fr\/blog\/wp-json\/wp\/v2\/posts\/458\/revisions"}],"wp:featuredmedia":[{"embeddable":true,"href":"https:\/\/www.infodictat.fr\/blog\/wp-json\/wp\/v2\/media\/474"}],"wp:attachment":[{"href":"https:\/\/www.infodictat.fr\/blog\/wp-json\/wp\/v2\/media?parent=458"}],"wp:term":[{"taxonomy":"category","embeddable":true,"href":"https:\/\/www.infodictat.fr\/blog\/wp-json\/wp\/v2\/categories?post=458"},{"taxonomy":"post_tag","embeddable":true,"href":"https:\/\/www.infodictat.fr\/blog\/wp-json\/wp\/v2\/tags?post=458"}],"curies":[{"name":"wp","href":"https:\/\/api.w.org\/{rel}","templated":true}]}}