{"id":443,"date":"2024-05-13T01:31:20","date_gmt":"2024-05-12T23:31:20","guid":{"rendered":"https:\/\/www.infodictat.fr\/blog\/infos-france-las-locale-prevoit-des-activites-pour-souligner-la-sensibilisation-nationale\/"},"modified":"2024-05-13T01:31:20","modified_gmt":"2024-05-12T23:31:20","slug":"infos-france-las-locale-prevoit-des-activites-pour-souligner-la-sensibilisation-nationale","status":"publish","type":"post","link":"https:\/\/www.infodictat.fr\/blog\/infos-france-las-locale-prevoit-des-activites-pour-souligner-la-sensibilisation-nationale\/","title":{"rendered":"Infos france: L&rsquo;AS locale pr\u00e9voit des activit\u00e9s pour souligner la sensibilisation nationale"},"content":{"rendered":"<div><img width=\"300\" height=\"381\" src=\"https:\/\/www.infodictat.fr\/blog\/wp-content\/uploads\/2024\/05\/Infos-france-L39AS-locale-prevoit-des-activites-pour-souligner-la.jpg\" class=\"attachment-large size-large wp-post-image\" alt=\"Infos-france-L39AS-locale-prevoit-des-activites-pour-souligner-la\" style=\"float:left; margin:0 15px 15px 0;\" decoding=\"async\" srcset=\"https:\/\/www.infodictat.fr\/blog\/wp-content\/uploads\/2024\/05\/Infos-france-L39AS-locale-prevoit-des-activites-pour-souligner-la.jpg 300w, https:\/\/www.site.cdcl.xyz\/wp-content\/uploads\/2024\/05\/Infos-france-L39AS-locale-prevoit-des-activites-pour-souligner-la-236x300.jpg 236w\" sizes=\"(max-width: 300px) 100vw, 300px\"><\/p>\n<p><img decoding=\"async\" src=\"https:\/\/www.infodictat.fr\/blog\/wp-content\/uploads\/2024\/05\/Informations-france-L39AS-locale-prevoit-des-activites-pour-souligner-la.jpg\"><br \/>L&rsquo;Arm\u00e9e du Salut \u00e0 Paris c\u00e9l\u00e9brera la Semaine nationale de l&rsquo;Arm\u00e9e du Salut, du lundi au 19 mai.<\/p>\n<p>Bibliographie :<\/p>\n<p>La France : les mutations des syst\u00e8mes productifs.,<a href=\"https:\/\/www.kobo.com\/fr\/fr\/ebook\/la-france-les-mutations-des-systemes-productifs\" target=\"_blank\" rel=\"noopener noreferrer nofollow\">R\u00e9f\u00e9rences de l\u2019ouvrage<\/a><span><\/span>.<\/p>\n<p>Les ASCII de 0 \u00e0 127\/Avant l\u2019ASCII.,<a href=\"https:\/\/fr.wikibooks.org\/wiki\/Les_ASCII_de_0_%C3%A0_127\/Avant_l%27ASCII\" target=\"_blank\" rel=\"noopener noreferrer nofollow\">Redirection vers la description <\/a><span><\/span>. Disponible dans toutes les bonnes biblioth\u00e8ques de votre d\u00e9partement.<\/p>\n<\/div>\n<p><img decoding=\"async\" class=\"wpe_imgrss\" src=\"https:\/\/www.infodictat.fr\/blog\/wp-content\/uploads\/2024\/05\/Infos-france-L39AS-locale-prevoit-des-activites-pour-souligner-la.jpg\">Vous pouvez lire ce post traitant le sujet \u00ab\u00a0La dictature num\u00e9rique\u00a0\u00bb. Il est produit par la r\u00e9daction de infodictat.fr. Le site infodictat.fr a pour objectif de publier plusieurs articles autour du sujet La dictature num\u00e9rique d\u00e9velopp\u00e9es sur le web. Cette chronique se veut g\u00e9n\u00e9r\u00e9e de la fa\u00e7on la plus juste qui soit. Pour \u00e9mettre des remarques sur ce dossier autour du sujet \u00ab\u00a0La dictature num\u00e9rique\u00a0\u00bb prenez les contacts indiqu\u00e9s sur notre site internet. En consultant r\u00e9guli\u00e8rement nos contenus de blog vous serez au courant des futures parutions.<\/p>\n","protected":false},"excerpt":{"rendered":"<p>L&rsquo;Arm\u00e9e du Salut \u00e0 Paris c\u00e9l\u00e9brera la Semaine nationale de l&rsquo;Arm\u00e9e du Salut, du lundi au 19 mai. Bibliographie : La France : les mutations des syst\u00e8mes productifs.,R\u00e9f\u00e9rences de l\u2019ouvrage. Les ASCII de 0 \u00e0 127\/Avant l\u2019ASCII.,Redirection vers la description . Disponible dans toutes les bonnes biblioth\u00e8ques de votre d\u00e9partement. Vous pouvez lire ce post &#8230; <a title=\"Infos france: L&rsquo;AS locale pr\u00e9voit des activit\u00e9s pour souligner la sensibilisation nationale\" class=\"read-more\" href=\"https:\/\/www.infodictat.fr\/blog\/infos-france-las-locale-prevoit-des-activites-pour-souligner-la-sensibilisation-nationale\/\" aria-label=\"En savoir plus sur Infos france: L&rsquo;AS locale pr\u00e9voit des activit\u00e9s pour souligner la sensibilisation nationale\">Lire la suite<\/a><\/p>\n","protected":false},"author":2,"featured_media":444,"comment_status":"closed","ping_status":"closed","sticky":false,"template":"","format":"standard","meta":{"footnotes":""},"categories":[2],"tags":[],"class_list":["post-443","post","type-post","status-publish","format-standard","has-post-thumbnail","hentry","category-la-dictature-numerique"],"yoast_head":"<!-- This site is optimized with the Yoast SEO plugin v27.5 - https:\/\/yoast.com\/product\/yoast-seo-wordpress\/ -->\n<title>Infos france: L&#039;AS locale pr\u00e9voit des activit\u00e9s pour souligner la sensibilisation nationale - INFODICTAT<\/title>\n<meta name=\"robots\" content=\"index, follow, max-snippet:-1, max-image-preview:large, max-video-preview:-1\" \/>\n<link rel=\"canonical\" href=\"https:\/\/www.infodictat.fr\/blog\/infos-france-las-locale-prevoit-des-activites-pour-souligner-la-sensibilisation-nationale\/\" \/>\n<meta property=\"og:locale\" content=\"fr_FR\" \/>\n<meta property=\"og:type\" content=\"article\" \/>\n<meta property=\"og:title\" content=\"Infos france: L&#039;AS locale pr\u00e9voit des activit\u00e9s pour souligner la sensibilisation nationale - INFODICTAT\" \/>\n<meta property=\"og:description\" content=\"L&rsquo;Arm\u00e9e du Salut \u00e0 Paris c\u00e9l\u00e9brera la Semaine nationale de l&rsquo;Arm\u00e9e du Salut, du lundi au 19 mai. Bibliographie : La France : les mutations des syst\u00e8mes productifs.,R\u00e9f\u00e9rences de l\u2019ouvrage. Les ASCII de 0 \u00e0 127\/Avant l\u2019ASCII.,Redirection vers la description . Disponible dans toutes les bonnes biblioth\u00e8ques de votre d\u00e9partement. Vous pouvez lire ce post ... Lire la suite\" \/>\n<meta property=\"og:url\" content=\"https:\/\/www.infodictat.fr\/blog\/infos-france-las-locale-prevoit-des-activites-pour-souligner-la-sensibilisation-nationale\/\" \/>\n<meta property=\"og:site_name\" content=\"INFODICTAT\" \/>\n<meta property=\"article:published_time\" content=\"2024-05-12T23:31:20+00:00\" \/>\n<meta property=\"og:image\" content=\"https:\/\/www.infodictat.fr\/blog\/wp-content\/uploads\/2024\/05\/Infos-france-L39AS-locale-prevoit-des-activites-pour-souligner-la.jpg\" \/>\n<meta name=\"author\" content=\"Oscar BETHMONT\" \/>\n<meta name=\"twitter:card\" content=\"summary_large_image\" \/>\n<meta name=\"twitter:label1\" content=\"\u00c9crit par\" \/>\n\t<meta name=\"twitter:data1\" content=\"Oscar BETHMONT\" \/>\n\t<meta name=\"twitter:label2\" content=\"Dur\u00e9e de lecture estim\u00e9e\" \/>\n\t<meta name=\"twitter:data2\" content=\"1 minute\" \/>\n<script type=\"application\/ld+json\" class=\"yoast-schema-graph\">{\"@context\":\"https:\\\/\\\/schema.org\",\"@graph\":[{\"@type\":\"Article\",\"@id\":\"https:\\\/\\\/www.infodictat.fr\\\/blog\\\/infos-france-las-locale-prevoit-des-activites-pour-souligner-la-sensibilisation-nationale\\\/#article\",\"isPartOf\":{\"@id\":\"https:\\\/\\\/www.infodictat.fr\\\/blog\\\/infos-france-las-locale-prevoit-des-activites-pour-souligner-la-sensibilisation-nationale\\\/\"},\"author\":{\"name\":\"Oscar BETHMONT\",\"@id\":\"https:\\\/\\\/www.infodictat.fr\\\/blog\\\/#\\\/schema\\\/person\\\/6c2c8af0941702348e8eca9144cc1267\"},\"headline\":\"Infos france: L&rsquo;AS locale pr\u00e9voit des activit\u00e9s pour souligner la sensibilisation nationale\",\"datePublished\":\"2024-05-12T23:31:20+00:00\",\"mainEntityOfPage\":{\"@id\":\"https:\\\/\\\/www.infodictat.fr\\\/blog\\\/infos-france-las-locale-prevoit-des-activites-pour-souligner-la-sensibilisation-nationale\\\/\"},\"wordCount\":172,\"publisher\":{\"@id\":\"https:\\\/\\\/www.infodictat.fr\\\/blog\\\/#organization\"},\"image\":{\"@id\":\"https:\\\/\\\/www.infodictat.fr\\\/blog\\\/infos-france-las-locale-prevoit-des-activites-pour-souligner-la-sensibilisation-nationale\\\/#primaryimage\"},\"thumbnailUrl\":\"https:\\\/\\\/www.infodictat.fr\\\/blog\\\/wp-content\\\/uploads\\\/2024\\\/05\\\/Infos-france-L39AS-locale-prevoit-des-activites-pour-souligner-la.jpg\",\"articleSection\":[\"La Dictature Num\u00e9rique:\"],\"inLanguage\":\"fr-FR\"},{\"@type\":\"WebPage\",\"@id\":\"https:\\\/\\\/www.infodictat.fr\\\/blog\\\/infos-france-las-locale-prevoit-des-activites-pour-souligner-la-sensibilisation-nationale\\\/\",\"url\":\"https:\\\/\\\/www.infodictat.fr\\\/blog\\\/infos-france-las-locale-prevoit-des-activites-pour-souligner-la-sensibilisation-nationale\\\/\",\"name\":\"Infos france: L'AS locale pr\u00e9voit des activit\u00e9s pour souligner la sensibilisation nationale - INFODICTAT\",\"isPartOf\":{\"@id\":\"https:\\\/\\\/www.infodictat.fr\\\/blog\\\/#website\"},\"primaryImageOfPage\":{\"@id\":\"https:\\\/\\\/www.infodictat.fr\\\/blog\\\/infos-france-las-locale-prevoit-des-activites-pour-souligner-la-sensibilisation-nationale\\\/#primaryimage\"},\"image\":{\"@id\":\"https:\\\/\\\/www.infodictat.fr\\\/blog\\\/infos-france-las-locale-prevoit-des-activites-pour-souligner-la-sensibilisation-nationale\\\/#primaryimage\"},\"thumbnailUrl\":\"https:\\\/\\\/www.infodictat.fr\\\/blog\\\/wp-content\\\/uploads\\\/2024\\\/05\\\/Infos-france-L39AS-locale-prevoit-des-activites-pour-souligner-la.jpg\",\"datePublished\":\"2024-05-12T23:31:20+00:00\",\"breadcrumb\":{\"@id\":\"https:\\\/\\\/www.infodictat.fr\\\/blog\\\/infos-france-las-locale-prevoit-des-activites-pour-souligner-la-sensibilisation-nationale\\\/#breadcrumb\"},\"inLanguage\":\"fr-FR\",\"potentialAction\":[{\"@type\":\"ReadAction\",\"target\":[\"https:\\\/\\\/www.infodictat.fr\\\/blog\\\/infos-france-las-locale-prevoit-des-activites-pour-souligner-la-sensibilisation-nationale\\\/\"]}]},{\"@type\":\"ImageObject\",\"inLanguage\":\"fr-FR\",\"@id\":\"https:\\\/\\\/www.infodictat.fr\\\/blog\\\/infos-france-las-locale-prevoit-des-activites-pour-souligner-la-sensibilisation-nationale\\\/#primaryimage\",\"url\":\"https:\\\/\\\/www.infodictat.fr\\\/blog\\\/wp-content\\\/uploads\\\/2024\\\/05\\\/Infos-france-L39AS-locale-prevoit-des-activites-pour-souligner-la.jpg\",\"contentUrl\":\"https:\\\/\\\/www.infodictat.fr\\\/blog\\\/wp-content\\\/uploads\\\/2024\\\/05\\\/Infos-france-L39AS-locale-prevoit-des-activites-pour-souligner-la.jpg\",\"width\":300,\"height\":381},{\"@type\":\"BreadcrumbList\",\"@id\":\"https:\\\/\\\/www.infodictat.fr\\\/blog\\\/infos-france-las-locale-prevoit-des-activites-pour-souligner-la-sensibilisation-nationale\\\/#breadcrumb\",\"itemListElement\":[{\"@type\":\"ListItem\",\"position\":1,\"name\":\"Accueil\",\"item\":\"https:\\\/\\\/www.infodictat.fr\\\/blog\\\/\"},{\"@type\":\"ListItem\",\"position\":2,\"name\":\"Infos france: L&rsquo;AS locale pr\u00e9voit des activit\u00e9s pour souligner la sensibilisation nationale\"}]},{\"@type\":\"WebSite\",\"@id\":\"https:\\\/\\\/www.infodictat.fr\\\/blog\\\/#website\",\"url\":\"https:\\\/\\\/www.infodictat.fr\\\/blog\\\/\",\"name\":\"INFODICTAT\",\"description\":\"La dictature num\u00e9rique.\",\"publisher\":{\"@id\":\"https:\\\/\\\/www.infodictat.fr\\\/blog\\\/#organization\"},\"potentialAction\":[{\"@type\":\"SearchAction\",\"target\":{\"@type\":\"EntryPoint\",\"urlTemplate\":\"https:\\\/\\\/www.infodictat.fr\\\/blog\\\/?s={search_term_string}\"},\"query-input\":{\"@type\":\"PropertyValueSpecification\",\"valueRequired\":true,\"valueName\":\"search_term_string\"}}],\"inLanguage\":\"fr-FR\"},{\"@type\":\"Organization\",\"@id\":\"https:\\\/\\\/www.infodictat.fr\\\/blog\\\/#organization\",\"name\":\"infodictat\",\"url\":\"https:\\\/\\\/www.infodictat.fr\\\/blog\\\/\",\"logo\":{\"@type\":\"ImageObject\",\"inLanguage\":\"fr-FR\",\"@id\":\"https:\\\/\\\/www.infodictat.fr\\\/blog\\\/#\\\/schema\\\/logo\\\/image\\\/\",\"url\":\"https:\\\/\\\/www.infodictat.fr\\\/blog\\\/wp-content\\\/uploads\\\/2023\\\/05\\\/logo-2.png\",\"contentUrl\":\"https:\\\/\\\/www.infodictat.fr\\\/blog\\\/wp-content\\\/uploads\\\/2023\\\/05\\\/logo-2.png\",\"width\":480,\"height\":596,\"caption\":\"infodictat\"},\"image\":{\"@id\":\"https:\\\/\\\/www.infodictat.fr\\\/blog\\\/#\\\/schema\\\/logo\\\/image\\\/\"}},{\"@type\":\"Person\",\"@id\":\"https:\\\/\\\/www.infodictat.fr\\\/blog\\\/#\\\/schema\\\/person\\\/6c2c8af0941702348e8eca9144cc1267\",\"name\":\"Oscar BETHMONT\",\"image\":{\"@type\":\"ImageObject\",\"inLanguage\":\"fr-FR\",\"@id\":\"https:\\\/\\\/secure.gravatar.com\\\/avatar\\\/f80ff32d67d40b919e8be190b7325be3c6cb33ce305ac1d45cadad29128e831e?s=96&d=mm&r=g\",\"url\":\"https:\\\/\\\/secure.gravatar.com\\\/avatar\\\/f80ff32d67d40b919e8be190b7325be3c6cb33ce305ac1d45cadad29128e831e?s=96&d=mm&r=g\",\"contentUrl\":\"https:\\\/\\\/secure.gravatar.com\\\/avatar\\\/f80ff32d67d40b919e8be190b7325be3c6cb33ce305ac1d45cadad29128e831e?s=96&d=mm&r=g\",\"caption\":\"Oscar BETHMONT\"},\"url\":\"https:\\\/\\\/www.infodictat.fr\\\/blog\\\/author\\\/tatoscar\\\/\"}]}<\/script>\n<!-- \/ Yoast SEO plugin. -->","yoast_head_json":{"title":"Infos france: L'AS locale pr\u00e9voit des activit\u00e9s pour souligner la sensibilisation nationale - INFODICTAT","robots":{"index":"index","follow":"follow","max-snippet":"max-snippet:-1","max-image-preview":"max-image-preview:large","max-video-preview":"max-video-preview:-1"},"canonical":"https:\/\/www.infodictat.fr\/blog\/infos-france-las-locale-prevoit-des-activites-pour-souligner-la-sensibilisation-nationale\/","og_locale":"fr_FR","og_type":"article","og_title":"Infos france: L'AS locale pr\u00e9voit des activit\u00e9s pour souligner la sensibilisation nationale - INFODICTAT","og_description":"L&rsquo;Arm\u00e9e du Salut \u00e0 Paris c\u00e9l\u00e9brera la Semaine nationale de l&rsquo;Arm\u00e9e du Salut, du lundi au 19 mai. Bibliographie : La France : les mutations des syst\u00e8mes productifs.,R\u00e9f\u00e9rences de l\u2019ouvrage. Les ASCII de 0 \u00e0 127\/Avant l\u2019ASCII.,Redirection vers la description . Disponible dans toutes les bonnes biblioth\u00e8ques de votre d\u00e9partement. Vous pouvez lire ce post ... Lire la suite","og_url":"https:\/\/www.infodictat.fr\/blog\/infos-france-las-locale-prevoit-des-activites-pour-souligner-la-sensibilisation-nationale\/","og_site_name":"INFODICTAT","article_published_time":"2024-05-12T23:31:20+00:00","og_image":[{"url":"https:\/\/www.infodictat.fr\/blog\/wp-content\/uploads\/2024\/05\/Infos-france-L39AS-locale-prevoit-des-activites-pour-souligner-la.jpg","type":"","width":"","height":""}],"author":"Oscar BETHMONT","twitter_card":"summary_large_image","twitter_misc":{"\u00c9crit par":"Oscar BETHMONT","Dur\u00e9e de lecture estim\u00e9e":"1 minute"},"schema":{"@context":"https:\/\/schema.org","@graph":[{"@type":"Article","@id":"https:\/\/www.infodictat.fr\/blog\/infos-france-las-locale-prevoit-des-activites-pour-souligner-la-sensibilisation-nationale\/#article","isPartOf":{"@id":"https:\/\/www.infodictat.fr\/blog\/infos-france-las-locale-prevoit-des-activites-pour-souligner-la-sensibilisation-nationale\/"},"author":{"name":"Oscar BETHMONT","@id":"https:\/\/www.infodictat.fr\/blog\/#\/schema\/person\/6c2c8af0941702348e8eca9144cc1267"},"headline":"Infos france: L&rsquo;AS locale pr\u00e9voit des activit\u00e9s pour souligner la sensibilisation nationale","datePublished":"2024-05-12T23:31:20+00:00","mainEntityOfPage":{"@id":"https:\/\/www.infodictat.fr\/blog\/infos-france-las-locale-prevoit-des-activites-pour-souligner-la-sensibilisation-nationale\/"},"wordCount":172,"publisher":{"@id":"https:\/\/www.infodictat.fr\/blog\/#organization"},"image":{"@id":"https:\/\/www.infodictat.fr\/blog\/infos-france-las-locale-prevoit-des-activites-pour-souligner-la-sensibilisation-nationale\/#primaryimage"},"thumbnailUrl":"https:\/\/www.infodictat.fr\/blog\/wp-content\/uploads\/2024\/05\/Infos-france-L39AS-locale-prevoit-des-activites-pour-souligner-la.jpg","articleSection":["La Dictature Num\u00e9rique:"],"inLanguage":"fr-FR"},{"@type":"WebPage","@id":"https:\/\/www.infodictat.fr\/blog\/infos-france-las-locale-prevoit-des-activites-pour-souligner-la-sensibilisation-nationale\/","url":"https:\/\/www.infodictat.fr\/blog\/infos-france-las-locale-prevoit-des-activites-pour-souligner-la-sensibilisation-nationale\/","name":"Infos france: L'AS locale pr\u00e9voit des activit\u00e9s pour souligner la sensibilisation nationale - INFODICTAT","isPartOf":{"@id":"https:\/\/www.infodictat.fr\/blog\/#website"},"primaryImageOfPage":{"@id":"https:\/\/www.infodictat.fr\/blog\/infos-france-las-locale-prevoit-des-activites-pour-souligner-la-sensibilisation-nationale\/#primaryimage"},"image":{"@id":"https:\/\/www.infodictat.fr\/blog\/infos-france-las-locale-prevoit-des-activites-pour-souligner-la-sensibilisation-nationale\/#primaryimage"},"thumbnailUrl":"https:\/\/www.infodictat.fr\/blog\/wp-content\/uploads\/2024\/05\/Infos-france-L39AS-locale-prevoit-des-activites-pour-souligner-la.jpg","datePublished":"2024-05-12T23:31:20+00:00","breadcrumb":{"@id":"https:\/\/www.infodictat.fr\/blog\/infos-france-las-locale-prevoit-des-activites-pour-souligner-la-sensibilisation-nationale\/#breadcrumb"},"inLanguage":"fr-FR","potentialAction":[{"@type":"ReadAction","target":["https:\/\/www.infodictat.fr\/blog\/infos-france-las-locale-prevoit-des-activites-pour-souligner-la-sensibilisation-nationale\/"]}]},{"@type":"ImageObject","inLanguage":"fr-FR","@id":"https:\/\/www.infodictat.fr\/blog\/infos-france-las-locale-prevoit-des-activites-pour-souligner-la-sensibilisation-nationale\/#primaryimage","url":"https:\/\/www.infodictat.fr\/blog\/wp-content\/uploads\/2024\/05\/Infos-france-L39AS-locale-prevoit-des-activites-pour-souligner-la.jpg","contentUrl":"https:\/\/www.infodictat.fr\/blog\/wp-content\/uploads\/2024\/05\/Infos-france-L39AS-locale-prevoit-des-activites-pour-souligner-la.jpg","width":300,"height":381},{"@type":"BreadcrumbList","@id":"https:\/\/www.infodictat.fr\/blog\/infos-france-las-locale-prevoit-des-activites-pour-souligner-la-sensibilisation-nationale\/#breadcrumb","itemListElement":[{"@type":"ListItem","position":1,"name":"Accueil","item":"https:\/\/www.infodictat.fr\/blog\/"},{"@type":"ListItem","position":2,"name":"Infos france: L&rsquo;AS locale pr\u00e9voit des activit\u00e9s pour souligner la sensibilisation nationale"}]},{"@type":"WebSite","@id":"https:\/\/www.infodictat.fr\/blog\/#website","url":"https:\/\/www.infodictat.fr\/blog\/","name":"INFODICTAT","description":"La dictature num\u00e9rique.","publisher":{"@id":"https:\/\/www.infodictat.fr\/blog\/#organization"},"potentialAction":[{"@type":"SearchAction","target":{"@type":"EntryPoint","urlTemplate":"https:\/\/www.infodictat.fr\/blog\/?s={search_term_string}"},"query-input":{"@type":"PropertyValueSpecification","valueRequired":true,"valueName":"search_term_string"}}],"inLanguage":"fr-FR"},{"@type":"Organization","@id":"https:\/\/www.infodictat.fr\/blog\/#organization","name":"infodictat","url":"https:\/\/www.infodictat.fr\/blog\/","logo":{"@type":"ImageObject","inLanguage":"fr-FR","@id":"https:\/\/www.infodictat.fr\/blog\/#\/schema\/logo\/image\/","url":"https:\/\/www.infodictat.fr\/blog\/wp-content\/uploads\/2023\/05\/logo-2.png","contentUrl":"https:\/\/www.infodictat.fr\/blog\/wp-content\/uploads\/2023\/05\/logo-2.png","width":480,"height":596,"caption":"infodictat"},"image":{"@id":"https:\/\/www.infodictat.fr\/blog\/#\/schema\/logo\/image\/"}},{"@type":"Person","@id":"https:\/\/www.infodictat.fr\/blog\/#\/schema\/person\/6c2c8af0941702348e8eca9144cc1267","name":"Oscar BETHMONT","image":{"@type":"ImageObject","inLanguage":"fr-FR","@id":"https:\/\/secure.gravatar.com\/avatar\/f80ff32d67d40b919e8be190b7325be3c6cb33ce305ac1d45cadad29128e831e?s=96&d=mm&r=g","url":"https:\/\/secure.gravatar.com\/avatar\/f80ff32d67d40b919e8be190b7325be3c6cb33ce305ac1d45cadad29128e831e?s=96&d=mm&r=g","contentUrl":"https:\/\/secure.gravatar.com\/avatar\/f80ff32d67d40b919e8be190b7325be3c6cb33ce305ac1d45cadad29128e831e?s=96&d=mm&r=g","caption":"Oscar BETHMONT"},"url":"https:\/\/www.infodictat.fr\/blog\/author\/tatoscar\/"}]}},"_links":{"self":[{"href":"https:\/\/www.infodictat.fr\/blog\/wp-json\/wp\/v2\/posts\/443","targetHints":{"allow":["GET"]}}],"collection":[{"href":"https:\/\/www.infodictat.fr\/blog\/wp-json\/wp\/v2\/posts"}],"about":[{"href":"https:\/\/www.infodictat.fr\/blog\/wp-json\/wp\/v2\/types\/post"}],"author":[{"embeddable":true,"href":"https:\/\/www.infodictat.fr\/blog\/wp-json\/wp\/v2\/users\/2"}],"replies":[{"embeddable":true,"href":"https:\/\/www.infodictat.fr\/blog\/wp-json\/wp\/v2\/comments?post=443"}],"version-history":[{"count":0,"href":"https:\/\/www.infodictat.fr\/blog\/wp-json\/wp\/v2\/posts\/443\/revisions"}],"wp:featuredmedia":[{"embeddable":true,"href":"https:\/\/www.infodictat.fr\/blog\/wp-json\/wp\/v2\/media\/444"}],"wp:attachment":[{"href":"https:\/\/www.infodictat.fr\/blog\/wp-json\/wp\/v2\/media?parent=443"}],"wp:term":[{"taxonomy":"category","embeddable":true,"href":"https:\/\/www.infodictat.fr\/blog\/wp-json\/wp\/v2\/categories?post=443"},{"taxonomy":"post_tag","embeddable":true,"href":"https:\/\/www.infodictat.fr\/blog\/wp-json\/wp\/v2\/tags?post=443"}],"curies":[{"name":"wp","href":"https:\/\/api.w.org\/{rel}","templated":true}]}}