{"id":412,"date":"2024-04-24T10:47:32","date_gmt":"2024-04-24T08:47:32","guid":{"rendered":"https:\/\/www.infodictat.fr\/blog\/actualites-francaises-largentine-demande-au-pakistan-et-au-sri-lanka-darreter-le-ministre-de-linterieur-en-visite\/"},"modified":"2024-04-24T10:47:32","modified_gmt":"2024-04-24T08:47:32","slug":"actualites-francaises-largentine-demande-au-pakistan-et-au-sri-lanka-darreter-le-ministre-de-linterieur-en-visite","status":"publish","type":"post","link":"https:\/\/www.infodictat.fr\/blog\/actualites-francaises-largentine-demande-au-pakistan-et-au-sri-lanka-darreter-le-ministre-de-linterieur-en-visite\/","title":{"rendered":"Actualit\u00e9s fran\u00e7aises: L&rsquo;Argentine demande au Pakistan et au Sri Lanka d&rsquo;arr\u00eater le ministre de l&rsquo;Int\u00e9rieur en visite"},"content":{"rendered":"<div><img width=\"580\" height=\"393\" src=\"https:\/\/www.infodictat.fr\/blog\/wp-content\/uploads\/2024\/04\/Actualites-francaises-L39Argentine-demande-au-Pakistan-et-au-Sri-Lanka-1024x693-1.jpg\" class=\"attachment-large size-large wp-post-image\" alt=\"Actualites-francaises-L39Argentine-demande-au-Pakistan-et-au-Sri-Lanka\" style=\"float:left; margin:0 15px 15px 0;\" decoding=\"async\" srcset=\"https:\/\/www.infodictat.fr\/blog\/wp-content\/uploads\/2024\/04\/Actualites-francaises-L39Argentine-demande-au-Pakistan-et-au-Sri-Lanka-1024x693-1.jpg 1024w, https:\/\/www.site.cdcl.xyz\/wp-content\/uploads\/2024\/04\/Actualites-francaises-L39Argentine-demande-au-Pakistan-et-au-Sri-Lanka-300x203.jpg 300w, https:\/\/www.site.cdcl.xyz\/wp-content\/uploads\/2024\/04\/Actualites-francaises-L39Argentine-demande-au-Pakistan-et-au-Sri-Lanka-768x520.jpg 768w, https:\/\/www.site.cdcl.xyz\/wp-content\/uploads\/2024\/04\/Actualites-francaises-L39Argentine-demande-au-Pakistan-et-au-Sri-Lanka-1536x1040.jpg 1536w, https:\/\/www.site.cdcl.xyz\/wp-content\/uploads\/2024\/04\/Actualites-francaises-L39Argentine-demande-au-Pakistan-et-au-Sri-Lanka-2048x1387.jpg 2048w, https:\/\/www.site.cdcl.xyz\/wp-content\/uploads\/2024\/04\/Actualites-francaises-L39Argentine-demande-au-Pakistan-et-au-Sri-Lanka-1200x812.jpg 1200w, https:\/\/www.site.cdcl.xyz\/wp-content\/uploads\/2024\/04\/Actualites-francaises-L39Argentine-demande-au-Pakistan-et-au-Sri-Lanka-1980x1340.jpg 1980w\" sizes=\"(max-width: 580px) 100vw, 580px\"><\/p>\n<p>                        Le gouvernement argentin a demand\u00e9 mardi 23 avril au Pakistan et au Sri Lanka d&rsquo;arr\u00eater le ministre iranien de l&rsquo;Int\u00e9rieur Ahmad Vahidi, recherch\u00e9 pour l&rsquo;attentat contre la mutuelle juive Amia \u00e0 Buenos Aires en 1994. Consid\u00e9r\u00e9 comme le cerveau de l&rsquo; Attaque le plus grave de l&rsquo;histoire du pays, il effectue actuellement une tourn\u00e9e dans ces deux pays.        <\/p>\n<div>\n<p class=\"m-pub-dates\"><span class=\"m-pub-dates__date\">Publi\u00e9 le : <time datetime=\"2024-04-24T08:47:32+00:00\" pubdate=\"pubdate\">24\/04\/2024 \u2013 10:47<\/time><\/span><\/p>\n<p>\n        <span class=\"a-svg a-svg--picto-clock\" title=\"Temps de lecture\"><\/span>  3 minutes<\/p>\n<\/div>\n<div>\n<p>\u00ab <em>L&rsquo;Argentine demande l&rsquo;arrestation internationale des responsables de <strong>l&rsquo;attentat \u00e0 la bombe de 1994 contre l&rsquo;Amia<\/strong><\/em> [Association mutuelle isra\u00e9lite argentine \u2013 NDLR]<em>qui a caus\u00e9 la mort de 85 personnes, et qui continuent \u00e0 leurs postes de pouvoir en toute impunit\u00e9<\/em> \u00bb, \u00e9crit le minist\u00e8re argentin des Affaires \u00e9trang\u00e8res dans un communiqu\u00e9.<\/p>\n<p>\u00ab <em>L&rsquo;un d&rsquo;entre eux est Ahmad Vahidi, r\u00e9clam\u00e9 par la justice argentine comme \u00e9tant l&rsquo;un des responsables de l&rsquo;attentat contre l&rsquo;Amia.  Cet individu est actuellement ministre de l&rsquo;Int\u00e9rieur de la R\u00e9publique islamique d&rsquo;Iran et fait partie d&rsquo;une d\u00e9l\u00e9gation gouvernementale qui se rend ces jours-ci au Pakistan et au Sri Lanka<\/em> \u00bb, poursuit le texte.<\/p>\n<p>\u00ab <em>L&rsquo;Argentine a demand\u00e9 son arrestation aux gouvernements du Pakistan et du Sri Lanka conform\u00e9ment aux m\u00e9canismes pr\u00e9vus par Interpol<\/em> \u00bb, ajoute-t-il.<\/p>\n<p>Le <strong>g\u00e9n\u00e9ral Vahidi est ministre de l&rsquo;Int\u00e9rieur depuis 2021<\/strong>, apr\u00e8s avoir \u00e9t\u00e9 ministre de la D\u00e9fense.  Au moment de l&rsquo;attentat de Buenos Aires, il dirigeait la Force al-Qods, l&rsquo;unit\u00e9 charg\u00e9e des op\u00e9rations secr\u00e8tes au sein des Gardiens de la r\u00e9volution, l&rsquo;arm\u00e9e id\u00e9ologique du r\u00e9gime iranien.<\/p>\n<p>L&rsquo;attentat de l&rsquo;Amia, le 18 juillet 1994, a \u00e9t\u00e9 attribu\u00e9 par la justice argentine et par Isra\u00ebl <strong>au r\u00e9gime iranien et au mouvement chiite libanais Hezbollah<\/strong>, fils alli\u00e9.  L&rsquo;Iran a ni\u00e9 toute implication <strong>et a toujours refus\u00e9 que les huit anciens responsables inculp\u00e9s par la justice argentine<\/strong>dont le g\u00e9n\u00e9ral Vahidi et l&rsquo;ex-pr\u00e9sident Ali Rasfanjani, sont impliqu\u00e9s.<\/p>\n<p>L&rsquo;Argentine compte la plus grande communaut\u00e9 juive d&rsquo;Am\u00e9rique latine, avec quelque 300 000 membres.<\/p>\n<p>Avant l&rsquo;Amia, l&rsquo;ambassade d&rsquo;Isra\u00ebl \u00e0 Buenos Aires avait \u00e9t\u00e9 la cible en 1992 d&rsquo;un attentat qui avait fait 29 morts et 200 bless\u00e9s.  L&rsquo;Iran avait \u00e9galement \u00e9t\u00e9 mis en cause.<\/p>\n<p>En 2013, la pr\u00e9sidente argentine de l&rsquo;\u00e9poque Cristina Kirchner avait sign\u00e9 un protocole d&rsquo;accord avec l&rsquo;Iran pour cr\u00e9er une <strong>\u00ab <em>commission de la v\u00e9rit\u00e9<\/em> \u00bb destin\u00e9 \u00e0 enqu\u00eater sur l&rsquo;attentat<\/strong>.  Le protocole voulait \u00e9galement permettre aux procureurs argentins de se rendre \u00e0 l&rsquo;\u00e9tranger pour interroger les inculp\u00e9s.<\/p>\n<p>Cet accord a \u00e9t\u00e9 ratifi\u00e9 par le Congr\u00e8s argentin, mais jamais par le Parlement iranien.  Il avait \u00e9t\u00e9 fustig\u00e9 par les dirigeants de la communaut\u00e9 juive en Argentine, qui ont accus\u00e9 Cristina Kirchner de couvrir les auteurs de l&rsquo;attentat.  Une enqu\u00eate judiciaire ouverte \u00e0 ce sujet en 2015 s&rsquo;est toutefois conclue par un non-lieu en 2021.<\/p>\n<div class=\"m-em-image\">\n<figure class=\"m-figure m-figure--original\">\n        <picture><source type=\"image\/webp\"><img decoding=\"async\" fetchpriority=\"low\" src=\"https:\/\/www.infodictat.fr\/blog\/wp-content\/uploads\/2024\/04\/Informations-france-L39Argentine-demande-au-Pakistan-et-au-Sri-Lanka.jpg\" alt=\"Un homme passe devant une banderole sur laquelle on peut lire &quot;M\u00e9moire et justice&quot; et les noms des victimes de l'attentat \u00e0 la bombe de 1994 contre le centre communautaire de l'Association mutuelle isra\u00e9lite argentine (Amia), un jour apr\u00e8s que la plus haute cour p\u00e9nale d'Argentine a accus\u00e9 l'Iran d'\u00eatre responsable de l'attentat, \u00e0 Buenos Aires, en Argentine, le 12 avril 2024.\" width=\"2480\" height=\"1679\" loading=\"lazy\" class=\"m-figure__img lazy\"><br \/>\n<\/source><\/picture><figcaption class=\"m-figure__caption\">\n                <span class=\"a-media-legend\">Un homme passe devant une banderole sur laquelle on peut lire \u00ab\u00a0M\u00e9moire et justice\u00a0\u00bb et les noms des victimes de l&rsquo;attentat \u00e0 la bombe de 1994 contre le centre communautaire de l&rsquo;Association mutuelle isra\u00e9lite argentine (Amia), un jour apr\u00e8s que la Plus la haute cour p\u00e9nale d&rsquo;Argentine a accus\u00e9 l&rsquo;Iran d&rsquo;\u00eatre responsable de l&rsquo;attentat, \u00e0 Buenos Aires, en Argentine, le 12 avril 2024.<\/span>                <span class=\"a-media-legend\">\u00a9 Agustin Marcarien<\/span>            <\/figcaption><\/figure>\n<\/div>\n<p class=\"a-read-more\"><span class=\"a-read-more__label\">\u00c0 lire aussi<\/span>Argentine : Javier Milei renforce sa position pro-isra\u00e9lienne apr\u00e8s l&rsquo;attaque de l&rsquo;Iran<\/p>\n<\/div>\n<p>Bibliographie :<\/p>\n<p>Enseignement du gallo\/Contenu.,<a href=\"https:\/\/fr.wikibooks.org\/wiki\/Enseignement_du_gallo\/Contenu\" target=\"_blank\" rel=\"noopener noreferrer nofollow\">sur ce lien la fiche de pr\u00e9sentation<\/a><span><\/span>. A emprunter en biblioth\u00e8que.<\/p>\n<p>L\u2019\u00e9conomie de la t\u00e9l\u00e9phonie\/Le droit.,<a href=\"https:\/\/fr.wikibooks.org\/wiki\/L%27%C3%A9conomie_de_la_t%C3%A9l%C3%A9phonie\/Le_droit\" target=\"_blank\" rel=\"noopener noreferrer nofollow\">Lien sur la fiche descriptive<\/a><span><\/span>. Disponible sur internet.<\/p>\n<p>R\u00e9concilier la France.,<a href=\"https:\/\/www.kobo.com\/fr\/fr\/ebook\/reconcilier-la-france\" target=\"_blank\" rel=\"noopener noreferrer nofollow\">R\u00e9f\u00e9rence lit\u00e9raire de cet ouvrage<\/a><span><\/span>. Disponible \u00e0 l\u2019achat sur les plateformes Amazon, Fnac, Cultura \u2026.<\/p>\n<\/div>\n<p><img decoding=\"async\" class=\"wpe_imgrss\" src=\"https:\/\/www.infodictat.fr\/blog\/wp-content\/uploads\/2024\/04\/Actualites-francaises-L39Argentine-demande-au-Pakistan-et-au-Sri-Lanka-1024x693-1.jpg\">Vous pouvez lire ce post traitant le sujet \u00ab\u00a0La dictature num\u00e9rique\u00a0\u00bb. Il est produit par la r\u00e9daction de infodictat.fr. Le site infodictat.fr a pour objectif de publier plusieurs articles autour du sujet La dictature num\u00e9rique d\u00e9velopp\u00e9es sur le web. Cette chronique se veut g\u00e9n\u00e9r\u00e9e de la fa\u00e7on la plus juste qui soit. Pour \u00e9mettre des remarques sur ce dossier autour du sujet \u00ab\u00a0La dictature num\u00e9rique\u00a0\u00bb prenez les contacts indiqu\u00e9s sur notre site internet. En consultant r\u00e9guli\u00e8rement nos contenus de blog vous serez au courant des futures parutions.<\/p>\n","protected":false},"excerpt":{"rendered":"<p>Le gouvernement argentin a demand\u00e9 mardi 23 avril au Pakistan et au Sri Lanka d&rsquo;arr\u00eater le ministre iranien de l&rsquo;Int\u00e9rieur Ahmad Vahidi, recherch\u00e9 pour l&rsquo;attentat contre la mutuelle juive Amia \u00e0 Buenos Aires en 1994. Consid\u00e9r\u00e9 comme le cerveau de l&rsquo; Attaque le plus grave de l&rsquo;histoire du pays, il effectue actuellement une tourn\u00e9e dans &#8230; <a title=\"Actualit\u00e9s fran\u00e7aises: L&rsquo;Argentine demande au Pakistan et au Sri Lanka d&rsquo;arr\u00eater le ministre de l&rsquo;Int\u00e9rieur en visite\" class=\"read-more\" href=\"https:\/\/www.infodictat.fr\/blog\/actualites-francaises-largentine-demande-au-pakistan-et-au-sri-lanka-darreter-le-ministre-de-linterieur-en-visite\/\" aria-label=\"En savoir plus sur Actualit\u00e9s fran\u00e7aises: L&rsquo;Argentine demande au Pakistan et au Sri Lanka d&rsquo;arr\u00eater le ministre de l&rsquo;Int\u00e9rieur en visite\">Lire la suite<\/a><\/p>\n","protected":false},"author":2,"featured_media":413,"comment_status":"closed","ping_status":"closed","sticky":false,"template":"","format":"standard","meta":{"footnotes":""},"categories":[2],"tags":[],"class_list":["post-412","post","type-post","status-publish","format-standard","has-post-thumbnail","hentry","category-la-dictature-numerique"],"yoast_head":"<!-- This site is optimized with the Yoast SEO plugin v27.5 - https:\/\/yoast.com\/product\/yoast-seo-wordpress\/ -->\n<title>Actualit\u00e9s fran\u00e7aises: L&#039;Argentine demande au Pakistan et au Sri Lanka d&#039;arr\u00eater le ministre de l&#039;Int\u00e9rieur en visite - INFODICTAT<\/title>\n<meta name=\"robots\" content=\"index, follow, max-snippet:-1, max-image-preview:large, max-video-preview:-1\" \/>\n<link rel=\"canonical\" href=\"https:\/\/www.infodictat.fr\/blog\/actualites-francaises-largentine-demande-au-pakistan-et-au-sri-lanka-darreter-le-ministre-de-linterieur-en-visite\/\" \/>\n<meta property=\"og:locale\" content=\"fr_FR\" \/>\n<meta property=\"og:type\" content=\"article\" \/>\n<meta property=\"og:title\" content=\"Actualit\u00e9s fran\u00e7aises: L&#039;Argentine demande au Pakistan et au Sri Lanka d&#039;arr\u00eater le ministre de l&#039;Int\u00e9rieur en visite - INFODICTAT\" \/>\n<meta property=\"og:description\" content=\"Le gouvernement argentin a demand\u00e9 mardi 23 avril au Pakistan et au Sri Lanka d&rsquo;arr\u00eater le ministre iranien de l&rsquo;Int\u00e9rieur Ahmad Vahidi, recherch\u00e9 pour l&rsquo;attentat contre la mutuelle juive Amia \u00e0 Buenos Aires en 1994. Consid\u00e9r\u00e9 comme le cerveau de l&rsquo; Attaque le plus grave de l&rsquo;histoire du pays, il effectue actuellement une tourn\u00e9e dans ... Lire la suite\" \/>\n<meta property=\"og:url\" content=\"https:\/\/www.infodictat.fr\/blog\/actualites-francaises-largentine-demande-au-pakistan-et-au-sri-lanka-darreter-le-ministre-de-linterieur-en-visite\/\" \/>\n<meta property=\"og:site_name\" content=\"INFODICTAT\" \/>\n<meta property=\"article:published_time\" content=\"2024-04-24T08:47:32+00:00\" \/>\n<meta property=\"og:image\" content=\"https:\/\/www.infodictat.fr\/blog\/wp-content\/uploads\/2024\/04\/Actualites-francaises-L39Argentine-demande-au-Pakistan-et-au-Sri-Lanka-1024x693-1.jpg\" \/>\n<meta name=\"author\" content=\"Oscar BETHMONT\" \/>\n<meta name=\"twitter:card\" content=\"summary_large_image\" \/>\n<meta name=\"twitter:label1\" content=\"\u00c9crit par\" \/>\n\t<meta name=\"twitter:data1\" content=\"Oscar BETHMONT\" \/>\n\t<meta name=\"twitter:label2\" content=\"Dur\u00e9e de lecture estim\u00e9e\" \/>\n\t<meta name=\"twitter:data2\" content=\"3 minutes\" \/>\n<script type=\"application\/ld+json\" class=\"yoast-schema-graph\">{\"@context\":\"https:\\\/\\\/schema.org\",\"@graph\":[{\"@type\":\"Article\",\"@id\":\"https:\\\/\\\/www.infodictat.fr\\\/blog\\\/actualites-francaises-largentine-demande-au-pakistan-et-au-sri-lanka-darreter-le-ministre-de-linterieur-en-visite\\\/#article\",\"isPartOf\":{\"@id\":\"https:\\\/\\\/www.infodictat.fr\\\/blog\\\/actualites-francaises-largentine-demande-au-pakistan-et-au-sri-lanka-darreter-le-ministre-de-linterieur-en-visite\\\/\"},\"author\":{\"name\":\"Oscar BETHMONT\",\"@id\":\"https:\\\/\\\/www.infodictat.fr\\\/blog\\\/#\\\/schema\\\/person\\\/6c2c8af0941702348e8eca9144cc1267\"},\"headline\":\"Actualit\u00e9s fran\u00e7aises: L&rsquo;Argentine demande au Pakistan et au Sri Lanka d&rsquo;arr\u00eater le ministre de l&rsquo;Int\u00e9rieur en visite\",\"datePublished\":\"2024-04-24T08:47:32+00:00\",\"mainEntityOfPage\":{\"@id\":\"https:\\\/\\\/www.infodictat.fr\\\/blog\\\/actualites-francaises-largentine-demande-au-pakistan-et-au-sri-lanka-darreter-le-ministre-de-linterieur-en-visite\\\/\"},\"wordCount\":710,\"publisher\":{\"@id\":\"https:\\\/\\\/www.infodictat.fr\\\/blog\\\/#organization\"},\"image\":{\"@id\":\"https:\\\/\\\/www.infodictat.fr\\\/blog\\\/actualites-francaises-largentine-demande-au-pakistan-et-au-sri-lanka-darreter-le-ministre-de-linterieur-en-visite\\\/#primaryimage\"},\"thumbnailUrl\":\"https:\\\/\\\/www.infodictat.fr\\\/blog\\\/wp-content\\\/uploads\\\/2024\\\/04\\\/Actualites-francaises-L39Argentine-demande-au-Pakistan-et-au-Sri-Lanka-1024x693-1.jpg\",\"articleSection\":[\"La Dictature Num\u00e9rique:\"],\"inLanguage\":\"fr-FR\"},{\"@type\":\"WebPage\",\"@id\":\"https:\\\/\\\/www.infodictat.fr\\\/blog\\\/actualites-francaises-largentine-demande-au-pakistan-et-au-sri-lanka-darreter-le-ministre-de-linterieur-en-visite\\\/\",\"url\":\"https:\\\/\\\/www.infodictat.fr\\\/blog\\\/actualites-francaises-largentine-demande-au-pakistan-et-au-sri-lanka-darreter-le-ministre-de-linterieur-en-visite\\\/\",\"name\":\"Actualit\u00e9s fran\u00e7aises: L'Argentine demande au Pakistan et au Sri Lanka d'arr\u00eater le ministre de l'Int\u00e9rieur en visite - INFODICTAT\",\"isPartOf\":{\"@id\":\"https:\\\/\\\/www.infodictat.fr\\\/blog\\\/#website\"},\"primaryImageOfPage\":{\"@id\":\"https:\\\/\\\/www.infodictat.fr\\\/blog\\\/actualites-francaises-largentine-demande-au-pakistan-et-au-sri-lanka-darreter-le-ministre-de-linterieur-en-visite\\\/#primaryimage\"},\"image\":{\"@id\":\"https:\\\/\\\/www.infodictat.fr\\\/blog\\\/actualites-francaises-largentine-demande-au-pakistan-et-au-sri-lanka-darreter-le-ministre-de-linterieur-en-visite\\\/#primaryimage\"},\"thumbnailUrl\":\"https:\\\/\\\/www.infodictat.fr\\\/blog\\\/wp-content\\\/uploads\\\/2024\\\/04\\\/Actualites-francaises-L39Argentine-demande-au-Pakistan-et-au-Sri-Lanka-1024x693-1.jpg\",\"datePublished\":\"2024-04-24T08:47:32+00:00\",\"breadcrumb\":{\"@id\":\"https:\\\/\\\/www.infodictat.fr\\\/blog\\\/actualites-francaises-largentine-demande-au-pakistan-et-au-sri-lanka-darreter-le-ministre-de-linterieur-en-visite\\\/#breadcrumb\"},\"inLanguage\":\"fr-FR\",\"potentialAction\":[{\"@type\":\"ReadAction\",\"target\":[\"https:\\\/\\\/www.infodictat.fr\\\/blog\\\/actualites-francaises-largentine-demande-au-pakistan-et-au-sri-lanka-darreter-le-ministre-de-linterieur-en-visite\\\/\"]}]},{\"@type\":\"ImageObject\",\"inLanguage\":\"fr-FR\",\"@id\":\"https:\\\/\\\/www.infodictat.fr\\\/blog\\\/actualites-francaises-largentine-demande-au-pakistan-et-au-sri-lanka-darreter-le-ministre-de-linterieur-en-visite\\\/#primaryimage\",\"url\":\"https:\\\/\\\/www.infodictat.fr\\\/blog\\\/wp-content\\\/uploads\\\/2024\\\/04\\\/Actualites-francaises-L39Argentine-demande-au-Pakistan-et-au-Sri-Lanka-1024x693-1.jpg\",\"contentUrl\":\"https:\\\/\\\/www.infodictat.fr\\\/blog\\\/wp-content\\\/uploads\\\/2024\\\/04\\\/Actualites-francaises-L39Argentine-demande-au-Pakistan-et-au-Sri-Lanka-1024x693-1.jpg\",\"width\":1024,\"height\":693},{\"@type\":\"BreadcrumbList\",\"@id\":\"https:\\\/\\\/www.infodictat.fr\\\/blog\\\/actualites-francaises-largentine-demande-au-pakistan-et-au-sri-lanka-darreter-le-ministre-de-linterieur-en-visite\\\/#breadcrumb\",\"itemListElement\":[{\"@type\":\"ListItem\",\"position\":1,\"name\":\"Accueil\",\"item\":\"https:\\\/\\\/www.infodictat.fr\\\/blog\\\/\"},{\"@type\":\"ListItem\",\"position\":2,\"name\":\"Actualit\u00e9s fran\u00e7aises: L&rsquo;Argentine demande au Pakistan et au Sri Lanka d&rsquo;arr\u00eater le ministre de l&rsquo;Int\u00e9rieur en visite\"}]},{\"@type\":\"WebSite\",\"@id\":\"https:\\\/\\\/www.infodictat.fr\\\/blog\\\/#website\",\"url\":\"https:\\\/\\\/www.infodictat.fr\\\/blog\\\/\",\"name\":\"INFODICTAT\",\"description\":\"La dictature num\u00e9rique.\",\"publisher\":{\"@id\":\"https:\\\/\\\/www.infodictat.fr\\\/blog\\\/#organization\"},\"potentialAction\":[{\"@type\":\"SearchAction\",\"target\":{\"@type\":\"EntryPoint\",\"urlTemplate\":\"https:\\\/\\\/www.infodictat.fr\\\/blog\\\/?s={search_term_string}\"},\"query-input\":{\"@type\":\"PropertyValueSpecification\",\"valueRequired\":true,\"valueName\":\"search_term_string\"}}],\"inLanguage\":\"fr-FR\"},{\"@type\":\"Organization\",\"@id\":\"https:\\\/\\\/www.infodictat.fr\\\/blog\\\/#organization\",\"name\":\"infodictat\",\"url\":\"https:\\\/\\\/www.infodictat.fr\\\/blog\\\/\",\"logo\":{\"@type\":\"ImageObject\",\"inLanguage\":\"fr-FR\",\"@id\":\"https:\\\/\\\/www.infodictat.fr\\\/blog\\\/#\\\/schema\\\/logo\\\/image\\\/\",\"url\":\"https:\\\/\\\/www.infodictat.fr\\\/blog\\\/wp-content\\\/uploads\\\/2023\\\/05\\\/logo-2.png\",\"contentUrl\":\"https:\\\/\\\/www.infodictat.fr\\\/blog\\\/wp-content\\\/uploads\\\/2023\\\/05\\\/logo-2.png\",\"width\":480,\"height\":596,\"caption\":\"infodictat\"},\"image\":{\"@id\":\"https:\\\/\\\/www.infodictat.fr\\\/blog\\\/#\\\/schema\\\/logo\\\/image\\\/\"}},{\"@type\":\"Person\",\"@id\":\"https:\\\/\\\/www.infodictat.fr\\\/blog\\\/#\\\/schema\\\/person\\\/6c2c8af0941702348e8eca9144cc1267\",\"name\":\"Oscar BETHMONT\",\"image\":{\"@type\":\"ImageObject\",\"inLanguage\":\"fr-FR\",\"@id\":\"https:\\\/\\\/secure.gravatar.com\\\/avatar\\\/f80ff32d67d40b919e8be190b7325be3c6cb33ce305ac1d45cadad29128e831e?s=96&d=mm&r=g\",\"url\":\"https:\\\/\\\/secure.gravatar.com\\\/avatar\\\/f80ff32d67d40b919e8be190b7325be3c6cb33ce305ac1d45cadad29128e831e?s=96&d=mm&r=g\",\"contentUrl\":\"https:\\\/\\\/secure.gravatar.com\\\/avatar\\\/f80ff32d67d40b919e8be190b7325be3c6cb33ce305ac1d45cadad29128e831e?s=96&d=mm&r=g\",\"caption\":\"Oscar BETHMONT\"},\"url\":\"https:\\\/\\\/www.infodictat.fr\\\/blog\\\/author\\\/tatoscar\\\/\"}]}<\/script>\n<!-- \/ Yoast SEO plugin. -->","yoast_head_json":{"title":"Actualit\u00e9s fran\u00e7aises: L'Argentine demande au Pakistan et au Sri Lanka d'arr\u00eater le ministre de l'Int\u00e9rieur en visite - INFODICTAT","robots":{"index":"index","follow":"follow","max-snippet":"max-snippet:-1","max-image-preview":"max-image-preview:large","max-video-preview":"max-video-preview:-1"},"canonical":"https:\/\/www.infodictat.fr\/blog\/actualites-francaises-largentine-demande-au-pakistan-et-au-sri-lanka-darreter-le-ministre-de-linterieur-en-visite\/","og_locale":"fr_FR","og_type":"article","og_title":"Actualit\u00e9s fran\u00e7aises: L'Argentine demande au Pakistan et au Sri Lanka d'arr\u00eater le ministre de l'Int\u00e9rieur en visite - INFODICTAT","og_description":"Le gouvernement argentin a demand\u00e9 mardi 23 avril au Pakistan et au Sri Lanka d&rsquo;arr\u00eater le ministre iranien de l&rsquo;Int\u00e9rieur Ahmad Vahidi, recherch\u00e9 pour l&rsquo;attentat contre la mutuelle juive Amia \u00e0 Buenos Aires en 1994. Consid\u00e9r\u00e9 comme le cerveau de l&rsquo; Attaque le plus grave de l&rsquo;histoire du pays, il effectue actuellement une tourn\u00e9e dans ... Lire la suite","og_url":"https:\/\/www.infodictat.fr\/blog\/actualites-francaises-largentine-demande-au-pakistan-et-au-sri-lanka-darreter-le-ministre-de-linterieur-en-visite\/","og_site_name":"INFODICTAT","article_published_time":"2024-04-24T08:47:32+00:00","og_image":[{"url":"https:\/\/www.infodictat.fr\/blog\/wp-content\/uploads\/2024\/04\/Actualites-francaises-L39Argentine-demande-au-Pakistan-et-au-Sri-Lanka-1024x693-1.jpg","type":"","width":"","height":""}],"author":"Oscar BETHMONT","twitter_card":"summary_large_image","twitter_misc":{"\u00c9crit par":"Oscar BETHMONT","Dur\u00e9e de lecture estim\u00e9e":"3 minutes"},"schema":{"@context":"https:\/\/schema.org","@graph":[{"@type":"Article","@id":"https:\/\/www.infodictat.fr\/blog\/actualites-francaises-largentine-demande-au-pakistan-et-au-sri-lanka-darreter-le-ministre-de-linterieur-en-visite\/#article","isPartOf":{"@id":"https:\/\/www.infodictat.fr\/blog\/actualites-francaises-largentine-demande-au-pakistan-et-au-sri-lanka-darreter-le-ministre-de-linterieur-en-visite\/"},"author":{"name":"Oscar BETHMONT","@id":"https:\/\/www.infodictat.fr\/blog\/#\/schema\/person\/6c2c8af0941702348e8eca9144cc1267"},"headline":"Actualit\u00e9s fran\u00e7aises: L&rsquo;Argentine demande au Pakistan et au Sri Lanka d&rsquo;arr\u00eater le ministre de l&rsquo;Int\u00e9rieur en visite","datePublished":"2024-04-24T08:47:32+00:00","mainEntityOfPage":{"@id":"https:\/\/www.infodictat.fr\/blog\/actualites-francaises-largentine-demande-au-pakistan-et-au-sri-lanka-darreter-le-ministre-de-linterieur-en-visite\/"},"wordCount":710,"publisher":{"@id":"https:\/\/www.infodictat.fr\/blog\/#organization"},"image":{"@id":"https:\/\/www.infodictat.fr\/blog\/actualites-francaises-largentine-demande-au-pakistan-et-au-sri-lanka-darreter-le-ministre-de-linterieur-en-visite\/#primaryimage"},"thumbnailUrl":"https:\/\/www.infodictat.fr\/blog\/wp-content\/uploads\/2024\/04\/Actualites-francaises-L39Argentine-demande-au-Pakistan-et-au-Sri-Lanka-1024x693-1.jpg","articleSection":["La Dictature Num\u00e9rique:"],"inLanguage":"fr-FR"},{"@type":"WebPage","@id":"https:\/\/www.infodictat.fr\/blog\/actualites-francaises-largentine-demande-au-pakistan-et-au-sri-lanka-darreter-le-ministre-de-linterieur-en-visite\/","url":"https:\/\/www.infodictat.fr\/blog\/actualites-francaises-largentine-demande-au-pakistan-et-au-sri-lanka-darreter-le-ministre-de-linterieur-en-visite\/","name":"Actualit\u00e9s fran\u00e7aises: L'Argentine demande au Pakistan et au Sri Lanka d'arr\u00eater le ministre de l'Int\u00e9rieur en visite - INFODICTAT","isPartOf":{"@id":"https:\/\/www.infodictat.fr\/blog\/#website"},"primaryImageOfPage":{"@id":"https:\/\/www.infodictat.fr\/blog\/actualites-francaises-largentine-demande-au-pakistan-et-au-sri-lanka-darreter-le-ministre-de-linterieur-en-visite\/#primaryimage"},"image":{"@id":"https:\/\/www.infodictat.fr\/blog\/actualites-francaises-largentine-demande-au-pakistan-et-au-sri-lanka-darreter-le-ministre-de-linterieur-en-visite\/#primaryimage"},"thumbnailUrl":"https:\/\/www.infodictat.fr\/blog\/wp-content\/uploads\/2024\/04\/Actualites-francaises-L39Argentine-demande-au-Pakistan-et-au-Sri-Lanka-1024x693-1.jpg","datePublished":"2024-04-24T08:47:32+00:00","breadcrumb":{"@id":"https:\/\/www.infodictat.fr\/blog\/actualites-francaises-largentine-demande-au-pakistan-et-au-sri-lanka-darreter-le-ministre-de-linterieur-en-visite\/#breadcrumb"},"inLanguage":"fr-FR","potentialAction":[{"@type":"ReadAction","target":["https:\/\/www.infodictat.fr\/blog\/actualites-francaises-largentine-demande-au-pakistan-et-au-sri-lanka-darreter-le-ministre-de-linterieur-en-visite\/"]}]},{"@type":"ImageObject","inLanguage":"fr-FR","@id":"https:\/\/www.infodictat.fr\/blog\/actualites-francaises-largentine-demande-au-pakistan-et-au-sri-lanka-darreter-le-ministre-de-linterieur-en-visite\/#primaryimage","url":"https:\/\/www.infodictat.fr\/blog\/wp-content\/uploads\/2024\/04\/Actualites-francaises-L39Argentine-demande-au-Pakistan-et-au-Sri-Lanka-1024x693-1.jpg","contentUrl":"https:\/\/www.infodictat.fr\/blog\/wp-content\/uploads\/2024\/04\/Actualites-francaises-L39Argentine-demande-au-Pakistan-et-au-Sri-Lanka-1024x693-1.jpg","width":1024,"height":693},{"@type":"BreadcrumbList","@id":"https:\/\/www.infodictat.fr\/blog\/actualites-francaises-largentine-demande-au-pakistan-et-au-sri-lanka-darreter-le-ministre-de-linterieur-en-visite\/#breadcrumb","itemListElement":[{"@type":"ListItem","position":1,"name":"Accueil","item":"https:\/\/www.infodictat.fr\/blog\/"},{"@type":"ListItem","position":2,"name":"Actualit\u00e9s fran\u00e7aises: L&rsquo;Argentine demande au Pakistan et au Sri Lanka d&rsquo;arr\u00eater le ministre de l&rsquo;Int\u00e9rieur en visite"}]},{"@type":"WebSite","@id":"https:\/\/www.infodictat.fr\/blog\/#website","url":"https:\/\/www.infodictat.fr\/blog\/","name":"INFODICTAT","description":"La dictature num\u00e9rique.","publisher":{"@id":"https:\/\/www.infodictat.fr\/blog\/#organization"},"potentialAction":[{"@type":"SearchAction","target":{"@type":"EntryPoint","urlTemplate":"https:\/\/www.infodictat.fr\/blog\/?s={search_term_string}"},"query-input":{"@type":"PropertyValueSpecification","valueRequired":true,"valueName":"search_term_string"}}],"inLanguage":"fr-FR"},{"@type":"Organization","@id":"https:\/\/www.infodictat.fr\/blog\/#organization","name":"infodictat","url":"https:\/\/www.infodictat.fr\/blog\/","logo":{"@type":"ImageObject","inLanguage":"fr-FR","@id":"https:\/\/www.infodictat.fr\/blog\/#\/schema\/logo\/image\/","url":"https:\/\/www.infodictat.fr\/blog\/wp-content\/uploads\/2023\/05\/logo-2.png","contentUrl":"https:\/\/www.infodictat.fr\/blog\/wp-content\/uploads\/2023\/05\/logo-2.png","width":480,"height":596,"caption":"infodictat"},"image":{"@id":"https:\/\/www.infodictat.fr\/blog\/#\/schema\/logo\/image\/"}},{"@type":"Person","@id":"https:\/\/www.infodictat.fr\/blog\/#\/schema\/person\/6c2c8af0941702348e8eca9144cc1267","name":"Oscar BETHMONT","image":{"@type":"ImageObject","inLanguage":"fr-FR","@id":"https:\/\/secure.gravatar.com\/avatar\/f80ff32d67d40b919e8be190b7325be3c6cb33ce305ac1d45cadad29128e831e?s=96&d=mm&r=g","url":"https:\/\/secure.gravatar.com\/avatar\/f80ff32d67d40b919e8be190b7325be3c6cb33ce305ac1d45cadad29128e831e?s=96&d=mm&r=g","contentUrl":"https:\/\/secure.gravatar.com\/avatar\/f80ff32d67d40b919e8be190b7325be3c6cb33ce305ac1d45cadad29128e831e?s=96&d=mm&r=g","caption":"Oscar BETHMONT"},"url":"https:\/\/www.infodictat.fr\/blog\/author\/tatoscar\/"}]}},"_links":{"self":[{"href":"https:\/\/www.infodictat.fr\/blog\/wp-json\/wp\/v2\/posts\/412","targetHints":{"allow":["GET"]}}],"collection":[{"href":"https:\/\/www.infodictat.fr\/blog\/wp-json\/wp\/v2\/posts"}],"about":[{"href":"https:\/\/www.infodictat.fr\/blog\/wp-json\/wp\/v2\/types\/post"}],"author":[{"embeddable":true,"href":"https:\/\/www.infodictat.fr\/blog\/wp-json\/wp\/v2\/users\/2"}],"replies":[{"embeddable":true,"href":"https:\/\/www.infodictat.fr\/blog\/wp-json\/wp\/v2\/comments?post=412"}],"version-history":[{"count":0,"href":"https:\/\/www.infodictat.fr\/blog\/wp-json\/wp\/v2\/posts\/412\/revisions"}],"wp:featuredmedia":[{"embeddable":true,"href":"https:\/\/www.infodictat.fr\/blog\/wp-json\/wp\/v2\/media\/413"}],"wp:attachment":[{"href":"https:\/\/www.infodictat.fr\/blog\/wp-json\/wp\/v2\/media?parent=412"}],"wp:term":[{"taxonomy":"category","embeddable":true,"href":"https:\/\/www.infodictat.fr\/blog\/wp-json\/wp\/v2\/categories?post=412"},{"taxonomy":"post_tag","embeddable":true,"href":"https:\/\/www.infodictat.fr\/blog\/wp-json\/wp\/v2\/tags?post=412"}],"curies":[{"name":"wp","href":"https:\/\/api.w.org\/{rel}","templated":true}]}}