{"id":410,"date":"2024-04-24T11:03:05","date_gmt":"2024-04-24T09:03:05","guid":{"rendered":"https:\/\/www.infodictat.fr\/blog\/actualites-france-dans-la-tete-de-la-toulousaine-nadia-pellefigue-france\/"},"modified":"2024-04-24T11:03:05","modified_gmt":"2024-04-24T09:03:05","slug":"actualites-france-dans-la-tete-de-la-toulousaine-nadia-pellefigue-france","status":"publish","type":"post","link":"https:\/\/www.infodictat.fr\/blog\/actualites-france-dans-la-tete-de-la-toulousaine-nadia-pellefigue-france\/","title":{"rendered":"Actualit\u00e9s France: Dans la t\u00eate de la Toulousaine Nadia Pellefigue #France"},"content":{"rendered":"<div><img width=\"580\" height=\"290\" src=\"https:\/\/www.infodictat.fr\/blog\/wp-content\/uploads\/2024\/04\/Actualites-France-Dans-la-tete-de-la-Toulousaine-Nadia-Pellefigue-1024x512-1.jpg\" class=\"attachment-large size-large wp-post-image\" alt=\"Actualites-France-Dans-la-tete-de-la-Toulousaine-Nadia-Pellefigue\" style=\"float:left; margin:0 15px 15px 0;\" decoding=\"async\" loading=\"lazy\" srcset=\"https:\/\/www.infodictat.fr\/blog\/wp-content\/uploads\/2024\/04\/Actualites-France-Dans-la-tete-de-la-Toulousaine-Nadia-Pellefigue-1024x512-1.jpg 1024w, https:\/\/www.site.cdcl.xyz\/wp-content\/uploads\/2024\/04\/Actualites-France-Dans-la-tete-de-la-Toulousaine-Nadia-Pellefigue-300x150.jpg 300w, https:\/\/www.site.cdcl.xyz\/wp-content\/uploads\/2024\/04\/Actualites-France-Dans-la-tete-de-la-Toulousaine-Nadia-Pellefigue-768x384.jpg 768w, https:\/\/www.site.cdcl.xyz\/wp-content\/uploads\/2024\/04\/Actualites-France-Dans-la-tete-de-la-Toulousaine-Nadia-Pellefigue-1200x600.jpg 1200w, https:\/\/www.site.cdcl.xyz\/wp-content\/uploads\/2024\/04\/Actualites-France-Dans-la-tete-de-la-Toulousaine-Nadia-Pellefigue.jpg 1440w\" sizes=\"auto, (max-width: 580px) 100vw, 580px\"><\/p>\n<h1>Dans la t\u00eate de la Toulousaine Nadia Pellefigue publi\u00e9 par Le Point \u2013 Politique le <span id=\"datecrea\"><\/span> <\/h1>\n<p>Cet article, dont le th\u00e8me est \u00ab\u00a0Actualit\u00e9 fran\u00e7aise\u00a0\u00bb, a \u00e9t\u00e9 vu sur le web, nous sommes heureux de vous en produire l\u2019essentiel ci-dessous.<\/p>\n<h2>Ceci a \u00e9t\u00e9 publi\u00e9 par Le Point \u2013 Politique<\/h2>\n<p><u>Signature  . <\/u><\/p>\n<p><u>Date et heure de la r\u00e9ception de la d\u00e9p\u00e9che sur notre fil d\u2019info:<\/u><strong><span id=\"date\"><\/span><\/strong><\/p>\n<p><u>Date et heure de publication sur internet:<\/u> <strong><span id=\"datecrea\"><\/span><\/strong><\/p>\n<p><u>Titre exacte donn\u00e9 par le journal \u00e9tait:<\/u> <strong>Dans la t\u00eate de la Toulousaine Nadia Pellefigue<\/strong><\/p>\n<p><u>Information et contenu publi\u00e9s :<\/u><\/p>\n<p><img decoding=\"async\" src=\"https:\/\/www.infodictat.fr\/blog\/wp-content\/uploads\/2024\/04\/Actus-francaises-Dans-la-tete-de-la-Toulousaine-Nadia-Pellefigue.jpg\"><\/p>\n<div id=\"contenu\">\n        <!-- include t_www_2023\/pages\/article\/blocs\/tag_pub.tpl --><br \/>\n        <!-- include \/t_www_2023\/pages\/article\/blocs\/tag_pub.tpl --><\/p>\n<p><span class=\"dflt-txt__lettrine\">N<\/span>adia Pellefigue sera-t-elle celle qui permettra \u00e0 la gauche de reconqu\u00e9rir le Capitole et la m\u00e9tropole, perdus par les socialistes en 2014\u00a0? La partie n\u2019est pas gagn\u00e9e. D\u2019ici aux prochaines municipales, en 2026, beaucoup d\u2019eau aura coul\u00e9 sous les ponts en France en g\u00e9n\u00e9ral et \u00e0 Toulouse en particulier. Il n\u2019emp\u00eache\u00a0: la vice-pr\u00e9sidente de la r\u00e9gion Occitanie charg\u00e9e de l\u2019enseignement sup\u00e9rieur, de la recherche, de l\u2019Europe et des relations internationales y pense\u2026 un peu, beaucoup, voire passionn\u00e9ment, mais aussi sans pr\u00e9cipitation et avec une certaine inqui\u00e9tude.<\/p>\n<section class=\"mbl txtcenter\"><\/section>\n<p><em>\u00ab\u00a0\u00c9videmment, cette envie et ma passion pour Toulouse m\u2019animent toujours, <\/em>confie Nadia Pellefigue.<em> La question est\u00a0: quel sera le contexte politique \u00e0 ce moment-l\u00e0\u00a0? Avant les municipales, il y a les europ\u00e9ennes, en juin\u2026 Je c\u2026<\/em><\/p>\n<p><!-- include t_www_2023\/pages\/article\/blocs\/bloc-encadre.tpl --><br \/>\n<!-- include \/t_www_2023\/pages\/article\/blocs\/bloc-encadre.tpl --><\/p>\n<aside id=\"article-reserve-aux-abonnes\" class=\"paywall\" data-gtm=\"display:abo\" data-campaign=\"paywall_article\">\n<div class=\"paywall-content\">\n<p>Toute l\u2019actualit\u00e9 \u00e0 1\u20ac le premier mois<\/p>\n<p>S\u2019abonner<\/p>\n<p><span>ou<\/span><\/p>\n<p><button class=\"swg-standard-button\" id=\"swg-btn-maison\" role=\"button\" title=\"S'abonner avec Google\" data-gtm=\"click:abo\" data-campaign=\"paywall_maison_swig\"><\/button>\n<\/p>\n<\/div>\n<\/aside>\n<div id=\"newsletter\" class=\"bloc-1 title-top\">\n<span class=\"h2\">La newsletter politique<\/span><\/p>\n<div class=\"step-1\">\n<p class=\"period\">Tous les jeudis \u00e0 7h30<\/p>\n<p>Recevez en avant-premi\u00e8re les informations et analyses politiques de la r\u00e9daction du Point.<\/p>\n<\/div>\n<div class=\"step-2\">\n<p>Merci !<br \/>Votre inscription a bien \u00e9t\u00e9 prise en compte avec l\u2019adresse email :<br \/><span class=\"email-sended\"><\/span><\/p>\n<p>Pour d\u00e9couvrir toutes nos autres newsletters, rendez-vous ici : MonCompte<\/p>\n<\/div>\n<p>En vous inscrivant, vous acceptez les conditions g\u00e9n\u00e9rales d\u2019utilisations et notre politique de confidentialit\u00e9.<\/p>\n<\/div>\n<\/div>\n<p> <img decoding=\"async\" src=\"https:\/\/www.infodictat.fr\/blog\/wp-content\/uploads\/2024\/04\/Actus-francaises-Dans-la-tete-de-la-Toulousaine-Nadia-Pellefigue.jpg\" alt=\"Dans la t\u00eate de la Toulousaine Nadia Pellefigue\"><\/p>\n<p>#Dans #t\u00eate #Toulousaine #Nadia #Pellefigue<\/p>\n<p>Reprise de l\u2019information dans un style journalistique professionnel descriptif en organisant les id\u00e9es dans un ordre coh\u00e9rent avec titres html <\/p>\n<p>A lire sur un sujet proche:<\/p>\n<p>J\u2019ai d\u00e9barqu\u00e9 le 6 juin 1944.,<a href=\"https:\/\/www.kobo.com\/fr\/fr\/ebook\/j-ai-debarque-le-6-juin-1944-1\" target=\"_blank\" rel=\"noopener noreferrer nofollow\">Fiche de l\u2019ouvrage<\/a><span><\/span>.<\/p>\n<p>Photographie\/Fabricants\/Ferrania.,<a href=\"https:\/\/fr.wikibooks.org\/wiki\/Photographie\/Fabricants\/Ferrania\" target=\"_blank\" rel=\"noopener noreferrer nofollow\">Redirection vers la fiche descriptive<\/a><span><\/span>. Disponible sur internet.<\/p>\n<p>Vers le Service national.,<a href=\"https:\/\/www.kobo.com\/fr\/fr\/ebook\/vers-le-service-national\" target=\"_blank\" rel=\"noopener noreferrer nofollow\">Fiche de l\u2019\u00e9diteur<\/a><span><\/span>.<\/p>\n<p><script>\nvar date = \"Non r\u00e9cup\u00e9r\u00e9es\";\n        \/\/ Valeur de timestamp\n        var timestampString = 1713942067; \/\/ Assurez-vous que le timestamp est une cha\u00eene de texte\n        \/\/ Convertir la cha\u00eene de texte en nombre entier (timestamp)\n        var timestamp = parseInt(timestampString);\n        \/\/ Cr\u00e9er un objet Date \u00e0 partir du timestamp\n        var dateObject = new Date(timestamp * 1000); \/\/ Le timestamp est en secondes, donc on le multiplie par 1000 pour obtenir les millisecondes\n        \/\/ Format de date personnalis\u00e9\n        var options = { weekday: 'long', year: 'numeric', month: 'long', day: 'numeric', hour: 'numeric', minute: 'numeric', second: 'numeric', timeZone: 'Europe\/Paris' };\n        var formattedDate = dateObject.toLocaleDateString('fr-FR', options);\n formattedDate = formattedDate.replace(\/^.\/, formattedDate[0].toUpperCase());\n        \/\/ Afficher la date dans le HTML\n        document.getElementById('date').textContent = formattedDate;\n    <\/script><\/p>\n<p><script>\nvar datecrea = \"Non r\u00e9cup\u00e9r\u00e9e\";\n        \/\/ Date et heure au format \"2008-06-15 18:02:58\"\n        var dateString = \"2024-04-24 06:30:00\";\n        \/\/ Convertir la cha\u00eene de texte en objet Date\n        var now = new Date(dateString);\n        \/\/ Format de date personnalis\u00e9\n        var options = { weekday: 'long', year: 'numeric', month: 'long', day: 'numeric', hour: 'numeric', minute: 'numeric', second: 'numeric', timeZone: 'Europe\/Paris' };\n        var formattedDate = now.toLocaleDateString('fr-FR', options);\n formattedDate = formattedDate.replace(\/^.\/, formattedDate[0].toUpperCase());\n        \/\/ Afficher la date dans le HTML\n        document.getElementById('datecrea').textContent = formattedDate;\n    <\/script><\/p>\n<\/div>\n<p><img decoding=\"async\" class=\"wpe_imgrss\" src=\"https:\/\/www.infodictat.fr\/blog\/wp-content\/uploads\/2024\/04\/Actualites-France-Dans-la-tete-de-la-Toulousaine-Nadia-Pellefigue-1024x512-1.jpg\">Vous pouvez lire ce post traitant le sujet \u00ab\u00a0La dictature num\u00e9rique\u00a0\u00bb. Il est produit par la r\u00e9daction de infodictat.fr. Le site infodictat.fr a pour objectif de publier plusieurs articles autour du sujet La dictature num\u00e9rique d\u00e9velopp\u00e9es sur le web. Cette chronique se veut g\u00e9n\u00e9r\u00e9e de la fa\u00e7on la plus juste qui soit. Pour \u00e9mettre des remarques sur ce dossier autour du sujet \u00ab\u00a0La dictature num\u00e9rique\u00a0\u00bb prenez les contacts indiqu\u00e9s sur notre site internet. En consultant r\u00e9guli\u00e8rement nos contenus de blog vous serez au courant des futures parutions.<\/p>\n","protected":false},"excerpt":{"rendered":"<p>Dans la t\u00eate de la Toulousaine Nadia Pellefigue publi\u00e9 par Le Point \u2013 Politique le Cet article, dont le th\u00e8me est \u00ab\u00a0Actualit\u00e9 fran\u00e7aise\u00a0\u00bb, a \u00e9t\u00e9 vu sur le web, nous sommes heureux de vous en produire l\u2019essentiel ci-dessous. Ceci a \u00e9t\u00e9 publi\u00e9 par Le Point \u2013 Politique Signature . Date et heure de la r\u00e9ception &#8230; <a title=\"Actualit\u00e9s France: Dans la t\u00eate de la Toulousaine Nadia Pellefigue #France\" class=\"read-more\" href=\"https:\/\/www.infodictat.fr\/blog\/actualites-france-dans-la-tete-de-la-toulousaine-nadia-pellefigue-france\/\" aria-label=\"En savoir plus sur Actualit\u00e9s France: Dans la t\u00eate de la Toulousaine Nadia Pellefigue #France\">Lire la suite<\/a><\/p>\n","protected":false},"author":2,"featured_media":411,"comment_status":"closed","ping_status":"closed","sticky":false,"template":"","format":"standard","meta":{"footnotes":""},"categories":[2],"tags":[],"class_list":["post-410","post","type-post","status-publish","format-standard","has-post-thumbnail","hentry","category-la-dictature-numerique"],"yoast_head":"<!-- This site is optimized with the Yoast SEO plugin v27.5 - https:\/\/yoast.com\/product\/yoast-seo-wordpress\/ -->\n<title>Actualit\u00e9s France: Dans la t\u00eate de la Toulousaine Nadia Pellefigue #France - INFODICTAT<\/title>\n<meta name=\"robots\" content=\"index, follow, max-snippet:-1, max-image-preview:large, max-video-preview:-1\" \/>\n<link rel=\"canonical\" href=\"https:\/\/www.infodictat.fr\/blog\/actualites-france-dans-la-tete-de-la-toulousaine-nadia-pellefigue-france\/\" \/>\n<meta property=\"og:locale\" content=\"fr_FR\" \/>\n<meta property=\"og:type\" content=\"article\" \/>\n<meta property=\"og:title\" content=\"Actualit\u00e9s France: Dans la t\u00eate de la Toulousaine Nadia Pellefigue #France - INFODICTAT\" \/>\n<meta property=\"og:description\" content=\"Dans la t\u00eate de la Toulousaine Nadia Pellefigue publi\u00e9 par Le Point \u2013 Politique le Cet article, dont le th\u00e8me est \u00ab\u00a0Actualit\u00e9 fran\u00e7aise\u00a0\u00bb, a \u00e9t\u00e9 vu sur le web, nous sommes heureux de vous en produire l\u2019essentiel ci-dessous. Ceci a \u00e9t\u00e9 publi\u00e9 par Le Point \u2013 Politique Signature . Date et heure de la r\u00e9ception ... Lire la suite\" \/>\n<meta property=\"og:url\" content=\"https:\/\/www.infodictat.fr\/blog\/actualites-france-dans-la-tete-de-la-toulousaine-nadia-pellefigue-france\/\" \/>\n<meta property=\"og:site_name\" content=\"INFODICTAT\" \/>\n<meta property=\"article:published_time\" content=\"2024-04-24T09:03:05+00:00\" \/>\n<meta property=\"og:image\" content=\"https:\/\/www.infodictat.fr\/blog\/wp-content\/uploads\/2024\/04\/Actualites-France-Dans-la-tete-de-la-Toulousaine-Nadia-Pellefigue-1024x512-1.jpg\" \/>\n<meta name=\"author\" content=\"Oscar BETHMONT\" \/>\n<meta name=\"twitter:card\" content=\"summary_large_image\" \/>\n<meta name=\"twitter:label1\" content=\"\u00c9crit par\" \/>\n\t<meta name=\"twitter:data1\" content=\"Oscar BETHMONT\" \/>\n\t<meta name=\"twitter:label2\" content=\"Dur\u00e9e de lecture estim\u00e9e\" \/>\n\t<meta name=\"twitter:data2\" content=\"2 minutes\" \/>\n<script type=\"application\/ld+json\" class=\"yoast-schema-graph\">{\"@context\":\"https:\\\/\\\/schema.org\",\"@graph\":[{\"@type\":\"Article\",\"@id\":\"https:\\\/\\\/www.infodictat.fr\\\/blog\\\/actualites-france-dans-la-tete-de-la-toulousaine-nadia-pellefigue-france\\\/#article\",\"isPartOf\":{\"@id\":\"https:\\\/\\\/www.infodictat.fr\\\/blog\\\/actualites-france-dans-la-tete-de-la-toulousaine-nadia-pellefigue-france\\\/\"},\"author\":{\"name\":\"Oscar BETHMONT\",\"@id\":\"https:\\\/\\\/www.infodictat.fr\\\/blog\\\/#\\\/schema\\\/person\\\/6c2c8af0941702348e8eca9144cc1267\"},\"headline\":\"Actualit\u00e9s France: Dans la t\u00eate de la Toulousaine Nadia Pellefigue #France\",\"datePublished\":\"2024-04-24T09:03:05+00:00\",\"mainEntityOfPage\":{\"@id\":\"https:\\\/\\\/www.infodictat.fr\\\/blog\\\/actualites-france-dans-la-tete-de-la-toulousaine-nadia-pellefigue-france\\\/\"},\"wordCount\":483,\"publisher\":{\"@id\":\"https:\\\/\\\/www.infodictat.fr\\\/blog\\\/#organization\"},\"image\":{\"@id\":\"https:\\\/\\\/www.infodictat.fr\\\/blog\\\/actualites-france-dans-la-tete-de-la-toulousaine-nadia-pellefigue-france\\\/#primaryimage\"},\"thumbnailUrl\":\"https:\\\/\\\/www.infodictat.fr\\\/blog\\\/wp-content\\\/uploads\\\/2024\\\/04\\\/Actualites-France-Dans-la-tete-de-la-Toulousaine-Nadia-Pellefigue-1024x512-1.jpg\",\"articleSection\":[\"La Dictature Num\u00e9rique:\"],\"inLanguage\":\"fr-FR\"},{\"@type\":\"WebPage\",\"@id\":\"https:\\\/\\\/www.infodictat.fr\\\/blog\\\/actualites-france-dans-la-tete-de-la-toulousaine-nadia-pellefigue-france\\\/\",\"url\":\"https:\\\/\\\/www.infodictat.fr\\\/blog\\\/actualites-france-dans-la-tete-de-la-toulousaine-nadia-pellefigue-france\\\/\",\"name\":\"Actualit\u00e9s France: Dans la t\u00eate de la Toulousaine Nadia Pellefigue #France - INFODICTAT\",\"isPartOf\":{\"@id\":\"https:\\\/\\\/www.infodictat.fr\\\/blog\\\/#website\"},\"primaryImageOfPage\":{\"@id\":\"https:\\\/\\\/www.infodictat.fr\\\/blog\\\/actualites-france-dans-la-tete-de-la-toulousaine-nadia-pellefigue-france\\\/#primaryimage\"},\"image\":{\"@id\":\"https:\\\/\\\/www.infodictat.fr\\\/blog\\\/actualites-france-dans-la-tete-de-la-toulousaine-nadia-pellefigue-france\\\/#primaryimage\"},\"thumbnailUrl\":\"https:\\\/\\\/www.infodictat.fr\\\/blog\\\/wp-content\\\/uploads\\\/2024\\\/04\\\/Actualites-France-Dans-la-tete-de-la-Toulousaine-Nadia-Pellefigue-1024x512-1.jpg\",\"datePublished\":\"2024-04-24T09:03:05+00:00\",\"breadcrumb\":{\"@id\":\"https:\\\/\\\/www.infodictat.fr\\\/blog\\\/actualites-france-dans-la-tete-de-la-toulousaine-nadia-pellefigue-france\\\/#breadcrumb\"},\"inLanguage\":\"fr-FR\",\"potentialAction\":[{\"@type\":\"ReadAction\",\"target\":[\"https:\\\/\\\/www.infodictat.fr\\\/blog\\\/actualites-france-dans-la-tete-de-la-toulousaine-nadia-pellefigue-france\\\/\"]}]},{\"@type\":\"ImageObject\",\"inLanguage\":\"fr-FR\",\"@id\":\"https:\\\/\\\/www.infodictat.fr\\\/blog\\\/actualites-france-dans-la-tete-de-la-toulousaine-nadia-pellefigue-france\\\/#primaryimage\",\"url\":\"https:\\\/\\\/www.infodictat.fr\\\/blog\\\/wp-content\\\/uploads\\\/2024\\\/04\\\/Actualites-France-Dans-la-tete-de-la-Toulousaine-Nadia-Pellefigue-1024x512-1.jpg\",\"contentUrl\":\"https:\\\/\\\/www.infodictat.fr\\\/blog\\\/wp-content\\\/uploads\\\/2024\\\/04\\\/Actualites-France-Dans-la-tete-de-la-Toulousaine-Nadia-Pellefigue-1024x512-1.jpg\",\"width\":1024,\"height\":512},{\"@type\":\"BreadcrumbList\",\"@id\":\"https:\\\/\\\/www.infodictat.fr\\\/blog\\\/actualites-france-dans-la-tete-de-la-toulousaine-nadia-pellefigue-france\\\/#breadcrumb\",\"itemListElement\":[{\"@type\":\"ListItem\",\"position\":1,\"name\":\"Accueil\",\"item\":\"https:\\\/\\\/www.infodictat.fr\\\/blog\\\/\"},{\"@type\":\"ListItem\",\"position\":2,\"name\":\"Actualit\u00e9s France: Dans la t\u00eate de la Toulousaine Nadia Pellefigue #France\"}]},{\"@type\":\"WebSite\",\"@id\":\"https:\\\/\\\/www.infodictat.fr\\\/blog\\\/#website\",\"url\":\"https:\\\/\\\/www.infodictat.fr\\\/blog\\\/\",\"name\":\"INFODICTAT\",\"description\":\"La dictature num\u00e9rique.\",\"publisher\":{\"@id\":\"https:\\\/\\\/www.infodictat.fr\\\/blog\\\/#organization\"},\"potentialAction\":[{\"@type\":\"SearchAction\",\"target\":{\"@type\":\"EntryPoint\",\"urlTemplate\":\"https:\\\/\\\/www.infodictat.fr\\\/blog\\\/?s={search_term_string}\"},\"query-input\":{\"@type\":\"PropertyValueSpecification\",\"valueRequired\":true,\"valueName\":\"search_term_string\"}}],\"inLanguage\":\"fr-FR\"},{\"@type\":\"Organization\",\"@id\":\"https:\\\/\\\/www.infodictat.fr\\\/blog\\\/#organization\",\"name\":\"infodictat\",\"url\":\"https:\\\/\\\/www.infodictat.fr\\\/blog\\\/\",\"logo\":{\"@type\":\"ImageObject\",\"inLanguage\":\"fr-FR\",\"@id\":\"https:\\\/\\\/www.infodictat.fr\\\/blog\\\/#\\\/schema\\\/logo\\\/image\\\/\",\"url\":\"https:\\\/\\\/www.infodictat.fr\\\/blog\\\/wp-content\\\/uploads\\\/2023\\\/05\\\/logo-2.png\",\"contentUrl\":\"https:\\\/\\\/www.infodictat.fr\\\/blog\\\/wp-content\\\/uploads\\\/2023\\\/05\\\/logo-2.png\",\"width\":480,\"height\":596,\"caption\":\"infodictat\"},\"image\":{\"@id\":\"https:\\\/\\\/www.infodictat.fr\\\/blog\\\/#\\\/schema\\\/logo\\\/image\\\/\"}},{\"@type\":\"Person\",\"@id\":\"https:\\\/\\\/www.infodictat.fr\\\/blog\\\/#\\\/schema\\\/person\\\/6c2c8af0941702348e8eca9144cc1267\",\"name\":\"Oscar BETHMONT\",\"image\":{\"@type\":\"ImageObject\",\"inLanguage\":\"fr-FR\",\"@id\":\"https:\\\/\\\/secure.gravatar.com\\\/avatar\\\/f80ff32d67d40b919e8be190b7325be3c6cb33ce305ac1d45cadad29128e831e?s=96&d=mm&r=g\",\"url\":\"https:\\\/\\\/secure.gravatar.com\\\/avatar\\\/f80ff32d67d40b919e8be190b7325be3c6cb33ce305ac1d45cadad29128e831e?s=96&d=mm&r=g\",\"contentUrl\":\"https:\\\/\\\/secure.gravatar.com\\\/avatar\\\/f80ff32d67d40b919e8be190b7325be3c6cb33ce305ac1d45cadad29128e831e?s=96&d=mm&r=g\",\"caption\":\"Oscar BETHMONT\"},\"url\":\"https:\\\/\\\/www.infodictat.fr\\\/blog\\\/author\\\/tatoscar\\\/\"}]}<\/script>\n<!-- \/ Yoast SEO plugin. -->","yoast_head_json":{"title":"Actualit\u00e9s France: Dans la t\u00eate de la Toulousaine Nadia Pellefigue #France - INFODICTAT","robots":{"index":"index","follow":"follow","max-snippet":"max-snippet:-1","max-image-preview":"max-image-preview:large","max-video-preview":"max-video-preview:-1"},"canonical":"https:\/\/www.infodictat.fr\/blog\/actualites-france-dans-la-tete-de-la-toulousaine-nadia-pellefigue-france\/","og_locale":"fr_FR","og_type":"article","og_title":"Actualit\u00e9s France: Dans la t\u00eate de la Toulousaine Nadia Pellefigue #France - INFODICTAT","og_description":"Dans la t\u00eate de la Toulousaine Nadia Pellefigue publi\u00e9 par Le Point \u2013 Politique le Cet article, dont le th\u00e8me est \u00ab\u00a0Actualit\u00e9 fran\u00e7aise\u00a0\u00bb, a \u00e9t\u00e9 vu sur le web, nous sommes heureux de vous en produire l\u2019essentiel ci-dessous. Ceci a \u00e9t\u00e9 publi\u00e9 par Le Point \u2013 Politique Signature . Date et heure de la r\u00e9ception ... Lire la suite","og_url":"https:\/\/www.infodictat.fr\/blog\/actualites-france-dans-la-tete-de-la-toulousaine-nadia-pellefigue-france\/","og_site_name":"INFODICTAT","article_published_time":"2024-04-24T09:03:05+00:00","og_image":[{"url":"https:\/\/www.infodictat.fr\/blog\/wp-content\/uploads\/2024\/04\/Actualites-France-Dans-la-tete-de-la-Toulousaine-Nadia-Pellefigue-1024x512-1.jpg","type":"","width":"","height":""}],"author":"Oscar BETHMONT","twitter_card":"summary_large_image","twitter_misc":{"\u00c9crit par":"Oscar BETHMONT","Dur\u00e9e de lecture estim\u00e9e":"2 minutes"},"schema":{"@context":"https:\/\/schema.org","@graph":[{"@type":"Article","@id":"https:\/\/www.infodictat.fr\/blog\/actualites-france-dans-la-tete-de-la-toulousaine-nadia-pellefigue-france\/#article","isPartOf":{"@id":"https:\/\/www.infodictat.fr\/blog\/actualites-france-dans-la-tete-de-la-toulousaine-nadia-pellefigue-france\/"},"author":{"name":"Oscar BETHMONT","@id":"https:\/\/www.infodictat.fr\/blog\/#\/schema\/person\/6c2c8af0941702348e8eca9144cc1267"},"headline":"Actualit\u00e9s France: Dans la t\u00eate de la Toulousaine Nadia Pellefigue #France","datePublished":"2024-04-24T09:03:05+00:00","mainEntityOfPage":{"@id":"https:\/\/www.infodictat.fr\/blog\/actualites-france-dans-la-tete-de-la-toulousaine-nadia-pellefigue-france\/"},"wordCount":483,"publisher":{"@id":"https:\/\/www.infodictat.fr\/blog\/#organization"},"image":{"@id":"https:\/\/www.infodictat.fr\/blog\/actualites-france-dans-la-tete-de-la-toulousaine-nadia-pellefigue-france\/#primaryimage"},"thumbnailUrl":"https:\/\/www.infodictat.fr\/blog\/wp-content\/uploads\/2024\/04\/Actualites-France-Dans-la-tete-de-la-Toulousaine-Nadia-Pellefigue-1024x512-1.jpg","articleSection":["La Dictature Num\u00e9rique:"],"inLanguage":"fr-FR"},{"@type":"WebPage","@id":"https:\/\/www.infodictat.fr\/blog\/actualites-france-dans-la-tete-de-la-toulousaine-nadia-pellefigue-france\/","url":"https:\/\/www.infodictat.fr\/blog\/actualites-france-dans-la-tete-de-la-toulousaine-nadia-pellefigue-france\/","name":"Actualit\u00e9s France: Dans la t\u00eate de la Toulousaine Nadia Pellefigue #France - INFODICTAT","isPartOf":{"@id":"https:\/\/www.infodictat.fr\/blog\/#website"},"primaryImageOfPage":{"@id":"https:\/\/www.infodictat.fr\/blog\/actualites-france-dans-la-tete-de-la-toulousaine-nadia-pellefigue-france\/#primaryimage"},"image":{"@id":"https:\/\/www.infodictat.fr\/blog\/actualites-france-dans-la-tete-de-la-toulousaine-nadia-pellefigue-france\/#primaryimage"},"thumbnailUrl":"https:\/\/www.infodictat.fr\/blog\/wp-content\/uploads\/2024\/04\/Actualites-France-Dans-la-tete-de-la-Toulousaine-Nadia-Pellefigue-1024x512-1.jpg","datePublished":"2024-04-24T09:03:05+00:00","breadcrumb":{"@id":"https:\/\/www.infodictat.fr\/blog\/actualites-france-dans-la-tete-de-la-toulousaine-nadia-pellefigue-france\/#breadcrumb"},"inLanguage":"fr-FR","potentialAction":[{"@type":"ReadAction","target":["https:\/\/www.infodictat.fr\/blog\/actualites-france-dans-la-tete-de-la-toulousaine-nadia-pellefigue-france\/"]}]},{"@type":"ImageObject","inLanguage":"fr-FR","@id":"https:\/\/www.infodictat.fr\/blog\/actualites-france-dans-la-tete-de-la-toulousaine-nadia-pellefigue-france\/#primaryimage","url":"https:\/\/www.infodictat.fr\/blog\/wp-content\/uploads\/2024\/04\/Actualites-France-Dans-la-tete-de-la-Toulousaine-Nadia-Pellefigue-1024x512-1.jpg","contentUrl":"https:\/\/www.infodictat.fr\/blog\/wp-content\/uploads\/2024\/04\/Actualites-France-Dans-la-tete-de-la-Toulousaine-Nadia-Pellefigue-1024x512-1.jpg","width":1024,"height":512},{"@type":"BreadcrumbList","@id":"https:\/\/www.infodictat.fr\/blog\/actualites-france-dans-la-tete-de-la-toulousaine-nadia-pellefigue-france\/#breadcrumb","itemListElement":[{"@type":"ListItem","position":1,"name":"Accueil","item":"https:\/\/www.infodictat.fr\/blog\/"},{"@type":"ListItem","position":2,"name":"Actualit\u00e9s France: Dans la t\u00eate de la Toulousaine Nadia Pellefigue #France"}]},{"@type":"WebSite","@id":"https:\/\/www.infodictat.fr\/blog\/#website","url":"https:\/\/www.infodictat.fr\/blog\/","name":"INFODICTAT","description":"La dictature num\u00e9rique.","publisher":{"@id":"https:\/\/www.infodictat.fr\/blog\/#organization"},"potentialAction":[{"@type":"SearchAction","target":{"@type":"EntryPoint","urlTemplate":"https:\/\/www.infodictat.fr\/blog\/?s={search_term_string}"},"query-input":{"@type":"PropertyValueSpecification","valueRequired":true,"valueName":"search_term_string"}}],"inLanguage":"fr-FR"},{"@type":"Organization","@id":"https:\/\/www.infodictat.fr\/blog\/#organization","name":"infodictat","url":"https:\/\/www.infodictat.fr\/blog\/","logo":{"@type":"ImageObject","inLanguage":"fr-FR","@id":"https:\/\/www.infodictat.fr\/blog\/#\/schema\/logo\/image\/","url":"https:\/\/www.infodictat.fr\/blog\/wp-content\/uploads\/2023\/05\/logo-2.png","contentUrl":"https:\/\/www.infodictat.fr\/blog\/wp-content\/uploads\/2023\/05\/logo-2.png","width":480,"height":596,"caption":"infodictat"},"image":{"@id":"https:\/\/www.infodictat.fr\/blog\/#\/schema\/logo\/image\/"}},{"@type":"Person","@id":"https:\/\/www.infodictat.fr\/blog\/#\/schema\/person\/6c2c8af0941702348e8eca9144cc1267","name":"Oscar BETHMONT","image":{"@type":"ImageObject","inLanguage":"fr-FR","@id":"https:\/\/secure.gravatar.com\/avatar\/f80ff32d67d40b919e8be190b7325be3c6cb33ce305ac1d45cadad29128e831e?s=96&d=mm&r=g","url":"https:\/\/secure.gravatar.com\/avatar\/f80ff32d67d40b919e8be190b7325be3c6cb33ce305ac1d45cadad29128e831e?s=96&d=mm&r=g","contentUrl":"https:\/\/secure.gravatar.com\/avatar\/f80ff32d67d40b919e8be190b7325be3c6cb33ce305ac1d45cadad29128e831e?s=96&d=mm&r=g","caption":"Oscar BETHMONT"},"url":"https:\/\/www.infodictat.fr\/blog\/author\/tatoscar\/"}]}},"_links":{"self":[{"href":"https:\/\/www.infodictat.fr\/blog\/wp-json\/wp\/v2\/posts\/410","targetHints":{"allow":["GET"]}}],"collection":[{"href":"https:\/\/www.infodictat.fr\/blog\/wp-json\/wp\/v2\/posts"}],"about":[{"href":"https:\/\/www.infodictat.fr\/blog\/wp-json\/wp\/v2\/types\/post"}],"author":[{"embeddable":true,"href":"https:\/\/www.infodictat.fr\/blog\/wp-json\/wp\/v2\/users\/2"}],"replies":[{"embeddable":true,"href":"https:\/\/www.infodictat.fr\/blog\/wp-json\/wp\/v2\/comments?post=410"}],"version-history":[{"count":0,"href":"https:\/\/www.infodictat.fr\/blog\/wp-json\/wp\/v2\/posts\/410\/revisions"}],"wp:featuredmedia":[{"embeddable":true,"href":"https:\/\/www.infodictat.fr\/blog\/wp-json\/wp\/v2\/media\/411"}],"wp:attachment":[{"href":"https:\/\/www.infodictat.fr\/blog\/wp-json\/wp\/v2\/media?parent=410"}],"wp:term":[{"taxonomy":"category","embeddable":true,"href":"https:\/\/www.infodictat.fr\/blog\/wp-json\/wp\/v2\/categories?post=410"},{"taxonomy":"post_tag","embeddable":true,"href":"https:\/\/www.infodictat.fr\/blog\/wp-json\/wp\/v2\/tags?post=410"}],"curies":[{"name":"wp","href":"https:\/\/api.w.org\/{rel}","templated":true}]}}