{"id":350,"date":"2024-03-10T15:58:39","date_gmt":"2024-03-10T14:58:39","guid":{"rendered":"https:\/\/www.infodictat.fr\/blog\/actu-france-les-differents-candidats-font-partir-de-leurs-caravanes-electorales-de-dakar\/"},"modified":"2024-03-10T15:58:39","modified_gmt":"2024-03-10T14:58:39","slug":"actu-france-les-differents-candidats-font-partir-de-leurs-caravanes-electorales-de-dakar","status":"publish","type":"post","link":"https:\/\/www.infodictat.fr\/blog\/actu-france-les-differents-candidats-font-partir-de-leurs-caravanes-electorales-de-dakar\/","title":{"rendered":"Actu france: les diff\u00e9rents candidats font partir de leurs caravanes \u00e9lectorales de Dakar"},"content":{"rendered":"<div><img width=\"580\" height=\"326\" src=\"https:\/\/www.infodictat.fr\/blog\/wp-content\/uploads\/2024\/03\/Actu-france-les-differents-candidats-font-partir-de-leurs-caravanes.jpg\" class=\"attachment-large size-large wp-post-image\" alt=\"Actu-france-les-differents-candidats-font-partir-de-leurs-caravanes\" style=\"float:left; margin:0 15px 15px 0;\" decoding=\"async\" srcset=\"https:\/\/www.infodictat.fr\/blog\/wp-content\/uploads\/2024\/03\/Actu-france-les-differents-candidats-font-partir-de-leurs-caravanes.jpg 1024w, https:\/\/www.site.cdcl.xyz\/wp-content\/uploads\/2024\/03\/Actu-france-les-differents-candidats-font-partir-de-leurs-caravanes-300x169.jpg 300w, https:\/\/www.site.cdcl.xyz\/wp-content\/uploads\/2024\/03\/Actu-france-les-differents-candidats-font-partir-de-leurs-caravanes-768x432.jpg 768w\" sizes=\"(max-width: 580px) 100vw, 580px\"><\/p>\n<p><img decoding=\"async\" src=\"https:\/\/www.infodictat.fr\/blog\/wp-content\/uploads\/2024\/03\/Actualites-francaise-les-differents-candidats-font-partir-de-leurs-caravanes.jpg\"><\/p>\n<p>                        Ce dimanche 13 mars, Dakar s\u2019est r\u00e9veill\u00e9 au son des premi\u00e8res caravanes \u00e9lectorales.  La campagne a vraisemblablement d\u00e9but\u00e9, samedi 9 mars, et va durer deux semaines au lieu de trois puisque les \u00e9lecteurs s\u00e9n\u00e9galais votent finalement pour la pr\u00e9sidentielle le 24 mars, une campagne raccourcie \u00e0 cause du rapport.  Pour m\u00e9moire, le vote devait initialement se tenir le 25 f\u00e9vrier.        <\/p>\n<div>\n<p class=\"m-pub-dates\"><span class=\"m-pub-dates__date\">Publi\u00e9 le : <time datetime=\"2024-03-10T14:58:39+00:00\" pubdate=\"pubdate\">10\/03\/2024 \u2013 15:58<\/time><\/span><\/p>\n<p>\n        <span class=\"a-svg a-svg--picto-clock\" title=\"Temps de lecture\"><\/span>  2 minutes<\/p>\n<\/div>\n<div>\n<p><em>Avec notre correspondant \u00e0 Dakar<\/em>, <strong>Th\u00e9a Ollivier<\/strong><\/p>\n<p>Petit \u00e0 petit, les militants rejoignent les points de rassemblement des diff\u00e9rents candidats qui d\u00e9butent leur campagne \u00e9lectorale \u00e0 Dakar.<\/p>\n<p>En d\u00e9but de journ\u00e9e, c\u2019est devant le domicile de l\u2019opposant Ousmane Sonko, actuellement en prison, qu\u2019est parti la caravane de la coalition Bassirou Diomaye Faye, son candidat de substitution qui le remplace, alors qu\u2019il a \u00e9t\u00e9 \u00e9cart\u00e9 de la course \u00e0 la pr\u00e9sidence pour des raisons judiciaires.<\/p>\n<p>L\u00e0-bas, plusieurs dizaines de personnes se sont r\u00e9unies avec des affiches \u00e0 l\u2019effigie du leader politique et de son candidat et se sont mis \u00e0 chanter.  Un d\u00e9but de campagne particuli\u00e8re pour ce parti d\u2019opposition alors que Bassirou Diomaye Faye est lui-m\u00eame encore en d\u00e9tention, mais il pourrait bient\u00f4t \u00eatre rel\u00e2ch\u00e9 gr\u00e2ce \u00e0 la loi d\u2019amnistie vot\u00e9e la semaine derni\u00e8re.<\/p>\n<p>D\u2019autres candidats font aussi partir des caravanes depuis Dakar, comme le candidat Aliou Mamadou Dia du parti de l\u2019unit\u00e9 et du rassemblement ou encore la candidate Anta Babacar Ngom.  Certains, comme l\u2019ancien maire de Dakar Khalifa Sall ont d\u00e9j\u00e0 commenc\u00e9 samedi.  Il continue de battre campagne, ce dimanche, dans la capitale.<\/p>\n<p>Le candidat de la majorit\u00e9, Amadou Ba, a pr\u00e9vu de faire des rencontres \u00e0 Gu\u00e9diawaye, quartier populaire de la banlieue dakaroise et, fait notable ce matin, Idrissa Seck, candidat qui \u00e9tait arriv\u00e9 deuxi\u00e8me \u00e0 l\u2019\u00e9lection pr\u00e9sidentielle de 2019, a pr\u00e9vu de rencontrez les p\u00eacheurs de Ouakam avant de partir en campagne, lundi \u00e0 Thi\u00e8s, son fief.  L\u2019ancien Premier ministre doit prendre la parole dans la journ\u00e9e de ce dimanche, apr\u00e8s plusieurs semaines de silence.<\/p>\n<p class=\"a-read-more\"><span class=\"a-read-more__label\">\u00c0 lire aussi<\/span>Pr\u00e9sidentielle au S\u00e9n\u00e9gal : d\u00e9but de campagne \u00e9lectorale en demi-teinte<\/p>\n<\/div>\n<p>Bibliographie :<\/p>\n<p>Initial \u2013 G\u00e9ographie de la France.,<a href=\"https:\/\/www.kobo.com\/fr\/fr\/ebook\/initial-geographie-de-la-france\" target=\"_blank\" rel=\"noopener noreferrer nofollow\">Ici la fiche de pr\u00e9sentation<\/a><span><\/span>.<\/p>\n<p>Photographie\/Personnalit\u00e9s\/B\/David Frances Barry.,<a href=\"https:\/\/fr.wikibooks.org\/wiki\/Photographie\/Personnalit%C3%A9s\/B\/David_Frances_Barry\" target=\"_blank\" rel=\"noopener noreferrer nofollow\">Fiche de l\u2019ouvrage<\/a><span><\/span>.<\/p>\n<p>Une guerre perdue.,<a href=\"https:\/\/www.kobo.com\/fr\/fr\/ebook\/une-guerre-perdue\" target=\"_blank\" rel=\"noopener noreferrer nofollow\">R\u00e9f\u00e9rences de l\u2019ouvrage<\/a><span><\/span>.<\/p>\n<\/div>\n<p><img decoding=\"async\" class=\"wpe_imgrss\" src=\"https:\/\/www.infodictat.fr\/blog\/wp-content\/uploads\/2024\/03\/Actu-france-les-differents-candidats-font-partir-de-leurs-caravanes.jpg\">Vous pouvez lire ce post traitant le sujet \u00ab\u00a0La dictature num\u00e9rique\u00a0\u00bb. Il est produit par la r\u00e9daction de infodictat.fr. Le site infodictat.fr a pour objectif de publier plusieurs articles autour du sujet La dictature num\u00e9rique d\u00e9velopp\u00e9es sur le web. Cette chronique se veut g\u00e9n\u00e9r\u00e9e de la fa\u00e7on la plus juste qui soit. Pour \u00e9mettre des remarques sur ce dossier autour du sujet \u00ab\u00a0La dictature num\u00e9rique\u00a0\u00bb prenez les contacts indiqu\u00e9s sur notre site internet. En consultant r\u00e9guli\u00e8rement nos contenus de blog vous serez au courant des futures parutions.<\/p>\n","protected":false},"excerpt":{"rendered":"<p>Ce dimanche 13 mars, Dakar s\u2019est r\u00e9veill\u00e9 au son des premi\u00e8res caravanes \u00e9lectorales. La campagne a vraisemblablement d\u00e9but\u00e9, samedi 9 mars, et va durer deux semaines au lieu de trois puisque les \u00e9lecteurs s\u00e9n\u00e9galais votent finalement pour la pr\u00e9sidentielle le 24 mars, une campagne raccourcie \u00e0 cause du rapport. Pour m\u00e9moire, le vote devait initialement &#8230; <a title=\"Actu france: les diff\u00e9rents candidats font partir de leurs caravanes \u00e9lectorales de Dakar\" class=\"read-more\" href=\"https:\/\/www.infodictat.fr\/blog\/actu-france-les-differents-candidats-font-partir-de-leurs-caravanes-electorales-de-dakar\/\" aria-label=\"En savoir plus sur Actu france: les diff\u00e9rents candidats font partir de leurs caravanes \u00e9lectorales de Dakar\">Lire la suite<\/a><\/p>\n","protected":false},"author":2,"featured_media":351,"comment_status":"closed","ping_status":"closed","sticky":false,"template":"","format":"standard","meta":{"footnotes":""},"categories":[2],"tags":[],"class_list":["post-350","post","type-post","status-publish","format-standard","has-post-thumbnail","hentry","category-la-dictature-numerique"],"yoast_head":"<!-- This site is optimized with the Yoast SEO plugin v27.5 - https:\/\/yoast.com\/product\/yoast-seo-wordpress\/ -->\n<title>Actu france: les diff\u00e9rents candidats font partir de leurs caravanes \u00e9lectorales de Dakar - INFODICTAT<\/title>\n<meta name=\"robots\" content=\"index, follow, max-snippet:-1, max-image-preview:large, max-video-preview:-1\" \/>\n<link rel=\"canonical\" href=\"https:\/\/www.infodictat.fr\/blog\/actu-france-les-differents-candidats-font-partir-de-leurs-caravanes-electorales-de-dakar\/\" \/>\n<meta property=\"og:locale\" content=\"fr_FR\" \/>\n<meta property=\"og:type\" content=\"article\" \/>\n<meta property=\"og:title\" content=\"Actu france: les diff\u00e9rents candidats font partir de leurs caravanes \u00e9lectorales de Dakar - INFODICTAT\" \/>\n<meta property=\"og:description\" content=\"Ce dimanche 13 mars, Dakar s\u2019est r\u00e9veill\u00e9 au son des premi\u00e8res caravanes \u00e9lectorales. La campagne a vraisemblablement d\u00e9but\u00e9, samedi 9 mars, et va durer deux semaines au lieu de trois puisque les \u00e9lecteurs s\u00e9n\u00e9galais votent finalement pour la pr\u00e9sidentielle le 24 mars, une campagne raccourcie \u00e0 cause du rapport. Pour m\u00e9moire, le vote devait initialement ... Lire la suite\" \/>\n<meta property=\"og:url\" content=\"https:\/\/www.infodictat.fr\/blog\/actu-france-les-differents-candidats-font-partir-de-leurs-caravanes-electorales-de-dakar\/\" \/>\n<meta property=\"og:site_name\" content=\"INFODICTAT\" \/>\n<meta property=\"article:published_time\" content=\"2024-03-10T14:58:39+00:00\" \/>\n<meta property=\"og:image\" content=\"https:\/\/www.infodictat.fr\/blog\/wp-content\/uploads\/2024\/03\/Actu-france-les-differents-candidats-font-partir-de-leurs-caravanes.jpg\" \/>\n<meta name=\"author\" content=\"Oscar BETHMONT\" \/>\n<meta name=\"twitter:card\" content=\"summary_large_image\" \/>\n<meta name=\"twitter:label1\" content=\"\u00c9crit par\" \/>\n\t<meta name=\"twitter:data1\" content=\"Oscar BETHMONT\" \/>\n\t<meta name=\"twitter:label2\" content=\"Dur\u00e9e de lecture estim\u00e9e\" \/>\n\t<meta name=\"twitter:data2\" content=\"3 minutes\" \/>\n<script type=\"application\/ld+json\" class=\"yoast-schema-graph\">{\"@context\":\"https:\\\/\\\/schema.org\",\"@graph\":[{\"@type\":\"Article\",\"@id\":\"https:\\\/\\\/www.infodictat.fr\\\/blog\\\/actu-france-les-differents-candidats-font-partir-de-leurs-caravanes-electorales-de-dakar\\\/#article\",\"isPartOf\":{\"@id\":\"https:\\\/\\\/www.infodictat.fr\\\/blog\\\/actu-france-les-differents-candidats-font-partir-de-leurs-caravanes-electorales-de-dakar\\\/\"},\"author\":{\"name\":\"Oscar BETHMONT\",\"@id\":\"https:\\\/\\\/www.infodictat.fr\\\/blog\\\/#\\\/schema\\\/person\\\/6c2c8af0941702348e8eca9144cc1267\"},\"headline\":\"Actu france: les diff\u00e9rents candidats font partir de leurs caravanes \u00e9lectorales de Dakar\",\"datePublished\":\"2024-03-10T14:58:39+00:00\",\"mainEntityOfPage\":{\"@id\":\"https:\\\/\\\/www.infodictat.fr\\\/blog\\\/actu-france-les-differents-candidats-font-partir-de-leurs-caravanes-electorales-de-dakar\\\/\"},\"wordCount\":517,\"publisher\":{\"@id\":\"https:\\\/\\\/www.infodictat.fr\\\/blog\\\/#organization\"},\"image\":{\"@id\":\"https:\\\/\\\/www.infodictat.fr\\\/blog\\\/actu-france-les-differents-candidats-font-partir-de-leurs-caravanes-electorales-de-dakar\\\/#primaryimage\"},\"thumbnailUrl\":\"https:\\\/\\\/www.infodictat.fr\\\/blog\\\/wp-content\\\/uploads\\\/2024\\\/03\\\/Actu-france-les-differents-candidats-font-partir-de-leurs-caravanes.jpg\",\"articleSection\":[\"La Dictature Num\u00e9rique:\"],\"inLanguage\":\"fr-FR\"},{\"@type\":\"WebPage\",\"@id\":\"https:\\\/\\\/www.infodictat.fr\\\/blog\\\/actu-france-les-differents-candidats-font-partir-de-leurs-caravanes-electorales-de-dakar\\\/\",\"url\":\"https:\\\/\\\/www.infodictat.fr\\\/blog\\\/actu-france-les-differents-candidats-font-partir-de-leurs-caravanes-electorales-de-dakar\\\/\",\"name\":\"Actu france: les diff\u00e9rents candidats font partir de leurs caravanes \u00e9lectorales de Dakar - INFODICTAT\",\"isPartOf\":{\"@id\":\"https:\\\/\\\/www.infodictat.fr\\\/blog\\\/#website\"},\"primaryImageOfPage\":{\"@id\":\"https:\\\/\\\/www.infodictat.fr\\\/blog\\\/actu-france-les-differents-candidats-font-partir-de-leurs-caravanes-electorales-de-dakar\\\/#primaryimage\"},\"image\":{\"@id\":\"https:\\\/\\\/www.infodictat.fr\\\/blog\\\/actu-france-les-differents-candidats-font-partir-de-leurs-caravanes-electorales-de-dakar\\\/#primaryimage\"},\"thumbnailUrl\":\"https:\\\/\\\/www.infodictat.fr\\\/blog\\\/wp-content\\\/uploads\\\/2024\\\/03\\\/Actu-france-les-differents-candidats-font-partir-de-leurs-caravanes.jpg\",\"datePublished\":\"2024-03-10T14:58:39+00:00\",\"breadcrumb\":{\"@id\":\"https:\\\/\\\/www.infodictat.fr\\\/blog\\\/actu-france-les-differents-candidats-font-partir-de-leurs-caravanes-electorales-de-dakar\\\/#breadcrumb\"},\"inLanguage\":\"fr-FR\",\"potentialAction\":[{\"@type\":\"ReadAction\",\"target\":[\"https:\\\/\\\/www.infodictat.fr\\\/blog\\\/actu-france-les-differents-candidats-font-partir-de-leurs-caravanes-electorales-de-dakar\\\/\"]}]},{\"@type\":\"ImageObject\",\"inLanguage\":\"fr-FR\",\"@id\":\"https:\\\/\\\/www.infodictat.fr\\\/blog\\\/actu-france-les-differents-candidats-font-partir-de-leurs-caravanes-electorales-de-dakar\\\/#primaryimage\",\"url\":\"https:\\\/\\\/www.infodictat.fr\\\/blog\\\/wp-content\\\/uploads\\\/2024\\\/03\\\/Actu-france-les-differents-candidats-font-partir-de-leurs-caravanes.jpg\",\"contentUrl\":\"https:\\\/\\\/www.infodictat.fr\\\/blog\\\/wp-content\\\/uploads\\\/2024\\\/03\\\/Actu-france-les-differents-candidats-font-partir-de-leurs-caravanes.jpg\",\"width\":1024,\"height\":576},{\"@type\":\"BreadcrumbList\",\"@id\":\"https:\\\/\\\/www.infodictat.fr\\\/blog\\\/actu-france-les-differents-candidats-font-partir-de-leurs-caravanes-electorales-de-dakar\\\/#breadcrumb\",\"itemListElement\":[{\"@type\":\"ListItem\",\"position\":1,\"name\":\"Accueil\",\"item\":\"https:\\\/\\\/www.infodictat.fr\\\/blog\\\/\"},{\"@type\":\"ListItem\",\"position\":2,\"name\":\"Actu france: les diff\u00e9rents candidats font partir de leurs caravanes \u00e9lectorales de Dakar\"}]},{\"@type\":\"WebSite\",\"@id\":\"https:\\\/\\\/www.infodictat.fr\\\/blog\\\/#website\",\"url\":\"https:\\\/\\\/www.infodictat.fr\\\/blog\\\/\",\"name\":\"INFODICTAT\",\"description\":\"La dictature num\u00e9rique.\",\"publisher\":{\"@id\":\"https:\\\/\\\/www.infodictat.fr\\\/blog\\\/#organization\"},\"potentialAction\":[{\"@type\":\"SearchAction\",\"target\":{\"@type\":\"EntryPoint\",\"urlTemplate\":\"https:\\\/\\\/www.infodictat.fr\\\/blog\\\/?s={search_term_string}\"},\"query-input\":{\"@type\":\"PropertyValueSpecification\",\"valueRequired\":true,\"valueName\":\"search_term_string\"}}],\"inLanguage\":\"fr-FR\"},{\"@type\":\"Organization\",\"@id\":\"https:\\\/\\\/www.infodictat.fr\\\/blog\\\/#organization\",\"name\":\"infodictat\",\"url\":\"https:\\\/\\\/www.infodictat.fr\\\/blog\\\/\",\"logo\":{\"@type\":\"ImageObject\",\"inLanguage\":\"fr-FR\",\"@id\":\"https:\\\/\\\/www.infodictat.fr\\\/blog\\\/#\\\/schema\\\/logo\\\/image\\\/\",\"url\":\"https:\\\/\\\/www.infodictat.fr\\\/blog\\\/wp-content\\\/uploads\\\/2023\\\/05\\\/logo-2.png\",\"contentUrl\":\"https:\\\/\\\/www.infodictat.fr\\\/blog\\\/wp-content\\\/uploads\\\/2023\\\/05\\\/logo-2.png\",\"width\":480,\"height\":596,\"caption\":\"infodictat\"},\"image\":{\"@id\":\"https:\\\/\\\/www.infodictat.fr\\\/blog\\\/#\\\/schema\\\/logo\\\/image\\\/\"}},{\"@type\":\"Person\",\"@id\":\"https:\\\/\\\/www.infodictat.fr\\\/blog\\\/#\\\/schema\\\/person\\\/6c2c8af0941702348e8eca9144cc1267\",\"name\":\"Oscar BETHMONT\",\"image\":{\"@type\":\"ImageObject\",\"inLanguage\":\"fr-FR\",\"@id\":\"https:\\\/\\\/secure.gravatar.com\\\/avatar\\\/f80ff32d67d40b919e8be190b7325be3c6cb33ce305ac1d45cadad29128e831e?s=96&d=mm&r=g\",\"url\":\"https:\\\/\\\/secure.gravatar.com\\\/avatar\\\/f80ff32d67d40b919e8be190b7325be3c6cb33ce305ac1d45cadad29128e831e?s=96&d=mm&r=g\",\"contentUrl\":\"https:\\\/\\\/secure.gravatar.com\\\/avatar\\\/f80ff32d67d40b919e8be190b7325be3c6cb33ce305ac1d45cadad29128e831e?s=96&d=mm&r=g\",\"caption\":\"Oscar BETHMONT\"},\"url\":\"https:\\\/\\\/www.infodictat.fr\\\/blog\\\/author\\\/tatoscar\\\/\"}]}<\/script>\n<!-- \/ Yoast SEO plugin. -->","yoast_head_json":{"title":"Actu france: les diff\u00e9rents candidats font partir de leurs caravanes \u00e9lectorales de Dakar - INFODICTAT","robots":{"index":"index","follow":"follow","max-snippet":"max-snippet:-1","max-image-preview":"max-image-preview:large","max-video-preview":"max-video-preview:-1"},"canonical":"https:\/\/www.infodictat.fr\/blog\/actu-france-les-differents-candidats-font-partir-de-leurs-caravanes-electorales-de-dakar\/","og_locale":"fr_FR","og_type":"article","og_title":"Actu france: les diff\u00e9rents candidats font partir de leurs caravanes \u00e9lectorales de Dakar - INFODICTAT","og_description":"Ce dimanche 13 mars, Dakar s\u2019est r\u00e9veill\u00e9 au son des premi\u00e8res caravanes \u00e9lectorales. La campagne a vraisemblablement d\u00e9but\u00e9, samedi 9 mars, et va durer deux semaines au lieu de trois puisque les \u00e9lecteurs s\u00e9n\u00e9galais votent finalement pour la pr\u00e9sidentielle le 24 mars, une campagne raccourcie \u00e0 cause du rapport. Pour m\u00e9moire, le vote devait initialement ... Lire la suite","og_url":"https:\/\/www.infodictat.fr\/blog\/actu-france-les-differents-candidats-font-partir-de-leurs-caravanes-electorales-de-dakar\/","og_site_name":"INFODICTAT","article_published_time":"2024-03-10T14:58:39+00:00","og_image":[{"url":"https:\/\/www.infodictat.fr\/blog\/wp-content\/uploads\/2024\/03\/Actu-france-les-differents-candidats-font-partir-de-leurs-caravanes.jpg","type":"","width":"","height":""}],"author":"Oscar BETHMONT","twitter_card":"summary_large_image","twitter_misc":{"\u00c9crit par":"Oscar BETHMONT","Dur\u00e9e de lecture estim\u00e9e":"3 minutes"},"schema":{"@context":"https:\/\/schema.org","@graph":[{"@type":"Article","@id":"https:\/\/www.infodictat.fr\/blog\/actu-france-les-differents-candidats-font-partir-de-leurs-caravanes-electorales-de-dakar\/#article","isPartOf":{"@id":"https:\/\/www.infodictat.fr\/blog\/actu-france-les-differents-candidats-font-partir-de-leurs-caravanes-electorales-de-dakar\/"},"author":{"name":"Oscar BETHMONT","@id":"https:\/\/www.infodictat.fr\/blog\/#\/schema\/person\/6c2c8af0941702348e8eca9144cc1267"},"headline":"Actu france: les diff\u00e9rents candidats font partir de leurs caravanes \u00e9lectorales de Dakar","datePublished":"2024-03-10T14:58:39+00:00","mainEntityOfPage":{"@id":"https:\/\/www.infodictat.fr\/blog\/actu-france-les-differents-candidats-font-partir-de-leurs-caravanes-electorales-de-dakar\/"},"wordCount":517,"publisher":{"@id":"https:\/\/www.infodictat.fr\/blog\/#organization"},"image":{"@id":"https:\/\/www.infodictat.fr\/blog\/actu-france-les-differents-candidats-font-partir-de-leurs-caravanes-electorales-de-dakar\/#primaryimage"},"thumbnailUrl":"https:\/\/www.infodictat.fr\/blog\/wp-content\/uploads\/2024\/03\/Actu-france-les-differents-candidats-font-partir-de-leurs-caravanes.jpg","articleSection":["La Dictature Num\u00e9rique:"],"inLanguage":"fr-FR"},{"@type":"WebPage","@id":"https:\/\/www.infodictat.fr\/blog\/actu-france-les-differents-candidats-font-partir-de-leurs-caravanes-electorales-de-dakar\/","url":"https:\/\/www.infodictat.fr\/blog\/actu-france-les-differents-candidats-font-partir-de-leurs-caravanes-electorales-de-dakar\/","name":"Actu france: les diff\u00e9rents candidats font partir de leurs caravanes \u00e9lectorales de Dakar - INFODICTAT","isPartOf":{"@id":"https:\/\/www.infodictat.fr\/blog\/#website"},"primaryImageOfPage":{"@id":"https:\/\/www.infodictat.fr\/blog\/actu-france-les-differents-candidats-font-partir-de-leurs-caravanes-electorales-de-dakar\/#primaryimage"},"image":{"@id":"https:\/\/www.infodictat.fr\/blog\/actu-france-les-differents-candidats-font-partir-de-leurs-caravanes-electorales-de-dakar\/#primaryimage"},"thumbnailUrl":"https:\/\/www.infodictat.fr\/blog\/wp-content\/uploads\/2024\/03\/Actu-france-les-differents-candidats-font-partir-de-leurs-caravanes.jpg","datePublished":"2024-03-10T14:58:39+00:00","breadcrumb":{"@id":"https:\/\/www.infodictat.fr\/blog\/actu-france-les-differents-candidats-font-partir-de-leurs-caravanes-electorales-de-dakar\/#breadcrumb"},"inLanguage":"fr-FR","potentialAction":[{"@type":"ReadAction","target":["https:\/\/www.infodictat.fr\/blog\/actu-france-les-differents-candidats-font-partir-de-leurs-caravanes-electorales-de-dakar\/"]}]},{"@type":"ImageObject","inLanguage":"fr-FR","@id":"https:\/\/www.infodictat.fr\/blog\/actu-france-les-differents-candidats-font-partir-de-leurs-caravanes-electorales-de-dakar\/#primaryimage","url":"https:\/\/www.infodictat.fr\/blog\/wp-content\/uploads\/2024\/03\/Actu-france-les-differents-candidats-font-partir-de-leurs-caravanes.jpg","contentUrl":"https:\/\/www.infodictat.fr\/blog\/wp-content\/uploads\/2024\/03\/Actu-france-les-differents-candidats-font-partir-de-leurs-caravanes.jpg","width":1024,"height":576},{"@type":"BreadcrumbList","@id":"https:\/\/www.infodictat.fr\/blog\/actu-france-les-differents-candidats-font-partir-de-leurs-caravanes-electorales-de-dakar\/#breadcrumb","itemListElement":[{"@type":"ListItem","position":1,"name":"Accueil","item":"https:\/\/www.infodictat.fr\/blog\/"},{"@type":"ListItem","position":2,"name":"Actu france: les diff\u00e9rents candidats font partir de leurs caravanes \u00e9lectorales de Dakar"}]},{"@type":"WebSite","@id":"https:\/\/www.infodictat.fr\/blog\/#website","url":"https:\/\/www.infodictat.fr\/blog\/","name":"INFODICTAT","description":"La dictature num\u00e9rique.","publisher":{"@id":"https:\/\/www.infodictat.fr\/blog\/#organization"},"potentialAction":[{"@type":"SearchAction","target":{"@type":"EntryPoint","urlTemplate":"https:\/\/www.infodictat.fr\/blog\/?s={search_term_string}"},"query-input":{"@type":"PropertyValueSpecification","valueRequired":true,"valueName":"search_term_string"}}],"inLanguage":"fr-FR"},{"@type":"Organization","@id":"https:\/\/www.infodictat.fr\/blog\/#organization","name":"infodictat","url":"https:\/\/www.infodictat.fr\/blog\/","logo":{"@type":"ImageObject","inLanguage":"fr-FR","@id":"https:\/\/www.infodictat.fr\/blog\/#\/schema\/logo\/image\/","url":"https:\/\/www.infodictat.fr\/blog\/wp-content\/uploads\/2023\/05\/logo-2.png","contentUrl":"https:\/\/www.infodictat.fr\/blog\/wp-content\/uploads\/2023\/05\/logo-2.png","width":480,"height":596,"caption":"infodictat"},"image":{"@id":"https:\/\/www.infodictat.fr\/blog\/#\/schema\/logo\/image\/"}},{"@type":"Person","@id":"https:\/\/www.infodictat.fr\/blog\/#\/schema\/person\/6c2c8af0941702348e8eca9144cc1267","name":"Oscar BETHMONT","image":{"@type":"ImageObject","inLanguage":"fr-FR","@id":"https:\/\/secure.gravatar.com\/avatar\/f80ff32d67d40b919e8be190b7325be3c6cb33ce305ac1d45cadad29128e831e?s=96&d=mm&r=g","url":"https:\/\/secure.gravatar.com\/avatar\/f80ff32d67d40b919e8be190b7325be3c6cb33ce305ac1d45cadad29128e831e?s=96&d=mm&r=g","contentUrl":"https:\/\/secure.gravatar.com\/avatar\/f80ff32d67d40b919e8be190b7325be3c6cb33ce305ac1d45cadad29128e831e?s=96&d=mm&r=g","caption":"Oscar BETHMONT"},"url":"https:\/\/www.infodictat.fr\/blog\/author\/tatoscar\/"}]}},"_links":{"self":[{"href":"https:\/\/www.infodictat.fr\/blog\/wp-json\/wp\/v2\/posts\/350","targetHints":{"allow":["GET"]}}],"collection":[{"href":"https:\/\/www.infodictat.fr\/blog\/wp-json\/wp\/v2\/posts"}],"about":[{"href":"https:\/\/www.infodictat.fr\/blog\/wp-json\/wp\/v2\/types\/post"}],"author":[{"embeddable":true,"href":"https:\/\/www.infodictat.fr\/blog\/wp-json\/wp\/v2\/users\/2"}],"replies":[{"embeddable":true,"href":"https:\/\/www.infodictat.fr\/blog\/wp-json\/wp\/v2\/comments?post=350"}],"version-history":[{"count":0,"href":"https:\/\/www.infodictat.fr\/blog\/wp-json\/wp\/v2\/posts\/350\/revisions"}],"wp:featuredmedia":[{"embeddable":true,"href":"https:\/\/www.infodictat.fr\/blog\/wp-json\/wp\/v2\/media\/351"}],"wp:attachment":[{"href":"https:\/\/www.infodictat.fr\/blog\/wp-json\/wp\/v2\/media?parent=350"}],"wp:term":[{"taxonomy":"category","embeddable":true,"href":"https:\/\/www.infodictat.fr\/blog\/wp-json\/wp\/v2\/categories?post=350"},{"taxonomy":"post_tag","embeddable":true,"href":"https:\/\/www.infodictat.fr\/blog\/wp-json\/wp\/v2\/tags?post=350"}],"curies":[{"name":"wp","href":"https:\/\/api.w.org\/{rel}","templated":true}]}}