{"id":301,"date":"2024-01-06T18:55:11","date_gmt":"2024-01-06T17:55:11","guid":{"rendered":"https:\/\/www.infodictat.fr\/blog\/actualites-france-le-defenseur-du-psg-milan-skriniar-evalue-a-la-cheville-la-semaine-prochaine\/"},"modified":"2024-01-06T18:55:11","modified_gmt":"2024-01-06T17:55:11","slug":"actualites-france-le-defenseur-du-psg-milan-skriniar-evalue-a-la-cheville-la-semaine-prochaine","status":"publish","type":"post","link":"https:\/\/www.infodictat.fr\/blog\/actualites-france-le-defenseur-du-psg-milan-skriniar-evalue-a-la-cheville-la-semaine-prochaine\/","title":{"rendered":"Actualit\u00e9s france: le d\u00e9fenseur du PSG Milan \u0160kriniar \u00e9valu\u00e9 \u00e0 la cheville la semaine prochaine"},"content":{"rendered":"<div><img width=\"580\" height=\"326\" src=\"https:\/\/www.infodictat.fr\/blog\/wp-content\/uploads\/2024\/01\/Actualites-france-le-defenseur-du-PSG-Milan-Skriniar-evalue-a.jpg\" class=\"attachment-large size-large wp-post-image\" alt=\"Actualites-france-le-defenseur-du-PSG-Milan-Skriniar-evalue-a\" style=\"float:left; margin:0 15px 15px 0;\" decoding=\"async\" srcset=\"https:\/\/www.infodictat.fr\/blog\/wp-content\/uploads\/2024\/01\/Actualites-france-le-defenseur-du-PSG-Milan-Skriniar-evalue-a.jpg 980w, https:\/\/www.site.cdcl.xyz\/wp-content\/uploads\/2024\/01\/Actualites-france-le-defenseur-du-PSG-Milan-Skriniar-evalue-a-300x169.jpg 300w, https:\/\/www.site.cdcl.xyz\/wp-content\/uploads\/2024\/01\/Actualites-france-le-defenseur-du-PSG-Milan-Skriniar-evalue-a-768x432.jpg 768w\" sizes=\"(max-width: 580px) 100vw, 580px\"><\/p>\n<div id=\"\">\n<p class=\"t-content__chapo\">\n<p>                        Le d\u00e9fenseur du Paris Saint-Germain Milan \u0160kriniar, sorti sur blessure le 3 janvier lors du Troph\u00e9e des champions remport\u00e9 contre le Toulouse FC (2-0), va \u00eatre exploit\u00e9 \u00e0 la cheville la semaine prochaine \u00e0 Doha, a annonc\u00e9 son club ce samedi 6 janvier.  \u00ab <em>Victime d\u2019une luxation des p\u00e9roniers lat\u00e9raux de la cheville gauche, Milan \u0160kriniar sera op\u00e9r\u00e9 du r\u00e9tinaculum la semaine prochaine \u00e0 l\u2019h\u00f4pital Aspetar de Doha<\/em> \u00bb au Qatar, at-il indiqu\u00e9 dans un communiqu\u00e9 sans indiquer sa dur\u00e9e d\u2019indisponibilit\u00e9.  Arriv\u00e9 l\u2019\u00e9t\u00e9 dernier en provenance de l\u2019Inter Milan, \u0160kriniar est l\u2019un des joueurs les plus utilis\u00e9s de la saison par l\u2019entra\u00eeneur du club Luis Enrique.  Cette op\u00e9ration fait planifier le risque d\u2019une absence lors de la double confrontation en huiti\u00e8mes de finale de Ligue des champions contre la Real Sociedad, le 14 f\u00e9vrier et le 5 mars prochains.        <\/p>\n<div class=\"t-content__dates t-content__dates--reading-time\">\n<p class=\"m-pub-dates\"><span class=\"m-pub-dates__date\">Publi\u00e9 le : <time datetime=\"2024-01-06T17:55:11+00:00\" pubdate=\"pubdate\">01\/06\/2024 \u2013 18h55<\/time><\/span><\/p>\n<p>\n        <span class=\"a-svg a-svg--picto-clock\" title=\"Temps de lecture\"><\/span>  1 minute<\/p>\n<\/div>\n<div class=\"t-content__main-media\">\n<figure class=\"m-figure m-figure--16x9\">\n        <picture><source type=\"image\/webp\"><\/source><img decoding=\"async\" fetchpriority=\"high\" src=\"https:\/\/www.infodictat.fr\/blog\/wp-content\/uploads\/2024\/01\/Informations-france-le-defenseur-du-PSG-Milan-Skriniar-evalue-a.jpg\" alt=\"Le Slovaque Milan \u0160kriniar lors du Troph\u00e9e des champions contre le Toulouse FC, le 3 janvier 2024.\" width=\"980\" height=\"551\" loading=\"eager\" class=\"m-figure__img lazy\">\n<\/picture><figcaption class=\"m-figure__caption\">\n                <span class=\"a-media-legend\">Le Slovaque Milan \u0160kriniar lors du Troph\u00e9e des champions contre le Toulouse FC, le 3 janvier 2024.<\/span>                <span class=\"a-media-legend\">\u00a9 AFP \/ FRANCK FIFE<\/span>            <\/figcaption><\/figure>\n<\/div>\n<div class=\"t-content__tags\">\n<p>Poursuivez votre lecture sur les m\u00eames th\u00e8mes :<\/p>\n<\/div>\n<\/div>\n<p>Ce objet r\u00e9pond \u00e0 vos investigations vous appr\u00e9cierez aussi ces ouvrages:<\/p>\n<p>La France \u00e0 l\u2019heure allemande (1940-1944).,<a href=\"https:\/\/www.kobo.com\/fr\/fr\/ebook\/la-france-a-l-heure-allemande-1940-1944-2\" target=\"_blank\" rel=\"noopener noreferrer nofollow\">Lien sur la fiche de pr\u00e9sentation de ce livre<\/a><span><\/span>. Disponible dans toutes les bonnes biblioth\u00e8ques de votre d\u00e9partement.<\/p>\n<p>La g\u00e9ographie de la France : les nouvelles dynamiques spatiales du territoire.,<a href=\"https:\/\/www.kobo.com\/fr\/fr\/ebook\/la-geographie-de-la-france-les-nouvelles-dynamiques-spatiales-du-territoire-1\" target=\"_blank\" rel=\"noopener noreferrer nofollow\">Redirection vers la fiche de pr\u00e9sentation de cet ouvrage<\/a><span><\/span>. Disponible dans toutes les bonnes de l\u2019\u00e9diteurs.<\/p>\n<p>Une histoire in\u00e9dite de la France en 100 cartes.,<a href=\"https:\/\/www.kobo.com\/fr\/fr\/ebook\/une-histoire-inedite-de-la-france-en-100-cartes\" target=\"_blank\" rel=\"noopener noreferrer nofollow\">Redirection vers la fiche de de l\u2019\u00e9diteur<\/a><span><\/span>. Disponible \u00e0 l\u2019achat sur les plateformes Amazon, Fnac, Cultura \u2026.<\/p>\n<\/div>\n<p><img decoding=\"async\" class=\"wpe_imgrss\" src=\"https:\/\/www.infodictat.fr\/blog\/wp-content\/uploads\/2024\/01\/Actualites-france-le-defenseur-du-PSG-Milan-Skriniar-evalue-a.jpg\">Vous pouvez lire ce post traitant le sujet \u00ab\u00a0La dictature num\u00e9rique\u00a0\u00bb. Il est produit par la r\u00e9daction de infodictat.fr. Le site infodictat.fr a pour objectif de publier plusieurs articles autour du sujet La dictature num\u00e9rique d\u00e9velopp\u00e9es sur le web. Cette chronique se veut g\u00e9n\u00e9r\u00e9e de la fa\u00e7on la plus juste qui soit. Pour \u00e9mettre des remarques sur ce dossier autour du sujet \u00ab\u00a0La dictature num\u00e9rique\u00a0\u00bb prenez les contacts indiqu\u00e9s sur notre site internet. En consultant r\u00e9guli\u00e8rement nos contenus de blog vous serez au courant des futures parutions.<\/p>\n","protected":false},"excerpt":{"rendered":"<p>Le d\u00e9fenseur du Paris Saint-Germain Milan \u0160kriniar, sorti sur blessure le 3 janvier lors du Troph\u00e9e des champions remport\u00e9 contre le Toulouse FC (2-0), va \u00eatre exploit\u00e9 \u00e0 la cheville la semaine prochaine \u00e0 Doha, a annonc\u00e9 son club ce samedi 6 janvier. \u00ab Victime d\u2019une luxation des p\u00e9roniers lat\u00e9raux de la cheville gauche, Milan &#8230; <a title=\"Actualit\u00e9s france: le d\u00e9fenseur du PSG Milan \u0160kriniar \u00e9valu\u00e9 \u00e0 la cheville la semaine prochaine\" class=\"read-more\" href=\"https:\/\/www.infodictat.fr\/blog\/actualites-france-le-defenseur-du-psg-milan-skriniar-evalue-a-la-cheville-la-semaine-prochaine\/\" aria-label=\"En savoir plus sur Actualit\u00e9s france: le d\u00e9fenseur du PSG Milan \u0160kriniar \u00e9valu\u00e9 \u00e0 la cheville la semaine prochaine\">Lire la suite<\/a><\/p>\n","protected":false},"author":2,"featured_media":302,"comment_status":"closed","ping_status":"closed","sticky":false,"template":"","format":"standard","meta":{"footnotes":""},"categories":[2],"tags":[],"class_list":["post-301","post","type-post","status-publish","format-standard","has-post-thumbnail","hentry","category-la-dictature-numerique"],"yoast_head":"<!-- This site is optimized with the Yoast SEO plugin v27.5 - https:\/\/yoast.com\/product\/yoast-seo-wordpress\/ -->\n<title>Actualit\u00e9s france: le d\u00e9fenseur du PSG Milan \u0160kriniar \u00e9valu\u00e9 \u00e0 la cheville la semaine prochaine - INFODICTAT<\/title>\n<meta name=\"robots\" content=\"index, follow, max-snippet:-1, max-image-preview:large, max-video-preview:-1\" \/>\n<link rel=\"canonical\" href=\"https:\/\/www.infodictat.fr\/blog\/actualites-france-le-defenseur-du-psg-milan-skriniar-evalue-a-la-cheville-la-semaine-prochaine\/\" \/>\n<meta property=\"og:locale\" content=\"fr_FR\" \/>\n<meta property=\"og:type\" content=\"article\" \/>\n<meta property=\"og:title\" content=\"Actualit\u00e9s france: le d\u00e9fenseur du PSG Milan \u0160kriniar \u00e9valu\u00e9 \u00e0 la cheville la semaine prochaine - INFODICTAT\" \/>\n<meta property=\"og:description\" content=\"Le d\u00e9fenseur du Paris Saint-Germain Milan \u0160kriniar, sorti sur blessure le 3 janvier lors du Troph\u00e9e des champions remport\u00e9 contre le Toulouse FC (2-0), va \u00eatre exploit\u00e9 \u00e0 la cheville la semaine prochaine \u00e0 Doha, a annonc\u00e9 son club ce samedi 6 janvier. \u00ab Victime d\u2019une luxation des p\u00e9roniers lat\u00e9raux de la cheville gauche, Milan ... Lire la suite\" \/>\n<meta property=\"og:url\" content=\"https:\/\/www.infodictat.fr\/blog\/actualites-france-le-defenseur-du-psg-milan-skriniar-evalue-a-la-cheville-la-semaine-prochaine\/\" \/>\n<meta property=\"og:site_name\" content=\"INFODICTAT\" \/>\n<meta property=\"article:published_time\" content=\"2024-01-06T17:55:11+00:00\" \/>\n<meta property=\"og:image\" content=\"https:\/\/www.infodictat.fr\/blog\/wp-content\/uploads\/2024\/01\/Actualites-france-le-defenseur-du-PSG-Milan-Skriniar-evalue-a.jpg\" \/>\n<meta name=\"author\" content=\"Oscar BETHMONT\" \/>\n<meta name=\"twitter:card\" content=\"summary_large_image\" \/>\n<meta name=\"twitter:label1\" content=\"\u00c9crit par\" \/>\n\t<meta name=\"twitter:data1\" content=\"Oscar BETHMONT\" \/>\n\t<meta name=\"twitter:label2\" content=\"Dur\u00e9e de lecture estim\u00e9e\" \/>\n\t<meta name=\"twitter:data2\" content=\"2 minutes\" \/>\n<script type=\"application\/ld+json\" class=\"yoast-schema-graph\">{\"@context\":\"https:\\\/\\\/schema.org\",\"@graph\":[{\"@type\":\"Article\",\"@id\":\"https:\\\/\\\/www.infodictat.fr\\\/blog\\\/actualites-france-le-defenseur-du-psg-milan-skriniar-evalue-a-la-cheville-la-semaine-prochaine\\\/#article\",\"isPartOf\":{\"@id\":\"https:\\\/\\\/www.infodictat.fr\\\/blog\\\/actualites-france-le-defenseur-du-psg-milan-skriniar-evalue-a-la-cheville-la-semaine-prochaine\\\/\"},\"author\":{\"name\":\"Oscar BETHMONT\",\"@id\":\"https:\\\/\\\/www.infodictat.fr\\\/blog\\\/#\\\/schema\\\/person\\\/6c2c8af0941702348e8eca9144cc1267\"},\"headline\":\"Actualit\u00e9s france: le d\u00e9fenseur du PSG Milan \u0160kriniar \u00e9valu\u00e9 \u00e0 la cheville la semaine prochaine\",\"datePublished\":\"2024-01-06T17:55:11+00:00\",\"mainEntityOfPage\":{\"@id\":\"https:\\\/\\\/www.infodictat.fr\\\/blog\\\/actualites-france-le-defenseur-du-psg-milan-skriniar-evalue-a-la-cheville-la-semaine-prochaine\\\/\"},\"wordCount\":396,\"publisher\":{\"@id\":\"https:\\\/\\\/www.infodictat.fr\\\/blog\\\/#organization\"},\"image\":{\"@id\":\"https:\\\/\\\/www.infodictat.fr\\\/blog\\\/actualites-france-le-defenseur-du-psg-milan-skriniar-evalue-a-la-cheville-la-semaine-prochaine\\\/#primaryimage\"},\"thumbnailUrl\":\"https:\\\/\\\/www.infodictat.fr\\\/blog\\\/wp-content\\\/uploads\\\/2024\\\/01\\\/Actualites-france-le-defenseur-du-PSG-Milan-Skriniar-evalue-a.jpg\",\"articleSection\":[\"La Dictature Num\u00e9rique:\"],\"inLanguage\":\"fr-FR\"},{\"@type\":\"WebPage\",\"@id\":\"https:\\\/\\\/www.infodictat.fr\\\/blog\\\/actualites-france-le-defenseur-du-psg-milan-skriniar-evalue-a-la-cheville-la-semaine-prochaine\\\/\",\"url\":\"https:\\\/\\\/www.infodictat.fr\\\/blog\\\/actualites-france-le-defenseur-du-psg-milan-skriniar-evalue-a-la-cheville-la-semaine-prochaine\\\/\",\"name\":\"Actualit\u00e9s france: le d\u00e9fenseur du PSG Milan \u0160kriniar \u00e9valu\u00e9 \u00e0 la cheville la semaine prochaine - INFODICTAT\",\"isPartOf\":{\"@id\":\"https:\\\/\\\/www.infodictat.fr\\\/blog\\\/#website\"},\"primaryImageOfPage\":{\"@id\":\"https:\\\/\\\/www.infodictat.fr\\\/blog\\\/actualites-france-le-defenseur-du-psg-milan-skriniar-evalue-a-la-cheville-la-semaine-prochaine\\\/#primaryimage\"},\"image\":{\"@id\":\"https:\\\/\\\/www.infodictat.fr\\\/blog\\\/actualites-france-le-defenseur-du-psg-milan-skriniar-evalue-a-la-cheville-la-semaine-prochaine\\\/#primaryimage\"},\"thumbnailUrl\":\"https:\\\/\\\/www.infodictat.fr\\\/blog\\\/wp-content\\\/uploads\\\/2024\\\/01\\\/Actualites-france-le-defenseur-du-PSG-Milan-Skriniar-evalue-a.jpg\",\"datePublished\":\"2024-01-06T17:55:11+00:00\",\"breadcrumb\":{\"@id\":\"https:\\\/\\\/www.infodictat.fr\\\/blog\\\/actualites-france-le-defenseur-du-psg-milan-skriniar-evalue-a-la-cheville-la-semaine-prochaine\\\/#breadcrumb\"},\"inLanguage\":\"fr-FR\",\"potentialAction\":[{\"@type\":\"ReadAction\",\"target\":[\"https:\\\/\\\/www.infodictat.fr\\\/blog\\\/actualites-france-le-defenseur-du-psg-milan-skriniar-evalue-a-la-cheville-la-semaine-prochaine\\\/\"]}]},{\"@type\":\"ImageObject\",\"inLanguage\":\"fr-FR\",\"@id\":\"https:\\\/\\\/www.infodictat.fr\\\/blog\\\/actualites-france-le-defenseur-du-psg-milan-skriniar-evalue-a-la-cheville-la-semaine-prochaine\\\/#primaryimage\",\"url\":\"https:\\\/\\\/www.infodictat.fr\\\/blog\\\/wp-content\\\/uploads\\\/2024\\\/01\\\/Actualites-france-le-defenseur-du-PSG-Milan-Skriniar-evalue-a.jpg\",\"contentUrl\":\"https:\\\/\\\/www.infodictat.fr\\\/blog\\\/wp-content\\\/uploads\\\/2024\\\/01\\\/Actualites-france-le-defenseur-du-PSG-Milan-Skriniar-evalue-a.jpg\",\"width\":980,\"height\":551},{\"@type\":\"BreadcrumbList\",\"@id\":\"https:\\\/\\\/www.infodictat.fr\\\/blog\\\/actualites-france-le-defenseur-du-psg-milan-skriniar-evalue-a-la-cheville-la-semaine-prochaine\\\/#breadcrumb\",\"itemListElement\":[{\"@type\":\"ListItem\",\"position\":1,\"name\":\"Accueil\",\"item\":\"https:\\\/\\\/www.infodictat.fr\\\/blog\\\/\"},{\"@type\":\"ListItem\",\"position\":2,\"name\":\"Actualit\u00e9s france: le d\u00e9fenseur du PSG Milan \u0160kriniar \u00e9valu\u00e9 \u00e0 la cheville la semaine prochaine\"}]},{\"@type\":\"WebSite\",\"@id\":\"https:\\\/\\\/www.infodictat.fr\\\/blog\\\/#website\",\"url\":\"https:\\\/\\\/www.infodictat.fr\\\/blog\\\/\",\"name\":\"INFODICTAT\",\"description\":\"La dictature num\u00e9rique.\",\"publisher\":{\"@id\":\"https:\\\/\\\/www.infodictat.fr\\\/blog\\\/#organization\"},\"potentialAction\":[{\"@type\":\"SearchAction\",\"target\":{\"@type\":\"EntryPoint\",\"urlTemplate\":\"https:\\\/\\\/www.infodictat.fr\\\/blog\\\/?s={search_term_string}\"},\"query-input\":{\"@type\":\"PropertyValueSpecification\",\"valueRequired\":true,\"valueName\":\"search_term_string\"}}],\"inLanguage\":\"fr-FR\"},{\"@type\":\"Organization\",\"@id\":\"https:\\\/\\\/www.infodictat.fr\\\/blog\\\/#organization\",\"name\":\"infodictat\",\"url\":\"https:\\\/\\\/www.infodictat.fr\\\/blog\\\/\",\"logo\":{\"@type\":\"ImageObject\",\"inLanguage\":\"fr-FR\",\"@id\":\"https:\\\/\\\/www.infodictat.fr\\\/blog\\\/#\\\/schema\\\/logo\\\/image\\\/\",\"url\":\"https:\\\/\\\/www.infodictat.fr\\\/blog\\\/wp-content\\\/uploads\\\/2023\\\/05\\\/logo-2.png\",\"contentUrl\":\"https:\\\/\\\/www.infodictat.fr\\\/blog\\\/wp-content\\\/uploads\\\/2023\\\/05\\\/logo-2.png\",\"width\":480,\"height\":596,\"caption\":\"infodictat\"},\"image\":{\"@id\":\"https:\\\/\\\/www.infodictat.fr\\\/blog\\\/#\\\/schema\\\/logo\\\/image\\\/\"}},{\"@type\":\"Person\",\"@id\":\"https:\\\/\\\/www.infodictat.fr\\\/blog\\\/#\\\/schema\\\/person\\\/6c2c8af0941702348e8eca9144cc1267\",\"name\":\"Oscar BETHMONT\",\"image\":{\"@type\":\"ImageObject\",\"inLanguage\":\"fr-FR\",\"@id\":\"https:\\\/\\\/secure.gravatar.com\\\/avatar\\\/f80ff32d67d40b919e8be190b7325be3c6cb33ce305ac1d45cadad29128e831e?s=96&d=mm&r=g\",\"url\":\"https:\\\/\\\/secure.gravatar.com\\\/avatar\\\/f80ff32d67d40b919e8be190b7325be3c6cb33ce305ac1d45cadad29128e831e?s=96&d=mm&r=g\",\"contentUrl\":\"https:\\\/\\\/secure.gravatar.com\\\/avatar\\\/f80ff32d67d40b919e8be190b7325be3c6cb33ce305ac1d45cadad29128e831e?s=96&d=mm&r=g\",\"caption\":\"Oscar BETHMONT\"},\"url\":\"https:\\\/\\\/www.infodictat.fr\\\/blog\\\/author\\\/tatoscar\\\/\"}]}<\/script>\n<!-- \/ Yoast SEO plugin. -->","yoast_head_json":{"title":"Actualit\u00e9s france: le d\u00e9fenseur du PSG Milan \u0160kriniar \u00e9valu\u00e9 \u00e0 la cheville la semaine prochaine - INFODICTAT","robots":{"index":"index","follow":"follow","max-snippet":"max-snippet:-1","max-image-preview":"max-image-preview:large","max-video-preview":"max-video-preview:-1"},"canonical":"https:\/\/www.infodictat.fr\/blog\/actualites-france-le-defenseur-du-psg-milan-skriniar-evalue-a-la-cheville-la-semaine-prochaine\/","og_locale":"fr_FR","og_type":"article","og_title":"Actualit\u00e9s france: le d\u00e9fenseur du PSG Milan \u0160kriniar \u00e9valu\u00e9 \u00e0 la cheville la semaine prochaine - INFODICTAT","og_description":"Le d\u00e9fenseur du Paris Saint-Germain Milan \u0160kriniar, sorti sur blessure le 3 janvier lors du Troph\u00e9e des champions remport\u00e9 contre le Toulouse FC (2-0), va \u00eatre exploit\u00e9 \u00e0 la cheville la semaine prochaine \u00e0 Doha, a annonc\u00e9 son club ce samedi 6 janvier. \u00ab Victime d\u2019une luxation des p\u00e9roniers lat\u00e9raux de la cheville gauche, Milan ... Lire la suite","og_url":"https:\/\/www.infodictat.fr\/blog\/actualites-france-le-defenseur-du-psg-milan-skriniar-evalue-a-la-cheville-la-semaine-prochaine\/","og_site_name":"INFODICTAT","article_published_time":"2024-01-06T17:55:11+00:00","og_image":[{"url":"https:\/\/www.infodictat.fr\/blog\/wp-content\/uploads\/2024\/01\/Actualites-france-le-defenseur-du-PSG-Milan-Skriniar-evalue-a.jpg","type":"","width":"","height":""}],"author":"Oscar BETHMONT","twitter_card":"summary_large_image","twitter_misc":{"\u00c9crit par":"Oscar BETHMONT","Dur\u00e9e de lecture estim\u00e9e":"2 minutes"},"schema":{"@context":"https:\/\/schema.org","@graph":[{"@type":"Article","@id":"https:\/\/www.infodictat.fr\/blog\/actualites-france-le-defenseur-du-psg-milan-skriniar-evalue-a-la-cheville-la-semaine-prochaine\/#article","isPartOf":{"@id":"https:\/\/www.infodictat.fr\/blog\/actualites-france-le-defenseur-du-psg-milan-skriniar-evalue-a-la-cheville-la-semaine-prochaine\/"},"author":{"name":"Oscar BETHMONT","@id":"https:\/\/www.infodictat.fr\/blog\/#\/schema\/person\/6c2c8af0941702348e8eca9144cc1267"},"headline":"Actualit\u00e9s france: le d\u00e9fenseur du PSG Milan \u0160kriniar \u00e9valu\u00e9 \u00e0 la cheville la semaine prochaine","datePublished":"2024-01-06T17:55:11+00:00","mainEntityOfPage":{"@id":"https:\/\/www.infodictat.fr\/blog\/actualites-france-le-defenseur-du-psg-milan-skriniar-evalue-a-la-cheville-la-semaine-prochaine\/"},"wordCount":396,"publisher":{"@id":"https:\/\/www.infodictat.fr\/blog\/#organization"},"image":{"@id":"https:\/\/www.infodictat.fr\/blog\/actualites-france-le-defenseur-du-psg-milan-skriniar-evalue-a-la-cheville-la-semaine-prochaine\/#primaryimage"},"thumbnailUrl":"https:\/\/www.infodictat.fr\/blog\/wp-content\/uploads\/2024\/01\/Actualites-france-le-defenseur-du-PSG-Milan-Skriniar-evalue-a.jpg","articleSection":["La Dictature Num\u00e9rique:"],"inLanguage":"fr-FR"},{"@type":"WebPage","@id":"https:\/\/www.infodictat.fr\/blog\/actualites-france-le-defenseur-du-psg-milan-skriniar-evalue-a-la-cheville-la-semaine-prochaine\/","url":"https:\/\/www.infodictat.fr\/blog\/actualites-france-le-defenseur-du-psg-milan-skriniar-evalue-a-la-cheville-la-semaine-prochaine\/","name":"Actualit\u00e9s france: le d\u00e9fenseur du PSG Milan \u0160kriniar \u00e9valu\u00e9 \u00e0 la cheville la semaine prochaine - INFODICTAT","isPartOf":{"@id":"https:\/\/www.infodictat.fr\/blog\/#website"},"primaryImageOfPage":{"@id":"https:\/\/www.infodictat.fr\/blog\/actualites-france-le-defenseur-du-psg-milan-skriniar-evalue-a-la-cheville-la-semaine-prochaine\/#primaryimage"},"image":{"@id":"https:\/\/www.infodictat.fr\/blog\/actualites-france-le-defenseur-du-psg-milan-skriniar-evalue-a-la-cheville-la-semaine-prochaine\/#primaryimage"},"thumbnailUrl":"https:\/\/www.infodictat.fr\/blog\/wp-content\/uploads\/2024\/01\/Actualites-france-le-defenseur-du-PSG-Milan-Skriniar-evalue-a.jpg","datePublished":"2024-01-06T17:55:11+00:00","breadcrumb":{"@id":"https:\/\/www.infodictat.fr\/blog\/actualites-france-le-defenseur-du-psg-milan-skriniar-evalue-a-la-cheville-la-semaine-prochaine\/#breadcrumb"},"inLanguage":"fr-FR","potentialAction":[{"@type":"ReadAction","target":["https:\/\/www.infodictat.fr\/blog\/actualites-france-le-defenseur-du-psg-milan-skriniar-evalue-a-la-cheville-la-semaine-prochaine\/"]}]},{"@type":"ImageObject","inLanguage":"fr-FR","@id":"https:\/\/www.infodictat.fr\/blog\/actualites-france-le-defenseur-du-psg-milan-skriniar-evalue-a-la-cheville-la-semaine-prochaine\/#primaryimage","url":"https:\/\/www.infodictat.fr\/blog\/wp-content\/uploads\/2024\/01\/Actualites-france-le-defenseur-du-PSG-Milan-Skriniar-evalue-a.jpg","contentUrl":"https:\/\/www.infodictat.fr\/blog\/wp-content\/uploads\/2024\/01\/Actualites-france-le-defenseur-du-PSG-Milan-Skriniar-evalue-a.jpg","width":980,"height":551},{"@type":"BreadcrumbList","@id":"https:\/\/www.infodictat.fr\/blog\/actualites-france-le-defenseur-du-psg-milan-skriniar-evalue-a-la-cheville-la-semaine-prochaine\/#breadcrumb","itemListElement":[{"@type":"ListItem","position":1,"name":"Accueil","item":"https:\/\/www.infodictat.fr\/blog\/"},{"@type":"ListItem","position":2,"name":"Actualit\u00e9s france: le d\u00e9fenseur du PSG Milan \u0160kriniar \u00e9valu\u00e9 \u00e0 la cheville la semaine prochaine"}]},{"@type":"WebSite","@id":"https:\/\/www.infodictat.fr\/blog\/#website","url":"https:\/\/www.infodictat.fr\/blog\/","name":"INFODICTAT","description":"La dictature num\u00e9rique.","publisher":{"@id":"https:\/\/www.infodictat.fr\/blog\/#organization"},"potentialAction":[{"@type":"SearchAction","target":{"@type":"EntryPoint","urlTemplate":"https:\/\/www.infodictat.fr\/blog\/?s={search_term_string}"},"query-input":{"@type":"PropertyValueSpecification","valueRequired":true,"valueName":"search_term_string"}}],"inLanguage":"fr-FR"},{"@type":"Organization","@id":"https:\/\/www.infodictat.fr\/blog\/#organization","name":"infodictat","url":"https:\/\/www.infodictat.fr\/blog\/","logo":{"@type":"ImageObject","inLanguage":"fr-FR","@id":"https:\/\/www.infodictat.fr\/blog\/#\/schema\/logo\/image\/","url":"https:\/\/www.infodictat.fr\/blog\/wp-content\/uploads\/2023\/05\/logo-2.png","contentUrl":"https:\/\/www.infodictat.fr\/blog\/wp-content\/uploads\/2023\/05\/logo-2.png","width":480,"height":596,"caption":"infodictat"},"image":{"@id":"https:\/\/www.infodictat.fr\/blog\/#\/schema\/logo\/image\/"}},{"@type":"Person","@id":"https:\/\/www.infodictat.fr\/blog\/#\/schema\/person\/6c2c8af0941702348e8eca9144cc1267","name":"Oscar BETHMONT","image":{"@type":"ImageObject","inLanguage":"fr-FR","@id":"https:\/\/secure.gravatar.com\/avatar\/f80ff32d67d40b919e8be190b7325be3c6cb33ce305ac1d45cadad29128e831e?s=96&d=mm&r=g","url":"https:\/\/secure.gravatar.com\/avatar\/f80ff32d67d40b919e8be190b7325be3c6cb33ce305ac1d45cadad29128e831e?s=96&d=mm&r=g","contentUrl":"https:\/\/secure.gravatar.com\/avatar\/f80ff32d67d40b919e8be190b7325be3c6cb33ce305ac1d45cadad29128e831e?s=96&d=mm&r=g","caption":"Oscar BETHMONT"},"url":"https:\/\/www.infodictat.fr\/blog\/author\/tatoscar\/"}]}},"_links":{"self":[{"href":"https:\/\/www.infodictat.fr\/blog\/wp-json\/wp\/v2\/posts\/301","targetHints":{"allow":["GET"]}}],"collection":[{"href":"https:\/\/www.infodictat.fr\/blog\/wp-json\/wp\/v2\/posts"}],"about":[{"href":"https:\/\/www.infodictat.fr\/blog\/wp-json\/wp\/v2\/types\/post"}],"author":[{"embeddable":true,"href":"https:\/\/www.infodictat.fr\/blog\/wp-json\/wp\/v2\/users\/2"}],"replies":[{"embeddable":true,"href":"https:\/\/www.infodictat.fr\/blog\/wp-json\/wp\/v2\/comments?post=301"}],"version-history":[{"count":0,"href":"https:\/\/www.infodictat.fr\/blog\/wp-json\/wp\/v2\/posts\/301\/revisions"}],"wp:featuredmedia":[{"embeddable":true,"href":"https:\/\/www.infodictat.fr\/blog\/wp-json\/wp\/v2\/media\/302"}],"wp:attachment":[{"href":"https:\/\/www.infodictat.fr\/blog\/wp-json\/wp\/v2\/media?parent=301"}],"wp:term":[{"taxonomy":"category","embeddable":true,"href":"https:\/\/www.infodictat.fr\/blog\/wp-json\/wp\/v2\/categories?post=301"},{"taxonomy":"post_tag","embeddable":true,"href":"https:\/\/www.infodictat.fr\/blog\/wp-json\/wp\/v2\/tags?post=301"}],"curies":[{"name":"wp","href":"https:\/\/api.w.org\/{rel}","templated":true}]}}