{"id":261,"date":"2023-11-21T22:51:01","date_gmt":"2023-11-21T21:51:01","guid":{"rendered":"https:\/\/www.infodictat.fr\/blog\/actu-france-lue-annonce-la-poursuite-de-laide-au-developpement-pour-les-palestiniens\/"},"modified":"2023-11-21T22:51:01","modified_gmt":"2023-11-21T21:51:01","slug":"actu-france-lue-annonce-la-poursuite-de-laide-au-developpement-pour-les-palestiniens","status":"publish","type":"post","link":"https:\/\/www.infodictat.fr\/blog\/actu-france-lue-annonce-la-poursuite-de-laide-au-developpement-pour-les-palestiniens\/","title":{"rendered":"Actu france: L\u2019UE annonce la poursuite de l\u2019aide au d\u00e9veloppement pour les Palestiniens"},"content":{"rendered":"<div><img width=\"580\" height=\"326\" src=\"https:\/\/www.infodictat.fr\/blog\/wp-content\/uploads\/2023\/11\/Actu-france-LUE-annonce-la-poursuite-de-laide-au-developpement.png\" class=\"attachment-large size-large wp-post-image\" alt=\"Actu-france-LUE-annonce-la-poursuite-de-laide-au-developpement\" style=\"float:left; margin:0 15px 15px 0;\" decoding=\"async\" srcset=\"https:\/\/www.infodictat.fr\/blog\/wp-content\/uploads\/2023\/11\/Actu-france-LUE-annonce-la-poursuite-de-laide-au-developpement.png 1024w, https:\/\/www.site.cdcl.xyz\/wp-content\/uploads\/2023\/11\/Actu-france-LUE-annonce-la-poursuite-de-laide-au-developpement-300x169.png 300w, https:\/\/www.site.cdcl.xyz\/wp-content\/uploads\/2023\/11\/Actu-france-LUE-annonce-la-poursuite-de-laide-au-developpement-768x432.png 768w\" sizes=\"(max-width: 580px) 100vw, 580px\"><\/p>\n<p><img decoding=\"async\" src=\"https:\/\/www.infodictat.fr\/blog\/wp-content\/uploads\/2023\/11\/Informations-francaise-LUE-annonce-la-poursuite-de-laide-au-developpement.png\"><\/p>\n<p>            Le 9 octobre dernier, la Commission europ\u00e9enne avait annonc\u00e9 la suspension des aides au d\u00e9veloppement en faveur de l\u2019autorit\u00e9 palestinienne et de l\u2019Unrwa, deux jours apr\u00e8s les attaques du Hamas contre les Isra\u00e9liens.  Il s\u2019agit uniquement de ce qu\u2019on appelle l\u2019aide au d\u00e9veloppement, ce qui signifie que l\u2019aide humanitaire directe aux Palestiniens n\u2019a jamais \u00e9t\u00e9 menac\u00e9e.  Il reste que cette suspension a mis la commission en porte-\u00e0-faux vis-\u00e0-vis de plusieurs capitales        <\/p>\n<div>\n<p class=\"m-pub-dates\"><span class=\"m-pub-dates__date\">Publi\u00e9 le : <time datetime=\"2023-11-21T17:06:45+00:00\" pubdate=\"pubdate\">21\/11\/2023 \u2013 18:06<\/time><\/span><\/p>\n<p>\n        <span class=\"a-svg a-svg--picto-clock\" title=\"Temps de lecture\"><\/span>  1 minute<\/p>\n<\/div>\n<div>\n<p><em>Avec notre correspondant \u00e0 Bruxelles,<\/em> <strong>Pierre Benazet<\/strong><\/p>\n<p>L\u2019Union europ\u00e9enne devait verser au total 331 millions d\u2019Euros \u00e0 la Palestine en 2023. Apr\u00e8s la suspension des paiements le 9 octobre, la commission a men\u00e9 une r\u00e9vision en profondeur pour v\u00e9rifier d\u2019abord que les fonds europ\u00e9ens ne pouvaient pas \u00eatre d\u00e9tourn\u00e9s. vers des organisations terroristes.  Elle a ensuite cherch\u00e9 \u00e0 s\u2019assurer que l\u2019argent de l\u2019Union europ\u00e9enne ne puisse servir \u00e0 financer l\u2019incitation \u00e0 la haine ou \u00e0 la violence.<\/p>\n<p>Apr\u00e8s six semaines d\u2019enqu\u00eate, la commission conclut que les fonds ne peuvent pas \u00eatre d\u00e9tourn\u00e9s.  La suspension des versements est annul\u00e9e, mais en revanche l\u2019enqu\u00eate a r\u00e9v\u00e9l\u00e9 que plusieurs projets n\u2019\u00e9taient plus r\u00e9alisables.  Il s\u2019agit de projets d\u2019infrastructure d\u2019une valeur de 75 millions d\u2019euros comme par exemple une usine de d\u00e9salinisation de l\u2019eau de mer \u00e0 Gaza.  Ces fonds-l\u00e0 seront r\u00e9utilis\u00e9s diff\u00e9remment et en partie r\u00e9affect\u00e9s \u00e0 l\u2019aide humanitaire.<\/p>\n<p>Cette suspension des aides au d\u00e9veloppement destin\u00e9es \u00e0 l\u2019Autorit\u00e9 palestinienne a r\u00e9v\u00e9l\u00e9 des fractures politiques au sein de la Commission europ\u00e9enne qui se d\u00e9m\u00e8ne depuis pour les faire oublier et a par exemple quadrupl\u00e9 le volet humanitaire de son aide.<\/p>\n<\/div>\n<p>Livres sur un propos similaire:<\/p>\n<p>Accueil\/Sciences de la nature et sciences exactes.,<a href=\"https:\/\/fr.wikibooks.org\/wiki\/Accueil\/Sciences_de_la_nature_et_sciences_exactes\" target=\"_blank\" rel=\"noopener noreferrer nofollow\">Ici la fiche de pr\u00e9sentation<\/a><span><\/span>.<\/p>\n<p>Le moment r\u00e9publicain.,<a href=\"https:\/\/www.kobo.com\/fr\/fr\/ebook\/le-moment-republicain\" target=\"_blank\" rel=\"noopener noreferrer nofollow\">Redirection vers la fiche de pr\u00e9sentation<\/a><span><\/span>. A emprunter en biblioth\u00e8que.<\/p>\n<p>Richelieu : La foi dans la France.,<a href=\"https:\/\/www.kobo.com\/fr\/fr\/ebook\/richelieu-la-foi-dans-la-france\" target=\"_blank\" rel=\"noopener noreferrer nofollow\">Pr\u00e9sentation du livre<\/a><span><\/span>.<\/p>\n<\/div>\n<p><img decoding=\"async\" class=\"wpe_imgrss\" src=\"https:\/\/www.infodictat.fr\/blog\/wp-content\/uploads\/2023\/11\/Actu-france-LUE-annonce-la-poursuite-de-laide-au-developpement.png\">Vous pouvez lire ce post traitant le sujet \u00ab\u00a0La dictature num\u00e9rique\u00a0\u00bb. Il est produit par la r\u00e9daction de infodictat.fr. Le site infodictat.fr a pour objectif de publier plusieurs articles autour du sujet La dictature num\u00e9rique d\u00e9velopp\u00e9es sur le web. Cette chronique se veut g\u00e9n\u00e9r\u00e9e de la fa\u00e7on la plus juste qui soit. Pour \u00e9mettre des remarques sur ce dossier autour du sujet \u00ab\u00a0La dictature num\u00e9rique\u00a0\u00bb prenez les contacts indiqu\u00e9s sur notre site internet. En consultant r\u00e9guli\u00e8rement nos contenus de blog vous serez au courant des futures parutions.<\/p>\n","protected":false},"excerpt":{"rendered":"<p>Le 9 octobre dernier, la Commission europ\u00e9enne avait annonc\u00e9 la suspension des aides au d\u00e9veloppement en faveur de l\u2019autorit\u00e9 palestinienne et de l\u2019Unrwa, deux jours apr\u00e8s les attaques du Hamas contre les Isra\u00e9liens. Il s\u2019agit uniquement de ce qu\u2019on appelle l\u2019aide au d\u00e9veloppement, ce qui signifie que l\u2019aide humanitaire directe aux Palestiniens n\u2019a jamais \u00e9t\u00e9 &#8230; <a title=\"Actu france: L\u2019UE annonce la poursuite de l\u2019aide au d\u00e9veloppement pour les Palestiniens\" class=\"read-more\" href=\"https:\/\/www.infodictat.fr\/blog\/actu-france-lue-annonce-la-poursuite-de-laide-au-developpement-pour-les-palestiniens\/\" aria-label=\"En savoir plus sur Actu france: L\u2019UE annonce la poursuite de l\u2019aide au d\u00e9veloppement pour les Palestiniens\">Lire la suite<\/a><\/p>\n","protected":false},"author":2,"featured_media":262,"comment_status":"closed","ping_status":"closed","sticky":false,"template":"","format":"standard","meta":{"footnotes":""},"categories":[2],"tags":[],"class_list":["post-261","post","type-post","status-publish","format-standard","has-post-thumbnail","hentry","category-la-dictature-numerique"],"yoast_head":"<!-- This site is optimized with the Yoast SEO plugin v27.5 - https:\/\/yoast.com\/product\/yoast-seo-wordpress\/ -->\n<title>Actu france: L\u2019UE annonce la poursuite de l\u2019aide au d\u00e9veloppement pour les Palestiniens - INFODICTAT<\/title>\n<meta name=\"robots\" content=\"index, follow, max-snippet:-1, max-image-preview:large, max-video-preview:-1\" \/>\n<link rel=\"canonical\" href=\"https:\/\/www.infodictat.fr\/blog\/actu-france-lue-annonce-la-poursuite-de-laide-au-developpement-pour-les-palestiniens\/\" \/>\n<meta property=\"og:locale\" content=\"fr_FR\" \/>\n<meta property=\"og:type\" content=\"article\" \/>\n<meta property=\"og:title\" content=\"Actu france: L\u2019UE annonce la poursuite de l\u2019aide au d\u00e9veloppement pour les Palestiniens - INFODICTAT\" \/>\n<meta property=\"og:description\" content=\"Le 9 octobre dernier, la Commission europ\u00e9enne avait annonc\u00e9 la suspension des aides au d\u00e9veloppement en faveur de l\u2019autorit\u00e9 palestinienne et de l\u2019Unrwa, deux jours apr\u00e8s les attaques du Hamas contre les Isra\u00e9liens. Il s\u2019agit uniquement de ce qu\u2019on appelle l\u2019aide au d\u00e9veloppement, ce qui signifie que l\u2019aide humanitaire directe aux Palestiniens n\u2019a jamais \u00e9t\u00e9 ... Lire la suite\" \/>\n<meta property=\"og:url\" content=\"https:\/\/www.infodictat.fr\/blog\/actu-france-lue-annonce-la-poursuite-de-laide-au-developpement-pour-les-palestiniens\/\" \/>\n<meta property=\"og:site_name\" content=\"INFODICTAT\" \/>\n<meta property=\"article:published_time\" content=\"2023-11-21T21:51:01+00:00\" \/>\n<meta property=\"og:image\" content=\"https:\/\/www.infodictat.fr\/blog\/wp-content\/uploads\/2023\/11\/Actu-france-LUE-annonce-la-poursuite-de-laide-au-developpement.png\" \/>\n<meta name=\"author\" content=\"Oscar BETHMONT\" \/>\n<meta name=\"twitter:card\" content=\"summary_large_image\" \/>\n<meta name=\"twitter:label1\" content=\"\u00c9crit par\" \/>\n\t<meta name=\"twitter:data1\" content=\"Oscar BETHMONT\" \/>\n\t<meta name=\"twitter:label2\" content=\"Dur\u00e9e de lecture estim\u00e9e\" \/>\n\t<meta name=\"twitter:data2\" content=\"2 minutes\" \/>\n<script type=\"application\/ld+json\" class=\"yoast-schema-graph\">{\"@context\":\"https:\\\/\\\/schema.org\",\"@graph\":[{\"@type\":\"Article\",\"@id\":\"https:\\\/\\\/www.infodictat.fr\\\/blog\\\/actu-france-lue-annonce-la-poursuite-de-laide-au-developpement-pour-les-palestiniens\\\/#article\",\"isPartOf\":{\"@id\":\"https:\\\/\\\/www.infodictat.fr\\\/blog\\\/actu-france-lue-annonce-la-poursuite-de-laide-au-developpement-pour-les-palestiniens\\\/\"},\"author\":{\"name\":\"Oscar BETHMONT\",\"@id\":\"https:\\\/\\\/www.infodictat.fr\\\/blog\\\/#\\\/schema\\\/person\\\/6c2c8af0941702348e8eca9144cc1267\"},\"headline\":\"Actu france: L\u2019UE annonce la poursuite de l\u2019aide au d\u00e9veloppement pour les Palestiniens\",\"datePublished\":\"2023-11-21T21:51:01+00:00\",\"mainEntityOfPage\":{\"@id\":\"https:\\\/\\\/www.infodictat.fr\\\/blog\\\/actu-france-lue-annonce-la-poursuite-de-laide-au-developpement-pour-les-palestiniens\\\/\"},\"wordCount\":471,\"publisher\":{\"@id\":\"https:\\\/\\\/www.infodictat.fr\\\/blog\\\/#organization\"},\"image\":{\"@id\":\"https:\\\/\\\/www.infodictat.fr\\\/blog\\\/actu-france-lue-annonce-la-poursuite-de-laide-au-developpement-pour-les-palestiniens\\\/#primaryimage\"},\"thumbnailUrl\":\"https:\\\/\\\/www.infodictat.fr\\\/blog\\\/wp-content\\\/uploads\\\/2023\\\/11\\\/Actu-france-LUE-annonce-la-poursuite-de-laide-au-developpement.png\",\"articleSection\":[\"La Dictature Num\u00e9rique:\"],\"inLanguage\":\"fr-FR\"},{\"@type\":\"WebPage\",\"@id\":\"https:\\\/\\\/www.infodictat.fr\\\/blog\\\/actu-france-lue-annonce-la-poursuite-de-laide-au-developpement-pour-les-palestiniens\\\/\",\"url\":\"https:\\\/\\\/www.infodictat.fr\\\/blog\\\/actu-france-lue-annonce-la-poursuite-de-laide-au-developpement-pour-les-palestiniens\\\/\",\"name\":\"Actu france: L\u2019UE annonce la poursuite de l\u2019aide au d\u00e9veloppement pour les Palestiniens - INFODICTAT\",\"isPartOf\":{\"@id\":\"https:\\\/\\\/www.infodictat.fr\\\/blog\\\/#website\"},\"primaryImageOfPage\":{\"@id\":\"https:\\\/\\\/www.infodictat.fr\\\/blog\\\/actu-france-lue-annonce-la-poursuite-de-laide-au-developpement-pour-les-palestiniens\\\/#primaryimage\"},\"image\":{\"@id\":\"https:\\\/\\\/www.infodictat.fr\\\/blog\\\/actu-france-lue-annonce-la-poursuite-de-laide-au-developpement-pour-les-palestiniens\\\/#primaryimage\"},\"thumbnailUrl\":\"https:\\\/\\\/www.infodictat.fr\\\/blog\\\/wp-content\\\/uploads\\\/2023\\\/11\\\/Actu-france-LUE-annonce-la-poursuite-de-laide-au-developpement.png\",\"datePublished\":\"2023-11-21T21:51:01+00:00\",\"breadcrumb\":{\"@id\":\"https:\\\/\\\/www.infodictat.fr\\\/blog\\\/actu-france-lue-annonce-la-poursuite-de-laide-au-developpement-pour-les-palestiniens\\\/#breadcrumb\"},\"inLanguage\":\"fr-FR\",\"potentialAction\":[{\"@type\":\"ReadAction\",\"target\":[\"https:\\\/\\\/www.infodictat.fr\\\/blog\\\/actu-france-lue-annonce-la-poursuite-de-laide-au-developpement-pour-les-palestiniens\\\/\"]}]},{\"@type\":\"ImageObject\",\"inLanguage\":\"fr-FR\",\"@id\":\"https:\\\/\\\/www.infodictat.fr\\\/blog\\\/actu-france-lue-annonce-la-poursuite-de-laide-au-developpement-pour-les-palestiniens\\\/#primaryimage\",\"url\":\"https:\\\/\\\/www.infodictat.fr\\\/blog\\\/wp-content\\\/uploads\\\/2023\\\/11\\\/Actu-france-LUE-annonce-la-poursuite-de-laide-au-developpement.png\",\"contentUrl\":\"https:\\\/\\\/www.infodictat.fr\\\/blog\\\/wp-content\\\/uploads\\\/2023\\\/11\\\/Actu-france-LUE-annonce-la-poursuite-de-laide-au-developpement.png\",\"width\":1024,\"height\":576},{\"@type\":\"BreadcrumbList\",\"@id\":\"https:\\\/\\\/www.infodictat.fr\\\/blog\\\/actu-france-lue-annonce-la-poursuite-de-laide-au-developpement-pour-les-palestiniens\\\/#breadcrumb\",\"itemListElement\":[{\"@type\":\"ListItem\",\"position\":1,\"name\":\"Accueil\",\"item\":\"https:\\\/\\\/www.infodictat.fr\\\/blog\\\/\"},{\"@type\":\"ListItem\",\"position\":2,\"name\":\"Actu france: L\u2019UE annonce la poursuite de l\u2019aide au d\u00e9veloppement pour les Palestiniens\"}]},{\"@type\":\"WebSite\",\"@id\":\"https:\\\/\\\/www.infodictat.fr\\\/blog\\\/#website\",\"url\":\"https:\\\/\\\/www.infodictat.fr\\\/blog\\\/\",\"name\":\"INFODICTAT\",\"description\":\"La dictature num\u00e9rique.\",\"publisher\":{\"@id\":\"https:\\\/\\\/www.infodictat.fr\\\/blog\\\/#organization\"},\"potentialAction\":[{\"@type\":\"SearchAction\",\"target\":{\"@type\":\"EntryPoint\",\"urlTemplate\":\"https:\\\/\\\/www.infodictat.fr\\\/blog\\\/?s={search_term_string}\"},\"query-input\":{\"@type\":\"PropertyValueSpecification\",\"valueRequired\":true,\"valueName\":\"search_term_string\"}}],\"inLanguage\":\"fr-FR\"},{\"@type\":\"Organization\",\"@id\":\"https:\\\/\\\/www.infodictat.fr\\\/blog\\\/#organization\",\"name\":\"infodictat\",\"url\":\"https:\\\/\\\/www.infodictat.fr\\\/blog\\\/\",\"logo\":{\"@type\":\"ImageObject\",\"inLanguage\":\"fr-FR\",\"@id\":\"https:\\\/\\\/www.infodictat.fr\\\/blog\\\/#\\\/schema\\\/logo\\\/image\\\/\",\"url\":\"https:\\\/\\\/www.infodictat.fr\\\/blog\\\/wp-content\\\/uploads\\\/2023\\\/05\\\/logo-2.png\",\"contentUrl\":\"https:\\\/\\\/www.infodictat.fr\\\/blog\\\/wp-content\\\/uploads\\\/2023\\\/05\\\/logo-2.png\",\"width\":480,\"height\":596,\"caption\":\"infodictat\"},\"image\":{\"@id\":\"https:\\\/\\\/www.infodictat.fr\\\/blog\\\/#\\\/schema\\\/logo\\\/image\\\/\"}},{\"@type\":\"Person\",\"@id\":\"https:\\\/\\\/www.infodictat.fr\\\/blog\\\/#\\\/schema\\\/person\\\/6c2c8af0941702348e8eca9144cc1267\",\"name\":\"Oscar BETHMONT\",\"image\":{\"@type\":\"ImageObject\",\"inLanguage\":\"fr-FR\",\"@id\":\"https:\\\/\\\/secure.gravatar.com\\\/avatar\\\/f80ff32d67d40b919e8be190b7325be3c6cb33ce305ac1d45cadad29128e831e?s=96&d=mm&r=g\",\"url\":\"https:\\\/\\\/secure.gravatar.com\\\/avatar\\\/f80ff32d67d40b919e8be190b7325be3c6cb33ce305ac1d45cadad29128e831e?s=96&d=mm&r=g\",\"contentUrl\":\"https:\\\/\\\/secure.gravatar.com\\\/avatar\\\/f80ff32d67d40b919e8be190b7325be3c6cb33ce305ac1d45cadad29128e831e?s=96&d=mm&r=g\",\"caption\":\"Oscar BETHMONT\"},\"url\":\"https:\\\/\\\/www.infodictat.fr\\\/blog\\\/author\\\/tatoscar\\\/\"}]}<\/script>\n<!-- \/ Yoast SEO plugin. -->","yoast_head_json":{"title":"Actu france: L\u2019UE annonce la poursuite de l\u2019aide au d\u00e9veloppement pour les Palestiniens - INFODICTAT","robots":{"index":"index","follow":"follow","max-snippet":"max-snippet:-1","max-image-preview":"max-image-preview:large","max-video-preview":"max-video-preview:-1"},"canonical":"https:\/\/www.infodictat.fr\/blog\/actu-france-lue-annonce-la-poursuite-de-laide-au-developpement-pour-les-palestiniens\/","og_locale":"fr_FR","og_type":"article","og_title":"Actu france: L\u2019UE annonce la poursuite de l\u2019aide au d\u00e9veloppement pour les Palestiniens - INFODICTAT","og_description":"Le 9 octobre dernier, la Commission europ\u00e9enne avait annonc\u00e9 la suspension des aides au d\u00e9veloppement en faveur de l\u2019autorit\u00e9 palestinienne et de l\u2019Unrwa, deux jours apr\u00e8s les attaques du Hamas contre les Isra\u00e9liens. Il s\u2019agit uniquement de ce qu\u2019on appelle l\u2019aide au d\u00e9veloppement, ce qui signifie que l\u2019aide humanitaire directe aux Palestiniens n\u2019a jamais \u00e9t\u00e9 ... Lire la suite","og_url":"https:\/\/www.infodictat.fr\/blog\/actu-france-lue-annonce-la-poursuite-de-laide-au-developpement-pour-les-palestiniens\/","og_site_name":"INFODICTAT","article_published_time":"2023-11-21T21:51:01+00:00","og_image":[{"url":"https:\/\/www.infodictat.fr\/blog\/wp-content\/uploads\/2023\/11\/Actu-france-LUE-annonce-la-poursuite-de-laide-au-developpement.png","type":"","width":"","height":""}],"author":"Oscar BETHMONT","twitter_card":"summary_large_image","twitter_misc":{"\u00c9crit par":"Oscar BETHMONT","Dur\u00e9e de lecture estim\u00e9e":"2 minutes"},"schema":{"@context":"https:\/\/schema.org","@graph":[{"@type":"Article","@id":"https:\/\/www.infodictat.fr\/blog\/actu-france-lue-annonce-la-poursuite-de-laide-au-developpement-pour-les-palestiniens\/#article","isPartOf":{"@id":"https:\/\/www.infodictat.fr\/blog\/actu-france-lue-annonce-la-poursuite-de-laide-au-developpement-pour-les-palestiniens\/"},"author":{"name":"Oscar BETHMONT","@id":"https:\/\/www.infodictat.fr\/blog\/#\/schema\/person\/6c2c8af0941702348e8eca9144cc1267"},"headline":"Actu france: L\u2019UE annonce la poursuite de l\u2019aide au d\u00e9veloppement pour les Palestiniens","datePublished":"2023-11-21T21:51:01+00:00","mainEntityOfPage":{"@id":"https:\/\/www.infodictat.fr\/blog\/actu-france-lue-annonce-la-poursuite-de-laide-au-developpement-pour-les-palestiniens\/"},"wordCount":471,"publisher":{"@id":"https:\/\/www.infodictat.fr\/blog\/#organization"},"image":{"@id":"https:\/\/www.infodictat.fr\/blog\/actu-france-lue-annonce-la-poursuite-de-laide-au-developpement-pour-les-palestiniens\/#primaryimage"},"thumbnailUrl":"https:\/\/www.infodictat.fr\/blog\/wp-content\/uploads\/2023\/11\/Actu-france-LUE-annonce-la-poursuite-de-laide-au-developpement.png","articleSection":["La Dictature Num\u00e9rique:"],"inLanguage":"fr-FR"},{"@type":"WebPage","@id":"https:\/\/www.infodictat.fr\/blog\/actu-france-lue-annonce-la-poursuite-de-laide-au-developpement-pour-les-palestiniens\/","url":"https:\/\/www.infodictat.fr\/blog\/actu-france-lue-annonce-la-poursuite-de-laide-au-developpement-pour-les-palestiniens\/","name":"Actu france: L\u2019UE annonce la poursuite de l\u2019aide au d\u00e9veloppement pour les Palestiniens - INFODICTAT","isPartOf":{"@id":"https:\/\/www.infodictat.fr\/blog\/#website"},"primaryImageOfPage":{"@id":"https:\/\/www.infodictat.fr\/blog\/actu-france-lue-annonce-la-poursuite-de-laide-au-developpement-pour-les-palestiniens\/#primaryimage"},"image":{"@id":"https:\/\/www.infodictat.fr\/blog\/actu-france-lue-annonce-la-poursuite-de-laide-au-developpement-pour-les-palestiniens\/#primaryimage"},"thumbnailUrl":"https:\/\/www.infodictat.fr\/blog\/wp-content\/uploads\/2023\/11\/Actu-france-LUE-annonce-la-poursuite-de-laide-au-developpement.png","datePublished":"2023-11-21T21:51:01+00:00","breadcrumb":{"@id":"https:\/\/www.infodictat.fr\/blog\/actu-france-lue-annonce-la-poursuite-de-laide-au-developpement-pour-les-palestiniens\/#breadcrumb"},"inLanguage":"fr-FR","potentialAction":[{"@type":"ReadAction","target":["https:\/\/www.infodictat.fr\/blog\/actu-france-lue-annonce-la-poursuite-de-laide-au-developpement-pour-les-palestiniens\/"]}]},{"@type":"ImageObject","inLanguage":"fr-FR","@id":"https:\/\/www.infodictat.fr\/blog\/actu-france-lue-annonce-la-poursuite-de-laide-au-developpement-pour-les-palestiniens\/#primaryimage","url":"https:\/\/www.infodictat.fr\/blog\/wp-content\/uploads\/2023\/11\/Actu-france-LUE-annonce-la-poursuite-de-laide-au-developpement.png","contentUrl":"https:\/\/www.infodictat.fr\/blog\/wp-content\/uploads\/2023\/11\/Actu-france-LUE-annonce-la-poursuite-de-laide-au-developpement.png","width":1024,"height":576},{"@type":"BreadcrumbList","@id":"https:\/\/www.infodictat.fr\/blog\/actu-france-lue-annonce-la-poursuite-de-laide-au-developpement-pour-les-palestiniens\/#breadcrumb","itemListElement":[{"@type":"ListItem","position":1,"name":"Accueil","item":"https:\/\/www.infodictat.fr\/blog\/"},{"@type":"ListItem","position":2,"name":"Actu france: L\u2019UE annonce la poursuite de l\u2019aide au d\u00e9veloppement pour les Palestiniens"}]},{"@type":"WebSite","@id":"https:\/\/www.infodictat.fr\/blog\/#website","url":"https:\/\/www.infodictat.fr\/blog\/","name":"INFODICTAT","description":"La dictature num\u00e9rique.","publisher":{"@id":"https:\/\/www.infodictat.fr\/blog\/#organization"},"potentialAction":[{"@type":"SearchAction","target":{"@type":"EntryPoint","urlTemplate":"https:\/\/www.infodictat.fr\/blog\/?s={search_term_string}"},"query-input":{"@type":"PropertyValueSpecification","valueRequired":true,"valueName":"search_term_string"}}],"inLanguage":"fr-FR"},{"@type":"Organization","@id":"https:\/\/www.infodictat.fr\/blog\/#organization","name":"infodictat","url":"https:\/\/www.infodictat.fr\/blog\/","logo":{"@type":"ImageObject","inLanguage":"fr-FR","@id":"https:\/\/www.infodictat.fr\/blog\/#\/schema\/logo\/image\/","url":"https:\/\/www.infodictat.fr\/blog\/wp-content\/uploads\/2023\/05\/logo-2.png","contentUrl":"https:\/\/www.infodictat.fr\/blog\/wp-content\/uploads\/2023\/05\/logo-2.png","width":480,"height":596,"caption":"infodictat"},"image":{"@id":"https:\/\/www.infodictat.fr\/blog\/#\/schema\/logo\/image\/"}},{"@type":"Person","@id":"https:\/\/www.infodictat.fr\/blog\/#\/schema\/person\/6c2c8af0941702348e8eca9144cc1267","name":"Oscar BETHMONT","image":{"@type":"ImageObject","inLanguage":"fr-FR","@id":"https:\/\/secure.gravatar.com\/avatar\/f80ff32d67d40b919e8be190b7325be3c6cb33ce305ac1d45cadad29128e831e?s=96&d=mm&r=g","url":"https:\/\/secure.gravatar.com\/avatar\/f80ff32d67d40b919e8be190b7325be3c6cb33ce305ac1d45cadad29128e831e?s=96&d=mm&r=g","contentUrl":"https:\/\/secure.gravatar.com\/avatar\/f80ff32d67d40b919e8be190b7325be3c6cb33ce305ac1d45cadad29128e831e?s=96&d=mm&r=g","caption":"Oscar BETHMONT"},"url":"https:\/\/www.infodictat.fr\/blog\/author\/tatoscar\/"}]}},"_links":{"self":[{"href":"https:\/\/www.infodictat.fr\/blog\/wp-json\/wp\/v2\/posts\/261","targetHints":{"allow":["GET"]}}],"collection":[{"href":"https:\/\/www.infodictat.fr\/blog\/wp-json\/wp\/v2\/posts"}],"about":[{"href":"https:\/\/www.infodictat.fr\/blog\/wp-json\/wp\/v2\/types\/post"}],"author":[{"embeddable":true,"href":"https:\/\/www.infodictat.fr\/blog\/wp-json\/wp\/v2\/users\/2"}],"replies":[{"embeddable":true,"href":"https:\/\/www.infodictat.fr\/blog\/wp-json\/wp\/v2\/comments?post=261"}],"version-history":[{"count":0,"href":"https:\/\/www.infodictat.fr\/blog\/wp-json\/wp\/v2\/posts\/261\/revisions"}],"wp:featuredmedia":[{"embeddable":true,"href":"https:\/\/www.infodictat.fr\/blog\/wp-json\/wp\/v2\/media\/262"}],"wp:attachment":[{"href":"https:\/\/www.infodictat.fr\/blog\/wp-json\/wp\/v2\/media?parent=261"}],"wp:term":[{"taxonomy":"category","embeddable":true,"href":"https:\/\/www.infodictat.fr\/blog\/wp-json\/wp\/v2\/categories?post=261"},{"taxonomy":"post_tag","embeddable":true,"href":"https:\/\/www.infodictat.fr\/blog\/wp-json\/wp\/v2\/tags?post=261"}],"curies":[{"name":"wp","href":"https:\/\/api.w.org\/{rel}","templated":true}]}}