{"id":224,"date":"2023-10-16T13:26:09","date_gmt":"2023-10-16T11:26:09","guid":{"rendered":"https:\/\/www.infodictat.fr\/blog\/infos-france-le-centre-de-soins-de-grossesse-de-paris-organise-une-collecte-de-fonds-nouvelles\/"},"modified":"2023-10-16T13:26:09","modified_gmt":"2023-10-16T11:26:09","slug":"infos-france-le-centre-de-soins-de-grossesse-de-paris-organise-une-collecte-de-fonds-nouvelles","status":"publish","type":"post","link":"https:\/\/www.infodictat.fr\/blog\/infos-france-le-centre-de-soins-de-grossesse-de-paris-organise-une-collecte-de-fonds-nouvelles\/","title":{"rendered":"Infos france:  Le Centre de Soins de Grossesse de Paris organise une collecte de fonds |  Nouvelles"},"content":{"rendered":"<div><img width=\"580\" height=\"392\" src=\"https:\/\/www.infodictat.fr\/blog\/wp-content\/uploads\/2023\/10\/Actu-France-Juan-Martin-Del-Potro-ouvert-a-un-retour.jpg\" class=\"attachment-large size-large wp-post-image\" alt=\"Actu-France-Juan-Martin-Del-Potro-ouvert-a-un-retour\" decoding=\"async\" style=\"float:left; margin:0 15px 15px 0;\" srcset=\"https:\/\/www.infodictat.fr\/blog\/wp-content\/uploads\/2023\/10\/Actu-France-Juan-Martin-Del-Potro-ouvert-a-un-retour.jpg 715w, https:\/\/www.site.cdcl.xyz\/wp-content\/uploads\/2022\/09\/Actu-France-Juan-Martin-Del-Potro-ouvert-a-un-retour-300x203.jpg 300w\" sizes=\"(max-width: 580px) 100vw, 580px\"><\/p>\n<div id=\"article-body\" itemprop=\"articleBody\" false=\"\">\n                                <meta itemprop=\"isAccessibleForFree\" content=\"false\"><\/p>\n<div class=\"subscriber-preview\">\n<p>Des histoires d\u2019espoir et d\u2019inspiration \u00e9taient le th\u00e8me du 21e gala annuel du Centre de Soins de Grossesse de Paris, qui s\u2019est tenu jeudi soir au Love Civic Center.<\/p>\n<\/div>\n<div class=\"subscriber-preview\">\n<p>Une foule nombreuse \u00e9tait pr\u00e9sente pour l\u2019\u00e9v\u00e9nement, qui comprenait des animations de Teresa Harmening et Mixed Society ainsi que des services de restauration de Soul Sisters.<\/p>\n<\/div>\n<div class=\"subscriber-only\" style=\"display:none\">\n<p>Les moments forts de la soir\u00e9e ont \u00e9t\u00e9 les discours d\u2019ouverture des fondateurs du PPCC, Roger et Vickie Powell, ainsi que la conf\u00e9renci\u00e8re invit\u00e9e Evie West, qui a partag\u00e9 son incroyable histoire depuis son enfance en Californie jusqu\u2019\u00e0 sa carri\u00e8re de policier \u00e0 Cleveland, Tennessee.<\/p>\n<\/div>\n<div class=\"subscriber-only\" style=\"display:none\">\n<p>\u00ab Nous nous sentons tr\u00e8s chanceux de pouvoir d\u00e9sormais fournir toutes ces ressources aux femmes et \u00e0 leurs b\u00e9b\u00e9s \u00bb, a d\u00e9clar\u00e9 Vickie.  \u00ab\u00a0Dieu avait des projets pour nous, et \u00e0 l\u2019\u00e9poque, ils n\u2019avaient aucun sens, mais nous sommes tr\u00e8s reconnaissants envers tous ceux qui nous ont aid\u00e9s \u00e0 en arriver l\u00e0.\u00a0\u00bb<\/p>\n<\/div>\n<div class=\"subscriber-only\" style=\"display:none\">\n<p>Des fonds ont \u00e9t\u00e9 collect\u00e9s toute la nuit pour la nouvelle maternit\u00e9 pr\u00e9vue, qui sera situ\u00e9e \u00e0 c\u00f4t\u00e9 de l\u2019\u00e9tablissement sur Houston Street.  Il servira \u00e0 h\u00e9berger des m\u00e8res enceintes avec de jeunes enfants et \u00e0 leur apporter le soutien et les ressources n\u00e9cessaires.<\/p>\n<\/div>\n<div class=\"subscriber-only\" style=\"display:none\">\n<p>L\u2019histoire d\u2019Evie West a eu un impact important sur le public, car elle a parl\u00e9 de son enfance dans le sud de la Californie en tant que jeune fille hispanique et des d\u00e9cisions difficiles qu\u2019elle a \u00e9t\u00e9 forc\u00e9e de prendre en grandissant.<\/p>\n<\/div>\n<div class=\"subscriber-only\" style=\"display:none\">\n<p>\u00ab\u00a0Tout d\u2019abord, je veux juste dire que j\u2019adore Paris, au Texas\u00a0\u00bb, a d\u00e9clar\u00e9 West.  \u00ab\u00a0Les gens ici sont tr\u00e8s accueillants et sympathiques, et j\u2019ai vraiment ador\u00e9 mon s\u00e9jour ici et ma visite au Paris Pregnancy Care Center.\u00a0\u00bb<\/p>\n<\/div>\n<div class=\"subscriber-only\" style=\"display:none\">\n<p>\u00ab\u00a0Quand j\u2019\u00e9tais petite, nous avons v\u00e9cu des exp\u00e9riences incroyables avec ma famille gr\u00e2ce au travail de ma m\u00e8re\u00a0\u00bb, a ajout\u00e9 West.  \u00ab La vie \u00e9tait parfaite jusqu\u2019\u00e0 mes 12 ans, et c\u2019est \u00e0 ce moment-l\u00e0 que j\u2019ai \u00e9t\u00e9 mis dans une \u00e9cole publique apr\u00e8s une \u00e9cole priv\u00e9e.  Je ne comprenais pas ce qui se passait autour de moi, puis au coll\u00e8ge, j\u2019ai commenc\u00e9 \u00e0 \u00eatre victime d\u2019intimidation, parce que j\u2019avais l\u2019air diff\u00e9rent de 95 pour cent des gens de mon \u00e9cole.<\/p>\n<\/div>\n<div class=\"subscriber-only\" style=\"display:none\">\n<p>West a d\u00e9clar\u00e9 qu\u2019elle avait le choix entre continuer \u00e0 se faire intimider ou trouver un moyen de survivre.  Elle a admis qu\u2019elle avait choisi de devenir membre d\u2019un gang, ce qui l\u2019a finalement amen\u00e9e \u00e0 tomber enceinte \u00e0 16 ans d\u2019un autre membre du gang.  Ses parents ont finalement pris la d\u00e9cision difficile de d\u00e9m\u00e9nager West et son fils au Tennessee o\u00f9 elle \u00e9tait inscrite dans une \u00e9cole chr\u00e9tienne.<\/p>\n<\/div>\n<div class=\"subscriber-only\" style=\"display:none\">\n<p>En arrivant au Tennessee, West a d\u00e9couvert une culture totalement diff\u00e9rente de celle qu\u2019elle avait connue en Californie.  Mais elle a finalement d\u00e9couvert qu\u2019elle \u00e9tait de nouveau enceinte et a finalement pris la d\u00e9cision de faire adopter son deuxi\u00e8me enfant, ce qui a chang\u00e9 sa vie pour toujours.<\/p>\n<\/div>\n<div class=\"subscriber-only\" style=\"display:none\">\n<p>West finirait par devenir officier de police et travaille au service de police de Cleveland depuis 22 ans maintenant et continue de diffuser son t\u00e9moignage \u00e0 travers le pays aupr\u00e8s du public.<\/p>\n<\/div>\n<div class=\"subscriber-only\" style=\"display:none\">\n<p>Apr\u00e8s que West ait partag\u00e9 son histoire, des dons ont \u00e9t\u00e9 recueillis aupr\u00e8s des invit\u00e9s et la vente aux ench\u00e8res en direct a commenc\u00e9 o\u00f9 des articles allant des billets \u00e0 des spectacles en direct chez Billy Bob\u2019s en passant par une cam\u00e9ra de s\u00e9curit\u00e9 domestique ont \u00e9t\u00e9 vendus aux ench\u00e8res.  Le montant total de l\u2019ench\u00e8re s\u2019est \u00e9lev\u00e9 \u00e0 6 940 $.<\/p>\n<\/div>\n<\/div>\n<div>\n<p>Grice est r\u00e9dacteur en chef adjoint de The Paris News.<\/p>\n<\/div>\n<p>Ouvrages sur le m\u00eame objet:<\/p>\n<p>Initial \u2013 G\u00e9ographie de la France.,<a href=\"https:\/\/www.kobo.com\/fr\/fr\/ebook\/initial-geographie-de-la-france\" target=\"_blank\" rel=\"noopener noreferrer nofollow\">Ici la fiche de pr\u00e9sentation<\/a><span><\/span>. A emprunter en biblioth\u00e8que.<\/p>\n<p>La France tu l\u2019aimes ou tu la fermes.,<a href=\"https:\/\/www.kobo.com\/fr\/fr\/ebook\/la-france-tu-l-aimes-ou-tu-la-fermes\" target=\"_blank\" rel=\"noopener noreferrer nofollow\">Infos sur ce livre<\/a><span><\/span>. Disponible \u00e0 la FNAC.<\/p>\n<p>Technologie\/Lignes et services de m\u00e9tros\/Prolongements et cr\u00e9ations de lignes de m\u00e9tros en \u00cele-de-France\/Fusion des lignes 3bis et 7bis.,<a href=\"https:\/\/fr.wikibooks.org\/wiki\/Technologie\/Lignes_et_services_de_m%C3%A9tros\/Prolongements_et_cr%C3%A9ations_de_lignes_de_m%C3%A9tros_en_%C3%8Ele-de-France\/Fusion_des_lignes_3bis_et_7bis\" target=\"_blank\" rel=\"noopener noreferrer nofollow\">Description<\/a><span><\/span>. Ouvrage de r\u00e9f\u00e9rence.<\/p>\n<\/div>\n<p><img decoding=\"async\" class=\"wpe_imgrss\" src=\"https:\/\/www.infodictat.fr\/blog\/wp-content\/uploads\/2023\/10\/Actu-France-Juan-Martin-Del-Potro-ouvert-a-un-retour.jpg\">Vous pouvez lire ce post traitant le sujet \u00ab\u00a0La dictature num\u00e9rique\u00a0\u00bb. Il est produit par la r\u00e9daction de infodictat.fr. Le site infodictat.fr a pour objectif de publier plusieurs articles autour du sujet La dictature num\u00e9rique d\u00e9velopp\u00e9es sur le web. Cette chronique se veut g\u00e9n\u00e9r\u00e9e de la fa\u00e7on la plus juste qui soit. Pour \u00e9mettre des remarques sur ce dossier autour du sujet \u00ab\u00a0La dictature num\u00e9rique\u00a0\u00bb prenez les contacts indiqu\u00e9s sur notre site internet. En consultant r\u00e9guli\u00e8rement nos contenus de blog vous serez au courant des futures parutions.<\/p>\n","protected":false},"excerpt":{"rendered":"<p>Des histoires d\u2019espoir et d\u2019inspiration \u00e9taient le th\u00e8me du 21e gala annuel du Centre de Soins de Grossesse de Paris, qui s\u2019est tenu jeudi soir au Love Civic Center. Une foule nombreuse \u00e9tait pr\u00e9sente pour l\u2019\u00e9v\u00e9nement, qui comprenait des animations de Teresa Harmening et Mixed Society ainsi que des services de restauration de Soul Sisters. &#8230; <a title=\"Infos france:  Le Centre de Soins de Grossesse de Paris organise une collecte de fonds |  Nouvelles\" class=\"read-more\" href=\"https:\/\/www.infodictat.fr\/blog\/infos-france-le-centre-de-soins-de-grossesse-de-paris-organise-une-collecte-de-fonds-nouvelles\/\" aria-label=\"En savoir plus sur Infos france:  Le Centre de Soins de Grossesse de Paris organise une collecte de fonds |  Nouvelles\">Lire la suite<\/a><\/p>\n","protected":false},"author":2,"featured_media":225,"comment_status":"closed","ping_status":"closed","sticky":false,"template":"","format":"standard","meta":{"footnotes":""},"categories":[2],"tags":[],"class_list":["post-224","post","type-post","status-publish","format-standard","has-post-thumbnail","hentry","category-la-dictature-numerique"],"yoast_head":"<!-- This site is optimized with the Yoast SEO plugin v27.5 - https:\/\/yoast.com\/product\/yoast-seo-wordpress\/ -->\n<title>Infos france: Le Centre de Soins de Grossesse de Paris organise une collecte de fonds | Nouvelles - INFODICTAT<\/title>\n<meta name=\"robots\" content=\"index, follow, max-snippet:-1, max-image-preview:large, max-video-preview:-1\" \/>\n<link rel=\"canonical\" href=\"https:\/\/www.infodictat.fr\/blog\/infos-france-le-centre-de-soins-de-grossesse-de-paris-organise-une-collecte-de-fonds-nouvelles\/\" \/>\n<meta property=\"og:locale\" content=\"fr_FR\" \/>\n<meta property=\"og:type\" content=\"article\" \/>\n<meta property=\"og:title\" content=\"Infos france: Le Centre de Soins de Grossesse de Paris organise une collecte de fonds | Nouvelles - INFODICTAT\" \/>\n<meta property=\"og:description\" content=\"Des histoires d\u2019espoir et d\u2019inspiration \u00e9taient le th\u00e8me du 21e gala annuel du Centre de Soins de Grossesse de Paris, qui s\u2019est tenu jeudi soir au Love Civic Center. Une foule nombreuse \u00e9tait pr\u00e9sente pour l\u2019\u00e9v\u00e9nement, qui comprenait des animations de Teresa Harmening et Mixed Society ainsi que des services de restauration de Soul Sisters. ... Lire la suite\" \/>\n<meta property=\"og:url\" content=\"https:\/\/www.infodictat.fr\/blog\/infos-france-le-centre-de-soins-de-grossesse-de-paris-organise-une-collecte-de-fonds-nouvelles\/\" \/>\n<meta property=\"og:site_name\" content=\"INFODICTAT\" \/>\n<meta property=\"article:published_time\" content=\"2023-10-16T11:26:09+00:00\" \/>\n<meta property=\"og:image\" content=\"https:\/\/www.infodictat.fr\/blog\/wp-content\/uploads\/2023\/10\/Actu-France-Juan-Martin-Del-Potro-ouvert-a-un-retour.jpg\" \/>\n<meta name=\"author\" content=\"Oscar BETHMONT\" \/>\n<meta name=\"twitter:card\" content=\"summary_large_image\" \/>\n<meta name=\"twitter:label1\" content=\"\u00c9crit par\" \/>\n\t<meta name=\"twitter:data1\" content=\"Oscar BETHMONT\" \/>\n\t<meta name=\"twitter:label2\" content=\"Dur\u00e9e de lecture estim\u00e9e\" \/>\n\t<meta name=\"twitter:data2\" content=\"4 minutes\" \/>\n<script type=\"application\/ld+json\" class=\"yoast-schema-graph\">{\"@context\":\"https:\\\/\\\/schema.org\",\"@graph\":[{\"@type\":\"Article\",\"@id\":\"https:\\\/\\\/www.infodictat.fr\\\/blog\\\/infos-france-le-centre-de-soins-de-grossesse-de-paris-organise-une-collecte-de-fonds-nouvelles\\\/#article\",\"isPartOf\":{\"@id\":\"https:\\\/\\\/www.infodictat.fr\\\/blog\\\/infos-france-le-centre-de-soins-de-grossesse-de-paris-organise-une-collecte-de-fonds-nouvelles\\\/\"},\"author\":{\"name\":\"Oscar BETHMONT\",\"@id\":\"https:\\\/\\\/www.infodictat.fr\\\/blog\\\/#\\\/schema\\\/person\\\/6c2c8af0941702348e8eca9144cc1267\"},\"headline\":\"Infos france: Le Centre de Soins de Grossesse de Paris organise une collecte de fonds | Nouvelles\",\"datePublished\":\"2023-10-16T11:26:09+00:00\",\"mainEntityOfPage\":{\"@id\":\"https:\\\/\\\/www.infodictat.fr\\\/blog\\\/infos-france-le-centre-de-soins-de-grossesse-de-paris-organise-une-collecte-de-fonds-nouvelles\\\/\"},\"wordCount\":828,\"publisher\":{\"@id\":\"https:\\\/\\\/www.infodictat.fr\\\/blog\\\/#organization\"},\"image\":{\"@id\":\"https:\\\/\\\/www.infodictat.fr\\\/blog\\\/infos-france-le-centre-de-soins-de-grossesse-de-paris-organise-une-collecte-de-fonds-nouvelles\\\/#primaryimage\"},\"thumbnailUrl\":\"https:\\\/\\\/www.infodictat.fr\\\/blog\\\/wp-content\\\/uploads\\\/2023\\\/10\\\/Actu-France-Juan-Martin-Del-Potro-ouvert-a-un-retour.jpg\",\"articleSection\":[\"La Dictature Num\u00e9rique:\"],\"inLanguage\":\"fr-FR\"},{\"@type\":\"WebPage\",\"@id\":\"https:\\\/\\\/www.infodictat.fr\\\/blog\\\/infos-france-le-centre-de-soins-de-grossesse-de-paris-organise-une-collecte-de-fonds-nouvelles\\\/\",\"url\":\"https:\\\/\\\/www.infodictat.fr\\\/blog\\\/infos-france-le-centre-de-soins-de-grossesse-de-paris-organise-une-collecte-de-fonds-nouvelles\\\/\",\"name\":\"Infos france: Le Centre de Soins de Grossesse de Paris organise une collecte de fonds | Nouvelles - INFODICTAT\",\"isPartOf\":{\"@id\":\"https:\\\/\\\/www.infodictat.fr\\\/blog\\\/#website\"},\"primaryImageOfPage\":{\"@id\":\"https:\\\/\\\/www.infodictat.fr\\\/blog\\\/infos-france-le-centre-de-soins-de-grossesse-de-paris-organise-une-collecte-de-fonds-nouvelles\\\/#primaryimage\"},\"image\":{\"@id\":\"https:\\\/\\\/www.infodictat.fr\\\/blog\\\/infos-france-le-centre-de-soins-de-grossesse-de-paris-organise-une-collecte-de-fonds-nouvelles\\\/#primaryimage\"},\"thumbnailUrl\":\"https:\\\/\\\/www.infodictat.fr\\\/blog\\\/wp-content\\\/uploads\\\/2023\\\/10\\\/Actu-France-Juan-Martin-Del-Potro-ouvert-a-un-retour.jpg\",\"datePublished\":\"2023-10-16T11:26:09+00:00\",\"breadcrumb\":{\"@id\":\"https:\\\/\\\/www.infodictat.fr\\\/blog\\\/infos-france-le-centre-de-soins-de-grossesse-de-paris-organise-une-collecte-de-fonds-nouvelles\\\/#breadcrumb\"},\"inLanguage\":\"fr-FR\",\"potentialAction\":[{\"@type\":\"ReadAction\",\"target\":[\"https:\\\/\\\/www.infodictat.fr\\\/blog\\\/infos-france-le-centre-de-soins-de-grossesse-de-paris-organise-une-collecte-de-fonds-nouvelles\\\/\"]}]},{\"@type\":\"ImageObject\",\"inLanguage\":\"fr-FR\",\"@id\":\"https:\\\/\\\/www.infodictat.fr\\\/blog\\\/infos-france-le-centre-de-soins-de-grossesse-de-paris-organise-une-collecte-de-fonds-nouvelles\\\/#primaryimage\",\"url\":\"https:\\\/\\\/www.infodictat.fr\\\/blog\\\/wp-content\\\/uploads\\\/2023\\\/10\\\/Actu-France-Juan-Martin-Del-Potro-ouvert-a-un-retour.jpg\",\"contentUrl\":\"https:\\\/\\\/www.infodictat.fr\\\/blog\\\/wp-content\\\/uploads\\\/2023\\\/10\\\/Actu-France-Juan-Martin-Del-Potro-ouvert-a-un-retour.jpg\",\"width\":715,\"height\":483},{\"@type\":\"BreadcrumbList\",\"@id\":\"https:\\\/\\\/www.infodictat.fr\\\/blog\\\/infos-france-le-centre-de-soins-de-grossesse-de-paris-organise-une-collecte-de-fonds-nouvelles\\\/#breadcrumb\",\"itemListElement\":[{\"@type\":\"ListItem\",\"position\":1,\"name\":\"Accueil\",\"item\":\"https:\\\/\\\/www.infodictat.fr\\\/blog\\\/\"},{\"@type\":\"ListItem\",\"position\":2,\"name\":\"Infos france: Le Centre de Soins de Grossesse de Paris organise une collecte de fonds | Nouvelles\"}]},{\"@type\":\"WebSite\",\"@id\":\"https:\\\/\\\/www.infodictat.fr\\\/blog\\\/#website\",\"url\":\"https:\\\/\\\/www.infodictat.fr\\\/blog\\\/\",\"name\":\"INFODICTAT\",\"description\":\"La dictature num\u00e9rique.\",\"publisher\":{\"@id\":\"https:\\\/\\\/www.infodictat.fr\\\/blog\\\/#organization\"},\"potentialAction\":[{\"@type\":\"SearchAction\",\"target\":{\"@type\":\"EntryPoint\",\"urlTemplate\":\"https:\\\/\\\/www.infodictat.fr\\\/blog\\\/?s={search_term_string}\"},\"query-input\":{\"@type\":\"PropertyValueSpecification\",\"valueRequired\":true,\"valueName\":\"search_term_string\"}}],\"inLanguage\":\"fr-FR\"},{\"@type\":\"Organization\",\"@id\":\"https:\\\/\\\/www.infodictat.fr\\\/blog\\\/#organization\",\"name\":\"infodictat\",\"url\":\"https:\\\/\\\/www.infodictat.fr\\\/blog\\\/\",\"logo\":{\"@type\":\"ImageObject\",\"inLanguage\":\"fr-FR\",\"@id\":\"https:\\\/\\\/www.infodictat.fr\\\/blog\\\/#\\\/schema\\\/logo\\\/image\\\/\",\"url\":\"https:\\\/\\\/www.infodictat.fr\\\/blog\\\/wp-content\\\/uploads\\\/2023\\\/05\\\/logo-2.png\",\"contentUrl\":\"https:\\\/\\\/www.infodictat.fr\\\/blog\\\/wp-content\\\/uploads\\\/2023\\\/05\\\/logo-2.png\",\"width\":480,\"height\":596,\"caption\":\"infodictat\"},\"image\":{\"@id\":\"https:\\\/\\\/www.infodictat.fr\\\/blog\\\/#\\\/schema\\\/logo\\\/image\\\/\"}},{\"@type\":\"Person\",\"@id\":\"https:\\\/\\\/www.infodictat.fr\\\/blog\\\/#\\\/schema\\\/person\\\/6c2c8af0941702348e8eca9144cc1267\",\"name\":\"Oscar BETHMONT\",\"image\":{\"@type\":\"ImageObject\",\"inLanguage\":\"fr-FR\",\"@id\":\"https:\\\/\\\/secure.gravatar.com\\\/avatar\\\/f80ff32d67d40b919e8be190b7325be3c6cb33ce305ac1d45cadad29128e831e?s=96&d=mm&r=g\",\"url\":\"https:\\\/\\\/secure.gravatar.com\\\/avatar\\\/f80ff32d67d40b919e8be190b7325be3c6cb33ce305ac1d45cadad29128e831e?s=96&d=mm&r=g\",\"contentUrl\":\"https:\\\/\\\/secure.gravatar.com\\\/avatar\\\/f80ff32d67d40b919e8be190b7325be3c6cb33ce305ac1d45cadad29128e831e?s=96&d=mm&r=g\",\"caption\":\"Oscar BETHMONT\"},\"url\":\"https:\\\/\\\/www.infodictat.fr\\\/blog\\\/author\\\/tatoscar\\\/\"}]}<\/script>\n<!-- \/ Yoast SEO plugin. -->","yoast_head_json":{"title":"Infos france: Le Centre de Soins de Grossesse de Paris organise une collecte de fonds | Nouvelles - INFODICTAT","robots":{"index":"index","follow":"follow","max-snippet":"max-snippet:-1","max-image-preview":"max-image-preview:large","max-video-preview":"max-video-preview:-1"},"canonical":"https:\/\/www.infodictat.fr\/blog\/infos-france-le-centre-de-soins-de-grossesse-de-paris-organise-une-collecte-de-fonds-nouvelles\/","og_locale":"fr_FR","og_type":"article","og_title":"Infos france: Le Centre de Soins de Grossesse de Paris organise une collecte de fonds | Nouvelles - INFODICTAT","og_description":"Des histoires d\u2019espoir et d\u2019inspiration \u00e9taient le th\u00e8me du 21e gala annuel du Centre de Soins de Grossesse de Paris, qui s\u2019est tenu jeudi soir au Love Civic Center. Une foule nombreuse \u00e9tait pr\u00e9sente pour l\u2019\u00e9v\u00e9nement, qui comprenait des animations de Teresa Harmening et Mixed Society ainsi que des services de restauration de Soul Sisters. ... Lire la suite","og_url":"https:\/\/www.infodictat.fr\/blog\/infos-france-le-centre-de-soins-de-grossesse-de-paris-organise-une-collecte-de-fonds-nouvelles\/","og_site_name":"INFODICTAT","article_published_time":"2023-10-16T11:26:09+00:00","og_image":[{"url":"https:\/\/www.infodictat.fr\/blog\/wp-content\/uploads\/2023\/10\/Actu-France-Juan-Martin-Del-Potro-ouvert-a-un-retour.jpg","type":"","width":"","height":""}],"author":"Oscar BETHMONT","twitter_card":"summary_large_image","twitter_misc":{"\u00c9crit par":"Oscar BETHMONT","Dur\u00e9e de lecture estim\u00e9e":"4 minutes"},"schema":{"@context":"https:\/\/schema.org","@graph":[{"@type":"Article","@id":"https:\/\/www.infodictat.fr\/blog\/infos-france-le-centre-de-soins-de-grossesse-de-paris-organise-une-collecte-de-fonds-nouvelles\/#article","isPartOf":{"@id":"https:\/\/www.infodictat.fr\/blog\/infos-france-le-centre-de-soins-de-grossesse-de-paris-organise-une-collecte-de-fonds-nouvelles\/"},"author":{"name":"Oscar BETHMONT","@id":"https:\/\/www.infodictat.fr\/blog\/#\/schema\/person\/6c2c8af0941702348e8eca9144cc1267"},"headline":"Infos france: Le Centre de Soins de Grossesse de Paris organise une collecte de fonds | Nouvelles","datePublished":"2023-10-16T11:26:09+00:00","mainEntityOfPage":{"@id":"https:\/\/www.infodictat.fr\/blog\/infos-france-le-centre-de-soins-de-grossesse-de-paris-organise-une-collecte-de-fonds-nouvelles\/"},"wordCount":828,"publisher":{"@id":"https:\/\/www.infodictat.fr\/blog\/#organization"},"image":{"@id":"https:\/\/www.infodictat.fr\/blog\/infos-france-le-centre-de-soins-de-grossesse-de-paris-organise-une-collecte-de-fonds-nouvelles\/#primaryimage"},"thumbnailUrl":"https:\/\/www.infodictat.fr\/blog\/wp-content\/uploads\/2023\/10\/Actu-France-Juan-Martin-Del-Potro-ouvert-a-un-retour.jpg","articleSection":["La Dictature Num\u00e9rique:"],"inLanguage":"fr-FR"},{"@type":"WebPage","@id":"https:\/\/www.infodictat.fr\/blog\/infos-france-le-centre-de-soins-de-grossesse-de-paris-organise-une-collecte-de-fonds-nouvelles\/","url":"https:\/\/www.infodictat.fr\/blog\/infos-france-le-centre-de-soins-de-grossesse-de-paris-organise-une-collecte-de-fonds-nouvelles\/","name":"Infos france: Le Centre de Soins de Grossesse de Paris organise une collecte de fonds | Nouvelles - INFODICTAT","isPartOf":{"@id":"https:\/\/www.infodictat.fr\/blog\/#website"},"primaryImageOfPage":{"@id":"https:\/\/www.infodictat.fr\/blog\/infos-france-le-centre-de-soins-de-grossesse-de-paris-organise-une-collecte-de-fonds-nouvelles\/#primaryimage"},"image":{"@id":"https:\/\/www.infodictat.fr\/blog\/infos-france-le-centre-de-soins-de-grossesse-de-paris-organise-une-collecte-de-fonds-nouvelles\/#primaryimage"},"thumbnailUrl":"https:\/\/www.infodictat.fr\/blog\/wp-content\/uploads\/2023\/10\/Actu-France-Juan-Martin-Del-Potro-ouvert-a-un-retour.jpg","datePublished":"2023-10-16T11:26:09+00:00","breadcrumb":{"@id":"https:\/\/www.infodictat.fr\/blog\/infos-france-le-centre-de-soins-de-grossesse-de-paris-organise-une-collecte-de-fonds-nouvelles\/#breadcrumb"},"inLanguage":"fr-FR","potentialAction":[{"@type":"ReadAction","target":["https:\/\/www.infodictat.fr\/blog\/infos-france-le-centre-de-soins-de-grossesse-de-paris-organise-une-collecte-de-fonds-nouvelles\/"]}]},{"@type":"ImageObject","inLanguage":"fr-FR","@id":"https:\/\/www.infodictat.fr\/blog\/infos-france-le-centre-de-soins-de-grossesse-de-paris-organise-une-collecte-de-fonds-nouvelles\/#primaryimage","url":"https:\/\/www.infodictat.fr\/blog\/wp-content\/uploads\/2023\/10\/Actu-France-Juan-Martin-Del-Potro-ouvert-a-un-retour.jpg","contentUrl":"https:\/\/www.infodictat.fr\/blog\/wp-content\/uploads\/2023\/10\/Actu-France-Juan-Martin-Del-Potro-ouvert-a-un-retour.jpg","width":715,"height":483},{"@type":"BreadcrumbList","@id":"https:\/\/www.infodictat.fr\/blog\/infos-france-le-centre-de-soins-de-grossesse-de-paris-organise-une-collecte-de-fonds-nouvelles\/#breadcrumb","itemListElement":[{"@type":"ListItem","position":1,"name":"Accueil","item":"https:\/\/www.infodictat.fr\/blog\/"},{"@type":"ListItem","position":2,"name":"Infos france: Le Centre de Soins de Grossesse de Paris organise une collecte de fonds | Nouvelles"}]},{"@type":"WebSite","@id":"https:\/\/www.infodictat.fr\/blog\/#website","url":"https:\/\/www.infodictat.fr\/blog\/","name":"INFODICTAT","description":"La dictature num\u00e9rique.","publisher":{"@id":"https:\/\/www.infodictat.fr\/blog\/#organization"},"potentialAction":[{"@type":"SearchAction","target":{"@type":"EntryPoint","urlTemplate":"https:\/\/www.infodictat.fr\/blog\/?s={search_term_string}"},"query-input":{"@type":"PropertyValueSpecification","valueRequired":true,"valueName":"search_term_string"}}],"inLanguage":"fr-FR"},{"@type":"Organization","@id":"https:\/\/www.infodictat.fr\/blog\/#organization","name":"infodictat","url":"https:\/\/www.infodictat.fr\/blog\/","logo":{"@type":"ImageObject","inLanguage":"fr-FR","@id":"https:\/\/www.infodictat.fr\/blog\/#\/schema\/logo\/image\/","url":"https:\/\/www.infodictat.fr\/blog\/wp-content\/uploads\/2023\/05\/logo-2.png","contentUrl":"https:\/\/www.infodictat.fr\/blog\/wp-content\/uploads\/2023\/05\/logo-2.png","width":480,"height":596,"caption":"infodictat"},"image":{"@id":"https:\/\/www.infodictat.fr\/blog\/#\/schema\/logo\/image\/"}},{"@type":"Person","@id":"https:\/\/www.infodictat.fr\/blog\/#\/schema\/person\/6c2c8af0941702348e8eca9144cc1267","name":"Oscar BETHMONT","image":{"@type":"ImageObject","inLanguage":"fr-FR","@id":"https:\/\/secure.gravatar.com\/avatar\/f80ff32d67d40b919e8be190b7325be3c6cb33ce305ac1d45cadad29128e831e?s=96&d=mm&r=g","url":"https:\/\/secure.gravatar.com\/avatar\/f80ff32d67d40b919e8be190b7325be3c6cb33ce305ac1d45cadad29128e831e?s=96&d=mm&r=g","contentUrl":"https:\/\/secure.gravatar.com\/avatar\/f80ff32d67d40b919e8be190b7325be3c6cb33ce305ac1d45cadad29128e831e?s=96&d=mm&r=g","caption":"Oscar BETHMONT"},"url":"https:\/\/www.infodictat.fr\/blog\/author\/tatoscar\/"}]}},"_links":{"self":[{"href":"https:\/\/www.infodictat.fr\/blog\/wp-json\/wp\/v2\/posts\/224","targetHints":{"allow":["GET"]}}],"collection":[{"href":"https:\/\/www.infodictat.fr\/blog\/wp-json\/wp\/v2\/posts"}],"about":[{"href":"https:\/\/www.infodictat.fr\/blog\/wp-json\/wp\/v2\/types\/post"}],"author":[{"embeddable":true,"href":"https:\/\/www.infodictat.fr\/blog\/wp-json\/wp\/v2\/users\/2"}],"replies":[{"embeddable":true,"href":"https:\/\/www.infodictat.fr\/blog\/wp-json\/wp\/v2\/comments?post=224"}],"version-history":[{"count":0,"href":"https:\/\/www.infodictat.fr\/blog\/wp-json\/wp\/v2\/posts\/224\/revisions"}],"wp:featuredmedia":[{"embeddable":true,"href":"https:\/\/www.infodictat.fr\/blog\/wp-json\/wp\/v2\/media\/225"}],"wp:attachment":[{"href":"https:\/\/www.infodictat.fr\/blog\/wp-json\/wp\/v2\/media?parent=224"}],"wp:term":[{"taxonomy":"category","embeddable":true,"href":"https:\/\/www.infodictat.fr\/blog\/wp-json\/wp\/v2\/categories?post=224"},{"taxonomy":"post_tag","embeddable":true,"href":"https:\/\/www.infodictat.fr\/blog\/wp-json\/wp\/v2\/tags?post=224"}],"curies":[{"name":"wp","href":"https:\/\/api.w.org\/{rel}","templated":true}]}}