{"id":189,"date":"2023-08-07T23:04:09","date_gmt":"2023-08-07T21:04:09","guid":{"rendered":"https:\/\/www.infodictat.fr\/blog\/actu-francaise-manille-nabandonnera-jamais-latoll-dispute-france\/"},"modified":"2023-08-07T23:04:09","modified_gmt":"2023-08-07T21:04:09","slug":"actu-francaise-manille-nabandonnera-jamais-latoll-dispute-france","status":"publish","type":"post","link":"https:\/\/www.infodictat.fr\/blog\/actu-francaise-manille-nabandonnera-jamais-latoll-dispute-france\/","title":{"rendered":"Actu fran\u00e7aise: Manille \u00ab\u00a0n\u2019abandonnera jamais\u00a0\u00bb l\u2019atoll disput\u00e9 #France"},"content":{"rendered":"<div><img width=\"580\" height=\"329\" src=\"https:\/\/www.infodictat.fr\/blog\/wp-content\/uploads\/2023\/08\/Informations-nationale-Je-sais-clairement-maintenant-que-je-me-sens.jpg\" class=\"attachment-large size-large wp-post-image\" alt=\"Informations-nationale-Je-sais-clairement-maintenant-que-je-me-sens\" decoding=\"async\" loading=\"lazy\" style=\"float:left; margin:0 15px 15px 0;\" srcset=\"https:\/\/www.infodictat.fr\/blog\/wp-content\/uploads\/2023\/08\/Informations-nationale-Je-sais-clairement-maintenant-que-je-me-sens.jpg 715w, https:\/\/www.site.cdcl.xyz\/wp-content\/uploads\/2022\/09\/Informations-nationale-Je-sais-clairement-maintenant-que-je-me-sens-300x170.jpg 300w\" sizes=\"auto, (max-width: 580px) 100vw, 580px\"><\/p>\n<p>Dans le cadre de notre  travail d\u2019information, nous publions ci-dessous un papier vu sur le web aujourd\u2019hui. Le th\u00e8me est \u00abActualit\u00e9 fran\u00e7aise\u00bb.<\/p>\n<p> Annonc\u00e9 sous la signature \u00ab\u00bb, l\u2019\u00e9ditorialiste est connu et fiable pour plusieurs autres articles qu\u2019il a publi\u00e9s sur le web.<\/p>\n<p>Lecture:<\/p>\n<p>DSK l\u2019enqu\u00eate \u2013 chronique du scandale New-Yorkais qui bouleverse la France.,<a href=\"https:\/\/www.kobo.com\/fr\/fr\/ebook\/dsk-l-enquete-chronique-du-scandale-new-yorkais-qui-bouleverse-la-france\" target=\"_blank\" rel=\"noopener noreferrer nofollow\">R\u00e9f\u00e9rences de l\u2019ouvrage<\/a><span><\/span>.<\/p>\n<p>La g\u00e9ographie de la France : les nouvelles dynamiques spatiales du territoire.,<a href=\"https:\/\/www.kobo.com\/fr\/fr\/ebook\/la-geographie-de-la-france-les-nouvelles-dynamiques-spatiales-du-territoire-1\" target=\"_blank\" rel=\"noopener noreferrer nofollow\">Redirection vers la fiche de pr\u00e9sentation de cet ouvrage<\/a><span><\/span>. Disponible dans toutes les bonnes de l\u2019\u00e9diteurs.<\/p>\n<p>Ukraine.,<a href=\"https:\/\/www.kobo.com\/fr\/fr\/ebook\/ukraine-21\" target=\"_blank\" rel=\"noopener noreferrer nofollow\">Infos sur ce livre<\/a><span><\/span>.<\/p>\n<\/div>\n<p><img decoding=\"async\" class=\"wpe_imgrss\" src=\"https:\/\/www.infodictat.fr\/blog\/wp-content\/uploads\/2023\/08\/Informations-nationale-Je-sais-clairement-maintenant-que-je-me-sens.jpg\">Vous pouvez lire ce post traitant le sujet \u00ab\u00a0La dictature num\u00e9rique\u00a0\u00bb. Il est produit par la r\u00e9daction de infodictat.fr. Le site infodictat.fr a pour objectif de publier plusieurs articles autour du sujet La dictature num\u00e9rique d\u00e9velopp\u00e9es sur le web. Cette chronique se veut g\u00e9n\u00e9r\u00e9e de la fa\u00e7on la plus juste qui soit. Pour \u00e9mettre des remarques sur ce dossier autour du sujet \u00ab\u00a0La dictature num\u00e9rique\u00a0\u00bb prenez les contacts indiqu\u00e9s sur notre site internet. En consultant r\u00e9guli\u00e8rement nos contenus de blog vous serez au courant des futures parutions.<\/p>\n","protected":false},"excerpt":{"rendered":"<p>Dans le cadre de notre travail d\u2019information, nous publions ci-dessous un papier vu sur le web aujourd\u2019hui. Le th\u00e8me est \u00abActualit\u00e9 fran\u00e7aise\u00bb. Annonc\u00e9 sous la signature \u00ab\u00bb, l\u2019\u00e9ditorialiste est connu et fiable pour plusieurs autres articles qu\u2019il a publi\u00e9s sur le web. Lecture: DSK l\u2019enqu\u00eate \u2013 chronique du scandale New-Yorkais qui bouleverse la France.,R\u00e9f\u00e9rences de &#8230; <a title=\"Actu fran\u00e7aise: Manille \u00ab\u00a0n\u2019abandonnera jamais\u00a0\u00bb l\u2019atoll disput\u00e9 #France\" class=\"read-more\" href=\"https:\/\/www.infodictat.fr\/blog\/actu-francaise-manille-nabandonnera-jamais-latoll-dispute-france\/\" aria-label=\"En savoir plus sur Actu fran\u00e7aise: Manille \u00ab\u00a0n\u2019abandonnera jamais\u00a0\u00bb l\u2019atoll disput\u00e9 #France\">Lire la suite<\/a><\/p>\n","protected":false},"author":2,"featured_media":190,"comment_status":"closed","ping_status":"closed","sticky":false,"template":"","format":"standard","meta":{"footnotes":""},"categories":[2],"tags":[],"class_list":["post-189","post","type-post","status-publish","format-standard","has-post-thumbnail","hentry","category-la-dictature-numerique"],"yoast_head":"<!-- This site is optimized with the Yoast SEO plugin v27.5 - https:\/\/yoast.com\/product\/yoast-seo-wordpress\/ -->\n<title>Actu fran\u00e7aise: Manille \u00ab\u00a0n\u2019abandonnera jamais\u00a0\u00bb l\u2019atoll disput\u00e9 #France - INFODICTAT<\/title>\n<meta name=\"robots\" content=\"index, follow, max-snippet:-1, max-image-preview:large, max-video-preview:-1\" \/>\n<link rel=\"canonical\" href=\"https:\/\/www.infodictat.fr\/blog\/actu-francaise-manille-nabandonnera-jamais-latoll-dispute-france\/\" \/>\n<meta property=\"og:locale\" content=\"fr_FR\" \/>\n<meta property=\"og:type\" content=\"article\" \/>\n<meta property=\"og:title\" content=\"Actu fran\u00e7aise: Manille \u00ab\u00a0n\u2019abandonnera jamais\u00a0\u00bb l\u2019atoll disput\u00e9 #France - INFODICTAT\" \/>\n<meta property=\"og:description\" content=\"Dans le cadre de notre travail d\u2019information, nous publions ci-dessous un papier vu sur le web aujourd\u2019hui. Le th\u00e8me est \u00abActualit\u00e9 fran\u00e7aise\u00bb. Annonc\u00e9 sous la signature \u00ab\u00bb, l\u2019\u00e9ditorialiste est connu et fiable pour plusieurs autres articles qu\u2019il a publi\u00e9s sur le web. Lecture: DSK l\u2019enqu\u00eate \u2013 chronique du scandale New-Yorkais qui bouleverse la France.,R\u00e9f\u00e9rences de ... Lire la suite\" \/>\n<meta property=\"og:url\" content=\"https:\/\/www.infodictat.fr\/blog\/actu-francaise-manille-nabandonnera-jamais-latoll-dispute-france\/\" \/>\n<meta property=\"og:site_name\" content=\"INFODICTAT\" \/>\n<meta property=\"article:published_time\" content=\"2023-08-07T21:04:09+00:00\" \/>\n<meta property=\"og:image\" content=\"https:\/\/www.infodictat.fr\/blog\/wp-content\/uploads\/2023\/08\/Informations-nationale-Je-sais-clairement-maintenant-que-je-me-sens.jpg\" \/>\n<meta name=\"author\" content=\"Oscar BETHMONT\" \/>\n<meta name=\"twitter:card\" content=\"summary_large_image\" \/>\n<meta name=\"twitter:label1\" content=\"\u00c9crit par\" \/>\n\t<meta name=\"twitter:data1\" content=\"Oscar BETHMONT\" \/>\n\t<meta name=\"twitter:label2\" content=\"Dur\u00e9e de lecture estim\u00e9e\" \/>\n\t<meta name=\"twitter:data2\" content=\"1 minute\" \/>\n<script type=\"application\/ld+json\" class=\"yoast-schema-graph\">{\"@context\":\"https:\\\/\\\/schema.org\",\"@graph\":[{\"@type\":\"Article\",\"@id\":\"https:\\\/\\\/www.infodictat.fr\\\/blog\\\/actu-francaise-manille-nabandonnera-jamais-latoll-dispute-france\\\/#article\",\"isPartOf\":{\"@id\":\"https:\\\/\\\/www.infodictat.fr\\\/blog\\\/actu-francaise-manille-nabandonnera-jamais-latoll-dispute-france\\\/\"},\"author\":{\"name\":\"Oscar BETHMONT\",\"@id\":\"https:\\\/\\\/www.infodictat.fr\\\/blog\\\/#\\\/schema\\\/person\\\/6c2c8af0941702348e8eca9144cc1267\"},\"headline\":\"Actu fran\u00e7aise: Manille \u00ab\u00a0n\u2019abandonnera jamais\u00a0\u00bb l\u2019atoll disput\u00e9 #France\",\"datePublished\":\"2023-08-07T21:04:09+00:00\",\"mainEntityOfPage\":{\"@id\":\"https:\\\/\\\/www.infodictat.fr\\\/blog\\\/actu-francaise-manille-nabandonnera-jamais-latoll-dispute-france\\\/\"},\"wordCount\":215,\"publisher\":{\"@id\":\"https:\\\/\\\/www.infodictat.fr\\\/blog\\\/#organization\"},\"image\":{\"@id\":\"https:\\\/\\\/www.infodictat.fr\\\/blog\\\/actu-francaise-manille-nabandonnera-jamais-latoll-dispute-france\\\/#primaryimage\"},\"thumbnailUrl\":\"https:\\\/\\\/www.infodictat.fr\\\/blog\\\/wp-content\\\/uploads\\\/2023\\\/08\\\/Informations-nationale-Je-sais-clairement-maintenant-que-je-me-sens.jpg\",\"articleSection\":[\"La Dictature Num\u00e9rique:\"],\"inLanguage\":\"fr-FR\"},{\"@type\":\"WebPage\",\"@id\":\"https:\\\/\\\/www.infodictat.fr\\\/blog\\\/actu-francaise-manille-nabandonnera-jamais-latoll-dispute-france\\\/\",\"url\":\"https:\\\/\\\/www.infodictat.fr\\\/blog\\\/actu-francaise-manille-nabandonnera-jamais-latoll-dispute-france\\\/\",\"name\":\"Actu fran\u00e7aise: Manille \u00ab\u00a0n\u2019abandonnera jamais\u00a0\u00bb l\u2019atoll disput\u00e9 #France - INFODICTAT\",\"isPartOf\":{\"@id\":\"https:\\\/\\\/www.infodictat.fr\\\/blog\\\/#website\"},\"primaryImageOfPage\":{\"@id\":\"https:\\\/\\\/www.infodictat.fr\\\/blog\\\/actu-francaise-manille-nabandonnera-jamais-latoll-dispute-france\\\/#primaryimage\"},\"image\":{\"@id\":\"https:\\\/\\\/www.infodictat.fr\\\/blog\\\/actu-francaise-manille-nabandonnera-jamais-latoll-dispute-france\\\/#primaryimage\"},\"thumbnailUrl\":\"https:\\\/\\\/www.infodictat.fr\\\/blog\\\/wp-content\\\/uploads\\\/2023\\\/08\\\/Informations-nationale-Je-sais-clairement-maintenant-que-je-me-sens.jpg\",\"datePublished\":\"2023-08-07T21:04:09+00:00\",\"breadcrumb\":{\"@id\":\"https:\\\/\\\/www.infodictat.fr\\\/blog\\\/actu-francaise-manille-nabandonnera-jamais-latoll-dispute-france\\\/#breadcrumb\"},\"inLanguage\":\"fr-FR\",\"potentialAction\":[{\"@type\":\"ReadAction\",\"target\":[\"https:\\\/\\\/www.infodictat.fr\\\/blog\\\/actu-francaise-manille-nabandonnera-jamais-latoll-dispute-france\\\/\"]}]},{\"@type\":\"ImageObject\",\"inLanguage\":\"fr-FR\",\"@id\":\"https:\\\/\\\/www.infodictat.fr\\\/blog\\\/actu-francaise-manille-nabandonnera-jamais-latoll-dispute-france\\\/#primaryimage\",\"url\":\"https:\\\/\\\/www.infodictat.fr\\\/blog\\\/wp-content\\\/uploads\\\/2023\\\/08\\\/Informations-nationale-Je-sais-clairement-maintenant-que-je-me-sens.jpg\",\"contentUrl\":\"https:\\\/\\\/www.infodictat.fr\\\/blog\\\/wp-content\\\/uploads\\\/2023\\\/08\\\/Informations-nationale-Je-sais-clairement-maintenant-que-je-me-sens.jpg\",\"width\":715,\"height\":406},{\"@type\":\"BreadcrumbList\",\"@id\":\"https:\\\/\\\/www.infodictat.fr\\\/blog\\\/actu-francaise-manille-nabandonnera-jamais-latoll-dispute-france\\\/#breadcrumb\",\"itemListElement\":[{\"@type\":\"ListItem\",\"position\":1,\"name\":\"Accueil\",\"item\":\"https:\\\/\\\/www.infodictat.fr\\\/blog\\\/\"},{\"@type\":\"ListItem\",\"position\":2,\"name\":\"Actu fran\u00e7aise: Manille \u00ab\u00a0n\u2019abandonnera jamais\u00a0\u00bb l\u2019atoll disput\u00e9 #France\"}]},{\"@type\":\"WebSite\",\"@id\":\"https:\\\/\\\/www.infodictat.fr\\\/blog\\\/#website\",\"url\":\"https:\\\/\\\/www.infodictat.fr\\\/blog\\\/\",\"name\":\"INFODICTAT\",\"description\":\"La dictature num\u00e9rique.\",\"publisher\":{\"@id\":\"https:\\\/\\\/www.infodictat.fr\\\/blog\\\/#organization\"},\"potentialAction\":[{\"@type\":\"SearchAction\",\"target\":{\"@type\":\"EntryPoint\",\"urlTemplate\":\"https:\\\/\\\/www.infodictat.fr\\\/blog\\\/?s={search_term_string}\"},\"query-input\":{\"@type\":\"PropertyValueSpecification\",\"valueRequired\":true,\"valueName\":\"search_term_string\"}}],\"inLanguage\":\"fr-FR\"},{\"@type\":\"Organization\",\"@id\":\"https:\\\/\\\/www.infodictat.fr\\\/blog\\\/#organization\",\"name\":\"infodictat\",\"url\":\"https:\\\/\\\/www.infodictat.fr\\\/blog\\\/\",\"logo\":{\"@type\":\"ImageObject\",\"inLanguage\":\"fr-FR\",\"@id\":\"https:\\\/\\\/www.infodictat.fr\\\/blog\\\/#\\\/schema\\\/logo\\\/image\\\/\",\"url\":\"https:\\\/\\\/www.infodictat.fr\\\/blog\\\/wp-content\\\/uploads\\\/2023\\\/05\\\/logo-2.png\",\"contentUrl\":\"https:\\\/\\\/www.infodictat.fr\\\/blog\\\/wp-content\\\/uploads\\\/2023\\\/05\\\/logo-2.png\",\"width\":480,\"height\":596,\"caption\":\"infodictat\"},\"image\":{\"@id\":\"https:\\\/\\\/www.infodictat.fr\\\/blog\\\/#\\\/schema\\\/logo\\\/image\\\/\"}},{\"@type\":\"Person\",\"@id\":\"https:\\\/\\\/www.infodictat.fr\\\/blog\\\/#\\\/schema\\\/person\\\/6c2c8af0941702348e8eca9144cc1267\",\"name\":\"Oscar BETHMONT\",\"image\":{\"@type\":\"ImageObject\",\"inLanguage\":\"fr-FR\",\"@id\":\"https:\\\/\\\/secure.gravatar.com\\\/avatar\\\/f80ff32d67d40b919e8be190b7325be3c6cb33ce305ac1d45cadad29128e831e?s=96&d=mm&r=g\",\"url\":\"https:\\\/\\\/secure.gravatar.com\\\/avatar\\\/f80ff32d67d40b919e8be190b7325be3c6cb33ce305ac1d45cadad29128e831e?s=96&d=mm&r=g\",\"contentUrl\":\"https:\\\/\\\/secure.gravatar.com\\\/avatar\\\/f80ff32d67d40b919e8be190b7325be3c6cb33ce305ac1d45cadad29128e831e?s=96&d=mm&r=g\",\"caption\":\"Oscar BETHMONT\"},\"url\":\"https:\\\/\\\/www.infodictat.fr\\\/blog\\\/author\\\/tatoscar\\\/\"}]}<\/script>\n<!-- \/ Yoast SEO plugin. -->","yoast_head_json":{"title":"Actu fran\u00e7aise: Manille \u00ab\u00a0n\u2019abandonnera jamais\u00a0\u00bb l\u2019atoll disput\u00e9 #France - INFODICTAT","robots":{"index":"index","follow":"follow","max-snippet":"max-snippet:-1","max-image-preview":"max-image-preview:large","max-video-preview":"max-video-preview:-1"},"canonical":"https:\/\/www.infodictat.fr\/blog\/actu-francaise-manille-nabandonnera-jamais-latoll-dispute-france\/","og_locale":"fr_FR","og_type":"article","og_title":"Actu fran\u00e7aise: Manille \u00ab\u00a0n\u2019abandonnera jamais\u00a0\u00bb l\u2019atoll disput\u00e9 #France - INFODICTAT","og_description":"Dans le cadre de notre travail d\u2019information, nous publions ci-dessous un papier vu sur le web aujourd\u2019hui. Le th\u00e8me est \u00abActualit\u00e9 fran\u00e7aise\u00bb. Annonc\u00e9 sous la signature \u00ab\u00bb, l\u2019\u00e9ditorialiste est connu et fiable pour plusieurs autres articles qu\u2019il a publi\u00e9s sur le web. Lecture: DSK l\u2019enqu\u00eate \u2013 chronique du scandale New-Yorkais qui bouleverse la France.,R\u00e9f\u00e9rences de ... Lire la suite","og_url":"https:\/\/www.infodictat.fr\/blog\/actu-francaise-manille-nabandonnera-jamais-latoll-dispute-france\/","og_site_name":"INFODICTAT","article_published_time":"2023-08-07T21:04:09+00:00","og_image":[{"url":"https:\/\/www.infodictat.fr\/blog\/wp-content\/uploads\/2023\/08\/Informations-nationale-Je-sais-clairement-maintenant-que-je-me-sens.jpg","type":"","width":"","height":""}],"author":"Oscar BETHMONT","twitter_card":"summary_large_image","twitter_misc":{"\u00c9crit par":"Oscar BETHMONT","Dur\u00e9e de lecture estim\u00e9e":"1 minute"},"schema":{"@context":"https:\/\/schema.org","@graph":[{"@type":"Article","@id":"https:\/\/www.infodictat.fr\/blog\/actu-francaise-manille-nabandonnera-jamais-latoll-dispute-france\/#article","isPartOf":{"@id":"https:\/\/www.infodictat.fr\/blog\/actu-francaise-manille-nabandonnera-jamais-latoll-dispute-france\/"},"author":{"name":"Oscar BETHMONT","@id":"https:\/\/www.infodictat.fr\/blog\/#\/schema\/person\/6c2c8af0941702348e8eca9144cc1267"},"headline":"Actu fran\u00e7aise: Manille \u00ab\u00a0n\u2019abandonnera jamais\u00a0\u00bb l\u2019atoll disput\u00e9 #France","datePublished":"2023-08-07T21:04:09+00:00","mainEntityOfPage":{"@id":"https:\/\/www.infodictat.fr\/blog\/actu-francaise-manille-nabandonnera-jamais-latoll-dispute-france\/"},"wordCount":215,"publisher":{"@id":"https:\/\/www.infodictat.fr\/blog\/#organization"},"image":{"@id":"https:\/\/www.infodictat.fr\/blog\/actu-francaise-manille-nabandonnera-jamais-latoll-dispute-france\/#primaryimage"},"thumbnailUrl":"https:\/\/www.infodictat.fr\/blog\/wp-content\/uploads\/2023\/08\/Informations-nationale-Je-sais-clairement-maintenant-que-je-me-sens.jpg","articleSection":["La Dictature Num\u00e9rique:"],"inLanguage":"fr-FR"},{"@type":"WebPage","@id":"https:\/\/www.infodictat.fr\/blog\/actu-francaise-manille-nabandonnera-jamais-latoll-dispute-france\/","url":"https:\/\/www.infodictat.fr\/blog\/actu-francaise-manille-nabandonnera-jamais-latoll-dispute-france\/","name":"Actu fran\u00e7aise: Manille \u00ab\u00a0n\u2019abandonnera jamais\u00a0\u00bb l\u2019atoll disput\u00e9 #France - INFODICTAT","isPartOf":{"@id":"https:\/\/www.infodictat.fr\/blog\/#website"},"primaryImageOfPage":{"@id":"https:\/\/www.infodictat.fr\/blog\/actu-francaise-manille-nabandonnera-jamais-latoll-dispute-france\/#primaryimage"},"image":{"@id":"https:\/\/www.infodictat.fr\/blog\/actu-francaise-manille-nabandonnera-jamais-latoll-dispute-france\/#primaryimage"},"thumbnailUrl":"https:\/\/www.infodictat.fr\/blog\/wp-content\/uploads\/2023\/08\/Informations-nationale-Je-sais-clairement-maintenant-que-je-me-sens.jpg","datePublished":"2023-08-07T21:04:09+00:00","breadcrumb":{"@id":"https:\/\/www.infodictat.fr\/blog\/actu-francaise-manille-nabandonnera-jamais-latoll-dispute-france\/#breadcrumb"},"inLanguage":"fr-FR","potentialAction":[{"@type":"ReadAction","target":["https:\/\/www.infodictat.fr\/blog\/actu-francaise-manille-nabandonnera-jamais-latoll-dispute-france\/"]}]},{"@type":"ImageObject","inLanguage":"fr-FR","@id":"https:\/\/www.infodictat.fr\/blog\/actu-francaise-manille-nabandonnera-jamais-latoll-dispute-france\/#primaryimage","url":"https:\/\/www.infodictat.fr\/blog\/wp-content\/uploads\/2023\/08\/Informations-nationale-Je-sais-clairement-maintenant-que-je-me-sens.jpg","contentUrl":"https:\/\/www.infodictat.fr\/blog\/wp-content\/uploads\/2023\/08\/Informations-nationale-Je-sais-clairement-maintenant-que-je-me-sens.jpg","width":715,"height":406},{"@type":"BreadcrumbList","@id":"https:\/\/www.infodictat.fr\/blog\/actu-francaise-manille-nabandonnera-jamais-latoll-dispute-france\/#breadcrumb","itemListElement":[{"@type":"ListItem","position":1,"name":"Accueil","item":"https:\/\/www.infodictat.fr\/blog\/"},{"@type":"ListItem","position":2,"name":"Actu fran\u00e7aise: Manille \u00ab\u00a0n\u2019abandonnera jamais\u00a0\u00bb l\u2019atoll disput\u00e9 #France"}]},{"@type":"WebSite","@id":"https:\/\/www.infodictat.fr\/blog\/#website","url":"https:\/\/www.infodictat.fr\/blog\/","name":"INFODICTAT","description":"La dictature num\u00e9rique.","publisher":{"@id":"https:\/\/www.infodictat.fr\/blog\/#organization"},"potentialAction":[{"@type":"SearchAction","target":{"@type":"EntryPoint","urlTemplate":"https:\/\/www.infodictat.fr\/blog\/?s={search_term_string}"},"query-input":{"@type":"PropertyValueSpecification","valueRequired":true,"valueName":"search_term_string"}}],"inLanguage":"fr-FR"},{"@type":"Organization","@id":"https:\/\/www.infodictat.fr\/blog\/#organization","name":"infodictat","url":"https:\/\/www.infodictat.fr\/blog\/","logo":{"@type":"ImageObject","inLanguage":"fr-FR","@id":"https:\/\/www.infodictat.fr\/blog\/#\/schema\/logo\/image\/","url":"https:\/\/www.infodictat.fr\/blog\/wp-content\/uploads\/2023\/05\/logo-2.png","contentUrl":"https:\/\/www.infodictat.fr\/blog\/wp-content\/uploads\/2023\/05\/logo-2.png","width":480,"height":596,"caption":"infodictat"},"image":{"@id":"https:\/\/www.infodictat.fr\/blog\/#\/schema\/logo\/image\/"}},{"@type":"Person","@id":"https:\/\/www.infodictat.fr\/blog\/#\/schema\/person\/6c2c8af0941702348e8eca9144cc1267","name":"Oscar BETHMONT","image":{"@type":"ImageObject","inLanguage":"fr-FR","@id":"https:\/\/secure.gravatar.com\/avatar\/f80ff32d67d40b919e8be190b7325be3c6cb33ce305ac1d45cadad29128e831e?s=96&d=mm&r=g","url":"https:\/\/secure.gravatar.com\/avatar\/f80ff32d67d40b919e8be190b7325be3c6cb33ce305ac1d45cadad29128e831e?s=96&d=mm&r=g","contentUrl":"https:\/\/secure.gravatar.com\/avatar\/f80ff32d67d40b919e8be190b7325be3c6cb33ce305ac1d45cadad29128e831e?s=96&d=mm&r=g","caption":"Oscar BETHMONT"},"url":"https:\/\/www.infodictat.fr\/blog\/author\/tatoscar\/"}]}},"_links":{"self":[{"href":"https:\/\/www.infodictat.fr\/blog\/wp-json\/wp\/v2\/posts\/189","targetHints":{"allow":["GET"]}}],"collection":[{"href":"https:\/\/www.infodictat.fr\/blog\/wp-json\/wp\/v2\/posts"}],"about":[{"href":"https:\/\/www.infodictat.fr\/blog\/wp-json\/wp\/v2\/types\/post"}],"author":[{"embeddable":true,"href":"https:\/\/www.infodictat.fr\/blog\/wp-json\/wp\/v2\/users\/2"}],"replies":[{"embeddable":true,"href":"https:\/\/www.infodictat.fr\/blog\/wp-json\/wp\/v2\/comments?post=189"}],"version-history":[{"count":0,"href":"https:\/\/www.infodictat.fr\/blog\/wp-json\/wp\/v2\/posts\/189\/revisions"}],"wp:featuredmedia":[{"embeddable":true,"href":"https:\/\/www.infodictat.fr\/blog\/wp-json\/wp\/v2\/media\/190"}],"wp:attachment":[{"href":"https:\/\/www.infodictat.fr\/blog\/wp-json\/wp\/v2\/media?parent=189"}],"wp:term":[{"taxonomy":"category","embeddable":true,"href":"https:\/\/www.infodictat.fr\/blog\/wp-json\/wp\/v2\/categories?post=189"},{"taxonomy":"post_tag","embeddable":true,"href":"https:\/\/www.infodictat.fr\/blog\/wp-json\/wp\/v2\/tags?post=189"}],"curies":[{"name":"wp","href":"https:\/\/api.w.org\/{rel}","templated":true}]}}