{"id":149,"date":"2023-07-29T18:30:32","date_gmt":"2023-07-29T16:30:32","guid":{"rendered":"https:\/\/www.infodictat.fr\/blog\/actualites-nationale-pape-francois-les-dates-de-sa-venue-a-marseille-officialisees-france\/"},"modified":"2023-07-29T18:30:32","modified_gmt":"2023-07-29T16:30:32","slug":"actualites-nationale-pape-francois-les-dates-de-sa-venue-a-marseille-officialisees-france","status":"publish","type":"post","link":"https:\/\/www.infodictat.fr\/blog\/actualites-nationale-pape-francois-les-dates-de-sa-venue-a-marseille-officialisees-france\/","title":{"rendered":"Actualit\u00e9s nationale: Pape Fran\u00e7ois : les dates de sa venue \u00e0 Marseille officialis\u00e9es #France"},"content":{"rendered":"<div><img width=\"580\" height=\"306\" src=\"https:\/\/www.infodictat.fr\/blog\/wp-content\/uploads\/2023\/07\/Actualites-France-La-tempete-Fiona-traverse-la-Guadeloupe-premieres-inondations.jpg\" class=\"attachment-large size-large wp-post-image\" alt=\"Actualites-France-La-tempete-Fiona-traverse-la-Guadeloupe-premieres-inondations\" decoding=\"async\" loading=\"lazy\" style=\"float:left; margin:0 15px 15px 0;\" srcset=\"https:\/\/www.infodictat.fr\/blog\/wp-content\/uploads\/2023\/07\/Actualites-France-La-tempete-Fiona-traverse-la-Guadeloupe-premieres-inondations.jpg 710w, https:\/\/www.site.cdcl.xyz\/wp-content\/uploads\/2022\/09\/Actualites-France-La-tempete-Fiona-traverse-la-Guadeloupe-premieres-inondations-300x158.jpg 300w\" sizes=\"auto, (max-width: 580px) 100vw, 580px\"><\/p>\n<p>Voici un encart que je suis heureux de diffuser ici sur notre site.  La th\u00e9matique est \u00ab\u00a0Actualit\u00e9 fran\u00e7aise\u00a0\u00bb.<\/p>\n<p>Sachez que le journaliste (pr\u00e9sent\u00e9 sous la signature  6medias2) est connu et fiable.<\/p>\n<p>Le post a \u00e9t\u00e9 publi\u00e9 \u00e0 une date not\u00e9e 2023-07-29 14:40:10.<\/p>\n<p>Ce sujet vous a plu vous adorerez \u00e9galement ces parutions:<\/p>\n<p>La constitution financi\u00e8re de la France.,<a href=\"https:\/\/www.kobo.com\/fr\/fr\/ebook\/la-constitution-financiere-de-la-france\" target=\"_blank\" rel=\"noopener noreferrer nofollow\">Le livre <\/a><span><\/span>.<\/p>\n<p>L\u2019humiliante D\u00e9faite.,<a href=\"https:\/\/www.kobo.com\/fr\/fr\/ebook\/l-humiliante-defaite\" target=\"_blank\" rel=\"noopener noreferrer nofollow\">R\u00e9f\u00e9rence lit\u00e9raire<\/a><span><\/span>. Disponible \u00e0 la FNAC.<\/p>\n<p>Photographie\/Soci\u00e9t\u00e9s et Organisations\/\u00c9diteurs de cartes postales\/Henry Cunge.,<a href=\"https:\/\/fr.wikibooks.org\/wiki\/Photographie\/Soci%C3%A9t%C3%A9s_et_Organisations\/%C3%89diteurs_de_cartes_postales\/Henry_Cunge\" target=\"_blank\" rel=\"noopener noreferrer nofollow\">R\u00e9f\u00e9rences de l\u2019ouvrage<\/a><span><\/span>. Disponible dans toutes les bonnes biblioth\u00e8ques de votre d\u00e9partement.<\/p>\n<\/div>\n<p><img decoding=\"async\" class=\"wpe_imgrss\" src=\"https:\/\/www.infodictat.fr\/blog\/wp-content\/uploads\/2023\/07\/Actualites-France-La-tempete-Fiona-traverse-la-Guadeloupe-premieres-inondations.jpg\">Vous pouvez lire ce post traitant le sujet \u00ab\u00a0La dictature num\u00e9rique\u00a0\u00bb. Il est produit par la r\u00e9daction de infodictat.fr. Le site infodictat.fr a pour objectif de publier plusieurs articles autour du sujet La dictature num\u00e9rique d\u00e9velopp\u00e9es sur le web. Cette chronique se veut g\u00e9n\u00e9r\u00e9e de la fa\u00e7on la plus juste qui soit. Pour \u00e9mettre des remarques sur ce dossier autour du sujet \u00ab\u00a0La dictature num\u00e9rique\u00a0\u00bb prenez les contacts indiqu\u00e9s sur notre site internet. En consultant r\u00e9guli\u00e8rement nos contenus de blog vous serez au courant des futures parutions.<\/p>\n","protected":false},"excerpt":{"rendered":"<p>Voici un encart que je suis heureux de diffuser ici sur notre site. La th\u00e9matique est \u00ab\u00a0Actualit\u00e9 fran\u00e7aise\u00a0\u00bb. Sachez que le journaliste (pr\u00e9sent\u00e9 sous la signature 6medias2) est connu et fiable. Le post a \u00e9t\u00e9 publi\u00e9 \u00e0 une date not\u00e9e 2023-07-29 14:40:10. Ce sujet vous a plu vous adorerez \u00e9galement ces parutions: La constitution financi\u00e8re &#8230; <a title=\"Actualit\u00e9s nationale: Pape Fran\u00e7ois : les dates de sa venue \u00e0 Marseille officialis\u00e9es #France\" class=\"read-more\" href=\"https:\/\/www.infodictat.fr\/blog\/actualites-nationale-pape-francois-les-dates-de-sa-venue-a-marseille-officialisees-france\/\" aria-label=\"En savoir plus sur Actualit\u00e9s nationale: Pape Fran\u00e7ois : les dates de sa venue \u00e0 Marseille officialis\u00e9es #France\">Lire la suite<\/a><\/p>\n","protected":false},"author":2,"featured_media":150,"comment_status":"closed","ping_status":"closed","sticky":false,"template":"","format":"standard","meta":{"footnotes":""},"categories":[2],"tags":[],"class_list":["post-149","post","type-post","status-publish","format-standard","has-post-thumbnail","hentry","category-la-dictature-numerique"],"yoast_head":"<!-- This site is optimized with the Yoast SEO plugin v27.5 - https:\/\/yoast.com\/product\/yoast-seo-wordpress\/ -->\n<title>Actualit\u00e9s nationale: Pape Fran\u00e7ois : les dates de sa venue \u00e0 Marseille officialis\u00e9es #France - INFODICTAT<\/title>\n<meta name=\"robots\" content=\"index, follow, max-snippet:-1, max-image-preview:large, max-video-preview:-1\" \/>\n<link rel=\"canonical\" href=\"https:\/\/www.infodictat.fr\/blog\/actualites-nationale-pape-francois-les-dates-de-sa-venue-a-marseille-officialisees-france\/\" \/>\n<meta property=\"og:locale\" content=\"fr_FR\" \/>\n<meta property=\"og:type\" content=\"article\" \/>\n<meta property=\"og:title\" content=\"Actualit\u00e9s nationale: Pape Fran\u00e7ois : les dates de sa venue \u00e0 Marseille officialis\u00e9es #France - INFODICTAT\" \/>\n<meta property=\"og:description\" content=\"Voici un encart que je suis heureux de diffuser ici sur notre site. La th\u00e9matique est \u00ab\u00a0Actualit\u00e9 fran\u00e7aise\u00a0\u00bb. Sachez que le journaliste (pr\u00e9sent\u00e9 sous la signature 6medias2) est connu et fiable. Le post a \u00e9t\u00e9 publi\u00e9 \u00e0 une date not\u00e9e 2023-07-29 14:40:10. Ce sujet vous a plu vous adorerez \u00e9galement ces parutions: La constitution financi\u00e8re ... Lire la suite\" \/>\n<meta property=\"og:url\" content=\"https:\/\/www.infodictat.fr\/blog\/actualites-nationale-pape-francois-les-dates-de-sa-venue-a-marseille-officialisees-france\/\" \/>\n<meta property=\"og:site_name\" content=\"INFODICTAT\" \/>\n<meta property=\"article:published_time\" content=\"2023-07-29T16:30:32+00:00\" \/>\n<meta property=\"og:image\" content=\"https:\/\/www.infodictat.fr\/blog\/wp-content\/uploads\/2023\/07\/Actualites-France-La-tempete-Fiona-traverse-la-Guadeloupe-premieres-inondations.jpg\" \/>\n<meta name=\"author\" content=\"Oscar BETHMONT\" \/>\n<meta name=\"twitter:card\" content=\"summary_large_image\" \/>\n<meta name=\"twitter:label1\" content=\"\u00c9crit par\" \/>\n\t<meta name=\"twitter:data1\" content=\"Oscar BETHMONT\" \/>\n\t<meta name=\"twitter:label2\" content=\"Dur\u00e9e de lecture estim\u00e9e\" \/>\n\t<meta name=\"twitter:data2\" content=\"1 minute\" \/>\n<script type=\"application\/ld+json\" class=\"yoast-schema-graph\">{\"@context\":\"https:\\\/\\\/schema.org\",\"@graph\":[{\"@type\":\"Article\",\"@id\":\"https:\\\/\\\/www.infodictat.fr\\\/blog\\\/actualites-nationale-pape-francois-les-dates-de-sa-venue-a-marseille-officialisees-france\\\/#article\",\"isPartOf\":{\"@id\":\"https:\\\/\\\/www.infodictat.fr\\\/blog\\\/actualites-nationale-pape-francois-les-dates-de-sa-venue-a-marseille-officialisees-france\\\/\"},\"author\":{\"name\":\"Oscar BETHMONT\",\"@id\":\"https:\\\/\\\/www.infodictat.fr\\\/blog\\\/#\\\/schema\\\/person\\\/6c2c8af0941702348e8eca9144cc1267\"},\"headline\":\"Actualit\u00e9s nationale: Pape Fran\u00e7ois : les dates de sa venue \u00e0 Marseille officialis\u00e9es #France\",\"datePublished\":\"2023-07-29T16:30:32+00:00\",\"mainEntityOfPage\":{\"@id\":\"https:\\\/\\\/www.infodictat.fr\\\/blog\\\/actualites-nationale-pape-francois-les-dates-de-sa-venue-a-marseille-officialisees-france\\\/\"},\"wordCount\":222,\"publisher\":{\"@id\":\"https:\\\/\\\/www.infodictat.fr\\\/blog\\\/#organization\"},\"image\":{\"@id\":\"https:\\\/\\\/www.infodictat.fr\\\/blog\\\/actualites-nationale-pape-francois-les-dates-de-sa-venue-a-marseille-officialisees-france\\\/#primaryimage\"},\"thumbnailUrl\":\"https:\\\/\\\/www.infodictat.fr\\\/blog\\\/wp-content\\\/uploads\\\/2023\\\/07\\\/Actualites-France-La-tempete-Fiona-traverse-la-Guadeloupe-premieres-inondations.jpg\",\"articleSection\":[\"La Dictature Num\u00e9rique:\"],\"inLanguage\":\"fr-FR\"},{\"@type\":\"WebPage\",\"@id\":\"https:\\\/\\\/www.infodictat.fr\\\/blog\\\/actualites-nationale-pape-francois-les-dates-de-sa-venue-a-marseille-officialisees-france\\\/\",\"url\":\"https:\\\/\\\/www.infodictat.fr\\\/blog\\\/actualites-nationale-pape-francois-les-dates-de-sa-venue-a-marseille-officialisees-france\\\/\",\"name\":\"Actualit\u00e9s nationale: Pape Fran\u00e7ois : les dates de sa venue \u00e0 Marseille officialis\u00e9es #France - INFODICTAT\",\"isPartOf\":{\"@id\":\"https:\\\/\\\/www.infodictat.fr\\\/blog\\\/#website\"},\"primaryImageOfPage\":{\"@id\":\"https:\\\/\\\/www.infodictat.fr\\\/blog\\\/actualites-nationale-pape-francois-les-dates-de-sa-venue-a-marseille-officialisees-france\\\/#primaryimage\"},\"image\":{\"@id\":\"https:\\\/\\\/www.infodictat.fr\\\/blog\\\/actualites-nationale-pape-francois-les-dates-de-sa-venue-a-marseille-officialisees-france\\\/#primaryimage\"},\"thumbnailUrl\":\"https:\\\/\\\/www.infodictat.fr\\\/blog\\\/wp-content\\\/uploads\\\/2023\\\/07\\\/Actualites-France-La-tempete-Fiona-traverse-la-Guadeloupe-premieres-inondations.jpg\",\"datePublished\":\"2023-07-29T16:30:32+00:00\",\"breadcrumb\":{\"@id\":\"https:\\\/\\\/www.infodictat.fr\\\/blog\\\/actualites-nationale-pape-francois-les-dates-de-sa-venue-a-marseille-officialisees-france\\\/#breadcrumb\"},\"inLanguage\":\"fr-FR\",\"potentialAction\":[{\"@type\":\"ReadAction\",\"target\":[\"https:\\\/\\\/www.infodictat.fr\\\/blog\\\/actualites-nationale-pape-francois-les-dates-de-sa-venue-a-marseille-officialisees-france\\\/\"]}]},{\"@type\":\"ImageObject\",\"inLanguage\":\"fr-FR\",\"@id\":\"https:\\\/\\\/www.infodictat.fr\\\/blog\\\/actualites-nationale-pape-francois-les-dates-de-sa-venue-a-marseille-officialisees-france\\\/#primaryimage\",\"url\":\"https:\\\/\\\/www.infodictat.fr\\\/blog\\\/wp-content\\\/uploads\\\/2023\\\/07\\\/Actualites-France-La-tempete-Fiona-traverse-la-Guadeloupe-premieres-inondations.jpg\",\"contentUrl\":\"https:\\\/\\\/www.infodictat.fr\\\/blog\\\/wp-content\\\/uploads\\\/2023\\\/07\\\/Actualites-France-La-tempete-Fiona-traverse-la-Guadeloupe-premieres-inondations.jpg\",\"width\":710,\"height\":375},{\"@type\":\"BreadcrumbList\",\"@id\":\"https:\\\/\\\/www.infodictat.fr\\\/blog\\\/actualites-nationale-pape-francois-les-dates-de-sa-venue-a-marseille-officialisees-france\\\/#breadcrumb\",\"itemListElement\":[{\"@type\":\"ListItem\",\"position\":1,\"name\":\"Accueil\",\"item\":\"https:\\\/\\\/www.infodictat.fr\\\/blog\\\/\"},{\"@type\":\"ListItem\",\"position\":2,\"name\":\"Actualit\u00e9s nationale: Pape Fran\u00e7ois : les dates de sa venue \u00e0 Marseille officialis\u00e9es #France\"}]},{\"@type\":\"WebSite\",\"@id\":\"https:\\\/\\\/www.infodictat.fr\\\/blog\\\/#website\",\"url\":\"https:\\\/\\\/www.infodictat.fr\\\/blog\\\/\",\"name\":\"INFODICTAT\",\"description\":\"La dictature num\u00e9rique.\",\"publisher\":{\"@id\":\"https:\\\/\\\/www.infodictat.fr\\\/blog\\\/#organization\"},\"potentialAction\":[{\"@type\":\"SearchAction\",\"target\":{\"@type\":\"EntryPoint\",\"urlTemplate\":\"https:\\\/\\\/www.infodictat.fr\\\/blog\\\/?s={search_term_string}\"},\"query-input\":{\"@type\":\"PropertyValueSpecification\",\"valueRequired\":true,\"valueName\":\"search_term_string\"}}],\"inLanguage\":\"fr-FR\"},{\"@type\":\"Organization\",\"@id\":\"https:\\\/\\\/www.infodictat.fr\\\/blog\\\/#organization\",\"name\":\"infodictat\",\"url\":\"https:\\\/\\\/www.infodictat.fr\\\/blog\\\/\",\"logo\":{\"@type\":\"ImageObject\",\"inLanguage\":\"fr-FR\",\"@id\":\"https:\\\/\\\/www.infodictat.fr\\\/blog\\\/#\\\/schema\\\/logo\\\/image\\\/\",\"url\":\"https:\\\/\\\/www.infodictat.fr\\\/blog\\\/wp-content\\\/uploads\\\/2023\\\/05\\\/logo-2.png\",\"contentUrl\":\"https:\\\/\\\/www.infodictat.fr\\\/blog\\\/wp-content\\\/uploads\\\/2023\\\/05\\\/logo-2.png\",\"width\":480,\"height\":596,\"caption\":\"infodictat\"},\"image\":{\"@id\":\"https:\\\/\\\/www.infodictat.fr\\\/blog\\\/#\\\/schema\\\/logo\\\/image\\\/\"}},{\"@type\":\"Person\",\"@id\":\"https:\\\/\\\/www.infodictat.fr\\\/blog\\\/#\\\/schema\\\/person\\\/6c2c8af0941702348e8eca9144cc1267\",\"name\":\"Oscar BETHMONT\",\"image\":{\"@type\":\"ImageObject\",\"inLanguage\":\"fr-FR\",\"@id\":\"https:\\\/\\\/secure.gravatar.com\\\/avatar\\\/f80ff32d67d40b919e8be190b7325be3c6cb33ce305ac1d45cadad29128e831e?s=96&d=mm&r=g\",\"url\":\"https:\\\/\\\/secure.gravatar.com\\\/avatar\\\/f80ff32d67d40b919e8be190b7325be3c6cb33ce305ac1d45cadad29128e831e?s=96&d=mm&r=g\",\"contentUrl\":\"https:\\\/\\\/secure.gravatar.com\\\/avatar\\\/f80ff32d67d40b919e8be190b7325be3c6cb33ce305ac1d45cadad29128e831e?s=96&d=mm&r=g\",\"caption\":\"Oscar BETHMONT\"},\"url\":\"https:\\\/\\\/www.infodictat.fr\\\/blog\\\/author\\\/tatoscar\\\/\"}]}<\/script>\n<!-- \/ Yoast SEO plugin. -->","yoast_head_json":{"title":"Actualit\u00e9s nationale: Pape Fran\u00e7ois : les dates de sa venue \u00e0 Marseille officialis\u00e9es #France - INFODICTAT","robots":{"index":"index","follow":"follow","max-snippet":"max-snippet:-1","max-image-preview":"max-image-preview:large","max-video-preview":"max-video-preview:-1"},"canonical":"https:\/\/www.infodictat.fr\/blog\/actualites-nationale-pape-francois-les-dates-de-sa-venue-a-marseille-officialisees-france\/","og_locale":"fr_FR","og_type":"article","og_title":"Actualit\u00e9s nationale: Pape Fran\u00e7ois : les dates de sa venue \u00e0 Marseille officialis\u00e9es #France - INFODICTAT","og_description":"Voici un encart que je suis heureux de diffuser ici sur notre site. La th\u00e9matique est \u00ab\u00a0Actualit\u00e9 fran\u00e7aise\u00a0\u00bb. Sachez que le journaliste (pr\u00e9sent\u00e9 sous la signature 6medias2) est connu et fiable. Le post a \u00e9t\u00e9 publi\u00e9 \u00e0 une date not\u00e9e 2023-07-29 14:40:10. Ce sujet vous a plu vous adorerez \u00e9galement ces parutions: La constitution financi\u00e8re ... Lire la suite","og_url":"https:\/\/www.infodictat.fr\/blog\/actualites-nationale-pape-francois-les-dates-de-sa-venue-a-marseille-officialisees-france\/","og_site_name":"INFODICTAT","article_published_time":"2023-07-29T16:30:32+00:00","og_image":[{"url":"https:\/\/www.infodictat.fr\/blog\/wp-content\/uploads\/2023\/07\/Actualites-France-La-tempete-Fiona-traverse-la-Guadeloupe-premieres-inondations.jpg","type":"","width":"","height":""}],"author":"Oscar BETHMONT","twitter_card":"summary_large_image","twitter_misc":{"\u00c9crit par":"Oscar BETHMONT","Dur\u00e9e de lecture estim\u00e9e":"1 minute"},"schema":{"@context":"https:\/\/schema.org","@graph":[{"@type":"Article","@id":"https:\/\/www.infodictat.fr\/blog\/actualites-nationale-pape-francois-les-dates-de-sa-venue-a-marseille-officialisees-france\/#article","isPartOf":{"@id":"https:\/\/www.infodictat.fr\/blog\/actualites-nationale-pape-francois-les-dates-de-sa-venue-a-marseille-officialisees-france\/"},"author":{"name":"Oscar BETHMONT","@id":"https:\/\/www.infodictat.fr\/blog\/#\/schema\/person\/6c2c8af0941702348e8eca9144cc1267"},"headline":"Actualit\u00e9s nationale: Pape Fran\u00e7ois : les dates de sa venue \u00e0 Marseille officialis\u00e9es #France","datePublished":"2023-07-29T16:30:32+00:00","mainEntityOfPage":{"@id":"https:\/\/www.infodictat.fr\/blog\/actualites-nationale-pape-francois-les-dates-de-sa-venue-a-marseille-officialisees-france\/"},"wordCount":222,"publisher":{"@id":"https:\/\/www.infodictat.fr\/blog\/#organization"},"image":{"@id":"https:\/\/www.infodictat.fr\/blog\/actualites-nationale-pape-francois-les-dates-de-sa-venue-a-marseille-officialisees-france\/#primaryimage"},"thumbnailUrl":"https:\/\/www.infodictat.fr\/blog\/wp-content\/uploads\/2023\/07\/Actualites-France-La-tempete-Fiona-traverse-la-Guadeloupe-premieres-inondations.jpg","articleSection":["La Dictature Num\u00e9rique:"],"inLanguage":"fr-FR"},{"@type":"WebPage","@id":"https:\/\/www.infodictat.fr\/blog\/actualites-nationale-pape-francois-les-dates-de-sa-venue-a-marseille-officialisees-france\/","url":"https:\/\/www.infodictat.fr\/blog\/actualites-nationale-pape-francois-les-dates-de-sa-venue-a-marseille-officialisees-france\/","name":"Actualit\u00e9s nationale: Pape Fran\u00e7ois : les dates de sa venue \u00e0 Marseille officialis\u00e9es #France - INFODICTAT","isPartOf":{"@id":"https:\/\/www.infodictat.fr\/blog\/#website"},"primaryImageOfPage":{"@id":"https:\/\/www.infodictat.fr\/blog\/actualites-nationale-pape-francois-les-dates-de-sa-venue-a-marseille-officialisees-france\/#primaryimage"},"image":{"@id":"https:\/\/www.infodictat.fr\/blog\/actualites-nationale-pape-francois-les-dates-de-sa-venue-a-marseille-officialisees-france\/#primaryimage"},"thumbnailUrl":"https:\/\/www.infodictat.fr\/blog\/wp-content\/uploads\/2023\/07\/Actualites-France-La-tempete-Fiona-traverse-la-Guadeloupe-premieres-inondations.jpg","datePublished":"2023-07-29T16:30:32+00:00","breadcrumb":{"@id":"https:\/\/www.infodictat.fr\/blog\/actualites-nationale-pape-francois-les-dates-de-sa-venue-a-marseille-officialisees-france\/#breadcrumb"},"inLanguage":"fr-FR","potentialAction":[{"@type":"ReadAction","target":["https:\/\/www.infodictat.fr\/blog\/actualites-nationale-pape-francois-les-dates-de-sa-venue-a-marseille-officialisees-france\/"]}]},{"@type":"ImageObject","inLanguage":"fr-FR","@id":"https:\/\/www.infodictat.fr\/blog\/actualites-nationale-pape-francois-les-dates-de-sa-venue-a-marseille-officialisees-france\/#primaryimage","url":"https:\/\/www.infodictat.fr\/blog\/wp-content\/uploads\/2023\/07\/Actualites-France-La-tempete-Fiona-traverse-la-Guadeloupe-premieres-inondations.jpg","contentUrl":"https:\/\/www.infodictat.fr\/blog\/wp-content\/uploads\/2023\/07\/Actualites-France-La-tempete-Fiona-traverse-la-Guadeloupe-premieres-inondations.jpg","width":710,"height":375},{"@type":"BreadcrumbList","@id":"https:\/\/www.infodictat.fr\/blog\/actualites-nationale-pape-francois-les-dates-de-sa-venue-a-marseille-officialisees-france\/#breadcrumb","itemListElement":[{"@type":"ListItem","position":1,"name":"Accueil","item":"https:\/\/www.infodictat.fr\/blog\/"},{"@type":"ListItem","position":2,"name":"Actualit\u00e9s nationale: Pape Fran\u00e7ois : les dates de sa venue \u00e0 Marseille officialis\u00e9es #France"}]},{"@type":"WebSite","@id":"https:\/\/www.infodictat.fr\/blog\/#website","url":"https:\/\/www.infodictat.fr\/blog\/","name":"INFODICTAT","description":"La dictature num\u00e9rique.","publisher":{"@id":"https:\/\/www.infodictat.fr\/blog\/#organization"},"potentialAction":[{"@type":"SearchAction","target":{"@type":"EntryPoint","urlTemplate":"https:\/\/www.infodictat.fr\/blog\/?s={search_term_string}"},"query-input":{"@type":"PropertyValueSpecification","valueRequired":true,"valueName":"search_term_string"}}],"inLanguage":"fr-FR"},{"@type":"Organization","@id":"https:\/\/www.infodictat.fr\/blog\/#organization","name":"infodictat","url":"https:\/\/www.infodictat.fr\/blog\/","logo":{"@type":"ImageObject","inLanguage":"fr-FR","@id":"https:\/\/www.infodictat.fr\/blog\/#\/schema\/logo\/image\/","url":"https:\/\/www.infodictat.fr\/blog\/wp-content\/uploads\/2023\/05\/logo-2.png","contentUrl":"https:\/\/www.infodictat.fr\/blog\/wp-content\/uploads\/2023\/05\/logo-2.png","width":480,"height":596,"caption":"infodictat"},"image":{"@id":"https:\/\/www.infodictat.fr\/blog\/#\/schema\/logo\/image\/"}},{"@type":"Person","@id":"https:\/\/www.infodictat.fr\/blog\/#\/schema\/person\/6c2c8af0941702348e8eca9144cc1267","name":"Oscar BETHMONT","image":{"@type":"ImageObject","inLanguage":"fr-FR","@id":"https:\/\/secure.gravatar.com\/avatar\/f80ff32d67d40b919e8be190b7325be3c6cb33ce305ac1d45cadad29128e831e?s=96&d=mm&r=g","url":"https:\/\/secure.gravatar.com\/avatar\/f80ff32d67d40b919e8be190b7325be3c6cb33ce305ac1d45cadad29128e831e?s=96&d=mm&r=g","contentUrl":"https:\/\/secure.gravatar.com\/avatar\/f80ff32d67d40b919e8be190b7325be3c6cb33ce305ac1d45cadad29128e831e?s=96&d=mm&r=g","caption":"Oscar BETHMONT"},"url":"https:\/\/www.infodictat.fr\/blog\/author\/tatoscar\/"}]}},"_links":{"self":[{"href":"https:\/\/www.infodictat.fr\/blog\/wp-json\/wp\/v2\/posts\/149","targetHints":{"allow":["GET"]}}],"collection":[{"href":"https:\/\/www.infodictat.fr\/blog\/wp-json\/wp\/v2\/posts"}],"about":[{"href":"https:\/\/www.infodictat.fr\/blog\/wp-json\/wp\/v2\/types\/post"}],"author":[{"embeddable":true,"href":"https:\/\/www.infodictat.fr\/blog\/wp-json\/wp\/v2\/users\/2"}],"replies":[{"embeddable":true,"href":"https:\/\/www.infodictat.fr\/blog\/wp-json\/wp\/v2\/comments?post=149"}],"version-history":[{"count":0,"href":"https:\/\/www.infodictat.fr\/blog\/wp-json\/wp\/v2\/posts\/149\/revisions"}],"wp:featuredmedia":[{"embeddable":true,"href":"https:\/\/www.infodictat.fr\/blog\/wp-json\/wp\/v2\/media\/150"}],"wp:attachment":[{"href":"https:\/\/www.infodictat.fr\/blog\/wp-json\/wp\/v2\/media?parent=149"}],"wp:term":[{"taxonomy":"category","embeddable":true,"href":"https:\/\/www.infodictat.fr\/blog\/wp-json\/wp\/v2\/categories?post=149"},{"taxonomy":"post_tag","embeddable":true,"href":"https:\/\/www.infodictat.fr\/blog\/wp-json\/wp\/v2\/tags?post=149"}],"curies":[{"name":"wp","href":"https:\/\/api.w.org\/{rel}","templated":true}]}}