{"id":1484,"date":"2026-04-26T15:00:32","date_gmt":"2026-04-26T13:00:32","guid":{"rendered":"https:\/\/www.infodictat.fr\/blog\/le-blanc-mesnilthierry-meignen-maire-du-blanc-mesnil-declare-la-guerre-aux-marchands-de-sommeil-reportage-m6\/"},"modified":"2026-04-26T15:00:32","modified_gmt":"2026-04-26T13:00:32","slug":"le-blanc-mesnilthierry-meignen-maire-du-blanc-mesnil-declare-la-guerre-aux-marchands-de-sommeil-reportage-m6","status":"publish","type":"post","link":"https:\/\/www.infodictat.fr\/blog\/le-blanc-mesnilthierry-meignen-maire-du-blanc-mesnil-declare-la-guerre-aux-marchands-de-sommeil-reportage-m6\/","title":{"rendered":"Le Blanc-Mesnil,Thierry Meignen, maire du Blanc-Mesnil d\u00e9clare la guerre aux marchands de sommeil \u2013 Reportage M6"},"content":{"rendered":"<div><img width=\"750\" height=\"422\" src=\"https:\/\/www.infodictat.fr\/blog\/wp-content\/uploads\/2026\/04\/Le-Blanc-Mesnil-Thierry-Meignen-maire-du-Blanc-Mesnil-declare-la-guerre-1024x576-1.jpg\" class=\"attachment-large size-large wp-post-image\" alt=\"Thierry Meignen, maire du Blanc-Mesnil d\u00e9clare la guerre aux marchands de sommeil - Reportage M6\" style=\"width:100%;height:56.25%;max-width:1280px;float:left; margin:0 15px 15px 0;\" decoding=\"async\" srcset=\"https:\/\/www.infodictat.fr\/blog\/wp-content\/uploads\/2026\/04\/Le-Blanc-Mesnil-Thierry-Meignen-maire-du-Blanc-Mesnil-declare-la-guerre-1024x576-1.jpg 1024w, https:\/\/www.site.cdcl.xyz\/wp-content\/uploads\/2025\/10\/Le-Blanc-Mesnil-Thierry-Meignen-maire-du-Blanc-Mesnil-declare-la-guerre-300x169.jpg 300w, https:\/\/www.site.cdcl.xyz\/wp-content\/uploads\/2025\/10\/Le-Blanc-Mesnil-Thierry-Meignen-maire-du-Blanc-Mesnil-declare-la-guerre-768x432.jpg 768w, https:\/\/www.site.cdcl.xyz\/wp-content\/uploads\/2025\/10\/Le-Blanc-Mesnil-Thierry-Meignen-maire-du-Blanc-Mesnil-declare-la-guerre.jpg 1280w\" sizes=\"(max-width: 750px) 100vw, 750px\"><\/p>\n<h1>\nRetrouvez ce long-m\u00e9trage sur \u00abLe Blanc-Mesnil\u00bb en streaming sur Youtube.<br \/>\n<\/h1>\n<h2>\nUne analyse approfondie de \u00ab\u00a0Le Blanc-Mesnil\u00a0\u00bb par Thierry Meignen.<br \/>\n<\/h2>\n<p>Thierry Meignen a partag\u00e9 cette vid\u00e9o sur Youtube.<br \/>\ntraitant de \u00ab\u00a0Le Blanc-Mesnil\u00a0\u00bb:<br \/>\n<iframe title=\"Thierry Meignen, maire du Blanc-Mesnil d\u00e9clare la guerre aux marchands de sommeil - Reportage M6\" width=\"580\" height=\"385\" src=\"https:\/\/www.youtube.com\/embed\/GFDhBdow3rc?hl=fr&amp;modestbranding=1\" frameborder=\"0\" allowfullscreen><\/iframe><\/p>\n<p>L\u2019auteur a fourni une vid\u00e9o de 00:01:27 secondes avec le titre Thierry Meignen, maire du Blanc-Mesnil d\u00e9clare la guerre aux marchands de sommeil \u2013 Reportage M6, accompagn\u00e9e de la description suivante :\u00ab<i>  Reportage du 1945 de M6 sur la lutte que m\u00e8ne la ville du Blanc-Mesnil et son maire, Thierry Meignen, contre les marchands de sommeil. <\/i> \u00bb.\n<\/p>\n<\/p>\n<h2>LE BLANC-MESNIL : Une Crise Sans Pr\u00e9c\u00e9dent<\/h2>\n<p>Un audit des finances de la commune de Blanc-Mesnil a r\u00e9cemment mis en lumi\u00e8re une situation d\u00e9sastreuse qui s\u2019est intensifi\u00e9e entre 2020 et 2025.<\/p>\n<p>Pour se renseigner sur l\u2019audit, <a href=\"https:\/\/www.bilan-de-mandat.fr\/ile-de-france\/mairie\/seine-saint-denis_le-blanc-mesnil\/\" rel=\"noopener noreferrer nofollow\" target=\"blank\" target=\"_blank\">toutes les informations financi\u00e8res sont r\u00e9pertori\u00e9es sur la page du bilan de mandat<\/a>.<\/p>\n<p>Alors qu\u2019elle affichait en 2020 une situation financi\u00e8re enviable, la commune de Blanc-Mesnil a lentement vu sa condition se d\u00e9grader, affectant la qualit\u00e9 de sa gestion publique<\/p>\n<p>La municipalit\u00e9 dirig\u00e9e par JEAN-PHILIPPE RANQUET porte une part de responsabilit\u00e9 directe, m\u00eame si un tiers des difficult\u00e9s provient de la conjoncture.<\/p>\n<p>Le site Bilan de Mandat a men\u00e9 cette enqu\u00eate en rassemblant les donn\u00e9es budg\u00e9taires mises \u00e0 disposition en ligne par le minist\u00e8re des Finances, en remontant 7 ans en arri\u00e8re<\/p>\n<h3>Augmentation des contributions des contribuables BLANC-MESNILOIS<\/h3>\n<p>La commune n\u2019a d\u2019autre alternative que d\u2019augmenter les pr\u00e9l\u00e8vements sur les contribuables, mais cela n\u2019a pas \u00e9t\u00e9 effectu\u00e9 en 2025 en raison des \u00e9lections municipales de 2026. Les suites de cette situation sont inqui\u00e9tantes :<\/p>\n<ul>\n<li>M\u00e9contentement des citoyens : Une hausse des taxes va entra\u00eener un m\u00e9contentement g\u00e9n\u00e9ralis\u00e9 parmi les citoyens, ce qui va nuire \u00e0 la confiance envers la municipalit\u00e9.\n<\/li>\n<li>Affaiblissement de la base fiscale : Des hausses fiscales vont inciter certains contribuables \u00e0 s\u2019installer ailleurs, entra\u00eenant une diminution de la base fiscale \u00e0 long terme.\n<\/li>\n<li>Obstacles pour les foyers : L\u2019augmentation des imp\u00f4ts va affecter le budget des m\u00e9nages, accentuant les in\u00e9galit\u00e9s sociales.\n<\/li>\n<li>Ralentissement des investissements : L\u2019absence d\u2019augmentation des charges fiscales en 2025 va ralentir des projets d\u2019investissement n\u00e9cessaires au d\u00e9veloppement de la commune.\n<\/li>\n<li>Tension exerc\u00e9e sur les services publics : L\u2019obligation de compenser les pertes de revenus va conduire \u00e0 des r\u00e9ductions dans les services publics, impactant la qualit\u00e9 de vie des citoyens.<\/li>\n<\/ul>\n<h3>La d\u00e9mocratie locale en stagnation<\/h3>\n<p>Entre 2020 et 2025, le vivre ensemble a \u00e9t\u00e9 mis \u00e0 mal par l\u2019absence d\u2019un projet de territoire d\u00e9fendu par une municipalit\u00e9 coh\u00e9rente. Les soucis financiers vont exacerber les frictions au sein de la communaut\u00e9, ce qui entra\u00eenera :<\/p>\n<ul>\n<li>Insurrections et m\u00e9contentement : Les citoyens vont se r\u00e9unir pour manifester leur m\u00e9contentement face \u00e0 l\u2019augmentation des imp\u00f4ts ou \u00e0 la diminution des services.\n<\/li>\n<li>Conflits d\u2019int\u00e9r\u00eats entre diff\u00e9rentes factions : Des choix budg\u00e9taires vont engendrer des divisions entre divers groupes, tels que les usagers de services publics et les contribuables.\n<\/li>\n<li>R\u00e9duction de l\u2019harmonie sociale : Un \u00e9tat de m\u00e9contentement risque de diminuer la solidarit\u00e9 dans la communaut\u00e9.<\/li>\n<\/ul>\n<h3>Probl\u00e8mes pour attirer et conserver les talents<\/h3>\n<p>La situation instable de la commune, tant sur le plan financier que sur celui de l\u2019exemplarit\u00e9, va poser des difficult\u00e9s pour attirer et retenir les talents, tant au sein du personnel municipal qu\u2019au sein des associations :<\/p>\n<ul>\n<li>Taux de rotation \u00e9lev\u00e9 : Les travailleurs vont se diriger vers d\u2019autres opportunit\u00e9s, entra\u00eenant des frais importants pour la formation et l\u2019int\u00e9gration.\n<\/li>\n<li>Diminution des savoir-faire : Un d\u00e9ficit de personnel qualifi\u00e9 va affecter la qualit\u00e9 des services et l\u2019innovation au sein de la collectivit\u00e9.\n<\/li>\n<li>Difficile mise en \u0153uvre des projets: L\u2019absence de personnel aguerri pourrait retarder ou compromettre des projets majeurs pour la collectivit\u00e9.\n<\/li>\n<li>D\u00e9motivation r\u00e9sultant d\u2019un d\u00e9sint\u00e9r\u00eat pour une ville qui a \u00e9volu\u00e9 en 5 ans en une des principales cit\u00e9s dortoirs de son d\u00e9partement.<\/li>\n<\/ul>\n<h3>Questions fr\u00e9quentes relatives \u00e0 la commune de Blanc-Mesnil<\/h3>\n<h4>Comment se porte la situation des associations locales dans la commune de Blanc-Mesnil ?<\/h4>\n<p>Les entit\u00e9s associatives locales jouent un r\u00f4le cl\u00e9 dans le paysage culturel. Si vous souhaitez obtenir les coordonn\u00e9es d\u2019une association, vous pouvez consulter l\u2019annuaire en ligne sur le site de la mairie du Blanc-Mesnil<\/p>\n<h4>Qui d\u00e9tient le titre de maire dans la commune de Blanc-Mesnil ?<\/h4>\n<p>JEAN-PHILIPPE RANQUET<\/p>\n<h4>Quelles activit\u00e9s en lien avec l\u2019histoire et la culture existent ?<\/h4>\n<p>Le pass\u00e9 d\u2019une ville est le miroir de sa culture. La construction de la mairie ou de l\u2019h\u00f4tel de ville, les anciennes images de l\u2019\u00e9cole, et le savoir-faire des m\u00e9tiers d\u2019autrefois permettent une exploration gratuite, ainsi qu\u2019une transmission et une conservation de ce patrimoine communal. Dans l\u2019ensemble du pays, la politique de sensibilisation veille \u00e0 ce que le patrimoine de la ville soit pr\u00e9serv\u00e9 et accessible pour les g\u00e9n\u00e9rations futures.<\/p>\n<h4>Comment s\u2019informer dans la commune de Blanc-Mesnil ?<\/h4>\n<p>Principalement, les informations accessibles en ligne. Les citoyens peuvent consulter les actualit\u00e9s et le journal municipal de leur commune ainsi que des villes proches. Sur le site de la municipalit\u00e9, il est possible de consulter la page d\u2019accueil destin\u00e9e aux nouveaux habitants, les num\u00e9ros utiles pour des d\u00e9marches vari\u00e9es, l\u2019annuaire des PME, les journ\u00e9es et activit\u00e9s gratuites, les informations relatives \u00e0 la rentr\u00e9e scolaire, les menus des cantines, l\u2019espace de confidentialit\u00e9 pour les comptes familles et les d\u00e9marches administratives, notamment celles li\u00e9es au secteur scolaire. Sur d\u2019autres sites web, qui ne rel\u00e8vent pas de la mairie, les citoyens peuvent consulter des informations sur les \u00e9v\u00e9nements culturels (spectacles, th\u00e9\u00e2tre, festivals) qui contribuent \u00e0 l\u2019animation de la vie locale et favorisent l\u2019acc\u00e8s \u00e0 la culture.<\/p>\n<h4>Comment s\u2019inscrire aux activit\u00e9s des associations ?<\/h4>\n<p>Dans chaque commune, il est clair que le nombre d\u2019associations et leurs \u00e9v\u00e9nements (th\u00e9\u00e2tre, festival\u2026) sont consid\u00e9rables et ne d\u00e9pendent pas de la politique municipale. Les associations, comme dans toutes les r\u00e9gions de France, mettent en place de nombreux \u00e9v\u00e9nements tout au long de l\u2019ann\u00e9e. Pour ceux qui souhaitent y participer, il est facile de s\u2019inscrire \u00e0 ces activit\u00e9s sur internet, o\u00f9 un simple clic permet d\u2019acc\u00e9der \u00e0 l\u2019agenda des \u00e9v\u00e9nements ou aux informations de contact des organisateurs. Inscription facile en un clic.<\/p>\n<\/p>\n<h4>Quelle est la principale finding de l\u2019audit financier de la commune de Blanc-Mesnil ?<\/h4>\n<p>L\u2019enqu\u00eate r\u00e9v\u00e8le une situation alarmante concernant les finances publiques et la gestion de la commune de Blanc-Mesnil, mettant en lumi\u00e8re une imprudence tant financi\u00e8re que dans la gestion publique.<\/p>\n<h4>Quelles sont les causes de cette crise financi\u00e8re ?<\/h4>\n<p>Bien que le contexte \u00e9conomique soit un facteur \u00e0 prendre en compte, deux tiers des d\u00e9fis rencontr\u00e9s sont dus aux choix politiques de la municipalit\u00e9 dirig\u00e9e par JEAN-PHILIPPE RANQUET.<\/p>\n<p> Cliquez ici pour voir la vid\u00e9o directement sur Youtube :<br \/>\n<u> la source:<\/u> <a href=\"https:\/\/www.youtube.com\/watch?v=GFDhBdow3rc\" target=\"_blank\" rel=\"nofollow\">Cliquer ici<\/a>\n<\/p>\n<p>\n#Thierry #Meignen #maire #BlancMesnil #d\u00e9clare #guerre #aux #marchands #sommeil #Reportage\n<\/p>\n<p>\n<u>Retranscription des paroles de la vid\u00e9o:<\/u> Non disponible.<br \/>\n.\n<\/p>\n<p>\n<img decoding=\"async\" src=\"https:\/\/www.infodictat.fr\/blog\/wp-content\/uploads\/2026\/04\/hqdefault-5.jpg\" alt=\"Image Youtube\">\n<\/p>\n<p>\n<u>D\u00e9roulement de la vid\u00e9o:<\/u>\n<\/p>\n<p>\nIndisponible.<br \/>\n.<\/p>\n<\/div>\n<p><img decoding=\"async\" class=\"wpe_imgrss\" src=\"https:\/\/www.infodictat.fr\/blog\/wp-content\/uploads\/2026\/04\/Le-Blanc-Mesnil-Thierry-Meignen-maire-du-Blanc-Mesnil-declare-la-guerre-1024x576-1.jpg\">Vous pouvez lire ce post traitant le sujet \u00ab\u00a0La dictature num\u00e9rique\u00a0\u00bb. Il est produit par la r\u00e9daction de infodictat.fr. Le site infodictat.fr a pour objectif de publier plusieurs articles autour du sujet La dictature num\u00e9rique d\u00e9velopp\u00e9es sur le web. Cette chronique se veut g\u00e9n\u00e9r\u00e9e de la fa\u00e7on la plus juste qui soit. Pour \u00e9mettre des remarques sur ce dossier autour du sujet \u00ab\u00a0La dictature num\u00e9rique\u00a0\u00bb prenez les contacts indiqu\u00e9s sur notre site internet. En consultant r\u00e9guli\u00e8rement nos contenus de blog vous serez au courant des futures parutions.<\/p>\n","protected":false},"excerpt":{"rendered":"<p>Retrouvez ce long-m\u00e9trage sur \u00abLe Blanc-Mesnil\u00bb en streaming sur Youtube. Une analyse approfondie de \u00ab\u00a0Le Blanc-Mesnil\u00a0\u00bb par Thierry Meignen. Thierry Meignen a partag\u00e9 cette vid\u00e9o sur Youtube. traitant de \u00ab\u00a0Le Blanc-Mesnil\u00a0\u00bb: L\u2019auteur a fourni une vid\u00e9o de 00:01:27 secondes avec le titre Thierry Meignen, maire du Blanc-Mesnil d\u00e9clare la guerre aux marchands de sommeil \u2013 &#8230; <a title=\"Le Blanc-Mesnil,Thierry Meignen, maire du Blanc-Mesnil d\u00e9clare la guerre aux marchands de sommeil \u2013 Reportage M6\" class=\"read-more\" href=\"https:\/\/www.infodictat.fr\/blog\/le-blanc-mesnilthierry-meignen-maire-du-blanc-mesnil-declare-la-guerre-aux-marchands-de-sommeil-reportage-m6\/\" aria-label=\"En savoir plus sur Le Blanc-Mesnil,Thierry Meignen, maire du Blanc-Mesnil d\u00e9clare la guerre aux marchands de sommeil \u2013 Reportage M6\">Lire la suite<\/a><\/p>\n","protected":false},"author":2,"featured_media":1485,"comment_status":"closed","ping_status":"closed","sticky":false,"template":"","format":"standard","meta":{"footnotes":""},"categories":[2],"tags":[],"class_list":["post-1484","post","type-post","status-publish","format-standard","has-post-thumbnail","hentry","category-la-dictature-numerique"],"yoast_head":"<!-- This site is optimized with the Yoast SEO plugin v27.5 - https:\/\/yoast.com\/product\/yoast-seo-wordpress\/ -->\n<title>Le Blanc-Mesnil,Thierry Meignen, maire du Blanc-Mesnil d\u00e9clare la guerre aux marchands de sommeil \u2013 Reportage M6 - INFODICTAT<\/title>\n<meta name=\"robots\" content=\"index, follow, max-snippet:-1, max-image-preview:large, max-video-preview:-1\" \/>\n<link rel=\"canonical\" href=\"https:\/\/www.infodictat.fr\/blog\/le-blanc-mesnilthierry-meignen-maire-du-blanc-mesnil-declare-la-guerre-aux-marchands-de-sommeil-reportage-m6\/\" \/>\n<meta property=\"og:locale\" content=\"fr_FR\" \/>\n<meta property=\"og:type\" content=\"article\" \/>\n<meta property=\"og:title\" content=\"Le Blanc-Mesnil,Thierry Meignen, maire du Blanc-Mesnil d\u00e9clare la guerre aux marchands de sommeil \u2013 Reportage M6 - INFODICTAT\" \/>\n<meta property=\"og:description\" content=\"Retrouvez ce long-m\u00e9trage sur \u00abLe Blanc-Mesnil\u00bb en streaming sur Youtube. Une analyse approfondie de \u00ab\u00a0Le Blanc-Mesnil\u00a0\u00bb par Thierry Meignen. Thierry Meignen a partag\u00e9 cette vid\u00e9o sur Youtube. traitant de \u00ab\u00a0Le Blanc-Mesnil\u00a0\u00bb: L\u2019auteur a fourni une vid\u00e9o de 00:01:27 secondes avec le titre Thierry Meignen, maire du Blanc-Mesnil d\u00e9clare la guerre aux marchands de sommeil \u2013 ... Lire la suite\" \/>\n<meta property=\"og:url\" content=\"https:\/\/www.infodictat.fr\/blog\/le-blanc-mesnilthierry-meignen-maire-du-blanc-mesnil-declare-la-guerre-aux-marchands-de-sommeil-reportage-m6\/\" \/>\n<meta property=\"og:site_name\" content=\"INFODICTAT\" \/>\n<meta property=\"article:published_time\" content=\"2026-04-26T13:00:32+00:00\" \/>\n<meta property=\"og:image\" content=\"https:\/\/www.infodictat.fr\/blog\/wp-content\/uploads\/2026\/04\/Le-Blanc-Mesnil-Thierry-Meignen-maire-du-Blanc-Mesnil-declare-la-guerre-1024x576-1.jpg\" \/>\n<meta name=\"author\" content=\"Oscar BETHMONT\" \/>\n<meta name=\"twitter:card\" content=\"summary_large_image\" \/>\n<meta name=\"twitter:label1\" content=\"\u00c9crit par\" \/>\n\t<meta name=\"twitter:data1\" content=\"Oscar BETHMONT\" \/>\n\t<meta name=\"twitter:label2\" content=\"Dur\u00e9e de lecture estim\u00e9e\" \/>\n\t<meta name=\"twitter:data2\" content=\"7 minutes\" \/>\n<script type=\"application\/ld+json\" class=\"yoast-schema-graph\">{\"@context\":\"https:\\\/\\\/schema.org\",\"@graph\":[{\"@type\":\"Article\",\"@id\":\"https:\\\/\\\/www.infodictat.fr\\\/blog\\\/le-blanc-mesnilthierry-meignen-maire-du-blanc-mesnil-declare-la-guerre-aux-marchands-de-sommeil-reportage-m6\\\/#article\",\"isPartOf\":{\"@id\":\"https:\\\/\\\/www.infodictat.fr\\\/blog\\\/le-blanc-mesnilthierry-meignen-maire-du-blanc-mesnil-declare-la-guerre-aux-marchands-de-sommeil-reportage-m6\\\/\"},\"author\":{\"name\":\"Oscar BETHMONT\",\"@id\":\"https:\\\/\\\/www.infodictat.fr\\\/blog\\\/#\\\/schema\\\/person\\\/6c2c8af0941702348e8eca9144cc1267\"},\"headline\":\"Le Blanc-Mesnil,Thierry Meignen, maire du Blanc-Mesnil d\u00e9clare la guerre aux marchands de sommeil \u2013 Reportage M6\",\"datePublished\":\"2026-04-26T13:00:32+00:00\",\"mainEntityOfPage\":{\"@id\":\"https:\\\/\\\/www.infodictat.fr\\\/blog\\\/le-blanc-mesnilthierry-meignen-maire-du-blanc-mesnil-declare-la-guerre-aux-marchands-de-sommeil-reportage-m6\\\/\"},\"wordCount\":1345,\"publisher\":{\"@id\":\"https:\\\/\\\/www.infodictat.fr\\\/blog\\\/#organization\"},\"image\":{\"@id\":\"https:\\\/\\\/www.infodictat.fr\\\/blog\\\/le-blanc-mesnilthierry-meignen-maire-du-blanc-mesnil-declare-la-guerre-aux-marchands-de-sommeil-reportage-m6\\\/#primaryimage\"},\"thumbnailUrl\":\"https:\\\/\\\/www.infodictat.fr\\\/blog\\\/wp-content\\\/uploads\\\/2026\\\/04\\\/Le-Blanc-Mesnil-Thierry-Meignen-maire-du-Blanc-Mesnil-declare-la-guerre-1024x576-1.jpg\",\"articleSection\":[\"La Dictature Num\u00e9rique:\"],\"inLanguage\":\"fr-FR\"},{\"@type\":\"WebPage\",\"@id\":\"https:\\\/\\\/www.infodictat.fr\\\/blog\\\/le-blanc-mesnilthierry-meignen-maire-du-blanc-mesnil-declare-la-guerre-aux-marchands-de-sommeil-reportage-m6\\\/\",\"url\":\"https:\\\/\\\/www.infodictat.fr\\\/blog\\\/le-blanc-mesnilthierry-meignen-maire-du-blanc-mesnil-declare-la-guerre-aux-marchands-de-sommeil-reportage-m6\\\/\",\"name\":\"Le Blanc-Mesnil,Thierry Meignen, maire du Blanc-Mesnil d\u00e9clare la guerre aux marchands de sommeil \u2013 Reportage M6 - INFODICTAT\",\"isPartOf\":{\"@id\":\"https:\\\/\\\/www.infodictat.fr\\\/blog\\\/#website\"},\"primaryImageOfPage\":{\"@id\":\"https:\\\/\\\/www.infodictat.fr\\\/blog\\\/le-blanc-mesnilthierry-meignen-maire-du-blanc-mesnil-declare-la-guerre-aux-marchands-de-sommeil-reportage-m6\\\/#primaryimage\"},\"image\":{\"@id\":\"https:\\\/\\\/www.infodictat.fr\\\/blog\\\/le-blanc-mesnilthierry-meignen-maire-du-blanc-mesnil-declare-la-guerre-aux-marchands-de-sommeil-reportage-m6\\\/#primaryimage\"},\"thumbnailUrl\":\"https:\\\/\\\/www.infodictat.fr\\\/blog\\\/wp-content\\\/uploads\\\/2026\\\/04\\\/Le-Blanc-Mesnil-Thierry-Meignen-maire-du-Blanc-Mesnil-declare-la-guerre-1024x576-1.jpg\",\"datePublished\":\"2026-04-26T13:00:32+00:00\",\"breadcrumb\":{\"@id\":\"https:\\\/\\\/www.infodictat.fr\\\/blog\\\/le-blanc-mesnilthierry-meignen-maire-du-blanc-mesnil-declare-la-guerre-aux-marchands-de-sommeil-reportage-m6\\\/#breadcrumb\"},\"inLanguage\":\"fr-FR\",\"potentialAction\":[{\"@type\":\"ReadAction\",\"target\":[\"https:\\\/\\\/www.infodictat.fr\\\/blog\\\/le-blanc-mesnilthierry-meignen-maire-du-blanc-mesnil-declare-la-guerre-aux-marchands-de-sommeil-reportage-m6\\\/\"]}]},{\"@type\":\"ImageObject\",\"inLanguage\":\"fr-FR\",\"@id\":\"https:\\\/\\\/www.infodictat.fr\\\/blog\\\/le-blanc-mesnilthierry-meignen-maire-du-blanc-mesnil-declare-la-guerre-aux-marchands-de-sommeil-reportage-m6\\\/#primaryimage\",\"url\":\"https:\\\/\\\/www.infodictat.fr\\\/blog\\\/wp-content\\\/uploads\\\/2026\\\/04\\\/Le-Blanc-Mesnil-Thierry-Meignen-maire-du-Blanc-Mesnil-declare-la-guerre-1024x576-1.jpg\",\"contentUrl\":\"https:\\\/\\\/www.infodictat.fr\\\/blog\\\/wp-content\\\/uploads\\\/2026\\\/04\\\/Le-Blanc-Mesnil-Thierry-Meignen-maire-du-Blanc-Mesnil-declare-la-guerre-1024x576-1.jpg\",\"width\":1024,\"height\":576},{\"@type\":\"BreadcrumbList\",\"@id\":\"https:\\\/\\\/www.infodictat.fr\\\/blog\\\/le-blanc-mesnilthierry-meignen-maire-du-blanc-mesnil-declare-la-guerre-aux-marchands-de-sommeil-reportage-m6\\\/#breadcrumb\",\"itemListElement\":[{\"@type\":\"ListItem\",\"position\":1,\"name\":\"Accueil\",\"item\":\"https:\\\/\\\/www.infodictat.fr\\\/blog\\\/\"},{\"@type\":\"ListItem\",\"position\":2,\"name\":\"Le Blanc-Mesnil,Thierry Meignen, maire du Blanc-Mesnil d\u00e9clare la guerre aux marchands de sommeil \u2013 Reportage M6\"}]},{\"@type\":\"WebSite\",\"@id\":\"https:\\\/\\\/www.infodictat.fr\\\/blog\\\/#website\",\"url\":\"https:\\\/\\\/www.infodictat.fr\\\/blog\\\/\",\"name\":\"INFODICTAT\",\"description\":\"La dictature num\u00e9rique.\",\"publisher\":{\"@id\":\"https:\\\/\\\/www.infodictat.fr\\\/blog\\\/#organization\"},\"potentialAction\":[{\"@type\":\"SearchAction\",\"target\":{\"@type\":\"EntryPoint\",\"urlTemplate\":\"https:\\\/\\\/www.infodictat.fr\\\/blog\\\/?s={search_term_string}\"},\"query-input\":{\"@type\":\"PropertyValueSpecification\",\"valueRequired\":true,\"valueName\":\"search_term_string\"}}],\"inLanguage\":\"fr-FR\"},{\"@type\":\"Organization\",\"@id\":\"https:\\\/\\\/www.infodictat.fr\\\/blog\\\/#organization\",\"name\":\"infodictat\",\"url\":\"https:\\\/\\\/www.infodictat.fr\\\/blog\\\/\",\"logo\":{\"@type\":\"ImageObject\",\"inLanguage\":\"fr-FR\",\"@id\":\"https:\\\/\\\/www.infodictat.fr\\\/blog\\\/#\\\/schema\\\/logo\\\/image\\\/\",\"url\":\"https:\\\/\\\/www.infodictat.fr\\\/blog\\\/wp-content\\\/uploads\\\/2023\\\/05\\\/logo-2.png\",\"contentUrl\":\"https:\\\/\\\/www.infodictat.fr\\\/blog\\\/wp-content\\\/uploads\\\/2023\\\/05\\\/logo-2.png\",\"width\":480,\"height\":596,\"caption\":\"infodictat\"},\"image\":{\"@id\":\"https:\\\/\\\/www.infodictat.fr\\\/blog\\\/#\\\/schema\\\/logo\\\/image\\\/\"}},{\"@type\":\"Person\",\"@id\":\"https:\\\/\\\/www.infodictat.fr\\\/blog\\\/#\\\/schema\\\/person\\\/6c2c8af0941702348e8eca9144cc1267\",\"name\":\"Oscar BETHMONT\",\"image\":{\"@type\":\"ImageObject\",\"inLanguage\":\"fr-FR\",\"@id\":\"https:\\\/\\\/secure.gravatar.com\\\/avatar\\\/f80ff32d67d40b919e8be190b7325be3c6cb33ce305ac1d45cadad29128e831e?s=96&d=mm&r=g\",\"url\":\"https:\\\/\\\/secure.gravatar.com\\\/avatar\\\/f80ff32d67d40b919e8be190b7325be3c6cb33ce305ac1d45cadad29128e831e?s=96&d=mm&r=g\",\"contentUrl\":\"https:\\\/\\\/secure.gravatar.com\\\/avatar\\\/f80ff32d67d40b919e8be190b7325be3c6cb33ce305ac1d45cadad29128e831e?s=96&d=mm&r=g\",\"caption\":\"Oscar BETHMONT\"},\"url\":\"https:\\\/\\\/www.infodictat.fr\\\/blog\\\/author\\\/tatoscar\\\/\"}]}<\/script>\n<!-- \/ Yoast SEO plugin. -->","yoast_head_json":{"title":"Le Blanc-Mesnil,Thierry Meignen, maire du Blanc-Mesnil d\u00e9clare la guerre aux marchands de sommeil \u2013 Reportage M6 - INFODICTAT","robots":{"index":"index","follow":"follow","max-snippet":"max-snippet:-1","max-image-preview":"max-image-preview:large","max-video-preview":"max-video-preview:-1"},"canonical":"https:\/\/www.infodictat.fr\/blog\/le-blanc-mesnilthierry-meignen-maire-du-blanc-mesnil-declare-la-guerre-aux-marchands-de-sommeil-reportage-m6\/","og_locale":"fr_FR","og_type":"article","og_title":"Le Blanc-Mesnil,Thierry Meignen, maire du Blanc-Mesnil d\u00e9clare la guerre aux marchands de sommeil \u2013 Reportage M6 - INFODICTAT","og_description":"Retrouvez ce long-m\u00e9trage sur \u00abLe Blanc-Mesnil\u00bb en streaming sur Youtube. Une analyse approfondie de \u00ab\u00a0Le Blanc-Mesnil\u00a0\u00bb par Thierry Meignen. Thierry Meignen a partag\u00e9 cette vid\u00e9o sur Youtube. traitant de \u00ab\u00a0Le Blanc-Mesnil\u00a0\u00bb: L\u2019auteur a fourni une vid\u00e9o de 00:01:27 secondes avec le titre Thierry Meignen, maire du Blanc-Mesnil d\u00e9clare la guerre aux marchands de sommeil \u2013 ... Lire la suite","og_url":"https:\/\/www.infodictat.fr\/blog\/le-blanc-mesnilthierry-meignen-maire-du-blanc-mesnil-declare-la-guerre-aux-marchands-de-sommeil-reportage-m6\/","og_site_name":"INFODICTAT","article_published_time":"2026-04-26T13:00:32+00:00","og_image":[{"url":"https:\/\/www.infodictat.fr\/blog\/wp-content\/uploads\/2026\/04\/Le-Blanc-Mesnil-Thierry-Meignen-maire-du-Blanc-Mesnil-declare-la-guerre-1024x576-1.jpg","type":"","width":"","height":""}],"author":"Oscar BETHMONT","twitter_card":"summary_large_image","twitter_misc":{"\u00c9crit par":"Oscar BETHMONT","Dur\u00e9e de lecture estim\u00e9e":"7 minutes"},"schema":{"@context":"https:\/\/schema.org","@graph":[{"@type":"Article","@id":"https:\/\/www.infodictat.fr\/blog\/le-blanc-mesnilthierry-meignen-maire-du-blanc-mesnil-declare-la-guerre-aux-marchands-de-sommeil-reportage-m6\/#article","isPartOf":{"@id":"https:\/\/www.infodictat.fr\/blog\/le-blanc-mesnilthierry-meignen-maire-du-blanc-mesnil-declare-la-guerre-aux-marchands-de-sommeil-reportage-m6\/"},"author":{"name":"Oscar BETHMONT","@id":"https:\/\/www.infodictat.fr\/blog\/#\/schema\/person\/6c2c8af0941702348e8eca9144cc1267"},"headline":"Le Blanc-Mesnil,Thierry Meignen, maire du Blanc-Mesnil d\u00e9clare la guerre aux marchands de sommeil \u2013 Reportage M6","datePublished":"2026-04-26T13:00:32+00:00","mainEntityOfPage":{"@id":"https:\/\/www.infodictat.fr\/blog\/le-blanc-mesnilthierry-meignen-maire-du-blanc-mesnil-declare-la-guerre-aux-marchands-de-sommeil-reportage-m6\/"},"wordCount":1345,"publisher":{"@id":"https:\/\/www.infodictat.fr\/blog\/#organization"},"image":{"@id":"https:\/\/www.infodictat.fr\/blog\/le-blanc-mesnilthierry-meignen-maire-du-blanc-mesnil-declare-la-guerre-aux-marchands-de-sommeil-reportage-m6\/#primaryimage"},"thumbnailUrl":"https:\/\/www.infodictat.fr\/blog\/wp-content\/uploads\/2026\/04\/Le-Blanc-Mesnil-Thierry-Meignen-maire-du-Blanc-Mesnil-declare-la-guerre-1024x576-1.jpg","articleSection":["La Dictature Num\u00e9rique:"],"inLanguage":"fr-FR"},{"@type":"WebPage","@id":"https:\/\/www.infodictat.fr\/blog\/le-blanc-mesnilthierry-meignen-maire-du-blanc-mesnil-declare-la-guerre-aux-marchands-de-sommeil-reportage-m6\/","url":"https:\/\/www.infodictat.fr\/blog\/le-blanc-mesnilthierry-meignen-maire-du-blanc-mesnil-declare-la-guerre-aux-marchands-de-sommeil-reportage-m6\/","name":"Le Blanc-Mesnil,Thierry Meignen, maire du Blanc-Mesnil d\u00e9clare la guerre aux marchands de sommeil \u2013 Reportage M6 - INFODICTAT","isPartOf":{"@id":"https:\/\/www.infodictat.fr\/blog\/#website"},"primaryImageOfPage":{"@id":"https:\/\/www.infodictat.fr\/blog\/le-blanc-mesnilthierry-meignen-maire-du-blanc-mesnil-declare-la-guerre-aux-marchands-de-sommeil-reportage-m6\/#primaryimage"},"image":{"@id":"https:\/\/www.infodictat.fr\/blog\/le-blanc-mesnilthierry-meignen-maire-du-blanc-mesnil-declare-la-guerre-aux-marchands-de-sommeil-reportage-m6\/#primaryimage"},"thumbnailUrl":"https:\/\/www.infodictat.fr\/blog\/wp-content\/uploads\/2026\/04\/Le-Blanc-Mesnil-Thierry-Meignen-maire-du-Blanc-Mesnil-declare-la-guerre-1024x576-1.jpg","datePublished":"2026-04-26T13:00:32+00:00","breadcrumb":{"@id":"https:\/\/www.infodictat.fr\/blog\/le-blanc-mesnilthierry-meignen-maire-du-blanc-mesnil-declare-la-guerre-aux-marchands-de-sommeil-reportage-m6\/#breadcrumb"},"inLanguage":"fr-FR","potentialAction":[{"@type":"ReadAction","target":["https:\/\/www.infodictat.fr\/blog\/le-blanc-mesnilthierry-meignen-maire-du-blanc-mesnil-declare-la-guerre-aux-marchands-de-sommeil-reportage-m6\/"]}]},{"@type":"ImageObject","inLanguage":"fr-FR","@id":"https:\/\/www.infodictat.fr\/blog\/le-blanc-mesnilthierry-meignen-maire-du-blanc-mesnil-declare-la-guerre-aux-marchands-de-sommeil-reportage-m6\/#primaryimage","url":"https:\/\/www.infodictat.fr\/blog\/wp-content\/uploads\/2026\/04\/Le-Blanc-Mesnil-Thierry-Meignen-maire-du-Blanc-Mesnil-declare-la-guerre-1024x576-1.jpg","contentUrl":"https:\/\/www.infodictat.fr\/blog\/wp-content\/uploads\/2026\/04\/Le-Blanc-Mesnil-Thierry-Meignen-maire-du-Blanc-Mesnil-declare-la-guerre-1024x576-1.jpg","width":1024,"height":576},{"@type":"BreadcrumbList","@id":"https:\/\/www.infodictat.fr\/blog\/le-blanc-mesnilthierry-meignen-maire-du-blanc-mesnil-declare-la-guerre-aux-marchands-de-sommeil-reportage-m6\/#breadcrumb","itemListElement":[{"@type":"ListItem","position":1,"name":"Accueil","item":"https:\/\/www.infodictat.fr\/blog\/"},{"@type":"ListItem","position":2,"name":"Le Blanc-Mesnil,Thierry Meignen, maire du Blanc-Mesnil d\u00e9clare la guerre aux marchands de sommeil \u2013 Reportage M6"}]},{"@type":"WebSite","@id":"https:\/\/www.infodictat.fr\/blog\/#website","url":"https:\/\/www.infodictat.fr\/blog\/","name":"INFODICTAT","description":"La dictature num\u00e9rique.","publisher":{"@id":"https:\/\/www.infodictat.fr\/blog\/#organization"},"potentialAction":[{"@type":"SearchAction","target":{"@type":"EntryPoint","urlTemplate":"https:\/\/www.infodictat.fr\/blog\/?s={search_term_string}"},"query-input":{"@type":"PropertyValueSpecification","valueRequired":true,"valueName":"search_term_string"}}],"inLanguage":"fr-FR"},{"@type":"Organization","@id":"https:\/\/www.infodictat.fr\/blog\/#organization","name":"infodictat","url":"https:\/\/www.infodictat.fr\/blog\/","logo":{"@type":"ImageObject","inLanguage":"fr-FR","@id":"https:\/\/www.infodictat.fr\/blog\/#\/schema\/logo\/image\/","url":"https:\/\/www.infodictat.fr\/blog\/wp-content\/uploads\/2023\/05\/logo-2.png","contentUrl":"https:\/\/www.infodictat.fr\/blog\/wp-content\/uploads\/2023\/05\/logo-2.png","width":480,"height":596,"caption":"infodictat"},"image":{"@id":"https:\/\/www.infodictat.fr\/blog\/#\/schema\/logo\/image\/"}},{"@type":"Person","@id":"https:\/\/www.infodictat.fr\/blog\/#\/schema\/person\/6c2c8af0941702348e8eca9144cc1267","name":"Oscar BETHMONT","image":{"@type":"ImageObject","inLanguage":"fr-FR","@id":"https:\/\/secure.gravatar.com\/avatar\/f80ff32d67d40b919e8be190b7325be3c6cb33ce305ac1d45cadad29128e831e?s=96&d=mm&r=g","url":"https:\/\/secure.gravatar.com\/avatar\/f80ff32d67d40b919e8be190b7325be3c6cb33ce305ac1d45cadad29128e831e?s=96&d=mm&r=g","contentUrl":"https:\/\/secure.gravatar.com\/avatar\/f80ff32d67d40b919e8be190b7325be3c6cb33ce305ac1d45cadad29128e831e?s=96&d=mm&r=g","caption":"Oscar BETHMONT"},"url":"https:\/\/www.infodictat.fr\/blog\/author\/tatoscar\/"}]}},"_links":{"self":[{"href":"https:\/\/www.infodictat.fr\/blog\/wp-json\/wp\/v2\/posts\/1484","targetHints":{"allow":["GET"]}}],"collection":[{"href":"https:\/\/www.infodictat.fr\/blog\/wp-json\/wp\/v2\/posts"}],"about":[{"href":"https:\/\/www.infodictat.fr\/blog\/wp-json\/wp\/v2\/types\/post"}],"author":[{"embeddable":true,"href":"https:\/\/www.infodictat.fr\/blog\/wp-json\/wp\/v2\/users\/2"}],"replies":[{"embeddable":true,"href":"https:\/\/www.infodictat.fr\/blog\/wp-json\/wp\/v2\/comments?post=1484"}],"version-history":[{"count":0,"href":"https:\/\/www.infodictat.fr\/blog\/wp-json\/wp\/v2\/posts\/1484\/revisions"}],"wp:featuredmedia":[{"embeddable":true,"href":"https:\/\/www.infodictat.fr\/blog\/wp-json\/wp\/v2\/media\/1485"}],"wp:attachment":[{"href":"https:\/\/www.infodictat.fr\/blog\/wp-json\/wp\/v2\/media?parent=1484"}],"wp:term":[{"taxonomy":"category","embeddable":true,"href":"https:\/\/www.infodictat.fr\/blog\/wp-json\/wp\/v2\/categories?post=1484"},{"taxonomy":"post_tag","embeddable":true,"href":"https:\/\/www.infodictat.fr\/blog\/wp-json\/wp\/v2\/tags?post=1484"}],"curies":[{"name":"wp","href":"https:\/\/api.w.org\/{rel}","templated":true}]}}