{"id":1480,"date":"2026-04-20T12:16:29","date_gmt":"2026-04-20T10:16:29","guid":{"rendered":"https:\/\/www.infodictat.fr\/blog\/actualites-francaises-acces-restreint-le-monde-france\/"},"modified":"2026-04-20T12:16:29","modified_gmt":"2026-04-20T10:16:29","slug":"actualites-francaises-acces-restreint-le-monde-france","status":"publish","type":"post","link":"https:\/\/www.infodictat.fr\/blog\/actualites-francaises-acces-restreint-le-monde-france\/","title":{"rendered":"Actualit\u00e9s fran\u00e7aises: Acc\u00e8s restreint \u2013 Le Monde #France"},"content":{"rendered":"<div><img width=\"256\" height=\"256\" src=\"https:\/\/www.infodictat.fr\/blog\/wp-content\/uploads\/2026\/04\/Acces-restreint-Le-Monde.png\" class=\"attachment-large size-large wp-post-image\" alt=\"\" style=\"width:100%;height:100%;max-width:256px;float:left; margin:0 15px 15px 0;\" decoding=\"async\" srcset=\"https:\/\/www.infodictat.fr\/blog\/wp-content\/uploads\/2026\/04\/Acces-restreint-Le-Monde.png 256w, https:\/\/www.site.cdcl.xyz\/wp-content\/uploads\/2026\/03\/Acces-restreint-Le-Monde-150x150.png 150w\" sizes=\"(max-width: 256px) 100vw, 256px\"><\/p>\n<h1>Acc\u00e8s restreint \u2013 Le Monde diffus\u00e9 par Les D\u00e9codeurs : Toute l\u2019actualit\u00e9 sur Le Monde.fr. le <span id=\"datecrea\"><\/span> <\/h1>\n<p>Nous venons de d\u00e9couvrir ce papier sur le th\u00e8me \u00ab\u00a0Actualit\u00e9 fran\u00e7aise\u00a0\u00bb. Avec plaisir nous vous en apportons le plus substantiel plus bas.<\/p>\n<h2>\nDiffus\u00e9 sur Les D\u00e9codeurs : Toute l\u2019actualit\u00e9 sur Le Monde.fr., l\u2019article ci-dessous<\/h2>\n<p><u>Signature  . <\/u><\/p>\n<p><u>Date et heure de la r\u00e9ception de la d\u00e9p\u00e9che sur notre fil d\u2019info:<\/u><strong><span id=\"date\"><\/span><\/strong><\/p>\n<p><u>Date et heure de publication sur internet:<\/u> <strong><span id=\"datecrea\"><\/span><\/strong><\/p>\n<p><u>Titre exacte donn\u00e9 par le journal \u00e9tait:<\/u> <strong>Acc\u00e8s restreint \u2013 Le Monde<\/strong><\/p>\n<p><u>Information et contenu publi\u00e9s :<\/u><\/p>\n<div id=\"\">\n        <img class=\"logo\" src=\"https:\/\/www.infodictat.fr\/blog\/wp-content\/uploads\/2026\/04\/Avocat-Acces-restreint-Le-Monde.png\" alt=\"Le Monde\" loading=\"eager\" decoding=\"async\"><\/p>\n<p>\n            Si vous \u00eates partenaire autoris\u00e9, abonn\u00e9 au Monde,<br \/>\n            ou si vous souhaitez obtenir une autorisation d\u2019acc\u00e8s \u00e0 ce contenu,<br \/>\n            merci de contacter : <span class=\"email\">licensing[@]groupelemonde.fr<\/span><br \/>\n            en joignant une copie de cette page d\u2019erreur, incluant votre adresse IP<br \/>\n            et votre identifiant de requ\u00eate (RID).\n        <\/p>\n<p>English version<\/p>\n<p>Your traffic has been identified as automated (bot activity).<\/p>\n<p>\n            If you are an authorized partner, a Le Monde subscriber,<br \/>\n            or if you would like to request permission to access this content,<br \/>\n            please contact: <span class=\"email\">licensing[@]groupelemonde.fr<\/span><br \/>\n            and include a copy of this error page showing your IP address and request ID (RID).\n        <\/p>\n<p class=\"ip\">IP: 109.234.162.211<br \/>RID: b3cdfac29b4f4cf484f0000000000001<\/p>\n<\/div>\n<p>#Acc\u00e8s #restreint #Monde<\/p>\n<p>Reprise de l\u2019information dans un style journalistique professionnel descriptif en organisant les id\u00e9es dans un ordre coh\u00e9rent avec titres html <\/p>\n<p>Vous aimerez aussi:<\/p>\n<p>Grands zh\u00e9ros de l\u2019histoire de France ils firent parler d\u2019eux, non pour le meilleur mais pour le pire !.,<a href=\"https:\/\/booknode.com\/grands_zheros_de_lhistoire_de_france_ils_firent_parler_deux_non_pour_le_meilleur_mais_pour_le_pire_063718\" target=\"_blank\" rel=\"noopener noreferrer nofollow\">Redirection vers la fiche de pr\u00e9sentation<\/a><span><\/span>. A emprunter en biblioth\u00e8que.<\/p>\n<p>La France moderne, 1498-1789.,<a href=\"https:\/\/www.kobo.com\/fr\/fr\/ebook\/la-france-moderne-1498-1789\" target=\"_blank\" rel=\"noopener noreferrer nofollow\">Informations sur cet ouvrage<\/a><span><\/span>.<\/p>\n<p>Sociologie des institutions\/Les institutions administratives\/L\u2019ENA.,<a href=\"https:\/\/fr.wikibooks.org\/wiki\/Sociologie_des_institutions\/Les_institutions_administratives\/L%27ENA\" target=\"_blank\" rel=\"noopener noreferrer nofollow\">Fiche de l\u2019\u00e9diteur<\/a><span><\/span>.<\/p>\n<p><script>\nvar date = \"Non r\u00e9cup\u00e9r\u00e9es\";\n        \/\/ Valeur de timestamp\n        var timestampString = 1776679923; \/\/ Assurez-vous que le timestamp est une cha\u00eene de texte\n        \/\/ Convertir la cha\u00eene de texte en nombre entier (timestamp)\n        var timestamp = parseInt(timestampString);\n        \/\/ Cr\u00e9er un objet Date \u00e0 partir du timestamp\n        var dateObject = new Date(timestamp * 1000); \/\/ Le timestamp est en secondes, donc on le multiplie par 1000 pour obtenir les millisecondes\n        \/\/ Format de date personnalis\u00e9\n        var options = { weekday: 'long', year: 'numeric', month: 'long', day: 'numeric', hour: 'numeric', minute: 'numeric', second: 'numeric', timeZone: 'Europe\/Paris' };\n        var formattedDate = dateObject.toLocaleDateString('fr-FR', options);\n formattedDate = formattedDate.replace(\/^.\/, formattedDate[0].toUpperCase());\n        \/\/ Afficher la date dans le HTML\n        document.getElementById('date').textContent = formattedDate;\n    <\/script><\/p>\n<p><script>\nvar datecrea = \"Non r\u00e9cup\u00e9r\u00e9e\";\n        \/\/ Date et heure au format \"2008-06-15 18:02:58\"\n        var dateString = \"2026-04-19 19:30:00\";\n        \/\/ Convertir la cha\u00eene de texte en objet Date\n        var now = new Date(dateString);\n        \/\/ Format de date personnalis\u00e9\n        var options = { weekday: 'long', year: 'numeric', month: 'long', day: 'numeric', hour: 'numeric', minute: 'numeric', second: 'numeric', timeZone: 'Europe\/Paris' };\n        var formattedDate = now.toLocaleDateString('fr-FR', options);\n formattedDate = formattedDate.replace(\/^.\/, formattedDate[0].toUpperCase());\n        \/\/ Afficher la date dans le HTML\n        document.getElementById('datecrea').textContent = formattedDate;\n    <\/script><\/p>\n<\/div>\n<p><img decoding=\"async\" class=\"wpe_imgrss\" src=\"https:\/\/www.infodictat.fr\/blog\/wp-content\/uploads\/2026\/04\/Acces-restreint-Le-Monde.png\">Vous pouvez lire ce post traitant le sujet \u00ab\u00a0La dictature num\u00e9rique\u00a0\u00bb. Il est produit par la r\u00e9daction de infodictat.fr. Le site infodictat.fr a pour objectif de publier plusieurs articles autour du sujet La dictature num\u00e9rique d\u00e9velopp\u00e9es sur le web. Cette chronique se veut g\u00e9n\u00e9r\u00e9e de la fa\u00e7on la plus juste qui soit. Pour \u00e9mettre des remarques sur ce dossier autour du sujet \u00ab\u00a0La dictature num\u00e9rique\u00a0\u00bb prenez les contacts indiqu\u00e9s sur notre site internet. En consultant r\u00e9guli\u00e8rement nos contenus de blog vous serez au courant des futures parutions.<\/p>\n","protected":false},"excerpt":{"rendered":"<p>Acc\u00e8s restreint \u2013 Le Monde diffus\u00e9 par Les D\u00e9codeurs : Toute l\u2019actualit\u00e9 sur Le Monde.fr. le Nous venons de d\u00e9couvrir ce papier sur le th\u00e8me \u00ab\u00a0Actualit\u00e9 fran\u00e7aise\u00a0\u00bb. Avec plaisir nous vous en apportons le plus substantiel plus bas. Diffus\u00e9 sur Les D\u00e9codeurs : Toute l\u2019actualit\u00e9 sur Le Monde.fr., l\u2019article ci-dessous Signature . Date et heure &#8230; <a title=\"Actualit\u00e9s fran\u00e7aises: Acc\u00e8s restreint \u2013 Le Monde #France\" class=\"read-more\" href=\"https:\/\/www.infodictat.fr\/blog\/actualites-francaises-acces-restreint-le-monde-france\/\" aria-label=\"En savoir plus sur Actualit\u00e9s fran\u00e7aises: Acc\u00e8s restreint \u2013 Le Monde #France\">Lire la suite<\/a><\/p>\n","protected":false},"author":2,"featured_media":1481,"comment_status":"closed","ping_status":"closed","sticky":false,"template":"","format":"standard","meta":{"footnotes":""},"categories":[2],"tags":[],"class_list":["post-1480","post","type-post","status-publish","format-standard","has-post-thumbnail","hentry","category-la-dictature-numerique"],"yoast_head":"<!-- This site is optimized with the Yoast SEO plugin v27.5 - https:\/\/yoast.com\/product\/yoast-seo-wordpress\/ -->\n<title>Actualit\u00e9s fran\u00e7aises: Acc\u00e8s restreint \u2013 Le Monde #France - INFODICTAT<\/title>\n<meta name=\"robots\" content=\"index, follow, max-snippet:-1, max-image-preview:large, max-video-preview:-1\" \/>\n<link rel=\"canonical\" href=\"https:\/\/www.infodictat.fr\/blog\/actualites-francaises-acces-restreint-le-monde-france\/\" \/>\n<meta property=\"og:locale\" content=\"fr_FR\" \/>\n<meta property=\"og:type\" content=\"article\" \/>\n<meta property=\"og:title\" content=\"Actualit\u00e9s fran\u00e7aises: Acc\u00e8s restreint \u2013 Le Monde #France - INFODICTAT\" \/>\n<meta property=\"og:description\" content=\"Acc\u00e8s restreint \u2013 Le Monde diffus\u00e9 par Les D\u00e9codeurs : Toute l\u2019actualit\u00e9 sur Le Monde.fr. le Nous venons de d\u00e9couvrir ce papier sur le th\u00e8me \u00ab\u00a0Actualit\u00e9 fran\u00e7aise\u00a0\u00bb. Avec plaisir nous vous en apportons le plus substantiel plus bas. Diffus\u00e9 sur Les D\u00e9codeurs : Toute l\u2019actualit\u00e9 sur Le Monde.fr., l\u2019article ci-dessous Signature . Date et heure ... Lire la suite\" \/>\n<meta property=\"og:url\" content=\"https:\/\/www.infodictat.fr\/blog\/actualites-francaises-acces-restreint-le-monde-france\/\" \/>\n<meta property=\"og:site_name\" content=\"INFODICTAT\" \/>\n<meta property=\"article:published_time\" content=\"2026-04-20T10:16:29+00:00\" \/>\n<meta property=\"og:image\" content=\"https:\/\/www.infodictat.fr\/blog\/wp-content\/uploads\/2026\/04\/Acces-restreint-Le-Monde.png\" \/>\n<meta name=\"author\" content=\"Oscar BETHMONT\" \/>\n<meta name=\"twitter:card\" content=\"summary_large_image\" \/>\n<meta name=\"twitter:label1\" content=\"\u00c9crit par\" \/>\n\t<meta name=\"twitter:data1\" content=\"Oscar BETHMONT\" \/>\n\t<meta name=\"twitter:label2\" content=\"Dur\u00e9e de lecture estim\u00e9e\" \/>\n\t<meta name=\"twitter:data2\" content=\"2 minutes\" \/>\n<script type=\"application\/ld+json\" class=\"yoast-schema-graph\">{\"@context\":\"https:\\\/\\\/schema.org\",\"@graph\":[{\"@type\":\"Article\",\"@id\":\"https:\\\/\\\/www.infodictat.fr\\\/blog\\\/actualites-francaises-acces-restreint-le-monde-france\\\/#article\",\"isPartOf\":{\"@id\":\"https:\\\/\\\/www.infodictat.fr\\\/blog\\\/actualites-francaises-acces-restreint-le-monde-france\\\/\"},\"author\":{\"name\":\"Oscar BETHMONT\",\"@id\":\"https:\\\/\\\/www.infodictat.fr\\\/blog\\\/#\\\/schema\\\/person\\\/6c2c8af0941702348e8eca9144cc1267\"},\"headline\":\"Actualit\u00e9s fran\u00e7aises: Acc\u00e8s restreint \u2013 Le Monde #France\",\"datePublished\":\"2026-04-20T10:16:29+00:00\",\"mainEntityOfPage\":{\"@id\":\"https:\\\/\\\/www.infodictat.fr\\\/blog\\\/actualites-francaises-acces-restreint-le-monde-france\\\/\"},\"wordCount\":403,\"publisher\":{\"@id\":\"https:\\\/\\\/www.infodictat.fr\\\/blog\\\/#organization\"},\"image\":{\"@id\":\"https:\\\/\\\/www.infodictat.fr\\\/blog\\\/actualites-francaises-acces-restreint-le-monde-france\\\/#primaryimage\"},\"thumbnailUrl\":\"https:\\\/\\\/www.infodictat.fr\\\/blog\\\/wp-content\\\/uploads\\\/2026\\\/04\\\/Acces-restreint-Le-Monde.png\",\"articleSection\":[\"La Dictature Num\u00e9rique:\"],\"inLanguage\":\"fr-FR\"},{\"@type\":\"WebPage\",\"@id\":\"https:\\\/\\\/www.infodictat.fr\\\/blog\\\/actualites-francaises-acces-restreint-le-monde-france\\\/\",\"url\":\"https:\\\/\\\/www.infodictat.fr\\\/blog\\\/actualites-francaises-acces-restreint-le-monde-france\\\/\",\"name\":\"Actualit\u00e9s fran\u00e7aises: Acc\u00e8s restreint \u2013 Le Monde #France - INFODICTAT\",\"isPartOf\":{\"@id\":\"https:\\\/\\\/www.infodictat.fr\\\/blog\\\/#website\"},\"primaryImageOfPage\":{\"@id\":\"https:\\\/\\\/www.infodictat.fr\\\/blog\\\/actualites-francaises-acces-restreint-le-monde-france\\\/#primaryimage\"},\"image\":{\"@id\":\"https:\\\/\\\/www.infodictat.fr\\\/blog\\\/actualites-francaises-acces-restreint-le-monde-france\\\/#primaryimage\"},\"thumbnailUrl\":\"https:\\\/\\\/www.infodictat.fr\\\/blog\\\/wp-content\\\/uploads\\\/2026\\\/04\\\/Acces-restreint-Le-Monde.png\",\"datePublished\":\"2026-04-20T10:16:29+00:00\",\"breadcrumb\":{\"@id\":\"https:\\\/\\\/www.infodictat.fr\\\/blog\\\/actualites-francaises-acces-restreint-le-monde-france\\\/#breadcrumb\"},\"inLanguage\":\"fr-FR\",\"potentialAction\":[{\"@type\":\"ReadAction\",\"target\":[\"https:\\\/\\\/www.infodictat.fr\\\/blog\\\/actualites-francaises-acces-restreint-le-monde-france\\\/\"]}]},{\"@type\":\"ImageObject\",\"inLanguage\":\"fr-FR\",\"@id\":\"https:\\\/\\\/www.infodictat.fr\\\/blog\\\/actualites-francaises-acces-restreint-le-monde-france\\\/#primaryimage\",\"url\":\"https:\\\/\\\/www.infodictat.fr\\\/blog\\\/wp-content\\\/uploads\\\/2026\\\/04\\\/Acces-restreint-Le-Monde.png\",\"contentUrl\":\"https:\\\/\\\/www.infodictat.fr\\\/blog\\\/wp-content\\\/uploads\\\/2026\\\/04\\\/Acces-restreint-Le-Monde.png\",\"width\":256,\"height\":256},{\"@type\":\"BreadcrumbList\",\"@id\":\"https:\\\/\\\/www.infodictat.fr\\\/blog\\\/actualites-francaises-acces-restreint-le-monde-france\\\/#breadcrumb\",\"itemListElement\":[{\"@type\":\"ListItem\",\"position\":1,\"name\":\"Accueil\",\"item\":\"https:\\\/\\\/www.infodictat.fr\\\/blog\\\/\"},{\"@type\":\"ListItem\",\"position\":2,\"name\":\"Actualit\u00e9s fran\u00e7aises: Acc\u00e8s restreint \u2013 Le Monde #France\"}]},{\"@type\":\"WebSite\",\"@id\":\"https:\\\/\\\/www.infodictat.fr\\\/blog\\\/#website\",\"url\":\"https:\\\/\\\/www.infodictat.fr\\\/blog\\\/\",\"name\":\"INFODICTAT\",\"description\":\"La dictature num\u00e9rique.\",\"publisher\":{\"@id\":\"https:\\\/\\\/www.infodictat.fr\\\/blog\\\/#organization\"},\"potentialAction\":[{\"@type\":\"SearchAction\",\"target\":{\"@type\":\"EntryPoint\",\"urlTemplate\":\"https:\\\/\\\/www.infodictat.fr\\\/blog\\\/?s={search_term_string}\"},\"query-input\":{\"@type\":\"PropertyValueSpecification\",\"valueRequired\":true,\"valueName\":\"search_term_string\"}}],\"inLanguage\":\"fr-FR\"},{\"@type\":\"Organization\",\"@id\":\"https:\\\/\\\/www.infodictat.fr\\\/blog\\\/#organization\",\"name\":\"infodictat\",\"url\":\"https:\\\/\\\/www.infodictat.fr\\\/blog\\\/\",\"logo\":{\"@type\":\"ImageObject\",\"inLanguage\":\"fr-FR\",\"@id\":\"https:\\\/\\\/www.infodictat.fr\\\/blog\\\/#\\\/schema\\\/logo\\\/image\\\/\",\"url\":\"https:\\\/\\\/www.infodictat.fr\\\/blog\\\/wp-content\\\/uploads\\\/2023\\\/05\\\/logo-2.png\",\"contentUrl\":\"https:\\\/\\\/www.infodictat.fr\\\/blog\\\/wp-content\\\/uploads\\\/2023\\\/05\\\/logo-2.png\",\"width\":480,\"height\":596,\"caption\":\"infodictat\"},\"image\":{\"@id\":\"https:\\\/\\\/www.infodictat.fr\\\/blog\\\/#\\\/schema\\\/logo\\\/image\\\/\"}},{\"@type\":\"Person\",\"@id\":\"https:\\\/\\\/www.infodictat.fr\\\/blog\\\/#\\\/schema\\\/person\\\/6c2c8af0941702348e8eca9144cc1267\",\"name\":\"Oscar BETHMONT\",\"image\":{\"@type\":\"ImageObject\",\"inLanguage\":\"fr-FR\",\"@id\":\"https:\\\/\\\/secure.gravatar.com\\\/avatar\\\/f80ff32d67d40b919e8be190b7325be3c6cb33ce305ac1d45cadad29128e831e?s=96&d=mm&r=g\",\"url\":\"https:\\\/\\\/secure.gravatar.com\\\/avatar\\\/f80ff32d67d40b919e8be190b7325be3c6cb33ce305ac1d45cadad29128e831e?s=96&d=mm&r=g\",\"contentUrl\":\"https:\\\/\\\/secure.gravatar.com\\\/avatar\\\/f80ff32d67d40b919e8be190b7325be3c6cb33ce305ac1d45cadad29128e831e?s=96&d=mm&r=g\",\"caption\":\"Oscar BETHMONT\"},\"url\":\"https:\\\/\\\/www.infodictat.fr\\\/blog\\\/author\\\/tatoscar\\\/\"}]}<\/script>\n<!-- \/ Yoast SEO plugin. -->","yoast_head_json":{"title":"Actualit\u00e9s fran\u00e7aises: Acc\u00e8s restreint \u2013 Le Monde #France - INFODICTAT","robots":{"index":"index","follow":"follow","max-snippet":"max-snippet:-1","max-image-preview":"max-image-preview:large","max-video-preview":"max-video-preview:-1"},"canonical":"https:\/\/www.infodictat.fr\/blog\/actualites-francaises-acces-restreint-le-monde-france\/","og_locale":"fr_FR","og_type":"article","og_title":"Actualit\u00e9s fran\u00e7aises: Acc\u00e8s restreint \u2013 Le Monde #France - INFODICTAT","og_description":"Acc\u00e8s restreint \u2013 Le Monde diffus\u00e9 par Les D\u00e9codeurs : Toute l\u2019actualit\u00e9 sur Le Monde.fr. le Nous venons de d\u00e9couvrir ce papier sur le th\u00e8me \u00ab\u00a0Actualit\u00e9 fran\u00e7aise\u00a0\u00bb. Avec plaisir nous vous en apportons le plus substantiel plus bas. Diffus\u00e9 sur Les D\u00e9codeurs : Toute l\u2019actualit\u00e9 sur Le Monde.fr., l\u2019article ci-dessous Signature . Date et heure ... Lire la suite","og_url":"https:\/\/www.infodictat.fr\/blog\/actualites-francaises-acces-restreint-le-monde-france\/","og_site_name":"INFODICTAT","article_published_time":"2026-04-20T10:16:29+00:00","og_image":[{"url":"https:\/\/www.infodictat.fr\/blog\/wp-content\/uploads\/2026\/04\/Acces-restreint-Le-Monde.png","type":"","width":"","height":""}],"author":"Oscar BETHMONT","twitter_card":"summary_large_image","twitter_misc":{"\u00c9crit par":"Oscar BETHMONT","Dur\u00e9e de lecture estim\u00e9e":"2 minutes"},"schema":{"@context":"https:\/\/schema.org","@graph":[{"@type":"Article","@id":"https:\/\/www.infodictat.fr\/blog\/actualites-francaises-acces-restreint-le-monde-france\/#article","isPartOf":{"@id":"https:\/\/www.infodictat.fr\/blog\/actualites-francaises-acces-restreint-le-monde-france\/"},"author":{"name":"Oscar BETHMONT","@id":"https:\/\/www.infodictat.fr\/blog\/#\/schema\/person\/6c2c8af0941702348e8eca9144cc1267"},"headline":"Actualit\u00e9s fran\u00e7aises: Acc\u00e8s restreint \u2013 Le Monde #France","datePublished":"2026-04-20T10:16:29+00:00","mainEntityOfPage":{"@id":"https:\/\/www.infodictat.fr\/blog\/actualites-francaises-acces-restreint-le-monde-france\/"},"wordCount":403,"publisher":{"@id":"https:\/\/www.infodictat.fr\/blog\/#organization"},"image":{"@id":"https:\/\/www.infodictat.fr\/blog\/actualites-francaises-acces-restreint-le-monde-france\/#primaryimage"},"thumbnailUrl":"https:\/\/www.infodictat.fr\/blog\/wp-content\/uploads\/2026\/04\/Acces-restreint-Le-Monde.png","articleSection":["La Dictature Num\u00e9rique:"],"inLanguage":"fr-FR"},{"@type":"WebPage","@id":"https:\/\/www.infodictat.fr\/blog\/actualites-francaises-acces-restreint-le-monde-france\/","url":"https:\/\/www.infodictat.fr\/blog\/actualites-francaises-acces-restreint-le-monde-france\/","name":"Actualit\u00e9s fran\u00e7aises: Acc\u00e8s restreint \u2013 Le Monde #France - INFODICTAT","isPartOf":{"@id":"https:\/\/www.infodictat.fr\/blog\/#website"},"primaryImageOfPage":{"@id":"https:\/\/www.infodictat.fr\/blog\/actualites-francaises-acces-restreint-le-monde-france\/#primaryimage"},"image":{"@id":"https:\/\/www.infodictat.fr\/blog\/actualites-francaises-acces-restreint-le-monde-france\/#primaryimage"},"thumbnailUrl":"https:\/\/www.infodictat.fr\/blog\/wp-content\/uploads\/2026\/04\/Acces-restreint-Le-Monde.png","datePublished":"2026-04-20T10:16:29+00:00","breadcrumb":{"@id":"https:\/\/www.infodictat.fr\/blog\/actualites-francaises-acces-restreint-le-monde-france\/#breadcrumb"},"inLanguage":"fr-FR","potentialAction":[{"@type":"ReadAction","target":["https:\/\/www.infodictat.fr\/blog\/actualites-francaises-acces-restreint-le-monde-france\/"]}]},{"@type":"ImageObject","inLanguage":"fr-FR","@id":"https:\/\/www.infodictat.fr\/blog\/actualites-francaises-acces-restreint-le-monde-france\/#primaryimage","url":"https:\/\/www.infodictat.fr\/blog\/wp-content\/uploads\/2026\/04\/Acces-restreint-Le-Monde.png","contentUrl":"https:\/\/www.infodictat.fr\/blog\/wp-content\/uploads\/2026\/04\/Acces-restreint-Le-Monde.png","width":256,"height":256},{"@type":"BreadcrumbList","@id":"https:\/\/www.infodictat.fr\/blog\/actualites-francaises-acces-restreint-le-monde-france\/#breadcrumb","itemListElement":[{"@type":"ListItem","position":1,"name":"Accueil","item":"https:\/\/www.infodictat.fr\/blog\/"},{"@type":"ListItem","position":2,"name":"Actualit\u00e9s fran\u00e7aises: Acc\u00e8s restreint \u2013 Le Monde #France"}]},{"@type":"WebSite","@id":"https:\/\/www.infodictat.fr\/blog\/#website","url":"https:\/\/www.infodictat.fr\/blog\/","name":"INFODICTAT","description":"La dictature num\u00e9rique.","publisher":{"@id":"https:\/\/www.infodictat.fr\/blog\/#organization"},"potentialAction":[{"@type":"SearchAction","target":{"@type":"EntryPoint","urlTemplate":"https:\/\/www.infodictat.fr\/blog\/?s={search_term_string}"},"query-input":{"@type":"PropertyValueSpecification","valueRequired":true,"valueName":"search_term_string"}}],"inLanguage":"fr-FR"},{"@type":"Organization","@id":"https:\/\/www.infodictat.fr\/blog\/#organization","name":"infodictat","url":"https:\/\/www.infodictat.fr\/blog\/","logo":{"@type":"ImageObject","inLanguage":"fr-FR","@id":"https:\/\/www.infodictat.fr\/blog\/#\/schema\/logo\/image\/","url":"https:\/\/www.infodictat.fr\/blog\/wp-content\/uploads\/2023\/05\/logo-2.png","contentUrl":"https:\/\/www.infodictat.fr\/blog\/wp-content\/uploads\/2023\/05\/logo-2.png","width":480,"height":596,"caption":"infodictat"},"image":{"@id":"https:\/\/www.infodictat.fr\/blog\/#\/schema\/logo\/image\/"}},{"@type":"Person","@id":"https:\/\/www.infodictat.fr\/blog\/#\/schema\/person\/6c2c8af0941702348e8eca9144cc1267","name":"Oscar BETHMONT","image":{"@type":"ImageObject","inLanguage":"fr-FR","@id":"https:\/\/secure.gravatar.com\/avatar\/f80ff32d67d40b919e8be190b7325be3c6cb33ce305ac1d45cadad29128e831e?s=96&d=mm&r=g","url":"https:\/\/secure.gravatar.com\/avatar\/f80ff32d67d40b919e8be190b7325be3c6cb33ce305ac1d45cadad29128e831e?s=96&d=mm&r=g","contentUrl":"https:\/\/secure.gravatar.com\/avatar\/f80ff32d67d40b919e8be190b7325be3c6cb33ce305ac1d45cadad29128e831e?s=96&d=mm&r=g","caption":"Oscar BETHMONT"},"url":"https:\/\/www.infodictat.fr\/blog\/author\/tatoscar\/"}]}},"_links":{"self":[{"href":"https:\/\/www.infodictat.fr\/blog\/wp-json\/wp\/v2\/posts\/1480","targetHints":{"allow":["GET"]}}],"collection":[{"href":"https:\/\/www.infodictat.fr\/blog\/wp-json\/wp\/v2\/posts"}],"about":[{"href":"https:\/\/www.infodictat.fr\/blog\/wp-json\/wp\/v2\/types\/post"}],"author":[{"embeddable":true,"href":"https:\/\/www.infodictat.fr\/blog\/wp-json\/wp\/v2\/users\/2"}],"replies":[{"embeddable":true,"href":"https:\/\/www.infodictat.fr\/blog\/wp-json\/wp\/v2\/comments?post=1480"}],"version-history":[{"count":0,"href":"https:\/\/www.infodictat.fr\/blog\/wp-json\/wp\/v2\/posts\/1480\/revisions"}],"wp:featuredmedia":[{"embeddable":true,"href":"https:\/\/www.infodictat.fr\/blog\/wp-json\/wp\/v2\/media\/1481"}],"wp:attachment":[{"href":"https:\/\/www.infodictat.fr\/blog\/wp-json\/wp\/v2\/media?parent=1480"}],"wp:term":[{"taxonomy":"category","embeddable":true,"href":"https:\/\/www.infodictat.fr\/blog\/wp-json\/wp\/v2\/categories?post=1480"},{"taxonomy":"post_tag","embeddable":true,"href":"https:\/\/www.infodictat.fr\/blog\/wp-json\/wp\/v2\/tags?post=1480"}],"curies":[{"name":"wp","href":"https:\/\/api.w.org\/{rel}","templated":true}]}}