{"id":1474,"date":"2026-04-13T21:07:57","date_gmt":"2026-04-13T19:07:57","guid":{"rendered":"https:\/\/www.infodictat.fr\/blog\/sarcelles-bally-nest-pas-seul-a-saint-denis-une-foule-massive-contre-le-racisme\/"},"modified":"2026-04-13T21:07:57","modified_gmt":"2026-04-13T19:07:57","slug":"sarcelles-bally-nest-pas-seul-a-saint-denis-une-foule-massive-contre-le-racisme","status":"publish","type":"post","link":"https:\/\/www.infodictat.fr\/blog\/sarcelles-bally-nest-pas-seul-a-saint-denis-une-foule-massive-contre-le-racisme\/","title":{"rendered":"(Sarcelles): \u00ab Bally n\u2019est pas seul \u00bb : \u00e0 Saint-Denis, une foule massive contre le racisme"},"content":{"rendered":"<div><img width=\"750\" height=\"422\" src=\"https:\/\/www.infodictat.fr\/blog\/wp-content\/uploads\/2026\/04\/Sarcelles-Bally-nest-pas-seul-a-Saint-Denis-1024x576-1.jpg\" class=\"attachment-large size-large wp-post-image\" alt=\"\u00ab Bally n\u2019est pas seul \u00bb : \u00e0 Saint-Denis, une foule massive contre le racisme\" style=\"width:100%;height:56.25%;max-width:1280px;float:left; margin:0 15px 15px 0;\" decoding=\"async\" srcset=\"https:\/\/www.infodictat.fr\/blog\/wp-content\/uploads\/2026\/04\/Sarcelles-Bally-nest-pas-seul-a-Saint-Denis-1024x576-1.jpg 1024w, https:\/\/www.site.cdcl.xyz\/wp-content\/uploads\/2026\/04\/Sarcelles-Bally-nest-pas-seul-a-Saint-Denis-300x169.jpg 300w, https:\/\/www.site.cdcl.xyz\/wp-content\/uploads\/2026\/04\/Sarcelles-Bally-nest-pas-seul-a-Saint-Denis-768x432.jpg 768w, https:\/\/www.site.cdcl.xyz\/wp-content\/uploads\/2026\/04\/Sarcelles-Bally-nest-pas-seul-a-Saint-Denis.jpg 1280w\" sizes=\"(max-width: 750px) 100vw, 750px\"><\/p>\n<h1>\nRegardez d\u00e8s maintenant ce film sur \u00abSarcelles\u00bb en streaming sur youtube.<br \/>\n<\/h1>\n<h2>\nUn contenu propos\u00e9 par Le Parisien explorant \u00ab\u00a0Sarcelles\u00a0\u00bb.<br \/>\n<\/h2>\n<p>Retrouvez cette vid\u00e9o mise en ligne par Le Parisien sur youtube.<br \/>\nayant pour th\u00e8me \u00ab\u00a0Sarcelles\u00a0\u00bb:<br \/>\n<iframe title=\"\u00ab Bally n\u2019est pas seul \u00bb : \u00e0 Saint-Denis, une foule massive contre le racisme\" width=\"580\" height=\"385\" src=\"https:\/\/www.youtube.com\/embed\/sDr6Lo8G7pk?hl=fr&amp;modestbranding=1\" frameborder=\"0\" allowfullscreen><\/iframe><\/p>\n<p>La vid\u00e9o dure 00:02:59 secondes, porte le titre \u00ab Bally n\u2019est pas seul \u00bb : \u00e0 Saint-Denis, une foule massive contre le racisme et provient de [vid_author_name]. La description qui suit m\u00e9rite \u00e9galement votre attention :\u00ab<i>  Cibl\u00e9 par une campagne raciste depuis son \u00e9lection, le nouveau maire de Saint-Denis, Bally Bagayoko a lanc\u00e9 un appel \u00e0 une mobilisation contre le racisme dans sa ville. Des milliers de personnes se sont d\u00e9plac\u00e9es ce 4 avril. Certains ont fait cinq heures de route pour y participer. #shorts   <\/i> \u00bb.\n<\/p>\n<\/p>\n<h2>SARCELLES : Temp\u00eate en Vue sur plan financier et la gestion publique<\/h2>\n<p>Une investigation effectu\u00e9e en \u00cele-de-France par un organisme ind\u00e9pendant, avec l\u2019appui d\u2019une consultation en ligne, r\u00e9v\u00e8le une d\u00e9gradation alarmante des finances publiques et de la gestion de Sarcelles.<\/p>\n<p>Afin de d\u00e9couvrir l\u2019audit, <a href=\"https:\/\/www.bilan-de-mandat.fr\/ile-de-france\/mairie\/val-doise_sarcelles\/\" rel=\"noopener noreferrer nofollow\" target=\"blank\" target=\"_blank\">toutes les donn\u00e9es financi\u00e8res sont accessibles sur la page du bilan de mandat<\/a>.<\/p>\n<p>B\u00e9n\u00e9ficiant d\u2019une situation financi\u00e8re solide en 2020, Sarcelles a peu \u00e0 peu vu sa condition se d\u00e9grader, entra\u00eenant une baisse de la qualit\u00e9 de sa gestion publique<\/p>\n<p>La responsabilit\u00e9 de la municipalit\u00e9 sous la direction de PATRICK HADDAD est engag\u00e9e, m\u00eame si un tiers des enjeux d\u00e9coule de la conjoncture.<\/p>\n<p>Le site Bilan de Mandat a r\u00e9alis\u00e9 cette enqu\u00eate en collectant les donn\u00e9es budg\u00e9taires fournies en ligne par le minist\u00e8re des Finances, en se basant sur les 7 derni\u00e8res ann\u00e9es<\/p>\n<h3>La d\u00e9mocratie locale en d\u00e9labrement<\/h3>\n<p>Entre 2020 et 2025, le vivre ensemble a \u00e9t\u00e9 mis \u00e0 mal par l\u2019absence d\u2019un projet de territoire d\u00e9fendu par une municipalit\u00e9 coh\u00e9rente. Les difficult\u00e9s financi\u00e8res vont accentuer les conflits au sein de la communaut\u00e9, provoquant :<\/p>\n<ul>\n<li>Cris de m\u00e9contentement et protestations : Les citoyens vont se r\u00e9unir pour manifester leur m\u00e9contentement face \u00e0 l\u2019augmentation des imp\u00f4ts ou \u00e0 la diminution des services.\n<\/li>\n<li>Oppositions entre acteurs d\u2019int\u00e9r\u00eats : Les d\u00e9cisions budg\u00e9taires vont susciter des conflits entre diff\u00e9rents groupes, tels que les usagers de services publics et les contribuables.\n<\/li>\n<li>\u00c9rosion des relations sociales : Un climat d\u2019insatisfaction va nuire \u00e0 l\u2019entraide au sein de la communaut\u00e9.<\/li>\n<\/ul>\n<h3>Probl\u00e8mes pour attirer et conserver les talents<\/h3>\n<p>L\u2019instabilit\u00e9 de la commune, tant sur le plan financier que sur celui de l\u2019exemplarit\u00e9, compliquera l\u2019attraction et la conservation des talents, tant dans le personnel municipal que dans le tissu associatif :<\/p>\n<ul>\n<li>Taux de rotation \u00e9lev\u00e9 : Les employ\u00e9s vont explorer d\u2019autres pistes, ce qui occasionne des co\u00fbts \u00e9lev\u00e9s en formation et en int\u00e9gration.\n<\/li>\n<li>Affaiblissement des connaissances : Une carence de personnel exp\u00e9riment\u00e9 affectera la qualit\u00e9 des services et l\u2019innovation dans la collectivit\u00e9.\n<\/li>\n<li>Barri\u00e8res \u00e0 la mise en \u0153uvre des projets: L\u2019absence de personnel form\u00e9 pourrait entra\u00eener des retards ou des complications dans des projets cruciaux pour la collectivit\u00e9.\n<\/li>\n<li>D\u00e9motivation caus\u00e9e par la perte d\u2019int\u00e9r\u00eat pour une ville qui, en 5 ans, s\u2019est transform\u00e9e en l\u2019une des principales cit\u00e9s dortoirs de son d\u00e9partement.<\/li>\n<\/ul>\n<h3>Effets sur la prosp\u00e9rit\u00e9 \u00e9conomique de la communaut\u00e9<\/h3>\n<p>Une gestion financi\u00e8re peu rigoureuse influencera \u00e9galement le d\u00e9veloppement \u00e9conomique, notamment :<\/p>\n<ul>\n<li>Diminution des investissements financiers : Les entreprises seront peu enclines \u00e0 s\u2019installer dans une collectivit\u00e9 en difficult\u00e9 financi\u00e8re, ce qui limitera les perspectives d\u2019emploi.\n<\/li>\n<li>Affaiblissement de l\u2019attrait touristique : Une gestion erron\u00e9e va affecter l\u2019image de la collectivit\u00e9, rendant difficile l\u2019arriv\u00e9e de nouveaux r\u00e9sidents ou investisseurs.\n<\/li>\n<li>Affaiblissement des relations de partenariat : Les collectivit\u00e9s en proie \u00e0 des difficult\u00e9s auront du mal \u00e0 forger des partenariats avec d\u2019autres acteurs, ce qui limitera les opportunit\u00e9s de coop\u00e9ration.<\/li>\n<\/ul>\n<h3>Endettement et vari\u00e9t\u00e9s de dettes<\/h3>\n<p>Sarcelles subit un endettement qui s\u2019est transform\u00e9 en une dette ing\u00e9rable. Cette r\u00e9alit\u00e9 a des effets consid\u00e9rables :<\/p>\n<\/p>\n<ul>\n<li>Augmentation des co\u00fbts d\u2019emprunt : L\u2019augmentation de la dette g\u00e9n\u00e8re des frais d\u2019int\u00e9r\u00eat accrus, limitant les fonds disponibles pour d\u2019autres investissements.\n<\/li>\n<li>Contraction de la capacit\u00e9 d\u2019investissement : Un endettement excessif compromet la capacit\u00e9 de la commune \u00e0 financer des projets d\u2019infrastructure et des services publics fondamentaux.\n<\/li>\n<li>Risque de non-paiement : Une dette trop \u00e9lev\u00e9e accro\u00eet le risque de non-remboursement, ce qui va engendrer des p\u00e9nalit\u00e9s financi\u00e8res ou des limitations de la part des cr\u00e9anciers.\n<\/li>\n<li>D\u00e9t\u00e9rioration de la confiance des investisseurs : Une situation financi\u00e8re instable va d\u00e9courager les investisseurs potentiels, entravant ainsi le d\u00e9veloppement \u00e9conomique local.\n<\/li>\n<li>Impact sur la cr\u00e9dibilit\u00e9 financi\u00e8re: Une dette mal g\u00e9r\u00e9e accro\u00eet le risque de non-paiement, ce qui va engendrer des cons\u00e9quences financi\u00e8res ou des limitations impos\u00e9es par les cr\u00e9anciers.<\/li>\n<\/ul>\n<h3>Accroissement des taxes sur les citoyens SARCELLOIS<\/h3>\n<p>La ville doit imp\u00e9rativement relever les pr\u00e9l\u00e8vements sur les citoyens, mais cela n\u2019a pas \u00e9t\u00e9 mis en \u0153uvre en 2025 en raison des \u00e9lections municipales de 2026. Les retomb\u00e9es de cette situation sont pr\u00e9occupantes :<\/p>\n<ul>\n<li>Frustration des contribuables : Une \u00e9l\u00e9vation des charges fiscales va susciter un m\u00e9contentement parmi les citoyens, impactant leur confiance envers la municipalit\u00e9.\n<\/li>\n<li>R\u00e9duction des recettes fiscales : Des hausses de taxes vont inciter certains contribuables \u00e0 chercher d\u2019autres r\u00e9sidences, diminuant ainsi la base fiscale \u00e0 long terme.\n<\/li>\n<li>Contraintes \u00e9conomiques pour les m\u00e9nages : L\u2019\u00e9l\u00e9vation des pr\u00e9l\u00e8vements va alourdir le budget des familles, exacerbant les in\u00e9galit\u00e9s sociales.\n<\/li>\n<li>Report des investissements : Le manque d\u2019augmentation des imp\u00f4ts en 2025 va retarder des projets d\u2019investissement essentiels pour le d\u00e9veloppement de la ville.\n<\/li>\n<li>Charge accrue sur les services publics : La n\u00e9cessit\u00e9 de compenser les pertes de revenus va entra\u00eener des restrictions dans les services publics, impactant la qualit\u00e9 de vie des r\u00e9sidents.<\/li>\n<\/ul>\n<h3>Foire aux questions concernant Sarcelles<\/h3>\n<h4>Qui est le premier magistrat de Sarcelles ?<\/h4>\n<p>PATRICK HADDAD<\/p>\n<h4>Quels sont les supports d\u2019information dans Sarcelles ?<\/h4>\n<p>Fondamentalement, les informations en ligne. Les r\u00e9sidents peuvent consulter les actualit\u00e9s et le journal municipal de leur commune ainsi que des villes alentour. Sur le site de la mairie, il est possible de consulter la page d\u2019accueil pour les nouveaux r\u00e9sidents, les num\u00e9ros utiles pour diverses d\u00e9marches, l\u2019annuaire des petites et moyennes entreprises, les journ\u00e9es et activit\u00e9s gratuites, les informations concernant la rentr\u00e9e scolaire, les menus des cantines, l\u2019espace de confidentialit\u00e9 pour les comptes familiaux et les d\u00e9marches administratives, en particulier celles li\u00e9es au secteur scolaire. Sur d\u2019autres sites web, qui ne sont pas sous la responsabilit\u00e9 de la mairie, les citoyens peuvent consulter des informations sur les \u00e9v\u00e9nements culturels (spectacles, th\u00e9\u00e2tre, festivals) qui contribuent \u00e0 l\u2019animation de la vie locale et favorisent l\u2019acc\u00e8s \u00e0 la culture.<\/p>\n<h4>Quelle est la conclusion fondamentale de l\u2019audit des finances de Sarcelles ?<\/h4>\n<p>L\u2019enqu\u00eate fait ressortir une d\u00e9gradation alarmante des finances publiques et de la gestion de Sarcelles, mettant en \u00e9vidence une gestion imprudente tant sur le plan financier que dans la gestion publique.<\/p>\n<h4>Quels \u00e9l\u00e9ments ont impact\u00e9 cette crise financi\u00e8re ?<\/h4>\n<p>Bien que le cadre \u00e9conomique ait son importance, deux tiers des probl\u00e8mes rencontr\u00e9s sont le r\u00e9sultat des choix politiques de la municipalit\u00e9 sous la gouvernance de PATRICK HADDAD.<\/p>\n<h4>Quelles sont les fa\u00e7ons de participer aux activit\u00e9s des associations ?<\/h4>\n<p>Dans chaque commune, on peut remarquer que le nombre d\u2019associations et l\u2019agenda de leurs activit\u00e9s (th\u00e9\u00e2tre, festival\u2026) sont marquants et ind\u00e9pendants des d\u00e9cisions de la mairie. Les associations, comme dans l\u2019ensemble du pays, organisent une vari\u00e9t\u00e9 d\u2019\u00e9v\u00e9nements tout au long de l\u2019ann\u00e9e. Pour ceux qui souhaitent s\u2019impliquer, il est facile de s\u2019inscrire \u00e0 ces activit\u00e9s sur le web, o\u00f9 un simple clic donne acc\u00e8s \u00e0 l\u2019agenda des \u00e9v\u00e9nements ou aux num\u00e9ros de contact des organisateurs. Enregistrez-vous facilement d\u2019un simple clic.<\/p>\n<\/p>\n<h4>Quelle est la situation actuelle des associations locales dans Sarcelles ?<\/h4>\n<p>Les associations locales ont un impact majeur dans le domaine culturel. Si vous avez besoin des coordonn\u00e9es d\u2019une association, l\u2019annuaire en ligne sur le site de la mairie de Sarcelles est \u00e0 votre disposition.<\/p>\n<h4>Quelles sont les activit\u00e9s li\u00e9es \u00e0 la culture et \u00e0 l\u2019histoire ?<\/h4>\n<p>L\u2019h\u00e9ritage d\u2019une ville illustre sa culture. La construction de la mairie ou de l\u2019h\u00f4tel de ville, les anciennes images de l\u2019\u00e9cole, et le savoir-faire des m\u00e9tiers d\u2019autrefois permettent une exploration gratuite, ainsi qu\u2019une transmission et une conservation de ce patrimoine communal. \u00c0 travers le pays, la politique de sensibilisation veille \u00e0 ce que le patrimoine de la ville soit pr\u00e9serv\u00e9 et accessible pour les g\u00e9n\u00e9rations \u00e0 venir.<\/p>\n<p> Vous pouvez visionner cette vid\u00e9o directement sur Youtube en suivant ce lien :<br \/>\n<u> la publication originale:<\/u> <a href=\"https:\/\/www.youtube.com\/watch?v=sDr6Lo8G7pk\" target=\"_blank\" rel=\"nofollow\">Cliquer ici<\/a>\n<\/p>\n<p>\n#Bally #nest #pas #seul #SaintDenis #une #foule #massive #contre #racisme\n<\/p>\n<p>\n<u>Retranscription des paroles de la vid\u00e9o:<\/u> Non disponible.<br \/>\n.\n<\/p>\n<p>\n<img decoding=\"async\" src=\"https:\/\/www.infodictat.fr\/blog\/wp-content\/uploads\/2026\/04\/hqdefault-3.jpg\" alt=\"Image Youtube\">\n<\/p>\n<p>\n<u>D\u00e9roulement de la vid\u00e9o:<\/u>\n<\/p>\n<p>\nIndisponible.<br \/>\n.<\/p>\n<\/div>\n<p><img decoding=\"async\" class=\"wpe_imgrss\" src=\"https:\/\/www.infodictat.fr\/blog\/wp-content\/uploads\/2026\/04\/Sarcelles-Bally-nest-pas-seul-a-Saint-Denis-1024x576-1.jpg\">Vous pouvez lire ce post traitant le sujet \u00ab\u00a0La dictature num\u00e9rique\u00a0\u00bb. Il est produit par la r\u00e9daction de infodictat.fr. Le site infodictat.fr a pour objectif de publier plusieurs articles autour du sujet La dictature num\u00e9rique d\u00e9velopp\u00e9es sur le web. Cette chronique se veut g\u00e9n\u00e9r\u00e9e de la fa\u00e7on la plus juste qui soit. Pour \u00e9mettre des remarques sur ce dossier autour du sujet \u00ab\u00a0La dictature num\u00e9rique\u00a0\u00bb prenez les contacts indiqu\u00e9s sur notre site internet. En consultant r\u00e9guli\u00e8rement nos contenus de blog vous serez au courant des futures parutions.<\/p>\n","protected":false},"excerpt":{"rendered":"<p>Regardez d\u00e8s maintenant ce film sur \u00abSarcelles\u00bb en streaming sur youtube. Un contenu propos\u00e9 par Le Parisien explorant \u00ab\u00a0Sarcelles\u00a0\u00bb. Retrouvez cette vid\u00e9o mise en ligne par Le Parisien sur youtube. ayant pour th\u00e8me \u00ab\u00a0Sarcelles\u00a0\u00bb: La vid\u00e9o dure 00:02:59 secondes, porte le titre \u00ab Bally n\u2019est pas seul \u00bb : \u00e0 Saint-Denis, une foule massive contre &#8230; <a title=\"(Sarcelles): \u00ab Bally n\u2019est pas seul \u00bb : \u00e0 Saint-Denis, une foule massive contre le racisme\" class=\"read-more\" href=\"https:\/\/www.infodictat.fr\/blog\/sarcelles-bally-nest-pas-seul-a-saint-denis-une-foule-massive-contre-le-racisme\/\" aria-label=\"En savoir plus sur (Sarcelles): \u00ab Bally n\u2019est pas seul \u00bb : \u00e0 Saint-Denis, une foule massive contre le racisme\">Lire la suite<\/a><\/p>\n","protected":false},"author":2,"featured_media":1475,"comment_status":"closed","ping_status":"closed","sticky":false,"template":"","format":"standard","meta":{"footnotes":""},"categories":[2],"tags":[],"class_list":["post-1474","post","type-post","status-publish","format-standard","has-post-thumbnail","hentry","category-la-dictature-numerique"],"yoast_head":"<!-- This site is optimized with the Yoast SEO plugin v27.5 - https:\/\/yoast.com\/product\/yoast-seo-wordpress\/ -->\n<title>(Sarcelles): \u00ab Bally n\u2019est pas seul \u00bb : \u00e0 Saint-Denis, une foule massive contre le racisme - INFODICTAT<\/title>\n<meta name=\"robots\" content=\"index, follow, max-snippet:-1, max-image-preview:large, max-video-preview:-1\" \/>\n<link rel=\"canonical\" href=\"https:\/\/www.infodictat.fr\/blog\/sarcelles-bally-nest-pas-seul-a-saint-denis-une-foule-massive-contre-le-racisme\/\" \/>\n<meta property=\"og:locale\" content=\"fr_FR\" \/>\n<meta property=\"og:type\" content=\"article\" \/>\n<meta property=\"og:title\" content=\"(Sarcelles): \u00ab Bally n\u2019est pas seul \u00bb : \u00e0 Saint-Denis, une foule massive contre le racisme - INFODICTAT\" \/>\n<meta property=\"og:description\" content=\"Regardez d\u00e8s maintenant ce film sur \u00abSarcelles\u00bb en streaming sur youtube. Un contenu propos\u00e9 par Le Parisien explorant \u00ab\u00a0Sarcelles\u00a0\u00bb. Retrouvez cette vid\u00e9o mise en ligne par Le Parisien sur youtube. ayant pour th\u00e8me \u00ab\u00a0Sarcelles\u00a0\u00bb: La vid\u00e9o dure 00:02:59 secondes, porte le titre \u00ab Bally n\u2019est pas seul \u00bb : \u00e0 Saint-Denis, une foule massive contre ... Lire la suite\" \/>\n<meta property=\"og:url\" content=\"https:\/\/www.infodictat.fr\/blog\/sarcelles-bally-nest-pas-seul-a-saint-denis-une-foule-massive-contre-le-racisme\/\" \/>\n<meta property=\"og:site_name\" content=\"INFODICTAT\" \/>\n<meta property=\"article:published_time\" content=\"2026-04-13T19:07:57+00:00\" \/>\n<meta property=\"og:image\" content=\"https:\/\/www.infodictat.fr\/blog\/wp-content\/uploads\/2026\/04\/Sarcelles-Bally-nest-pas-seul-a-Saint-Denis-1024x576-1.jpg\" \/>\n<meta name=\"author\" content=\"Oscar BETHMONT\" \/>\n<meta name=\"twitter:card\" content=\"summary_large_image\" \/>\n<meta name=\"twitter:label1\" content=\"\u00c9crit par\" \/>\n\t<meta name=\"twitter:data1\" content=\"Oscar BETHMONT\" \/>\n\t<meta name=\"twitter:label2\" content=\"Dur\u00e9e de lecture estim\u00e9e\" \/>\n\t<meta name=\"twitter:data2\" content=\"8 minutes\" \/>\n<script type=\"application\/ld+json\" class=\"yoast-schema-graph\">{\"@context\":\"https:\\\/\\\/schema.org\",\"@graph\":[{\"@type\":\"Article\",\"@id\":\"https:\\\/\\\/www.infodictat.fr\\\/blog\\\/sarcelles-bally-nest-pas-seul-a-saint-denis-une-foule-massive-contre-le-racisme\\\/#article\",\"isPartOf\":{\"@id\":\"https:\\\/\\\/www.infodictat.fr\\\/blog\\\/sarcelles-bally-nest-pas-seul-a-saint-denis-une-foule-massive-contre-le-racisme\\\/\"},\"author\":{\"name\":\"Oscar BETHMONT\",\"@id\":\"https:\\\/\\\/www.infodictat.fr\\\/blog\\\/#\\\/schema\\\/person\\\/6c2c8af0941702348e8eca9144cc1267\"},\"headline\":\"(Sarcelles): \u00ab Bally n\u2019est pas seul \u00bb : \u00e0 Saint-Denis, une foule massive contre le racisme\",\"datePublished\":\"2026-04-13T19:07:57+00:00\",\"mainEntityOfPage\":{\"@id\":\"https:\\\/\\\/www.infodictat.fr\\\/blog\\\/sarcelles-bally-nest-pas-seul-a-saint-denis-une-foule-massive-contre-le-racisme\\\/\"},\"wordCount\":1666,\"publisher\":{\"@id\":\"https:\\\/\\\/www.infodictat.fr\\\/blog\\\/#organization\"},\"image\":{\"@id\":\"https:\\\/\\\/www.infodictat.fr\\\/blog\\\/sarcelles-bally-nest-pas-seul-a-saint-denis-une-foule-massive-contre-le-racisme\\\/#primaryimage\"},\"thumbnailUrl\":\"https:\\\/\\\/www.infodictat.fr\\\/blog\\\/wp-content\\\/uploads\\\/2026\\\/04\\\/Sarcelles-Bally-nest-pas-seul-a-Saint-Denis-1024x576-1.jpg\",\"articleSection\":[\"La Dictature Num\u00e9rique:\"],\"inLanguage\":\"fr-FR\"},{\"@type\":\"WebPage\",\"@id\":\"https:\\\/\\\/www.infodictat.fr\\\/blog\\\/sarcelles-bally-nest-pas-seul-a-saint-denis-une-foule-massive-contre-le-racisme\\\/\",\"url\":\"https:\\\/\\\/www.infodictat.fr\\\/blog\\\/sarcelles-bally-nest-pas-seul-a-saint-denis-une-foule-massive-contre-le-racisme\\\/\",\"name\":\"(Sarcelles): \u00ab Bally n\u2019est pas seul \u00bb : \u00e0 Saint-Denis, une foule massive contre le racisme - INFODICTAT\",\"isPartOf\":{\"@id\":\"https:\\\/\\\/www.infodictat.fr\\\/blog\\\/#website\"},\"primaryImageOfPage\":{\"@id\":\"https:\\\/\\\/www.infodictat.fr\\\/blog\\\/sarcelles-bally-nest-pas-seul-a-saint-denis-une-foule-massive-contre-le-racisme\\\/#primaryimage\"},\"image\":{\"@id\":\"https:\\\/\\\/www.infodictat.fr\\\/blog\\\/sarcelles-bally-nest-pas-seul-a-saint-denis-une-foule-massive-contre-le-racisme\\\/#primaryimage\"},\"thumbnailUrl\":\"https:\\\/\\\/www.infodictat.fr\\\/blog\\\/wp-content\\\/uploads\\\/2026\\\/04\\\/Sarcelles-Bally-nest-pas-seul-a-Saint-Denis-1024x576-1.jpg\",\"datePublished\":\"2026-04-13T19:07:57+00:00\",\"breadcrumb\":{\"@id\":\"https:\\\/\\\/www.infodictat.fr\\\/blog\\\/sarcelles-bally-nest-pas-seul-a-saint-denis-une-foule-massive-contre-le-racisme\\\/#breadcrumb\"},\"inLanguage\":\"fr-FR\",\"potentialAction\":[{\"@type\":\"ReadAction\",\"target\":[\"https:\\\/\\\/www.infodictat.fr\\\/blog\\\/sarcelles-bally-nest-pas-seul-a-saint-denis-une-foule-massive-contre-le-racisme\\\/\"]}]},{\"@type\":\"ImageObject\",\"inLanguage\":\"fr-FR\",\"@id\":\"https:\\\/\\\/www.infodictat.fr\\\/blog\\\/sarcelles-bally-nest-pas-seul-a-saint-denis-une-foule-massive-contre-le-racisme\\\/#primaryimage\",\"url\":\"https:\\\/\\\/www.infodictat.fr\\\/blog\\\/wp-content\\\/uploads\\\/2026\\\/04\\\/Sarcelles-Bally-nest-pas-seul-a-Saint-Denis-1024x576-1.jpg\",\"contentUrl\":\"https:\\\/\\\/www.infodictat.fr\\\/blog\\\/wp-content\\\/uploads\\\/2026\\\/04\\\/Sarcelles-Bally-nest-pas-seul-a-Saint-Denis-1024x576-1.jpg\",\"width\":1024,\"height\":576},{\"@type\":\"BreadcrumbList\",\"@id\":\"https:\\\/\\\/www.infodictat.fr\\\/blog\\\/sarcelles-bally-nest-pas-seul-a-saint-denis-une-foule-massive-contre-le-racisme\\\/#breadcrumb\",\"itemListElement\":[{\"@type\":\"ListItem\",\"position\":1,\"name\":\"Accueil\",\"item\":\"https:\\\/\\\/www.infodictat.fr\\\/blog\\\/\"},{\"@type\":\"ListItem\",\"position\":2,\"name\":\"(Sarcelles): \u00ab Bally n\u2019est pas seul \u00bb : \u00e0 Saint-Denis, une foule massive contre le racisme\"}]},{\"@type\":\"WebSite\",\"@id\":\"https:\\\/\\\/www.infodictat.fr\\\/blog\\\/#website\",\"url\":\"https:\\\/\\\/www.infodictat.fr\\\/blog\\\/\",\"name\":\"INFODICTAT\",\"description\":\"La dictature num\u00e9rique.\",\"publisher\":{\"@id\":\"https:\\\/\\\/www.infodictat.fr\\\/blog\\\/#organization\"},\"potentialAction\":[{\"@type\":\"SearchAction\",\"target\":{\"@type\":\"EntryPoint\",\"urlTemplate\":\"https:\\\/\\\/www.infodictat.fr\\\/blog\\\/?s={search_term_string}\"},\"query-input\":{\"@type\":\"PropertyValueSpecification\",\"valueRequired\":true,\"valueName\":\"search_term_string\"}}],\"inLanguage\":\"fr-FR\"},{\"@type\":\"Organization\",\"@id\":\"https:\\\/\\\/www.infodictat.fr\\\/blog\\\/#organization\",\"name\":\"infodictat\",\"url\":\"https:\\\/\\\/www.infodictat.fr\\\/blog\\\/\",\"logo\":{\"@type\":\"ImageObject\",\"inLanguage\":\"fr-FR\",\"@id\":\"https:\\\/\\\/www.infodictat.fr\\\/blog\\\/#\\\/schema\\\/logo\\\/image\\\/\",\"url\":\"https:\\\/\\\/www.infodictat.fr\\\/blog\\\/wp-content\\\/uploads\\\/2023\\\/05\\\/logo-2.png\",\"contentUrl\":\"https:\\\/\\\/www.infodictat.fr\\\/blog\\\/wp-content\\\/uploads\\\/2023\\\/05\\\/logo-2.png\",\"width\":480,\"height\":596,\"caption\":\"infodictat\"},\"image\":{\"@id\":\"https:\\\/\\\/www.infodictat.fr\\\/blog\\\/#\\\/schema\\\/logo\\\/image\\\/\"}},{\"@type\":\"Person\",\"@id\":\"https:\\\/\\\/www.infodictat.fr\\\/blog\\\/#\\\/schema\\\/person\\\/6c2c8af0941702348e8eca9144cc1267\",\"name\":\"Oscar BETHMONT\",\"image\":{\"@type\":\"ImageObject\",\"inLanguage\":\"fr-FR\",\"@id\":\"https:\\\/\\\/secure.gravatar.com\\\/avatar\\\/f80ff32d67d40b919e8be190b7325be3c6cb33ce305ac1d45cadad29128e831e?s=96&d=mm&r=g\",\"url\":\"https:\\\/\\\/secure.gravatar.com\\\/avatar\\\/f80ff32d67d40b919e8be190b7325be3c6cb33ce305ac1d45cadad29128e831e?s=96&d=mm&r=g\",\"contentUrl\":\"https:\\\/\\\/secure.gravatar.com\\\/avatar\\\/f80ff32d67d40b919e8be190b7325be3c6cb33ce305ac1d45cadad29128e831e?s=96&d=mm&r=g\",\"caption\":\"Oscar BETHMONT\"},\"url\":\"https:\\\/\\\/www.infodictat.fr\\\/blog\\\/author\\\/tatoscar\\\/\"}]}<\/script>\n<!-- \/ Yoast SEO plugin. -->","yoast_head_json":{"title":"(Sarcelles): \u00ab Bally n\u2019est pas seul \u00bb : \u00e0 Saint-Denis, une foule massive contre le racisme - INFODICTAT","robots":{"index":"index","follow":"follow","max-snippet":"max-snippet:-1","max-image-preview":"max-image-preview:large","max-video-preview":"max-video-preview:-1"},"canonical":"https:\/\/www.infodictat.fr\/blog\/sarcelles-bally-nest-pas-seul-a-saint-denis-une-foule-massive-contre-le-racisme\/","og_locale":"fr_FR","og_type":"article","og_title":"(Sarcelles): \u00ab Bally n\u2019est pas seul \u00bb : \u00e0 Saint-Denis, une foule massive contre le racisme - INFODICTAT","og_description":"Regardez d\u00e8s maintenant ce film sur \u00abSarcelles\u00bb en streaming sur youtube. Un contenu propos\u00e9 par Le Parisien explorant \u00ab\u00a0Sarcelles\u00a0\u00bb. Retrouvez cette vid\u00e9o mise en ligne par Le Parisien sur youtube. ayant pour th\u00e8me \u00ab\u00a0Sarcelles\u00a0\u00bb: La vid\u00e9o dure 00:02:59 secondes, porte le titre \u00ab Bally n\u2019est pas seul \u00bb : \u00e0 Saint-Denis, une foule massive contre ... Lire la suite","og_url":"https:\/\/www.infodictat.fr\/blog\/sarcelles-bally-nest-pas-seul-a-saint-denis-une-foule-massive-contre-le-racisme\/","og_site_name":"INFODICTAT","article_published_time":"2026-04-13T19:07:57+00:00","og_image":[{"url":"https:\/\/www.infodictat.fr\/blog\/wp-content\/uploads\/2026\/04\/Sarcelles-Bally-nest-pas-seul-a-Saint-Denis-1024x576-1.jpg","type":"","width":"","height":""}],"author":"Oscar BETHMONT","twitter_card":"summary_large_image","twitter_misc":{"\u00c9crit par":"Oscar BETHMONT","Dur\u00e9e de lecture estim\u00e9e":"8 minutes"},"schema":{"@context":"https:\/\/schema.org","@graph":[{"@type":"Article","@id":"https:\/\/www.infodictat.fr\/blog\/sarcelles-bally-nest-pas-seul-a-saint-denis-une-foule-massive-contre-le-racisme\/#article","isPartOf":{"@id":"https:\/\/www.infodictat.fr\/blog\/sarcelles-bally-nest-pas-seul-a-saint-denis-une-foule-massive-contre-le-racisme\/"},"author":{"name":"Oscar BETHMONT","@id":"https:\/\/www.infodictat.fr\/blog\/#\/schema\/person\/6c2c8af0941702348e8eca9144cc1267"},"headline":"(Sarcelles): \u00ab Bally n\u2019est pas seul \u00bb : \u00e0 Saint-Denis, une foule massive contre le racisme","datePublished":"2026-04-13T19:07:57+00:00","mainEntityOfPage":{"@id":"https:\/\/www.infodictat.fr\/blog\/sarcelles-bally-nest-pas-seul-a-saint-denis-une-foule-massive-contre-le-racisme\/"},"wordCount":1666,"publisher":{"@id":"https:\/\/www.infodictat.fr\/blog\/#organization"},"image":{"@id":"https:\/\/www.infodictat.fr\/blog\/sarcelles-bally-nest-pas-seul-a-saint-denis-une-foule-massive-contre-le-racisme\/#primaryimage"},"thumbnailUrl":"https:\/\/www.infodictat.fr\/blog\/wp-content\/uploads\/2026\/04\/Sarcelles-Bally-nest-pas-seul-a-Saint-Denis-1024x576-1.jpg","articleSection":["La Dictature Num\u00e9rique:"],"inLanguage":"fr-FR"},{"@type":"WebPage","@id":"https:\/\/www.infodictat.fr\/blog\/sarcelles-bally-nest-pas-seul-a-saint-denis-une-foule-massive-contre-le-racisme\/","url":"https:\/\/www.infodictat.fr\/blog\/sarcelles-bally-nest-pas-seul-a-saint-denis-une-foule-massive-contre-le-racisme\/","name":"(Sarcelles): \u00ab Bally n\u2019est pas seul \u00bb : \u00e0 Saint-Denis, une foule massive contre le racisme - INFODICTAT","isPartOf":{"@id":"https:\/\/www.infodictat.fr\/blog\/#website"},"primaryImageOfPage":{"@id":"https:\/\/www.infodictat.fr\/blog\/sarcelles-bally-nest-pas-seul-a-saint-denis-une-foule-massive-contre-le-racisme\/#primaryimage"},"image":{"@id":"https:\/\/www.infodictat.fr\/blog\/sarcelles-bally-nest-pas-seul-a-saint-denis-une-foule-massive-contre-le-racisme\/#primaryimage"},"thumbnailUrl":"https:\/\/www.infodictat.fr\/blog\/wp-content\/uploads\/2026\/04\/Sarcelles-Bally-nest-pas-seul-a-Saint-Denis-1024x576-1.jpg","datePublished":"2026-04-13T19:07:57+00:00","breadcrumb":{"@id":"https:\/\/www.infodictat.fr\/blog\/sarcelles-bally-nest-pas-seul-a-saint-denis-une-foule-massive-contre-le-racisme\/#breadcrumb"},"inLanguage":"fr-FR","potentialAction":[{"@type":"ReadAction","target":["https:\/\/www.infodictat.fr\/blog\/sarcelles-bally-nest-pas-seul-a-saint-denis-une-foule-massive-contre-le-racisme\/"]}]},{"@type":"ImageObject","inLanguage":"fr-FR","@id":"https:\/\/www.infodictat.fr\/blog\/sarcelles-bally-nest-pas-seul-a-saint-denis-une-foule-massive-contre-le-racisme\/#primaryimage","url":"https:\/\/www.infodictat.fr\/blog\/wp-content\/uploads\/2026\/04\/Sarcelles-Bally-nest-pas-seul-a-Saint-Denis-1024x576-1.jpg","contentUrl":"https:\/\/www.infodictat.fr\/blog\/wp-content\/uploads\/2026\/04\/Sarcelles-Bally-nest-pas-seul-a-Saint-Denis-1024x576-1.jpg","width":1024,"height":576},{"@type":"BreadcrumbList","@id":"https:\/\/www.infodictat.fr\/blog\/sarcelles-bally-nest-pas-seul-a-saint-denis-une-foule-massive-contre-le-racisme\/#breadcrumb","itemListElement":[{"@type":"ListItem","position":1,"name":"Accueil","item":"https:\/\/www.infodictat.fr\/blog\/"},{"@type":"ListItem","position":2,"name":"(Sarcelles): \u00ab Bally n\u2019est pas seul \u00bb : \u00e0 Saint-Denis, une foule massive contre le racisme"}]},{"@type":"WebSite","@id":"https:\/\/www.infodictat.fr\/blog\/#website","url":"https:\/\/www.infodictat.fr\/blog\/","name":"INFODICTAT","description":"La dictature num\u00e9rique.","publisher":{"@id":"https:\/\/www.infodictat.fr\/blog\/#organization"},"potentialAction":[{"@type":"SearchAction","target":{"@type":"EntryPoint","urlTemplate":"https:\/\/www.infodictat.fr\/blog\/?s={search_term_string}"},"query-input":{"@type":"PropertyValueSpecification","valueRequired":true,"valueName":"search_term_string"}}],"inLanguage":"fr-FR"},{"@type":"Organization","@id":"https:\/\/www.infodictat.fr\/blog\/#organization","name":"infodictat","url":"https:\/\/www.infodictat.fr\/blog\/","logo":{"@type":"ImageObject","inLanguage":"fr-FR","@id":"https:\/\/www.infodictat.fr\/blog\/#\/schema\/logo\/image\/","url":"https:\/\/www.infodictat.fr\/blog\/wp-content\/uploads\/2023\/05\/logo-2.png","contentUrl":"https:\/\/www.infodictat.fr\/blog\/wp-content\/uploads\/2023\/05\/logo-2.png","width":480,"height":596,"caption":"infodictat"},"image":{"@id":"https:\/\/www.infodictat.fr\/blog\/#\/schema\/logo\/image\/"}},{"@type":"Person","@id":"https:\/\/www.infodictat.fr\/blog\/#\/schema\/person\/6c2c8af0941702348e8eca9144cc1267","name":"Oscar BETHMONT","image":{"@type":"ImageObject","inLanguage":"fr-FR","@id":"https:\/\/secure.gravatar.com\/avatar\/f80ff32d67d40b919e8be190b7325be3c6cb33ce305ac1d45cadad29128e831e?s=96&d=mm&r=g","url":"https:\/\/secure.gravatar.com\/avatar\/f80ff32d67d40b919e8be190b7325be3c6cb33ce305ac1d45cadad29128e831e?s=96&d=mm&r=g","contentUrl":"https:\/\/secure.gravatar.com\/avatar\/f80ff32d67d40b919e8be190b7325be3c6cb33ce305ac1d45cadad29128e831e?s=96&d=mm&r=g","caption":"Oscar BETHMONT"},"url":"https:\/\/www.infodictat.fr\/blog\/author\/tatoscar\/"}]}},"_links":{"self":[{"href":"https:\/\/www.infodictat.fr\/blog\/wp-json\/wp\/v2\/posts\/1474","targetHints":{"allow":["GET"]}}],"collection":[{"href":"https:\/\/www.infodictat.fr\/blog\/wp-json\/wp\/v2\/posts"}],"about":[{"href":"https:\/\/www.infodictat.fr\/blog\/wp-json\/wp\/v2\/types\/post"}],"author":[{"embeddable":true,"href":"https:\/\/www.infodictat.fr\/blog\/wp-json\/wp\/v2\/users\/2"}],"replies":[{"embeddable":true,"href":"https:\/\/www.infodictat.fr\/blog\/wp-json\/wp\/v2\/comments?post=1474"}],"version-history":[{"count":0,"href":"https:\/\/www.infodictat.fr\/blog\/wp-json\/wp\/v2\/posts\/1474\/revisions"}],"wp:featuredmedia":[{"embeddable":true,"href":"https:\/\/www.infodictat.fr\/blog\/wp-json\/wp\/v2\/media\/1475"}],"wp:attachment":[{"href":"https:\/\/www.infodictat.fr\/blog\/wp-json\/wp\/v2\/media?parent=1474"}],"wp:term":[{"taxonomy":"category","embeddable":true,"href":"https:\/\/www.infodictat.fr\/blog\/wp-json\/wp\/v2\/categories?post=1474"},{"taxonomy":"post_tag","embeddable":true,"href":"https:\/\/www.infodictat.fr\/blog\/wp-json\/wp\/v2\/tags?post=1474"}],"curies":[{"name":"wp","href":"https:\/\/api.w.org\/{rel}","templated":true}]}}