{"id":1472,"date":"2026-04-11T18:03:39","date_gmt":"2026-04-11T16:03:39","guid":{"rendered":"https:\/\/www.infodictat.fr\/blog\/france-guerre-en-ukraine-la-treve-pascale-a-debute-entre-moscou-et-kiev-350-prisonniers-echanges-france\/"},"modified":"2026-04-11T18:03:39","modified_gmt":"2026-04-11T16:03:39","slug":"france-guerre-en-ukraine-la-treve-pascale-a-debute-entre-moscou-et-kiev-350-prisonniers-echanges-france","status":"publish","type":"post","link":"https:\/\/www.infodictat.fr\/blog\/france-guerre-en-ukraine-la-treve-pascale-a-debute-entre-moscou-et-kiev-350-prisonniers-echanges-france\/","title":{"rendered":"France: Guerre en Ukraine. La tr\u00eave pascale a d\u00e9but\u00e9 entre Moscou et Kiev, 350 prisonniers \u00e9chang\u00e9s #France"},"content":{"rendered":"<div><img width=\"305\" height=\"171\" src=\"https:\/\/www.infodictat.fr\/blog\/wp-content\/uploads\/2026\/04\/France-Guerre-en-Ukraine-La-treve-pascale-a-debute-entre.jpg\" class=\"attachment-large size-large wp-post-image\" alt=\"\" style=\"width:100%;height:56.07%;max-width:305px;float:left; margin:0 15px 15px 0;\" decoding=\"async\" srcset=\"https:\/\/www.infodictat.fr\/blog\/wp-content\/uploads\/2026\/04\/France-Guerre-en-Ukraine-La-treve-pascale-a-debute-entre.jpg 305w, https:\/\/www.site.cdcl.xyz\/wp-content\/uploads\/2026\/04\/France-Guerre-en-Ukraine-La-treve-pascale-a-debute-entre-300x168.jpg 300w\" sizes=\"(max-width: 305px) 100vw, 305px\"><\/p>\n<h1>Guerre en Ukraine. La tr\u00eave pascale a d\u00e9but\u00e9 entre Moscou et Kiev, 350 prisonniers \u00e9chang\u00e9s annonc\u00e9 par Le Progr\u00e8s : info et actu nationale et r\u00e9gionale \u2013 Rh\u00f4ne, Loire, Ain, Haute-Loire et Jura | Le Progr\u00e8s le <span id=\"datecrea\"><\/span> <\/h1>\n<p>Notre \u00e9quipe a trouv\u00e9 un \u00e9ditorial sur le web dont le th\u00e8me est \u00abActualit\u00e9 fran\u00e7aise\u00bb.<\/p>\n<h2>L\u2019article ci-dessous a \u00e9t\u00e9 publi\u00e9 par Le Progr\u00e8s : info et actu nationale et r\u00e9gionale \u2013 Rh\u00f4ne, Loire, Ain, Haute-Loire et Jura <\/h2>\n<p><u>Signature  . <\/u><\/p>\n<p><u>Date et heure de la r\u00e9ception de la d\u00e9p\u00e9che sur notre fil d\u2019info:<\/u><strong><span id=\"date\"><\/span><\/strong><\/p>\n<p><u>Date et heure de publication sur internet:<\/u> <strong><span id=\"datecrea\"><\/span><\/strong><\/p>\n<p><u>Titre exacte donn\u00e9 par le journal \u00e9tait:<\/u> <strong>Guerre en Ukraine. La tr\u00eave pascale a d\u00e9but\u00e9 entre Moscou et Kiev, 350 prisonniers \u00e9chang\u00e9s<\/strong><\/p>\n<p><u>Information et contenu publi\u00e9s :<\/u><\/p>\n<p><img decoding=\"async\" src=\"https:\/\/www.infodictat.fr\/blog\/wp-content\/uploads\/2026\/04\/Informations-francaises-Guerre-en-Ukraine-La-treve-pascale-a-debute.jpg\"><\/p>\n<div>\n<p>Un cessez-le-feu entre Moscou et Kiev a d\u00e9but\u00e9 officiellement ce samedi sur le front en Ukraine \u00e0 l\u2019occasion de la P\u00e2que orthodoxe, mais le pr\u00e9sident ukrainien Volodymyr Zelensky a pr\u00e9venu que son arm\u00e9e r\u00e9pliquerait \u00ab coup sur coup \u00bb \u00e0 toute violation de cette cessation des hostilit\u00e9s.\u00a0Le Kremlin avait indiqu\u00e9 jeudi que cette tr\u00eave d\u00e9buterait samedi \u00e0 16 heures (15 heures heure de Paris) et durerait jusqu\u2019\u00e0 la fin de la journ\u00e9e de dimanche, soit une p\u00e9riode de 32 heures.<\/p>\n<\/div>\n<div>\n<p>Un peu plus t\u00f4t ce samedi, la Russie et l\u2019Ukraine ont \u00e9chang\u00e9 350 prisonniers de guerre,\u00a0175 de chaque camp, a annonc\u00e9 le minist\u00e8re russe de la D\u00e9fense.\u00a0\u00ab Le 11 avril, 175 militaires russes ont \u00e9t\u00e9 rapatri\u00e9s du territoire contr\u00f4l\u00e9 par Kiev. En \u00e9change, 175 prisonniers de guerre des forces arm\u00e9es ukrainiennes ont \u00e9t\u00e9 remis \u00bb, a indiqu\u00e9 le minist\u00e8re russe de la D\u00e9fense, dans un communiqu\u00e9 publi\u00e9 sur l\u2019application MAX.<\/p>\n<\/div>\n<div>\n<h2>\u00c9changes de frappes avant la tr\u00eave<\/h2>\n<p>Avant le d\u00e9but de cette tr\u00eave pascale, la Russie et l\u2019Ukraine ont \u00e9chang\u00e9 des frappes de drones dans la nuit de vendredi \u00e0 samedi. En Ukraine, vis\u00e9e par au moins 160 drones tir\u00e9s par la Russie, quatre personnes ont trouv\u00e9 la mort dans des frappes dans l\u2019est et le sud du pays, selon Kiev. Dans la r\u00e9gion m\u00e9ridionale d\u2019Odessa, deux personnes ont \u00e9t\u00e9 tu\u00e9es dans une frappe russe sur une zone r\u00e9sidentielle, selon les autorit\u00e9s. Des bombardements russes ont aussi bless\u00e9 14 personnes dans la r\u00e9gion de Soumy (nord-est) et 10 autres \u00e0 Kramatorsk, dans la r\u00e9gion de Donetsk (est), toujours selon les autorit\u00e9s locales.<\/p>\n<\/div>\n<div>\n<p>De l\u2019autre c\u00f4t\u00e9 du front, des drones ukrainiens lanc\u00e9s sur la r\u00e9gion russe de Krasnodar (sud) ont incendi\u00e9 un d\u00e9p\u00f4t de p\u00e9trole et endommag\u00e9 des immeubles r\u00e9sidentiels, selon les pouvoirs locaux. Et deux personnes ont \u00e9t\u00e9 tu\u00e9es lors d\u2019une frappe de drone ukrainien sur des territoires de la r\u00e9gion de Donetsk sous contr\u00f4le russe, ont indiqu\u00e9 les autorit\u00e9s install\u00e9es par Moscou.<\/p>\n<\/div>\n<p> <img decoding=\"async\" src=\"https:\/\/www.infodictat.fr\/blog\/wp-content\/uploads\/2026\/04\/Informations-francaises-Guerre-en-Ukraine-La-treve-pascale-a-debute.jpg\" alt=\"Guerre en Ukraine. La tr\u00eave pascale a d\u00e9but\u00e9 entre Moscou et Kiev, 350 prisonniers \u00e9chang\u00e9s\"><\/p>\n<p>#Guerre #Ukraine #tr\u00eave #pascale #d\u00e9but\u00e9 #entre #Moscou #Kiev #prisonniers #\u00e9chang\u00e9s<\/p>\n<p>Reprise de l\u2019information dans un style journalistique professionnel descriptif en organisant les id\u00e9es dans un ordre coh\u00e9rent avec titres html <\/p>\n<p>Lecture:<\/p>\n<p>Dictionnaire de la France moderne.,<a href=\"https:\/\/www.kobo.com\/fr\/fr\/ebook\/dictionnaire-de-la-france-moderne\" target=\"_blank\" rel=\"noopener noreferrer nofollow\">(la couverture) <\/a><span><\/span>.<\/p>\n<p>O\u00f9 va la France ?.,<a href=\"https:\/\/www.kobo.com\/fr\/fr\/ebook\/ou-va-la-france\" target=\"_blank\" rel=\"noopener noreferrer nofollow\">Infos sur l\u2019ouvrage<\/a><span><\/span>.<\/p>\n<p>Prisonniers de guerre \u00ab\u00a0indig\u00e8nes\u00a0\u00bb.,<a href=\"https:\/\/www.kobo.com\/fr\/fr\/ebook\/prisonniers-de-guerre-indigenes\" target=\"_blank\" rel=\"noopener noreferrer nofollow\">Clicker Ici <\/a><span><\/span>.<\/p>\n<p><script>\nvar date = \"Non r\u00e9cup\u00e9r\u00e9es\";\n        \/\/ Valeur de timestamp\n        var timestampString = 1775915883; \/\/ Assurez-vous que le timestamp est une cha\u00eene de texte\n        \/\/ Convertir la cha\u00eene de texte en nombre entier (timestamp)\n        var timestamp = parseInt(timestampString);\n        \/\/ Cr\u00e9er un objet Date \u00e0 partir du timestamp\n        var dateObject = new Date(timestamp * 1000); \/\/ Le timestamp est en secondes, donc on le multiplie par 1000 pour obtenir les millisecondes\n        \/\/ Format de date personnalis\u00e9\n        var options = { weekday: 'long', year: 'numeric', month: 'long', day: 'numeric', hour: 'numeric', minute: 'numeric', second: 'numeric', timeZone: 'Europe\/Paris' };\n        var formattedDate = dateObject.toLocaleDateString('fr-FR', options);\n formattedDate = formattedDate.replace(\/^.\/, formattedDate[0].toUpperCase());\n        \/\/ Afficher la date dans le HTML\n        document.getElementById('date').textContent = formattedDate;\n    <\/script><\/p>\n<p><script>\nvar datecrea = \"Non r\u00e9cup\u00e9r\u00e9e\";\n        \/\/ Date et heure au format \"2008-06-15 18:02:58\"\n        var dateString = \"2026-04-11 15:14:00\";\n        \/\/ Convertir la cha\u00eene de texte en objet Date\n        var now = new Date(dateString);\n        \/\/ Format de date personnalis\u00e9\n        var options = { weekday: 'long', year: 'numeric', month: 'long', day: 'numeric', hour: 'numeric', minute: 'numeric', second: 'numeric', timeZone: 'Europe\/Paris' };\n        var formattedDate = now.toLocaleDateString('fr-FR', options);\n formattedDate = formattedDate.replace(\/^.\/, formattedDate[0].toUpperCase());\n        \/\/ Afficher la date dans le HTML\n        document.getElementById('datecrea').textContent = formattedDate;\n    <\/script><\/p>\n<\/div>\n<p><img decoding=\"async\" class=\"wpe_imgrss\" src=\"https:\/\/www.infodictat.fr\/blog\/wp-content\/uploads\/2026\/04\/France-Guerre-en-Ukraine-La-treve-pascale-a-debute-entre.jpg\">Vous pouvez lire ce post traitant le sujet \u00ab\u00a0La dictature num\u00e9rique\u00a0\u00bb. Il est produit par la r\u00e9daction de infodictat.fr. Le site infodictat.fr a pour objectif de publier plusieurs articles autour du sujet La dictature num\u00e9rique d\u00e9velopp\u00e9es sur le web. Cette chronique se veut g\u00e9n\u00e9r\u00e9e de la fa\u00e7on la plus juste qui soit. Pour \u00e9mettre des remarques sur ce dossier autour du sujet \u00ab\u00a0La dictature num\u00e9rique\u00a0\u00bb prenez les contacts indiqu\u00e9s sur notre site internet. En consultant r\u00e9guli\u00e8rement nos contenus de blog vous serez au courant des futures parutions.<\/p>\n","protected":false},"excerpt":{"rendered":"<p>Guerre en Ukraine. La tr\u00eave pascale a d\u00e9but\u00e9 entre Moscou et Kiev, 350 prisonniers \u00e9chang\u00e9s annonc\u00e9 par Le Progr\u00e8s : info et actu nationale et r\u00e9gionale \u2013 Rh\u00f4ne, Loire, Ain, Haute-Loire et Jura | Le Progr\u00e8s le Notre \u00e9quipe a trouv\u00e9 un \u00e9ditorial sur le web dont le th\u00e8me est \u00abActualit\u00e9 fran\u00e7aise\u00bb. L\u2019article ci-dessous a &#8230; <a title=\"France: Guerre en Ukraine. La tr\u00eave pascale a d\u00e9but\u00e9 entre Moscou et Kiev, 350 prisonniers \u00e9chang\u00e9s #France\" class=\"read-more\" href=\"https:\/\/www.infodictat.fr\/blog\/france-guerre-en-ukraine-la-treve-pascale-a-debute-entre-moscou-et-kiev-350-prisonniers-echanges-france\/\" aria-label=\"En savoir plus sur France: Guerre en Ukraine. La tr\u00eave pascale a d\u00e9but\u00e9 entre Moscou et Kiev, 350 prisonniers \u00e9chang\u00e9s #France\">Lire la suite<\/a><\/p>\n","protected":false},"author":2,"featured_media":1473,"comment_status":"closed","ping_status":"closed","sticky":false,"template":"","format":"standard","meta":{"footnotes":""},"categories":[2],"tags":[],"class_list":["post-1472","post","type-post","status-publish","format-standard","has-post-thumbnail","hentry","category-la-dictature-numerique"],"yoast_head":"<!-- This site is optimized with the Yoast SEO plugin v27.5 - https:\/\/yoast.com\/product\/yoast-seo-wordpress\/ -->\n<title>France: Guerre en Ukraine. La tr\u00eave pascale a d\u00e9but\u00e9 entre Moscou et Kiev, 350 prisonniers \u00e9chang\u00e9s #France - INFODICTAT<\/title>\n<meta name=\"robots\" content=\"index, follow, max-snippet:-1, max-image-preview:large, max-video-preview:-1\" \/>\n<link rel=\"canonical\" href=\"https:\/\/www.infodictat.fr\/blog\/france-guerre-en-ukraine-la-treve-pascale-a-debute-entre-moscou-et-kiev-350-prisonniers-echanges-france\/\" \/>\n<meta property=\"og:locale\" content=\"fr_FR\" \/>\n<meta property=\"og:type\" content=\"article\" \/>\n<meta property=\"og:title\" content=\"France: Guerre en Ukraine. La tr\u00eave pascale a d\u00e9but\u00e9 entre Moscou et Kiev, 350 prisonniers \u00e9chang\u00e9s #France - INFODICTAT\" \/>\n<meta property=\"og:description\" content=\"Guerre en Ukraine. La tr\u00eave pascale a d\u00e9but\u00e9 entre Moscou et Kiev, 350 prisonniers \u00e9chang\u00e9s annonc\u00e9 par Le Progr\u00e8s : info et actu nationale et r\u00e9gionale \u2013 Rh\u00f4ne, Loire, Ain, Haute-Loire et Jura | Le Progr\u00e8s le Notre \u00e9quipe a trouv\u00e9 un \u00e9ditorial sur le web dont le th\u00e8me est \u00abActualit\u00e9 fran\u00e7aise\u00bb. L\u2019article ci-dessous a ... Lire la suite\" \/>\n<meta property=\"og:url\" content=\"https:\/\/www.infodictat.fr\/blog\/france-guerre-en-ukraine-la-treve-pascale-a-debute-entre-moscou-et-kiev-350-prisonniers-echanges-france\/\" \/>\n<meta property=\"og:site_name\" content=\"INFODICTAT\" \/>\n<meta property=\"article:published_time\" content=\"2026-04-11T16:03:39+00:00\" \/>\n<meta property=\"og:image\" content=\"https:\/\/www.infodictat.fr\/blog\/wp-content\/uploads\/2026\/04\/France-Guerre-en-Ukraine-La-treve-pascale-a-debute-entre.jpg\" \/>\n<meta name=\"author\" content=\"Oscar BETHMONT\" \/>\n<meta name=\"twitter:card\" content=\"summary_large_image\" \/>\n<meta name=\"twitter:label1\" content=\"\u00c9crit par\" \/>\n\t<meta name=\"twitter:data1\" content=\"Oscar BETHMONT\" \/>\n\t<meta name=\"twitter:label2\" content=\"Dur\u00e9e de lecture estim\u00e9e\" \/>\n\t<meta name=\"twitter:data2\" content=\"3 minutes\" \/>\n<script type=\"application\/ld+json\" class=\"yoast-schema-graph\">{\"@context\":\"https:\\\/\\\/schema.org\",\"@graph\":[{\"@type\":\"Article\",\"@id\":\"https:\\\/\\\/www.infodictat.fr\\\/blog\\\/france-guerre-en-ukraine-la-treve-pascale-a-debute-entre-moscou-et-kiev-350-prisonniers-echanges-france\\\/#article\",\"isPartOf\":{\"@id\":\"https:\\\/\\\/www.infodictat.fr\\\/blog\\\/france-guerre-en-ukraine-la-treve-pascale-a-debute-entre-moscou-et-kiev-350-prisonniers-echanges-france\\\/\"},\"author\":{\"name\":\"Oscar BETHMONT\",\"@id\":\"https:\\\/\\\/www.infodictat.fr\\\/blog\\\/#\\\/schema\\\/person\\\/6c2c8af0941702348e8eca9144cc1267\"},\"headline\":\"France: Guerre en Ukraine. La tr\u00eave pascale a d\u00e9but\u00e9 entre Moscou et Kiev, 350 prisonniers \u00e9chang\u00e9s #France\",\"datePublished\":\"2026-04-11T16:03:39+00:00\",\"mainEntityOfPage\":{\"@id\":\"https:\\\/\\\/www.infodictat.fr\\\/blog\\\/france-guerre-en-ukraine-la-treve-pascale-a-debute-entre-moscou-et-kiev-350-prisonniers-echanges-france\\\/\"},\"wordCount\":672,\"publisher\":{\"@id\":\"https:\\\/\\\/www.infodictat.fr\\\/blog\\\/#organization\"},\"image\":{\"@id\":\"https:\\\/\\\/www.infodictat.fr\\\/blog\\\/france-guerre-en-ukraine-la-treve-pascale-a-debute-entre-moscou-et-kiev-350-prisonniers-echanges-france\\\/#primaryimage\"},\"thumbnailUrl\":\"https:\\\/\\\/www.infodictat.fr\\\/blog\\\/wp-content\\\/uploads\\\/2026\\\/04\\\/France-Guerre-en-Ukraine-La-treve-pascale-a-debute-entre.jpg\",\"articleSection\":[\"La Dictature Num\u00e9rique:\"],\"inLanguage\":\"fr-FR\"},{\"@type\":\"WebPage\",\"@id\":\"https:\\\/\\\/www.infodictat.fr\\\/blog\\\/france-guerre-en-ukraine-la-treve-pascale-a-debute-entre-moscou-et-kiev-350-prisonniers-echanges-france\\\/\",\"url\":\"https:\\\/\\\/www.infodictat.fr\\\/blog\\\/france-guerre-en-ukraine-la-treve-pascale-a-debute-entre-moscou-et-kiev-350-prisonniers-echanges-france\\\/\",\"name\":\"France: Guerre en Ukraine. La tr\u00eave pascale a d\u00e9but\u00e9 entre Moscou et Kiev, 350 prisonniers \u00e9chang\u00e9s #France - INFODICTAT\",\"isPartOf\":{\"@id\":\"https:\\\/\\\/www.infodictat.fr\\\/blog\\\/#website\"},\"primaryImageOfPage\":{\"@id\":\"https:\\\/\\\/www.infodictat.fr\\\/blog\\\/france-guerre-en-ukraine-la-treve-pascale-a-debute-entre-moscou-et-kiev-350-prisonniers-echanges-france\\\/#primaryimage\"},\"image\":{\"@id\":\"https:\\\/\\\/www.infodictat.fr\\\/blog\\\/france-guerre-en-ukraine-la-treve-pascale-a-debute-entre-moscou-et-kiev-350-prisonniers-echanges-france\\\/#primaryimage\"},\"thumbnailUrl\":\"https:\\\/\\\/www.infodictat.fr\\\/blog\\\/wp-content\\\/uploads\\\/2026\\\/04\\\/France-Guerre-en-Ukraine-La-treve-pascale-a-debute-entre.jpg\",\"datePublished\":\"2026-04-11T16:03:39+00:00\",\"breadcrumb\":{\"@id\":\"https:\\\/\\\/www.infodictat.fr\\\/blog\\\/france-guerre-en-ukraine-la-treve-pascale-a-debute-entre-moscou-et-kiev-350-prisonniers-echanges-france\\\/#breadcrumb\"},\"inLanguage\":\"fr-FR\",\"potentialAction\":[{\"@type\":\"ReadAction\",\"target\":[\"https:\\\/\\\/www.infodictat.fr\\\/blog\\\/france-guerre-en-ukraine-la-treve-pascale-a-debute-entre-moscou-et-kiev-350-prisonniers-echanges-france\\\/\"]}]},{\"@type\":\"ImageObject\",\"inLanguage\":\"fr-FR\",\"@id\":\"https:\\\/\\\/www.infodictat.fr\\\/blog\\\/france-guerre-en-ukraine-la-treve-pascale-a-debute-entre-moscou-et-kiev-350-prisonniers-echanges-france\\\/#primaryimage\",\"url\":\"https:\\\/\\\/www.infodictat.fr\\\/blog\\\/wp-content\\\/uploads\\\/2026\\\/04\\\/France-Guerre-en-Ukraine-La-treve-pascale-a-debute-entre.jpg\",\"contentUrl\":\"https:\\\/\\\/www.infodictat.fr\\\/blog\\\/wp-content\\\/uploads\\\/2026\\\/04\\\/France-Guerre-en-Ukraine-La-treve-pascale-a-debute-entre.jpg\",\"width\":305,\"height\":171},{\"@type\":\"BreadcrumbList\",\"@id\":\"https:\\\/\\\/www.infodictat.fr\\\/blog\\\/france-guerre-en-ukraine-la-treve-pascale-a-debute-entre-moscou-et-kiev-350-prisonniers-echanges-france\\\/#breadcrumb\",\"itemListElement\":[{\"@type\":\"ListItem\",\"position\":1,\"name\":\"Accueil\",\"item\":\"https:\\\/\\\/www.infodictat.fr\\\/blog\\\/\"},{\"@type\":\"ListItem\",\"position\":2,\"name\":\"France: Guerre en Ukraine. La tr\u00eave pascale a d\u00e9but\u00e9 entre Moscou et Kiev, 350 prisonniers \u00e9chang\u00e9s #France\"}]},{\"@type\":\"WebSite\",\"@id\":\"https:\\\/\\\/www.infodictat.fr\\\/blog\\\/#website\",\"url\":\"https:\\\/\\\/www.infodictat.fr\\\/blog\\\/\",\"name\":\"INFODICTAT\",\"description\":\"La dictature num\u00e9rique.\",\"publisher\":{\"@id\":\"https:\\\/\\\/www.infodictat.fr\\\/blog\\\/#organization\"},\"potentialAction\":[{\"@type\":\"SearchAction\",\"target\":{\"@type\":\"EntryPoint\",\"urlTemplate\":\"https:\\\/\\\/www.infodictat.fr\\\/blog\\\/?s={search_term_string}\"},\"query-input\":{\"@type\":\"PropertyValueSpecification\",\"valueRequired\":true,\"valueName\":\"search_term_string\"}}],\"inLanguage\":\"fr-FR\"},{\"@type\":\"Organization\",\"@id\":\"https:\\\/\\\/www.infodictat.fr\\\/blog\\\/#organization\",\"name\":\"infodictat\",\"url\":\"https:\\\/\\\/www.infodictat.fr\\\/blog\\\/\",\"logo\":{\"@type\":\"ImageObject\",\"inLanguage\":\"fr-FR\",\"@id\":\"https:\\\/\\\/www.infodictat.fr\\\/blog\\\/#\\\/schema\\\/logo\\\/image\\\/\",\"url\":\"https:\\\/\\\/www.infodictat.fr\\\/blog\\\/wp-content\\\/uploads\\\/2023\\\/05\\\/logo-2.png\",\"contentUrl\":\"https:\\\/\\\/www.infodictat.fr\\\/blog\\\/wp-content\\\/uploads\\\/2023\\\/05\\\/logo-2.png\",\"width\":480,\"height\":596,\"caption\":\"infodictat\"},\"image\":{\"@id\":\"https:\\\/\\\/www.infodictat.fr\\\/blog\\\/#\\\/schema\\\/logo\\\/image\\\/\"}},{\"@type\":\"Person\",\"@id\":\"https:\\\/\\\/www.infodictat.fr\\\/blog\\\/#\\\/schema\\\/person\\\/6c2c8af0941702348e8eca9144cc1267\",\"name\":\"Oscar BETHMONT\",\"image\":{\"@type\":\"ImageObject\",\"inLanguage\":\"fr-FR\",\"@id\":\"https:\\\/\\\/secure.gravatar.com\\\/avatar\\\/f80ff32d67d40b919e8be190b7325be3c6cb33ce305ac1d45cadad29128e831e?s=96&d=mm&r=g\",\"url\":\"https:\\\/\\\/secure.gravatar.com\\\/avatar\\\/f80ff32d67d40b919e8be190b7325be3c6cb33ce305ac1d45cadad29128e831e?s=96&d=mm&r=g\",\"contentUrl\":\"https:\\\/\\\/secure.gravatar.com\\\/avatar\\\/f80ff32d67d40b919e8be190b7325be3c6cb33ce305ac1d45cadad29128e831e?s=96&d=mm&r=g\",\"caption\":\"Oscar BETHMONT\"},\"url\":\"https:\\\/\\\/www.infodictat.fr\\\/blog\\\/author\\\/tatoscar\\\/\"}]}<\/script>\n<!-- \/ Yoast SEO plugin. -->","yoast_head_json":{"title":"France: Guerre en Ukraine. La tr\u00eave pascale a d\u00e9but\u00e9 entre Moscou et Kiev, 350 prisonniers \u00e9chang\u00e9s #France - INFODICTAT","robots":{"index":"index","follow":"follow","max-snippet":"max-snippet:-1","max-image-preview":"max-image-preview:large","max-video-preview":"max-video-preview:-1"},"canonical":"https:\/\/www.infodictat.fr\/blog\/france-guerre-en-ukraine-la-treve-pascale-a-debute-entre-moscou-et-kiev-350-prisonniers-echanges-france\/","og_locale":"fr_FR","og_type":"article","og_title":"France: Guerre en Ukraine. La tr\u00eave pascale a d\u00e9but\u00e9 entre Moscou et Kiev, 350 prisonniers \u00e9chang\u00e9s #France - INFODICTAT","og_description":"Guerre en Ukraine. La tr\u00eave pascale a d\u00e9but\u00e9 entre Moscou et Kiev, 350 prisonniers \u00e9chang\u00e9s annonc\u00e9 par Le Progr\u00e8s : info et actu nationale et r\u00e9gionale \u2013 Rh\u00f4ne, Loire, Ain, Haute-Loire et Jura | Le Progr\u00e8s le Notre \u00e9quipe a trouv\u00e9 un \u00e9ditorial sur le web dont le th\u00e8me est \u00abActualit\u00e9 fran\u00e7aise\u00bb. L\u2019article ci-dessous a ... Lire la suite","og_url":"https:\/\/www.infodictat.fr\/blog\/france-guerre-en-ukraine-la-treve-pascale-a-debute-entre-moscou-et-kiev-350-prisonniers-echanges-france\/","og_site_name":"INFODICTAT","article_published_time":"2026-04-11T16:03:39+00:00","og_image":[{"url":"https:\/\/www.infodictat.fr\/blog\/wp-content\/uploads\/2026\/04\/France-Guerre-en-Ukraine-La-treve-pascale-a-debute-entre.jpg","type":"","width":"","height":""}],"author":"Oscar BETHMONT","twitter_card":"summary_large_image","twitter_misc":{"\u00c9crit par":"Oscar BETHMONT","Dur\u00e9e de lecture estim\u00e9e":"3 minutes"},"schema":{"@context":"https:\/\/schema.org","@graph":[{"@type":"Article","@id":"https:\/\/www.infodictat.fr\/blog\/france-guerre-en-ukraine-la-treve-pascale-a-debute-entre-moscou-et-kiev-350-prisonniers-echanges-france\/#article","isPartOf":{"@id":"https:\/\/www.infodictat.fr\/blog\/france-guerre-en-ukraine-la-treve-pascale-a-debute-entre-moscou-et-kiev-350-prisonniers-echanges-france\/"},"author":{"name":"Oscar BETHMONT","@id":"https:\/\/www.infodictat.fr\/blog\/#\/schema\/person\/6c2c8af0941702348e8eca9144cc1267"},"headline":"France: Guerre en Ukraine. La tr\u00eave pascale a d\u00e9but\u00e9 entre Moscou et Kiev, 350 prisonniers \u00e9chang\u00e9s #France","datePublished":"2026-04-11T16:03:39+00:00","mainEntityOfPage":{"@id":"https:\/\/www.infodictat.fr\/blog\/france-guerre-en-ukraine-la-treve-pascale-a-debute-entre-moscou-et-kiev-350-prisonniers-echanges-france\/"},"wordCount":672,"publisher":{"@id":"https:\/\/www.infodictat.fr\/blog\/#organization"},"image":{"@id":"https:\/\/www.infodictat.fr\/blog\/france-guerre-en-ukraine-la-treve-pascale-a-debute-entre-moscou-et-kiev-350-prisonniers-echanges-france\/#primaryimage"},"thumbnailUrl":"https:\/\/www.infodictat.fr\/blog\/wp-content\/uploads\/2026\/04\/France-Guerre-en-Ukraine-La-treve-pascale-a-debute-entre.jpg","articleSection":["La Dictature Num\u00e9rique:"],"inLanguage":"fr-FR"},{"@type":"WebPage","@id":"https:\/\/www.infodictat.fr\/blog\/france-guerre-en-ukraine-la-treve-pascale-a-debute-entre-moscou-et-kiev-350-prisonniers-echanges-france\/","url":"https:\/\/www.infodictat.fr\/blog\/france-guerre-en-ukraine-la-treve-pascale-a-debute-entre-moscou-et-kiev-350-prisonniers-echanges-france\/","name":"France: Guerre en Ukraine. La tr\u00eave pascale a d\u00e9but\u00e9 entre Moscou et Kiev, 350 prisonniers \u00e9chang\u00e9s #France - INFODICTAT","isPartOf":{"@id":"https:\/\/www.infodictat.fr\/blog\/#website"},"primaryImageOfPage":{"@id":"https:\/\/www.infodictat.fr\/blog\/france-guerre-en-ukraine-la-treve-pascale-a-debute-entre-moscou-et-kiev-350-prisonniers-echanges-france\/#primaryimage"},"image":{"@id":"https:\/\/www.infodictat.fr\/blog\/france-guerre-en-ukraine-la-treve-pascale-a-debute-entre-moscou-et-kiev-350-prisonniers-echanges-france\/#primaryimage"},"thumbnailUrl":"https:\/\/www.infodictat.fr\/blog\/wp-content\/uploads\/2026\/04\/France-Guerre-en-Ukraine-La-treve-pascale-a-debute-entre.jpg","datePublished":"2026-04-11T16:03:39+00:00","breadcrumb":{"@id":"https:\/\/www.infodictat.fr\/blog\/france-guerre-en-ukraine-la-treve-pascale-a-debute-entre-moscou-et-kiev-350-prisonniers-echanges-france\/#breadcrumb"},"inLanguage":"fr-FR","potentialAction":[{"@type":"ReadAction","target":["https:\/\/www.infodictat.fr\/blog\/france-guerre-en-ukraine-la-treve-pascale-a-debute-entre-moscou-et-kiev-350-prisonniers-echanges-france\/"]}]},{"@type":"ImageObject","inLanguage":"fr-FR","@id":"https:\/\/www.infodictat.fr\/blog\/france-guerre-en-ukraine-la-treve-pascale-a-debute-entre-moscou-et-kiev-350-prisonniers-echanges-france\/#primaryimage","url":"https:\/\/www.infodictat.fr\/blog\/wp-content\/uploads\/2026\/04\/France-Guerre-en-Ukraine-La-treve-pascale-a-debute-entre.jpg","contentUrl":"https:\/\/www.infodictat.fr\/blog\/wp-content\/uploads\/2026\/04\/France-Guerre-en-Ukraine-La-treve-pascale-a-debute-entre.jpg","width":305,"height":171},{"@type":"BreadcrumbList","@id":"https:\/\/www.infodictat.fr\/blog\/france-guerre-en-ukraine-la-treve-pascale-a-debute-entre-moscou-et-kiev-350-prisonniers-echanges-france\/#breadcrumb","itemListElement":[{"@type":"ListItem","position":1,"name":"Accueil","item":"https:\/\/www.infodictat.fr\/blog\/"},{"@type":"ListItem","position":2,"name":"France: Guerre en Ukraine. La tr\u00eave pascale a d\u00e9but\u00e9 entre Moscou et Kiev, 350 prisonniers \u00e9chang\u00e9s #France"}]},{"@type":"WebSite","@id":"https:\/\/www.infodictat.fr\/blog\/#website","url":"https:\/\/www.infodictat.fr\/blog\/","name":"INFODICTAT","description":"La dictature num\u00e9rique.","publisher":{"@id":"https:\/\/www.infodictat.fr\/blog\/#organization"},"potentialAction":[{"@type":"SearchAction","target":{"@type":"EntryPoint","urlTemplate":"https:\/\/www.infodictat.fr\/blog\/?s={search_term_string}"},"query-input":{"@type":"PropertyValueSpecification","valueRequired":true,"valueName":"search_term_string"}}],"inLanguage":"fr-FR"},{"@type":"Organization","@id":"https:\/\/www.infodictat.fr\/blog\/#organization","name":"infodictat","url":"https:\/\/www.infodictat.fr\/blog\/","logo":{"@type":"ImageObject","inLanguage":"fr-FR","@id":"https:\/\/www.infodictat.fr\/blog\/#\/schema\/logo\/image\/","url":"https:\/\/www.infodictat.fr\/blog\/wp-content\/uploads\/2023\/05\/logo-2.png","contentUrl":"https:\/\/www.infodictat.fr\/blog\/wp-content\/uploads\/2023\/05\/logo-2.png","width":480,"height":596,"caption":"infodictat"},"image":{"@id":"https:\/\/www.infodictat.fr\/blog\/#\/schema\/logo\/image\/"}},{"@type":"Person","@id":"https:\/\/www.infodictat.fr\/blog\/#\/schema\/person\/6c2c8af0941702348e8eca9144cc1267","name":"Oscar BETHMONT","image":{"@type":"ImageObject","inLanguage":"fr-FR","@id":"https:\/\/secure.gravatar.com\/avatar\/f80ff32d67d40b919e8be190b7325be3c6cb33ce305ac1d45cadad29128e831e?s=96&d=mm&r=g","url":"https:\/\/secure.gravatar.com\/avatar\/f80ff32d67d40b919e8be190b7325be3c6cb33ce305ac1d45cadad29128e831e?s=96&d=mm&r=g","contentUrl":"https:\/\/secure.gravatar.com\/avatar\/f80ff32d67d40b919e8be190b7325be3c6cb33ce305ac1d45cadad29128e831e?s=96&d=mm&r=g","caption":"Oscar BETHMONT"},"url":"https:\/\/www.infodictat.fr\/blog\/author\/tatoscar\/"}]}},"_links":{"self":[{"href":"https:\/\/www.infodictat.fr\/blog\/wp-json\/wp\/v2\/posts\/1472","targetHints":{"allow":["GET"]}}],"collection":[{"href":"https:\/\/www.infodictat.fr\/blog\/wp-json\/wp\/v2\/posts"}],"about":[{"href":"https:\/\/www.infodictat.fr\/blog\/wp-json\/wp\/v2\/types\/post"}],"author":[{"embeddable":true,"href":"https:\/\/www.infodictat.fr\/blog\/wp-json\/wp\/v2\/users\/2"}],"replies":[{"embeddable":true,"href":"https:\/\/www.infodictat.fr\/blog\/wp-json\/wp\/v2\/comments?post=1472"}],"version-history":[{"count":0,"href":"https:\/\/www.infodictat.fr\/blog\/wp-json\/wp\/v2\/posts\/1472\/revisions"}],"wp:featuredmedia":[{"embeddable":true,"href":"https:\/\/www.infodictat.fr\/blog\/wp-json\/wp\/v2\/media\/1473"}],"wp:attachment":[{"href":"https:\/\/www.infodictat.fr\/blog\/wp-json\/wp\/v2\/media?parent=1472"}],"wp:term":[{"taxonomy":"category","embeddable":true,"href":"https:\/\/www.infodictat.fr\/blog\/wp-json\/wp\/v2\/categories?post=1472"},{"taxonomy":"post_tag","embeddable":true,"href":"https:\/\/www.infodictat.fr\/blog\/wp-json\/wp\/v2\/tags?post=1472"}],"curies":[{"name":"wp","href":"https:\/\/api.w.org\/{rel}","templated":true}]}}