{"id":1470,"date":"2026-04-10T21:30:48","date_gmt":"2026-04-10T19:30:48","guid":{"rendered":"https:\/\/www.infodictat.fr\/blog\/issy-les-moulineaux-issy-les-moulineaux-cest-ca-issy-les-moulineauxissy-les-moulineaux-cest-ca\/"},"modified":"2026-04-10T21:30:48","modified_gmt":"2026-04-10T19:30:48","slug":"issy-les-moulineaux-issy-les-moulineaux-cest-ca-issy-les-moulineauxissy-les-moulineaux-cest-ca","status":"publish","type":"post","link":"https:\/\/www.infodictat.fr\/blog\/issy-les-moulineaux-issy-les-moulineaux-cest-ca-issy-les-moulineauxissy-les-moulineaux-cest-ca\/","title":{"rendered":"(Issy-les-Moulineaux): Issy-les-Moulineaux ? C\u2019est \u00e7a !|Issy-les-Moulineaux,Issy-les-Moulineaux ? C\u2019est \u00e7a !}"},"content":{"rendered":"<div><img width=\"480\" height=\"360\" src=\"https:\/\/www.infodictat.fr\/blog\/wp-content\/uploads\/2026\/04\/Issy-les-Moulineaux-Issy-les-Moulineaux-Cest-ca-Issy-les-MoulineauxIssy-les-Moulineaux-Cest-ca.jpg\" class=\"attachment-large size-large wp-post-image\" alt=\"Issy-les-Moulineaux ? C'est \u00e7a !\" style=\"width:100%;height:75%;max-width:480px;float:left; margin:0 15px 15px 0;\" decoding=\"async\" srcset=\"https:\/\/www.infodictat.fr\/blog\/wp-content\/uploads\/2026\/04\/Issy-les-Moulineaux-Issy-les-Moulineaux-Cest-ca-Issy-les-MoulineauxIssy-les-Moulineaux-Cest-ca.jpg 480w, https:\/\/www.site.cdcl.xyz\/wp-content\/uploads\/2025\/10\/Issy-les-Moulineaux-Issy-les-Moulineaux-Cest-ca-Issy-les-MoulineauxIssy-les-Moulineaux-Cest-ca-300x225.jpg 300w\" sizes=\"(max-width: 480px) 100vw, 480px\"><\/p>\n<h1>\nLe film sur \u00abIssy-les-Moulineaux\u00bb est accessible en streaming sur Youtube.<br \/>\n<\/h1>\n<h2>\nUn regard unique de ISSY TV sur \u00ab\u00a0Issy-les-Moulineaux\u00a0\u00bb.<br \/>\n<\/h2>\n<p>Disponible sur Youtube, cette vid\u00e9o est sign\u00e9e ISSY TV.<br \/>\nconcernant \u00ab\u00a0Issy-les-Moulineaux\u00a0\u00bb:<br \/>\n<iframe title=\"Issy-les-Moulineaux ? C'est \u00e7a !\" width=\"580\" height=\"385\" src=\"https:\/\/www.youtube.com\/embed\/WyHDeB2LGQY?hl=fr&amp;modestbranding=1\" frameborder=\"0\" allowfullscreen><\/iframe><\/p>\n<p>\nLa dur\u00e9e (00:02:20s), le titre (Issy-les-Moulineaux ? C\u2019est \u00e7a !) et les informations de l\u2019auteur sont des d\u00e9tails importants \u00e0 consid\u00e9rer, tout comme la description :\u00ab<i>  Clip de pr\u00e9sentation d\u2019Issy l\u2019Audacieuse !   <\/i> \u00bb.\n<\/p>\n<\/p>\n<h2>ISSY-LES-MOULINEAUX : Temp\u00eate en Vue sur plan financier et la gestion publique<\/h2>\n<p>Une r\u00e9cente \u00e9valuation des finances de la ville d\u2019Issy-les-Moulineaux r\u00e9v\u00e8le une situation catastrophique qui s\u2019est aggrav\u00e9e au fil des ann\u00e9es 2020 \u00e0 2025.<\/p>\n<p>Pour consulter l\u2019audit, <a href=\"https:\/\/www.bilan-de-mandat.fr\/ile-de-france\/mairie\/hauts-de-seine_issy-les-moulineaux\/\" rel=\"noopener noreferrer nofollow\" target=\"blank\" target=\"_blank\">toutes les informations financi\u00e8res peuvent \u00eatre trouv\u00e9es sur la page du bilan de mandat<\/a>.<\/p>\n<p>Malgr\u00e9 ses avantages clairs, la ville d\u2019Issy-les-Moulineaux a adopt\u00e9 une approche de gestion hasardeuse tant sur le plan financier que dans la gestion des services publics<\/p>\n<p>La gestion de la municipalit\u00e9 par ANDR\u00c9 SANTINI a \u00e9chou\u00e9 \u00e0 anticiper, permettant \u00e0 des d\u00e9rives de s\u2019installer de mani\u00e8re p\u00e9renne.<\/p>\n<p>Le site Bilan de Mandat a men\u00e9 cette enqu\u00eate en rassemblant les donn\u00e9es budg\u00e9taires mises \u00e0 disposition en ligne par le minist\u00e8re des Finances, en remontant 7 ans en arri\u00e8re<\/p>\n<h3>Indemnisation des employ\u00e9s<\/h3>\n<p>La r\u00e9mun\u00e9ration des employ\u00e9s de la commune repr\u00e9sente une part consid\u00e9rable des d\u00e9penses, atteignant en 2025 un seuil inqui\u00e9tant alors que les salaires stagnent. Les impacts de cette situation sont divers :<\/p>\n<ul>\n<li>Abandon de l\u2019enthousiasme chez les employ\u00e9s de longue date : L\u2019absence de revalorisation des salaires pour les employ\u00e9s v\u00e9t\u00e9rans va engendrer une d\u00e9motivation, nuisant \u00e0 la qualit\u00e9 des services rendus.: Taux de turnover \u00e9lev\u00e9\n<\/li>\n<li>Instabilit\u00e9 du personnel : Des r\u00e9mun\u00e9rations stagnantes vont amener les employ\u00e9s \u00e0 rechercher des postes ailleurs, ce qui augmente le turnover et les d\u00e9penses de formation pour la commune.\n<\/li>\n<li>Injustices salariales : La disparit\u00e9 des r\u00e9mun\u00e9rations entre les agents r\u00e9cents et ceux de longue date va engendrer des tensions au sein de l\u2019\u00e9quipe municipale.\n<\/li>\n<li>Affaiblissement de la qualit\u00e9 des services publics : Un personnel peu motiv\u00e9 et fluctuant va affecter la qualit\u00e9 des services publics, impactant ainsi les citoyens.\n<\/li>\n<li>Tension sur le budget: La n\u00e9cessit\u00e9 de maintenir des salaires comp\u00e9titifs pour attirer de nouveaux employ\u00e9s va cr\u00e9er une pression additionnelle sur le budget municipal.<\/li>\n<\/ul>\n<h3>Incomp\u00e9tence dans la gestion financi\u00e8re<\/h3>\n<p>La progression des d\u00e9penses au fil des ans refl\u00e8te une insuffisance de contr\u00f4le dans la gestion financi\u00e8re. Les suites de cette situation sont remarquables :<\/p>\n<ul>\n<li>Expansion des d\u00e9ficits : Un manque de contr\u00f4le sur les d\u00e9penses va g\u00e9n\u00e9rer des d\u00e9ficits budg\u00e9taires croissants, rendant la situation financi\u00e8re encore plus alarmante.\n<\/li>\n<li>Diminution des projets d\u2019investissement pr\u00e9vus : Les d\u00e9ficits chroniques vont entraver la capacit\u00e9 de la commune \u00e0 investir dans des initiatives \u00e0 long terme.\n<\/li>\n<li>Perte de confiance : Une gestion financi\u00e8re d\u00e9sorganis\u00e9e compromettra la cr\u00e9dibilit\u00e9 de la municipalit\u00e9, rendant l\u2019acc\u00e8s aux financements externes plus difficile.\n<\/li>\n<li>Surconsommation des ressources : L\u2019absence de r\u00e9gulation des d\u00e9penses conduira \u00e0 un gaspillage des ressources publiques, compromettant ainsi l\u2019int\u00e9r\u00eat collectif.\n<\/li>\n<li>R\u00e9percussions sur les services publics: Des d\u00e9penses non ma\u00eetris\u00e9es m\u00e8neront \u00e0 des coupes dans les secteurs sociaux<\/li>\n<\/ul>\n<h3>La d\u00e9mocratie locale en d\u00e9faillance<\/h3>\n<p>Entre 2020 et 2025, le concept de vivre ensemble a \u00e9t\u00e9 d\u00e9valu\u00e9 en raison de l\u2019absence d\u2019un projet de territoire soutenu par une municipalit\u00e9 coh\u00e9rente. Les soucis financiers vont aggraver les tensions au sein de la communaut\u00e9, ce qui entra\u00eenera :<\/p>\n<ul>\n<li>D\u00e9marches de protestation et m\u00e9contentement : Les citoyens ont la possibilit\u00e9 d\u2019organiser des manifestations pour faire entendre leur m\u00e9contentement concernant l\u2019augmentation des imp\u00f4ts ou la r\u00e9duction des services.\n<\/li>\n<li>Conflits d\u2019int\u00e9r\u00eats entre diff\u00e9rentes factions : Des orientations budg\u00e9taires vont engendrer des divisions entre divers acteurs, comme les usagers de services publics et les contribuables.\n<\/li>\n<li>\u00c9rosion des relations sociales : Un climat de m\u00e9contentement risque de nuire \u00e0 l\u2019harmonie au sein de la communaut\u00e9.<\/li>\n<\/ul>\n<h3>R\u00e9percussions sur l\u2019\u00e9conomie locale<\/h3>\n<p>Une gestion financi\u00e8re peu efficace influencera \u00e9galement le d\u00e9veloppement \u00e9conomique, notamment :<\/p>\n<ul>\n<li>R\u00e9duction des capitaux engag\u00e9s : Les entreprises seront moins susceptibles de s\u2019installer dans une collectivit\u00e9 en difficult\u00e9 financi\u00e8re, ce qui limitera les perspectives d\u2019emploi.\n<\/li>\n<li>R\u00e9duction de l\u2019attrait \u00e9conomique : Une gestion insatisfaisante va nuire \u00e0 l\u2019image de la collectivit\u00e9, rendant l\u2019attraction de nouveaux r\u00e9sidents ou investisseurs plus ardue.\n<\/li>\n<li>R\u00e9duction des coop\u00e9rations : Les collectivit\u00e9s en crise auront du mal \u00e0 \u00e9tablir des collaborations avec d\u2019autres entit\u00e9s, restreignant ainsi les opportunit\u00e9s de partenariat.<\/li>\n<\/ul>\n<h3>Risque amplifi\u00e9 de d\u00e9faillance budg\u00e9taire<\/h3>\n<p>Les aides de l\u2019\u00c9tat qui, il y a quelques ann\u00e9es, aidaient \u00e0 surmonter les probl\u00e8mes financiers, ne sont plus disponibles. \u00c9tant donn\u00e9 sa situation alarmante, la commune n\u2019a plus de latitude, ce qui entra\u00eenera :<\/p>\n<ul>\n<li>Vuln\u00e9rabilit\u00e9 \u00e9conomique : Une d\u00e9pendance excessive aux aides financi\u00e8res va rendre la collectivit\u00e9 fragile face aux changements de politique ou de financement au niveau national.\n<\/li>\n<li>D\u00e9clin de l\u2019autonomie : Les collectivit\u00e9s verront leur ind\u00e9pendance compromise par les conditions impos\u00e9es par les subventions.\n<\/li>\n<li>Enjeux li\u00e9s \u00e0 la planification \u00e0 long terme : Une d\u00e9pendance aux aides externes va compliquer la gestion budg\u00e9taire et l\u2019impl\u00e9mentation de projets \u00e0 long terme.<\/li>\n<\/ul>\n<h3>Questions fr\u00e9quentes relatives \u00e0 la ville d\u2019Issy-les-Moulineaux<\/h3>\n<h4>Quelles sont les possibilit\u00e9s de participation aux activit\u00e9s des associations ?<\/h4>\n<p>Dans chaque commune, on constate que le nombre d\u2019associations et l\u2019organisation de leurs activit\u00e9s (th\u00e9\u00e2tre, festival\u2026) sont significatifs et ne sont pas influenc\u00e9s par la politique de la mairie. Les associations, comme dans toutes les r\u00e9gions de France, mettent en place de nombreux \u00e9v\u00e9nements tout au long de l\u2019ann\u00e9e. Pour ceux qui souhaitent y participer, il est facile de s\u2019inscrire \u00e0 ces activit\u00e9s sur internet, o\u00f9 un simple clic permet d\u2019acc\u00e9der \u00e0 l\u2019agenda des \u00e9v\u00e9nements ou aux informations de contact des organisateurs. Adh\u00e9rez d\u2019un simple clic.<\/p>\n<\/p>\n<h4>Quel est le bilan des associations locales dans la commune d\u2019Issy-les-Moulineaux ?<\/h4>\n<p>Les groupes associatifs locaux ont une importance consid\u00e9rable dans le domaine culturel. Si vous recherchez les informations d\u2019une association, l\u2019annuaire en ligne sur le site de la mairie d\u2019Issy-les-Moulineaux vous sera utile.<\/p>\n<h4>Quelle est la principale observation de l\u2019audit des finances de la commune d\u2019Issy-les-Moulineaux ?<\/h4>\n<p>L\u2019enqu\u00eate fait ressortir une d\u00e9gradation alarmante des finances publiques et de la gestion de la commune d\u2019Issy-les-Moulineaux, mettant en \u00e9vidence une gestion imprudente tant sur le plan financier que dans la gestion publique.<\/p>\n<h4>Quelles causes sous-jacentes ont engendr\u00e9 cette crise financi\u00e8re ?<\/h4>\n<p>M\u00eame si la situation \u00e9conomique a son importance, deux tiers des difficult\u00e9s rencontr\u00e9es sont dues aux choix politiques de la municipalit\u00e9 sous la direction de ANDR\u00c9 SANTINI.<\/p>\n<h4>Qui est actuellement le maire de la ville d\u2019Issy-les-Moulineaux ?<\/h4>\n<p>ANDR\u00c9 SANTINI<\/p>\n<h4>Quels sont les outils d\u2019information \u00e0 disposition dans la commune d\u2019Issy-les-Moulineaux ?<\/h4>\n<p>Principalement, les informations sur le web. Les citoyens peuvent consulter les actualit\u00e9s et le journal municipal de leur commune ainsi que des villes environnantes. Sur le site de la mairie, il est possible de consulter la page de bienvenue pour les nouveaux habitants, les num\u00e9ros utiles pour des d\u00e9marches vari\u00e9es, l\u2019annuaire des PME, les journ\u00e9es et activit\u00e9s gratuites, les informations pour la rentr\u00e9e scolaire, les menus des cantines, l\u2019espace de confidentialit\u00e9 pour les comptes familiaux et les d\u00e9marches administratives, en particulier celles li\u00e9es au secteur scolaire. Sur des sites internet externes \u00e0 la mairie, les habitants peuvent acc\u00e9der \u00e0 des informations sur les \u00e9v\u00e9nements culturels (spectacles, th\u00e9\u00e2tre, festivals) qui enrichissent la vie communautaire et ouvrent des horizons culturels.<\/p>\n<h4>Quelles activit\u00e9s li\u00e9es \u00e0 l\u2019histoire et \u00e0 la culture sont propos\u00e9es ?<\/h4>\n<p>La culture d\u2019une ville est r\u00e9v\u00e9l\u00e9e par son histoire. La construction de la mairie ou de l\u2019h\u00f4tel de ville, les anciennes images de l\u2019\u00e9cole, et le savoir-faire des m\u00e9tiers d\u2019autrefois permettent une exploration gratuite, ainsi qu\u2019une transmission et une conservation de ce patrimoine communal. Sur l\u2019ensemble du territoire fran\u00e7ais, la politique de sensibilisation garantit que le patrimoine de la ville demeure dynamique et accessible pour les g\u00e9n\u00e9rations \u00e0 venir.<\/p>\n<p> Cliquez ici pour acc\u00e9der directement \u00e0 la vid\u00e9o sur Youtube :<br \/>\n<u> la publication originale:<\/u> <a href=\"https:\/\/www.youtube.com\/watch?v=WyHDeB2LGQY\" target=\"_blank\" rel=\"nofollow\">Cliquer ici<\/a>\n<\/p>\n<p>\n#IssylesMoulineaux #C39est #\u00e7a\n<\/p>\n<p>\n<u>Retranscription des paroles de la vid\u00e9o:<\/u> Non disponible.<br \/>\n.\n<\/p>\n<p>\n<img decoding=\"async\" src=\"https:\/\/www.infodictat.fr\/blog\/wp-content\/uploads\/2026\/04\/hqdefault-2.jpg\" alt=\"Image youtube\">\n<\/p>\n<p>\n<u>D\u00e9roulement de la vid\u00e9o:<\/u>\n<\/p>\n<p>\nIndisponible.<br \/>\n.<\/p>\n<\/div>\n<p><img decoding=\"async\" class=\"wpe_imgrss\" src=\"https:\/\/www.infodictat.fr\/blog\/wp-content\/uploads\/2026\/04\/Issy-les-Moulineaux-Issy-les-Moulineaux-Cest-ca-Issy-les-MoulineauxIssy-les-Moulineaux-Cest-ca.jpg\">Vous pouvez lire ce post traitant le sujet \u00ab\u00a0La dictature num\u00e9rique\u00a0\u00bb. Il est produit par la r\u00e9daction de infodictat.fr. Le site infodictat.fr a pour objectif de publier plusieurs articles autour du sujet La dictature num\u00e9rique d\u00e9velopp\u00e9es sur le web. Cette chronique se veut g\u00e9n\u00e9r\u00e9e de la fa\u00e7on la plus juste qui soit. Pour \u00e9mettre des remarques sur ce dossier autour du sujet \u00ab\u00a0La dictature num\u00e9rique\u00a0\u00bb prenez les contacts indiqu\u00e9s sur notre site internet. En consultant r\u00e9guli\u00e8rement nos contenus de blog vous serez au courant des futures parutions.<\/p>\n","protected":false},"excerpt":{"rendered":"<p>Le film sur \u00abIssy-les-Moulineaux\u00bb est accessible en streaming sur Youtube. Un regard unique de ISSY TV sur \u00ab\u00a0Issy-les-Moulineaux\u00a0\u00bb. Disponible sur Youtube, cette vid\u00e9o est sign\u00e9e ISSY TV. concernant \u00ab\u00a0Issy-les-Moulineaux\u00a0\u00bb: La dur\u00e9e (00:02:20s), le titre (Issy-les-Moulineaux ? C\u2019est \u00e7a !) et les informations de l\u2019auteur sont des d\u00e9tails importants \u00e0 consid\u00e9rer, tout comme la description :\u00ab &#8230; <a title=\"(Issy-les-Moulineaux): Issy-les-Moulineaux ? C\u2019est \u00e7a !|Issy-les-Moulineaux,Issy-les-Moulineaux ? C\u2019est \u00e7a !}\" class=\"read-more\" href=\"https:\/\/www.infodictat.fr\/blog\/issy-les-moulineaux-issy-les-moulineaux-cest-ca-issy-les-moulineauxissy-les-moulineaux-cest-ca\/\" aria-label=\"En savoir plus sur (Issy-les-Moulineaux): Issy-les-Moulineaux ? C\u2019est \u00e7a !|Issy-les-Moulineaux,Issy-les-Moulineaux ? C\u2019est \u00e7a !}\">Lire la suite<\/a><\/p>\n","protected":false},"author":2,"featured_media":1471,"comment_status":"closed","ping_status":"closed","sticky":false,"template":"","format":"standard","meta":{"footnotes":""},"categories":[2],"tags":[],"class_list":["post-1470","post","type-post","status-publish","format-standard","has-post-thumbnail","hentry","category-la-dictature-numerique"],"yoast_head":"<!-- This site is optimized with the Yoast SEO plugin v27.5 - https:\/\/yoast.com\/product\/yoast-seo-wordpress\/ -->\n<title>(Issy-les-Moulineaux): Issy-les-Moulineaux ? C\u2019est \u00e7a !|Issy-les-Moulineaux,Issy-les-Moulineaux ? C\u2019est \u00e7a !} - INFODICTAT<\/title>\n<meta name=\"robots\" content=\"index, follow, max-snippet:-1, max-image-preview:large, max-video-preview:-1\" \/>\n<link rel=\"canonical\" href=\"https:\/\/www.infodictat.fr\/blog\/issy-les-moulineaux-issy-les-moulineaux-cest-ca-issy-les-moulineauxissy-les-moulineaux-cest-ca\/\" \/>\n<meta property=\"og:locale\" content=\"fr_FR\" \/>\n<meta property=\"og:type\" content=\"article\" \/>\n<meta property=\"og:title\" content=\"(Issy-les-Moulineaux): Issy-les-Moulineaux ? C\u2019est \u00e7a !|Issy-les-Moulineaux,Issy-les-Moulineaux ? C\u2019est \u00e7a !} - INFODICTAT\" \/>\n<meta property=\"og:description\" content=\"Le film sur \u00abIssy-les-Moulineaux\u00bb est accessible en streaming sur Youtube. Un regard unique de ISSY TV sur \u00ab\u00a0Issy-les-Moulineaux\u00a0\u00bb. Disponible sur Youtube, cette vid\u00e9o est sign\u00e9e ISSY TV. concernant \u00ab\u00a0Issy-les-Moulineaux\u00a0\u00bb: La dur\u00e9e (00:02:20s), le titre (Issy-les-Moulineaux ? C\u2019est \u00e7a !) et les informations de l\u2019auteur sont des d\u00e9tails importants \u00e0 consid\u00e9rer, tout comme la description :\u00ab ... Lire la suite\" \/>\n<meta property=\"og:url\" content=\"https:\/\/www.infodictat.fr\/blog\/issy-les-moulineaux-issy-les-moulineaux-cest-ca-issy-les-moulineauxissy-les-moulineaux-cest-ca\/\" \/>\n<meta property=\"og:site_name\" content=\"INFODICTAT\" \/>\n<meta property=\"article:published_time\" content=\"2026-04-10T19:30:48+00:00\" \/>\n<meta property=\"og:image\" content=\"https:\/\/www.infodictat.fr\/blog\/wp-content\/uploads\/2026\/04\/Issy-les-Moulineaux-Issy-les-Moulineaux-Cest-ca-Issy-les-MoulineauxIssy-les-Moulineaux-Cest-ca.jpg\" \/>\n<meta name=\"author\" content=\"Oscar BETHMONT\" \/>\n<meta name=\"twitter:card\" content=\"summary_large_image\" \/>\n<meta name=\"twitter:label1\" content=\"\u00c9crit par\" \/>\n\t<meta name=\"twitter:data1\" content=\"Oscar BETHMONT\" \/>\n\t<meta name=\"twitter:label2\" content=\"Dur\u00e9e de lecture estim\u00e9e\" \/>\n\t<meta name=\"twitter:data2\" content=\"8 minutes\" \/>\n<script type=\"application\/ld+json\" class=\"yoast-schema-graph\">{\"@context\":\"https:\\\/\\\/schema.org\",\"@graph\":[{\"@type\":\"Article\",\"@id\":\"https:\\\/\\\/www.infodictat.fr\\\/blog\\\/issy-les-moulineaux-issy-les-moulineaux-cest-ca-issy-les-moulineauxissy-les-moulineaux-cest-ca\\\/#article\",\"isPartOf\":{\"@id\":\"https:\\\/\\\/www.infodictat.fr\\\/blog\\\/issy-les-moulineaux-issy-les-moulineaux-cest-ca-issy-les-moulineauxissy-les-moulineaux-cest-ca\\\/\"},\"author\":{\"name\":\"Oscar BETHMONT\",\"@id\":\"https:\\\/\\\/www.infodictat.fr\\\/blog\\\/#\\\/schema\\\/person\\\/6c2c8af0941702348e8eca9144cc1267\"},\"headline\":\"(Issy-les-Moulineaux): Issy-les-Moulineaux ? C\u2019est \u00e7a !|Issy-les-Moulineaux,Issy-les-Moulineaux ? C\u2019est \u00e7a !}\",\"datePublished\":\"2026-04-10T19:30:48+00:00\",\"mainEntityOfPage\":{\"@id\":\"https:\\\/\\\/www.infodictat.fr\\\/blog\\\/issy-les-moulineaux-issy-les-moulineaux-cest-ca-issy-les-moulineauxissy-les-moulineaux-cest-ca\\\/\"},\"wordCount\":1572,\"publisher\":{\"@id\":\"https:\\\/\\\/www.infodictat.fr\\\/blog\\\/#organization\"},\"image\":{\"@id\":\"https:\\\/\\\/www.infodictat.fr\\\/blog\\\/issy-les-moulineaux-issy-les-moulineaux-cest-ca-issy-les-moulineauxissy-les-moulineaux-cest-ca\\\/#primaryimage\"},\"thumbnailUrl\":\"https:\\\/\\\/www.infodictat.fr\\\/blog\\\/wp-content\\\/uploads\\\/2026\\\/04\\\/Issy-les-Moulineaux-Issy-les-Moulineaux-Cest-ca-Issy-les-MoulineauxIssy-les-Moulineaux-Cest-ca.jpg\",\"articleSection\":[\"La Dictature Num\u00e9rique:\"],\"inLanguage\":\"fr-FR\"},{\"@type\":\"WebPage\",\"@id\":\"https:\\\/\\\/www.infodictat.fr\\\/blog\\\/issy-les-moulineaux-issy-les-moulineaux-cest-ca-issy-les-moulineauxissy-les-moulineaux-cest-ca\\\/\",\"url\":\"https:\\\/\\\/www.infodictat.fr\\\/blog\\\/issy-les-moulineaux-issy-les-moulineaux-cest-ca-issy-les-moulineauxissy-les-moulineaux-cest-ca\\\/\",\"name\":\"(Issy-les-Moulineaux): Issy-les-Moulineaux ? C\u2019est \u00e7a !|Issy-les-Moulineaux,Issy-les-Moulineaux ? C\u2019est \u00e7a !} - INFODICTAT\",\"isPartOf\":{\"@id\":\"https:\\\/\\\/www.infodictat.fr\\\/blog\\\/#website\"},\"primaryImageOfPage\":{\"@id\":\"https:\\\/\\\/www.infodictat.fr\\\/blog\\\/issy-les-moulineaux-issy-les-moulineaux-cest-ca-issy-les-moulineauxissy-les-moulineaux-cest-ca\\\/#primaryimage\"},\"image\":{\"@id\":\"https:\\\/\\\/www.infodictat.fr\\\/blog\\\/issy-les-moulineaux-issy-les-moulineaux-cest-ca-issy-les-moulineauxissy-les-moulineaux-cest-ca\\\/#primaryimage\"},\"thumbnailUrl\":\"https:\\\/\\\/www.infodictat.fr\\\/blog\\\/wp-content\\\/uploads\\\/2026\\\/04\\\/Issy-les-Moulineaux-Issy-les-Moulineaux-Cest-ca-Issy-les-MoulineauxIssy-les-Moulineaux-Cest-ca.jpg\",\"datePublished\":\"2026-04-10T19:30:48+00:00\",\"breadcrumb\":{\"@id\":\"https:\\\/\\\/www.infodictat.fr\\\/blog\\\/issy-les-moulineaux-issy-les-moulineaux-cest-ca-issy-les-moulineauxissy-les-moulineaux-cest-ca\\\/#breadcrumb\"},\"inLanguage\":\"fr-FR\",\"potentialAction\":[{\"@type\":\"ReadAction\",\"target\":[\"https:\\\/\\\/www.infodictat.fr\\\/blog\\\/issy-les-moulineaux-issy-les-moulineaux-cest-ca-issy-les-moulineauxissy-les-moulineaux-cest-ca\\\/\"]}]},{\"@type\":\"ImageObject\",\"inLanguage\":\"fr-FR\",\"@id\":\"https:\\\/\\\/www.infodictat.fr\\\/blog\\\/issy-les-moulineaux-issy-les-moulineaux-cest-ca-issy-les-moulineauxissy-les-moulineaux-cest-ca\\\/#primaryimage\",\"url\":\"https:\\\/\\\/www.infodictat.fr\\\/blog\\\/wp-content\\\/uploads\\\/2026\\\/04\\\/Issy-les-Moulineaux-Issy-les-Moulineaux-Cest-ca-Issy-les-MoulineauxIssy-les-Moulineaux-Cest-ca.jpg\",\"contentUrl\":\"https:\\\/\\\/www.infodictat.fr\\\/blog\\\/wp-content\\\/uploads\\\/2026\\\/04\\\/Issy-les-Moulineaux-Issy-les-Moulineaux-Cest-ca-Issy-les-MoulineauxIssy-les-Moulineaux-Cest-ca.jpg\",\"width\":480,\"height\":360},{\"@type\":\"BreadcrumbList\",\"@id\":\"https:\\\/\\\/www.infodictat.fr\\\/blog\\\/issy-les-moulineaux-issy-les-moulineaux-cest-ca-issy-les-moulineauxissy-les-moulineaux-cest-ca\\\/#breadcrumb\",\"itemListElement\":[{\"@type\":\"ListItem\",\"position\":1,\"name\":\"Accueil\",\"item\":\"https:\\\/\\\/www.infodictat.fr\\\/blog\\\/\"},{\"@type\":\"ListItem\",\"position\":2,\"name\":\"(Issy-les-Moulineaux): Issy-les-Moulineaux ? C\u2019est \u00e7a !|Issy-les-Moulineaux,Issy-les-Moulineaux ? C\u2019est \u00e7a !}\"}]},{\"@type\":\"WebSite\",\"@id\":\"https:\\\/\\\/www.infodictat.fr\\\/blog\\\/#website\",\"url\":\"https:\\\/\\\/www.infodictat.fr\\\/blog\\\/\",\"name\":\"INFODICTAT\",\"description\":\"La dictature num\u00e9rique.\",\"publisher\":{\"@id\":\"https:\\\/\\\/www.infodictat.fr\\\/blog\\\/#organization\"},\"potentialAction\":[{\"@type\":\"SearchAction\",\"target\":{\"@type\":\"EntryPoint\",\"urlTemplate\":\"https:\\\/\\\/www.infodictat.fr\\\/blog\\\/?s={search_term_string}\"},\"query-input\":{\"@type\":\"PropertyValueSpecification\",\"valueRequired\":true,\"valueName\":\"search_term_string\"}}],\"inLanguage\":\"fr-FR\"},{\"@type\":\"Organization\",\"@id\":\"https:\\\/\\\/www.infodictat.fr\\\/blog\\\/#organization\",\"name\":\"infodictat\",\"url\":\"https:\\\/\\\/www.infodictat.fr\\\/blog\\\/\",\"logo\":{\"@type\":\"ImageObject\",\"inLanguage\":\"fr-FR\",\"@id\":\"https:\\\/\\\/www.infodictat.fr\\\/blog\\\/#\\\/schema\\\/logo\\\/image\\\/\",\"url\":\"https:\\\/\\\/www.infodictat.fr\\\/blog\\\/wp-content\\\/uploads\\\/2023\\\/05\\\/logo-2.png\",\"contentUrl\":\"https:\\\/\\\/www.infodictat.fr\\\/blog\\\/wp-content\\\/uploads\\\/2023\\\/05\\\/logo-2.png\",\"width\":480,\"height\":596,\"caption\":\"infodictat\"},\"image\":{\"@id\":\"https:\\\/\\\/www.infodictat.fr\\\/blog\\\/#\\\/schema\\\/logo\\\/image\\\/\"}},{\"@type\":\"Person\",\"@id\":\"https:\\\/\\\/www.infodictat.fr\\\/blog\\\/#\\\/schema\\\/person\\\/6c2c8af0941702348e8eca9144cc1267\",\"name\":\"Oscar BETHMONT\",\"image\":{\"@type\":\"ImageObject\",\"inLanguage\":\"fr-FR\",\"@id\":\"https:\\\/\\\/secure.gravatar.com\\\/avatar\\\/f80ff32d67d40b919e8be190b7325be3c6cb33ce305ac1d45cadad29128e831e?s=96&d=mm&r=g\",\"url\":\"https:\\\/\\\/secure.gravatar.com\\\/avatar\\\/f80ff32d67d40b919e8be190b7325be3c6cb33ce305ac1d45cadad29128e831e?s=96&d=mm&r=g\",\"contentUrl\":\"https:\\\/\\\/secure.gravatar.com\\\/avatar\\\/f80ff32d67d40b919e8be190b7325be3c6cb33ce305ac1d45cadad29128e831e?s=96&d=mm&r=g\",\"caption\":\"Oscar BETHMONT\"},\"url\":\"https:\\\/\\\/www.infodictat.fr\\\/blog\\\/author\\\/tatoscar\\\/\"}]}<\/script>\n<!-- \/ Yoast SEO plugin. -->","yoast_head_json":{"title":"(Issy-les-Moulineaux): Issy-les-Moulineaux ? C\u2019est \u00e7a !|Issy-les-Moulineaux,Issy-les-Moulineaux ? C\u2019est \u00e7a !} - INFODICTAT","robots":{"index":"index","follow":"follow","max-snippet":"max-snippet:-1","max-image-preview":"max-image-preview:large","max-video-preview":"max-video-preview:-1"},"canonical":"https:\/\/www.infodictat.fr\/blog\/issy-les-moulineaux-issy-les-moulineaux-cest-ca-issy-les-moulineauxissy-les-moulineaux-cest-ca\/","og_locale":"fr_FR","og_type":"article","og_title":"(Issy-les-Moulineaux): Issy-les-Moulineaux ? C\u2019est \u00e7a !|Issy-les-Moulineaux,Issy-les-Moulineaux ? C\u2019est \u00e7a !} - INFODICTAT","og_description":"Le film sur \u00abIssy-les-Moulineaux\u00bb est accessible en streaming sur Youtube. Un regard unique de ISSY TV sur \u00ab\u00a0Issy-les-Moulineaux\u00a0\u00bb. Disponible sur Youtube, cette vid\u00e9o est sign\u00e9e ISSY TV. concernant \u00ab\u00a0Issy-les-Moulineaux\u00a0\u00bb: La dur\u00e9e (00:02:20s), le titre (Issy-les-Moulineaux ? C\u2019est \u00e7a !) et les informations de l\u2019auteur sont des d\u00e9tails importants \u00e0 consid\u00e9rer, tout comme la description :\u00ab ... Lire la suite","og_url":"https:\/\/www.infodictat.fr\/blog\/issy-les-moulineaux-issy-les-moulineaux-cest-ca-issy-les-moulineauxissy-les-moulineaux-cest-ca\/","og_site_name":"INFODICTAT","article_published_time":"2026-04-10T19:30:48+00:00","og_image":[{"url":"https:\/\/www.infodictat.fr\/blog\/wp-content\/uploads\/2026\/04\/Issy-les-Moulineaux-Issy-les-Moulineaux-Cest-ca-Issy-les-MoulineauxIssy-les-Moulineaux-Cest-ca.jpg","type":"","width":"","height":""}],"author":"Oscar BETHMONT","twitter_card":"summary_large_image","twitter_misc":{"\u00c9crit par":"Oscar BETHMONT","Dur\u00e9e de lecture estim\u00e9e":"8 minutes"},"schema":{"@context":"https:\/\/schema.org","@graph":[{"@type":"Article","@id":"https:\/\/www.infodictat.fr\/blog\/issy-les-moulineaux-issy-les-moulineaux-cest-ca-issy-les-moulineauxissy-les-moulineaux-cest-ca\/#article","isPartOf":{"@id":"https:\/\/www.infodictat.fr\/blog\/issy-les-moulineaux-issy-les-moulineaux-cest-ca-issy-les-moulineauxissy-les-moulineaux-cest-ca\/"},"author":{"name":"Oscar BETHMONT","@id":"https:\/\/www.infodictat.fr\/blog\/#\/schema\/person\/6c2c8af0941702348e8eca9144cc1267"},"headline":"(Issy-les-Moulineaux): Issy-les-Moulineaux ? C\u2019est \u00e7a !|Issy-les-Moulineaux,Issy-les-Moulineaux ? C\u2019est \u00e7a !}","datePublished":"2026-04-10T19:30:48+00:00","mainEntityOfPage":{"@id":"https:\/\/www.infodictat.fr\/blog\/issy-les-moulineaux-issy-les-moulineaux-cest-ca-issy-les-moulineauxissy-les-moulineaux-cest-ca\/"},"wordCount":1572,"publisher":{"@id":"https:\/\/www.infodictat.fr\/blog\/#organization"},"image":{"@id":"https:\/\/www.infodictat.fr\/blog\/issy-les-moulineaux-issy-les-moulineaux-cest-ca-issy-les-moulineauxissy-les-moulineaux-cest-ca\/#primaryimage"},"thumbnailUrl":"https:\/\/www.infodictat.fr\/blog\/wp-content\/uploads\/2026\/04\/Issy-les-Moulineaux-Issy-les-Moulineaux-Cest-ca-Issy-les-MoulineauxIssy-les-Moulineaux-Cest-ca.jpg","articleSection":["La Dictature Num\u00e9rique:"],"inLanguage":"fr-FR"},{"@type":"WebPage","@id":"https:\/\/www.infodictat.fr\/blog\/issy-les-moulineaux-issy-les-moulineaux-cest-ca-issy-les-moulineauxissy-les-moulineaux-cest-ca\/","url":"https:\/\/www.infodictat.fr\/blog\/issy-les-moulineaux-issy-les-moulineaux-cest-ca-issy-les-moulineauxissy-les-moulineaux-cest-ca\/","name":"(Issy-les-Moulineaux): Issy-les-Moulineaux ? C\u2019est \u00e7a !|Issy-les-Moulineaux,Issy-les-Moulineaux ? C\u2019est \u00e7a !} - INFODICTAT","isPartOf":{"@id":"https:\/\/www.infodictat.fr\/blog\/#website"},"primaryImageOfPage":{"@id":"https:\/\/www.infodictat.fr\/blog\/issy-les-moulineaux-issy-les-moulineaux-cest-ca-issy-les-moulineauxissy-les-moulineaux-cest-ca\/#primaryimage"},"image":{"@id":"https:\/\/www.infodictat.fr\/blog\/issy-les-moulineaux-issy-les-moulineaux-cest-ca-issy-les-moulineauxissy-les-moulineaux-cest-ca\/#primaryimage"},"thumbnailUrl":"https:\/\/www.infodictat.fr\/blog\/wp-content\/uploads\/2026\/04\/Issy-les-Moulineaux-Issy-les-Moulineaux-Cest-ca-Issy-les-MoulineauxIssy-les-Moulineaux-Cest-ca.jpg","datePublished":"2026-04-10T19:30:48+00:00","breadcrumb":{"@id":"https:\/\/www.infodictat.fr\/blog\/issy-les-moulineaux-issy-les-moulineaux-cest-ca-issy-les-moulineauxissy-les-moulineaux-cest-ca\/#breadcrumb"},"inLanguage":"fr-FR","potentialAction":[{"@type":"ReadAction","target":["https:\/\/www.infodictat.fr\/blog\/issy-les-moulineaux-issy-les-moulineaux-cest-ca-issy-les-moulineauxissy-les-moulineaux-cest-ca\/"]}]},{"@type":"ImageObject","inLanguage":"fr-FR","@id":"https:\/\/www.infodictat.fr\/blog\/issy-les-moulineaux-issy-les-moulineaux-cest-ca-issy-les-moulineauxissy-les-moulineaux-cest-ca\/#primaryimage","url":"https:\/\/www.infodictat.fr\/blog\/wp-content\/uploads\/2026\/04\/Issy-les-Moulineaux-Issy-les-Moulineaux-Cest-ca-Issy-les-MoulineauxIssy-les-Moulineaux-Cest-ca.jpg","contentUrl":"https:\/\/www.infodictat.fr\/blog\/wp-content\/uploads\/2026\/04\/Issy-les-Moulineaux-Issy-les-Moulineaux-Cest-ca-Issy-les-MoulineauxIssy-les-Moulineaux-Cest-ca.jpg","width":480,"height":360},{"@type":"BreadcrumbList","@id":"https:\/\/www.infodictat.fr\/blog\/issy-les-moulineaux-issy-les-moulineaux-cest-ca-issy-les-moulineauxissy-les-moulineaux-cest-ca\/#breadcrumb","itemListElement":[{"@type":"ListItem","position":1,"name":"Accueil","item":"https:\/\/www.infodictat.fr\/blog\/"},{"@type":"ListItem","position":2,"name":"(Issy-les-Moulineaux): Issy-les-Moulineaux ? C\u2019est \u00e7a !|Issy-les-Moulineaux,Issy-les-Moulineaux ? C\u2019est \u00e7a !}"}]},{"@type":"WebSite","@id":"https:\/\/www.infodictat.fr\/blog\/#website","url":"https:\/\/www.infodictat.fr\/blog\/","name":"INFODICTAT","description":"La dictature num\u00e9rique.","publisher":{"@id":"https:\/\/www.infodictat.fr\/blog\/#organization"},"potentialAction":[{"@type":"SearchAction","target":{"@type":"EntryPoint","urlTemplate":"https:\/\/www.infodictat.fr\/blog\/?s={search_term_string}"},"query-input":{"@type":"PropertyValueSpecification","valueRequired":true,"valueName":"search_term_string"}}],"inLanguage":"fr-FR"},{"@type":"Organization","@id":"https:\/\/www.infodictat.fr\/blog\/#organization","name":"infodictat","url":"https:\/\/www.infodictat.fr\/blog\/","logo":{"@type":"ImageObject","inLanguage":"fr-FR","@id":"https:\/\/www.infodictat.fr\/blog\/#\/schema\/logo\/image\/","url":"https:\/\/www.infodictat.fr\/blog\/wp-content\/uploads\/2023\/05\/logo-2.png","contentUrl":"https:\/\/www.infodictat.fr\/blog\/wp-content\/uploads\/2023\/05\/logo-2.png","width":480,"height":596,"caption":"infodictat"},"image":{"@id":"https:\/\/www.infodictat.fr\/blog\/#\/schema\/logo\/image\/"}},{"@type":"Person","@id":"https:\/\/www.infodictat.fr\/blog\/#\/schema\/person\/6c2c8af0941702348e8eca9144cc1267","name":"Oscar BETHMONT","image":{"@type":"ImageObject","inLanguage":"fr-FR","@id":"https:\/\/secure.gravatar.com\/avatar\/f80ff32d67d40b919e8be190b7325be3c6cb33ce305ac1d45cadad29128e831e?s=96&d=mm&r=g","url":"https:\/\/secure.gravatar.com\/avatar\/f80ff32d67d40b919e8be190b7325be3c6cb33ce305ac1d45cadad29128e831e?s=96&d=mm&r=g","contentUrl":"https:\/\/secure.gravatar.com\/avatar\/f80ff32d67d40b919e8be190b7325be3c6cb33ce305ac1d45cadad29128e831e?s=96&d=mm&r=g","caption":"Oscar BETHMONT"},"url":"https:\/\/www.infodictat.fr\/blog\/author\/tatoscar\/"}]}},"_links":{"self":[{"href":"https:\/\/www.infodictat.fr\/blog\/wp-json\/wp\/v2\/posts\/1470","targetHints":{"allow":["GET"]}}],"collection":[{"href":"https:\/\/www.infodictat.fr\/blog\/wp-json\/wp\/v2\/posts"}],"about":[{"href":"https:\/\/www.infodictat.fr\/blog\/wp-json\/wp\/v2\/types\/post"}],"author":[{"embeddable":true,"href":"https:\/\/www.infodictat.fr\/blog\/wp-json\/wp\/v2\/users\/2"}],"replies":[{"embeddable":true,"href":"https:\/\/www.infodictat.fr\/blog\/wp-json\/wp\/v2\/comments?post=1470"}],"version-history":[{"count":0,"href":"https:\/\/www.infodictat.fr\/blog\/wp-json\/wp\/v2\/posts\/1470\/revisions"}],"wp:featuredmedia":[{"embeddable":true,"href":"https:\/\/www.infodictat.fr\/blog\/wp-json\/wp\/v2\/media\/1471"}],"wp:attachment":[{"href":"https:\/\/www.infodictat.fr\/blog\/wp-json\/wp\/v2\/media?parent=1470"}],"wp:term":[{"taxonomy":"category","embeddable":true,"href":"https:\/\/www.infodictat.fr\/blog\/wp-json\/wp\/v2\/categories?post=1470"},{"taxonomy":"post_tag","embeddable":true,"href":"https:\/\/www.infodictat.fr\/blog\/wp-json\/wp\/v2\/tags?post=1470"}],"curies":[{"name":"wp","href":"https:\/\/api.w.org\/{rel}","templated":true}]}}