{"id":1462,"date":"2026-04-01T00:02:03","date_gmt":"2026-03-31T22:02:03","guid":{"rendered":"https:\/\/www.infodictat.fr\/blog\/interdiction-des-reseaux-sociaux-aux-moins-de-15-ans-une-loi-qui-divise-parents-enseignants-et-createurs\/"},"modified":"2026-04-01T00:02:03","modified_gmt":"2026-03-31T22:02:03","slug":"interdiction-des-reseaux-sociaux-aux-moins-de-15-ans-une-loi-qui-divise-parents-enseignants-et-createurs","status":"publish","type":"post","link":"https:\/\/www.infodictat.fr\/blog\/interdiction-des-reseaux-sociaux-aux-moins-de-15-ans-une-loi-qui-divise-parents-enseignants-et-createurs\/","title":{"rendered":"Interdiction des r\u00e9seaux sociaux aux moins de 15 ans : une loi qui divise parents, enseignants et cr\u00e9ateurs"},"content":{"rendered":"<div>Faut-il interdire les r\u00e9seaux sociaux aux moins de 15 ans\u00a0? Adopt\u00e9 par l\u2019Assembl\u00e9e nationale, le texte fait d\u00e9bat. Harc\u00e8lement, addiction, libert\u00e9 individuelle\u00a0: auditeurs, enseignants et cr\u00e9ateurs de &#8230;<\/div>\n<p><!-- no image --><a href=\"https:\/\/www.francebleu.fr\/emissions\/bienvenue-chez-vous-le-dossier-du-jour-ici-nord\/interdiction-des-reseaux-sociaux-aux-moins-de-15-ans-une-loi-qui-divise-parents-enseignants-et-createurs-5332518\" target=\"_blank\" rel=\"nofollow\">Aller \u00e0 la source<\/a><br \/>infodictat.fr est une plateforme d&rsquo;information qui compile de nombreuses infos publi\u00e9es sur internet dont le th\u00e8me principal est \u00ab\u00a0La dictature num\u00e9rique\u00a0\u00bb. La plateforme infodictat.fr vous conseille de lire cet article autour du sujet \u00ab\u00a0La dictature num\u00e9rique\u00a0\u00bb. La chronique est produite du mieux possible. Pour \u00e9mettre des observations sur ce sujet concernant le sujet \u00ab\u00a0La dictature num\u00e9rique\u00a0\u00bb veuillez utiliser les coordonn\u00e9es indiqu\u00e9es sur notre site internet. En visitant r\u00e9guli\u00e8rement nos contenus de blog vous serez inform\u00e9 des prochaines annonces.<\/p>\n","protected":false},"excerpt":{"rendered":"<p>Faut-il interdire les r\u00e9seaux sociaux aux moins de 15 ans\u00a0? Adopt\u00e9 par l\u2019Assembl\u00e9e nationale, le texte fait d\u00e9bat. Harc\u00e8lement, addiction, libert\u00e9 individuelle\u00a0: auditeurs, enseignants et cr\u00e9ateurs de &#8230; Aller \u00e0 la sourceinfodictat.fr est une plateforme d&rsquo;information qui compile de nombreuses infos publi\u00e9es sur internet dont le th\u00e8me principal est \u00ab\u00a0La dictature num\u00e9rique\u00a0\u00bb. La plateforme infodictat.fr &#8230; <a title=\"Interdiction des r\u00e9seaux sociaux aux moins de 15 ans : une loi qui divise parents, enseignants et cr\u00e9ateurs\" class=\"read-more\" href=\"https:\/\/www.infodictat.fr\/blog\/interdiction-des-reseaux-sociaux-aux-moins-de-15-ans-une-loi-qui-divise-parents-enseignants-et-createurs\/\" aria-label=\"En savoir plus sur Interdiction des r\u00e9seaux sociaux aux moins de 15 ans : une loi qui divise parents, enseignants et cr\u00e9ateurs\">Lire la suite<\/a><\/p>\n","protected":false},"author":2,"featured_media":0,"comment_status":"closed","ping_status":"closed","sticky":false,"template":"","format":"standard","meta":{"footnotes":""},"categories":[4],"tags":[],"class_list":["post-1462","post","type-post","status-publish","format-standard","hentry","category-publication-la-dictature-numerique"],"yoast_head":"<!-- This site is optimized with the Yoast SEO plugin v27.5 - https:\/\/yoast.com\/product\/yoast-seo-wordpress\/ -->\n<title>Interdiction des r\u00e9seaux sociaux aux moins de 15 ans : une loi qui divise parents, enseignants et cr\u00e9ateurs - INFODICTAT<\/title>\n<meta name=\"robots\" content=\"index, follow, max-snippet:-1, max-image-preview:large, max-video-preview:-1\" \/>\n<link rel=\"canonical\" href=\"https:\/\/www.infodictat.fr\/blog\/interdiction-des-reseaux-sociaux-aux-moins-de-15-ans-une-loi-qui-divise-parents-enseignants-et-createurs\/\" \/>\n<meta property=\"og:locale\" content=\"fr_FR\" \/>\n<meta property=\"og:type\" content=\"article\" \/>\n<meta property=\"og:title\" content=\"Interdiction des r\u00e9seaux sociaux aux moins de 15 ans : une loi qui divise parents, enseignants et cr\u00e9ateurs - INFODICTAT\" \/>\n<meta property=\"og:description\" content=\"Faut-il interdire les r\u00e9seaux sociaux aux moins de 15 ans\u00a0? Adopt\u00e9 par l\u2019Assembl\u00e9e nationale, le texte fait d\u00e9bat. Harc\u00e8lement, addiction, libert\u00e9 individuelle\u00a0: auditeurs, enseignants et cr\u00e9ateurs de &#8230; Aller \u00e0 la sourceinfodictat.fr est une plateforme d&rsquo;information qui compile de nombreuses infos publi\u00e9es sur internet dont le th\u00e8me principal est \u00ab\u00a0La dictature num\u00e9rique\u00a0\u00bb. La plateforme infodictat.fr ... Lire la suite\" \/>\n<meta property=\"og:url\" content=\"https:\/\/www.infodictat.fr\/blog\/interdiction-des-reseaux-sociaux-aux-moins-de-15-ans-une-loi-qui-divise-parents-enseignants-et-createurs\/\" \/>\n<meta property=\"og:site_name\" content=\"INFODICTAT\" \/>\n<meta property=\"article:published_time\" content=\"2026-03-31T22:02:03+00:00\" \/>\n<meta name=\"author\" content=\"Oscar BETHMONT\" \/>\n<meta name=\"twitter:card\" content=\"summary_large_image\" \/>\n<meta name=\"twitter:label1\" content=\"\u00c9crit par\" \/>\n\t<meta name=\"twitter:data1\" content=\"Oscar BETHMONT\" \/>\n\t<meta name=\"twitter:label2\" content=\"Dur\u00e9e de lecture estim\u00e9e\" \/>\n\t<meta name=\"twitter:data2\" content=\"1 minute\" \/>\n<script type=\"application\/ld+json\" class=\"yoast-schema-graph\">{\"@context\":\"https:\\\/\\\/schema.org\",\"@graph\":[{\"@type\":\"Article\",\"@id\":\"https:\\\/\\\/www.infodictat.fr\\\/blog\\\/interdiction-des-reseaux-sociaux-aux-moins-de-15-ans-une-loi-qui-divise-parents-enseignants-et-createurs\\\/#article\",\"isPartOf\":{\"@id\":\"https:\\\/\\\/www.infodictat.fr\\\/blog\\\/interdiction-des-reseaux-sociaux-aux-moins-de-15-ans-une-loi-qui-divise-parents-enseignants-et-createurs\\\/\"},\"author\":{\"name\":\"Oscar BETHMONT\",\"@id\":\"https:\\\/\\\/www.infodictat.fr\\\/blog\\\/#\\\/schema\\\/person\\\/6c2c8af0941702348e8eca9144cc1267\"},\"headline\":\"Interdiction des r\u00e9seaux sociaux aux moins de 15 ans : une loi qui divise parents, enseignants et cr\u00e9ateurs\",\"datePublished\":\"2026-03-31T22:02:03+00:00\",\"mainEntityOfPage\":{\"@id\":\"https:\\\/\\\/www.infodictat.fr\\\/blog\\\/interdiction-des-reseaux-sociaux-aux-moins-de-15-ans-une-loi-qui-divise-parents-enseignants-et-createurs\\\/\"},\"wordCount\":142,\"publisher\":{\"@id\":\"https:\\\/\\\/www.infodictat.fr\\\/blog\\\/#organization\"},\"articleSection\":[\"Publication La Dictature Num\u00e9rique:\"],\"inLanguage\":\"fr-FR\"},{\"@type\":\"WebPage\",\"@id\":\"https:\\\/\\\/www.infodictat.fr\\\/blog\\\/interdiction-des-reseaux-sociaux-aux-moins-de-15-ans-une-loi-qui-divise-parents-enseignants-et-createurs\\\/\",\"url\":\"https:\\\/\\\/www.infodictat.fr\\\/blog\\\/interdiction-des-reseaux-sociaux-aux-moins-de-15-ans-une-loi-qui-divise-parents-enseignants-et-createurs\\\/\",\"name\":\"Interdiction des r\u00e9seaux sociaux aux moins de 15 ans : une loi qui divise parents, enseignants et cr\u00e9ateurs - INFODICTAT\",\"isPartOf\":{\"@id\":\"https:\\\/\\\/www.infodictat.fr\\\/blog\\\/#website\"},\"datePublished\":\"2026-03-31T22:02:03+00:00\",\"breadcrumb\":{\"@id\":\"https:\\\/\\\/www.infodictat.fr\\\/blog\\\/interdiction-des-reseaux-sociaux-aux-moins-de-15-ans-une-loi-qui-divise-parents-enseignants-et-createurs\\\/#breadcrumb\"},\"inLanguage\":\"fr-FR\",\"potentialAction\":[{\"@type\":\"ReadAction\",\"target\":[\"https:\\\/\\\/www.infodictat.fr\\\/blog\\\/interdiction-des-reseaux-sociaux-aux-moins-de-15-ans-une-loi-qui-divise-parents-enseignants-et-createurs\\\/\"]}]},{\"@type\":\"BreadcrumbList\",\"@id\":\"https:\\\/\\\/www.infodictat.fr\\\/blog\\\/interdiction-des-reseaux-sociaux-aux-moins-de-15-ans-une-loi-qui-divise-parents-enseignants-et-createurs\\\/#breadcrumb\",\"itemListElement\":[{\"@type\":\"ListItem\",\"position\":1,\"name\":\"Accueil\",\"item\":\"https:\\\/\\\/www.infodictat.fr\\\/blog\\\/\"},{\"@type\":\"ListItem\",\"position\":2,\"name\":\"Interdiction des r\u00e9seaux sociaux aux moins de 15 ans : une loi qui divise parents, enseignants et cr\u00e9ateurs\"}]},{\"@type\":\"WebSite\",\"@id\":\"https:\\\/\\\/www.infodictat.fr\\\/blog\\\/#website\",\"url\":\"https:\\\/\\\/www.infodictat.fr\\\/blog\\\/\",\"name\":\"INFODICTAT\",\"description\":\"La dictature num\u00e9rique.\",\"publisher\":{\"@id\":\"https:\\\/\\\/www.infodictat.fr\\\/blog\\\/#organization\"},\"potentialAction\":[{\"@type\":\"SearchAction\",\"target\":{\"@type\":\"EntryPoint\",\"urlTemplate\":\"https:\\\/\\\/www.infodictat.fr\\\/blog\\\/?s={search_term_string}\"},\"query-input\":{\"@type\":\"PropertyValueSpecification\",\"valueRequired\":true,\"valueName\":\"search_term_string\"}}],\"inLanguage\":\"fr-FR\"},{\"@type\":\"Organization\",\"@id\":\"https:\\\/\\\/www.infodictat.fr\\\/blog\\\/#organization\",\"name\":\"infodictat\",\"url\":\"https:\\\/\\\/www.infodictat.fr\\\/blog\\\/\",\"logo\":{\"@type\":\"ImageObject\",\"inLanguage\":\"fr-FR\",\"@id\":\"https:\\\/\\\/www.infodictat.fr\\\/blog\\\/#\\\/schema\\\/logo\\\/image\\\/\",\"url\":\"https:\\\/\\\/www.infodictat.fr\\\/blog\\\/wp-content\\\/uploads\\\/2023\\\/05\\\/logo-2.png\",\"contentUrl\":\"https:\\\/\\\/www.infodictat.fr\\\/blog\\\/wp-content\\\/uploads\\\/2023\\\/05\\\/logo-2.png\",\"width\":480,\"height\":596,\"caption\":\"infodictat\"},\"image\":{\"@id\":\"https:\\\/\\\/www.infodictat.fr\\\/blog\\\/#\\\/schema\\\/logo\\\/image\\\/\"}},{\"@type\":\"Person\",\"@id\":\"https:\\\/\\\/www.infodictat.fr\\\/blog\\\/#\\\/schema\\\/person\\\/6c2c8af0941702348e8eca9144cc1267\",\"name\":\"Oscar BETHMONT\",\"image\":{\"@type\":\"ImageObject\",\"inLanguage\":\"fr-FR\",\"@id\":\"https:\\\/\\\/secure.gravatar.com\\\/avatar\\\/f80ff32d67d40b919e8be190b7325be3c6cb33ce305ac1d45cadad29128e831e?s=96&d=mm&r=g\",\"url\":\"https:\\\/\\\/secure.gravatar.com\\\/avatar\\\/f80ff32d67d40b919e8be190b7325be3c6cb33ce305ac1d45cadad29128e831e?s=96&d=mm&r=g\",\"contentUrl\":\"https:\\\/\\\/secure.gravatar.com\\\/avatar\\\/f80ff32d67d40b919e8be190b7325be3c6cb33ce305ac1d45cadad29128e831e?s=96&d=mm&r=g\",\"caption\":\"Oscar BETHMONT\"},\"url\":\"https:\\\/\\\/www.infodictat.fr\\\/blog\\\/author\\\/tatoscar\\\/\"}]}<\/script>\n<!-- \/ Yoast SEO plugin. -->","yoast_head_json":{"title":"Interdiction des r\u00e9seaux sociaux aux moins de 15 ans : une loi qui divise parents, enseignants et cr\u00e9ateurs - INFODICTAT","robots":{"index":"index","follow":"follow","max-snippet":"max-snippet:-1","max-image-preview":"max-image-preview:large","max-video-preview":"max-video-preview:-1"},"canonical":"https:\/\/www.infodictat.fr\/blog\/interdiction-des-reseaux-sociaux-aux-moins-de-15-ans-une-loi-qui-divise-parents-enseignants-et-createurs\/","og_locale":"fr_FR","og_type":"article","og_title":"Interdiction des r\u00e9seaux sociaux aux moins de 15 ans : une loi qui divise parents, enseignants et cr\u00e9ateurs - INFODICTAT","og_description":"Faut-il interdire les r\u00e9seaux sociaux aux moins de 15 ans\u00a0? Adopt\u00e9 par l\u2019Assembl\u00e9e nationale, le texte fait d\u00e9bat. Harc\u00e8lement, addiction, libert\u00e9 individuelle\u00a0: auditeurs, enseignants et cr\u00e9ateurs de &#8230; Aller \u00e0 la sourceinfodictat.fr est une plateforme d&rsquo;information qui compile de nombreuses infos publi\u00e9es sur internet dont le th\u00e8me principal est \u00ab\u00a0La dictature num\u00e9rique\u00a0\u00bb. La plateforme infodictat.fr ... Lire la suite","og_url":"https:\/\/www.infodictat.fr\/blog\/interdiction-des-reseaux-sociaux-aux-moins-de-15-ans-une-loi-qui-divise-parents-enseignants-et-createurs\/","og_site_name":"INFODICTAT","article_published_time":"2026-03-31T22:02:03+00:00","author":"Oscar BETHMONT","twitter_card":"summary_large_image","twitter_misc":{"\u00c9crit par":"Oscar BETHMONT","Dur\u00e9e de lecture estim\u00e9e":"1 minute"},"schema":{"@context":"https:\/\/schema.org","@graph":[{"@type":"Article","@id":"https:\/\/www.infodictat.fr\/blog\/interdiction-des-reseaux-sociaux-aux-moins-de-15-ans-une-loi-qui-divise-parents-enseignants-et-createurs\/#article","isPartOf":{"@id":"https:\/\/www.infodictat.fr\/blog\/interdiction-des-reseaux-sociaux-aux-moins-de-15-ans-une-loi-qui-divise-parents-enseignants-et-createurs\/"},"author":{"name":"Oscar BETHMONT","@id":"https:\/\/www.infodictat.fr\/blog\/#\/schema\/person\/6c2c8af0941702348e8eca9144cc1267"},"headline":"Interdiction des r\u00e9seaux sociaux aux moins de 15 ans : une loi qui divise parents, enseignants et cr\u00e9ateurs","datePublished":"2026-03-31T22:02:03+00:00","mainEntityOfPage":{"@id":"https:\/\/www.infodictat.fr\/blog\/interdiction-des-reseaux-sociaux-aux-moins-de-15-ans-une-loi-qui-divise-parents-enseignants-et-createurs\/"},"wordCount":142,"publisher":{"@id":"https:\/\/www.infodictat.fr\/blog\/#organization"},"articleSection":["Publication La Dictature Num\u00e9rique:"],"inLanguage":"fr-FR"},{"@type":"WebPage","@id":"https:\/\/www.infodictat.fr\/blog\/interdiction-des-reseaux-sociaux-aux-moins-de-15-ans-une-loi-qui-divise-parents-enseignants-et-createurs\/","url":"https:\/\/www.infodictat.fr\/blog\/interdiction-des-reseaux-sociaux-aux-moins-de-15-ans-une-loi-qui-divise-parents-enseignants-et-createurs\/","name":"Interdiction des r\u00e9seaux sociaux aux moins de 15 ans : une loi qui divise parents, enseignants et cr\u00e9ateurs - INFODICTAT","isPartOf":{"@id":"https:\/\/www.infodictat.fr\/blog\/#website"},"datePublished":"2026-03-31T22:02:03+00:00","breadcrumb":{"@id":"https:\/\/www.infodictat.fr\/blog\/interdiction-des-reseaux-sociaux-aux-moins-de-15-ans-une-loi-qui-divise-parents-enseignants-et-createurs\/#breadcrumb"},"inLanguage":"fr-FR","potentialAction":[{"@type":"ReadAction","target":["https:\/\/www.infodictat.fr\/blog\/interdiction-des-reseaux-sociaux-aux-moins-de-15-ans-une-loi-qui-divise-parents-enseignants-et-createurs\/"]}]},{"@type":"BreadcrumbList","@id":"https:\/\/www.infodictat.fr\/blog\/interdiction-des-reseaux-sociaux-aux-moins-de-15-ans-une-loi-qui-divise-parents-enseignants-et-createurs\/#breadcrumb","itemListElement":[{"@type":"ListItem","position":1,"name":"Accueil","item":"https:\/\/www.infodictat.fr\/blog\/"},{"@type":"ListItem","position":2,"name":"Interdiction des r\u00e9seaux sociaux aux moins de 15 ans : une loi qui divise parents, enseignants et cr\u00e9ateurs"}]},{"@type":"WebSite","@id":"https:\/\/www.infodictat.fr\/blog\/#website","url":"https:\/\/www.infodictat.fr\/blog\/","name":"INFODICTAT","description":"La dictature num\u00e9rique.","publisher":{"@id":"https:\/\/www.infodictat.fr\/blog\/#organization"},"potentialAction":[{"@type":"SearchAction","target":{"@type":"EntryPoint","urlTemplate":"https:\/\/www.infodictat.fr\/blog\/?s={search_term_string}"},"query-input":{"@type":"PropertyValueSpecification","valueRequired":true,"valueName":"search_term_string"}}],"inLanguage":"fr-FR"},{"@type":"Organization","@id":"https:\/\/www.infodictat.fr\/blog\/#organization","name":"infodictat","url":"https:\/\/www.infodictat.fr\/blog\/","logo":{"@type":"ImageObject","inLanguage":"fr-FR","@id":"https:\/\/www.infodictat.fr\/blog\/#\/schema\/logo\/image\/","url":"https:\/\/www.infodictat.fr\/blog\/wp-content\/uploads\/2023\/05\/logo-2.png","contentUrl":"https:\/\/www.infodictat.fr\/blog\/wp-content\/uploads\/2023\/05\/logo-2.png","width":480,"height":596,"caption":"infodictat"},"image":{"@id":"https:\/\/www.infodictat.fr\/blog\/#\/schema\/logo\/image\/"}},{"@type":"Person","@id":"https:\/\/www.infodictat.fr\/blog\/#\/schema\/person\/6c2c8af0941702348e8eca9144cc1267","name":"Oscar BETHMONT","image":{"@type":"ImageObject","inLanguage":"fr-FR","@id":"https:\/\/secure.gravatar.com\/avatar\/f80ff32d67d40b919e8be190b7325be3c6cb33ce305ac1d45cadad29128e831e?s=96&d=mm&r=g","url":"https:\/\/secure.gravatar.com\/avatar\/f80ff32d67d40b919e8be190b7325be3c6cb33ce305ac1d45cadad29128e831e?s=96&d=mm&r=g","contentUrl":"https:\/\/secure.gravatar.com\/avatar\/f80ff32d67d40b919e8be190b7325be3c6cb33ce305ac1d45cadad29128e831e?s=96&d=mm&r=g","caption":"Oscar BETHMONT"},"url":"https:\/\/www.infodictat.fr\/blog\/author\/tatoscar\/"}]}},"_links":{"self":[{"href":"https:\/\/www.infodictat.fr\/blog\/wp-json\/wp\/v2\/posts\/1462","targetHints":{"allow":["GET"]}}],"collection":[{"href":"https:\/\/www.infodictat.fr\/blog\/wp-json\/wp\/v2\/posts"}],"about":[{"href":"https:\/\/www.infodictat.fr\/blog\/wp-json\/wp\/v2\/types\/post"}],"author":[{"embeddable":true,"href":"https:\/\/www.infodictat.fr\/blog\/wp-json\/wp\/v2\/users\/2"}],"replies":[{"embeddable":true,"href":"https:\/\/www.infodictat.fr\/blog\/wp-json\/wp\/v2\/comments?post=1462"}],"version-history":[{"count":0,"href":"https:\/\/www.infodictat.fr\/blog\/wp-json\/wp\/v2\/posts\/1462\/revisions"}],"wp:attachment":[{"href":"https:\/\/www.infodictat.fr\/blog\/wp-json\/wp\/v2\/media?parent=1462"}],"wp:term":[{"taxonomy":"category","embeddable":true,"href":"https:\/\/www.infodictat.fr\/blog\/wp-json\/wp\/v2\/categories?post=1462"},{"taxonomy":"post_tag","embeddable":true,"href":"https:\/\/www.infodictat.fr\/blog\/wp-json\/wp\/v2\/tags?post=1462"}],"curies":[{"name":"wp","href":"https:\/\/api.w.org\/{rel}","templated":true}]}}