{"id":1445,"date":"2026-03-24T21:08:24","date_gmt":"2026-03-24T20:08:24","guid":{"rendered":"https:\/\/www.infodictat.fr\/blog\/france-espace-apres-les-drapeaux-sur-la-lune-et-une-tesla-dans-lespace-une-exploration-postcoloniale-est-elle-possible\/"},"modified":"2026-03-24T21:08:24","modified_gmt":"2026-03-24T20:08:24","slug":"france-espace-apres-les-drapeaux-sur-la-lune-et-une-tesla-dans-lespace-une-exploration-postcoloniale-est-elle-possible","status":"publish","type":"post","link":"https:\/\/www.infodictat.fr\/blog\/france-espace-apres-les-drapeaux-sur-la-lune-et-une-tesla-dans-lespace-une-exploration-postcoloniale-est-elle-possible\/","title":{"rendered":"France: Espace : apr\u00e8s les drapeaux sur la Lune et une Tesla dans l&rsquo;espace, une exploration postcoloniale est-elle possible ?"},"content":{"rendered":"<div><img width=\"750\" height=\"422\" src=\"https:\/\/www.infodictat.fr\/blog\/wp-content\/uploads\/2026\/03\/France-Espace-apres-les-drapeaux-sur-la-Lune-et.jpg\" class=\"attachment-large size-large wp-post-image\" alt=\"\" style=\"width:100%;height:56.25%;max-width:1024px;float:left; margin:0 15px 15px 0;\" decoding=\"async\" srcset=\"https:\/\/www.infodictat.fr\/blog\/wp-content\/uploads\/2026\/03\/France-Espace-apres-les-drapeaux-sur-la-Lune-et.jpg 1024w, https:\/\/www.site.cdcl.xyz\/wp-content\/uploads\/2026\/03\/France-Espace-apres-les-drapeaux-sur-la-Lune-et-300x169.jpg 300w, https:\/\/www.site.cdcl.xyz\/wp-content\/uploads\/2026\/03\/France-Espace-apres-les-drapeaux-sur-la-Lune-et-768x432.jpg 768w\" sizes=\"(max-width: 750px) 100vw, 750px\"><\/p>\n<p><img decoding=\"async\" src=\"https:\/\/www.infodictat.fr\/blog\/wp-content\/uploads\/2026\/03\/Informations-francaises-Espace-apres-les-drapeaux-sur-la-Lune.jpg\"><br \/>La galaxie d&rsquo;Androm\u00e8de, la plan\u00e8te Mars, les missions Apollo hier et Art\u00e9mis aujourd&rsquo;hui : avez-vous remarqu\u00e9 combien d&rsquo;astres et de missions spatiales portent des noms de dieux romains ou grecs ? Certaines conceptions de la conqu\u00eate spatiale transmettent des doctrines colonialistes. Comment les d\u00e9passer ?<\/p>\n<p>Ce propos r\u00e9pond \u00e0 vos recherches vous adorerez pareillement ces ouvrages:<\/p>\n<p>Atlas de la France gourmande. Itin\u00e9raires gastronomiques, produits et recettes, restaurants \u00e9toil\u00e9s.,<a href=\"https:\/\/www.kobo.com\/fr\/fr\/ebook\/atlas-de-la-france-gourmande-itineraires-gastronomiques-produits-et-recettes-restaurants-etoiles\" target=\"_blank\" rel=\"noopener noreferrer nofollow\">L\u2019ouvrage <\/a><span><\/span>. A emprunter en biblioth\u00e8que.<\/p>\n<p>La France des patriotes.,<a href=\"https:\/\/www.kobo.com\/fr\/fr\/ebook\/la-france-des-patriotes\" target=\"_blank\" rel=\"noopener noreferrer nofollow\">R\u00e9f\u00e9rence lit\u00e9raire de ce livre<\/a><span><\/span>.<\/p>\n<p>Photographie\/Personnalit\u00e9s\/S\/Jeanloup Sieff.,<a href=\"https:\/\/fr.wikibooks.org\/wiki\/Photographie\/Personnalit%C3%A9s\/S\/Jeanloup_Sieff\" target=\"_blank\" rel=\"noopener noreferrer nofollow\">L\u2019ouvrage <\/a><span><\/span>.<\/p>\n<\/div>\n<p><img decoding=\"async\" class=\"wpe_imgrss\" src=\"https:\/\/www.infodictat.fr\/blog\/wp-content\/uploads\/2026\/03\/France-Espace-apres-les-drapeaux-sur-la-Lune-et.jpg\">Vous pouvez lire ce post traitant le sujet \u00ab\u00a0La dictature num\u00e9rique\u00a0\u00bb. Il est produit par la r\u00e9daction de infodictat.fr. Le site infodictat.fr a pour objectif de publier plusieurs articles autour du sujet La dictature num\u00e9rique d\u00e9velopp\u00e9es sur le web. Cette chronique se veut g\u00e9n\u00e9r\u00e9e de la fa\u00e7on la plus juste qui soit. Pour \u00e9mettre des remarques sur ce dossier autour du sujet \u00ab\u00a0La dictature num\u00e9rique\u00a0\u00bb prenez les contacts indiqu\u00e9s sur notre site internet. En consultant r\u00e9guli\u00e8rement nos contenus de blog vous serez au courant des futures parutions.<\/p>\n","protected":false},"excerpt":{"rendered":"<p>La galaxie d&rsquo;Androm\u00e8de, la plan\u00e8te Mars, les missions Apollo hier et Art\u00e9mis aujourd&rsquo;hui : avez-vous remarqu\u00e9 combien d&rsquo;astres et de missions spatiales portent des noms de dieux romains ou grecs ? Certaines conceptions de la conqu\u00eate spatiale transmettent des doctrines colonialistes. Comment les d\u00e9passer ? Ce propos r\u00e9pond \u00e0 vos recherches vous adorerez pareillement ces &#8230; <a title=\"France: Espace : apr\u00e8s les drapeaux sur la Lune et une Tesla dans l&rsquo;espace, une exploration postcoloniale est-elle possible ?\" class=\"read-more\" href=\"https:\/\/www.infodictat.fr\/blog\/france-espace-apres-les-drapeaux-sur-la-lune-et-une-tesla-dans-lespace-une-exploration-postcoloniale-est-elle-possible\/\" aria-label=\"En savoir plus sur France: Espace : apr\u00e8s les drapeaux sur la Lune et une Tesla dans l&rsquo;espace, une exploration postcoloniale est-elle possible ?\">Lire la suite<\/a><\/p>\n","protected":false},"author":2,"featured_media":1446,"comment_status":"closed","ping_status":"closed","sticky":false,"template":"","format":"standard","meta":{"footnotes":""},"categories":[2],"tags":[],"class_list":["post-1445","post","type-post","status-publish","format-standard","has-post-thumbnail","hentry","category-la-dictature-numerique"],"yoast_head":"<!-- This site is optimized with the Yoast SEO plugin v27.5 - https:\/\/yoast.com\/product\/yoast-seo-wordpress\/ -->\n<title>France: Espace : apr\u00e8s les drapeaux sur la Lune et une Tesla dans l&#039;espace, une exploration postcoloniale est-elle possible ? - INFODICTAT<\/title>\n<meta name=\"robots\" content=\"index, follow, max-snippet:-1, max-image-preview:large, max-video-preview:-1\" \/>\n<link rel=\"canonical\" href=\"https:\/\/www.infodictat.fr\/blog\/france-espace-apres-les-drapeaux-sur-la-lune-et-une-tesla-dans-lespace-une-exploration-postcoloniale-est-elle-possible\/\" \/>\n<meta property=\"og:locale\" content=\"fr_FR\" \/>\n<meta property=\"og:type\" content=\"article\" \/>\n<meta property=\"og:title\" content=\"France: Espace : apr\u00e8s les drapeaux sur la Lune et une Tesla dans l&#039;espace, une exploration postcoloniale est-elle possible ? - INFODICTAT\" \/>\n<meta property=\"og:description\" content=\"La galaxie d&rsquo;Androm\u00e8de, la plan\u00e8te Mars, les missions Apollo hier et Art\u00e9mis aujourd&rsquo;hui : avez-vous remarqu\u00e9 combien d&rsquo;astres et de missions spatiales portent des noms de dieux romains ou grecs ? Certaines conceptions de la conqu\u00eate spatiale transmettent des doctrines colonialistes. Comment les d\u00e9passer ? Ce propos r\u00e9pond \u00e0 vos recherches vous adorerez pareillement ces ... Lire la suite\" \/>\n<meta property=\"og:url\" content=\"https:\/\/www.infodictat.fr\/blog\/france-espace-apres-les-drapeaux-sur-la-lune-et-une-tesla-dans-lespace-une-exploration-postcoloniale-est-elle-possible\/\" \/>\n<meta property=\"og:site_name\" content=\"INFODICTAT\" \/>\n<meta property=\"article:published_time\" content=\"2026-03-24T20:08:24+00:00\" \/>\n<meta property=\"og:image\" content=\"https:\/\/www.infodictat.fr\/blog\/wp-content\/uploads\/2026\/03\/France-Espace-apres-les-drapeaux-sur-la-Lune-et.jpg\" \/>\n<meta name=\"author\" content=\"Oscar BETHMONT\" \/>\n<meta name=\"twitter:card\" content=\"summary_large_image\" \/>\n<meta name=\"twitter:label1\" content=\"\u00c9crit par\" \/>\n\t<meta name=\"twitter:data1\" content=\"Oscar BETHMONT\" \/>\n\t<meta name=\"twitter:label2\" content=\"Dur\u00e9e de lecture estim\u00e9e\" \/>\n\t<meta name=\"twitter:data2\" content=\"1 minute\" \/>\n<script type=\"application\/ld+json\" class=\"yoast-schema-graph\">{\"@context\":\"https:\\\/\\\/schema.org\",\"@graph\":[{\"@type\":\"Article\",\"@id\":\"https:\\\/\\\/www.infodictat.fr\\\/blog\\\/france-espace-apres-les-drapeaux-sur-la-lune-et-une-tesla-dans-lespace-une-exploration-postcoloniale-est-elle-possible\\\/#article\",\"isPartOf\":{\"@id\":\"https:\\\/\\\/www.infodictat.fr\\\/blog\\\/france-espace-apres-les-drapeaux-sur-la-lune-et-une-tesla-dans-lespace-une-exploration-postcoloniale-est-elle-possible\\\/\"},\"author\":{\"name\":\"Oscar BETHMONT\",\"@id\":\"https:\\\/\\\/www.infodictat.fr\\\/blog\\\/#\\\/schema\\\/person\\\/6c2c8af0941702348e8eca9144cc1267\"},\"headline\":\"France: Espace : apr\u00e8s les drapeaux sur la Lune et une Tesla dans l&rsquo;espace, une exploration postcoloniale est-elle possible ?\",\"datePublished\":\"2026-03-24T20:08:24+00:00\",\"mainEntityOfPage\":{\"@id\":\"https:\\\/\\\/www.infodictat.fr\\\/blog\\\/france-espace-apres-les-drapeaux-sur-la-lune-et-une-tesla-dans-lespace-une-exploration-postcoloniale-est-elle-possible\\\/\"},\"wordCount\":220,\"publisher\":{\"@id\":\"https:\\\/\\\/www.infodictat.fr\\\/blog\\\/#organization\"},\"image\":{\"@id\":\"https:\\\/\\\/www.infodictat.fr\\\/blog\\\/france-espace-apres-les-drapeaux-sur-la-lune-et-une-tesla-dans-lespace-une-exploration-postcoloniale-est-elle-possible\\\/#primaryimage\"},\"thumbnailUrl\":\"https:\\\/\\\/www.infodictat.fr\\\/blog\\\/wp-content\\\/uploads\\\/2026\\\/03\\\/France-Espace-apres-les-drapeaux-sur-la-Lune-et.jpg\",\"articleSection\":[\"La Dictature Num\u00e9rique:\"],\"inLanguage\":\"fr-FR\"},{\"@type\":\"WebPage\",\"@id\":\"https:\\\/\\\/www.infodictat.fr\\\/blog\\\/france-espace-apres-les-drapeaux-sur-la-lune-et-une-tesla-dans-lespace-une-exploration-postcoloniale-est-elle-possible\\\/\",\"url\":\"https:\\\/\\\/www.infodictat.fr\\\/blog\\\/france-espace-apres-les-drapeaux-sur-la-lune-et-une-tesla-dans-lespace-une-exploration-postcoloniale-est-elle-possible\\\/\",\"name\":\"France: Espace : apr\u00e8s les drapeaux sur la Lune et une Tesla dans l'espace, une exploration postcoloniale est-elle possible ? - INFODICTAT\",\"isPartOf\":{\"@id\":\"https:\\\/\\\/www.infodictat.fr\\\/blog\\\/#website\"},\"primaryImageOfPage\":{\"@id\":\"https:\\\/\\\/www.infodictat.fr\\\/blog\\\/france-espace-apres-les-drapeaux-sur-la-lune-et-une-tesla-dans-lespace-une-exploration-postcoloniale-est-elle-possible\\\/#primaryimage\"},\"image\":{\"@id\":\"https:\\\/\\\/www.infodictat.fr\\\/blog\\\/france-espace-apres-les-drapeaux-sur-la-lune-et-une-tesla-dans-lespace-une-exploration-postcoloniale-est-elle-possible\\\/#primaryimage\"},\"thumbnailUrl\":\"https:\\\/\\\/www.infodictat.fr\\\/blog\\\/wp-content\\\/uploads\\\/2026\\\/03\\\/France-Espace-apres-les-drapeaux-sur-la-Lune-et.jpg\",\"datePublished\":\"2026-03-24T20:08:24+00:00\",\"breadcrumb\":{\"@id\":\"https:\\\/\\\/www.infodictat.fr\\\/blog\\\/france-espace-apres-les-drapeaux-sur-la-lune-et-une-tesla-dans-lespace-une-exploration-postcoloniale-est-elle-possible\\\/#breadcrumb\"},\"inLanguage\":\"fr-FR\",\"potentialAction\":[{\"@type\":\"ReadAction\",\"target\":[\"https:\\\/\\\/www.infodictat.fr\\\/blog\\\/france-espace-apres-les-drapeaux-sur-la-lune-et-une-tesla-dans-lespace-une-exploration-postcoloniale-est-elle-possible\\\/\"]}]},{\"@type\":\"ImageObject\",\"inLanguage\":\"fr-FR\",\"@id\":\"https:\\\/\\\/www.infodictat.fr\\\/blog\\\/france-espace-apres-les-drapeaux-sur-la-lune-et-une-tesla-dans-lespace-une-exploration-postcoloniale-est-elle-possible\\\/#primaryimage\",\"url\":\"https:\\\/\\\/www.infodictat.fr\\\/blog\\\/wp-content\\\/uploads\\\/2026\\\/03\\\/France-Espace-apres-les-drapeaux-sur-la-Lune-et.jpg\",\"contentUrl\":\"https:\\\/\\\/www.infodictat.fr\\\/blog\\\/wp-content\\\/uploads\\\/2026\\\/03\\\/France-Espace-apres-les-drapeaux-sur-la-Lune-et.jpg\",\"width\":1024,\"height\":576},{\"@type\":\"BreadcrumbList\",\"@id\":\"https:\\\/\\\/www.infodictat.fr\\\/blog\\\/france-espace-apres-les-drapeaux-sur-la-lune-et-une-tesla-dans-lespace-une-exploration-postcoloniale-est-elle-possible\\\/#breadcrumb\",\"itemListElement\":[{\"@type\":\"ListItem\",\"position\":1,\"name\":\"Accueil\",\"item\":\"https:\\\/\\\/www.infodictat.fr\\\/blog\\\/\"},{\"@type\":\"ListItem\",\"position\":2,\"name\":\"France: Espace : apr\u00e8s les drapeaux sur la Lune et une Tesla dans l&rsquo;espace, une exploration postcoloniale est-elle possible ?\"}]},{\"@type\":\"WebSite\",\"@id\":\"https:\\\/\\\/www.infodictat.fr\\\/blog\\\/#website\",\"url\":\"https:\\\/\\\/www.infodictat.fr\\\/blog\\\/\",\"name\":\"INFODICTAT\",\"description\":\"La dictature num\u00e9rique.\",\"publisher\":{\"@id\":\"https:\\\/\\\/www.infodictat.fr\\\/blog\\\/#organization\"},\"potentialAction\":[{\"@type\":\"SearchAction\",\"target\":{\"@type\":\"EntryPoint\",\"urlTemplate\":\"https:\\\/\\\/www.infodictat.fr\\\/blog\\\/?s={search_term_string}\"},\"query-input\":{\"@type\":\"PropertyValueSpecification\",\"valueRequired\":true,\"valueName\":\"search_term_string\"}}],\"inLanguage\":\"fr-FR\"},{\"@type\":\"Organization\",\"@id\":\"https:\\\/\\\/www.infodictat.fr\\\/blog\\\/#organization\",\"name\":\"infodictat\",\"url\":\"https:\\\/\\\/www.infodictat.fr\\\/blog\\\/\",\"logo\":{\"@type\":\"ImageObject\",\"inLanguage\":\"fr-FR\",\"@id\":\"https:\\\/\\\/www.infodictat.fr\\\/blog\\\/#\\\/schema\\\/logo\\\/image\\\/\",\"url\":\"https:\\\/\\\/www.infodictat.fr\\\/blog\\\/wp-content\\\/uploads\\\/2023\\\/05\\\/logo-2.png\",\"contentUrl\":\"https:\\\/\\\/www.infodictat.fr\\\/blog\\\/wp-content\\\/uploads\\\/2023\\\/05\\\/logo-2.png\",\"width\":480,\"height\":596,\"caption\":\"infodictat\"},\"image\":{\"@id\":\"https:\\\/\\\/www.infodictat.fr\\\/blog\\\/#\\\/schema\\\/logo\\\/image\\\/\"}},{\"@type\":\"Person\",\"@id\":\"https:\\\/\\\/www.infodictat.fr\\\/blog\\\/#\\\/schema\\\/person\\\/6c2c8af0941702348e8eca9144cc1267\",\"name\":\"Oscar BETHMONT\",\"image\":{\"@type\":\"ImageObject\",\"inLanguage\":\"fr-FR\",\"@id\":\"https:\\\/\\\/secure.gravatar.com\\\/avatar\\\/f80ff32d67d40b919e8be190b7325be3c6cb33ce305ac1d45cadad29128e831e?s=96&d=mm&r=g\",\"url\":\"https:\\\/\\\/secure.gravatar.com\\\/avatar\\\/f80ff32d67d40b919e8be190b7325be3c6cb33ce305ac1d45cadad29128e831e?s=96&d=mm&r=g\",\"contentUrl\":\"https:\\\/\\\/secure.gravatar.com\\\/avatar\\\/f80ff32d67d40b919e8be190b7325be3c6cb33ce305ac1d45cadad29128e831e?s=96&d=mm&r=g\",\"caption\":\"Oscar BETHMONT\"},\"url\":\"https:\\\/\\\/www.infodictat.fr\\\/blog\\\/author\\\/tatoscar\\\/\"}]}<\/script>\n<!-- \/ Yoast SEO plugin. -->","yoast_head_json":{"title":"France: Espace : apr\u00e8s les drapeaux sur la Lune et une Tesla dans l'espace, une exploration postcoloniale est-elle possible ? - INFODICTAT","robots":{"index":"index","follow":"follow","max-snippet":"max-snippet:-1","max-image-preview":"max-image-preview:large","max-video-preview":"max-video-preview:-1"},"canonical":"https:\/\/www.infodictat.fr\/blog\/france-espace-apres-les-drapeaux-sur-la-lune-et-une-tesla-dans-lespace-une-exploration-postcoloniale-est-elle-possible\/","og_locale":"fr_FR","og_type":"article","og_title":"France: Espace : apr\u00e8s les drapeaux sur la Lune et une Tesla dans l'espace, une exploration postcoloniale est-elle possible ? - INFODICTAT","og_description":"La galaxie d&rsquo;Androm\u00e8de, la plan\u00e8te Mars, les missions Apollo hier et Art\u00e9mis aujourd&rsquo;hui : avez-vous remarqu\u00e9 combien d&rsquo;astres et de missions spatiales portent des noms de dieux romains ou grecs ? Certaines conceptions de la conqu\u00eate spatiale transmettent des doctrines colonialistes. Comment les d\u00e9passer ? Ce propos r\u00e9pond \u00e0 vos recherches vous adorerez pareillement ces ... Lire la suite","og_url":"https:\/\/www.infodictat.fr\/blog\/france-espace-apres-les-drapeaux-sur-la-lune-et-une-tesla-dans-lespace-une-exploration-postcoloniale-est-elle-possible\/","og_site_name":"INFODICTAT","article_published_time":"2026-03-24T20:08:24+00:00","og_image":[{"url":"https:\/\/www.infodictat.fr\/blog\/wp-content\/uploads\/2026\/03\/France-Espace-apres-les-drapeaux-sur-la-Lune-et.jpg","type":"","width":"","height":""}],"author":"Oscar BETHMONT","twitter_card":"summary_large_image","twitter_misc":{"\u00c9crit par":"Oscar BETHMONT","Dur\u00e9e de lecture estim\u00e9e":"1 minute"},"schema":{"@context":"https:\/\/schema.org","@graph":[{"@type":"Article","@id":"https:\/\/www.infodictat.fr\/blog\/france-espace-apres-les-drapeaux-sur-la-lune-et-une-tesla-dans-lespace-une-exploration-postcoloniale-est-elle-possible\/#article","isPartOf":{"@id":"https:\/\/www.infodictat.fr\/blog\/france-espace-apres-les-drapeaux-sur-la-lune-et-une-tesla-dans-lespace-une-exploration-postcoloniale-est-elle-possible\/"},"author":{"name":"Oscar BETHMONT","@id":"https:\/\/www.infodictat.fr\/blog\/#\/schema\/person\/6c2c8af0941702348e8eca9144cc1267"},"headline":"France: Espace : apr\u00e8s les drapeaux sur la Lune et une Tesla dans l&rsquo;espace, une exploration postcoloniale est-elle possible ?","datePublished":"2026-03-24T20:08:24+00:00","mainEntityOfPage":{"@id":"https:\/\/www.infodictat.fr\/blog\/france-espace-apres-les-drapeaux-sur-la-lune-et-une-tesla-dans-lespace-une-exploration-postcoloniale-est-elle-possible\/"},"wordCount":220,"publisher":{"@id":"https:\/\/www.infodictat.fr\/blog\/#organization"},"image":{"@id":"https:\/\/www.infodictat.fr\/blog\/france-espace-apres-les-drapeaux-sur-la-lune-et-une-tesla-dans-lespace-une-exploration-postcoloniale-est-elle-possible\/#primaryimage"},"thumbnailUrl":"https:\/\/www.infodictat.fr\/blog\/wp-content\/uploads\/2026\/03\/France-Espace-apres-les-drapeaux-sur-la-Lune-et.jpg","articleSection":["La Dictature Num\u00e9rique:"],"inLanguage":"fr-FR"},{"@type":"WebPage","@id":"https:\/\/www.infodictat.fr\/blog\/france-espace-apres-les-drapeaux-sur-la-lune-et-une-tesla-dans-lespace-une-exploration-postcoloniale-est-elle-possible\/","url":"https:\/\/www.infodictat.fr\/blog\/france-espace-apres-les-drapeaux-sur-la-lune-et-une-tesla-dans-lespace-une-exploration-postcoloniale-est-elle-possible\/","name":"France: Espace : apr\u00e8s les drapeaux sur la Lune et une Tesla dans l'espace, une exploration postcoloniale est-elle possible ? - INFODICTAT","isPartOf":{"@id":"https:\/\/www.infodictat.fr\/blog\/#website"},"primaryImageOfPage":{"@id":"https:\/\/www.infodictat.fr\/blog\/france-espace-apres-les-drapeaux-sur-la-lune-et-une-tesla-dans-lespace-une-exploration-postcoloniale-est-elle-possible\/#primaryimage"},"image":{"@id":"https:\/\/www.infodictat.fr\/blog\/france-espace-apres-les-drapeaux-sur-la-lune-et-une-tesla-dans-lespace-une-exploration-postcoloniale-est-elle-possible\/#primaryimage"},"thumbnailUrl":"https:\/\/www.infodictat.fr\/blog\/wp-content\/uploads\/2026\/03\/France-Espace-apres-les-drapeaux-sur-la-Lune-et.jpg","datePublished":"2026-03-24T20:08:24+00:00","breadcrumb":{"@id":"https:\/\/www.infodictat.fr\/blog\/france-espace-apres-les-drapeaux-sur-la-lune-et-une-tesla-dans-lespace-une-exploration-postcoloniale-est-elle-possible\/#breadcrumb"},"inLanguage":"fr-FR","potentialAction":[{"@type":"ReadAction","target":["https:\/\/www.infodictat.fr\/blog\/france-espace-apres-les-drapeaux-sur-la-lune-et-une-tesla-dans-lespace-une-exploration-postcoloniale-est-elle-possible\/"]}]},{"@type":"ImageObject","inLanguage":"fr-FR","@id":"https:\/\/www.infodictat.fr\/blog\/france-espace-apres-les-drapeaux-sur-la-lune-et-une-tesla-dans-lespace-une-exploration-postcoloniale-est-elle-possible\/#primaryimage","url":"https:\/\/www.infodictat.fr\/blog\/wp-content\/uploads\/2026\/03\/France-Espace-apres-les-drapeaux-sur-la-Lune-et.jpg","contentUrl":"https:\/\/www.infodictat.fr\/blog\/wp-content\/uploads\/2026\/03\/France-Espace-apres-les-drapeaux-sur-la-Lune-et.jpg","width":1024,"height":576},{"@type":"BreadcrumbList","@id":"https:\/\/www.infodictat.fr\/blog\/france-espace-apres-les-drapeaux-sur-la-lune-et-une-tesla-dans-lespace-une-exploration-postcoloniale-est-elle-possible\/#breadcrumb","itemListElement":[{"@type":"ListItem","position":1,"name":"Accueil","item":"https:\/\/www.infodictat.fr\/blog\/"},{"@type":"ListItem","position":2,"name":"France: Espace : apr\u00e8s les drapeaux sur la Lune et une Tesla dans l&rsquo;espace, une exploration postcoloniale est-elle possible ?"}]},{"@type":"WebSite","@id":"https:\/\/www.infodictat.fr\/blog\/#website","url":"https:\/\/www.infodictat.fr\/blog\/","name":"INFODICTAT","description":"La dictature num\u00e9rique.","publisher":{"@id":"https:\/\/www.infodictat.fr\/blog\/#organization"},"potentialAction":[{"@type":"SearchAction","target":{"@type":"EntryPoint","urlTemplate":"https:\/\/www.infodictat.fr\/blog\/?s={search_term_string}"},"query-input":{"@type":"PropertyValueSpecification","valueRequired":true,"valueName":"search_term_string"}}],"inLanguage":"fr-FR"},{"@type":"Organization","@id":"https:\/\/www.infodictat.fr\/blog\/#organization","name":"infodictat","url":"https:\/\/www.infodictat.fr\/blog\/","logo":{"@type":"ImageObject","inLanguage":"fr-FR","@id":"https:\/\/www.infodictat.fr\/blog\/#\/schema\/logo\/image\/","url":"https:\/\/www.infodictat.fr\/blog\/wp-content\/uploads\/2023\/05\/logo-2.png","contentUrl":"https:\/\/www.infodictat.fr\/blog\/wp-content\/uploads\/2023\/05\/logo-2.png","width":480,"height":596,"caption":"infodictat"},"image":{"@id":"https:\/\/www.infodictat.fr\/blog\/#\/schema\/logo\/image\/"}},{"@type":"Person","@id":"https:\/\/www.infodictat.fr\/blog\/#\/schema\/person\/6c2c8af0941702348e8eca9144cc1267","name":"Oscar BETHMONT","image":{"@type":"ImageObject","inLanguage":"fr-FR","@id":"https:\/\/secure.gravatar.com\/avatar\/f80ff32d67d40b919e8be190b7325be3c6cb33ce305ac1d45cadad29128e831e?s=96&d=mm&r=g","url":"https:\/\/secure.gravatar.com\/avatar\/f80ff32d67d40b919e8be190b7325be3c6cb33ce305ac1d45cadad29128e831e?s=96&d=mm&r=g","contentUrl":"https:\/\/secure.gravatar.com\/avatar\/f80ff32d67d40b919e8be190b7325be3c6cb33ce305ac1d45cadad29128e831e?s=96&d=mm&r=g","caption":"Oscar BETHMONT"},"url":"https:\/\/www.infodictat.fr\/blog\/author\/tatoscar\/"}]}},"_links":{"self":[{"href":"https:\/\/www.infodictat.fr\/blog\/wp-json\/wp\/v2\/posts\/1445","targetHints":{"allow":["GET"]}}],"collection":[{"href":"https:\/\/www.infodictat.fr\/blog\/wp-json\/wp\/v2\/posts"}],"about":[{"href":"https:\/\/www.infodictat.fr\/blog\/wp-json\/wp\/v2\/types\/post"}],"author":[{"embeddable":true,"href":"https:\/\/www.infodictat.fr\/blog\/wp-json\/wp\/v2\/users\/2"}],"replies":[{"embeddable":true,"href":"https:\/\/www.infodictat.fr\/blog\/wp-json\/wp\/v2\/comments?post=1445"}],"version-history":[{"count":0,"href":"https:\/\/www.infodictat.fr\/blog\/wp-json\/wp\/v2\/posts\/1445\/revisions"}],"wp:featuredmedia":[{"embeddable":true,"href":"https:\/\/www.infodictat.fr\/blog\/wp-json\/wp\/v2\/media\/1446"}],"wp:attachment":[{"href":"https:\/\/www.infodictat.fr\/blog\/wp-json\/wp\/v2\/media?parent=1445"}],"wp:term":[{"taxonomy":"category","embeddable":true,"href":"https:\/\/www.infodictat.fr\/blog\/wp-json\/wp\/v2\/categories?post=1445"},{"taxonomy":"post_tag","embeddable":true,"href":"https:\/\/www.infodictat.fr\/blog\/wp-json\/wp\/v2\/tags?post=1445"}],"curies":[{"name":"wp","href":"https:\/\/api.w.org\/{rel}","templated":true}]}}