{"id":1343,"date":"2025-12-27T18:18:07","date_gmt":"2025-12-27T17:18:07","guid":{"rendered":"https:\/\/www.infodictat.fr\/blog\/actus-francaises-cest-quoi-le-somaliland-ce-pays-quisrael-est-le-premier-a-reconnaitre-france\/"},"modified":"2025-12-27T18:18:07","modified_gmt":"2025-12-27T17:18:07","slug":"actus-francaises-cest-quoi-le-somaliland-ce-pays-quisrael-est-le-premier-a-reconnaitre-france","status":"publish","type":"post","link":"https:\/\/www.infodictat.fr\/blog\/actus-francaises-cest-quoi-le-somaliland-ce-pays-quisrael-est-le-premier-a-reconnaitre-france\/","title":{"rendered":"Actus fran\u00e7aises: C\u2019est quoi le Somaliland, ce pays qu\u2019Isra\u00ebl est le premier \u00e0 reconna\u00eetre\u00a0? #France"},"content":{"rendered":"<div><img width=\"720\" height=\"514\" src=\"https:\/\/www.infodictat.fr\/blog\/wp-content\/uploads\/2025\/12\/Informations-France-Kaja-Kallas-denonce-lescalade-provoquee-par-la-Russie.jpg\" class=\"attachment-large size-large wp-post-image\" alt=\"\" style=\"width:100%;height:71.39%;max-width:720px;float:left; margin:0 15px 15px 0;\" decoding=\"async\" srcset=\"https:\/\/www.infodictat.fr\/blog\/wp-content\/uploads\/2025\/12\/Informations-France-Kaja-Kallas-denonce-lescalade-provoquee-par-la-Russie.jpg 720w, https:\/\/www.site.cdcl.xyz\/wp-content\/uploads\/2025\/10\/Informations-France-Kaja-Kallas-denonce-lescalade-provoquee-par-la-Russie-300x214.jpg 300w\" sizes=\"(max-width: 720px) 100vw, 720px\"><\/p>\n<h1>C\u2019est quoi le Somaliland, ce pays qu\u2019Isra\u00ebl est le premier \u00e0 reconna\u00eetre\u00a0? publi\u00e9 par Le Parisien \u2013 International le <span id=\"datecrea\"><\/span> <\/h1>\n<p>Ci-dessous un tout nouvel \u00e9ditorial qui va parfaire notre revue de presse sur \u00ab\u00a0Actualit\u00e9 fran\u00e7aise\u00a0\u00bb.<\/p>\n<h2>Ceci a \u00e9t\u00e9 publi\u00e9 par Le Parisien \u2013 International<\/h2>\n<p><u>Signature  . <\/u><\/p>\n<p><u>Date et heure de la r\u00e9ception de la d\u00e9p\u00e9che sur notre fil d\u2019info:<\/u><strong><span id=\"date\"><\/span><\/strong><\/p>\n<p><u>Date et heure de publication sur internet:<\/u> <strong><span id=\"datecrea\"><\/span><\/strong><\/p>\n<p><u>Titre exacte donn\u00e9 par le journal \u00e9tait:<\/u> <strong>C\u2019est quoi le Somaliland, ce pays qu\u2019Isra\u00ebl est le premier \u00e0 reconna\u00eetre\u00a0?<\/strong><\/p>\n<p><u>Information et contenu publi\u00e9s :<\/u><\/p>\n<div>\n<section class=\"content\">\n<p class=\"lp-f-subtitle-01\">Vendredi soir, l\u2019\u00c9tat h\u00e9breu est devenu le premier pays au monde \u00e0 reconna\u00eetre ce territoire strat\u00e9gique situ\u00e9 au nord de la Somalie, qui a unilat\u00e9ralement d\u00e9clar\u00e9 son ind\u00e9pendance il y a 35\u00a0ans.<\/p>\n<\/section>\n<section class=\"content\"><\/section>\n<section class=\"content\">\n<p class=\"\">Depuis son club de golf de Floride, Donald Trump s\u2019est charg\u00e9 lui-m\u00eame de poser la question. \u00ab Est-ce qu\u2019il y a vraiment des gens qui savent ce qu\u2019est le Somaliland ? \u00bb, a demand\u00e9 le pr\u00e9sident am\u00e9ricain apr\u00e8s qu\u2019Isra\u00ebl est devenu le premier pays \u00e0 reconna\u00eetre ce territoire africain.<\/p>\n<\/section>\n<section class=\"content\">\n<p class=\"\">Apr\u00e8s cette d\u00e9marche de l\u2019\u00c9tat h\u00e9breu, les r\u00e9actions de nombreux pays voisins ne se sont pas fait attendre. Mais au juste, de quel territoire parle-t-on ?<\/p>\n<\/section>\n<section class=\"content\"><\/section>\n<section class=\"content\">\n<h2 class=\"inline_title margin_bottom_md margin_top_xxl\">Plus de 6 millions d\u2019habitants<\/h2>\n<\/section>\n<section class=\"content\">\n<p class=\"\">Le Somaliland se situe dans l\u2019actuelle Somalie, au nord de la Corne de l\u2019Afrique. \u00c9galement limitrophe de l\u2019\u00c9thiopie et de Djibouti, il abrite plus de 6 millions d\u2019habitants et est bord\u00e9 au nord par le strat\u00e9gique golfe d\u2019Aden.<\/p>\n<\/section>\n<section class=\"content\"><\/section>\n<section class=\"content\">\n<p class=\"\">Pendant des si\u00e8cles, ce territoire \u00e0 peine moins grand que l\u2019Italie faisait partie de l\u2019Empire ottoman, avant de passer sous protectorat britannique \u00e0 la fin du XIXe si\u00e8cle. C\u2019est \u00e0 ce moment qu\u2019il est nomm\u00e9 \u00ab Somaliland \u00bb. Disput\u00e9 par les Italiens pendant la Seconde Guerre mondiale, il est finalement conserv\u00e9 par les troupes britanniques jusqu\u2019\u00e0 son ind\u00e9pendance proclam\u00e9e fin juin 1960.<\/p>\n<\/section>\n<section class=\"content\">\n<h2 class=\"inline_title margin_bottom_md margin_top_xxl\">Une ind\u00e9pendance reconnue par personne jusqu\u2019\u00e0 hier<\/h2>\n<\/section>\n<section class=\"content\">\n<p class=\"\">Une ind\u00e9pendance qui n\u2019aura dur\u00e9 que cinq jours, avant qu\u2019il ne fusionne avec la Somalie italienne, qui devient alors la Somalie. Ce n\u2019est que 31 ans plus tard, apr\u00e8s la guerre civile somalienne (1978-1991), que le Somaliland proclame \u00e0 nouveau son ind\u00e9pendance, qui n\u2019a jamais \u00e9t\u00e9 reconnue par la communaut\u00e9 internationale avant la d\u00e9cision isra\u00e9lienne de ce 26 d\u00e9cembre 2025.<\/p>\n<\/section>\n<section class=\"content\">\n<p class=\"\">Malgr\u00e9 cette absence de reconnaissance internationale, le Somaliland fonctionne depuis plus de trois d\u00e9cennies comme un \u00c9tat de facto : il dispose de son propre gouvernement, d\u2019une monnaie, d\u2019un syst\u00e8me \u00e9ducatif et s\u00e9curitaire, ainsi que d\u2019\u00e9lections jug\u00e9es relativement libres par les observateurs internationaux.<\/p>\n<\/section>\n<section class=\"content\">\n<h2 class=\"inline_title margin_bottom_md margin_top_xxl\">Une relative stabilit\u00e9<\/h2>\n<\/section>\n<section class=\"content\">\n<p class=\"\">Surtout, comme l\u2019indique l\u2019Institution de relations internationales et strat\u00e9giques (Iris), le Somaliland a longtemps fait figure d\u2019une relative stabilit\u00e9, au sein de la Corne de l\u2019Afrique, particuli\u00e8rement fragment\u00e9e. En effet, depuis 20 ans, la Somalie est confront\u00e9e aux islamistes shebabs, li\u00e9s \u00e0 Al-Qa\u00efda. La guerre fait par exemple encore rage \u00e0 60 km de la capitale Mogadiscio.<\/p>\n<\/section>\n<section class=\"content\">\n<p class=\"\">Mais les violences n\u2019\u00e9pargnent le Somaliland pour autant. En 2023, l\u2019ONU annon\u00e7ait qu\u2019entre 150 et 200 000 personnes ont d\u00fb fuir leur foyer dans la ville disput\u00e9e de Las Anod, suite \u00e0 des combats \u00ab entre les forces arm\u00e9es de la r\u00e9gion et des milices loyales au gouvernement central somalien \u00bb.<\/p>\n<\/section>\n<section class=\"content\">\n<h2 class=\"inline_title margin_bottom_md margin_top_xxl\">Le port, source d\u2019opportunit\u00e9s commerciales<\/h2>\n<\/section>\n<section class=\"content\">\n<p class=\"\">Mais surtout, le Somaliland est un territoire particuli\u00e8rement strat\u00e9gique en raison de sa localisation g\u00e9ographique. \u00ab Son port, en partie g\u00e9r\u00e9 par une entreprise \u00e9mirienne, int\u00e9resse notamment Addis-Abeba (la capitale de l\u2019\u00c9thiopie, ndlr) qui cherche de nouvelles voies commerciales \u00bb, poursuit l\u2019Iris.<\/p>\n<\/section>\n<section class=\"content\">\n<p class=\"\">La reconnaissance de Tel-Aviv s\u2019inscrit donc dans un contexte de longue date, entre place strat\u00e9gique et conflits internes. R\u00e9cemment, un plan imagin\u00e9 par les \u00c9tats-Unis et Isra\u00ebl \u00ab visant \u00e0 expulser et relocaliser la population gazaouie vers le Somaliland \u00bb a \u00e9t\u00e9 envisag\u00e9, rappelle l\u2019Iris, qui estime que \u00ab cette perspective impliquerait le pays dans un possible nettoyage ethnique \u00bb.<\/p>\n<\/section>\n<section class=\"content\"><\/section>\n<section class=\"content\"><\/section>\n<section class=\"content\">\n<p class=\"\">\u00c0 ce sujet, les shebabs ont affirm\u00e9 ce samedi \u00ab (rejetaient) l\u2019ambition des Isra\u00e9liens de revendiquer ou d\u2019utiliser des parties de (leurs) territoires \u00bb. \u00ab Nous ne l\u2019accepterons pas et nous la combattrons, si Dieu le veut \u00bb, a d\u00e9clar\u00e9 leur porte-parole, rappelant qu\u2019Isra\u00ebl est \u00ab le plus grand ennemi de la soci\u00e9t\u00e9 islamique \u00bb.<\/p>\n<\/section>\n<\/div>\n<p>#Cest #quoi #Somaliland #pays #quIsra\u00ebl #est #premier #reconna\u00eetre<\/p>\n<p>Reprise de l\u2019information dans un style journalistique professionnel descriptif en organisant les id\u00e9es dans un ordre coh\u00e9rent avec titres html <\/p>\n<p>Publications sur le m\u00eame th\u00e8me:<\/p>\n<p>Esp\u00e9rer pour la France.,<a href=\"https:\/\/www.kobo.com\/fr\/fr\/ebook\/esperer-pour-la-france\" target=\"_blank\" rel=\"noopener noreferrer nofollow\">R\u00e9f\u00e9rence lit\u00e9raire de ce livre<\/a><span><\/span>. Disponible chez votre libraire.<\/p>\n<p>Photographie\/Personnalit\u00e9s\/H.,<a href=\"https:\/\/fr.wikibooks.org\/wiki\/Photographie\/Personnalit%C3%A9s\/H\" target=\"_blank\" rel=\"noopener noreferrer nofollow\">Suivre ce lien <\/a><span><\/span>.<\/p>\n<p>Soci\u00e9t\u00e9, cultures et genres de vie dans la France moderne \u2013 Edition 1991.,<a href=\"https:\/\/www.kobo.com\/fr\/fr\/ebook\/societe-cultures-et-genres-de-vie-dans-la-france-moderne-edition-1991\" target=\"_blank\" rel=\"noopener noreferrer nofollow\">R\u00e9f\u00e9rence lit\u00e9raire de cet ouvrage<\/a><span><\/span>.<\/p>\n<p><script>\nvar date = \"Non r\u00e9cup\u00e9r\u00e9es\";\n        \/\/ Valeur de timestamp\n        var timestampString = 1766854882; \/\/ Assurez-vous que le timestamp est une cha\u00eene de texte\n        \/\/ Convertir la cha\u00eene de texte en nombre entier (timestamp)\n        var timestamp = parseInt(timestampString);\n        \/\/ Cr\u00e9er un objet Date \u00e0 partir du timestamp\n        var dateObject = new Date(timestamp * 1000); \/\/ Le timestamp est en secondes, donc on le multiplie par 1000 pour obtenir les millisecondes\n        \/\/ Format de date personnalis\u00e9\n        var options = { weekday: 'long', year: 'numeric', month: 'long', day: 'numeric', hour: 'numeric', minute: 'numeric', second: 'numeric', timeZone: 'Europe\/Paris' };\n        var formattedDate = dateObject.toLocaleDateString('fr-FR', options);\n formattedDate = formattedDate.replace(\/^.\/, formattedDate[0].toUpperCase());\n        \/\/ Afficher la date dans le HTML\n        document.getElementById('date').textContent = formattedDate;\n    <\/script><\/p>\n<p><script>\nvar datecrea = \"Non r\u00e9cup\u00e9r\u00e9e\";\n        \/\/ Date et heure au format \"2008-06-15 18:02:58\"\n        var dateString = \"2025-12-27 15:20:13\";\n        \/\/ Convertir la cha\u00eene de texte en objet Date\n        var now = new Date(dateString);\n        \/\/ Format de date personnalis\u00e9\n        var options = { weekday: 'long', year: 'numeric', month: 'long', day: 'numeric', hour: 'numeric', minute: 'numeric', second: 'numeric', timeZone: 'Europe\/Paris' };\n        var formattedDate = now.toLocaleDateString('fr-FR', options);\n formattedDate = formattedDate.replace(\/^.\/, formattedDate[0].toUpperCase());\n        \/\/ Afficher la date dans le HTML\n        document.getElementById('datecrea').textContent = formattedDate;\n    <\/script><\/p>\n<\/div>\n<p><img decoding=\"async\" class=\"wpe_imgrss\" src=\"https:\/\/www.infodictat.fr\/blog\/wp-content\/uploads\/2025\/12\/Informations-France-Kaja-Kallas-denonce-lescalade-provoquee-par-la-Russie.jpg\">Vous pouvez lire ce post traitant le sujet \u00ab\u00a0La dictature num\u00e9rique\u00a0\u00bb. Il est produit par la r\u00e9daction de infodictat.fr. Le site infodictat.fr a pour objectif de publier plusieurs articles autour du sujet La dictature num\u00e9rique d\u00e9velopp\u00e9es sur le web. Cette chronique se veut g\u00e9n\u00e9r\u00e9e de la fa\u00e7on la plus juste qui soit. Pour \u00e9mettre des remarques sur ce dossier autour du sujet \u00ab\u00a0La dictature num\u00e9rique\u00a0\u00bb prenez les contacts indiqu\u00e9s sur notre site internet. En consultant r\u00e9guli\u00e8rement nos contenus de blog vous serez au courant des futures parutions.<\/p>\n","protected":false},"excerpt":{"rendered":"<p>C\u2019est quoi le Somaliland, ce pays qu\u2019Isra\u00ebl est le premier \u00e0 reconna\u00eetre\u00a0? publi\u00e9 par Le Parisien \u2013 International le Ci-dessous un tout nouvel \u00e9ditorial qui va parfaire notre revue de presse sur \u00ab\u00a0Actualit\u00e9 fran\u00e7aise\u00a0\u00bb. Ceci a \u00e9t\u00e9 publi\u00e9 par Le Parisien \u2013 International Signature . Date et heure de la r\u00e9ception de la d\u00e9p\u00e9che sur &#8230; <a title=\"Actus fran\u00e7aises: C\u2019est quoi le Somaliland, ce pays qu\u2019Isra\u00ebl est le premier \u00e0 reconna\u00eetre\u00a0? #France\" class=\"read-more\" href=\"https:\/\/www.infodictat.fr\/blog\/actus-francaises-cest-quoi-le-somaliland-ce-pays-quisrael-est-le-premier-a-reconnaitre-france\/\" aria-label=\"En savoir plus sur Actus fran\u00e7aises: C\u2019est quoi le Somaliland, ce pays qu\u2019Isra\u00ebl est le premier \u00e0 reconna\u00eetre\u00a0? #France\">Lire la suite<\/a><\/p>\n","protected":false},"author":2,"featured_media":1344,"comment_status":"closed","ping_status":"closed","sticky":false,"template":"","format":"standard","meta":{"footnotes":""},"categories":[2],"tags":[],"class_list":["post-1343","post","type-post","status-publish","format-standard","has-post-thumbnail","hentry","category-la-dictature-numerique"],"yoast_head":"<!-- This site is optimized with the Yoast SEO plugin v27.5 - https:\/\/yoast.com\/product\/yoast-seo-wordpress\/ -->\n<title>Actus fran\u00e7aises: C\u2019est quoi le Somaliland, ce pays qu\u2019Isra\u00ebl est le premier \u00e0 reconna\u00eetre\u00a0? #France - INFODICTAT<\/title>\n<meta name=\"robots\" content=\"index, follow, max-snippet:-1, max-image-preview:large, max-video-preview:-1\" \/>\n<link rel=\"canonical\" href=\"https:\/\/www.infodictat.fr\/blog\/actus-francaises-cest-quoi-le-somaliland-ce-pays-quisrael-est-le-premier-a-reconnaitre-france\/\" \/>\n<meta property=\"og:locale\" content=\"fr_FR\" \/>\n<meta property=\"og:type\" content=\"article\" \/>\n<meta property=\"og:title\" content=\"Actus fran\u00e7aises: C\u2019est quoi le Somaliland, ce pays qu\u2019Isra\u00ebl est le premier \u00e0 reconna\u00eetre\u00a0? #France - INFODICTAT\" \/>\n<meta property=\"og:description\" content=\"C\u2019est quoi le Somaliland, ce pays qu\u2019Isra\u00ebl est le premier \u00e0 reconna\u00eetre\u00a0? publi\u00e9 par Le Parisien \u2013 International le Ci-dessous un tout nouvel \u00e9ditorial qui va parfaire notre revue de presse sur \u00ab\u00a0Actualit\u00e9 fran\u00e7aise\u00a0\u00bb. Ceci a \u00e9t\u00e9 publi\u00e9 par Le Parisien \u2013 International Signature . Date et heure de la r\u00e9ception de la d\u00e9p\u00e9che sur ... Lire la suite\" \/>\n<meta property=\"og:url\" content=\"https:\/\/www.infodictat.fr\/blog\/actus-francaises-cest-quoi-le-somaliland-ce-pays-quisrael-est-le-premier-a-reconnaitre-france\/\" \/>\n<meta property=\"og:site_name\" content=\"INFODICTAT\" \/>\n<meta property=\"article:published_time\" content=\"2025-12-27T17:18:07+00:00\" \/>\n<meta property=\"og:image\" content=\"https:\/\/www.infodictat.fr\/blog\/wp-content\/uploads\/2025\/12\/Informations-France-Kaja-Kallas-denonce-lescalade-provoquee-par-la-Russie.jpg\" \/>\n<meta name=\"author\" content=\"Oscar BETHMONT\" \/>\n<meta name=\"twitter:card\" content=\"summary_large_image\" \/>\n<meta name=\"twitter:label1\" content=\"\u00c9crit par\" \/>\n\t<meta name=\"twitter:data1\" content=\"Oscar BETHMONT\" \/>\n\t<meta name=\"twitter:label2\" content=\"Dur\u00e9e de lecture estim\u00e9e\" \/>\n\t<meta name=\"twitter:data2\" content=\"5 minutes\" \/>\n<script type=\"application\/ld+json\" class=\"yoast-schema-graph\">{\"@context\":\"https:\\\/\\\/schema.org\",\"@graph\":[{\"@type\":\"Article\",\"@id\":\"https:\\\/\\\/www.infodictat.fr\\\/blog\\\/actus-francaises-cest-quoi-le-somaliland-ce-pays-quisrael-est-le-premier-a-reconnaitre-france\\\/#article\",\"isPartOf\":{\"@id\":\"https:\\\/\\\/www.infodictat.fr\\\/blog\\\/actus-francaises-cest-quoi-le-somaliland-ce-pays-quisrael-est-le-premier-a-reconnaitre-france\\\/\"},\"author\":{\"name\":\"Oscar BETHMONT\",\"@id\":\"https:\\\/\\\/www.infodictat.fr\\\/blog\\\/#\\\/schema\\\/person\\\/6c2c8af0941702348e8eca9144cc1267\"},\"headline\":\"Actus fran\u00e7aises: C\u2019est quoi le Somaliland, ce pays qu\u2019Isra\u00ebl est le premier \u00e0 reconna\u00eetre\u00a0? #France\",\"datePublished\":\"2025-12-27T17:18:07+00:00\",\"mainEntityOfPage\":{\"@id\":\"https:\\\/\\\/www.infodictat.fr\\\/blog\\\/actus-francaises-cest-quoi-le-somaliland-ce-pays-quisrael-est-le-premier-a-reconnaitre-france\\\/\"},\"wordCount\":947,\"publisher\":{\"@id\":\"https:\\\/\\\/www.infodictat.fr\\\/blog\\\/#organization\"},\"image\":{\"@id\":\"https:\\\/\\\/www.infodictat.fr\\\/blog\\\/actus-francaises-cest-quoi-le-somaliland-ce-pays-quisrael-est-le-premier-a-reconnaitre-france\\\/#primaryimage\"},\"thumbnailUrl\":\"https:\\\/\\\/www.infodictat.fr\\\/blog\\\/wp-content\\\/uploads\\\/2025\\\/12\\\/Informations-France-Kaja-Kallas-denonce-lescalade-provoquee-par-la-Russie.jpg\",\"articleSection\":[\"La Dictature Num\u00e9rique:\"],\"inLanguage\":\"fr-FR\"},{\"@type\":\"WebPage\",\"@id\":\"https:\\\/\\\/www.infodictat.fr\\\/blog\\\/actus-francaises-cest-quoi-le-somaliland-ce-pays-quisrael-est-le-premier-a-reconnaitre-france\\\/\",\"url\":\"https:\\\/\\\/www.infodictat.fr\\\/blog\\\/actus-francaises-cest-quoi-le-somaliland-ce-pays-quisrael-est-le-premier-a-reconnaitre-france\\\/\",\"name\":\"Actus fran\u00e7aises: C\u2019est quoi le Somaliland, ce pays qu\u2019Isra\u00ebl est le premier \u00e0 reconna\u00eetre\u00a0? #France - INFODICTAT\",\"isPartOf\":{\"@id\":\"https:\\\/\\\/www.infodictat.fr\\\/blog\\\/#website\"},\"primaryImageOfPage\":{\"@id\":\"https:\\\/\\\/www.infodictat.fr\\\/blog\\\/actus-francaises-cest-quoi-le-somaliland-ce-pays-quisrael-est-le-premier-a-reconnaitre-france\\\/#primaryimage\"},\"image\":{\"@id\":\"https:\\\/\\\/www.infodictat.fr\\\/blog\\\/actus-francaises-cest-quoi-le-somaliland-ce-pays-quisrael-est-le-premier-a-reconnaitre-france\\\/#primaryimage\"},\"thumbnailUrl\":\"https:\\\/\\\/www.infodictat.fr\\\/blog\\\/wp-content\\\/uploads\\\/2025\\\/12\\\/Informations-France-Kaja-Kallas-denonce-lescalade-provoquee-par-la-Russie.jpg\",\"datePublished\":\"2025-12-27T17:18:07+00:00\",\"breadcrumb\":{\"@id\":\"https:\\\/\\\/www.infodictat.fr\\\/blog\\\/actus-francaises-cest-quoi-le-somaliland-ce-pays-quisrael-est-le-premier-a-reconnaitre-france\\\/#breadcrumb\"},\"inLanguage\":\"fr-FR\",\"potentialAction\":[{\"@type\":\"ReadAction\",\"target\":[\"https:\\\/\\\/www.infodictat.fr\\\/blog\\\/actus-francaises-cest-quoi-le-somaliland-ce-pays-quisrael-est-le-premier-a-reconnaitre-france\\\/\"]}]},{\"@type\":\"ImageObject\",\"inLanguage\":\"fr-FR\",\"@id\":\"https:\\\/\\\/www.infodictat.fr\\\/blog\\\/actus-francaises-cest-quoi-le-somaliland-ce-pays-quisrael-est-le-premier-a-reconnaitre-france\\\/#primaryimage\",\"url\":\"https:\\\/\\\/www.infodictat.fr\\\/blog\\\/wp-content\\\/uploads\\\/2025\\\/12\\\/Informations-France-Kaja-Kallas-denonce-lescalade-provoquee-par-la-Russie.jpg\",\"contentUrl\":\"https:\\\/\\\/www.infodictat.fr\\\/blog\\\/wp-content\\\/uploads\\\/2025\\\/12\\\/Informations-France-Kaja-Kallas-denonce-lescalade-provoquee-par-la-Russie.jpg\",\"width\":720,\"height\":514},{\"@type\":\"BreadcrumbList\",\"@id\":\"https:\\\/\\\/www.infodictat.fr\\\/blog\\\/actus-francaises-cest-quoi-le-somaliland-ce-pays-quisrael-est-le-premier-a-reconnaitre-france\\\/#breadcrumb\",\"itemListElement\":[{\"@type\":\"ListItem\",\"position\":1,\"name\":\"Accueil\",\"item\":\"https:\\\/\\\/www.infodictat.fr\\\/blog\\\/\"},{\"@type\":\"ListItem\",\"position\":2,\"name\":\"Actus fran\u00e7aises: C\u2019est quoi le Somaliland, ce pays qu\u2019Isra\u00ebl est le premier \u00e0 reconna\u00eetre\u00a0? #France\"}]},{\"@type\":\"WebSite\",\"@id\":\"https:\\\/\\\/www.infodictat.fr\\\/blog\\\/#website\",\"url\":\"https:\\\/\\\/www.infodictat.fr\\\/blog\\\/\",\"name\":\"INFODICTAT\",\"description\":\"La dictature num\u00e9rique.\",\"publisher\":{\"@id\":\"https:\\\/\\\/www.infodictat.fr\\\/blog\\\/#organization\"},\"potentialAction\":[{\"@type\":\"SearchAction\",\"target\":{\"@type\":\"EntryPoint\",\"urlTemplate\":\"https:\\\/\\\/www.infodictat.fr\\\/blog\\\/?s={search_term_string}\"},\"query-input\":{\"@type\":\"PropertyValueSpecification\",\"valueRequired\":true,\"valueName\":\"search_term_string\"}}],\"inLanguage\":\"fr-FR\"},{\"@type\":\"Organization\",\"@id\":\"https:\\\/\\\/www.infodictat.fr\\\/blog\\\/#organization\",\"name\":\"infodictat\",\"url\":\"https:\\\/\\\/www.infodictat.fr\\\/blog\\\/\",\"logo\":{\"@type\":\"ImageObject\",\"inLanguage\":\"fr-FR\",\"@id\":\"https:\\\/\\\/www.infodictat.fr\\\/blog\\\/#\\\/schema\\\/logo\\\/image\\\/\",\"url\":\"https:\\\/\\\/www.infodictat.fr\\\/blog\\\/wp-content\\\/uploads\\\/2023\\\/05\\\/logo-2.png\",\"contentUrl\":\"https:\\\/\\\/www.infodictat.fr\\\/blog\\\/wp-content\\\/uploads\\\/2023\\\/05\\\/logo-2.png\",\"width\":480,\"height\":596,\"caption\":\"infodictat\"},\"image\":{\"@id\":\"https:\\\/\\\/www.infodictat.fr\\\/blog\\\/#\\\/schema\\\/logo\\\/image\\\/\"}},{\"@type\":\"Person\",\"@id\":\"https:\\\/\\\/www.infodictat.fr\\\/blog\\\/#\\\/schema\\\/person\\\/6c2c8af0941702348e8eca9144cc1267\",\"name\":\"Oscar BETHMONT\",\"image\":{\"@type\":\"ImageObject\",\"inLanguage\":\"fr-FR\",\"@id\":\"https:\\\/\\\/secure.gravatar.com\\\/avatar\\\/f80ff32d67d40b919e8be190b7325be3c6cb33ce305ac1d45cadad29128e831e?s=96&d=mm&r=g\",\"url\":\"https:\\\/\\\/secure.gravatar.com\\\/avatar\\\/f80ff32d67d40b919e8be190b7325be3c6cb33ce305ac1d45cadad29128e831e?s=96&d=mm&r=g\",\"contentUrl\":\"https:\\\/\\\/secure.gravatar.com\\\/avatar\\\/f80ff32d67d40b919e8be190b7325be3c6cb33ce305ac1d45cadad29128e831e?s=96&d=mm&r=g\",\"caption\":\"Oscar BETHMONT\"},\"url\":\"https:\\\/\\\/www.infodictat.fr\\\/blog\\\/author\\\/tatoscar\\\/\"}]}<\/script>\n<!-- \/ Yoast SEO plugin. -->","yoast_head_json":{"title":"Actus fran\u00e7aises: C\u2019est quoi le Somaliland, ce pays qu\u2019Isra\u00ebl est le premier \u00e0 reconna\u00eetre\u00a0? #France - INFODICTAT","robots":{"index":"index","follow":"follow","max-snippet":"max-snippet:-1","max-image-preview":"max-image-preview:large","max-video-preview":"max-video-preview:-1"},"canonical":"https:\/\/www.infodictat.fr\/blog\/actus-francaises-cest-quoi-le-somaliland-ce-pays-quisrael-est-le-premier-a-reconnaitre-france\/","og_locale":"fr_FR","og_type":"article","og_title":"Actus fran\u00e7aises: C\u2019est quoi le Somaliland, ce pays qu\u2019Isra\u00ebl est le premier \u00e0 reconna\u00eetre\u00a0? #France - INFODICTAT","og_description":"C\u2019est quoi le Somaliland, ce pays qu\u2019Isra\u00ebl est le premier \u00e0 reconna\u00eetre\u00a0? publi\u00e9 par Le Parisien \u2013 International le Ci-dessous un tout nouvel \u00e9ditorial qui va parfaire notre revue de presse sur \u00ab\u00a0Actualit\u00e9 fran\u00e7aise\u00a0\u00bb. Ceci a \u00e9t\u00e9 publi\u00e9 par Le Parisien \u2013 International Signature . Date et heure de la r\u00e9ception de la d\u00e9p\u00e9che sur ... Lire la suite","og_url":"https:\/\/www.infodictat.fr\/blog\/actus-francaises-cest-quoi-le-somaliland-ce-pays-quisrael-est-le-premier-a-reconnaitre-france\/","og_site_name":"INFODICTAT","article_published_time":"2025-12-27T17:18:07+00:00","og_image":[{"url":"https:\/\/www.infodictat.fr\/blog\/wp-content\/uploads\/2025\/12\/Informations-France-Kaja-Kallas-denonce-lescalade-provoquee-par-la-Russie.jpg","type":"","width":"","height":""}],"author":"Oscar BETHMONT","twitter_card":"summary_large_image","twitter_misc":{"\u00c9crit par":"Oscar BETHMONT","Dur\u00e9e de lecture estim\u00e9e":"5 minutes"},"schema":{"@context":"https:\/\/schema.org","@graph":[{"@type":"Article","@id":"https:\/\/www.infodictat.fr\/blog\/actus-francaises-cest-quoi-le-somaliland-ce-pays-quisrael-est-le-premier-a-reconnaitre-france\/#article","isPartOf":{"@id":"https:\/\/www.infodictat.fr\/blog\/actus-francaises-cest-quoi-le-somaliland-ce-pays-quisrael-est-le-premier-a-reconnaitre-france\/"},"author":{"name":"Oscar BETHMONT","@id":"https:\/\/www.infodictat.fr\/blog\/#\/schema\/person\/6c2c8af0941702348e8eca9144cc1267"},"headline":"Actus fran\u00e7aises: C\u2019est quoi le Somaliland, ce pays qu\u2019Isra\u00ebl est le premier \u00e0 reconna\u00eetre\u00a0? #France","datePublished":"2025-12-27T17:18:07+00:00","mainEntityOfPage":{"@id":"https:\/\/www.infodictat.fr\/blog\/actus-francaises-cest-quoi-le-somaliland-ce-pays-quisrael-est-le-premier-a-reconnaitre-france\/"},"wordCount":947,"publisher":{"@id":"https:\/\/www.infodictat.fr\/blog\/#organization"},"image":{"@id":"https:\/\/www.infodictat.fr\/blog\/actus-francaises-cest-quoi-le-somaliland-ce-pays-quisrael-est-le-premier-a-reconnaitre-france\/#primaryimage"},"thumbnailUrl":"https:\/\/www.infodictat.fr\/blog\/wp-content\/uploads\/2025\/12\/Informations-France-Kaja-Kallas-denonce-lescalade-provoquee-par-la-Russie.jpg","articleSection":["La Dictature Num\u00e9rique:"],"inLanguage":"fr-FR"},{"@type":"WebPage","@id":"https:\/\/www.infodictat.fr\/blog\/actus-francaises-cest-quoi-le-somaliland-ce-pays-quisrael-est-le-premier-a-reconnaitre-france\/","url":"https:\/\/www.infodictat.fr\/blog\/actus-francaises-cest-quoi-le-somaliland-ce-pays-quisrael-est-le-premier-a-reconnaitre-france\/","name":"Actus fran\u00e7aises: C\u2019est quoi le Somaliland, ce pays qu\u2019Isra\u00ebl est le premier \u00e0 reconna\u00eetre\u00a0? #France - INFODICTAT","isPartOf":{"@id":"https:\/\/www.infodictat.fr\/blog\/#website"},"primaryImageOfPage":{"@id":"https:\/\/www.infodictat.fr\/blog\/actus-francaises-cest-quoi-le-somaliland-ce-pays-quisrael-est-le-premier-a-reconnaitre-france\/#primaryimage"},"image":{"@id":"https:\/\/www.infodictat.fr\/blog\/actus-francaises-cest-quoi-le-somaliland-ce-pays-quisrael-est-le-premier-a-reconnaitre-france\/#primaryimage"},"thumbnailUrl":"https:\/\/www.infodictat.fr\/blog\/wp-content\/uploads\/2025\/12\/Informations-France-Kaja-Kallas-denonce-lescalade-provoquee-par-la-Russie.jpg","datePublished":"2025-12-27T17:18:07+00:00","breadcrumb":{"@id":"https:\/\/www.infodictat.fr\/blog\/actus-francaises-cest-quoi-le-somaliland-ce-pays-quisrael-est-le-premier-a-reconnaitre-france\/#breadcrumb"},"inLanguage":"fr-FR","potentialAction":[{"@type":"ReadAction","target":["https:\/\/www.infodictat.fr\/blog\/actus-francaises-cest-quoi-le-somaliland-ce-pays-quisrael-est-le-premier-a-reconnaitre-france\/"]}]},{"@type":"ImageObject","inLanguage":"fr-FR","@id":"https:\/\/www.infodictat.fr\/blog\/actus-francaises-cest-quoi-le-somaliland-ce-pays-quisrael-est-le-premier-a-reconnaitre-france\/#primaryimage","url":"https:\/\/www.infodictat.fr\/blog\/wp-content\/uploads\/2025\/12\/Informations-France-Kaja-Kallas-denonce-lescalade-provoquee-par-la-Russie.jpg","contentUrl":"https:\/\/www.infodictat.fr\/blog\/wp-content\/uploads\/2025\/12\/Informations-France-Kaja-Kallas-denonce-lescalade-provoquee-par-la-Russie.jpg","width":720,"height":514},{"@type":"BreadcrumbList","@id":"https:\/\/www.infodictat.fr\/blog\/actus-francaises-cest-quoi-le-somaliland-ce-pays-quisrael-est-le-premier-a-reconnaitre-france\/#breadcrumb","itemListElement":[{"@type":"ListItem","position":1,"name":"Accueil","item":"https:\/\/www.infodictat.fr\/blog\/"},{"@type":"ListItem","position":2,"name":"Actus fran\u00e7aises: C\u2019est quoi le Somaliland, ce pays qu\u2019Isra\u00ebl est le premier \u00e0 reconna\u00eetre\u00a0? #France"}]},{"@type":"WebSite","@id":"https:\/\/www.infodictat.fr\/blog\/#website","url":"https:\/\/www.infodictat.fr\/blog\/","name":"INFODICTAT","description":"La dictature num\u00e9rique.","publisher":{"@id":"https:\/\/www.infodictat.fr\/blog\/#organization"},"potentialAction":[{"@type":"SearchAction","target":{"@type":"EntryPoint","urlTemplate":"https:\/\/www.infodictat.fr\/blog\/?s={search_term_string}"},"query-input":{"@type":"PropertyValueSpecification","valueRequired":true,"valueName":"search_term_string"}}],"inLanguage":"fr-FR"},{"@type":"Organization","@id":"https:\/\/www.infodictat.fr\/blog\/#organization","name":"infodictat","url":"https:\/\/www.infodictat.fr\/blog\/","logo":{"@type":"ImageObject","inLanguage":"fr-FR","@id":"https:\/\/www.infodictat.fr\/blog\/#\/schema\/logo\/image\/","url":"https:\/\/www.infodictat.fr\/blog\/wp-content\/uploads\/2023\/05\/logo-2.png","contentUrl":"https:\/\/www.infodictat.fr\/blog\/wp-content\/uploads\/2023\/05\/logo-2.png","width":480,"height":596,"caption":"infodictat"},"image":{"@id":"https:\/\/www.infodictat.fr\/blog\/#\/schema\/logo\/image\/"}},{"@type":"Person","@id":"https:\/\/www.infodictat.fr\/blog\/#\/schema\/person\/6c2c8af0941702348e8eca9144cc1267","name":"Oscar BETHMONT","image":{"@type":"ImageObject","inLanguage":"fr-FR","@id":"https:\/\/secure.gravatar.com\/avatar\/f80ff32d67d40b919e8be190b7325be3c6cb33ce305ac1d45cadad29128e831e?s=96&d=mm&r=g","url":"https:\/\/secure.gravatar.com\/avatar\/f80ff32d67d40b919e8be190b7325be3c6cb33ce305ac1d45cadad29128e831e?s=96&d=mm&r=g","contentUrl":"https:\/\/secure.gravatar.com\/avatar\/f80ff32d67d40b919e8be190b7325be3c6cb33ce305ac1d45cadad29128e831e?s=96&d=mm&r=g","caption":"Oscar BETHMONT"},"url":"https:\/\/www.infodictat.fr\/blog\/author\/tatoscar\/"}]}},"_links":{"self":[{"href":"https:\/\/www.infodictat.fr\/blog\/wp-json\/wp\/v2\/posts\/1343","targetHints":{"allow":["GET"]}}],"collection":[{"href":"https:\/\/www.infodictat.fr\/blog\/wp-json\/wp\/v2\/posts"}],"about":[{"href":"https:\/\/www.infodictat.fr\/blog\/wp-json\/wp\/v2\/types\/post"}],"author":[{"embeddable":true,"href":"https:\/\/www.infodictat.fr\/blog\/wp-json\/wp\/v2\/users\/2"}],"replies":[{"embeddable":true,"href":"https:\/\/www.infodictat.fr\/blog\/wp-json\/wp\/v2\/comments?post=1343"}],"version-history":[{"count":0,"href":"https:\/\/www.infodictat.fr\/blog\/wp-json\/wp\/v2\/posts\/1343\/revisions"}],"wp:featuredmedia":[{"embeddable":true,"href":"https:\/\/www.infodictat.fr\/blog\/wp-json\/wp\/v2\/media\/1344"}],"wp:attachment":[{"href":"https:\/\/www.infodictat.fr\/blog\/wp-json\/wp\/v2\/media?parent=1343"}],"wp:term":[{"taxonomy":"category","embeddable":true,"href":"https:\/\/www.infodictat.fr\/blog\/wp-json\/wp\/v2\/categories?post=1343"},{"taxonomy":"post_tag","embeddable":true,"href":"https:\/\/www.infodictat.fr\/blog\/wp-json\/wp\/v2\/tags?post=1343"}],"curies":[{"name":"wp","href":"https:\/\/api.w.org\/{rel}","templated":true}]}}