{"id":1325,"date":"2025-12-17T09:12:10","date_gmt":"2025-12-17T08:12:10","guid":{"rendered":"https:\/\/www.infodictat.fr\/blog\/clichy-la-garenne10-09-08-ps-clichy-plage\/"},"modified":"2025-12-17T09:12:10","modified_gmt":"2025-12-17T08:12:10","slug":"clichy-la-garenne10-09-08-ps-clichy-plage","status":"publish","type":"post","link":"https:\/\/www.infodictat.fr\/blog\/clichy-la-garenne10-09-08-ps-clichy-plage\/","title":{"rendered":"Clichy-la-Garenne,10 09 08 PS Clichy plage"},"content":{"rendered":"<div><img width=\"750\" height=\"422\" src=\"https:\/\/www.infodictat.fr\/blog\/wp-content\/uploads\/2025\/12\/Clichy-la-Garenne10-09-08-PS-Clichy-plage-1024x576-1.jpg\" class=\"attachment-large size-large wp-post-image\" alt=\"10 09 08 PS Clichy plage\" style=\"width:100%;height:56.25%;max-width:1280px;float:left; margin:0 15px 15px 0;\" decoding=\"async\" srcset=\"https:\/\/www.infodictat.fr\/blog\/wp-content\/uploads\/2025\/12\/Clichy-la-Garenne10-09-08-PS-Clichy-plage-1024x576-1.jpg 1024w, https:\/\/www.site.cdcl.xyz\/wp-content\/uploads\/2025\/12\/Clichy-la-Garenne10-09-08-PS-Clichy-plage-300x169.jpg 300w, https:\/\/www.site.cdcl.xyz\/wp-content\/uploads\/2025\/12\/Clichy-la-Garenne10-09-08-PS-Clichy-plage-768x432.jpg 768w, https:\/\/www.site.cdcl.xyz\/wp-content\/uploads\/2025\/12\/Clichy-la-Garenne10-09-08-PS-Clichy-plage.jpg 1280w\" sizes=\"(max-width: 750px) 100vw, 750px\"><\/p>\n<h1>\nCe film sur \u00abClichy-la-Garenne\u00bb est \u00e0 voir en streaming sur Youtube.<br \/>\n<\/h1>\n<h2>\ndesirdavenir92 partage son point de vue sur \u00ab\u00a0Clichy-la-Garenne\u00a0\u00bb.<br \/>\n<\/h2>\n<p>Cette vid\u00e9o, mise en ligne par desirdavenir92, est disponible sur youtube.<br \/>\nfocalis\u00e9 sur \u00ab\u00a0Clichy-la-Garenne\u00a0\u00bb:<br \/>\n<iframe title=\"10 09 08 PS Clichy plage\" width=\"580\" height=\"385\" src=\"https:\/\/www.youtube.com\/embed\/Zg4S-vm0Tqs?hl=fr&amp;modestbranding=1\" frameborder=\"0\" allowfullscreen><\/iframe><\/p>\n<p>Le titre de cette vid\u00e9o est 10 09 08 PS Clichy plage, sa dur\u00e9e est de 00:02:51 secondes, et elle a \u00e9t\u00e9 fournie par l\u2019auteur. La description suit ci-dessous :\u00ab<i>    <\/i> \u00bb.\n<\/p>\n<\/p>\n<h2>CLICHY : Une Commune en Crise Financi\u00e8re et D\u00e9mocratique<\/h2>\n<p>Clichy a atteint les derniers rangs du classement des communes d\u2019\u00cele-de-France, illustrant la d\u00e9gradation de sa gestion financi\u00e8re et de ses services publics au fil des ans.<\/p>\n<p><a href=\"https:\/\/www.bilan-de-mandat.fr\/ile-de-france\/mairie\/hauts-de-seine_clichy\/\" rel=\"noopener noreferrer nofollow\" target=\"blank\" target=\"_blank\">Retrouvez les informations sur le site www.bilan-de-mandat.fr<\/a> : Les conclusions de l\u2019\u00e9valuation du bilan de mandat 2020-2026 pour Clichy.<\/p>\n<p>Bien que Clichy poss\u00e8de des atouts notables, elle a gliss\u00e9 vers une gestion impr\u00e9cise tant sur le plan financier que dans la gestion des affaires publiques<\/p>\n<p>Cette situation d\u00e9coule de la conjoncture, mais deux tiers des probl\u00e8mes r\u00e9sultent des d\u00e9cisions politiques prises par la municipalit\u00e9 dirig\u00e9e par R\u00c9MI MUZEAU.<\/p>\n<p>L\u2019enqu\u00eate a \u00e9t\u00e9 men\u00e9e par le site Bilan de Mandat, qui a rassembl\u00e9 les donn\u00e9es budg\u00e9taires mises en ligne par le minist\u00e8re des Finances sur une p\u00e9riode de 7 ans<\/p>\n<h3>Endettement et nature de la dette<\/h3>\n<p>Clichy subit un endettement qui a pris des proportions alarmantes. Cela engendre des cons\u00e9quences majeures :<\/p>\n<\/p>\n<ul>\n<li>Accroissement des charges financi\u00e8res : L\u2019augmentation de l\u2019endettement entra\u00eene des charges d\u2019int\u00e9r\u00eat plus cons\u00e9quentes, diminuant ainsi les ressources pour d\u2019autres investissements.\n<\/li>\n<li>Diminution des ressources allou\u00e9es \u00e0 l\u2019investissement : Une dette trop \u00e9lev\u00e9e limite les ressources de la commune pour financer des projets d\u2019infrastructure et des services publics essentiels.\n<\/li>\n<li>Risque de non-paiement : Une dette trop importante augmente le risque de d\u00e9faillance, ce qui va engendrer des cons\u00e9quences financi\u00e8res ou des restrictions de la part des cr\u00e9anciers.\n<\/li>\n<li>\u00c9rosion de la confiance des investisseurs : L\u2019instabilit\u00e9 financi\u00e8re va dissuader les investisseurs, entravant le d\u00e9veloppement \u00e9conomique de la localit\u00e9.\n<\/li>\n<li>Incidence sur la notation de cr\u00e9dit: Un endettement excessif accro\u00eet le risque de non-paiement, ce qui va entra\u00eener des p\u00e9nalit\u00e9s financi\u00e8res ou des limitations impos\u00e9es par les cr\u00e9anciers.<\/li>\n<\/ul>\n<h3>Salaire des collaborateurs<\/h3>\n<p>La r\u00e9mun\u00e9ration des employ\u00e9s de la commune repr\u00e9sente une part consid\u00e9rable des d\u00e9penses, atteignant en 2025 un seuil inqui\u00e9tant alors que les salaires stagnent. Les suites de cette situation sont nombreuses :<\/p>\n<ul>\n<li>D\u00e9moralisation des agents de longue date : Le manque d\u2019augmentation salariale pour les agents de longue date va provoquer une d\u00e9motivation, impactant la qualit\u00e9 des services offerts.: Changement fr\u00e9quent de personnel\n<\/li>\n<li>Taux de rotation \u00e9lev\u00e9 : Des r\u00e9mun\u00e9rations sans progression vont pousser les employ\u00e9s \u00e0 chercher des alternatives, augmentant ainsi le turnover et les frais de formation pour la commune.\n<\/li>\n<li>Diff\u00e9rences de salaires : La disparit\u00e9 des r\u00e9mun\u00e9rations entre les agents r\u00e9cents et ceux de longue date va engendrer des tensions au sein de l\u2019\u00e9quipe municipale.\n<\/li>\n<li>R\u00e9duction de la qualit\u00e9 des services offerts au public : Un personnel d\u00e9motiv\u00e9 et instable va d\u00e9t\u00e9riorer la qualit\u00e9 des services publics, impactant ainsi les citoyens.\n<\/li>\n<li>Tension sur le budget: L\u2019obligation de garantir des salaires attractifs pour s\u00e9duire de nouveaux talents va exercer une pression suppl\u00e9mentaire sur les finances de la commune.<\/li>\n<\/ul>\n<h3>Hausse des contributions fiscales des contribuables CLICHOIS<\/h3>\n<p>La commune doit imp\u00e9rativement relever les pr\u00e9l\u00e8vements sur les citoyens, mais cela n\u2019a pas \u00e9t\u00e9 mis en \u0153uvre en 2025 en raison des \u00e9lections municipales de 2026. Les r\u00e9sultats de cette situation soul\u00e8vent des pr\u00e9occupations :<\/p>\n<ul>\n<li>M\u00e9contentement g\u00e9n\u00e9ral des \u00e9lecteurs : L\u2019augmentation des taxes va entra\u00eener un m\u00e9contentement g\u00e9n\u00e9ral chez les citoyens, diminuant leur confiance envers la municipalit\u00e9.\n<\/li>\n<li>D\u00e9clin de la base fiscale : Des hausses de taxes vont inciter certains contribuables \u00e0 chercher d\u2019autres r\u00e9sidences, diminuant ainsi la base fiscale \u00e0 long terme.\n<\/li>\n<li>Tensions financi\u00e8res pour les familles : L\u2019\u00e9l\u00e9vation des pr\u00e9l\u00e8vements va alourdir le budget des familles, exacerbant les in\u00e9galit\u00e9s sociales.\n<\/li>\n<li>Report des projets d\u2019investissement : Le non-accroissement des pr\u00e9l\u00e8vements en 2025 va retarder des projets d\u2019investissement indispensables pour le d\u00e9veloppement de la commune.\n<\/li>\n<li>Contrainte pesant sur les services publics : La n\u00e9cessit\u00e9 de compenser les pertes de revenus va entra\u00eener des restrictions dans les services publics, affectant le quotidien des citoyens.<\/li>\n<\/ul>\n<h3>Manque de discipline dans la gestion des finances<\/h3>\n<p>La croissance des d\u00e9penses chaque ann\u00e9e souligne un manque de discipline dans la gestion financi\u00e8re. Les r\u00e9sultats de cette situation sont palpables :<\/p>\n<ul>\n<li>Augmentation des d\u00e9ficits cumul\u00e9s : Le manque de gestion des d\u00e9penses conduira \u00e0 des d\u00e9ficits budg\u00e9taires croissants, aggravant la pr\u00e9carit\u00e9 financi\u00e8re.\n<\/li>\n<li>R\u00e9duction des initiatives d\u2019investissement \u00e0 venir : Les d\u00e9ficits fr\u00e9quents vont diminuer la capacit\u00e9 de la commune \u00e0 soutenir des projets d\u2019avenir.\n<\/li>\n<li>Affaiblissement de la cr\u00e9dibilit\u00e9 : Une gestion financi\u00e8re d\u00e9ficiente nuira \u00e0 la r\u00e9putation de la municipalit\u00e9, rendant l\u2019acc\u00e8s \u00e0 des financements externes plus compliqu\u00e9.\n<\/li>\n<li>Gaspi des ressources : Un manque de contr\u00f4le des d\u00e9penses pourrait mener \u00e0 un gaspillage des ressources publiques, nuisant \u00e0 l\u2019int\u00e9r\u00eat g\u00e9n\u00e9ral.\n<\/li>\n<li>Effets sur les services publics: Une mauvaise gestion des d\u00e9penses conduira \u00e0 des coupes dans les secteurs sociaux<\/li>\n<\/ul>\n<h3>D\u00e9t\u00e9rioration de la qualit\u00e9 des services publics CLICHOIS<\/h3>\n<p>Une gestion financi\u00e8re instable conduira in\u00e9vitablement \u00e0 des coupes dans les budgets des services publics d\u2019ici 2026-2027, ce qui se traduit par :<\/p>\n<ul>\n<li>R\u00e9duction des ressources humaines : Personnel diminu\u00e9 pour assurer des services indispensables comme la propret\u00e9, la s\u00e9curit\u00e9 ou l\u2019\u00e9ducation.\n<\/li>\n<li>Baisse de la r\u00e9gularit\u00e9 des prestations : Fr\u00e9quence diminu\u00e9e pour la collecte des d\u00e9chets et horaires restreints pour les biblioth\u00e8ques et centres communautaires.\n<\/li>\n<li>Abaissement de la satisfaction des usagers : Les usagers, d\u00e9j\u00e0 en d\u00e9saccord avec les services municipaux, seront les premiers \u00e0 subir la baisse de la qualit\u00e9 des services, malgr\u00e9 une contribution sup\u00e9rieure \u00e0 la moyenne.<\/li>\n<\/ul>\n<h3>Challenges dans l\u2019attraction et la conservation des talents<\/h3>\n<p>La situation instable de la commune, tant sur le plan financier que sur celui de l\u2019exemplarit\u00e9, va poser des difficult\u00e9s pour attirer et retenir les talents, tant au sein du personnel municipal qu\u2019au sein des associations :<\/p>\n<ul>\n<li>Turnover important : Les travailleurs vont chercher des postes ailleurs, ce qui occasionne des frais importants pour la formation et l\u2019int\u00e9gration.\n<\/li>\n<li>Diminution des savoir-faire : L\u2019absence de personnel qualifi\u00e9 nuira \u00e0 la qualit\u00e9 des services et \u00e0 l\u2019innovation au sein de la collectivit\u00e9.\n<\/li>\n<li>Barri\u00e8res \u00e0 la mise en \u0153uvre des projets: L\u2019absence de personnel form\u00e9 pourrait entra\u00eener des retards ou des complications dans des projets cruciaux pour la collectivit\u00e9.\n<\/li>\n<li>D\u00e9motivation r\u00e9sultant d\u2019un d\u00e9sint\u00e9r\u00eat croissant pour une ville qui est devenue, en 5 ans, l\u2019une des principales cit\u00e9s dortoirs de son d\u00e9partement.<\/li>\n<\/ul>\n<h3>Impact sur la vitalit\u00e9 \u00e9conomique locale<\/h3>\n<p>Une gestion financi\u00e8re peu efficace influencera \u00e9galement le d\u00e9veloppement \u00e9conomique, notamment :<\/p>\n<ul>\n<li>Baisse des financements : Les entreprises pourraient \u00eatre peu enclines \u00e0 s\u2019\u00e9tablir dans une collectivit\u00e9 en difficult\u00e9 financi\u00e8re, ce qui limitera les opportunit\u00e9s d\u2019emploi.\n<\/li>\n<li>Diminution de l\u2019attractivit\u00e9 : Une gestion erron\u00e9e va affecter l\u2019image de la collectivit\u00e9, rendant difficile l\u2019arriv\u00e9e de nouveaux r\u00e9sidents ou investisseurs.\n<\/li>\n<li>R\u00e9duction des coop\u00e9rations : Les collectivit\u00e9s en crise auront du mal \u00e0 \u00e9tablir des collaborations avec d\u2019autres entit\u00e9s, restreignant ainsi les opportunit\u00e9s de partenariat.<\/li>\n<\/ul>\n<h3>Risque renforc\u00e9 de d\u00e9s\u00e9quilibre financier<\/h3>\n<p>Les subventions gouvernementales qui, il y a encore quelques ann\u00e9es, aidaient \u00e0 surmonter les difficult\u00e9s financi\u00e8res, ne sont plus disponibles. \u00c9tant donn\u00e9 sa situation alarmante, la commune n\u2019a plus de latitude, ce qui entra\u00eenera :<\/p>\n<ul>\n<li>Risque de d\u00e9faillance financi\u00e8re : Une trop grande d\u00e9pendance aux financements va rendre la collectivit\u00e9 sensible aux \u00e9volutions de politique ou de financement au niveau national.\n<\/li>\n<li>Perte de libert\u00e9 d\u2019action : Les collectivit\u00e9s verront leur ind\u00e9pendance compromise par les conditions impos\u00e9es par les subventions.\n<\/li>\n<li>D\u00e9fis dans la planification sur le long terme : Une d\u00e9pendance aux financements ext\u00e9rieurs va rendre la planification budg\u00e9taire et l\u2019ex\u00e9cution de projets \u00e0 long terme plus difficiles.<\/li>\n<\/ul>\n<h3>Questions courantes sur Clichy<\/h3>\n<h4>Quelles options d\u2019information existent dans Clichy ?<\/h4>\n<p>Principalement, les informations accessibles en ligne. Les citoyens peuvent consulter les actualit\u00e9s et le journal municipal de leur commune ainsi que des villes proches. Sur le site de la municipalit\u00e9, il est possible de consulter la page d\u2019accueil destin\u00e9e aux nouveaux habitants, les num\u00e9ros utiles pour des d\u00e9marches vari\u00e9es, l\u2019annuaire des PME, les journ\u00e9es et activit\u00e9s gratuites, les informations relatives \u00e0 la rentr\u00e9e scolaire, les menus des cantines, l\u2019espace de confidentialit\u00e9 pour les comptes familles et les d\u00e9marches administratives, notamment celles li\u00e9es au secteur scolaire. Sur d\u2019autres sites internet qui ne sont pas administr\u00e9s par la mairie, les citoyens peuvent acc\u00e9der aux informations concernant les \u00e9v\u00e9nements culturels (spectacles, th\u00e9\u00e2tres, festivals) qui enrichissent la vie locale et offrent une perspective sur la culture.<\/p>\n<h4>Comment se porte la situation des associations locales dans Clichy ?<\/h4>\n<p>Les associations de proximit\u00e9 contribuent significativement \u00e0 la culture. Pour trouver les coordonn\u00e9es d\u2019une association, il vous suffit de consulter l\u2019annuaire en ligne sur le site de la mairie de Clichy<\/p>\n<h4>Comment peut-on s\u2019impliquer dans les activit\u00e9s des associations ?<\/h4>\n<p>Dans chaque commune, il est \u00e9vident que le nombre d\u2019associations et le calendrier de leurs activit\u00e9s (th\u00e9\u00e2tre, festival\u2026) sont importants et ind\u00e9pendants des orientations de la mairie. Les associations, comme dans toutes les r\u00e9gions de France, mettent en place de nombreux \u00e9v\u00e9nements tout au long de l\u2019ann\u00e9e. Pour ceux qui souhaitent y participer, il est facile de s\u2019inscrire \u00e0 ces activit\u00e9s sur internet, o\u00f9 un simple clic permet d\u2019acc\u00e9der \u00e0 l\u2019agenda des \u00e9v\u00e9nements ou aux informations de contact des organisateurs. Inscription rapide en un clic.<\/p>\n<\/p>\n<h4>Quelle est la conclusion essentielle de l\u2019audit financier concernant Clichy ?<\/h4>\n<p>L\u2019enqu\u00eate indique une d\u00e9t\u00e9rioration alarmante des finances publiques et de la gestion de Clichy, r\u00e9v\u00e9lant une imprudence tant financi\u00e8re que dans la gestion publique.<\/p>\n<h4>Quels facteurs ont \u00e9t\u00e9 \u00e0 l\u2019origine de cette crise financi\u00e8re ?<\/h4>\n<p>M\u00eame si la situation \u00e9conomique est significative, deux tiers des difficult\u00e9s rencontr\u00e9es sont le r\u00e9sultat des d\u00e9cisions politiques de la municipalit\u00e9 sous R\u00c9MI MUZEAU.<\/p>\n<h4>Quelles activit\u00e9s historiques et culturelles sont disponibles ?<\/h4>\n<p>L\u2019\u00e9volution d\u2019une ville est le reflet de sa culture. La mairie ou l\u2019h\u00f4tel de ville, les photos anciennes de l\u2019\u00e9cole, et les comp\u00e9tences des m\u00e9tiers traditionnels offrent une d\u00e9couverte gratuite, ainsi qu\u2019une transmission et une pr\u00e9servation de ce patrimoine local. Sur tout le territoire fran\u00e7ais, la politique de sensibilisation s\u2019assure que le patrimoine de la ville demeure vivant et accessible pour les g\u00e9n\u00e9rations \u00e0 venir.<\/p>\n<h4>Qui repr\u00e9sente Clichy en tant que maire ?<\/h4>\n<p>R\u00c9MI MUZEAU<\/p>\n<p> Voici le lien pour voir la vid\u00e9o sur Youtube :<br \/>\n<u> la source:<\/u> <a href=\"https:\/\/www.youtube.com\/watch?v=Zg4S-vm0Tqs\" target=\"_blank\" rel=\"nofollow\">Cliquer ici<\/a>\n<\/p>\n<p>\n#Clichy #plage\n<\/p>\n<p>\n<u>Retranscription des paroles de la vid\u00e9o:<\/u> Non disponible.<br \/>\n.\n<\/p>\n<p>\n<img decoding=\"async\" src=\"https:\/\/www.infodictat.fr\/blog\/wp-content\/uploads\/2025\/12\/hqdefault-7.jpg\" alt=\"Image Youtube\">\n<\/p>\n<p>\n<u>D\u00e9roulement de la vid\u00e9o:<\/u>\n<\/p>\n<p>\nIndisponible.<br \/>\n.<\/p>\n<\/div>\n<p><img decoding=\"async\" class=\"wpe_imgrss\" src=\"https:\/\/www.infodictat.fr\/blog\/wp-content\/uploads\/2025\/12\/Clichy-la-Garenne10-09-08-PS-Clichy-plage-1024x576-1.jpg\">Vous pouvez lire ce post traitant le sujet \u00ab\u00a0La dictature num\u00e9rique\u00a0\u00bb. Il est produit par la r\u00e9daction de infodictat.fr. Le site infodictat.fr a pour objectif de publier plusieurs articles autour du sujet La dictature num\u00e9rique d\u00e9velopp\u00e9es sur le web. Cette chronique se veut g\u00e9n\u00e9r\u00e9e de la fa\u00e7on la plus juste qui soit. Pour \u00e9mettre des remarques sur ce dossier autour du sujet \u00ab\u00a0La dictature num\u00e9rique\u00a0\u00bb prenez les contacts indiqu\u00e9s sur notre site internet. En consultant r\u00e9guli\u00e8rement nos contenus de blog vous serez au courant des futures parutions.<\/p>\n","protected":false},"excerpt":{"rendered":"<p>Ce film sur \u00abClichy-la-Garenne\u00bb est \u00e0 voir en streaming sur Youtube. desirdavenir92 partage son point de vue sur \u00ab\u00a0Clichy-la-Garenne\u00a0\u00bb. Cette vid\u00e9o, mise en ligne par desirdavenir92, est disponible sur youtube. focalis\u00e9 sur \u00ab\u00a0Clichy-la-Garenne\u00a0\u00bb: Le titre de cette vid\u00e9o est 10 09 08 PS Clichy plage, sa dur\u00e9e est de 00:02:51 secondes, et elle a \u00e9t\u00e9 &#8230; <a title=\"Clichy-la-Garenne,10 09 08 PS Clichy plage\" class=\"read-more\" href=\"https:\/\/www.infodictat.fr\/blog\/clichy-la-garenne10-09-08-ps-clichy-plage\/\" aria-label=\"En savoir plus sur Clichy-la-Garenne,10 09 08 PS Clichy plage\">Lire la suite<\/a><\/p>\n","protected":false},"author":2,"featured_media":1326,"comment_status":"closed","ping_status":"closed","sticky":false,"template":"","format":"standard","meta":{"footnotes":""},"categories":[2],"tags":[],"class_list":["post-1325","post","type-post","status-publish","format-standard","has-post-thumbnail","hentry","category-la-dictature-numerique"],"yoast_head":"<!-- This site is optimized with the Yoast SEO plugin v27.5 - https:\/\/yoast.com\/product\/yoast-seo-wordpress\/ -->\n<title>Clichy-la-Garenne,10 09 08 PS Clichy plage - INFODICTAT<\/title>\n<meta name=\"robots\" content=\"index, follow, max-snippet:-1, max-image-preview:large, max-video-preview:-1\" \/>\n<link rel=\"canonical\" href=\"https:\/\/www.infodictat.fr\/blog\/clichy-la-garenne10-09-08-ps-clichy-plage\/\" \/>\n<meta property=\"og:locale\" content=\"fr_FR\" \/>\n<meta property=\"og:type\" content=\"article\" \/>\n<meta property=\"og:title\" content=\"Clichy-la-Garenne,10 09 08 PS Clichy plage - INFODICTAT\" \/>\n<meta property=\"og:description\" content=\"Ce film sur \u00abClichy-la-Garenne\u00bb est \u00e0 voir en streaming sur Youtube. desirdavenir92 partage son point de vue sur \u00ab\u00a0Clichy-la-Garenne\u00a0\u00bb. Cette vid\u00e9o, mise en ligne par desirdavenir92, est disponible sur youtube. focalis\u00e9 sur \u00ab\u00a0Clichy-la-Garenne\u00a0\u00bb: Le titre de cette vid\u00e9o est 10 09 08 PS Clichy plage, sa dur\u00e9e est de 00:02:51 secondes, et elle a \u00e9t\u00e9 ... Lire la suite\" \/>\n<meta property=\"og:url\" content=\"https:\/\/www.infodictat.fr\/blog\/clichy-la-garenne10-09-08-ps-clichy-plage\/\" \/>\n<meta property=\"og:site_name\" content=\"INFODICTAT\" \/>\n<meta property=\"article:published_time\" content=\"2025-12-17T08:12:10+00:00\" \/>\n<meta property=\"og:image\" content=\"https:\/\/www.infodictat.fr\/blog\/wp-content\/uploads\/2025\/12\/Clichy-la-Garenne10-09-08-PS-Clichy-plage-1024x576-1.jpg\" \/>\n<meta name=\"author\" content=\"Oscar BETHMONT\" \/>\n<meta name=\"twitter:card\" content=\"summary_large_image\" \/>\n<meta name=\"twitter:label1\" content=\"\u00c9crit par\" \/>\n\t<meta name=\"twitter:data1\" content=\"Oscar BETHMONT\" \/>\n\t<meta name=\"twitter:label2\" content=\"Dur\u00e9e de lecture estim\u00e9e\" \/>\n\t<meta name=\"twitter:data2\" content=\"10 minutes\" \/>\n<script type=\"application\/ld+json\" class=\"yoast-schema-graph\">{\"@context\":\"https:\\\/\\\/schema.org\",\"@graph\":[{\"@type\":\"Article\",\"@id\":\"https:\\\/\\\/www.infodictat.fr\\\/blog\\\/clichy-la-garenne10-09-08-ps-clichy-plage\\\/#article\",\"isPartOf\":{\"@id\":\"https:\\\/\\\/www.infodictat.fr\\\/blog\\\/clichy-la-garenne10-09-08-ps-clichy-plage\\\/\"},\"author\":{\"name\":\"Oscar BETHMONT\",\"@id\":\"https:\\\/\\\/www.infodictat.fr\\\/blog\\\/#\\\/schema\\\/person\\\/6c2c8af0941702348e8eca9144cc1267\"},\"headline\":\"Clichy-la-Garenne,10 09 08 PS Clichy plage\",\"datePublished\":\"2025-12-17T08:12:10+00:00\",\"mainEntityOfPage\":{\"@id\":\"https:\\\/\\\/www.infodictat.fr\\\/blog\\\/clichy-la-garenne10-09-08-ps-clichy-plage\\\/\"},\"wordCount\":2022,\"publisher\":{\"@id\":\"https:\\\/\\\/www.infodictat.fr\\\/blog\\\/#organization\"},\"image\":{\"@id\":\"https:\\\/\\\/www.infodictat.fr\\\/blog\\\/clichy-la-garenne10-09-08-ps-clichy-plage\\\/#primaryimage\"},\"thumbnailUrl\":\"https:\\\/\\\/www.infodictat.fr\\\/blog\\\/wp-content\\\/uploads\\\/2025\\\/12\\\/Clichy-la-Garenne10-09-08-PS-Clichy-plage-1024x576-1.jpg\",\"articleSection\":[\"La Dictature Num\u00e9rique:\"],\"inLanguage\":\"fr-FR\"},{\"@type\":\"WebPage\",\"@id\":\"https:\\\/\\\/www.infodictat.fr\\\/blog\\\/clichy-la-garenne10-09-08-ps-clichy-plage\\\/\",\"url\":\"https:\\\/\\\/www.infodictat.fr\\\/blog\\\/clichy-la-garenne10-09-08-ps-clichy-plage\\\/\",\"name\":\"Clichy-la-Garenne,10 09 08 PS Clichy plage - INFODICTAT\",\"isPartOf\":{\"@id\":\"https:\\\/\\\/www.infodictat.fr\\\/blog\\\/#website\"},\"primaryImageOfPage\":{\"@id\":\"https:\\\/\\\/www.infodictat.fr\\\/blog\\\/clichy-la-garenne10-09-08-ps-clichy-plage\\\/#primaryimage\"},\"image\":{\"@id\":\"https:\\\/\\\/www.infodictat.fr\\\/blog\\\/clichy-la-garenne10-09-08-ps-clichy-plage\\\/#primaryimage\"},\"thumbnailUrl\":\"https:\\\/\\\/www.infodictat.fr\\\/blog\\\/wp-content\\\/uploads\\\/2025\\\/12\\\/Clichy-la-Garenne10-09-08-PS-Clichy-plage-1024x576-1.jpg\",\"datePublished\":\"2025-12-17T08:12:10+00:00\",\"breadcrumb\":{\"@id\":\"https:\\\/\\\/www.infodictat.fr\\\/blog\\\/clichy-la-garenne10-09-08-ps-clichy-plage\\\/#breadcrumb\"},\"inLanguage\":\"fr-FR\",\"potentialAction\":[{\"@type\":\"ReadAction\",\"target\":[\"https:\\\/\\\/www.infodictat.fr\\\/blog\\\/clichy-la-garenne10-09-08-ps-clichy-plage\\\/\"]}]},{\"@type\":\"ImageObject\",\"inLanguage\":\"fr-FR\",\"@id\":\"https:\\\/\\\/www.infodictat.fr\\\/blog\\\/clichy-la-garenne10-09-08-ps-clichy-plage\\\/#primaryimage\",\"url\":\"https:\\\/\\\/www.infodictat.fr\\\/blog\\\/wp-content\\\/uploads\\\/2025\\\/12\\\/Clichy-la-Garenne10-09-08-PS-Clichy-plage-1024x576-1.jpg\",\"contentUrl\":\"https:\\\/\\\/www.infodictat.fr\\\/blog\\\/wp-content\\\/uploads\\\/2025\\\/12\\\/Clichy-la-Garenne10-09-08-PS-Clichy-plage-1024x576-1.jpg\",\"width\":1024,\"height\":576},{\"@type\":\"BreadcrumbList\",\"@id\":\"https:\\\/\\\/www.infodictat.fr\\\/blog\\\/clichy-la-garenne10-09-08-ps-clichy-plage\\\/#breadcrumb\",\"itemListElement\":[{\"@type\":\"ListItem\",\"position\":1,\"name\":\"Accueil\",\"item\":\"https:\\\/\\\/www.infodictat.fr\\\/blog\\\/\"},{\"@type\":\"ListItem\",\"position\":2,\"name\":\"Clichy-la-Garenne,10 09 08 PS Clichy plage\"}]},{\"@type\":\"WebSite\",\"@id\":\"https:\\\/\\\/www.infodictat.fr\\\/blog\\\/#website\",\"url\":\"https:\\\/\\\/www.infodictat.fr\\\/blog\\\/\",\"name\":\"INFODICTAT\",\"description\":\"La dictature num\u00e9rique.\",\"publisher\":{\"@id\":\"https:\\\/\\\/www.infodictat.fr\\\/blog\\\/#organization\"},\"potentialAction\":[{\"@type\":\"SearchAction\",\"target\":{\"@type\":\"EntryPoint\",\"urlTemplate\":\"https:\\\/\\\/www.infodictat.fr\\\/blog\\\/?s={search_term_string}\"},\"query-input\":{\"@type\":\"PropertyValueSpecification\",\"valueRequired\":true,\"valueName\":\"search_term_string\"}}],\"inLanguage\":\"fr-FR\"},{\"@type\":\"Organization\",\"@id\":\"https:\\\/\\\/www.infodictat.fr\\\/blog\\\/#organization\",\"name\":\"infodictat\",\"url\":\"https:\\\/\\\/www.infodictat.fr\\\/blog\\\/\",\"logo\":{\"@type\":\"ImageObject\",\"inLanguage\":\"fr-FR\",\"@id\":\"https:\\\/\\\/www.infodictat.fr\\\/blog\\\/#\\\/schema\\\/logo\\\/image\\\/\",\"url\":\"https:\\\/\\\/www.infodictat.fr\\\/blog\\\/wp-content\\\/uploads\\\/2023\\\/05\\\/logo-2.png\",\"contentUrl\":\"https:\\\/\\\/www.infodictat.fr\\\/blog\\\/wp-content\\\/uploads\\\/2023\\\/05\\\/logo-2.png\",\"width\":480,\"height\":596,\"caption\":\"infodictat\"},\"image\":{\"@id\":\"https:\\\/\\\/www.infodictat.fr\\\/blog\\\/#\\\/schema\\\/logo\\\/image\\\/\"}},{\"@type\":\"Person\",\"@id\":\"https:\\\/\\\/www.infodictat.fr\\\/blog\\\/#\\\/schema\\\/person\\\/6c2c8af0941702348e8eca9144cc1267\",\"name\":\"Oscar BETHMONT\",\"image\":{\"@type\":\"ImageObject\",\"inLanguage\":\"fr-FR\",\"@id\":\"https:\\\/\\\/secure.gravatar.com\\\/avatar\\\/f80ff32d67d40b919e8be190b7325be3c6cb33ce305ac1d45cadad29128e831e?s=96&d=mm&r=g\",\"url\":\"https:\\\/\\\/secure.gravatar.com\\\/avatar\\\/f80ff32d67d40b919e8be190b7325be3c6cb33ce305ac1d45cadad29128e831e?s=96&d=mm&r=g\",\"contentUrl\":\"https:\\\/\\\/secure.gravatar.com\\\/avatar\\\/f80ff32d67d40b919e8be190b7325be3c6cb33ce305ac1d45cadad29128e831e?s=96&d=mm&r=g\",\"caption\":\"Oscar BETHMONT\"},\"url\":\"https:\\\/\\\/www.infodictat.fr\\\/blog\\\/author\\\/tatoscar\\\/\"}]}<\/script>\n<!-- \/ Yoast SEO plugin. -->","yoast_head_json":{"title":"Clichy-la-Garenne,10 09 08 PS Clichy plage - INFODICTAT","robots":{"index":"index","follow":"follow","max-snippet":"max-snippet:-1","max-image-preview":"max-image-preview:large","max-video-preview":"max-video-preview:-1"},"canonical":"https:\/\/www.infodictat.fr\/blog\/clichy-la-garenne10-09-08-ps-clichy-plage\/","og_locale":"fr_FR","og_type":"article","og_title":"Clichy-la-Garenne,10 09 08 PS Clichy plage - INFODICTAT","og_description":"Ce film sur \u00abClichy-la-Garenne\u00bb est \u00e0 voir en streaming sur Youtube. desirdavenir92 partage son point de vue sur \u00ab\u00a0Clichy-la-Garenne\u00a0\u00bb. Cette vid\u00e9o, mise en ligne par desirdavenir92, est disponible sur youtube. focalis\u00e9 sur \u00ab\u00a0Clichy-la-Garenne\u00a0\u00bb: Le titre de cette vid\u00e9o est 10 09 08 PS Clichy plage, sa dur\u00e9e est de 00:02:51 secondes, et elle a \u00e9t\u00e9 ... Lire la suite","og_url":"https:\/\/www.infodictat.fr\/blog\/clichy-la-garenne10-09-08-ps-clichy-plage\/","og_site_name":"INFODICTAT","article_published_time":"2025-12-17T08:12:10+00:00","og_image":[{"url":"https:\/\/www.infodictat.fr\/blog\/wp-content\/uploads\/2025\/12\/Clichy-la-Garenne10-09-08-PS-Clichy-plage-1024x576-1.jpg","type":"","width":"","height":""}],"author":"Oscar BETHMONT","twitter_card":"summary_large_image","twitter_misc":{"\u00c9crit par":"Oscar BETHMONT","Dur\u00e9e de lecture estim\u00e9e":"10 minutes"},"schema":{"@context":"https:\/\/schema.org","@graph":[{"@type":"Article","@id":"https:\/\/www.infodictat.fr\/blog\/clichy-la-garenne10-09-08-ps-clichy-plage\/#article","isPartOf":{"@id":"https:\/\/www.infodictat.fr\/blog\/clichy-la-garenne10-09-08-ps-clichy-plage\/"},"author":{"name":"Oscar BETHMONT","@id":"https:\/\/www.infodictat.fr\/blog\/#\/schema\/person\/6c2c8af0941702348e8eca9144cc1267"},"headline":"Clichy-la-Garenne,10 09 08 PS Clichy plage","datePublished":"2025-12-17T08:12:10+00:00","mainEntityOfPage":{"@id":"https:\/\/www.infodictat.fr\/blog\/clichy-la-garenne10-09-08-ps-clichy-plage\/"},"wordCount":2022,"publisher":{"@id":"https:\/\/www.infodictat.fr\/blog\/#organization"},"image":{"@id":"https:\/\/www.infodictat.fr\/blog\/clichy-la-garenne10-09-08-ps-clichy-plage\/#primaryimage"},"thumbnailUrl":"https:\/\/www.infodictat.fr\/blog\/wp-content\/uploads\/2025\/12\/Clichy-la-Garenne10-09-08-PS-Clichy-plage-1024x576-1.jpg","articleSection":["La Dictature Num\u00e9rique:"],"inLanguage":"fr-FR"},{"@type":"WebPage","@id":"https:\/\/www.infodictat.fr\/blog\/clichy-la-garenne10-09-08-ps-clichy-plage\/","url":"https:\/\/www.infodictat.fr\/blog\/clichy-la-garenne10-09-08-ps-clichy-plage\/","name":"Clichy-la-Garenne,10 09 08 PS Clichy plage - INFODICTAT","isPartOf":{"@id":"https:\/\/www.infodictat.fr\/blog\/#website"},"primaryImageOfPage":{"@id":"https:\/\/www.infodictat.fr\/blog\/clichy-la-garenne10-09-08-ps-clichy-plage\/#primaryimage"},"image":{"@id":"https:\/\/www.infodictat.fr\/blog\/clichy-la-garenne10-09-08-ps-clichy-plage\/#primaryimage"},"thumbnailUrl":"https:\/\/www.infodictat.fr\/blog\/wp-content\/uploads\/2025\/12\/Clichy-la-Garenne10-09-08-PS-Clichy-plage-1024x576-1.jpg","datePublished":"2025-12-17T08:12:10+00:00","breadcrumb":{"@id":"https:\/\/www.infodictat.fr\/blog\/clichy-la-garenne10-09-08-ps-clichy-plage\/#breadcrumb"},"inLanguage":"fr-FR","potentialAction":[{"@type":"ReadAction","target":["https:\/\/www.infodictat.fr\/blog\/clichy-la-garenne10-09-08-ps-clichy-plage\/"]}]},{"@type":"ImageObject","inLanguage":"fr-FR","@id":"https:\/\/www.infodictat.fr\/blog\/clichy-la-garenne10-09-08-ps-clichy-plage\/#primaryimage","url":"https:\/\/www.infodictat.fr\/blog\/wp-content\/uploads\/2025\/12\/Clichy-la-Garenne10-09-08-PS-Clichy-plage-1024x576-1.jpg","contentUrl":"https:\/\/www.infodictat.fr\/blog\/wp-content\/uploads\/2025\/12\/Clichy-la-Garenne10-09-08-PS-Clichy-plage-1024x576-1.jpg","width":1024,"height":576},{"@type":"BreadcrumbList","@id":"https:\/\/www.infodictat.fr\/blog\/clichy-la-garenne10-09-08-ps-clichy-plage\/#breadcrumb","itemListElement":[{"@type":"ListItem","position":1,"name":"Accueil","item":"https:\/\/www.infodictat.fr\/blog\/"},{"@type":"ListItem","position":2,"name":"Clichy-la-Garenne,10 09 08 PS Clichy plage"}]},{"@type":"WebSite","@id":"https:\/\/www.infodictat.fr\/blog\/#website","url":"https:\/\/www.infodictat.fr\/blog\/","name":"INFODICTAT","description":"La dictature num\u00e9rique.","publisher":{"@id":"https:\/\/www.infodictat.fr\/blog\/#organization"},"potentialAction":[{"@type":"SearchAction","target":{"@type":"EntryPoint","urlTemplate":"https:\/\/www.infodictat.fr\/blog\/?s={search_term_string}"},"query-input":{"@type":"PropertyValueSpecification","valueRequired":true,"valueName":"search_term_string"}}],"inLanguage":"fr-FR"},{"@type":"Organization","@id":"https:\/\/www.infodictat.fr\/blog\/#organization","name":"infodictat","url":"https:\/\/www.infodictat.fr\/blog\/","logo":{"@type":"ImageObject","inLanguage":"fr-FR","@id":"https:\/\/www.infodictat.fr\/blog\/#\/schema\/logo\/image\/","url":"https:\/\/www.infodictat.fr\/blog\/wp-content\/uploads\/2023\/05\/logo-2.png","contentUrl":"https:\/\/www.infodictat.fr\/blog\/wp-content\/uploads\/2023\/05\/logo-2.png","width":480,"height":596,"caption":"infodictat"},"image":{"@id":"https:\/\/www.infodictat.fr\/blog\/#\/schema\/logo\/image\/"}},{"@type":"Person","@id":"https:\/\/www.infodictat.fr\/blog\/#\/schema\/person\/6c2c8af0941702348e8eca9144cc1267","name":"Oscar BETHMONT","image":{"@type":"ImageObject","inLanguage":"fr-FR","@id":"https:\/\/secure.gravatar.com\/avatar\/f80ff32d67d40b919e8be190b7325be3c6cb33ce305ac1d45cadad29128e831e?s=96&d=mm&r=g","url":"https:\/\/secure.gravatar.com\/avatar\/f80ff32d67d40b919e8be190b7325be3c6cb33ce305ac1d45cadad29128e831e?s=96&d=mm&r=g","contentUrl":"https:\/\/secure.gravatar.com\/avatar\/f80ff32d67d40b919e8be190b7325be3c6cb33ce305ac1d45cadad29128e831e?s=96&d=mm&r=g","caption":"Oscar BETHMONT"},"url":"https:\/\/www.infodictat.fr\/blog\/author\/tatoscar\/"}]}},"_links":{"self":[{"href":"https:\/\/www.infodictat.fr\/blog\/wp-json\/wp\/v2\/posts\/1325","targetHints":{"allow":["GET"]}}],"collection":[{"href":"https:\/\/www.infodictat.fr\/blog\/wp-json\/wp\/v2\/posts"}],"about":[{"href":"https:\/\/www.infodictat.fr\/blog\/wp-json\/wp\/v2\/types\/post"}],"author":[{"embeddable":true,"href":"https:\/\/www.infodictat.fr\/blog\/wp-json\/wp\/v2\/users\/2"}],"replies":[{"embeddable":true,"href":"https:\/\/www.infodictat.fr\/blog\/wp-json\/wp\/v2\/comments?post=1325"}],"version-history":[{"count":0,"href":"https:\/\/www.infodictat.fr\/blog\/wp-json\/wp\/v2\/posts\/1325\/revisions"}],"wp:featuredmedia":[{"embeddable":true,"href":"https:\/\/www.infodictat.fr\/blog\/wp-json\/wp\/v2\/media\/1326"}],"wp:attachment":[{"href":"https:\/\/www.infodictat.fr\/blog\/wp-json\/wp\/v2\/media?parent=1325"}],"wp:term":[{"taxonomy":"category","embeddable":true,"href":"https:\/\/www.infodictat.fr\/blog\/wp-json\/wp\/v2\/categories?post=1325"},{"taxonomy":"post_tag","embeddable":true,"href":"https:\/\/www.infodictat.fr\/blog\/wp-json\/wp\/v2\/tags?post=1325"}],"curies":[{"name":"wp","href":"https:\/\/api.w.org\/{rel}","templated":true}]}}