{"id":1282,"date":"2025-11-15T03:12:24","date_gmt":"2025-11-15T02:12:24","guid":{"rendered":"https:\/\/www.infodictat.fr\/blog\/colombes-92700-les-greves-colombes\/"},"modified":"2025-11-15T03:12:24","modified_gmt":"2025-11-15T02:12:24","slug":"colombes-92700-les-greves-colombes","status":"publish","type":"post","link":"https:\/\/www.infodictat.fr\/blog\/colombes-92700-les-greves-colombes\/","title":{"rendered":"(colombes (92700)): Les Gr\u00e8ves, Colombes."},"content":{"rendered":"<div><img width=\"750\" height=\"422\" src=\"https:\/\/www.infodictat.fr\/blog\/wp-content\/uploads\/2025\/11\/colombes-92700-Les-Greves-Colombes-1024x576-1.jpg\" class=\"attachment-large size-large wp-post-image\" alt=\"Les Gr\u00e8ves, Colombes.\" style=\"width:100%;height:56.25%;max-width:1280px;float:left; margin:0 15px 15px 0;\" decoding=\"async\" srcset=\"https:\/\/www.infodictat.fr\/blog\/wp-content\/uploads\/2025\/11\/colombes-92700-Les-Greves-Colombes-1024x576-1.jpg 1024w, https:\/\/www.site.cdcl.xyz\/wp-content\/uploads\/2025\/11\/colombes-92700-Les-Greves-Colombes-300x169.jpg 300w, https:\/\/www.site.cdcl.xyz\/wp-content\/uploads\/2025\/11\/colombes-92700-Les-Greves-Colombes-768x432.jpg 768w, https:\/\/www.site.cdcl.xyz\/wp-content\/uploads\/2025\/11\/colombes-92700-Les-Greves-Colombes.jpg 1280w\" sizes=\"(max-width: 750px) 100vw, 750px\"><\/p>\n<h1>\nCe film traitant de \u00abcolombes (92700)\u00bb peut \u00eatre visionn\u00e9 sur Youtube en streaming.<br \/>\n<\/h1>\n<h2>\nECHOBANLIEUES  vous emm\u00e8ne \u00e0 la d\u00e9couverte de \u00ab\u00a0colombes (92700)\u00a0\u00bb.<br \/>\n<\/h2>\n<p> Cette vid\u00e9o a \u00e9t\u00e9 publi\u00e9e sur youtube par ECHOBANLIEUES .<br \/>\nmettant en avant \u00ab\u00a0colombes (92700)\u00a0\u00bb:<br \/>\n<iframe title=\"Les Gr\u00e8ves, Colombes.\" width=\"580\" height=\"385\" src=\"https:\/\/www.youtube.com\/embed\/ftBcwd9klXQ?hl=fr&amp;modestbranding=1\" frameborder=\"0\" allowfullscreen><\/iframe><\/p>\n<p>L\u2019auteur a fourni une vid\u00e9o de 00:05:00 secondes avec le titre Les Gr\u00e8ves, Colombes., accompagn\u00e9e de la description suivante :\u00ab<i>  RAP TON KARTIER projet qui consiste \u00e0 mettre en avant des rappeurs qui essayent de s\u2019en sortir dans le rap fran\u00e7ais.<br \/>\nVisite du quartier, interview et enfin un freestyle.<br \/>\nUn nouvel \u00e9pisode avec Beta et Blackie, des rappeurs originaire des Gr\u00e8ves \u00e0 Colombes.<br \/>\nPour toute demande de vid\u00e9o pour participer \u00e0 ce projet contacter par twitter : echobanlieues ou Instagram : echobanlieues<br \/>\nR\u00e9alisation : Arnold Nguenti<br \/>\nSon : Coalt Art \u2013 Soul Master.<br \/>\nNous soutenir : https:\/\/www.paypal.me\/edb923<br \/>\nNotre cagnotte : https:\/\/www.leetchi.com\/c\/soutenir-un-media-independant-qui-donne-la-parole-aux-quartiers   <\/i> \u00bb.\n<\/p>\n<\/p>\n<h2>COLOMBES : Situation Financi\u00e8re Critique et Alarmante<\/h2>\n<p>Les conclusions d\u2019un audit financier r\u00e9cent mettent en \u00e9vidence une situation financi\u00e8re alarmante pour Colombes, qui s\u2019est d\u00e9t\u00e9rior\u00e9e entre 2020 et 2025.<\/p>\n<p>Dans le but d\u2019explorer l\u2019audit, <a href=\"https:\/\/www.bilan-de-mandat.fr\/ile-de-france\/mairie\/hauts-de-seine_colombes\/\" rel=\"noopener noreferrer nofollow\" target=\"blank\" target=\"_blank\">l\u2019int\u00e9gralit\u00e9 des informations financi\u00e8res peut \u00eatre consult\u00e9e sur la page du bilan de mandat<\/a>.<\/p>\n<p>B\u00e9n\u00e9ficiant en 2020 d\u2019une solide sant\u00e9 financi\u00e8re, Colombes a progressivement vu sa situation se d\u00e9t\u00e9riorer, entra\u00eenant une d\u00e9gradation de la qualit\u00e9 de sa gestion publique<\/p>\n<p>Bien que la conjoncture joue un r\u00f4le, la municipalit\u00e9 dirig\u00e9e par PATRICK CHAIMOVITCH est directement responsable de la situation, \u00e0 hauteur de deux tiers.<\/p>\n<p>L\u2019enqu\u00eate a \u00e9t\u00e9 men\u00e9e par le site Bilan de Mandat, qui a rassembl\u00e9 les donn\u00e9es budg\u00e9taires mises en ligne par le minist\u00e8re des Finances sur une p\u00e9riode de 7 ans<\/p>\n<h3>R\u00e9mun\u00e9ration des fonctionnaires<\/h3>\n<p>La r\u00e9mun\u00e9ration des agents de la ville constitue une part importante des d\u00e9penses, atteignant en 2025 un niveau pr\u00e9occupant sans que les salaires n\u2019\u00e9voluent de mani\u00e8re \u00e9quivalente. Les r\u00e9sultats de cette situation sont multiples :<\/p>\n<ul>\n<li>Baisse de l\u2019engagement des employ\u00e9s historiques : Le non-accroissement des salaires pour les agents de longue date va entra\u00eener un d\u00e9sengagement, impactant la qualit\u00e9 des services fournis.: Taux de turnover \u00e9lev\u00e9\n<\/li>\n<li>Turnover significatif : Des salaires peu \u00e9volutifs vont inciter les agents \u00e0 chercher des emplois ailleurs, ce qui entra\u00eene un turnover plus \u00e9lev\u00e9 et des co\u00fbts de formation pour la ville.\n<\/li>\n<li>Diff\u00e9rences de r\u00e9mun\u00e9ration : La diff\u00e9rence de salaires entre les nouveaux agents et les agents historiques va entra\u00eener des tensions au sein de l\u2019\u00e9quipe municipale.\n<\/li>\n<li>Alt\u00e9ration de la qualit\u00e9 des services publics : Un personnel peu engag\u00e9 et changeant va nuire \u00e0 la qualit\u00e9 des services publics, affectant directement les citoyens.\n<\/li>\n<li>Stress financier sur le budget: L\u2019obligation de conserver des salaires \u00e9lev\u00e9s pour s\u00e9duire de nouveaux talents va engendrer une pression accrue sur le budget de la commune.<\/li>\n<\/ul>\n<h3>Chute de la qualit\u00e9 des services publics COLOMBIENS<\/h3>\n<p>Une gestion financi\u00e8re d\u00e9faillante conduira in\u00e9vitablement \u00e0 des r\u00e9ductions dans les budgets des services publics \u00e0 l\u2019horizon 2026-2027, ce qui se traduit par :<\/p>\n<ul>\n<li>R\u00e9duction des ressources humaines : Effectifs r\u00e9duits pour fournir des services essentiels comme la propret\u00e9, la s\u00e9curit\u00e9 ou l\u2019\u00e9ducation.\n<\/li>\n<li>R\u00e9duction de la fr\u00e9quence des offres de services : Moins de ramassages de d\u00e9chets et horaires limit\u00e9s pour les biblioth\u00e8ques et centres communautaires.\n<\/li>\n<li>Baisse du bonheur des usagers : Les habitants, d\u00e9j\u00e0 insatisfaits des services municipaux, subiront la baisse de la qualit\u00e9 des services et en seront les premi\u00e8res victimes, malgr\u00e9 une contribution sup\u00e9rieure \u00e0 la moyenne.<\/li>\n<\/ul>\n<h3>Difficult\u00e9s \u00e0 capter et \u00e0 garder les talents<\/h3>\n<p>La situation pr\u00e9caire de la commune, tant sur le plan financier que sur celui de l\u2019exemplarit\u00e9, va rendre difficile l\u2019attraction et la conservation des talents, tant au sein du personnel municipal qu\u2019au sein des associations :<\/p>\n<ul>\n<li>Rotation fr\u00e9quente du personnel : Les travailleurs vont se tourner vers d\u2019autres possibilit\u00e9s, entra\u00eenant ainsi des frais importants pour la formation et l\u2019int\u00e9gration.\n<\/li>\n<li>R\u00e9duction de l\u2019expertise : Un manque de personnel form\u00e9 impactera la qualit\u00e9 des services et l\u2019innovation dans la collectivit\u00e9.\n<\/li>\n<li>Enjeux li\u00e9s \u00e0 la r\u00e9alisation des projets: Un manque de personnel comp\u00e9tent pourrait entra\u00eener des retards ou des difficult\u00e9s dans des projets importants pour la collectivit\u00e9.\n<\/li>\n<li>D\u00e9motivation li\u00e9e \u00e0 un manque d\u2019int\u00e9r\u00eat pour une ville qui, en 5 ans, est devenue l\u2019une des principales cit\u00e9s dortoirs de son d\u00e9partement.<\/li>\n<\/ul>\n<h3>Incidences sur la dynamique \u00e9conomique locale<\/h3>\n<p>Une gestion financi\u00e8re instable aura des cons\u00e9quences sur le d\u00e9veloppement \u00e9conomique, notamment :<\/p>\n<ul>\n<li>Baisse des investissements : Les entreprises pourraient \u00eatre r\u00e9ticentes \u00e0 s\u2019\u00e9tablir dans une collectivit\u00e9 en crise financi\u00e8re, restreignant ainsi les possibilit\u00e9s d\u2019emploi.\n<\/li>\n<li>Diminution de l\u2019attrait : Une gestion inappropri\u00e9e va ternir l\u2019image de la collectivit\u00e9, rendant difficile l\u2019accueil de nouveaux r\u00e9sidents ou investisseurs.\n<\/li>\n<li>Baisse des partenariats : Les collectivit\u00e9s en difficult\u00e9 rencontreront des d\u00e9fis pour cr\u00e9er des alliances avec d\u2019autres organisations, ce qui limitera les possibilit\u00e9s de collaboration.<\/li>\n<\/ul>\n<h3>Questions et r\u00e9ponses de Colombes<\/h3>\n<h4>Quelles ressources d\u2019information sont disponibles dans Colombes ?<\/h4>\n<p>Avant tout, les informations en ligne. Les r\u00e9sidents ont la possibilit\u00e9 de consulter les actualit\u00e9s et le journal municipal de leur ville et des villes voisines. Sur le site de la municipalit\u00e9, on peut acc\u00e9der \u00e0 la page d\u2019accueil pour les nouveaux r\u00e9sidents, aux num\u00e9ros utiles pour diverses d\u00e9marches, \u00e0 l\u2019annuaire des PME, aux journ\u00e9es et activit\u00e9s gratuites, aux informations sur la rentr\u00e9e scolaire, aux menus des cantines, \u00e0 l\u2019espace de confidentialit\u00e9 pour les comptes familles et aux d\u00e9marches administratives, notamment dans le domaine scolaire. Sur des plateformes en ligne non g\u00e9r\u00e9es par la mairie, les habitants peuvent trouver des informations sur les \u00e9v\u00e9nements culturels (spectacles, th\u00e9\u00e2tre, festivals) qui dynamisent la vie locale et ouvrent des horizons culturels.<\/p>\n<h4>Quelle est la conclusion significative de l\u2019audit des finances de Colombes ?<\/h4>\n<p>L\u2019enqu\u00eate met en exergue une d\u00e9gradation inqui\u00e9tante des finances publiques et de la gestion de Colombes, soulignant une gestion imprudente sur les plans financier et public.<\/p>\n<h4>Quels facteurs ont \u00e9t\u00e9 \u00e0 l\u2019origine de cette crise financi\u00e8re ?<\/h4>\n<p>Bien que la conjoncture \u00e9conomique soit \u00e0 consid\u00e9rer, deux tiers des difficult\u00e9s rencontr\u00e9es proviennent des choix politiques de la municipalit\u00e9 dirig\u00e9e par PATRICK CHAIMOVITCH.<\/p>\n<h4>Qui d\u00e9tient le titre de maire dans Colombes ?<\/h4>\n<p>PATRICK CHAIMOVITCH<\/p>\n<h4>Quelle est la situation actuelle des associations locales dans Colombes ?<\/h4>\n<p>Les groupes associatifs locaux ont une importance consid\u00e9rable dans le domaine culturel. Pour trouver les coordonn\u00e9es d\u2019une association, il vous suffit de consulter l\u2019annuaire en ligne sur le site de la mairie de Colombes<\/p>\n<h4>Quelles d\u00e9marches pour participer aux activit\u00e9s des associations ?<\/h4>\n<p>Dans chaque commune, on remarque que le nombre d\u2019associations et le calendrier de leurs activit\u00e9s (th\u00e9\u00e2tre, festival\u2026) sont significatifs et ne sont pas influenc\u00e9s par la politique de la mairie. Les associations, comme dans l\u2019ensemble de la France, proposent divers \u00e9v\u00e9nements tout au long de l\u2019ann\u00e9e. Pour ceux qui veulent participer, il est ais\u00e9 de s\u2019inscrire \u00e0 ces activit\u00e9s en ligne, o\u00f9 un simple clic permet de consulter l\u2019agenda des \u00e9v\u00e9nements ou d\u2019obtenir les coordonn\u00e9es des responsables. Un clic suffit pour vous inscrire.<\/p>\n<\/p>\n<h4>Quelles activit\u00e9s historiques et culturelles sont disponibles ?<\/h4>\n<p>L\u2019\u00e9volution d\u2019une ville est le reflet de sa culture. L\u2019\u00e9difice de la mairie ou de l\u2019h\u00f4tel de ville, les photos d\u2019\u00e9poque de l\u2019\u00e9cole, et les comp\u00e9tences des anciens m\u00e9tiers facilitent la d\u00e9couverte gratuite, la transmission et la sauvegarde de ce patrimoine municipal. Sur tout le territoire fran\u00e7ais, la politique de sensibilisation s\u2019assure que le patrimoine de la ville demeure vivant et accessible pour les g\u00e9n\u00e9rations \u00e0 venir.<\/p>\n<p> Ce lien vous permet de voir la vid\u00e9o sur youtube :<br \/>\n<u> la publication originale:<\/u> <a href=\"https:\/\/www.youtube.com\/watch?v=ftBcwd9klXQ\" target=\"_blank\" rel=\"nofollow\">Cliquer ici<\/a>\n<\/p>\n<p>\n#Les #Gr\u00e8ves #Colombes\n<\/p>\n<p>\n<u>Retranscription des paroles de la vid\u00e9o:<\/u> [Musique] les habitants de cette cit\u00e9 de colomb n\u2019avait jamais vu un tel d\u00e9ploiement de forces de l\u2019ordre un h\u00e9licopt\u00e8re plus de 300 gendarmes des policiers pour une op\u00e9ration anti-drogue velvet ou baiser tout c\u2019est \u00e7a v et o\u00f9 on aux gr\u00e8ves ici vient des violeurs 45 personnes ont \u00e9t\u00e9 interpell\u00e9es en quelques heures la m\u00e9thode spectaculaire n\u2019est pas du go\u00fbt de tout le monde sa sert a un qui m\u2019a dit le policier dans les b\u00e2timents comme \u00e7a \u00e7a va chanter comme une agression parce que beaucoup l\u2019ont toujours dit mais voil\u00e0 elles vont pas rester ici c\u2019est \u00e7a tu as vu quitter trouve en tout c\u2019est nerveux sisi contrainte \u00e0 capter la n\u00f4tre on se pose les bases avaient sera fait avant l\u00e0 on est dans l\u2019arctique c\u2019est calme on cherche \u00e0 tout \u00e7a se fait bien je tien giang scroo ge et dub\u00e9 et j\u2019ai pass\u00e9 des cats et j\u2019ai cass\u00e9 des t\u00eates comme tous les \u00eatres humains c\u2019est connu la d\u00e9faite je vais pas laisser pa\u00eetre mais j\u2019suis pas tous types petite fille gaz un petit peu savent achats et les pertes sur le corps et le coeur on est balafr\u00e9 et le pire de tous \u00e0 6,8 en avril ne fais pas l\u2019\u00e9quipe si tu sais pas nager trop de courses qui cite monsieur la t\u00e9l\u00e9 p\u00e8te et met tout le cash dans le money back tail j\u2019ai une grosse c\u2019est ce qu\u2019on fait pour l\u2019hiver et je suis avec 10 la moto comme elle a beaucoup d\u2019ennemis o\u00f9 prolif\u00e8rent les oiseaux qui se finissent temps de faire les pires crapules de deux jolies faire des showmen tout c\u2019est peu pour un big mac les tha\u00eflandais dont l\u2019italie terre battue sa lune de miel altinger ste croix dans la rue que je fais pas tout mis dedans \u00e7a te charger les trois premiers singles bebig je mettrai pas pris c\u2019est promis je peux les fum\u00e9es comme \u00e0 ses shoots poli tepa foot et sous l\u2019effet de la ligue 2010 ne lui m\u00eame plus de vrais d\u00e9g\u00e2ts si je ne connais pas de monde \u00e0 ta petite soeur civada benneteau vont donc le guetteur pete thomas fourri\u00e8re couple 0 avec oliver chez les chevaux rempli de p\u00e9do le guetteur morph\u00e9e le dit laurent pcf le g\u00e9rant son or fils p\u00e9ter \u00e0 genk quand je plus on est en train [Musique] en quoi tu quoque cheveux gras froide sal\u00e9e et comme en plus on a si mal semble qu artistique tension \u00e0 l\u2019art est amer avant tout dans la nasa mon sentiment c\u2019est un dj banaliser les faits divers damas a fait trois secondes qui suivent une seconde \u00e0 la marque dans les mines et il est \u2018vert\u2019 discret pour cela n\u2019\u00e9tait pas possible en amont puisque hormis un agencement finma give the crack portugais est tr\u00e8s convoit\u00e9 la direction d\u2019avignon monnaies dollar et y inscrire la guitare papa papa port j\u2019appelais ans je crois que des partisans de tonnes et pr\u00e9server les cadavres n\u2019\u00e9tait pas fier je vais mettre les rossoneri cas de matha dans le mauvais pourrait d\u00e9passer paul fitoussi en partant chez les gras fois en bo\u00eete une courge fait tr\u00e8s froid en sont noir cagoul\u00e9s gant\u00e9s et d\u00e9montre \u00e0 130 et d\u00e9collet\u00e9 pour moi j\u2019ai pr\u00e9f\u00e9r\u00e9 me gratter comme d\u00e9chets que d\u00e9grader est-ce qu\u2019on le c\u00f4t\u00e9 gauche inhib\u00e9 rap on attend celle de dse tortue bd tout cas \u00e7a pour rien que nous arr\u00eater de casser la baraque yalouz tongs et parce que teva soif de terroir j\u2019ai pas bu d\u2019eau douce et est arr\u00eat\u00e9 mi temps on sait qui est qui sait qui est qui et on sait qui fait quoi oc b\u00eata va plus les grosses flammes ont d\u00fb fonds du pays zone \u00e0 la garonne en panis au cpe et ap ap une grosse clamouse d\u00e9fense j\u00e9go .\n<\/p>\n<p>\n<img decoding=\"async\" src=\"https:\/\/www.infodictat.fr\/blog\/wp-content\/uploads\/2025\/11\/hqdefault-6.jpg\" alt=\"Image youtube\">\n<\/p>\n<p>\n<u>D\u00e9roulement de la vid\u00e9o:<\/u>\n<\/p>\n<p>\n0.53 [Musique]<br \/>\n30.119 les habitants de cette cit\u00e9 de colomb<br \/>\n32.59 n\u2019avait jamais vu un tel d\u00e9ploiement de<br \/>\n34.9 forces de l\u2019ordre<br \/>\n35.65 un h\u00e9licopt\u00e8re plus de 300 gendarmes des<br \/>\n38.29 policiers pour une op\u00e9ration anti-drogue<br \/>\n43.71 velvet ou baiser tout c\u2019est \u00e7a v et o\u00f9<br \/>\n48.329 on aux gr\u00e8ves ici vient des violeurs 45<br \/>\n53.68 personnes ont \u00e9t\u00e9 interpell\u00e9es en<br \/>\n55.18 quelques heures<br \/>\n55.84 la m\u00e9thode spectaculaire n\u2019est pas du<br \/>\n58.57 go\u00fbt de tout le monde<br \/>\n59.289 sa sert a un qui m\u2019a dit le policier<br \/>\n61.899 dans les b\u00e2timents comme \u00e7a \u00e7a va<br \/>\n63.509 chanter comme une agression<br \/>\n65.22 parce que beaucoup l\u2019ont toujours dit<br \/>\n67.539 mais voil\u00e0 elles vont pas rester ici<br \/>\n68.92 c\u2019est \u00e7a tu as vu quitter trouve en tout<br \/>\n76.99 c\u2019est nerveux<br \/>\n81.19 sisi contrainte \u00e0 capter la n\u00f4tre on se<br \/>\n93.88 pose les bases avaient sera fait avant<br \/>\n95.26 l\u00e0 on est dans l\u2019arctique c\u2019est calme on<br \/>\n97.69 cherche \u00e0 tout \u00e7a se fait bien je tien<br \/>\n109.09 giang scroo ge et dub\u00e9 et j\u2019ai pass\u00e9 des<br \/>\n115.57 cats et j\u2019ai cass\u00e9 des t\u00eates comme tous<br \/>\n116.86 les \u00eatres humains c\u2019est connu la d\u00e9faite<br \/>\n118.27 je vais pas laisser pa\u00eetre mais j\u2019suis<br \/>\n119.41 pas tous types petite fille gaz un petit<br \/>\n120.7 peu savent achats et les pertes sur le<br \/>\n121.99 corps et le coeur on est balafr\u00e9 et le<br \/>\n123.7 pire de tous \u00e0 6,8 en avril ne fais pas<br \/>\n125.53 l\u2019\u00e9quipe si tu sais pas nager trop de<br \/>\n127.12 courses qui cite monsieur la t\u00e9l\u00e9 p\u00e8te<br \/>\n128.59 et met tout le cash dans le money back<br \/>\n130.51 tail<br \/>\n130.899 j\u2019ai une grosse c\u2019est ce qu\u2019on fait pour<br \/>\n131.92 l\u2019hiver et je suis avec 10 la moto comme<br \/>\n134.11 elle a beaucoup d\u2019ennemis o\u00f9 prolif\u00e8rent<br \/>\n135.64 les oiseaux qui se finissent temps de<br \/>\n137.2 faire les pires crapules de deux jolies<br \/>\n138.85 faire des showmen tout c\u2019est peu pour un<br \/>\n140.62 big mac les tha\u00eflandais dont l\u2019italie<br \/>\n142.33 terre battue sa lune de miel altinger<br \/>\n144.13 ste croix dans la rue que je fais pas<br \/>\n145.54 tout mis dedans \u00e7a te charger les trois<br \/>\n147.01 premiers singles bebig je mettrai pas<br \/>\n148.69 pris c\u2019est promis je peux les fum\u00e9es<br \/>\n150.13 comme \u00e0 ses shoots poli tepa foot et<br \/>\n151.84 sous l\u2019effet de la ligue 2010 ne lui<br \/>\n153.52 m\u00eame plus de vrais d\u00e9g\u00e2ts si je ne<br \/>\n154.87 connais pas de monde \u00e0 ta petite soeur<br \/>\n156.19 civada benneteau vont donc le guetteur<br \/>\n158.56 pete thomas fourri\u00e8re couple 0 avec<br \/>\n161.32 oliver chez les chevaux rempli de p\u00e9do<br \/>\n164.32 le guetteur morph\u00e9e le dit laurent pcf<br \/>\n167.77 le g\u00e9rant son or fils p\u00e9ter \u00e0 genk<br \/>\n175.6 quand<br \/>\n179.0 je<br \/>\n181.47 plus on est en train<br \/>\n187.68 [Musique]<br \/>\n200.46 en quoi tu quoque cheveux gras froide<br \/>\n202.14 sal\u00e9e et comme en plus on a si mal<br \/>\n204.3 semble qu artistique tension \u00e0 l\u2019art est<br \/>\n206.46 amer avant tout dans la nasa mon<br \/>\n208.62 sentiment c\u2019est un dj banaliser les<br \/>\n210.72 faits divers damas a fait trois secondes<br \/>\n212.88 qui suivent une seconde \u00e0 la marque dans<br \/>\n214.29 les mines et il est \u2018vert\u2019 discret pour<br \/>\n216.12 cela n\u2019\u00e9tait pas possible en amont<br \/>\n218.04 puisque hormis un agencement finma give<br \/>\n220.56 the crack portugais est tr\u00e8s convoit\u00e9 la<br \/>\n223.41 direction d\u2019avignon monnaies dollar et y<br \/>\n226.71 inscrire la guitare papa papa port<br \/>\n229.28 j\u2019appelais ans je crois que des<br \/>\n231.12 partisans de tonnes et pr\u00e9server les<br \/>\n232.56 cadavres n\u2019\u00e9tait pas fier je vais mettre<br \/>\n234.66 les rossoneri cas de matha dans le<br \/>\n236.7 mauvais pourrait d\u00e9passer<br \/>\n241.44 paul fitoussi<br \/>\n243.08 en partant chez les gras fois en bo\u00eete<br \/>\n245.42 une courge fait tr\u00e8s froid<br \/>\n248.16 en sont noir cagoul\u00e9s gant\u00e9s et d\u00e9montre<br \/>\n256.14 \u00e0 130 et d\u00e9collet\u00e9 pour moi j\u2019ai pr\u00e9f\u00e9r\u00e9<br \/>\n258.75 me gratter comme d\u00e9chets que d\u00e9grader<br \/>\n262.139 est-ce qu\u2019on le c\u00f4t\u00e9 gauche inhib\u00e9 rap<br \/>\n264.36 on attend celle de dse tortue bd tout<br \/>\n267.24 cas \u00e7a pour rien que nous arr\u00eater de<br \/>\n269.52 casser la baraque<br \/>\n270.779 yalouz tongs et parce que teva soif de<br \/>\n273.18 terroir j\u2019ai pas bu d\u2019eau douce et est<br \/>\n275.34 arr\u00eat\u00e9 mi temps on sait qui est qui sait<br \/>\n278.939 qui est qui et on sait qui fait quoi<br \/>\n281.069 oc b\u00eata va plus les grosses flammes ont<br \/>\n283.529 d\u00fb fonds du pays zone \u00e0 la garonne en<br \/>\n286.469 panis au cpe et ap ap une grosse<br \/>\n289.08 clamouse d\u00e9fense j\u00e9go<br \/>\n.<\/p>\n<\/div>\n<p><img decoding=\"async\" class=\"wpe_imgrss\" src=\"https:\/\/www.infodictat.fr\/blog\/wp-content\/uploads\/2025\/11\/colombes-92700-Les-Greves-Colombes-1024x576-1.jpg\">Vous pouvez lire ce post traitant le sujet \u00ab\u00a0La dictature num\u00e9rique\u00a0\u00bb. Il est produit par la r\u00e9daction de infodictat.fr. Le site infodictat.fr a pour objectif de publier plusieurs articles autour du sujet La dictature num\u00e9rique d\u00e9velopp\u00e9es sur le web. Cette chronique se veut g\u00e9n\u00e9r\u00e9e de la fa\u00e7on la plus juste qui soit. Pour \u00e9mettre des remarques sur ce dossier autour du sujet \u00ab\u00a0La dictature num\u00e9rique\u00a0\u00bb prenez les contacts indiqu\u00e9s sur notre site internet. En consultant r\u00e9guli\u00e8rement nos contenus de blog vous serez au courant des futures parutions.<\/p>\n","protected":false},"excerpt":{"rendered":"<p>Ce film traitant de \u00abcolombes (92700)\u00bb peut \u00eatre visionn\u00e9 sur Youtube en streaming. ECHOBANLIEUES vous emm\u00e8ne \u00e0 la d\u00e9couverte de \u00ab\u00a0colombes (92700)\u00a0\u00bb. Cette vid\u00e9o a \u00e9t\u00e9 publi\u00e9e sur youtube par ECHOBANLIEUES . mettant en avant \u00ab\u00a0colombes (92700)\u00a0\u00bb: L\u2019auteur a fourni une vid\u00e9o de 00:05:00 secondes avec le titre Les Gr\u00e8ves, Colombes., accompagn\u00e9e de la description &#8230; <a title=\"(colombes (92700)): Les Gr\u00e8ves, Colombes.\" class=\"read-more\" href=\"https:\/\/www.infodictat.fr\/blog\/colombes-92700-les-greves-colombes\/\" aria-label=\"En savoir plus sur (colombes (92700)): Les Gr\u00e8ves, Colombes.\">Lire la suite<\/a><\/p>\n","protected":false},"author":2,"featured_media":1283,"comment_status":"closed","ping_status":"closed","sticky":false,"template":"","format":"standard","meta":{"footnotes":""},"categories":[2],"tags":[],"class_list":["post-1282","post","type-post","status-publish","format-standard","has-post-thumbnail","hentry","category-la-dictature-numerique"],"yoast_head":"<!-- This site is optimized with the Yoast SEO plugin v27.5 - https:\/\/yoast.com\/product\/yoast-seo-wordpress\/ -->\n<title>(colombes (92700)): Les Gr\u00e8ves, Colombes. - INFODICTAT<\/title>\n<meta name=\"robots\" content=\"index, follow, max-snippet:-1, max-image-preview:large, max-video-preview:-1\" \/>\n<link rel=\"canonical\" href=\"https:\/\/www.infodictat.fr\/blog\/colombes-92700-les-greves-colombes\/\" \/>\n<meta property=\"og:locale\" content=\"fr_FR\" \/>\n<meta property=\"og:type\" content=\"article\" \/>\n<meta property=\"og:title\" content=\"(colombes (92700)): Les Gr\u00e8ves, Colombes. - INFODICTAT\" \/>\n<meta property=\"og:description\" content=\"Ce film traitant de \u00abcolombes (92700)\u00bb peut \u00eatre visionn\u00e9 sur Youtube en streaming. ECHOBANLIEUES vous emm\u00e8ne \u00e0 la d\u00e9couverte de \u00ab\u00a0colombes (92700)\u00a0\u00bb. Cette vid\u00e9o a \u00e9t\u00e9 publi\u00e9e sur youtube par ECHOBANLIEUES . mettant en avant \u00ab\u00a0colombes (92700)\u00a0\u00bb: L\u2019auteur a fourni une vid\u00e9o de 00:05:00 secondes avec le titre Les Gr\u00e8ves, Colombes., accompagn\u00e9e de la description ... Lire la suite\" \/>\n<meta property=\"og:url\" content=\"https:\/\/www.infodictat.fr\/blog\/colombes-92700-les-greves-colombes\/\" \/>\n<meta property=\"og:site_name\" content=\"INFODICTAT\" \/>\n<meta property=\"article:published_time\" content=\"2025-11-15T02:12:24+00:00\" \/>\n<meta property=\"og:image\" content=\"https:\/\/www.infodictat.fr\/blog\/wp-content\/uploads\/2025\/11\/colombes-92700-Les-Greves-Colombes-1024x576-1.jpg\" \/>\n<meta name=\"author\" content=\"Oscar BETHMONT\" \/>\n<meta name=\"twitter:card\" content=\"summary_large_image\" \/>\n<meta name=\"twitter:label1\" content=\"\u00c9crit par\" \/>\n\t<meta name=\"twitter:data1\" content=\"Oscar BETHMONT\" \/>\n\t<meta name=\"twitter:label2\" content=\"Dur\u00e9e de lecture estim\u00e9e\" \/>\n\t<meta name=\"twitter:data2\" content=\"14 minutes\" \/>\n<script type=\"application\/ld+json\" class=\"yoast-schema-graph\">{\"@context\":\"https:\\\/\\\/schema.org\",\"@graph\":[{\"@type\":\"Article\",\"@id\":\"https:\\\/\\\/www.infodictat.fr\\\/blog\\\/colombes-92700-les-greves-colombes\\\/#article\",\"isPartOf\":{\"@id\":\"https:\\\/\\\/www.infodictat.fr\\\/blog\\\/colombes-92700-les-greves-colombes\\\/\"},\"author\":{\"name\":\"Oscar BETHMONT\",\"@id\":\"https:\\\/\\\/www.infodictat.fr\\\/blog\\\/#\\\/schema\\\/person\\\/6c2c8af0941702348e8eca9144cc1267\"},\"headline\":\"(colombes (92700)): Les Gr\u00e8ves, Colombes.\",\"datePublished\":\"2025-11-15T02:12:24+00:00\",\"mainEntityOfPage\":{\"@id\":\"https:\\\/\\\/www.infodictat.fr\\\/blog\\\/colombes-92700-les-greves-colombes\\\/\"},\"wordCount\":2881,\"publisher\":{\"@id\":\"https:\\\/\\\/www.infodictat.fr\\\/blog\\\/#organization\"},\"image\":{\"@id\":\"https:\\\/\\\/www.infodictat.fr\\\/blog\\\/colombes-92700-les-greves-colombes\\\/#primaryimage\"},\"thumbnailUrl\":\"https:\\\/\\\/www.infodictat.fr\\\/blog\\\/wp-content\\\/uploads\\\/2025\\\/11\\\/colombes-92700-Les-Greves-Colombes-1024x576-1.jpg\",\"articleSection\":[\"La Dictature Num\u00e9rique:\"],\"inLanguage\":\"fr-FR\"},{\"@type\":\"WebPage\",\"@id\":\"https:\\\/\\\/www.infodictat.fr\\\/blog\\\/colombes-92700-les-greves-colombes\\\/\",\"url\":\"https:\\\/\\\/www.infodictat.fr\\\/blog\\\/colombes-92700-les-greves-colombes\\\/\",\"name\":\"(colombes (92700)): Les Gr\u00e8ves, Colombes. - INFODICTAT\",\"isPartOf\":{\"@id\":\"https:\\\/\\\/www.infodictat.fr\\\/blog\\\/#website\"},\"primaryImageOfPage\":{\"@id\":\"https:\\\/\\\/www.infodictat.fr\\\/blog\\\/colombes-92700-les-greves-colombes\\\/#primaryimage\"},\"image\":{\"@id\":\"https:\\\/\\\/www.infodictat.fr\\\/blog\\\/colombes-92700-les-greves-colombes\\\/#primaryimage\"},\"thumbnailUrl\":\"https:\\\/\\\/www.infodictat.fr\\\/blog\\\/wp-content\\\/uploads\\\/2025\\\/11\\\/colombes-92700-Les-Greves-Colombes-1024x576-1.jpg\",\"datePublished\":\"2025-11-15T02:12:24+00:00\",\"breadcrumb\":{\"@id\":\"https:\\\/\\\/www.infodictat.fr\\\/blog\\\/colombes-92700-les-greves-colombes\\\/#breadcrumb\"},\"inLanguage\":\"fr-FR\",\"potentialAction\":[{\"@type\":\"ReadAction\",\"target\":[\"https:\\\/\\\/www.infodictat.fr\\\/blog\\\/colombes-92700-les-greves-colombes\\\/\"]}]},{\"@type\":\"ImageObject\",\"inLanguage\":\"fr-FR\",\"@id\":\"https:\\\/\\\/www.infodictat.fr\\\/blog\\\/colombes-92700-les-greves-colombes\\\/#primaryimage\",\"url\":\"https:\\\/\\\/www.infodictat.fr\\\/blog\\\/wp-content\\\/uploads\\\/2025\\\/11\\\/colombes-92700-Les-Greves-Colombes-1024x576-1.jpg\",\"contentUrl\":\"https:\\\/\\\/www.infodictat.fr\\\/blog\\\/wp-content\\\/uploads\\\/2025\\\/11\\\/colombes-92700-Les-Greves-Colombes-1024x576-1.jpg\",\"width\":1024,\"height\":576},{\"@type\":\"BreadcrumbList\",\"@id\":\"https:\\\/\\\/www.infodictat.fr\\\/blog\\\/colombes-92700-les-greves-colombes\\\/#breadcrumb\",\"itemListElement\":[{\"@type\":\"ListItem\",\"position\":1,\"name\":\"Accueil\",\"item\":\"https:\\\/\\\/www.infodictat.fr\\\/blog\\\/\"},{\"@type\":\"ListItem\",\"position\":2,\"name\":\"(colombes (92700)): Les Gr\u00e8ves, Colombes.\"}]},{\"@type\":\"WebSite\",\"@id\":\"https:\\\/\\\/www.infodictat.fr\\\/blog\\\/#website\",\"url\":\"https:\\\/\\\/www.infodictat.fr\\\/blog\\\/\",\"name\":\"INFODICTAT\",\"description\":\"La dictature num\u00e9rique.\",\"publisher\":{\"@id\":\"https:\\\/\\\/www.infodictat.fr\\\/blog\\\/#organization\"},\"potentialAction\":[{\"@type\":\"SearchAction\",\"target\":{\"@type\":\"EntryPoint\",\"urlTemplate\":\"https:\\\/\\\/www.infodictat.fr\\\/blog\\\/?s={search_term_string}\"},\"query-input\":{\"@type\":\"PropertyValueSpecification\",\"valueRequired\":true,\"valueName\":\"search_term_string\"}}],\"inLanguage\":\"fr-FR\"},{\"@type\":\"Organization\",\"@id\":\"https:\\\/\\\/www.infodictat.fr\\\/blog\\\/#organization\",\"name\":\"infodictat\",\"url\":\"https:\\\/\\\/www.infodictat.fr\\\/blog\\\/\",\"logo\":{\"@type\":\"ImageObject\",\"inLanguage\":\"fr-FR\",\"@id\":\"https:\\\/\\\/www.infodictat.fr\\\/blog\\\/#\\\/schema\\\/logo\\\/image\\\/\",\"url\":\"https:\\\/\\\/www.infodictat.fr\\\/blog\\\/wp-content\\\/uploads\\\/2023\\\/05\\\/logo-2.png\",\"contentUrl\":\"https:\\\/\\\/www.infodictat.fr\\\/blog\\\/wp-content\\\/uploads\\\/2023\\\/05\\\/logo-2.png\",\"width\":480,\"height\":596,\"caption\":\"infodictat\"},\"image\":{\"@id\":\"https:\\\/\\\/www.infodictat.fr\\\/blog\\\/#\\\/schema\\\/logo\\\/image\\\/\"}},{\"@type\":\"Person\",\"@id\":\"https:\\\/\\\/www.infodictat.fr\\\/blog\\\/#\\\/schema\\\/person\\\/6c2c8af0941702348e8eca9144cc1267\",\"name\":\"Oscar BETHMONT\",\"image\":{\"@type\":\"ImageObject\",\"inLanguage\":\"fr-FR\",\"@id\":\"https:\\\/\\\/secure.gravatar.com\\\/avatar\\\/f80ff32d67d40b919e8be190b7325be3c6cb33ce305ac1d45cadad29128e831e?s=96&d=mm&r=g\",\"url\":\"https:\\\/\\\/secure.gravatar.com\\\/avatar\\\/f80ff32d67d40b919e8be190b7325be3c6cb33ce305ac1d45cadad29128e831e?s=96&d=mm&r=g\",\"contentUrl\":\"https:\\\/\\\/secure.gravatar.com\\\/avatar\\\/f80ff32d67d40b919e8be190b7325be3c6cb33ce305ac1d45cadad29128e831e?s=96&d=mm&r=g\",\"caption\":\"Oscar BETHMONT\"},\"url\":\"https:\\\/\\\/www.infodictat.fr\\\/blog\\\/author\\\/tatoscar\\\/\"}]}<\/script>\n<!-- \/ Yoast SEO plugin. -->","yoast_head_json":{"title":"(colombes (92700)): Les Gr\u00e8ves, Colombes. - INFODICTAT","robots":{"index":"index","follow":"follow","max-snippet":"max-snippet:-1","max-image-preview":"max-image-preview:large","max-video-preview":"max-video-preview:-1"},"canonical":"https:\/\/www.infodictat.fr\/blog\/colombes-92700-les-greves-colombes\/","og_locale":"fr_FR","og_type":"article","og_title":"(colombes (92700)): Les Gr\u00e8ves, Colombes. - INFODICTAT","og_description":"Ce film traitant de \u00abcolombes (92700)\u00bb peut \u00eatre visionn\u00e9 sur Youtube en streaming. ECHOBANLIEUES vous emm\u00e8ne \u00e0 la d\u00e9couverte de \u00ab\u00a0colombes (92700)\u00a0\u00bb. Cette vid\u00e9o a \u00e9t\u00e9 publi\u00e9e sur youtube par ECHOBANLIEUES . mettant en avant \u00ab\u00a0colombes (92700)\u00a0\u00bb: L\u2019auteur a fourni une vid\u00e9o de 00:05:00 secondes avec le titre Les Gr\u00e8ves, Colombes., accompagn\u00e9e de la description ... Lire la suite","og_url":"https:\/\/www.infodictat.fr\/blog\/colombes-92700-les-greves-colombes\/","og_site_name":"INFODICTAT","article_published_time":"2025-11-15T02:12:24+00:00","og_image":[{"url":"https:\/\/www.infodictat.fr\/blog\/wp-content\/uploads\/2025\/11\/colombes-92700-Les-Greves-Colombes-1024x576-1.jpg","type":"","width":"","height":""}],"author":"Oscar BETHMONT","twitter_card":"summary_large_image","twitter_misc":{"\u00c9crit par":"Oscar BETHMONT","Dur\u00e9e de lecture estim\u00e9e":"14 minutes"},"schema":{"@context":"https:\/\/schema.org","@graph":[{"@type":"Article","@id":"https:\/\/www.infodictat.fr\/blog\/colombes-92700-les-greves-colombes\/#article","isPartOf":{"@id":"https:\/\/www.infodictat.fr\/blog\/colombes-92700-les-greves-colombes\/"},"author":{"name":"Oscar BETHMONT","@id":"https:\/\/www.infodictat.fr\/blog\/#\/schema\/person\/6c2c8af0941702348e8eca9144cc1267"},"headline":"(colombes (92700)): Les Gr\u00e8ves, Colombes.","datePublished":"2025-11-15T02:12:24+00:00","mainEntityOfPage":{"@id":"https:\/\/www.infodictat.fr\/blog\/colombes-92700-les-greves-colombes\/"},"wordCount":2881,"publisher":{"@id":"https:\/\/www.infodictat.fr\/blog\/#organization"},"image":{"@id":"https:\/\/www.infodictat.fr\/blog\/colombes-92700-les-greves-colombes\/#primaryimage"},"thumbnailUrl":"https:\/\/www.infodictat.fr\/blog\/wp-content\/uploads\/2025\/11\/colombes-92700-Les-Greves-Colombes-1024x576-1.jpg","articleSection":["La Dictature Num\u00e9rique:"],"inLanguage":"fr-FR"},{"@type":"WebPage","@id":"https:\/\/www.infodictat.fr\/blog\/colombes-92700-les-greves-colombes\/","url":"https:\/\/www.infodictat.fr\/blog\/colombes-92700-les-greves-colombes\/","name":"(colombes (92700)): Les Gr\u00e8ves, Colombes. - INFODICTAT","isPartOf":{"@id":"https:\/\/www.infodictat.fr\/blog\/#website"},"primaryImageOfPage":{"@id":"https:\/\/www.infodictat.fr\/blog\/colombes-92700-les-greves-colombes\/#primaryimage"},"image":{"@id":"https:\/\/www.infodictat.fr\/blog\/colombes-92700-les-greves-colombes\/#primaryimage"},"thumbnailUrl":"https:\/\/www.infodictat.fr\/blog\/wp-content\/uploads\/2025\/11\/colombes-92700-Les-Greves-Colombes-1024x576-1.jpg","datePublished":"2025-11-15T02:12:24+00:00","breadcrumb":{"@id":"https:\/\/www.infodictat.fr\/blog\/colombes-92700-les-greves-colombes\/#breadcrumb"},"inLanguage":"fr-FR","potentialAction":[{"@type":"ReadAction","target":["https:\/\/www.infodictat.fr\/blog\/colombes-92700-les-greves-colombes\/"]}]},{"@type":"ImageObject","inLanguage":"fr-FR","@id":"https:\/\/www.infodictat.fr\/blog\/colombes-92700-les-greves-colombes\/#primaryimage","url":"https:\/\/www.infodictat.fr\/blog\/wp-content\/uploads\/2025\/11\/colombes-92700-Les-Greves-Colombes-1024x576-1.jpg","contentUrl":"https:\/\/www.infodictat.fr\/blog\/wp-content\/uploads\/2025\/11\/colombes-92700-Les-Greves-Colombes-1024x576-1.jpg","width":1024,"height":576},{"@type":"BreadcrumbList","@id":"https:\/\/www.infodictat.fr\/blog\/colombes-92700-les-greves-colombes\/#breadcrumb","itemListElement":[{"@type":"ListItem","position":1,"name":"Accueil","item":"https:\/\/www.infodictat.fr\/blog\/"},{"@type":"ListItem","position":2,"name":"(colombes (92700)): Les Gr\u00e8ves, Colombes."}]},{"@type":"WebSite","@id":"https:\/\/www.infodictat.fr\/blog\/#website","url":"https:\/\/www.infodictat.fr\/blog\/","name":"INFODICTAT","description":"La dictature num\u00e9rique.","publisher":{"@id":"https:\/\/www.infodictat.fr\/blog\/#organization"},"potentialAction":[{"@type":"SearchAction","target":{"@type":"EntryPoint","urlTemplate":"https:\/\/www.infodictat.fr\/blog\/?s={search_term_string}"},"query-input":{"@type":"PropertyValueSpecification","valueRequired":true,"valueName":"search_term_string"}}],"inLanguage":"fr-FR"},{"@type":"Organization","@id":"https:\/\/www.infodictat.fr\/blog\/#organization","name":"infodictat","url":"https:\/\/www.infodictat.fr\/blog\/","logo":{"@type":"ImageObject","inLanguage":"fr-FR","@id":"https:\/\/www.infodictat.fr\/blog\/#\/schema\/logo\/image\/","url":"https:\/\/www.infodictat.fr\/blog\/wp-content\/uploads\/2023\/05\/logo-2.png","contentUrl":"https:\/\/www.infodictat.fr\/blog\/wp-content\/uploads\/2023\/05\/logo-2.png","width":480,"height":596,"caption":"infodictat"},"image":{"@id":"https:\/\/www.infodictat.fr\/blog\/#\/schema\/logo\/image\/"}},{"@type":"Person","@id":"https:\/\/www.infodictat.fr\/blog\/#\/schema\/person\/6c2c8af0941702348e8eca9144cc1267","name":"Oscar BETHMONT","image":{"@type":"ImageObject","inLanguage":"fr-FR","@id":"https:\/\/secure.gravatar.com\/avatar\/f80ff32d67d40b919e8be190b7325be3c6cb33ce305ac1d45cadad29128e831e?s=96&d=mm&r=g","url":"https:\/\/secure.gravatar.com\/avatar\/f80ff32d67d40b919e8be190b7325be3c6cb33ce305ac1d45cadad29128e831e?s=96&d=mm&r=g","contentUrl":"https:\/\/secure.gravatar.com\/avatar\/f80ff32d67d40b919e8be190b7325be3c6cb33ce305ac1d45cadad29128e831e?s=96&d=mm&r=g","caption":"Oscar BETHMONT"},"url":"https:\/\/www.infodictat.fr\/blog\/author\/tatoscar\/"}]}},"_links":{"self":[{"href":"https:\/\/www.infodictat.fr\/blog\/wp-json\/wp\/v2\/posts\/1282","targetHints":{"allow":["GET"]}}],"collection":[{"href":"https:\/\/www.infodictat.fr\/blog\/wp-json\/wp\/v2\/posts"}],"about":[{"href":"https:\/\/www.infodictat.fr\/blog\/wp-json\/wp\/v2\/types\/post"}],"author":[{"embeddable":true,"href":"https:\/\/www.infodictat.fr\/blog\/wp-json\/wp\/v2\/users\/2"}],"replies":[{"embeddable":true,"href":"https:\/\/www.infodictat.fr\/blog\/wp-json\/wp\/v2\/comments?post=1282"}],"version-history":[{"count":0,"href":"https:\/\/www.infodictat.fr\/blog\/wp-json\/wp\/v2\/posts\/1282\/revisions"}],"wp:featuredmedia":[{"embeddable":true,"href":"https:\/\/www.infodictat.fr\/blog\/wp-json\/wp\/v2\/media\/1283"}],"wp:attachment":[{"href":"https:\/\/www.infodictat.fr\/blog\/wp-json\/wp\/v2\/media?parent=1282"}],"wp:term":[{"taxonomy":"category","embeddable":true,"href":"https:\/\/www.infodictat.fr\/blog\/wp-json\/wp\/v2\/categories?post=1282"},{"taxonomy":"post_tag","embeddable":true,"href":"https:\/\/www.infodictat.fr\/blog\/wp-json\/wp\/v2\/tags?post=1282"}],"curies":[{"name":"wp","href":"https:\/\/api.w.org\/{rel}","templated":true}]}}