{"id":1278,"date":"2025-11-12T13:14:43","date_gmt":"2025-11-12T12:14:43","guid":{"rendered":"https:\/\/www.infodictat.fr\/blog\/france-gratuit-hommage-au-service-les-ecoles-primaires-de-paris-isd-organisent-une-journee-des-anciens-combattants-pour-honorer-ceux-qui-ont-servi\/"},"modified":"2025-11-12T13:14:43","modified_gmt":"2025-11-12T12:14:43","slug":"france-gratuit-hommage-au-service-les-ecoles-primaires-de-paris-isd-organisent-une-journee-des-anciens-combattants-pour-honorer-ceux-qui-ont-servi","status":"publish","type":"post","link":"https:\/\/www.infodictat.fr\/blog\/france-gratuit-hommage-au-service-les-ecoles-primaires-de-paris-isd-organisent-une-journee-des-anciens-combattants-pour-honorer-ceux-qui-ont-servi\/","title":{"rendered":"France: Gratuit : Hommage au service : les \u00e9coles primaires de Paris ISD organisent une journ\u00e9e des anciens combattants pour honorer ceux qui ont servi"},"content":{"rendered":"<div><img width=\"300\" height=\"200\" src=\"https:\/\/www.infodictat.fr\/blog\/wp-content\/uploads\/2025\/11\/France-Gratuit-Hommage-au-service-les-ecoles-primaires.jpg\" class=\"attachment-large size-large wp-post-image\" alt=\"\" style=\"width:100%;height:66.67%;max-width:300px;float:left; margin:0 15px 15px 0;\" decoding=\"async\"><\/p>\n<p><img decoding=\"async\" src=\"https:\/\/www.infodictat.fr\/blog\/wp-content\/uploads\/2025\/11\/France-Gratuit-Hommage-au-service-les-ecoles-primaires.jpg\"><br \/>Les \u00e9l\u00e8ves de pr\u00e9-maternelle du Centre de la petite enfance TG Givens ont r\u00e9cemment c\u00e9l\u00e9br\u00e9 la Journ\u00e9e des anciens combattants avec un programme honorant ceux qui ont servi dans les forces arm\u00e9es.<\/p>\n<p>Ce th\u00e8me vous a int\u00e9ress\u00e9 vous appr\u00e9cierez aussi ces livres:<\/p>\n<p>Faire r\u00e9ussir la France.,<a href=\"https:\/\/www.kobo.com\/fr\/fr\/ebook\/faire-reussir-la-france\" target=\"_blank\" rel=\"noopener noreferrer nofollow\">Lien sur la fiche de pr\u00e9sentation de ce livre<\/a><span><\/span>.<\/p>\n<p>La France s\u2019est faite \u00e0 coups d\u2019\u00e9p\u00e9e.,<a href=\"https:\/\/www.kobo.com\/fr\/fr\/ebook\/la-france-s-est-faite-a-coups-d-epee\" target=\"_blank\" rel=\"noopener noreferrer nofollow\">Suivre ce lien <\/a><span><\/span>. Ouvrage de r\u00e9f\u00e9rence.<\/p>\n<p>Une certaine id\u00e9e de la France.,<a href=\"https:\/\/www.kobo.com\/fr\/fr\/ebook\/une-certaine-idee-de-la-france\" target=\"_blank\" rel=\"noopener noreferrer nofollow\">Fiche du livre<\/a><span><\/span>.<\/p>\n<\/div>\n<p><img decoding=\"async\" class=\"wpe_imgrss\" src=\"https:\/\/www.infodictat.fr\/blog\/wp-content\/uploads\/2025\/11\/France-Gratuit-Hommage-au-service-les-ecoles-primaires.jpg\">Vous pouvez lire ce post traitant le sujet \u00ab\u00a0La dictature num\u00e9rique\u00a0\u00bb. Il est produit par la r\u00e9daction de infodictat.fr. Le site infodictat.fr a pour objectif de publier plusieurs articles autour du sujet La dictature num\u00e9rique d\u00e9velopp\u00e9es sur le web. Cette chronique se veut g\u00e9n\u00e9r\u00e9e de la fa\u00e7on la plus juste qui soit. Pour \u00e9mettre des remarques sur ce dossier autour du sujet \u00ab\u00a0La dictature num\u00e9rique\u00a0\u00bb prenez les contacts indiqu\u00e9s sur notre site internet. En consultant r\u00e9guli\u00e8rement nos contenus de blog vous serez au courant des futures parutions.<\/p>\n","protected":false},"excerpt":{"rendered":"<p>Les \u00e9l\u00e8ves de pr\u00e9-maternelle du Centre de la petite enfance TG Givens ont r\u00e9cemment c\u00e9l\u00e9br\u00e9 la Journ\u00e9e des anciens combattants avec un programme honorant ceux qui ont servi dans les forces arm\u00e9es. Ce th\u00e8me vous a int\u00e9ress\u00e9 vous appr\u00e9cierez aussi ces livres: Faire r\u00e9ussir la France.,Lien sur la fiche de pr\u00e9sentation de ce livre. La &#8230; <a title=\"France: Gratuit : Hommage au service : les \u00e9coles primaires de Paris ISD organisent une journ\u00e9e des anciens combattants pour honorer ceux qui ont servi\" class=\"read-more\" href=\"https:\/\/www.infodictat.fr\/blog\/france-gratuit-hommage-au-service-les-ecoles-primaires-de-paris-isd-organisent-une-journee-des-anciens-combattants-pour-honorer-ceux-qui-ont-servi\/\" aria-label=\"En savoir plus sur France: Gratuit : Hommage au service : les \u00e9coles primaires de Paris ISD organisent une journ\u00e9e des anciens combattants pour honorer ceux qui ont servi\">Lire la suite<\/a><\/p>\n","protected":false},"author":2,"featured_media":1279,"comment_status":"closed","ping_status":"closed","sticky":false,"template":"","format":"standard","meta":{"footnotes":""},"categories":[2],"tags":[],"class_list":["post-1278","post","type-post","status-publish","format-standard","has-post-thumbnail","hentry","category-la-dictature-numerique"],"yoast_head":"<!-- This site is optimized with the Yoast SEO plugin v27.5 - https:\/\/yoast.com\/product\/yoast-seo-wordpress\/ -->\n<title>France: Gratuit : Hommage au service : les \u00e9coles primaires de Paris ISD organisent une journ\u00e9e des anciens combattants pour honorer ceux qui ont servi - INFODICTAT<\/title>\n<meta name=\"robots\" content=\"index, follow, max-snippet:-1, max-image-preview:large, max-video-preview:-1\" \/>\n<link rel=\"canonical\" href=\"https:\/\/www.infodictat.fr\/blog\/france-gratuit-hommage-au-service-les-ecoles-primaires-de-paris-isd-organisent-une-journee-des-anciens-combattants-pour-honorer-ceux-qui-ont-servi\/\" \/>\n<meta property=\"og:locale\" content=\"fr_FR\" \/>\n<meta property=\"og:type\" content=\"article\" \/>\n<meta property=\"og:title\" content=\"France: Gratuit : Hommage au service : les \u00e9coles primaires de Paris ISD organisent une journ\u00e9e des anciens combattants pour honorer ceux qui ont servi - INFODICTAT\" \/>\n<meta property=\"og:description\" content=\"Les \u00e9l\u00e8ves de pr\u00e9-maternelle du Centre de la petite enfance TG Givens ont r\u00e9cemment c\u00e9l\u00e9br\u00e9 la Journ\u00e9e des anciens combattants avec un programme honorant ceux qui ont servi dans les forces arm\u00e9es. Ce th\u00e8me vous a int\u00e9ress\u00e9 vous appr\u00e9cierez aussi ces livres: Faire r\u00e9ussir la France.,Lien sur la fiche de pr\u00e9sentation de ce livre. La ... Lire la suite\" \/>\n<meta property=\"og:url\" content=\"https:\/\/www.infodictat.fr\/blog\/france-gratuit-hommage-au-service-les-ecoles-primaires-de-paris-isd-organisent-une-journee-des-anciens-combattants-pour-honorer-ceux-qui-ont-servi\/\" \/>\n<meta property=\"og:site_name\" content=\"INFODICTAT\" \/>\n<meta property=\"article:published_time\" content=\"2025-11-12T12:14:43+00:00\" \/>\n<meta property=\"og:image\" content=\"https:\/\/www.infodictat.fr\/blog\/wp-content\/uploads\/2025\/11\/France-Gratuit-Hommage-au-service-les-ecoles-primaires.jpg\" \/>\n<meta name=\"author\" content=\"Oscar BETHMONT\" \/>\n<meta name=\"twitter:card\" content=\"summary_large_image\" \/>\n<meta name=\"twitter:label1\" content=\"\u00c9crit par\" \/>\n\t<meta name=\"twitter:data1\" content=\"Oscar BETHMONT\" \/>\n\t<meta name=\"twitter:label2\" content=\"Dur\u00e9e de lecture estim\u00e9e\" \/>\n\t<meta name=\"twitter:data2\" content=\"1 minute\" \/>\n<script type=\"application\/ld+json\" class=\"yoast-schema-graph\">{\"@context\":\"https:\\\/\\\/schema.org\",\"@graph\":[{\"@type\":\"Article\",\"@id\":\"https:\\\/\\\/www.infodictat.fr\\\/blog\\\/france-gratuit-hommage-au-service-les-ecoles-primaires-de-paris-isd-organisent-une-journee-des-anciens-combattants-pour-honorer-ceux-qui-ont-servi\\\/#article\",\"isPartOf\":{\"@id\":\"https:\\\/\\\/www.infodictat.fr\\\/blog\\\/france-gratuit-hommage-au-service-les-ecoles-primaires-de-paris-isd-organisent-une-journee-des-anciens-combattants-pour-honorer-ceux-qui-ont-servi\\\/\"},\"author\":{\"name\":\"Oscar BETHMONT\",\"@id\":\"https:\\\/\\\/www.infodictat.fr\\\/blog\\\/#\\\/schema\\\/person\\\/6c2c8af0941702348e8eca9144cc1267\"},\"headline\":\"France: Gratuit : Hommage au service : les \u00e9coles primaires de Paris ISD organisent une journ\u00e9e des anciens combattants pour honorer ceux qui ont servi\",\"datePublished\":\"2025-11-12T12:14:43+00:00\",\"mainEntityOfPage\":{\"@id\":\"https:\\\/\\\/www.infodictat.fr\\\/blog\\\/france-gratuit-hommage-au-service-les-ecoles-primaires-de-paris-isd-organisent-une-journee-des-anciens-combattants-pour-honorer-ceux-qui-ont-servi\\\/\"},\"wordCount\":220,\"publisher\":{\"@id\":\"https:\\\/\\\/www.infodictat.fr\\\/blog\\\/#organization\"},\"image\":{\"@id\":\"https:\\\/\\\/www.infodictat.fr\\\/blog\\\/france-gratuit-hommage-au-service-les-ecoles-primaires-de-paris-isd-organisent-une-journee-des-anciens-combattants-pour-honorer-ceux-qui-ont-servi\\\/#primaryimage\"},\"thumbnailUrl\":\"https:\\\/\\\/www.infodictat.fr\\\/blog\\\/wp-content\\\/uploads\\\/2025\\\/11\\\/France-Gratuit-Hommage-au-service-les-ecoles-primaires.jpg\",\"articleSection\":[\"La Dictature Num\u00e9rique:\"],\"inLanguage\":\"fr-FR\"},{\"@type\":\"WebPage\",\"@id\":\"https:\\\/\\\/www.infodictat.fr\\\/blog\\\/france-gratuit-hommage-au-service-les-ecoles-primaires-de-paris-isd-organisent-une-journee-des-anciens-combattants-pour-honorer-ceux-qui-ont-servi\\\/\",\"url\":\"https:\\\/\\\/www.infodictat.fr\\\/blog\\\/france-gratuit-hommage-au-service-les-ecoles-primaires-de-paris-isd-organisent-une-journee-des-anciens-combattants-pour-honorer-ceux-qui-ont-servi\\\/\",\"name\":\"France: Gratuit : Hommage au service : les \u00e9coles primaires de Paris ISD organisent une journ\u00e9e des anciens combattants pour honorer ceux qui ont servi - INFODICTAT\",\"isPartOf\":{\"@id\":\"https:\\\/\\\/www.infodictat.fr\\\/blog\\\/#website\"},\"primaryImageOfPage\":{\"@id\":\"https:\\\/\\\/www.infodictat.fr\\\/blog\\\/france-gratuit-hommage-au-service-les-ecoles-primaires-de-paris-isd-organisent-une-journee-des-anciens-combattants-pour-honorer-ceux-qui-ont-servi\\\/#primaryimage\"},\"image\":{\"@id\":\"https:\\\/\\\/www.infodictat.fr\\\/blog\\\/france-gratuit-hommage-au-service-les-ecoles-primaires-de-paris-isd-organisent-une-journee-des-anciens-combattants-pour-honorer-ceux-qui-ont-servi\\\/#primaryimage\"},\"thumbnailUrl\":\"https:\\\/\\\/www.infodictat.fr\\\/blog\\\/wp-content\\\/uploads\\\/2025\\\/11\\\/France-Gratuit-Hommage-au-service-les-ecoles-primaires.jpg\",\"datePublished\":\"2025-11-12T12:14:43+00:00\",\"breadcrumb\":{\"@id\":\"https:\\\/\\\/www.infodictat.fr\\\/blog\\\/france-gratuit-hommage-au-service-les-ecoles-primaires-de-paris-isd-organisent-une-journee-des-anciens-combattants-pour-honorer-ceux-qui-ont-servi\\\/#breadcrumb\"},\"inLanguage\":\"fr-FR\",\"potentialAction\":[{\"@type\":\"ReadAction\",\"target\":[\"https:\\\/\\\/www.infodictat.fr\\\/blog\\\/france-gratuit-hommage-au-service-les-ecoles-primaires-de-paris-isd-organisent-une-journee-des-anciens-combattants-pour-honorer-ceux-qui-ont-servi\\\/\"]}]},{\"@type\":\"ImageObject\",\"inLanguage\":\"fr-FR\",\"@id\":\"https:\\\/\\\/www.infodictat.fr\\\/blog\\\/france-gratuit-hommage-au-service-les-ecoles-primaires-de-paris-isd-organisent-une-journee-des-anciens-combattants-pour-honorer-ceux-qui-ont-servi\\\/#primaryimage\",\"url\":\"https:\\\/\\\/www.infodictat.fr\\\/blog\\\/wp-content\\\/uploads\\\/2025\\\/11\\\/France-Gratuit-Hommage-au-service-les-ecoles-primaires.jpg\",\"contentUrl\":\"https:\\\/\\\/www.infodictat.fr\\\/blog\\\/wp-content\\\/uploads\\\/2025\\\/11\\\/France-Gratuit-Hommage-au-service-les-ecoles-primaires.jpg\",\"width\":300,\"height\":200},{\"@type\":\"BreadcrumbList\",\"@id\":\"https:\\\/\\\/www.infodictat.fr\\\/blog\\\/france-gratuit-hommage-au-service-les-ecoles-primaires-de-paris-isd-organisent-une-journee-des-anciens-combattants-pour-honorer-ceux-qui-ont-servi\\\/#breadcrumb\",\"itemListElement\":[{\"@type\":\"ListItem\",\"position\":1,\"name\":\"Accueil\",\"item\":\"https:\\\/\\\/www.infodictat.fr\\\/blog\\\/\"},{\"@type\":\"ListItem\",\"position\":2,\"name\":\"France: Gratuit : Hommage au service : les \u00e9coles primaires de Paris ISD organisent une journ\u00e9e des anciens combattants pour honorer ceux qui ont servi\"}]},{\"@type\":\"WebSite\",\"@id\":\"https:\\\/\\\/www.infodictat.fr\\\/blog\\\/#website\",\"url\":\"https:\\\/\\\/www.infodictat.fr\\\/blog\\\/\",\"name\":\"INFODICTAT\",\"description\":\"La dictature num\u00e9rique.\",\"publisher\":{\"@id\":\"https:\\\/\\\/www.infodictat.fr\\\/blog\\\/#organization\"},\"potentialAction\":[{\"@type\":\"SearchAction\",\"target\":{\"@type\":\"EntryPoint\",\"urlTemplate\":\"https:\\\/\\\/www.infodictat.fr\\\/blog\\\/?s={search_term_string}\"},\"query-input\":{\"@type\":\"PropertyValueSpecification\",\"valueRequired\":true,\"valueName\":\"search_term_string\"}}],\"inLanguage\":\"fr-FR\"},{\"@type\":\"Organization\",\"@id\":\"https:\\\/\\\/www.infodictat.fr\\\/blog\\\/#organization\",\"name\":\"infodictat\",\"url\":\"https:\\\/\\\/www.infodictat.fr\\\/blog\\\/\",\"logo\":{\"@type\":\"ImageObject\",\"inLanguage\":\"fr-FR\",\"@id\":\"https:\\\/\\\/www.infodictat.fr\\\/blog\\\/#\\\/schema\\\/logo\\\/image\\\/\",\"url\":\"https:\\\/\\\/www.infodictat.fr\\\/blog\\\/wp-content\\\/uploads\\\/2023\\\/05\\\/logo-2.png\",\"contentUrl\":\"https:\\\/\\\/www.infodictat.fr\\\/blog\\\/wp-content\\\/uploads\\\/2023\\\/05\\\/logo-2.png\",\"width\":480,\"height\":596,\"caption\":\"infodictat\"},\"image\":{\"@id\":\"https:\\\/\\\/www.infodictat.fr\\\/blog\\\/#\\\/schema\\\/logo\\\/image\\\/\"}},{\"@type\":\"Person\",\"@id\":\"https:\\\/\\\/www.infodictat.fr\\\/blog\\\/#\\\/schema\\\/person\\\/6c2c8af0941702348e8eca9144cc1267\",\"name\":\"Oscar BETHMONT\",\"image\":{\"@type\":\"ImageObject\",\"inLanguage\":\"fr-FR\",\"@id\":\"https:\\\/\\\/secure.gravatar.com\\\/avatar\\\/f80ff32d67d40b919e8be190b7325be3c6cb33ce305ac1d45cadad29128e831e?s=96&d=mm&r=g\",\"url\":\"https:\\\/\\\/secure.gravatar.com\\\/avatar\\\/f80ff32d67d40b919e8be190b7325be3c6cb33ce305ac1d45cadad29128e831e?s=96&d=mm&r=g\",\"contentUrl\":\"https:\\\/\\\/secure.gravatar.com\\\/avatar\\\/f80ff32d67d40b919e8be190b7325be3c6cb33ce305ac1d45cadad29128e831e?s=96&d=mm&r=g\",\"caption\":\"Oscar BETHMONT\"},\"url\":\"https:\\\/\\\/www.infodictat.fr\\\/blog\\\/author\\\/tatoscar\\\/\"}]}<\/script>\n<!-- \/ Yoast SEO plugin. -->","yoast_head_json":{"title":"France: Gratuit : Hommage au service : les \u00e9coles primaires de Paris ISD organisent une journ\u00e9e des anciens combattants pour honorer ceux qui ont servi - INFODICTAT","robots":{"index":"index","follow":"follow","max-snippet":"max-snippet:-1","max-image-preview":"max-image-preview:large","max-video-preview":"max-video-preview:-1"},"canonical":"https:\/\/www.infodictat.fr\/blog\/france-gratuit-hommage-au-service-les-ecoles-primaires-de-paris-isd-organisent-une-journee-des-anciens-combattants-pour-honorer-ceux-qui-ont-servi\/","og_locale":"fr_FR","og_type":"article","og_title":"France: Gratuit : Hommage au service : les \u00e9coles primaires de Paris ISD organisent une journ\u00e9e des anciens combattants pour honorer ceux qui ont servi - INFODICTAT","og_description":"Les \u00e9l\u00e8ves de pr\u00e9-maternelle du Centre de la petite enfance TG Givens ont r\u00e9cemment c\u00e9l\u00e9br\u00e9 la Journ\u00e9e des anciens combattants avec un programme honorant ceux qui ont servi dans les forces arm\u00e9es. Ce th\u00e8me vous a int\u00e9ress\u00e9 vous appr\u00e9cierez aussi ces livres: Faire r\u00e9ussir la France.,Lien sur la fiche de pr\u00e9sentation de ce livre. La ... Lire la suite","og_url":"https:\/\/www.infodictat.fr\/blog\/france-gratuit-hommage-au-service-les-ecoles-primaires-de-paris-isd-organisent-une-journee-des-anciens-combattants-pour-honorer-ceux-qui-ont-servi\/","og_site_name":"INFODICTAT","article_published_time":"2025-11-12T12:14:43+00:00","og_image":[{"url":"https:\/\/www.infodictat.fr\/blog\/wp-content\/uploads\/2025\/11\/France-Gratuit-Hommage-au-service-les-ecoles-primaires.jpg","type":"","width":"","height":""}],"author":"Oscar BETHMONT","twitter_card":"summary_large_image","twitter_misc":{"\u00c9crit par":"Oscar BETHMONT","Dur\u00e9e de lecture estim\u00e9e":"1 minute"},"schema":{"@context":"https:\/\/schema.org","@graph":[{"@type":"Article","@id":"https:\/\/www.infodictat.fr\/blog\/france-gratuit-hommage-au-service-les-ecoles-primaires-de-paris-isd-organisent-une-journee-des-anciens-combattants-pour-honorer-ceux-qui-ont-servi\/#article","isPartOf":{"@id":"https:\/\/www.infodictat.fr\/blog\/france-gratuit-hommage-au-service-les-ecoles-primaires-de-paris-isd-organisent-une-journee-des-anciens-combattants-pour-honorer-ceux-qui-ont-servi\/"},"author":{"name":"Oscar BETHMONT","@id":"https:\/\/www.infodictat.fr\/blog\/#\/schema\/person\/6c2c8af0941702348e8eca9144cc1267"},"headline":"France: Gratuit : Hommage au service : les \u00e9coles primaires de Paris ISD organisent une journ\u00e9e des anciens combattants pour honorer ceux qui ont servi","datePublished":"2025-11-12T12:14:43+00:00","mainEntityOfPage":{"@id":"https:\/\/www.infodictat.fr\/blog\/france-gratuit-hommage-au-service-les-ecoles-primaires-de-paris-isd-organisent-une-journee-des-anciens-combattants-pour-honorer-ceux-qui-ont-servi\/"},"wordCount":220,"publisher":{"@id":"https:\/\/www.infodictat.fr\/blog\/#organization"},"image":{"@id":"https:\/\/www.infodictat.fr\/blog\/france-gratuit-hommage-au-service-les-ecoles-primaires-de-paris-isd-organisent-une-journee-des-anciens-combattants-pour-honorer-ceux-qui-ont-servi\/#primaryimage"},"thumbnailUrl":"https:\/\/www.infodictat.fr\/blog\/wp-content\/uploads\/2025\/11\/France-Gratuit-Hommage-au-service-les-ecoles-primaires.jpg","articleSection":["La Dictature Num\u00e9rique:"],"inLanguage":"fr-FR"},{"@type":"WebPage","@id":"https:\/\/www.infodictat.fr\/blog\/france-gratuit-hommage-au-service-les-ecoles-primaires-de-paris-isd-organisent-une-journee-des-anciens-combattants-pour-honorer-ceux-qui-ont-servi\/","url":"https:\/\/www.infodictat.fr\/blog\/france-gratuit-hommage-au-service-les-ecoles-primaires-de-paris-isd-organisent-une-journee-des-anciens-combattants-pour-honorer-ceux-qui-ont-servi\/","name":"France: Gratuit : Hommage au service : les \u00e9coles primaires de Paris ISD organisent une journ\u00e9e des anciens combattants pour honorer ceux qui ont servi - INFODICTAT","isPartOf":{"@id":"https:\/\/www.infodictat.fr\/blog\/#website"},"primaryImageOfPage":{"@id":"https:\/\/www.infodictat.fr\/blog\/france-gratuit-hommage-au-service-les-ecoles-primaires-de-paris-isd-organisent-une-journee-des-anciens-combattants-pour-honorer-ceux-qui-ont-servi\/#primaryimage"},"image":{"@id":"https:\/\/www.infodictat.fr\/blog\/france-gratuit-hommage-au-service-les-ecoles-primaires-de-paris-isd-organisent-une-journee-des-anciens-combattants-pour-honorer-ceux-qui-ont-servi\/#primaryimage"},"thumbnailUrl":"https:\/\/www.infodictat.fr\/blog\/wp-content\/uploads\/2025\/11\/France-Gratuit-Hommage-au-service-les-ecoles-primaires.jpg","datePublished":"2025-11-12T12:14:43+00:00","breadcrumb":{"@id":"https:\/\/www.infodictat.fr\/blog\/france-gratuit-hommage-au-service-les-ecoles-primaires-de-paris-isd-organisent-une-journee-des-anciens-combattants-pour-honorer-ceux-qui-ont-servi\/#breadcrumb"},"inLanguage":"fr-FR","potentialAction":[{"@type":"ReadAction","target":["https:\/\/www.infodictat.fr\/blog\/france-gratuit-hommage-au-service-les-ecoles-primaires-de-paris-isd-organisent-une-journee-des-anciens-combattants-pour-honorer-ceux-qui-ont-servi\/"]}]},{"@type":"ImageObject","inLanguage":"fr-FR","@id":"https:\/\/www.infodictat.fr\/blog\/france-gratuit-hommage-au-service-les-ecoles-primaires-de-paris-isd-organisent-une-journee-des-anciens-combattants-pour-honorer-ceux-qui-ont-servi\/#primaryimage","url":"https:\/\/www.infodictat.fr\/blog\/wp-content\/uploads\/2025\/11\/France-Gratuit-Hommage-au-service-les-ecoles-primaires.jpg","contentUrl":"https:\/\/www.infodictat.fr\/blog\/wp-content\/uploads\/2025\/11\/France-Gratuit-Hommage-au-service-les-ecoles-primaires.jpg","width":300,"height":200},{"@type":"BreadcrumbList","@id":"https:\/\/www.infodictat.fr\/blog\/france-gratuit-hommage-au-service-les-ecoles-primaires-de-paris-isd-organisent-une-journee-des-anciens-combattants-pour-honorer-ceux-qui-ont-servi\/#breadcrumb","itemListElement":[{"@type":"ListItem","position":1,"name":"Accueil","item":"https:\/\/www.infodictat.fr\/blog\/"},{"@type":"ListItem","position":2,"name":"France: Gratuit : Hommage au service : les \u00e9coles primaires de Paris ISD organisent une journ\u00e9e des anciens combattants pour honorer ceux qui ont servi"}]},{"@type":"WebSite","@id":"https:\/\/www.infodictat.fr\/blog\/#website","url":"https:\/\/www.infodictat.fr\/blog\/","name":"INFODICTAT","description":"La dictature num\u00e9rique.","publisher":{"@id":"https:\/\/www.infodictat.fr\/blog\/#organization"},"potentialAction":[{"@type":"SearchAction","target":{"@type":"EntryPoint","urlTemplate":"https:\/\/www.infodictat.fr\/blog\/?s={search_term_string}"},"query-input":{"@type":"PropertyValueSpecification","valueRequired":true,"valueName":"search_term_string"}}],"inLanguage":"fr-FR"},{"@type":"Organization","@id":"https:\/\/www.infodictat.fr\/blog\/#organization","name":"infodictat","url":"https:\/\/www.infodictat.fr\/blog\/","logo":{"@type":"ImageObject","inLanguage":"fr-FR","@id":"https:\/\/www.infodictat.fr\/blog\/#\/schema\/logo\/image\/","url":"https:\/\/www.infodictat.fr\/blog\/wp-content\/uploads\/2023\/05\/logo-2.png","contentUrl":"https:\/\/www.infodictat.fr\/blog\/wp-content\/uploads\/2023\/05\/logo-2.png","width":480,"height":596,"caption":"infodictat"},"image":{"@id":"https:\/\/www.infodictat.fr\/blog\/#\/schema\/logo\/image\/"}},{"@type":"Person","@id":"https:\/\/www.infodictat.fr\/blog\/#\/schema\/person\/6c2c8af0941702348e8eca9144cc1267","name":"Oscar BETHMONT","image":{"@type":"ImageObject","inLanguage":"fr-FR","@id":"https:\/\/secure.gravatar.com\/avatar\/f80ff32d67d40b919e8be190b7325be3c6cb33ce305ac1d45cadad29128e831e?s=96&d=mm&r=g","url":"https:\/\/secure.gravatar.com\/avatar\/f80ff32d67d40b919e8be190b7325be3c6cb33ce305ac1d45cadad29128e831e?s=96&d=mm&r=g","contentUrl":"https:\/\/secure.gravatar.com\/avatar\/f80ff32d67d40b919e8be190b7325be3c6cb33ce305ac1d45cadad29128e831e?s=96&d=mm&r=g","caption":"Oscar BETHMONT"},"url":"https:\/\/www.infodictat.fr\/blog\/author\/tatoscar\/"}]}},"_links":{"self":[{"href":"https:\/\/www.infodictat.fr\/blog\/wp-json\/wp\/v2\/posts\/1278","targetHints":{"allow":["GET"]}}],"collection":[{"href":"https:\/\/www.infodictat.fr\/blog\/wp-json\/wp\/v2\/posts"}],"about":[{"href":"https:\/\/www.infodictat.fr\/blog\/wp-json\/wp\/v2\/types\/post"}],"author":[{"embeddable":true,"href":"https:\/\/www.infodictat.fr\/blog\/wp-json\/wp\/v2\/users\/2"}],"replies":[{"embeddable":true,"href":"https:\/\/www.infodictat.fr\/blog\/wp-json\/wp\/v2\/comments?post=1278"}],"version-history":[{"count":0,"href":"https:\/\/www.infodictat.fr\/blog\/wp-json\/wp\/v2\/posts\/1278\/revisions"}],"wp:featuredmedia":[{"embeddable":true,"href":"https:\/\/www.infodictat.fr\/blog\/wp-json\/wp\/v2\/media\/1279"}],"wp:attachment":[{"href":"https:\/\/www.infodictat.fr\/blog\/wp-json\/wp\/v2\/media?parent=1278"}],"wp:term":[{"taxonomy":"category","embeddable":true,"href":"https:\/\/www.infodictat.fr\/blog\/wp-json\/wp\/v2\/categories?post=1278"},{"taxonomy":"post_tag","embeddable":true,"href":"https:\/\/www.infodictat.fr\/blog\/wp-json\/wp\/v2\/tags?post=1278"}],"curies":[{"name":"wp","href":"https:\/\/api.w.org\/{rel}","templated":true}]}}