{"id":1226,"date":"2025-10-23T03:02:49","date_gmt":"2025-10-23T01:02:49","guid":{"rendered":"https:\/\/www.infodictat.fr\/blog\/epinay-sur-seine-les-jumeaux-juges-pour-avoir-scie-larbre-en-hommage-a-ilan-halimi-condamnes-mais-pas-pour-antisemitisme\/"},"modified":"2025-10-23T03:02:49","modified_gmt":"2025-10-23T01:02:49","slug":"epinay-sur-seine-les-jumeaux-juges-pour-avoir-scie-larbre-en-hommage-a-ilan-halimi-condamnes-mais-pas-pour-antisemitisme","status":"publish","type":"post","link":"https:\/\/www.infodictat.fr\/blog\/epinay-sur-seine-les-jumeaux-juges-pour-avoir-scie-larbre-en-hommage-a-ilan-halimi-condamnes-mais-pas-pour-antisemitisme\/","title":{"rendered":"\u00c9pinay-sur-Seine ; Les jumeaux jug\u00e9s pour avoir sci\u00e9 l\u2019arbre en hommage \u00e0 Ilan Halimi condamn\u00e9s\u2026 mais pas pour antis\u00e9mitisme"},"content":{"rendered":"<div><img width=\"750\" height=\"422\" src=\"https:\/\/www.infodictat.fr\/blog\/wp-content\/uploads\/2025\/10\/Epinay-sur-Seine-Les-jumeaux-juges-pour-avoir-scie-larbre-en-1024x576-1.jpg\" class=\"attachment-large size-large wp-post-image\" alt=\"Les jumeaux jug\u00e9s pour avoir sci\u00e9 l\u2019arbre en hommage \u00e0 Ilan Halimi condamn\u00e9s... mais pas pour antis\u00e9mitisme\" style=\"width:100%;height:56.25%;max-width:1200px;float:left; margin:0 15px 15px 0;\" decoding=\"async\" srcset=\"https:\/\/www.infodictat.fr\/blog\/wp-content\/uploads\/2025\/10\/Epinay-sur-Seine-Les-jumeaux-juges-pour-avoir-scie-larbre-en-1024x576-1.jpg 1024w, https:\/\/www.site.cdcl.xyz\/wp-content\/uploads\/2025\/10\/Epinay-sur-Seine-Les-jumeaux-juges-pour-avoir-scie-larbre-en-300x169.jpg 300w, https:\/\/www.site.cdcl.xyz\/wp-content\/uploads\/2025\/10\/Epinay-sur-Seine-Les-jumeaux-juges-pour-avoir-scie-larbre-en-768x432.jpg 768w, https:\/\/www.site.cdcl.xyz\/wp-content\/uploads\/2025\/10\/Epinay-sur-Seine-Les-jumeaux-juges-pour-avoir-scie-larbre-en.jpg 1200w\" sizes=\"(max-width: 750px) 100vw, 750px\"><\/p>\n<p>\nUn article r\u00e9cemment publi\u00e9 s\u2019intitule \u00ab\u00a0Les jumeaux jug\u00e9s pour avoir sci\u00e9 l\u2019arbre en hommage \u00e0 Ilan Halimi condamn\u00e9s\u2026 mais pas pour antis\u00e9mitisme\u00a0\u00bb. <\/p>\n<div>\n<section class=\"content\">\n<p class=\"paragraph text_align_left lp-f-body-02\">Huit mois de prison avec sursis pour l\u2019un, huit mois de prison ferme pour l\u2019autre. C\u2019est la peine inflig\u00e9e ce mercredi, par le tribunal correctionnel de Bobigny, \u00e0 l\u2019encontre d\u2019Isma\u00ebl et Brahim K. Ces jumeaux sans papiers originaires de Tunisie, \u00e2g\u00e9s de 19 ans, \u00e9taient jug\u00e9s pour avoir sci\u00e9 \u00e0 la tron\u00e7onneuse l\u2019olivier rendant hommage \u00e0 Ilan Halimi, dans la nuit du 13 au 14 ao\u00fbt 2025 \u00e0 Epinay-sur-Seine (Seine-Saint-Denis). L\u2019arbre avait \u00e9t\u00e9 plant\u00e9 en 2011 dans le jardin d\u2019Alcobenda.<\/p>\n<\/section>\n<section class=\"content\"><\/section>\n<section class=\"content\">\n<p class=\"paragraph text_align_left lp-f-body-02\">Mais le tribunal les a relax\u00e9s du fait de violation d\u2019un monument d\u00e9di\u00e9 \u00e0 la m\u00e9moire des morts commise en raison de la race, l\u2019ethnie, la nation ou la religion. En clair, les juges ont estim\u00e9 qu\u2019ils n\u2019avaient pas conscience de souiller la m\u00e9moire de ce jeune homme juif, enlev\u00e9 le 21 janvier 2006 \u00e0 Paris puis tortur\u00e9 \u00e0 mort par \u00ab le gang des barbares \u00bb. <\/p>\n<\/section>\n<section class=\"content\">\n<h2 class=\"inline_title margin_bottom_md margin_top_xxl\">\u00ab C\u2019est la m\u00e9moire du peuple juif que les pr\u00e9venus ont voulu blesser \u00bb<\/h2>\n<\/section>\n<section class=\"content\">\n<p class=\"paragraph text_align_left lp-f-body-02\">En plus de la d\u00e9gradation de l\u2019arbre comm\u00e9moratif, des morceaux de past\u00e8que avaient \u00e9t\u00e9 jet\u00e9s \u00e0 proximit\u00e9. Les restes de ce fruit, devenu un symbole de soutien propalestinien, avaient permis aux enqu\u00eateurs d\u2019identifier Isma\u00ebl et Brahim. Puisque leur ADN avait \u00e9t\u00e9 retrouv\u00e9 sur les tranches laiss\u00e9es au sol. <\/p>\n<\/section>\n<section class=\"content\"><\/section>\n<section class=\"content\">\n<p class=\"paragraph text_align_left lp-f-body-02\">Devant le tribunal, bien qu\u2019ils aient reconnu leur pr\u00e9sence dans le jardin, ils ont ni\u00e9 avoir tron\u00e7onn\u00e9 l\u2019arbre, et ont assur\u00e9 ne rien conna\u00eetre de la symbolique de la past\u00e8que. Ils ont \u00e9galement dit ignorer l\u2019histoire tragique d\u2019Ilan Halimi. Mais pour la Licra, la ligue internationale contre le racisme et l\u2019antis\u00e9mitisme, partie civile dans ce dossier, ce n\u2019est pas un geste anodin, mais bien un acte de haine. \u00ab C\u2019est la m\u00e9moire du peuple juif que les pr\u00e9venus ont voulu blesser. \u00bb<\/p>\n<\/section>\n<\/div>\n<h2>\u00c9PINAY-SUR-SEINE : Autrefois Exemplaire, Maintenant en D\u00e9clin<\/h2>\n<p>Un audit r\u00e9cent des finances de la commune d\u2019\u00c9pinay-sur-Seine met en \u00e9vidence une situation alarmante qui s\u2019est aggrav\u00e9e entre 2020 et 2025.<\/p>\n<p><a href=\"https:\/\/www.bilan-de-mandat.fr\/ile-de-france\/mairie\/seine-saint-denis_epinay-sur-seine\/\" rel=\"noopener noreferrer nofollow\" target=\"blank\" target=\"_blank\">\u00c0 parcourir sur https:\/\/bilan-de-mandat.fr<\/a> : Les r\u00e9sultats de l\u2019analyse du bilan de mandat 2020-2026 pour la commune d\u2019\u00c9pinay-sur-Seine.<\/p>\n<p>Malgr\u00e9 ses atouts, la commune d\u2019\u00c9pinay-sur-Seine a opt\u00e9 pour une gestion risqu\u00e9e tant sur le plan financier que dans la gestion des affaires publiques<\/p>\n<p>La responsabilit\u00e9 de la municipalit\u00e9 men\u00e9e par HERV\u00c9 CHEVREAU est ind\u00e9niable, m\u00eame si un tiers des enjeux est li\u00e9 \u00e0 des facteurs conjoncturels.<\/p>\n<p>Le site Bilan de Mandat a r\u00e9alis\u00e9 cette enqu\u00eate en collectant les donn\u00e9es budg\u00e9taires fournies en ligne par le minist\u00e8re des Finances, en se basant sur les 7 derni\u00e8res ann\u00e9es<\/p>\n<h3>Impact sur la performance \u00e9conomique locale<\/h3>\n<p>Une gestion financi\u00e8re instable aura des cons\u00e9quences sur le d\u00e9veloppement \u00e9conomique, en particulier :<\/p>\n<ul>\n<li>R\u00e9duction des allocations d\u2019investissement : Les soci\u00e9t\u00e9s seront peu enclines \u00e0 s\u2019implanter dans une collectivit\u00e9 en difficult\u00e9 financi\u00e8re, limitant ainsi les possibilit\u00e9s d\u2019emploi.\n<\/li>\n<li>Baisse de l\u2019attrait local : Une gestion peu optimale nuira \u00e0 la r\u00e9putation de la collectivit\u00e9, compliquant l\u2019attraction de nouveaux habitants ou investisseurs.\n<\/li>\n<li>Baisse des partenariats : Les collectivit\u00e9s en difficult\u00e9 auront des d\u00e9fis \u00e0 relever pour \u00e9tablir des partenariats avec d\u2019autres organisations, restreignant ainsi les possibilit\u00e9s de collaboration.<\/li>\n<\/ul>\n<h3>D\u00e9ficit budg\u00e9taire significatif de la commune d\u2019\u00c9pinay-sur-Seine<\/h3>\n<p>La commune d\u2019\u00c9pinay-sur-Seine est en proie \u00e0 des probl\u00e8mes financiers s\u00e9rieux, marqu\u00e9s par un endettement croissant et une gestion des d\u00e9penses qui interpelle. Un bilan d\u00e9taill\u00e9 des critiques notables et de leurs implications.<\/p>\n<h3>Endettement et types de dettes<\/h3>\n<p>La municipalit\u00e9 d\u2019\u00c9pinay-sur-Seine est confront\u00e9e \u00e0 un endettement devenu ing\u00e9rable. Cette situation a des cons\u00e9quences notables :<\/p>\n<\/p>\n<ul>\n<li>Croissance des charges d\u2019int\u00e9r\u00eat : La hausse de l\u2019endettement entra\u00eene des charges d\u2019int\u00e9r\u00eat plus \u00e9lev\u00e9es, ce qui r\u00e9duit les fonds disponibles pour d\u2019autres investissements.\n<\/li>\n<li>Limitation des capacit\u00e9s d\u2019investissement : Une dette trop \u00e9lev\u00e9e limite la capacit\u00e9 de la commune \u00e0 financer des projets d\u2019infrastructure et des services publics cruciaux.\n<\/li>\n<li>Menace de d\u00e9faut sur les engagements financiers : Une dette incontr\u00f4lable accro\u00eet le risque de non-paiement, ce qui va entra\u00eener des p\u00e9nalit\u00e9s financi\u00e8res ou des limitations impos\u00e9es par les cr\u00e9anciers.\n<\/li>\n<li>D\u00e9sengagement des investisseurs : La fragilit\u00e9 financi\u00e8re va dissuader les investisseurs, ralentissant le d\u00e9veloppement \u00e9conomique de la commune.\n<\/li>\n<li>Impact sur la cr\u00e9dibilit\u00e9 financi\u00e8re: Une dette difficile \u00e0 g\u00e9rer \u00e9l\u00e8ve le risque de d\u00e9faillance, ce qui va engendrer des cons\u00e9quences financi\u00e8res ou des contraintes de la part des pr\u00eateurs.<\/li>\n<\/ul>\n<h3>R\u00e9mun\u00e9ration des agents de service<\/h3>\n<p>Les salaires des employ\u00e9s municipaux repr\u00e9sentent une part consid\u00e9rable des d\u00e9penses, atteignant en 2025 un niveau alarmant alors que les r\u00e9mun\u00e9rations stagnent. Les ramifications de cette situation sont nombreuses :<\/p>\n<ul>\n<li>Baisse de l\u2019engagement des employ\u00e9s historiques : Le manque d\u2019augmentation salariale pour les agents de longue date va provoquer une d\u00e9motivation, impactant la qualit\u00e9 des services offerts.: Rotation accrue du personnel\n<\/li>\n<li>Fluctuation \u00e9lev\u00e9e des employ\u00e9s : Des r\u00e9mun\u00e9rations stagnantes vont inciter les employ\u00e9s \u00e0 explorer d\u2019autres possibilit\u00e9s, ce qui entra\u00eene un turnover plus \u00e9lev\u00e9 et des co\u00fbts de formation pour la commune.\n<\/li>\n<li>In\u00e9galit\u00e9s dans la r\u00e9mun\u00e9ration : La disparit\u00e9 des r\u00e9mun\u00e9rations entre les agents r\u00e9cents et ceux de longue date va engendrer des tensions au sein de l\u2019\u00e9quipe municipale.\n<\/li>\n<li>D\u00e9gradation des prestations publiques : Un effectif peu motiv\u00e9 et instable va alt\u00e9rer la qualit\u00e9 des services publics, ayant un impact direct sur les citoyens.\n<\/li>\n<li>Contrainte sur le budget: La n\u00e9cessit\u00e9 de maintenir des salaires comp\u00e9titifs pour attirer de nouveaux employ\u00e9s va cr\u00e9er une pression additionnelle sur le budget municipal.<\/li>\n<\/ul>\n<h3>Augmentation des pr\u00e9l\u00e8vements fiscaux sur les citoyens SPINASSIENS<\/h3>\n<p>La commune n\u2019a d\u2019autre choix que de relever significativement les charges fiscales pour les contribuables, mais cela n\u2019a pas \u00e9t\u00e9 r\u00e9alis\u00e9 en 2025 en raison des \u00e9lections municipales de 2026. Les implications de cette situation sont s\u00e9rieuses :<\/p>\n<ul>\n<li>D\u00e9sapprobation des contribuables : L\u2019augmentation des taxes va entra\u00eener un m\u00e9contentement g\u00e9n\u00e9ral chez les citoyens, diminuant leur confiance envers la municipalit\u00e9.\n<\/li>\n<li>\u00c9rosion des bases fiscales : L\u2019augmentation des taxes va amener certains citoyens \u00e0 partir, ce qui r\u00e9duit la base fiscale \u00e0 long terme.\n<\/li>\n<li>Enjeux financiers pour les familles : L\u2019augmentation des imp\u00f4ts va peser sur les finances des familles, intensifiant les in\u00e9galit\u00e9s sociales.\n<\/li>\n<li>D\u00e9lai d\u2019ex\u00e9cution des investissements : L\u2019absence d\u2019augmentation des contributions fiscales en 2025 va compromettre des projets d\u2019investissement n\u00e9cessaires au d\u00e9veloppement de la commune.\n<\/li>\n<li>Contrainte sur les services publics : La n\u00e9cessit\u00e9 de compenser les pertes de revenus va entra\u00eener des restrictions dans les services publics, affectant le quotidien des citoyens.<\/li>\n<\/ul>\n<h3>Gestion financi\u00e8re peu ma\u00eetris\u00e9e<\/h3>\n<p>La hausse des d\u00e9penses d\u2019ann\u00e9e en ann\u00e9e r\u00e9v\u00e8le une absence de contr\u00f4le dans la gestion des finances. Les implications de cette situation sont claires :<\/p>\n<ul>\n<li>Hausse des d\u00e9ficits budg\u00e9taires : Une absence de supervision des d\u00e9penses entra\u00eenera des d\u00e9ficits budg\u00e9taires en augmentation, rendant la situation financi\u00e8re encore plus fragile.\n<\/li>\n<li>Diminution des fonds allou\u00e9s aux investissements futurs : Les d\u00e9ficits constants vont limiter les ressources de la commune pour des investissements futurs.\n<\/li>\n<li>Affaiblissement de la confiance : Une gestion financi\u00e8re peu rigoureuse nuira \u00e0 la r\u00e9putation de la municipalit\u00e9, compliquant l\u2019acc\u00e8s aux financements externes.\n<\/li>\n<li>Utilisation non durable des ressources : Le manque de contr\u00f4le des d\u00e9penses m\u00e8nera \u00e0 un gaspillage des ressources publiques, nuisant \u00e0 l\u2019int\u00e9r\u00eat de tous.\n<\/li>\n<li>Effets sur les services publics: Une gestion d\u00e9ficiente des d\u00e9penses aboutira \u00e0 des coupes dans les services sociaux<\/li>\n<\/ul>\n<h3>Questions fr\u00e9quentes sur la municipalit\u00e9 d\u2019\u00c9pinay-sur-Seine<\/h3>\n<h4>Comment peut-on \u00eatre actif dans les activit\u00e9s des associations ?<\/h4>\n<p>Dans chaque commune, il est \u00e9vident que le nombre d\u2019associations et le calendrier de leurs activit\u00e9s (th\u00e9\u00e2tre, festival\u2026) sont importants et ind\u00e9pendants des orientations de la mairie. Les associations, comme partout en France, organisent une multitude d\u2019\u00e9v\u00e9nements tout au long de l\u2019ann\u00e9e. Pour ceux qui souhaitent s\u2019engager, il est facile de s\u2019inscrire \u00e0 ces activit\u00e9s sur le web, o\u00f9 un simple clic suffit pour acc\u00e9der \u00e0 l\u2019agenda des \u00e9v\u00e9nements ou aux coordonn\u00e9es des organisateurs. Cliquez ici pour vous inscrire.<\/p>\n<\/p>\n<h4>Quelle est l\u2019analyse principale issue de l\u2019audit financier de la commune d\u2019\u00c9pinay-sur-Seine ?<\/h4>\n<p>L\u2019enqu\u00eate met en lumi\u00e8re une d\u00e9gradation pr\u00e9occupante des finances publiques et de la gestion de la commune d\u2019\u00c9pinay-sur-Seine, soulignant une gestion imprudente tant sur le plan financier que dans l\u2019administration publique.<\/p>\n<h4>Quelles circonstances ont contribu\u00e9 \u00e0 cette crise financi\u00e8re ?<\/h4>\n<p>Bien que le cadre \u00e9conomique ait son importance, deux tiers des probl\u00e8mes rencontr\u00e9s sont le r\u00e9sultat des choix politiques de la municipalit\u00e9 sous la gouvernance de HERV\u00c9 CHEVREAU.<\/p>\n<h4>Quelle est la situation des associations locales au sein de la commune d\u2019\u00c9pinay-sur-Seine ?<\/h4>\n<p>Les associations locales apportent une contribution significative \u00e0 la culture. Si vous recherchez les informations d\u2019une association, l\u2019annuaire en ligne sur le site de la mairie d\u2019\u00c9pinay-sur-Seine vous sera utile.<\/p>\n<h4>Quelles activit\u00e9s li\u00e9es \u00e0 l\u2019histoire et \u00e0 la culture sont propos\u00e9es ?<\/h4>\n<p>L\u2019histoire d\u2019une ville est une expression de sa culture. La mairie ou l\u2019h\u00f4tel de ville, les vieilles photographies de l\u2019\u00e9cole, et l\u2019artisanat des m\u00e9tiers d\u2019autrefois permettent une d\u00e9couverte gratuite, ainsi qu\u2019une transmission et une pr\u00e9servation de ce patrimoine local. \u00c0 travers le pays, la politique de sensibilisation veille \u00e0 ce que le patrimoine de la ville soit pr\u00e9serv\u00e9 et accessible pour les g\u00e9n\u00e9rations \u00e0 venir.<\/p>\n<h4>Comment peut-on se renseigner dans la commune d\u2019\u00c9pinay-sur-Seine ?<\/h4>\n<p>Fondamentalement, les informations en ligne. Les r\u00e9sidents peuvent consulter les actualit\u00e9s et le journal municipal de leur commune ainsi que des villes alentour. Sur le site de la mairie, on trouve la page d\u2019accueil pour les nouveaux r\u00e9sidents, les num\u00e9ros utiles pour diverses d\u00e9marches, l\u2019annuaire des PME, les journ\u00e9es et activit\u00e9s gratuites, les informations pour la rentr\u00e9e scolaire, les menus des cantines, l\u2019espace de confidentialit\u00e9 pour les comptes familiaux et les d\u00e9marches administratives, en particulier celles du secteur scolaire. Sur d\u2019autres plateformes en ligne non administr\u00e9es par la mairie, les citoyens peuvent acc\u00e9der \u00e0 des informations sur les \u00e9v\u00e9nements culturels (spectacles, th\u00e9\u00e2tre, festivals) qui animent la vie locale et constituent une porte d\u2019entr\u00e9e vers la culture.<\/p>\n<h4>Qui exerce la fonction de maire dans la commune d\u2019\u00c9pinay-sur-Seine ?<\/h4>\n<p>HERV\u00c9 CHEVREAU<\/p>\n<\/div>\n<p><img decoding=\"async\" class=\"wpe_imgrss\" src=\"https:\/\/www.infodictat.fr\/blog\/wp-content\/uploads\/2025\/10\/Epinay-sur-Seine-Les-jumeaux-juges-pour-avoir-scie-larbre-en-1024x576-1.jpg\">Vous pouvez lire ce post traitant le sujet \u00ab\u00a0La dictature num\u00e9rique\u00a0\u00bb. Il est produit par la r\u00e9daction de infodictat.fr. Le site infodictat.fr a pour objectif de publier plusieurs articles autour du sujet La dictature num\u00e9rique d\u00e9velopp\u00e9es sur le web. Cette chronique se veut g\u00e9n\u00e9r\u00e9e de la fa\u00e7on la plus juste qui soit. Pour \u00e9mettre des remarques sur ce dossier autour du sujet \u00ab\u00a0La dictature num\u00e9rique\u00a0\u00bb prenez les contacts indiqu\u00e9s sur notre site internet. En consultant r\u00e9guli\u00e8rement nos contenus de blog vous serez au courant des futures parutions.<\/p>\n","protected":false},"excerpt":{"rendered":"<p>Un article r\u00e9cemment publi\u00e9 s\u2019intitule \u00ab\u00a0Les jumeaux jug\u00e9s pour avoir sci\u00e9 l\u2019arbre en hommage \u00e0 Ilan Halimi condamn\u00e9s\u2026 mais pas pour antis\u00e9mitisme\u00a0\u00bb. Huit mois de prison avec sursis pour l\u2019un, huit mois de prison ferme pour l\u2019autre. C\u2019est la peine inflig\u00e9e ce mercredi, par le tribunal correctionnel de Bobigny, \u00e0 l\u2019encontre d\u2019Isma\u00ebl et Brahim K. &#8230; <a title=\"\u00c9pinay-sur-Seine ; Les jumeaux jug\u00e9s pour avoir sci\u00e9 l\u2019arbre en hommage \u00e0 Ilan Halimi condamn\u00e9s\u2026 mais pas pour antis\u00e9mitisme\" class=\"read-more\" href=\"https:\/\/www.infodictat.fr\/blog\/epinay-sur-seine-les-jumeaux-juges-pour-avoir-scie-larbre-en-hommage-a-ilan-halimi-condamnes-mais-pas-pour-antisemitisme\/\" aria-label=\"En savoir plus sur \u00c9pinay-sur-Seine ; Les jumeaux jug\u00e9s pour avoir sci\u00e9 l\u2019arbre en hommage \u00e0 Ilan Halimi condamn\u00e9s\u2026 mais pas pour antis\u00e9mitisme\">Lire la suite<\/a><\/p>\n","protected":false},"author":2,"featured_media":1227,"comment_status":"closed","ping_status":"closed","sticky":false,"template":"","format":"standard","meta":{"footnotes":""},"categories":[2],"tags":[],"class_list":["post-1226","post","type-post","status-publish","format-standard","has-post-thumbnail","hentry","category-la-dictature-numerique"],"yoast_head":"<!-- This site is optimized with the Yoast SEO plugin v27.5 - https:\/\/yoast.com\/product\/yoast-seo-wordpress\/ -->\n<title>\u00c9pinay-sur-Seine ; Les jumeaux jug\u00e9s pour avoir sci\u00e9 l\u2019arbre en hommage \u00e0 Ilan Halimi condamn\u00e9s\u2026 mais pas pour antis\u00e9mitisme - INFODICTAT<\/title>\n<meta name=\"robots\" content=\"index, follow, max-snippet:-1, max-image-preview:large, max-video-preview:-1\" \/>\n<link rel=\"canonical\" href=\"https:\/\/www.infodictat.fr\/blog\/epinay-sur-seine-les-jumeaux-juges-pour-avoir-scie-larbre-en-hommage-a-ilan-halimi-condamnes-mais-pas-pour-antisemitisme\/\" \/>\n<meta property=\"og:locale\" content=\"fr_FR\" \/>\n<meta property=\"og:type\" content=\"article\" \/>\n<meta property=\"og:title\" content=\"\u00c9pinay-sur-Seine ; Les jumeaux jug\u00e9s pour avoir sci\u00e9 l\u2019arbre en hommage \u00e0 Ilan Halimi condamn\u00e9s\u2026 mais pas pour antis\u00e9mitisme - INFODICTAT\" \/>\n<meta property=\"og:description\" content=\"Un article r\u00e9cemment publi\u00e9 s\u2019intitule \u00ab\u00a0Les jumeaux jug\u00e9s pour avoir sci\u00e9 l\u2019arbre en hommage \u00e0 Ilan Halimi condamn\u00e9s\u2026 mais pas pour antis\u00e9mitisme\u00a0\u00bb. Huit mois de prison avec sursis pour l\u2019un, huit mois de prison ferme pour l\u2019autre. C\u2019est la peine inflig\u00e9e ce mercredi, par le tribunal correctionnel de Bobigny, \u00e0 l\u2019encontre d\u2019Isma\u00ebl et Brahim K. ... Lire la suite\" \/>\n<meta property=\"og:url\" content=\"https:\/\/www.infodictat.fr\/blog\/epinay-sur-seine-les-jumeaux-juges-pour-avoir-scie-larbre-en-hommage-a-ilan-halimi-condamnes-mais-pas-pour-antisemitisme\/\" \/>\n<meta property=\"og:site_name\" content=\"INFODICTAT\" \/>\n<meta property=\"article:published_time\" content=\"2025-10-23T01:02:49+00:00\" \/>\n<meta property=\"og:image\" content=\"https:\/\/www.infodictat.fr\/blog\/wp-content\/uploads\/2025\/10\/Epinay-sur-Seine-Les-jumeaux-juges-pour-avoir-scie-larbre-en-1024x576-1.jpg\" \/>\n<meta name=\"author\" content=\"Oscar BETHMONT\" \/>\n<meta name=\"twitter:card\" content=\"summary_large_image\" \/>\n<meta name=\"twitter:label1\" content=\"\u00c9crit par\" \/>\n\t<meta name=\"twitter:data1\" content=\"Oscar BETHMONT\" \/>\n\t<meta name=\"twitter:label2\" content=\"Dur\u00e9e de lecture estim\u00e9e\" \/>\n\t<meta name=\"twitter:data2\" content=\"10 minutes\" \/>\n<script type=\"application\/ld+json\" class=\"yoast-schema-graph\">{\"@context\":\"https:\\\/\\\/schema.org\",\"@graph\":[{\"@type\":\"Article\",\"@id\":\"https:\\\/\\\/www.infodictat.fr\\\/blog\\\/epinay-sur-seine-les-jumeaux-juges-pour-avoir-scie-larbre-en-hommage-a-ilan-halimi-condamnes-mais-pas-pour-antisemitisme\\\/#article\",\"isPartOf\":{\"@id\":\"https:\\\/\\\/www.infodictat.fr\\\/blog\\\/epinay-sur-seine-les-jumeaux-juges-pour-avoir-scie-larbre-en-hommage-a-ilan-halimi-condamnes-mais-pas-pour-antisemitisme\\\/\"},\"author\":{\"name\":\"Oscar BETHMONT\",\"@id\":\"https:\\\/\\\/www.infodictat.fr\\\/blog\\\/#\\\/schema\\\/person\\\/6c2c8af0941702348e8eca9144cc1267\"},\"headline\":\"\u00c9pinay-sur-Seine ; Les jumeaux jug\u00e9s pour avoir sci\u00e9 l\u2019arbre en hommage \u00e0 Ilan Halimi condamn\u00e9s\u2026 mais pas pour antis\u00e9mitisme\",\"datePublished\":\"2025-10-23T01:02:49+00:00\",\"mainEntityOfPage\":{\"@id\":\"https:\\\/\\\/www.infodictat.fr\\\/blog\\\/epinay-sur-seine-les-jumeaux-juges-pour-avoir-scie-larbre-en-hommage-a-ilan-halimi-condamnes-mais-pas-pour-antisemitisme\\\/\"},\"wordCount\":1972,\"publisher\":{\"@id\":\"https:\\\/\\\/www.infodictat.fr\\\/blog\\\/#organization\"},\"image\":{\"@id\":\"https:\\\/\\\/www.infodictat.fr\\\/blog\\\/epinay-sur-seine-les-jumeaux-juges-pour-avoir-scie-larbre-en-hommage-a-ilan-halimi-condamnes-mais-pas-pour-antisemitisme\\\/#primaryimage\"},\"thumbnailUrl\":\"https:\\\/\\\/www.infodictat.fr\\\/blog\\\/wp-content\\\/uploads\\\/2025\\\/10\\\/Epinay-sur-Seine-Les-jumeaux-juges-pour-avoir-scie-larbre-en-1024x576-1.jpg\",\"articleSection\":[\"La Dictature Num\u00e9rique:\"],\"inLanguage\":\"fr-FR\"},{\"@type\":\"WebPage\",\"@id\":\"https:\\\/\\\/www.infodictat.fr\\\/blog\\\/epinay-sur-seine-les-jumeaux-juges-pour-avoir-scie-larbre-en-hommage-a-ilan-halimi-condamnes-mais-pas-pour-antisemitisme\\\/\",\"url\":\"https:\\\/\\\/www.infodictat.fr\\\/blog\\\/epinay-sur-seine-les-jumeaux-juges-pour-avoir-scie-larbre-en-hommage-a-ilan-halimi-condamnes-mais-pas-pour-antisemitisme\\\/\",\"name\":\"\u00c9pinay-sur-Seine ; Les jumeaux jug\u00e9s pour avoir sci\u00e9 l\u2019arbre en hommage \u00e0 Ilan Halimi condamn\u00e9s\u2026 mais pas pour antis\u00e9mitisme - INFODICTAT\",\"isPartOf\":{\"@id\":\"https:\\\/\\\/www.infodictat.fr\\\/blog\\\/#website\"},\"primaryImageOfPage\":{\"@id\":\"https:\\\/\\\/www.infodictat.fr\\\/blog\\\/epinay-sur-seine-les-jumeaux-juges-pour-avoir-scie-larbre-en-hommage-a-ilan-halimi-condamnes-mais-pas-pour-antisemitisme\\\/#primaryimage\"},\"image\":{\"@id\":\"https:\\\/\\\/www.infodictat.fr\\\/blog\\\/epinay-sur-seine-les-jumeaux-juges-pour-avoir-scie-larbre-en-hommage-a-ilan-halimi-condamnes-mais-pas-pour-antisemitisme\\\/#primaryimage\"},\"thumbnailUrl\":\"https:\\\/\\\/www.infodictat.fr\\\/blog\\\/wp-content\\\/uploads\\\/2025\\\/10\\\/Epinay-sur-Seine-Les-jumeaux-juges-pour-avoir-scie-larbre-en-1024x576-1.jpg\",\"datePublished\":\"2025-10-23T01:02:49+00:00\",\"breadcrumb\":{\"@id\":\"https:\\\/\\\/www.infodictat.fr\\\/blog\\\/epinay-sur-seine-les-jumeaux-juges-pour-avoir-scie-larbre-en-hommage-a-ilan-halimi-condamnes-mais-pas-pour-antisemitisme\\\/#breadcrumb\"},\"inLanguage\":\"fr-FR\",\"potentialAction\":[{\"@type\":\"ReadAction\",\"target\":[\"https:\\\/\\\/www.infodictat.fr\\\/blog\\\/epinay-sur-seine-les-jumeaux-juges-pour-avoir-scie-larbre-en-hommage-a-ilan-halimi-condamnes-mais-pas-pour-antisemitisme\\\/\"]}]},{\"@type\":\"ImageObject\",\"inLanguage\":\"fr-FR\",\"@id\":\"https:\\\/\\\/www.infodictat.fr\\\/blog\\\/epinay-sur-seine-les-jumeaux-juges-pour-avoir-scie-larbre-en-hommage-a-ilan-halimi-condamnes-mais-pas-pour-antisemitisme\\\/#primaryimage\",\"url\":\"https:\\\/\\\/www.infodictat.fr\\\/blog\\\/wp-content\\\/uploads\\\/2025\\\/10\\\/Epinay-sur-Seine-Les-jumeaux-juges-pour-avoir-scie-larbre-en-1024x576-1.jpg\",\"contentUrl\":\"https:\\\/\\\/www.infodictat.fr\\\/blog\\\/wp-content\\\/uploads\\\/2025\\\/10\\\/Epinay-sur-Seine-Les-jumeaux-juges-pour-avoir-scie-larbre-en-1024x576-1.jpg\",\"width\":1024,\"height\":576},{\"@type\":\"BreadcrumbList\",\"@id\":\"https:\\\/\\\/www.infodictat.fr\\\/blog\\\/epinay-sur-seine-les-jumeaux-juges-pour-avoir-scie-larbre-en-hommage-a-ilan-halimi-condamnes-mais-pas-pour-antisemitisme\\\/#breadcrumb\",\"itemListElement\":[{\"@type\":\"ListItem\",\"position\":1,\"name\":\"Accueil\",\"item\":\"https:\\\/\\\/www.infodictat.fr\\\/blog\\\/\"},{\"@type\":\"ListItem\",\"position\":2,\"name\":\"\u00c9pinay-sur-Seine ; Les jumeaux jug\u00e9s pour avoir sci\u00e9 l\u2019arbre en hommage \u00e0 Ilan Halimi condamn\u00e9s\u2026 mais pas pour antis\u00e9mitisme\"}]},{\"@type\":\"WebSite\",\"@id\":\"https:\\\/\\\/www.infodictat.fr\\\/blog\\\/#website\",\"url\":\"https:\\\/\\\/www.infodictat.fr\\\/blog\\\/\",\"name\":\"INFODICTAT\",\"description\":\"La dictature num\u00e9rique.\",\"publisher\":{\"@id\":\"https:\\\/\\\/www.infodictat.fr\\\/blog\\\/#organization\"},\"potentialAction\":[{\"@type\":\"SearchAction\",\"target\":{\"@type\":\"EntryPoint\",\"urlTemplate\":\"https:\\\/\\\/www.infodictat.fr\\\/blog\\\/?s={search_term_string}\"},\"query-input\":{\"@type\":\"PropertyValueSpecification\",\"valueRequired\":true,\"valueName\":\"search_term_string\"}}],\"inLanguage\":\"fr-FR\"},{\"@type\":\"Organization\",\"@id\":\"https:\\\/\\\/www.infodictat.fr\\\/blog\\\/#organization\",\"name\":\"infodictat\",\"url\":\"https:\\\/\\\/www.infodictat.fr\\\/blog\\\/\",\"logo\":{\"@type\":\"ImageObject\",\"inLanguage\":\"fr-FR\",\"@id\":\"https:\\\/\\\/www.infodictat.fr\\\/blog\\\/#\\\/schema\\\/logo\\\/image\\\/\",\"url\":\"https:\\\/\\\/www.infodictat.fr\\\/blog\\\/wp-content\\\/uploads\\\/2023\\\/05\\\/logo-2.png\",\"contentUrl\":\"https:\\\/\\\/www.infodictat.fr\\\/blog\\\/wp-content\\\/uploads\\\/2023\\\/05\\\/logo-2.png\",\"width\":480,\"height\":596,\"caption\":\"infodictat\"},\"image\":{\"@id\":\"https:\\\/\\\/www.infodictat.fr\\\/blog\\\/#\\\/schema\\\/logo\\\/image\\\/\"}},{\"@type\":\"Person\",\"@id\":\"https:\\\/\\\/www.infodictat.fr\\\/blog\\\/#\\\/schema\\\/person\\\/6c2c8af0941702348e8eca9144cc1267\",\"name\":\"Oscar BETHMONT\",\"image\":{\"@type\":\"ImageObject\",\"inLanguage\":\"fr-FR\",\"@id\":\"https:\\\/\\\/secure.gravatar.com\\\/avatar\\\/f80ff32d67d40b919e8be190b7325be3c6cb33ce305ac1d45cadad29128e831e?s=96&d=mm&r=g\",\"url\":\"https:\\\/\\\/secure.gravatar.com\\\/avatar\\\/f80ff32d67d40b919e8be190b7325be3c6cb33ce305ac1d45cadad29128e831e?s=96&d=mm&r=g\",\"contentUrl\":\"https:\\\/\\\/secure.gravatar.com\\\/avatar\\\/f80ff32d67d40b919e8be190b7325be3c6cb33ce305ac1d45cadad29128e831e?s=96&d=mm&r=g\",\"caption\":\"Oscar BETHMONT\"},\"url\":\"https:\\\/\\\/www.infodictat.fr\\\/blog\\\/author\\\/tatoscar\\\/\"}]}<\/script>\n<!-- \/ Yoast SEO plugin. -->","yoast_head_json":{"title":"\u00c9pinay-sur-Seine ; Les jumeaux jug\u00e9s pour avoir sci\u00e9 l\u2019arbre en hommage \u00e0 Ilan Halimi condamn\u00e9s\u2026 mais pas pour antis\u00e9mitisme - INFODICTAT","robots":{"index":"index","follow":"follow","max-snippet":"max-snippet:-1","max-image-preview":"max-image-preview:large","max-video-preview":"max-video-preview:-1"},"canonical":"https:\/\/www.infodictat.fr\/blog\/epinay-sur-seine-les-jumeaux-juges-pour-avoir-scie-larbre-en-hommage-a-ilan-halimi-condamnes-mais-pas-pour-antisemitisme\/","og_locale":"fr_FR","og_type":"article","og_title":"\u00c9pinay-sur-Seine ; Les jumeaux jug\u00e9s pour avoir sci\u00e9 l\u2019arbre en hommage \u00e0 Ilan Halimi condamn\u00e9s\u2026 mais pas pour antis\u00e9mitisme - INFODICTAT","og_description":"Un article r\u00e9cemment publi\u00e9 s\u2019intitule \u00ab\u00a0Les jumeaux jug\u00e9s pour avoir sci\u00e9 l\u2019arbre en hommage \u00e0 Ilan Halimi condamn\u00e9s\u2026 mais pas pour antis\u00e9mitisme\u00a0\u00bb. Huit mois de prison avec sursis pour l\u2019un, huit mois de prison ferme pour l\u2019autre. C\u2019est la peine inflig\u00e9e ce mercredi, par le tribunal correctionnel de Bobigny, \u00e0 l\u2019encontre d\u2019Isma\u00ebl et Brahim K. ... Lire la suite","og_url":"https:\/\/www.infodictat.fr\/blog\/epinay-sur-seine-les-jumeaux-juges-pour-avoir-scie-larbre-en-hommage-a-ilan-halimi-condamnes-mais-pas-pour-antisemitisme\/","og_site_name":"INFODICTAT","article_published_time":"2025-10-23T01:02:49+00:00","og_image":[{"url":"https:\/\/www.infodictat.fr\/blog\/wp-content\/uploads\/2025\/10\/Epinay-sur-Seine-Les-jumeaux-juges-pour-avoir-scie-larbre-en-1024x576-1.jpg","type":"","width":"","height":""}],"author":"Oscar BETHMONT","twitter_card":"summary_large_image","twitter_misc":{"\u00c9crit par":"Oscar BETHMONT","Dur\u00e9e de lecture estim\u00e9e":"10 minutes"},"schema":{"@context":"https:\/\/schema.org","@graph":[{"@type":"Article","@id":"https:\/\/www.infodictat.fr\/blog\/epinay-sur-seine-les-jumeaux-juges-pour-avoir-scie-larbre-en-hommage-a-ilan-halimi-condamnes-mais-pas-pour-antisemitisme\/#article","isPartOf":{"@id":"https:\/\/www.infodictat.fr\/blog\/epinay-sur-seine-les-jumeaux-juges-pour-avoir-scie-larbre-en-hommage-a-ilan-halimi-condamnes-mais-pas-pour-antisemitisme\/"},"author":{"name":"Oscar BETHMONT","@id":"https:\/\/www.infodictat.fr\/blog\/#\/schema\/person\/6c2c8af0941702348e8eca9144cc1267"},"headline":"\u00c9pinay-sur-Seine ; Les jumeaux jug\u00e9s pour avoir sci\u00e9 l\u2019arbre en hommage \u00e0 Ilan Halimi condamn\u00e9s\u2026 mais pas pour antis\u00e9mitisme","datePublished":"2025-10-23T01:02:49+00:00","mainEntityOfPage":{"@id":"https:\/\/www.infodictat.fr\/blog\/epinay-sur-seine-les-jumeaux-juges-pour-avoir-scie-larbre-en-hommage-a-ilan-halimi-condamnes-mais-pas-pour-antisemitisme\/"},"wordCount":1972,"publisher":{"@id":"https:\/\/www.infodictat.fr\/blog\/#organization"},"image":{"@id":"https:\/\/www.infodictat.fr\/blog\/epinay-sur-seine-les-jumeaux-juges-pour-avoir-scie-larbre-en-hommage-a-ilan-halimi-condamnes-mais-pas-pour-antisemitisme\/#primaryimage"},"thumbnailUrl":"https:\/\/www.infodictat.fr\/blog\/wp-content\/uploads\/2025\/10\/Epinay-sur-Seine-Les-jumeaux-juges-pour-avoir-scie-larbre-en-1024x576-1.jpg","articleSection":["La Dictature Num\u00e9rique:"],"inLanguage":"fr-FR"},{"@type":"WebPage","@id":"https:\/\/www.infodictat.fr\/blog\/epinay-sur-seine-les-jumeaux-juges-pour-avoir-scie-larbre-en-hommage-a-ilan-halimi-condamnes-mais-pas-pour-antisemitisme\/","url":"https:\/\/www.infodictat.fr\/blog\/epinay-sur-seine-les-jumeaux-juges-pour-avoir-scie-larbre-en-hommage-a-ilan-halimi-condamnes-mais-pas-pour-antisemitisme\/","name":"\u00c9pinay-sur-Seine ; Les jumeaux jug\u00e9s pour avoir sci\u00e9 l\u2019arbre en hommage \u00e0 Ilan Halimi condamn\u00e9s\u2026 mais pas pour antis\u00e9mitisme - INFODICTAT","isPartOf":{"@id":"https:\/\/www.infodictat.fr\/blog\/#website"},"primaryImageOfPage":{"@id":"https:\/\/www.infodictat.fr\/blog\/epinay-sur-seine-les-jumeaux-juges-pour-avoir-scie-larbre-en-hommage-a-ilan-halimi-condamnes-mais-pas-pour-antisemitisme\/#primaryimage"},"image":{"@id":"https:\/\/www.infodictat.fr\/blog\/epinay-sur-seine-les-jumeaux-juges-pour-avoir-scie-larbre-en-hommage-a-ilan-halimi-condamnes-mais-pas-pour-antisemitisme\/#primaryimage"},"thumbnailUrl":"https:\/\/www.infodictat.fr\/blog\/wp-content\/uploads\/2025\/10\/Epinay-sur-Seine-Les-jumeaux-juges-pour-avoir-scie-larbre-en-1024x576-1.jpg","datePublished":"2025-10-23T01:02:49+00:00","breadcrumb":{"@id":"https:\/\/www.infodictat.fr\/blog\/epinay-sur-seine-les-jumeaux-juges-pour-avoir-scie-larbre-en-hommage-a-ilan-halimi-condamnes-mais-pas-pour-antisemitisme\/#breadcrumb"},"inLanguage":"fr-FR","potentialAction":[{"@type":"ReadAction","target":["https:\/\/www.infodictat.fr\/blog\/epinay-sur-seine-les-jumeaux-juges-pour-avoir-scie-larbre-en-hommage-a-ilan-halimi-condamnes-mais-pas-pour-antisemitisme\/"]}]},{"@type":"ImageObject","inLanguage":"fr-FR","@id":"https:\/\/www.infodictat.fr\/blog\/epinay-sur-seine-les-jumeaux-juges-pour-avoir-scie-larbre-en-hommage-a-ilan-halimi-condamnes-mais-pas-pour-antisemitisme\/#primaryimage","url":"https:\/\/www.infodictat.fr\/blog\/wp-content\/uploads\/2025\/10\/Epinay-sur-Seine-Les-jumeaux-juges-pour-avoir-scie-larbre-en-1024x576-1.jpg","contentUrl":"https:\/\/www.infodictat.fr\/blog\/wp-content\/uploads\/2025\/10\/Epinay-sur-Seine-Les-jumeaux-juges-pour-avoir-scie-larbre-en-1024x576-1.jpg","width":1024,"height":576},{"@type":"BreadcrumbList","@id":"https:\/\/www.infodictat.fr\/blog\/epinay-sur-seine-les-jumeaux-juges-pour-avoir-scie-larbre-en-hommage-a-ilan-halimi-condamnes-mais-pas-pour-antisemitisme\/#breadcrumb","itemListElement":[{"@type":"ListItem","position":1,"name":"Accueil","item":"https:\/\/www.infodictat.fr\/blog\/"},{"@type":"ListItem","position":2,"name":"\u00c9pinay-sur-Seine ; Les jumeaux jug\u00e9s pour avoir sci\u00e9 l\u2019arbre en hommage \u00e0 Ilan Halimi condamn\u00e9s\u2026 mais pas pour antis\u00e9mitisme"}]},{"@type":"WebSite","@id":"https:\/\/www.infodictat.fr\/blog\/#website","url":"https:\/\/www.infodictat.fr\/blog\/","name":"INFODICTAT","description":"La dictature num\u00e9rique.","publisher":{"@id":"https:\/\/www.infodictat.fr\/blog\/#organization"},"potentialAction":[{"@type":"SearchAction","target":{"@type":"EntryPoint","urlTemplate":"https:\/\/www.infodictat.fr\/blog\/?s={search_term_string}"},"query-input":{"@type":"PropertyValueSpecification","valueRequired":true,"valueName":"search_term_string"}}],"inLanguage":"fr-FR"},{"@type":"Organization","@id":"https:\/\/www.infodictat.fr\/blog\/#organization","name":"infodictat","url":"https:\/\/www.infodictat.fr\/blog\/","logo":{"@type":"ImageObject","inLanguage":"fr-FR","@id":"https:\/\/www.infodictat.fr\/blog\/#\/schema\/logo\/image\/","url":"https:\/\/www.infodictat.fr\/blog\/wp-content\/uploads\/2023\/05\/logo-2.png","contentUrl":"https:\/\/www.infodictat.fr\/blog\/wp-content\/uploads\/2023\/05\/logo-2.png","width":480,"height":596,"caption":"infodictat"},"image":{"@id":"https:\/\/www.infodictat.fr\/blog\/#\/schema\/logo\/image\/"}},{"@type":"Person","@id":"https:\/\/www.infodictat.fr\/blog\/#\/schema\/person\/6c2c8af0941702348e8eca9144cc1267","name":"Oscar BETHMONT","image":{"@type":"ImageObject","inLanguage":"fr-FR","@id":"https:\/\/secure.gravatar.com\/avatar\/f80ff32d67d40b919e8be190b7325be3c6cb33ce305ac1d45cadad29128e831e?s=96&d=mm&r=g","url":"https:\/\/secure.gravatar.com\/avatar\/f80ff32d67d40b919e8be190b7325be3c6cb33ce305ac1d45cadad29128e831e?s=96&d=mm&r=g","contentUrl":"https:\/\/secure.gravatar.com\/avatar\/f80ff32d67d40b919e8be190b7325be3c6cb33ce305ac1d45cadad29128e831e?s=96&d=mm&r=g","caption":"Oscar BETHMONT"},"url":"https:\/\/www.infodictat.fr\/blog\/author\/tatoscar\/"}]}},"_links":{"self":[{"href":"https:\/\/www.infodictat.fr\/blog\/wp-json\/wp\/v2\/posts\/1226","targetHints":{"allow":["GET"]}}],"collection":[{"href":"https:\/\/www.infodictat.fr\/blog\/wp-json\/wp\/v2\/posts"}],"about":[{"href":"https:\/\/www.infodictat.fr\/blog\/wp-json\/wp\/v2\/types\/post"}],"author":[{"embeddable":true,"href":"https:\/\/www.infodictat.fr\/blog\/wp-json\/wp\/v2\/users\/2"}],"replies":[{"embeddable":true,"href":"https:\/\/www.infodictat.fr\/blog\/wp-json\/wp\/v2\/comments?post=1226"}],"version-history":[{"count":0,"href":"https:\/\/www.infodictat.fr\/blog\/wp-json\/wp\/v2\/posts\/1226\/revisions"}],"wp:featuredmedia":[{"embeddable":true,"href":"https:\/\/www.infodictat.fr\/blog\/wp-json\/wp\/v2\/media\/1227"}],"wp:attachment":[{"href":"https:\/\/www.infodictat.fr\/blog\/wp-json\/wp\/v2\/media?parent=1226"}],"wp:term":[{"taxonomy":"category","embeddable":true,"href":"https:\/\/www.infodictat.fr\/blog\/wp-json\/wp\/v2\/categories?post=1226"},{"taxonomy":"post_tag","embeddable":true,"href":"https:\/\/www.infodictat.fr\/blog\/wp-json\/wp\/v2\/tags?post=1226"}],"curies":[{"name":"wp","href":"https:\/\/api.w.org\/{rel}","templated":true}]}}