{"id":1201,"date":"2025-10-09T13:02:26","date_gmt":"2025-10-09T11:02:26","guid":{"rendered":"https:\/\/www.infodictat.fr\/blog\/infos-nationales-jacques-tremolet-de-villers-robert-badinter-au-pantheon-une-double-erreur-france\/"},"modified":"2025-10-09T13:02:26","modified_gmt":"2025-10-09T11:02:26","slug":"infos-nationales-jacques-tremolet-de-villers-robert-badinter-au-pantheon-une-double-erreur-france","status":"publish","type":"post","link":"https:\/\/www.infodictat.fr\/blog\/infos-nationales-jacques-tremolet-de-villers-robert-badinter-au-pantheon-une-double-erreur-france\/","title":{"rendered":"Infos nationales: Jacques Tr\u00e9molet de Villers : Robert Badinter au Panth\u00e9on, une double erreur #France"},"content":{"rendered":"<div>\n<h1>Jacques Tr\u00e9molet de Villers : Robert Badinter au Panth\u00e9on, une double erreur diffus\u00e9 par Valeurs actuelles le <span id=\"datecrea\"><\/span> <\/h1>\n<p>A nouveau, ce site va vous d\u00e9voiler un \u00e9ditorial qui circule sur le web. Le propos est \u00abActualit\u00e9 fran\u00e7aise\u00bb.<\/p>\n<h2>\nDiffus\u00e9 sur Valeurs actuelles, l\u2019article suivant<\/h2>\n<p><u>Signature  David Blanchard. <\/u><\/p>\n<p><u>Date et heure de la r\u00e9ception de la d\u00e9p\u00e9che sur notre fil d\u2019info:<\/u><strong><span id=\"date\"><\/span><\/strong><\/p>\n<p><u>Date et heure de publication sur internet:<\/u> <strong><span id=\"datecrea\"><\/span><\/strong><\/p>\n<p><u>Titre exacte donn\u00e9 par le journal \u00e9tait:<\/u> <strong>Jacques Tr\u00e9molet de Villers : Robert Badinter au Panth\u00e9on, une double erreur<\/strong><\/p>\n<p><u>Information et contenu publi\u00e9s :<\/u><\/p>\n<div>\n<p>\n\t<meta charset=\"utf-8\"><br \/>\n\t<meta http-equiv=\"X-UA-Compatible\" content=\"IE=edge\"><br \/>\n\t<meta name=\"robots\" content=\"notdm\"><\/p>\n<p><title>Jacques Tr\u00e9molet de Villers : Robert Badinter au Panth\u00e9on, une double erreur \u2013 Valeurs actuelles<\/title><br \/>\n\t<meta name=\"viewport\" content=\"width=device-width, initial-scale=1, maximum-scale=1, viewport-fit=cover\"><br \/>\n\t<meta name=\"format-detection\" content=\"telephone=no\"><br \/>\n\t\t\t\t\t<meta name=\"description\" content=\"\u00c9DITO.\u00a0L'ancien ministre de la Justice, qui y sera inhum\u00e9 le 9 octobre, jour anniversaire de l'abolition de la peine de mort, n'a pas apport\u00e9 \u00e0 la France un don qui justifierait une telle reconnaissance.\">\n<link rel=\"dns-prefetch\" href=\"https:\/\/www.valeursactuelles.com\">\n<link rel=\"apple-touch-icon\" href=\"https:\/\/www.valeursactuelles.com\/assets\/themes\/krea-theme\/apple-touch-icon.png\">\n\t<link rel=\"icon\" type=\"image\/png\" href=\"https:\/\/www.valeursactuelles.com\/assets\/themes\/krea-theme\/favicon-32x32.png\">\n\t<link rel=\"icon\" type=\"image\/png\" href=\"https:\/\/www.valeursactuelles.com\/assets\/themes\/krea-theme\/favicon-16x16.png\">\n\t<link rel=\"manifest\" href=\"https:\/\/www.valeursactuelles.com\/assets\/themes\/krea-theme\/site.webmanifest\">\n\t<link rel=\"mask-icon\" href=\"https:\/\/www.valeursactuelles.com\/assets\/themes\/krea-theme\/safari-pinned-tab.svg\" color=\"#082f4b\">\n\t<meta name=\"msapplication-TileColor\" content=\"#082f4b\"><br \/>\n\t<meta name=\"theme-color\" content=\"#ffffff\"><\/p>\n<p>\t<!-- SIRDATA --><br \/>\n\t\t<!-- Google Tag Manager --><\/p>\n<p>\t<!-- End Google Tag Manager --><br \/>\n\t<!-- End SIRDATA --><\/p>\n<p>\t<!-- QIOTA --><\/p>\n<p>\t<!-- End QIOTA --><\/p>\n<p>\t<!-- jQuery charg&eacute; via WordPress wp_enqueue_script --><br \/>\n\t<meta name=\"robots\" content=\"index, follow, max-image-preview:large, max-snippet:-1, max-video-preview:-1\">\n<link rel=\"prefetch\" href=\"https:\/\/www.valeursactuelles.com\/assets\/plugins\/contact-form-7\/includes\/js\/index.js?ver=5.8\" as=\"script\">\n<link rel=\"prefetch\" href=\"https:\/\/www.valeursactuelles.com\/assets\/plugins\/cf7-conditional-fields\/js\/scripts.js?ver=2.3.10\" as=\"script\"><\/p>\n<p>\t<!-- This site is optimized with the Yoast SEO Premium plugin v18.9 (Yoast SEO v22.3) - https:\/\/yoast.com\/wordpress\/plugins\/seo\/ -->\n\t<link rel=\"canonical\" href=\"https:\/\/www.valeursactuelles.com\/clubvaleurs\/politique\/jacques-tremolet-de-villers-robert-badinter-au-pantheon-une-double-erreur\">\n\t<meta property=\"og:locale\" content=\"fr_FR\"><br \/>\n\t<meta property=\"og:type\" content=\"article\"><br \/>\n\t<meta property=\"og:title\" content=\"Robert Badinter au Panth\u00e9on, une double erreur\"><br \/>\n\t<meta property=\"og:description\" content=\"Les fins de r\u00e8gne ont toujours quelque chose de path\u00e9tique. Le prince pouss\u00e9 vers le d\u00e9part s\u2019agite pour essayer de manifester sa pr\u00e9sence et ses mouvements d\u00e9sordonn\u00e9s ne sont en...\"><br \/>\n\t<meta property=\"og:url\" content=\"https:\/\/www.valeursactuelles.com\/clubvaleurs\/politique\/jacques-tremolet-de-villers-robert-badinter-au-pantheon-une-double-erreur\"><br \/>\n\t<meta property=\"og:site_name\" content=\"Valeurs actuelles\"><br \/>\n\t<meta property=\"article:publisher\" content=\"https:\/\/www.facebook.com\/valeursactuelles.page\"><br \/>\n\t<meta property=\"article:published_time\" content=\"2025-10-08T18:00:36+00:00\"><br \/>\n\t<meta property=\"article:modified_time\" content=\"2025-10-08T18:00:36+00:00\"><br \/>\n\t<meta property=\"og:image\" content=\"https:\/\/www.valeursactuelles.com\/assets\/uploads\/2025\/10\/SIPA_00804541_000012-1.jpg\"><br \/>\n\t<meta property=\"og:image:width\" content=\"1024\"><br \/>\n\t<meta property=\"og:image:height\" content=\"683\"><br \/>\n\t<meta property=\"og:image:type\" content=\"image\/jpeg\"><br \/>\n\t<meta name=\"author\" content=\"David Blanchard\"><br \/>\n\t<meta name=\"twitter:card\" content=\"summary_large_image\"><br \/>\n\t<meta name=\"twitter:creator\" content=\"@Valeurs\"><br \/>\n\t<meta name=\"twitter:site\" content=\"@Valeurs\"><br \/>\n\t<meta name=\"twitter:label1\" content=\"\u00c9crit par\"><br \/>\n\t<meta name=\"twitter:data1\" content=\"Jacques Tr\u00e9molet de Villers\"><br \/>\n\t<meta name=\"twitter:label2\" content=\"Dur\u00e9e de lecture est.\"><br \/>\n\t<meta name=\"twitter:data2\" content=\"4 minutes\"><\/p>\n<p>\t<!-- \/ Yoast SEO Premium plugin. --><\/p>\n<link rel=\"alternate\" type=\"application\/rss+xml\" title=\"Valeurs actuelles \u00bb Flux\" href=\"https:\/\/www.valeursactuelles.com\/feed\">\n<link rel=\"stylesheet\" id=\"contact-form-7-css\" href=\"https:\/\/www.valeursactuelles.com\/assets\/plugins\/contact-form-7\/includes\/css\/styles.css?ver=5.8\" media=\"all\">\n<link rel=\"stylesheet\" id=\"cf7cf-style-css\" href=\"https:\/\/www.valeursactuelles.com\/assets\/plugins\/cf7-conditional-fields\/style.css?ver=2.3.10\" media=\"all\">\n<link rel=\"stylesheet\" id=\"sib-front-css-css\" href=\"https:\/\/www.valeursactuelles.com\/assets\/plugins\/mailin\/css\/mailin-front.css?ver=6.3\" media=\"all\">\n<link rel=\"shortlink\" href=\"https:\/\/www.valeursactuelles.com\/?p=394677\">\n<link rel=\"alternate\" type=\"application\/json+oembed\" href=\"https:\/\/www.valeursactuelles.com\/wp-json\/oembed\/1.0\/embed?url=https%3A%2F%2Fwww.valeursactuelles.com%2F%3Fp%3D394677\">\n<link rel=\"alternate\" type=\"text\/xml+oembed\" href=\"https:\/\/www.valeursactuelles.com\/wp-json\/oembed\/1.0\/embed?url=https%3A%2F%2Fwww.valeursactuelles.com%2F%3Fp%3D394677&amp;format=xml\">\n\t\t\t<meta property=\"fb:pages\" content=\"299111843523312\"><br \/>\n\t\t\t\t\t\t\t<meta property=\"ia:markup_url\" content=\"https:\/\/www.valeursactuelles.com\/?p=394677&amp;ia_markup=1\">\n<link rel=\"icon\" href=\"https:\/\/www.valeursactuelles.com\/assets\/uploads\/2025\/02\/cropped-Capture-decran-2025-02-10-094505-32x32.jpg\">\n<link rel=\"icon\" href=\"https:\/\/www.valeursactuelles.com\/assets\/uploads\/2025\/02\/cropped-Capture-decran-2025-02-10-094505-192x192.jpg\">\n<link rel=\"apple-touch-icon\" href=\"https:\/\/www.valeursactuelles.com\/assets\/uploads\/2025\/02\/cropped-Capture-decran-2025-02-10-094505-180x180.jpg\">\n<meta name=\"msapplication-TileImage\" content=\"https:\/\/www.valeursactuelles.com\/assets\/uploads\/2025\/02\/cropped-Capture-decran-2025-02-10-094505-270x270.jpg\"><\/p>\n<p>\t<!-- HEAD esi  -->\t<link crossorigin=\"anonymous\" rel=\"stylesheet\" id=\"fonts-css\" href=\"https:\/\/fonts.googleapis.com\/css2?family=Roboto+Slab:wght@400;500;600;700&amp;family=Roboto:wght@400;500;700&amp;display=swap\" type=\"text\/css\" media=\"all\">\n\t<link rel=\"preload\" href=\"https:\/\/www.valeursactuelles.com\/assets\/themes\/krea-theme\/dist\/style.f8937be3c1999bcb39ea.css\" as=\"style\" onload=\"this.onload=null;this.rel=\" stylesheet=\"\">\n\t<noscript><link rel=\"stylesheet\" href=\"https:\/\/www.valeursactuelles.com\/assets\/themes\/krea-theme\/dist\/style.f8937be3c1999bcb39ea.css\"><\/noscript>\n\t<link rel=\"stylesheet\" id=\"slick-css\" href=\"https:\/\/cdnjs.cloudflare.com\/ajax\/libs\/slick-carousel\/1.8.1\/slick.min.css\" type=\"text\/css\" media=\"all\">\n<!-- Page cache id ESI HEADER 68e6c008aecd8 --><!-- \/HEAD esi --><\/p>\n<p>\t\t\t<!-- Meta Pixel Code --><\/p>\n<p>\n\t\t<!-- End Meta Pixel Code --><br \/>\n\t\t<!-- START - HELIUMAD HEADSCRIPT --><\/p>\n<p>\t<!-- END - HELIUMAD HEADSCRIPT --><\/p>\n<p><main class=\"main-post  main-post--club\"><\/main><\/p>\n<nav class=\"breadcrumb\" aria-label=\"Breadcrumb\">\n<div class=\"grid\"><span><span>Accueil<\/span> \u00bb <span>Politique<\/span> \u00bb <span class=\"breadcrumb_last\" aria-current=\"page\">Jacques Tr\u00e9molet de Villers : Robert Badinter au Panth\u00e9on, une double erreur<\/span><\/span><\/div>\n<\/nav>\n<section class=\"content\">\n        <\/section>\n<\/p>\n<\/div>\n<p><script>\n\t\t\t! function(f, b, e, v, n, t, s) propos(window, document, 'script',\n\t\t\t\t'\n\t\t\tfbq('init', '6421915851270668');\n\t\t\tfbq('track', 'PageView');\n\t\t<\/script><\/p>\n<\/p>\n<p>#Jacques #Tr\u00e9molet #Villers #Robert #Badinter #Panth\u00e9on #une #double #erreur<\/p>\n<p>Reprise de l\u2019information dans un style journalistique professionnel descriptif en organisant les id\u00e9es dans un ordre coh\u00e9rent avec titres html <\/p>\n<p>Ouvrages:<\/p>\n<p>Les \u00e9crivains fran\u00e7ais devant la guerre de 1870 et devant la Commune.,<a href=\"https:\/\/www.kobo.com\/fr\/fr\/ebook\/les-ecrivains-francais-devant-la-guerre-de-1870-et-devant-la-commune-1\" target=\"_blank\" rel=\"noopener noreferrer nofollow\">Pr\u00e9sentation du livre<\/a><span><\/span>. Disponible sur internet.<\/p>\n<p>Reines et m\u00e8res.,<a href=\"https:\/\/www.kobo.com\/fr\/fr\/ebook\/reines-et-meres\" target=\"_blank\" rel=\"noopener noreferrer nofollow\">Clicker sur ce lien <\/a><span><\/span>. Disponible sur internet.<\/p>\n<p><script>\nvar date = \"Non r\u00e9cup\u00e9r\u00e9es\";\n        \/\/ Valeur de timestamp\n        var timestampString = 1759992034; \/\/ Assurez-vous que le timestamp est une cha\u00eene de texte\n        \/\/ Convertir la cha\u00eene de texte en nombre entier (timestamp)\n        var timestamp = parseInt(timestampString);\n        \/\/ Cr\u00e9er un objet Date \u00e0 partir du timestamp\n        var dateObject = new Date(timestamp * 1000); \/\/ Le timestamp est en secondes, donc on le multiplie par 1000 pour obtenir les millisecondes\n        \/\/ Format de date personnalis\u00e9\n        var options = { weekday: 'long', year: 'numeric', month: 'long', day: 'numeric', hour: 'numeric', minute: 'numeric', second: 'numeric', timeZone: 'Europe\/Paris' };\n        var formattedDate = dateObject.toLocaleDateString('fr-FR', options);\n formattedDate = formattedDate.replace(\/^.\/, formattedDate[0].toUpperCase());\n        \/\/ Afficher la date dans le HTML\n        document.getElementById('date').textContent = formattedDate;\n    <\/script><\/p>\n<p><script>\nvar datecrea = \"Non r\u00e9cup\u00e9r\u00e9e\";\n        \/\/ Date et heure au format \"2008-06-15 18:02:58\"\n        var dateString = \"2025-10-08 20:00:00\";\n        \/\/ Convertir la cha\u00eene de texte en objet Date\n        var now = new Date(dateString);\n        \/\/ Format de date personnalis\u00e9\n        var options = { weekday: 'long', year: 'numeric', month: 'long', day: 'numeric', hour: 'numeric', minute: 'numeric', second: 'numeric', timeZone: 'Europe\/Paris' };\n        var formattedDate = now.toLocaleDateString('fr-FR', options);\n formattedDate = formattedDate.replace(\/^.\/, formattedDate[0].toUpperCase());\n        \/\/ Afficher la date dans le HTML\n        document.getElementById('datecrea').textContent = formattedDate;\n    <\/script><\/p>\n<\/div>\n<p><!-- no image -->Vous pouvez lire ce post traitant le sujet \u00ab\u00a0La dictature num\u00e9rique\u00a0\u00bb. Il est produit par la r\u00e9daction de infodictat.fr. Le site infodictat.fr a pour objectif de publier plusieurs articles autour du sujet La dictature num\u00e9rique d\u00e9velopp\u00e9es sur le web. Cette chronique se veut g\u00e9n\u00e9r\u00e9e de la fa\u00e7on la plus juste qui soit. Pour \u00e9mettre des remarques sur ce dossier autour du sujet \u00ab\u00a0La dictature num\u00e9rique\u00a0\u00bb prenez les contacts indiqu\u00e9s sur notre site internet. En consultant r\u00e9guli\u00e8rement nos contenus de blog vous serez au courant des futures parutions.<\/p>\n","protected":false},"excerpt":{"rendered":"<p>Jacques Tr\u00e9molet de Villers : Robert Badinter au Panth\u00e9on, une double erreur diffus\u00e9 par Valeurs actuelles le A nouveau, ce site va vous d\u00e9voiler un \u00e9ditorial qui circule sur le web. Le propos est \u00abActualit\u00e9 fran\u00e7aise\u00bb. Diffus\u00e9 sur Valeurs actuelles, l\u2019article suivant Signature David Blanchard. Date et heure de la r\u00e9ception de la d\u00e9p\u00e9che sur &#8230; <a title=\"Infos nationales: Jacques Tr\u00e9molet de Villers : Robert Badinter au Panth\u00e9on, une double erreur #France\" class=\"read-more\" href=\"https:\/\/www.infodictat.fr\/blog\/infos-nationales-jacques-tremolet-de-villers-robert-badinter-au-pantheon-une-double-erreur-france\/\" aria-label=\"En savoir plus sur Infos nationales: Jacques Tr\u00e9molet de Villers : Robert Badinter au Panth\u00e9on, une double erreur #France\">Lire la suite<\/a><\/p>\n","protected":false},"author":2,"featured_media":0,"comment_status":"closed","ping_status":"closed","sticky":false,"template":"","format":"standard","meta":{"footnotes":""},"categories":[2],"tags":[],"class_list":["post-1201","post","type-post","status-publish","format-standard","hentry","category-la-dictature-numerique"],"yoast_head":"<!-- This site is optimized with the Yoast SEO plugin v27.5 - https:\/\/yoast.com\/product\/yoast-seo-wordpress\/ -->\n<title>Infos nationales: Jacques Tr\u00e9molet de Villers : Robert Badinter au Panth\u00e9on, une double erreur #France - INFODICTAT<\/title>\n<meta name=\"robots\" content=\"index, follow, max-snippet:-1, max-image-preview:large, max-video-preview:-1\" \/>\n<link rel=\"canonical\" href=\"https:\/\/www.infodictat.fr\/blog\/infos-nationales-jacques-tremolet-de-villers-robert-badinter-au-pantheon-une-double-erreur-france\/\" \/>\n<meta property=\"og:locale\" content=\"fr_FR\" \/>\n<meta property=\"og:type\" content=\"article\" \/>\n<meta property=\"og:title\" content=\"Infos nationales: Jacques Tr\u00e9molet de Villers : Robert Badinter au Panth\u00e9on, une double erreur #France - INFODICTAT\" \/>\n<meta property=\"og:description\" content=\"Jacques Tr\u00e9molet de Villers : Robert Badinter au Panth\u00e9on, une double erreur diffus\u00e9 par Valeurs actuelles le A nouveau, ce site va vous d\u00e9voiler un \u00e9ditorial qui circule sur le web. Le propos est \u00abActualit\u00e9 fran\u00e7aise\u00bb. Diffus\u00e9 sur Valeurs actuelles, l\u2019article suivant Signature David Blanchard. Date et heure de la r\u00e9ception de la d\u00e9p\u00e9che sur ... Lire la suite\" \/>\n<meta property=\"og:url\" content=\"https:\/\/www.infodictat.fr\/blog\/infos-nationales-jacques-tremolet-de-villers-robert-badinter-au-pantheon-une-double-erreur-france\/\" \/>\n<meta property=\"og:site_name\" content=\"INFODICTAT\" \/>\n<meta property=\"article:published_time\" content=\"2025-10-09T11:02:26+00:00\" \/>\n<meta name=\"author\" content=\"Oscar BETHMONT\" \/>\n<meta name=\"twitter:card\" content=\"summary_large_image\" \/>\n<meta name=\"twitter:label1\" content=\"\u00c9crit par\" \/>\n\t<meta name=\"twitter:data1\" content=\"Oscar BETHMONT\" \/>\n\t<meta name=\"twitter:label2\" content=\"Dur\u00e9e de lecture estim\u00e9e\" \/>\n\t<meta name=\"twitter:data2\" content=\"1 minute\" \/>\n<script type=\"application\/ld+json\" class=\"yoast-schema-graph\">{\"@context\":\"https:\\\/\\\/schema.org\",\"@graph\":[{\"@type\":\"Article\",\"@id\":\"https:\\\/\\\/www.infodictat.fr\\\/blog\\\/infos-nationales-jacques-tremolet-de-villers-robert-badinter-au-pantheon-une-double-erreur-france\\\/#article\",\"isPartOf\":{\"@id\":\"https:\\\/\\\/www.infodictat.fr\\\/blog\\\/infos-nationales-jacques-tremolet-de-villers-robert-badinter-au-pantheon-une-double-erreur-france\\\/\"},\"author\":{\"name\":\"Oscar BETHMONT\",\"@id\":\"https:\\\/\\\/www.infodictat.fr\\\/blog\\\/#\\\/schema\\\/person\\\/6c2c8af0941702348e8eca9144cc1267\"},\"headline\":\"Infos nationales: Jacques Tr\u00e9molet de Villers : Robert Badinter au Panth\u00e9on, une double erreur #France\",\"datePublished\":\"2025-10-09T11:02:26+00:00\",\"mainEntityOfPage\":{\"@id\":\"https:\\\/\\\/www.infodictat.fr\\\/blog\\\/infos-nationales-jacques-tremolet-de-villers-robert-badinter-au-pantheon-une-double-erreur-france\\\/\"},\"wordCount\":311,\"publisher\":{\"@id\":\"https:\\\/\\\/www.infodictat.fr\\\/blog\\\/#organization\"},\"articleSection\":[\"La Dictature Num\u00e9rique:\"],\"inLanguage\":\"fr-FR\"},{\"@type\":\"WebPage\",\"@id\":\"https:\\\/\\\/www.infodictat.fr\\\/blog\\\/infos-nationales-jacques-tremolet-de-villers-robert-badinter-au-pantheon-une-double-erreur-france\\\/\",\"url\":\"https:\\\/\\\/www.infodictat.fr\\\/blog\\\/infos-nationales-jacques-tremolet-de-villers-robert-badinter-au-pantheon-une-double-erreur-france\\\/\",\"name\":\"Infos nationales: Jacques Tr\u00e9molet de Villers : Robert Badinter au Panth\u00e9on, une double erreur #France - INFODICTAT\",\"isPartOf\":{\"@id\":\"https:\\\/\\\/www.infodictat.fr\\\/blog\\\/#website\"},\"datePublished\":\"2025-10-09T11:02:26+00:00\",\"breadcrumb\":{\"@id\":\"https:\\\/\\\/www.infodictat.fr\\\/blog\\\/infos-nationales-jacques-tremolet-de-villers-robert-badinter-au-pantheon-une-double-erreur-france\\\/#breadcrumb\"},\"inLanguage\":\"fr-FR\",\"potentialAction\":[{\"@type\":\"ReadAction\",\"target\":[\"https:\\\/\\\/www.infodictat.fr\\\/blog\\\/infos-nationales-jacques-tremolet-de-villers-robert-badinter-au-pantheon-une-double-erreur-france\\\/\"]}]},{\"@type\":\"BreadcrumbList\",\"@id\":\"https:\\\/\\\/www.infodictat.fr\\\/blog\\\/infos-nationales-jacques-tremolet-de-villers-robert-badinter-au-pantheon-une-double-erreur-france\\\/#breadcrumb\",\"itemListElement\":[{\"@type\":\"ListItem\",\"position\":1,\"name\":\"Accueil\",\"item\":\"https:\\\/\\\/www.infodictat.fr\\\/blog\\\/\"},{\"@type\":\"ListItem\",\"position\":2,\"name\":\"Infos nationales: Jacques Tr\u00e9molet de Villers : Robert Badinter au Panth\u00e9on, une double erreur #France\"}]},{\"@type\":\"WebSite\",\"@id\":\"https:\\\/\\\/www.infodictat.fr\\\/blog\\\/#website\",\"url\":\"https:\\\/\\\/www.infodictat.fr\\\/blog\\\/\",\"name\":\"INFODICTAT\",\"description\":\"La dictature num\u00e9rique.\",\"publisher\":{\"@id\":\"https:\\\/\\\/www.infodictat.fr\\\/blog\\\/#organization\"},\"potentialAction\":[{\"@type\":\"SearchAction\",\"target\":{\"@type\":\"EntryPoint\",\"urlTemplate\":\"https:\\\/\\\/www.infodictat.fr\\\/blog\\\/?s={search_term_string}\"},\"query-input\":{\"@type\":\"PropertyValueSpecification\",\"valueRequired\":true,\"valueName\":\"search_term_string\"}}],\"inLanguage\":\"fr-FR\"},{\"@type\":\"Organization\",\"@id\":\"https:\\\/\\\/www.infodictat.fr\\\/blog\\\/#organization\",\"name\":\"infodictat\",\"url\":\"https:\\\/\\\/www.infodictat.fr\\\/blog\\\/\",\"logo\":{\"@type\":\"ImageObject\",\"inLanguage\":\"fr-FR\",\"@id\":\"https:\\\/\\\/www.infodictat.fr\\\/blog\\\/#\\\/schema\\\/logo\\\/image\\\/\",\"url\":\"https:\\\/\\\/www.infodictat.fr\\\/blog\\\/wp-content\\\/uploads\\\/2023\\\/05\\\/logo-2.png\",\"contentUrl\":\"https:\\\/\\\/www.infodictat.fr\\\/blog\\\/wp-content\\\/uploads\\\/2023\\\/05\\\/logo-2.png\",\"width\":480,\"height\":596,\"caption\":\"infodictat\"},\"image\":{\"@id\":\"https:\\\/\\\/www.infodictat.fr\\\/blog\\\/#\\\/schema\\\/logo\\\/image\\\/\"}},{\"@type\":\"Person\",\"@id\":\"https:\\\/\\\/www.infodictat.fr\\\/blog\\\/#\\\/schema\\\/person\\\/6c2c8af0941702348e8eca9144cc1267\",\"name\":\"Oscar BETHMONT\",\"image\":{\"@type\":\"ImageObject\",\"inLanguage\":\"fr-FR\",\"@id\":\"https:\\\/\\\/secure.gravatar.com\\\/avatar\\\/f80ff32d67d40b919e8be190b7325be3c6cb33ce305ac1d45cadad29128e831e?s=96&d=mm&r=g\",\"url\":\"https:\\\/\\\/secure.gravatar.com\\\/avatar\\\/f80ff32d67d40b919e8be190b7325be3c6cb33ce305ac1d45cadad29128e831e?s=96&d=mm&r=g\",\"contentUrl\":\"https:\\\/\\\/secure.gravatar.com\\\/avatar\\\/f80ff32d67d40b919e8be190b7325be3c6cb33ce305ac1d45cadad29128e831e?s=96&d=mm&r=g\",\"caption\":\"Oscar BETHMONT\"},\"url\":\"https:\\\/\\\/www.infodictat.fr\\\/blog\\\/author\\\/tatoscar\\\/\"}]}<\/script>\n<!-- \/ Yoast SEO plugin. -->","yoast_head_json":{"title":"Infos nationales: Jacques Tr\u00e9molet de Villers : Robert Badinter au Panth\u00e9on, une double erreur #France - INFODICTAT","robots":{"index":"index","follow":"follow","max-snippet":"max-snippet:-1","max-image-preview":"max-image-preview:large","max-video-preview":"max-video-preview:-1"},"canonical":"https:\/\/www.infodictat.fr\/blog\/infos-nationales-jacques-tremolet-de-villers-robert-badinter-au-pantheon-une-double-erreur-france\/","og_locale":"fr_FR","og_type":"article","og_title":"Infos nationales: Jacques Tr\u00e9molet de Villers : Robert Badinter au Panth\u00e9on, une double erreur #France - INFODICTAT","og_description":"Jacques Tr\u00e9molet de Villers : Robert Badinter au Panth\u00e9on, une double erreur diffus\u00e9 par Valeurs actuelles le A nouveau, ce site va vous d\u00e9voiler un \u00e9ditorial qui circule sur le web. Le propos est \u00abActualit\u00e9 fran\u00e7aise\u00bb. Diffus\u00e9 sur Valeurs actuelles, l\u2019article suivant Signature David Blanchard. Date et heure de la r\u00e9ception de la d\u00e9p\u00e9che sur ... Lire la suite","og_url":"https:\/\/www.infodictat.fr\/blog\/infos-nationales-jacques-tremolet-de-villers-robert-badinter-au-pantheon-une-double-erreur-france\/","og_site_name":"INFODICTAT","article_published_time":"2025-10-09T11:02:26+00:00","author":"Oscar BETHMONT","twitter_card":"summary_large_image","twitter_misc":{"\u00c9crit par":"Oscar BETHMONT","Dur\u00e9e de lecture estim\u00e9e":"1 minute"},"schema":{"@context":"https:\/\/schema.org","@graph":[{"@type":"Article","@id":"https:\/\/www.infodictat.fr\/blog\/infos-nationales-jacques-tremolet-de-villers-robert-badinter-au-pantheon-une-double-erreur-france\/#article","isPartOf":{"@id":"https:\/\/www.infodictat.fr\/blog\/infos-nationales-jacques-tremolet-de-villers-robert-badinter-au-pantheon-une-double-erreur-france\/"},"author":{"name":"Oscar BETHMONT","@id":"https:\/\/www.infodictat.fr\/blog\/#\/schema\/person\/6c2c8af0941702348e8eca9144cc1267"},"headline":"Infos nationales: Jacques Tr\u00e9molet de Villers : Robert Badinter au Panth\u00e9on, une double erreur #France","datePublished":"2025-10-09T11:02:26+00:00","mainEntityOfPage":{"@id":"https:\/\/www.infodictat.fr\/blog\/infos-nationales-jacques-tremolet-de-villers-robert-badinter-au-pantheon-une-double-erreur-france\/"},"wordCount":311,"publisher":{"@id":"https:\/\/www.infodictat.fr\/blog\/#organization"},"articleSection":["La Dictature Num\u00e9rique:"],"inLanguage":"fr-FR"},{"@type":"WebPage","@id":"https:\/\/www.infodictat.fr\/blog\/infos-nationales-jacques-tremolet-de-villers-robert-badinter-au-pantheon-une-double-erreur-france\/","url":"https:\/\/www.infodictat.fr\/blog\/infos-nationales-jacques-tremolet-de-villers-robert-badinter-au-pantheon-une-double-erreur-france\/","name":"Infos nationales: Jacques Tr\u00e9molet de Villers : Robert Badinter au Panth\u00e9on, une double erreur #France - INFODICTAT","isPartOf":{"@id":"https:\/\/www.infodictat.fr\/blog\/#website"},"datePublished":"2025-10-09T11:02:26+00:00","breadcrumb":{"@id":"https:\/\/www.infodictat.fr\/blog\/infos-nationales-jacques-tremolet-de-villers-robert-badinter-au-pantheon-une-double-erreur-france\/#breadcrumb"},"inLanguage":"fr-FR","potentialAction":[{"@type":"ReadAction","target":["https:\/\/www.infodictat.fr\/blog\/infos-nationales-jacques-tremolet-de-villers-robert-badinter-au-pantheon-une-double-erreur-france\/"]}]},{"@type":"BreadcrumbList","@id":"https:\/\/www.infodictat.fr\/blog\/infos-nationales-jacques-tremolet-de-villers-robert-badinter-au-pantheon-une-double-erreur-france\/#breadcrumb","itemListElement":[{"@type":"ListItem","position":1,"name":"Accueil","item":"https:\/\/www.infodictat.fr\/blog\/"},{"@type":"ListItem","position":2,"name":"Infos nationales: Jacques Tr\u00e9molet de Villers : Robert Badinter au Panth\u00e9on, une double erreur #France"}]},{"@type":"WebSite","@id":"https:\/\/www.infodictat.fr\/blog\/#website","url":"https:\/\/www.infodictat.fr\/blog\/","name":"INFODICTAT","description":"La dictature num\u00e9rique.","publisher":{"@id":"https:\/\/www.infodictat.fr\/blog\/#organization"},"potentialAction":[{"@type":"SearchAction","target":{"@type":"EntryPoint","urlTemplate":"https:\/\/www.infodictat.fr\/blog\/?s={search_term_string}"},"query-input":{"@type":"PropertyValueSpecification","valueRequired":true,"valueName":"search_term_string"}}],"inLanguage":"fr-FR"},{"@type":"Organization","@id":"https:\/\/www.infodictat.fr\/blog\/#organization","name":"infodictat","url":"https:\/\/www.infodictat.fr\/blog\/","logo":{"@type":"ImageObject","inLanguage":"fr-FR","@id":"https:\/\/www.infodictat.fr\/blog\/#\/schema\/logo\/image\/","url":"https:\/\/www.infodictat.fr\/blog\/wp-content\/uploads\/2023\/05\/logo-2.png","contentUrl":"https:\/\/www.infodictat.fr\/blog\/wp-content\/uploads\/2023\/05\/logo-2.png","width":480,"height":596,"caption":"infodictat"},"image":{"@id":"https:\/\/www.infodictat.fr\/blog\/#\/schema\/logo\/image\/"}},{"@type":"Person","@id":"https:\/\/www.infodictat.fr\/blog\/#\/schema\/person\/6c2c8af0941702348e8eca9144cc1267","name":"Oscar BETHMONT","image":{"@type":"ImageObject","inLanguage":"fr-FR","@id":"https:\/\/secure.gravatar.com\/avatar\/f80ff32d67d40b919e8be190b7325be3c6cb33ce305ac1d45cadad29128e831e?s=96&d=mm&r=g","url":"https:\/\/secure.gravatar.com\/avatar\/f80ff32d67d40b919e8be190b7325be3c6cb33ce305ac1d45cadad29128e831e?s=96&d=mm&r=g","contentUrl":"https:\/\/secure.gravatar.com\/avatar\/f80ff32d67d40b919e8be190b7325be3c6cb33ce305ac1d45cadad29128e831e?s=96&d=mm&r=g","caption":"Oscar BETHMONT"},"url":"https:\/\/www.infodictat.fr\/blog\/author\/tatoscar\/"}]}},"_links":{"self":[{"href":"https:\/\/www.infodictat.fr\/blog\/wp-json\/wp\/v2\/posts\/1201","targetHints":{"allow":["GET"]}}],"collection":[{"href":"https:\/\/www.infodictat.fr\/blog\/wp-json\/wp\/v2\/posts"}],"about":[{"href":"https:\/\/www.infodictat.fr\/blog\/wp-json\/wp\/v2\/types\/post"}],"author":[{"embeddable":true,"href":"https:\/\/www.infodictat.fr\/blog\/wp-json\/wp\/v2\/users\/2"}],"replies":[{"embeddable":true,"href":"https:\/\/www.infodictat.fr\/blog\/wp-json\/wp\/v2\/comments?post=1201"}],"version-history":[{"count":0,"href":"https:\/\/www.infodictat.fr\/blog\/wp-json\/wp\/v2\/posts\/1201\/revisions"}],"wp:attachment":[{"href":"https:\/\/www.infodictat.fr\/blog\/wp-json\/wp\/v2\/media?parent=1201"}],"wp:term":[{"taxonomy":"category","embeddable":true,"href":"https:\/\/www.infodictat.fr\/blog\/wp-json\/wp\/v2\/categories?post=1201"},{"taxonomy":"post_tag","embeddable":true,"href":"https:\/\/www.infodictat.fr\/blog\/wp-json\/wp\/v2\/tags?post=1201"}],"curies":[{"name":"wp","href":"https:\/\/api.w.org\/{rel}","templated":true}]}}