{"id":1199,"date":"2025-10-07T22:10:35","date_gmt":"2025-10-07T20:10:35","guid":{"rendered":"https:\/\/www.infodictat.fr\/blog\/aubervilliers-sept-villes-de-seine-saint-denis-parmi-les-vingt-les-plus-pauvres-de-france\/"},"modified":"2025-10-07T22:10:35","modified_gmt":"2025-10-07T20:10:35","slug":"aubervilliers-sept-villes-de-seine-saint-denis-parmi-les-vingt-les-plus-pauvres-de-france","status":"publish","type":"post","link":"https:\/\/www.infodictat.fr\/blog\/aubervilliers-sept-villes-de-seine-saint-denis-parmi-les-vingt-les-plus-pauvres-de-france\/","title":{"rendered":"Aubervilliers; Sept villes de Seine-Saint-Denis parmi les vingt les plus pauvres de France"},"content":{"rendered":"<div><img width=\"750\" height=\"422\" src=\"https:\/\/www.infodictat.fr\/blog\/wp-content\/uploads\/2025\/10\/KXKL7OGE4OCRHZ3CTKTYWARGM4-1024x576-1.jpg\" class=\"attachment-large size-large wp-post-image\" alt=\"\" style=\"width:100%;height:56.25%;max-width:1200px;float:left; margin:0 15px 15px 0;\" decoding=\"async\" srcset=\"https:\/\/www.infodictat.fr\/blog\/wp-content\/uploads\/2025\/10\/KXKL7OGE4OCRHZ3CTKTYWARGM4-1024x576-1.jpg 1024w, https:\/\/www.site.cdcl.xyz\/wp-content\/uploads\/2025\/10\/KXKL7OGE4OCRHZ3CTKTYWARGM4-300x169.jpg 300w, https:\/\/www.site.cdcl.xyz\/wp-content\/uploads\/2025\/10\/KXKL7OGE4OCRHZ3CTKTYWARGM4-768x432.jpg 768w, https:\/\/www.site.cdcl.xyz\/wp-content\/uploads\/2025\/10\/KXKL7OGE4OCRHZ3CTKTYWARGM4.jpg 1200w\" sizes=\"(max-width: 750px) 100vw, 750px\"><\/p>\n<p>\nLe titre \u00ab\u00a0Sept villes de Seine-Saint-Denis parmi les vingt les plus pauvres de France\u00a0\u00bb d\u00e9signe un article qui vient tout juste d\u2019\u00eatre publi\u00e9. <\/p>\n<div id=\"\">\n<p class=\"paragraph text_align_left lp-f-body-02\">A Aubervilliers, Clichy-sous-Bois ou encore La Courneuve, plus de quatre habitants sur dix doivent vivre, chaque mois, avec moins de 885 \u20ac par mois, un montant qui correspond \u00e0 la moiti\u00e9 d\u2019un salaire m\u00e9dian en France. Et qui est bien inf\u00e9rieure au seuil de pauvret\u00e9, fix\u00e9 \u00e0 1063 euros par l\u2019Insee.<\/p>\n<\/div>\n<h2>AUBERVILLIERS : Une situation financi\u00e8re devenue ing\u00e9rable<\/h2>\n<p>Un rapport d\u2019enqu\u00eate effectu\u00e9 en \u00cele-de-France par un organisme ind\u00e9pendant, accompagn\u00e9 d\u2019une consultation en ligne, souligne la d\u00e9gradation des finances publiques et de la gestion d\u2019Aubervilliers.<\/p>\n<p>L\u2019audit a \u00e9t\u00e9 r\u00e9alis\u00e9 par une agence experte en gestion des collectivit\u00e9s publiques. L\u2019\u00e9tude a concern\u00e9 l\u2019ensemble des mairies et villes de l\u2019\u00eele-de-France. <a href=\"https:\/\/www.bilan-de-mandat.fr\/ile-de-france\/mairie\/seine-saint-denis_aubervilliers\/\" rel=\"noopener noreferrer nofollow\" target=\"blank\" target=\"_blank\">Les r\u00e9sultats de l\u2019\u00e9tude pour la municipalit\u00e9 d\u2019Aubervilliers peuvent \u00eatre consult\u00e9s, pour vous informer sur l\u2019ensemble des \u00e9l\u00e9ments financiers qui ont \u00e9t\u00e9 \u00e9tudi\u00e9s.<\/a><\/p>\n<p>Malgr\u00e9 des atouts ind\u00e9niables, la ville d\u2019Aubervilliers a sombr\u00e9 dans une gestion imprudente tant sur le plan financier que dans la gestion publique<\/p>\n<p>La responsabilit\u00e9 de la municipalit\u00e9 sous la direction de MERIEM DERKAOUI est clairement engag\u00e9e, bien qu\u2019un tiers des probl\u00e8mes soit attribuable \u00e0 la conjoncture.<\/p>\n<p>Cette analyse a \u00e9t\u00e9 conduite par le site ind\u00e9pendant Bilan de Mandat, qui a compil\u00e9 les chiffres budg\u00e9taires accessibles en ligne par le minist\u00e8re des Finances, remontant 7 ans en arri\u00e8re<\/p>\n<h3>R\u00e9trogradation de la qualit\u00e9 des services publics ALBERTIVILLARIENS<\/h3>\n<p>Une gestion financi\u00e8re non optimale m\u00e8nera in\u00e9vitablement \u00e0 des diminutions des budgets allou\u00e9s aux services publics \u00e0 l\u2019horizon 2026-2027, ce qui se traduit par :<\/p>\n<ul>\n<li>Baisse des effectifs : Diminution du personnel pour garantir des services essentiels tels que la propret\u00e9, la s\u00e9curit\u00e9 ou l\u2019\u00e9ducation.\n<\/li>\n<li>Fr\u00e9quence des services r\u00e9duite : Moins de collectes de d\u00e9chets et horaires r\u00e9duits pour les biblioth\u00e8ques et centres communautaires.\n<\/li>\n<li>Insatisfaction croissante des usagers : Les habitants, d\u00e9j\u00e0 insatisfaits des services municipaux, subiront la baisse de la qualit\u00e9 des services et en seront les premi\u00e8res victimes, malgr\u00e9 une contribution sup\u00e9rieure \u00e0 la moyenne.<\/li>\n<\/ul>\n<h3>La d\u00e9mocratie locale en d\u00e9faillance<\/h3>\n<p>De 2020 \u00e0 2025, le vivre ensemble a \u00e9t\u00e9 d\u00e9laiss\u00e9, faute d\u2019un projet de territoire solide port\u00e9 par une municipalit\u00e9 coh\u00e9rente. Les probl\u00e8mes \u00e9conomiques vont accro\u00eetre les tensions communautaires, entra\u00eenant :<\/p>\n<ul>\n<li>Opposition et m\u00e9contentement : Les citoyens vont se r\u00e9unir pour manifester leur m\u00e9contentement face \u00e0 l\u2019augmentation des imp\u00f4ts ou \u00e0 la diminution des services.\n<\/li>\n<li>Litiges entre groupes d\u2019int\u00e9r\u00eats : Les d\u00e9cisions financi\u00e8res vont diviser diff\u00e9rents groupes, tels que les usagers de services publics et les contribuables.\n<\/li>\n<li>\u00c9rosion des liens communautaires : Un climat de m\u00e9contentement risque de nuire \u00e0 l\u2019harmonie au sein de la communaut\u00e9.<\/li>\n<\/ul>\n<h3>Probl\u00e8mes budg\u00e9taires s\u00e9rieux affectant la commune d\u2019Aubervilliers<\/h3>\n<p>La commune d\u2019Aubervilliers subit une pression financi\u00e8re importante, avec un endettement qui s\u2019accro\u00eet et une gestion des d\u00e9penses qui soul\u00e8ve des questions. Une analyse compl\u00e8te des critiques essentielles et de leurs effets.<\/p>\n<h3>Endettement et types de dettes<\/h3>\n<p>La commune d\u2019Aubervilliers se trouve confront\u00e9e \u00e0 un endettement devenu ing\u00e9rable. Cette situation entra\u00eene des cons\u00e9quences notables :<\/p>\n<\/p>\n<ul>\n<li>Augmentation des obligations d\u2019int\u00e9r\u00eat : L\u2019augmentation de la dette g\u00e9n\u00e8re des frais d\u2019int\u00e9r\u00eat accrus, limitant les fonds disponibles pour d\u2019autres investissements.\n<\/li>\n<li>Diminution des fonds disponibles pour l\u2019investissement : L\u2019endettement important freine la capacit\u00e9 de la ville \u00e0 investir dans des projets d\u2019infrastructure ou des services publics n\u00e9cessaires.\n<\/li>\n<li>Probabilit\u00e9 de non-respect des obligations de paiement : Une dette incontr\u00f4lable accro\u00eet le risque de non-paiement, ce qui va entra\u00eener des p\u00e9nalit\u00e9s financi\u00e8res ou des limitations impos\u00e9es par les cr\u00e9anciers.\n<\/li>\n<li>D\u00e9sengagement des investisseurs : Une situation financi\u00e8re vuln\u00e9rable va d\u00e9courager les investisseurs, ralentissant le d\u00e9veloppement \u00e9conomique de la ville.\n<\/li>\n<li>R\u00e9percussions sur la notation de cr\u00e9dit: Une dette trop \u00e9lev\u00e9e augmente la probabilit\u00e9 de d\u00e9faut, ce qui va conduire \u00e0 des sanctions financi\u00e8res ou \u00e0 des restrictions de la part des cr\u00e9anciers.<\/li>\n<\/ul>\n<h3>Accroissement des pr\u00e9l\u00e8vements fiscaux sur les contribuables ALBERTIVILLARIENS<\/h3>\n<p>La commune doit n\u00e9cessairement augmenter les taxes sur les contribuables, mais cette action a \u00e9t\u00e9 suspendue en 2025 \u00e0 cause des \u00e9lections municipales de 2026. Les cons\u00e9quences de cette situation appellent \u00e0 la vigilance :<\/p>\n<ul>\n<li>M\u00e9contentement g\u00e9n\u00e9ral des \u00e9lecteurs : Une hausse des imp\u00f4ts va susciter un m\u00e9contentement parmi les citoyens, alt\u00e9rant leur confiance envers la municipalit\u00e9.\n<\/li>\n<li>Affaiblissement des revenus fiscaux : Des augmentations d\u2019imp\u00f4ts vont entra\u00eener le d\u00e9part de certains contribuables, ce qui affecte la base fiscale \u00e0 long terme.\n<\/li>\n<li>Obstacles pour les foyers : L\u2019augmentation des charges fiscales va affecter le budget des foyers, renfor\u00e7ant les in\u00e9galit\u00e9s sociales.\n<\/li>\n<li>Retard dans les projets d\u2019investissement : L\u2019absence de hausse des pr\u00e9l\u00e8vements en 2025 va repousser des projets d\u2019investissement indispensables pour le d\u00e9veloppement de la commune.\n<\/li>\n<li>Contrainte sur les services publics : L\u2019obligation de compenser les pertes de revenus va entra\u00eener des coupes dans les prestations publiques, nuisant \u00e0 la qualit\u00e9 de vie des citoyens.<\/li>\n<\/ul>\n<h3>Inad\u00e9quation dans la gestion financi\u00e8re<\/h3>\n<p>La mont\u00e9e des d\u00e9penses annuelles met en lumi\u00e8re une gestion financi\u00e8re peu rigoureuse. Les cons\u00e9quences de cette situation sont ind\u00e9niables :<\/p>\n<ul>\n<li>Hausse des d\u00e9ficits : Un d\u00e9ficit de contr\u00f4le sur les d\u00e9penses va g\u00e9n\u00e9rer des d\u00e9ficits budg\u00e9taires accrus, rendant la situation financi\u00e8re plus instable.\n<\/li>\n<li>Diminution des fonds allou\u00e9s aux investissements futurs : Les d\u00e9ficits constants vont limiter les ressources de la commune pour des investissements futurs.\n<\/li>\n<li>\u00c9rosion de la confiance : Une administration financi\u00e8re mal g\u00e9r\u00e9e portera atteinte \u00e0 la cr\u00e9dibilit\u00e9 de la municipalit\u00e9, rendant l\u2019obtention de fonds externes plus difficile.\n<\/li>\n<li>Surconsommation des ressources : Un manque de supervision sur les d\u00e9penses risque de provoquer un gaspillage des ressources publiques, au d\u00e9triment de l\u2019int\u00e9r\u00eat g\u00e9n\u00e9ral.\n<\/li>\n<li>Incidences sur les services publics: Des d\u00e9penses incontr\u00f4l\u00e9es provoqueront des diminutions dans les services sociaux<\/li>\n<\/ul>\n<h3>Questions fr\u00e9quentes relatives \u00e0 la commune d\u2019Aubervilliers<\/h3>\n<h4>Quelles activit\u00e9s culturelles et historiques peut-on d\u00e9couvrir ?<\/h4>\n<p>Le patrimoine d\u2019une ville t\u00e9moigne de sa richesse culturelle. La mairie ou l\u2019h\u00f4tel de ville, les vieilles photographies de l\u2019\u00e9cole, et l\u2019artisanat des m\u00e9tiers d\u2019autrefois permettent une d\u00e9couverte gratuite, ainsi qu\u2019une transmission et une pr\u00e9servation de ce patrimoine local. Dans chaque r\u00e9gion de France, la politique de sensibilisation garantit que le patrimoine de la ville reste actif et accessible pour les g\u00e9n\u00e9rations \u00e0 venir.<\/p>\n<h4>Comment se situe la situation des associations locales dans la ville d\u2019Aubervilliers ?<\/h4>\n<p>Les associations de proximit\u00e9 contribuent significativement \u00e0 la culture. Si vous avez besoin des coordonn\u00e9es d\u2019une association, l\u2019annuaire en ligne sur le site de la mairie d\u2019Aubervilliers est \u00e0 votre disposition.<\/p>\n<h4>Quel est le nom du maire d\u2019Aubervilliers ?<\/h4>\n<p>MERIEM DERKAOUI<\/p>\n<h4>Comment acc\u00e9der \u00e0 l\u2019information dans la commune d\u2019Aubervilliers ?<\/h4>\n<p>Principalement, les informations en ligne. Les citoyens peuvent consulter les actualit\u00e9s et le journal municipal de leur ville ainsi que des villes proches. Sur le site de la municipalit\u00e9, les nouveaux habitants peuvent acc\u00e9der \u00e0 la page de bienvenue, aux num\u00e9ros utiles pour diff\u00e9rentes d\u00e9marches, \u00e0 l\u2019annuaire des PME, aux journ\u00e9es et activit\u00e9s gratuites, aux informations sur la rentr\u00e9e scolaire, aux menus des cantines, \u00e0 l\u2019espace de confidentialit\u00e9 pour les comptes familles et aux d\u00e9marches administratives, notamment dans le domaine scolaire. Sur d\u2019autres sites internet non g\u00e9r\u00e9s par la mairie, les habitants peuvent trouver des informations sur les \u00e9v\u00e9nements culturels (spectacles, th\u00e9\u00e2tre, festivals) qui dynamisent la vie locale et favorisent l\u2019acc\u00e8s \u00e0 la culture.<\/p>\n<h4>Quelle est l\u2019analyse principale issue de l\u2019audit financier d\u2019Aubervilliers ?<\/h4>\n<p>L\u2019enqu\u00eate r\u00e9v\u00e8le une situation pr\u00e9occupante des finances publiques et de la gestion d\u2019Aubervilliers, mettant en lumi\u00e8re une imprudence tant financi\u00e8re que dans l\u2019administration publique.<\/p>\n<h4>Quels \u00e9l\u00e9ments ont impact\u00e9 cette crise financi\u00e8re ?<\/h4>\n<p>Bien que le cadre \u00e9conomique ait son importance, deux tiers des probl\u00e8mes rencontr\u00e9s sont le r\u00e9sultat des choix politiques de la municipalit\u00e9 sous la gouvernance de MERIEM DERKAOUI.<\/p>\n<h4>Comment peut-on rejoindre les activit\u00e9s des associations ?<\/h4>\n<p>Dans chaque ville, on peut observer que le nombre d\u2019associations et l\u2019agenda de leurs manifestations (th\u00e9\u00e2tre, festival\u2026) sont notables et autonomes par rapport \u00e0 la politique municipale. Les associations, comme dans l\u2019ensemble du pays, organisent de nombreux \u00e9v\u00e9nements tout au long de l\u2019ann\u00e9e. Pour ceux qui souhaitent y participer, il est facile de s\u2019inscrire \u00e0 ces activit\u00e9s sur internet, o\u00f9 un simple clic permet d\u2019acc\u00e9der \u00e0 l\u2019agenda des \u00e9v\u00e9nements ou aux informations de contact des responsables. Rejoignez-nous d\u2019un simple clic.<\/p>\n<\/p>\n<\/div>\n<p><img decoding=\"async\" class=\"wpe_imgrss\" src=\"https:\/\/www.infodictat.fr\/blog\/wp-content\/uploads\/2025\/10\/KXKL7OGE4OCRHZ3CTKTYWARGM4-1024x576-1.jpg\">Vous pouvez lire ce post traitant le sujet \u00ab\u00a0La dictature num\u00e9rique\u00a0\u00bb. Il est produit par la r\u00e9daction de infodictat.fr. Le site infodictat.fr a pour objectif de publier plusieurs articles autour du sujet La dictature num\u00e9rique d\u00e9velopp\u00e9es sur le web. Cette chronique se veut g\u00e9n\u00e9r\u00e9e de la fa\u00e7on la plus juste qui soit. Pour \u00e9mettre des remarques sur ce dossier autour du sujet \u00ab\u00a0La dictature num\u00e9rique\u00a0\u00bb prenez les contacts indiqu\u00e9s sur notre site internet. En consultant r\u00e9guli\u00e8rement nos contenus de blog vous serez au courant des futures parutions.<\/p>\n","protected":false},"excerpt":{"rendered":"<p>Le titre \u00ab\u00a0Sept villes de Seine-Saint-Denis parmi les vingt les plus pauvres de France\u00a0\u00bb d\u00e9signe un article qui vient tout juste d\u2019\u00eatre publi\u00e9. A Aubervilliers, Clichy-sous-Bois ou encore La Courneuve, plus de quatre habitants sur dix doivent vivre, chaque mois, avec moins de 885 \u20ac par mois, un montant qui correspond \u00e0 la moiti\u00e9 d\u2019un &#8230; <a title=\"Aubervilliers; Sept villes de Seine-Saint-Denis parmi les vingt les plus pauvres de France\" class=\"read-more\" href=\"https:\/\/www.infodictat.fr\/blog\/aubervilliers-sept-villes-de-seine-saint-denis-parmi-les-vingt-les-plus-pauvres-de-france\/\" aria-label=\"En savoir plus sur Aubervilliers; Sept villes de Seine-Saint-Denis parmi les vingt les plus pauvres de France\">Lire la suite<\/a><\/p>\n","protected":false},"author":2,"featured_media":1200,"comment_status":"closed","ping_status":"closed","sticky":false,"template":"","format":"standard","meta":{"footnotes":""},"categories":[2],"tags":[],"class_list":["post-1199","post","type-post","status-publish","format-standard","has-post-thumbnail","hentry","category-la-dictature-numerique"],"yoast_head":"<!-- This site is optimized with the Yoast SEO plugin v27.5 - https:\/\/yoast.com\/product\/yoast-seo-wordpress\/ -->\n<title>Aubervilliers; Sept villes de Seine-Saint-Denis parmi les vingt les plus pauvres de France - INFODICTAT<\/title>\n<meta name=\"robots\" content=\"index, follow, max-snippet:-1, max-image-preview:large, max-video-preview:-1\" \/>\n<link rel=\"canonical\" href=\"https:\/\/www.infodictat.fr\/blog\/aubervilliers-sept-villes-de-seine-saint-denis-parmi-les-vingt-les-plus-pauvres-de-france\/\" \/>\n<meta property=\"og:locale\" content=\"fr_FR\" \/>\n<meta property=\"og:type\" content=\"article\" \/>\n<meta property=\"og:title\" content=\"Aubervilliers; Sept villes de Seine-Saint-Denis parmi les vingt les plus pauvres de France - INFODICTAT\" \/>\n<meta property=\"og:description\" content=\"Le titre \u00ab\u00a0Sept villes de Seine-Saint-Denis parmi les vingt les plus pauvres de France\u00a0\u00bb d\u00e9signe un article qui vient tout juste d\u2019\u00eatre publi\u00e9. A Aubervilliers, Clichy-sous-Bois ou encore La Courneuve, plus de quatre habitants sur dix doivent vivre, chaque mois, avec moins de 885 \u20ac par mois, un montant qui correspond \u00e0 la moiti\u00e9 d\u2019un ... Lire la suite\" \/>\n<meta property=\"og:url\" content=\"https:\/\/www.infodictat.fr\/blog\/aubervilliers-sept-villes-de-seine-saint-denis-parmi-les-vingt-les-plus-pauvres-de-france\/\" \/>\n<meta property=\"og:site_name\" content=\"INFODICTAT\" \/>\n<meta property=\"article:published_time\" content=\"2025-10-07T20:10:35+00:00\" \/>\n<meta property=\"og:image\" content=\"https:\/\/www.infodictat.fr\/blog\/wp-content\/uploads\/2025\/10\/KXKL7OGE4OCRHZ3CTKTYWARGM4-1024x576-1.jpg\" \/>\n<meta name=\"author\" content=\"Oscar BETHMONT\" \/>\n<meta name=\"twitter:card\" content=\"summary_large_image\" \/>\n<meta name=\"twitter:label1\" content=\"\u00c9crit par\" \/>\n\t<meta name=\"twitter:data1\" content=\"Oscar BETHMONT\" \/>\n\t<meta name=\"twitter:label2\" content=\"Dur\u00e9e de lecture estim\u00e9e\" \/>\n\t<meta name=\"twitter:data2\" content=\"8 minutes\" \/>\n<script type=\"application\/ld+json\" class=\"yoast-schema-graph\">{\"@context\":\"https:\\\/\\\/schema.org\",\"@graph\":[{\"@type\":\"Article\",\"@id\":\"https:\\\/\\\/www.infodictat.fr\\\/blog\\\/aubervilliers-sept-villes-de-seine-saint-denis-parmi-les-vingt-les-plus-pauvres-de-france\\\/#article\",\"isPartOf\":{\"@id\":\"https:\\\/\\\/www.infodictat.fr\\\/blog\\\/aubervilliers-sept-villes-de-seine-saint-denis-parmi-les-vingt-les-plus-pauvres-de-france\\\/\"},\"author\":{\"name\":\"Oscar BETHMONT\",\"@id\":\"https:\\\/\\\/www.infodictat.fr\\\/blog\\\/#\\\/schema\\\/person\\\/6c2c8af0941702348e8eca9144cc1267\"},\"headline\":\"Aubervilliers; Sept villes de Seine-Saint-Denis parmi les vingt les plus pauvres de France\",\"datePublished\":\"2025-10-07T20:10:35+00:00\",\"mainEntityOfPage\":{\"@id\":\"https:\\\/\\\/www.infodictat.fr\\\/blog\\\/aubervilliers-sept-villes-de-seine-saint-denis-parmi-les-vingt-les-plus-pauvres-de-france\\\/\"},\"wordCount\":1640,\"publisher\":{\"@id\":\"https:\\\/\\\/www.infodictat.fr\\\/blog\\\/#organization\"},\"image\":{\"@id\":\"https:\\\/\\\/www.infodictat.fr\\\/blog\\\/aubervilliers-sept-villes-de-seine-saint-denis-parmi-les-vingt-les-plus-pauvres-de-france\\\/#primaryimage\"},\"thumbnailUrl\":\"https:\\\/\\\/www.infodictat.fr\\\/blog\\\/wp-content\\\/uploads\\\/2025\\\/10\\\/KXKL7OGE4OCRHZ3CTKTYWARGM4-1024x576-1.jpg\",\"articleSection\":[\"La Dictature Num\u00e9rique:\"],\"inLanguage\":\"fr-FR\"},{\"@type\":\"WebPage\",\"@id\":\"https:\\\/\\\/www.infodictat.fr\\\/blog\\\/aubervilliers-sept-villes-de-seine-saint-denis-parmi-les-vingt-les-plus-pauvres-de-france\\\/\",\"url\":\"https:\\\/\\\/www.infodictat.fr\\\/blog\\\/aubervilliers-sept-villes-de-seine-saint-denis-parmi-les-vingt-les-plus-pauvres-de-france\\\/\",\"name\":\"Aubervilliers; Sept villes de Seine-Saint-Denis parmi les vingt les plus pauvres de France - INFODICTAT\",\"isPartOf\":{\"@id\":\"https:\\\/\\\/www.infodictat.fr\\\/blog\\\/#website\"},\"primaryImageOfPage\":{\"@id\":\"https:\\\/\\\/www.infodictat.fr\\\/blog\\\/aubervilliers-sept-villes-de-seine-saint-denis-parmi-les-vingt-les-plus-pauvres-de-france\\\/#primaryimage\"},\"image\":{\"@id\":\"https:\\\/\\\/www.infodictat.fr\\\/blog\\\/aubervilliers-sept-villes-de-seine-saint-denis-parmi-les-vingt-les-plus-pauvres-de-france\\\/#primaryimage\"},\"thumbnailUrl\":\"https:\\\/\\\/www.infodictat.fr\\\/blog\\\/wp-content\\\/uploads\\\/2025\\\/10\\\/KXKL7OGE4OCRHZ3CTKTYWARGM4-1024x576-1.jpg\",\"datePublished\":\"2025-10-07T20:10:35+00:00\",\"breadcrumb\":{\"@id\":\"https:\\\/\\\/www.infodictat.fr\\\/blog\\\/aubervilliers-sept-villes-de-seine-saint-denis-parmi-les-vingt-les-plus-pauvres-de-france\\\/#breadcrumb\"},\"inLanguage\":\"fr-FR\",\"potentialAction\":[{\"@type\":\"ReadAction\",\"target\":[\"https:\\\/\\\/www.infodictat.fr\\\/blog\\\/aubervilliers-sept-villes-de-seine-saint-denis-parmi-les-vingt-les-plus-pauvres-de-france\\\/\"]}]},{\"@type\":\"ImageObject\",\"inLanguage\":\"fr-FR\",\"@id\":\"https:\\\/\\\/www.infodictat.fr\\\/blog\\\/aubervilliers-sept-villes-de-seine-saint-denis-parmi-les-vingt-les-plus-pauvres-de-france\\\/#primaryimage\",\"url\":\"https:\\\/\\\/www.infodictat.fr\\\/blog\\\/wp-content\\\/uploads\\\/2025\\\/10\\\/KXKL7OGE4OCRHZ3CTKTYWARGM4-1024x576-1.jpg\",\"contentUrl\":\"https:\\\/\\\/www.infodictat.fr\\\/blog\\\/wp-content\\\/uploads\\\/2025\\\/10\\\/KXKL7OGE4OCRHZ3CTKTYWARGM4-1024x576-1.jpg\",\"width\":1024,\"height\":576},{\"@type\":\"BreadcrumbList\",\"@id\":\"https:\\\/\\\/www.infodictat.fr\\\/blog\\\/aubervilliers-sept-villes-de-seine-saint-denis-parmi-les-vingt-les-plus-pauvres-de-france\\\/#breadcrumb\",\"itemListElement\":[{\"@type\":\"ListItem\",\"position\":1,\"name\":\"Accueil\",\"item\":\"https:\\\/\\\/www.infodictat.fr\\\/blog\\\/\"},{\"@type\":\"ListItem\",\"position\":2,\"name\":\"Aubervilliers; Sept villes de Seine-Saint-Denis parmi les vingt les plus pauvres de France\"}]},{\"@type\":\"WebSite\",\"@id\":\"https:\\\/\\\/www.infodictat.fr\\\/blog\\\/#website\",\"url\":\"https:\\\/\\\/www.infodictat.fr\\\/blog\\\/\",\"name\":\"INFODICTAT\",\"description\":\"La dictature num\u00e9rique.\",\"publisher\":{\"@id\":\"https:\\\/\\\/www.infodictat.fr\\\/blog\\\/#organization\"},\"potentialAction\":[{\"@type\":\"SearchAction\",\"target\":{\"@type\":\"EntryPoint\",\"urlTemplate\":\"https:\\\/\\\/www.infodictat.fr\\\/blog\\\/?s={search_term_string}\"},\"query-input\":{\"@type\":\"PropertyValueSpecification\",\"valueRequired\":true,\"valueName\":\"search_term_string\"}}],\"inLanguage\":\"fr-FR\"},{\"@type\":\"Organization\",\"@id\":\"https:\\\/\\\/www.infodictat.fr\\\/blog\\\/#organization\",\"name\":\"infodictat\",\"url\":\"https:\\\/\\\/www.infodictat.fr\\\/blog\\\/\",\"logo\":{\"@type\":\"ImageObject\",\"inLanguage\":\"fr-FR\",\"@id\":\"https:\\\/\\\/www.infodictat.fr\\\/blog\\\/#\\\/schema\\\/logo\\\/image\\\/\",\"url\":\"https:\\\/\\\/www.infodictat.fr\\\/blog\\\/wp-content\\\/uploads\\\/2023\\\/05\\\/logo-2.png\",\"contentUrl\":\"https:\\\/\\\/www.infodictat.fr\\\/blog\\\/wp-content\\\/uploads\\\/2023\\\/05\\\/logo-2.png\",\"width\":480,\"height\":596,\"caption\":\"infodictat\"},\"image\":{\"@id\":\"https:\\\/\\\/www.infodictat.fr\\\/blog\\\/#\\\/schema\\\/logo\\\/image\\\/\"}},{\"@type\":\"Person\",\"@id\":\"https:\\\/\\\/www.infodictat.fr\\\/blog\\\/#\\\/schema\\\/person\\\/6c2c8af0941702348e8eca9144cc1267\",\"name\":\"Oscar BETHMONT\",\"image\":{\"@type\":\"ImageObject\",\"inLanguage\":\"fr-FR\",\"@id\":\"https:\\\/\\\/secure.gravatar.com\\\/avatar\\\/f80ff32d67d40b919e8be190b7325be3c6cb33ce305ac1d45cadad29128e831e?s=96&d=mm&r=g\",\"url\":\"https:\\\/\\\/secure.gravatar.com\\\/avatar\\\/f80ff32d67d40b919e8be190b7325be3c6cb33ce305ac1d45cadad29128e831e?s=96&d=mm&r=g\",\"contentUrl\":\"https:\\\/\\\/secure.gravatar.com\\\/avatar\\\/f80ff32d67d40b919e8be190b7325be3c6cb33ce305ac1d45cadad29128e831e?s=96&d=mm&r=g\",\"caption\":\"Oscar BETHMONT\"},\"url\":\"https:\\\/\\\/www.infodictat.fr\\\/blog\\\/author\\\/tatoscar\\\/\"}]}<\/script>\n<!-- \/ Yoast SEO plugin. -->","yoast_head_json":{"title":"Aubervilliers; Sept villes de Seine-Saint-Denis parmi les vingt les plus pauvres de France - INFODICTAT","robots":{"index":"index","follow":"follow","max-snippet":"max-snippet:-1","max-image-preview":"max-image-preview:large","max-video-preview":"max-video-preview:-1"},"canonical":"https:\/\/www.infodictat.fr\/blog\/aubervilliers-sept-villes-de-seine-saint-denis-parmi-les-vingt-les-plus-pauvres-de-france\/","og_locale":"fr_FR","og_type":"article","og_title":"Aubervilliers; Sept villes de Seine-Saint-Denis parmi les vingt les plus pauvres de France - INFODICTAT","og_description":"Le titre \u00ab\u00a0Sept villes de Seine-Saint-Denis parmi les vingt les plus pauvres de France\u00a0\u00bb d\u00e9signe un article qui vient tout juste d\u2019\u00eatre publi\u00e9. A Aubervilliers, Clichy-sous-Bois ou encore La Courneuve, plus de quatre habitants sur dix doivent vivre, chaque mois, avec moins de 885 \u20ac par mois, un montant qui correspond \u00e0 la moiti\u00e9 d\u2019un ... Lire la suite","og_url":"https:\/\/www.infodictat.fr\/blog\/aubervilliers-sept-villes-de-seine-saint-denis-parmi-les-vingt-les-plus-pauvres-de-france\/","og_site_name":"INFODICTAT","article_published_time":"2025-10-07T20:10:35+00:00","og_image":[{"url":"https:\/\/www.infodictat.fr\/blog\/wp-content\/uploads\/2025\/10\/KXKL7OGE4OCRHZ3CTKTYWARGM4-1024x576-1.jpg","type":"","width":"","height":""}],"author":"Oscar BETHMONT","twitter_card":"summary_large_image","twitter_misc":{"\u00c9crit par":"Oscar BETHMONT","Dur\u00e9e de lecture estim\u00e9e":"8 minutes"},"schema":{"@context":"https:\/\/schema.org","@graph":[{"@type":"Article","@id":"https:\/\/www.infodictat.fr\/blog\/aubervilliers-sept-villes-de-seine-saint-denis-parmi-les-vingt-les-plus-pauvres-de-france\/#article","isPartOf":{"@id":"https:\/\/www.infodictat.fr\/blog\/aubervilliers-sept-villes-de-seine-saint-denis-parmi-les-vingt-les-plus-pauvres-de-france\/"},"author":{"name":"Oscar BETHMONT","@id":"https:\/\/www.infodictat.fr\/blog\/#\/schema\/person\/6c2c8af0941702348e8eca9144cc1267"},"headline":"Aubervilliers; Sept villes de Seine-Saint-Denis parmi les vingt les plus pauvres de France","datePublished":"2025-10-07T20:10:35+00:00","mainEntityOfPage":{"@id":"https:\/\/www.infodictat.fr\/blog\/aubervilliers-sept-villes-de-seine-saint-denis-parmi-les-vingt-les-plus-pauvres-de-france\/"},"wordCount":1640,"publisher":{"@id":"https:\/\/www.infodictat.fr\/blog\/#organization"},"image":{"@id":"https:\/\/www.infodictat.fr\/blog\/aubervilliers-sept-villes-de-seine-saint-denis-parmi-les-vingt-les-plus-pauvres-de-france\/#primaryimage"},"thumbnailUrl":"https:\/\/www.infodictat.fr\/blog\/wp-content\/uploads\/2025\/10\/KXKL7OGE4OCRHZ3CTKTYWARGM4-1024x576-1.jpg","articleSection":["La Dictature Num\u00e9rique:"],"inLanguage":"fr-FR"},{"@type":"WebPage","@id":"https:\/\/www.infodictat.fr\/blog\/aubervilliers-sept-villes-de-seine-saint-denis-parmi-les-vingt-les-plus-pauvres-de-france\/","url":"https:\/\/www.infodictat.fr\/blog\/aubervilliers-sept-villes-de-seine-saint-denis-parmi-les-vingt-les-plus-pauvres-de-france\/","name":"Aubervilliers; Sept villes de Seine-Saint-Denis parmi les vingt les plus pauvres de France - INFODICTAT","isPartOf":{"@id":"https:\/\/www.infodictat.fr\/blog\/#website"},"primaryImageOfPage":{"@id":"https:\/\/www.infodictat.fr\/blog\/aubervilliers-sept-villes-de-seine-saint-denis-parmi-les-vingt-les-plus-pauvres-de-france\/#primaryimage"},"image":{"@id":"https:\/\/www.infodictat.fr\/blog\/aubervilliers-sept-villes-de-seine-saint-denis-parmi-les-vingt-les-plus-pauvres-de-france\/#primaryimage"},"thumbnailUrl":"https:\/\/www.infodictat.fr\/blog\/wp-content\/uploads\/2025\/10\/KXKL7OGE4OCRHZ3CTKTYWARGM4-1024x576-1.jpg","datePublished":"2025-10-07T20:10:35+00:00","breadcrumb":{"@id":"https:\/\/www.infodictat.fr\/blog\/aubervilliers-sept-villes-de-seine-saint-denis-parmi-les-vingt-les-plus-pauvres-de-france\/#breadcrumb"},"inLanguage":"fr-FR","potentialAction":[{"@type":"ReadAction","target":["https:\/\/www.infodictat.fr\/blog\/aubervilliers-sept-villes-de-seine-saint-denis-parmi-les-vingt-les-plus-pauvres-de-france\/"]}]},{"@type":"ImageObject","inLanguage":"fr-FR","@id":"https:\/\/www.infodictat.fr\/blog\/aubervilliers-sept-villes-de-seine-saint-denis-parmi-les-vingt-les-plus-pauvres-de-france\/#primaryimage","url":"https:\/\/www.infodictat.fr\/blog\/wp-content\/uploads\/2025\/10\/KXKL7OGE4OCRHZ3CTKTYWARGM4-1024x576-1.jpg","contentUrl":"https:\/\/www.infodictat.fr\/blog\/wp-content\/uploads\/2025\/10\/KXKL7OGE4OCRHZ3CTKTYWARGM4-1024x576-1.jpg","width":1024,"height":576},{"@type":"BreadcrumbList","@id":"https:\/\/www.infodictat.fr\/blog\/aubervilliers-sept-villes-de-seine-saint-denis-parmi-les-vingt-les-plus-pauvres-de-france\/#breadcrumb","itemListElement":[{"@type":"ListItem","position":1,"name":"Accueil","item":"https:\/\/www.infodictat.fr\/blog\/"},{"@type":"ListItem","position":2,"name":"Aubervilliers; Sept villes de Seine-Saint-Denis parmi les vingt les plus pauvres de France"}]},{"@type":"WebSite","@id":"https:\/\/www.infodictat.fr\/blog\/#website","url":"https:\/\/www.infodictat.fr\/blog\/","name":"INFODICTAT","description":"La dictature num\u00e9rique.","publisher":{"@id":"https:\/\/www.infodictat.fr\/blog\/#organization"},"potentialAction":[{"@type":"SearchAction","target":{"@type":"EntryPoint","urlTemplate":"https:\/\/www.infodictat.fr\/blog\/?s={search_term_string}"},"query-input":{"@type":"PropertyValueSpecification","valueRequired":true,"valueName":"search_term_string"}}],"inLanguage":"fr-FR"},{"@type":"Organization","@id":"https:\/\/www.infodictat.fr\/blog\/#organization","name":"infodictat","url":"https:\/\/www.infodictat.fr\/blog\/","logo":{"@type":"ImageObject","inLanguage":"fr-FR","@id":"https:\/\/www.infodictat.fr\/blog\/#\/schema\/logo\/image\/","url":"https:\/\/www.infodictat.fr\/blog\/wp-content\/uploads\/2023\/05\/logo-2.png","contentUrl":"https:\/\/www.infodictat.fr\/blog\/wp-content\/uploads\/2023\/05\/logo-2.png","width":480,"height":596,"caption":"infodictat"},"image":{"@id":"https:\/\/www.infodictat.fr\/blog\/#\/schema\/logo\/image\/"}},{"@type":"Person","@id":"https:\/\/www.infodictat.fr\/blog\/#\/schema\/person\/6c2c8af0941702348e8eca9144cc1267","name":"Oscar BETHMONT","image":{"@type":"ImageObject","inLanguage":"fr-FR","@id":"https:\/\/secure.gravatar.com\/avatar\/f80ff32d67d40b919e8be190b7325be3c6cb33ce305ac1d45cadad29128e831e?s=96&d=mm&r=g","url":"https:\/\/secure.gravatar.com\/avatar\/f80ff32d67d40b919e8be190b7325be3c6cb33ce305ac1d45cadad29128e831e?s=96&d=mm&r=g","contentUrl":"https:\/\/secure.gravatar.com\/avatar\/f80ff32d67d40b919e8be190b7325be3c6cb33ce305ac1d45cadad29128e831e?s=96&d=mm&r=g","caption":"Oscar BETHMONT"},"url":"https:\/\/www.infodictat.fr\/blog\/author\/tatoscar\/"}]}},"_links":{"self":[{"href":"https:\/\/www.infodictat.fr\/blog\/wp-json\/wp\/v2\/posts\/1199","targetHints":{"allow":["GET"]}}],"collection":[{"href":"https:\/\/www.infodictat.fr\/blog\/wp-json\/wp\/v2\/posts"}],"about":[{"href":"https:\/\/www.infodictat.fr\/blog\/wp-json\/wp\/v2\/types\/post"}],"author":[{"embeddable":true,"href":"https:\/\/www.infodictat.fr\/blog\/wp-json\/wp\/v2\/users\/2"}],"replies":[{"embeddable":true,"href":"https:\/\/www.infodictat.fr\/blog\/wp-json\/wp\/v2\/comments?post=1199"}],"version-history":[{"count":0,"href":"https:\/\/www.infodictat.fr\/blog\/wp-json\/wp\/v2\/posts\/1199\/revisions"}],"wp:featuredmedia":[{"embeddable":true,"href":"https:\/\/www.infodictat.fr\/blog\/wp-json\/wp\/v2\/media\/1200"}],"wp:attachment":[{"href":"https:\/\/www.infodictat.fr\/blog\/wp-json\/wp\/v2\/media?parent=1199"}],"wp:term":[{"taxonomy":"category","embeddable":true,"href":"https:\/\/www.infodictat.fr\/blog\/wp-json\/wp\/v2\/categories?post=1199"},{"taxonomy":"post_tag","embeddable":true,"href":"https:\/\/www.infodictat.fr\/blog\/wp-json\/wp\/v2\/tags?post=1199"}],"curies":[{"name":"wp","href":"https:\/\/api.w.org\/{rel}","templated":true}]}}