{"id":1175,"date":"2025-09-19T09:39:28","date_gmt":"2025-09-19T07:39:28","guid":{"rendered":"https:\/\/www.infodictat.fr\/blog\/actus-nationales-que-pense-vraiment-le-rassemblement-national-de-la-taxe-zucman-france\/"},"modified":"2025-09-19T09:39:28","modified_gmt":"2025-09-19T07:39:28","slug":"actus-nationales-que-pense-vraiment-le-rassemblement-national-de-la-taxe-zucman-france","status":"publish","type":"post","link":"https:\/\/www.infodictat.fr\/blog\/actus-nationales-que-pense-vraiment-le-rassemblement-national-de-la-taxe-zucman-france\/","title":{"rendered":"Actus nationales: Que pense (vraiment) le Rassemblement national\u00a0de la taxe Zucman\u00a0? #France"},"content":{"rendered":"<div>\n<h1>Que pense (vraiment) le Rassemblement national\u00a0de la taxe Zucman\u00a0? publi\u00e9 par Le Point \u2013 Politique le <span id=\"datecrea\"><\/span> <\/h1>\n<p>Ce \u00ab\u00a0papier\u00a0\u00bb, dont la th\u00e9matique est \u00ab\u00a0Actualit\u00e9 fran\u00e7aise\u00a0\u00bb, vient d\u2019\u00eatre trouv\u00e9 sur internet, notre r\u00e9daction est heureuse de vous en produire l\u2019essentiel ici.<\/p>\n<h2>\nA lire sur Le Point \u2013 Politique, l\u2019article ci-dessous<\/h2>\n<p><u>Signature  . <\/u><\/p>\n<p><u>Date et heure de la r\u00e9ception de la d\u00e9p\u00e9che sur notre fil d\u2019info:<\/u><strong><span id=\"date\"><\/span><\/strong><\/p>\n<p><u>Date et heure de publication sur internet:<\/u> <strong><span id=\"datecrea\"><\/span><\/strong><\/p>\n<p><u>Titre exacte donn\u00e9 par le journal \u00e9tait:<\/u> <strong>Que pense (vraiment) le Rassemblement national\u00a0de la taxe Zucman\u00a0?<\/strong><\/p>\n<p><u>Information et contenu publi\u00e9s :<\/u><\/p>\n<div id=\"contenu\">\n        <!-- include t_www_2023\/pages\/article\/blocs\/tag_pub.tpl --><br \/>\n        <!-- include \/t_www_2023\/pages\/article\/blocs\/tag_pub.tpl --><\/p>\n<p><span class=\"dflt-txt__lettrine\">D<\/span>\u00e9sormais devenu incontournable dans le d\u00e9bat m\u00e9diatique et politique, il oblige chacun \u00e0 se positionner. Et, sur le sujet de la taxe Zucman, certains se montrent plus clairs. Si cette question d\u2019un imp\u00f4t\u00a0plancher sur le patrimoine des ultrariches suscite une adh\u00e9sion unanime \u00e0 gauche, le Rassemblement national, lui, garde\u00a0floue sa position sur le sujet.<\/p>\n<section class=\"mbl txtcenter\"><\/section>\n<div id=\"art-politique-nlpolitique\">\n<div id=\"newsletter\" class=\"bloc-1 title-top\">\n<span class=\"h2\">La newsletter politique<\/span><\/p>\n<div class=\"step-1\">\n<p class=\"period\">Tous les lundis \u00e0 11h30<\/p>\n<p>Recevez en avant-premi\u00e8re les informations et analyses politiques de la r\u00e9daction du Point.<\/p>\n<\/div>\n<div class=\"step-2\">\n<p>Merci !<br \/>Votre inscription a bien \u00e9t\u00e9 prise en compte avec l\u2019adresse email :<br \/><span class=\"email-sended\"><\/span><\/p>\n<p>Pour d\u00e9couvrir toutes nos autres newsletters, rendez-vous ici : MonCompte<\/p>\n<\/div>\n<p>En vous inscrivant, vous acceptez les conditions g\u00e9n\u00e9rales d\u2019utilisations et notre politique de confidentialit\u00e9.<\/p>\n<\/div>\n<\/div>\n<p>En effet, le parti pr\u00e9sid\u00e9 par Jordan Bardella\u00a0m\u00e9nage\u00a0la ch\u00e8vre et le chou\u00a0pour ne pas se montrer\u00a0trop offensif\u00a0envers les grands patrons\u00a0sans trahir le discours social que Marine Le\u00a0Pen promeut depuis longtemps. S\u2019opposer \u00e0 la taxe Zucman est cependant risqu\u00e9, puisque les sondages montrent que l\u2019\u00e9crasante majorit\u00e9 des citoyens est favorable\u00a0\u00e0 un imp\u00f4t plancher sur le patrimoine des ultrariches. Une position \u00e9galement partag\u00e9e par les \u00e9lecteurs du RN, que ses cadres ne veulent pas d\u00e9cevoir.<\/p>\n<p><span class=\"Capsule premium\"><span class=\"Phylactery\">\u00c0 LIRE AUSSI<\/span> <strong class=\"strong\">Virginie Calmels\u00a0: \u00ab\u00a0La taxe Zucman ressemble \u00e0 une spoliation de biens priv\u00e9s\u00a0\u00bb<\/strong><\/span>En f\u00e9vrier\u00a02025 d\u00e9j\u00e0, le RN ne s\u2019\u00e9tait pas montr\u00e9 tr\u00e8s clair\u00a0lors de l\u2019\u00e9tude d\u2019une proposition de loi\u00a0port\u00e9e par des d\u00e9put\u00e9s de gauche\u00a0qui reprenait les travaux de Gabriel Zucman\u00a0\u00e0 la commission des Finances. Le d\u00e9put\u00e9 RN Matthias Renault, comme sa cons\u0153ur\u00a0Claire Marais-Beuil, avait \u00e9voqu\u00e9 un imp\u00f4t \u00ab\u00a0sur la fortune financi\u00e8re\u00a0\u00bb plut\u00f4t que sur le patrimoine, tout en restant flou sur l\u2019assiette fiscale et le montant des recettes recherch\u00e9es. Mais la formation d\u2019extr\u00eame droite avait soutenu le texte, qui sera finalement adopt\u00e9 en commission.<\/p>\n<section class=\"mbl txtcenter\"><\/section>\n<h2>\u00ab\u00a0Moins de riches, \u00e7a ne fait pas moins de pauvres\u00a0\u00bb<\/h2>\n<p>Il sera ensuite adopt\u00e9 \u00e0 l\u2019Assembl\u00e9e nationale. Le parti lep\u00e9niste s\u2019\u00e9tait abstenu lors du vote, une abstention d\u00e9terminante. De surcro\u00eet, le texte avait peu de chances d\u2019\u00eatre adopt\u00e9 par le S\u00e9nat, o\u00f9 r\u00e8gne une majorit\u00e9 de droite (et il y a \u00e9t\u00e9, bien s\u00fbr, rejet\u00e9). Sans faire le choix de voter pour ou contre le texte, comment conna\u00eetre la position des d\u00e9put\u00e9s\u00a0et\u00a0<em>in extenso<\/em>\u00a0du RN sur le sujet\u00a0?<\/p>\n<p>Les r\u00e9centes d\u00e9clarations des\u00a0grands pontes du parti \u00e9clairent d\u00e9j\u00e0 un peu plus sur leur avis \u00e0 propos de la taxe Zucman. \u00ab\u00a0Moins de riches, \u00e7a ne fait pas moins de pauvres. \u00c7a, pour le coup, c\u2019est le logiciel de la gauche\u00a0\u00bb, a d\u00e9clar\u00e9 sur France Info la porte-parole du parti, Laure Lavalette, affichant clairement son hostilit\u00e9 \u00e0 cet imp\u00f4t plancher\u00a0pour les m\u00e9nages affichant un patrimoine sup\u00e9rieur \u00e0 100\u00a0millions d\u2019euros.<\/p>\n<p><span class=\"Capsule premium\"><span class=\"Phylactery\">\u00c0 LIRE AUSSI<\/span> <strong class=\"strong\">Pourquoi Harvard n\u2019a jamais voulu de Gabriel Zucman<\/strong><\/span> \u00ab\u00a0Je pense qu\u2019il n\u2019y a pas d\u2019argent magique et que les pr\u00e9visions qui sont faites par monsieur Zucman, \u00e0 savoir un pr\u00e9l\u00e8vement annuel de 15\u00a0milliards d\u2019euros, m\u2019apparaissent tr\u00e8s largement au-dessus de la r\u00e9alit\u00e9 du pays\u00a0\u00bb, a quant \u00e0 lui d\u00e9fendu le pr\u00e9sident du parti, Jordan Bardella, quand le d\u00e9put\u00e9 Julien Odoul a fustig\u00e9 une \u00ab\u00a0chasse aux riches\u00a0\u00bb.<\/p>\n<h2>Jean-Philippe Tanguy s\u2019oppose<\/h2>\n<p><span class=\"Capsule discover-kangourou\"><br \/>\n<span class=\"Phylactery\">\u00c0 D\u00e9couvrir<\/span><br \/>\n<strong class=\"discover-kangourou__line\"><\/p>\n<p><strong class=\"discover-kangourou__txt\"><br \/>\n<strong>Le Kangourou du jour<\/strong><\/strong><\/strong><\/span><\/p>\n<p>R\u00e9pondre<\/p>\n<p>Une position qui n\u2019est pas n\u00e9cessairement partag\u00e9e par le d\u00e9put\u00e9 du RN Jean-Philippe Tanguy, parfois consid\u00e9r\u00e9 comme le \u00ab\u00a0monsieur \u00c9conomie\u00a0\u00bb du mouvement et qui est membre de la commission des Finances de l\u2019Assembl\u00e9e nationale. \u00ab\u00a0Pourquoi changer des positions qui nous permettent d\u2019atteindre 70\u00a0% chez les ouvriers pour ressembler \u00e0 une droite qui y fait 1\u00a0%\u00a0?\u00a0\u00bb\u00a0explique-t-il, cit\u00e9 par\u00a0<em><em>L\u2019Opinion<\/em><\/em>.<\/p>\n<p> \u00ab\u00a0Nous ne d\u00e9fendons pas la taxe Zucman \u2013 une mauvaise taxe \u2013, mais le d\u00e9bat peut exister concernant la justice fiscale\u00a0\u00bb, souligne le nouveau conseiller \u00e9conomique de Jordan Bardella, Charles-Henri Gallois. Jordan Bardella, qui vise Matignon, a promis aux chefs d\u2019entreprise des all\u00e8gements massifs des imp\u00f4ts de production et une r\u00e9duction des d\u00e9penses publiques. Soutenir ou critiquer la taxe Zucman risque de devenir un choix indispensable pour l\u2019opinion publique. \u00c0 quel prix\u00a0?<!-- include t_www_2023\/pages\/article\/blocs\/bloc-encadre.tpl --><br \/>\n<!-- include \/t_www_2023\/pages\/article\/blocs\/bloc-encadre.tpl --><\/p>\n<aside id=\"paywall-1\" class=\"paywall hide-iframe\">\n<div class=\"paywall-content\">\n<p>Toute l\u2019actualit\u00e9 \u00e0 1\u20ac le premier mois<\/p>\n<p>S\u2019abonner<\/p>\n<p><span>ou<\/span><\/p>\n<p><button class=\"swg-standard-button\" id=\"swg-btn-maison\" role=\"button\" title=\"S'abonner avec Google\" data-gtm=\"click:abo\" data-campaign=\"paywall_maison_swig\"><\/button>\n<\/p>\n<\/div>\n<\/aside>\n<\/div>\n<p> <img decoding=\"async\" src=\"https:\/\/www.infodictat.fr\/blog\/wp-content\/uploads\/2025\/09\/Infos-nationales-Que-pense-vraiment-le-Rassemblement-national-de-la-taxe.jpg\" alt=\"Que pense (vraiment) le Rassemblement national\u00a0de la taxe Zucman\u00a0?\"><\/p>\n<p>#pense #vraiment #Rassemblement #nationalde #taxe #Zucman<\/p>\n<p>Reprise de l\u2019information dans un style journalistique professionnel descriptif en organisant les id\u00e9es dans un ordre coh\u00e9rent avec titres html <\/p>\n<p>Bibliographie :<\/p>\n<p>Climat et \u00e9cocitoyens\/\u00c9nergie Partag\u00e9e : implication citoyenne pour la transition \u00e9nerg\u00e9tique.,<a href=\"https:\/\/fr.wikibooks.org\/wiki\/Climat_et_%C3%A9cocitoyens\/%C3%89nergie_Partag%C3%A9e_:_implication_citoyenne_pour_la_transition_%C3%A9nerg%C3%A9tique\" target=\"_blank\" rel=\"noopener noreferrer nofollow\">Infos sur l\u2019ouvrage<\/a><span><\/span>.<\/p>\n<p>La France Sous Les Derniers Cap\u00e9tiens.,<a href=\"https:\/\/www.kobo.com\/fr\/fr\/ebook\/la-france-sous-les-derniers-capetiens\" target=\"_blank\" rel=\"noopener noreferrer nofollow\">A d\u00e9couvrir <\/a><span><\/span>.<\/p>\n<p>Technologie\/Lignes et services de m\u00e9tros\/Prolongements et cr\u00e9ations de lignes de m\u00e9tros en \u00cele-de-France\/Fusion des lignes 3bis et 7bis.,<a href=\"https:\/\/fr.wikibooks.org\/wiki\/Technologie\/Lignes_et_services_de_m%C3%A9tros\/Prolongements_et_cr%C3%A9ations_de_lignes_de_m%C3%A9tros_en_%C3%8Ele-de-France\/Fusion_des_lignes_3bis_et_7bis\" target=\"_blank\" rel=\"noopener noreferrer nofollow\">Description<\/a><span><\/span>.<\/p>\n<p><script>\nvar date = \"Non r\u00e9cup\u00e9r\u00e9es\";\n        \/\/ Valeur de timestamp\n        var timestampString = 1758266940; \/\/ Assurez-vous que le timestamp est une cha\u00eene de texte\n        \/\/ Convertir la cha\u00eene de texte en nombre entier (timestamp)\n        var timestamp = parseInt(timestampString);\n        \/\/ Cr\u00e9er un objet Date \u00e0 partir du timestamp\n        var dateObject = new Date(timestamp * 1000); \/\/ Le timestamp est en secondes, donc on le multiplie par 1000 pour obtenir les millisecondes\n        \/\/ Format de date personnalis\u00e9\n        var options = { weekday: 'long', year: 'numeric', month: 'long', day: 'numeric', hour: 'numeric', minute: 'numeric', second: 'numeric', timeZone: 'Europe\/Paris' };\n        var formattedDate = dateObject.toLocaleDateString('fr-FR', options);\n formattedDate = formattedDate.replace(\/^.\/, formattedDate[0].toUpperCase());\n        \/\/ Afficher la date dans le HTML\n        document.getElementById('date').textContent = formattedDate;\n    <\/script><\/p>\n<p><script>\nvar datecrea = \"Non r\u00e9cup\u00e9r\u00e9e\";\n        \/\/ Date et heure au format \"2008-06-15 18:02:58\"\n        var dateString = \"2025-09-18 12:47:00\";\n        \/\/ Convertir la cha\u00eene de texte en objet Date\n        var now = new Date(dateString);\n        \/\/ Format de date personnalis\u00e9\n        var options = { weekday: 'long', year: 'numeric', month: 'long', day: 'numeric', hour: 'numeric', minute: 'numeric', second: 'numeric', timeZone: 'Europe\/Paris' };\n        var formattedDate = now.toLocaleDateString('fr-FR', options);\n formattedDate = formattedDate.replace(\/^.\/, formattedDate[0].toUpperCase());\n        \/\/ Afficher la date dans le HTML\n        document.getElementById('datecrea').textContent = formattedDate;\n    <\/script><\/p>\n<\/div>\n<p><img decoding=\"async\" class=\"wpe_imgrss\" src=\"https:\/\/www.infodictat.fr\/blog\/wp-content\/uploads\/2025\/09\/Infos-nationales-Que-pense-vraiment-le-Rassemblement-national-de-la-taxe.jpg\">Vous pouvez lire ce post traitant le sujet \u00ab\u00a0La dictature num\u00e9rique\u00a0\u00bb. Il est produit par la r\u00e9daction de infodictat.fr. Le site infodictat.fr a pour objectif de publier plusieurs articles autour du sujet La dictature num\u00e9rique d\u00e9velopp\u00e9es sur le web. Cette chronique se veut g\u00e9n\u00e9r\u00e9e de la fa\u00e7on la plus juste qui soit. Pour \u00e9mettre des remarques sur ce dossier autour du sujet \u00ab\u00a0La dictature num\u00e9rique\u00a0\u00bb prenez les contacts indiqu\u00e9s sur notre site internet. En consultant r\u00e9guli\u00e8rement nos contenus de blog vous serez au courant des futures parutions.<\/p>\n","protected":false},"excerpt":{"rendered":"<p>Que pense (vraiment) le Rassemblement national\u00a0de la taxe Zucman\u00a0? publi\u00e9 par Le Point \u2013 Politique le Ce \u00ab\u00a0papier\u00a0\u00bb, dont la th\u00e9matique est \u00ab\u00a0Actualit\u00e9 fran\u00e7aise\u00a0\u00bb, vient d\u2019\u00eatre trouv\u00e9 sur internet, notre r\u00e9daction est heureuse de vous en produire l\u2019essentiel ici. A lire sur Le Point \u2013 Politique, l\u2019article ci-dessous Signature . Date et heure de la &#8230; <a title=\"Actus nationales: Que pense (vraiment) le Rassemblement national\u00a0de la taxe Zucman\u00a0? #France\" class=\"read-more\" href=\"https:\/\/www.infodictat.fr\/blog\/actus-nationales-que-pense-vraiment-le-rassemblement-national-de-la-taxe-zucman-france\/\" aria-label=\"En savoir plus sur Actus nationales: Que pense (vraiment) le Rassemblement national\u00a0de la taxe Zucman\u00a0? #France\">Lire la suite<\/a><\/p>\n","protected":false},"author":2,"featured_media":1176,"comment_status":"closed","ping_status":"closed","sticky":false,"template":"","format":"standard","meta":{"footnotes":""},"categories":[2],"tags":[],"class_list":["post-1175","post","type-post","status-publish","format-standard","has-post-thumbnail","hentry","category-la-dictature-numerique"],"yoast_head":"<!-- This site is optimized with the Yoast SEO plugin v27.5 - https:\/\/yoast.com\/product\/yoast-seo-wordpress\/ -->\n<title>Actus nationales: Que pense (vraiment) le Rassemblement national\u00a0de la taxe Zucman\u00a0? #France - INFODICTAT<\/title>\n<meta name=\"robots\" content=\"index, follow, max-snippet:-1, max-image-preview:large, max-video-preview:-1\" \/>\n<link rel=\"canonical\" href=\"https:\/\/www.infodictat.fr\/blog\/actus-nationales-que-pense-vraiment-le-rassemblement-national-de-la-taxe-zucman-france\/\" \/>\n<meta property=\"og:locale\" content=\"fr_FR\" \/>\n<meta property=\"og:type\" content=\"article\" \/>\n<meta property=\"og:title\" content=\"Actus nationales: Que pense (vraiment) le Rassemblement national\u00a0de la taxe Zucman\u00a0? #France - INFODICTAT\" \/>\n<meta property=\"og:description\" content=\"Que pense (vraiment) le Rassemblement national\u00a0de la taxe Zucman\u00a0? publi\u00e9 par Le Point \u2013 Politique le Ce \u00ab\u00a0papier\u00a0\u00bb, dont la th\u00e9matique est \u00ab\u00a0Actualit\u00e9 fran\u00e7aise\u00a0\u00bb, vient d\u2019\u00eatre trouv\u00e9 sur internet, notre r\u00e9daction est heureuse de vous en produire l\u2019essentiel ici. A lire sur Le Point \u2013 Politique, l\u2019article ci-dessous Signature . Date et heure de la ... Lire la suite\" \/>\n<meta property=\"og:url\" content=\"https:\/\/www.infodictat.fr\/blog\/actus-nationales-que-pense-vraiment-le-rassemblement-national-de-la-taxe-zucman-france\/\" \/>\n<meta property=\"og:site_name\" content=\"INFODICTAT\" \/>\n<meta property=\"article:published_time\" content=\"2025-09-19T07:39:28+00:00\" \/>\n<meta property=\"og:image\" content=\"https:\/\/www.infodictat.fr\/blog\/wp-content\/uploads\/2025\/09\/Infos-nationales-Que-pense-vraiment-le-Rassemblement-national-de-la-taxe.jpg\" \/>\n<meta name=\"author\" content=\"Oscar BETHMONT\" \/>\n<meta name=\"twitter:card\" content=\"summary_large_image\" \/>\n<meta name=\"twitter:label1\" content=\"\u00c9crit par\" \/>\n\t<meta name=\"twitter:data1\" content=\"Oscar BETHMONT\" \/>\n\t<meta name=\"twitter:label2\" content=\"Dur\u00e9e de lecture estim\u00e9e\" \/>\n\t<meta name=\"twitter:data2\" content=\"5 minutes\" \/>\n<script type=\"application\/ld+json\" class=\"yoast-schema-graph\">{\"@context\":\"https:\\\/\\\/schema.org\",\"@graph\":[{\"@type\":\"Article\",\"@id\":\"https:\\\/\\\/www.infodictat.fr\\\/blog\\\/actus-nationales-que-pense-vraiment-le-rassemblement-national-de-la-taxe-zucman-france\\\/#article\",\"isPartOf\":{\"@id\":\"https:\\\/\\\/www.infodictat.fr\\\/blog\\\/actus-nationales-que-pense-vraiment-le-rassemblement-national-de-la-taxe-zucman-france\\\/\"},\"author\":{\"name\":\"Oscar BETHMONT\",\"@id\":\"https:\\\/\\\/www.infodictat.fr\\\/blog\\\/#\\\/schema\\\/person\\\/6c2c8af0941702348e8eca9144cc1267\"},\"headline\":\"Actus nationales: Que pense (vraiment) le Rassemblement national\u00a0de la taxe Zucman\u00a0? #France\",\"datePublished\":\"2025-09-19T07:39:28+00:00\",\"mainEntityOfPage\":{\"@id\":\"https:\\\/\\\/www.infodictat.fr\\\/blog\\\/actus-nationales-que-pense-vraiment-le-rassemblement-national-de-la-taxe-zucman-france\\\/\"},\"wordCount\":1035,\"publisher\":{\"@id\":\"https:\\\/\\\/www.infodictat.fr\\\/blog\\\/#organization\"},\"image\":{\"@id\":\"https:\\\/\\\/www.infodictat.fr\\\/blog\\\/actus-nationales-que-pense-vraiment-le-rassemblement-national-de-la-taxe-zucman-france\\\/#primaryimage\"},\"thumbnailUrl\":\"https:\\\/\\\/www.infodictat.fr\\\/blog\\\/wp-content\\\/uploads\\\/2025\\\/09\\\/Infos-nationales-Que-pense-vraiment-le-Rassemblement-national-de-la-taxe.jpg\",\"articleSection\":[\"La Dictature Num\u00e9rique:\"],\"inLanguage\":\"fr-FR\"},{\"@type\":\"WebPage\",\"@id\":\"https:\\\/\\\/www.infodictat.fr\\\/blog\\\/actus-nationales-que-pense-vraiment-le-rassemblement-national-de-la-taxe-zucman-france\\\/\",\"url\":\"https:\\\/\\\/www.infodictat.fr\\\/blog\\\/actus-nationales-que-pense-vraiment-le-rassemblement-national-de-la-taxe-zucman-france\\\/\",\"name\":\"Actus nationales: Que pense (vraiment) le Rassemblement national\u00a0de la taxe Zucman\u00a0? #France - INFODICTAT\",\"isPartOf\":{\"@id\":\"https:\\\/\\\/www.infodictat.fr\\\/blog\\\/#website\"},\"primaryImageOfPage\":{\"@id\":\"https:\\\/\\\/www.infodictat.fr\\\/blog\\\/actus-nationales-que-pense-vraiment-le-rassemblement-national-de-la-taxe-zucman-france\\\/#primaryimage\"},\"image\":{\"@id\":\"https:\\\/\\\/www.infodictat.fr\\\/blog\\\/actus-nationales-que-pense-vraiment-le-rassemblement-national-de-la-taxe-zucman-france\\\/#primaryimage\"},\"thumbnailUrl\":\"https:\\\/\\\/www.infodictat.fr\\\/blog\\\/wp-content\\\/uploads\\\/2025\\\/09\\\/Infos-nationales-Que-pense-vraiment-le-Rassemblement-national-de-la-taxe.jpg\",\"datePublished\":\"2025-09-19T07:39:28+00:00\",\"breadcrumb\":{\"@id\":\"https:\\\/\\\/www.infodictat.fr\\\/blog\\\/actus-nationales-que-pense-vraiment-le-rassemblement-national-de-la-taxe-zucman-france\\\/#breadcrumb\"},\"inLanguage\":\"fr-FR\",\"potentialAction\":[{\"@type\":\"ReadAction\",\"target\":[\"https:\\\/\\\/www.infodictat.fr\\\/blog\\\/actus-nationales-que-pense-vraiment-le-rassemblement-national-de-la-taxe-zucman-france\\\/\"]}]},{\"@type\":\"ImageObject\",\"inLanguage\":\"fr-FR\",\"@id\":\"https:\\\/\\\/www.infodictat.fr\\\/blog\\\/actus-nationales-que-pense-vraiment-le-rassemblement-national-de-la-taxe-zucman-france\\\/#primaryimage\",\"url\":\"https:\\\/\\\/www.infodictat.fr\\\/blog\\\/wp-content\\\/uploads\\\/2025\\\/09\\\/Infos-nationales-Que-pense-vraiment-le-Rassemblement-national-de-la-taxe.jpg\",\"contentUrl\":\"https:\\\/\\\/www.infodictat.fr\\\/blog\\\/wp-content\\\/uploads\\\/2025\\\/09\\\/Infos-nationales-Que-pense-vraiment-le-Rassemblement-national-de-la-taxe.jpg\",\"width\":1440,\"height\":960},{\"@type\":\"BreadcrumbList\",\"@id\":\"https:\\\/\\\/www.infodictat.fr\\\/blog\\\/actus-nationales-que-pense-vraiment-le-rassemblement-national-de-la-taxe-zucman-france\\\/#breadcrumb\",\"itemListElement\":[{\"@type\":\"ListItem\",\"position\":1,\"name\":\"Accueil\",\"item\":\"https:\\\/\\\/www.infodictat.fr\\\/blog\\\/\"},{\"@type\":\"ListItem\",\"position\":2,\"name\":\"Actus nationales: Que pense (vraiment) le Rassemblement national\u00a0de la taxe Zucman\u00a0? #France\"}]},{\"@type\":\"WebSite\",\"@id\":\"https:\\\/\\\/www.infodictat.fr\\\/blog\\\/#website\",\"url\":\"https:\\\/\\\/www.infodictat.fr\\\/blog\\\/\",\"name\":\"INFODICTAT\",\"description\":\"La dictature num\u00e9rique.\",\"publisher\":{\"@id\":\"https:\\\/\\\/www.infodictat.fr\\\/blog\\\/#organization\"},\"potentialAction\":[{\"@type\":\"SearchAction\",\"target\":{\"@type\":\"EntryPoint\",\"urlTemplate\":\"https:\\\/\\\/www.infodictat.fr\\\/blog\\\/?s={search_term_string}\"},\"query-input\":{\"@type\":\"PropertyValueSpecification\",\"valueRequired\":true,\"valueName\":\"search_term_string\"}}],\"inLanguage\":\"fr-FR\"},{\"@type\":\"Organization\",\"@id\":\"https:\\\/\\\/www.infodictat.fr\\\/blog\\\/#organization\",\"name\":\"infodictat\",\"url\":\"https:\\\/\\\/www.infodictat.fr\\\/blog\\\/\",\"logo\":{\"@type\":\"ImageObject\",\"inLanguage\":\"fr-FR\",\"@id\":\"https:\\\/\\\/www.infodictat.fr\\\/blog\\\/#\\\/schema\\\/logo\\\/image\\\/\",\"url\":\"https:\\\/\\\/www.infodictat.fr\\\/blog\\\/wp-content\\\/uploads\\\/2023\\\/05\\\/logo-2.png\",\"contentUrl\":\"https:\\\/\\\/www.infodictat.fr\\\/blog\\\/wp-content\\\/uploads\\\/2023\\\/05\\\/logo-2.png\",\"width\":480,\"height\":596,\"caption\":\"infodictat\"},\"image\":{\"@id\":\"https:\\\/\\\/www.infodictat.fr\\\/blog\\\/#\\\/schema\\\/logo\\\/image\\\/\"}},{\"@type\":\"Person\",\"@id\":\"https:\\\/\\\/www.infodictat.fr\\\/blog\\\/#\\\/schema\\\/person\\\/6c2c8af0941702348e8eca9144cc1267\",\"name\":\"Oscar BETHMONT\",\"image\":{\"@type\":\"ImageObject\",\"inLanguage\":\"fr-FR\",\"@id\":\"https:\\\/\\\/secure.gravatar.com\\\/avatar\\\/f80ff32d67d40b919e8be190b7325be3c6cb33ce305ac1d45cadad29128e831e?s=96&d=mm&r=g\",\"url\":\"https:\\\/\\\/secure.gravatar.com\\\/avatar\\\/f80ff32d67d40b919e8be190b7325be3c6cb33ce305ac1d45cadad29128e831e?s=96&d=mm&r=g\",\"contentUrl\":\"https:\\\/\\\/secure.gravatar.com\\\/avatar\\\/f80ff32d67d40b919e8be190b7325be3c6cb33ce305ac1d45cadad29128e831e?s=96&d=mm&r=g\",\"caption\":\"Oscar BETHMONT\"},\"url\":\"https:\\\/\\\/www.infodictat.fr\\\/blog\\\/author\\\/tatoscar\\\/\"}]}<\/script>\n<!-- \/ Yoast SEO plugin. -->","yoast_head_json":{"title":"Actus nationales: Que pense (vraiment) le Rassemblement national\u00a0de la taxe Zucman\u00a0? #France - INFODICTAT","robots":{"index":"index","follow":"follow","max-snippet":"max-snippet:-1","max-image-preview":"max-image-preview:large","max-video-preview":"max-video-preview:-1"},"canonical":"https:\/\/www.infodictat.fr\/blog\/actus-nationales-que-pense-vraiment-le-rassemblement-national-de-la-taxe-zucman-france\/","og_locale":"fr_FR","og_type":"article","og_title":"Actus nationales: Que pense (vraiment) le Rassemblement national\u00a0de la taxe Zucman\u00a0? #France - INFODICTAT","og_description":"Que pense (vraiment) le Rassemblement national\u00a0de la taxe Zucman\u00a0? publi\u00e9 par Le Point \u2013 Politique le Ce \u00ab\u00a0papier\u00a0\u00bb, dont la th\u00e9matique est \u00ab\u00a0Actualit\u00e9 fran\u00e7aise\u00a0\u00bb, vient d\u2019\u00eatre trouv\u00e9 sur internet, notre r\u00e9daction est heureuse de vous en produire l\u2019essentiel ici. A lire sur Le Point \u2013 Politique, l\u2019article ci-dessous Signature . Date et heure de la ... Lire la suite","og_url":"https:\/\/www.infodictat.fr\/blog\/actus-nationales-que-pense-vraiment-le-rassemblement-national-de-la-taxe-zucman-france\/","og_site_name":"INFODICTAT","article_published_time":"2025-09-19T07:39:28+00:00","og_image":[{"url":"https:\/\/www.infodictat.fr\/blog\/wp-content\/uploads\/2025\/09\/Infos-nationales-Que-pense-vraiment-le-Rassemblement-national-de-la-taxe.jpg","type":"","width":"","height":""}],"author":"Oscar BETHMONT","twitter_card":"summary_large_image","twitter_misc":{"\u00c9crit par":"Oscar BETHMONT","Dur\u00e9e de lecture estim\u00e9e":"5 minutes"},"schema":{"@context":"https:\/\/schema.org","@graph":[{"@type":"Article","@id":"https:\/\/www.infodictat.fr\/blog\/actus-nationales-que-pense-vraiment-le-rassemblement-national-de-la-taxe-zucman-france\/#article","isPartOf":{"@id":"https:\/\/www.infodictat.fr\/blog\/actus-nationales-que-pense-vraiment-le-rassemblement-national-de-la-taxe-zucman-france\/"},"author":{"name":"Oscar BETHMONT","@id":"https:\/\/www.infodictat.fr\/blog\/#\/schema\/person\/6c2c8af0941702348e8eca9144cc1267"},"headline":"Actus nationales: Que pense (vraiment) le Rassemblement national\u00a0de la taxe Zucman\u00a0? #France","datePublished":"2025-09-19T07:39:28+00:00","mainEntityOfPage":{"@id":"https:\/\/www.infodictat.fr\/blog\/actus-nationales-que-pense-vraiment-le-rassemblement-national-de-la-taxe-zucman-france\/"},"wordCount":1035,"publisher":{"@id":"https:\/\/www.infodictat.fr\/blog\/#organization"},"image":{"@id":"https:\/\/www.infodictat.fr\/blog\/actus-nationales-que-pense-vraiment-le-rassemblement-national-de-la-taxe-zucman-france\/#primaryimage"},"thumbnailUrl":"https:\/\/www.infodictat.fr\/blog\/wp-content\/uploads\/2025\/09\/Infos-nationales-Que-pense-vraiment-le-Rassemblement-national-de-la-taxe.jpg","articleSection":["La Dictature Num\u00e9rique:"],"inLanguage":"fr-FR"},{"@type":"WebPage","@id":"https:\/\/www.infodictat.fr\/blog\/actus-nationales-que-pense-vraiment-le-rassemblement-national-de-la-taxe-zucman-france\/","url":"https:\/\/www.infodictat.fr\/blog\/actus-nationales-que-pense-vraiment-le-rassemblement-national-de-la-taxe-zucman-france\/","name":"Actus nationales: Que pense (vraiment) le Rassemblement national\u00a0de la taxe Zucman\u00a0? #France - INFODICTAT","isPartOf":{"@id":"https:\/\/www.infodictat.fr\/blog\/#website"},"primaryImageOfPage":{"@id":"https:\/\/www.infodictat.fr\/blog\/actus-nationales-que-pense-vraiment-le-rassemblement-national-de-la-taxe-zucman-france\/#primaryimage"},"image":{"@id":"https:\/\/www.infodictat.fr\/blog\/actus-nationales-que-pense-vraiment-le-rassemblement-national-de-la-taxe-zucman-france\/#primaryimage"},"thumbnailUrl":"https:\/\/www.infodictat.fr\/blog\/wp-content\/uploads\/2025\/09\/Infos-nationales-Que-pense-vraiment-le-Rassemblement-national-de-la-taxe.jpg","datePublished":"2025-09-19T07:39:28+00:00","breadcrumb":{"@id":"https:\/\/www.infodictat.fr\/blog\/actus-nationales-que-pense-vraiment-le-rassemblement-national-de-la-taxe-zucman-france\/#breadcrumb"},"inLanguage":"fr-FR","potentialAction":[{"@type":"ReadAction","target":["https:\/\/www.infodictat.fr\/blog\/actus-nationales-que-pense-vraiment-le-rassemblement-national-de-la-taxe-zucman-france\/"]}]},{"@type":"ImageObject","inLanguage":"fr-FR","@id":"https:\/\/www.infodictat.fr\/blog\/actus-nationales-que-pense-vraiment-le-rassemblement-national-de-la-taxe-zucman-france\/#primaryimage","url":"https:\/\/www.infodictat.fr\/blog\/wp-content\/uploads\/2025\/09\/Infos-nationales-Que-pense-vraiment-le-Rassemblement-national-de-la-taxe.jpg","contentUrl":"https:\/\/www.infodictat.fr\/blog\/wp-content\/uploads\/2025\/09\/Infos-nationales-Que-pense-vraiment-le-Rassemblement-national-de-la-taxe.jpg","width":1440,"height":960},{"@type":"BreadcrumbList","@id":"https:\/\/www.infodictat.fr\/blog\/actus-nationales-que-pense-vraiment-le-rassemblement-national-de-la-taxe-zucman-france\/#breadcrumb","itemListElement":[{"@type":"ListItem","position":1,"name":"Accueil","item":"https:\/\/www.infodictat.fr\/blog\/"},{"@type":"ListItem","position":2,"name":"Actus nationales: Que pense (vraiment) le Rassemblement national\u00a0de la taxe Zucman\u00a0? #France"}]},{"@type":"WebSite","@id":"https:\/\/www.infodictat.fr\/blog\/#website","url":"https:\/\/www.infodictat.fr\/blog\/","name":"INFODICTAT","description":"La dictature num\u00e9rique.","publisher":{"@id":"https:\/\/www.infodictat.fr\/blog\/#organization"},"potentialAction":[{"@type":"SearchAction","target":{"@type":"EntryPoint","urlTemplate":"https:\/\/www.infodictat.fr\/blog\/?s={search_term_string}"},"query-input":{"@type":"PropertyValueSpecification","valueRequired":true,"valueName":"search_term_string"}}],"inLanguage":"fr-FR"},{"@type":"Organization","@id":"https:\/\/www.infodictat.fr\/blog\/#organization","name":"infodictat","url":"https:\/\/www.infodictat.fr\/blog\/","logo":{"@type":"ImageObject","inLanguage":"fr-FR","@id":"https:\/\/www.infodictat.fr\/blog\/#\/schema\/logo\/image\/","url":"https:\/\/www.infodictat.fr\/blog\/wp-content\/uploads\/2023\/05\/logo-2.png","contentUrl":"https:\/\/www.infodictat.fr\/blog\/wp-content\/uploads\/2023\/05\/logo-2.png","width":480,"height":596,"caption":"infodictat"},"image":{"@id":"https:\/\/www.infodictat.fr\/blog\/#\/schema\/logo\/image\/"}},{"@type":"Person","@id":"https:\/\/www.infodictat.fr\/blog\/#\/schema\/person\/6c2c8af0941702348e8eca9144cc1267","name":"Oscar BETHMONT","image":{"@type":"ImageObject","inLanguage":"fr-FR","@id":"https:\/\/secure.gravatar.com\/avatar\/f80ff32d67d40b919e8be190b7325be3c6cb33ce305ac1d45cadad29128e831e?s=96&d=mm&r=g","url":"https:\/\/secure.gravatar.com\/avatar\/f80ff32d67d40b919e8be190b7325be3c6cb33ce305ac1d45cadad29128e831e?s=96&d=mm&r=g","contentUrl":"https:\/\/secure.gravatar.com\/avatar\/f80ff32d67d40b919e8be190b7325be3c6cb33ce305ac1d45cadad29128e831e?s=96&d=mm&r=g","caption":"Oscar BETHMONT"},"url":"https:\/\/www.infodictat.fr\/blog\/author\/tatoscar\/"}]}},"_links":{"self":[{"href":"https:\/\/www.infodictat.fr\/blog\/wp-json\/wp\/v2\/posts\/1175","targetHints":{"allow":["GET"]}}],"collection":[{"href":"https:\/\/www.infodictat.fr\/blog\/wp-json\/wp\/v2\/posts"}],"about":[{"href":"https:\/\/www.infodictat.fr\/blog\/wp-json\/wp\/v2\/types\/post"}],"author":[{"embeddable":true,"href":"https:\/\/www.infodictat.fr\/blog\/wp-json\/wp\/v2\/users\/2"}],"replies":[{"embeddable":true,"href":"https:\/\/www.infodictat.fr\/blog\/wp-json\/wp\/v2\/comments?post=1175"}],"version-history":[{"count":0,"href":"https:\/\/www.infodictat.fr\/blog\/wp-json\/wp\/v2\/posts\/1175\/revisions"}],"wp:featuredmedia":[{"embeddable":true,"href":"https:\/\/www.infodictat.fr\/blog\/wp-json\/wp\/v2\/media\/1176"}],"wp:attachment":[{"href":"https:\/\/www.infodictat.fr\/blog\/wp-json\/wp\/v2\/media?parent=1175"}],"wp:term":[{"taxonomy":"category","embeddable":true,"href":"https:\/\/www.infodictat.fr\/blog\/wp-json\/wp\/v2\/categories?post=1175"},{"taxonomy":"post_tag","embeddable":true,"href":"https:\/\/www.infodictat.fr\/blog\/wp-json\/wp\/v2\/tags?post=1175"}],"curies":[{"name":"wp","href":"https:\/\/api.w.org\/{rel}","templated":true}]}}