{"id":1118,"date":"2025-07-30T09:20:47","date_gmt":"2025-07-30T07:20:47","guid":{"rendered":"https:\/\/www.infodictat.fr\/blog\/informations-france-jacques-attali-les-retraites-privilegies-doivent-etre-mis-a-contribution-france\/"},"modified":"2025-07-30T09:20:47","modified_gmt":"2025-07-30T07:20:47","slug":"informations-france-jacques-attali-les-retraites-privilegies-doivent-etre-mis-a-contribution-france","status":"publish","type":"post","link":"https:\/\/www.infodictat.fr\/blog\/informations-france-jacques-attali-les-retraites-privilegies-doivent-etre-mis-a-contribution-france\/","title":{"rendered":"Informations France: Jacques Attali\u00a0: \u00ab\u00a0Les retrait\u00e9s privil\u00e9gi\u00e9s doivent \u00eatre mis \u00e0 contribution\u00a0\u00bb #France"},"content":{"rendered":"<div><img width=\"580\" height=\"387\" src=\"https:\/\/www.infodictat.fr\/blog\/wp-content\/uploads\/2025\/07\/Informations-France-Jacques-Attali-Les-retraites-privilegies-doivent-etre-mis-1024x683-1.jpg\" class=\"attachment-large size-large wp-post-image\" alt=\"Informations-France-Jacques-Attali-Les-retraites-privilegies-doivent-etre-mis\" style=\"float:left; margin:0 15px 15px 0;\" decoding=\"async\" srcset=\"https:\/\/www.infodictat.fr\/blog\/wp-content\/uploads\/2025\/07\/Informations-France-Jacques-Attali-Les-retraites-privilegies-doivent-etre-mis-1024x683-1.jpg 1024w, https:\/\/www.site.cdcl.xyz\/wp-content\/uploads\/2025\/07\/Informations-France-Jacques-Attali-Les-retraites-privilegies-doivent-etre-mis-300x200.jpg 300w, https:\/\/www.site.cdcl.xyz\/wp-content\/uploads\/2025\/07\/Informations-France-Jacques-Attali-Les-retraites-privilegies-doivent-etre-mis-768x512.jpg 768w, https:\/\/www.site.cdcl.xyz\/wp-content\/uploads\/2025\/07\/Informations-France-Jacques-Attali-Les-retraites-privilegies-doivent-etre-mis-1200x800.jpg 1200w, https:\/\/www.site.cdcl.xyz\/wp-content\/uploads\/2025\/07\/Informations-France-Jacques-Attali-Les-retraites-privilegies-doivent-etre-mis.jpg 1440w\" sizes=\"(max-width: 580px) 100vw, 580px\"><\/p>\n<h1>Jacques Attali\u00a0: \u00ab\u00a0Les retrait\u00e9s privil\u00e9gi\u00e9s doivent \u00eatre mis \u00e0 contribution\u00a0\u00bb annonc\u00e9 par Le Point \u2013 Politique le <span id=\"datecrea\"><\/span> <\/h1>\n<p>Nous allons mettre en pleine lumi\u00e8re ce papier qui vient de para\u00eetre, dont la th\u00e9matique est \u00abActualit\u00e9 fran\u00e7aise\u00bb.<\/p>\n<h2>L\u2019article ci-dessous a \u00e9t\u00e9 publi\u00e9 par Le Point \u2013 Politique<\/h2>\n<p><u>Signature  . <\/u><\/p>\n<p><u>Date et heure de la r\u00e9ception de la d\u00e9p\u00e9che sur notre fil d\u2019info:<\/u><strong><span id=\"date\"><\/span><\/strong><\/p>\n<p><u>Date et heure de publication sur internet:<\/u> <strong><span id=\"datecrea\"><\/span><\/strong><\/p>\n<p><u>Titre exacte donn\u00e9 par le journal \u00e9tait:<\/u> <strong>Jacques Attali\u00a0: \u00ab\u00a0Les retrait\u00e9s privil\u00e9gi\u00e9s doivent \u00eatre mis \u00e0 contribution\u00a0\u00bb<\/strong><\/p>\n<p><u>Information et contenu publi\u00e9s :<\/u><\/p>\n<p><img decoding=\"async\" src=\"https:\/\/www.infodictat.fr\/blog\/wp-content\/uploads\/2025\/07\/Actus-francaises-Jacques-Attali-Les-retraites-privilegies-doivent-etre-mis.jpg\"><br \/>ENTRETIEN. L\u2019ancien conseiller special de Francois Mitterrand livre un verdict tres mitige sur le plan budgetaire du gouvernement. Mais juge qu\u2019une nouvelle censure risquerait d\u2019ajouter &lt;&gt; a la &lt;&gt;.<\/p>\n<p> <img decoding=\"async\" src=\"https:\/\/www.infodictat.fr\/blog\/wp-content\/uploads\/2025\/07\/Actus-francaises-Jacques-Attali-Les-retraites-privilegies-doivent-etre-mis.jpg\" alt=\"Jacques Attali\u00a0: \u00ab\u00a0Les retrait\u00e9s privil\u00e9gi\u00e9s doivent \u00eatre mis \u00e0 contribution\u00a0\u00bb\"><\/p>\n<p>#Jacques #Attali #Les #retrait\u00e9s #privil\u00e9gi\u00e9s #doivent #\u00eatre #mis #contribution<\/p>\n<p>Reprise de l\u2019information dans un style journalistique professionnel descriptif en organisant les id\u00e9es dans un ordre coh\u00e9rent avec titres html <\/p>\n<p>Bibliographie :<\/p>\n<p>150 IDEES RECUES SUR LA FRANCE.,<a href=\"https:\/\/www.kobo.com\/fr\/fr\/ebook\/150-idees-recues-sur-la-france\" target=\"_blank\" rel=\"noopener noreferrer nofollow\">A voir <\/a><span><\/span>.<\/p>\n<p>La France Morte: Zombie Pr\u00e9sident !.,<a href=\"https:\/\/www.kobo.com\/fr\/fr\/ebook\/la-france-morte-zombie-president\" target=\"_blank\" rel=\"noopener noreferrer nofollow\">Infos sur l\u2019ouvrage<\/a><span><\/span>. Disponible \u00e0 CULTURA.<\/p>\n<p>Photographie\/Th\u00e8mes\/Cr\u00e9ativit\u00e9.,<a href=\"https:\/\/fr.wikibooks.org\/wiki\/Photographie\/Th%C3%A8mes\/Cr%C3%A9ativit%C3%A9\" target=\"_blank\" rel=\"noopener noreferrer nofollow\">Suivre ce lien <\/a><span><\/span>.<\/p>\n<p><script>\nvar date = \"Non r\u00e9cup\u00e9r\u00e9es\";\n        \/\/ Valeur de timestamp\n        var timestampString = 1753859360; \/\/ Assurez-vous que le timestamp est une cha\u00eene de texte\n        \/\/ Convertir la cha\u00eene de texte en nombre entier (timestamp)\n        var timestamp = parseInt(timestampString);\n        \/\/ Cr\u00e9er un objet Date \u00e0 partir du timestamp\n        var dateObject = new Date(timestamp * 1000); \/\/ Le timestamp est en secondes, donc on le multiplie par 1000 pour obtenir les millisecondes\n        \/\/ Format de date personnalis\u00e9\n        var options = { weekday: 'long', year: 'numeric', month: 'long', day: 'numeric', hour: 'numeric', minute: 'numeric', second: 'numeric', timeZone: 'Europe\/Paris' };\n        var formattedDate = dateObject.toLocaleDateString('fr-FR', options);\n formattedDate = formattedDate.replace(\/^.\/, formattedDate[0].toUpperCase());\n        \/\/ Afficher la date dans le HTML\n        document.getElementById('date').textContent = formattedDate;\n    <\/script><\/p>\n<p><script>\nvar datecrea = \"Non r\u00e9cup\u00e9r\u00e9e\";\n        \/\/ Date et heure au format \"2008-06-15 18:02:58\"\n        var dateString = \"2025-07-29 13:00:00\";\n        \/\/ Convertir la cha\u00eene de texte en objet Date\n        var now = new Date(dateString);\n        \/\/ Format de date personnalis\u00e9\n        var options = { weekday: 'long', year: 'numeric', month: 'long', day: 'numeric', hour: 'numeric', minute: 'numeric', second: 'numeric', timeZone: 'Europe\/Paris' };\n        var formattedDate = now.toLocaleDateString('fr-FR', options);\n formattedDate = formattedDate.replace(\/^.\/, formattedDate[0].toUpperCase());\n        \/\/ Afficher la date dans le HTML\n        document.getElementById('datecrea').textContent = formattedDate;\n    <\/script><\/p>\n<\/div>\n<p><img decoding=\"async\" class=\"wpe_imgrss\" src=\"https:\/\/www.infodictat.fr\/blog\/wp-content\/uploads\/2025\/07\/Informations-France-Jacques-Attali-Les-retraites-privilegies-doivent-etre-mis-1024x683-1.jpg\">Vous pouvez lire ce post traitant le sujet \u00ab\u00a0La dictature num\u00e9rique\u00a0\u00bb. Il est produit par la r\u00e9daction de infodictat.fr. Le site infodictat.fr a pour objectif de publier plusieurs articles autour du sujet La dictature num\u00e9rique d\u00e9velopp\u00e9es sur le web. Cette chronique se veut g\u00e9n\u00e9r\u00e9e de la fa\u00e7on la plus juste qui soit. Pour \u00e9mettre des remarques sur ce dossier autour du sujet \u00ab\u00a0La dictature num\u00e9rique\u00a0\u00bb prenez les contacts indiqu\u00e9s sur notre site internet. En consultant r\u00e9guli\u00e8rement nos contenus de blog vous serez au courant des futures parutions.<\/p>\n","protected":false},"excerpt":{"rendered":"<p>Jacques Attali\u00a0: \u00ab\u00a0Les retrait\u00e9s privil\u00e9gi\u00e9s doivent \u00eatre mis \u00e0 contribution\u00a0\u00bb annonc\u00e9 par Le Point \u2013 Politique le Nous allons mettre en pleine lumi\u00e8re ce papier qui vient de para\u00eetre, dont la th\u00e9matique est \u00abActualit\u00e9 fran\u00e7aise\u00bb. L\u2019article ci-dessous a \u00e9t\u00e9 publi\u00e9 par Le Point \u2013 Politique Signature . Date et heure de la r\u00e9ception de la &#8230; <a title=\"Informations France: Jacques Attali\u00a0: \u00ab\u00a0Les retrait\u00e9s privil\u00e9gi\u00e9s doivent \u00eatre mis \u00e0 contribution\u00a0\u00bb #France\" class=\"read-more\" href=\"https:\/\/www.infodictat.fr\/blog\/informations-france-jacques-attali-les-retraites-privilegies-doivent-etre-mis-a-contribution-france\/\" aria-label=\"En savoir plus sur Informations France: Jacques Attali\u00a0: \u00ab\u00a0Les retrait\u00e9s privil\u00e9gi\u00e9s doivent \u00eatre mis \u00e0 contribution\u00a0\u00bb #France\">Lire la suite<\/a><\/p>\n","protected":false},"author":2,"featured_media":1119,"comment_status":"closed","ping_status":"closed","sticky":false,"template":"","format":"standard","meta":{"footnotes":""},"categories":[2],"tags":[],"class_list":["post-1118","post","type-post","status-publish","format-standard","has-post-thumbnail","hentry","category-la-dictature-numerique"],"yoast_head":"<!-- This site is optimized with the Yoast SEO plugin v27.5 - https:\/\/yoast.com\/product\/yoast-seo-wordpress\/ -->\n<title>Informations France: Jacques Attali\u00a0: \u00ab\u00a0Les retrait\u00e9s privil\u00e9gi\u00e9s doivent \u00eatre mis \u00e0 contribution\u00a0\u00bb #France - INFODICTAT<\/title>\n<meta name=\"robots\" content=\"index, follow, max-snippet:-1, max-image-preview:large, max-video-preview:-1\" \/>\n<link rel=\"canonical\" href=\"https:\/\/www.infodictat.fr\/blog\/informations-france-jacques-attali-les-retraites-privilegies-doivent-etre-mis-a-contribution-france\/\" \/>\n<meta property=\"og:locale\" content=\"fr_FR\" \/>\n<meta property=\"og:type\" content=\"article\" \/>\n<meta property=\"og:title\" content=\"Informations France: Jacques Attali\u00a0: \u00ab\u00a0Les retrait\u00e9s privil\u00e9gi\u00e9s doivent \u00eatre mis \u00e0 contribution\u00a0\u00bb #France - INFODICTAT\" \/>\n<meta property=\"og:description\" content=\"Jacques Attali\u00a0: \u00ab\u00a0Les retrait\u00e9s privil\u00e9gi\u00e9s doivent \u00eatre mis \u00e0 contribution\u00a0\u00bb annonc\u00e9 par Le Point \u2013 Politique le Nous allons mettre en pleine lumi\u00e8re ce papier qui vient de para\u00eetre, dont la th\u00e9matique est \u00abActualit\u00e9 fran\u00e7aise\u00bb. L\u2019article ci-dessous a \u00e9t\u00e9 publi\u00e9 par Le Point \u2013 Politique Signature . Date et heure de la r\u00e9ception de la ... Lire la suite\" \/>\n<meta property=\"og:url\" content=\"https:\/\/www.infodictat.fr\/blog\/informations-france-jacques-attali-les-retraites-privilegies-doivent-etre-mis-a-contribution-france\/\" \/>\n<meta property=\"og:site_name\" content=\"INFODICTAT\" \/>\n<meta property=\"article:published_time\" content=\"2025-07-30T07:20:47+00:00\" \/>\n<meta property=\"og:image\" content=\"https:\/\/www.infodictat.fr\/blog\/wp-content\/uploads\/2025\/07\/Informations-France-Jacques-Attali-Les-retraites-privilegies-doivent-etre-mis-1024x683-1.jpg\" \/>\n<meta name=\"author\" content=\"Oscar BETHMONT\" \/>\n<meta name=\"twitter:card\" content=\"summary_large_image\" \/>\n<meta name=\"twitter:label1\" content=\"\u00c9crit par\" \/>\n\t<meta name=\"twitter:data1\" content=\"Oscar BETHMONT\" \/>\n\t<meta name=\"twitter:label2\" content=\"Dur\u00e9e de lecture estim\u00e9e\" \/>\n\t<meta name=\"twitter:data2\" content=\"1 minute\" \/>\n<script type=\"application\/ld+json\" class=\"yoast-schema-graph\">{\"@context\":\"https:\\\/\\\/schema.org\",\"@graph\":[{\"@type\":\"Article\",\"@id\":\"https:\\\/\\\/www.infodictat.fr\\\/blog\\\/informations-france-jacques-attali-les-retraites-privilegies-doivent-etre-mis-a-contribution-france\\\/#article\",\"isPartOf\":{\"@id\":\"https:\\\/\\\/www.infodictat.fr\\\/blog\\\/informations-france-jacques-attali-les-retraites-privilegies-doivent-etre-mis-a-contribution-france\\\/\"},\"author\":{\"name\":\"Oscar BETHMONT\",\"@id\":\"https:\\\/\\\/www.infodictat.fr\\\/blog\\\/#\\\/schema\\\/person\\\/6c2c8af0941702348e8eca9144cc1267\"},\"headline\":\"Informations France: Jacques Attali\u00a0: \u00ab\u00a0Les retrait\u00e9s privil\u00e9gi\u00e9s doivent \u00eatre mis \u00e0 contribution\u00a0\u00bb #France\",\"datePublished\":\"2025-07-30T07:20:47+00:00\",\"mainEntityOfPage\":{\"@id\":\"https:\\\/\\\/www.infodictat.fr\\\/blog\\\/informations-france-jacques-attali-les-retraites-privilegies-doivent-etre-mis-a-contribution-france\\\/\"},\"wordCount\":313,\"publisher\":{\"@id\":\"https:\\\/\\\/www.infodictat.fr\\\/blog\\\/#organization\"},\"image\":{\"@id\":\"https:\\\/\\\/www.infodictat.fr\\\/blog\\\/informations-france-jacques-attali-les-retraites-privilegies-doivent-etre-mis-a-contribution-france\\\/#primaryimage\"},\"thumbnailUrl\":\"https:\\\/\\\/www.infodictat.fr\\\/blog\\\/wp-content\\\/uploads\\\/2025\\\/07\\\/Informations-France-Jacques-Attali-Les-retraites-privilegies-doivent-etre-mis-1024x683-1.jpg\",\"articleSection\":[\"La Dictature Num\u00e9rique:\"],\"inLanguage\":\"fr-FR\"},{\"@type\":\"WebPage\",\"@id\":\"https:\\\/\\\/www.infodictat.fr\\\/blog\\\/informations-france-jacques-attali-les-retraites-privilegies-doivent-etre-mis-a-contribution-france\\\/\",\"url\":\"https:\\\/\\\/www.infodictat.fr\\\/blog\\\/informations-france-jacques-attali-les-retraites-privilegies-doivent-etre-mis-a-contribution-france\\\/\",\"name\":\"Informations France: Jacques Attali\u00a0: \u00ab\u00a0Les retrait\u00e9s privil\u00e9gi\u00e9s doivent \u00eatre mis \u00e0 contribution\u00a0\u00bb #France - INFODICTAT\",\"isPartOf\":{\"@id\":\"https:\\\/\\\/www.infodictat.fr\\\/blog\\\/#website\"},\"primaryImageOfPage\":{\"@id\":\"https:\\\/\\\/www.infodictat.fr\\\/blog\\\/informations-france-jacques-attali-les-retraites-privilegies-doivent-etre-mis-a-contribution-france\\\/#primaryimage\"},\"image\":{\"@id\":\"https:\\\/\\\/www.infodictat.fr\\\/blog\\\/informations-france-jacques-attali-les-retraites-privilegies-doivent-etre-mis-a-contribution-france\\\/#primaryimage\"},\"thumbnailUrl\":\"https:\\\/\\\/www.infodictat.fr\\\/blog\\\/wp-content\\\/uploads\\\/2025\\\/07\\\/Informations-France-Jacques-Attali-Les-retraites-privilegies-doivent-etre-mis-1024x683-1.jpg\",\"datePublished\":\"2025-07-30T07:20:47+00:00\",\"breadcrumb\":{\"@id\":\"https:\\\/\\\/www.infodictat.fr\\\/blog\\\/informations-france-jacques-attali-les-retraites-privilegies-doivent-etre-mis-a-contribution-france\\\/#breadcrumb\"},\"inLanguage\":\"fr-FR\",\"potentialAction\":[{\"@type\":\"ReadAction\",\"target\":[\"https:\\\/\\\/www.infodictat.fr\\\/blog\\\/informations-france-jacques-attali-les-retraites-privilegies-doivent-etre-mis-a-contribution-france\\\/\"]}]},{\"@type\":\"ImageObject\",\"inLanguage\":\"fr-FR\",\"@id\":\"https:\\\/\\\/www.infodictat.fr\\\/blog\\\/informations-france-jacques-attali-les-retraites-privilegies-doivent-etre-mis-a-contribution-france\\\/#primaryimage\",\"url\":\"https:\\\/\\\/www.infodictat.fr\\\/blog\\\/wp-content\\\/uploads\\\/2025\\\/07\\\/Informations-France-Jacques-Attali-Les-retraites-privilegies-doivent-etre-mis-1024x683-1.jpg\",\"contentUrl\":\"https:\\\/\\\/www.infodictat.fr\\\/blog\\\/wp-content\\\/uploads\\\/2025\\\/07\\\/Informations-France-Jacques-Attali-Les-retraites-privilegies-doivent-etre-mis-1024x683-1.jpg\",\"width\":1024,\"height\":683},{\"@type\":\"BreadcrumbList\",\"@id\":\"https:\\\/\\\/www.infodictat.fr\\\/blog\\\/informations-france-jacques-attali-les-retraites-privilegies-doivent-etre-mis-a-contribution-france\\\/#breadcrumb\",\"itemListElement\":[{\"@type\":\"ListItem\",\"position\":1,\"name\":\"Accueil\",\"item\":\"https:\\\/\\\/www.infodictat.fr\\\/blog\\\/\"},{\"@type\":\"ListItem\",\"position\":2,\"name\":\"Informations France: Jacques Attali\u00a0: \u00ab\u00a0Les retrait\u00e9s privil\u00e9gi\u00e9s doivent \u00eatre mis \u00e0 contribution\u00a0\u00bb #France\"}]},{\"@type\":\"WebSite\",\"@id\":\"https:\\\/\\\/www.infodictat.fr\\\/blog\\\/#website\",\"url\":\"https:\\\/\\\/www.infodictat.fr\\\/blog\\\/\",\"name\":\"INFODICTAT\",\"description\":\"La dictature num\u00e9rique.\",\"publisher\":{\"@id\":\"https:\\\/\\\/www.infodictat.fr\\\/blog\\\/#organization\"},\"potentialAction\":[{\"@type\":\"SearchAction\",\"target\":{\"@type\":\"EntryPoint\",\"urlTemplate\":\"https:\\\/\\\/www.infodictat.fr\\\/blog\\\/?s={search_term_string}\"},\"query-input\":{\"@type\":\"PropertyValueSpecification\",\"valueRequired\":true,\"valueName\":\"search_term_string\"}}],\"inLanguage\":\"fr-FR\"},{\"@type\":\"Organization\",\"@id\":\"https:\\\/\\\/www.infodictat.fr\\\/blog\\\/#organization\",\"name\":\"infodictat\",\"url\":\"https:\\\/\\\/www.infodictat.fr\\\/blog\\\/\",\"logo\":{\"@type\":\"ImageObject\",\"inLanguage\":\"fr-FR\",\"@id\":\"https:\\\/\\\/www.infodictat.fr\\\/blog\\\/#\\\/schema\\\/logo\\\/image\\\/\",\"url\":\"https:\\\/\\\/www.infodictat.fr\\\/blog\\\/wp-content\\\/uploads\\\/2023\\\/05\\\/logo-2.png\",\"contentUrl\":\"https:\\\/\\\/www.infodictat.fr\\\/blog\\\/wp-content\\\/uploads\\\/2023\\\/05\\\/logo-2.png\",\"width\":480,\"height\":596,\"caption\":\"infodictat\"},\"image\":{\"@id\":\"https:\\\/\\\/www.infodictat.fr\\\/blog\\\/#\\\/schema\\\/logo\\\/image\\\/\"}},{\"@type\":\"Person\",\"@id\":\"https:\\\/\\\/www.infodictat.fr\\\/blog\\\/#\\\/schema\\\/person\\\/6c2c8af0941702348e8eca9144cc1267\",\"name\":\"Oscar BETHMONT\",\"image\":{\"@type\":\"ImageObject\",\"inLanguage\":\"fr-FR\",\"@id\":\"https:\\\/\\\/secure.gravatar.com\\\/avatar\\\/f80ff32d67d40b919e8be190b7325be3c6cb33ce305ac1d45cadad29128e831e?s=96&d=mm&r=g\",\"url\":\"https:\\\/\\\/secure.gravatar.com\\\/avatar\\\/f80ff32d67d40b919e8be190b7325be3c6cb33ce305ac1d45cadad29128e831e?s=96&d=mm&r=g\",\"contentUrl\":\"https:\\\/\\\/secure.gravatar.com\\\/avatar\\\/f80ff32d67d40b919e8be190b7325be3c6cb33ce305ac1d45cadad29128e831e?s=96&d=mm&r=g\",\"caption\":\"Oscar BETHMONT\"},\"url\":\"https:\\\/\\\/www.infodictat.fr\\\/blog\\\/author\\\/tatoscar\\\/\"}]}<\/script>\n<!-- \/ Yoast SEO plugin. -->","yoast_head_json":{"title":"Informations France: Jacques Attali\u00a0: \u00ab\u00a0Les retrait\u00e9s privil\u00e9gi\u00e9s doivent \u00eatre mis \u00e0 contribution\u00a0\u00bb #France - INFODICTAT","robots":{"index":"index","follow":"follow","max-snippet":"max-snippet:-1","max-image-preview":"max-image-preview:large","max-video-preview":"max-video-preview:-1"},"canonical":"https:\/\/www.infodictat.fr\/blog\/informations-france-jacques-attali-les-retraites-privilegies-doivent-etre-mis-a-contribution-france\/","og_locale":"fr_FR","og_type":"article","og_title":"Informations France: Jacques Attali\u00a0: \u00ab\u00a0Les retrait\u00e9s privil\u00e9gi\u00e9s doivent \u00eatre mis \u00e0 contribution\u00a0\u00bb #France - INFODICTAT","og_description":"Jacques Attali\u00a0: \u00ab\u00a0Les retrait\u00e9s privil\u00e9gi\u00e9s doivent \u00eatre mis \u00e0 contribution\u00a0\u00bb annonc\u00e9 par Le Point \u2013 Politique le Nous allons mettre en pleine lumi\u00e8re ce papier qui vient de para\u00eetre, dont la th\u00e9matique est \u00abActualit\u00e9 fran\u00e7aise\u00bb. L\u2019article ci-dessous a \u00e9t\u00e9 publi\u00e9 par Le Point \u2013 Politique Signature . Date et heure de la r\u00e9ception de la ... Lire la suite","og_url":"https:\/\/www.infodictat.fr\/blog\/informations-france-jacques-attali-les-retraites-privilegies-doivent-etre-mis-a-contribution-france\/","og_site_name":"INFODICTAT","article_published_time":"2025-07-30T07:20:47+00:00","og_image":[{"url":"https:\/\/www.infodictat.fr\/blog\/wp-content\/uploads\/2025\/07\/Informations-France-Jacques-Attali-Les-retraites-privilegies-doivent-etre-mis-1024x683-1.jpg","type":"","width":"","height":""}],"author":"Oscar BETHMONT","twitter_card":"summary_large_image","twitter_misc":{"\u00c9crit par":"Oscar BETHMONT","Dur\u00e9e de lecture estim\u00e9e":"1 minute"},"schema":{"@context":"https:\/\/schema.org","@graph":[{"@type":"Article","@id":"https:\/\/www.infodictat.fr\/blog\/informations-france-jacques-attali-les-retraites-privilegies-doivent-etre-mis-a-contribution-france\/#article","isPartOf":{"@id":"https:\/\/www.infodictat.fr\/blog\/informations-france-jacques-attali-les-retraites-privilegies-doivent-etre-mis-a-contribution-france\/"},"author":{"name":"Oscar BETHMONT","@id":"https:\/\/www.infodictat.fr\/blog\/#\/schema\/person\/6c2c8af0941702348e8eca9144cc1267"},"headline":"Informations France: Jacques Attali\u00a0: \u00ab\u00a0Les retrait\u00e9s privil\u00e9gi\u00e9s doivent \u00eatre mis \u00e0 contribution\u00a0\u00bb #France","datePublished":"2025-07-30T07:20:47+00:00","mainEntityOfPage":{"@id":"https:\/\/www.infodictat.fr\/blog\/informations-france-jacques-attali-les-retraites-privilegies-doivent-etre-mis-a-contribution-france\/"},"wordCount":313,"publisher":{"@id":"https:\/\/www.infodictat.fr\/blog\/#organization"},"image":{"@id":"https:\/\/www.infodictat.fr\/blog\/informations-france-jacques-attali-les-retraites-privilegies-doivent-etre-mis-a-contribution-france\/#primaryimage"},"thumbnailUrl":"https:\/\/www.infodictat.fr\/blog\/wp-content\/uploads\/2025\/07\/Informations-France-Jacques-Attali-Les-retraites-privilegies-doivent-etre-mis-1024x683-1.jpg","articleSection":["La Dictature Num\u00e9rique:"],"inLanguage":"fr-FR"},{"@type":"WebPage","@id":"https:\/\/www.infodictat.fr\/blog\/informations-france-jacques-attali-les-retraites-privilegies-doivent-etre-mis-a-contribution-france\/","url":"https:\/\/www.infodictat.fr\/blog\/informations-france-jacques-attali-les-retraites-privilegies-doivent-etre-mis-a-contribution-france\/","name":"Informations France: Jacques Attali\u00a0: \u00ab\u00a0Les retrait\u00e9s privil\u00e9gi\u00e9s doivent \u00eatre mis \u00e0 contribution\u00a0\u00bb #France - INFODICTAT","isPartOf":{"@id":"https:\/\/www.infodictat.fr\/blog\/#website"},"primaryImageOfPage":{"@id":"https:\/\/www.infodictat.fr\/blog\/informations-france-jacques-attali-les-retraites-privilegies-doivent-etre-mis-a-contribution-france\/#primaryimage"},"image":{"@id":"https:\/\/www.infodictat.fr\/blog\/informations-france-jacques-attali-les-retraites-privilegies-doivent-etre-mis-a-contribution-france\/#primaryimage"},"thumbnailUrl":"https:\/\/www.infodictat.fr\/blog\/wp-content\/uploads\/2025\/07\/Informations-France-Jacques-Attali-Les-retraites-privilegies-doivent-etre-mis-1024x683-1.jpg","datePublished":"2025-07-30T07:20:47+00:00","breadcrumb":{"@id":"https:\/\/www.infodictat.fr\/blog\/informations-france-jacques-attali-les-retraites-privilegies-doivent-etre-mis-a-contribution-france\/#breadcrumb"},"inLanguage":"fr-FR","potentialAction":[{"@type":"ReadAction","target":["https:\/\/www.infodictat.fr\/blog\/informations-france-jacques-attali-les-retraites-privilegies-doivent-etre-mis-a-contribution-france\/"]}]},{"@type":"ImageObject","inLanguage":"fr-FR","@id":"https:\/\/www.infodictat.fr\/blog\/informations-france-jacques-attali-les-retraites-privilegies-doivent-etre-mis-a-contribution-france\/#primaryimage","url":"https:\/\/www.infodictat.fr\/blog\/wp-content\/uploads\/2025\/07\/Informations-France-Jacques-Attali-Les-retraites-privilegies-doivent-etre-mis-1024x683-1.jpg","contentUrl":"https:\/\/www.infodictat.fr\/blog\/wp-content\/uploads\/2025\/07\/Informations-France-Jacques-Attali-Les-retraites-privilegies-doivent-etre-mis-1024x683-1.jpg","width":1024,"height":683},{"@type":"BreadcrumbList","@id":"https:\/\/www.infodictat.fr\/blog\/informations-france-jacques-attali-les-retraites-privilegies-doivent-etre-mis-a-contribution-france\/#breadcrumb","itemListElement":[{"@type":"ListItem","position":1,"name":"Accueil","item":"https:\/\/www.infodictat.fr\/blog\/"},{"@type":"ListItem","position":2,"name":"Informations France: Jacques Attali\u00a0: \u00ab\u00a0Les retrait\u00e9s privil\u00e9gi\u00e9s doivent \u00eatre mis \u00e0 contribution\u00a0\u00bb #France"}]},{"@type":"WebSite","@id":"https:\/\/www.infodictat.fr\/blog\/#website","url":"https:\/\/www.infodictat.fr\/blog\/","name":"INFODICTAT","description":"La dictature num\u00e9rique.","publisher":{"@id":"https:\/\/www.infodictat.fr\/blog\/#organization"},"potentialAction":[{"@type":"SearchAction","target":{"@type":"EntryPoint","urlTemplate":"https:\/\/www.infodictat.fr\/blog\/?s={search_term_string}"},"query-input":{"@type":"PropertyValueSpecification","valueRequired":true,"valueName":"search_term_string"}}],"inLanguage":"fr-FR"},{"@type":"Organization","@id":"https:\/\/www.infodictat.fr\/blog\/#organization","name":"infodictat","url":"https:\/\/www.infodictat.fr\/blog\/","logo":{"@type":"ImageObject","inLanguage":"fr-FR","@id":"https:\/\/www.infodictat.fr\/blog\/#\/schema\/logo\/image\/","url":"https:\/\/www.infodictat.fr\/blog\/wp-content\/uploads\/2023\/05\/logo-2.png","contentUrl":"https:\/\/www.infodictat.fr\/blog\/wp-content\/uploads\/2023\/05\/logo-2.png","width":480,"height":596,"caption":"infodictat"},"image":{"@id":"https:\/\/www.infodictat.fr\/blog\/#\/schema\/logo\/image\/"}},{"@type":"Person","@id":"https:\/\/www.infodictat.fr\/blog\/#\/schema\/person\/6c2c8af0941702348e8eca9144cc1267","name":"Oscar BETHMONT","image":{"@type":"ImageObject","inLanguage":"fr-FR","@id":"https:\/\/secure.gravatar.com\/avatar\/f80ff32d67d40b919e8be190b7325be3c6cb33ce305ac1d45cadad29128e831e?s=96&d=mm&r=g","url":"https:\/\/secure.gravatar.com\/avatar\/f80ff32d67d40b919e8be190b7325be3c6cb33ce305ac1d45cadad29128e831e?s=96&d=mm&r=g","contentUrl":"https:\/\/secure.gravatar.com\/avatar\/f80ff32d67d40b919e8be190b7325be3c6cb33ce305ac1d45cadad29128e831e?s=96&d=mm&r=g","caption":"Oscar BETHMONT"},"url":"https:\/\/www.infodictat.fr\/blog\/author\/tatoscar\/"}]}},"_links":{"self":[{"href":"https:\/\/www.infodictat.fr\/blog\/wp-json\/wp\/v2\/posts\/1118","targetHints":{"allow":["GET"]}}],"collection":[{"href":"https:\/\/www.infodictat.fr\/blog\/wp-json\/wp\/v2\/posts"}],"about":[{"href":"https:\/\/www.infodictat.fr\/blog\/wp-json\/wp\/v2\/types\/post"}],"author":[{"embeddable":true,"href":"https:\/\/www.infodictat.fr\/blog\/wp-json\/wp\/v2\/users\/2"}],"replies":[{"embeddable":true,"href":"https:\/\/www.infodictat.fr\/blog\/wp-json\/wp\/v2\/comments?post=1118"}],"version-history":[{"count":0,"href":"https:\/\/www.infodictat.fr\/blog\/wp-json\/wp\/v2\/posts\/1118\/revisions"}],"wp:featuredmedia":[{"embeddable":true,"href":"https:\/\/www.infodictat.fr\/blog\/wp-json\/wp\/v2\/media\/1119"}],"wp:attachment":[{"href":"https:\/\/www.infodictat.fr\/blog\/wp-json\/wp\/v2\/media?parent=1118"}],"wp:term":[{"taxonomy":"category","embeddable":true,"href":"https:\/\/www.infodictat.fr\/blog\/wp-json\/wp\/v2\/categories?post=1118"},{"taxonomy":"post_tag","embeddable":true,"href":"https:\/\/www.infodictat.fr\/blog\/wp-json\/wp\/v2\/tags?post=1118"}],"curies":[{"name":"wp","href":"https:\/\/api.w.org\/{rel}","templated":true}]}}