{"id":1064,"date":"2025-06-01T21:11:25","date_gmt":"2025-06-01T19:11:25","guid":{"rendered":"https:\/\/www.infodictat.fr\/blog\/informations-france-txdot-annonce-le-calendrier-des-travaux-routiers-pour-la-semaine-du-2-juin\/"},"modified":"2025-06-01T21:11:25","modified_gmt":"2025-06-01T19:11:25","slug":"informations-france-txdot-annonce-le-calendrier-des-travaux-routiers-pour-la-semaine-du-2-juin","status":"publish","type":"post","link":"https:\/\/www.infodictat.fr\/blog\/informations-france-txdot-annonce-le-calendrier-des-travaux-routiers-pour-la-semaine-du-2-juin\/","title":{"rendered":"Informations france: TXDOT annonce le calendrier des travaux routiers pour la semaine du 2 juin"},"content":{"rendered":"<div><img width=\"300\" height=\"212\" src=\"https:\/\/www.infodictat.fr\/blog\/wp-content\/uploads\/2025\/06\/Actualites-francaises-TXDOT-annonce-des-travaux-de-route-prevus-pour.png\" class=\"webfeedsFeaturedVisual wp-post-image\" alt=\"Actualit\u00e9s fran\u00e7aises: TXDOT annonce des travaux de route pr\u00e9vus pour\" style=\"display: block; margin: auto; margin-bottom: 5px;max-width: 100%;\" link_thumbnail=\"\" decoding=\"async\" loading=\"lazy\"><img width=\"300\" height=\"212\" src=\"https:\/\/www.infodictat.fr\/blog\/wp-content\/uploads\/2025\/06\/Actualites-francaises-TXDOT-annonce-des-travaux-de-route-prevus-pour.png\" class=\"attachment-large size-large wp-post-image\" alt=\"Actualit\u00e9s fran\u00e7aises: TXDOT annonce des travaux de route pr\u00e9vus pour\" style=\"float:left; margin:0 15px 15px 0;\" decoding=\"async\"><\/p>\n<p><img decoding=\"async\" src=\"https:\/\/www.infodictat.fr\/blog\/wp-content\/uploads\/2025\/06\/Infos-france-TXDOT-annonce-des-travaux-de-route-prevus-pour.png\"><br \/>Voici un aper\u00e7u des travaux pr\u00e9vus dans la r\u00e9gion de Paris pour la semaine \u00e0 partir du 2 juin 2025.<\/p>\n<p>Bibliographie :<\/p>\n<p>CASES\/Ateliers\/La communication via les m\u00e9dia sociaux.,<a href=\"https:\/\/fr.wikibooks.org\/wiki\/CASES\/Ateliers\/La_communication_via_les_m%C3%A9dia_sociaux\" target=\"_blank\" rel=\"noopener noreferrer nofollow\">Lien sur la fiche descriptive<\/a><span><\/span>.<\/p>\n<p>\u0152uvres IV.,<a href=\"https:\/\/www.kobo.com\/fr\/fr\/ebook\/uvres-iv\" target=\"_blank\" rel=\"noopener noreferrer nofollow\">Informations sur cet ouvrage<\/a><span><\/span>. Disponible \u00e0 l\u2019achat sur les plateformes Amazon, Fnac, Cultura \u2026.<\/p>\n<p>Photographie\/Soci\u00e9t\u00e9s et Organisations\/\u00c9diteurs de livres photographiques\/\u00c9ditions Arthaud.,<a href=\"https:\/\/fr.wikibooks.org\/wiki\/Photographie\/Soci%C3%A9t%C3%A9s_et_Organisations\/%C3%89diteurs_de_livres_photographiques\/%C3%89ditions_Arthaud\" target=\"_blank\" rel=\"noopener noreferrer nofollow\">Lien sur la fiche descriptive<\/a><span><\/span>.<\/p>\n<\/div>\n<p><img decoding=\"async\" class=\"wpe_imgrss\" src=\"https:\/\/www.infodictat.fr\/blog\/wp-content\/uploads\/2025\/06\/Actualites-francaises-TXDOT-annonce-des-travaux-de-route-prevus-pour.png\">La raison d\u2019\u00eatre de infodictat.fr est de parler de La dictature num\u00e9rique dans la transparence en vous offrant la connaissance de tout ce qui est mis en ligne sur ce th\u00e8me sur le web Cet article a \u00e9t\u00e9 pris par l&rsquo;\u00e9quipe de infodictat.fr sur internet pour le fait qu\u2019il figurait dans les interfaces d&rsquo;un blog consacr\u00e9 au th\u00e8me \u00ab\u00a0La dictature num\u00e9rique\u00a0\u00bb. Cette chronique est g\u00e9n\u00e9r\u00e9e du mieux possible. Vous avez l\u2019occasion d\u2019\u00e9crire en utilisant les coordonn\u00e9es pr\u00e9sent\u00e9es sur le site dans le but d\u2019apporter des d\u00e9tails sur ce post parlant du th\u00e8me \u00ab\u00a0La dictature num\u00e9rique\u00a0\u00bb. Connectez-vous sur notre site infodictat.fr et nos r\u00e9seaux sociaux dans l\u2019optique d\u2019\u00eatre renseign\u00e9 des prochaines publications.<\/p>\n","protected":false},"excerpt":{"rendered":"<p>Voici un aper\u00e7u des travaux pr\u00e9vus dans la r\u00e9gion de Paris pour la semaine \u00e0 partir du 2 juin 2025. Bibliographie : CASES\/Ateliers\/La communication via les m\u00e9dia sociaux.,Lien sur la fiche descriptive. \u0152uvres IV.,Informations sur cet ouvrage. Disponible \u00e0 l\u2019achat sur les plateformes Amazon, Fnac, Cultura \u2026. Photographie\/Soci\u00e9t\u00e9s et Organisations\/\u00c9diteurs de livres photographiques\/\u00c9ditions Arthaud.,Lien sur &#8230; <a title=\"Informations france: TXDOT annonce le calendrier des travaux routiers pour la semaine du 2 juin\" class=\"read-more\" href=\"https:\/\/www.infodictat.fr\/blog\/informations-france-txdot-annonce-le-calendrier-des-travaux-routiers-pour-la-semaine-du-2-juin\/\" aria-label=\"En savoir plus sur Informations france: TXDOT annonce le calendrier des travaux routiers pour la semaine du 2 juin\">Lire la suite<\/a><\/p>\n","protected":false},"author":2,"featured_media":1065,"comment_status":"closed","ping_status":"closed","sticky":false,"template":"","format":"standard","meta":{"footnotes":""},"categories":[6],"tags":[],"class_list":["post-1064","post","type-post","status-publish","format-standard","has-post-thumbnail","hentry","category-rubrique-la-dictature-numerique"],"yoast_head":"<!-- This site is optimized with the Yoast SEO plugin v27.5 - https:\/\/yoast.com\/product\/yoast-seo-wordpress\/ -->\n<title>Informations france: TXDOT annonce le calendrier des travaux routiers pour la semaine du 2 juin - INFODICTAT<\/title>\n<meta name=\"robots\" content=\"index, follow, max-snippet:-1, max-image-preview:large, max-video-preview:-1\" \/>\n<link rel=\"canonical\" href=\"https:\/\/www.infodictat.fr\/blog\/informations-france-txdot-annonce-le-calendrier-des-travaux-routiers-pour-la-semaine-du-2-juin\/\" \/>\n<meta property=\"og:locale\" content=\"fr_FR\" \/>\n<meta property=\"og:type\" content=\"article\" \/>\n<meta property=\"og:title\" content=\"Informations france: TXDOT annonce le calendrier des travaux routiers pour la semaine du 2 juin - INFODICTAT\" \/>\n<meta property=\"og:description\" content=\"Voici un aper\u00e7u des travaux pr\u00e9vus dans la r\u00e9gion de Paris pour la semaine \u00e0 partir du 2 juin 2025. Bibliographie : CASES\/Ateliers\/La communication via les m\u00e9dia sociaux.,Lien sur la fiche descriptive. \u0152uvres IV.,Informations sur cet ouvrage. Disponible \u00e0 l\u2019achat sur les plateformes Amazon, Fnac, Cultura \u2026. Photographie\/Soci\u00e9t\u00e9s et Organisations\/\u00c9diteurs de livres photographiques\/\u00c9ditions Arthaud.,Lien sur ... Lire la suite\" \/>\n<meta property=\"og:url\" content=\"https:\/\/www.infodictat.fr\/blog\/informations-france-txdot-annonce-le-calendrier-des-travaux-routiers-pour-la-semaine-du-2-juin\/\" \/>\n<meta property=\"og:site_name\" content=\"INFODICTAT\" \/>\n<meta property=\"article:published_time\" content=\"2025-06-01T19:11:25+00:00\" \/>\n<meta property=\"og:image\" content=\"https:\/\/www.infodictat.fr\/blog\/wp-content\/uploads\/2025\/06\/Actualites-francaises-TXDOT-annonce-des-travaux-de-route-prevus-pour.png\" \/>\n<meta name=\"author\" content=\"Oscar BETHMONT\" \/>\n<meta name=\"twitter:card\" content=\"summary_large_image\" \/>\n<meta name=\"twitter:label1\" content=\"\u00c9crit par\" \/>\n\t<meta name=\"twitter:data1\" content=\"Oscar BETHMONT\" \/>\n\t<meta name=\"twitter:label2\" content=\"Dur\u00e9e de lecture estim\u00e9e\" \/>\n\t<meta name=\"twitter:data2\" content=\"1 minute\" \/>\n<script type=\"application\/ld+json\" class=\"yoast-schema-graph\">{\"@context\":\"https:\\\/\\\/schema.org\",\"@graph\":[{\"@type\":\"Article\",\"@id\":\"https:\\\/\\\/www.infodictat.fr\\\/blog\\\/informations-france-txdot-annonce-le-calendrier-des-travaux-routiers-pour-la-semaine-du-2-juin\\\/#article\",\"isPartOf\":{\"@id\":\"https:\\\/\\\/www.infodictat.fr\\\/blog\\\/informations-france-txdot-annonce-le-calendrier-des-travaux-routiers-pour-la-semaine-du-2-juin\\\/\"},\"author\":{\"name\":\"Oscar BETHMONT\",\"@id\":\"https:\\\/\\\/www.infodictat.fr\\\/blog\\\/#\\\/schema\\\/person\\\/6c2c8af0941702348e8eca9144cc1267\"},\"headline\":\"Informations france: TXDOT annonce le calendrier des travaux routiers pour la semaine du 2 juin\",\"datePublished\":\"2025-06-01T19:11:25+00:00\",\"mainEntityOfPage\":{\"@id\":\"https:\\\/\\\/www.infodictat.fr\\\/blog\\\/informations-france-txdot-annonce-le-calendrier-des-travaux-routiers-pour-la-semaine-du-2-juin\\\/\"},\"wordCount\":217,\"publisher\":{\"@id\":\"https:\\\/\\\/www.infodictat.fr\\\/blog\\\/#organization\"},\"image\":{\"@id\":\"https:\\\/\\\/www.infodictat.fr\\\/blog\\\/informations-france-txdot-annonce-le-calendrier-des-travaux-routiers-pour-la-semaine-du-2-juin\\\/#primaryimage\"},\"thumbnailUrl\":\"https:\\\/\\\/www.infodictat.fr\\\/blog\\\/wp-content\\\/uploads\\\/2025\\\/06\\\/Actualites-francaises-TXDOT-annonce-des-travaux-de-route-prevus-pour.png\",\"articleSection\":[\"Rubrique La Dictature Num\u00e9rique:\"],\"inLanguage\":\"fr-FR\"},{\"@type\":\"WebPage\",\"@id\":\"https:\\\/\\\/www.infodictat.fr\\\/blog\\\/informations-france-txdot-annonce-le-calendrier-des-travaux-routiers-pour-la-semaine-du-2-juin\\\/\",\"url\":\"https:\\\/\\\/www.infodictat.fr\\\/blog\\\/informations-france-txdot-annonce-le-calendrier-des-travaux-routiers-pour-la-semaine-du-2-juin\\\/\",\"name\":\"Informations france: TXDOT annonce le calendrier des travaux routiers pour la semaine du 2 juin - INFODICTAT\",\"isPartOf\":{\"@id\":\"https:\\\/\\\/www.infodictat.fr\\\/blog\\\/#website\"},\"primaryImageOfPage\":{\"@id\":\"https:\\\/\\\/www.infodictat.fr\\\/blog\\\/informations-france-txdot-annonce-le-calendrier-des-travaux-routiers-pour-la-semaine-du-2-juin\\\/#primaryimage\"},\"image\":{\"@id\":\"https:\\\/\\\/www.infodictat.fr\\\/blog\\\/informations-france-txdot-annonce-le-calendrier-des-travaux-routiers-pour-la-semaine-du-2-juin\\\/#primaryimage\"},\"thumbnailUrl\":\"https:\\\/\\\/www.infodictat.fr\\\/blog\\\/wp-content\\\/uploads\\\/2025\\\/06\\\/Actualites-francaises-TXDOT-annonce-des-travaux-de-route-prevus-pour.png\",\"datePublished\":\"2025-06-01T19:11:25+00:00\",\"breadcrumb\":{\"@id\":\"https:\\\/\\\/www.infodictat.fr\\\/blog\\\/informations-france-txdot-annonce-le-calendrier-des-travaux-routiers-pour-la-semaine-du-2-juin\\\/#breadcrumb\"},\"inLanguage\":\"fr-FR\",\"potentialAction\":[{\"@type\":\"ReadAction\",\"target\":[\"https:\\\/\\\/www.infodictat.fr\\\/blog\\\/informations-france-txdot-annonce-le-calendrier-des-travaux-routiers-pour-la-semaine-du-2-juin\\\/\"]}]},{\"@type\":\"ImageObject\",\"inLanguage\":\"fr-FR\",\"@id\":\"https:\\\/\\\/www.infodictat.fr\\\/blog\\\/informations-france-txdot-annonce-le-calendrier-des-travaux-routiers-pour-la-semaine-du-2-juin\\\/#primaryimage\",\"url\":\"https:\\\/\\\/www.infodictat.fr\\\/blog\\\/wp-content\\\/uploads\\\/2025\\\/06\\\/Actualites-francaises-TXDOT-annonce-des-travaux-de-route-prevus-pour.png\",\"contentUrl\":\"https:\\\/\\\/www.infodictat.fr\\\/blog\\\/wp-content\\\/uploads\\\/2025\\\/06\\\/Actualites-francaises-TXDOT-annonce-des-travaux-de-route-prevus-pour.png\",\"width\":300,\"height\":212},{\"@type\":\"BreadcrumbList\",\"@id\":\"https:\\\/\\\/www.infodictat.fr\\\/blog\\\/informations-france-txdot-annonce-le-calendrier-des-travaux-routiers-pour-la-semaine-du-2-juin\\\/#breadcrumb\",\"itemListElement\":[{\"@type\":\"ListItem\",\"position\":1,\"name\":\"Accueil\",\"item\":\"https:\\\/\\\/www.infodictat.fr\\\/blog\\\/\"},{\"@type\":\"ListItem\",\"position\":2,\"name\":\"Informations france: TXDOT annonce le calendrier des travaux routiers pour la semaine du 2 juin\"}]},{\"@type\":\"WebSite\",\"@id\":\"https:\\\/\\\/www.infodictat.fr\\\/blog\\\/#website\",\"url\":\"https:\\\/\\\/www.infodictat.fr\\\/blog\\\/\",\"name\":\"INFODICTAT\",\"description\":\"La dictature num\u00e9rique.\",\"publisher\":{\"@id\":\"https:\\\/\\\/www.infodictat.fr\\\/blog\\\/#organization\"},\"potentialAction\":[{\"@type\":\"SearchAction\",\"target\":{\"@type\":\"EntryPoint\",\"urlTemplate\":\"https:\\\/\\\/www.infodictat.fr\\\/blog\\\/?s={search_term_string}\"},\"query-input\":{\"@type\":\"PropertyValueSpecification\",\"valueRequired\":true,\"valueName\":\"search_term_string\"}}],\"inLanguage\":\"fr-FR\"},{\"@type\":\"Organization\",\"@id\":\"https:\\\/\\\/www.infodictat.fr\\\/blog\\\/#organization\",\"name\":\"infodictat\",\"url\":\"https:\\\/\\\/www.infodictat.fr\\\/blog\\\/\",\"logo\":{\"@type\":\"ImageObject\",\"inLanguage\":\"fr-FR\",\"@id\":\"https:\\\/\\\/www.infodictat.fr\\\/blog\\\/#\\\/schema\\\/logo\\\/image\\\/\",\"url\":\"https:\\\/\\\/www.infodictat.fr\\\/blog\\\/wp-content\\\/uploads\\\/2023\\\/05\\\/logo-2.png\",\"contentUrl\":\"https:\\\/\\\/www.infodictat.fr\\\/blog\\\/wp-content\\\/uploads\\\/2023\\\/05\\\/logo-2.png\",\"width\":480,\"height\":596,\"caption\":\"infodictat\"},\"image\":{\"@id\":\"https:\\\/\\\/www.infodictat.fr\\\/blog\\\/#\\\/schema\\\/logo\\\/image\\\/\"}},{\"@type\":\"Person\",\"@id\":\"https:\\\/\\\/www.infodictat.fr\\\/blog\\\/#\\\/schema\\\/person\\\/6c2c8af0941702348e8eca9144cc1267\",\"name\":\"Oscar BETHMONT\",\"image\":{\"@type\":\"ImageObject\",\"inLanguage\":\"fr-FR\",\"@id\":\"https:\\\/\\\/secure.gravatar.com\\\/avatar\\\/f80ff32d67d40b919e8be190b7325be3c6cb33ce305ac1d45cadad29128e831e?s=96&d=mm&r=g\",\"url\":\"https:\\\/\\\/secure.gravatar.com\\\/avatar\\\/f80ff32d67d40b919e8be190b7325be3c6cb33ce305ac1d45cadad29128e831e?s=96&d=mm&r=g\",\"contentUrl\":\"https:\\\/\\\/secure.gravatar.com\\\/avatar\\\/f80ff32d67d40b919e8be190b7325be3c6cb33ce305ac1d45cadad29128e831e?s=96&d=mm&r=g\",\"caption\":\"Oscar BETHMONT\"},\"url\":\"https:\\\/\\\/www.infodictat.fr\\\/blog\\\/author\\\/tatoscar\\\/\"}]}<\/script>\n<!-- \/ Yoast SEO plugin. -->","yoast_head_json":{"title":"Informations france: TXDOT annonce le calendrier des travaux routiers pour la semaine du 2 juin - INFODICTAT","robots":{"index":"index","follow":"follow","max-snippet":"max-snippet:-1","max-image-preview":"max-image-preview:large","max-video-preview":"max-video-preview:-1"},"canonical":"https:\/\/www.infodictat.fr\/blog\/informations-france-txdot-annonce-le-calendrier-des-travaux-routiers-pour-la-semaine-du-2-juin\/","og_locale":"fr_FR","og_type":"article","og_title":"Informations france: TXDOT annonce le calendrier des travaux routiers pour la semaine du 2 juin - INFODICTAT","og_description":"Voici un aper\u00e7u des travaux pr\u00e9vus dans la r\u00e9gion de Paris pour la semaine \u00e0 partir du 2 juin 2025. Bibliographie : CASES\/Ateliers\/La communication via les m\u00e9dia sociaux.,Lien sur la fiche descriptive. \u0152uvres IV.,Informations sur cet ouvrage. Disponible \u00e0 l\u2019achat sur les plateformes Amazon, Fnac, Cultura \u2026. Photographie\/Soci\u00e9t\u00e9s et Organisations\/\u00c9diteurs de livres photographiques\/\u00c9ditions Arthaud.,Lien sur ... Lire la suite","og_url":"https:\/\/www.infodictat.fr\/blog\/informations-france-txdot-annonce-le-calendrier-des-travaux-routiers-pour-la-semaine-du-2-juin\/","og_site_name":"INFODICTAT","article_published_time":"2025-06-01T19:11:25+00:00","og_image":[{"url":"https:\/\/www.infodictat.fr\/blog\/wp-content\/uploads\/2025\/06\/Actualites-francaises-TXDOT-annonce-des-travaux-de-route-prevus-pour.png","type":"","width":"","height":""}],"author":"Oscar BETHMONT","twitter_card":"summary_large_image","twitter_misc":{"\u00c9crit par":"Oscar BETHMONT","Dur\u00e9e de lecture estim\u00e9e":"1 minute"},"schema":{"@context":"https:\/\/schema.org","@graph":[{"@type":"Article","@id":"https:\/\/www.infodictat.fr\/blog\/informations-france-txdot-annonce-le-calendrier-des-travaux-routiers-pour-la-semaine-du-2-juin\/#article","isPartOf":{"@id":"https:\/\/www.infodictat.fr\/blog\/informations-france-txdot-annonce-le-calendrier-des-travaux-routiers-pour-la-semaine-du-2-juin\/"},"author":{"name":"Oscar BETHMONT","@id":"https:\/\/www.infodictat.fr\/blog\/#\/schema\/person\/6c2c8af0941702348e8eca9144cc1267"},"headline":"Informations france: TXDOT annonce le calendrier des travaux routiers pour la semaine du 2 juin","datePublished":"2025-06-01T19:11:25+00:00","mainEntityOfPage":{"@id":"https:\/\/www.infodictat.fr\/blog\/informations-france-txdot-annonce-le-calendrier-des-travaux-routiers-pour-la-semaine-du-2-juin\/"},"wordCount":217,"publisher":{"@id":"https:\/\/www.infodictat.fr\/blog\/#organization"},"image":{"@id":"https:\/\/www.infodictat.fr\/blog\/informations-france-txdot-annonce-le-calendrier-des-travaux-routiers-pour-la-semaine-du-2-juin\/#primaryimage"},"thumbnailUrl":"https:\/\/www.infodictat.fr\/blog\/wp-content\/uploads\/2025\/06\/Actualites-francaises-TXDOT-annonce-des-travaux-de-route-prevus-pour.png","articleSection":["Rubrique La Dictature Num\u00e9rique:"],"inLanguage":"fr-FR"},{"@type":"WebPage","@id":"https:\/\/www.infodictat.fr\/blog\/informations-france-txdot-annonce-le-calendrier-des-travaux-routiers-pour-la-semaine-du-2-juin\/","url":"https:\/\/www.infodictat.fr\/blog\/informations-france-txdot-annonce-le-calendrier-des-travaux-routiers-pour-la-semaine-du-2-juin\/","name":"Informations france: TXDOT annonce le calendrier des travaux routiers pour la semaine du 2 juin - INFODICTAT","isPartOf":{"@id":"https:\/\/www.infodictat.fr\/blog\/#website"},"primaryImageOfPage":{"@id":"https:\/\/www.infodictat.fr\/blog\/informations-france-txdot-annonce-le-calendrier-des-travaux-routiers-pour-la-semaine-du-2-juin\/#primaryimage"},"image":{"@id":"https:\/\/www.infodictat.fr\/blog\/informations-france-txdot-annonce-le-calendrier-des-travaux-routiers-pour-la-semaine-du-2-juin\/#primaryimage"},"thumbnailUrl":"https:\/\/www.infodictat.fr\/blog\/wp-content\/uploads\/2025\/06\/Actualites-francaises-TXDOT-annonce-des-travaux-de-route-prevus-pour.png","datePublished":"2025-06-01T19:11:25+00:00","breadcrumb":{"@id":"https:\/\/www.infodictat.fr\/blog\/informations-france-txdot-annonce-le-calendrier-des-travaux-routiers-pour-la-semaine-du-2-juin\/#breadcrumb"},"inLanguage":"fr-FR","potentialAction":[{"@type":"ReadAction","target":["https:\/\/www.infodictat.fr\/blog\/informations-france-txdot-annonce-le-calendrier-des-travaux-routiers-pour-la-semaine-du-2-juin\/"]}]},{"@type":"ImageObject","inLanguage":"fr-FR","@id":"https:\/\/www.infodictat.fr\/blog\/informations-france-txdot-annonce-le-calendrier-des-travaux-routiers-pour-la-semaine-du-2-juin\/#primaryimage","url":"https:\/\/www.infodictat.fr\/blog\/wp-content\/uploads\/2025\/06\/Actualites-francaises-TXDOT-annonce-des-travaux-de-route-prevus-pour.png","contentUrl":"https:\/\/www.infodictat.fr\/blog\/wp-content\/uploads\/2025\/06\/Actualites-francaises-TXDOT-annonce-des-travaux-de-route-prevus-pour.png","width":300,"height":212},{"@type":"BreadcrumbList","@id":"https:\/\/www.infodictat.fr\/blog\/informations-france-txdot-annonce-le-calendrier-des-travaux-routiers-pour-la-semaine-du-2-juin\/#breadcrumb","itemListElement":[{"@type":"ListItem","position":1,"name":"Accueil","item":"https:\/\/www.infodictat.fr\/blog\/"},{"@type":"ListItem","position":2,"name":"Informations france: TXDOT annonce le calendrier des travaux routiers pour la semaine du 2 juin"}]},{"@type":"WebSite","@id":"https:\/\/www.infodictat.fr\/blog\/#website","url":"https:\/\/www.infodictat.fr\/blog\/","name":"INFODICTAT","description":"La dictature num\u00e9rique.","publisher":{"@id":"https:\/\/www.infodictat.fr\/blog\/#organization"},"potentialAction":[{"@type":"SearchAction","target":{"@type":"EntryPoint","urlTemplate":"https:\/\/www.infodictat.fr\/blog\/?s={search_term_string}"},"query-input":{"@type":"PropertyValueSpecification","valueRequired":true,"valueName":"search_term_string"}}],"inLanguage":"fr-FR"},{"@type":"Organization","@id":"https:\/\/www.infodictat.fr\/blog\/#organization","name":"infodictat","url":"https:\/\/www.infodictat.fr\/blog\/","logo":{"@type":"ImageObject","inLanguage":"fr-FR","@id":"https:\/\/www.infodictat.fr\/blog\/#\/schema\/logo\/image\/","url":"https:\/\/www.infodictat.fr\/blog\/wp-content\/uploads\/2023\/05\/logo-2.png","contentUrl":"https:\/\/www.infodictat.fr\/blog\/wp-content\/uploads\/2023\/05\/logo-2.png","width":480,"height":596,"caption":"infodictat"},"image":{"@id":"https:\/\/www.infodictat.fr\/blog\/#\/schema\/logo\/image\/"}},{"@type":"Person","@id":"https:\/\/www.infodictat.fr\/blog\/#\/schema\/person\/6c2c8af0941702348e8eca9144cc1267","name":"Oscar BETHMONT","image":{"@type":"ImageObject","inLanguage":"fr-FR","@id":"https:\/\/secure.gravatar.com\/avatar\/f80ff32d67d40b919e8be190b7325be3c6cb33ce305ac1d45cadad29128e831e?s=96&d=mm&r=g","url":"https:\/\/secure.gravatar.com\/avatar\/f80ff32d67d40b919e8be190b7325be3c6cb33ce305ac1d45cadad29128e831e?s=96&d=mm&r=g","contentUrl":"https:\/\/secure.gravatar.com\/avatar\/f80ff32d67d40b919e8be190b7325be3c6cb33ce305ac1d45cadad29128e831e?s=96&d=mm&r=g","caption":"Oscar BETHMONT"},"url":"https:\/\/www.infodictat.fr\/blog\/author\/tatoscar\/"}]}},"_links":{"self":[{"href":"https:\/\/www.infodictat.fr\/blog\/wp-json\/wp\/v2\/posts\/1064","targetHints":{"allow":["GET"]}}],"collection":[{"href":"https:\/\/www.infodictat.fr\/blog\/wp-json\/wp\/v2\/posts"}],"about":[{"href":"https:\/\/www.infodictat.fr\/blog\/wp-json\/wp\/v2\/types\/post"}],"author":[{"embeddable":true,"href":"https:\/\/www.infodictat.fr\/blog\/wp-json\/wp\/v2\/users\/2"}],"replies":[{"embeddable":true,"href":"https:\/\/www.infodictat.fr\/blog\/wp-json\/wp\/v2\/comments?post=1064"}],"version-history":[{"count":0,"href":"https:\/\/www.infodictat.fr\/blog\/wp-json\/wp\/v2\/posts\/1064\/revisions"}],"wp:featuredmedia":[{"embeddable":true,"href":"https:\/\/www.infodictat.fr\/blog\/wp-json\/wp\/v2\/media\/1065"}],"wp:attachment":[{"href":"https:\/\/www.infodictat.fr\/blog\/wp-json\/wp\/v2\/media?parent=1064"}],"wp:term":[{"taxonomy":"category","embeddable":true,"href":"https:\/\/www.infodictat.fr\/blog\/wp-json\/wp\/v2\/categories?post=1064"},{"taxonomy":"post_tag","embeddable":true,"href":"https:\/\/www.infodictat.fr\/blog\/wp-json\/wp\/v2\/tags?post=1064"}],"curies":[{"name":"wp","href":"https:\/\/api.w.org\/{rel}","templated":true}]}}