{"id":1062,"date":"2025-06-01T14:36:28","date_gmt":"2025-06-01T12:36:28","guid":{"rendered":"https:\/\/www.infodictat.fr\/blog\/actualites-france-france-le-chanteneur-marocain-saad-lamjarred-juge-en-appel-verse-viol\/"},"modified":"2025-06-01T14:36:28","modified_gmt":"2025-06-01T12:36:28","slug":"actualites-france-france-le-chanteneur-marocain-saad-lamjarred-juge-en-appel-verse-viol","status":"publish","type":"post","link":"https:\/\/www.infodictat.fr\/blog\/actualites-france-france-le-chanteneur-marocain-saad-lamjarred-juge-en-appel-verse-viol\/","title":{"rendered":"Actualit\u00e9s france: France: Le Chanteneur Marocain Saad Lamjarred Jug\u00e9 en Appel verse viol"},"content":{"rendered":"<div><img width=\"580\" height=\"326\" src=\"https:\/\/www.infodictat.fr\/blog\/wp-content\/uploads\/2025\/06\/Actualites-france-France-Le-Chanteneur-Marocain-Saad-Lamjarred-Juge-en.jpg\" class=\"attachment-large size-large wp-post-image\" alt=\"Actualites-france-France-Le-Chanteneur-Marocain-Saad-Lamjarred-Juge-en\" style=\"float:left; margin:0 15px 15px 0;\" decoding=\"async\" srcset=\"https:\/\/www.infodictat.fr\/blog\/wp-content\/uploads\/2025\/06\/Actualites-france-France-Le-Chanteneur-Marocain-Saad-Lamjarred-Juge-en.jpg 1024w, https:\/\/www.site.cdcl.xyz\/wp-content\/uploads\/2025\/06\/Actualites-france-France-Le-Chanteneur-Marocain-Saad-Lamjarred-Juge-en-300x169.jpg 300w, https:\/\/www.site.cdcl.xyz\/wp-content\/uploads\/2025\/06\/Actualites-france-France-Le-Chanteneur-Marocain-Saad-Lamjarred-Juge-en-768x432.jpg 768w\" sizes=\"(max-width: 580px) 100vw, 580px\"><\/p>\n<p><img decoding=\"async\" src=\"https:\/\/www.infodictat.fr\/blog\/wp-content\/uploads\/2025\/06\/Infos-france-France-Le-Chanteneur-Marocain-Saad-Lamjarred-Juge-en.jpg\"><br \/>Le Proc\u00e8s en Appel de Saad Lamjarred s&rsquo;ouvre ce lundi 2 juin Devant La Cour d&rsquo;assust d&rsquo;assiette d&rsquo;appel du val-de-Marne, \u00e0 l&rsquo;ESS de Paris. Le Chanteneur Marocain AVAIT \u00e9t\u00e9 condamn\u00e9 en 2023 \u00e0 six ans de prison pour les violations et les aggrav\u00e9es. ll avait \u00e9t\u00e9 rebapable D&rsquo;OVoir Viole et frappe danans une chambre d&rsquo;h\u00f4tel unene femme en 2016. Saad lamjarred avait clam\u00e9 fils innocence et fait appel de la proliate de la cour d&rsquo;abs.<\/p>\n<p>Livres sur un th\u00e8me proche:<\/p>\n<p>Atlas de la France myst\u00e9rieuse. 40 histoires vraies qui font vaciller la raison.,<a href=\"https:\/\/www.kobo.com\/fr\/fr\/ebook\/atlas-de-la-france-mysterieuse-40-histoires-vraies-qui-font-vaciller-la-raison\" target=\"_blank\" rel=\"noopener noreferrer nofollow\">Clique ICI <\/a><span><\/span>.<\/p>\n<p>Napol\u00e9on et la France guerri\u00e8re.,<a href=\"https:\/\/www.kobo.com\/fr\/fr\/ebook\/napoleon-et-la-france-guerriere-1\" target=\"_blank\" rel=\"noopener noreferrer nofollow\">Lien sur la fiche de pr\u00e9sentation<\/a><span><\/span>.<\/p>\n<p>Portrait de la France (Tome 2).,<a href=\"https:\/\/www.kobo.com\/fr\/fr\/ebook\/portrait-de-la-france-tome-2\" target=\"_blank\" rel=\"noopener noreferrer nofollow\">Redirection vers la fiche de pr\u00e9sentation de ce livre<\/a><span><\/span>.<\/p>\n<\/div>\n<p><img decoding=\"async\" class=\"wpe_imgrss\" src=\"https:\/\/www.infodictat.fr\/blog\/wp-content\/uploads\/2025\/06\/Actualites-france-France-Le-Chanteneur-Marocain-Saad-Lamjarred-Juge-en.jpg\">Vous pouvez lire ce post traitant le sujet \u00ab\u00a0La dictature num\u00e9rique\u00a0\u00bb. Il est produit par la r\u00e9daction de infodictat.fr. Le site infodictat.fr a pour objectif de publier plusieurs articles autour du sujet La dictature num\u00e9rique d\u00e9velopp\u00e9es sur le web. Cette chronique se veut g\u00e9n\u00e9r\u00e9e de la fa\u00e7on la plus juste qui soit. Pour \u00e9mettre des remarques sur ce dossier autour du sujet \u00ab\u00a0La dictature num\u00e9rique\u00a0\u00bb prenez les contacts indiqu\u00e9s sur notre site internet. En consultant r\u00e9guli\u00e8rement nos contenus de blog vous serez au courant des futures parutions.<\/p>\n","protected":false},"excerpt":{"rendered":"<p>Le Proc\u00e8s en Appel de Saad Lamjarred s&rsquo;ouvre ce lundi 2 juin Devant La Cour d&rsquo;assust d&rsquo;assiette d&rsquo;appel du val-de-Marne, \u00e0 l&rsquo;ESS de Paris. Le Chanteneur Marocain AVAIT \u00e9t\u00e9 condamn\u00e9 en 2023 \u00e0 six ans de prison pour les violations et les aggrav\u00e9es. ll avait \u00e9t\u00e9 rebapable D&rsquo;OVoir Viole et frappe danans une chambre d&rsquo;h\u00f4tel &#8230; <a title=\"Actualit\u00e9s france: France: Le Chanteneur Marocain Saad Lamjarred Jug\u00e9 en Appel verse viol\" class=\"read-more\" href=\"https:\/\/www.infodictat.fr\/blog\/actualites-france-france-le-chanteneur-marocain-saad-lamjarred-juge-en-appel-verse-viol\/\" aria-label=\"En savoir plus sur Actualit\u00e9s france: France: Le Chanteneur Marocain Saad Lamjarred Jug\u00e9 en Appel verse viol\">Lire la suite<\/a><\/p>\n","protected":false},"author":2,"featured_media":1063,"comment_status":"closed","ping_status":"closed","sticky":false,"template":"","format":"standard","meta":{"footnotes":""},"categories":[2],"tags":[],"class_list":["post-1062","post","type-post","status-publish","format-standard","has-post-thumbnail","hentry","category-la-dictature-numerique"],"yoast_head":"<!-- This site is optimized with the Yoast SEO plugin v27.5 - https:\/\/yoast.com\/product\/yoast-seo-wordpress\/ -->\n<title>Actualit\u00e9s france: France: Le Chanteneur Marocain Saad Lamjarred Jug\u00e9 en Appel verse viol - INFODICTAT<\/title>\n<meta name=\"robots\" content=\"index, follow, max-snippet:-1, max-image-preview:large, max-video-preview:-1\" \/>\n<link rel=\"canonical\" href=\"https:\/\/www.infodictat.fr\/blog\/actualites-france-france-le-chanteneur-marocain-saad-lamjarred-juge-en-appel-verse-viol\/\" \/>\n<meta property=\"og:locale\" content=\"fr_FR\" \/>\n<meta property=\"og:type\" content=\"article\" \/>\n<meta property=\"og:title\" content=\"Actualit\u00e9s france: France: Le Chanteneur Marocain Saad Lamjarred Jug\u00e9 en Appel verse viol - INFODICTAT\" \/>\n<meta property=\"og:description\" content=\"Le Proc\u00e8s en Appel de Saad Lamjarred s&rsquo;ouvre ce lundi 2 juin Devant La Cour d&rsquo;assust d&rsquo;assiette d&rsquo;appel du val-de-Marne, \u00e0 l&rsquo;ESS de Paris. Le Chanteneur Marocain AVAIT \u00e9t\u00e9 condamn\u00e9 en 2023 \u00e0 six ans de prison pour les violations et les aggrav\u00e9es. ll avait \u00e9t\u00e9 rebapable D&rsquo;OVoir Viole et frappe danans une chambre d&rsquo;h\u00f4tel ... Lire la suite\" \/>\n<meta property=\"og:url\" content=\"https:\/\/www.infodictat.fr\/blog\/actualites-france-france-le-chanteneur-marocain-saad-lamjarred-juge-en-appel-verse-viol\/\" \/>\n<meta property=\"og:site_name\" content=\"INFODICTAT\" \/>\n<meta property=\"article:published_time\" content=\"2025-06-01T12:36:28+00:00\" \/>\n<meta property=\"og:image\" content=\"https:\/\/www.infodictat.fr\/blog\/wp-content\/uploads\/2025\/06\/Actualites-france-France-Le-Chanteneur-Marocain-Saad-Lamjarred-Juge-en.jpg\" \/>\n<meta name=\"author\" content=\"Oscar BETHMONT\" \/>\n<meta name=\"twitter:card\" content=\"summary_large_image\" \/>\n<meta name=\"twitter:label1\" content=\"\u00c9crit par\" \/>\n\t<meta name=\"twitter:data1\" content=\"Oscar BETHMONT\" \/>\n\t<meta name=\"twitter:label2\" content=\"Dur\u00e9e de lecture estim\u00e9e\" \/>\n\t<meta name=\"twitter:data2\" content=\"1 minute\" \/>\n<script type=\"application\/ld+json\" class=\"yoast-schema-graph\">{\"@context\":\"https:\\\/\\\/schema.org\",\"@graph\":[{\"@type\":\"Article\",\"@id\":\"https:\\\/\\\/www.infodictat.fr\\\/blog\\\/actualites-france-france-le-chanteneur-marocain-saad-lamjarred-juge-en-appel-verse-viol\\\/#article\",\"isPartOf\":{\"@id\":\"https:\\\/\\\/www.infodictat.fr\\\/blog\\\/actualites-france-france-le-chanteneur-marocain-saad-lamjarred-juge-en-appel-verse-viol\\\/\"},\"author\":{\"name\":\"Oscar BETHMONT\",\"@id\":\"https:\\\/\\\/www.infodictat.fr\\\/blog\\\/#\\\/schema\\\/person\\\/6c2c8af0941702348e8eca9144cc1267\"},\"headline\":\"Actualit\u00e9s france: France: Le Chanteneur Marocain Saad Lamjarred Jug\u00e9 en Appel verse viol\",\"datePublished\":\"2025-06-01T12:36:28+00:00\",\"mainEntityOfPage\":{\"@id\":\"https:\\\/\\\/www.infodictat.fr\\\/blog\\\/actualites-france-france-le-chanteneur-marocain-saad-lamjarred-juge-en-appel-verse-viol\\\/\"},\"wordCount\":239,\"publisher\":{\"@id\":\"https:\\\/\\\/www.infodictat.fr\\\/blog\\\/#organization\"},\"image\":{\"@id\":\"https:\\\/\\\/www.infodictat.fr\\\/blog\\\/actualites-france-france-le-chanteneur-marocain-saad-lamjarred-juge-en-appel-verse-viol\\\/#primaryimage\"},\"thumbnailUrl\":\"https:\\\/\\\/www.infodictat.fr\\\/blog\\\/wp-content\\\/uploads\\\/2025\\\/06\\\/Actualites-france-France-Le-Chanteneur-Marocain-Saad-Lamjarred-Juge-en.jpg\",\"articleSection\":[\"La Dictature Num\u00e9rique:\"],\"inLanguage\":\"fr-FR\"},{\"@type\":\"WebPage\",\"@id\":\"https:\\\/\\\/www.infodictat.fr\\\/blog\\\/actualites-france-france-le-chanteneur-marocain-saad-lamjarred-juge-en-appel-verse-viol\\\/\",\"url\":\"https:\\\/\\\/www.infodictat.fr\\\/blog\\\/actualites-france-france-le-chanteneur-marocain-saad-lamjarred-juge-en-appel-verse-viol\\\/\",\"name\":\"Actualit\u00e9s france: France: Le Chanteneur Marocain Saad Lamjarred Jug\u00e9 en Appel verse viol - INFODICTAT\",\"isPartOf\":{\"@id\":\"https:\\\/\\\/www.infodictat.fr\\\/blog\\\/#website\"},\"primaryImageOfPage\":{\"@id\":\"https:\\\/\\\/www.infodictat.fr\\\/blog\\\/actualites-france-france-le-chanteneur-marocain-saad-lamjarred-juge-en-appel-verse-viol\\\/#primaryimage\"},\"image\":{\"@id\":\"https:\\\/\\\/www.infodictat.fr\\\/blog\\\/actualites-france-france-le-chanteneur-marocain-saad-lamjarred-juge-en-appel-verse-viol\\\/#primaryimage\"},\"thumbnailUrl\":\"https:\\\/\\\/www.infodictat.fr\\\/blog\\\/wp-content\\\/uploads\\\/2025\\\/06\\\/Actualites-france-France-Le-Chanteneur-Marocain-Saad-Lamjarred-Juge-en.jpg\",\"datePublished\":\"2025-06-01T12:36:28+00:00\",\"breadcrumb\":{\"@id\":\"https:\\\/\\\/www.infodictat.fr\\\/blog\\\/actualites-france-france-le-chanteneur-marocain-saad-lamjarred-juge-en-appel-verse-viol\\\/#breadcrumb\"},\"inLanguage\":\"fr-FR\",\"potentialAction\":[{\"@type\":\"ReadAction\",\"target\":[\"https:\\\/\\\/www.infodictat.fr\\\/blog\\\/actualites-france-france-le-chanteneur-marocain-saad-lamjarred-juge-en-appel-verse-viol\\\/\"]}]},{\"@type\":\"ImageObject\",\"inLanguage\":\"fr-FR\",\"@id\":\"https:\\\/\\\/www.infodictat.fr\\\/blog\\\/actualites-france-france-le-chanteneur-marocain-saad-lamjarred-juge-en-appel-verse-viol\\\/#primaryimage\",\"url\":\"https:\\\/\\\/www.infodictat.fr\\\/blog\\\/wp-content\\\/uploads\\\/2025\\\/06\\\/Actualites-france-France-Le-Chanteneur-Marocain-Saad-Lamjarred-Juge-en.jpg\",\"contentUrl\":\"https:\\\/\\\/www.infodictat.fr\\\/blog\\\/wp-content\\\/uploads\\\/2025\\\/06\\\/Actualites-france-France-Le-Chanteneur-Marocain-Saad-Lamjarred-Juge-en.jpg\",\"width\":1024,\"height\":576},{\"@type\":\"BreadcrumbList\",\"@id\":\"https:\\\/\\\/www.infodictat.fr\\\/blog\\\/actualites-france-france-le-chanteneur-marocain-saad-lamjarred-juge-en-appel-verse-viol\\\/#breadcrumb\",\"itemListElement\":[{\"@type\":\"ListItem\",\"position\":1,\"name\":\"Accueil\",\"item\":\"https:\\\/\\\/www.infodictat.fr\\\/blog\\\/\"},{\"@type\":\"ListItem\",\"position\":2,\"name\":\"Actualit\u00e9s france: France: Le Chanteneur Marocain Saad Lamjarred Jug\u00e9 en Appel verse viol\"}]},{\"@type\":\"WebSite\",\"@id\":\"https:\\\/\\\/www.infodictat.fr\\\/blog\\\/#website\",\"url\":\"https:\\\/\\\/www.infodictat.fr\\\/blog\\\/\",\"name\":\"INFODICTAT\",\"description\":\"La dictature num\u00e9rique.\",\"publisher\":{\"@id\":\"https:\\\/\\\/www.infodictat.fr\\\/blog\\\/#organization\"},\"potentialAction\":[{\"@type\":\"SearchAction\",\"target\":{\"@type\":\"EntryPoint\",\"urlTemplate\":\"https:\\\/\\\/www.infodictat.fr\\\/blog\\\/?s={search_term_string}\"},\"query-input\":{\"@type\":\"PropertyValueSpecification\",\"valueRequired\":true,\"valueName\":\"search_term_string\"}}],\"inLanguage\":\"fr-FR\"},{\"@type\":\"Organization\",\"@id\":\"https:\\\/\\\/www.infodictat.fr\\\/blog\\\/#organization\",\"name\":\"infodictat\",\"url\":\"https:\\\/\\\/www.infodictat.fr\\\/blog\\\/\",\"logo\":{\"@type\":\"ImageObject\",\"inLanguage\":\"fr-FR\",\"@id\":\"https:\\\/\\\/www.infodictat.fr\\\/blog\\\/#\\\/schema\\\/logo\\\/image\\\/\",\"url\":\"https:\\\/\\\/www.infodictat.fr\\\/blog\\\/wp-content\\\/uploads\\\/2023\\\/05\\\/logo-2.png\",\"contentUrl\":\"https:\\\/\\\/www.infodictat.fr\\\/blog\\\/wp-content\\\/uploads\\\/2023\\\/05\\\/logo-2.png\",\"width\":480,\"height\":596,\"caption\":\"infodictat\"},\"image\":{\"@id\":\"https:\\\/\\\/www.infodictat.fr\\\/blog\\\/#\\\/schema\\\/logo\\\/image\\\/\"}},{\"@type\":\"Person\",\"@id\":\"https:\\\/\\\/www.infodictat.fr\\\/blog\\\/#\\\/schema\\\/person\\\/6c2c8af0941702348e8eca9144cc1267\",\"name\":\"Oscar BETHMONT\",\"image\":{\"@type\":\"ImageObject\",\"inLanguage\":\"fr-FR\",\"@id\":\"https:\\\/\\\/secure.gravatar.com\\\/avatar\\\/f80ff32d67d40b919e8be190b7325be3c6cb33ce305ac1d45cadad29128e831e?s=96&d=mm&r=g\",\"url\":\"https:\\\/\\\/secure.gravatar.com\\\/avatar\\\/f80ff32d67d40b919e8be190b7325be3c6cb33ce305ac1d45cadad29128e831e?s=96&d=mm&r=g\",\"contentUrl\":\"https:\\\/\\\/secure.gravatar.com\\\/avatar\\\/f80ff32d67d40b919e8be190b7325be3c6cb33ce305ac1d45cadad29128e831e?s=96&d=mm&r=g\",\"caption\":\"Oscar BETHMONT\"},\"url\":\"https:\\\/\\\/www.infodictat.fr\\\/blog\\\/author\\\/tatoscar\\\/\"}]}<\/script>\n<!-- \/ Yoast SEO plugin. -->","yoast_head_json":{"title":"Actualit\u00e9s france: France: Le Chanteneur Marocain Saad Lamjarred Jug\u00e9 en Appel verse viol - INFODICTAT","robots":{"index":"index","follow":"follow","max-snippet":"max-snippet:-1","max-image-preview":"max-image-preview:large","max-video-preview":"max-video-preview:-1"},"canonical":"https:\/\/www.infodictat.fr\/blog\/actualites-france-france-le-chanteneur-marocain-saad-lamjarred-juge-en-appel-verse-viol\/","og_locale":"fr_FR","og_type":"article","og_title":"Actualit\u00e9s france: France: Le Chanteneur Marocain Saad Lamjarred Jug\u00e9 en Appel verse viol - INFODICTAT","og_description":"Le Proc\u00e8s en Appel de Saad Lamjarred s&rsquo;ouvre ce lundi 2 juin Devant La Cour d&rsquo;assust d&rsquo;assiette d&rsquo;appel du val-de-Marne, \u00e0 l&rsquo;ESS de Paris. Le Chanteneur Marocain AVAIT \u00e9t\u00e9 condamn\u00e9 en 2023 \u00e0 six ans de prison pour les violations et les aggrav\u00e9es. ll avait \u00e9t\u00e9 rebapable D&rsquo;OVoir Viole et frappe danans une chambre d&rsquo;h\u00f4tel ... Lire la suite","og_url":"https:\/\/www.infodictat.fr\/blog\/actualites-france-france-le-chanteneur-marocain-saad-lamjarred-juge-en-appel-verse-viol\/","og_site_name":"INFODICTAT","article_published_time":"2025-06-01T12:36:28+00:00","og_image":[{"url":"https:\/\/www.infodictat.fr\/blog\/wp-content\/uploads\/2025\/06\/Actualites-france-France-Le-Chanteneur-Marocain-Saad-Lamjarred-Juge-en.jpg","type":"","width":"","height":""}],"author":"Oscar BETHMONT","twitter_card":"summary_large_image","twitter_misc":{"\u00c9crit par":"Oscar BETHMONT","Dur\u00e9e de lecture estim\u00e9e":"1 minute"},"schema":{"@context":"https:\/\/schema.org","@graph":[{"@type":"Article","@id":"https:\/\/www.infodictat.fr\/blog\/actualites-france-france-le-chanteneur-marocain-saad-lamjarred-juge-en-appel-verse-viol\/#article","isPartOf":{"@id":"https:\/\/www.infodictat.fr\/blog\/actualites-france-france-le-chanteneur-marocain-saad-lamjarred-juge-en-appel-verse-viol\/"},"author":{"name":"Oscar BETHMONT","@id":"https:\/\/www.infodictat.fr\/blog\/#\/schema\/person\/6c2c8af0941702348e8eca9144cc1267"},"headline":"Actualit\u00e9s france: France: Le Chanteneur Marocain Saad Lamjarred Jug\u00e9 en Appel verse viol","datePublished":"2025-06-01T12:36:28+00:00","mainEntityOfPage":{"@id":"https:\/\/www.infodictat.fr\/blog\/actualites-france-france-le-chanteneur-marocain-saad-lamjarred-juge-en-appel-verse-viol\/"},"wordCount":239,"publisher":{"@id":"https:\/\/www.infodictat.fr\/blog\/#organization"},"image":{"@id":"https:\/\/www.infodictat.fr\/blog\/actualites-france-france-le-chanteneur-marocain-saad-lamjarred-juge-en-appel-verse-viol\/#primaryimage"},"thumbnailUrl":"https:\/\/www.infodictat.fr\/blog\/wp-content\/uploads\/2025\/06\/Actualites-france-France-Le-Chanteneur-Marocain-Saad-Lamjarred-Juge-en.jpg","articleSection":["La Dictature Num\u00e9rique:"],"inLanguage":"fr-FR"},{"@type":"WebPage","@id":"https:\/\/www.infodictat.fr\/blog\/actualites-france-france-le-chanteneur-marocain-saad-lamjarred-juge-en-appel-verse-viol\/","url":"https:\/\/www.infodictat.fr\/blog\/actualites-france-france-le-chanteneur-marocain-saad-lamjarred-juge-en-appel-verse-viol\/","name":"Actualit\u00e9s france: France: Le Chanteneur Marocain Saad Lamjarred Jug\u00e9 en Appel verse viol - INFODICTAT","isPartOf":{"@id":"https:\/\/www.infodictat.fr\/blog\/#website"},"primaryImageOfPage":{"@id":"https:\/\/www.infodictat.fr\/blog\/actualites-france-france-le-chanteneur-marocain-saad-lamjarred-juge-en-appel-verse-viol\/#primaryimage"},"image":{"@id":"https:\/\/www.infodictat.fr\/blog\/actualites-france-france-le-chanteneur-marocain-saad-lamjarred-juge-en-appel-verse-viol\/#primaryimage"},"thumbnailUrl":"https:\/\/www.infodictat.fr\/blog\/wp-content\/uploads\/2025\/06\/Actualites-france-France-Le-Chanteneur-Marocain-Saad-Lamjarred-Juge-en.jpg","datePublished":"2025-06-01T12:36:28+00:00","breadcrumb":{"@id":"https:\/\/www.infodictat.fr\/blog\/actualites-france-france-le-chanteneur-marocain-saad-lamjarred-juge-en-appel-verse-viol\/#breadcrumb"},"inLanguage":"fr-FR","potentialAction":[{"@type":"ReadAction","target":["https:\/\/www.infodictat.fr\/blog\/actualites-france-france-le-chanteneur-marocain-saad-lamjarred-juge-en-appel-verse-viol\/"]}]},{"@type":"ImageObject","inLanguage":"fr-FR","@id":"https:\/\/www.infodictat.fr\/blog\/actualites-france-france-le-chanteneur-marocain-saad-lamjarred-juge-en-appel-verse-viol\/#primaryimage","url":"https:\/\/www.infodictat.fr\/blog\/wp-content\/uploads\/2025\/06\/Actualites-france-France-Le-Chanteneur-Marocain-Saad-Lamjarred-Juge-en.jpg","contentUrl":"https:\/\/www.infodictat.fr\/blog\/wp-content\/uploads\/2025\/06\/Actualites-france-France-Le-Chanteneur-Marocain-Saad-Lamjarred-Juge-en.jpg","width":1024,"height":576},{"@type":"BreadcrumbList","@id":"https:\/\/www.infodictat.fr\/blog\/actualites-france-france-le-chanteneur-marocain-saad-lamjarred-juge-en-appel-verse-viol\/#breadcrumb","itemListElement":[{"@type":"ListItem","position":1,"name":"Accueil","item":"https:\/\/www.infodictat.fr\/blog\/"},{"@type":"ListItem","position":2,"name":"Actualit\u00e9s france: France: Le Chanteneur Marocain Saad Lamjarred Jug\u00e9 en Appel verse viol"}]},{"@type":"WebSite","@id":"https:\/\/www.infodictat.fr\/blog\/#website","url":"https:\/\/www.infodictat.fr\/blog\/","name":"INFODICTAT","description":"La dictature num\u00e9rique.","publisher":{"@id":"https:\/\/www.infodictat.fr\/blog\/#organization"},"potentialAction":[{"@type":"SearchAction","target":{"@type":"EntryPoint","urlTemplate":"https:\/\/www.infodictat.fr\/blog\/?s={search_term_string}"},"query-input":{"@type":"PropertyValueSpecification","valueRequired":true,"valueName":"search_term_string"}}],"inLanguage":"fr-FR"},{"@type":"Organization","@id":"https:\/\/www.infodictat.fr\/blog\/#organization","name":"infodictat","url":"https:\/\/www.infodictat.fr\/blog\/","logo":{"@type":"ImageObject","inLanguage":"fr-FR","@id":"https:\/\/www.infodictat.fr\/blog\/#\/schema\/logo\/image\/","url":"https:\/\/www.infodictat.fr\/blog\/wp-content\/uploads\/2023\/05\/logo-2.png","contentUrl":"https:\/\/www.infodictat.fr\/blog\/wp-content\/uploads\/2023\/05\/logo-2.png","width":480,"height":596,"caption":"infodictat"},"image":{"@id":"https:\/\/www.infodictat.fr\/blog\/#\/schema\/logo\/image\/"}},{"@type":"Person","@id":"https:\/\/www.infodictat.fr\/blog\/#\/schema\/person\/6c2c8af0941702348e8eca9144cc1267","name":"Oscar BETHMONT","image":{"@type":"ImageObject","inLanguage":"fr-FR","@id":"https:\/\/secure.gravatar.com\/avatar\/f80ff32d67d40b919e8be190b7325be3c6cb33ce305ac1d45cadad29128e831e?s=96&d=mm&r=g","url":"https:\/\/secure.gravatar.com\/avatar\/f80ff32d67d40b919e8be190b7325be3c6cb33ce305ac1d45cadad29128e831e?s=96&d=mm&r=g","contentUrl":"https:\/\/secure.gravatar.com\/avatar\/f80ff32d67d40b919e8be190b7325be3c6cb33ce305ac1d45cadad29128e831e?s=96&d=mm&r=g","caption":"Oscar BETHMONT"},"url":"https:\/\/www.infodictat.fr\/blog\/author\/tatoscar\/"}]}},"_links":{"self":[{"href":"https:\/\/www.infodictat.fr\/blog\/wp-json\/wp\/v2\/posts\/1062","targetHints":{"allow":["GET"]}}],"collection":[{"href":"https:\/\/www.infodictat.fr\/blog\/wp-json\/wp\/v2\/posts"}],"about":[{"href":"https:\/\/www.infodictat.fr\/blog\/wp-json\/wp\/v2\/types\/post"}],"author":[{"embeddable":true,"href":"https:\/\/www.infodictat.fr\/blog\/wp-json\/wp\/v2\/users\/2"}],"replies":[{"embeddable":true,"href":"https:\/\/www.infodictat.fr\/blog\/wp-json\/wp\/v2\/comments?post=1062"}],"version-history":[{"count":0,"href":"https:\/\/www.infodictat.fr\/blog\/wp-json\/wp\/v2\/posts\/1062\/revisions"}],"wp:featuredmedia":[{"embeddable":true,"href":"https:\/\/www.infodictat.fr\/blog\/wp-json\/wp\/v2\/media\/1063"}],"wp:attachment":[{"href":"https:\/\/www.infodictat.fr\/blog\/wp-json\/wp\/v2\/media?parent=1062"}],"wp:term":[{"taxonomy":"category","embeddable":true,"href":"https:\/\/www.infodictat.fr\/blog\/wp-json\/wp\/v2\/categories?post=1062"},{"taxonomy":"post_tag","embeddable":true,"href":"https:\/\/www.infodictat.fr\/blog\/wp-json\/wp\/v2\/tags?post=1062"}],"curies":[{"name":"wp","href":"https:\/\/api.w.org\/{rel}","templated":true}]}}